{"id":4803,"date":"2020-07-19T17:33:04","date_gmt":"2020-07-19T17:33:04","guid":{"rendered":"http:\/\/www.eldigitaldeasturias.com\/radio\/?p=4803"},"modified":"2020-07-19T17:33:04","modified_gmt":"2020-07-19T17:33:04","slug":"alemania-incrementa-prestamos-para-paises-pobres-en-la-crisis","status":"publish","type":"post","link":"https:\/\/eldigitaldeasturias.com\/radio\/alemania-incrementa-prestamos-para-paises-pobres-en-la-crisis\/","title":{"rendered":"Alemania incrementa pr\u00e9stamos para pa\u00edses pobres en la crisis"},"content":{"rendered":"<p><img fetchpriority=\"high\" decoding=\"async\" class=\"alignleft size-medium wp-image-4110\" src=\"http:\/\/www.eldigitaldeasturias.com\/radio\/wp-content\/uploads\/2020\/04\/covid-19-4960246_640-360x194.jpg\" alt=\"\" width=\"360\" height=\"194\" srcset=\"https:\/\/eldigitaldeasturias.com\/radio\/wp-content\/uploads\/2020\/04\/covid-19-4960246_640-360x194.jpg 360w, https:\/\/eldigitaldeasturias.com\/radio\/wp-content\/uploads\/2020\/04\/covid-19-4960246_640.jpg 640w\" sizes=\"(max-width: 360px) 100vw, 360px\" \/>Berl\u00edn, 18 jul (dpa) &#8211; El ministro alem\u00e1n de Finanzas, Olaf Scholz, anunci\u00f3 hoy nuevos cr\u00e9ditos con condiciones favorables por 3.000 millones de euros (3.428 millones de d\u00f3lares) para ayudar a pa\u00edses pobres a superar las dificultades de pago causadas por la pandemia de coronavirus, informaron desde el ministerio en Berl\u00edn.<\/p>\n<p>Scholz prometi\u00f3 durante una videoconferencia con colegas del Grupo de los 20 (G20) un apoyo adicional en forma de un pr\u00e9stamo a largo plazo para el programa de ayuda denominado Fondo Fiduciario para el Crecimiento y la Lucha contra la Pobreza (FFCLP) del Fondo Monetario Internacional (FMI).<\/p>\n<p>El ministerio germano detall\u00f3 que Alemania aportar\u00e1 8.700 millones de euros en 2020 y 2021 para medidas de ayuda internacional.<\/p>\n<p>\u00abEl coronavirus nos enfrenta a todo a grandes desaf\u00edos, en Alemania, en Europa y tambi\u00e9n en todo el mundo\u00bb, indic\u00f3 Scholz. \u00abAlemania asume responsabilidad en la comunidad internacional\u00bb.<\/p>\n<p>El ministro agreg\u00f3 que, con estos fondos adicionales, su pa\u00eds env\u00eda una \u00abfuerte se\u00f1al de solidaridad\u00bb, apoyando a los que est\u00e1n sufriendo duramente las consecuencias de la pandemia.<\/p>\n<p>Otros temas de la conferencia virtual de los ministros de Finanzas del G20 fueron la situaci\u00f3n de la econom\u00eda mundial y tributaci\u00f3n de la econom\u00eda digital.<\/p>\n","protected":false},"excerpt":{"rendered":"<p>Berl\u00edn, 18 jul (dpa) &#8211; El ministro alem\u00e1n de Finanzas, Olaf Scholz, anunci\u00f3 hoy nuevos cr\u00e9ditos con condiciones favorables por 3.000 millones de euros (3.428 millones de d\u00f3lares) para ayudar a pa\u00edses pobres a superar las dificultades de pago causadas por la pandemia de coronavirus, informaron desde el ministerio en Berl\u00edn. Scholz prometi\u00f3 durante una<\/p>\n","protected":false},"author":1,"featured_media":4110,"comment_status":"closed","ping_status":"closed","sticky":false,"template":"","format":"standard","meta":{"footnotes":""},"categories":[1],"tags":[],"class_list":{"0":"post-4803","1":"post","2":"type-post","3":"status-publish","4":"format-standard","5":"has-post-thumbnail","7":"category-noticias"},"aioseo_notices":[],"aioseo_head":"\n\t\t<!-- All in One SEO Pro 4.9.6.2 - aioseo.com -->\n\t<meta name=\"description\" content=\"Berl\u00edn, 18 jul (dpa) - El ministro alem\u00e1n de Finanzas, Olaf Scholz, anunci\u00f3 hoy nuevos cr\u00e9ditos con condiciones favorables por 3.000 millones de euros (3.428 millones de d\u00f3lares) para ayudar a pa\u00edses pobres a superar las dificultades de pago causadas por la pandemia de coronavirus, informaron desde el ministerio en Berl\u00edn. Scholz prometi\u00f3 durante una\" \/>\n\t<meta name=\"robots\" content=\"max-image-preview:large\" \/>\n\t<meta name=\"author\" content=\"NBAsturias\"\/>\n\t<meta name=\"google-site-verification\" content=\"UA-38556648-1\" \/>\n\t<meta name=\"keywords\" content=\"noticias\" \/>\n\t<link rel=\"canonical\" href=\"https:\/\/eldigitaldeasturias.com\/radio\/alemania-incrementa-prestamos-para-paises-pobres-en-la-crisis\/\" \/>\n\t<meta name=\"generator\" content=\"All in One SEO Pro (AIOSEO) 4.9.6.2\" \/>\n\t\t<meta property=\"og:locale\" content=\"es_ES\" \/>\n\t\t<meta property=\"og:site_name\" content=\"El Digital de Asturias | Diario de informaci\u00f3n y noticias\" \/>\n\t\t<meta property=\"og:type\" content=\"article\" \/>\n\t\t<meta property=\"og:title\" content=\"Alemania incrementa pr\u00e9stamos para pa\u00edses pobres en la crisis | El Digital de Asturias\" \/>\n\t\t<meta property=\"og:description\" content=\"Berl\u00edn, 18 jul (dpa) - El ministro alem\u00e1n de Finanzas, Olaf Scholz, anunci\u00f3 hoy nuevos cr\u00e9ditos con condiciones favorables por 3.000 millones de euros (3.428 millones de d\u00f3lares) para ayudar a pa\u00edses pobres a superar las dificultades de pago causadas por la pandemia de coronavirus, informaron desde el ministerio en Berl\u00edn. Scholz prometi\u00f3 durante una\" \/>\n\t\t<meta property=\"og:url\" content=\"https:\/\/eldigitaldeasturias.com\/radio\/alemania-incrementa-prestamos-para-paises-pobres-en-la-crisis\/\" \/>\n\t\t<meta property=\"og:image\" content=\"https:\/\/eldigitaldeasturias.com\/radio\/wp-content\/uploads\/2020\/04\/covid-19-4960246_640.jpg\" \/>\n\t\t<meta property=\"og:image:secure_url\" content=\"https:\/\/eldigitaldeasturias.com\/radio\/wp-content\/uploads\/2020\/04\/covid-19-4960246_640.jpg\" \/>\n\t\t<meta property=\"og:image:width\" content=\"640\" \/>\n\t\t<meta property=\"og:image:height\" content=\"344\" \/>\n\t\t<meta property=\"article:published_time\" content=\"2020-07-19T17:33:04+00:00\" \/>\n\t\t<meta property=\"article:modified_time\" content=\"2020-07-19T17:33:04+00:00\" \/>\n\t\t<meta name=\"twitter:card\" content=\"summary_large_image\" \/>\n\t\t<meta name=\"twitter:site\" content=\"@bercodi\" \/>\n\t\t<meta name=\"twitter:title\" content=\"Alemania incrementa pr\u00e9stamos para pa\u00edses pobres en la crisis | El Digital de Asturias\" \/>\n\t\t<meta name=\"twitter:description\" content=\"Berl\u00edn, 18 jul (dpa) - El ministro alem\u00e1n de Finanzas, Olaf Scholz, anunci\u00f3 hoy nuevos cr\u00e9ditos con condiciones favorables por 3.000 millones de euros (3.428 millones de d\u00f3lares) para ayudar a pa\u00edses pobres a superar las dificultades de pago causadas por la pandemia de coronavirus, informaron desde el ministerio en Berl\u00edn. Scholz prometi\u00f3 durante una\" \/>\n\t\t<meta name=\"twitter:creator\" content=\"@bercodi\" \/>\n\t\t<meta name=\"twitter:image\" content=\"https:\/\/eldigitaldeasturias.com\/radio\/wp-content\/uploads\/2020\/04\/covid-19-4960246_640.jpg\" \/>\n\t\t<script type=\"application\/ld+json\" class=\"aioseo-schema\">\n\t\t\t{\"@context\":\"https:\\\/\\\/schema.org\",\"@graph\":[{\"@type\":\"BreadcrumbList\",\"@id\":\"https:\\\/\\\/eldigitaldeasturias.com\\\/radio\\\/alemania-incrementa-prestamos-para-paises-pobres-en-la-crisis\\\/#breadcrumblist\",\"itemListElement\":[{\"@type\":\"ListItem\",\"@id\":\"https:\\\/\\\/eldigitaldeasturias.com\\\/radio#listItem\",\"position\":1,\"name\":\"Inicio\",\"item\":\"https:\\\/\\\/eldigitaldeasturias.com\\\/radio\",\"nextItem\":{\"@type\":\"ListItem\",\"@id\":\"https:\\\/\\\/eldigitaldeasturias.com\\\/radio\\\/category\\\/noticias\\\/#listItem\",\"name\":\"Noticias\"}},{\"@type\":\"ListItem\",\"@id\":\"https:\\\/\\\/eldigitaldeasturias.com\\\/radio\\\/category\\\/noticias\\\/#listItem\",\"position\":2,\"name\":\"Noticias\",\"item\":\"https:\\\/\\\/eldigitaldeasturias.com\\\/radio\\\/category\\\/noticias\\\/\",\"nextItem\":{\"@type\":\"ListItem\",\"@id\":\"https:\\\/\\\/eldigitaldeasturias.com\\\/radio\\\/alemania-incrementa-prestamos-para-paises-pobres-en-la-crisis\\\/#listItem\",\"name\":\"Alemania incrementa pr\\u00e9stamos para pa\\u00edses pobres en la crisis\"},\"previousItem\":{\"@type\":\"ListItem\",\"@id\":\"https:\\\/\\\/eldigitaldeasturias.com\\\/radio#listItem\",\"name\":\"Inicio\"}},{\"@type\":\"ListItem\",\"@id\":\"https:\\\/\\\/eldigitaldeasturias.com\\\/radio\\\/alemania-incrementa-prestamos-para-paises-pobres-en-la-crisis\\\/#listItem\",\"position\":3,\"name\":\"Alemania incrementa pr\\u00e9stamos para pa\\u00edses pobres en la crisis\",\"previousItem\":{\"@type\":\"ListItem\",\"@id\":\"https:\\\/\\\/eldigitaldeasturias.com\\\/radio\\\/category\\\/noticias\\\/#listItem\",\"name\":\"Noticias\"}}]},{\"@type\":\"NewsArticle\",\"@id\":\"https:\\\/\\\/eldigitaldeasturias.com\\\/radio\\\/alemania-incrementa-prestamos-para-paises-pobres-en-la-crisis\\\/#newsarticle\",\"name\":\"Alemania incrementa pr\\u00e9stamos para pa\\u00edses pobres en la crisis | El Digital de Asturias\",\"headline\":\"Alemania incrementa pr\\u00e9stamos para pa\\u00edses pobres en la crisis\",\"author\":{\"@id\":\"https:\\\/\\\/eldigitaldeasturias.com\\\/radio\\\/author\\\/nbasturias\\\/#author\"},\"publisher\":{\"@id\":\"https:\\\/\\\/eldigitaldeasturias.com\\\/radio\\\/#organization\"},\"image\":{\"@type\":\"ImageObject\",\"url\":\"https:\\\/\\\/eldigitaldeasturias.com\\\/radio\\\/wp-content\\\/uploads\\\/2020\\\/04\\\/covid-19-4960246_640.jpg\",\"width\":640,\"height\":344},\"datePublished\":\"2020-07-19T17:33:04+02:00\",\"dateModified\":\"2020-07-19T17:33:04+02:00\",\"inLanguage\":\"es-ES\",\"mainEntityOfPage\":{\"@id\":\"https:\\\/\\\/eldigitaldeasturias.com\\\/radio\\\/alemania-incrementa-prestamos-para-paises-pobres-en-la-crisis\\\/#webpage\"},\"isPartOf\":{\"@id\":\"https:\\\/\\\/eldigitaldeasturias.com\\\/radio\\\/alemania-incrementa-prestamos-para-paises-pobres-en-la-crisis\\\/#webpage\"},\"articleSection\":\"Noticias\",\"dateline\":\"Publicado el julio 19, 2020.\"},{\"@type\":\"Organization\",\"@id\":\"https:\\\/\\\/eldigitaldeasturias.com\\\/radio\\\/#organization\",\"name\":\"El digital de Asturias Radio\",\"description\":\"Diario de informaci\\u00f3n y noticias\",\"url\":\"https:\\\/\\\/eldigitaldeasturias.com\\\/radio\\\/\",\"telephone\":\"+34652131393\",\"logo\":{\"@type\":\"ImageObject\",\"url\":\"https:\\\/\\\/www.eldigitaldeasturias.com\\\/radio\\\/wp-content\\\/uploads\\\/2021\\\/03\\\/EDA.jpg\",\"@id\":\"https:\\\/\\\/eldigitaldeasturias.com\\\/radio\\\/alemania-incrementa-prestamos-para-paises-pobres-en-la-crisis\\\/#organizationLogo\"},\"image\":{\"@id\":\"https:\\\/\\\/eldigitaldeasturias.com\\\/radio\\\/alemania-incrementa-prestamos-para-paises-pobres-en-la-crisis\\\/#organizationLogo\"},\"sameAs\":[\"https:\\\/\\\/www.facebook.com\\\/\",\"https:\\\/\\\/x.com\\\/bercodi\",\"https:\\\/\\\/www.instagram.com\\\/\",\"https:\\\/\\\/www.youtube.com\\\/channel\\\/UCZP-2wLEB9Rv6erhFmqVnvg\"]},{\"@type\":\"Person\",\"@id\":\"https:\\\/\\\/eldigitaldeasturias.com\\\/radio\\\/author\\\/nbasturias\\\/#author\",\"url\":\"https:\\\/\\\/eldigitaldeasturias.com\\\/radio\\\/author\\\/nbasturias\\\/\",\"name\":\"NBAsturias\",\"image\":{\"@type\":\"ImageObject\",\"@id\":\"https:\\\/\\\/eldigitaldeasturias.com\\\/radio\\\/alemania-incrementa-prestamos-para-paises-pobres-en-la-crisis\\\/#authorImage\",\"url\":\"https:\\\/\\\/secure.gravatar.com\\\/avatar\\\/df2aeffc32bcd13f8d26072ef8a91b623d677766deac7f97ca815868cd41bf5e?s=96&d=mm&r=g\",\"width\":96,\"height\":96,\"caption\":\"NBAsturias\"}},{\"@type\":\"WebPage\",\"@id\":\"https:\\\/\\\/eldigitaldeasturias.com\\\/radio\\\/alemania-incrementa-prestamos-para-paises-pobres-en-la-crisis\\\/#webpage\",\"url\":\"https:\\\/\\\/eldigitaldeasturias.com\\\/radio\\\/alemania-incrementa-prestamos-para-paises-pobres-en-la-crisis\\\/\",\"name\":\"Alemania incrementa pr\\u00e9stamos para pa\\u00edses pobres en la crisis | El Digital de Asturias\",\"description\":\"Berl\\u00edn, 18 jul (dpa) - El ministro alem\\u00e1n de Finanzas, Olaf Scholz, anunci\\u00f3 hoy nuevos cr\\u00e9ditos con condiciones favorables por 3.000 millones de euros (3.428 millones de d\\u00f3lares) para ayudar a pa\\u00edses pobres a superar las dificultades de pago causadas por la pandemia de coronavirus, informaron desde el ministerio en Berl\\u00edn. Scholz prometi\\u00f3 durante una\",\"inLanguage\":\"es-ES\",\"isPartOf\":{\"@id\":\"https:\\\/\\\/eldigitaldeasturias.com\\\/radio\\\/#website\"},\"breadcrumb\":{\"@id\":\"https:\\\/\\\/eldigitaldeasturias.com\\\/radio\\\/alemania-incrementa-prestamos-para-paises-pobres-en-la-crisis\\\/#breadcrumblist\"},\"author\":{\"@id\":\"https:\\\/\\\/eldigitaldeasturias.com\\\/radio\\\/author\\\/nbasturias\\\/#author\"},\"creator\":{\"@id\":\"https:\\\/\\\/eldigitaldeasturias.com\\\/radio\\\/author\\\/nbasturias\\\/#author\"},\"image\":{\"@type\":\"ImageObject\",\"url\":\"https:\\\/\\\/eldigitaldeasturias.com\\\/radio\\\/wp-content\\\/uploads\\\/2020\\\/04\\\/covid-19-4960246_640.jpg\",\"@id\":\"https:\\\/\\\/eldigitaldeasturias.com\\\/radio\\\/alemania-incrementa-prestamos-para-paises-pobres-en-la-crisis\\\/#mainImage\",\"width\":640,\"height\":344},\"primaryImageOfPage\":{\"@id\":\"https:\\\/\\\/eldigitaldeasturias.com\\\/radio\\\/alemania-incrementa-prestamos-para-paises-pobres-en-la-crisis\\\/#mainImage\"},\"datePublished\":\"2020-07-19T17:33:04+02:00\",\"dateModified\":\"2020-07-19T17:33:04+02:00\"},{\"@type\":\"WebSite\",\"@id\":\"https:\\\/\\\/eldigitaldeasturias.com\\\/radio\\\/#website\",\"url\":\"https:\\\/\\\/eldigitaldeasturias.com\\\/radio\\\/\",\"name\":\"El Digital de Asturias\",\"description\":\"Diario de informaci\\u00f3n y noticias\",\"inLanguage\":\"es-ES\",\"publisher\":{\"@id\":\"https:\\\/\\\/eldigitaldeasturias.com\\\/radio\\\/#organization\"}}]}\n\t\t<\/script>\n\t\t<!-- All in One SEO Pro -->\r\n\t\t<title>Alemania incrementa pr\u00e9stamos para pa\u00edses pobres en la crisis | El Digital de Asturias<\/title>\n\n","aioseo_head_json":{"title":"Alemania incrementa pr\u00e9stamos para pa\u00edses pobres en la crisis | El Digital de Asturias","description":"Berl\u00edn, 18 jul (dpa) - El ministro alem\u00e1n de Finanzas, Olaf Scholz, anunci\u00f3 hoy nuevos cr\u00e9ditos con condiciones favorables por 3.000 millones de euros (3.428 millones de d\u00f3lares) para ayudar a pa\u00edses pobres a superar las dificultades de pago causadas por la pandemia de coronavirus, informaron desde el ministerio en Berl\u00edn. Scholz prometi\u00f3 durante una","canonical_url":"https:\/\/eldigitaldeasturias.com\/radio\/alemania-incrementa-prestamos-para-paises-pobres-en-la-crisis\/","robots":"max-image-preview:large","keywords":"noticias","webmasterTools":{"google-site-verification":"UA-38556648-1","miscellaneous":""},"schema":{"@context":"https:\/\/schema.org","@graph":[{"@type":"BreadcrumbList","@id":"https:\/\/eldigitaldeasturias.com\/radio\/alemania-incrementa-prestamos-para-paises-pobres-en-la-crisis\/#breadcrumblist","itemListElement":[{"@type":"ListItem","@id":"https:\/\/eldigitaldeasturias.com\/radio#listItem","position":1,"name":"Inicio","item":"https:\/\/eldigitaldeasturias.com\/radio","nextItem":{"@type":"ListItem","@id":"https:\/\/eldigitaldeasturias.com\/radio\/category\/noticias\/#listItem","name":"Noticias"}},{"@type":"ListItem","@id":"https:\/\/eldigitaldeasturias.com\/radio\/category\/noticias\/#listItem","position":2,"name":"Noticias","item":"https:\/\/eldigitaldeasturias.com\/radio\/category\/noticias\/","nextItem":{"@type":"ListItem","@id":"https:\/\/eldigitaldeasturias.com\/radio\/alemania-incrementa-prestamos-para-paises-pobres-en-la-crisis\/#listItem","name":"Alemania incrementa pr\u00e9stamos para pa\u00edses pobres en la crisis"},"previousItem":{"@type":"ListItem","@id":"https:\/\/eldigitaldeasturias.com\/radio#listItem","name":"Inicio"}},{"@type":"ListItem","@id":"https:\/\/eldigitaldeasturias.com\/radio\/alemania-incrementa-prestamos-para-paises-pobres-en-la-crisis\/#listItem","position":3,"name":"Alemania incrementa pr\u00e9stamos para pa\u00edses pobres en la crisis","previousItem":{"@type":"ListItem","@id":"https:\/\/eldigitaldeasturias.com\/radio\/category\/noticias\/#listItem","name":"Noticias"}}]},{"@type":"NewsArticle","@id":"https:\/\/eldigitaldeasturias.com\/radio\/alemania-incrementa-prestamos-para-paises-pobres-en-la-crisis\/#newsarticle","name":"Alemania incrementa pr\u00e9stamos para pa\u00edses pobres en la crisis | El Digital de Asturias","headline":"Alemania incrementa pr\u00e9stamos para pa\u00edses pobres en la crisis","author":{"@id":"https:\/\/eldigitaldeasturias.com\/radio\/author\/nbasturias\/#author"},"publisher":{"@id":"https:\/\/eldigitaldeasturias.com\/radio\/#organization"},"image":{"@type":"ImageObject","url":"https:\/\/eldigitaldeasturias.com\/radio\/wp-content\/uploads\/2020\/04\/covid-19-4960246_640.jpg","width":640,"height":344},"datePublished":"2020-07-19T17:33:04+02:00","dateModified":"2020-07-19T17:33:04+02:00","inLanguage":"es-ES","mainEntityOfPage":{"@id":"https:\/\/eldigitaldeasturias.com\/radio\/alemania-incrementa-prestamos-para-paises-pobres-en-la-crisis\/#webpage"},"isPartOf":{"@id":"https:\/\/eldigitaldeasturias.com\/radio\/alemania-incrementa-prestamos-para-paises-pobres-en-la-crisis\/#webpage"},"articleSection":"Noticias","dateline":"Publicado el julio 19, 2020."},{"@type":"Organization","@id":"https:\/\/eldigitaldeasturias.com\/radio\/#organization","name":"El digital de Asturias Radio","description":"Diario de informaci\u00f3n y noticias","url":"https:\/\/eldigitaldeasturias.com\/radio\/","telephone":"+34652131393","logo":{"@type":"ImageObject","url":"https:\/\/www.eldigitaldeasturias.com\/radio\/wp-content\/uploads\/2021\/03\/EDA.jpg","@id":"https:\/\/eldigitaldeasturias.com\/radio\/alemania-incrementa-prestamos-para-paises-pobres-en-la-crisis\/#organizationLogo"},"image":{"@id":"https:\/\/eldigitaldeasturias.com\/radio\/alemania-incrementa-prestamos-para-paises-pobres-en-la-crisis\/#organizationLogo"},"sameAs":["https:\/\/www.facebook.com\/","https:\/\/x.com\/bercodi","https:\/\/www.instagram.com\/","https:\/\/www.youtube.com\/channel\/UCZP-2wLEB9Rv6erhFmqVnvg"]},{"@type":"Person","@id":"https:\/\/eldigitaldeasturias.com\/radio\/author\/nbasturias\/#author","url":"https:\/\/eldigitaldeasturias.com\/radio\/author\/nbasturias\/","name":"NBAsturias","image":{"@type":"ImageObject","@id":"https:\/\/eldigitaldeasturias.com\/radio\/alemania-incrementa-prestamos-para-paises-pobres-en-la-crisis\/#authorImage","url":"https:\/\/secure.gravatar.com\/avatar\/df2aeffc32bcd13f8d26072ef8a91b623d677766deac7f97ca815868cd41bf5e?s=96&d=mm&r=g","width":96,"height":96,"caption":"NBAsturias"}},{"@type":"WebPage","@id":"https:\/\/eldigitaldeasturias.com\/radio\/alemania-incrementa-prestamos-para-paises-pobres-en-la-crisis\/#webpage","url":"https:\/\/eldigitaldeasturias.com\/radio\/alemania-incrementa-prestamos-para-paises-pobres-en-la-crisis\/","name":"Alemania incrementa pr\u00e9stamos para pa\u00edses pobres en la crisis | El Digital de Asturias","description":"Berl\u00edn, 18 jul (dpa) - El ministro alem\u00e1n de Finanzas, Olaf Scholz, anunci\u00f3 hoy nuevos cr\u00e9ditos con condiciones favorables por 3.000 millones de euros (3.428 millones de d\u00f3lares) para ayudar a pa\u00edses pobres a superar las dificultades de pago causadas por la pandemia de coronavirus, informaron desde el ministerio en Berl\u00edn. Scholz prometi\u00f3 durante una","inLanguage":"es-ES","isPartOf":{"@id":"https:\/\/eldigitaldeasturias.com\/radio\/#website"},"breadcrumb":{"@id":"https:\/\/eldigitaldeasturias.com\/radio\/alemania-incrementa-prestamos-para-paises-pobres-en-la-crisis\/#breadcrumblist"},"author":{"@id":"https:\/\/eldigitaldeasturias.com\/radio\/author\/nbasturias\/#author"},"creator":{"@id":"https:\/\/eldigitaldeasturias.com\/radio\/author\/nbasturias\/#author"},"image":{"@type":"ImageObject","url":"https:\/\/eldigitaldeasturias.com\/radio\/wp-content\/uploads\/2020\/04\/covid-19-4960246_640.jpg","@id":"https:\/\/eldigitaldeasturias.com\/radio\/alemania-incrementa-prestamos-para-paises-pobres-en-la-crisis\/#mainImage","width":640,"height":344},"primaryImageOfPage":{"@id":"https:\/\/eldigitaldeasturias.com\/radio\/alemania-incrementa-prestamos-para-paises-pobres-en-la-crisis\/#mainImage"},"datePublished":"2020-07-19T17:33:04+02:00","dateModified":"2020-07-19T17:33:04+02:00"},{"@type":"WebSite","@id":"https:\/\/eldigitaldeasturias.com\/radio\/#website","url":"https:\/\/eldigitaldeasturias.com\/radio\/","name":"El Digital de Asturias","description":"Diario de informaci\u00f3n y noticias","inLanguage":"es-ES","publisher":{"@id":"https:\/\/eldigitaldeasturias.com\/radio\/#organization"}}]},"og:locale":"es_ES","og:site_name":"El Digital de Asturias | Diario de informaci\u00f3n y noticias","og:type":"article","og:title":"Alemania incrementa pr\u00e9stamos para pa\u00edses pobres en la crisis | El Digital de Asturias","og:description":"Berl\u00edn, 18 jul (dpa) - El ministro alem\u00e1n de Finanzas, Olaf Scholz, anunci\u00f3 hoy nuevos cr\u00e9ditos con condiciones favorables por 3.000 millones de euros (3.428 millones de d\u00f3lares) para ayudar a pa\u00edses pobres a superar las dificultades de pago causadas por la pandemia de coronavirus, informaron desde el ministerio en Berl\u00edn. Scholz prometi\u00f3 durante una","og:url":"https:\/\/eldigitaldeasturias.com\/radio\/alemania-incrementa-prestamos-para-paises-pobres-en-la-crisis\/","og:image":"https:\/\/eldigitaldeasturias.com\/radio\/wp-content\/uploads\/2020\/04\/covid-19-4960246_640.jpg","og:image:secure_url":"https:\/\/eldigitaldeasturias.com\/radio\/wp-content\/uploads\/2020\/04\/covid-19-4960246_640.jpg","og:image:width":640,"og:image:height":344,"article:published_time":"2020-07-19T17:33:04+00:00","article:modified_time":"2020-07-19T17:33:04+00:00","twitter:card":"summary_large_image","twitter:site":"@bercodi","twitter:title":"Alemania incrementa pr\u00e9stamos para pa\u00edses pobres en la crisis | El Digital de Asturias","twitter:description":"Berl\u00edn, 18 jul (dpa) - El ministro alem\u00e1n de Finanzas, Olaf Scholz, anunci\u00f3 hoy nuevos cr\u00e9ditos con condiciones favorables por 3.000 millones de euros (3.428 millones de d\u00f3lares) para ayudar a pa\u00edses pobres a superar las dificultades de pago causadas por la pandemia de coronavirus, informaron desde el ministerio en Berl\u00edn. Scholz prometi\u00f3 durante una","twitter:creator":"@bercodi","twitter:image":"https:\/\/eldigitaldeasturias.com\/radio\/wp-content\/uploads\/2020\/04\/covid-19-4960246_640.jpg"},"aioseo_meta_data":{"post_id":"4803","title":null,"description":"","keywords":"","keyphrases":null,"primary_term":null,"canonical_url":"","og_title":null,"og_description":null,"og_object_type":"default","og_image_type":"default","og_image_url":null,"og_image_width":null,"og_image_height":null,"og_image_custom_url":null,"og_image_custom_fields":null,"og_video":null,"og_custom_url":null,"og_article_section":null,"og_article_tags":null,"twitter_use_og":false,"twitter_card":"default","twitter_image_type":"default","twitter_image_url":null,"twitter_image_custom_url":null,"twitter_image_custom_fields":null,"twitter_title":null,"twitter_description":null,"schema":{"blockGraphs":[],"customGraphs":[],"default":{"data":{"Article":[],"Course":[],"Dataset":[],"FAQPage":[],"Movie":[],"Person":[],"Product":[],"ProductReview":[],"Car":[],"Recipe":[],"Service":[],"SoftwareApplication":[],"WebPage":[]},"graphName":"","isEnabled":true},"graphs":[],"defaultGraph":"","defaultPostTypeGraph":""},"schema_type":null,"schema_type_options":null,"pillar_content":false,"robots_default":true,"robots_noindex":false,"robots_noarchive":false,"robots_nosnippet":false,"robots_nofollow":false,"robots_noimageindex":false,"robots_noodp":false,"robots_notranslate":false,"robots_max_snippet":null,"robots_max_videopreview":null,"robots_max_imagepreview":"large","priority":null,"frequency":null,"location":null,"local_seo":null,"seo_analyzer_scan_date":"2025-08-28 16:44:29","breadcrumb_settings":null,"limit_modified_date":false,"open_ai":null,"ai":null,"created":"2021-03-27 13:44:45","updated":"2025-08-28 16:44:29"},"aioseo_breadcrumb":"<div class=\"aioseo-breadcrumbs\"><span class=\"aioseo-breadcrumb\">\n\t<a href=\"https:\/\/eldigitaldeasturias.com\/radio\" title=\"Inicio\">Inicio<\/a>\n<\/span><span class=\"aioseo-breadcrumb-separator\">&ndash;<\/span><span class=\"aioseo-breadcrumb\">\n\t<a href=\"https:\/\/eldigitaldeasturias.com\/radio\/category\/noticias\/\" title=\"Noticias\">Noticias<\/a>\n<\/span><span class=\"aioseo-breadcrumb-separator\">&ndash;<\/span><span class=\"aioseo-breadcrumb\">\n\tAlemania incrementa pr\u00e9stamos para pa\u00edses pobres en la crisis\n<\/span><\/div>","aioseo_breadcrumb_json":[{"label":"Inicio","link":"https:\/\/eldigitaldeasturias.com\/radio"},{"label":"Noticias","link":"https:\/\/eldigitaldeasturias.com\/radio\/category\/noticias\/"},{"label":"Alemania incrementa pr\u00e9stamos para pa\u00edses pobres en la crisis","link":"https:\/\/eldigitaldeasturias.com\/radio\/alemania-incrementa-prestamos-para-paises-pobres-en-la-crisis\/"}],"_links":{"self":[{"href":"https:\/\/eldigitaldeasturias.com\/radio\/wp-json\/wp\/v2\/posts\/4803","targetHints":{"allow":["GET"]}}],"collection":[{"href":"https:\/\/eldigitaldeasturias.com\/radio\/wp-json\/wp\/v2\/posts"}],"about":[{"href":"https:\/\/eldigitaldeasturias.com\/radio\/wp-json\/wp\/v2\/types\/post"}],"author":[{"embeddable":true,"href":"https:\/\/eldigitaldeasturias.com\/radio\/wp-json\/wp\/v2\/users\/1"}],"replies":[{"embeddable":true,"href":"https:\/\/eldigitaldeasturias.com\/radio\/wp-json\/wp\/v2\/comments?post=4803"}],"version-history":[{"count":0,"href":"https:\/\/eldigitaldeasturias.com\/radio\/wp-json\/wp\/v2\/posts\/4803\/revisions"}],"wp:featuredmedia":[{"embeddable":true,"href":"https:\/\/eldigitaldeasturias.com\/radio\/wp-json\/wp\/v2\/media\/4110"}],"wp:attachment":[{"href":"https:\/\/eldigitaldeasturias.com\/radio\/wp-json\/wp\/v2\/media?parent=4803"}],"wp:term":[{"taxonomy":"category","embeddable":true,"href":"https:\/\/eldigitaldeasturias.com\/radio\/wp-json\/wp\/v2\/categories?post=4803"},{"taxonomy":"post_tag","embeddable":true,"href":"https:\/\/eldigitaldeasturias.com\/radio\/wp-json\/wp\/v2\/tags?post=4803"}],"curies":[{"name":"wp","href":"https:\/\/api.w.org\/{rel}","templated":true}]}}