{"id":4801,"date":"2020-07-19T17:32:07","date_gmt":"2020-07-19T17:32:07","guid":{"rendered":"http:\/\/www.eldigitaldeasturias.com\/radio\/?p=4801"},"modified":"2020-07-19T17:32:07","modified_gmt":"2020-07-19T17:32:07","slug":"gobierno-aleman-se-ve-bajo-presion-por-escandalo-de-wirecard","status":"publish","type":"post","link":"https:\/\/eldigitaldeasturias.com\/radio\/gobierno-aleman-se-ve-bajo-presion-por-escandalo-de-wirecard\/","title":{"rendered":"Gobierno alem\u00e1n se ve bajo presi\u00f3n por esc\u00e1ndalo de Wirecard"},"content":{"rendered":"<p><img fetchpriority=\"high\" decoding=\"async\" class=\"alignleft size-medium wp-image-1439\" src=\"http:\/\/www.eldigitaldeasturias.com\/radio\/wp-content\/uploads\/2018\/10\/berlin-76509_960_720-360x270.jpg\" alt=\"\" width=\"360\" height=\"270\" srcset=\"https:\/\/eldigitaldeasturias.com\/radio\/wp-content\/uploads\/2018\/10\/berlin-76509_960_720-360x270.jpg 360w, https:\/\/eldigitaldeasturias.com\/radio\/wp-content\/uploads\/2018\/10\/berlin-76509_960_720-768x576.jpg 768w, https:\/\/eldigitaldeasturias.com\/radio\/wp-content\/uploads\/2018\/10\/berlin-76509_960_720.jpg 960w\" sizes=\"(max-width: 360px) 100vw, 360px\" \/>Berl\u00edn, 18 jul (dpa) &#8211; Miembros de la oposici\u00f3n en Alemania pidieron hoy que se investigue a fondo el esc\u00e1ndalo de la empresa Wirecard, dado que un informe se\u00f1ala que el Gobierno apoy\u00f3 al proveedor de servicios de pago digital en 2019 a pesar de una investigaci\u00f3n por parte de la entidad de control financiero del pa\u00eds.<\/p>\n<p>El ministro alem\u00e1n de Finanzas, Olaf Scholz, estaba al tanto de una investigaci\u00f3n de la Oficina de Vigilancia de Servicios Financieros (BaFin) sobre Wirecard por sospecha de manipulaci\u00f3n del mercado que se realiz\u00f3 en febrero de 2019, confirm\u00f3 un informe del ministerio.<\/p>\n<p>No obstante, seg\u00fan indic\u00f3 el semanario \u00abDer Spiegel\u00bb, la Canciller\u00eda intercedi\u00f3 a favor de la empresa en septiembre de 2019 antes de un viaje de la jefa del Gobierno, Angela Merkel, a China, despu\u00e9s de que la mandataria hablara con el ex ministro de econom\u00eda Karl-Theodor zu Guttenberg, quien asesoraba a Wirecard.<\/p>\n<p>Guttenberg envi\u00f3 luego un correo electr\u00f3nico a Lars-Hendrik R\u00f6ller, jefe del departamento de pol\u00edtica econ\u00f3mica, financiera y energ\u00e9tica de la Canciller\u00eda, para pedirle apoyo antes de la entrada prevista de Wirecard en el mercado chino.<\/p>\n<p>Una portavoz gubernamental inform\u00f3 que R\u00f6ller respondi\u00f3 diciendo que el tema fue planteado durante la visita a China y que se prometi\u00f3 m\u00e1s apoyo, ya que comprometerse en favor de empresas alemanas es algo habitual en los viajes del Gobierno.<\/p>\n<p>Wirecard se sumi\u00f3 en una crisis el mes pasado cuando los auditores se\u00f1alaron un enorme agujero de 1.900 millones de euros (2.100 millones de d\u00f3lares) en sus cuentas, lo que provoc\u00f3 la ca\u00edda en picado de las acciones.<\/p>\n<p>Miembros del partido Partido Liberal (FDP) exigieron una reuni\u00f3n especial del comit\u00e9 de supervisi\u00f3n financiera. \u00abLo que comenz\u00f3 como un esc\u00e1ndalo financiero, ha salpicado de lleno al Gobierno\u00bb, apunt\u00f3 Florian Troncar, portavoz de los liberales.<\/p>\n<p>La demanda tuvo eco en el espectro pol\u00edtico de la oposici\u00f3n, ya que miembros de Los Verdes y La Izquierda tambi\u00e9n se mostraron partidarios de hacer una investigaci\u00f3n.<\/p>\n<p>&nbsp;<\/p>\n","protected":false},"excerpt":{"rendered":"<p>Berl\u00edn, 18 jul (dpa) &#8211; Miembros de la oposici\u00f3n en Alemania pidieron hoy que se investigue a fondo el esc\u00e1ndalo de la empresa Wirecard, dado que un informe se\u00f1ala que el Gobierno apoy\u00f3 al proveedor de servicios de pago digital en 2019 a pesar de una investigaci\u00f3n por parte de la entidad de control financiero<\/p>\n","protected":false},"author":1,"featured_media":1439,"comment_status":"closed","ping_status":"closed","sticky":false,"template":"","format":"standard","meta":{"footnotes":""},"categories":[1],"tags":[],"class_list":{"0":"post-4801","1":"post","2":"type-post","3":"status-publish","4":"format-standard","5":"has-post-thumbnail","7":"category-noticias"},"aioseo_notices":[],"aioseo_head":"\n\t\t<!-- All in One SEO Pro 4.9.6.2 - aioseo.com -->\n\t<meta name=\"description\" content=\"Berl\u00edn, 18 jul (dpa) - Miembros de la oposici\u00f3n en Alemania pidieron hoy que se investigue a fondo el esc\u00e1ndalo de la empresa Wirecard, dado que un informe se\u00f1ala que el Gobierno apoy\u00f3 al proveedor de servicios de pago digital en 2019 a pesar de una investigaci\u00f3n por parte de la entidad de control financiero\" \/>\n\t<meta name=\"robots\" content=\"max-image-preview:large\" \/>\n\t<meta name=\"author\" content=\"NBAsturias\"\/>\n\t<meta name=\"google-site-verification\" content=\"UA-38556648-1\" \/>\n\t<meta name=\"keywords\" content=\"noticias\" \/>\n\t<link rel=\"canonical\" href=\"https:\/\/eldigitaldeasturias.com\/radio\/gobierno-aleman-se-ve-bajo-presion-por-escandalo-de-wirecard\/\" \/>\n\t<meta name=\"generator\" content=\"All in One SEO Pro (AIOSEO) 4.9.6.2\" \/>\n\t\t<meta property=\"og:locale\" content=\"es_ES\" \/>\n\t\t<meta property=\"og:site_name\" content=\"El Digital de Asturias | Diario de informaci\u00f3n y noticias\" \/>\n\t\t<meta property=\"og:type\" content=\"article\" \/>\n\t\t<meta property=\"og:title\" content=\"Gobierno alem\u00e1n se ve bajo presi\u00f3n por esc\u00e1ndalo de Wirecard | El Digital de Asturias\" \/>\n\t\t<meta property=\"og:description\" content=\"Berl\u00edn, 18 jul (dpa) - Miembros de la oposici\u00f3n en Alemania pidieron hoy que se investigue a fondo el esc\u00e1ndalo de la empresa Wirecard, dado que un informe se\u00f1ala que el Gobierno apoy\u00f3 al proveedor de servicios de pago digital en 2019 a pesar de una investigaci\u00f3n por parte de la entidad de control financiero\" \/>\n\t\t<meta property=\"og:url\" content=\"https:\/\/eldigitaldeasturias.com\/radio\/gobierno-aleman-se-ve-bajo-presion-por-escandalo-de-wirecard\/\" \/>\n\t\t<meta property=\"og:image\" content=\"https:\/\/eldigitaldeasturias.com\/radio\/wp-content\/uploads\/2018\/10\/berlin-76509_960_720.jpg\" \/>\n\t\t<meta property=\"og:image:secure_url\" content=\"https:\/\/eldigitaldeasturias.com\/radio\/wp-content\/uploads\/2018\/10\/berlin-76509_960_720.jpg\" \/>\n\t\t<meta property=\"og:image:width\" content=\"960\" \/>\n\t\t<meta property=\"og:image:height\" content=\"720\" \/>\n\t\t<meta property=\"article:published_time\" content=\"2020-07-19T17:32:07+00:00\" \/>\n\t\t<meta property=\"article:modified_time\" content=\"2020-07-19T17:32:07+00:00\" \/>\n\t\t<meta name=\"twitter:card\" content=\"summary_large_image\" \/>\n\t\t<meta name=\"twitter:site\" content=\"@bercodi\" \/>\n\t\t<meta name=\"twitter:title\" content=\"Gobierno alem\u00e1n se ve bajo presi\u00f3n por esc\u00e1ndalo de Wirecard | El Digital de Asturias\" \/>\n\t\t<meta name=\"twitter:description\" content=\"Berl\u00edn, 18 jul (dpa) - Miembros de la oposici\u00f3n en Alemania pidieron hoy que se investigue a fondo el esc\u00e1ndalo de la empresa Wirecard, dado que un informe se\u00f1ala que el Gobierno apoy\u00f3 al proveedor de servicios de pago digital en 2019 a pesar de una investigaci\u00f3n por parte de la entidad de control financiero\" \/>\n\t\t<meta name=\"twitter:creator\" content=\"@bercodi\" \/>\n\t\t<meta name=\"twitter:image\" content=\"https:\/\/eldigitaldeasturias.com\/radio\/wp-content\/uploads\/2018\/10\/berlin-76509_960_720.jpg\" \/>\n\t\t<script type=\"application\/ld+json\" class=\"aioseo-schema\">\n\t\t\t{\"@context\":\"https:\\\/\\\/schema.org\",\"@graph\":[{\"@type\":\"BreadcrumbList\",\"@id\":\"https:\\\/\\\/eldigitaldeasturias.com\\\/radio\\\/gobierno-aleman-se-ve-bajo-presion-por-escandalo-de-wirecard\\\/#breadcrumblist\",\"itemListElement\":[{\"@type\":\"ListItem\",\"@id\":\"https:\\\/\\\/eldigitaldeasturias.com\\\/radio#listItem\",\"position\":1,\"name\":\"Inicio\",\"item\":\"https:\\\/\\\/eldigitaldeasturias.com\\\/radio\",\"nextItem\":{\"@type\":\"ListItem\",\"@id\":\"https:\\\/\\\/eldigitaldeasturias.com\\\/radio\\\/category\\\/noticias\\\/#listItem\",\"name\":\"Noticias\"}},{\"@type\":\"ListItem\",\"@id\":\"https:\\\/\\\/eldigitaldeasturias.com\\\/radio\\\/category\\\/noticias\\\/#listItem\",\"position\":2,\"name\":\"Noticias\",\"item\":\"https:\\\/\\\/eldigitaldeasturias.com\\\/radio\\\/category\\\/noticias\\\/\",\"nextItem\":{\"@type\":\"ListItem\",\"@id\":\"https:\\\/\\\/eldigitaldeasturias.com\\\/radio\\\/gobierno-aleman-se-ve-bajo-presion-por-escandalo-de-wirecard\\\/#listItem\",\"name\":\"Gobierno alem\\u00e1n se ve bajo presi\\u00f3n por esc\\u00e1ndalo de Wirecard\"},\"previousItem\":{\"@type\":\"ListItem\",\"@id\":\"https:\\\/\\\/eldigitaldeasturias.com\\\/radio#listItem\",\"name\":\"Inicio\"}},{\"@type\":\"ListItem\",\"@id\":\"https:\\\/\\\/eldigitaldeasturias.com\\\/radio\\\/gobierno-aleman-se-ve-bajo-presion-por-escandalo-de-wirecard\\\/#listItem\",\"position\":3,\"name\":\"Gobierno alem\\u00e1n se ve bajo presi\\u00f3n por esc\\u00e1ndalo de Wirecard\",\"previousItem\":{\"@type\":\"ListItem\",\"@id\":\"https:\\\/\\\/eldigitaldeasturias.com\\\/radio\\\/category\\\/noticias\\\/#listItem\",\"name\":\"Noticias\"}}]},{\"@type\":\"NewsArticle\",\"@id\":\"https:\\\/\\\/eldigitaldeasturias.com\\\/radio\\\/gobierno-aleman-se-ve-bajo-presion-por-escandalo-de-wirecard\\\/#newsarticle\",\"name\":\"Gobierno alem\\u00e1n se ve bajo presi\\u00f3n por esc\\u00e1ndalo de Wirecard | El Digital de Asturias\",\"headline\":\"Gobierno alem\\u00e1n se ve bajo presi\\u00f3n por esc\\u00e1ndalo de Wirecard\",\"author\":{\"@id\":\"https:\\\/\\\/eldigitaldeasturias.com\\\/radio\\\/author\\\/nbasturias\\\/#author\"},\"publisher\":{\"@id\":\"https:\\\/\\\/eldigitaldeasturias.com\\\/radio\\\/#organization\"},\"image\":{\"@type\":\"ImageObject\",\"url\":\"https:\\\/\\\/eldigitaldeasturias.com\\\/radio\\\/wp-content\\\/uploads\\\/2018\\\/10\\\/berlin-76509_960_720.jpg\",\"width\":960,\"height\":720},\"datePublished\":\"2020-07-19T17:32:07+02:00\",\"dateModified\":\"2020-07-19T17:32:07+02:00\",\"inLanguage\":\"es-ES\",\"mainEntityOfPage\":{\"@id\":\"https:\\\/\\\/eldigitaldeasturias.com\\\/radio\\\/gobierno-aleman-se-ve-bajo-presion-por-escandalo-de-wirecard\\\/#webpage\"},\"isPartOf\":{\"@id\":\"https:\\\/\\\/eldigitaldeasturias.com\\\/radio\\\/gobierno-aleman-se-ve-bajo-presion-por-escandalo-de-wirecard\\\/#webpage\"},\"articleSection\":\"Noticias\",\"dateline\":\"Publicado el julio 19, 2020.\"},{\"@type\":\"Organization\",\"@id\":\"https:\\\/\\\/eldigitaldeasturias.com\\\/radio\\\/#organization\",\"name\":\"El digital de Asturias Radio\",\"description\":\"Diario de informaci\\u00f3n y noticias\",\"url\":\"https:\\\/\\\/eldigitaldeasturias.com\\\/radio\\\/\",\"telephone\":\"+34652131393\",\"logo\":{\"@type\":\"ImageObject\",\"url\":\"https:\\\/\\\/www.eldigitaldeasturias.com\\\/radio\\\/wp-content\\\/uploads\\\/2021\\\/03\\\/EDA.jpg\",\"@id\":\"https:\\\/\\\/eldigitaldeasturias.com\\\/radio\\\/gobierno-aleman-se-ve-bajo-presion-por-escandalo-de-wirecard\\\/#organizationLogo\"},\"image\":{\"@id\":\"https:\\\/\\\/eldigitaldeasturias.com\\\/radio\\\/gobierno-aleman-se-ve-bajo-presion-por-escandalo-de-wirecard\\\/#organizationLogo\"},\"sameAs\":[\"https:\\\/\\\/www.facebook.com\\\/\",\"https:\\\/\\\/x.com\\\/bercodi\",\"https:\\\/\\\/www.instagram.com\\\/\",\"https:\\\/\\\/www.youtube.com\\\/channel\\\/UCZP-2wLEB9Rv6erhFmqVnvg\"]},{\"@type\":\"Person\",\"@id\":\"https:\\\/\\\/eldigitaldeasturias.com\\\/radio\\\/author\\\/nbasturias\\\/#author\",\"url\":\"https:\\\/\\\/eldigitaldeasturias.com\\\/radio\\\/author\\\/nbasturias\\\/\",\"name\":\"NBAsturias\",\"image\":{\"@type\":\"ImageObject\",\"@id\":\"https:\\\/\\\/eldigitaldeasturias.com\\\/radio\\\/gobierno-aleman-se-ve-bajo-presion-por-escandalo-de-wirecard\\\/#authorImage\",\"url\":\"https:\\\/\\\/secure.gravatar.com\\\/avatar\\\/df2aeffc32bcd13f8d26072ef8a91b623d677766deac7f97ca815868cd41bf5e?s=96&d=mm&r=g\",\"width\":96,\"height\":96,\"caption\":\"NBAsturias\"}},{\"@type\":\"WebPage\",\"@id\":\"https:\\\/\\\/eldigitaldeasturias.com\\\/radio\\\/gobierno-aleman-se-ve-bajo-presion-por-escandalo-de-wirecard\\\/#webpage\",\"url\":\"https:\\\/\\\/eldigitaldeasturias.com\\\/radio\\\/gobierno-aleman-se-ve-bajo-presion-por-escandalo-de-wirecard\\\/\",\"name\":\"Gobierno alem\\u00e1n se ve bajo presi\\u00f3n por esc\\u00e1ndalo de Wirecard | El Digital de Asturias\",\"description\":\"Berl\\u00edn, 18 jul (dpa) - Miembros de la oposici\\u00f3n en Alemania pidieron hoy que se investigue a fondo el esc\\u00e1ndalo de la empresa Wirecard, dado que un informe se\\u00f1ala que el Gobierno apoy\\u00f3 al proveedor de servicios de pago digital en 2019 a pesar de una investigaci\\u00f3n por parte de la entidad de control financiero\",\"inLanguage\":\"es-ES\",\"isPartOf\":{\"@id\":\"https:\\\/\\\/eldigitaldeasturias.com\\\/radio\\\/#website\"},\"breadcrumb\":{\"@id\":\"https:\\\/\\\/eldigitaldeasturias.com\\\/radio\\\/gobierno-aleman-se-ve-bajo-presion-por-escandalo-de-wirecard\\\/#breadcrumblist\"},\"author\":{\"@id\":\"https:\\\/\\\/eldigitaldeasturias.com\\\/radio\\\/author\\\/nbasturias\\\/#author\"},\"creator\":{\"@id\":\"https:\\\/\\\/eldigitaldeasturias.com\\\/radio\\\/author\\\/nbasturias\\\/#author\"},\"image\":{\"@type\":\"ImageObject\",\"url\":\"https:\\\/\\\/eldigitaldeasturias.com\\\/radio\\\/wp-content\\\/uploads\\\/2018\\\/10\\\/berlin-76509_960_720.jpg\",\"@id\":\"https:\\\/\\\/eldigitaldeasturias.com\\\/radio\\\/gobierno-aleman-se-ve-bajo-presion-por-escandalo-de-wirecard\\\/#mainImage\",\"width\":960,\"height\":720},\"primaryImageOfPage\":{\"@id\":\"https:\\\/\\\/eldigitaldeasturias.com\\\/radio\\\/gobierno-aleman-se-ve-bajo-presion-por-escandalo-de-wirecard\\\/#mainImage\"},\"datePublished\":\"2020-07-19T17:32:07+02:00\",\"dateModified\":\"2020-07-19T17:32:07+02:00\"},{\"@type\":\"WebSite\",\"@id\":\"https:\\\/\\\/eldigitaldeasturias.com\\\/radio\\\/#website\",\"url\":\"https:\\\/\\\/eldigitaldeasturias.com\\\/radio\\\/\",\"name\":\"El Digital de Asturias\",\"description\":\"Diario de informaci\\u00f3n y noticias\",\"inLanguage\":\"es-ES\",\"publisher\":{\"@id\":\"https:\\\/\\\/eldigitaldeasturias.com\\\/radio\\\/#organization\"}}]}\n\t\t<\/script>\n\t\t<!-- All in One SEO Pro -->\r\n\t\t<title>Gobierno alem\u00e1n se ve bajo presi\u00f3n por esc\u00e1ndalo de Wirecard | El Digital de Asturias<\/title>\n\n","aioseo_head_json":{"title":"Gobierno alem\u00e1n se ve bajo presi\u00f3n por esc\u00e1ndalo de Wirecard | El Digital de Asturias","description":"Berl\u00edn, 18 jul (dpa) - Miembros de la oposici\u00f3n en Alemania pidieron hoy que se investigue a fondo el esc\u00e1ndalo de la empresa Wirecard, dado que un informe se\u00f1ala que el Gobierno apoy\u00f3 al proveedor de servicios de pago digital en 2019 a pesar de una investigaci\u00f3n por parte de la entidad de control financiero","canonical_url":"https:\/\/eldigitaldeasturias.com\/radio\/gobierno-aleman-se-ve-bajo-presion-por-escandalo-de-wirecard\/","robots":"max-image-preview:large","keywords":"noticias","webmasterTools":{"google-site-verification":"UA-38556648-1","miscellaneous":""},"schema":{"@context":"https:\/\/schema.org","@graph":[{"@type":"BreadcrumbList","@id":"https:\/\/eldigitaldeasturias.com\/radio\/gobierno-aleman-se-ve-bajo-presion-por-escandalo-de-wirecard\/#breadcrumblist","itemListElement":[{"@type":"ListItem","@id":"https:\/\/eldigitaldeasturias.com\/radio#listItem","position":1,"name":"Inicio","item":"https:\/\/eldigitaldeasturias.com\/radio","nextItem":{"@type":"ListItem","@id":"https:\/\/eldigitaldeasturias.com\/radio\/category\/noticias\/#listItem","name":"Noticias"}},{"@type":"ListItem","@id":"https:\/\/eldigitaldeasturias.com\/radio\/category\/noticias\/#listItem","position":2,"name":"Noticias","item":"https:\/\/eldigitaldeasturias.com\/radio\/category\/noticias\/","nextItem":{"@type":"ListItem","@id":"https:\/\/eldigitaldeasturias.com\/radio\/gobierno-aleman-se-ve-bajo-presion-por-escandalo-de-wirecard\/#listItem","name":"Gobierno alem\u00e1n se ve bajo presi\u00f3n por esc\u00e1ndalo de Wirecard"},"previousItem":{"@type":"ListItem","@id":"https:\/\/eldigitaldeasturias.com\/radio#listItem","name":"Inicio"}},{"@type":"ListItem","@id":"https:\/\/eldigitaldeasturias.com\/radio\/gobierno-aleman-se-ve-bajo-presion-por-escandalo-de-wirecard\/#listItem","position":3,"name":"Gobierno alem\u00e1n se ve bajo presi\u00f3n por esc\u00e1ndalo de Wirecard","previousItem":{"@type":"ListItem","@id":"https:\/\/eldigitaldeasturias.com\/radio\/category\/noticias\/#listItem","name":"Noticias"}}]},{"@type":"NewsArticle","@id":"https:\/\/eldigitaldeasturias.com\/radio\/gobierno-aleman-se-ve-bajo-presion-por-escandalo-de-wirecard\/#newsarticle","name":"Gobierno alem\u00e1n se ve bajo presi\u00f3n por esc\u00e1ndalo de Wirecard | El Digital de Asturias","headline":"Gobierno alem\u00e1n se ve bajo presi\u00f3n por esc\u00e1ndalo de Wirecard","author":{"@id":"https:\/\/eldigitaldeasturias.com\/radio\/author\/nbasturias\/#author"},"publisher":{"@id":"https:\/\/eldigitaldeasturias.com\/radio\/#organization"},"image":{"@type":"ImageObject","url":"https:\/\/eldigitaldeasturias.com\/radio\/wp-content\/uploads\/2018\/10\/berlin-76509_960_720.jpg","width":960,"height":720},"datePublished":"2020-07-19T17:32:07+02:00","dateModified":"2020-07-19T17:32:07+02:00","inLanguage":"es-ES","mainEntityOfPage":{"@id":"https:\/\/eldigitaldeasturias.com\/radio\/gobierno-aleman-se-ve-bajo-presion-por-escandalo-de-wirecard\/#webpage"},"isPartOf":{"@id":"https:\/\/eldigitaldeasturias.com\/radio\/gobierno-aleman-se-ve-bajo-presion-por-escandalo-de-wirecard\/#webpage"},"articleSection":"Noticias","dateline":"Publicado el julio 19, 2020."},{"@type":"Organization","@id":"https:\/\/eldigitaldeasturias.com\/radio\/#organization","name":"El digital de Asturias Radio","description":"Diario de informaci\u00f3n y noticias","url":"https:\/\/eldigitaldeasturias.com\/radio\/","telephone":"+34652131393","logo":{"@type":"ImageObject","url":"https:\/\/www.eldigitaldeasturias.com\/radio\/wp-content\/uploads\/2021\/03\/EDA.jpg","@id":"https:\/\/eldigitaldeasturias.com\/radio\/gobierno-aleman-se-ve-bajo-presion-por-escandalo-de-wirecard\/#organizationLogo"},"image":{"@id":"https:\/\/eldigitaldeasturias.com\/radio\/gobierno-aleman-se-ve-bajo-presion-por-escandalo-de-wirecard\/#organizationLogo"},"sameAs":["https:\/\/www.facebook.com\/","https:\/\/x.com\/bercodi","https:\/\/www.instagram.com\/","https:\/\/www.youtube.com\/channel\/UCZP-2wLEB9Rv6erhFmqVnvg"]},{"@type":"Person","@id":"https:\/\/eldigitaldeasturias.com\/radio\/author\/nbasturias\/#author","url":"https:\/\/eldigitaldeasturias.com\/radio\/author\/nbasturias\/","name":"NBAsturias","image":{"@type":"ImageObject","@id":"https:\/\/eldigitaldeasturias.com\/radio\/gobierno-aleman-se-ve-bajo-presion-por-escandalo-de-wirecard\/#authorImage","url":"https:\/\/secure.gravatar.com\/avatar\/df2aeffc32bcd13f8d26072ef8a91b623d677766deac7f97ca815868cd41bf5e?s=96&d=mm&r=g","width":96,"height":96,"caption":"NBAsturias"}},{"@type":"WebPage","@id":"https:\/\/eldigitaldeasturias.com\/radio\/gobierno-aleman-se-ve-bajo-presion-por-escandalo-de-wirecard\/#webpage","url":"https:\/\/eldigitaldeasturias.com\/radio\/gobierno-aleman-se-ve-bajo-presion-por-escandalo-de-wirecard\/","name":"Gobierno alem\u00e1n se ve bajo presi\u00f3n por esc\u00e1ndalo de Wirecard | El Digital de Asturias","description":"Berl\u00edn, 18 jul (dpa) - Miembros de la oposici\u00f3n en Alemania pidieron hoy que se investigue a fondo el esc\u00e1ndalo de la empresa Wirecard, dado que un informe se\u00f1ala que el Gobierno apoy\u00f3 al proveedor de servicios de pago digital en 2019 a pesar de una investigaci\u00f3n por parte de la entidad de control financiero","inLanguage":"es-ES","isPartOf":{"@id":"https:\/\/eldigitaldeasturias.com\/radio\/#website"},"breadcrumb":{"@id":"https:\/\/eldigitaldeasturias.com\/radio\/gobierno-aleman-se-ve-bajo-presion-por-escandalo-de-wirecard\/#breadcrumblist"},"author":{"@id":"https:\/\/eldigitaldeasturias.com\/radio\/author\/nbasturias\/#author"},"creator":{"@id":"https:\/\/eldigitaldeasturias.com\/radio\/author\/nbasturias\/#author"},"image":{"@type":"ImageObject","url":"https:\/\/eldigitaldeasturias.com\/radio\/wp-content\/uploads\/2018\/10\/berlin-76509_960_720.jpg","@id":"https:\/\/eldigitaldeasturias.com\/radio\/gobierno-aleman-se-ve-bajo-presion-por-escandalo-de-wirecard\/#mainImage","width":960,"height":720},"primaryImageOfPage":{"@id":"https:\/\/eldigitaldeasturias.com\/radio\/gobierno-aleman-se-ve-bajo-presion-por-escandalo-de-wirecard\/#mainImage"},"datePublished":"2020-07-19T17:32:07+02:00","dateModified":"2020-07-19T17:32:07+02:00"},{"@type":"WebSite","@id":"https:\/\/eldigitaldeasturias.com\/radio\/#website","url":"https:\/\/eldigitaldeasturias.com\/radio\/","name":"El Digital de Asturias","description":"Diario de informaci\u00f3n y noticias","inLanguage":"es-ES","publisher":{"@id":"https:\/\/eldigitaldeasturias.com\/radio\/#organization"}}]},"og:locale":"es_ES","og:site_name":"El Digital de Asturias | Diario de informaci\u00f3n y noticias","og:type":"article","og:title":"Gobierno alem\u00e1n se ve bajo presi\u00f3n por esc\u00e1ndalo de Wirecard | El Digital de Asturias","og:description":"Berl\u00edn, 18 jul (dpa) - Miembros de la oposici\u00f3n en Alemania pidieron hoy que se investigue a fondo el esc\u00e1ndalo de la empresa Wirecard, dado que un informe se\u00f1ala que el Gobierno apoy\u00f3 al proveedor de servicios de pago digital en 2019 a pesar de una investigaci\u00f3n por parte de la entidad de control financiero","og:url":"https:\/\/eldigitaldeasturias.com\/radio\/gobierno-aleman-se-ve-bajo-presion-por-escandalo-de-wirecard\/","og:image":"https:\/\/eldigitaldeasturias.com\/radio\/wp-content\/uploads\/2018\/10\/berlin-76509_960_720.jpg","og:image:secure_url":"https:\/\/eldigitaldeasturias.com\/radio\/wp-content\/uploads\/2018\/10\/berlin-76509_960_720.jpg","og:image:width":960,"og:image:height":720,"article:published_time":"2020-07-19T17:32:07+00:00","article:modified_time":"2020-07-19T17:32:07+00:00","twitter:card":"summary_large_image","twitter:site":"@bercodi","twitter:title":"Gobierno alem\u00e1n se ve bajo presi\u00f3n por esc\u00e1ndalo de Wirecard | El Digital de Asturias","twitter:description":"Berl\u00edn, 18 jul (dpa) - Miembros de la oposici\u00f3n en Alemania pidieron hoy que se investigue a fondo el esc\u00e1ndalo de la empresa Wirecard, dado que un informe se\u00f1ala que el Gobierno apoy\u00f3 al proveedor de servicios de pago digital en 2019 a pesar de una investigaci\u00f3n por parte de la entidad de control financiero","twitter:creator":"@bercodi","twitter:image":"https:\/\/eldigitaldeasturias.com\/radio\/wp-content\/uploads\/2018\/10\/berlin-76509_960_720.jpg"},"aioseo_meta_data":{"post_id":"4801","title":null,"description":"","keywords":"","keyphrases":null,"primary_term":null,"canonical_url":"","og_title":null,"og_description":null,"og_object_type":"default","og_image_type":"default","og_image_url":null,"og_image_width":null,"og_image_height":null,"og_image_custom_url":null,"og_image_custom_fields":null,"og_video":null,"og_custom_url":null,"og_article_section":null,"og_article_tags":null,"twitter_use_og":false,"twitter_card":"default","twitter_image_type":"default","twitter_image_url":null,"twitter_image_custom_url":null,"twitter_image_custom_fields":null,"twitter_title":null,"twitter_description":null,"schema":{"blockGraphs":[],"customGraphs":[],"default":{"data":{"Article":[],"Course":[],"Dataset":[],"FAQPage":[],"Movie":[],"Person":[],"Product":[],"ProductReview":[],"Car":[],"Recipe":[],"Service":[],"SoftwareApplication":[],"WebPage":[]},"graphName":"","isEnabled":true},"graphs":[],"defaultGraph":"","defaultPostTypeGraph":""},"schema_type":null,"schema_type_options":null,"pillar_content":false,"robots_default":true,"robots_noindex":false,"robots_noarchive":false,"robots_nosnippet":false,"robots_nofollow":false,"robots_noimageindex":false,"robots_noodp":false,"robots_notranslate":false,"robots_max_snippet":null,"robots_max_videopreview":null,"robots_max_imagepreview":"large","priority":null,"frequency":null,"location":null,"local_seo":null,"seo_analyzer_scan_date":"2025-08-28 16:43:03","breadcrumb_settings":null,"limit_modified_date":false,"open_ai":null,"ai":null,"created":"2021-03-27 13:46:09","updated":"2025-08-28 16:43:03"},"aioseo_breadcrumb":"<div class=\"aioseo-breadcrumbs\"><span class=\"aioseo-breadcrumb\">\n\t<a href=\"https:\/\/eldigitaldeasturias.com\/radio\" title=\"Inicio\">Inicio<\/a>\n<\/span><span class=\"aioseo-breadcrumb-separator\">&ndash;<\/span><span class=\"aioseo-breadcrumb\">\n\t<a href=\"https:\/\/eldigitaldeasturias.com\/radio\/category\/noticias\/\" title=\"Noticias\">Noticias<\/a>\n<\/span><span class=\"aioseo-breadcrumb-separator\">&ndash;<\/span><span class=\"aioseo-breadcrumb\">\n\tGobierno alem\u00e1n se ve bajo presi\u00f3n por esc\u00e1ndalo de Wirecard\n<\/span><\/div>","aioseo_breadcrumb_json":[{"label":"Inicio","link":"https:\/\/eldigitaldeasturias.com\/radio"},{"label":"Noticias","link":"https:\/\/eldigitaldeasturias.com\/radio\/category\/noticias\/"},{"label":"Gobierno alem\u00e1n se ve bajo presi\u00f3n por esc\u00e1ndalo de Wirecard","link":"https:\/\/eldigitaldeasturias.com\/radio\/gobierno-aleman-se-ve-bajo-presion-por-escandalo-de-wirecard\/"}],"_links":{"self":[{"href":"https:\/\/eldigitaldeasturias.com\/radio\/wp-json\/wp\/v2\/posts\/4801","targetHints":{"allow":["GET"]}}],"collection":[{"href":"https:\/\/eldigitaldeasturias.com\/radio\/wp-json\/wp\/v2\/posts"}],"about":[{"href":"https:\/\/eldigitaldeasturias.com\/radio\/wp-json\/wp\/v2\/types\/post"}],"author":[{"embeddable":true,"href":"https:\/\/eldigitaldeasturias.com\/radio\/wp-json\/wp\/v2\/users\/1"}],"replies":[{"embeddable":true,"href":"https:\/\/eldigitaldeasturias.com\/radio\/wp-json\/wp\/v2\/comments?post=4801"}],"version-history":[{"count":0,"href":"https:\/\/eldigitaldeasturias.com\/radio\/wp-json\/wp\/v2\/posts\/4801\/revisions"}],"wp:featuredmedia":[{"embeddable":true,"href":"https:\/\/eldigitaldeasturias.com\/radio\/wp-json\/wp\/v2\/media\/1439"}],"wp:attachment":[{"href":"https:\/\/eldigitaldeasturias.com\/radio\/wp-json\/wp\/v2\/media?parent=4801"}],"wp:term":[{"taxonomy":"category","embeddable":true,"href":"https:\/\/eldigitaldeasturias.com\/radio\/wp-json\/wp\/v2\/categories?post=4801"},{"taxonomy":"post_tag","embeddable":true,"href":"https:\/\/eldigitaldeasturias.com\/radio\/wp-json\/wp\/v2\/tags?post=4801"}],"curies":[{"name":"wp","href":"https:\/\/api.w.org\/{rel}","templated":true}]}}