{"id":4795,"date":"2020-07-19T14:02:05","date_gmt":"2020-07-19T14:02:05","guid":{"rendered":"http:\/\/www.eldigitaldeasturias.com\/radio\/?p=4795"},"modified":"2020-07-19T14:02:05","modified_gmt":"2020-07-19T14:02:05","slug":"barbon-en-todo-el-mundo-va-a-haber-caidas-bestiales-del-pib","status":"publish","type":"post","link":"https:\/\/eldigitaldeasturias.com\/radio\/barbon-en-todo-el-mundo-va-a-haber-caidas-bestiales-del-pib\/","title":{"rendered":"Barb\u00f3n: \u00abEn todo el mundo va a haber ca\u00eddas bestiales del PIB\u201d"},"content":{"rendered":"<figure id=\"attachment_4796\" aria-describedby=\"caption-attachment-4796\" style=\"width: 360px\" class=\"wp-caption alignleft\"><img fetchpriority=\"high\" decoding=\"async\" class=\"size-medium wp-image-4796\" src=\"http:\/\/www.eldigitaldeasturias.com\/radio\/wp-content\/uploads\/2020\/07\/Barbon-360x245.jpg\" alt=\"\" width=\"360\" height=\"245\" srcset=\"https:\/\/eldigitaldeasturias.com\/radio\/wp-content\/uploads\/2020\/07\/Barbon-360x245.jpg 360w, https:\/\/eldigitaldeasturias.com\/radio\/wp-content\/uploads\/2020\/07\/Barbon.jpg 721w\" sizes=\"(max-width: 360px) 100vw, 360px\" \/><figcaption id=\"caption-attachment-4796\" class=\"wp-caption-text\">Foto: GOBIERNO DE ASTURIAS \/ EP<\/figcaption><\/figure>\n<p>(EUROPA PRESS) &#8211;\u00a0El presidente del Principado de Asturias, el socialista Adri\u00e1n Barb\u00f3n, ha asegurado este domingo que los pr\u00f3ximos dos a\u00f1os habr\u00e1 \u00abun desplome brutal de ingresos\u00bb a nivel auton\u00f3mico debido a las consecuencias de la pandemia del coronavirus.<\/p>\n<p>En una entrevista a El Comercio recogida por Europa Press, el dirigente auton\u00f3mico ha se\u00f1alado que este desplome va a requerir un \u00abesfuerzo extraordinario\u00bb para hacer que la Administraci\u00f3n auton\u00f3mica sea \u00absostenible\u00bb. \u00abSe adoptar\u00e1n muchas medidas\u00bb, ha asegurado, para reformar la administraci\u00f3n de manera que se modernice, agilice, responda con mayor rapidez y sea sostenible.<\/p>\n<p>En t\u00e9rminos econ\u00f3micos, Barb\u00f3n ha incidido en que las consecuencias de la crisis sanitaria repercutir\u00e1n en las econom\u00edas de todos los pa\u00edses y autonom\u00edas. \u00abEn todo el mundo va a haber ca\u00eddas bestiales del PIB, la cuesti\u00f3n es si somos capaces de reactivar la econom\u00eda y recuperar el terreno perdido lo m\u00e1s r\u00e1pido posible\u00bb, ha explicado.<\/p>\n<p>Por el momento, ha agregado, el desfase econ\u00f3mico provocado por la irrupci\u00f3n de la COVID-19 en el Principado se sit\u00faa en torno a los 300 millones de euros \u00abentre p\u00e9rdida de ingresos e incremento del gasto\u00bb. Esta cifra est\u00e1 por encima de los 280 millones de euros que el Estado prev\u00e9 destinar a Asturias con cargo al fondo extraordinario aprobado para paliar los efectos de la pandemia en las autonom\u00edas.<\/p>\n<p>El presidente asturiano ha asegurado que \u00abnunca\u00bb va a considerar que el importe previsto para la regi\u00f3n \u00abes suficiente\u00bb, pero ha explicado que este \u00abes un fondo extraordinario que en la anterior crisis no existi\u00f3\u00bb y que la negociaci\u00f3n de su Administraci\u00f3n con el Estado \u00abmejor\u00f3 en m\u00e1s de 50 millones la previsi\u00f3n inicial\u00bb. De todos modos, ha agregado, \u00abhay que esperar a conocer la aplicaci\u00f3n definitiva\u00bb.<\/p>\n<p>\u00abLo que no se puede pretender, como han hecho otros presidentes, es que se reparta como si fuera la financiaci\u00f3n auton\u00f3mica porque es l\u00f3gico que se tengan en cuenta criterios como el gasto hospitalario y los ingresos en UCI\u00bb, ha agregado.<\/p>\n<p>&nbsp;<\/p>\n","protected":false},"excerpt":{"rendered":"<p>(EUROPA PRESS) &#8211;\u00a0El presidente del Principado de Asturias, el socialista Adri\u00e1n Barb\u00f3n, ha asegurado este domingo que los pr\u00f3ximos dos a\u00f1os habr\u00e1 \u00abun desplome brutal de ingresos\u00bb a nivel auton\u00f3mico debido a las consecuencias de la pandemia del coronavirus. En una entrevista a El Comercio recogida por Europa Press, el dirigente auton\u00f3mico ha se\u00f1alado que<\/p>\n","protected":false},"author":1,"featured_media":4796,"comment_status":"closed","ping_status":"closed","sticky":false,"template":"","format":"standard","meta":{"footnotes":""},"categories":[1],"tags":[],"class_list":{"0":"post-4795","1":"post","2":"type-post","3":"status-publish","4":"format-standard","5":"has-post-thumbnail","7":"category-noticias"},"aioseo_notices":[],"aioseo_head":"\n\t\t<!-- All in One SEO Pro 4.9.6.2 - aioseo.com -->\n\t<meta name=\"description\" content=\"(EUROPA PRESS) - El presidente del Principado de Asturias, el socialista Adri\u00e1n Barb\u00f3n, ha asegurado este domingo que los pr\u00f3ximos dos a\u00f1os habr\u00e1 &quot;un desplome brutal de ingresos&quot; a nivel auton\u00f3mico debido a las consecuencias de la pandemia del coronavirus. En una entrevista a El Comercio recogida por Europa Press, el dirigente auton\u00f3mico ha se\u00f1alado que\" \/>\n\t<meta name=\"robots\" content=\"max-image-preview:large\" \/>\n\t<meta name=\"author\" content=\"NBAsturias\"\/>\n\t<meta name=\"google-site-verification\" content=\"UA-38556648-1\" \/>\n\t<meta name=\"keywords\" content=\"noticias\" \/>\n\t<link rel=\"canonical\" href=\"https:\/\/eldigitaldeasturias.com\/radio\/barbon-en-todo-el-mundo-va-a-haber-caidas-bestiales-del-pib\/\" \/>\n\t<meta name=\"generator\" content=\"All in One SEO Pro (AIOSEO) 4.9.6.2\" \/>\n\t\t<meta property=\"og:locale\" content=\"es_ES\" \/>\n\t\t<meta property=\"og:site_name\" content=\"El Digital de Asturias | Diario de informaci\u00f3n y noticias\" \/>\n\t\t<meta property=\"og:type\" content=\"article\" \/>\n\t\t<meta property=\"og:title\" content=\"Barb\u00f3n: \u00abEn todo el mundo va a haber ca\u00eddas bestiales del PIB\u201d | El Digital de Asturias\" \/>\n\t\t<meta property=\"og:description\" content=\"(EUROPA PRESS) - El presidente del Principado de Asturias, el socialista Adri\u00e1n Barb\u00f3n, ha asegurado este domingo que los pr\u00f3ximos dos a\u00f1os habr\u00e1 &quot;un desplome brutal de ingresos&quot; a nivel auton\u00f3mico debido a las consecuencias de la pandemia del coronavirus. En una entrevista a El Comercio recogida por Europa Press, el dirigente auton\u00f3mico ha se\u00f1alado que\" \/>\n\t\t<meta property=\"og:url\" content=\"https:\/\/eldigitaldeasturias.com\/radio\/barbon-en-todo-el-mundo-va-a-haber-caidas-bestiales-del-pib\/\" \/>\n\t\t<meta property=\"og:image\" content=\"https:\/\/eldigitaldeasturias.com\/radio\/wp-content\/uploads\/2020\/07\/Barbon.jpg\" \/>\n\t\t<meta property=\"og:image:secure_url\" content=\"https:\/\/eldigitaldeasturias.com\/radio\/wp-content\/uploads\/2020\/07\/Barbon.jpg\" \/>\n\t\t<meta property=\"og:image:width\" content=\"721\" \/>\n\t\t<meta property=\"og:image:height\" content=\"490\" \/>\n\t\t<meta property=\"article:published_time\" content=\"2020-07-19T14:02:05+00:00\" \/>\n\t\t<meta property=\"article:modified_time\" content=\"2020-07-19T14:02:05+00:00\" \/>\n\t\t<meta name=\"twitter:card\" content=\"summary_large_image\" \/>\n\t\t<meta name=\"twitter:site\" content=\"@bercodi\" \/>\n\t\t<meta name=\"twitter:title\" content=\"Barb\u00f3n: \u00abEn todo el mundo va a haber ca\u00eddas bestiales del PIB\u201d | El Digital de Asturias\" \/>\n\t\t<meta name=\"twitter:description\" content=\"(EUROPA PRESS) - El presidente del Principado de Asturias, el socialista Adri\u00e1n Barb\u00f3n, ha asegurado este domingo que los pr\u00f3ximos dos a\u00f1os habr\u00e1 &quot;un desplome brutal de ingresos&quot; a nivel auton\u00f3mico debido a las consecuencias de la pandemia del coronavirus. En una entrevista a El Comercio recogida por Europa Press, el dirigente auton\u00f3mico ha se\u00f1alado que\" \/>\n\t\t<meta name=\"twitter:creator\" content=\"@bercodi\" \/>\n\t\t<meta name=\"twitter:image\" content=\"https:\/\/eldigitaldeasturias.com\/radio\/wp-content\/uploads\/2020\/07\/Barbon.jpg\" \/>\n\t\t<script type=\"application\/ld+json\" class=\"aioseo-schema\">\n\t\t\t{\"@context\":\"https:\\\/\\\/schema.org\",\"@graph\":[{\"@type\":\"BreadcrumbList\",\"@id\":\"https:\\\/\\\/eldigitaldeasturias.com\\\/radio\\\/barbon-en-todo-el-mundo-va-a-haber-caidas-bestiales-del-pib\\\/#breadcrumblist\",\"itemListElement\":[{\"@type\":\"ListItem\",\"@id\":\"https:\\\/\\\/eldigitaldeasturias.com\\\/radio#listItem\",\"position\":1,\"name\":\"Inicio\",\"item\":\"https:\\\/\\\/eldigitaldeasturias.com\\\/radio\",\"nextItem\":{\"@type\":\"ListItem\",\"@id\":\"https:\\\/\\\/eldigitaldeasturias.com\\\/radio\\\/category\\\/noticias\\\/#listItem\",\"name\":\"Noticias\"}},{\"@type\":\"ListItem\",\"@id\":\"https:\\\/\\\/eldigitaldeasturias.com\\\/radio\\\/category\\\/noticias\\\/#listItem\",\"position\":2,\"name\":\"Noticias\",\"item\":\"https:\\\/\\\/eldigitaldeasturias.com\\\/radio\\\/category\\\/noticias\\\/\",\"nextItem\":{\"@type\":\"ListItem\",\"@id\":\"https:\\\/\\\/eldigitaldeasturias.com\\\/radio\\\/barbon-en-todo-el-mundo-va-a-haber-caidas-bestiales-del-pib\\\/#listItem\",\"name\":\"Barb\\u00f3n: \\u00abEn todo el mundo va a haber ca\\u00eddas bestiales del PIB\\u201d\"},\"previousItem\":{\"@type\":\"ListItem\",\"@id\":\"https:\\\/\\\/eldigitaldeasturias.com\\\/radio#listItem\",\"name\":\"Inicio\"}},{\"@type\":\"ListItem\",\"@id\":\"https:\\\/\\\/eldigitaldeasturias.com\\\/radio\\\/barbon-en-todo-el-mundo-va-a-haber-caidas-bestiales-del-pib\\\/#listItem\",\"position\":3,\"name\":\"Barb\\u00f3n: \\u00abEn todo el mundo va a haber ca\\u00eddas bestiales del PIB\\u201d\",\"previousItem\":{\"@type\":\"ListItem\",\"@id\":\"https:\\\/\\\/eldigitaldeasturias.com\\\/radio\\\/category\\\/noticias\\\/#listItem\",\"name\":\"Noticias\"}}]},{\"@type\":\"NewsArticle\",\"@id\":\"https:\\\/\\\/eldigitaldeasturias.com\\\/radio\\\/barbon-en-todo-el-mundo-va-a-haber-caidas-bestiales-del-pib\\\/#newsarticle\",\"name\":\"Barb\\u00f3n: \\u00abEn todo el mundo va a haber ca\\u00eddas bestiales del PIB\\u201d | El Digital de Asturias\",\"headline\":\"Barb\\u00f3n: \\u00abEn todo el mundo va a haber ca\\u00eddas bestiales del PIB\\u201d\",\"author\":{\"@id\":\"https:\\\/\\\/eldigitaldeasturias.com\\\/radio\\\/author\\\/nbasturias\\\/#author\"},\"publisher\":{\"@id\":\"https:\\\/\\\/eldigitaldeasturias.com\\\/radio\\\/#organization\"},\"image\":{\"@type\":\"ImageObject\",\"url\":\"https:\\\/\\\/eldigitaldeasturias.com\\\/radio\\\/wp-content\\\/uploads\\\/2020\\\/07\\\/Barbon.jpg\",\"width\":721,\"height\":490,\"caption\":\"Foto: GOBIERNO DE ASTURIAS \\\/ EP\"},\"datePublished\":\"2020-07-19T14:02:05+02:00\",\"dateModified\":\"2020-07-19T14:02:05+02:00\",\"inLanguage\":\"es-ES\",\"mainEntityOfPage\":{\"@id\":\"https:\\\/\\\/eldigitaldeasturias.com\\\/radio\\\/barbon-en-todo-el-mundo-va-a-haber-caidas-bestiales-del-pib\\\/#webpage\"},\"isPartOf\":{\"@id\":\"https:\\\/\\\/eldigitaldeasturias.com\\\/radio\\\/barbon-en-todo-el-mundo-va-a-haber-caidas-bestiales-del-pib\\\/#webpage\"},\"articleSection\":\"Noticias\",\"dateline\":\"Publicado el julio 19, 2020.\"},{\"@type\":\"Organization\",\"@id\":\"https:\\\/\\\/eldigitaldeasturias.com\\\/radio\\\/#organization\",\"name\":\"El digital de Asturias Radio\",\"description\":\"Diario de informaci\\u00f3n y noticias\",\"url\":\"https:\\\/\\\/eldigitaldeasturias.com\\\/radio\\\/\",\"telephone\":\"+34652131393\",\"logo\":{\"@type\":\"ImageObject\",\"url\":\"https:\\\/\\\/www.eldigitaldeasturias.com\\\/radio\\\/wp-content\\\/uploads\\\/2021\\\/03\\\/EDA.jpg\",\"@id\":\"https:\\\/\\\/eldigitaldeasturias.com\\\/radio\\\/barbon-en-todo-el-mundo-va-a-haber-caidas-bestiales-del-pib\\\/#organizationLogo\"},\"image\":{\"@id\":\"https:\\\/\\\/eldigitaldeasturias.com\\\/radio\\\/barbon-en-todo-el-mundo-va-a-haber-caidas-bestiales-del-pib\\\/#organizationLogo\"},\"sameAs\":[\"https:\\\/\\\/www.facebook.com\\\/\",\"https:\\\/\\\/x.com\\\/bercodi\",\"https:\\\/\\\/www.instagram.com\\\/\",\"https:\\\/\\\/www.youtube.com\\\/channel\\\/UCZP-2wLEB9Rv6erhFmqVnvg\"]},{\"@type\":\"Person\",\"@id\":\"https:\\\/\\\/eldigitaldeasturias.com\\\/radio\\\/author\\\/nbasturias\\\/#author\",\"url\":\"https:\\\/\\\/eldigitaldeasturias.com\\\/radio\\\/author\\\/nbasturias\\\/\",\"name\":\"NBAsturias\",\"image\":{\"@type\":\"ImageObject\",\"@id\":\"https:\\\/\\\/eldigitaldeasturias.com\\\/radio\\\/barbon-en-todo-el-mundo-va-a-haber-caidas-bestiales-del-pib\\\/#authorImage\",\"url\":\"https:\\\/\\\/secure.gravatar.com\\\/avatar\\\/df2aeffc32bcd13f8d26072ef8a91b623d677766deac7f97ca815868cd41bf5e?s=96&d=mm&r=g\",\"width\":96,\"height\":96,\"caption\":\"NBAsturias\"}},{\"@type\":\"WebPage\",\"@id\":\"https:\\\/\\\/eldigitaldeasturias.com\\\/radio\\\/barbon-en-todo-el-mundo-va-a-haber-caidas-bestiales-del-pib\\\/#webpage\",\"url\":\"https:\\\/\\\/eldigitaldeasturias.com\\\/radio\\\/barbon-en-todo-el-mundo-va-a-haber-caidas-bestiales-del-pib\\\/\",\"name\":\"Barb\\u00f3n: \\u00abEn todo el mundo va a haber ca\\u00eddas bestiales del PIB\\u201d | El Digital de Asturias\",\"description\":\"(EUROPA PRESS) - El presidente del Principado de Asturias, el socialista Adri\\u00e1n Barb\\u00f3n, ha asegurado este domingo que los pr\\u00f3ximos dos a\\u00f1os habr\\u00e1 \\\"un desplome brutal de ingresos\\\" a nivel auton\\u00f3mico debido a las consecuencias de la pandemia del coronavirus. En una entrevista a El Comercio recogida por Europa Press, el dirigente auton\\u00f3mico ha se\\u00f1alado que\",\"inLanguage\":\"es-ES\",\"isPartOf\":{\"@id\":\"https:\\\/\\\/eldigitaldeasturias.com\\\/radio\\\/#website\"},\"breadcrumb\":{\"@id\":\"https:\\\/\\\/eldigitaldeasturias.com\\\/radio\\\/barbon-en-todo-el-mundo-va-a-haber-caidas-bestiales-del-pib\\\/#breadcrumblist\"},\"author\":{\"@id\":\"https:\\\/\\\/eldigitaldeasturias.com\\\/radio\\\/author\\\/nbasturias\\\/#author\"},\"creator\":{\"@id\":\"https:\\\/\\\/eldigitaldeasturias.com\\\/radio\\\/author\\\/nbasturias\\\/#author\"},\"image\":{\"@type\":\"ImageObject\",\"url\":\"https:\\\/\\\/eldigitaldeasturias.com\\\/radio\\\/wp-content\\\/uploads\\\/2020\\\/07\\\/Barbon.jpg\",\"@id\":\"https:\\\/\\\/eldigitaldeasturias.com\\\/radio\\\/barbon-en-todo-el-mundo-va-a-haber-caidas-bestiales-del-pib\\\/#mainImage\",\"width\":721,\"height\":490,\"caption\":\"Foto: GOBIERNO DE ASTURIAS \\\/ EP\"},\"primaryImageOfPage\":{\"@id\":\"https:\\\/\\\/eldigitaldeasturias.com\\\/radio\\\/barbon-en-todo-el-mundo-va-a-haber-caidas-bestiales-del-pib\\\/#mainImage\"},\"datePublished\":\"2020-07-19T14:02:05+02:00\",\"dateModified\":\"2020-07-19T14:02:05+02:00\"},{\"@type\":\"WebSite\",\"@id\":\"https:\\\/\\\/eldigitaldeasturias.com\\\/radio\\\/#website\",\"url\":\"https:\\\/\\\/eldigitaldeasturias.com\\\/radio\\\/\",\"name\":\"El Digital de Asturias\",\"description\":\"Diario de informaci\\u00f3n y noticias\",\"inLanguage\":\"es-ES\",\"publisher\":{\"@id\":\"https:\\\/\\\/eldigitaldeasturias.com\\\/radio\\\/#organization\"}}]}\n\t\t<\/script>\n\t\t<!-- All in One SEO Pro -->\r\n\t\t<title>Barb\u00f3n: \u00abEn todo el mundo va a haber ca\u00eddas bestiales del PIB\u201d | El Digital de Asturias<\/title>\n\n","aioseo_head_json":{"title":"Barb\u00f3n: \u00abEn todo el mundo va a haber ca\u00eddas bestiales del PIB\u201d | El Digital de Asturias","description":"(EUROPA PRESS) - El presidente del Principado de Asturias, el socialista Adri\u00e1n Barb\u00f3n, ha asegurado este domingo que los pr\u00f3ximos dos a\u00f1os habr\u00e1 \"un desplome brutal de ingresos\" a nivel auton\u00f3mico debido a las consecuencias de la pandemia del coronavirus. En una entrevista a El Comercio recogida por Europa Press, el dirigente auton\u00f3mico ha se\u00f1alado que","canonical_url":"https:\/\/eldigitaldeasturias.com\/radio\/barbon-en-todo-el-mundo-va-a-haber-caidas-bestiales-del-pib\/","robots":"max-image-preview:large","keywords":"noticias","webmasterTools":{"google-site-verification":"UA-38556648-1","miscellaneous":""},"schema":{"@context":"https:\/\/schema.org","@graph":[{"@type":"BreadcrumbList","@id":"https:\/\/eldigitaldeasturias.com\/radio\/barbon-en-todo-el-mundo-va-a-haber-caidas-bestiales-del-pib\/#breadcrumblist","itemListElement":[{"@type":"ListItem","@id":"https:\/\/eldigitaldeasturias.com\/radio#listItem","position":1,"name":"Inicio","item":"https:\/\/eldigitaldeasturias.com\/radio","nextItem":{"@type":"ListItem","@id":"https:\/\/eldigitaldeasturias.com\/radio\/category\/noticias\/#listItem","name":"Noticias"}},{"@type":"ListItem","@id":"https:\/\/eldigitaldeasturias.com\/radio\/category\/noticias\/#listItem","position":2,"name":"Noticias","item":"https:\/\/eldigitaldeasturias.com\/radio\/category\/noticias\/","nextItem":{"@type":"ListItem","@id":"https:\/\/eldigitaldeasturias.com\/radio\/barbon-en-todo-el-mundo-va-a-haber-caidas-bestiales-del-pib\/#listItem","name":"Barb\u00f3n: \u00abEn todo el mundo va a haber ca\u00eddas bestiales del PIB\u201d"},"previousItem":{"@type":"ListItem","@id":"https:\/\/eldigitaldeasturias.com\/radio#listItem","name":"Inicio"}},{"@type":"ListItem","@id":"https:\/\/eldigitaldeasturias.com\/radio\/barbon-en-todo-el-mundo-va-a-haber-caidas-bestiales-del-pib\/#listItem","position":3,"name":"Barb\u00f3n: \u00abEn todo el mundo va a haber ca\u00eddas bestiales del PIB\u201d","previousItem":{"@type":"ListItem","@id":"https:\/\/eldigitaldeasturias.com\/radio\/category\/noticias\/#listItem","name":"Noticias"}}]},{"@type":"NewsArticle","@id":"https:\/\/eldigitaldeasturias.com\/radio\/barbon-en-todo-el-mundo-va-a-haber-caidas-bestiales-del-pib\/#newsarticle","name":"Barb\u00f3n: \u00abEn todo el mundo va a haber ca\u00eddas bestiales del PIB\u201d | El Digital de Asturias","headline":"Barb\u00f3n: \u00abEn todo el mundo va a haber ca\u00eddas bestiales del PIB\u201d","author":{"@id":"https:\/\/eldigitaldeasturias.com\/radio\/author\/nbasturias\/#author"},"publisher":{"@id":"https:\/\/eldigitaldeasturias.com\/radio\/#organization"},"image":{"@type":"ImageObject","url":"https:\/\/eldigitaldeasturias.com\/radio\/wp-content\/uploads\/2020\/07\/Barbon.jpg","width":721,"height":490,"caption":"Foto: GOBIERNO DE ASTURIAS \/ EP"},"datePublished":"2020-07-19T14:02:05+02:00","dateModified":"2020-07-19T14:02:05+02:00","inLanguage":"es-ES","mainEntityOfPage":{"@id":"https:\/\/eldigitaldeasturias.com\/radio\/barbon-en-todo-el-mundo-va-a-haber-caidas-bestiales-del-pib\/#webpage"},"isPartOf":{"@id":"https:\/\/eldigitaldeasturias.com\/radio\/barbon-en-todo-el-mundo-va-a-haber-caidas-bestiales-del-pib\/#webpage"},"articleSection":"Noticias","dateline":"Publicado el julio 19, 2020."},{"@type":"Organization","@id":"https:\/\/eldigitaldeasturias.com\/radio\/#organization","name":"El digital de Asturias Radio","description":"Diario de informaci\u00f3n y noticias","url":"https:\/\/eldigitaldeasturias.com\/radio\/","telephone":"+34652131393","logo":{"@type":"ImageObject","url":"https:\/\/www.eldigitaldeasturias.com\/radio\/wp-content\/uploads\/2021\/03\/EDA.jpg","@id":"https:\/\/eldigitaldeasturias.com\/radio\/barbon-en-todo-el-mundo-va-a-haber-caidas-bestiales-del-pib\/#organizationLogo"},"image":{"@id":"https:\/\/eldigitaldeasturias.com\/radio\/barbon-en-todo-el-mundo-va-a-haber-caidas-bestiales-del-pib\/#organizationLogo"},"sameAs":["https:\/\/www.facebook.com\/","https:\/\/x.com\/bercodi","https:\/\/www.instagram.com\/","https:\/\/www.youtube.com\/channel\/UCZP-2wLEB9Rv6erhFmqVnvg"]},{"@type":"Person","@id":"https:\/\/eldigitaldeasturias.com\/radio\/author\/nbasturias\/#author","url":"https:\/\/eldigitaldeasturias.com\/radio\/author\/nbasturias\/","name":"NBAsturias","image":{"@type":"ImageObject","@id":"https:\/\/eldigitaldeasturias.com\/radio\/barbon-en-todo-el-mundo-va-a-haber-caidas-bestiales-del-pib\/#authorImage","url":"https:\/\/secure.gravatar.com\/avatar\/df2aeffc32bcd13f8d26072ef8a91b623d677766deac7f97ca815868cd41bf5e?s=96&d=mm&r=g","width":96,"height":96,"caption":"NBAsturias"}},{"@type":"WebPage","@id":"https:\/\/eldigitaldeasturias.com\/radio\/barbon-en-todo-el-mundo-va-a-haber-caidas-bestiales-del-pib\/#webpage","url":"https:\/\/eldigitaldeasturias.com\/radio\/barbon-en-todo-el-mundo-va-a-haber-caidas-bestiales-del-pib\/","name":"Barb\u00f3n: \u00abEn todo el mundo va a haber ca\u00eddas bestiales del PIB\u201d | El Digital de Asturias","description":"(EUROPA PRESS) - El presidente del Principado de Asturias, el socialista Adri\u00e1n Barb\u00f3n, ha asegurado este domingo que los pr\u00f3ximos dos a\u00f1os habr\u00e1 \"un desplome brutal de ingresos\" a nivel auton\u00f3mico debido a las consecuencias de la pandemia del coronavirus. En una entrevista a El Comercio recogida por Europa Press, el dirigente auton\u00f3mico ha se\u00f1alado que","inLanguage":"es-ES","isPartOf":{"@id":"https:\/\/eldigitaldeasturias.com\/radio\/#website"},"breadcrumb":{"@id":"https:\/\/eldigitaldeasturias.com\/radio\/barbon-en-todo-el-mundo-va-a-haber-caidas-bestiales-del-pib\/#breadcrumblist"},"author":{"@id":"https:\/\/eldigitaldeasturias.com\/radio\/author\/nbasturias\/#author"},"creator":{"@id":"https:\/\/eldigitaldeasturias.com\/radio\/author\/nbasturias\/#author"},"image":{"@type":"ImageObject","url":"https:\/\/eldigitaldeasturias.com\/radio\/wp-content\/uploads\/2020\/07\/Barbon.jpg","@id":"https:\/\/eldigitaldeasturias.com\/radio\/barbon-en-todo-el-mundo-va-a-haber-caidas-bestiales-del-pib\/#mainImage","width":721,"height":490,"caption":"Foto: GOBIERNO DE ASTURIAS \/ EP"},"primaryImageOfPage":{"@id":"https:\/\/eldigitaldeasturias.com\/radio\/barbon-en-todo-el-mundo-va-a-haber-caidas-bestiales-del-pib\/#mainImage"},"datePublished":"2020-07-19T14:02:05+02:00","dateModified":"2020-07-19T14:02:05+02:00"},{"@type":"WebSite","@id":"https:\/\/eldigitaldeasturias.com\/radio\/#website","url":"https:\/\/eldigitaldeasturias.com\/radio\/","name":"El Digital de Asturias","description":"Diario de informaci\u00f3n y noticias","inLanguage":"es-ES","publisher":{"@id":"https:\/\/eldigitaldeasturias.com\/radio\/#organization"}}]},"og:locale":"es_ES","og:site_name":"El Digital de Asturias | Diario de informaci\u00f3n y noticias","og:type":"article","og:title":"Barb\u00f3n: \u00abEn todo el mundo va a haber ca\u00eddas bestiales del PIB\u201d | El Digital de Asturias","og:description":"(EUROPA PRESS) - El presidente del Principado de Asturias, el socialista Adri\u00e1n Barb\u00f3n, ha asegurado este domingo que los pr\u00f3ximos dos a\u00f1os habr\u00e1 &quot;un desplome brutal de ingresos&quot; a nivel auton\u00f3mico debido a las consecuencias de la pandemia del coronavirus. En una entrevista a El Comercio recogida por Europa Press, el dirigente auton\u00f3mico ha se\u00f1alado que","og:url":"https:\/\/eldigitaldeasturias.com\/radio\/barbon-en-todo-el-mundo-va-a-haber-caidas-bestiales-del-pib\/","og:image":"https:\/\/eldigitaldeasturias.com\/radio\/wp-content\/uploads\/2020\/07\/Barbon.jpg","og:image:secure_url":"https:\/\/eldigitaldeasturias.com\/radio\/wp-content\/uploads\/2020\/07\/Barbon.jpg","og:image:width":721,"og:image:height":490,"article:published_time":"2020-07-19T14:02:05+00:00","article:modified_time":"2020-07-19T14:02:05+00:00","twitter:card":"summary_large_image","twitter:site":"@bercodi","twitter:title":"Barb\u00f3n: \u00abEn todo el mundo va a haber ca\u00eddas bestiales del PIB\u201d | El Digital de Asturias","twitter:description":"(EUROPA PRESS) - El presidente del Principado de Asturias, el socialista Adri\u00e1n Barb\u00f3n, ha asegurado este domingo que los pr\u00f3ximos dos a\u00f1os habr\u00e1 &quot;un desplome brutal de ingresos&quot; a nivel auton\u00f3mico debido a las consecuencias de la pandemia del coronavirus. En una entrevista a El Comercio recogida por Europa Press, el dirigente auton\u00f3mico ha se\u00f1alado que","twitter:creator":"@bercodi","twitter:image":"https:\/\/eldigitaldeasturias.com\/radio\/wp-content\/uploads\/2020\/07\/Barbon.jpg"},"aioseo_meta_data":{"post_id":"4795","title":null,"description":"","keywords":"","keyphrases":null,"primary_term":null,"canonical_url":"","og_title":null,"og_description":null,"og_object_type":"default","og_image_type":"default","og_image_url":null,"og_image_width":null,"og_image_height":null,"og_image_custom_url":null,"og_image_custom_fields":null,"og_video":null,"og_custom_url":null,"og_article_section":null,"og_article_tags":null,"twitter_use_og":false,"twitter_card":"default","twitter_image_type":"default","twitter_image_url":null,"twitter_image_custom_url":null,"twitter_image_custom_fields":null,"twitter_title":null,"twitter_description":null,"schema":{"blockGraphs":[],"customGraphs":[],"default":{"data":{"Article":[],"Course":[],"Dataset":[],"FAQPage":[],"Movie":[],"Person":[],"Product":[],"ProductReview":[],"Car":[],"Recipe":[],"Service":[],"SoftwareApplication":[],"WebPage":[]},"graphName":"","isEnabled":true},"graphs":[],"defaultGraph":"","defaultPostTypeGraph":""},"schema_type":null,"schema_type_options":null,"pillar_content":false,"robots_default":true,"robots_noindex":false,"robots_noarchive":false,"robots_nosnippet":false,"robots_nofollow":false,"robots_noimageindex":false,"robots_noodp":false,"robots_notranslate":false,"robots_max_snippet":null,"robots_max_videopreview":null,"robots_max_imagepreview":"large","priority":null,"frequency":null,"location":null,"local_seo":null,"seo_analyzer_scan_date":"2025-08-28 16:43:01","breadcrumb_settings":null,"limit_modified_date":false,"open_ai":null,"ai":null,"created":"2021-03-27 04:00:12","updated":"2025-08-28 16:43:01"},"aioseo_breadcrumb":"<div class=\"aioseo-breadcrumbs\"><span class=\"aioseo-breadcrumb\">\n\t<a href=\"https:\/\/eldigitaldeasturias.com\/radio\" title=\"Inicio\">Inicio<\/a>\n<\/span><span class=\"aioseo-breadcrumb-separator\">&ndash;<\/span><span class=\"aioseo-breadcrumb\">\n\t<a href=\"https:\/\/eldigitaldeasturias.com\/radio\/category\/noticias\/\" title=\"Noticias\">Noticias<\/a>\n<\/span><span class=\"aioseo-breadcrumb-separator\">&ndash;<\/span><span class=\"aioseo-breadcrumb\">\n\tBarb\u00f3n: \u00abEn todo el mundo va a haber ca\u00eddas bestiales del PIB\u201d\n<\/span><\/div>","aioseo_breadcrumb_json":[{"label":"Inicio","link":"https:\/\/eldigitaldeasturias.com\/radio"},{"label":"Noticias","link":"https:\/\/eldigitaldeasturias.com\/radio\/category\/noticias\/"},{"label":"Barb\u00f3n: \u00abEn todo el mundo va a haber ca\u00eddas bestiales del PIB\u201d","link":"https:\/\/eldigitaldeasturias.com\/radio\/barbon-en-todo-el-mundo-va-a-haber-caidas-bestiales-del-pib\/"}],"_links":{"self":[{"href":"https:\/\/eldigitaldeasturias.com\/radio\/wp-json\/wp\/v2\/posts\/4795","targetHints":{"allow":["GET"]}}],"collection":[{"href":"https:\/\/eldigitaldeasturias.com\/radio\/wp-json\/wp\/v2\/posts"}],"about":[{"href":"https:\/\/eldigitaldeasturias.com\/radio\/wp-json\/wp\/v2\/types\/post"}],"author":[{"embeddable":true,"href":"https:\/\/eldigitaldeasturias.com\/radio\/wp-json\/wp\/v2\/users\/1"}],"replies":[{"embeddable":true,"href":"https:\/\/eldigitaldeasturias.com\/radio\/wp-json\/wp\/v2\/comments?post=4795"}],"version-history":[{"count":0,"href":"https:\/\/eldigitaldeasturias.com\/radio\/wp-json\/wp\/v2\/posts\/4795\/revisions"}],"wp:featuredmedia":[{"embeddable":true,"href":"https:\/\/eldigitaldeasturias.com\/radio\/wp-json\/wp\/v2\/media\/4796"}],"wp:attachment":[{"href":"https:\/\/eldigitaldeasturias.com\/radio\/wp-json\/wp\/v2\/media?parent=4795"}],"wp:term":[{"taxonomy":"category","embeddable":true,"href":"https:\/\/eldigitaldeasturias.com\/radio\/wp-json\/wp\/v2\/categories?post=4795"},{"taxonomy":"post_tag","embeddable":true,"href":"https:\/\/eldigitaldeasturias.com\/radio\/wp-json\/wp\/v2\/tags?post=4795"}],"curies":[{"name":"wp","href":"https:\/\/api.w.org\/{rel}","templated":true}]}}