{"id":4792,"date":"2020-07-19T13:25:35","date_gmt":"2020-07-19T13:25:35","guid":{"rendered":"http:\/\/www.eldigitaldeasturias.com\/radio\/?p=4792"},"modified":"2020-07-19T13:25:35","modified_gmt":"2020-07-19T13:25:35","slug":"podemos-pregunta-al-gobierno-cuando-resolvera-la-propuesta-de-sancion-a-hunosa-por-cesion-ilegal-de-trabajadores","status":"publish","type":"post","link":"https:\/\/eldigitaldeasturias.com\/radio\/podemos-pregunta-al-gobierno-cuando-resolvera-la-propuesta-de-sancion-a-hunosa-por-cesion-ilegal-de-trabajadores\/","title":{"rendered":"Podemos pregunta al Gobierno cu\u00e1ndo resolver\u00e1 la propuesta de sanci\u00f3n a Hunosa por cesi\u00f3n ilegal de trabajadores"},"content":{"rendered":"<figure id=\"attachment_4793\" aria-describedby=\"caption-attachment-4793\" style=\"width: 360px\" class=\"wp-caption alignleft\"><img fetchpriority=\"high\" decoding=\"async\" class=\"size-medium wp-image-4793\" src=\"http:\/\/www.eldigitaldeasturias.com\/radio\/wp-content\/uploads\/2020\/07\/Podemos-Asturias-360x248.jpg\" alt=\"\" width=\"360\" height=\"248\" srcset=\"https:\/\/eldigitaldeasturias.com\/radio\/wp-content\/uploads\/2020\/07\/Podemos-Asturias-360x248.jpg 360w, https:\/\/eldigitaldeasturias.com\/radio\/wp-content\/uploads\/2020\/07\/Podemos-Asturias.jpg 731w\" sizes=\"(max-width: 360px) 100vw, 360px\" \/><figcaption id=\"caption-attachment-4793\" class=\"wp-caption-text\">La diputada portavoz de Podemos, Lorena Gil, interviene en el Pleno de la Junta General. &#8211; JOSE VALLINA &#8211; EP<\/figcaption><\/figure>\n<p>(EUROPA PRESS) &#8211;\u00a0La portavoz de Podemos Asturies en la Junta General del Principado de Asturias, Lorena Gil, ha registrado una pregunta en el parlamento en la que insta al Ejecutivo auton\u00f3mico a decir cu\u00e1ndo tiene previsto resolver la propuesta de sanci\u00f3n de la Inspecci\u00f3n de Trabajo y Seguridad Social de Asturias a Hunosa e IMSA por cesi\u00f3n ilegal de trabajadores en el Lavadero de El Bat\u00e1n.<\/p>\n<p>Lorena Gil se interesa tambi\u00e9n por las medidas que van a tomar y en qu\u00e9 plazo para \u00abcorregir esta situaci\u00f3n de abuso y prestamismo laboral en la que la remuneraci\u00f3n y las condiciones laborales de estos 45 trabajadores son muy inferiores a las de puestos homologables en la empresa Hunosa\u00bb.<\/p>\n<p>Podemos se hace as\u00ed eco de la resoluci\u00f3n de la Inspecci\u00f3n Provincial de Trabajo y Seguridad Social de Asturias, de fecha 6 de julio de 2020, por la que extiende actas de infracci\u00f3n con la correspondiente propuesta de sanci\u00f3n a Hunosa e Ingenier\u00eda Montajes Norte (IMSA) por incumplimiento del art\u00edculo 43 del Estatuto de los Trabajadores.<\/p>\n<p>Seg\u00fan explica Gil, en esa resoluci\u00f3n \u00abse constata que la prestaci\u00f3n de la empresa IMSA hasta al menos octubre de 2019 es permanente e indisociable del funcionamiento del lavadero, haciendo casi imposible aislar el objeto de la contrata del resto de la actividad de Hunosa\u00bb.<\/p>\n<p>Los mandos de la hullera p\u00fablica, contin\u00faa, \u00aborganizan y dirigen la actividad diaria del personal de IMSA en las mismas condiciones que las de su propio personal, utilizando maquinaria y herramienta fija de la empresa p\u00fablica tras haber recibido la correspondiente formaci\u00f3n de la misma\u00bb.<\/p>\n","protected":false},"excerpt":{"rendered":"<p>(EUROPA PRESS) &#8211;\u00a0La portavoz de Podemos Asturies en la Junta General del Principado de Asturias, Lorena Gil, ha registrado una pregunta en el parlamento en la que insta al Ejecutivo auton\u00f3mico a decir cu\u00e1ndo tiene previsto resolver la propuesta de sanci\u00f3n de la Inspecci\u00f3n de Trabajo y Seguridad Social de Asturias a Hunosa e IMSA<\/p>\n","protected":false},"author":1,"featured_media":4793,"comment_status":"closed","ping_status":"closed","sticky":false,"template":"","format":"standard","meta":{"footnotes":""},"categories":[1],"tags":[],"class_list":{"0":"post-4792","1":"post","2":"type-post","3":"status-publish","4":"format-standard","5":"has-post-thumbnail","7":"category-noticias"},"aioseo_notices":[],"aioseo_head":"\n\t\t<!-- All in One SEO Pro 4.9.6.2 - aioseo.com -->\n\t<meta name=\"description\" content=\"(EUROPA PRESS) - La portavoz de Podemos Asturies en la Junta General del Principado de Asturias, Lorena Gil, ha registrado una pregunta en el parlamento en la que insta al Ejecutivo auton\u00f3mico a decir cu\u00e1ndo tiene previsto resolver la propuesta de sanci\u00f3n de la Inspecci\u00f3n de Trabajo y Seguridad Social de Asturias a Hunosa e IMSA\" \/>\n\t<meta name=\"robots\" content=\"max-image-preview:large\" \/>\n\t<meta name=\"author\" content=\"NBAsturias\"\/>\n\t<meta name=\"google-site-verification\" content=\"UA-38556648-1\" \/>\n\t<meta name=\"keywords\" content=\"noticias\" \/>\n\t<link rel=\"canonical\" href=\"https:\/\/eldigitaldeasturias.com\/radio\/podemos-pregunta-al-gobierno-cuando-resolvera-la-propuesta-de-sancion-a-hunosa-por-cesion-ilegal-de-trabajadores\/\" \/>\n\t<meta name=\"generator\" content=\"All in One SEO Pro (AIOSEO) 4.9.6.2\" \/>\n\t\t<meta property=\"og:locale\" content=\"es_ES\" \/>\n\t\t<meta property=\"og:site_name\" content=\"El Digital de Asturias | Diario de informaci\u00f3n y noticias\" \/>\n\t\t<meta property=\"og:type\" content=\"article\" \/>\n\t\t<meta property=\"og:title\" content=\"Podemos pregunta al Gobierno cu\u00e1ndo resolver\u00e1 la propuesta de sanci\u00f3n a Hunosa por cesi\u00f3n ilegal de trabajadores | El Digital de Asturias\" \/>\n\t\t<meta property=\"og:description\" content=\"(EUROPA PRESS) - La portavoz de Podemos Asturies en la Junta General del Principado de Asturias, Lorena Gil, ha registrado una pregunta en el parlamento en la que insta al Ejecutivo auton\u00f3mico a decir cu\u00e1ndo tiene previsto resolver la propuesta de sanci\u00f3n de la Inspecci\u00f3n de Trabajo y Seguridad Social de Asturias a Hunosa e IMSA\" \/>\n\t\t<meta property=\"og:url\" content=\"https:\/\/eldigitaldeasturias.com\/radio\/podemos-pregunta-al-gobierno-cuando-resolvera-la-propuesta-de-sancion-a-hunosa-por-cesion-ilegal-de-trabajadores\/\" \/>\n\t\t<meta property=\"og:image\" content=\"https:\/\/eldigitaldeasturias.com\/radio\/wp-content\/uploads\/2020\/07\/Podemos-Asturias.jpg\" \/>\n\t\t<meta property=\"og:image:secure_url\" content=\"https:\/\/eldigitaldeasturias.com\/radio\/wp-content\/uploads\/2020\/07\/Podemos-Asturias.jpg\" \/>\n\t\t<meta property=\"og:image:width\" content=\"731\" \/>\n\t\t<meta property=\"og:image:height\" content=\"503\" \/>\n\t\t<meta property=\"article:published_time\" content=\"2020-07-19T13:25:35+00:00\" \/>\n\t\t<meta property=\"article:modified_time\" content=\"2020-07-19T13:25:35+00:00\" \/>\n\t\t<meta name=\"twitter:card\" content=\"summary_large_image\" \/>\n\t\t<meta name=\"twitter:site\" content=\"@bercodi\" \/>\n\t\t<meta name=\"twitter:title\" content=\"Podemos pregunta al Gobierno cu\u00e1ndo resolver\u00e1 la propuesta de sanci\u00f3n a Hunosa por cesi\u00f3n ilegal de trabajadores | El Digital de Asturias\" \/>\n\t\t<meta name=\"twitter:description\" content=\"(EUROPA PRESS) - La portavoz de Podemos Asturies en la Junta General del Principado de Asturias, Lorena Gil, ha registrado una pregunta en el parlamento en la que insta al Ejecutivo auton\u00f3mico a decir cu\u00e1ndo tiene previsto resolver la propuesta de sanci\u00f3n de la Inspecci\u00f3n de Trabajo y Seguridad Social de Asturias a Hunosa e IMSA\" \/>\n\t\t<meta name=\"twitter:creator\" content=\"@bercodi\" \/>\n\t\t<meta name=\"twitter:image\" content=\"https:\/\/eldigitaldeasturias.com\/radio\/wp-content\/uploads\/2020\/07\/Podemos-Asturias.jpg\" \/>\n\t\t<script type=\"application\/ld+json\" class=\"aioseo-schema\">\n\t\t\t{\"@context\":\"https:\\\/\\\/schema.org\",\"@graph\":[{\"@type\":\"BreadcrumbList\",\"@id\":\"https:\\\/\\\/eldigitaldeasturias.com\\\/radio\\\/podemos-pregunta-al-gobierno-cuando-resolvera-la-propuesta-de-sancion-a-hunosa-por-cesion-ilegal-de-trabajadores\\\/#breadcrumblist\",\"itemListElement\":[{\"@type\":\"ListItem\",\"@id\":\"https:\\\/\\\/eldigitaldeasturias.com\\\/radio#listItem\",\"position\":1,\"name\":\"Inicio\",\"item\":\"https:\\\/\\\/eldigitaldeasturias.com\\\/radio\",\"nextItem\":{\"@type\":\"ListItem\",\"@id\":\"https:\\\/\\\/eldigitaldeasturias.com\\\/radio\\\/category\\\/noticias\\\/#listItem\",\"name\":\"Noticias\"}},{\"@type\":\"ListItem\",\"@id\":\"https:\\\/\\\/eldigitaldeasturias.com\\\/radio\\\/category\\\/noticias\\\/#listItem\",\"position\":2,\"name\":\"Noticias\",\"item\":\"https:\\\/\\\/eldigitaldeasturias.com\\\/radio\\\/category\\\/noticias\\\/\",\"nextItem\":{\"@type\":\"ListItem\",\"@id\":\"https:\\\/\\\/eldigitaldeasturias.com\\\/radio\\\/podemos-pregunta-al-gobierno-cuando-resolvera-la-propuesta-de-sancion-a-hunosa-por-cesion-ilegal-de-trabajadores\\\/#listItem\",\"name\":\"Podemos pregunta al Gobierno cu\\u00e1ndo resolver\\u00e1 la propuesta de sanci\\u00f3n a Hunosa por cesi\\u00f3n ilegal de trabajadores\"},\"previousItem\":{\"@type\":\"ListItem\",\"@id\":\"https:\\\/\\\/eldigitaldeasturias.com\\\/radio#listItem\",\"name\":\"Inicio\"}},{\"@type\":\"ListItem\",\"@id\":\"https:\\\/\\\/eldigitaldeasturias.com\\\/radio\\\/podemos-pregunta-al-gobierno-cuando-resolvera-la-propuesta-de-sancion-a-hunosa-por-cesion-ilegal-de-trabajadores\\\/#listItem\",\"position\":3,\"name\":\"Podemos pregunta al Gobierno cu\\u00e1ndo resolver\\u00e1 la propuesta de sanci\\u00f3n a Hunosa por cesi\\u00f3n ilegal de trabajadores\",\"previousItem\":{\"@type\":\"ListItem\",\"@id\":\"https:\\\/\\\/eldigitaldeasturias.com\\\/radio\\\/category\\\/noticias\\\/#listItem\",\"name\":\"Noticias\"}}]},{\"@type\":\"NewsArticle\",\"@id\":\"https:\\\/\\\/eldigitaldeasturias.com\\\/radio\\\/podemos-pregunta-al-gobierno-cuando-resolvera-la-propuesta-de-sancion-a-hunosa-por-cesion-ilegal-de-trabajadores\\\/#newsarticle\",\"name\":\"Podemos pregunta al Gobierno cu\\u00e1ndo resolver\\u00e1 la propuesta de sanci\\u00f3n a Hunosa por cesi\\u00f3n ilegal de trabajadores | El Digital de Asturias\",\"headline\":\"Podemos pregunta al Gobierno cu\\u00e1ndo resolver\\u00e1 la propuesta de sanci\\u00f3n a Hunosa por cesi\\u00f3n ilegal de trabajadores\",\"author\":{\"@id\":\"https:\\\/\\\/eldigitaldeasturias.com\\\/radio\\\/author\\\/nbasturias\\\/#author\"},\"publisher\":{\"@id\":\"https:\\\/\\\/eldigitaldeasturias.com\\\/radio\\\/#organization\"},\"image\":{\"@type\":\"ImageObject\",\"url\":\"https:\\\/\\\/eldigitaldeasturias.com\\\/radio\\\/wp-content\\\/uploads\\\/2020\\\/07\\\/Podemos-Asturias.jpg\",\"width\":731,\"height\":503,\"caption\":\"La diputada portavoz de Podemos, Lorena Gil, interviene en el Pleno de la Junta General. - JOSE VALLINA - EP\"},\"datePublished\":\"2020-07-19T13:25:35+02:00\",\"dateModified\":\"2020-07-19T13:25:35+02:00\",\"inLanguage\":\"es-ES\",\"mainEntityOfPage\":{\"@id\":\"https:\\\/\\\/eldigitaldeasturias.com\\\/radio\\\/podemos-pregunta-al-gobierno-cuando-resolvera-la-propuesta-de-sancion-a-hunosa-por-cesion-ilegal-de-trabajadores\\\/#webpage\"},\"isPartOf\":{\"@id\":\"https:\\\/\\\/eldigitaldeasturias.com\\\/radio\\\/podemos-pregunta-al-gobierno-cuando-resolvera-la-propuesta-de-sancion-a-hunosa-por-cesion-ilegal-de-trabajadores\\\/#webpage\"},\"articleSection\":\"Noticias\",\"dateline\":\"Publicado el julio 19, 2020.\"},{\"@type\":\"Organization\",\"@id\":\"https:\\\/\\\/eldigitaldeasturias.com\\\/radio\\\/#organization\",\"name\":\"El digital de Asturias Radio\",\"description\":\"Diario de informaci\\u00f3n y noticias\",\"url\":\"https:\\\/\\\/eldigitaldeasturias.com\\\/radio\\\/\",\"telephone\":\"+34652131393\",\"logo\":{\"@type\":\"ImageObject\",\"url\":\"https:\\\/\\\/www.eldigitaldeasturias.com\\\/radio\\\/wp-content\\\/uploads\\\/2021\\\/03\\\/EDA.jpg\",\"@id\":\"https:\\\/\\\/eldigitaldeasturias.com\\\/radio\\\/podemos-pregunta-al-gobierno-cuando-resolvera-la-propuesta-de-sancion-a-hunosa-por-cesion-ilegal-de-trabajadores\\\/#organizationLogo\"},\"image\":{\"@id\":\"https:\\\/\\\/eldigitaldeasturias.com\\\/radio\\\/podemos-pregunta-al-gobierno-cuando-resolvera-la-propuesta-de-sancion-a-hunosa-por-cesion-ilegal-de-trabajadores\\\/#organizationLogo\"},\"sameAs\":[\"https:\\\/\\\/www.facebook.com\\\/\",\"https:\\\/\\\/x.com\\\/bercodi\",\"https:\\\/\\\/www.instagram.com\\\/\",\"https:\\\/\\\/www.youtube.com\\\/channel\\\/UCZP-2wLEB9Rv6erhFmqVnvg\"]},{\"@type\":\"Person\",\"@id\":\"https:\\\/\\\/eldigitaldeasturias.com\\\/radio\\\/author\\\/nbasturias\\\/#author\",\"url\":\"https:\\\/\\\/eldigitaldeasturias.com\\\/radio\\\/author\\\/nbasturias\\\/\",\"name\":\"NBAsturias\",\"image\":{\"@type\":\"ImageObject\",\"@id\":\"https:\\\/\\\/eldigitaldeasturias.com\\\/radio\\\/podemos-pregunta-al-gobierno-cuando-resolvera-la-propuesta-de-sancion-a-hunosa-por-cesion-ilegal-de-trabajadores\\\/#authorImage\",\"url\":\"https:\\\/\\\/secure.gravatar.com\\\/avatar\\\/df2aeffc32bcd13f8d26072ef8a91b623d677766deac7f97ca815868cd41bf5e?s=96&d=mm&r=g\",\"width\":96,\"height\":96,\"caption\":\"NBAsturias\"}},{\"@type\":\"WebPage\",\"@id\":\"https:\\\/\\\/eldigitaldeasturias.com\\\/radio\\\/podemos-pregunta-al-gobierno-cuando-resolvera-la-propuesta-de-sancion-a-hunosa-por-cesion-ilegal-de-trabajadores\\\/#webpage\",\"url\":\"https:\\\/\\\/eldigitaldeasturias.com\\\/radio\\\/podemos-pregunta-al-gobierno-cuando-resolvera-la-propuesta-de-sancion-a-hunosa-por-cesion-ilegal-de-trabajadores\\\/\",\"name\":\"Podemos pregunta al Gobierno cu\\u00e1ndo resolver\\u00e1 la propuesta de sanci\\u00f3n a Hunosa por cesi\\u00f3n ilegal de trabajadores | El Digital de Asturias\",\"description\":\"(EUROPA PRESS) - La portavoz de Podemos Asturies en la Junta General del Principado de Asturias, Lorena Gil, ha registrado una pregunta en el parlamento en la que insta al Ejecutivo auton\\u00f3mico a decir cu\\u00e1ndo tiene previsto resolver la propuesta de sanci\\u00f3n de la Inspecci\\u00f3n de Trabajo y Seguridad Social de Asturias a Hunosa e IMSA\",\"inLanguage\":\"es-ES\",\"isPartOf\":{\"@id\":\"https:\\\/\\\/eldigitaldeasturias.com\\\/radio\\\/#website\"},\"breadcrumb\":{\"@id\":\"https:\\\/\\\/eldigitaldeasturias.com\\\/radio\\\/podemos-pregunta-al-gobierno-cuando-resolvera-la-propuesta-de-sancion-a-hunosa-por-cesion-ilegal-de-trabajadores\\\/#breadcrumblist\"},\"author\":{\"@id\":\"https:\\\/\\\/eldigitaldeasturias.com\\\/radio\\\/author\\\/nbasturias\\\/#author\"},\"creator\":{\"@id\":\"https:\\\/\\\/eldigitaldeasturias.com\\\/radio\\\/author\\\/nbasturias\\\/#author\"},\"image\":{\"@type\":\"ImageObject\",\"url\":\"https:\\\/\\\/eldigitaldeasturias.com\\\/radio\\\/wp-content\\\/uploads\\\/2020\\\/07\\\/Podemos-Asturias.jpg\",\"@id\":\"https:\\\/\\\/eldigitaldeasturias.com\\\/radio\\\/podemos-pregunta-al-gobierno-cuando-resolvera-la-propuesta-de-sancion-a-hunosa-por-cesion-ilegal-de-trabajadores\\\/#mainImage\",\"width\":731,\"height\":503,\"caption\":\"La diputada portavoz de Podemos, Lorena Gil, interviene en el Pleno de la Junta General. - JOSE VALLINA - EP\"},\"primaryImageOfPage\":{\"@id\":\"https:\\\/\\\/eldigitaldeasturias.com\\\/radio\\\/podemos-pregunta-al-gobierno-cuando-resolvera-la-propuesta-de-sancion-a-hunosa-por-cesion-ilegal-de-trabajadores\\\/#mainImage\"},\"datePublished\":\"2020-07-19T13:25:35+02:00\",\"dateModified\":\"2020-07-19T13:25:35+02:00\"},{\"@type\":\"WebSite\",\"@id\":\"https:\\\/\\\/eldigitaldeasturias.com\\\/radio\\\/#website\",\"url\":\"https:\\\/\\\/eldigitaldeasturias.com\\\/radio\\\/\",\"name\":\"El Digital de Asturias\",\"description\":\"Diario de informaci\\u00f3n y noticias\",\"inLanguage\":\"es-ES\",\"publisher\":{\"@id\":\"https:\\\/\\\/eldigitaldeasturias.com\\\/radio\\\/#organization\"}}]}\n\t\t<\/script>\n\t\t<!-- All in One SEO Pro -->\r\n\t\t<title>Podemos pregunta al Gobierno cu\u00e1ndo resolver\u00e1 la propuesta de sanci\u00f3n a Hunosa por cesi\u00f3n ilegal de trabajadores | El Digital de Asturias<\/title>\n\n","aioseo_head_json":{"title":"Podemos pregunta al Gobierno cu\u00e1ndo resolver\u00e1 la propuesta de sanci\u00f3n a Hunosa por cesi\u00f3n ilegal de trabajadores | El Digital de Asturias","description":"(EUROPA PRESS) - La portavoz de Podemos Asturies en la Junta General del Principado de Asturias, Lorena Gil, ha registrado una pregunta en el parlamento en la que insta al Ejecutivo auton\u00f3mico a decir cu\u00e1ndo tiene previsto resolver la propuesta de sanci\u00f3n de la Inspecci\u00f3n de Trabajo y Seguridad Social de Asturias a Hunosa e IMSA","canonical_url":"https:\/\/eldigitaldeasturias.com\/radio\/podemos-pregunta-al-gobierno-cuando-resolvera-la-propuesta-de-sancion-a-hunosa-por-cesion-ilegal-de-trabajadores\/","robots":"max-image-preview:large","keywords":"noticias","webmasterTools":{"google-site-verification":"UA-38556648-1","miscellaneous":""},"schema":{"@context":"https:\/\/schema.org","@graph":[{"@type":"BreadcrumbList","@id":"https:\/\/eldigitaldeasturias.com\/radio\/podemos-pregunta-al-gobierno-cuando-resolvera-la-propuesta-de-sancion-a-hunosa-por-cesion-ilegal-de-trabajadores\/#breadcrumblist","itemListElement":[{"@type":"ListItem","@id":"https:\/\/eldigitaldeasturias.com\/radio#listItem","position":1,"name":"Inicio","item":"https:\/\/eldigitaldeasturias.com\/radio","nextItem":{"@type":"ListItem","@id":"https:\/\/eldigitaldeasturias.com\/radio\/category\/noticias\/#listItem","name":"Noticias"}},{"@type":"ListItem","@id":"https:\/\/eldigitaldeasturias.com\/radio\/category\/noticias\/#listItem","position":2,"name":"Noticias","item":"https:\/\/eldigitaldeasturias.com\/radio\/category\/noticias\/","nextItem":{"@type":"ListItem","@id":"https:\/\/eldigitaldeasturias.com\/radio\/podemos-pregunta-al-gobierno-cuando-resolvera-la-propuesta-de-sancion-a-hunosa-por-cesion-ilegal-de-trabajadores\/#listItem","name":"Podemos pregunta al Gobierno cu\u00e1ndo resolver\u00e1 la propuesta de sanci\u00f3n a Hunosa por cesi\u00f3n ilegal de trabajadores"},"previousItem":{"@type":"ListItem","@id":"https:\/\/eldigitaldeasturias.com\/radio#listItem","name":"Inicio"}},{"@type":"ListItem","@id":"https:\/\/eldigitaldeasturias.com\/radio\/podemos-pregunta-al-gobierno-cuando-resolvera-la-propuesta-de-sancion-a-hunosa-por-cesion-ilegal-de-trabajadores\/#listItem","position":3,"name":"Podemos pregunta al Gobierno cu\u00e1ndo resolver\u00e1 la propuesta de sanci\u00f3n a Hunosa por cesi\u00f3n ilegal de trabajadores","previousItem":{"@type":"ListItem","@id":"https:\/\/eldigitaldeasturias.com\/radio\/category\/noticias\/#listItem","name":"Noticias"}}]},{"@type":"NewsArticle","@id":"https:\/\/eldigitaldeasturias.com\/radio\/podemos-pregunta-al-gobierno-cuando-resolvera-la-propuesta-de-sancion-a-hunosa-por-cesion-ilegal-de-trabajadores\/#newsarticle","name":"Podemos pregunta al Gobierno cu\u00e1ndo resolver\u00e1 la propuesta de sanci\u00f3n a Hunosa por cesi\u00f3n ilegal de trabajadores | El Digital de Asturias","headline":"Podemos pregunta al Gobierno cu\u00e1ndo resolver\u00e1 la propuesta de sanci\u00f3n a Hunosa por cesi\u00f3n ilegal de trabajadores","author":{"@id":"https:\/\/eldigitaldeasturias.com\/radio\/author\/nbasturias\/#author"},"publisher":{"@id":"https:\/\/eldigitaldeasturias.com\/radio\/#organization"},"image":{"@type":"ImageObject","url":"https:\/\/eldigitaldeasturias.com\/radio\/wp-content\/uploads\/2020\/07\/Podemos-Asturias.jpg","width":731,"height":503,"caption":"La diputada portavoz de Podemos, Lorena Gil, interviene en el Pleno de la Junta General. - JOSE VALLINA - EP"},"datePublished":"2020-07-19T13:25:35+02:00","dateModified":"2020-07-19T13:25:35+02:00","inLanguage":"es-ES","mainEntityOfPage":{"@id":"https:\/\/eldigitaldeasturias.com\/radio\/podemos-pregunta-al-gobierno-cuando-resolvera-la-propuesta-de-sancion-a-hunosa-por-cesion-ilegal-de-trabajadores\/#webpage"},"isPartOf":{"@id":"https:\/\/eldigitaldeasturias.com\/radio\/podemos-pregunta-al-gobierno-cuando-resolvera-la-propuesta-de-sancion-a-hunosa-por-cesion-ilegal-de-trabajadores\/#webpage"},"articleSection":"Noticias","dateline":"Publicado el julio 19, 2020."},{"@type":"Organization","@id":"https:\/\/eldigitaldeasturias.com\/radio\/#organization","name":"El digital de Asturias Radio","description":"Diario de informaci\u00f3n y noticias","url":"https:\/\/eldigitaldeasturias.com\/radio\/","telephone":"+34652131393","logo":{"@type":"ImageObject","url":"https:\/\/www.eldigitaldeasturias.com\/radio\/wp-content\/uploads\/2021\/03\/EDA.jpg","@id":"https:\/\/eldigitaldeasturias.com\/radio\/podemos-pregunta-al-gobierno-cuando-resolvera-la-propuesta-de-sancion-a-hunosa-por-cesion-ilegal-de-trabajadores\/#organizationLogo"},"image":{"@id":"https:\/\/eldigitaldeasturias.com\/radio\/podemos-pregunta-al-gobierno-cuando-resolvera-la-propuesta-de-sancion-a-hunosa-por-cesion-ilegal-de-trabajadores\/#organizationLogo"},"sameAs":["https:\/\/www.facebook.com\/","https:\/\/x.com\/bercodi","https:\/\/www.instagram.com\/","https:\/\/www.youtube.com\/channel\/UCZP-2wLEB9Rv6erhFmqVnvg"]},{"@type":"Person","@id":"https:\/\/eldigitaldeasturias.com\/radio\/author\/nbasturias\/#author","url":"https:\/\/eldigitaldeasturias.com\/radio\/author\/nbasturias\/","name":"NBAsturias","image":{"@type":"ImageObject","@id":"https:\/\/eldigitaldeasturias.com\/radio\/podemos-pregunta-al-gobierno-cuando-resolvera-la-propuesta-de-sancion-a-hunosa-por-cesion-ilegal-de-trabajadores\/#authorImage","url":"https:\/\/secure.gravatar.com\/avatar\/df2aeffc32bcd13f8d26072ef8a91b623d677766deac7f97ca815868cd41bf5e?s=96&d=mm&r=g","width":96,"height":96,"caption":"NBAsturias"}},{"@type":"WebPage","@id":"https:\/\/eldigitaldeasturias.com\/radio\/podemos-pregunta-al-gobierno-cuando-resolvera-la-propuesta-de-sancion-a-hunosa-por-cesion-ilegal-de-trabajadores\/#webpage","url":"https:\/\/eldigitaldeasturias.com\/radio\/podemos-pregunta-al-gobierno-cuando-resolvera-la-propuesta-de-sancion-a-hunosa-por-cesion-ilegal-de-trabajadores\/","name":"Podemos pregunta al Gobierno cu\u00e1ndo resolver\u00e1 la propuesta de sanci\u00f3n a Hunosa por cesi\u00f3n ilegal de trabajadores | El Digital de Asturias","description":"(EUROPA PRESS) - La portavoz de Podemos Asturies en la Junta General del Principado de Asturias, Lorena Gil, ha registrado una pregunta en el parlamento en la que insta al Ejecutivo auton\u00f3mico a decir cu\u00e1ndo tiene previsto resolver la propuesta de sanci\u00f3n de la Inspecci\u00f3n de Trabajo y Seguridad Social de Asturias a Hunosa e IMSA","inLanguage":"es-ES","isPartOf":{"@id":"https:\/\/eldigitaldeasturias.com\/radio\/#website"},"breadcrumb":{"@id":"https:\/\/eldigitaldeasturias.com\/radio\/podemos-pregunta-al-gobierno-cuando-resolvera-la-propuesta-de-sancion-a-hunosa-por-cesion-ilegal-de-trabajadores\/#breadcrumblist"},"author":{"@id":"https:\/\/eldigitaldeasturias.com\/radio\/author\/nbasturias\/#author"},"creator":{"@id":"https:\/\/eldigitaldeasturias.com\/radio\/author\/nbasturias\/#author"},"image":{"@type":"ImageObject","url":"https:\/\/eldigitaldeasturias.com\/radio\/wp-content\/uploads\/2020\/07\/Podemos-Asturias.jpg","@id":"https:\/\/eldigitaldeasturias.com\/radio\/podemos-pregunta-al-gobierno-cuando-resolvera-la-propuesta-de-sancion-a-hunosa-por-cesion-ilegal-de-trabajadores\/#mainImage","width":731,"height":503,"caption":"La diputada portavoz de Podemos, Lorena Gil, interviene en el Pleno de la Junta General. - JOSE VALLINA - EP"},"primaryImageOfPage":{"@id":"https:\/\/eldigitaldeasturias.com\/radio\/podemos-pregunta-al-gobierno-cuando-resolvera-la-propuesta-de-sancion-a-hunosa-por-cesion-ilegal-de-trabajadores\/#mainImage"},"datePublished":"2020-07-19T13:25:35+02:00","dateModified":"2020-07-19T13:25:35+02:00"},{"@type":"WebSite","@id":"https:\/\/eldigitaldeasturias.com\/radio\/#website","url":"https:\/\/eldigitaldeasturias.com\/radio\/","name":"El Digital de Asturias","description":"Diario de informaci\u00f3n y noticias","inLanguage":"es-ES","publisher":{"@id":"https:\/\/eldigitaldeasturias.com\/radio\/#organization"}}]},"og:locale":"es_ES","og:site_name":"El Digital de Asturias | Diario de informaci\u00f3n y noticias","og:type":"article","og:title":"Podemos pregunta al Gobierno cu\u00e1ndo resolver\u00e1 la propuesta de sanci\u00f3n a Hunosa por cesi\u00f3n ilegal de trabajadores | El Digital de Asturias","og:description":"(EUROPA PRESS) - La portavoz de Podemos Asturies en la Junta General del Principado de Asturias, Lorena Gil, ha registrado una pregunta en el parlamento en la que insta al Ejecutivo auton\u00f3mico a decir cu\u00e1ndo tiene previsto resolver la propuesta de sanci\u00f3n de la Inspecci\u00f3n de Trabajo y Seguridad Social de Asturias a Hunosa e IMSA","og:url":"https:\/\/eldigitaldeasturias.com\/radio\/podemos-pregunta-al-gobierno-cuando-resolvera-la-propuesta-de-sancion-a-hunosa-por-cesion-ilegal-de-trabajadores\/","og:image":"https:\/\/eldigitaldeasturias.com\/radio\/wp-content\/uploads\/2020\/07\/Podemos-Asturias.jpg","og:image:secure_url":"https:\/\/eldigitaldeasturias.com\/radio\/wp-content\/uploads\/2020\/07\/Podemos-Asturias.jpg","og:image:width":731,"og:image:height":503,"article:published_time":"2020-07-19T13:25:35+00:00","article:modified_time":"2020-07-19T13:25:35+00:00","twitter:card":"summary_large_image","twitter:site":"@bercodi","twitter:title":"Podemos pregunta al Gobierno cu\u00e1ndo resolver\u00e1 la propuesta de sanci\u00f3n a Hunosa por cesi\u00f3n ilegal de trabajadores | El Digital de Asturias","twitter:description":"(EUROPA PRESS) - La portavoz de Podemos Asturies en la Junta General del Principado de Asturias, Lorena Gil, ha registrado una pregunta en el parlamento en la que insta al Ejecutivo auton\u00f3mico a decir cu\u00e1ndo tiene previsto resolver la propuesta de sanci\u00f3n de la Inspecci\u00f3n de Trabajo y Seguridad Social de Asturias a Hunosa e IMSA","twitter:creator":"@bercodi","twitter:image":"https:\/\/eldigitaldeasturias.com\/radio\/wp-content\/uploads\/2020\/07\/Podemos-Asturias.jpg"},"aioseo_meta_data":{"post_id":"4792","title":null,"description":"","keywords":"","keyphrases":null,"primary_term":null,"canonical_url":"","og_title":null,"og_description":null,"og_object_type":"default","og_image_type":"default","og_image_url":null,"og_image_width":null,"og_image_height":null,"og_image_custom_url":null,"og_image_custom_fields":null,"og_video":null,"og_custom_url":null,"og_article_section":null,"og_article_tags":null,"twitter_use_og":false,"twitter_card":"default","twitter_image_type":"default","twitter_image_url":null,"twitter_image_custom_url":null,"twitter_image_custom_fields":null,"twitter_title":null,"twitter_description":null,"schema":{"blockGraphs":[],"customGraphs":[],"default":{"data":{"Article":[],"Course":[],"Dataset":[],"FAQPage":[],"Movie":[],"Person":[],"Product":[],"ProductReview":[],"Car":[],"Recipe":[],"Service":[],"SoftwareApplication":[],"WebPage":[]},"graphName":"","isEnabled":true},"graphs":[],"defaultGraph":"","defaultPostTypeGraph":""},"schema_type":null,"schema_type_options":null,"pillar_content":false,"robots_default":true,"robots_noindex":false,"robots_noarchive":false,"robots_nosnippet":false,"robots_nofollow":false,"robots_noimageindex":false,"robots_noodp":false,"robots_notranslate":false,"robots_max_snippet":null,"robots_max_videopreview":null,"robots_max_imagepreview":"large","priority":null,"frequency":null,"location":null,"local_seo":null,"seo_analyzer_scan_date":"2025-08-28 16:43:00","breadcrumb_settings":null,"limit_modified_date":false,"open_ai":null,"ai":null,"created":"2021-03-27 15:33:50","updated":"2025-08-28 16:43:00"},"aioseo_breadcrumb":"<div class=\"aioseo-breadcrumbs\"><span class=\"aioseo-breadcrumb\">\n\t<a href=\"https:\/\/eldigitaldeasturias.com\/radio\" title=\"Inicio\">Inicio<\/a>\n<\/span><span class=\"aioseo-breadcrumb-separator\">&ndash;<\/span><span class=\"aioseo-breadcrumb\">\n\t<a href=\"https:\/\/eldigitaldeasturias.com\/radio\/category\/noticias\/\" title=\"Noticias\">Noticias<\/a>\n<\/span><span class=\"aioseo-breadcrumb-separator\">&ndash;<\/span><span class=\"aioseo-breadcrumb\">\n\tPodemos pregunta al Gobierno cu\u00e1ndo resolver\u00e1 la propuesta de sanci\u00f3n a Hunosa por cesi\u00f3n ilegal de trabajadores\n<\/span><\/div>","aioseo_breadcrumb_json":[{"label":"Inicio","link":"https:\/\/eldigitaldeasturias.com\/radio"},{"label":"Noticias","link":"https:\/\/eldigitaldeasturias.com\/radio\/category\/noticias\/"},{"label":"Podemos pregunta al Gobierno cu\u00e1ndo resolver\u00e1 la propuesta de sanci\u00f3n a Hunosa por cesi\u00f3n ilegal de trabajadores","link":"https:\/\/eldigitaldeasturias.com\/radio\/podemos-pregunta-al-gobierno-cuando-resolvera-la-propuesta-de-sancion-a-hunosa-por-cesion-ilegal-de-trabajadores\/"}],"_links":{"self":[{"href":"https:\/\/eldigitaldeasturias.com\/radio\/wp-json\/wp\/v2\/posts\/4792","targetHints":{"allow":["GET"]}}],"collection":[{"href":"https:\/\/eldigitaldeasturias.com\/radio\/wp-json\/wp\/v2\/posts"}],"about":[{"href":"https:\/\/eldigitaldeasturias.com\/radio\/wp-json\/wp\/v2\/types\/post"}],"author":[{"embeddable":true,"href":"https:\/\/eldigitaldeasturias.com\/radio\/wp-json\/wp\/v2\/users\/1"}],"replies":[{"embeddable":true,"href":"https:\/\/eldigitaldeasturias.com\/radio\/wp-json\/wp\/v2\/comments?post=4792"}],"version-history":[{"count":0,"href":"https:\/\/eldigitaldeasturias.com\/radio\/wp-json\/wp\/v2\/posts\/4792\/revisions"}],"wp:featuredmedia":[{"embeddable":true,"href":"https:\/\/eldigitaldeasturias.com\/radio\/wp-json\/wp\/v2\/media\/4793"}],"wp:attachment":[{"href":"https:\/\/eldigitaldeasturias.com\/radio\/wp-json\/wp\/v2\/media?parent=4792"}],"wp:term":[{"taxonomy":"category","embeddable":true,"href":"https:\/\/eldigitaldeasturias.com\/radio\/wp-json\/wp\/v2\/categories?post=4792"},{"taxonomy":"post_tag","embeddable":true,"href":"https:\/\/eldigitaldeasturias.com\/radio\/wp-json\/wp\/v2\/tags?post=4792"}],"curies":[{"name":"wp","href":"https:\/\/api.w.org\/{rel}","templated":true}]}}