{"id":4789,"date":"2020-07-18T15:38:58","date_gmt":"2020-07-18T15:38:58","guid":{"rendered":"http:\/\/www.eldigitaldeasturias.com\/radio\/?p=4789"},"modified":"2020-07-18T15:38:58","modified_gmt":"2020-07-18T15:38:58","slug":"el-principado-reclama-a-iberdrola-que-presente-un-plan-de-acompanamiento-para-la-termica-de-lada","status":"publish","type":"post","link":"https:\/\/eldigitaldeasturias.com\/radio\/el-principado-reclama-a-iberdrola-que-presente-un-plan-de-acompanamiento-para-la-termica-de-lada\/","title":{"rendered":"El Principado reclama a Iberdrola que presente un plan de acompa\u00f1amiento para la t\u00e9rmica de Lada"},"content":{"rendered":"<figure id=\"attachment_4790\" aria-describedby=\"caption-attachment-4790\" style=\"width: 360px\" class=\"wp-caption alignleft\"><img fetchpriority=\"high\" decoding=\"async\" class=\"size-medium wp-image-4790\" src=\"http:\/\/www.eldigitaldeasturias.com\/radio\/wp-content\/uploads\/2020\/07\/fotonoticia_20200717144636_1920-360x146.jpg\" alt=\"\" width=\"360\" height=\"146\" srcset=\"https:\/\/eldigitaldeasturias.com\/radio\/wp-content\/uploads\/2020\/07\/fotonoticia_20200717144636_1920-360x146.jpg 360w, https:\/\/eldigitaldeasturias.com\/radio\/wp-content\/uploads\/2020\/07\/fotonoticia_20200717144636_1920-1024x417.jpg 1024w, https:\/\/eldigitaldeasturias.com\/radio\/wp-content\/uploads\/2020\/07\/fotonoticia_20200717144636_1920-768x312.jpg 768w, https:\/\/eldigitaldeasturias.com\/radio\/wp-content\/uploads\/2020\/07\/fotonoticia_20200717144636_1920-1536x625.jpg 1536w, https:\/\/eldigitaldeasturias.com\/radio\/wp-content\/uploads\/2020\/07\/fotonoticia_20200717144636_1920.jpg 1920w\" sizes=\"(max-width: 360px) 100vw, 360px\" \/><figcaption id=\"caption-attachment-4790\" class=\"wp-caption-text\">FOTO PRENSA PRINCIPADO \/ EP<\/figcaption><\/figure>\n<p>(EUROPA PRESS) &#8211;\u00a0La directora general de Energ\u00eda, Miner\u00eda y Reactivaci\u00f3n, Belarmina D\u00edaz, ha reclamado este viernes a Iberdrola la necesidad de que la compa\u00f1\u00eda presente un plan de acompa\u00f1amiento que permita la generaci\u00f3n de empleo y actividad econ\u00f3mica a medio y largo plazo en energ\u00edas renovables, nuevas tecnolog\u00edas en el \u00e1mbito energ\u00e9tico o iniciativas que puedan acogerse a los fondos de transici\u00f3n europeos.<\/p>\n<p>La directora, junto al consejero de Industria, Empleo y Promoci\u00f3n Econ\u00f3mica, Enrique Fern\u00e1ndez, se ha reunido este viernes con una representaci\u00f3n del sindicato SOMA-FITAG-UGT, encabezada por su secretario general, Jos\u00e9 Luis Alperi.<\/p>\n<p>En la reuni\u00f3n se ha abordado la situaci\u00f3n de la central t\u00e9rmica de Lada, propiedad de Iberdrola, y la necesidad de que la compa\u00f1\u00eda presente un plan de acompa\u00f1amiento que permita la generaci\u00f3n de empleo y actividad econ\u00f3mica a medio y largo plazo en energ\u00edas renovables, nuevas tecnolog\u00edas en el \u00e1mbito energ\u00e9tico o iniciativas que puedan acogerse a los fondos de transici\u00f3n europeos.<\/p>\n<p>La directora general ha se\u00f1alado que el Gobierno de Asturias mantiene contactos y conversaciones con Iberdrola y conf\u00eda en que la compa\u00f1\u00eda presente iniciativas de futuro en una zona como Lada, con potencial para el desarrollo de proyectos verdes.<\/p>\n<p>\u00abEstamos abiertos a valorar cualquier proyecto atractivo para el entorno de la t\u00e9rmica y nuestro objetivo es que la empresa se implique\u00bb, ha destacado D\u00edaz Aguado.<\/p>\n","protected":false},"excerpt":{"rendered":"<p>(EUROPA PRESS) &#8211;\u00a0La directora general de Energ\u00eda, Miner\u00eda y Reactivaci\u00f3n, Belarmina D\u00edaz, ha reclamado este viernes a Iberdrola la necesidad de que la compa\u00f1\u00eda presente un plan de acompa\u00f1amiento que permita la generaci\u00f3n de empleo y actividad econ\u00f3mica a medio y largo plazo en energ\u00edas renovables, nuevas tecnolog\u00edas en el \u00e1mbito energ\u00e9tico o iniciativas que<\/p>\n","protected":false},"author":1,"featured_media":4790,"comment_status":"closed","ping_status":"closed","sticky":false,"template":"","format":"standard","meta":{"footnotes":""},"categories":[1],"tags":[],"class_list":{"0":"post-4789","1":"post","2":"type-post","3":"status-publish","4":"format-standard","5":"has-post-thumbnail","7":"category-noticias"},"aioseo_notices":[],"aioseo_head":"\n\t\t<!-- All in One SEO Pro 4.9.6.2 - aioseo.com -->\n\t<meta name=\"description\" content=\"(EUROPA PRESS) - La directora general de Energ\u00eda, Miner\u00eda y Reactivaci\u00f3n, Belarmina D\u00edaz, ha reclamado este viernes a Iberdrola la necesidad de que la compa\u00f1\u00eda presente un plan de acompa\u00f1amiento que permita la generaci\u00f3n de empleo y actividad econ\u00f3mica a medio y largo plazo en energ\u00edas renovables, nuevas tecnolog\u00edas en el \u00e1mbito energ\u00e9tico o iniciativas que\" \/>\n\t<meta name=\"robots\" content=\"max-image-preview:large\" \/>\n\t<meta name=\"author\" content=\"NBAsturias\"\/>\n\t<meta name=\"google-site-verification\" content=\"UA-38556648-1\" \/>\n\t<meta name=\"keywords\" content=\"noticias\" \/>\n\t<link rel=\"canonical\" href=\"https:\/\/eldigitaldeasturias.com\/radio\/el-principado-reclama-a-iberdrola-que-presente-un-plan-de-acompanamiento-para-la-termica-de-lada\/\" \/>\n\t<meta name=\"generator\" content=\"All in One SEO Pro (AIOSEO) 4.9.6.2\" \/>\n\t\t<meta property=\"og:locale\" content=\"es_ES\" \/>\n\t\t<meta property=\"og:site_name\" content=\"El Digital de Asturias | Diario de informaci\u00f3n y noticias\" \/>\n\t\t<meta property=\"og:type\" content=\"article\" \/>\n\t\t<meta property=\"og:title\" content=\"El Principado reclama a Iberdrola que presente un plan de acompa\u00f1amiento para la t\u00e9rmica de Lada | El Digital de Asturias\" \/>\n\t\t<meta property=\"og:description\" content=\"(EUROPA PRESS) - La directora general de Energ\u00eda, Miner\u00eda y Reactivaci\u00f3n, Belarmina D\u00edaz, ha reclamado este viernes a Iberdrola la necesidad de que la compa\u00f1\u00eda presente un plan de acompa\u00f1amiento que permita la generaci\u00f3n de empleo y actividad econ\u00f3mica a medio y largo plazo en energ\u00edas renovables, nuevas tecnolog\u00edas en el \u00e1mbito energ\u00e9tico o iniciativas que\" \/>\n\t\t<meta property=\"og:url\" content=\"https:\/\/eldigitaldeasturias.com\/radio\/el-principado-reclama-a-iberdrola-que-presente-un-plan-de-acompanamiento-para-la-termica-de-lada\/\" \/>\n\t\t<meta property=\"og:image\" content=\"https:\/\/eldigitaldeasturias.com\/radio\/wp-content\/uploads\/2020\/07\/fotonoticia_20200717144636_1920.jpg\" \/>\n\t\t<meta property=\"og:image:secure_url\" content=\"https:\/\/eldigitaldeasturias.com\/radio\/wp-content\/uploads\/2020\/07\/fotonoticia_20200717144636_1920.jpg\" \/>\n\t\t<meta property=\"og:image:width\" content=\"1920\" \/>\n\t\t<meta property=\"og:image:height\" content=\"781\" \/>\n\t\t<meta property=\"article:published_time\" content=\"2020-07-18T15:38:58+00:00\" \/>\n\t\t<meta property=\"article:modified_time\" content=\"2020-07-18T15:38:58+00:00\" \/>\n\t\t<meta name=\"twitter:card\" content=\"summary_large_image\" \/>\n\t\t<meta name=\"twitter:site\" content=\"@bercodi\" \/>\n\t\t<meta name=\"twitter:title\" content=\"El Principado reclama a Iberdrola que presente un plan de acompa\u00f1amiento para la t\u00e9rmica de Lada | El Digital de Asturias\" \/>\n\t\t<meta name=\"twitter:description\" content=\"(EUROPA PRESS) - La directora general de Energ\u00eda, Miner\u00eda y Reactivaci\u00f3n, Belarmina D\u00edaz, ha reclamado este viernes a Iberdrola la necesidad de que la compa\u00f1\u00eda presente un plan de acompa\u00f1amiento que permita la generaci\u00f3n de empleo y actividad econ\u00f3mica a medio y largo plazo en energ\u00edas renovables, nuevas tecnolog\u00edas en el \u00e1mbito energ\u00e9tico o iniciativas que\" \/>\n\t\t<meta name=\"twitter:creator\" content=\"@bercodi\" \/>\n\t\t<meta name=\"twitter:image\" content=\"https:\/\/eldigitaldeasturias.com\/radio\/wp-content\/uploads\/2020\/07\/fotonoticia_20200717144636_1920.jpg\" \/>\n\t\t<script type=\"application\/ld+json\" class=\"aioseo-schema\">\n\t\t\t{\"@context\":\"https:\\\/\\\/schema.org\",\"@graph\":[{\"@type\":\"BreadcrumbList\",\"@id\":\"https:\\\/\\\/eldigitaldeasturias.com\\\/radio\\\/el-principado-reclama-a-iberdrola-que-presente-un-plan-de-acompanamiento-para-la-termica-de-lada\\\/#breadcrumblist\",\"itemListElement\":[{\"@type\":\"ListItem\",\"@id\":\"https:\\\/\\\/eldigitaldeasturias.com\\\/radio#listItem\",\"position\":1,\"name\":\"Inicio\",\"item\":\"https:\\\/\\\/eldigitaldeasturias.com\\\/radio\",\"nextItem\":{\"@type\":\"ListItem\",\"@id\":\"https:\\\/\\\/eldigitaldeasturias.com\\\/radio\\\/category\\\/noticias\\\/#listItem\",\"name\":\"Noticias\"}},{\"@type\":\"ListItem\",\"@id\":\"https:\\\/\\\/eldigitaldeasturias.com\\\/radio\\\/category\\\/noticias\\\/#listItem\",\"position\":2,\"name\":\"Noticias\",\"item\":\"https:\\\/\\\/eldigitaldeasturias.com\\\/radio\\\/category\\\/noticias\\\/\",\"nextItem\":{\"@type\":\"ListItem\",\"@id\":\"https:\\\/\\\/eldigitaldeasturias.com\\\/radio\\\/el-principado-reclama-a-iberdrola-que-presente-un-plan-de-acompanamiento-para-la-termica-de-lada\\\/#listItem\",\"name\":\"El Principado reclama a Iberdrola que presente un plan de acompa\\u00f1amiento para la t\\u00e9rmica de Lada\"},\"previousItem\":{\"@type\":\"ListItem\",\"@id\":\"https:\\\/\\\/eldigitaldeasturias.com\\\/radio#listItem\",\"name\":\"Inicio\"}},{\"@type\":\"ListItem\",\"@id\":\"https:\\\/\\\/eldigitaldeasturias.com\\\/radio\\\/el-principado-reclama-a-iberdrola-que-presente-un-plan-de-acompanamiento-para-la-termica-de-lada\\\/#listItem\",\"position\":3,\"name\":\"El Principado reclama a Iberdrola que presente un plan de acompa\\u00f1amiento para la t\\u00e9rmica de Lada\",\"previousItem\":{\"@type\":\"ListItem\",\"@id\":\"https:\\\/\\\/eldigitaldeasturias.com\\\/radio\\\/category\\\/noticias\\\/#listItem\",\"name\":\"Noticias\"}}]},{\"@type\":\"NewsArticle\",\"@id\":\"https:\\\/\\\/eldigitaldeasturias.com\\\/radio\\\/el-principado-reclama-a-iberdrola-que-presente-un-plan-de-acompanamiento-para-la-termica-de-lada\\\/#newsarticle\",\"name\":\"El Principado reclama a Iberdrola que presente un plan de acompa\\u00f1amiento para la t\\u00e9rmica de Lada | El Digital de Asturias\",\"headline\":\"El Principado reclama a Iberdrola que presente un plan de acompa\\u00f1amiento para la t\\u00e9rmica de Lada\",\"author\":{\"@id\":\"https:\\\/\\\/eldigitaldeasturias.com\\\/radio\\\/author\\\/nbasturias\\\/#author\"},\"publisher\":{\"@id\":\"https:\\\/\\\/eldigitaldeasturias.com\\\/radio\\\/#organization\"},\"image\":{\"@type\":\"ImageObject\",\"url\":\"https:\\\/\\\/eldigitaldeasturias.com\\\/radio\\\/wp-content\\\/uploads\\\/2020\\\/07\\\/fotonoticia_20200717144636_1920.jpg\",\"width\":1920,\"height\":781,\"caption\":\"FOTO PRENSA PRINCIPADO \\\/ EP\"},\"datePublished\":\"2020-07-18T15:38:58+02:00\",\"dateModified\":\"2020-07-18T15:38:58+02:00\",\"inLanguage\":\"es-ES\",\"mainEntityOfPage\":{\"@id\":\"https:\\\/\\\/eldigitaldeasturias.com\\\/radio\\\/el-principado-reclama-a-iberdrola-que-presente-un-plan-de-acompanamiento-para-la-termica-de-lada\\\/#webpage\"},\"isPartOf\":{\"@id\":\"https:\\\/\\\/eldigitaldeasturias.com\\\/radio\\\/el-principado-reclama-a-iberdrola-que-presente-un-plan-de-acompanamiento-para-la-termica-de-lada\\\/#webpage\"},\"articleSection\":\"Noticias\",\"dateline\":\"Publicado el julio 18, 2020.\"},{\"@type\":\"Organization\",\"@id\":\"https:\\\/\\\/eldigitaldeasturias.com\\\/radio\\\/#organization\",\"name\":\"El digital de Asturias Radio\",\"description\":\"Diario de informaci\\u00f3n y noticias\",\"url\":\"https:\\\/\\\/eldigitaldeasturias.com\\\/radio\\\/\",\"telephone\":\"+34652131393\",\"logo\":{\"@type\":\"ImageObject\",\"url\":\"https:\\\/\\\/www.eldigitaldeasturias.com\\\/radio\\\/wp-content\\\/uploads\\\/2021\\\/03\\\/EDA.jpg\",\"@id\":\"https:\\\/\\\/eldigitaldeasturias.com\\\/radio\\\/el-principado-reclama-a-iberdrola-que-presente-un-plan-de-acompanamiento-para-la-termica-de-lada\\\/#organizationLogo\"},\"image\":{\"@id\":\"https:\\\/\\\/eldigitaldeasturias.com\\\/radio\\\/el-principado-reclama-a-iberdrola-que-presente-un-plan-de-acompanamiento-para-la-termica-de-lada\\\/#organizationLogo\"},\"sameAs\":[\"https:\\\/\\\/www.facebook.com\\\/\",\"https:\\\/\\\/x.com\\\/bercodi\",\"https:\\\/\\\/www.instagram.com\\\/\",\"https:\\\/\\\/www.youtube.com\\\/channel\\\/UCZP-2wLEB9Rv6erhFmqVnvg\"]},{\"@type\":\"Person\",\"@id\":\"https:\\\/\\\/eldigitaldeasturias.com\\\/radio\\\/author\\\/nbasturias\\\/#author\",\"url\":\"https:\\\/\\\/eldigitaldeasturias.com\\\/radio\\\/author\\\/nbasturias\\\/\",\"name\":\"NBAsturias\",\"image\":{\"@type\":\"ImageObject\",\"@id\":\"https:\\\/\\\/eldigitaldeasturias.com\\\/radio\\\/el-principado-reclama-a-iberdrola-que-presente-un-plan-de-acompanamiento-para-la-termica-de-lada\\\/#authorImage\",\"url\":\"https:\\\/\\\/secure.gravatar.com\\\/avatar\\\/df2aeffc32bcd13f8d26072ef8a91b623d677766deac7f97ca815868cd41bf5e?s=96&d=mm&r=g\",\"width\":96,\"height\":96,\"caption\":\"NBAsturias\"}},{\"@type\":\"WebPage\",\"@id\":\"https:\\\/\\\/eldigitaldeasturias.com\\\/radio\\\/el-principado-reclama-a-iberdrola-que-presente-un-plan-de-acompanamiento-para-la-termica-de-lada\\\/#webpage\",\"url\":\"https:\\\/\\\/eldigitaldeasturias.com\\\/radio\\\/el-principado-reclama-a-iberdrola-que-presente-un-plan-de-acompanamiento-para-la-termica-de-lada\\\/\",\"name\":\"El Principado reclama a Iberdrola que presente un plan de acompa\\u00f1amiento para la t\\u00e9rmica de Lada | El Digital de Asturias\",\"description\":\"(EUROPA PRESS) - La directora general de Energ\\u00eda, Miner\\u00eda y Reactivaci\\u00f3n, Belarmina D\\u00edaz, ha reclamado este viernes a Iberdrola la necesidad de que la compa\\u00f1\\u00eda presente un plan de acompa\\u00f1amiento que permita la generaci\\u00f3n de empleo y actividad econ\\u00f3mica a medio y largo plazo en energ\\u00edas renovables, nuevas tecnolog\\u00edas en el \\u00e1mbito energ\\u00e9tico o iniciativas que\",\"inLanguage\":\"es-ES\",\"isPartOf\":{\"@id\":\"https:\\\/\\\/eldigitaldeasturias.com\\\/radio\\\/#website\"},\"breadcrumb\":{\"@id\":\"https:\\\/\\\/eldigitaldeasturias.com\\\/radio\\\/el-principado-reclama-a-iberdrola-que-presente-un-plan-de-acompanamiento-para-la-termica-de-lada\\\/#breadcrumblist\"},\"author\":{\"@id\":\"https:\\\/\\\/eldigitaldeasturias.com\\\/radio\\\/author\\\/nbasturias\\\/#author\"},\"creator\":{\"@id\":\"https:\\\/\\\/eldigitaldeasturias.com\\\/radio\\\/author\\\/nbasturias\\\/#author\"},\"image\":{\"@type\":\"ImageObject\",\"url\":\"https:\\\/\\\/eldigitaldeasturias.com\\\/radio\\\/wp-content\\\/uploads\\\/2020\\\/07\\\/fotonoticia_20200717144636_1920.jpg\",\"@id\":\"https:\\\/\\\/eldigitaldeasturias.com\\\/radio\\\/el-principado-reclama-a-iberdrola-que-presente-un-plan-de-acompanamiento-para-la-termica-de-lada\\\/#mainImage\",\"width\":1920,\"height\":781,\"caption\":\"FOTO PRENSA PRINCIPADO \\\/ EP\"},\"primaryImageOfPage\":{\"@id\":\"https:\\\/\\\/eldigitaldeasturias.com\\\/radio\\\/el-principado-reclama-a-iberdrola-que-presente-un-plan-de-acompanamiento-para-la-termica-de-lada\\\/#mainImage\"},\"datePublished\":\"2020-07-18T15:38:58+02:00\",\"dateModified\":\"2020-07-18T15:38:58+02:00\"},{\"@type\":\"WebSite\",\"@id\":\"https:\\\/\\\/eldigitaldeasturias.com\\\/radio\\\/#website\",\"url\":\"https:\\\/\\\/eldigitaldeasturias.com\\\/radio\\\/\",\"name\":\"El Digital de Asturias\",\"description\":\"Diario de informaci\\u00f3n y noticias\",\"inLanguage\":\"es-ES\",\"publisher\":{\"@id\":\"https:\\\/\\\/eldigitaldeasturias.com\\\/radio\\\/#organization\"}}]}\n\t\t<\/script>\n\t\t<!-- All in One SEO Pro -->\r\n\t\t<title>El Principado reclama a Iberdrola que presente un plan de acompa\u00f1amiento para la t\u00e9rmica de Lada | El Digital de Asturias<\/title>\n\n","aioseo_head_json":{"title":"El Principado reclama a Iberdrola que presente un plan de acompa\u00f1amiento para la t\u00e9rmica de Lada | El Digital de Asturias","description":"(EUROPA PRESS) - La directora general de Energ\u00eda, Miner\u00eda y Reactivaci\u00f3n, Belarmina D\u00edaz, ha reclamado este viernes a Iberdrola la necesidad de que la compa\u00f1\u00eda presente un plan de acompa\u00f1amiento que permita la generaci\u00f3n de empleo y actividad econ\u00f3mica a medio y largo plazo en energ\u00edas renovables, nuevas tecnolog\u00edas en el \u00e1mbito energ\u00e9tico o iniciativas que","canonical_url":"https:\/\/eldigitaldeasturias.com\/radio\/el-principado-reclama-a-iberdrola-que-presente-un-plan-de-acompanamiento-para-la-termica-de-lada\/","robots":"max-image-preview:large","keywords":"noticias","webmasterTools":{"google-site-verification":"UA-38556648-1","miscellaneous":""},"schema":{"@context":"https:\/\/schema.org","@graph":[{"@type":"BreadcrumbList","@id":"https:\/\/eldigitaldeasturias.com\/radio\/el-principado-reclama-a-iberdrola-que-presente-un-plan-de-acompanamiento-para-la-termica-de-lada\/#breadcrumblist","itemListElement":[{"@type":"ListItem","@id":"https:\/\/eldigitaldeasturias.com\/radio#listItem","position":1,"name":"Inicio","item":"https:\/\/eldigitaldeasturias.com\/radio","nextItem":{"@type":"ListItem","@id":"https:\/\/eldigitaldeasturias.com\/radio\/category\/noticias\/#listItem","name":"Noticias"}},{"@type":"ListItem","@id":"https:\/\/eldigitaldeasturias.com\/radio\/category\/noticias\/#listItem","position":2,"name":"Noticias","item":"https:\/\/eldigitaldeasturias.com\/radio\/category\/noticias\/","nextItem":{"@type":"ListItem","@id":"https:\/\/eldigitaldeasturias.com\/radio\/el-principado-reclama-a-iberdrola-que-presente-un-plan-de-acompanamiento-para-la-termica-de-lada\/#listItem","name":"El Principado reclama a Iberdrola que presente un plan de acompa\u00f1amiento para la t\u00e9rmica de Lada"},"previousItem":{"@type":"ListItem","@id":"https:\/\/eldigitaldeasturias.com\/radio#listItem","name":"Inicio"}},{"@type":"ListItem","@id":"https:\/\/eldigitaldeasturias.com\/radio\/el-principado-reclama-a-iberdrola-que-presente-un-plan-de-acompanamiento-para-la-termica-de-lada\/#listItem","position":3,"name":"El Principado reclama a Iberdrola que presente un plan de acompa\u00f1amiento para la t\u00e9rmica de Lada","previousItem":{"@type":"ListItem","@id":"https:\/\/eldigitaldeasturias.com\/radio\/category\/noticias\/#listItem","name":"Noticias"}}]},{"@type":"NewsArticle","@id":"https:\/\/eldigitaldeasturias.com\/radio\/el-principado-reclama-a-iberdrola-que-presente-un-plan-de-acompanamiento-para-la-termica-de-lada\/#newsarticle","name":"El Principado reclama a Iberdrola que presente un plan de acompa\u00f1amiento para la t\u00e9rmica de Lada | El Digital de Asturias","headline":"El Principado reclama a Iberdrola que presente un plan de acompa\u00f1amiento para la t\u00e9rmica de Lada","author":{"@id":"https:\/\/eldigitaldeasturias.com\/radio\/author\/nbasturias\/#author"},"publisher":{"@id":"https:\/\/eldigitaldeasturias.com\/radio\/#organization"},"image":{"@type":"ImageObject","url":"https:\/\/eldigitaldeasturias.com\/radio\/wp-content\/uploads\/2020\/07\/fotonoticia_20200717144636_1920.jpg","width":1920,"height":781,"caption":"FOTO PRENSA PRINCIPADO \/ EP"},"datePublished":"2020-07-18T15:38:58+02:00","dateModified":"2020-07-18T15:38:58+02:00","inLanguage":"es-ES","mainEntityOfPage":{"@id":"https:\/\/eldigitaldeasturias.com\/radio\/el-principado-reclama-a-iberdrola-que-presente-un-plan-de-acompanamiento-para-la-termica-de-lada\/#webpage"},"isPartOf":{"@id":"https:\/\/eldigitaldeasturias.com\/radio\/el-principado-reclama-a-iberdrola-que-presente-un-plan-de-acompanamiento-para-la-termica-de-lada\/#webpage"},"articleSection":"Noticias","dateline":"Publicado el julio 18, 2020."},{"@type":"Organization","@id":"https:\/\/eldigitaldeasturias.com\/radio\/#organization","name":"El digital de Asturias Radio","description":"Diario de informaci\u00f3n y noticias","url":"https:\/\/eldigitaldeasturias.com\/radio\/","telephone":"+34652131393","logo":{"@type":"ImageObject","url":"https:\/\/www.eldigitaldeasturias.com\/radio\/wp-content\/uploads\/2021\/03\/EDA.jpg","@id":"https:\/\/eldigitaldeasturias.com\/radio\/el-principado-reclama-a-iberdrola-que-presente-un-plan-de-acompanamiento-para-la-termica-de-lada\/#organizationLogo"},"image":{"@id":"https:\/\/eldigitaldeasturias.com\/radio\/el-principado-reclama-a-iberdrola-que-presente-un-plan-de-acompanamiento-para-la-termica-de-lada\/#organizationLogo"},"sameAs":["https:\/\/www.facebook.com\/","https:\/\/x.com\/bercodi","https:\/\/www.instagram.com\/","https:\/\/www.youtube.com\/channel\/UCZP-2wLEB9Rv6erhFmqVnvg"]},{"@type":"Person","@id":"https:\/\/eldigitaldeasturias.com\/radio\/author\/nbasturias\/#author","url":"https:\/\/eldigitaldeasturias.com\/radio\/author\/nbasturias\/","name":"NBAsturias","image":{"@type":"ImageObject","@id":"https:\/\/eldigitaldeasturias.com\/radio\/el-principado-reclama-a-iberdrola-que-presente-un-plan-de-acompanamiento-para-la-termica-de-lada\/#authorImage","url":"https:\/\/secure.gravatar.com\/avatar\/df2aeffc32bcd13f8d26072ef8a91b623d677766deac7f97ca815868cd41bf5e?s=96&d=mm&r=g","width":96,"height":96,"caption":"NBAsturias"}},{"@type":"WebPage","@id":"https:\/\/eldigitaldeasturias.com\/radio\/el-principado-reclama-a-iberdrola-que-presente-un-plan-de-acompanamiento-para-la-termica-de-lada\/#webpage","url":"https:\/\/eldigitaldeasturias.com\/radio\/el-principado-reclama-a-iberdrola-que-presente-un-plan-de-acompanamiento-para-la-termica-de-lada\/","name":"El Principado reclama a Iberdrola que presente un plan de acompa\u00f1amiento para la t\u00e9rmica de Lada | El Digital de Asturias","description":"(EUROPA PRESS) - La directora general de Energ\u00eda, Miner\u00eda y Reactivaci\u00f3n, Belarmina D\u00edaz, ha reclamado este viernes a Iberdrola la necesidad de que la compa\u00f1\u00eda presente un plan de acompa\u00f1amiento que permita la generaci\u00f3n de empleo y actividad econ\u00f3mica a medio y largo plazo en energ\u00edas renovables, nuevas tecnolog\u00edas en el \u00e1mbito energ\u00e9tico o iniciativas que","inLanguage":"es-ES","isPartOf":{"@id":"https:\/\/eldigitaldeasturias.com\/radio\/#website"},"breadcrumb":{"@id":"https:\/\/eldigitaldeasturias.com\/radio\/el-principado-reclama-a-iberdrola-que-presente-un-plan-de-acompanamiento-para-la-termica-de-lada\/#breadcrumblist"},"author":{"@id":"https:\/\/eldigitaldeasturias.com\/radio\/author\/nbasturias\/#author"},"creator":{"@id":"https:\/\/eldigitaldeasturias.com\/radio\/author\/nbasturias\/#author"},"image":{"@type":"ImageObject","url":"https:\/\/eldigitaldeasturias.com\/radio\/wp-content\/uploads\/2020\/07\/fotonoticia_20200717144636_1920.jpg","@id":"https:\/\/eldigitaldeasturias.com\/radio\/el-principado-reclama-a-iberdrola-que-presente-un-plan-de-acompanamiento-para-la-termica-de-lada\/#mainImage","width":1920,"height":781,"caption":"FOTO PRENSA PRINCIPADO \/ EP"},"primaryImageOfPage":{"@id":"https:\/\/eldigitaldeasturias.com\/radio\/el-principado-reclama-a-iberdrola-que-presente-un-plan-de-acompanamiento-para-la-termica-de-lada\/#mainImage"},"datePublished":"2020-07-18T15:38:58+02:00","dateModified":"2020-07-18T15:38:58+02:00"},{"@type":"WebSite","@id":"https:\/\/eldigitaldeasturias.com\/radio\/#website","url":"https:\/\/eldigitaldeasturias.com\/radio\/","name":"El Digital de Asturias","description":"Diario de informaci\u00f3n y noticias","inLanguage":"es-ES","publisher":{"@id":"https:\/\/eldigitaldeasturias.com\/radio\/#organization"}}]},"og:locale":"es_ES","og:site_name":"El Digital de Asturias | Diario de informaci\u00f3n y noticias","og:type":"article","og:title":"El Principado reclama a Iberdrola que presente un plan de acompa\u00f1amiento para la t\u00e9rmica de Lada | El Digital de Asturias","og:description":"(EUROPA PRESS) - La directora general de Energ\u00eda, Miner\u00eda y Reactivaci\u00f3n, Belarmina D\u00edaz, ha reclamado este viernes a Iberdrola la necesidad de que la compa\u00f1\u00eda presente un plan de acompa\u00f1amiento que permita la generaci\u00f3n de empleo y actividad econ\u00f3mica a medio y largo plazo en energ\u00edas renovables, nuevas tecnolog\u00edas en el \u00e1mbito energ\u00e9tico o iniciativas que","og:url":"https:\/\/eldigitaldeasturias.com\/radio\/el-principado-reclama-a-iberdrola-que-presente-un-plan-de-acompanamiento-para-la-termica-de-lada\/","og:image":"https:\/\/eldigitaldeasturias.com\/radio\/wp-content\/uploads\/2020\/07\/fotonoticia_20200717144636_1920.jpg","og:image:secure_url":"https:\/\/eldigitaldeasturias.com\/radio\/wp-content\/uploads\/2020\/07\/fotonoticia_20200717144636_1920.jpg","og:image:width":1920,"og:image:height":781,"article:published_time":"2020-07-18T15:38:58+00:00","article:modified_time":"2020-07-18T15:38:58+00:00","twitter:card":"summary_large_image","twitter:site":"@bercodi","twitter:title":"El Principado reclama a Iberdrola que presente un plan de acompa\u00f1amiento para la t\u00e9rmica de Lada | El Digital de Asturias","twitter:description":"(EUROPA PRESS) - La directora general de Energ\u00eda, Miner\u00eda y Reactivaci\u00f3n, Belarmina D\u00edaz, ha reclamado este viernes a Iberdrola la necesidad de que la compa\u00f1\u00eda presente un plan de acompa\u00f1amiento que permita la generaci\u00f3n de empleo y actividad econ\u00f3mica a medio y largo plazo en energ\u00edas renovables, nuevas tecnolog\u00edas en el \u00e1mbito energ\u00e9tico o iniciativas que","twitter:creator":"@bercodi","twitter:image":"https:\/\/eldigitaldeasturias.com\/radio\/wp-content\/uploads\/2020\/07\/fotonoticia_20200717144636_1920.jpg"},"aioseo_meta_data":{"post_id":"4789","title":null,"description":"","keywords":"","keyphrases":null,"primary_term":null,"canonical_url":"","og_title":null,"og_description":null,"og_object_type":"default","og_image_type":"default","og_image_url":null,"og_image_width":null,"og_image_height":null,"og_image_custom_url":null,"og_image_custom_fields":null,"og_video":null,"og_custom_url":null,"og_article_section":null,"og_article_tags":null,"twitter_use_og":false,"twitter_card":"default","twitter_image_type":"default","twitter_image_url":null,"twitter_image_custom_url":null,"twitter_image_custom_fields":null,"twitter_title":null,"twitter_description":null,"schema":{"blockGraphs":[],"customGraphs":[],"default":{"data":{"Article":[],"Course":[],"Dataset":[],"FAQPage":[],"Movie":[],"Person":[],"Product":[],"ProductReview":[],"Car":[],"Recipe":[],"Service":[],"SoftwareApplication":[],"WebPage":[]},"graphName":"","isEnabled":true},"graphs":[],"defaultGraph":"","defaultPostTypeGraph":""},"schema_type":null,"schema_type_options":null,"pillar_content":false,"robots_default":true,"robots_noindex":false,"robots_noarchive":false,"robots_nosnippet":false,"robots_nofollow":false,"robots_noimageindex":false,"robots_noodp":false,"robots_notranslate":false,"robots_max_snippet":null,"robots_max_videopreview":null,"robots_max_imagepreview":"large","priority":null,"frequency":null,"location":null,"local_seo":null,"seo_analyzer_scan_date":"2025-08-28 16:42:58","breadcrumb_settings":null,"limit_modified_date":false,"open_ai":null,"ai":null,"created":"2021-03-27 19:40:05","updated":"2025-08-28 16:42:58"},"aioseo_breadcrumb":"<div class=\"aioseo-breadcrumbs\"><span class=\"aioseo-breadcrumb\">\n\t<a href=\"https:\/\/eldigitaldeasturias.com\/radio\" title=\"Inicio\">Inicio<\/a>\n<\/span><span class=\"aioseo-breadcrumb-separator\">&ndash;<\/span><span class=\"aioseo-breadcrumb\">\n\t<a href=\"https:\/\/eldigitaldeasturias.com\/radio\/category\/noticias\/\" title=\"Noticias\">Noticias<\/a>\n<\/span><span class=\"aioseo-breadcrumb-separator\">&ndash;<\/span><span class=\"aioseo-breadcrumb\">\n\tEl Principado reclama a Iberdrola que presente un plan de acompa\u00f1amiento para la t\u00e9rmica de Lada\n<\/span><\/div>","aioseo_breadcrumb_json":[{"label":"Inicio","link":"https:\/\/eldigitaldeasturias.com\/radio"},{"label":"Noticias","link":"https:\/\/eldigitaldeasturias.com\/radio\/category\/noticias\/"},{"label":"El Principado reclama a Iberdrola que presente un plan de acompa\u00f1amiento para la t\u00e9rmica de Lada","link":"https:\/\/eldigitaldeasturias.com\/radio\/el-principado-reclama-a-iberdrola-que-presente-un-plan-de-acompanamiento-para-la-termica-de-lada\/"}],"_links":{"self":[{"href":"https:\/\/eldigitaldeasturias.com\/radio\/wp-json\/wp\/v2\/posts\/4789","targetHints":{"allow":["GET"]}}],"collection":[{"href":"https:\/\/eldigitaldeasturias.com\/radio\/wp-json\/wp\/v2\/posts"}],"about":[{"href":"https:\/\/eldigitaldeasturias.com\/radio\/wp-json\/wp\/v2\/types\/post"}],"author":[{"embeddable":true,"href":"https:\/\/eldigitaldeasturias.com\/radio\/wp-json\/wp\/v2\/users\/1"}],"replies":[{"embeddable":true,"href":"https:\/\/eldigitaldeasturias.com\/radio\/wp-json\/wp\/v2\/comments?post=4789"}],"version-history":[{"count":0,"href":"https:\/\/eldigitaldeasturias.com\/radio\/wp-json\/wp\/v2\/posts\/4789\/revisions"}],"wp:featuredmedia":[{"embeddable":true,"href":"https:\/\/eldigitaldeasturias.com\/radio\/wp-json\/wp\/v2\/media\/4790"}],"wp:attachment":[{"href":"https:\/\/eldigitaldeasturias.com\/radio\/wp-json\/wp\/v2\/media?parent=4789"}],"wp:term":[{"taxonomy":"category","embeddable":true,"href":"https:\/\/eldigitaldeasturias.com\/radio\/wp-json\/wp\/v2\/categories?post=4789"},{"taxonomy":"post_tag","embeddable":true,"href":"https:\/\/eldigitaldeasturias.com\/radio\/wp-json\/wp\/v2\/tags?post=4789"}],"curies":[{"name":"wp","href":"https:\/\/api.w.org\/{rel}","templated":true}]}}