{"id":4784,"date":"2020-07-18T13:11:42","date_gmt":"2020-07-18T13:11:42","guid":{"rendered":"http:\/\/www.eldigitaldeasturias.com\/radio\/?p=4784"},"modified":"2020-07-18T13:12:49","modified_gmt":"2020-07-18T13:12:49","slug":"los-centros-sociales-y-centros-de-dia-reanudan-su-actividad-la-proxima-semana","status":"publish","type":"post","link":"https:\/\/eldigitaldeasturias.com\/radio\/los-centros-sociales-y-centros-de-dia-reanudan-su-actividad-la-proxima-semana\/","title":{"rendered":"Los centros sociales y centros de d\u00eda reanudan su actividad la pr\u00f3xima semana"},"content":{"rendered":"<figure id=\"attachment_4785\" aria-describedby=\"caption-attachment-4785\" style=\"width: 360px\" class=\"wp-caption alignleft\"><img fetchpriority=\"high\" decoding=\"async\" class=\"wp-image-4785 size-medium\" src=\"http:\/\/www.eldigitaldeasturias.com\/radio\/wp-content\/uploads\/2020\/07\/Melania-\u00c1lvarez-360x240.jpg\" alt=\"\" width=\"360\" height=\"240\" srcset=\"https:\/\/eldigitaldeasturias.com\/radio\/wp-content\/uploads\/2020\/07\/Melania-\u00c1lvarez-360x240.jpg 360w, https:\/\/eldigitaldeasturias.com\/radio\/wp-content\/uploads\/2020\/07\/Melania-\u00c1lvarez.jpg 747w\" sizes=\"(max-width: 360px) 100vw, 360px\" \/><figcaption id=\"caption-attachment-4785\" class=\"wp-caption-text\">La consjera de Bienestar y Derechos Sociales, Melania \u00c1lvarez se re\u00fane con representantes municipales para abordar la reapertura de los centros de d\u00eda. &#8211; PRINCIPADO<\/figcaption><\/figure>\n<p>(EUROPA PRESS) &#8211;\u00a0El Gobierno de Asturias abrir\u00e1 la pr\u00f3xima semana los centros sociales y de d\u00eda del Principado. Las instalaciones reanudar\u00e1n su actividad de manera progresiva e incorporar\u00e1n a los usuarios de forma paulatina y por fases para minimizar los riesgos de contagio del coronavirus.<\/p>\n<p>As\u00ed lo ha informado este viernes la consejera de Derechos Sociales y Bienestar, Melania \u00c1lvarez, que se ha reunido con representantes municipales para coordinar la apertura de estas instalaciones.<\/p>\n<p>Para que las personas usuarias de los centros de d\u00eda y centros rurales de apoyo diurno puedan ir haciendo uso de las instalaciones con la m\u00e1xima seguridad se ha establecido la incorporaci\u00f3n por fases. De esta forma, durante la primera quincena solo podr\u00e1 acudir a las instalaciones el 30% del aforo, que aumentar\u00e1 hasta el 50% en la siguiente quincena. A partir de la tercera quincena, a capacidad m\u00e1xima permitida ser\u00e1 del 75%.<\/p>\n<p>Habr\u00e1 dos limitaciones a la apertura. Los recursos de apoyo diurno que se encuentren integrados en una residencia no abrir\u00e1n, y tampoco lo har\u00e1n los centros sociales que comparten espacios con centros de d\u00eda.<\/p>\n<p>Los centros sociales que no cuenten con recurso de apoyo diurno abrir\u00e1n con una m\u00e1xima ocupaci\u00f3n del 30% del aforo. Este mismo nivel de ocupaci\u00f3n se ha establecido en las cafeter\u00edas de estas infraestructuras. Los servicios de podolog\u00eda y peluquer\u00eda estar\u00e1n abiertos pero funcionar\u00e1n con cita previa.<\/p>\n<p>\u00c1lvarez ha asegurado que las reaperturas de todos los servicios se han ido llevando a cabo de forma \u00abacompasada con las medidas sanitarias, porque nuestra prioridad siempre es proteger a los colectivos m\u00e1s vulnerables\u00bb.<\/p>\n<p>Otro de los servicios gestionados por la Consejer\u00eda de Derechos Sociales y Bienestar que ha retomado ya su actividad son las unidades de atenci\u00f3n infantil temprana que trabajan con programas de tratamiento presencial en las sedes de Oviedo, Gij\u00f3n, Mieres, Avil\u00e9s, Cangas del Narcea y Arriondas.<\/p>\n<p>Los centros de apoyo a la integraci\u00f3n tambi\u00e9n est\u00e1n funcionando desde el 24 de junio, y lo han hecho de forma paulatina y con aforos restringidos. Debido al brote registrado en A Mari\u00f1a, permanece cerrado el centro Fraternidad, ubicado en la localidad de Serantes (Tapia de Casariego), cuya fecha de apertura depender\u00e1 de la evoluci\u00f3n de la situaci\u00f3n epidemiol\u00f3gica.<\/p>\n","protected":false},"excerpt":{"rendered":"<p>(EUROPA PRESS) &#8211;\u00a0El Gobierno de Asturias abrir\u00e1 la pr\u00f3xima semana los centros sociales y de d\u00eda del Principado. Las instalaciones reanudar\u00e1n su actividad de manera progresiva e incorporar\u00e1n a los usuarios de forma paulatina y por fases para minimizar los riesgos de contagio del coronavirus. As\u00ed lo ha informado este viernes la consejera de Derechos<\/p>\n","protected":false},"author":1,"featured_media":4785,"comment_status":"closed","ping_status":"closed","sticky":false,"template":"","format":"standard","meta":{"footnotes":""},"categories":[1],"tags":[],"class_list":{"0":"post-4784","1":"post","2":"type-post","3":"status-publish","4":"format-standard","5":"has-post-thumbnail","7":"category-noticias"},"aioseo_notices":[],"aioseo_head":"\n\t\t<!-- All in One SEO Pro 4.9.6.2 - aioseo.com -->\n\t<meta name=\"description\" content=\"(EUROPA PRESS) - El Gobierno de Asturias abrir\u00e1 la pr\u00f3xima semana los centros sociales y de d\u00eda del Principado. Las instalaciones reanudar\u00e1n su actividad de manera progresiva e incorporar\u00e1n a los usuarios de forma paulatina y por fases para minimizar los riesgos de contagio del coronavirus. As\u00ed lo ha informado este viernes la consejera de Derechos\" \/>\n\t<meta name=\"robots\" content=\"max-image-preview:large\" \/>\n\t<meta name=\"author\" content=\"NBAsturias\"\/>\n\t<meta name=\"google-site-verification\" content=\"UA-38556648-1\" \/>\n\t<meta name=\"keywords\" content=\"noticias\" \/>\n\t<link rel=\"canonical\" href=\"https:\/\/eldigitaldeasturias.com\/radio\/los-centros-sociales-y-centros-de-dia-reanudan-su-actividad-la-proxima-semana\/\" \/>\n\t<meta name=\"generator\" content=\"All in One SEO Pro (AIOSEO) 4.9.6.2\" \/>\n\t\t<meta property=\"og:locale\" content=\"es_ES\" \/>\n\t\t<meta property=\"og:site_name\" content=\"El Digital de Asturias | Diario de informaci\u00f3n y noticias\" \/>\n\t\t<meta property=\"og:type\" content=\"article\" \/>\n\t\t<meta property=\"og:title\" content=\"Los centros sociales y centros de d\u00eda reanudan su actividad la pr\u00f3xima semana | El Digital de Asturias\" \/>\n\t\t<meta property=\"og:description\" content=\"(EUROPA PRESS) - El Gobierno de Asturias abrir\u00e1 la pr\u00f3xima semana los centros sociales y de d\u00eda del Principado. Las instalaciones reanudar\u00e1n su actividad de manera progresiva e incorporar\u00e1n a los usuarios de forma paulatina y por fases para minimizar los riesgos de contagio del coronavirus. As\u00ed lo ha informado este viernes la consejera de Derechos\" \/>\n\t\t<meta property=\"og:url\" content=\"https:\/\/eldigitaldeasturias.com\/radio\/los-centros-sociales-y-centros-de-dia-reanudan-su-actividad-la-proxima-semana\/\" \/>\n\t\t<meta property=\"og:image\" content=\"https:\/\/eldigitaldeasturias.com\/radio\/wp-content\/uploads\/2020\/07\/Melania-\u00c1lvarez.jpg\" \/>\n\t\t<meta property=\"og:image:secure_url\" content=\"https:\/\/eldigitaldeasturias.com\/radio\/wp-content\/uploads\/2020\/07\/Melania-\u00c1lvarez.jpg\" \/>\n\t\t<meta property=\"og:image:width\" content=\"747\" \/>\n\t\t<meta property=\"og:image:height\" content=\"499\" \/>\n\t\t<meta property=\"article:published_time\" content=\"2020-07-18T13:11:42+00:00\" \/>\n\t\t<meta property=\"article:modified_time\" content=\"2020-07-18T13:12:49+00:00\" \/>\n\t\t<meta name=\"twitter:card\" content=\"summary_large_image\" \/>\n\t\t<meta name=\"twitter:site\" content=\"@bercodi\" \/>\n\t\t<meta name=\"twitter:title\" content=\"Los centros sociales y centros de d\u00eda reanudan su actividad la pr\u00f3xima semana | El Digital de Asturias\" \/>\n\t\t<meta name=\"twitter:description\" content=\"(EUROPA PRESS) - El Gobierno de Asturias abrir\u00e1 la pr\u00f3xima semana los centros sociales y de d\u00eda del Principado. Las instalaciones reanudar\u00e1n su actividad de manera progresiva e incorporar\u00e1n a los usuarios de forma paulatina y por fases para minimizar los riesgos de contagio del coronavirus. As\u00ed lo ha informado este viernes la consejera de Derechos\" \/>\n\t\t<meta name=\"twitter:creator\" content=\"@bercodi\" \/>\n\t\t<meta name=\"twitter:image\" content=\"https:\/\/eldigitaldeasturias.com\/radio\/wp-content\/uploads\/2020\/07\/Melania-\u00c1lvarez.jpg\" \/>\n\t\t<script type=\"application\/ld+json\" class=\"aioseo-schema\">\n\t\t\t{\"@context\":\"https:\\\/\\\/schema.org\",\"@graph\":[{\"@type\":\"BreadcrumbList\",\"@id\":\"https:\\\/\\\/eldigitaldeasturias.com\\\/radio\\\/los-centros-sociales-y-centros-de-dia-reanudan-su-actividad-la-proxima-semana\\\/#breadcrumblist\",\"itemListElement\":[{\"@type\":\"ListItem\",\"@id\":\"https:\\\/\\\/eldigitaldeasturias.com\\\/radio#listItem\",\"position\":1,\"name\":\"Inicio\",\"item\":\"https:\\\/\\\/eldigitaldeasturias.com\\\/radio\",\"nextItem\":{\"@type\":\"ListItem\",\"@id\":\"https:\\\/\\\/eldigitaldeasturias.com\\\/radio\\\/category\\\/noticias\\\/#listItem\",\"name\":\"Noticias\"}},{\"@type\":\"ListItem\",\"@id\":\"https:\\\/\\\/eldigitaldeasturias.com\\\/radio\\\/category\\\/noticias\\\/#listItem\",\"position\":2,\"name\":\"Noticias\",\"item\":\"https:\\\/\\\/eldigitaldeasturias.com\\\/radio\\\/category\\\/noticias\\\/\",\"nextItem\":{\"@type\":\"ListItem\",\"@id\":\"https:\\\/\\\/eldigitaldeasturias.com\\\/radio\\\/los-centros-sociales-y-centros-de-dia-reanudan-su-actividad-la-proxima-semana\\\/#listItem\",\"name\":\"Los centros sociales y centros de d\\u00eda reanudan su actividad la pr\\u00f3xima semana\"},\"previousItem\":{\"@type\":\"ListItem\",\"@id\":\"https:\\\/\\\/eldigitaldeasturias.com\\\/radio#listItem\",\"name\":\"Inicio\"}},{\"@type\":\"ListItem\",\"@id\":\"https:\\\/\\\/eldigitaldeasturias.com\\\/radio\\\/los-centros-sociales-y-centros-de-dia-reanudan-su-actividad-la-proxima-semana\\\/#listItem\",\"position\":3,\"name\":\"Los centros sociales y centros de d\\u00eda reanudan su actividad la pr\\u00f3xima semana\",\"previousItem\":{\"@type\":\"ListItem\",\"@id\":\"https:\\\/\\\/eldigitaldeasturias.com\\\/radio\\\/category\\\/noticias\\\/#listItem\",\"name\":\"Noticias\"}}]},{\"@type\":\"NewsArticle\",\"@id\":\"https:\\\/\\\/eldigitaldeasturias.com\\\/radio\\\/los-centros-sociales-y-centros-de-dia-reanudan-su-actividad-la-proxima-semana\\\/#newsarticle\",\"name\":\"Los centros sociales y centros de d\\u00eda reanudan su actividad la pr\\u00f3xima semana | El Digital de Asturias\",\"headline\":\"Los centros sociales y centros de d\\u00eda reanudan su actividad la pr\\u00f3xima semana\",\"author\":{\"@id\":\"https:\\\/\\\/eldigitaldeasturias.com\\\/radio\\\/author\\\/nbasturias\\\/#author\"},\"publisher\":{\"@id\":\"https:\\\/\\\/eldigitaldeasturias.com\\\/radio\\\/#organization\"},\"image\":{\"@type\":\"ImageObject\",\"url\":\"https:\\\/\\\/eldigitaldeasturias.com\\\/radio\\\/wp-content\\\/uploads\\\/2020\\\/07\\\/Melania-\\u00c1lvarez.jpg\",\"width\":747,\"height\":499},\"datePublished\":\"2020-07-18T13:11:42+02:00\",\"dateModified\":\"2020-07-18T13:12:49+02:00\",\"inLanguage\":\"es-ES\",\"mainEntityOfPage\":{\"@id\":\"https:\\\/\\\/eldigitaldeasturias.com\\\/radio\\\/los-centros-sociales-y-centros-de-dia-reanudan-su-actividad-la-proxima-semana\\\/#webpage\"},\"isPartOf\":{\"@id\":\"https:\\\/\\\/eldigitaldeasturias.com\\\/radio\\\/los-centros-sociales-y-centros-de-dia-reanudan-su-actividad-la-proxima-semana\\\/#webpage\"},\"articleSection\":\"Noticias\",\"dateline\":\"Publicado el julio 18, 2020.\"},{\"@type\":\"Organization\",\"@id\":\"https:\\\/\\\/eldigitaldeasturias.com\\\/radio\\\/#organization\",\"name\":\"El digital de Asturias Radio\",\"description\":\"Diario de informaci\\u00f3n y noticias\",\"url\":\"https:\\\/\\\/eldigitaldeasturias.com\\\/radio\\\/\",\"telephone\":\"+34652131393\",\"logo\":{\"@type\":\"ImageObject\",\"url\":\"https:\\\/\\\/www.eldigitaldeasturias.com\\\/radio\\\/wp-content\\\/uploads\\\/2021\\\/03\\\/EDA.jpg\",\"@id\":\"https:\\\/\\\/eldigitaldeasturias.com\\\/radio\\\/los-centros-sociales-y-centros-de-dia-reanudan-su-actividad-la-proxima-semana\\\/#organizationLogo\"},\"image\":{\"@id\":\"https:\\\/\\\/eldigitaldeasturias.com\\\/radio\\\/los-centros-sociales-y-centros-de-dia-reanudan-su-actividad-la-proxima-semana\\\/#organizationLogo\"},\"sameAs\":[\"https:\\\/\\\/www.facebook.com\\\/\",\"https:\\\/\\\/x.com\\\/bercodi\",\"https:\\\/\\\/www.instagram.com\\\/\",\"https:\\\/\\\/www.youtube.com\\\/channel\\\/UCZP-2wLEB9Rv6erhFmqVnvg\"]},{\"@type\":\"Person\",\"@id\":\"https:\\\/\\\/eldigitaldeasturias.com\\\/radio\\\/author\\\/nbasturias\\\/#author\",\"url\":\"https:\\\/\\\/eldigitaldeasturias.com\\\/radio\\\/author\\\/nbasturias\\\/\",\"name\":\"NBAsturias\",\"image\":{\"@type\":\"ImageObject\",\"@id\":\"https:\\\/\\\/eldigitaldeasturias.com\\\/radio\\\/los-centros-sociales-y-centros-de-dia-reanudan-su-actividad-la-proxima-semana\\\/#authorImage\",\"url\":\"https:\\\/\\\/secure.gravatar.com\\\/avatar\\\/df2aeffc32bcd13f8d26072ef8a91b623d677766deac7f97ca815868cd41bf5e?s=96&d=mm&r=g\",\"width\":96,\"height\":96,\"caption\":\"NBAsturias\"}},{\"@type\":\"WebPage\",\"@id\":\"https:\\\/\\\/eldigitaldeasturias.com\\\/radio\\\/los-centros-sociales-y-centros-de-dia-reanudan-su-actividad-la-proxima-semana\\\/#webpage\",\"url\":\"https:\\\/\\\/eldigitaldeasturias.com\\\/radio\\\/los-centros-sociales-y-centros-de-dia-reanudan-su-actividad-la-proxima-semana\\\/\",\"name\":\"Los centros sociales y centros de d\\u00eda reanudan su actividad la pr\\u00f3xima semana | El Digital de Asturias\",\"description\":\"(EUROPA PRESS) - El Gobierno de Asturias abrir\\u00e1 la pr\\u00f3xima semana los centros sociales y de d\\u00eda del Principado. Las instalaciones reanudar\\u00e1n su actividad de manera progresiva e incorporar\\u00e1n a los usuarios de forma paulatina y por fases para minimizar los riesgos de contagio del coronavirus. As\\u00ed lo ha informado este viernes la consejera de Derechos\",\"inLanguage\":\"es-ES\",\"isPartOf\":{\"@id\":\"https:\\\/\\\/eldigitaldeasturias.com\\\/radio\\\/#website\"},\"breadcrumb\":{\"@id\":\"https:\\\/\\\/eldigitaldeasturias.com\\\/radio\\\/los-centros-sociales-y-centros-de-dia-reanudan-su-actividad-la-proxima-semana\\\/#breadcrumblist\"},\"author\":{\"@id\":\"https:\\\/\\\/eldigitaldeasturias.com\\\/radio\\\/author\\\/nbasturias\\\/#author\"},\"creator\":{\"@id\":\"https:\\\/\\\/eldigitaldeasturias.com\\\/radio\\\/author\\\/nbasturias\\\/#author\"},\"image\":{\"@type\":\"ImageObject\",\"url\":\"https:\\\/\\\/eldigitaldeasturias.com\\\/radio\\\/wp-content\\\/uploads\\\/2020\\\/07\\\/Melania-\\u00c1lvarez.jpg\",\"@id\":\"https:\\\/\\\/eldigitaldeasturias.com\\\/radio\\\/los-centros-sociales-y-centros-de-dia-reanudan-su-actividad-la-proxima-semana\\\/#mainImage\",\"width\":747,\"height\":499},\"primaryImageOfPage\":{\"@id\":\"https:\\\/\\\/eldigitaldeasturias.com\\\/radio\\\/los-centros-sociales-y-centros-de-dia-reanudan-su-actividad-la-proxima-semana\\\/#mainImage\"},\"datePublished\":\"2020-07-18T13:11:42+02:00\",\"dateModified\":\"2020-07-18T13:12:49+02:00\"},{\"@type\":\"WebSite\",\"@id\":\"https:\\\/\\\/eldigitaldeasturias.com\\\/radio\\\/#website\",\"url\":\"https:\\\/\\\/eldigitaldeasturias.com\\\/radio\\\/\",\"name\":\"El Digital de Asturias\",\"description\":\"Diario de informaci\\u00f3n y noticias\",\"inLanguage\":\"es-ES\",\"publisher\":{\"@id\":\"https:\\\/\\\/eldigitaldeasturias.com\\\/radio\\\/#organization\"}}]}\n\t\t<\/script>\n\t\t<!-- All in One SEO Pro -->\r\n\t\t<title>Los centros sociales y centros de d\u00eda reanudan su actividad la pr\u00f3xima semana | El Digital de Asturias<\/title>\n\n","aioseo_head_json":{"title":"Los centros sociales y centros de d\u00eda reanudan su actividad la pr\u00f3xima semana | El Digital de Asturias","description":"(EUROPA PRESS) - El Gobierno de Asturias abrir\u00e1 la pr\u00f3xima semana los centros sociales y de d\u00eda del Principado. Las instalaciones reanudar\u00e1n su actividad de manera progresiva e incorporar\u00e1n a los usuarios de forma paulatina y por fases para minimizar los riesgos de contagio del coronavirus. As\u00ed lo ha informado este viernes la consejera de Derechos","canonical_url":"https:\/\/eldigitaldeasturias.com\/radio\/los-centros-sociales-y-centros-de-dia-reanudan-su-actividad-la-proxima-semana\/","robots":"max-image-preview:large","keywords":"noticias","webmasterTools":{"google-site-verification":"UA-38556648-1","miscellaneous":""},"schema":{"@context":"https:\/\/schema.org","@graph":[{"@type":"BreadcrumbList","@id":"https:\/\/eldigitaldeasturias.com\/radio\/los-centros-sociales-y-centros-de-dia-reanudan-su-actividad-la-proxima-semana\/#breadcrumblist","itemListElement":[{"@type":"ListItem","@id":"https:\/\/eldigitaldeasturias.com\/radio#listItem","position":1,"name":"Inicio","item":"https:\/\/eldigitaldeasturias.com\/radio","nextItem":{"@type":"ListItem","@id":"https:\/\/eldigitaldeasturias.com\/radio\/category\/noticias\/#listItem","name":"Noticias"}},{"@type":"ListItem","@id":"https:\/\/eldigitaldeasturias.com\/radio\/category\/noticias\/#listItem","position":2,"name":"Noticias","item":"https:\/\/eldigitaldeasturias.com\/radio\/category\/noticias\/","nextItem":{"@type":"ListItem","@id":"https:\/\/eldigitaldeasturias.com\/radio\/los-centros-sociales-y-centros-de-dia-reanudan-su-actividad-la-proxima-semana\/#listItem","name":"Los centros sociales y centros de d\u00eda reanudan su actividad la pr\u00f3xima semana"},"previousItem":{"@type":"ListItem","@id":"https:\/\/eldigitaldeasturias.com\/radio#listItem","name":"Inicio"}},{"@type":"ListItem","@id":"https:\/\/eldigitaldeasturias.com\/radio\/los-centros-sociales-y-centros-de-dia-reanudan-su-actividad-la-proxima-semana\/#listItem","position":3,"name":"Los centros sociales y centros de d\u00eda reanudan su actividad la pr\u00f3xima semana","previousItem":{"@type":"ListItem","@id":"https:\/\/eldigitaldeasturias.com\/radio\/category\/noticias\/#listItem","name":"Noticias"}}]},{"@type":"NewsArticle","@id":"https:\/\/eldigitaldeasturias.com\/radio\/los-centros-sociales-y-centros-de-dia-reanudan-su-actividad-la-proxima-semana\/#newsarticle","name":"Los centros sociales y centros de d\u00eda reanudan su actividad la pr\u00f3xima semana | El Digital de Asturias","headline":"Los centros sociales y centros de d\u00eda reanudan su actividad la pr\u00f3xima semana","author":{"@id":"https:\/\/eldigitaldeasturias.com\/radio\/author\/nbasturias\/#author"},"publisher":{"@id":"https:\/\/eldigitaldeasturias.com\/radio\/#organization"},"image":{"@type":"ImageObject","url":"https:\/\/eldigitaldeasturias.com\/radio\/wp-content\/uploads\/2020\/07\/Melania-\u00c1lvarez.jpg","width":747,"height":499},"datePublished":"2020-07-18T13:11:42+02:00","dateModified":"2020-07-18T13:12:49+02:00","inLanguage":"es-ES","mainEntityOfPage":{"@id":"https:\/\/eldigitaldeasturias.com\/radio\/los-centros-sociales-y-centros-de-dia-reanudan-su-actividad-la-proxima-semana\/#webpage"},"isPartOf":{"@id":"https:\/\/eldigitaldeasturias.com\/radio\/los-centros-sociales-y-centros-de-dia-reanudan-su-actividad-la-proxima-semana\/#webpage"},"articleSection":"Noticias","dateline":"Publicado el julio 18, 2020."},{"@type":"Organization","@id":"https:\/\/eldigitaldeasturias.com\/radio\/#organization","name":"El digital de Asturias Radio","description":"Diario de informaci\u00f3n y noticias","url":"https:\/\/eldigitaldeasturias.com\/radio\/","telephone":"+34652131393","logo":{"@type":"ImageObject","url":"https:\/\/www.eldigitaldeasturias.com\/radio\/wp-content\/uploads\/2021\/03\/EDA.jpg","@id":"https:\/\/eldigitaldeasturias.com\/radio\/los-centros-sociales-y-centros-de-dia-reanudan-su-actividad-la-proxima-semana\/#organizationLogo"},"image":{"@id":"https:\/\/eldigitaldeasturias.com\/radio\/los-centros-sociales-y-centros-de-dia-reanudan-su-actividad-la-proxima-semana\/#organizationLogo"},"sameAs":["https:\/\/www.facebook.com\/","https:\/\/x.com\/bercodi","https:\/\/www.instagram.com\/","https:\/\/www.youtube.com\/channel\/UCZP-2wLEB9Rv6erhFmqVnvg"]},{"@type":"Person","@id":"https:\/\/eldigitaldeasturias.com\/radio\/author\/nbasturias\/#author","url":"https:\/\/eldigitaldeasturias.com\/radio\/author\/nbasturias\/","name":"NBAsturias","image":{"@type":"ImageObject","@id":"https:\/\/eldigitaldeasturias.com\/radio\/los-centros-sociales-y-centros-de-dia-reanudan-su-actividad-la-proxima-semana\/#authorImage","url":"https:\/\/secure.gravatar.com\/avatar\/df2aeffc32bcd13f8d26072ef8a91b623d677766deac7f97ca815868cd41bf5e?s=96&d=mm&r=g","width":96,"height":96,"caption":"NBAsturias"}},{"@type":"WebPage","@id":"https:\/\/eldigitaldeasturias.com\/radio\/los-centros-sociales-y-centros-de-dia-reanudan-su-actividad-la-proxima-semana\/#webpage","url":"https:\/\/eldigitaldeasturias.com\/radio\/los-centros-sociales-y-centros-de-dia-reanudan-su-actividad-la-proxima-semana\/","name":"Los centros sociales y centros de d\u00eda reanudan su actividad la pr\u00f3xima semana | El Digital de Asturias","description":"(EUROPA PRESS) - El Gobierno de Asturias abrir\u00e1 la pr\u00f3xima semana los centros sociales y de d\u00eda del Principado. Las instalaciones reanudar\u00e1n su actividad de manera progresiva e incorporar\u00e1n a los usuarios de forma paulatina y por fases para minimizar los riesgos de contagio del coronavirus. As\u00ed lo ha informado este viernes la consejera de Derechos","inLanguage":"es-ES","isPartOf":{"@id":"https:\/\/eldigitaldeasturias.com\/radio\/#website"},"breadcrumb":{"@id":"https:\/\/eldigitaldeasturias.com\/radio\/los-centros-sociales-y-centros-de-dia-reanudan-su-actividad-la-proxima-semana\/#breadcrumblist"},"author":{"@id":"https:\/\/eldigitaldeasturias.com\/radio\/author\/nbasturias\/#author"},"creator":{"@id":"https:\/\/eldigitaldeasturias.com\/radio\/author\/nbasturias\/#author"},"image":{"@type":"ImageObject","url":"https:\/\/eldigitaldeasturias.com\/radio\/wp-content\/uploads\/2020\/07\/Melania-\u00c1lvarez.jpg","@id":"https:\/\/eldigitaldeasturias.com\/radio\/los-centros-sociales-y-centros-de-dia-reanudan-su-actividad-la-proxima-semana\/#mainImage","width":747,"height":499},"primaryImageOfPage":{"@id":"https:\/\/eldigitaldeasturias.com\/radio\/los-centros-sociales-y-centros-de-dia-reanudan-su-actividad-la-proxima-semana\/#mainImage"},"datePublished":"2020-07-18T13:11:42+02:00","dateModified":"2020-07-18T13:12:49+02:00"},{"@type":"WebSite","@id":"https:\/\/eldigitaldeasturias.com\/radio\/#website","url":"https:\/\/eldigitaldeasturias.com\/radio\/","name":"El Digital de Asturias","description":"Diario de informaci\u00f3n y noticias","inLanguage":"es-ES","publisher":{"@id":"https:\/\/eldigitaldeasturias.com\/radio\/#organization"}}]},"og:locale":"es_ES","og:site_name":"El Digital de Asturias | Diario de informaci\u00f3n y noticias","og:type":"article","og:title":"Los centros sociales y centros de d\u00eda reanudan su actividad la pr\u00f3xima semana | El Digital de Asturias","og:description":"(EUROPA PRESS) - El Gobierno de Asturias abrir\u00e1 la pr\u00f3xima semana los centros sociales y de d\u00eda del Principado. Las instalaciones reanudar\u00e1n su actividad de manera progresiva e incorporar\u00e1n a los usuarios de forma paulatina y por fases para minimizar los riesgos de contagio del coronavirus. As\u00ed lo ha informado este viernes la consejera de Derechos","og:url":"https:\/\/eldigitaldeasturias.com\/radio\/los-centros-sociales-y-centros-de-dia-reanudan-su-actividad-la-proxima-semana\/","og:image":"https:\/\/eldigitaldeasturias.com\/radio\/wp-content\/uploads\/2020\/07\/Melania-\u00c1lvarez.jpg","og:image:secure_url":"https:\/\/eldigitaldeasturias.com\/radio\/wp-content\/uploads\/2020\/07\/Melania-\u00c1lvarez.jpg","og:image:width":747,"og:image:height":499,"article:published_time":"2020-07-18T13:11:42+00:00","article:modified_time":"2020-07-18T13:12:49+00:00","twitter:card":"summary_large_image","twitter:site":"@bercodi","twitter:title":"Los centros sociales y centros de d\u00eda reanudan su actividad la pr\u00f3xima semana | El Digital de Asturias","twitter:description":"(EUROPA PRESS) - El Gobierno de Asturias abrir\u00e1 la pr\u00f3xima semana los centros sociales y de d\u00eda del Principado. Las instalaciones reanudar\u00e1n su actividad de manera progresiva e incorporar\u00e1n a los usuarios de forma paulatina y por fases para minimizar los riesgos de contagio del coronavirus. As\u00ed lo ha informado este viernes la consejera de Derechos","twitter:creator":"@bercodi","twitter:image":"https:\/\/eldigitaldeasturias.com\/radio\/wp-content\/uploads\/2020\/07\/Melania-\u00c1lvarez.jpg"},"aioseo_meta_data":{"post_id":"4784","title":null,"description":"","keywords":"","keyphrases":null,"primary_term":null,"canonical_url":"","og_title":null,"og_description":null,"og_object_type":"default","og_image_type":"default","og_image_url":null,"og_image_width":null,"og_image_height":null,"og_image_custom_url":null,"og_image_custom_fields":null,"og_video":null,"og_custom_url":null,"og_article_section":null,"og_article_tags":null,"twitter_use_og":false,"twitter_card":"default","twitter_image_type":"default","twitter_image_url":null,"twitter_image_custom_url":null,"twitter_image_custom_fields":null,"twitter_title":null,"twitter_description":null,"schema":{"blockGraphs":[],"customGraphs":[],"default":{"data":{"Article":[],"Course":[],"Dataset":[],"FAQPage":[],"Movie":[],"Person":[],"Product":[],"ProductReview":[],"Car":[],"Recipe":[],"Service":[],"SoftwareApplication":[],"WebPage":[]},"graphName":"","isEnabled":true},"graphs":[],"defaultGraph":"","defaultPostTypeGraph":""},"schema_type":null,"schema_type_options":null,"pillar_content":false,"robots_default":true,"robots_noindex":false,"robots_noarchive":false,"robots_nosnippet":false,"robots_nofollow":false,"robots_noimageindex":false,"robots_noodp":false,"robots_notranslate":false,"robots_max_snippet":null,"robots_max_videopreview":null,"robots_max_imagepreview":"large","priority":null,"frequency":null,"location":null,"local_seo":null,"seo_analyzer_scan_date":"2025-08-28 16:41:47","breadcrumb_settings":null,"limit_modified_date":false,"open_ai":null,"ai":null,"created":"2021-03-28 01:18:19","updated":"2025-08-28 16:41:47"},"aioseo_breadcrumb":"<div class=\"aioseo-breadcrumbs\"><span class=\"aioseo-breadcrumb\">\n\t<a href=\"https:\/\/eldigitaldeasturias.com\/radio\" title=\"Inicio\">Inicio<\/a>\n<\/span><span class=\"aioseo-breadcrumb-separator\">&ndash;<\/span><span class=\"aioseo-breadcrumb\">\n\t<a href=\"https:\/\/eldigitaldeasturias.com\/radio\/category\/noticias\/\" title=\"Noticias\">Noticias<\/a>\n<\/span><span class=\"aioseo-breadcrumb-separator\">&ndash;<\/span><span class=\"aioseo-breadcrumb\">\n\tLos centros sociales y centros de d\u00eda reanudan su actividad la pr\u00f3xima semana\n<\/span><\/div>","aioseo_breadcrumb_json":[{"label":"Inicio","link":"https:\/\/eldigitaldeasturias.com\/radio"},{"label":"Noticias","link":"https:\/\/eldigitaldeasturias.com\/radio\/category\/noticias\/"},{"label":"Los centros sociales y centros de d\u00eda reanudan su actividad la pr\u00f3xima semana","link":"https:\/\/eldigitaldeasturias.com\/radio\/los-centros-sociales-y-centros-de-dia-reanudan-su-actividad-la-proxima-semana\/"}],"_links":{"self":[{"href":"https:\/\/eldigitaldeasturias.com\/radio\/wp-json\/wp\/v2\/posts\/4784","targetHints":{"allow":["GET"]}}],"collection":[{"href":"https:\/\/eldigitaldeasturias.com\/radio\/wp-json\/wp\/v2\/posts"}],"about":[{"href":"https:\/\/eldigitaldeasturias.com\/radio\/wp-json\/wp\/v2\/types\/post"}],"author":[{"embeddable":true,"href":"https:\/\/eldigitaldeasturias.com\/radio\/wp-json\/wp\/v2\/users\/1"}],"replies":[{"embeddable":true,"href":"https:\/\/eldigitaldeasturias.com\/radio\/wp-json\/wp\/v2\/comments?post=4784"}],"version-history":[{"count":0,"href":"https:\/\/eldigitaldeasturias.com\/radio\/wp-json\/wp\/v2\/posts\/4784\/revisions"}],"wp:featuredmedia":[{"embeddable":true,"href":"https:\/\/eldigitaldeasturias.com\/radio\/wp-json\/wp\/v2\/media\/4785"}],"wp:attachment":[{"href":"https:\/\/eldigitaldeasturias.com\/radio\/wp-json\/wp\/v2\/media?parent=4784"}],"wp:term":[{"taxonomy":"category","embeddable":true,"href":"https:\/\/eldigitaldeasturias.com\/radio\/wp-json\/wp\/v2\/categories?post=4784"},{"taxonomy":"post_tag","embeddable":true,"href":"https:\/\/eldigitaldeasturias.com\/radio\/wp-json\/wp\/v2\/tags?post=4784"}],"curies":[{"name":"wp","href":"https:\/\/api.w.org\/{rel}","templated":true}]}}