{"id":4773,"date":"2020-07-17T01:18:00","date_gmt":"2020-07-17T01:18:00","guid":{"rendered":"http:\/\/www.eldigitaldeasturias.com\/radio\/?p=4773"},"modified":"2020-07-17T01:18:00","modified_gmt":"2020-07-17T01:18:00","slug":"naturaleza-en-dinamarca-diseno-en-essen-teleferico-en-dresde","status":"publish","type":"post","link":"https:\/\/eldigitaldeasturias.com\/radio\/naturaleza-en-dinamarca-diseno-en-essen-teleferico-en-dresde\/","title":{"rendered":"Naturaleza en Dinamarca, dise\u00f1o en Essen, telef\u00e9rico en Dresde"},"content":{"rendered":"<p>(dpa) &#8211; En el fiordo dan\u00e9s de Ringkobing se inaugur\u00f3 en junio el nuevo Centro de Experiencia de Energ\u00eda Natural. En \u00e9l, los visitantes pueden aprender m\u00e1s sobre la interacci\u00f3n entre el medio ambiente, la naturaleza y la sostenibilidad, seg\u00fan anuncia la Oficina de Turismo de Dinamarca.<\/p>\n<figure id=\"attachment_4774\" aria-describedby=\"caption-attachment-4774\" style=\"width: 650px\" class=\"wp-caption aligncenter\"><img fetchpriority=\"high\" decoding=\"async\" class=\"wp-image-4774\" src=\"http:\/\/www.eldigitaldeasturias.com\/radio\/wp-content\/uploads\/2020\/07\/Turismo-Dinamarca-360x207.jpg\" alt=\"\" width=\"650\" height=\"373\" srcset=\"https:\/\/eldigitaldeasturias.com\/radio\/wp-content\/uploads\/2020\/07\/Turismo-Dinamarca-360x207.jpg 360w, https:\/\/eldigitaldeasturias.com\/radio\/wp-content\/uploads\/2020\/07\/Turismo-Dinamarca-1024x588.jpg 1024w, https:\/\/eldigitaldeasturias.com\/radio\/wp-content\/uploads\/2020\/07\/Turismo-Dinamarca-768x441.jpg 768w, https:\/\/eldigitaldeasturias.com\/radio\/wp-content\/uploads\/2020\/07\/Turismo-Dinamarca.jpg 1105w\" sizes=\"(max-width: 650px) 100vw, 650px\" \/><figcaption id=\"caption-attachment-4774\" class=\"wp-caption-text\">El nuevo centro Centro de Experiencia de Energ\u00eda Natural, en Dinamarca, permite entender la interacci\u00f3n entre clima, naturaleza y sustentabilidad. Foto: Bj\u00f8rn Ellermand\/Naturkraft\/dpa<\/figcaption><\/figure>\n<p>Por ejemplo, los recorridos marcados llevan a los visitantes a lo largo de entornos naturales de la costa occidental de Jutlandia, donde se pueden recorrer kil\u00f3metros de playas y paisajes repletos de dunas como los de la costa danesa del Mar del Norte.<\/p>\n<p>Los visitantes tambi\u00e9n pueden conocer la fuerza de una tormenta en el Mar del Norte, pasear a trav\u00e9s de espacios repletos de brezos en flor o tratar de cruzar alg\u00fan curso de agua sin mojarse.<\/p>\n<p>El lugar tiene la apariencia de una fortaleza vikinga, rodeada por una muralla circular de 600 metros de largo. Para poder visitar el centro es aconsejable reservar las entradas con antelaci\u00f3n a trav\u00e9s de su web. El aforo diario est\u00e1 limitado debido a la pandemia del coronavirus.<\/p>\n<h3><strong>El Museo del Dise\u00f1o de Essen presenta nuevas exposiciones<\/strong><\/h3>\n<p>El Museo del Dise\u00f1o Red Dot de la ciudad de Essen, en el centro de Alemania, reabri\u00f3 sus puertas el 23 de junio, con nuevas exposiciones, en las que se incluyen 76 hitos del dise\u00f1o de productos internacionales y contempor\u00e1neos.<\/p>\n<p>Los organizadores destacan el enfoque del dise\u00f1o industrial y el museo pone al alcance del visitante informaci\u00f3n sobre c\u00f3mo el dise\u00f1o impregna todas las \u00e1reas de la vida.<\/p>\n<p>El Equipo de Dise\u00f1o del A\u00f1o 2020 incluye el trabajo del Equipo de Dise\u00f1o Fiskars as\u00ed como los productos ganadores de los Premios Red Dot 2020.<\/p>\n<p>Sin embargo, debido a la pandemia del coronavirus, se establecen medidas de protecci\u00f3n especiales, como por ejemplo la obligatoriedad para los los visitantes de usar mascarillas protectoras de nariz y boca.<\/p>\n<h3><strong>El funicular hist\u00f3rico de Dresde, fuera de servicio por renovaci\u00f3n<\/strong><\/h3>\n<p>El hist\u00f3rico funicular de Dresde, en el estado federado alem\u00e1n de Sajonia, en el este del pa\u00eds, est\u00e1 fuera de servicio desde mediados de junio.<\/p>\n<p>El servicio de tr\u00e1fico de la ciudad alega que la instalaci\u00f3n precisa de una extensa labor de reconstrucci\u00f3n, que incluye la renovaci\u00f3n de las piezas m\u00e1s desgastadas. Su duraci\u00f3n se prolongar\u00e1 hasta febrero de 2021.<\/p>\n<p>El funicular conecta desde 1895 los barrios de Loschwitz y Weisser Hirsch, salvando una distancia de unos 550 metros y un desnivel de 95 metros.<\/p>\n<p>Actualmente, el recorrido se realiza sin conductor y dura cinco minutos. El funicular y el telef\u00e9rico cercano son instalaciones protegidas con la categor\u00eda de monumento.<\/p>\n","protected":false},"excerpt":{"rendered":"<p>(dpa) &#8211; En el fiordo dan\u00e9s de Ringkobing se inaugur\u00f3 en junio el nuevo Centro de Experiencia de Energ\u00eda Natural. En \u00e9l, los visitantes pueden aprender m\u00e1s sobre la interacci\u00f3n entre el medio ambiente, la naturaleza y la sostenibilidad, seg\u00fan anuncia la Oficina de Turismo de Dinamarca. Por ejemplo, los recorridos marcados llevan a los<\/p>\n","protected":false},"author":1,"featured_media":4774,"comment_status":"closed","ping_status":"closed","sticky":false,"template":"","format":"standard","meta":{"footnotes":""},"categories":[34],"tags":[],"class_list":{"0":"post-4773","1":"post","2":"type-post","3":"status-publish","4":"format-standard","5":"has-post-thumbnail","7":"category-turismo"},"aioseo_notices":[],"aioseo_head":"\n\t\t<!-- All in One SEO Pro 4.9.6.2 - aioseo.com -->\n\t<meta name=\"description\" content=\"(dpa) - En el fiordo dan\u00e9s de Ringkobing se inaugur\u00f3 en junio el nuevo Centro de Experiencia de Energ\u00eda Natural. En \u00e9l, los visitantes pueden aprender m\u00e1s sobre la interacci\u00f3n entre el medio ambiente, la naturaleza y la sostenibilidad, seg\u00fan anuncia la Oficina de Turismo de Dinamarca. Por ejemplo, los recorridos marcados llevan a los\" \/>\n\t<meta name=\"robots\" content=\"max-image-preview:large\" \/>\n\t<meta name=\"author\" content=\"NBAsturias\"\/>\n\t<meta name=\"google-site-verification\" content=\"UA-38556648-1\" \/>\n\t<meta name=\"keywords\" content=\"turismo\" \/>\n\t<link rel=\"canonical\" href=\"https:\/\/eldigitaldeasturias.com\/radio\/naturaleza-en-dinamarca-diseno-en-essen-teleferico-en-dresde\/\" \/>\n\t<meta name=\"generator\" content=\"All in One SEO Pro (AIOSEO) 4.9.6.2\" \/>\n\t\t<meta property=\"og:locale\" content=\"es_ES\" \/>\n\t\t<meta property=\"og:site_name\" content=\"El Digital de Asturias | Diario de informaci\u00f3n y noticias\" \/>\n\t\t<meta property=\"og:type\" content=\"article\" \/>\n\t\t<meta property=\"og:title\" content=\"Naturaleza en Dinamarca, dise\u00f1o en Essen, telef\u00e9rico en Dresde | El Digital de Asturias\" \/>\n\t\t<meta property=\"og:description\" content=\"(dpa) - En el fiordo dan\u00e9s de Ringkobing se inaugur\u00f3 en junio el nuevo Centro de Experiencia de Energ\u00eda Natural. En \u00e9l, los visitantes pueden aprender m\u00e1s sobre la interacci\u00f3n entre el medio ambiente, la naturaleza y la sostenibilidad, seg\u00fan anuncia la Oficina de Turismo de Dinamarca. Por ejemplo, los recorridos marcados llevan a los\" \/>\n\t\t<meta property=\"og:url\" content=\"https:\/\/eldigitaldeasturias.com\/radio\/naturaleza-en-dinamarca-diseno-en-essen-teleferico-en-dresde\/\" \/>\n\t\t<meta property=\"og:image\" content=\"https:\/\/eldigitaldeasturias.com\/radio\/wp-content\/uploads\/2020\/07\/Turismo-Dinamarca.jpg\" \/>\n\t\t<meta property=\"og:image:secure_url\" content=\"https:\/\/eldigitaldeasturias.com\/radio\/wp-content\/uploads\/2020\/07\/Turismo-Dinamarca.jpg\" \/>\n\t\t<meta property=\"og:image:width\" content=\"1105\" \/>\n\t\t<meta property=\"og:image:height\" content=\"634\" \/>\n\t\t<meta property=\"article:published_time\" content=\"2020-07-17T01:18:00+00:00\" \/>\n\t\t<meta property=\"article:modified_time\" content=\"2020-07-17T01:18:00+00:00\" \/>\n\t\t<meta name=\"twitter:card\" content=\"summary_large_image\" \/>\n\t\t<meta name=\"twitter:site\" content=\"@bercodi\" \/>\n\t\t<meta name=\"twitter:title\" content=\"Naturaleza en Dinamarca, dise\u00f1o en Essen, telef\u00e9rico en Dresde | El Digital de Asturias\" \/>\n\t\t<meta name=\"twitter:description\" content=\"(dpa) - En el fiordo dan\u00e9s de Ringkobing se inaugur\u00f3 en junio el nuevo Centro de Experiencia de Energ\u00eda Natural. En \u00e9l, los visitantes pueden aprender m\u00e1s sobre la interacci\u00f3n entre el medio ambiente, la naturaleza y la sostenibilidad, seg\u00fan anuncia la Oficina de Turismo de Dinamarca. Por ejemplo, los recorridos marcados llevan a los\" \/>\n\t\t<meta name=\"twitter:creator\" content=\"@bercodi\" \/>\n\t\t<meta name=\"twitter:image\" content=\"https:\/\/eldigitaldeasturias.com\/radio\/wp-content\/uploads\/2020\/07\/Turismo-Dinamarca.jpg\" \/>\n\t\t<script type=\"application\/ld+json\" class=\"aioseo-schema\">\n\t\t\t{\"@context\":\"https:\\\/\\\/schema.org\",\"@graph\":[{\"@type\":\"BreadcrumbList\",\"@id\":\"https:\\\/\\\/eldigitaldeasturias.com\\\/radio\\\/naturaleza-en-dinamarca-diseno-en-essen-teleferico-en-dresde\\\/#breadcrumblist\",\"itemListElement\":[{\"@type\":\"ListItem\",\"@id\":\"https:\\\/\\\/eldigitaldeasturias.com\\\/radio#listItem\",\"position\":1,\"name\":\"Inicio\",\"item\":\"https:\\\/\\\/eldigitaldeasturias.com\\\/radio\",\"nextItem\":{\"@type\":\"ListItem\",\"@id\":\"https:\\\/\\\/eldigitaldeasturias.com\\\/radio\\\/category\\\/turismo\\\/#listItem\",\"name\":\"Turismo\"}},{\"@type\":\"ListItem\",\"@id\":\"https:\\\/\\\/eldigitaldeasturias.com\\\/radio\\\/category\\\/turismo\\\/#listItem\",\"position\":2,\"name\":\"Turismo\",\"item\":\"https:\\\/\\\/eldigitaldeasturias.com\\\/radio\\\/category\\\/turismo\\\/\",\"nextItem\":{\"@type\":\"ListItem\",\"@id\":\"https:\\\/\\\/eldigitaldeasturias.com\\\/radio\\\/naturaleza-en-dinamarca-diseno-en-essen-teleferico-en-dresde\\\/#listItem\",\"name\":\"Naturaleza en Dinamarca, dise\\u00f1o en Essen, telef\\u00e9rico en Dresde\"},\"previousItem\":{\"@type\":\"ListItem\",\"@id\":\"https:\\\/\\\/eldigitaldeasturias.com\\\/radio#listItem\",\"name\":\"Inicio\"}},{\"@type\":\"ListItem\",\"@id\":\"https:\\\/\\\/eldigitaldeasturias.com\\\/radio\\\/naturaleza-en-dinamarca-diseno-en-essen-teleferico-en-dresde\\\/#listItem\",\"position\":3,\"name\":\"Naturaleza en Dinamarca, dise\\u00f1o en Essen, telef\\u00e9rico en Dresde\",\"previousItem\":{\"@type\":\"ListItem\",\"@id\":\"https:\\\/\\\/eldigitaldeasturias.com\\\/radio\\\/category\\\/turismo\\\/#listItem\",\"name\":\"Turismo\"}}]},{\"@type\":\"NewsArticle\",\"@id\":\"https:\\\/\\\/eldigitaldeasturias.com\\\/radio\\\/naturaleza-en-dinamarca-diseno-en-essen-teleferico-en-dresde\\\/#newsarticle\",\"name\":\"Naturaleza en Dinamarca, dise\\u00f1o en Essen, telef\\u00e9rico en Dresde | El Digital de Asturias\",\"headline\":\"Naturaleza en Dinamarca, dise\\u00f1o en Essen, telef\\u00e9rico en Dresde\",\"author\":{\"@id\":\"https:\\\/\\\/eldigitaldeasturias.com\\\/radio\\\/author\\\/nbasturias\\\/#author\"},\"publisher\":{\"@id\":\"https:\\\/\\\/eldigitaldeasturias.com\\\/radio\\\/#organization\"},\"image\":{\"@type\":\"ImageObject\",\"url\":\"https:\\\/\\\/eldigitaldeasturias.com\\\/radio\\\/wp-content\\\/uploads\\\/2020\\\/07\\\/Turismo-Dinamarca.jpg\",\"width\":1105,\"height\":634,\"caption\":\"El nuevo centro Centro de Experiencia de Energ\\u00eda Natural, en Dinamarca, permite entender la interacci\\u00f3n entre clima, naturaleza y sustentabilidad. Foto: Bj\\u00f8rn Ellermand\\\/Naturkraft\\\/dpa\"},\"datePublished\":\"2020-07-17T01:18:00+02:00\",\"dateModified\":\"2020-07-17T01:18:00+02:00\",\"inLanguage\":\"es-ES\",\"mainEntityOfPage\":{\"@id\":\"https:\\\/\\\/eldigitaldeasturias.com\\\/radio\\\/naturaleza-en-dinamarca-diseno-en-essen-teleferico-en-dresde\\\/#webpage\"},\"isPartOf\":{\"@id\":\"https:\\\/\\\/eldigitaldeasturias.com\\\/radio\\\/naturaleza-en-dinamarca-diseno-en-essen-teleferico-en-dresde\\\/#webpage\"},\"articleSection\":\"Turismo\",\"dateline\":\"Publicado el julio 17, 2020.\"},{\"@type\":\"Organization\",\"@id\":\"https:\\\/\\\/eldigitaldeasturias.com\\\/radio\\\/#organization\",\"name\":\"El digital de Asturias Radio\",\"description\":\"Diario de informaci\\u00f3n y noticias\",\"url\":\"https:\\\/\\\/eldigitaldeasturias.com\\\/radio\\\/\",\"telephone\":\"+34652131393\",\"logo\":{\"@type\":\"ImageObject\",\"url\":\"https:\\\/\\\/www.eldigitaldeasturias.com\\\/radio\\\/wp-content\\\/uploads\\\/2021\\\/03\\\/EDA.jpg\",\"@id\":\"https:\\\/\\\/eldigitaldeasturias.com\\\/radio\\\/naturaleza-en-dinamarca-diseno-en-essen-teleferico-en-dresde\\\/#organizationLogo\"},\"image\":{\"@id\":\"https:\\\/\\\/eldigitaldeasturias.com\\\/radio\\\/naturaleza-en-dinamarca-diseno-en-essen-teleferico-en-dresde\\\/#organizationLogo\"},\"sameAs\":[\"https:\\\/\\\/www.facebook.com\\\/\",\"https:\\\/\\\/x.com\\\/bercodi\",\"https:\\\/\\\/www.instagram.com\\\/\",\"https:\\\/\\\/www.youtube.com\\\/channel\\\/UCZP-2wLEB9Rv6erhFmqVnvg\"]},{\"@type\":\"Person\",\"@id\":\"https:\\\/\\\/eldigitaldeasturias.com\\\/radio\\\/author\\\/nbasturias\\\/#author\",\"url\":\"https:\\\/\\\/eldigitaldeasturias.com\\\/radio\\\/author\\\/nbasturias\\\/\",\"name\":\"NBAsturias\",\"image\":{\"@type\":\"ImageObject\",\"@id\":\"https:\\\/\\\/eldigitaldeasturias.com\\\/radio\\\/naturaleza-en-dinamarca-diseno-en-essen-teleferico-en-dresde\\\/#authorImage\",\"url\":\"https:\\\/\\\/secure.gravatar.com\\\/avatar\\\/df2aeffc32bcd13f8d26072ef8a91b623d677766deac7f97ca815868cd41bf5e?s=96&d=mm&r=g\",\"width\":96,\"height\":96,\"caption\":\"NBAsturias\"}},{\"@type\":\"WebPage\",\"@id\":\"https:\\\/\\\/eldigitaldeasturias.com\\\/radio\\\/naturaleza-en-dinamarca-diseno-en-essen-teleferico-en-dresde\\\/#webpage\",\"url\":\"https:\\\/\\\/eldigitaldeasturias.com\\\/radio\\\/naturaleza-en-dinamarca-diseno-en-essen-teleferico-en-dresde\\\/\",\"name\":\"Naturaleza en Dinamarca, dise\\u00f1o en Essen, telef\\u00e9rico en Dresde | El Digital de Asturias\",\"description\":\"(dpa) - En el fiordo dan\\u00e9s de Ringkobing se inaugur\\u00f3 en junio el nuevo Centro de Experiencia de Energ\\u00eda Natural. En \\u00e9l, los visitantes pueden aprender m\\u00e1s sobre la interacci\\u00f3n entre el medio ambiente, la naturaleza y la sostenibilidad, seg\\u00fan anuncia la Oficina de Turismo de Dinamarca. Por ejemplo, los recorridos marcados llevan a los\",\"inLanguage\":\"es-ES\",\"isPartOf\":{\"@id\":\"https:\\\/\\\/eldigitaldeasturias.com\\\/radio\\\/#website\"},\"breadcrumb\":{\"@id\":\"https:\\\/\\\/eldigitaldeasturias.com\\\/radio\\\/naturaleza-en-dinamarca-diseno-en-essen-teleferico-en-dresde\\\/#breadcrumblist\"},\"author\":{\"@id\":\"https:\\\/\\\/eldigitaldeasturias.com\\\/radio\\\/author\\\/nbasturias\\\/#author\"},\"creator\":{\"@id\":\"https:\\\/\\\/eldigitaldeasturias.com\\\/radio\\\/author\\\/nbasturias\\\/#author\"},\"image\":{\"@type\":\"ImageObject\",\"url\":\"https:\\\/\\\/eldigitaldeasturias.com\\\/radio\\\/wp-content\\\/uploads\\\/2020\\\/07\\\/Turismo-Dinamarca.jpg\",\"@id\":\"https:\\\/\\\/eldigitaldeasturias.com\\\/radio\\\/naturaleza-en-dinamarca-diseno-en-essen-teleferico-en-dresde\\\/#mainImage\",\"width\":1105,\"height\":634,\"caption\":\"El nuevo centro Centro de Experiencia de Energ\\u00eda Natural, en Dinamarca, permite entender la interacci\\u00f3n entre clima, naturaleza y sustentabilidad. Foto: Bj\\u00f8rn Ellermand\\\/Naturkraft\\\/dpa\"},\"primaryImageOfPage\":{\"@id\":\"https:\\\/\\\/eldigitaldeasturias.com\\\/radio\\\/naturaleza-en-dinamarca-diseno-en-essen-teleferico-en-dresde\\\/#mainImage\"},\"datePublished\":\"2020-07-17T01:18:00+02:00\",\"dateModified\":\"2020-07-17T01:18:00+02:00\"},{\"@type\":\"WebSite\",\"@id\":\"https:\\\/\\\/eldigitaldeasturias.com\\\/radio\\\/#website\",\"url\":\"https:\\\/\\\/eldigitaldeasturias.com\\\/radio\\\/\",\"name\":\"El Digital de Asturias\",\"description\":\"Diario de informaci\\u00f3n y noticias\",\"inLanguage\":\"es-ES\",\"publisher\":{\"@id\":\"https:\\\/\\\/eldigitaldeasturias.com\\\/radio\\\/#organization\"}}]}\n\t\t<\/script>\n\t\t<!-- All in One SEO Pro -->\r\n\t\t<title>Naturaleza en Dinamarca, dise\u00f1o en Essen, telef\u00e9rico en Dresde | El Digital de Asturias<\/title>\n\n","aioseo_head_json":{"title":"Naturaleza en Dinamarca, dise\u00f1o en Essen, telef\u00e9rico en Dresde | El Digital de Asturias","description":"(dpa) - En el fiordo dan\u00e9s de Ringkobing se inaugur\u00f3 en junio el nuevo Centro de Experiencia de Energ\u00eda Natural. En \u00e9l, los visitantes pueden aprender m\u00e1s sobre la interacci\u00f3n entre el medio ambiente, la naturaleza y la sostenibilidad, seg\u00fan anuncia la Oficina de Turismo de Dinamarca. Por ejemplo, los recorridos marcados llevan a los","canonical_url":"https:\/\/eldigitaldeasturias.com\/radio\/naturaleza-en-dinamarca-diseno-en-essen-teleferico-en-dresde\/","robots":"max-image-preview:large","keywords":"turismo","webmasterTools":{"google-site-verification":"UA-38556648-1","miscellaneous":""},"schema":{"@context":"https:\/\/schema.org","@graph":[{"@type":"BreadcrumbList","@id":"https:\/\/eldigitaldeasturias.com\/radio\/naturaleza-en-dinamarca-diseno-en-essen-teleferico-en-dresde\/#breadcrumblist","itemListElement":[{"@type":"ListItem","@id":"https:\/\/eldigitaldeasturias.com\/radio#listItem","position":1,"name":"Inicio","item":"https:\/\/eldigitaldeasturias.com\/radio","nextItem":{"@type":"ListItem","@id":"https:\/\/eldigitaldeasturias.com\/radio\/category\/turismo\/#listItem","name":"Turismo"}},{"@type":"ListItem","@id":"https:\/\/eldigitaldeasturias.com\/radio\/category\/turismo\/#listItem","position":2,"name":"Turismo","item":"https:\/\/eldigitaldeasturias.com\/radio\/category\/turismo\/","nextItem":{"@type":"ListItem","@id":"https:\/\/eldigitaldeasturias.com\/radio\/naturaleza-en-dinamarca-diseno-en-essen-teleferico-en-dresde\/#listItem","name":"Naturaleza en Dinamarca, dise\u00f1o en Essen, telef\u00e9rico en Dresde"},"previousItem":{"@type":"ListItem","@id":"https:\/\/eldigitaldeasturias.com\/radio#listItem","name":"Inicio"}},{"@type":"ListItem","@id":"https:\/\/eldigitaldeasturias.com\/radio\/naturaleza-en-dinamarca-diseno-en-essen-teleferico-en-dresde\/#listItem","position":3,"name":"Naturaleza en Dinamarca, dise\u00f1o en Essen, telef\u00e9rico en Dresde","previousItem":{"@type":"ListItem","@id":"https:\/\/eldigitaldeasturias.com\/radio\/category\/turismo\/#listItem","name":"Turismo"}}]},{"@type":"NewsArticle","@id":"https:\/\/eldigitaldeasturias.com\/radio\/naturaleza-en-dinamarca-diseno-en-essen-teleferico-en-dresde\/#newsarticle","name":"Naturaleza en Dinamarca, dise\u00f1o en Essen, telef\u00e9rico en Dresde | El Digital de Asturias","headline":"Naturaleza en Dinamarca, dise\u00f1o en Essen, telef\u00e9rico en Dresde","author":{"@id":"https:\/\/eldigitaldeasturias.com\/radio\/author\/nbasturias\/#author"},"publisher":{"@id":"https:\/\/eldigitaldeasturias.com\/radio\/#organization"},"image":{"@type":"ImageObject","url":"https:\/\/eldigitaldeasturias.com\/radio\/wp-content\/uploads\/2020\/07\/Turismo-Dinamarca.jpg","width":1105,"height":634,"caption":"El nuevo centro Centro de Experiencia de Energ\u00eda Natural, en Dinamarca, permite entender la interacci\u00f3n entre clima, naturaleza y sustentabilidad. Foto: Bj\u00f8rn Ellermand\/Naturkraft\/dpa"},"datePublished":"2020-07-17T01:18:00+02:00","dateModified":"2020-07-17T01:18:00+02:00","inLanguage":"es-ES","mainEntityOfPage":{"@id":"https:\/\/eldigitaldeasturias.com\/radio\/naturaleza-en-dinamarca-diseno-en-essen-teleferico-en-dresde\/#webpage"},"isPartOf":{"@id":"https:\/\/eldigitaldeasturias.com\/radio\/naturaleza-en-dinamarca-diseno-en-essen-teleferico-en-dresde\/#webpage"},"articleSection":"Turismo","dateline":"Publicado el julio 17, 2020."},{"@type":"Organization","@id":"https:\/\/eldigitaldeasturias.com\/radio\/#organization","name":"El digital de Asturias Radio","description":"Diario de informaci\u00f3n y noticias","url":"https:\/\/eldigitaldeasturias.com\/radio\/","telephone":"+34652131393","logo":{"@type":"ImageObject","url":"https:\/\/www.eldigitaldeasturias.com\/radio\/wp-content\/uploads\/2021\/03\/EDA.jpg","@id":"https:\/\/eldigitaldeasturias.com\/radio\/naturaleza-en-dinamarca-diseno-en-essen-teleferico-en-dresde\/#organizationLogo"},"image":{"@id":"https:\/\/eldigitaldeasturias.com\/radio\/naturaleza-en-dinamarca-diseno-en-essen-teleferico-en-dresde\/#organizationLogo"},"sameAs":["https:\/\/www.facebook.com\/","https:\/\/x.com\/bercodi","https:\/\/www.instagram.com\/","https:\/\/www.youtube.com\/channel\/UCZP-2wLEB9Rv6erhFmqVnvg"]},{"@type":"Person","@id":"https:\/\/eldigitaldeasturias.com\/radio\/author\/nbasturias\/#author","url":"https:\/\/eldigitaldeasturias.com\/radio\/author\/nbasturias\/","name":"NBAsturias","image":{"@type":"ImageObject","@id":"https:\/\/eldigitaldeasturias.com\/radio\/naturaleza-en-dinamarca-diseno-en-essen-teleferico-en-dresde\/#authorImage","url":"https:\/\/secure.gravatar.com\/avatar\/df2aeffc32bcd13f8d26072ef8a91b623d677766deac7f97ca815868cd41bf5e?s=96&d=mm&r=g","width":96,"height":96,"caption":"NBAsturias"}},{"@type":"WebPage","@id":"https:\/\/eldigitaldeasturias.com\/radio\/naturaleza-en-dinamarca-diseno-en-essen-teleferico-en-dresde\/#webpage","url":"https:\/\/eldigitaldeasturias.com\/radio\/naturaleza-en-dinamarca-diseno-en-essen-teleferico-en-dresde\/","name":"Naturaleza en Dinamarca, dise\u00f1o en Essen, telef\u00e9rico en Dresde | El Digital de Asturias","description":"(dpa) - En el fiordo dan\u00e9s de Ringkobing se inaugur\u00f3 en junio el nuevo Centro de Experiencia de Energ\u00eda Natural. En \u00e9l, los visitantes pueden aprender m\u00e1s sobre la interacci\u00f3n entre el medio ambiente, la naturaleza y la sostenibilidad, seg\u00fan anuncia la Oficina de Turismo de Dinamarca. Por ejemplo, los recorridos marcados llevan a los","inLanguage":"es-ES","isPartOf":{"@id":"https:\/\/eldigitaldeasturias.com\/radio\/#website"},"breadcrumb":{"@id":"https:\/\/eldigitaldeasturias.com\/radio\/naturaleza-en-dinamarca-diseno-en-essen-teleferico-en-dresde\/#breadcrumblist"},"author":{"@id":"https:\/\/eldigitaldeasturias.com\/radio\/author\/nbasturias\/#author"},"creator":{"@id":"https:\/\/eldigitaldeasturias.com\/radio\/author\/nbasturias\/#author"},"image":{"@type":"ImageObject","url":"https:\/\/eldigitaldeasturias.com\/radio\/wp-content\/uploads\/2020\/07\/Turismo-Dinamarca.jpg","@id":"https:\/\/eldigitaldeasturias.com\/radio\/naturaleza-en-dinamarca-diseno-en-essen-teleferico-en-dresde\/#mainImage","width":1105,"height":634,"caption":"El nuevo centro Centro de Experiencia de Energ\u00eda Natural, en Dinamarca, permite entender la interacci\u00f3n entre clima, naturaleza y sustentabilidad. Foto: Bj\u00f8rn Ellermand\/Naturkraft\/dpa"},"primaryImageOfPage":{"@id":"https:\/\/eldigitaldeasturias.com\/radio\/naturaleza-en-dinamarca-diseno-en-essen-teleferico-en-dresde\/#mainImage"},"datePublished":"2020-07-17T01:18:00+02:00","dateModified":"2020-07-17T01:18:00+02:00"},{"@type":"WebSite","@id":"https:\/\/eldigitaldeasturias.com\/radio\/#website","url":"https:\/\/eldigitaldeasturias.com\/radio\/","name":"El Digital de Asturias","description":"Diario de informaci\u00f3n y noticias","inLanguage":"es-ES","publisher":{"@id":"https:\/\/eldigitaldeasturias.com\/radio\/#organization"}}]},"og:locale":"es_ES","og:site_name":"El Digital de Asturias | Diario de informaci\u00f3n y noticias","og:type":"article","og:title":"Naturaleza en Dinamarca, dise\u00f1o en Essen, telef\u00e9rico en Dresde | El Digital de Asturias","og:description":"(dpa) - En el fiordo dan\u00e9s de Ringkobing se inaugur\u00f3 en junio el nuevo Centro de Experiencia de Energ\u00eda Natural. En \u00e9l, los visitantes pueden aprender m\u00e1s sobre la interacci\u00f3n entre el medio ambiente, la naturaleza y la sostenibilidad, seg\u00fan anuncia la Oficina de Turismo de Dinamarca. Por ejemplo, los recorridos marcados llevan a los","og:url":"https:\/\/eldigitaldeasturias.com\/radio\/naturaleza-en-dinamarca-diseno-en-essen-teleferico-en-dresde\/","og:image":"https:\/\/eldigitaldeasturias.com\/radio\/wp-content\/uploads\/2020\/07\/Turismo-Dinamarca.jpg","og:image:secure_url":"https:\/\/eldigitaldeasturias.com\/radio\/wp-content\/uploads\/2020\/07\/Turismo-Dinamarca.jpg","og:image:width":1105,"og:image:height":634,"article:published_time":"2020-07-17T01:18:00+00:00","article:modified_time":"2020-07-17T01:18:00+00:00","twitter:card":"summary_large_image","twitter:site":"@bercodi","twitter:title":"Naturaleza en Dinamarca, dise\u00f1o en Essen, telef\u00e9rico en Dresde | El Digital de Asturias","twitter:description":"(dpa) - En el fiordo dan\u00e9s de Ringkobing se inaugur\u00f3 en junio el nuevo Centro de Experiencia de Energ\u00eda Natural. En \u00e9l, los visitantes pueden aprender m\u00e1s sobre la interacci\u00f3n entre el medio ambiente, la naturaleza y la sostenibilidad, seg\u00fan anuncia la Oficina de Turismo de Dinamarca. Por ejemplo, los recorridos marcados llevan a los","twitter:creator":"@bercodi","twitter:image":"https:\/\/eldigitaldeasturias.com\/radio\/wp-content\/uploads\/2020\/07\/Turismo-Dinamarca.jpg"},"aioseo_meta_data":{"post_id":"4773","title":null,"description":"","keywords":"","keyphrases":null,"primary_term":null,"canonical_url":"","og_title":null,"og_description":null,"og_object_type":"default","og_image_type":"default","og_image_url":null,"og_image_width":null,"og_image_height":null,"og_image_custom_url":null,"og_image_custom_fields":null,"og_video":null,"og_custom_url":null,"og_article_section":null,"og_article_tags":null,"twitter_use_og":false,"twitter_card":"default","twitter_image_type":"default","twitter_image_url":null,"twitter_image_custom_url":null,"twitter_image_custom_fields":null,"twitter_title":null,"twitter_description":null,"schema":{"blockGraphs":[],"customGraphs":[],"default":{"data":{"Article":[],"Course":[],"Dataset":[],"FAQPage":[],"Movie":[],"Person":[],"Product":[],"ProductReview":[],"Car":[],"Recipe":[],"Service":[],"SoftwareApplication":[],"WebPage":[]},"graphName":"","isEnabled":true},"graphs":[],"defaultGraph":"","defaultPostTypeGraph":""},"schema_type":null,"schema_type_options":null,"pillar_content":false,"robots_default":true,"robots_noindex":false,"robots_noarchive":false,"robots_nosnippet":false,"robots_nofollow":false,"robots_noimageindex":false,"robots_noodp":false,"robots_notranslate":false,"robots_max_snippet":null,"robots_max_videopreview":null,"robots_max_imagepreview":"large","priority":null,"frequency":null,"location":null,"local_seo":null,"seo_analyzer_scan_date":"2025-08-28 16:41:43","breadcrumb_settings":null,"limit_modified_date":false,"open_ai":null,"ai":null,"created":"2021-03-25 18:22:11","updated":"2025-08-28 16:41:43"},"aioseo_breadcrumb":"<div class=\"aioseo-breadcrumbs\"><span class=\"aioseo-breadcrumb\">\n\t<a href=\"https:\/\/eldigitaldeasturias.com\/radio\" title=\"Inicio\">Inicio<\/a>\n<\/span><span class=\"aioseo-breadcrumb-separator\">&ndash;<\/span><span class=\"aioseo-breadcrumb\">\n\t<a href=\"https:\/\/eldigitaldeasturias.com\/radio\/category\/turismo\/\" title=\"Turismo\">Turismo<\/a>\n<\/span><span class=\"aioseo-breadcrumb-separator\">&ndash;<\/span><span class=\"aioseo-breadcrumb\">\n\tNaturaleza en Dinamarca, dise\u00f1o en Essen, telef\u00e9rico en Dresde\n<\/span><\/div>","aioseo_breadcrumb_json":[{"label":"Inicio","link":"https:\/\/eldigitaldeasturias.com\/radio"},{"label":"Turismo","link":"https:\/\/eldigitaldeasturias.com\/radio\/category\/turismo\/"},{"label":"Naturaleza en Dinamarca, dise\u00f1o en Essen, telef\u00e9rico en Dresde","link":"https:\/\/eldigitaldeasturias.com\/radio\/naturaleza-en-dinamarca-diseno-en-essen-teleferico-en-dresde\/"}],"_links":{"self":[{"href":"https:\/\/eldigitaldeasturias.com\/radio\/wp-json\/wp\/v2\/posts\/4773","targetHints":{"allow":["GET"]}}],"collection":[{"href":"https:\/\/eldigitaldeasturias.com\/radio\/wp-json\/wp\/v2\/posts"}],"about":[{"href":"https:\/\/eldigitaldeasturias.com\/radio\/wp-json\/wp\/v2\/types\/post"}],"author":[{"embeddable":true,"href":"https:\/\/eldigitaldeasturias.com\/radio\/wp-json\/wp\/v2\/users\/1"}],"replies":[{"embeddable":true,"href":"https:\/\/eldigitaldeasturias.com\/radio\/wp-json\/wp\/v2\/comments?post=4773"}],"version-history":[{"count":0,"href":"https:\/\/eldigitaldeasturias.com\/radio\/wp-json\/wp\/v2\/posts\/4773\/revisions"}],"wp:featuredmedia":[{"embeddable":true,"href":"https:\/\/eldigitaldeasturias.com\/radio\/wp-json\/wp\/v2\/media\/4774"}],"wp:attachment":[{"href":"https:\/\/eldigitaldeasturias.com\/radio\/wp-json\/wp\/v2\/media?parent=4773"}],"wp:term":[{"taxonomy":"category","embeddable":true,"href":"https:\/\/eldigitaldeasturias.com\/radio\/wp-json\/wp\/v2\/categories?post=4773"},{"taxonomy":"post_tag","embeddable":true,"href":"https:\/\/eldigitaldeasturias.com\/radio\/wp-json\/wp\/v2\/tags?post=4773"}],"curies":[{"name":"wp","href":"https:\/\/api.w.org\/{rel}","templated":true}]}}