{"id":4768,"date":"2020-07-17T01:05:11","date_gmt":"2020-07-17T01:05:11","guid":{"rendered":"http:\/\/www.eldigitaldeasturias.com\/radio\/?p=4768"},"modified":"2020-07-17T01:05:11","modified_gmt":"2020-07-17T01:05:11","slug":"ministro-aleman-advierte-sobre-comportamiento-imprudente-de-los-turistas","status":"publish","type":"post","link":"https:\/\/eldigitaldeasturias.com\/radio\/ministro-aleman-advierte-sobre-comportamiento-imprudente-de-los-turistas\/","title":{"rendered":"Ministro alem\u00e1n advierte sobre comportamiento imprudente de los turistas"},"content":{"rendered":"<p><img fetchpriority=\"high\" decoding=\"async\" class=\"alignleft size-medium wp-image-4110\" src=\"http:\/\/www.eldigitaldeasturias.com\/radio\/wp-content\/uploads\/2020\/04\/covid-19-4960246_640-360x194.jpg\" alt=\"\" width=\"360\" height=\"194\" srcset=\"https:\/\/eldigitaldeasturias.com\/radio\/wp-content\/uploads\/2020\/04\/covid-19-4960246_640-360x194.jpg 360w, https:\/\/eldigitaldeasturias.com\/radio\/wp-content\/uploads\/2020\/04\/covid-19-4960246_640.jpg 640w\" sizes=\"(max-width: 360px) 100vw, 360px\" \/>Berl\u00edn, 16 jul (dpa) &#8211; El ministro alem\u00e1n de Relaciones Exteriores, Heiko Maas, advirti\u00f3 sobre el comportamiento irresponsable de los turistas durante las vacaciones en tiempos del coronavirus tras las aglomeraciones de las fiestas celebradas en Mallorca, seg\u00fan declaraciones publicadas hoy por los peri\u00f3dicos del grupo de medios Funke.<\/p>\n<p>\u00abAcabamos de lograr la reapertura de las fronteras en Europa. No debemos poner en peligro esto ahora por un comportamiento imprudente\u00bb, se\u00f1al\u00f3 Maas. \u00abDe lo contrario, ser\u00e1 inevitable imponer nuevas restricciones\u00bb, dijo en respuesta a una pregunta sobre posibles restricciones para los que regresan de vacaciones.<\/p>\n<p>Respecto a las im\u00e1genes de las fiestas de Mallorca, Maas coment\u00f3: \u00abUn comportamiento as\u00ed no solo es peligroso, sino tambi\u00e9n desconsiderado hacia todos aquellos que quieren pasar sus vacaciones de forma segura\u00bb.<\/p>\n<p>En su opini\u00f3n, muchas zonas vacacionales han trabajado duro durante meses para que los turistas pudieran regresar. \u00abLas normativas est\u00e1n ah\u00ed para proteger: a la poblaci\u00f3n local, a los amigos de las familias en Alemania a las que regresamos y a los propios veraneantes\u00bb.<\/p>\n<p>Maas se reserv\u00f3 la cuesti\u00f3n de cu\u00e1ndo se levantar\u00e1n las advertencias de viaje para otros pa\u00edses. \u00abLa pandemia est\u00e1 lejos de haber terminado. En muchos pa\u00edses est\u00e1 empezando una segunda ola, por esta raz\u00f3n no podemos permitirnos experimentar con las recomendaciones de viaje\u00bb.<\/p>\n<p>El jefe de la diplomacia germana recalc\u00f3 que la seguridad de los viajeros es lo \u00fanico que importa. No obstante, aclar\u00f3 que los datos se revisan constantemente, \u00abespecialmente, los de Turqu\u00eda\u00bb.<\/p>\n<p>En la isla de Mallorca, cientos de personas festejaron el fin de semana sin llevar una m\u00e1scara de protecci\u00f3n respiratoria y sin mantener la distancia de seguridad de al menos metro y medio, obligatoria en toda Espa\u00f1a.<\/p>\n<p>A consecuencia de ello, Mallorca impuso el uso obligatorio de mascarillas y cerr\u00f3 todos los establecimientos de comercio, ocio y restauraci\u00f3n de la Playa de Palma, entre ellos el de \u00abBallermann\u00bb, muy popular entre los turistas alemanes.<\/p>\n","protected":false},"excerpt":{"rendered":"<p>Berl\u00edn, 16 jul (dpa) &#8211; El ministro alem\u00e1n de Relaciones Exteriores, Heiko Maas, advirti\u00f3 sobre el comportamiento irresponsable de los turistas durante las vacaciones en tiempos del coronavirus tras las aglomeraciones de las fiestas celebradas en Mallorca, seg\u00fan declaraciones publicadas hoy por los peri\u00f3dicos del grupo de medios Funke. \u00abAcabamos de lograr la reapertura de<\/p>\n","protected":false},"author":1,"featured_media":4405,"comment_status":"closed","ping_status":"closed","sticky":false,"template":"","format":"standard","meta":{"footnotes":""},"categories":[34],"tags":[],"class_list":{"0":"post-4768","1":"post","2":"type-post","3":"status-publish","4":"format-standard","5":"has-post-thumbnail","7":"category-turismo"},"aioseo_notices":[],"aioseo_head":"\n\t\t<!-- All in One SEO Pro 4.9.6.2 - aioseo.com -->\n\t<meta name=\"description\" content=\"Berl\u00edn, 16 jul (dpa) - El ministro alem\u00e1n de Relaciones Exteriores, Heiko Maas, advirti\u00f3 sobre el comportamiento irresponsable de los turistas durante las vacaciones en tiempos del coronavirus tras las aglomeraciones de las fiestas celebradas en Mallorca, seg\u00fan declaraciones publicadas hoy por los peri\u00f3dicos del grupo de medios Funke. &quot;Acabamos de lograr la reapertura de\" \/>\n\t<meta name=\"robots\" content=\"max-image-preview:large\" \/>\n\t<meta name=\"author\" content=\"NBAsturias\"\/>\n\t<meta name=\"google-site-verification\" content=\"UA-38556648-1\" \/>\n\t<meta name=\"keywords\" content=\"turismo\" \/>\n\t<link rel=\"canonical\" href=\"https:\/\/eldigitaldeasturias.com\/radio\/ministro-aleman-advierte-sobre-comportamiento-imprudente-de-los-turistas\/\" \/>\n\t<meta name=\"generator\" content=\"All in One SEO Pro (AIOSEO) 4.9.6.2\" \/>\n\t\t<meta property=\"og:locale\" content=\"es_ES\" \/>\n\t\t<meta property=\"og:site_name\" content=\"El Digital de Asturias | Diario de informaci\u00f3n y noticias\" \/>\n\t\t<meta property=\"og:type\" content=\"article\" \/>\n\t\t<meta property=\"og:title\" content=\"Ministro alem\u00e1n advierte sobre comportamiento imprudente de los turistas | El Digital de Asturias\" \/>\n\t\t<meta property=\"og:description\" content=\"Berl\u00edn, 16 jul (dpa) - El ministro alem\u00e1n de Relaciones Exteriores, Heiko Maas, advirti\u00f3 sobre el comportamiento irresponsable de los turistas durante las vacaciones en tiempos del coronavirus tras las aglomeraciones de las fiestas celebradas en Mallorca, seg\u00fan declaraciones publicadas hoy por los peri\u00f3dicos del grupo de medios Funke. &quot;Acabamos de lograr la reapertura de\" \/>\n\t\t<meta property=\"og:url\" content=\"https:\/\/eldigitaldeasturias.com\/radio\/ministro-aleman-advierte-sobre-comportamiento-imprudente-de-los-turistas\/\" \/>\n\t\t<meta property=\"og:image\" content=\"https:\/\/eldigitaldeasturias.com\/radio\/wp-content\/uploads\/2020\/06\/connection-4884862_640.jpg\" \/>\n\t\t<meta property=\"og:image:secure_url\" content=\"https:\/\/eldigitaldeasturias.com\/radio\/wp-content\/uploads\/2020\/06\/connection-4884862_640.jpg\" \/>\n\t\t<meta property=\"og:image:width\" content=\"640\" \/>\n\t\t<meta property=\"og:image:height\" content=\"436\" \/>\n\t\t<meta property=\"article:published_time\" content=\"2020-07-17T01:05:11+00:00\" \/>\n\t\t<meta property=\"article:modified_time\" content=\"2020-07-17T01:05:11+00:00\" \/>\n\t\t<meta name=\"twitter:card\" content=\"summary_large_image\" \/>\n\t\t<meta name=\"twitter:site\" content=\"@bercodi\" \/>\n\t\t<meta name=\"twitter:title\" content=\"Ministro alem\u00e1n advierte sobre comportamiento imprudente de los turistas | El Digital de Asturias\" \/>\n\t\t<meta name=\"twitter:description\" content=\"Berl\u00edn, 16 jul (dpa) - El ministro alem\u00e1n de Relaciones Exteriores, Heiko Maas, advirti\u00f3 sobre el comportamiento irresponsable de los turistas durante las vacaciones en tiempos del coronavirus tras las aglomeraciones de las fiestas celebradas en Mallorca, seg\u00fan declaraciones publicadas hoy por los peri\u00f3dicos del grupo de medios Funke. &quot;Acabamos de lograr la reapertura de\" \/>\n\t\t<meta name=\"twitter:creator\" content=\"@bercodi\" \/>\n\t\t<meta name=\"twitter:image\" content=\"https:\/\/eldigitaldeasturias.com\/radio\/wp-content\/uploads\/2020\/06\/connection-4884862_640.jpg\" \/>\n\t\t<script type=\"application\/ld+json\" class=\"aioseo-schema\">\n\t\t\t{\"@context\":\"https:\\\/\\\/schema.org\",\"@graph\":[{\"@type\":\"BreadcrumbList\",\"@id\":\"https:\\\/\\\/eldigitaldeasturias.com\\\/radio\\\/ministro-aleman-advierte-sobre-comportamiento-imprudente-de-los-turistas\\\/#breadcrumblist\",\"itemListElement\":[{\"@type\":\"ListItem\",\"@id\":\"https:\\\/\\\/eldigitaldeasturias.com\\\/radio#listItem\",\"position\":1,\"name\":\"Inicio\",\"item\":\"https:\\\/\\\/eldigitaldeasturias.com\\\/radio\",\"nextItem\":{\"@type\":\"ListItem\",\"@id\":\"https:\\\/\\\/eldigitaldeasturias.com\\\/radio\\\/category\\\/turismo\\\/#listItem\",\"name\":\"Turismo\"}},{\"@type\":\"ListItem\",\"@id\":\"https:\\\/\\\/eldigitaldeasturias.com\\\/radio\\\/category\\\/turismo\\\/#listItem\",\"position\":2,\"name\":\"Turismo\",\"item\":\"https:\\\/\\\/eldigitaldeasturias.com\\\/radio\\\/category\\\/turismo\\\/\",\"nextItem\":{\"@type\":\"ListItem\",\"@id\":\"https:\\\/\\\/eldigitaldeasturias.com\\\/radio\\\/ministro-aleman-advierte-sobre-comportamiento-imprudente-de-los-turistas\\\/#listItem\",\"name\":\"Ministro alem\\u00e1n advierte sobre comportamiento imprudente de los turistas\"},\"previousItem\":{\"@type\":\"ListItem\",\"@id\":\"https:\\\/\\\/eldigitaldeasturias.com\\\/radio#listItem\",\"name\":\"Inicio\"}},{\"@type\":\"ListItem\",\"@id\":\"https:\\\/\\\/eldigitaldeasturias.com\\\/radio\\\/ministro-aleman-advierte-sobre-comportamiento-imprudente-de-los-turistas\\\/#listItem\",\"position\":3,\"name\":\"Ministro alem\\u00e1n advierte sobre comportamiento imprudente de los turistas\",\"previousItem\":{\"@type\":\"ListItem\",\"@id\":\"https:\\\/\\\/eldigitaldeasturias.com\\\/radio\\\/category\\\/turismo\\\/#listItem\",\"name\":\"Turismo\"}}]},{\"@type\":\"NewsArticle\",\"@id\":\"https:\\\/\\\/eldigitaldeasturias.com\\\/radio\\\/ministro-aleman-advierte-sobre-comportamiento-imprudente-de-los-turistas\\\/#newsarticle\",\"name\":\"Ministro alem\\u00e1n advierte sobre comportamiento imprudente de los turistas | El Digital de Asturias\",\"headline\":\"Ministro alem\\u00e1n advierte sobre comportamiento imprudente de los turistas\",\"author\":{\"@id\":\"https:\\\/\\\/eldigitaldeasturias.com\\\/radio\\\/author\\\/nbasturias\\\/#author\"},\"publisher\":{\"@id\":\"https:\\\/\\\/eldigitaldeasturias.com\\\/radio\\\/#organization\"},\"image\":{\"@type\":\"ImageObject\",\"url\":\"https:\\\/\\\/eldigitaldeasturias.com\\\/radio\\\/wp-content\\\/uploads\\\/2020\\\/06\\\/connection-4884862_640.jpg\",\"width\":640,\"height\":436},\"datePublished\":\"2020-07-17T01:05:11+02:00\",\"dateModified\":\"2020-07-17T01:05:11+02:00\",\"inLanguage\":\"es-ES\",\"mainEntityOfPage\":{\"@id\":\"https:\\\/\\\/eldigitaldeasturias.com\\\/radio\\\/ministro-aleman-advierte-sobre-comportamiento-imprudente-de-los-turistas\\\/#webpage\"},\"isPartOf\":{\"@id\":\"https:\\\/\\\/eldigitaldeasturias.com\\\/radio\\\/ministro-aleman-advierte-sobre-comportamiento-imprudente-de-los-turistas\\\/#webpage\"},\"articleSection\":\"Turismo\",\"dateline\":\"Publicado el julio 17, 2020.\"},{\"@type\":\"Organization\",\"@id\":\"https:\\\/\\\/eldigitaldeasturias.com\\\/radio\\\/#organization\",\"name\":\"El digital de Asturias Radio\",\"description\":\"Diario de informaci\\u00f3n y noticias\",\"url\":\"https:\\\/\\\/eldigitaldeasturias.com\\\/radio\\\/\",\"telephone\":\"+34652131393\",\"logo\":{\"@type\":\"ImageObject\",\"url\":\"https:\\\/\\\/www.eldigitaldeasturias.com\\\/radio\\\/wp-content\\\/uploads\\\/2021\\\/03\\\/EDA.jpg\",\"@id\":\"https:\\\/\\\/eldigitaldeasturias.com\\\/radio\\\/ministro-aleman-advierte-sobre-comportamiento-imprudente-de-los-turistas\\\/#organizationLogo\"},\"image\":{\"@id\":\"https:\\\/\\\/eldigitaldeasturias.com\\\/radio\\\/ministro-aleman-advierte-sobre-comportamiento-imprudente-de-los-turistas\\\/#organizationLogo\"},\"sameAs\":[\"https:\\\/\\\/www.facebook.com\\\/\",\"https:\\\/\\\/x.com\\\/bercodi\",\"https:\\\/\\\/www.instagram.com\\\/\",\"https:\\\/\\\/www.youtube.com\\\/channel\\\/UCZP-2wLEB9Rv6erhFmqVnvg\"]},{\"@type\":\"Person\",\"@id\":\"https:\\\/\\\/eldigitaldeasturias.com\\\/radio\\\/author\\\/nbasturias\\\/#author\",\"url\":\"https:\\\/\\\/eldigitaldeasturias.com\\\/radio\\\/author\\\/nbasturias\\\/\",\"name\":\"NBAsturias\",\"image\":{\"@type\":\"ImageObject\",\"@id\":\"https:\\\/\\\/eldigitaldeasturias.com\\\/radio\\\/ministro-aleman-advierte-sobre-comportamiento-imprudente-de-los-turistas\\\/#authorImage\",\"url\":\"https:\\\/\\\/secure.gravatar.com\\\/avatar\\\/df2aeffc32bcd13f8d26072ef8a91b623d677766deac7f97ca815868cd41bf5e?s=96&d=mm&r=g\",\"width\":96,\"height\":96,\"caption\":\"NBAsturias\"}},{\"@type\":\"WebPage\",\"@id\":\"https:\\\/\\\/eldigitaldeasturias.com\\\/radio\\\/ministro-aleman-advierte-sobre-comportamiento-imprudente-de-los-turistas\\\/#webpage\",\"url\":\"https:\\\/\\\/eldigitaldeasturias.com\\\/radio\\\/ministro-aleman-advierte-sobre-comportamiento-imprudente-de-los-turistas\\\/\",\"name\":\"Ministro alem\\u00e1n advierte sobre comportamiento imprudente de los turistas | El Digital de Asturias\",\"description\":\"Berl\\u00edn, 16 jul (dpa) - El ministro alem\\u00e1n de Relaciones Exteriores, Heiko Maas, advirti\\u00f3 sobre el comportamiento irresponsable de los turistas durante las vacaciones en tiempos del coronavirus tras las aglomeraciones de las fiestas celebradas en Mallorca, seg\\u00fan declaraciones publicadas hoy por los peri\\u00f3dicos del grupo de medios Funke. \\\"Acabamos de lograr la reapertura de\",\"inLanguage\":\"es-ES\",\"isPartOf\":{\"@id\":\"https:\\\/\\\/eldigitaldeasturias.com\\\/radio\\\/#website\"},\"breadcrumb\":{\"@id\":\"https:\\\/\\\/eldigitaldeasturias.com\\\/radio\\\/ministro-aleman-advierte-sobre-comportamiento-imprudente-de-los-turistas\\\/#breadcrumblist\"},\"author\":{\"@id\":\"https:\\\/\\\/eldigitaldeasturias.com\\\/radio\\\/author\\\/nbasturias\\\/#author\"},\"creator\":{\"@id\":\"https:\\\/\\\/eldigitaldeasturias.com\\\/radio\\\/author\\\/nbasturias\\\/#author\"},\"image\":{\"@type\":\"ImageObject\",\"url\":\"https:\\\/\\\/eldigitaldeasturias.com\\\/radio\\\/wp-content\\\/uploads\\\/2020\\\/06\\\/connection-4884862_640.jpg\",\"@id\":\"https:\\\/\\\/eldigitaldeasturias.com\\\/radio\\\/ministro-aleman-advierte-sobre-comportamiento-imprudente-de-los-turistas\\\/#mainImage\",\"width\":640,\"height\":436},\"primaryImageOfPage\":{\"@id\":\"https:\\\/\\\/eldigitaldeasturias.com\\\/radio\\\/ministro-aleman-advierte-sobre-comportamiento-imprudente-de-los-turistas\\\/#mainImage\"},\"datePublished\":\"2020-07-17T01:05:11+02:00\",\"dateModified\":\"2020-07-17T01:05:11+02:00\"},{\"@type\":\"WebSite\",\"@id\":\"https:\\\/\\\/eldigitaldeasturias.com\\\/radio\\\/#website\",\"url\":\"https:\\\/\\\/eldigitaldeasturias.com\\\/radio\\\/\",\"name\":\"El Digital de Asturias\",\"description\":\"Diario de informaci\\u00f3n y noticias\",\"inLanguage\":\"es-ES\",\"publisher\":{\"@id\":\"https:\\\/\\\/eldigitaldeasturias.com\\\/radio\\\/#organization\"}}]}\n\t\t<\/script>\n\t\t<!-- All in One SEO Pro -->\r\n\t\t<title>Ministro alem\u00e1n advierte sobre comportamiento imprudente de los turistas | El Digital de Asturias<\/title>\n\n","aioseo_head_json":{"title":"Ministro alem\u00e1n advierte sobre comportamiento imprudente de los turistas | El Digital de Asturias","description":"Berl\u00edn, 16 jul (dpa) - El ministro alem\u00e1n de Relaciones Exteriores, Heiko Maas, advirti\u00f3 sobre el comportamiento irresponsable de los turistas durante las vacaciones en tiempos del coronavirus tras las aglomeraciones de las fiestas celebradas en Mallorca, seg\u00fan declaraciones publicadas hoy por los peri\u00f3dicos del grupo de medios Funke. \"Acabamos de lograr la reapertura de","canonical_url":"https:\/\/eldigitaldeasturias.com\/radio\/ministro-aleman-advierte-sobre-comportamiento-imprudente-de-los-turistas\/","robots":"max-image-preview:large","keywords":"turismo","webmasterTools":{"google-site-verification":"UA-38556648-1","miscellaneous":""},"schema":{"@context":"https:\/\/schema.org","@graph":[{"@type":"BreadcrumbList","@id":"https:\/\/eldigitaldeasturias.com\/radio\/ministro-aleman-advierte-sobre-comportamiento-imprudente-de-los-turistas\/#breadcrumblist","itemListElement":[{"@type":"ListItem","@id":"https:\/\/eldigitaldeasturias.com\/radio#listItem","position":1,"name":"Inicio","item":"https:\/\/eldigitaldeasturias.com\/radio","nextItem":{"@type":"ListItem","@id":"https:\/\/eldigitaldeasturias.com\/radio\/category\/turismo\/#listItem","name":"Turismo"}},{"@type":"ListItem","@id":"https:\/\/eldigitaldeasturias.com\/radio\/category\/turismo\/#listItem","position":2,"name":"Turismo","item":"https:\/\/eldigitaldeasturias.com\/radio\/category\/turismo\/","nextItem":{"@type":"ListItem","@id":"https:\/\/eldigitaldeasturias.com\/radio\/ministro-aleman-advierte-sobre-comportamiento-imprudente-de-los-turistas\/#listItem","name":"Ministro alem\u00e1n advierte sobre comportamiento imprudente de los turistas"},"previousItem":{"@type":"ListItem","@id":"https:\/\/eldigitaldeasturias.com\/radio#listItem","name":"Inicio"}},{"@type":"ListItem","@id":"https:\/\/eldigitaldeasturias.com\/radio\/ministro-aleman-advierte-sobre-comportamiento-imprudente-de-los-turistas\/#listItem","position":3,"name":"Ministro alem\u00e1n advierte sobre comportamiento imprudente de los turistas","previousItem":{"@type":"ListItem","@id":"https:\/\/eldigitaldeasturias.com\/radio\/category\/turismo\/#listItem","name":"Turismo"}}]},{"@type":"NewsArticle","@id":"https:\/\/eldigitaldeasturias.com\/radio\/ministro-aleman-advierte-sobre-comportamiento-imprudente-de-los-turistas\/#newsarticle","name":"Ministro alem\u00e1n advierte sobre comportamiento imprudente de los turistas | El Digital de Asturias","headline":"Ministro alem\u00e1n advierte sobre comportamiento imprudente de los turistas","author":{"@id":"https:\/\/eldigitaldeasturias.com\/radio\/author\/nbasturias\/#author"},"publisher":{"@id":"https:\/\/eldigitaldeasturias.com\/radio\/#organization"},"image":{"@type":"ImageObject","url":"https:\/\/eldigitaldeasturias.com\/radio\/wp-content\/uploads\/2020\/06\/connection-4884862_640.jpg","width":640,"height":436},"datePublished":"2020-07-17T01:05:11+02:00","dateModified":"2020-07-17T01:05:11+02:00","inLanguage":"es-ES","mainEntityOfPage":{"@id":"https:\/\/eldigitaldeasturias.com\/radio\/ministro-aleman-advierte-sobre-comportamiento-imprudente-de-los-turistas\/#webpage"},"isPartOf":{"@id":"https:\/\/eldigitaldeasturias.com\/radio\/ministro-aleman-advierte-sobre-comportamiento-imprudente-de-los-turistas\/#webpage"},"articleSection":"Turismo","dateline":"Publicado el julio 17, 2020."},{"@type":"Organization","@id":"https:\/\/eldigitaldeasturias.com\/radio\/#organization","name":"El digital de Asturias Radio","description":"Diario de informaci\u00f3n y noticias","url":"https:\/\/eldigitaldeasturias.com\/radio\/","telephone":"+34652131393","logo":{"@type":"ImageObject","url":"https:\/\/www.eldigitaldeasturias.com\/radio\/wp-content\/uploads\/2021\/03\/EDA.jpg","@id":"https:\/\/eldigitaldeasturias.com\/radio\/ministro-aleman-advierte-sobre-comportamiento-imprudente-de-los-turistas\/#organizationLogo"},"image":{"@id":"https:\/\/eldigitaldeasturias.com\/radio\/ministro-aleman-advierte-sobre-comportamiento-imprudente-de-los-turistas\/#organizationLogo"},"sameAs":["https:\/\/www.facebook.com\/","https:\/\/x.com\/bercodi","https:\/\/www.instagram.com\/","https:\/\/www.youtube.com\/channel\/UCZP-2wLEB9Rv6erhFmqVnvg"]},{"@type":"Person","@id":"https:\/\/eldigitaldeasturias.com\/radio\/author\/nbasturias\/#author","url":"https:\/\/eldigitaldeasturias.com\/radio\/author\/nbasturias\/","name":"NBAsturias","image":{"@type":"ImageObject","@id":"https:\/\/eldigitaldeasturias.com\/radio\/ministro-aleman-advierte-sobre-comportamiento-imprudente-de-los-turistas\/#authorImage","url":"https:\/\/secure.gravatar.com\/avatar\/df2aeffc32bcd13f8d26072ef8a91b623d677766deac7f97ca815868cd41bf5e?s=96&d=mm&r=g","width":96,"height":96,"caption":"NBAsturias"}},{"@type":"WebPage","@id":"https:\/\/eldigitaldeasturias.com\/radio\/ministro-aleman-advierte-sobre-comportamiento-imprudente-de-los-turistas\/#webpage","url":"https:\/\/eldigitaldeasturias.com\/radio\/ministro-aleman-advierte-sobre-comportamiento-imprudente-de-los-turistas\/","name":"Ministro alem\u00e1n advierte sobre comportamiento imprudente de los turistas | El Digital de Asturias","description":"Berl\u00edn, 16 jul (dpa) - El ministro alem\u00e1n de Relaciones Exteriores, Heiko Maas, advirti\u00f3 sobre el comportamiento irresponsable de los turistas durante las vacaciones en tiempos del coronavirus tras las aglomeraciones de las fiestas celebradas en Mallorca, seg\u00fan declaraciones publicadas hoy por los peri\u00f3dicos del grupo de medios Funke. \"Acabamos de lograr la reapertura de","inLanguage":"es-ES","isPartOf":{"@id":"https:\/\/eldigitaldeasturias.com\/radio\/#website"},"breadcrumb":{"@id":"https:\/\/eldigitaldeasturias.com\/radio\/ministro-aleman-advierte-sobre-comportamiento-imprudente-de-los-turistas\/#breadcrumblist"},"author":{"@id":"https:\/\/eldigitaldeasturias.com\/radio\/author\/nbasturias\/#author"},"creator":{"@id":"https:\/\/eldigitaldeasturias.com\/radio\/author\/nbasturias\/#author"},"image":{"@type":"ImageObject","url":"https:\/\/eldigitaldeasturias.com\/radio\/wp-content\/uploads\/2020\/06\/connection-4884862_640.jpg","@id":"https:\/\/eldigitaldeasturias.com\/radio\/ministro-aleman-advierte-sobre-comportamiento-imprudente-de-los-turistas\/#mainImage","width":640,"height":436},"primaryImageOfPage":{"@id":"https:\/\/eldigitaldeasturias.com\/radio\/ministro-aleman-advierte-sobre-comportamiento-imprudente-de-los-turistas\/#mainImage"},"datePublished":"2020-07-17T01:05:11+02:00","dateModified":"2020-07-17T01:05:11+02:00"},{"@type":"WebSite","@id":"https:\/\/eldigitaldeasturias.com\/radio\/#website","url":"https:\/\/eldigitaldeasturias.com\/radio\/","name":"El Digital de Asturias","description":"Diario de informaci\u00f3n y noticias","inLanguage":"es-ES","publisher":{"@id":"https:\/\/eldigitaldeasturias.com\/radio\/#organization"}}]},"og:locale":"es_ES","og:site_name":"El Digital de Asturias | Diario de informaci\u00f3n y noticias","og:type":"article","og:title":"Ministro alem\u00e1n advierte sobre comportamiento imprudente de los turistas | El Digital de Asturias","og:description":"Berl\u00edn, 16 jul (dpa) - El ministro alem\u00e1n de Relaciones Exteriores, Heiko Maas, advirti\u00f3 sobre el comportamiento irresponsable de los turistas durante las vacaciones en tiempos del coronavirus tras las aglomeraciones de las fiestas celebradas en Mallorca, seg\u00fan declaraciones publicadas hoy por los peri\u00f3dicos del grupo de medios Funke. &quot;Acabamos de lograr la reapertura de","og:url":"https:\/\/eldigitaldeasturias.com\/radio\/ministro-aleman-advierte-sobre-comportamiento-imprudente-de-los-turistas\/","og:image":"https:\/\/eldigitaldeasturias.com\/radio\/wp-content\/uploads\/2020\/06\/connection-4884862_640.jpg","og:image:secure_url":"https:\/\/eldigitaldeasturias.com\/radio\/wp-content\/uploads\/2020\/06\/connection-4884862_640.jpg","og:image:width":640,"og:image:height":436,"article:published_time":"2020-07-17T01:05:11+00:00","article:modified_time":"2020-07-17T01:05:11+00:00","twitter:card":"summary_large_image","twitter:site":"@bercodi","twitter:title":"Ministro alem\u00e1n advierte sobre comportamiento imprudente de los turistas | El Digital de Asturias","twitter:description":"Berl\u00edn, 16 jul (dpa) - El ministro alem\u00e1n de Relaciones Exteriores, Heiko Maas, advirti\u00f3 sobre el comportamiento irresponsable de los turistas durante las vacaciones en tiempos del coronavirus tras las aglomeraciones de las fiestas celebradas en Mallorca, seg\u00fan declaraciones publicadas hoy por los peri\u00f3dicos del grupo de medios Funke. &quot;Acabamos de lograr la reapertura de","twitter:creator":"@bercodi","twitter:image":"https:\/\/eldigitaldeasturias.com\/radio\/wp-content\/uploads\/2020\/06\/connection-4884862_640.jpg"},"aioseo_meta_data":{"post_id":"4768","title":null,"description":"","keywords":"","keyphrases":null,"primary_term":null,"canonical_url":"","og_title":null,"og_description":null,"og_object_type":"default","og_image_type":"default","og_image_url":null,"og_image_width":null,"og_image_height":null,"og_image_custom_url":null,"og_image_custom_fields":null,"og_video":null,"og_custom_url":null,"og_article_section":null,"og_article_tags":null,"twitter_use_og":false,"twitter_card":"default","twitter_image_type":"default","twitter_image_url":null,"twitter_image_custom_url":null,"twitter_image_custom_fields":null,"twitter_title":null,"twitter_description":null,"schema":{"blockGraphs":[],"customGraphs":[],"default":{"data":{"Article":[],"Course":[],"Dataset":[],"FAQPage":[],"Movie":[],"Person":[],"Product":[],"ProductReview":[],"Car":[],"Recipe":[],"Service":[],"SoftwareApplication":[],"WebPage":[]},"graphName":"","isEnabled":true},"graphs":[],"defaultGraph":"","defaultPostTypeGraph":""},"schema_type":null,"schema_type_options":null,"pillar_content":false,"robots_default":true,"robots_noindex":false,"robots_noarchive":false,"robots_nosnippet":false,"robots_nofollow":false,"robots_noimageindex":false,"robots_noodp":false,"robots_notranslate":false,"robots_max_snippet":null,"robots_max_videopreview":null,"robots_max_imagepreview":"large","priority":null,"frequency":null,"location":null,"local_seo":null,"seo_analyzer_scan_date":"2025-08-28 16:40:29","breadcrumb_settings":null,"limit_modified_date":false,"open_ai":null,"ai":null,"created":"2021-03-25 18:22:11","updated":"2025-08-28 16:40:29"},"aioseo_breadcrumb":"<div class=\"aioseo-breadcrumbs\"><span class=\"aioseo-breadcrumb\">\n\t<a href=\"https:\/\/eldigitaldeasturias.com\/radio\" title=\"Inicio\">Inicio<\/a>\n<\/span><span class=\"aioseo-breadcrumb-separator\">&ndash;<\/span><span class=\"aioseo-breadcrumb\">\n\t<a href=\"https:\/\/eldigitaldeasturias.com\/radio\/category\/turismo\/\" title=\"Turismo\">Turismo<\/a>\n<\/span><span class=\"aioseo-breadcrumb-separator\">&ndash;<\/span><span class=\"aioseo-breadcrumb\">\n\tMinistro alem\u00e1n advierte sobre comportamiento imprudente de los turistas\n<\/span><\/div>","aioseo_breadcrumb_json":[{"label":"Inicio","link":"https:\/\/eldigitaldeasturias.com\/radio"},{"label":"Turismo","link":"https:\/\/eldigitaldeasturias.com\/radio\/category\/turismo\/"},{"label":"Ministro alem\u00e1n advierte sobre comportamiento imprudente de los turistas","link":"https:\/\/eldigitaldeasturias.com\/radio\/ministro-aleman-advierte-sobre-comportamiento-imprudente-de-los-turistas\/"}],"_links":{"self":[{"href":"https:\/\/eldigitaldeasturias.com\/radio\/wp-json\/wp\/v2\/posts\/4768","targetHints":{"allow":["GET"]}}],"collection":[{"href":"https:\/\/eldigitaldeasturias.com\/radio\/wp-json\/wp\/v2\/posts"}],"about":[{"href":"https:\/\/eldigitaldeasturias.com\/radio\/wp-json\/wp\/v2\/types\/post"}],"author":[{"embeddable":true,"href":"https:\/\/eldigitaldeasturias.com\/radio\/wp-json\/wp\/v2\/users\/1"}],"replies":[{"embeddable":true,"href":"https:\/\/eldigitaldeasturias.com\/radio\/wp-json\/wp\/v2\/comments?post=4768"}],"version-history":[{"count":0,"href":"https:\/\/eldigitaldeasturias.com\/radio\/wp-json\/wp\/v2\/posts\/4768\/revisions"}],"wp:featuredmedia":[{"embeddable":true,"href":"https:\/\/eldigitaldeasturias.com\/radio\/wp-json\/wp\/v2\/media\/4405"}],"wp:attachment":[{"href":"https:\/\/eldigitaldeasturias.com\/radio\/wp-json\/wp\/v2\/media?parent=4768"}],"wp:term":[{"taxonomy":"category","embeddable":true,"href":"https:\/\/eldigitaldeasturias.com\/radio\/wp-json\/wp\/v2\/categories?post=4768"},{"taxonomy":"post_tag","embeddable":true,"href":"https:\/\/eldigitaldeasturias.com\/radio\/wp-json\/wp\/v2\/tags?post=4768"}],"curies":[{"name":"wp","href":"https:\/\/api.w.org\/{rel}","templated":true}]}}