{"id":4765,"date":"2020-07-17T00:39:23","date_gmt":"2020-07-17T00:39:23","guid":{"rendered":"http:\/\/www.eldigitaldeasturias.com\/radio\/?p=4765"},"modified":"2020-07-17T00:39:23","modified_gmt":"2020-07-17T00:39:23","slug":"ministros-de-salud-alemanes-piden-restricciones-locales-por-covid-19","status":"publish","type":"post","link":"https:\/\/eldigitaldeasturias.com\/radio\/ministros-de-salud-alemanes-piden-restricciones-locales-por-covid-19\/","title":{"rendered":"Ministros de Salud alemanes piden restricciones locales por covid-19"},"content":{"rendered":"<figure id=\"attachment_4766\" aria-describedby=\"caption-attachment-4766\" style=\"width: 360px\" class=\"wp-caption alignleft\"><img fetchpriority=\"high\" decoding=\"async\" class=\"size-medium wp-image-4766\" src=\"http:\/\/www.eldigitaldeasturias.com\/radio\/wp-content\/uploads\/2020\/07\/Jens-Spahn-360x231.jpg\" alt=\"\" width=\"360\" height=\"231\" srcset=\"https:\/\/eldigitaldeasturias.com\/radio\/wp-content\/uploads\/2020\/07\/Jens-Spahn-360x231.jpg 360w, https:\/\/eldigitaldeasturias.com\/radio\/wp-content\/uploads\/2020\/07\/Jens-Spahn-1024x656.jpg 1024w, https:\/\/eldigitaldeasturias.com\/radio\/wp-content\/uploads\/2020\/07\/Jens-Spahn-768x492.jpg 768w, https:\/\/eldigitaldeasturias.com\/radio\/wp-content\/uploads\/2020\/07\/Jens-Spahn.jpg 1035w\" sizes=\"(max-width: 360px) 100vw, 360px\" \/><figcaption id=\"caption-attachment-4766\" class=\"wp-caption-text\">Foto: Tobias Schwarz\/AFP Pool\/dpa<\/figcaption><\/figure>\n<p>Berl\u00edn, 16 jul (dpa) &#8211; Los ministros de Salud de los estados federados alemanes acordaron hoy aplicar restricciones m\u00e1s locales y espec\u00edficas en las zonas en las que se registran nuevos brotes de coronavirus.<\/p>\n<p>Las prohibiciones de salida locales podr\u00edan ser \u00abuna medida adecuada\u00bb, destaca un documento de la Conferencia de Ministros de Salud de Alemania al que tuvo acceso dpa.<\/p>\n<p>Los ministros recomiendan a los jefes de Gobierno de los estados federados que restrinjan sectores m\u00e1s peque\u00f1os en caso de un brote de coronavirus en el futuro.<\/p>\n<p>\u00abEl cierre de distritos enteros, por ejemplo en Hamburgo o Berl\u00edn, no es posible\u00bb, se\u00f1ala el documento, en el que los ministros tambi\u00e9n advierten que no debe haber automatismos en la aplicaci\u00f3n de las medidas contra el coronavirus.<\/p>\n<p>\u00abLas decisiones deben ser tomadas en el lugar de un modo flexible por las autoridades responsables\u00bb, precisan.<\/p>\n<p>Helge Braun, jefe de gabinete de la canciller Angela Merkel, ya hab\u00eda sugerido soluciones m\u00e1s espec\u00edficas para los puntos calientes de brotes de coronavirus. Varios primeros ministros de los estados federados se hab\u00edan negado anteriormente a emitir prohibiciones de salida para distritos enteros.<\/p>\n<p>Sin embargo, los ministros de Salud reconocieron que la aplicaci\u00f3n y el control de prohibiciones de salida locales y limitadas en el tiempo podr\u00edan ser problem\u00e1ticas. Por lo tanto, subrayan la importancia de involucrar al Ministerio Alem\u00e1n del Interior y, en caso de necesario, a la Conferencia de Ministros del Interior para encontrar soluciones<\/p>\n","protected":false},"excerpt":{"rendered":"<p>Berl\u00edn, 16 jul (dpa) &#8211; Los ministros de Salud de los estados federados alemanes acordaron hoy aplicar restricciones m\u00e1s locales y espec\u00edficas en las zonas en las que se registran nuevos brotes de coronavirus. Las prohibiciones de salida locales podr\u00edan ser \u00abuna medida adecuada\u00bb, destaca un documento de la Conferencia de Ministros de Salud de<\/p>\n","protected":false},"author":1,"featured_media":4766,"comment_status":"closed","ping_status":"closed","sticky":false,"template":"","format":"standard","meta":{"footnotes":""},"categories":[1],"tags":[],"class_list":{"0":"post-4765","1":"post","2":"type-post","3":"status-publish","4":"format-standard","5":"has-post-thumbnail","7":"category-noticias"},"aioseo_notices":[],"aioseo_head":"\n\t\t<!-- All in One SEO Pro 4.9.6.2 - aioseo.com -->\n\t<meta name=\"description\" content=\"Berl\u00edn, 16 jul (dpa) - Los ministros de Salud de los estados federados alemanes acordaron hoy aplicar restricciones m\u00e1s locales y espec\u00edficas en las zonas en las que se registran nuevos brotes de coronavirus. Las prohibiciones de salida locales podr\u00edan ser &quot;una medida adecuada&quot;, destaca un documento de la Conferencia de Ministros de Salud de\" \/>\n\t<meta name=\"robots\" content=\"max-image-preview:large\" \/>\n\t<meta name=\"author\" content=\"NBAsturias\"\/>\n\t<meta name=\"google-site-verification\" content=\"UA-38556648-1\" \/>\n\t<meta name=\"keywords\" content=\"noticias\" \/>\n\t<link rel=\"canonical\" href=\"https:\/\/eldigitaldeasturias.com\/radio\/ministros-de-salud-alemanes-piden-restricciones-locales-por-covid-19\/\" \/>\n\t<meta name=\"generator\" content=\"All in One SEO Pro (AIOSEO) 4.9.6.2\" \/>\n\t\t<meta property=\"og:locale\" content=\"es_ES\" \/>\n\t\t<meta property=\"og:site_name\" content=\"El Digital de Asturias | Diario de informaci\u00f3n y noticias\" \/>\n\t\t<meta property=\"og:type\" content=\"article\" \/>\n\t\t<meta property=\"og:title\" content=\"Ministros de Salud alemanes piden restricciones locales por covid-19 | El Digital de Asturias\" \/>\n\t\t<meta property=\"og:description\" content=\"Berl\u00edn, 16 jul (dpa) - Los ministros de Salud de los estados federados alemanes acordaron hoy aplicar restricciones m\u00e1s locales y espec\u00edficas en las zonas en las que se registran nuevos brotes de coronavirus. Las prohibiciones de salida locales podr\u00edan ser &quot;una medida adecuada&quot;, destaca un documento de la Conferencia de Ministros de Salud de\" \/>\n\t\t<meta property=\"og:url\" content=\"https:\/\/eldigitaldeasturias.com\/radio\/ministros-de-salud-alemanes-piden-restricciones-locales-por-covid-19\/\" \/>\n\t\t<meta property=\"og:image\" content=\"https:\/\/eldigitaldeasturias.com\/radio\/wp-content\/uploads\/2020\/07\/Jens-Spahn.jpg\" \/>\n\t\t<meta property=\"og:image:secure_url\" content=\"https:\/\/eldigitaldeasturias.com\/radio\/wp-content\/uploads\/2020\/07\/Jens-Spahn.jpg\" \/>\n\t\t<meta property=\"og:image:width\" content=\"1035\" \/>\n\t\t<meta property=\"og:image:height\" content=\"663\" \/>\n\t\t<meta property=\"article:published_time\" content=\"2020-07-17T00:39:23+00:00\" \/>\n\t\t<meta property=\"article:modified_time\" content=\"2020-07-17T00:39:23+00:00\" \/>\n\t\t<meta name=\"twitter:card\" content=\"summary_large_image\" \/>\n\t\t<meta name=\"twitter:site\" content=\"@bercodi\" \/>\n\t\t<meta name=\"twitter:title\" content=\"Ministros de Salud alemanes piden restricciones locales por covid-19 | El Digital de Asturias\" \/>\n\t\t<meta name=\"twitter:description\" content=\"Berl\u00edn, 16 jul (dpa) - Los ministros de Salud de los estados federados alemanes acordaron hoy aplicar restricciones m\u00e1s locales y espec\u00edficas en las zonas en las que se registran nuevos brotes de coronavirus. Las prohibiciones de salida locales podr\u00edan ser &quot;una medida adecuada&quot;, destaca un documento de la Conferencia de Ministros de Salud de\" \/>\n\t\t<meta name=\"twitter:creator\" content=\"@bercodi\" \/>\n\t\t<meta name=\"twitter:image\" content=\"https:\/\/eldigitaldeasturias.com\/radio\/wp-content\/uploads\/2020\/07\/Jens-Spahn.jpg\" \/>\n\t\t<script type=\"application\/ld+json\" class=\"aioseo-schema\">\n\t\t\t{\"@context\":\"https:\\\/\\\/schema.org\",\"@graph\":[{\"@type\":\"BreadcrumbList\",\"@id\":\"https:\\\/\\\/eldigitaldeasturias.com\\\/radio\\\/ministros-de-salud-alemanes-piden-restricciones-locales-por-covid-19\\\/#breadcrumblist\",\"itemListElement\":[{\"@type\":\"ListItem\",\"@id\":\"https:\\\/\\\/eldigitaldeasturias.com\\\/radio#listItem\",\"position\":1,\"name\":\"Inicio\",\"item\":\"https:\\\/\\\/eldigitaldeasturias.com\\\/radio\",\"nextItem\":{\"@type\":\"ListItem\",\"@id\":\"https:\\\/\\\/eldigitaldeasturias.com\\\/radio\\\/category\\\/noticias\\\/#listItem\",\"name\":\"Noticias\"}},{\"@type\":\"ListItem\",\"@id\":\"https:\\\/\\\/eldigitaldeasturias.com\\\/radio\\\/category\\\/noticias\\\/#listItem\",\"position\":2,\"name\":\"Noticias\",\"item\":\"https:\\\/\\\/eldigitaldeasturias.com\\\/radio\\\/category\\\/noticias\\\/\",\"nextItem\":{\"@type\":\"ListItem\",\"@id\":\"https:\\\/\\\/eldigitaldeasturias.com\\\/radio\\\/ministros-de-salud-alemanes-piden-restricciones-locales-por-covid-19\\\/#listItem\",\"name\":\"Ministros de Salud alemanes piden restricciones locales por covid-19\"},\"previousItem\":{\"@type\":\"ListItem\",\"@id\":\"https:\\\/\\\/eldigitaldeasturias.com\\\/radio#listItem\",\"name\":\"Inicio\"}},{\"@type\":\"ListItem\",\"@id\":\"https:\\\/\\\/eldigitaldeasturias.com\\\/radio\\\/ministros-de-salud-alemanes-piden-restricciones-locales-por-covid-19\\\/#listItem\",\"position\":3,\"name\":\"Ministros de Salud alemanes piden restricciones locales por covid-19\",\"previousItem\":{\"@type\":\"ListItem\",\"@id\":\"https:\\\/\\\/eldigitaldeasturias.com\\\/radio\\\/category\\\/noticias\\\/#listItem\",\"name\":\"Noticias\"}}]},{\"@type\":\"NewsArticle\",\"@id\":\"https:\\\/\\\/eldigitaldeasturias.com\\\/radio\\\/ministros-de-salud-alemanes-piden-restricciones-locales-por-covid-19\\\/#newsarticle\",\"name\":\"Ministros de Salud alemanes piden restricciones locales por covid-19 | El Digital de Asturias\",\"headline\":\"Ministros de Salud alemanes piden restricciones locales por covid-19\",\"author\":{\"@id\":\"https:\\\/\\\/eldigitaldeasturias.com\\\/radio\\\/author\\\/nbasturias\\\/#author\"},\"publisher\":{\"@id\":\"https:\\\/\\\/eldigitaldeasturias.com\\\/radio\\\/#organization\"},\"image\":{\"@type\":\"ImageObject\",\"url\":\"https:\\\/\\\/eldigitaldeasturias.com\\\/radio\\\/wp-content\\\/uploads\\\/2020\\\/07\\\/Jens-Spahn.jpg\",\"width\":1035,\"height\":663,\"caption\":\"Foto: Tobias Schwarz\\\/AFP Pool\\\/dpa\"},\"datePublished\":\"2020-07-17T00:39:23+02:00\",\"dateModified\":\"2020-07-17T00:39:23+02:00\",\"inLanguage\":\"es-ES\",\"mainEntityOfPage\":{\"@id\":\"https:\\\/\\\/eldigitaldeasturias.com\\\/radio\\\/ministros-de-salud-alemanes-piden-restricciones-locales-por-covid-19\\\/#webpage\"},\"isPartOf\":{\"@id\":\"https:\\\/\\\/eldigitaldeasturias.com\\\/radio\\\/ministros-de-salud-alemanes-piden-restricciones-locales-por-covid-19\\\/#webpage\"},\"articleSection\":\"Noticias\",\"dateline\":\"Publicado el julio 17, 2020.\"},{\"@type\":\"Organization\",\"@id\":\"https:\\\/\\\/eldigitaldeasturias.com\\\/radio\\\/#organization\",\"name\":\"El digital de Asturias Radio\",\"description\":\"Diario de informaci\\u00f3n y noticias\",\"url\":\"https:\\\/\\\/eldigitaldeasturias.com\\\/radio\\\/\",\"telephone\":\"+34652131393\",\"logo\":{\"@type\":\"ImageObject\",\"url\":\"https:\\\/\\\/www.eldigitaldeasturias.com\\\/radio\\\/wp-content\\\/uploads\\\/2021\\\/03\\\/EDA.jpg\",\"@id\":\"https:\\\/\\\/eldigitaldeasturias.com\\\/radio\\\/ministros-de-salud-alemanes-piden-restricciones-locales-por-covid-19\\\/#organizationLogo\"},\"image\":{\"@id\":\"https:\\\/\\\/eldigitaldeasturias.com\\\/radio\\\/ministros-de-salud-alemanes-piden-restricciones-locales-por-covid-19\\\/#organizationLogo\"},\"sameAs\":[\"https:\\\/\\\/www.facebook.com\\\/\",\"https:\\\/\\\/x.com\\\/bercodi\",\"https:\\\/\\\/www.instagram.com\\\/\",\"https:\\\/\\\/www.youtube.com\\\/channel\\\/UCZP-2wLEB9Rv6erhFmqVnvg\"]},{\"@type\":\"Person\",\"@id\":\"https:\\\/\\\/eldigitaldeasturias.com\\\/radio\\\/author\\\/nbasturias\\\/#author\",\"url\":\"https:\\\/\\\/eldigitaldeasturias.com\\\/radio\\\/author\\\/nbasturias\\\/\",\"name\":\"NBAsturias\",\"image\":{\"@type\":\"ImageObject\",\"@id\":\"https:\\\/\\\/eldigitaldeasturias.com\\\/radio\\\/ministros-de-salud-alemanes-piden-restricciones-locales-por-covid-19\\\/#authorImage\",\"url\":\"https:\\\/\\\/secure.gravatar.com\\\/avatar\\\/df2aeffc32bcd13f8d26072ef8a91b623d677766deac7f97ca815868cd41bf5e?s=96&d=mm&r=g\",\"width\":96,\"height\":96,\"caption\":\"NBAsturias\"}},{\"@type\":\"WebPage\",\"@id\":\"https:\\\/\\\/eldigitaldeasturias.com\\\/radio\\\/ministros-de-salud-alemanes-piden-restricciones-locales-por-covid-19\\\/#webpage\",\"url\":\"https:\\\/\\\/eldigitaldeasturias.com\\\/radio\\\/ministros-de-salud-alemanes-piden-restricciones-locales-por-covid-19\\\/\",\"name\":\"Ministros de Salud alemanes piden restricciones locales por covid-19 | El Digital de Asturias\",\"description\":\"Berl\\u00edn, 16 jul (dpa) - Los ministros de Salud de los estados federados alemanes acordaron hoy aplicar restricciones m\\u00e1s locales y espec\\u00edficas en las zonas en las que se registran nuevos brotes de coronavirus. Las prohibiciones de salida locales podr\\u00edan ser \\\"una medida adecuada\\\", destaca un documento de la Conferencia de Ministros de Salud de\",\"inLanguage\":\"es-ES\",\"isPartOf\":{\"@id\":\"https:\\\/\\\/eldigitaldeasturias.com\\\/radio\\\/#website\"},\"breadcrumb\":{\"@id\":\"https:\\\/\\\/eldigitaldeasturias.com\\\/radio\\\/ministros-de-salud-alemanes-piden-restricciones-locales-por-covid-19\\\/#breadcrumblist\"},\"author\":{\"@id\":\"https:\\\/\\\/eldigitaldeasturias.com\\\/radio\\\/author\\\/nbasturias\\\/#author\"},\"creator\":{\"@id\":\"https:\\\/\\\/eldigitaldeasturias.com\\\/radio\\\/author\\\/nbasturias\\\/#author\"},\"image\":{\"@type\":\"ImageObject\",\"url\":\"https:\\\/\\\/eldigitaldeasturias.com\\\/radio\\\/wp-content\\\/uploads\\\/2020\\\/07\\\/Jens-Spahn.jpg\",\"@id\":\"https:\\\/\\\/eldigitaldeasturias.com\\\/radio\\\/ministros-de-salud-alemanes-piden-restricciones-locales-por-covid-19\\\/#mainImage\",\"width\":1035,\"height\":663,\"caption\":\"Foto: Tobias Schwarz\\\/AFP Pool\\\/dpa\"},\"primaryImageOfPage\":{\"@id\":\"https:\\\/\\\/eldigitaldeasturias.com\\\/radio\\\/ministros-de-salud-alemanes-piden-restricciones-locales-por-covid-19\\\/#mainImage\"},\"datePublished\":\"2020-07-17T00:39:23+02:00\",\"dateModified\":\"2020-07-17T00:39:23+02:00\"},{\"@type\":\"WebSite\",\"@id\":\"https:\\\/\\\/eldigitaldeasturias.com\\\/radio\\\/#website\",\"url\":\"https:\\\/\\\/eldigitaldeasturias.com\\\/radio\\\/\",\"name\":\"El Digital de Asturias\",\"description\":\"Diario de informaci\\u00f3n y noticias\",\"inLanguage\":\"es-ES\",\"publisher\":{\"@id\":\"https:\\\/\\\/eldigitaldeasturias.com\\\/radio\\\/#organization\"}}]}\n\t\t<\/script>\n\t\t<!-- All in One SEO Pro -->\r\n\t\t<title>Ministros de Salud alemanes piden restricciones locales por covid-19 | El Digital de Asturias<\/title>\n\n","aioseo_head_json":{"title":"Ministros de Salud alemanes piden restricciones locales por covid-19 | El Digital de Asturias","description":"Berl\u00edn, 16 jul (dpa) - Los ministros de Salud de los estados federados alemanes acordaron hoy aplicar restricciones m\u00e1s locales y espec\u00edficas en las zonas en las que se registran nuevos brotes de coronavirus. Las prohibiciones de salida locales podr\u00edan ser \"una medida adecuada\", destaca un documento de la Conferencia de Ministros de Salud de","canonical_url":"https:\/\/eldigitaldeasturias.com\/radio\/ministros-de-salud-alemanes-piden-restricciones-locales-por-covid-19\/","robots":"max-image-preview:large","keywords":"noticias","webmasterTools":{"google-site-verification":"UA-38556648-1","miscellaneous":""},"schema":{"@context":"https:\/\/schema.org","@graph":[{"@type":"BreadcrumbList","@id":"https:\/\/eldigitaldeasturias.com\/radio\/ministros-de-salud-alemanes-piden-restricciones-locales-por-covid-19\/#breadcrumblist","itemListElement":[{"@type":"ListItem","@id":"https:\/\/eldigitaldeasturias.com\/radio#listItem","position":1,"name":"Inicio","item":"https:\/\/eldigitaldeasturias.com\/radio","nextItem":{"@type":"ListItem","@id":"https:\/\/eldigitaldeasturias.com\/radio\/category\/noticias\/#listItem","name":"Noticias"}},{"@type":"ListItem","@id":"https:\/\/eldigitaldeasturias.com\/radio\/category\/noticias\/#listItem","position":2,"name":"Noticias","item":"https:\/\/eldigitaldeasturias.com\/radio\/category\/noticias\/","nextItem":{"@type":"ListItem","@id":"https:\/\/eldigitaldeasturias.com\/radio\/ministros-de-salud-alemanes-piden-restricciones-locales-por-covid-19\/#listItem","name":"Ministros de Salud alemanes piden restricciones locales por covid-19"},"previousItem":{"@type":"ListItem","@id":"https:\/\/eldigitaldeasturias.com\/radio#listItem","name":"Inicio"}},{"@type":"ListItem","@id":"https:\/\/eldigitaldeasturias.com\/radio\/ministros-de-salud-alemanes-piden-restricciones-locales-por-covid-19\/#listItem","position":3,"name":"Ministros de Salud alemanes piden restricciones locales por covid-19","previousItem":{"@type":"ListItem","@id":"https:\/\/eldigitaldeasturias.com\/radio\/category\/noticias\/#listItem","name":"Noticias"}}]},{"@type":"NewsArticle","@id":"https:\/\/eldigitaldeasturias.com\/radio\/ministros-de-salud-alemanes-piden-restricciones-locales-por-covid-19\/#newsarticle","name":"Ministros de Salud alemanes piden restricciones locales por covid-19 | El Digital de Asturias","headline":"Ministros de Salud alemanes piden restricciones locales por covid-19","author":{"@id":"https:\/\/eldigitaldeasturias.com\/radio\/author\/nbasturias\/#author"},"publisher":{"@id":"https:\/\/eldigitaldeasturias.com\/radio\/#organization"},"image":{"@type":"ImageObject","url":"https:\/\/eldigitaldeasturias.com\/radio\/wp-content\/uploads\/2020\/07\/Jens-Spahn.jpg","width":1035,"height":663,"caption":"Foto: Tobias Schwarz\/AFP Pool\/dpa"},"datePublished":"2020-07-17T00:39:23+02:00","dateModified":"2020-07-17T00:39:23+02:00","inLanguage":"es-ES","mainEntityOfPage":{"@id":"https:\/\/eldigitaldeasturias.com\/radio\/ministros-de-salud-alemanes-piden-restricciones-locales-por-covid-19\/#webpage"},"isPartOf":{"@id":"https:\/\/eldigitaldeasturias.com\/radio\/ministros-de-salud-alemanes-piden-restricciones-locales-por-covid-19\/#webpage"},"articleSection":"Noticias","dateline":"Publicado el julio 17, 2020."},{"@type":"Organization","@id":"https:\/\/eldigitaldeasturias.com\/radio\/#organization","name":"El digital de Asturias Radio","description":"Diario de informaci\u00f3n y noticias","url":"https:\/\/eldigitaldeasturias.com\/radio\/","telephone":"+34652131393","logo":{"@type":"ImageObject","url":"https:\/\/www.eldigitaldeasturias.com\/radio\/wp-content\/uploads\/2021\/03\/EDA.jpg","@id":"https:\/\/eldigitaldeasturias.com\/radio\/ministros-de-salud-alemanes-piden-restricciones-locales-por-covid-19\/#organizationLogo"},"image":{"@id":"https:\/\/eldigitaldeasturias.com\/radio\/ministros-de-salud-alemanes-piden-restricciones-locales-por-covid-19\/#organizationLogo"},"sameAs":["https:\/\/www.facebook.com\/","https:\/\/x.com\/bercodi","https:\/\/www.instagram.com\/","https:\/\/www.youtube.com\/channel\/UCZP-2wLEB9Rv6erhFmqVnvg"]},{"@type":"Person","@id":"https:\/\/eldigitaldeasturias.com\/radio\/author\/nbasturias\/#author","url":"https:\/\/eldigitaldeasturias.com\/radio\/author\/nbasturias\/","name":"NBAsturias","image":{"@type":"ImageObject","@id":"https:\/\/eldigitaldeasturias.com\/radio\/ministros-de-salud-alemanes-piden-restricciones-locales-por-covid-19\/#authorImage","url":"https:\/\/secure.gravatar.com\/avatar\/df2aeffc32bcd13f8d26072ef8a91b623d677766deac7f97ca815868cd41bf5e?s=96&d=mm&r=g","width":96,"height":96,"caption":"NBAsturias"}},{"@type":"WebPage","@id":"https:\/\/eldigitaldeasturias.com\/radio\/ministros-de-salud-alemanes-piden-restricciones-locales-por-covid-19\/#webpage","url":"https:\/\/eldigitaldeasturias.com\/radio\/ministros-de-salud-alemanes-piden-restricciones-locales-por-covid-19\/","name":"Ministros de Salud alemanes piden restricciones locales por covid-19 | El Digital de Asturias","description":"Berl\u00edn, 16 jul (dpa) - Los ministros de Salud de los estados federados alemanes acordaron hoy aplicar restricciones m\u00e1s locales y espec\u00edficas en las zonas en las que se registran nuevos brotes de coronavirus. Las prohibiciones de salida locales podr\u00edan ser \"una medida adecuada\", destaca un documento de la Conferencia de Ministros de Salud de","inLanguage":"es-ES","isPartOf":{"@id":"https:\/\/eldigitaldeasturias.com\/radio\/#website"},"breadcrumb":{"@id":"https:\/\/eldigitaldeasturias.com\/radio\/ministros-de-salud-alemanes-piden-restricciones-locales-por-covid-19\/#breadcrumblist"},"author":{"@id":"https:\/\/eldigitaldeasturias.com\/radio\/author\/nbasturias\/#author"},"creator":{"@id":"https:\/\/eldigitaldeasturias.com\/radio\/author\/nbasturias\/#author"},"image":{"@type":"ImageObject","url":"https:\/\/eldigitaldeasturias.com\/radio\/wp-content\/uploads\/2020\/07\/Jens-Spahn.jpg","@id":"https:\/\/eldigitaldeasturias.com\/radio\/ministros-de-salud-alemanes-piden-restricciones-locales-por-covid-19\/#mainImage","width":1035,"height":663,"caption":"Foto: Tobias Schwarz\/AFP Pool\/dpa"},"primaryImageOfPage":{"@id":"https:\/\/eldigitaldeasturias.com\/radio\/ministros-de-salud-alemanes-piden-restricciones-locales-por-covid-19\/#mainImage"},"datePublished":"2020-07-17T00:39:23+02:00","dateModified":"2020-07-17T00:39:23+02:00"},{"@type":"WebSite","@id":"https:\/\/eldigitaldeasturias.com\/radio\/#website","url":"https:\/\/eldigitaldeasturias.com\/radio\/","name":"El Digital de Asturias","description":"Diario de informaci\u00f3n y noticias","inLanguage":"es-ES","publisher":{"@id":"https:\/\/eldigitaldeasturias.com\/radio\/#organization"}}]},"og:locale":"es_ES","og:site_name":"El Digital de Asturias | Diario de informaci\u00f3n y noticias","og:type":"article","og:title":"Ministros de Salud alemanes piden restricciones locales por covid-19 | El Digital de Asturias","og:description":"Berl\u00edn, 16 jul (dpa) - Los ministros de Salud de los estados federados alemanes acordaron hoy aplicar restricciones m\u00e1s locales y espec\u00edficas en las zonas en las que se registran nuevos brotes de coronavirus. Las prohibiciones de salida locales podr\u00edan ser &quot;una medida adecuada&quot;, destaca un documento de la Conferencia de Ministros de Salud de","og:url":"https:\/\/eldigitaldeasturias.com\/radio\/ministros-de-salud-alemanes-piden-restricciones-locales-por-covid-19\/","og:image":"https:\/\/eldigitaldeasturias.com\/radio\/wp-content\/uploads\/2020\/07\/Jens-Spahn.jpg","og:image:secure_url":"https:\/\/eldigitaldeasturias.com\/radio\/wp-content\/uploads\/2020\/07\/Jens-Spahn.jpg","og:image:width":1035,"og:image:height":663,"article:published_time":"2020-07-17T00:39:23+00:00","article:modified_time":"2020-07-17T00:39:23+00:00","twitter:card":"summary_large_image","twitter:site":"@bercodi","twitter:title":"Ministros de Salud alemanes piden restricciones locales por covid-19 | El Digital de Asturias","twitter:description":"Berl\u00edn, 16 jul (dpa) - Los ministros de Salud de los estados federados alemanes acordaron hoy aplicar restricciones m\u00e1s locales y espec\u00edficas en las zonas en las que se registran nuevos brotes de coronavirus. Las prohibiciones de salida locales podr\u00edan ser &quot;una medida adecuada&quot;, destaca un documento de la Conferencia de Ministros de Salud de","twitter:creator":"@bercodi","twitter:image":"https:\/\/eldigitaldeasturias.com\/radio\/wp-content\/uploads\/2020\/07\/Jens-Spahn.jpg"},"aioseo_meta_data":{"post_id":"4765","title":null,"description":"","keywords":"","keyphrases":null,"primary_term":null,"canonical_url":"","og_title":null,"og_description":null,"og_object_type":"default","og_image_type":"default","og_image_url":null,"og_image_width":null,"og_image_height":null,"og_image_custom_url":null,"og_image_custom_fields":null,"og_video":null,"og_custom_url":null,"og_article_section":null,"og_article_tags":null,"twitter_use_og":false,"twitter_card":"default","twitter_image_type":"default","twitter_image_url":null,"twitter_image_custom_url":null,"twitter_image_custom_fields":null,"twitter_title":null,"twitter_description":null,"schema":{"blockGraphs":[],"customGraphs":[],"default":{"data":{"Article":[],"Course":[],"Dataset":[],"FAQPage":[],"Movie":[],"Person":[],"Product":[],"ProductReview":[],"Car":[],"Recipe":[],"Service":[],"SoftwareApplication":[],"WebPage":[]},"graphName":"","isEnabled":true},"graphs":[],"defaultGraph":"","defaultPostTypeGraph":""},"schema_type":null,"schema_type_options":null,"pillar_content":false,"robots_default":true,"robots_noindex":false,"robots_noarchive":false,"robots_nosnippet":false,"robots_nofollow":false,"robots_noimageindex":false,"robots_noodp":false,"robots_notranslate":false,"robots_max_snippet":null,"robots_max_videopreview":null,"robots_max_imagepreview":"large","priority":null,"frequency":null,"location":null,"local_seo":null,"seo_analyzer_scan_date":"2025-08-28 16:40:27","breadcrumb_settings":null,"limit_modified_date":false,"open_ai":null,"ai":null,"created":"2021-03-28 06:36:59","updated":"2025-08-28 16:40:27"},"aioseo_breadcrumb":"<div class=\"aioseo-breadcrumbs\"><span class=\"aioseo-breadcrumb\">\n\t<a href=\"https:\/\/eldigitaldeasturias.com\/radio\" title=\"Inicio\">Inicio<\/a>\n<\/span><span class=\"aioseo-breadcrumb-separator\">&ndash;<\/span><span class=\"aioseo-breadcrumb\">\n\t<a href=\"https:\/\/eldigitaldeasturias.com\/radio\/category\/noticias\/\" title=\"Noticias\">Noticias<\/a>\n<\/span><span class=\"aioseo-breadcrumb-separator\">&ndash;<\/span><span class=\"aioseo-breadcrumb\">\n\tMinistros de Salud alemanes piden restricciones locales por covid-19\n<\/span><\/div>","aioseo_breadcrumb_json":[{"label":"Inicio","link":"https:\/\/eldigitaldeasturias.com\/radio"},{"label":"Noticias","link":"https:\/\/eldigitaldeasturias.com\/radio\/category\/noticias\/"},{"label":"Ministros de Salud alemanes piden restricciones locales por covid-19","link":"https:\/\/eldigitaldeasturias.com\/radio\/ministros-de-salud-alemanes-piden-restricciones-locales-por-covid-19\/"}],"_links":{"self":[{"href":"https:\/\/eldigitaldeasturias.com\/radio\/wp-json\/wp\/v2\/posts\/4765","targetHints":{"allow":["GET"]}}],"collection":[{"href":"https:\/\/eldigitaldeasturias.com\/radio\/wp-json\/wp\/v2\/posts"}],"about":[{"href":"https:\/\/eldigitaldeasturias.com\/radio\/wp-json\/wp\/v2\/types\/post"}],"author":[{"embeddable":true,"href":"https:\/\/eldigitaldeasturias.com\/radio\/wp-json\/wp\/v2\/users\/1"}],"replies":[{"embeddable":true,"href":"https:\/\/eldigitaldeasturias.com\/radio\/wp-json\/wp\/v2\/comments?post=4765"}],"version-history":[{"count":0,"href":"https:\/\/eldigitaldeasturias.com\/radio\/wp-json\/wp\/v2\/posts\/4765\/revisions"}],"wp:featuredmedia":[{"embeddable":true,"href":"https:\/\/eldigitaldeasturias.com\/radio\/wp-json\/wp\/v2\/media\/4766"}],"wp:attachment":[{"href":"https:\/\/eldigitaldeasturias.com\/radio\/wp-json\/wp\/v2\/media?parent=4765"}],"wp:term":[{"taxonomy":"category","embeddable":true,"href":"https:\/\/eldigitaldeasturias.com\/radio\/wp-json\/wp\/v2\/categories?post=4765"},{"taxonomy":"post_tag","embeddable":true,"href":"https:\/\/eldigitaldeasturias.com\/radio\/wp-json\/wp\/v2\/tags?post=4765"}],"curies":[{"name":"wp","href":"https:\/\/api.w.org\/{rel}","templated":true}]}}