{"id":4763,"date":"2020-07-17T00:37:31","date_gmt":"2020-07-17T00:37:31","guid":{"rendered":"http:\/\/www.eldigitaldeasturias.com\/radio\/?p=4763"},"modified":"2020-07-17T00:37:31","modified_gmt":"2020-07-17T00:37:31","slug":"ministro-aleman-ve-la-cumbre-de-ue-como-oportunidad-historica","status":"publish","type":"post","link":"https:\/\/eldigitaldeasturias.com\/radio\/ministro-aleman-ve-la-cumbre-de-ue-como-oportunidad-historica\/","title":{"rendered":"Ministro alem\u00e1n ve la cumbre de UE como \u00aboportunidad hist\u00f3rica\u00bb"},"content":{"rendered":"<p><img fetchpriority=\"high\" decoding=\"async\" class=\"alignleft size-medium wp-image-3274\" src=\"http:\/\/www.eldigitaldeasturias.com\/radio\/wp-content\/uploads\/2019\/10\/blue-1283011_960_720-360x252.jpg\" alt=\"\" width=\"360\" height=\"252\" srcset=\"https:\/\/eldigitaldeasturias.com\/radio\/wp-content\/uploads\/2019\/10\/blue-1283011_960_720-360x252.jpg 360w, https:\/\/eldigitaldeasturias.com\/radio\/wp-content\/uploads\/2019\/10\/blue-1283011_960_720-768x537.jpg 768w, https:\/\/eldigitaldeasturias.com\/radio\/wp-content\/uploads\/2019\/10\/blue-1283011_960_720.jpg 960w\" sizes=\"(max-width: 360px) 100vw, 360px\" \/>Berlin, 16 jul (dpa) &#8211; El ministro alem\u00e1n de Relaciones Exteriores, Heiko Maas, habl\u00f3 de una \u00aboportunidad hist\u00f3rica\u00bb antes de iniciarse la cumbre de la Uni\u00f3n Europea (EU) en la que se decidir\u00e1 sobre el multimillonario fondo de recuperaci\u00f3n europeo por la crisis del coronavirus, seg\u00fan declaraciones publicadas hoy por los peri\u00f3dicos del grupo medi\u00e1tico Funke.<\/p>\n<p>El jefe de la diplomacia germana opin\u00f3 que la reuni\u00f3n es una oportunidad para mostrar que la UE no deja a nadie atr\u00e1s. \u00abDebe quedar claro para todos: ning\u00fan pa\u00eds saldr\u00e1 bien parado de la crisis si sus vecinos se quedan atascados en la recesi\u00f3n\u00bb.<\/p>\n<p>Maas recalc\u00f3 que la pandemia ha golpeado a muchos pa\u00edses en el punto m\u00e1s d\u00e9bil, por lo que deben ser apoyados.<\/p>\n<p>Pero tambi\u00e9n hizo hincapi\u00e9 en que, con fondos de esta magnitud, es razonable \u00abprestar tambi\u00e9n atenci\u00f3n a qu\u00e9 pa\u00edses pueden hacer parte del camino con sus propios esfuerzos\u00bb.<\/p>\n<p>Por su parte, el ministro alem\u00e1n de Econom\u00eda, Peter Altmaier, apel\u00f3 hoy a la unidad de la Uni\u00f3n Europea (UE).<\/p>\n<p>Altmaier describi\u00f3 la crisis econon\u00f3mica provocada por la pandemia del coronavirus como \u00abla abolladura m\u00e1s profunda\u00bb desde la Segunda Guerra Mundial y, seg\u00fan dijo al canal de radio RBB, esta crisis solo se puede superar de forma conjunta.<\/p>\n<p>Altmaier prometi\u00f3 que se llevar\u00e1n a cabo duras negociaciones en la cumbre europea que comenzar\u00e1 ma\u00f1ana, y a\u00f1adi\u00f3 que habr\u00e1 que tener en cuenta los intereses de los Pa\u00edses Bajos, Austria, Dinamarca y Suecia, que defienden un plan de recuperaci\u00f3n basado en pr\u00e9stamos y no subvenciones no reembolsables.<\/p>\n<p>\u00abPor otra parte, no podemos esperar que ciertos pa\u00edses de la UE se endeuden m\u00e1s, porque entonces se sobreendeudar\u00edan hasta el punto de poner en peligro su estabilidad y fiabilidad en los mercados monetarios\u00bb, dijo Altmaier.<\/p>\n<p>Uno de los puntos a tratar en la cumbre especial de Bruselas es la propuesta de la Comisi\u00f3n Europea de recaudar 750.000 millones de euros (850.000 millones de d\u00f3lares) en los mercados financieros y luego invertir el dinero en un programa de est\u00edmulo econ\u00f3mico e inversiones para superar la crisis econ\u00f3mica desencadenada por el coronavirus.<\/p>\n<p>Seg\u00fan la Comisi\u00f3n de la Uni\u00f3n Europea, 500.000 millones de euros se conceder\u00e1n en forma de subvenciones y 250.000 millones en forma de pr\u00e9stamos.<\/p>\n<p>La pa\u00edses m\u00e1s reticentes son los Pa\u00edses Bajos, Suecia, Dinamarca y Austria, ya que rechazan que parte de los fondos sean otorgados en concepto de subvenciones no reembolsables y son m\u00e1s partidarios de conceder pr\u00e9stamos.<\/p>\n<p>La cumbre comenzar\u00e1 el viernes y durar\u00e1 dos d\u00edas. Ser\u00e1 la primera vez desde el brote de la pandemia de covid-19 que los l\u00edderes de la UE se reunir\u00e1n en persona en Bruselas.<\/p>\n","protected":false},"excerpt":{"rendered":"<p>Berlin, 16 jul (dpa) &#8211; El ministro alem\u00e1n de Relaciones Exteriores, Heiko Maas, habl\u00f3 de una \u00aboportunidad hist\u00f3rica\u00bb antes de iniciarse la cumbre de la Uni\u00f3n Europea (EU) en la que se decidir\u00e1 sobre el multimillonario fondo de recuperaci\u00f3n europeo por la crisis del coronavirus, seg\u00fan declaraciones publicadas hoy por los peri\u00f3dicos del grupo medi\u00e1tico<\/p>\n","protected":false},"author":1,"featured_media":3274,"comment_status":"closed","ping_status":"closed","sticky":false,"template":"","format":"standard","meta":{"footnotes":""},"categories":[1],"tags":[],"class_list":{"0":"post-4763","1":"post","2":"type-post","3":"status-publish","4":"format-standard","5":"has-post-thumbnail","7":"category-noticias"},"aioseo_notices":[],"aioseo_head":"\n\t\t<!-- All in One SEO Pro 4.9.6.2 - aioseo.com -->\n\t<meta name=\"description\" content=\"Berlin, 16 jul (dpa) - El ministro alem\u00e1n de Relaciones Exteriores, Heiko Maas, habl\u00f3 de una &quot;oportunidad hist\u00f3rica&quot; antes de iniciarse la cumbre de la Uni\u00f3n Europea (EU) en la que se decidir\u00e1 sobre el multimillonario fondo de recuperaci\u00f3n europeo por la crisis del coronavirus, seg\u00fan declaraciones publicadas hoy por los peri\u00f3dicos del grupo medi\u00e1tico\" \/>\n\t<meta name=\"robots\" content=\"max-image-preview:large\" \/>\n\t<meta name=\"author\" content=\"NBAsturias\"\/>\n\t<meta name=\"google-site-verification\" content=\"UA-38556648-1\" \/>\n\t<meta name=\"keywords\" content=\"noticias\" \/>\n\t<link rel=\"canonical\" href=\"https:\/\/eldigitaldeasturias.com\/radio\/ministro-aleman-ve-la-cumbre-de-ue-como-oportunidad-historica\/\" \/>\n\t<meta name=\"generator\" content=\"All in One SEO Pro (AIOSEO) 4.9.6.2\" \/>\n\t\t<meta property=\"og:locale\" content=\"es_ES\" \/>\n\t\t<meta property=\"og:site_name\" content=\"El Digital de Asturias | Diario de informaci\u00f3n y noticias\" \/>\n\t\t<meta property=\"og:type\" content=\"article\" \/>\n\t\t<meta property=\"og:title\" content=\"Ministro alem\u00e1n ve la cumbre de UE como \u00aboportunidad hist\u00f3rica\u00bb | El Digital de Asturias\" \/>\n\t\t<meta property=\"og:description\" content=\"Berlin, 16 jul (dpa) - El ministro alem\u00e1n de Relaciones Exteriores, Heiko Maas, habl\u00f3 de una &quot;oportunidad hist\u00f3rica&quot; antes de iniciarse la cumbre de la Uni\u00f3n Europea (EU) en la que se decidir\u00e1 sobre el multimillonario fondo de recuperaci\u00f3n europeo por la crisis del coronavirus, seg\u00fan declaraciones publicadas hoy por los peri\u00f3dicos del grupo medi\u00e1tico\" \/>\n\t\t<meta property=\"og:url\" content=\"https:\/\/eldigitaldeasturias.com\/radio\/ministro-aleman-ve-la-cumbre-de-ue-como-oportunidad-historica\/\" \/>\n\t\t<meta property=\"og:image\" content=\"https:\/\/eldigitaldeasturias.com\/radio\/wp-content\/uploads\/2019\/10\/blue-1283011_960_720.jpg\" \/>\n\t\t<meta property=\"og:image:secure_url\" content=\"https:\/\/eldigitaldeasturias.com\/radio\/wp-content\/uploads\/2019\/10\/blue-1283011_960_720.jpg\" \/>\n\t\t<meta property=\"og:image:width\" content=\"960\" \/>\n\t\t<meta property=\"og:image:height\" content=\"671\" \/>\n\t\t<meta property=\"article:published_time\" content=\"2020-07-17T00:37:31+00:00\" \/>\n\t\t<meta property=\"article:modified_time\" content=\"2020-07-17T00:37:31+00:00\" \/>\n\t\t<meta name=\"twitter:card\" content=\"summary_large_image\" \/>\n\t\t<meta name=\"twitter:site\" content=\"@bercodi\" \/>\n\t\t<meta name=\"twitter:title\" content=\"Ministro alem\u00e1n ve la cumbre de UE como \u00aboportunidad hist\u00f3rica\u00bb | El Digital de Asturias\" \/>\n\t\t<meta name=\"twitter:description\" content=\"Berlin, 16 jul (dpa) - El ministro alem\u00e1n de Relaciones Exteriores, Heiko Maas, habl\u00f3 de una &quot;oportunidad hist\u00f3rica&quot; antes de iniciarse la cumbre de la Uni\u00f3n Europea (EU) en la que se decidir\u00e1 sobre el multimillonario fondo de recuperaci\u00f3n europeo por la crisis del coronavirus, seg\u00fan declaraciones publicadas hoy por los peri\u00f3dicos del grupo medi\u00e1tico\" \/>\n\t\t<meta name=\"twitter:creator\" content=\"@bercodi\" \/>\n\t\t<meta name=\"twitter:image\" content=\"https:\/\/eldigitaldeasturias.com\/radio\/wp-content\/uploads\/2019\/10\/blue-1283011_960_720.jpg\" \/>\n\t\t<script type=\"application\/ld+json\" class=\"aioseo-schema\">\n\t\t\t{\"@context\":\"https:\\\/\\\/schema.org\",\"@graph\":[{\"@type\":\"BreadcrumbList\",\"@id\":\"https:\\\/\\\/eldigitaldeasturias.com\\\/radio\\\/ministro-aleman-ve-la-cumbre-de-ue-como-oportunidad-historica\\\/#breadcrumblist\",\"itemListElement\":[{\"@type\":\"ListItem\",\"@id\":\"https:\\\/\\\/eldigitaldeasturias.com\\\/radio#listItem\",\"position\":1,\"name\":\"Inicio\",\"item\":\"https:\\\/\\\/eldigitaldeasturias.com\\\/radio\",\"nextItem\":{\"@type\":\"ListItem\",\"@id\":\"https:\\\/\\\/eldigitaldeasturias.com\\\/radio\\\/category\\\/noticias\\\/#listItem\",\"name\":\"Noticias\"}},{\"@type\":\"ListItem\",\"@id\":\"https:\\\/\\\/eldigitaldeasturias.com\\\/radio\\\/category\\\/noticias\\\/#listItem\",\"position\":2,\"name\":\"Noticias\",\"item\":\"https:\\\/\\\/eldigitaldeasturias.com\\\/radio\\\/category\\\/noticias\\\/\",\"nextItem\":{\"@type\":\"ListItem\",\"@id\":\"https:\\\/\\\/eldigitaldeasturias.com\\\/radio\\\/ministro-aleman-ve-la-cumbre-de-ue-como-oportunidad-historica\\\/#listItem\",\"name\":\"Ministro alem\\u00e1n ve la cumbre de UE como \\u00aboportunidad hist\\u00f3rica\\u00bb\"},\"previousItem\":{\"@type\":\"ListItem\",\"@id\":\"https:\\\/\\\/eldigitaldeasturias.com\\\/radio#listItem\",\"name\":\"Inicio\"}},{\"@type\":\"ListItem\",\"@id\":\"https:\\\/\\\/eldigitaldeasturias.com\\\/radio\\\/ministro-aleman-ve-la-cumbre-de-ue-como-oportunidad-historica\\\/#listItem\",\"position\":3,\"name\":\"Ministro alem\\u00e1n ve la cumbre de UE como \\u00aboportunidad hist\\u00f3rica\\u00bb\",\"previousItem\":{\"@type\":\"ListItem\",\"@id\":\"https:\\\/\\\/eldigitaldeasturias.com\\\/radio\\\/category\\\/noticias\\\/#listItem\",\"name\":\"Noticias\"}}]},{\"@type\":\"NewsArticle\",\"@id\":\"https:\\\/\\\/eldigitaldeasturias.com\\\/radio\\\/ministro-aleman-ve-la-cumbre-de-ue-como-oportunidad-historica\\\/#newsarticle\",\"name\":\"Ministro alem\\u00e1n ve la cumbre de UE como \\u00aboportunidad hist\\u00f3rica\\u00bb | El Digital de Asturias\",\"headline\":\"Ministro alem\\u00e1n ve la cumbre de UE como \\u00aboportunidad hist\\u00f3rica\\u00bb\",\"author\":{\"@id\":\"https:\\\/\\\/eldigitaldeasturias.com\\\/radio\\\/author\\\/nbasturias\\\/#author\"},\"publisher\":{\"@id\":\"https:\\\/\\\/eldigitaldeasturias.com\\\/radio\\\/#organization\"},\"image\":{\"@type\":\"ImageObject\",\"url\":\"https:\\\/\\\/eldigitaldeasturias.com\\\/radio\\\/wp-content\\\/uploads\\\/2019\\\/10\\\/blue-1283011_960_720.jpg\",\"width\":960,\"height\":671,\"caption\":\"UE\"},\"datePublished\":\"2020-07-17T00:37:31+02:00\",\"dateModified\":\"2020-07-17T00:37:31+02:00\",\"inLanguage\":\"es-ES\",\"mainEntityOfPage\":{\"@id\":\"https:\\\/\\\/eldigitaldeasturias.com\\\/radio\\\/ministro-aleman-ve-la-cumbre-de-ue-como-oportunidad-historica\\\/#webpage\"},\"isPartOf\":{\"@id\":\"https:\\\/\\\/eldigitaldeasturias.com\\\/radio\\\/ministro-aleman-ve-la-cumbre-de-ue-como-oportunidad-historica\\\/#webpage\"},\"articleSection\":\"Noticias\",\"dateline\":\"Publicado el julio 17, 2020.\"},{\"@type\":\"Organization\",\"@id\":\"https:\\\/\\\/eldigitaldeasturias.com\\\/radio\\\/#organization\",\"name\":\"El digital de Asturias Radio\",\"description\":\"Diario de informaci\\u00f3n y noticias\",\"url\":\"https:\\\/\\\/eldigitaldeasturias.com\\\/radio\\\/\",\"telephone\":\"+34652131393\",\"logo\":{\"@type\":\"ImageObject\",\"url\":\"https:\\\/\\\/www.eldigitaldeasturias.com\\\/radio\\\/wp-content\\\/uploads\\\/2021\\\/03\\\/EDA.jpg\",\"@id\":\"https:\\\/\\\/eldigitaldeasturias.com\\\/radio\\\/ministro-aleman-ve-la-cumbre-de-ue-como-oportunidad-historica\\\/#organizationLogo\"},\"image\":{\"@id\":\"https:\\\/\\\/eldigitaldeasturias.com\\\/radio\\\/ministro-aleman-ve-la-cumbre-de-ue-como-oportunidad-historica\\\/#organizationLogo\"},\"sameAs\":[\"https:\\\/\\\/www.facebook.com\\\/\",\"https:\\\/\\\/x.com\\\/bercodi\",\"https:\\\/\\\/www.instagram.com\\\/\",\"https:\\\/\\\/www.youtube.com\\\/channel\\\/UCZP-2wLEB9Rv6erhFmqVnvg\"]},{\"@type\":\"Person\",\"@id\":\"https:\\\/\\\/eldigitaldeasturias.com\\\/radio\\\/author\\\/nbasturias\\\/#author\",\"url\":\"https:\\\/\\\/eldigitaldeasturias.com\\\/radio\\\/author\\\/nbasturias\\\/\",\"name\":\"NBAsturias\",\"image\":{\"@type\":\"ImageObject\",\"@id\":\"https:\\\/\\\/eldigitaldeasturias.com\\\/radio\\\/ministro-aleman-ve-la-cumbre-de-ue-como-oportunidad-historica\\\/#authorImage\",\"url\":\"https:\\\/\\\/secure.gravatar.com\\\/avatar\\\/df2aeffc32bcd13f8d26072ef8a91b623d677766deac7f97ca815868cd41bf5e?s=96&d=mm&r=g\",\"width\":96,\"height\":96,\"caption\":\"NBAsturias\"}},{\"@type\":\"WebPage\",\"@id\":\"https:\\\/\\\/eldigitaldeasturias.com\\\/radio\\\/ministro-aleman-ve-la-cumbre-de-ue-como-oportunidad-historica\\\/#webpage\",\"url\":\"https:\\\/\\\/eldigitaldeasturias.com\\\/radio\\\/ministro-aleman-ve-la-cumbre-de-ue-como-oportunidad-historica\\\/\",\"name\":\"Ministro alem\\u00e1n ve la cumbre de UE como \\u00aboportunidad hist\\u00f3rica\\u00bb | El Digital de Asturias\",\"description\":\"Berlin, 16 jul (dpa) - El ministro alem\\u00e1n de Relaciones Exteriores, Heiko Maas, habl\\u00f3 de una \\\"oportunidad hist\\u00f3rica\\\" antes de iniciarse la cumbre de la Uni\\u00f3n Europea (EU) en la que se decidir\\u00e1 sobre el multimillonario fondo de recuperaci\\u00f3n europeo por la crisis del coronavirus, seg\\u00fan declaraciones publicadas hoy por los peri\\u00f3dicos del grupo medi\\u00e1tico\",\"inLanguage\":\"es-ES\",\"isPartOf\":{\"@id\":\"https:\\\/\\\/eldigitaldeasturias.com\\\/radio\\\/#website\"},\"breadcrumb\":{\"@id\":\"https:\\\/\\\/eldigitaldeasturias.com\\\/radio\\\/ministro-aleman-ve-la-cumbre-de-ue-como-oportunidad-historica\\\/#breadcrumblist\"},\"author\":{\"@id\":\"https:\\\/\\\/eldigitaldeasturias.com\\\/radio\\\/author\\\/nbasturias\\\/#author\"},\"creator\":{\"@id\":\"https:\\\/\\\/eldigitaldeasturias.com\\\/radio\\\/author\\\/nbasturias\\\/#author\"},\"image\":{\"@type\":\"ImageObject\",\"url\":\"https:\\\/\\\/eldigitaldeasturias.com\\\/radio\\\/wp-content\\\/uploads\\\/2019\\\/10\\\/blue-1283011_960_720.jpg\",\"@id\":\"https:\\\/\\\/eldigitaldeasturias.com\\\/radio\\\/ministro-aleman-ve-la-cumbre-de-ue-como-oportunidad-historica\\\/#mainImage\",\"width\":960,\"height\":671,\"caption\":\"UE\"},\"primaryImageOfPage\":{\"@id\":\"https:\\\/\\\/eldigitaldeasturias.com\\\/radio\\\/ministro-aleman-ve-la-cumbre-de-ue-como-oportunidad-historica\\\/#mainImage\"},\"datePublished\":\"2020-07-17T00:37:31+02:00\",\"dateModified\":\"2020-07-17T00:37:31+02:00\"},{\"@type\":\"WebSite\",\"@id\":\"https:\\\/\\\/eldigitaldeasturias.com\\\/radio\\\/#website\",\"url\":\"https:\\\/\\\/eldigitaldeasturias.com\\\/radio\\\/\",\"name\":\"El Digital de Asturias\",\"description\":\"Diario de informaci\\u00f3n y noticias\",\"inLanguage\":\"es-ES\",\"publisher\":{\"@id\":\"https:\\\/\\\/eldigitaldeasturias.com\\\/radio\\\/#organization\"}}]}\n\t\t<\/script>\n\t\t<!-- All in One SEO Pro -->\r\n\t\t<title>Ministro alem\u00e1n ve la cumbre de UE como \u00aboportunidad hist\u00f3rica\u00bb | El Digital de Asturias<\/title>\n\n","aioseo_head_json":{"title":"Ministro alem\u00e1n ve la cumbre de UE como \u00aboportunidad hist\u00f3rica\u00bb | El Digital de Asturias","description":"Berlin, 16 jul (dpa) - El ministro alem\u00e1n de Relaciones Exteriores, Heiko Maas, habl\u00f3 de una \"oportunidad hist\u00f3rica\" antes de iniciarse la cumbre de la Uni\u00f3n Europea (EU) en la que se decidir\u00e1 sobre el multimillonario fondo de recuperaci\u00f3n europeo por la crisis del coronavirus, seg\u00fan declaraciones publicadas hoy por los peri\u00f3dicos del grupo medi\u00e1tico","canonical_url":"https:\/\/eldigitaldeasturias.com\/radio\/ministro-aleman-ve-la-cumbre-de-ue-como-oportunidad-historica\/","robots":"max-image-preview:large","keywords":"noticias","webmasterTools":{"google-site-verification":"UA-38556648-1","miscellaneous":""},"schema":{"@context":"https:\/\/schema.org","@graph":[{"@type":"BreadcrumbList","@id":"https:\/\/eldigitaldeasturias.com\/radio\/ministro-aleman-ve-la-cumbre-de-ue-como-oportunidad-historica\/#breadcrumblist","itemListElement":[{"@type":"ListItem","@id":"https:\/\/eldigitaldeasturias.com\/radio#listItem","position":1,"name":"Inicio","item":"https:\/\/eldigitaldeasturias.com\/radio","nextItem":{"@type":"ListItem","@id":"https:\/\/eldigitaldeasturias.com\/radio\/category\/noticias\/#listItem","name":"Noticias"}},{"@type":"ListItem","@id":"https:\/\/eldigitaldeasturias.com\/radio\/category\/noticias\/#listItem","position":2,"name":"Noticias","item":"https:\/\/eldigitaldeasturias.com\/radio\/category\/noticias\/","nextItem":{"@type":"ListItem","@id":"https:\/\/eldigitaldeasturias.com\/radio\/ministro-aleman-ve-la-cumbre-de-ue-como-oportunidad-historica\/#listItem","name":"Ministro alem\u00e1n ve la cumbre de UE como \u00aboportunidad hist\u00f3rica\u00bb"},"previousItem":{"@type":"ListItem","@id":"https:\/\/eldigitaldeasturias.com\/radio#listItem","name":"Inicio"}},{"@type":"ListItem","@id":"https:\/\/eldigitaldeasturias.com\/radio\/ministro-aleman-ve-la-cumbre-de-ue-como-oportunidad-historica\/#listItem","position":3,"name":"Ministro alem\u00e1n ve la cumbre de UE como \u00aboportunidad hist\u00f3rica\u00bb","previousItem":{"@type":"ListItem","@id":"https:\/\/eldigitaldeasturias.com\/radio\/category\/noticias\/#listItem","name":"Noticias"}}]},{"@type":"NewsArticle","@id":"https:\/\/eldigitaldeasturias.com\/radio\/ministro-aleman-ve-la-cumbre-de-ue-como-oportunidad-historica\/#newsarticle","name":"Ministro alem\u00e1n ve la cumbre de UE como \u00aboportunidad hist\u00f3rica\u00bb | El Digital de Asturias","headline":"Ministro alem\u00e1n ve la cumbre de UE como \u00aboportunidad hist\u00f3rica\u00bb","author":{"@id":"https:\/\/eldigitaldeasturias.com\/radio\/author\/nbasturias\/#author"},"publisher":{"@id":"https:\/\/eldigitaldeasturias.com\/radio\/#organization"},"image":{"@type":"ImageObject","url":"https:\/\/eldigitaldeasturias.com\/radio\/wp-content\/uploads\/2019\/10\/blue-1283011_960_720.jpg","width":960,"height":671,"caption":"UE"},"datePublished":"2020-07-17T00:37:31+02:00","dateModified":"2020-07-17T00:37:31+02:00","inLanguage":"es-ES","mainEntityOfPage":{"@id":"https:\/\/eldigitaldeasturias.com\/radio\/ministro-aleman-ve-la-cumbre-de-ue-como-oportunidad-historica\/#webpage"},"isPartOf":{"@id":"https:\/\/eldigitaldeasturias.com\/radio\/ministro-aleman-ve-la-cumbre-de-ue-como-oportunidad-historica\/#webpage"},"articleSection":"Noticias","dateline":"Publicado el julio 17, 2020."},{"@type":"Organization","@id":"https:\/\/eldigitaldeasturias.com\/radio\/#organization","name":"El digital de Asturias Radio","description":"Diario de informaci\u00f3n y noticias","url":"https:\/\/eldigitaldeasturias.com\/radio\/","telephone":"+34652131393","logo":{"@type":"ImageObject","url":"https:\/\/www.eldigitaldeasturias.com\/radio\/wp-content\/uploads\/2021\/03\/EDA.jpg","@id":"https:\/\/eldigitaldeasturias.com\/radio\/ministro-aleman-ve-la-cumbre-de-ue-como-oportunidad-historica\/#organizationLogo"},"image":{"@id":"https:\/\/eldigitaldeasturias.com\/radio\/ministro-aleman-ve-la-cumbre-de-ue-como-oportunidad-historica\/#organizationLogo"},"sameAs":["https:\/\/www.facebook.com\/","https:\/\/x.com\/bercodi","https:\/\/www.instagram.com\/","https:\/\/www.youtube.com\/channel\/UCZP-2wLEB9Rv6erhFmqVnvg"]},{"@type":"Person","@id":"https:\/\/eldigitaldeasturias.com\/radio\/author\/nbasturias\/#author","url":"https:\/\/eldigitaldeasturias.com\/radio\/author\/nbasturias\/","name":"NBAsturias","image":{"@type":"ImageObject","@id":"https:\/\/eldigitaldeasturias.com\/radio\/ministro-aleman-ve-la-cumbre-de-ue-como-oportunidad-historica\/#authorImage","url":"https:\/\/secure.gravatar.com\/avatar\/df2aeffc32bcd13f8d26072ef8a91b623d677766deac7f97ca815868cd41bf5e?s=96&d=mm&r=g","width":96,"height":96,"caption":"NBAsturias"}},{"@type":"WebPage","@id":"https:\/\/eldigitaldeasturias.com\/radio\/ministro-aleman-ve-la-cumbre-de-ue-como-oportunidad-historica\/#webpage","url":"https:\/\/eldigitaldeasturias.com\/radio\/ministro-aleman-ve-la-cumbre-de-ue-como-oportunidad-historica\/","name":"Ministro alem\u00e1n ve la cumbre de UE como \u00aboportunidad hist\u00f3rica\u00bb | El Digital de Asturias","description":"Berlin, 16 jul (dpa) - El ministro alem\u00e1n de Relaciones Exteriores, Heiko Maas, habl\u00f3 de una \"oportunidad hist\u00f3rica\" antes de iniciarse la cumbre de la Uni\u00f3n Europea (EU) en la que se decidir\u00e1 sobre el multimillonario fondo de recuperaci\u00f3n europeo por la crisis del coronavirus, seg\u00fan declaraciones publicadas hoy por los peri\u00f3dicos del grupo medi\u00e1tico","inLanguage":"es-ES","isPartOf":{"@id":"https:\/\/eldigitaldeasturias.com\/radio\/#website"},"breadcrumb":{"@id":"https:\/\/eldigitaldeasturias.com\/radio\/ministro-aleman-ve-la-cumbre-de-ue-como-oportunidad-historica\/#breadcrumblist"},"author":{"@id":"https:\/\/eldigitaldeasturias.com\/radio\/author\/nbasturias\/#author"},"creator":{"@id":"https:\/\/eldigitaldeasturias.com\/radio\/author\/nbasturias\/#author"},"image":{"@type":"ImageObject","url":"https:\/\/eldigitaldeasturias.com\/radio\/wp-content\/uploads\/2019\/10\/blue-1283011_960_720.jpg","@id":"https:\/\/eldigitaldeasturias.com\/radio\/ministro-aleman-ve-la-cumbre-de-ue-como-oportunidad-historica\/#mainImage","width":960,"height":671,"caption":"UE"},"primaryImageOfPage":{"@id":"https:\/\/eldigitaldeasturias.com\/radio\/ministro-aleman-ve-la-cumbre-de-ue-como-oportunidad-historica\/#mainImage"},"datePublished":"2020-07-17T00:37:31+02:00","dateModified":"2020-07-17T00:37:31+02:00"},{"@type":"WebSite","@id":"https:\/\/eldigitaldeasturias.com\/radio\/#website","url":"https:\/\/eldigitaldeasturias.com\/radio\/","name":"El Digital de Asturias","description":"Diario de informaci\u00f3n y noticias","inLanguage":"es-ES","publisher":{"@id":"https:\/\/eldigitaldeasturias.com\/radio\/#organization"}}]},"og:locale":"es_ES","og:site_name":"El Digital de Asturias | Diario de informaci\u00f3n y noticias","og:type":"article","og:title":"Ministro alem\u00e1n ve la cumbre de UE como \u00aboportunidad hist\u00f3rica\u00bb | El Digital de Asturias","og:description":"Berlin, 16 jul (dpa) - El ministro alem\u00e1n de Relaciones Exteriores, Heiko Maas, habl\u00f3 de una &quot;oportunidad hist\u00f3rica&quot; antes de iniciarse la cumbre de la Uni\u00f3n Europea (EU) en la que se decidir\u00e1 sobre el multimillonario fondo de recuperaci\u00f3n europeo por la crisis del coronavirus, seg\u00fan declaraciones publicadas hoy por los peri\u00f3dicos del grupo medi\u00e1tico","og:url":"https:\/\/eldigitaldeasturias.com\/radio\/ministro-aleman-ve-la-cumbre-de-ue-como-oportunidad-historica\/","og:image":"https:\/\/eldigitaldeasturias.com\/radio\/wp-content\/uploads\/2019\/10\/blue-1283011_960_720.jpg","og:image:secure_url":"https:\/\/eldigitaldeasturias.com\/radio\/wp-content\/uploads\/2019\/10\/blue-1283011_960_720.jpg","og:image:width":960,"og:image:height":671,"article:published_time":"2020-07-17T00:37:31+00:00","article:modified_time":"2020-07-17T00:37:31+00:00","twitter:card":"summary_large_image","twitter:site":"@bercodi","twitter:title":"Ministro alem\u00e1n ve la cumbre de UE como \u00aboportunidad hist\u00f3rica\u00bb | El Digital de Asturias","twitter:description":"Berlin, 16 jul (dpa) - El ministro alem\u00e1n de Relaciones Exteriores, Heiko Maas, habl\u00f3 de una &quot;oportunidad hist\u00f3rica&quot; antes de iniciarse la cumbre de la Uni\u00f3n Europea (EU) en la que se decidir\u00e1 sobre el multimillonario fondo de recuperaci\u00f3n europeo por la crisis del coronavirus, seg\u00fan declaraciones publicadas hoy por los peri\u00f3dicos del grupo medi\u00e1tico","twitter:creator":"@bercodi","twitter:image":"https:\/\/eldigitaldeasturias.com\/radio\/wp-content\/uploads\/2019\/10\/blue-1283011_960_720.jpg"},"aioseo_meta_data":{"post_id":"4763","title":null,"description":"","keywords":"","keyphrases":null,"primary_term":null,"canonical_url":"","og_title":null,"og_description":null,"og_object_type":"default","og_image_type":"default","og_image_url":null,"og_image_width":null,"og_image_height":null,"og_image_custom_url":null,"og_image_custom_fields":null,"og_video":null,"og_custom_url":null,"og_article_section":null,"og_article_tags":null,"twitter_use_og":false,"twitter_card":"default","twitter_image_type":"default","twitter_image_url":null,"twitter_image_custom_url":null,"twitter_image_custom_fields":null,"twitter_title":null,"twitter_description":null,"schema":{"blockGraphs":[],"customGraphs":[],"default":{"data":{"Article":[],"Course":[],"Dataset":[],"FAQPage":[],"Movie":[],"Person":[],"Product":[],"ProductReview":[],"Car":[],"Recipe":[],"Service":[],"SoftwareApplication":[],"WebPage":[]},"graphName":"","isEnabled":true},"graphs":[],"defaultGraph":"","defaultPostTypeGraph":""},"schema_type":null,"schema_type_options":null,"pillar_content":false,"robots_default":true,"robots_noindex":false,"robots_noarchive":false,"robots_nosnippet":false,"robots_nofollow":false,"robots_noimageindex":false,"robots_noodp":false,"robots_notranslate":false,"robots_max_snippet":null,"robots_max_videopreview":null,"robots_max_imagepreview":"large","priority":null,"frequency":null,"location":null,"local_seo":null,"seo_analyzer_scan_date":"2025-08-28 16:40:24","breadcrumb_settings":null,"limit_modified_date":false,"open_ai":null,"ai":null,"created":"2021-03-28 02:35:18","updated":"2025-08-28 16:40:24"},"aioseo_breadcrumb":"<div class=\"aioseo-breadcrumbs\"><span class=\"aioseo-breadcrumb\">\n\t<a href=\"https:\/\/eldigitaldeasturias.com\/radio\" title=\"Inicio\">Inicio<\/a>\n<\/span><span class=\"aioseo-breadcrumb-separator\">&ndash;<\/span><span class=\"aioseo-breadcrumb\">\n\t<a href=\"https:\/\/eldigitaldeasturias.com\/radio\/category\/noticias\/\" title=\"Noticias\">Noticias<\/a>\n<\/span><span class=\"aioseo-breadcrumb-separator\">&ndash;<\/span><span class=\"aioseo-breadcrumb\">\n\tMinistro alem\u00e1n ve la cumbre de UE como \u00aboportunidad hist\u00f3rica\u00bb\n<\/span><\/div>","aioseo_breadcrumb_json":[{"label":"Inicio","link":"https:\/\/eldigitaldeasturias.com\/radio"},{"label":"Noticias","link":"https:\/\/eldigitaldeasturias.com\/radio\/category\/noticias\/"},{"label":"Ministro alem\u00e1n ve la cumbre de UE como \u00aboportunidad hist\u00f3rica\u00bb","link":"https:\/\/eldigitaldeasturias.com\/radio\/ministro-aleman-ve-la-cumbre-de-ue-como-oportunidad-historica\/"}],"_links":{"self":[{"href":"https:\/\/eldigitaldeasturias.com\/radio\/wp-json\/wp\/v2\/posts\/4763","targetHints":{"allow":["GET"]}}],"collection":[{"href":"https:\/\/eldigitaldeasturias.com\/radio\/wp-json\/wp\/v2\/posts"}],"about":[{"href":"https:\/\/eldigitaldeasturias.com\/radio\/wp-json\/wp\/v2\/types\/post"}],"author":[{"embeddable":true,"href":"https:\/\/eldigitaldeasturias.com\/radio\/wp-json\/wp\/v2\/users\/1"}],"replies":[{"embeddable":true,"href":"https:\/\/eldigitaldeasturias.com\/radio\/wp-json\/wp\/v2\/comments?post=4763"}],"version-history":[{"count":0,"href":"https:\/\/eldigitaldeasturias.com\/radio\/wp-json\/wp\/v2\/posts\/4763\/revisions"}],"wp:featuredmedia":[{"embeddable":true,"href":"https:\/\/eldigitaldeasturias.com\/radio\/wp-json\/wp\/v2\/media\/3274"}],"wp:attachment":[{"href":"https:\/\/eldigitaldeasturias.com\/radio\/wp-json\/wp\/v2\/media?parent=4763"}],"wp:term":[{"taxonomy":"category","embeddable":true,"href":"https:\/\/eldigitaldeasturias.com\/radio\/wp-json\/wp\/v2\/categories?post=4763"},{"taxonomy":"post_tag","embeddable":true,"href":"https:\/\/eldigitaldeasturias.com\/radio\/wp-json\/wp\/v2\/tags?post=4763"}],"curies":[{"name":"wp","href":"https:\/\/api.w.org\/{rel}","templated":true}]}}