{"id":4760,"date":"2020-07-17T00:36:19","date_gmt":"2020-07-17T00:36:19","guid":{"rendered":"http:\/\/www.eldigitaldeasturias.com\/radio\/?p=4760"},"modified":"2020-07-17T00:36:19","modified_gmt":"2020-07-17T00:36:19","slug":"havertz-dejara-el-leverkusen-este-verano","status":"publish","type":"post","link":"https:\/\/eldigitaldeasturias.com\/radio\/havertz-dejara-el-leverkusen-este-verano\/","title":{"rendered":"Havertz dejar\u00e1 el Leverkusen este verano"},"content":{"rendered":"<figure id=\"attachment_4761\" aria-describedby=\"caption-attachment-4761\" style=\"width: 360px\" class=\"wp-caption alignleft\"><img fetchpriority=\"high\" decoding=\"async\" class=\"size-medium wp-image-4761\" src=\"http:\/\/www.eldigitaldeasturias.com\/radio\/wp-content\/uploads\/2020\/07\/Kai-Havertz-360x253.jpg\" alt=\"\" width=\"360\" height=\"253\" srcset=\"https:\/\/eldigitaldeasturias.com\/radio\/wp-content\/uploads\/2020\/07\/Kai-Havertz-360x253.jpg 360w, https:\/\/eldigitaldeasturias.com\/radio\/wp-content\/uploads\/2020\/07\/Kai-Havertz-768x539.jpg 768w, https:\/\/eldigitaldeasturias.com\/radio\/wp-content\/uploads\/2020\/07\/Kai-Havertz.jpg 947w\" sizes=\"(max-width: 360px) 100vw, 360px\" \/><figcaption id=\"caption-attachment-4761\" class=\"wp-caption-text\">Foto: Andreas Gora\/dpa<\/figcaption><\/figure>\n<p>Leverkusen (Alemania), 16 jul (dpa) &#8211; El internacional alem\u00e1n Kai Havertz anunci\u00f3 su decisi\u00f3n definitiva de dejar este verano las filas del Bayer Leverkusen, public\u00f3 hoy la revista deportiva \u00abKicker\u00bb.<\/p>\n<p>A tenor del informe, el centrocampista de 21 a\u00f1os quiere dejar el Bayer Leverkusen antes de que se inicie la nueva temporada de la Bundesliga.<\/p>\n<p>La revista indic\u00f3 que el favorito para fichar a la joven estrella es el Chelsea ingl\u00e9s, que ya fich\u00f3 al compa\u00f1ero de selecci\u00f3n Timo Werner, que deja el Leipzig.<\/p>\n<p>Seg\u00fan varias fuentes, Havertz tom\u00f3 la decisi\u00f3n de jugar por el club de la Premier League de Londres.<\/p>\n<p>La semana pasada, el peri\u00f3dico deportivo \u00abSport Bild\u00bb ya hab\u00eda informado que Havertz pedir\u00eda la aprobaci\u00f3n del Leverkusen. Al parecer, el Chelsea est\u00e1 dispuesto a desembolsar los 100 millones (113 millones de d\u00f3lares) estipulados en la cl\u00e1usula de rescisi\u00f3n del siete veces jugador internacional.<\/p>\n<p>Debido a que el Leverkussen no se clasific\u00f3 para la Liga de Campeones, se especula cada vez m\u00e1s sobre el cambio de los mejores talentos este verano. El contrato de Havertz es hasta el 3 de junio de 2022.<\/p>\n","protected":false},"excerpt":{"rendered":"<p>Leverkusen (Alemania), 16 jul (dpa) &#8211; El internacional alem\u00e1n Kai Havertz anunci\u00f3 su decisi\u00f3n definitiva de dejar este verano las filas del Bayer Leverkusen, public\u00f3 hoy la revista deportiva \u00abKicker\u00bb. A tenor del informe, el centrocampista de 21 a\u00f1os quiere dejar el Bayer Leverkusen antes de que se inicie la nueva temporada de la Bundesliga.<\/p>\n","protected":false},"author":1,"featured_media":4761,"comment_status":"closed","ping_status":"closed","sticky":false,"template":"","format":"standard","meta":{"footnotes":""},"categories":[1],"tags":[],"class_list":{"0":"post-4760","1":"post","2":"type-post","3":"status-publish","4":"format-standard","5":"has-post-thumbnail","7":"category-noticias"},"aioseo_notices":[],"aioseo_head":"\n\t\t<!-- All in One SEO Pro 4.9.6.2 - aioseo.com -->\n\t<meta name=\"description\" content=\"Leverkusen (Alemania), 16 jul (dpa) - El internacional alem\u00e1n Kai Havertz anunci\u00f3 su decisi\u00f3n definitiva de dejar este verano las filas del Bayer Leverkusen, public\u00f3 hoy la revista deportiva &quot;Kicker&quot;. A tenor del informe, el centrocampista de 21 a\u00f1os quiere dejar el Bayer Leverkusen antes de que se inicie la nueva temporada de la Bundesliga.\" \/>\n\t<meta name=\"robots\" content=\"max-image-preview:large\" \/>\n\t<meta name=\"author\" content=\"NBAsturias\"\/>\n\t<meta name=\"google-site-verification\" content=\"UA-38556648-1\" \/>\n\t<meta name=\"keywords\" content=\"noticias\" \/>\n\t<link rel=\"canonical\" href=\"https:\/\/eldigitaldeasturias.com\/radio\/havertz-dejara-el-leverkusen-este-verano\/\" \/>\n\t<meta name=\"generator\" content=\"All in One SEO Pro (AIOSEO) 4.9.6.2\" \/>\n\t\t<meta property=\"og:locale\" content=\"es_ES\" \/>\n\t\t<meta property=\"og:site_name\" content=\"El Digital de Asturias | Diario de informaci\u00f3n y noticias\" \/>\n\t\t<meta property=\"og:type\" content=\"article\" \/>\n\t\t<meta property=\"og:title\" content=\"Havertz dejar\u00e1 el Leverkusen este verano | El Digital de Asturias\" \/>\n\t\t<meta property=\"og:description\" content=\"Leverkusen (Alemania), 16 jul (dpa) - El internacional alem\u00e1n Kai Havertz anunci\u00f3 su decisi\u00f3n definitiva de dejar este verano las filas del Bayer Leverkusen, public\u00f3 hoy la revista deportiva &quot;Kicker&quot;. A tenor del informe, el centrocampista de 21 a\u00f1os quiere dejar el Bayer Leverkusen antes de que se inicie la nueva temporada de la Bundesliga.\" \/>\n\t\t<meta property=\"og:url\" content=\"https:\/\/eldigitaldeasturias.com\/radio\/havertz-dejara-el-leverkusen-este-verano\/\" \/>\n\t\t<meta property=\"og:image\" content=\"https:\/\/eldigitaldeasturias.com\/radio\/wp-content\/uploads\/2020\/07\/Kai-Havertz.jpg\" \/>\n\t\t<meta property=\"og:image:secure_url\" content=\"https:\/\/eldigitaldeasturias.com\/radio\/wp-content\/uploads\/2020\/07\/Kai-Havertz.jpg\" \/>\n\t\t<meta property=\"og:image:width\" content=\"947\" \/>\n\t\t<meta property=\"og:image:height\" content=\"665\" \/>\n\t\t<meta property=\"article:published_time\" content=\"2020-07-17T00:36:19+00:00\" \/>\n\t\t<meta property=\"article:modified_time\" content=\"2020-07-17T00:36:19+00:00\" \/>\n\t\t<meta name=\"twitter:card\" content=\"summary_large_image\" \/>\n\t\t<meta name=\"twitter:site\" content=\"@bercodi\" \/>\n\t\t<meta name=\"twitter:title\" content=\"Havertz dejar\u00e1 el Leverkusen este verano | El Digital de Asturias\" \/>\n\t\t<meta name=\"twitter:description\" content=\"Leverkusen (Alemania), 16 jul (dpa) - El internacional alem\u00e1n Kai Havertz anunci\u00f3 su decisi\u00f3n definitiva de dejar este verano las filas del Bayer Leverkusen, public\u00f3 hoy la revista deportiva &quot;Kicker&quot;. A tenor del informe, el centrocampista de 21 a\u00f1os quiere dejar el Bayer Leverkusen antes de que se inicie la nueva temporada de la Bundesliga.\" \/>\n\t\t<meta name=\"twitter:creator\" content=\"@bercodi\" \/>\n\t\t<meta name=\"twitter:image\" content=\"https:\/\/eldigitaldeasturias.com\/radio\/wp-content\/uploads\/2020\/07\/Kai-Havertz.jpg\" \/>\n\t\t<script type=\"application\/ld+json\" class=\"aioseo-schema\">\n\t\t\t{\"@context\":\"https:\\\/\\\/schema.org\",\"@graph\":[{\"@type\":\"BreadcrumbList\",\"@id\":\"https:\\\/\\\/eldigitaldeasturias.com\\\/radio\\\/havertz-dejara-el-leverkusen-este-verano\\\/#breadcrumblist\",\"itemListElement\":[{\"@type\":\"ListItem\",\"@id\":\"https:\\\/\\\/eldigitaldeasturias.com\\\/radio#listItem\",\"position\":1,\"name\":\"Inicio\",\"item\":\"https:\\\/\\\/eldigitaldeasturias.com\\\/radio\",\"nextItem\":{\"@type\":\"ListItem\",\"@id\":\"https:\\\/\\\/eldigitaldeasturias.com\\\/radio\\\/category\\\/noticias\\\/#listItem\",\"name\":\"Noticias\"}},{\"@type\":\"ListItem\",\"@id\":\"https:\\\/\\\/eldigitaldeasturias.com\\\/radio\\\/category\\\/noticias\\\/#listItem\",\"position\":2,\"name\":\"Noticias\",\"item\":\"https:\\\/\\\/eldigitaldeasturias.com\\\/radio\\\/category\\\/noticias\\\/\",\"nextItem\":{\"@type\":\"ListItem\",\"@id\":\"https:\\\/\\\/eldigitaldeasturias.com\\\/radio\\\/havertz-dejara-el-leverkusen-este-verano\\\/#listItem\",\"name\":\"Havertz dejar\\u00e1 el Leverkusen este verano\"},\"previousItem\":{\"@type\":\"ListItem\",\"@id\":\"https:\\\/\\\/eldigitaldeasturias.com\\\/radio#listItem\",\"name\":\"Inicio\"}},{\"@type\":\"ListItem\",\"@id\":\"https:\\\/\\\/eldigitaldeasturias.com\\\/radio\\\/havertz-dejara-el-leverkusen-este-verano\\\/#listItem\",\"position\":3,\"name\":\"Havertz dejar\\u00e1 el Leverkusen este verano\",\"previousItem\":{\"@type\":\"ListItem\",\"@id\":\"https:\\\/\\\/eldigitaldeasturias.com\\\/radio\\\/category\\\/noticias\\\/#listItem\",\"name\":\"Noticias\"}}]},{\"@type\":\"NewsArticle\",\"@id\":\"https:\\\/\\\/eldigitaldeasturias.com\\\/radio\\\/havertz-dejara-el-leverkusen-este-verano\\\/#newsarticle\",\"name\":\"Havertz dejar\\u00e1 el Leverkusen este verano | El Digital de Asturias\",\"headline\":\"Havertz dejar\\u00e1 el Leverkusen este verano\",\"author\":{\"@id\":\"https:\\\/\\\/eldigitaldeasturias.com\\\/radio\\\/author\\\/nbasturias\\\/#author\"},\"publisher\":{\"@id\":\"https:\\\/\\\/eldigitaldeasturias.com\\\/radio\\\/#organization\"},\"image\":{\"@type\":\"ImageObject\",\"url\":\"https:\\\/\\\/eldigitaldeasturias.com\\\/radio\\\/wp-content\\\/uploads\\\/2020\\\/07\\\/Kai-Havertz.jpg\",\"width\":947,\"height\":665,\"caption\":\"Foto: Andreas Gora\\\/dpa\"},\"datePublished\":\"2020-07-17T00:36:19+02:00\",\"dateModified\":\"2020-07-17T00:36:19+02:00\",\"inLanguage\":\"es-ES\",\"mainEntityOfPage\":{\"@id\":\"https:\\\/\\\/eldigitaldeasturias.com\\\/radio\\\/havertz-dejara-el-leverkusen-este-verano\\\/#webpage\"},\"isPartOf\":{\"@id\":\"https:\\\/\\\/eldigitaldeasturias.com\\\/radio\\\/havertz-dejara-el-leverkusen-este-verano\\\/#webpage\"},\"articleSection\":\"Noticias\",\"dateline\":\"Publicado el julio 17, 2020.\"},{\"@type\":\"Organization\",\"@id\":\"https:\\\/\\\/eldigitaldeasturias.com\\\/radio\\\/#organization\",\"name\":\"El digital de Asturias Radio\",\"description\":\"Diario de informaci\\u00f3n y noticias\",\"url\":\"https:\\\/\\\/eldigitaldeasturias.com\\\/radio\\\/\",\"telephone\":\"+34652131393\",\"logo\":{\"@type\":\"ImageObject\",\"url\":\"https:\\\/\\\/www.eldigitaldeasturias.com\\\/radio\\\/wp-content\\\/uploads\\\/2021\\\/03\\\/EDA.jpg\",\"@id\":\"https:\\\/\\\/eldigitaldeasturias.com\\\/radio\\\/havertz-dejara-el-leverkusen-este-verano\\\/#organizationLogo\"},\"image\":{\"@id\":\"https:\\\/\\\/eldigitaldeasturias.com\\\/radio\\\/havertz-dejara-el-leverkusen-este-verano\\\/#organizationLogo\"},\"sameAs\":[\"https:\\\/\\\/www.facebook.com\\\/\",\"https:\\\/\\\/x.com\\\/bercodi\",\"https:\\\/\\\/www.instagram.com\\\/\",\"https:\\\/\\\/www.youtube.com\\\/channel\\\/UCZP-2wLEB9Rv6erhFmqVnvg\"]},{\"@type\":\"Person\",\"@id\":\"https:\\\/\\\/eldigitaldeasturias.com\\\/radio\\\/author\\\/nbasturias\\\/#author\",\"url\":\"https:\\\/\\\/eldigitaldeasturias.com\\\/radio\\\/author\\\/nbasturias\\\/\",\"name\":\"NBAsturias\",\"image\":{\"@type\":\"ImageObject\",\"@id\":\"https:\\\/\\\/eldigitaldeasturias.com\\\/radio\\\/havertz-dejara-el-leverkusen-este-verano\\\/#authorImage\",\"url\":\"https:\\\/\\\/secure.gravatar.com\\\/avatar\\\/df2aeffc32bcd13f8d26072ef8a91b623d677766deac7f97ca815868cd41bf5e?s=96&d=mm&r=g\",\"width\":96,\"height\":96,\"caption\":\"NBAsturias\"}},{\"@type\":\"WebPage\",\"@id\":\"https:\\\/\\\/eldigitaldeasturias.com\\\/radio\\\/havertz-dejara-el-leverkusen-este-verano\\\/#webpage\",\"url\":\"https:\\\/\\\/eldigitaldeasturias.com\\\/radio\\\/havertz-dejara-el-leverkusen-este-verano\\\/\",\"name\":\"Havertz dejar\\u00e1 el Leverkusen este verano | El Digital de Asturias\",\"description\":\"Leverkusen (Alemania), 16 jul (dpa) - El internacional alem\\u00e1n Kai Havertz anunci\\u00f3 su decisi\\u00f3n definitiva de dejar este verano las filas del Bayer Leverkusen, public\\u00f3 hoy la revista deportiva \\\"Kicker\\\". A tenor del informe, el centrocampista de 21 a\\u00f1os quiere dejar el Bayer Leverkusen antes de que se inicie la nueva temporada de la Bundesliga.\",\"inLanguage\":\"es-ES\",\"isPartOf\":{\"@id\":\"https:\\\/\\\/eldigitaldeasturias.com\\\/radio\\\/#website\"},\"breadcrumb\":{\"@id\":\"https:\\\/\\\/eldigitaldeasturias.com\\\/radio\\\/havertz-dejara-el-leverkusen-este-verano\\\/#breadcrumblist\"},\"author\":{\"@id\":\"https:\\\/\\\/eldigitaldeasturias.com\\\/radio\\\/author\\\/nbasturias\\\/#author\"},\"creator\":{\"@id\":\"https:\\\/\\\/eldigitaldeasturias.com\\\/radio\\\/author\\\/nbasturias\\\/#author\"},\"image\":{\"@type\":\"ImageObject\",\"url\":\"https:\\\/\\\/eldigitaldeasturias.com\\\/radio\\\/wp-content\\\/uploads\\\/2020\\\/07\\\/Kai-Havertz.jpg\",\"@id\":\"https:\\\/\\\/eldigitaldeasturias.com\\\/radio\\\/havertz-dejara-el-leverkusen-este-verano\\\/#mainImage\",\"width\":947,\"height\":665,\"caption\":\"Foto: Andreas Gora\\\/dpa\"},\"primaryImageOfPage\":{\"@id\":\"https:\\\/\\\/eldigitaldeasturias.com\\\/radio\\\/havertz-dejara-el-leverkusen-este-verano\\\/#mainImage\"},\"datePublished\":\"2020-07-17T00:36:19+02:00\",\"dateModified\":\"2020-07-17T00:36:19+02:00\"},{\"@type\":\"WebSite\",\"@id\":\"https:\\\/\\\/eldigitaldeasturias.com\\\/radio\\\/#website\",\"url\":\"https:\\\/\\\/eldigitaldeasturias.com\\\/radio\\\/\",\"name\":\"El Digital de Asturias\",\"description\":\"Diario de informaci\\u00f3n y noticias\",\"inLanguage\":\"es-ES\",\"publisher\":{\"@id\":\"https:\\\/\\\/eldigitaldeasturias.com\\\/radio\\\/#organization\"}}]}\n\t\t<\/script>\n\t\t<!-- All in One SEO Pro -->\r\n\t\t<title>Havertz dejar\u00e1 el Leverkusen este verano | El Digital de Asturias<\/title>\n\n","aioseo_head_json":{"title":"Havertz dejar\u00e1 el Leverkusen este verano | El Digital de Asturias","description":"Leverkusen (Alemania), 16 jul (dpa) - El internacional alem\u00e1n Kai Havertz anunci\u00f3 su decisi\u00f3n definitiva de dejar este verano las filas del Bayer Leverkusen, public\u00f3 hoy la revista deportiva \"Kicker\". A tenor del informe, el centrocampista de 21 a\u00f1os quiere dejar el Bayer Leverkusen antes de que se inicie la nueva temporada de la Bundesliga.","canonical_url":"https:\/\/eldigitaldeasturias.com\/radio\/havertz-dejara-el-leverkusen-este-verano\/","robots":"max-image-preview:large","keywords":"noticias","webmasterTools":{"google-site-verification":"UA-38556648-1","miscellaneous":""},"schema":{"@context":"https:\/\/schema.org","@graph":[{"@type":"BreadcrumbList","@id":"https:\/\/eldigitaldeasturias.com\/radio\/havertz-dejara-el-leverkusen-este-verano\/#breadcrumblist","itemListElement":[{"@type":"ListItem","@id":"https:\/\/eldigitaldeasturias.com\/radio#listItem","position":1,"name":"Inicio","item":"https:\/\/eldigitaldeasturias.com\/radio","nextItem":{"@type":"ListItem","@id":"https:\/\/eldigitaldeasturias.com\/radio\/category\/noticias\/#listItem","name":"Noticias"}},{"@type":"ListItem","@id":"https:\/\/eldigitaldeasturias.com\/radio\/category\/noticias\/#listItem","position":2,"name":"Noticias","item":"https:\/\/eldigitaldeasturias.com\/radio\/category\/noticias\/","nextItem":{"@type":"ListItem","@id":"https:\/\/eldigitaldeasturias.com\/radio\/havertz-dejara-el-leverkusen-este-verano\/#listItem","name":"Havertz dejar\u00e1 el Leverkusen este verano"},"previousItem":{"@type":"ListItem","@id":"https:\/\/eldigitaldeasturias.com\/radio#listItem","name":"Inicio"}},{"@type":"ListItem","@id":"https:\/\/eldigitaldeasturias.com\/radio\/havertz-dejara-el-leverkusen-este-verano\/#listItem","position":3,"name":"Havertz dejar\u00e1 el Leverkusen este verano","previousItem":{"@type":"ListItem","@id":"https:\/\/eldigitaldeasturias.com\/radio\/category\/noticias\/#listItem","name":"Noticias"}}]},{"@type":"NewsArticle","@id":"https:\/\/eldigitaldeasturias.com\/radio\/havertz-dejara-el-leverkusen-este-verano\/#newsarticle","name":"Havertz dejar\u00e1 el Leverkusen este verano | El Digital de Asturias","headline":"Havertz dejar\u00e1 el Leverkusen este verano","author":{"@id":"https:\/\/eldigitaldeasturias.com\/radio\/author\/nbasturias\/#author"},"publisher":{"@id":"https:\/\/eldigitaldeasturias.com\/radio\/#organization"},"image":{"@type":"ImageObject","url":"https:\/\/eldigitaldeasturias.com\/radio\/wp-content\/uploads\/2020\/07\/Kai-Havertz.jpg","width":947,"height":665,"caption":"Foto: Andreas Gora\/dpa"},"datePublished":"2020-07-17T00:36:19+02:00","dateModified":"2020-07-17T00:36:19+02:00","inLanguage":"es-ES","mainEntityOfPage":{"@id":"https:\/\/eldigitaldeasturias.com\/radio\/havertz-dejara-el-leverkusen-este-verano\/#webpage"},"isPartOf":{"@id":"https:\/\/eldigitaldeasturias.com\/radio\/havertz-dejara-el-leverkusen-este-verano\/#webpage"},"articleSection":"Noticias","dateline":"Publicado el julio 17, 2020."},{"@type":"Organization","@id":"https:\/\/eldigitaldeasturias.com\/radio\/#organization","name":"El digital de Asturias Radio","description":"Diario de informaci\u00f3n y noticias","url":"https:\/\/eldigitaldeasturias.com\/radio\/","telephone":"+34652131393","logo":{"@type":"ImageObject","url":"https:\/\/www.eldigitaldeasturias.com\/radio\/wp-content\/uploads\/2021\/03\/EDA.jpg","@id":"https:\/\/eldigitaldeasturias.com\/radio\/havertz-dejara-el-leverkusen-este-verano\/#organizationLogo"},"image":{"@id":"https:\/\/eldigitaldeasturias.com\/radio\/havertz-dejara-el-leverkusen-este-verano\/#organizationLogo"},"sameAs":["https:\/\/www.facebook.com\/","https:\/\/x.com\/bercodi","https:\/\/www.instagram.com\/","https:\/\/www.youtube.com\/channel\/UCZP-2wLEB9Rv6erhFmqVnvg"]},{"@type":"Person","@id":"https:\/\/eldigitaldeasturias.com\/radio\/author\/nbasturias\/#author","url":"https:\/\/eldigitaldeasturias.com\/radio\/author\/nbasturias\/","name":"NBAsturias","image":{"@type":"ImageObject","@id":"https:\/\/eldigitaldeasturias.com\/radio\/havertz-dejara-el-leverkusen-este-verano\/#authorImage","url":"https:\/\/secure.gravatar.com\/avatar\/df2aeffc32bcd13f8d26072ef8a91b623d677766deac7f97ca815868cd41bf5e?s=96&d=mm&r=g","width":96,"height":96,"caption":"NBAsturias"}},{"@type":"WebPage","@id":"https:\/\/eldigitaldeasturias.com\/radio\/havertz-dejara-el-leverkusen-este-verano\/#webpage","url":"https:\/\/eldigitaldeasturias.com\/radio\/havertz-dejara-el-leverkusen-este-verano\/","name":"Havertz dejar\u00e1 el Leverkusen este verano | El Digital de Asturias","description":"Leverkusen (Alemania), 16 jul (dpa) - El internacional alem\u00e1n Kai Havertz anunci\u00f3 su decisi\u00f3n definitiva de dejar este verano las filas del Bayer Leverkusen, public\u00f3 hoy la revista deportiva \"Kicker\". A tenor del informe, el centrocampista de 21 a\u00f1os quiere dejar el Bayer Leverkusen antes de que se inicie la nueva temporada de la Bundesliga.","inLanguage":"es-ES","isPartOf":{"@id":"https:\/\/eldigitaldeasturias.com\/radio\/#website"},"breadcrumb":{"@id":"https:\/\/eldigitaldeasturias.com\/radio\/havertz-dejara-el-leverkusen-este-verano\/#breadcrumblist"},"author":{"@id":"https:\/\/eldigitaldeasturias.com\/radio\/author\/nbasturias\/#author"},"creator":{"@id":"https:\/\/eldigitaldeasturias.com\/radio\/author\/nbasturias\/#author"},"image":{"@type":"ImageObject","url":"https:\/\/eldigitaldeasturias.com\/radio\/wp-content\/uploads\/2020\/07\/Kai-Havertz.jpg","@id":"https:\/\/eldigitaldeasturias.com\/radio\/havertz-dejara-el-leverkusen-este-verano\/#mainImage","width":947,"height":665,"caption":"Foto: Andreas Gora\/dpa"},"primaryImageOfPage":{"@id":"https:\/\/eldigitaldeasturias.com\/radio\/havertz-dejara-el-leverkusen-este-verano\/#mainImage"},"datePublished":"2020-07-17T00:36:19+02:00","dateModified":"2020-07-17T00:36:19+02:00"},{"@type":"WebSite","@id":"https:\/\/eldigitaldeasturias.com\/radio\/#website","url":"https:\/\/eldigitaldeasturias.com\/radio\/","name":"El Digital de Asturias","description":"Diario de informaci\u00f3n y noticias","inLanguage":"es-ES","publisher":{"@id":"https:\/\/eldigitaldeasturias.com\/radio\/#organization"}}]},"og:locale":"es_ES","og:site_name":"El Digital de Asturias | Diario de informaci\u00f3n y noticias","og:type":"article","og:title":"Havertz dejar\u00e1 el Leverkusen este verano | El Digital de Asturias","og:description":"Leverkusen (Alemania), 16 jul (dpa) - El internacional alem\u00e1n Kai Havertz anunci\u00f3 su decisi\u00f3n definitiva de dejar este verano las filas del Bayer Leverkusen, public\u00f3 hoy la revista deportiva &quot;Kicker&quot;. A tenor del informe, el centrocampista de 21 a\u00f1os quiere dejar el Bayer Leverkusen antes de que se inicie la nueva temporada de la Bundesliga.","og:url":"https:\/\/eldigitaldeasturias.com\/radio\/havertz-dejara-el-leverkusen-este-verano\/","og:image":"https:\/\/eldigitaldeasturias.com\/radio\/wp-content\/uploads\/2020\/07\/Kai-Havertz.jpg","og:image:secure_url":"https:\/\/eldigitaldeasturias.com\/radio\/wp-content\/uploads\/2020\/07\/Kai-Havertz.jpg","og:image:width":947,"og:image:height":665,"article:published_time":"2020-07-17T00:36:19+00:00","article:modified_time":"2020-07-17T00:36:19+00:00","twitter:card":"summary_large_image","twitter:site":"@bercodi","twitter:title":"Havertz dejar\u00e1 el Leverkusen este verano | El Digital de Asturias","twitter:description":"Leverkusen (Alemania), 16 jul (dpa) - El internacional alem\u00e1n Kai Havertz anunci\u00f3 su decisi\u00f3n definitiva de dejar este verano las filas del Bayer Leverkusen, public\u00f3 hoy la revista deportiva &quot;Kicker&quot;. A tenor del informe, el centrocampista de 21 a\u00f1os quiere dejar el Bayer Leverkusen antes de que se inicie la nueva temporada de la Bundesliga.","twitter:creator":"@bercodi","twitter:image":"https:\/\/eldigitaldeasturias.com\/radio\/wp-content\/uploads\/2020\/07\/Kai-Havertz.jpg"},"aioseo_meta_data":{"post_id":"4760","title":null,"description":"","keywords":"","keyphrases":null,"primary_term":null,"canonical_url":"","og_title":null,"og_description":null,"og_object_type":"default","og_image_type":"default","og_image_url":null,"og_image_width":null,"og_image_height":null,"og_image_custom_url":null,"og_image_custom_fields":null,"og_video":null,"og_custom_url":null,"og_article_section":null,"og_article_tags":null,"twitter_use_og":false,"twitter_card":"default","twitter_image_type":"default","twitter_image_url":null,"twitter_image_custom_url":null,"twitter_image_custom_fields":null,"twitter_title":null,"twitter_description":null,"schema":{"blockGraphs":[],"customGraphs":[],"default":{"data":{"Article":[],"Course":[],"Dataset":[],"FAQPage":[],"Movie":[],"Person":[],"Product":[],"ProductReview":[],"Car":[],"Recipe":[],"Service":[],"SoftwareApplication":[],"WebPage":[]},"graphName":"","isEnabled":true},"graphs":[],"defaultGraph":"","defaultPostTypeGraph":""},"schema_type":null,"schema_type_options":null,"pillar_content":false,"robots_default":true,"robots_noindex":false,"robots_noarchive":false,"robots_nosnippet":false,"robots_nofollow":false,"robots_noimageindex":false,"robots_noodp":false,"robots_notranslate":false,"robots_max_snippet":null,"robots_max_videopreview":null,"robots_max_imagepreview":"large","priority":null,"frequency":null,"location":null,"local_seo":null,"seo_analyzer_scan_date":"2025-08-28 16:40:23","breadcrumb_settings":null,"limit_modified_date":false,"open_ai":null,"ai":null,"created":"2021-03-28 07:15:59","updated":"2025-08-28 16:40:23"},"aioseo_breadcrumb":"<div class=\"aioseo-breadcrumbs\"><span class=\"aioseo-breadcrumb\">\n\t<a href=\"https:\/\/eldigitaldeasturias.com\/radio\" title=\"Inicio\">Inicio<\/a>\n<\/span><span class=\"aioseo-breadcrumb-separator\">&ndash;<\/span><span class=\"aioseo-breadcrumb\">\n\t<a href=\"https:\/\/eldigitaldeasturias.com\/radio\/category\/noticias\/\" title=\"Noticias\">Noticias<\/a>\n<\/span><span class=\"aioseo-breadcrumb-separator\">&ndash;<\/span><span class=\"aioseo-breadcrumb\">\n\tHavertz dejar\u00e1 el Leverkusen este verano\n<\/span><\/div>","aioseo_breadcrumb_json":[{"label":"Inicio","link":"https:\/\/eldigitaldeasturias.com\/radio"},{"label":"Noticias","link":"https:\/\/eldigitaldeasturias.com\/radio\/category\/noticias\/"},{"label":"Havertz dejar\u00e1 el Leverkusen este verano","link":"https:\/\/eldigitaldeasturias.com\/radio\/havertz-dejara-el-leverkusen-este-verano\/"}],"_links":{"self":[{"href":"https:\/\/eldigitaldeasturias.com\/radio\/wp-json\/wp\/v2\/posts\/4760","targetHints":{"allow":["GET"]}}],"collection":[{"href":"https:\/\/eldigitaldeasturias.com\/radio\/wp-json\/wp\/v2\/posts"}],"about":[{"href":"https:\/\/eldigitaldeasturias.com\/radio\/wp-json\/wp\/v2\/types\/post"}],"author":[{"embeddable":true,"href":"https:\/\/eldigitaldeasturias.com\/radio\/wp-json\/wp\/v2\/users\/1"}],"replies":[{"embeddable":true,"href":"https:\/\/eldigitaldeasturias.com\/radio\/wp-json\/wp\/v2\/comments?post=4760"}],"version-history":[{"count":0,"href":"https:\/\/eldigitaldeasturias.com\/radio\/wp-json\/wp\/v2\/posts\/4760\/revisions"}],"wp:featuredmedia":[{"embeddable":true,"href":"https:\/\/eldigitaldeasturias.com\/radio\/wp-json\/wp\/v2\/media\/4761"}],"wp:attachment":[{"href":"https:\/\/eldigitaldeasturias.com\/radio\/wp-json\/wp\/v2\/media?parent=4760"}],"wp:term":[{"taxonomy":"category","embeddable":true,"href":"https:\/\/eldigitaldeasturias.com\/radio\/wp-json\/wp\/v2\/categories?post=4760"},{"taxonomy":"post_tag","embeddable":true,"href":"https:\/\/eldigitaldeasturias.com\/radio\/wp-json\/wp\/v2\/tags?post=4760"}],"curies":[{"name":"wp","href":"https:\/\/api.w.org\/{rel}","templated":true}]}}