{"id":4758,"date":"2020-07-17T00:28:21","date_gmt":"2020-07-17T00:28:21","guid":{"rendered":"http:\/\/www.eldigitaldeasturias.com\/radio\/?p=4758"},"modified":"2020-07-17T00:28:21","modified_gmt":"2020-07-17T00:28:21","slug":"covid-19-alemania-envia-un-vuelo-especial-con-tecnicos-a-sudafrica","status":"publish","type":"post","link":"https:\/\/eldigitaldeasturias.com\/radio\/covid-19-alemania-envia-un-vuelo-especial-con-tecnicos-a-sudafrica\/","title":{"rendered":"Covid-19: Alemania env\u00eda un vuelo especial con t\u00e9cnicos a Sud\u00e1frica"},"content":{"rendered":"<p><img fetchpriority=\"high\" decoding=\"async\" class=\"alignleft size-medium wp-image-4405\" src=\"http:\/\/www.eldigitaldeasturias.com\/radio\/wp-content\/uploads\/2020\/06\/connection-4884862_640-360x245.jpg\" alt=\"\" width=\"360\" height=\"245\" srcset=\"https:\/\/eldigitaldeasturias.com\/radio\/wp-content\/uploads\/2020\/06\/connection-4884862_640-360x245.jpg 360w, https:\/\/eldigitaldeasturias.com\/radio\/wp-content\/uploads\/2020\/06\/connection-4884862_640.jpg 640w\" sizes=\"(max-width: 360px) 100vw, 360px\" \/>Johannesburgo, 16 jul (dpa) &#8211; Alemania envi\u00f3 hoy un vuelo especial a Sud\u00e1frica con decenas de ingenieros y t\u00e9cnicos a bordo, que deben realizar trabajos de mantenimiento urgentes en empresas germanas como Siemens, Voith o Mercedes.<\/p>\n<p>\u00abPor primera vez desde marzo los pasajeros internacionales pueden entrar en el pa\u00eds sin la cuarentena impuesta por el Estado\u00bb, confirm\u00f3 a dpa en Johannesburgo el gerente regional de Lufthansa, Andr\u00e9 Schulz.<\/p>\n<p>Tras arduas negociaciones, la embajada alemana en Johannesburgo, en cooperaci\u00f3n con la C\u00e1mara de Comercio Alemana en el Extranjero, consigui\u00f3 finalmente un permiso para este vuelo especial.<\/p>\n<p>\u00abLos expertos de las empresas alemanas que operan en Sud\u00e1frica har\u00e1n una contribuci\u00f3n valiosa para impulsar de nuevo la econom\u00eda sudafricana\u00bb, dijo el embajador germano en Sud\u00e1frica, Martin Sch\u00e4fer, que tambi\u00e9n estaba a bordo.<\/p>\n<p>En el vuelo se encuentran tambi\u00e9n los expertos que ayudar\u00e1n a construir la nueva planta de Mercedes en el este de Londres, donde se establecer\u00e1 una importante l\u00ednea de montaje para el nuevo Clase C.<\/p>\n<p>En Sud\u00e1frica se producen berlinas de Clase C con volante a la derecha y a la izquierda para la exportaci\u00f3n y el mercado local. El a\u00f1o pasado salieron de la l\u00ednea de montaje de esta planta unos 80.000 veh\u00edculos.<\/p>\n<p>Debido a la pandemia del coronavirus, Sud\u00e1frica cerr\u00f3 todas sus fronteras terrestres y tambi\u00e9n detuvo el tr\u00e1fico a\u00e9reo comercial a finales de marzo.<\/p>\n<p>El domingo pasado se fren\u00f3 una posible relajaci\u00f3n de las medidas porque las cifras de infecci\u00f3n hab\u00edan vuelto a aumentar dram\u00e1ticamente, sobre todo alrededor del centro de negocios Johannesburgo. Desde entonces, se ha impuesto nuevamente un toque de queda nocturno y la prohibici\u00f3n de consumir alcohol.<\/p>\n<p>En tanto, el tr\u00e1fico a\u00e9reo internacional permanece cerrado hasta nuevo aviso.<\/p>\n","protected":false},"excerpt":{"rendered":"<p>Johannesburgo, 16 jul (dpa) &#8211; Alemania envi\u00f3 hoy un vuelo especial a Sud\u00e1frica con decenas de ingenieros y t\u00e9cnicos a bordo, que deben realizar trabajos de mantenimiento urgentes en empresas germanas como Siemens, Voith o Mercedes. \u00abPor primera vez desde marzo los pasajeros internacionales pueden entrar en el pa\u00eds sin la cuarentena impuesta por el<\/p>\n","protected":false},"author":1,"featured_media":4405,"comment_status":"closed","ping_status":"closed","sticky":false,"template":"","format":"standard","meta":{"footnotes":""},"categories":[1],"tags":[],"class_list":{"0":"post-4758","1":"post","2":"type-post","3":"status-publish","4":"format-standard","5":"has-post-thumbnail","7":"category-noticias"},"aioseo_notices":[],"aioseo_head":"\n\t\t<!-- All in One SEO Pro 4.9.6.2 - aioseo.com -->\n\t<meta name=\"description\" content=\"Johannesburgo, 16 jul (dpa) - Alemania envi\u00f3 hoy un vuelo especial a Sud\u00e1frica con decenas de ingenieros y t\u00e9cnicos a bordo, que deben realizar trabajos de mantenimiento urgentes en empresas germanas como Siemens, Voith o Mercedes. &quot;Por primera vez desde marzo los pasajeros internacionales pueden entrar en el pa\u00eds sin la cuarentena impuesta por el\" \/>\n\t<meta name=\"robots\" content=\"max-image-preview:large\" \/>\n\t<meta name=\"author\" content=\"NBAsturias\"\/>\n\t<meta name=\"google-site-verification\" content=\"UA-38556648-1\" \/>\n\t<meta name=\"keywords\" content=\"noticias\" \/>\n\t<link rel=\"canonical\" href=\"https:\/\/eldigitaldeasturias.com\/radio\/covid-19-alemania-envia-un-vuelo-especial-con-tecnicos-a-sudafrica\/\" \/>\n\t<meta name=\"generator\" content=\"All in One SEO Pro (AIOSEO) 4.9.6.2\" \/>\n\t\t<meta property=\"og:locale\" content=\"es_ES\" \/>\n\t\t<meta property=\"og:site_name\" content=\"El Digital de Asturias | Diario de informaci\u00f3n y noticias\" \/>\n\t\t<meta property=\"og:type\" content=\"article\" \/>\n\t\t<meta property=\"og:title\" content=\"Covid-19: Alemania env\u00eda un vuelo especial con t\u00e9cnicos a Sud\u00e1frica | El Digital de Asturias\" \/>\n\t\t<meta property=\"og:description\" content=\"Johannesburgo, 16 jul (dpa) - Alemania envi\u00f3 hoy un vuelo especial a Sud\u00e1frica con decenas de ingenieros y t\u00e9cnicos a bordo, que deben realizar trabajos de mantenimiento urgentes en empresas germanas como Siemens, Voith o Mercedes. &quot;Por primera vez desde marzo los pasajeros internacionales pueden entrar en el pa\u00eds sin la cuarentena impuesta por el\" \/>\n\t\t<meta property=\"og:url\" content=\"https:\/\/eldigitaldeasturias.com\/radio\/covid-19-alemania-envia-un-vuelo-especial-con-tecnicos-a-sudafrica\/\" \/>\n\t\t<meta property=\"og:image\" content=\"https:\/\/eldigitaldeasturias.com\/radio\/wp-content\/uploads\/2020\/06\/connection-4884862_640.jpg\" \/>\n\t\t<meta property=\"og:image:secure_url\" content=\"https:\/\/eldigitaldeasturias.com\/radio\/wp-content\/uploads\/2020\/06\/connection-4884862_640.jpg\" \/>\n\t\t<meta property=\"og:image:width\" content=\"640\" \/>\n\t\t<meta property=\"og:image:height\" content=\"436\" \/>\n\t\t<meta property=\"article:published_time\" content=\"2020-07-17T00:28:21+00:00\" \/>\n\t\t<meta property=\"article:modified_time\" content=\"2020-07-17T00:28:21+00:00\" \/>\n\t\t<meta name=\"twitter:card\" content=\"summary_large_image\" \/>\n\t\t<meta name=\"twitter:site\" content=\"@bercodi\" \/>\n\t\t<meta name=\"twitter:title\" content=\"Covid-19: Alemania env\u00eda un vuelo especial con t\u00e9cnicos a Sud\u00e1frica | El Digital de Asturias\" \/>\n\t\t<meta name=\"twitter:description\" content=\"Johannesburgo, 16 jul (dpa) - Alemania envi\u00f3 hoy un vuelo especial a Sud\u00e1frica con decenas de ingenieros y t\u00e9cnicos a bordo, que deben realizar trabajos de mantenimiento urgentes en empresas germanas como Siemens, Voith o Mercedes. &quot;Por primera vez desde marzo los pasajeros internacionales pueden entrar en el pa\u00eds sin la cuarentena impuesta por el\" \/>\n\t\t<meta name=\"twitter:creator\" content=\"@bercodi\" \/>\n\t\t<meta name=\"twitter:image\" content=\"https:\/\/eldigitaldeasturias.com\/radio\/wp-content\/uploads\/2020\/06\/connection-4884862_640.jpg\" \/>\n\t\t<script type=\"application\/ld+json\" class=\"aioseo-schema\">\n\t\t\t{\"@context\":\"https:\\\/\\\/schema.org\",\"@graph\":[{\"@type\":\"BreadcrumbList\",\"@id\":\"https:\\\/\\\/eldigitaldeasturias.com\\\/radio\\\/covid-19-alemania-envia-un-vuelo-especial-con-tecnicos-a-sudafrica\\\/#breadcrumblist\",\"itemListElement\":[{\"@type\":\"ListItem\",\"@id\":\"https:\\\/\\\/eldigitaldeasturias.com\\\/radio#listItem\",\"position\":1,\"name\":\"Inicio\",\"item\":\"https:\\\/\\\/eldigitaldeasturias.com\\\/radio\",\"nextItem\":{\"@type\":\"ListItem\",\"@id\":\"https:\\\/\\\/eldigitaldeasturias.com\\\/radio\\\/category\\\/noticias\\\/#listItem\",\"name\":\"Noticias\"}},{\"@type\":\"ListItem\",\"@id\":\"https:\\\/\\\/eldigitaldeasturias.com\\\/radio\\\/category\\\/noticias\\\/#listItem\",\"position\":2,\"name\":\"Noticias\",\"item\":\"https:\\\/\\\/eldigitaldeasturias.com\\\/radio\\\/category\\\/noticias\\\/\",\"nextItem\":{\"@type\":\"ListItem\",\"@id\":\"https:\\\/\\\/eldigitaldeasturias.com\\\/radio\\\/covid-19-alemania-envia-un-vuelo-especial-con-tecnicos-a-sudafrica\\\/#listItem\",\"name\":\"Covid-19: Alemania env\\u00eda un vuelo especial con t\\u00e9cnicos a Sud\\u00e1frica\"},\"previousItem\":{\"@type\":\"ListItem\",\"@id\":\"https:\\\/\\\/eldigitaldeasturias.com\\\/radio#listItem\",\"name\":\"Inicio\"}},{\"@type\":\"ListItem\",\"@id\":\"https:\\\/\\\/eldigitaldeasturias.com\\\/radio\\\/covid-19-alemania-envia-un-vuelo-especial-con-tecnicos-a-sudafrica\\\/#listItem\",\"position\":3,\"name\":\"Covid-19: Alemania env\\u00eda un vuelo especial con t\\u00e9cnicos a Sud\\u00e1frica\",\"previousItem\":{\"@type\":\"ListItem\",\"@id\":\"https:\\\/\\\/eldigitaldeasturias.com\\\/radio\\\/category\\\/noticias\\\/#listItem\",\"name\":\"Noticias\"}}]},{\"@type\":\"NewsArticle\",\"@id\":\"https:\\\/\\\/eldigitaldeasturias.com\\\/radio\\\/covid-19-alemania-envia-un-vuelo-especial-con-tecnicos-a-sudafrica\\\/#newsarticle\",\"name\":\"Covid-19: Alemania env\\u00eda un vuelo especial con t\\u00e9cnicos a Sud\\u00e1frica | El Digital de Asturias\",\"headline\":\"Covid-19: Alemania env\\u00eda un vuelo especial con t\\u00e9cnicos a Sud\\u00e1frica\",\"author\":{\"@id\":\"https:\\\/\\\/eldigitaldeasturias.com\\\/radio\\\/author\\\/nbasturias\\\/#author\"},\"publisher\":{\"@id\":\"https:\\\/\\\/eldigitaldeasturias.com\\\/radio\\\/#organization\"},\"image\":{\"@type\":\"ImageObject\",\"url\":\"https:\\\/\\\/eldigitaldeasturias.com\\\/radio\\\/wp-content\\\/uploads\\\/2020\\\/06\\\/connection-4884862_640.jpg\",\"width\":640,\"height\":436},\"datePublished\":\"2020-07-17T00:28:21+02:00\",\"dateModified\":\"2020-07-17T00:28:21+02:00\",\"inLanguage\":\"es-ES\",\"mainEntityOfPage\":{\"@id\":\"https:\\\/\\\/eldigitaldeasturias.com\\\/radio\\\/covid-19-alemania-envia-un-vuelo-especial-con-tecnicos-a-sudafrica\\\/#webpage\"},\"isPartOf\":{\"@id\":\"https:\\\/\\\/eldigitaldeasturias.com\\\/radio\\\/covid-19-alemania-envia-un-vuelo-especial-con-tecnicos-a-sudafrica\\\/#webpage\"},\"articleSection\":\"Noticias\",\"dateline\":\"Publicado el julio 17, 2020.\"},{\"@type\":\"Organization\",\"@id\":\"https:\\\/\\\/eldigitaldeasturias.com\\\/radio\\\/#organization\",\"name\":\"El digital de Asturias Radio\",\"description\":\"Diario de informaci\\u00f3n y noticias\",\"url\":\"https:\\\/\\\/eldigitaldeasturias.com\\\/radio\\\/\",\"telephone\":\"+34652131393\",\"logo\":{\"@type\":\"ImageObject\",\"url\":\"https:\\\/\\\/www.eldigitaldeasturias.com\\\/radio\\\/wp-content\\\/uploads\\\/2021\\\/03\\\/EDA.jpg\",\"@id\":\"https:\\\/\\\/eldigitaldeasturias.com\\\/radio\\\/covid-19-alemania-envia-un-vuelo-especial-con-tecnicos-a-sudafrica\\\/#organizationLogo\"},\"image\":{\"@id\":\"https:\\\/\\\/eldigitaldeasturias.com\\\/radio\\\/covid-19-alemania-envia-un-vuelo-especial-con-tecnicos-a-sudafrica\\\/#organizationLogo\"},\"sameAs\":[\"https:\\\/\\\/www.facebook.com\\\/\",\"https:\\\/\\\/x.com\\\/bercodi\",\"https:\\\/\\\/www.instagram.com\\\/\",\"https:\\\/\\\/www.youtube.com\\\/channel\\\/UCZP-2wLEB9Rv6erhFmqVnvg\"]},{\"@type\":\"Person\",\"@id\":\"https:\\\/\\\/eldigitaldeasturias.com\\\/radio\\\/author\\\/nbasturias\\\/#author\",\"url\":\"https:\\\/\\\/eldigitaldeasturias.com\\\/radio\\\/author\\\/nbasturias\\\/\",\"name\":\"NBAsturias\",\"image\":{\"@type\":\"ImageObject\",\"@id\":\"https:\\\/\\\/eldigitaldeasturias.com\\\/radio\\\/covid-19-alemania-envia-un-vuelo-especial-con-tecnicos-a-sudafrica\\\/#authorImage\",\"url\":\"https:\\\/\\\/secure.gravatar.com\\\/avatar\\\/df2aeffc32bcd13f8d26072ef8a91b623d677766deac7f97ca815868cd41bf5e?s=96&d=mm&r=g\",\"width\":96,\"height\":96,\"caption\":\"NBAsturias\"}},{\"@type\":\"WebPage\",\"@id\":\"https:\\\/\\\/eldigitaldeasturias.com\\\/radio\\\/covid-19-alemania-envia-un-vuelo-especial-con-tecnicos-a-sudafrica\\\/#webpage\",\"url\":\"https:\\\/\\\/eldigitaldeasturias.com\\\/radio\\\/covid-19-alemania-envia-un-vuelo-especial-con-tecnicos-a-sudafrica\\\/\",\"name\":\"Covid-19: Alemania env\\u00eda un vuelo especial con t\\u00e9cnicos a Sud\\u00e1frica | El Digital de Asturias\",\"description\":\"Johannesburgo, 16 jul (dpa) - Alemania envi\\u00f3 hoy un vuelo especial a Sud\\u00e1frica con decenas de ingenieros y t\\u00e9cnicos a bordo, que deben realizar trabajos de mantenimiento urgentes en empresas germanas como Siemens, Voith o Mercedes. \\\"Por primera vez desde marzo los pasajeros internacionales pueden entrar en el pa\\u00eds sin la cuarentena impuesta por el\",\"inLanguage\":\"es-ES\",\"isPartOf\":{\"@id\":\"https:\\\/\\\/eldigitaldeasturias.com\\\/radio\\\/#website\"},\"breadcrumb\":{\"@id\":\"https:\\\/\\\/eldigitaldeasturias.com\\\/radio\\\/covid-19-alemania-envia-un-vuelo-especial-con-tecnicos-a-sudafrica\\\/#breadcrumblist\"},\"author\":{\"@id\":\"https:\\\/\\\/eldigitaldeasturias.com\\\/radio\\\/author\\\/nbasturias\\\/#author\"},\"creator\":{\"@id\":\"https:\\\/\\\/eldigitaldeasturias.com\\\/radio\\\/author\\\/nbasturias\\\/#author\"},\"image\":{\"@type\":\"ImageObject\",\"url\":\"https:\\\/\\\/eldigitaldeasturias.com\\\/radio\\\/wp-content\\\/uploads\\\/2020\\\/06\\\/connection-4884862_640.jpg\",\"@id\":\"https:\\\/\\\/eldigitaldeasturias.com\\\/radio\\\/covid-19-alemania-envia-un-vuelo-especial-con-tecnicos-a-sudafrica\\\/#mainImage\",\"width\":640,\"height\":436},\"primaryImageOfPage\":{\"@id\":\"https:\\\/\\\/eldigitaldeasturias.com\\\/radio\\\/covid-19-alemania-envia-un-vuelo-especial-con-tecnicos-a-sudafrica\\\/#mainImage\"},\"datePublished\":\"2020-07-17T00:28:21+02:00\",\"dateModified\":\"2020-07-17T00:28:21+02:00\"},{\"@type\":\"WebSite\",\"@id\":\"https:\\\/\\\/eldigitaldeasturias.com\\\/radio\\\/#website\",\"url\":\"https:\\\/\\\/eldigitaldeasturias.com\\\/radio\\\/\",\"name\":\"El Digital de Asturias\",\"description\":\"Diario de informaci\\u00f3n y noticias\",\"inLanguage\":\"es-ES\",\"publisher\":{\"@id\":\"https:\\\/\\\/eldigitaldeasturias.com\\\/radio\\\/#organization\"}}]}\n\t\t<\/script>\n\t\t<!-- All in One SEO Pro -->\r\n\t\t<title>Covid-19: Alemania env\u00eda un vuelo especial con t\u00e9cnicos a Sud\u00e1frica | El Digital de Asturias<\/title>\n\n","aioseo_head_json":{"title":"Covid-19: Alemania env\u00eda un vuelo especial con t\u00e9cnicos a Sud\u00e1frica | El Digital de Asturias","description":"Johannesburgo, 16 jul (dpa) - Alemania envi\u00f3 hoy un vuelo especial a Sud\u00e1frica con decenas de ingenieros y t\u00e9cnicos a bordo, que deben realizar trabajos de mantenimiento urgentes en empresas germanas como Siemens, Voith o Mercedes. \"Por primera vez desde marzo los pasajeros internacionales pueden entrar en el pa\u00eds sin la cuarentena impuesta por el","canonical_url":"https:\/\/eldigitaldeasturias.com\/radio\/covid-19-alemania-envia-un-vuelo-especial-con-tecnicos-a-sudafrica\/","robots":"max-image-preview:large","keywords":"noticias","webmasterTools":{"google-site-verification":"UA-38556648-1","miscellaneous":""},"schema":{"@context":"https:\/\/schema.org","@graph":[{"@type":"BreadcrumbList","@id":"https:\/\/eldigitaldeasturias.com\/radio\/covid-19-alemania-envia-un-vuelo-especial-con-tecnicos-a-sudafrica\/#breadcrumblist","itemListElement":[{"@type":"ListItem","@id":"https:\/\/eldigitaldeasturias.com\/radio#listItem","position":1,"name":"Inicio","item":"https:\/\/eldigitaldeasturias.com\/radio","nextItem":{"@type":"ListItem","@id":"https:\/\/eldigitaldeasturias.com\/radio\/category\/noticias\/#listItem","name":"Noticias"}},{"@type":"ListItem","@id":"https:\/\/eldigitaldeasturias.com\/radio\/category\/noticias\/#listItem","position":2,"name":"Noticias","item":"https:\/\/eldigitaldeasturias.com\/radio\/category\/noticias\/","nextItem":{"@type":"ListItem","@id":"https:\/\/eldigitaldeasturias.com\/radio\/covid-19-alemania-envia-un-vuelo-especial-con-tecnicos-a-sudafrica\/#listItem","name":"Covid-19: Alemania env\u00eda un vuelo especial con t\u00e9cnicos a Sud\u00e1frica"},"previousItem":{"@type":"ListItem","@id":"https:\/\/eldigitaldeasturias.com\/radio#listItem","name":"Inicio"}},{"@type":"ListItem","@id":"https:\/\/eldigitaldeasturias.com\/radio\/covid-19-alemania-envia-un-vuelo-especial-con-tecnicos-a-sudafrica\/#listItem","position":3,"name":"Covid-19: Alemania env\u00eda un vuelo especial con t\u00e9cnicos a Sud\u00e1frica","previousItem":{"@type":"ListItem","@id":"https:\/\/eldigitaldeasturias.com\/radio\/category\/noticias\/#listItem","name":"Noticias"}}]},{"@type":"NewsArticle","@id":"https:\/\/eldigitaldeasturias.com\/radio\/covid-19-alemania-envia-un-vuelo-especial-con-tecnicos-a-sudafrica\/#newsarticle","name":"Covid-19: Alemania env\u00eda un vuelo especial con t\u00e9cnicos a Sud\u00e1frica | El Digital de Asturias","headline":"Covid-19: Alemania env\u00eda un vuelo especial con t\u00e9cnicos a Sud\u00e1frica","author":{"@id":"https:\/\/eldigitaldeasturias.com\/radio\/author\/nbasturias\/#author"},"publisher":{"@id":"https:\/\/eldigitaldeasturias.com\/radio\/#organization"},"image":{"@type":"ImageObject","url":"https:\/\/eldigitaldeasturias.com\/radio\/wp-content\/uploads\/2020\/06\/connection-4884862_640.jpg","width":640,"height":436},"datePublished":"2020-07-17T00:28:21+02:00","dateModified":"2020-07-17T00:28:21+02:00","inLanguage":"es-ES","mainEntityOfPage":{"@id":"https:\/\/eldigitaldeasturias.com\/radio\/covid-19-alemania-envia-un-vuelo-especial-con-tecnicos-a-sudafrica\/#webpage"},"isPartOf":{"@id":"https:\/\/eldigitaldeasturias.com\/radio\/covid-19-alemania-envia-un-vuelo-especial-con-tecnicos-a-sudafrica\/#webpage"},"articleSection":"Noticias","dateline":"Publicado el julio 17, 2020."},{"@type":"Organization","@id":"https:\/\/eldigitaldeasturias.com\/radio\/#organization","name":"El digital de Asturias Radio","description":"Diario de informaci\u00f3n y noticias","url":"https:\/\/eldigitaldeasturias.com\/radio\/","telephone":"+34652131393","logo":{"@type":"ImageObject","url":"https:\/\/www.eldigitaldeasturias.com\/radio\/wp-content\/uploads\/2021\/03\/EDA.jpg","@id":"https:\/\/eldigitaldeasturias.com\/radio\/covid-19-alemania-envia-un-vuelo-especial-con-tecnicos-a-sudafrica\/#organizationLogo"},"image":{"@id":"https:\/\/eldigitaldeasturias.com\/radio\/covid-19-alemania-envia-un-vuelo-especial-con-tecnicos-a-sudafrica\/#organizationLogo"},"sameAs":["https:\/\/www.facebook.com\/","https:\/\/x.com\/bercodi","https:\/\/www.instagram.com\/","https:\/\/www.youtube.com\/channel\/UCZP-2wLEB9Rv6erhFmqVnvg"]},{"@type":"Person","@id":"https:\/\/eldigitaldeasturias.com\/radio\/author\/nbasturias\/#author","url":"https:\/\/eldigitaldeasturias.com\/radio\/author\/nbasturias\/","name":"NBAsturias","image":{"@type":"ImageObject","@id":"https:\/\/eldigitaldeasturias.com\/radio\/covid-19-alemania-envia-un-vuelo-especial-con-tecnicos-a-sudafrica\/#authorImage","url":"https:\/\/secure.gravatar.com\/avatar\/df2aeffc32bcd13f8d26072ef8a91b623d677766deac7f97ca815868cd41bf5e?s=96&d=mm&r=g","width":96,"height":96,"caption":"NBAsturias"}},{"@type":"WebPage","@id":"https:\/\/eldigitaldeasturias.com\/radio\/covid-19-alemania-envia-un-vuelo-especial-con-tecnicos-a-sudafrica\/#webpage","url":"https:\/\/eldigitaldeasturias.com\/radio\/covid-19-alemania-envia-un-vuelo-especial-con-tecnicos-a-sudafrica\/","name":"Covid-19: Alemania env\u00eda un vuelo especial con t\u00e9cnicos a Sud\u00e1frica | El Digital de Asturias","description":"Johannesburgo, 16 jul (dpa) - Alemania envi\u00f3 hoy un vuelo especial a Sud\u00e1frica con decenas de ingenieros y t\u00e9cnicos a bordo, que deben realizar trabajos de mantenimiento urgentes en empresas germanas como Siemens, Voith o Mercedes. \"Por primera vez desde marzo los pasajeros internacionales pueden entrar en el pa\u00eds sin la cuarentena impuesta por el","inLanguage":"es-ES","isPartOf":{"@id":"https:\/\/eldigitaldeasturias.com\/radio\/#website"},"breadcrumb":{"@id":"https:\/\/eldigitaldeasturias.com\/radio\/covid-19-alemania-envia-un-vuelo-especial-con-tecnicos-a-sudafrica\/#breadcrumblist"},"author":{"@id":"https:\/\/eldigitaldeasturias.com\/radio\/author\/nbasturias\/#author"},"creator":{"@id":"https:\/\/eldigitaldeasturias.com\/radio\/author\/nbasturias\/#author"},"image":{"@type":"ImageObject","url":"https:\/\/eldigitaldeasturias.com\/radio\/wp-content\/uploads\/2020\/06\/connection-4884862_640.jpg","@id":"https:\/\/eldigitaldeasturias.com\/radio\/covid-19-alemania-envia-un-vuelo-especial-con-tecnicos-a-sudafrica\/#mainImage","width":640,"height":436},"primaryImageOfPage":{"@id":"https:\/\/eldigitaldeasturias.com\/radio\/covid-19-alemania-envia-un-vuelo-especial-con-tecnicos-a-sudafrica\/#mainImage"},"datePublished":"2020-07-17T00:28:21+02:00","dateModified":"2020-07-17T00:28:21+02:00"},{"@type":"WebSite","@id":"https:\/\/eldigitaldeasturias.com\/radio\/#website","url":"https:\/\/eldigitaldeasturias.com\/radio\/","name":"El Digital de Asturias","description":"Diario de informaci\u00f3n y noticias","inLanguage":"es-ES","publisher":{"@id":"https:\/\/eldigitaldeasturias.com\/radio\/#organization"}}]},"og:locale":"es_ES","og:site_name":"El Digital de Asturias | Diario de informaci\u00f3n y noticias","og:type":"article","og:title":"Covid-19: Alemania env\u00eda un vuelo especial con t\u00e9cnicos a Sud\u00e1frica | El Digital de Asturias","og:description":"Johannesburgo, 16 jul (dpa) - Alemania envi\u00f3 hoy un vuelo especial a Sud\u00e1frica con decenas de ingenieros y t\u00e9cnicos a bordo, que deben realizar trabajos de mantenimiento urgentes en empresas germanas como Siemens, Voith o Mercedes. &quot;Por primera vez desde marzo los pasajeros internacionales pueden entrar en el pa\u00eds sin la cuarentena impuesta por el","og:url":"https:\/\/eldigitaldeasturias.com\/radio\/covid-19-alemania-envia-un-vuelo-especial-con-tecnicos-a-sudafrica\/","og:image":"https:\/\/eldigitaldeasturias.com\/radio\/wp-content\/uploads\/2020\/06\/connection-4884862_640.jpg","og:image:secure_url":"https:\/\/eldigitaldeasturias.com\/radio\/wp-content\/uploads\/2020\/06\/connection-4884862_640.jpg","og:image:width":640,"og:image:height":436,"article:published_time":"2020-07-17T00:28:21+00:00","article:modified_time":"2020-07-17T00:28:21+00:00","twitter:card":"summary_large_image","twitter:site":"@bercodi","twitter:title":"Covid-19: Alemania env\u00eda un vuelo especial con t\u00e9cnicos a Sud\u00e1frica | El Digital de Asturias","twitter:description":"Johannesburgo, 16 jul (dpa) - Alemania envi\u00f3 hoy un vuelo especial a Sud\u00e1frica con decenas de ingenieros y t\u00e9cnicos a bordo, que deben realizar trabajos de mantenimiento urgentes en empresas germanas como Siemens, Voith o Mercedes. &quot;Por primera vez desde marzo los pasajeros internacionales pueden entrar en el pa\u00eds sin la cuarentena impuesta por el","twitter:creator":"@bercodi","twitter:image":"https:\/\/eldigitaldeasturias.com\/radio\/wp-content\/uploads\/2020\/06\/connection-4884862_640.jpg"},"aioseo_meta_data":{"post_id":"4758","title":null,"description":"","keywords":"","keyphrases":null,"primary_term":null,"canonical_url":"","og_title":null,"og_description":null,"og_object_type":"default","og_image_type":"default","og_image_url":null,"og_image_width":null,"og_image_height":null,"og_image_custom_url":null,"og_image_custom_fields":null,"og_video":null,"og_custom_url":null,"og_article_section":null,"og_article_tags":null,"twitter_use_og":false,"twitter_card":"default","twitter_image_type":"default","twitter_image_url":null,"twitter_image_custom_url":null,"twitter_image_custom_fields":null,"twitter_title":null,"twitter_description":null,"schema":{"blockGraphs":[],"customGraphs":[],"default":{"data":{"Article":[],"Course":[],"Dataset":[],"FAQPage":[],"Movie":[],"Person":[],"Product":[],"ProductReview":[],"Car":[],"Recipe":[],"Service":[],"SoftwareApplication":[],"WebPage":[]},"graphName":"","isEnabled":true},"graphs":[],"defaultGraph":"","defaultPostTypeGraph":""},"schema_type":null,"schema_type_options":null,"pillar_content":false,"robots_default":true,"robots_noindex":false,"robots_noarchive":false,"robots_nosnippet":false,"robots_nofollow":false,"robots_noimageindex":false,"robots_noodp":false,"robots_notranslate":false,"robots_max_snippet":null,"robots_max_videopreview":null,"robots_max_imagepreview":"large","priority":null,"frequency":null,"location":null,"local_seo":null,"seo_analyzer_scan_date":"2025-08-28 16:40:22","breadcrumb_settings":null,"limit_modified_date":false,"open_ai":null,"ai":null,"created":"2021-03-26 18:55:27","updated":"2025-08-28 16:40:22"},"aioseo_breadcrumb":"<div class=\"aioseo-breadcrumbs\"><span class=\"aioseo-breadcrumb\">\n\t<a href=\"https:\/\/eldigitaldeasturias.com\/radio\" title=\"Inicio\">Inicio<\/a>\n<\/span><span class=\"aioseo-breadcrumb-separator\">&ndash;<\/span><span class=\"aioseo-breadcrumb\">\n\t<a href=\"https:\/\/eldigitaldeasturias.com\/radio\/category\/noticias\/\" title=\"Noticias\">Noticias<\/a>\n<\/span><span class=\"aioseo-breadcrumb-separator\">&ndash;<\/span><span class=\"aioseo-breadcrumb\">\n\tCovid-19: Alemania env\u00eda un vuelo especial con t\u00e9cnicos a Sud\u00e1frica\n<\/span><\/div>","aioseo_breadcrumb_json":[{"label":"Inicio","link":"https:\/\/eldigitaldeasturias.com\/radio"},{"label":"Noticias","link":"https:\/\/eldigitaldeasturias.com\/radio\/category\/noticias\/"},{"label":"Covid-19: Alemania env\u00eda un vuelo especial con t\u00e9cnicos a Sud\u00e1frica","link":"https:\/\/eldigitaldeasturias.com\/radio\/covid-19-alemania-envia-un-vuelo-especial-con-tecnicos-a-sudafrica\/"}],"_links":{"self":[{"href":"https:\/\/eldigitaldeasturias.com\/radio\/wp-json\/wp\/v2\/posts\/4758","targetHints":{"allow":["GET"]}}],"collection":[{"href":"https:\/\/eldigitaldeasturias.com\/radio\/wp-json\/wp\/v2\/posts"}],"about":[{"href":"https:\/\/eldigitaldeasturias.com\/radio\/wp-json\/wp\/v2\/types\/post"}],"author":[{"embeddable":true,"href":"https:\/\/eldigitaldeasturias.com\/radio\/wp-json\/wp\/v2\/users\/1"}],"replies":[{"embeddable":true,"href":"https:\/\/eldigitaldeasturias.com\/radio\/wp-json\/wp\/v2\/comments?post=4758"}],"version-history":[{"count":0,"href":"https:\/\/eldigitaldeasturias.com\/radio\/wp-json\/wp\/v2\/posts\/4758\/revisions"}],"wp:featuredmedia":[{"embeddable":true,"href":"https:\/\/eldigitaldeasturias.com\/radio\/wp-json\/wp\/v2\/media\/4405"}],"wp:attachment":[{"href":"https:\/\/eldigitaldeasturias.com\/radio\/wp-json\/wp\/v2\/media?parent=4758"}],"wp:term":[{"taxonomy":"category","embeddable":true,"href":"https:\/\/eldigitaldeasturias.com\/radio\/wp-json\/wp\/v2\/categories?post=4758"},{"taxonomy":"post_tag","embeddable":true,"href":"https:\/\/eldigitaldeasturias.com\/radio\/wp-json\/wp\/v2\/tags?post=4758"}],"curies":[{"name":"wp","href":"https:\/\/api.w.org\/{rel}","templated":true}]}}