{"id":4756,"date":"2020-07-17T00:27:18","date_gmt":"2020-07-17T00:27:18","guid":{"rendered":"http:\/\/www.eldigitaldeasturias.com\/radio\/?p=4756"},"modified":"2020-07-17T00:27:18","modified_gmt":"2020-07-17T00:27:18","slug":"duelo-de-tenis-aleman-entre-haas-y-struff-en-berlin","status":"publish","type":"post","link":"https:\/\/eldigitaldeasturias.com\/radio\/duelo-de-tenis-aleman-entre-haas-y-struff-en-berlin\/","title":{"rendered":"Duelo de tenis alem\u00e1n entre Haas y Struff en Berl\u00edn"},"content":{"rendered":"<p><img fetchpriority=\"high\" decoding=\"async\" class=\"alignleft size-medium wp-image-893\" src=\"http:\/\/www.eldigitaldeasturias.com\/radio\/wp-content\/uploads\/2018\/05\/tennis-923659_960_720-360x270.jpg\" alt=\"\" width=\"360\" height=\"270\" srcset=\"https:\/\/eldigitaldeasturias.com\/radio\/wp-content\/uploads\/2018\/05\/tennis-923659_960_720-360x270.jpg 360w, https:\/\/eldigitaldeasturias.com\/radio\/wp-content\/uploads\/2018\/05\/tennis-923659_960_720-768x576.jpg 768w, https:\/\/eldigitaldeasturias.com\/radio\/wp-content\/uploads\/2018\/05\/tennis-923659_960_720.jpg 960w\" sizes=\"(max-width: 360px) 100vw, 360px\" \/>Berl\u00edn, 16 jul (dpa) &#8211; Los alemanes Tommy Haas y Jan-Lennard Struff se enfrentar\u00e1n en el segundo torneo de exhibici\u00f3n que comienza este viernes en Berl\u00edn, anunci\u00f3 hoy el organizador del evento.<\/p>\n<p>Haas, de 42 a\u00f1os, y Struff, de 30, se medir\u00e1n en los cuartos de final del torneo alem\u00e1n. El ganador disputar\u00e1 las semifinales contra el austr\u00edaco Dominic Thiem.<\/p>\n<p>Struff es actualmente el n\u00famero dos germano, mientras que Haas, ex n\u00famero dos del mundo, se retir\u00f3 de las competencias oficiales hace tres a\u00f1os. Su \u00faltima derrota profesional contra Struff fue en la localidad austr\u00edaca de Kitzb\u00fchel en 2017.<\/p>\n<p>En tanto, la final de la competencia femenina entre la checa Petra Kvitova y la ucraniana Jelina Svitolina, que fue cancelada el mi\u00e9rcoles a causa de la lluvia, se jugar\u00e1 el viernes antes del encuentro entre Struff y Haas.<\/p>\n<p>El torneo sobre pista dura, que se disputa en un antiguo hangar del aeropuerto de Tempelhof, ser\u00e1 inaugurado por el italiano Jannik Sinner y el ruso Karen Kachanov. El ganador se medir\u00e1 al espa\u00f1ol Roberto Bautista.<\/p>\n<p>En el evento femenino, tambi\u00e9n habr\u00e1 un duelo de cuartos de final entre las germanas Andrea Petkovic y Alexandra Vecic, quien sustituye a la lesionada Julia G\u00f6rges. La ganadora del encuentro enfrentar\u00e1 a Kvitova, dos veces ganadora de Wimbledon.<\/p>\n<p>En otro partido de este viernes, la holandesa Kiki Bertens jugar\u00e1 ante la letona Anastasija Sevastova. La rival en semifinales ser\u00e1 la ucraniana Svitolina.<\/p>\n<p>El segundo torneo en Berl\u00edn se celebrar\u00e1 de viernes a domingo ante 200 espectadores en una pista dura en un antiguo hangar del aeropuerto de Tempelhof. El primer evento a principios de semana se disput\u00f3 en el Estadio Steffi Graf ante un m\u00e1ximo de 800 espectadores.<\/p>\n<p>Los torneos se realizan con amplias medidas sanitarias, entre otras, una llamada ducha higi\u00e9nica en las gradas y canchas marcadas para prevenir la propagaci\u00f3n del coronavirus.<\/p>\n<p>Se distribuir\u00e1 un total de 200.000 euros (226.000 d\u00f3lares) en premios. Una gran ausente es el mejor jugador alem\u00e1n de la actualidad, Alexander Zverev.<\/p>\n","protected":false},"excerpt":{"rendered":"<p>Berl\u00edn, 16 jul (dpa) &#8211; Los alemanes Tommy Haas y Jan-Lennard Struff se enfrentar\u00e1n en el segundo torneo de exhibici\u00f3n que comienza este viernes en Berl\u00edn, anunci\u00f3 hoy el organizador del evento. Haas, de 42 a\u00f1os, y Struff, de 30, se medir\u00e1n en los cuartos de final del torneo alem\u00e1n. El ganador disputar\u00e1 las semifinales<\/p>\n","protected":false},"author":1,"featured_media":893,"comment_status":"closed","ping_status":"closed","sticky":false,"template":"","format":"standard","meta":{"footnotes":""},"categories":[1],"tags":[],"class_list":{"0":"post-4756","1":"post","2":"type-post","3":"status-publish","4":"format-standard","5":"has-post-thumbnail","7":"category-noticias"},"aioseo_notices":[],"aioseo_head":"\n\t\t<!-- All in One SEO Pro 4.9.6.2 - aioseo.com -->\n\t<meta name=\"description\" content=\"Berl\u00edn, 16 jul (dpa) - Los alemanes Tommy Haas y Jan-Lennard Struff se enfrentar\u00e1n en el segundo torneo de exhibici\u00f3n que comienza este viernes en Berl\u00edn, anunci\u00f3 hoy el organizador del evento. Haas, de 42 a\u00f1os, y Struff, de 30, se medir\u00e1n en los cuartos de final del torneo alem\u00e1n. El ganador disputar\u00e1 las semifinales\" \/>\n\t<meta name=\"robots\" content=\"max-image-preview:large\" \/>\n\t<meta name=\"author\" content=\"NBAsturias\"\/>\n\t<meta name=\"google-site-verification\" content=\"UA-38556648-1\" \/>\n\t<meta name=\"keywords\" content=\"noticias\" \/>\n\t<link rel=\"canonical\" href=\"https:\/\/eldigitaldeasturias.com\/radio\/duelo-de-tenis-aleman-entre-haas-y-struff-en-berlin\/\" \/>\n\t<meta name=\"generator\" content=\"All in One SEO Pro (AIOSEO) 4.9.6.2\" \/>\n\t\t<meta property=\"og:locale\" content=\"es_ES\" \/>\n\t\t<meta property=\"og:site_name\" content=\"El Digital de Asturias | Diario de informaci\u00f3n y noticias\" \/>\n\t\t<meta property=\"og:type\" content=\"article\" \/>\n\t\t<meta property=\"og:title\" content=\"Duelo de tenis alem\u00e1n entre Haas y Struff en Berl\u00edn | El Digital de Asturias\" \/>\n\t\t<meta property=\"og:description\" content=\"Berl\u00edn, 16 jul (dpa) - Los alemanes Tommy Haas y Jan-Lennard Struff se enfrentar\u00e1n en el segundo torneo de exhibici\u00f3n que comienza este viernes en Berl\u00edn, anunci\u00f3 hoy el organizador del evento. Haas, de 42 a\u00f1os, y Struff, de 30, se medir\u00e1n en los cuartos de final del torneo alem\u00e1n. El ganador disputar\u00e1 las semifinales\" \/>\n\t\t<meta property=\"og:url\" content=\"https:\/\/eldigitaldeasturias.com\/radio\/duelo-de-tenis-aleman-entre-haas-y-struff-en-berlin\/\" \/>\n\t\t<meta property=\"og:image\" content=\"https:\/\/eldigitaldeasturias.com\/radio\/wp-content\/uploads\/2018\/05\/tennis-923659_960_720.jpg\" \/>\n\t\t<meta property=\"og:image:secure_url\" content=\"https:\/\/eldigitaldeasturias.com\/radio\/wp-content\/uploads\/2018\/05\/tennis-923659_960_720.jpg\" \/>\n\t\t<meta property=\"og:image:width\" content=\"960\" \/>\n\t\t<meta property=\"og:image:height\" content=\"720\" \/>\n\t\t<meta property=\"article:published_time\" content=\"2020-07-17T00:27:18+00:00\" \/>\n\t\t<meta property=\"article:modified_time\" content=\"2020-07-17T00:27:18+00:00\" \/>\n\t\t<meta name=\"twitter:card\" content=\"summary_large_image\" \/>\n\t\t<meta name=\"twitter:site\" content=\"@bercodi\" \/>\n\t\t<meta name=\"twitter:title\" content=\"Duelo de tenis alem\u00e1n entre Haas y Struff en Berl\u00edn | El Digital de Asturias\" \/>\n\t\t<meta name=\"twitter:description\" content=\"Berl\u00edn, 16 jul (dpa) - Los alemanes Tommy Haas y Jan-Lennard Struff se enfrentar\u00e1n en el segundo torneo de exhibici\u00f3n que comienza este viernes en Berl\u00edn, anunci\u00f3 hoy el organizador del evento. Haas, de 42 a\u00f1os, y Struff, de 30, se medir\u00e1n en los cuartos de final del torneo alem\u00e1n. El ganador disputar\u00e1 las semifinales\" \/>\n\t\t<meta name=\"twitter:creator\" content=\"@bercodi\" \/>\n\t\t<meta name=\"twitter:image\" content=\"https:\/\/eldigitaldeasturias.com\/radio\/wp-content\/uploads\/2018\/05\/tennis-923659_960_720.jpg\" \/>\n\t\t<script type=\"application\/ld+json\" class=\"aioseo-schema\">\n\t\t\t{\"@context\":\"https:\\\/\\\/schema.org\",\"@graph\":[{\"@type\":\"BreadcrumbList\",\"@id\":\"https:\\\/\\\/eldigitaldeasturias.com\\\/radio\\\/duelo-de-tenis-aleman-entre-haas-y-struff-en-berlin\\\/#breadcrumblist\",\"itemListElement\":[{\"@type\":\"ListItem\",\"@id\":\"https:\\\/\\\/eldigitaldeasturias.com\\\/radio#listItem\",\"position\":1,\"name\":\"Inicio\",\"item\":\"https:\\\/\\\/eldigitaldeasturias.com\\\/radio\",\"nextItem\":{\"@type\":\"ListItem\",\"@id\":\"https:\\\/\\\/eldigitaldeasturias.com\\\/radio\\\/category\\\/noticias\\\/#listItem\",\"name\":\"Noticias\"}},{\"@type\":\"ListItem\",\"@id\":\"https:\\\/\\\/eldigitaldeasturias.com\\\/radio\\\/category\\\/noticias\\\/#listItem\",\"position\":2,\"name\":\"Noticias\",\"item\":\"https:\\\/\\\/eldigitaldeasturias.com\\\/radio\\\/category\\\/noticias\\\/\",\"nextItem\":{\"@type\":\"ListItem\",\"@id\":\"https:\\\/\\\/eldigitaldeasturias.com\\\/radio\\\/duelo-de-tenis-aleman-entre-haas-y-struff-en-berlin\\\/#listItem\",\"name\":\"Duelo de tenis alem\\u00e1n entre Haas y Struff en Berl\\u00edn\"},\"previousItem\":{\"@type\":\"ListItem\",\"@id\":\"https:\\\/\\\/eldigitaldeasturias.com\\\/radio#listItem\",\"name\":\"Inicio\"}},{\"@type\":\"ListItem\",\"@id\":\"https:\\\/\\\/eldigitaldeasturias.com\\\/radio\\\/duelo-de-tenis-aleman-entre-haas-y-struff-en-berlin\\\/#listItem\",\"position\":3,\"name\":\"Duelo de tenis alem\\u00e1n entre Haas y Struff en Berl\\u00edn\",\"previousItem\":{\"@type\":\"ListItem\",\"@id\":\"https:\\\/\\\/eldigitaldeasturias.com\\\/radio\\\/category\\\/noticias\\\/#listItem\",\"name\":\"Noticias\"}}]},{\"@type\":\"NewsArticle\",\"@id\":\"https:\\\/\\\/eldigitaldeasturias.com\\\/radio\\\/duelo-de-tenis-aleman-entre-haas-y-struff-en-berlin\\\/#newsarticle\",\"name\":\"Duelo de tenis alem\\u00e1n entre Haas y Struff en Berl\\u00edn | El Digital de Asturias\",\"headline\":\"Duelo de tenis alem\\u00e1n entre Haas y Struff en Berl\\u00edn\",\"author\":{\"@id\":\"https:\\\/\\\/eldigitaldeasturias.com\\\/radio\\\/author\\\/nbasturias\\\/#author\"},\"publisher\":{\"@id\":\"https:\\\/\\\/eldigitaldeasturias.com\\\/radio\\\/#organization\"},\"image\":{\"@type\":\"ImageObject\",\"url\":\"https:\\\/\\\/eldigitaldeasturias.com\\\/radio\\\/wp-content\\\/uploads\\\/2018\\\/05\\\/tennis-923659_960_720.jpg\",\"width\":960,\"height\":720},\"datePublished\":\"2020-07-17T00:27:18+02:00\",\"dateModified\":\"2020-07-17T00:27:18+02:00\",\"inLanguage\":\"es-ES\",\"mainEntityOfPage\":{\"@id\":\"https:\\\/\\\/eldigitaldeasturias.com\\\/radio\\\/duelo-de-tenis-aleman-entre-haas-y-struff-en-berlin\\\/#webpage\"},\"isPartOf\":{\"@id\":\"https:\\\/\\\/eldigitaldeasturias.com\\\/radio\\\/duelo-de-tenis-aleman-entre-haas-y-struff-en-berlin\\\/#webpage\"},\"articleSection\":\"Noticias\",\"dateline\":\"Publicado el julio 17, 2020.\"},{\"@type\":\"Organization\",\"@id\":\"https:\\\/\\\/eldigitaldeasturias.com\\\/radio\\\/#organization\",\"name\":\"El digital de Asturias Radio\",\"description\":\"Diario de informaci\\u00f3n y noticias\",\"url\":\"https:\\\/\\\/eldigitaldeasturias.com\\\/radio\\\/\",\"telephone\":\"+34652131393\",\"logo\":{\"@type\":\"ImageObject\",\"url\":\"https:\\\/\\\/www.eldigitaldeasturias.com\\\/radio\\\/wp-content\\\/uploads\\\/2021\\\/03\\\/EDA.jpg\",\"@id\":\"https:\\\/\\\/eldigitaldeasturias.com\\\/radio\\\/duelo-de-tenis-aleman-entre-haas-y-struff-en-berlin\\\/#organizationLogo\"},\"image\":{\"@id\":\"https:\\\/\\\/eldigitaldeasturias.com\\\/radio\\\/duelo-de-tenis-aleman-entre-haas-y-struff-en-berlin\\\/#organizationLogo\"},\"sameAs\":[\"https:\\\/\\\/www.facebook.com\\\/\",\"https:\\\/\\\/x.com\\\/bercodi\",\"https:\\\/\\\/www.instagram.com\\\/\",\"https:\\\/\\\/www.youtube.com\\\/channel\\\/UCZP-2wLEB9Rv6erhFmqVnvg\"]},{\"@type\":\"Person\",\"@id\":\"https:\\\/\\\/eldigitaldeasturias.com\\\/radio\\\/author\\\/nbasturias\\\/#author\",\"url\":\"https:\\\/\\\/eldigitaldeasturias.com\\\/radio\\\/author\\\/nbasturias\\\/\",\"name\":\"NBAsturias\",\"image\":{\"@type\":\"ImageObject\",\"@id\":\"https:\\\/\\\/eldigitaldeasturias.com\\\/radio\\\/duelo-de-tenis-aleman-entre-haas-y-struff-en-berlin\\\/#authorImage\",\"url\":\"https:\\\/\\\/secure.gravatar.com\\\/avatar\\\/df2aeffc32bcd13f8d26072ef8a91b623d677766deac7f97ca815868cd41bf5e?s=96&d=mm&r=g\",\"width\":96,\"height\":96,\"caption\":\"NBAsturias\"}},{\"@type\":\"WebPage\",\"@id\":\"https:\\\/\\\/eldigitaldeasturias.com\\\/radio\\\/duelo-de-tenis-aleman-entre-haas-y-struff-en-berlin\\\/#webpage\",\"url\":\"https:\\\/\\\/eldigitaldeasturias.com\\\/radio\\\/duelo-de-tenis-aleman-entre-haas-y-struff-en-berlin\\\/\",\"name\":\"Duelo de tenis alem\\u00e1n entre Haas y Struff en Berl\\u00edn | El Digital de Asturias\",\"description\":\"Berl\\u00edn, 16 jul (dpa) - Los alemanes Tommy Haas y Jan-Lennard Struff se enfrentar\\u00e1n en el segundo torneo de exhibici\\u00f3n que comienza este viernes en Berl\\u00edn, anunci\\u00f3 hoy el organizador del evento. Haas, de 42 a\\u00f1os, y Struff, de 30, se medir\\u00e1n en los cuartos de final del torneo alem\\u00e1n. El ganador disputar\\u00e1 las semifinales\",\"inLanguage\":\"es-ES\",\"isPartOf\":{\"@id\":\"https:\\\/\\\/eldigitaldeasturias.com\\\/radio\\\/#website\"},\"breadcrumb\":{\"@id\":\"https:\\\/\\\/eldigitaldeasturias.com\\\/radio\\\/duelo-de-tenis-aleman-entre-haas-y-struff-en-berlin\\\/#breadcrumblist\"},\"author\":{\"@id\":\"https:\\\/\\\/eldigitaldeasturias.com\\\/radio\\\/author\\\/nbasturias\\\/#author\"},\"creator\":{\"@id\":\"https:\\\/\\\/eldigitaldeasturias.com\\\/radio\\\/author\\\/nbasturias\\\/#author\"},\"image\":{\"@type\":\"ImageObject\",\"url\":\"https:\\\/\\\/eldigitaldeasturias.com\\\/radio\\\/wp-content\\\/uploads\\\/2018\\\/05\\\/tennis-923659_960_720.jpg\",\"@id\":\"https:\\\/\\\/eldigitaldeasturias.com\\\/radio\\\/duelo-de-tenis-aleman-entre-haas-y-struff-en-berlin\\\/#mainImage\",\"width\":960,\"height\":720},\"primaryImageOfPage\":{\"@id\":\"https:\\\/\\\/eldigitaldeasturias.com\\\/radio\\\/duelo-de-tenis-aleman-entre-haas-y-struff-en-berlin\\\/#mainImage\"},\"datePublished\":\"2020-07-17T00:27:18+02:00\",\"dateModified\":\"2020-07-17T00:27:18+02:00\"},{\"@type\":\"WebSite\",\"@id\":\"https:\\\/\\\/eldigitaldeasturias.com\\\/radio\\\/#website\",\"url\":\"https:\\\/\\\/eldigitaldeasturias.com\\\/radio\\\/\",\"name\":\"El Digital de Asturias\",\"description\":\"Diario de informaci\\u00f3n y noticias\",\"inLanguage\":\"es-ES\",\"publisher\":{\"@id\":\"https:\\\/\\\/eldigitaldeasturias.com\\\/radio\\\/#organization\"}}]}\n\t\t<\/script>\n\t\t<!-- All in One SEO Pro -->\r\n\t\t<title>Duelo de tenis alem\u00e1n entre Haas y Struff en Berl\u00edn | El Digital de Asturias<\/title>\n\n","aioseo_head_json":{"title":"Duelo de tenis alem\u00e1n entre Haas y Struff en Berl\u00edn | El Digital de Asturias","description":"Berl\u00edn, 16 jul (dpa) - Los alemanes Tommy Haas y Jan-Lennard Struff se enfrentar\u00e1n en el segundo torneo de exhibici\u00f3n que comienza este viernes en Berl\u00edn, anunci\u00f3 hoy el organizador del evento. Haas, de 42 a\u00f1os, y Struff, de 30, se medir\u00e1n en los cuartos de final del torneo alem\u00e1n. El ganador disputar\u00e1 las semifinales","canonical_url":"https:\/\/eldigitaldeasturias.com\/radio\/duelo-de-tenis-aleman-entre-haas-y-struff-en-berlin\/","robots":"max-image-preview:large","keywords":"noticias","webmasterTools":{"google-site-verification":"UA-38556648-1","miscellaneous":""},"schema":{"@context":"https:\/\/schema.org","@graph":[{"@type":"BreadcrumbList","@id":"https:\/\/eldigitaldeasturias.com\/radio\/duelo-de-tenis-aleman-entre-haas-y-struff-en-berlin\/#breadcrumblist","itemListElement":[{"@type":"ListItem","@id":"https:\/\/eldigitaldeasturias.com\/radio#listItem","position":1,"name":"Inicio","item":"https:\/\/eldigitaldeasturias.com\/radio","nextItem":{"@type":"ListItem","@id":"https:\/\/eldigitaldeasturias.com\/radio\/category\/noticias\/#listItem","name":"Noticias"}},{"@type":"ListItem","@id":"https:\/\/eldigitaldeasturias.com\/radio\/category\/noticias\/#listItem","position":2,"name":"Noticias","item":"https:\/\/eldigitaldeasturias.com\/radio\/category\/noticias\/","nextItem":{"@type":"ListItem","@id":"https:\/\/eldigitaldeasturias.com\/radio\/duelo-de-tenis-aleman-entre-haas-y-struff-en-berlin\/#listItem","name":"Duelo de tenis alem\u00e1n entre Haas y Struff en Berl\u00edn"},"previousItem":{"@type":"ListItem","@id":"https:\/\/eldigitaldeasturias.com\/radio#listItem","name":"Inicio"}},{"@type":"ListItem","@id":"https:\/\/eldigitaldeasturias.com\/radio\/duelo-de-tenis-aleman-entre-haas-y-struff-en-berlin\/#listItem","position":3,"name":"Duelo de tenis alem\u00e1n entre Haas y Struff en Berl\u00edn","previousItem":{"@type":"ListItem","@id":"https:\/\/eldigitaldeasturias.com\/radio\/category\/noticias\/#listItem","name":"Noticias"}}]},{"@type":"NewsArticle","@id":"https:\/\/eldigitaldeasturias.com\/radio\/duelo-de-tenis-aleman-entre-haas-y-struff-en-berlin\/#newsarticle","name":"Duelo de tenis alem\u00e1n entre Haas y Struff en Berl\u00edn | El Digital de Asturias","headline":"Duelo de tenis alem\u00e1n entre Haas y Struff en Berl\u00edn","author":{"@id":"https:\/\/eldigitaldeasturias.com\/radio\/author\/nbasturias\/#author"},"publisher":{"@id":"https:\/\/eldigitaldeasturias.com\/radio\/#organization"},"image":{"@type":"ImageObject","url":"https:\/\/eldigitaldeasturias.com\/radio\/wp-content\/uploads\/2018\/05\/tennis-923659_960_720.jpg","width":960,"height":720},"datePublished":"2020-07-17T00:27:18+02:00","dateModified":"2020-07-17T00:27:18+02:00","inLanguage":"es-ES","mainEntityOfPage":{"@id":"https:\/\/eldigitaldeasturias.com\/radio\/duelo-de-tenis-aleman-entre-haas-y-struff-en-berlin\/#webpage"},"isPartOf":{"@id":"https:\/\/eldigitaldeasturias.com\/radio\/duelo-de-tenis-aleman-entre-haas-y-struff-en-berlin\/#webpage"},"articleSection":"Noticias","dateline":"Publicado el julio 17, 2020."},{"@type":"Organization","@id":"https:\/\/eldigitaldeasturias.com\/radio\/#organization","name":"El digital de Asturias Radio","description":"Diario de informaci\u00f3n y noticias","url":"https:\/\/eldigitaldeasturias.com\/radio\/","telephone":"+34652131393","logo":{"@type":"ImageObject","url":"https:\/\/www.eldigitaldeasturias.com\/radio\/wp-content\/uploads\/2021\/03\/EDA.jpg","@id":"https:\/\/eldigitaldeasturias.com\/radio\/duelo-de-tenis-aleman-entre-haas-y-struff-en-berlin\/#organizationLogo"},"image":{"@id":"https:\/\/eldigitaldeasturias.com\/radio\/duelo-de-tenis-aleman-entre-haas-y-struff-en-berlin\/#organizationLogo"},"sameAs":["https:\/\/www.facebook.com\/","https:\/\/x.com\/bercodi","https:\/\/www.instagram.com\/","https:\/\/www.youtube.com\/channel\/UCZP-2wLEB9Rv6erhFmqVnvg"]},{"@type":"Person","@id":"https:\/\/eldigitaldeasturias.com\/radio\/author\/nbasturias\/#author","url":"https:\/\/eldigitaldeasturias.com\/radio\/author\/nbasturias\/","name":"NBAsturias","image":{"@type":"ImageObject","@id":"https:\/\/eldigitaldeasturias.com\/radio\/duelo-de-tenis-aleman-entre-haas-y-struff-en-berlin\/#authorImage","url":"https:\/\/secure.gravatar.com\/avatar\/df2aeffc32bcd13f8d26072ef8a91b623d677766deac7f97ca815868cd41bf5e?s=96&d=mm&r=g","width":96,"height":96,"caption":"NBAsturias"}},{"@type":"WebPage","@id":"https:\/\/eldigitaldeasturias.com\/radio\/duelo-de-tenis-aleman-entre-haas-y-struff-en-berlin\/#webpage","url":"https:\/\/eldigitaldeasturias.com\/radio\/duelo-de-tenis-aleman-entre-haas-y-struff-en-berlin\/","name":"Duelo de tenis alem\u00e1n entre Haas y Struff en Berl\u00edn | El Digital de Asturias","description":"Berl\u00edn, 16 jul (dpa) - Los alemanes Tommy Haas y Jan-Lennard Struff se enfrentar\u00e1n en el segundo torneo de exhibici\u00f3n que comienza este viernes en Berl\u00edn, anunci\u00f3 hoy el organizador del evento. Haas, de 42 a\u00f1os, y Struff, de 30, se medir\u00e1n en los cuartos de final del torneo alem\u00e1n. El ganador disputar\u00e1 las semifinales","inLanguage":"es-ES","isPartOf":{"@id":"https:\/\/eldigitaldeasturias.com\/radio\/#website"},"breadcrumb":{"@id":"https:\/\/eldigitaldeasturias.com\/radio\/duelo-de-tenis-aleman-entre-haas-y-struff-en-berlin\/#breadcrumblist"},"author":{"@id":"https:\/\/eldigitaldeasturias.com\/radio\/author\/nbasturias\/#author"},"creator":{"@id":"https:\/\/eldigitaldeasturias.com\/radio\/author\/nbasturias\/#author"},"image":{"@type":"ImageObject","url":"https:\/\/eldigitaldeasturias.com\/radio\/wp-content\/uploads\/2018\/05\/tennis-923659_960_720.jpg","@id":"https:\/\/eldigitaldeasturias.com\/radio\/duelo-de-tenis-aleman-entre-haas-y-struff-en-berlin\/#mainImage","width":960,"height":720},"primaryImageOfPage":{"@id":"https:\/\/eldigitaldeasturias.com\/radio\/duelo-de-tenis-aleman-entre-haas-y-struff-en-berlin\/#mainImage"},"datePublished":"2020-07-17T00:27:18+02:00","dateModified":"2020-07-17T00:27:18+02:00"},{"@type":"WebSite","@id":"https:\/\/eldigitaldeasturias.com\/radio\/#website","url":"https:\/\/eldigitaldeasturias.com\/radio\/","name":"El Digital de Asturias","description":"Diario de informaci\u00f3n y noticias","inLanguage":"es-ES","publisher":{"@id":"https:\/\/eldigitaldeasturias.com\/radio\/#organization"}}]},"og:locale":"es_ES","og:site_name":"El Digital de Asturias | Diario de informaci\u00f3n y noticias","og:type":"article","og:title":"Duelo de tenis alem\u00e1n entre Haas y Struff en Berl\u00edn | El Digital de Asturias","og:description":"Berl\u00edn, 16 jul (dpa) - Los alemanes Tommy Haas y Jan-Lennard Struff se enfrentar\u00e1n en el segundo torneo de exhibici\u00f3n que comienza este viernes en Berl\u00edn, anunci\u00f3 hoy el organizador del evento. Haas, de 42 a\u00f1os, y Struff, de 30, se medir\u00e1n en los cuartos de final del torneo alem\u00e1n. El ganador disputar\u00e1 las semifinales","og:url":"https:\/\/eldigitaldeasturias.com\/radio\/duelo-de-tenis-aleman-entre-haas-y-struff-en-berlin\/","og:image":"https:\/\/eldigitaldeasturias.com\/radio\/wp-content\/uploads\/2018\/05\/tennis-923659_960_720.jpg","og:image:secure_url":"https:\/\/eldigitaldeasturias.com\/radio\/wp-content\/uploads\/2018\/05\/tennis-923659_960_720.jpg","og:image:width":960,"og:image:height":720,"article:published_time":"2020-07-17T00:27:18+00:00","article:modified_time":"2020-07-17T00:27:18+00:00","twitter:card":"summary_large_image","twitter:site":"@bercodi","twitter:title":"Duelo de tenis alem\u00e1n entre Haas y Struff en Berl\u00edn | El Digital de Asturias","twitter:description":"Berl\u00edn, 16 jul (dpa) - Los alemanes Tommy Haas y Jan-Lennard Struff se enfrentar\u00e1n en el segundo torneo de exhibici\u00f3n que comienza este viernes en Berl\u00edn, anunci\u00f3 hoy el organizador del evento. Haas, de 42 a\u00f1os, y Struff, de 30, se medir\u00e1n en los cuartos de final del torneo alem\u00e1n. El ganador disputar\u00e1 las semifinales","twitter:creator":"@bercodi","twitter:image":"https:\/\/eldigitaldeasturias.com\/radio\/wp-content\/uploads\/2018\/05\/tennis-923659_960_720.jpg"},"aioseo_meta_data":{"post_id":"4756","title":null,"description":"","keywords":"","keyphrases":null,"primary_term":null,"canonical_url":"","og_title":null,"og_description":null,"og_object_type":"default","og_image_type":"default","og_image_url":null,"og_image_width":null,"og_image_height":null,"og_image_custom_url":null,"og_image_custom_fields":null,"og_video":null,"og_custom_url":null,"og_article_section":null,"og_article_tags":null,"twitter_use_og":false,"twitter_card":"default","twitter_image_type":"default","twitter_image_url":null,"twitter_image_custom_url":null,"twitter_image_custom_fields":null,"twitter_title":null,"twitter_description":null,"schema":{"blockGraphs":[],"customGraphs":[],"default":{"data":{"Article":[],"Course":[],"Dataset":[],"FAQPage":[],"Movie":[],"Person":[],"Product":[],"ProductReview":[],"Car":[],"Recipe":[],"Service":[],"SoftwareApplication":[],"WebPage":[]},"graphName":"","isEnabled":true},"graphs":[],"defaultGraph":"","defaultPostTypeGraph":""},"schema_type":null,"schema_type_options":null,"pillar_content":false,"robots_default":true,"robots_noindex":false,"robots_noarchive":false,"robots_nosnippet":false,"robots_nofollow":false,"robots_noimageindex":false,"robots_noodp":false,"robots_notranslate":false,"robots_max_snippet":null,"robots_max_videopreview":null,"robots_max_imagepreview":"large","priority":null,"frequency":null,"location":null,"local_seo":null,"seo_analyzer_scan_date":"2025-08-28 16:38:44","breadcrumb_settings":null,"limit_modified_date":false,"open_ai":null,"ai":null,"created":"2021-03-28 01:22:01","updated":"2025-08-28 16:38:44"},"aioseo_breadcrumb":"<div class=\"aioseo-breadcrumbs\"><span class=\"aioseo-breadcrumb\">\n\t<a href=\"https:\/\/eldigitaldeasturias.com\/radio\" title=\"Inicio\">Inicio<\/a>\n<\/span><span class=\"aioseo-breadcrumb-separator\">&ndash;<\/span><span class=\"aioseo-breadcrumb\">\n\t<a href=\"https:\/\/eldigitaldeasturias.com\/radio\/category\/noticias\/\" title=\"Noticias\">Noticias<\/a>\n<\/span><span class=\"aioseo-breadcrumb-separator\">&ndash;<\/span><span class=\"aioseo-breadcrumb\">\n\tDuelo de tenis alem\u00e1n entre Haas y Struff en Berl\u00edn\n<\/span><\/div>","aioseo_breadcrumb_json":[{"label":"Inicio","link":"https:\/\/eldigitaldeasturias.com\/radio"},{"label":"Noticias","link":"https:\/\/eldigitaldeasturias.com\/radio\/category\/noticias\/"},{"label":"Duelo de tenis alem\u00e1n entre Haas y Struff en Berl\u00edn","link":"https:\/\/eldigitaldeasturias.com\/radio\/duelo-de-tenis-aleman-entre-haas-y-struff-en-berlin\/"}],"_links":{"self":[{"href":"https:\/\/eldigitaldeasturias.com\/radio\/wp-json\/wp\/v2\/posts\/4756","targetHints":{"allow":["GET"]}}],"collection":[{"href":"https:\/\/eldigitaldeasturias.com\/radio\/wp-json\/wp\/v2\/posts"}],"about":[{"href":"https:\/\/eldigitaldeasturias.com\/radio\/wp-json\/wp\/v2\/types\/post"}],"author":[{"embeddable":true,"href":"https:\/\/eldigitaldeasturias.com\/radio\/wp-json\/wp\/v2\/users\/1"}],"replies":[{"embeddable":true,"href":"https:\/\/eldigitaldeasturias.com\/radio\/wp-json\/wp\/v2\/comments?post=4756"}],"version-history":[{"count":0,"href":"https:\/\/eldigitaldeasturias.com\/radio\/wp-json\/wp\/v2\/posts\/4756\/revisions"}],"wp:featuredmedia":[{"embeddable":true,"href":"https:\/\/eldigitaldeasturias.com\/radio\/wp-json\/wp\/v2\/media\/893"}],"wp:attachment":[{"href":"https:\/\/eldigitaldeasturias.com\/radio\/wp-json\/wp\/v2\/media?parent=4756"}],"wp:term":[{"taxonomy":"category","embeddable":true,"href":"https:\/\/eldigitaldeasturias.com\/radio\/wp-json\/wp\/v2\/categories?post=4756"},{"taxonomy":"post_tag","embeddable":true,"href":"https:\/\/eldigitaldeasturias.com\/radio\/wp-json\/wp\/v2\/tags?post=4756"}],"curies":[{"name":"wp","href":"https:\/\/api.w.org\/{rel}","templated":true}]}}