{"id":4754,"date":"2020-07-17T00:19:28","date_gmt":"2020-07-17T00:19:28","guid":{"rendered":"http:\/\/www.eldigitaldeasturias.com\/radio\/?p=4754"},"modified":"2020-07-17T00:19:28","modified_gmt":"2020-07-17T00:19:28","slug":"ong-alemana-reporta-cuerpo-de-migrante-a-la-deriva-en-mediterraneo","status":"publish","type":"post","link":"https:\/\/eldigitaldeasturias.com\/radio\/ong-alemana-reporta-cuerpo-de-migrante-a-la-deriva-en-mediterraneo\/","title":{"rendered":"ONG alemana reporta cuerpo de migrante a la deriva en Mediterr\u00e1neo"},"content":{"rendered":"<p><img fetchpriority=\"high\" decoding=\"async\" class=\"alignleft size-medium wp-image-1352\" src=\"http:\/\/www.eldigitaldeasturias.com\/radio\/wp-content\/uploads\/2018\/10\/technology-785742_960_720-360x240.jpg\" alt=\"\" width=\"360\" height=\"240\" srcset=\"https:\/\/eldigitaldeasturias.com\/radio\/wp-content\/uploads\/2018\/10\/technology-785742_960_720-360x240.jpg 360w, https:\/\/eldigitaldeasturias.com\/radio\/wp-content\/uploads\/2018\/10\/technology-785742_960_720-768x512.jpg 768w, https:\/\/eldigitaldeasturias.com\/radio\/wp-content\/uploads\/2018\/10\/technology-785742_960_720.jpg 960w\" sizes=\"(max-width: 360px) 100vw, 360px\" \/>Roma, 16 jul (dpa) &#8211; La organizaci\u00f3n alemana de ayuda humanitaria Sea-Watch llam\u00f3 la atenci\u00f3n en Italia con la foto de un inmigrante muerto atrapado en un bote de goma en el mar Mediterr\u00e1neo, seg\u00fan la imagen que public\u00f3 hoy el diario \u00abLa Repubblica\u00bb.<\/p>\n<p>Sea-Watch public\u00f3 la foto en su red social Twitter e inform\u00f3 que el cuerpo sin vida flot\u00f3 en el Mediterr\u00e1neo durante al menos dos semanas.<\/p>\n<p>Tanto el peri\u00f3dico italiano como algunas emisoras de televisi\u00f3n se hicieron eco de la informaci\u00f3n y mostraron la foto.<\/p>\n<p>La jefa de reconocimiento a\u00e9reo de la organizaci\u00f3n, Neeske Beckmann, inform\u00f3 que el cuerpo hab\u00eda sido visto desde el avi\u00f3n \u00abSeabird\u00bb el 29 de junio.<\/p>\n<p>\u00abNo sabemos lo qu\u00e9 pas\u00f3 all\u00ed\u00bb, dijo. Grupos privados de ayuda humanitaria como Sea-Watch observan desde el aire y en el mar a los migrantes que intentan alcanzar las costas europeas en barco para ayudar en caso de una emergencia.<\/p>\n<p>Beckmann precis\u00f3 que se ha informado a las autoridades para que se recupere el cuerpo y para averiguar si hay v\u00edctimas para rescatar del presunto accidente.<\/p>\n<p>\u00abLa Repubblica\u00bb inform\u00f3 que se comunicaron con las autoridades competentes de Libia, Malta e Italia. Sin embargo, seg\u00fan Beckmann, los equipos de Sea-Watch han identificado el cuerpo desde el aire tres veces en dos semanas.<\/p>\n<p>\u00abSi no se recuperan e identifican los cuerpos y no se informa a los familiares de la muerte para que puedan hacer su luto, y si no se deja descansar a estos muertos se demuestra que la poca dignidad que le quedaba a la Uni\u00f3n Europea (UE) se ha ahogado con estas personas en el Mediterr\u00e1neo\u00bb, destac\u00f3 Beckmann.<\/p>\n<p>Por su parte, Filippo Grandi, jefe del Alto Comisionado de las Naciones Unidas para los Refugiados (ACNUR), declar\u00f3 que la foto demostraba que el debate sobre el rescate en el mar es inmoral y repulsivo. El rescate es \u00abun deber absoluto\u00bb, subray\u00f3 en la \u00abRepubblica\u00bb.<\/p>\n<p>Seg\u00fan la agencia de protecci\u00f3n de fronteras de la UE, Frontex, en el primer semestre de 2020 se produjeron unos 36.400 cruces ilegales hacia la Uni\u00f3n Europea. En 2020 llegaron a Italia alrededor de 9.770 migrantes.<\/p>\n","protected":false},"excerpt":{"rendered":"<p>Roma, 16 jul (dpa) &#8211; La organizaci\u00f3n alemana de ayuda humanitaria Sea-Watch llam\u00f3 la atenci\u00f3n en Italia con la foto de un inmigrante muerto atrapado en un bote de goma en el mar Mediterr\u00e1neo, seg\u00fan la imagen que public\u00f3 hoy el diario \u00abLa Repubblica\u00bb. Sea-Watch public\u00f3 la foto en su red social Twitter e inform\u00f3<\/p>\n","protected":false},"author":1,"featured_media":1352,"comment_status":"closed","ping_status":"closed","sticky":false,"template":"","format":"standard","meta":{"footnotes":""},"categories":[1],"tags":[],"class_list":{"0":"post-4754","1":"post","2":"type-post","3":"status-publish","4":"format-standard","5":"has-post-thumbnail","7":"category-noticias"},"aioseo_notices":[],"aioseo_head":"\n\t\t<!-- All in One SEO Pro 4.9.6.2 - aioseo.com -->\n\t<meta name=\"description\" content=\"Roma, 16 jul (dpa) - La organizaci\u00f3n alemana de ayuda humanitaria Sea-Watch llam\u00f3 la atenci\u00f3n en Italia con la foto de un inmigrante muerto atrapado en un bote de goma en el mar Mediterr\u00e1neo, seg\u00fan la imagen que public\u00f3 hoy el diario &quot;La Repubblica&quot;. Sea-Watch public\u00f3 la foto en su red social Twitter e inform\u00f3\" \/>\n\t<meta name=\"robots\" content=\"max-image-preview:large\" \/>\n\t<meta name=\"author\" content=\"NBAsturias\"\/>\n\t<meta name=\"google-site-verification\" content=\"UA-38556648-1\" \/>\n\t<meta name=\"keywords\" content=\"noticias\" \/>\n\t<link rel=\"canonical\" href=\"https:\/\/eldigitaldeasturias.com\/radio\/ong-alemana-reporta-cuerpo-de-migrante-a-la-deriva-en-mediterraneo\/\" \/>\n\t<meta name=\"generator\" content=\"All in One SEO Pro (AIOSEO) 4.9.6.2\" \/>\n\t\t<meta property=\"og:locale\" content=\"es_ES\" \/>\n\t\t<meta property=\"og:site_name\" content=\"El Digital de Asturias | Diario de informaci\u00f3n y noticias\" \/>\n\t\t<meta property=\"og:type\" content=\"article\" \/>\n\t\t<meta property=\"og:title\" content=\"ONG alemana reporta cuerpo de migrante a la deriva en Mediterr\u00e1neo | El Digital de Asturias\" \/>\n\t\t<meta property=\"og:description\" content=\"Roma, 16 jul (dpa) - La organizaci\u00f3n alemana de ayuda humanitaria Sea-Watch llam\u00f3 la atenci\u00f3n en Italia con la foto de un inmigrante muerto atrapado en un bote de goma en el mar Mediterr\u00e1neo, seg\u00fan la imagen que public\u00f3 hoy el diario &quot;La Repubblica&quot;. Sea-Watch public\u00f3 la foto en su red social Twitter e inform\u00f3\" \/>\n\t\t<meta property=\"og:url\" content=\"https:\/\/eldigitaldeasturias.com\/radio\/ong-alemana-reporta-cuerpo-de-migrante-a-la-deriva-en-mediterraneo\/\" \/>\n\t\t<meta property=\"og:image\" content=\"https:\/\/eldigitaldeasturias.com\/radio\/wp-content\/uploads\/2018\/10\/technology-785742_960_720.jpg\" \/>\n\t\t<meta property=\"og:image:secure_url\" content=\"https:\/\/eldigitaldeasturias.com\/radio\/wp-content\/uploads\/2018\/10\/technology-785742_960_720.jpg\" \/>\n\t\t<meta property=\"og:image:width\" content=\"960\" \/>\n\t\t<meta property=\"og:image:height\" content=\"640\" \/>\n\t\t<meta property=\"article:published_time\" content=\"2020-07-17T00:19:28+00:00\" \/>\n\t\t<meta property=\"article:modified_time\" content=\"2020-07-17T00:19:28+00:00\" \/>\n\t\t<meta name=\"twitter:card\" content=\"summary_large_image\" \/>\n\t\t<meta name=\"twitter:site\" content=\"@bercodi\" \/>\n\t\t<meta name=\"twitter:title\" content=\"ONG alemana reporta cuerpo de migrante a la deriva en Mediterr\u00e1neo | El Digital de Asturias\" \/>\n\t\t<meta name=\"twitter:description\" content=\"Roma, 16 jul (dpa) - La organizaci\u00f3n alemana de ayuda humanitaria Sea-Watch llam\u00f3 la atenci\u00f3n en Italia con la foto de un inmigrante muerto atrapado en un bote de goma en el mar Mediterr\u00e1neo, seg\u00fan la imagen que public\u00f3 hoy el diario &quot;La Repubblica&quot;. Sea-Watch public\u00f3 la foto en su red social Twitter e inform\u00f3\" \/>\n\t\t<meta name=\"twitter:creator\" content=\"@bercodi\" \/>\n\t\t<meta name=\"twitter:image\" content=\"https:\/\/eldigitaldeasturias.com\/radio\/wp-content\/uploads\/2018\/10\/technology-785742_960_720.jpg\" \/>\n\t\t<script type=\"application\/ld+json\" class=\"aioseo-schema\">\n\t\t\t{\"@context\":\"https:\\\/\\\/schema.org\",\"@graph\":[{\"@type\":\"BreadcrumbList\",\"@id\":\"https:\\\/\\\/eldigitaldeasturias.com\\\/radio\\\/ong-alemana-reporta-cuerpo-de-migrante-a-la-deriva-en-mediterraneo\\\/#breadcrumblist\",\"itemListElement\":[{\"@type\":\"ListItem\",\"@id\":\"https:\\\/\\\/eldigitaldeasturias.com\\\/radio#listItem\",\"position\":1,\"name\":\"Inicio\",\"item\":\"https:\\\/\\\/eldigitaldeasturias.com\\\/radio\",\"nextItem\":{\"@type\":\"ListItem\",\"@id\":\"https:\\\/\\\/eldigitaldeasturias.com\\\/radio\\\/category\\\/noticias\\\/#listItem\",\"name\":\"Noticias\"}},{\"@type\":\"ListItem\",\"@id\":\"https:\\\/\\\/eldigitaldeasturias.com\\\/radio\\\/category\\\/noticias\\\/#listItem\",\"position\":2,\"name\":\"Noticias\",\"item\":\"https:\\\/\\\/eldigitaldeasturias.com\\\/radio\\\/category\\\/noticias\\\/\",\"nextItem\":{\"@type\":\"ListItem\",\"@id\":\"https:\\\/\\\/eldigitaldeasturias.com\\\/radio\\\/ong-alemana-reporta-cuerpo-de-migrante-a-la-deriva-en-mediterraneo\\\/#listItem\",\"name\":\"ONG alemana reporta cuerpo de migrante a la deriva en Mediterr\\u00e1neo\"},\"previousItem\":{\"@type\":\"ListItem\",\"@id\":\"https:\\\/\\\/eldigitaldeasturias.com\\\/radio#listItem\",\"name\":\"Inicio\"}},{\"@type\":\"ListItem\",\"@id\":\"https:\\\/\\\/eldigitaldeasturias.com\\\/radio\\\/ong-alemana-reporta-cuerpo-de-migrante-a-la-deriva-en-mediterraneo\\\/#listItem\",\"position\":3,\"name\":\"ONG alemana reporta cuerpo de migrante a la deriva en Mediterr\\u00e1neo\",\"previousItem\":{\"@type\":\"ListItem\",\"@id\":\"https:\\\/\\\/eldigitaldeasturias.com\\\/radio\\\/category\\\/noticias\\\/#listItem\",\"name\":\"Noticias\"}}]},{\"@type\":\"NewsArticle\",\"@id\":\"https:\\\/\\\/eldigitaldeasturias.com\\\/radio\\\/ong-alemana-reporta-cuerpo-de-migrante-a-la-deriva-en-mediterraneo\\\/#newsarticle\",\"name\":\"ONG alemana reporta cuerpo de migrante a la deriva en Mediterr\\u00e1neo | El Digital de Asturias\",\"headline\":\"ONG alemana reporta cuerpo de migrante a la deriva en Mediterr\\u00e1neo\",\"author\":{\"@id\":\"https:\\\/\\\/eldigitaldeasturias.com\\\/radio\\\/author\\\/nbasturias\\\/#author\"},\"publisher\":{\"@id\":\"https:\\\/\\\/eldigitaldeasturias.com\\\/radio\\\/#organization\"},\"image\":{\"@type\":\"ImageObject\",\"url\":\"https:\\\/\\\/eldigitaldeasturias.com\\\/radio\\\/wp-content\\\/uploads\\\/2018\\\/10\\\/technology-785742_960_720.jpg\",\"width\":960,\"height\":640},\"datePublished\":\"2020-07-17T00:19:28+02:00\",\"dateModified\":\"2020-07-17T00:19:28+02:00\",\"inLanguage\":\"es-ES\",\"mainEntityOfPage\":{\"@id\":\"https:\\\/\\\/eldigitaldeasturias.com\\\/radio\\\/ong-alemana-reporta-cuerpo-de-migrante-a-la-deriva-en-mediterraneo\\\/#webpage\"},\"isPartOf\":{\"@id\":\"https:\\\/\\\/eldigitaldeasturias.com\\\/radio\\\/ong-alemana-reporta-cuerpo-de-migrante-a-la-deriva-en-mediterraneo\\\/#webpage\"},\"articleSection\":\"Noticias\",\"dateline\":\"Publicado el julio 17, 2020.\"},{\"@type\":\"Organization\",\"@id\":\"https:\\\/\\\/eldigitaldeasturias.com\\\/radio\\\/#organization\",\"name\":\"El digital de Asturias Radio\",\"description\":\"Diario de informaci\\u00f3n y noticias\",\"url\":\"https:\\\/\\\/eldigitaldeasturias.com\\\/radio\\\/\",\"telephone\":\"+34652131393\",\"logo\":{\"@type\":\"ImageObject\",\"url\":\"https:\\\/\\\/www.eldigitaldeasturias.com\\\/radio\\\/wp-content\\\/uploads\\\/2021\\\/03\\\/EDA.jpg\",\"@id\":\"https:\\\/\\\/eldigitaldeasturias.com\\\/radio\\\/ong-alemana-reporta-cuerpo-de-migrante-a-la-deriva-en-mediterraneo\\\/#organizationLogo\"},\"image\":{\"@id\":\"https:\\\/\\\/eldigitaldeasturias.com\\\/radio\\\/ong-alemana-reporta-cuerpo-de-migrante-a-la-deriva-en-mediterraneo\\\/#organizationLogo\"},\"sameAs\":[\"https:\\\/\\\/www.facebook.com\\\/\",\"https:\\\/\\\/x.com\\\/bercodi\",\"https:\\\/\\\/www.instagram.com\\\/\",\"https:\\\/\\\/www.youtube.com\\\/channel\\\/UCZP-2wLEB9Rv6erhFmqVnvg\"]},{\"@type\":\"Person\",\"@id\":\"https:\\\/\\\/eldigitaldeasturias.com\\\/radio\\\/author\\\/nbasturias\\\/#author\",\"url\":\"https:\\\/\\\/eldigitaldeasturias.com\\\/radio\\\/author\\\/nbasturias\\\/\",\"name\":\"NBAsturias\",\"image\":{\"@type\":\"ImageObject\",\"@id\":\"https:\\\/\\\/eldigitaldeasturias.com\\\/radio\\\/ong-alemana-reporta-cuerpo-de-migrante-a-la-deriva-en-mediterraneo\\\/#authorImage\",\"url\":\"https:\\\/\\\/secure.gravatar.com\\\/avatar\\\/df2aeffc32bcd13f8d26072ef8a91b623d677766deac7f97ca815868cd41bf5e?s=96&d=mm&r=g\",\"width\":96,\"height\":96,\"caption\":\"NBAsturias\"}},{\"@type\":\"WebPage\",\"@id\":\"https:\\\/\\\/eldigitaldeasturias.com\\\/radio\\\/ong-alemana-reporta-cuerpo-de-migrante-a-la-deriva-en-mediterraneo\\\/#webpage\",\"url\":\"https:\\\/\\\/eldigitaldeasturias.com\\\/radio\\\/ong-alemana-reporta-cuerpo-de-migrante-a-la-deriva-en-mediterraneo\\\/\",\"name\":\"ONG alemana reporta cuerpo de migrante a la deriva en Mediterr\\u00e1neo | El Digital de Asturias\",\"description\":\"Roma, 16 jul (dpa) - La organizaci\\u00f3n alemana de ayuda humanitaria Sea-Watch llam\\u00f3 la atenci\\u00f3n en Italia con la foto de un inmigrante muerto atrapado en un bote de goma en el mar Mediterr\\u00e1neo, seg\\u00fan la imagen que public\\u00f3 hoy el diario \\\"La Repubblica\\\". Sea-Watch public\\u00f3 la foto en su red social Twitter e inform\\u00f3\",\"inLanguage\":\"es-ES\",\"isPartOf\":{\"@id\":\"https:\\\/\\\/eldigitaldeasturias.com\\\/radio\\\/#website\"},\"breadcrumb\":{\"@id\":\"https:\\\/\\\/eldigitaldeasturias.com\\\/radio\\\/ong-alemana-reporta-cuerpo-de-migrante-a-la-deriva-en-mediterraneo\\\/#breadcrumblist\"},\"author\":{\"@id\":\"https:\\\/\\\/eldigitaldeasturias.com\\\/radio\\\/author\\\/nbasturias\\\/#author\"},\"creator\":{\"@id\":\"https:\\\/\\\/eldigitaldeasturias.com\\\/radio\\\/author\\\/nbasturias\\\/#author\"},\"image\":{\"@type\":\"ImageObject\",\"url\":\"https:\\\/\\\/eldigitaldeasturias.com\\\/radio\\\/wp-content\\\/uploads\\\/2018\\\/10\\\/technology-785742_960_720.jpg\",\"@id\":\"https:\\\/\\\/eldigitaldeasturias.com\\\/radio\\\/ong-alemana-reporta-cuerpo-de-migrante-a-la-deriva-en-mediterraneo\\\/#mainImage\",\"width\":960,\"height\":640},\"primaryImageOfPage\":{\"@id\":\"https:\\\/\\\/eldigitaldeasturias.com\\\/radio\\\/ong-alemana-reporta-cuerpo-de-migrante-a-la-deriva-en-mediterraneo\\\/#mainImage\"},\"datePublished\":\"2020-07-17T00:19:28+02:00\",\"dateModified\":\"2020-07-17T00:19:28+02:00\"},{\"@type\":\"WebSite\",\"@id\":\"https:\\\/\\\/eldigitaldeasturias.com\\\/radio\\\/#website\",\"url\":\"https:\\\/\\\/eldigitaldeasturias.com\\\/radio\\\/\",\"name\":\"El Digital de Asturias\",\"description\":\"Diario de informaci\\u00f3n y noticias\",\"inLanguage\":\"es-ES\",\"publisher\":{\"@id\":\"https:\\\/\\\/eldigitaldeasturias.com\\\/radio\\\/#organization\"}}]}\n\t\t<\/script>\n\t\t<!-- All in One SEO Pro -->\r\n\t\t<title>ONG alemana reporta cuerpo de migrante a la deriva en Mediterr\u00e1neo | El Digital de Asturias<\/title>\n\n","aioseo_head_json":{"title":"ONG alemana reporta cuerpo de migrante a la deriva en Mediterr\u00e1neo | El Digital de Asturias","description":"Roma, 16 jul (dpa) - La organizaci\u00f3n alemana de ayuda humanitaria Sea-Watch llam\u00f3 la atenci\u00f3n en Italia con la foto de un inmigrante muerto atrapado en un bote de goma en el mar Mediterr\u00e1neo, seg\u00fan la imagen que public\u00f3 hoy el diario \"La Repubblica\". Sea-Watch public\u00f3 la foto en su red social Twitter e inform\u00f3","canonical_url":"https:\/\/eldigitaldeasturias.com\/radio\/ong-alemana-reporta-cuerpo-de-migrante-a-la-deriva-en-mediterraneo\/","robots":"max-image-preview:large","keywords":"noticias","webmasterTools":{"google-site-verification":"UA-38556648-1","miscellaneous":""},"schema":{"@context":"https:\/\/schema.org","@graph":[{"@type":"BreadcrumbList","@id":"https:\/\/eldigitaldeasturias.com\/radio\/ong-alemana-reporta-cuerpo-de-migrante-a-la-deriva-en-mediterraneo\/#breadcrumblist","itemListElement":[{"@type":"ListItem","@id":"https:\/\/eldigitaldeasturias.com\/radio#listItem","position":1,"name":"Inicio","item":"https:\/\/eldigitaldeasturias.com\/radio","nextItem":{"@type":"ListItem","@id":"https:\/\/eldigitaldeasturias.com\/radio\/category\/noticias\/#listItem","name":"Noticias"}},{"@type":"ListItem","@id":"https:\/\/eldigitaldeasturias.com\/radio\/category\/noticias\/#listItem","position":2,"name":"Noticias","item":"https:\/\/eldigitaldeasturias.com\/radio\/category\/noticias\/","nextItem":{"@type":"ListItem","@id":"https:\/\/eldigitaldeasturias.com\/radio\/ong-alemana-reporta-cuerpo-de-migrante-a-la-deriva-en-mediterraneo\/#listItem","name":"ONG alemana reporta cuerpo de migrante a la deriva en Mediterr\u00e1neo"},"previousItem":{"@type":"ListItem","@id":"https:\/\/eldigitaldeasturias.com\/radio#listItem","name":"Inicio"}},{"@type":"ListItem","@id":"https:\/\/eldigitaldeasturias.com\/radio\/ong-alemana-reporta-cuerpo-de-migrante-a-la-deriva-en-mediterraneo\/#listItem","position":3,"name":"ONG alemana reporta cuerpo de migrante a la deriva en Mediterr\u00e1neo","previousItem":{"@type":"ListItem","@id":"https:\/\/eldigitaldeasturias.com\/radio\/category\/noticias\/#listItem","name":"Noticias"}}]},{"@type":"NewsArticle","@id":"https:\/\/eldigitaldeasturias.com\/radio\/ong-alemana-reporta-cuerpo-de-migrante-a-la-deriva-en-mediterraneo\/#newsarticle","name":"ONG alemana reporta cuerpo de migrante a la deriva en Mediterr\u00e1neo | El Digital de Asturias","headline":"ONG alemana reporta cuerpo de migrante a la deriva en Mediterr\u00e1neo","author":{"@id":"https:\/\/eldigitaldeasturias.com\/radio\/author\/nbasturias\/#author"},"publisher":{"@id":"https:\/\/eldigitaldeasturias.com\/radio\/#organization"},"image":{"@type":"ImageObject","url":"https:\/\/eldigitaldeasturias.com\/radio\/wp-content\/uploads\/2018\/10\/technology-785742_960_720.jpg","width":960,"height":640},"datePublished":"2020-07-17T00:19:28+02:00","dateModified":"2020-07-17T00:19:28+02:00","inLanguage":"es-ES","mainEntityOfPage":{"@id":"https:\/\/eldigitaldeasturias.com\/radio\/ong-alemana-reporta-cuerpo-de-migrante-a-la-deriva-en-mediterraneo\/#webpage"},"isPartOf":{"@id":"https:\/\/eldigitaldeasturias.com\/radio\/ong-alemana-reporta-cuerpo-de-migrante-a-la-deriva-en-mediterraneo\/#webpage"},"articleSection":"Noticias","dateline":"Publicado el julio 17, 2020."},{"@type":"Organization","@id":"https:\/\/eldigitaldeasturias.com\/radio\/#organization","name":"El digital de Asturias Radio","description":"Diario de informaci\u00f3n y noticias","url":"https:\/\/eldigitaldeasturias.com\/radio\/","telephone":"+34652131393","logo":{"@type":"ImageObject","url":"https:\/\/www.eldigitaldeasturias.com\/radio\/wp-content\/uploads\/2021\/03\/EDA.jpg","@id":"https:\/\/eldigitaldeasturias.com\/radio\/ong-alemana-reporta-cuerpo-de-migrante-a-la-deriva-en-mediterraneo\/#organizationLogo"},"image":{"@id":"https:\/\/eldigitaldeasturias.com\/radio\/ong-alemana-reporta-cuerpo-de-migrante-a-la-deriva-en-mediterraneo\/#organizationLogo"},"sameAs":["https:\/\/www.facebook.com\/","https:\/\/x.com\/bercodi","https:\/\/www.instagram.com\/","https:\/\/www.youtube.com\/channel\/UCZP-2wLEB9Rv6erhFmqVnvg"]},{"@type":"Person","@id":"https:\/\/eldigitaldeasturias.com\/radio\/author\/nbasturias\/#author","url":"https:\/\/eldigitaldeasturias.com\/radio\/author\/nbasturias\/","name":"NBAsturias","image":{"@type":"ImageObject","@id":"https:\/\/eldigitaldeasturias.com\/radio\/ong-alemana-reporta-cuerpo-de-migrante-a-la-deriva-en-mediterraneo\/#authorImage","url":"https:\/\/secure.gravatar.com\/avatar\/df2aeffc32bcd13f8d26072ef8a91b623d677766deac7f97ca815868cd41bf5e?s=96&d=mm&r=g","width":96,"height":96,"caption":"NBAsturias"}},{"@type":"WebPage","@id":"https:\/\/eldigitaldeasturias.com\/radio\/ong-alemana-reporta-cuerpo-de-migrante-a-la-deriva-en-mediterraneo\/#webpage","url":"https:\/\/eldigitaldeasturias.com\/radio\/ong-alemana-reporta-cuerpo-de-migrante-a-la-deriva-en-mediterraneo\/","name":"ONG alemana reporta cuerpo de migrante a la deriva en Mediterr\u00e1neo | El Digital de Asturias","description":"Roma, 16 jul (dpa) - La organizaci\u00f3n alemana de ayuda humanitaria Sea-Watch llam\u00f3 la atenci\u00f3n en Italia con la foto de un inmigrante muerto atrapado en un bote de goma en el mar Mediterr\u00e1neo, seg\u00fan la imagen que public\u00f3 hoy el diario \"La Repubblica\". Sea-Watch public\u00f3 la foto en su red social Twitter e inform\u00f3","inLanguage":"es-ES","isPartOf":{"@id":"https:\/\/eldigitaldeasturias.com\/radio\/#website"},"breadcrumb":{"@id":"https:\/\/eldigitaldeasturias.com\/radio\/ong-alemana-reporta-cuerpo-de-migrante-a-la-deriva-en-mediterraneo\/#breadcrumblist"},"author":{"@id":"https:\/\/eldigitaldeasturias.com\/radio\/author\/nbasturias\/#author"},"creator":{"@id":"https:\/\/eldigitaldeasturias.com\/radio\/author\/nbasturias\/#author"},"image":{"@type":"ImageObject","url":"https:\/\/eldigitaldeasturias.com\/radio\/wp-content\/uploads\/2018\/10\/technology-785742_960_720.jpg","@id":"https:\/\/eldigitaldeasturias.com\/radio\/ong-alemana-reporta-cuerpo-de-migrante-a-la-deriva-en-mediterraneo\/#mainImage","width":960,"height":640},"primaryImageOfPage":{"@id":"https:\/\/eldigitaldeasturias.com\/radio\/ong-alemana-reporta-cuerpo-de-migrante-a-la-deriva-en-mediterraneo\/#mainImage"},"datePublished":"2020-07-17T00:19:28+02:00","dateModified":"2020-07-17T00:19:28+02:00"},{"@type":"WebSite","@id":"https:\/\/eldigitaldeasturias.com\/radio\/#website","url":"https:\/\/eldigitaldeasturias.com\/radio\/","name":"El Digital de Asturias","description":"Diario de informaci\u00f3n y noticias","inLanguage":"es-ES","publisher":{"@id":"https:\/\/eldigitaldeasturias.com\/radio\/#organization"}}]},"og:locale":"es_ES","og:site_name":"El Digital de Asturias | Diario de informaci\u00f3n y noticias","og:type":"article","og:title":"ONG alemana reporta cuerpo de migrante a la deriva en Mediterr\u00e1neo | El Digital de Asturias","og:description":"Roma, 16 jul (dpa) - La organizaci\u00f3n alemana de ayuda humanitaria Sea-Watch llam\u00f3 la atenci\u00f3n en Italia con la foto de un inmigrante muerto atrapado en un bote de goma en el mar Mediterr\u00e1neo, seg\u00fan la imagen que public\u00f3 hoy el diario &quot;La Repubblica&quot;. Sea-Watch public\u00f3 la foto en su red social Twitter e inform\u00f3","og:url":"https:\/\/eldigitaldeasturias.com\/radio\/ong-alemana-reporta-cuerpo-de-migrante-a-la-deriva-en-mediterraneo\/","og:image":"https:\/\/eldigitaldeasturias.com\/radio\/wp-content\/uploads\/2018\/10\/technology-785742_960_720.jpg","og:image:secure_url":"https:\/\/eldigitaldeasturias.com\/radio\/wp-content\/uploads\/2018\/10\/technology-785742_960_720.jpg","og:image:width":960,"og:image:height":640,"article:published_time":"2020-07-17T00:19:28+00:00","article:modified_time":"2020-07-17T00:19:28+00:00","twitter:card":"summary_large_image","twitter:site":"@bercodi","twitter:title":"ONG alemana reporta cuerpo de migrante a la deriva en Mediterr\u00e1neo | El Digital de Asturias","twitter:description":"Roma, 16 jul (dpa) - La organizaci\u00f3n alemana de ayuda humanitaria Sea-Watch llam\u00f3 la atenci\u00f3n en Italia con la foto de un inmigrante muerto atrapado en un bote de goma en el mar Mediterr\u00e1neo, seg\u00fan la imagen que public\u00f3 hoy el diario &quot;La Repubblica&quot;. Sea-Watch public\u00f3 la foto en su red social Twitter e inform\u00f3","twitter:creator":"@bercodi","twitter:image":"https:\/\/eldigitaldeasturias.com\/radio\/wp-content\/uploads\/2018\/10\/technology-785742_960_720.jpg"},"aioseo_meta_data":{"post_id":"4754","title":null,"description":"","keywords":"","keyphrases":null,"primary_term":null,"canonical_url":"","og_title":null,"og_description":null,"og_object_type":"default","og_image_type":"default","og_image_url":null,"og_image_width":null,"og_image_height":null,"og_image_custom_url":null,"og_image_custom_fields":null,"og_video":null,"og_custom_url":null,"og_article_section":null,"og_article_tags":null,"twitter_use_og":false,"twitter_card":"default","twitter_image_type":"default","twitter_image_url":null,"twitter_image_custom_url":null,"twitter_image_custom_fields":null,"twitter_title":null,"twitter_description":null,"schema":{"blockGraphs":[],"customGraphs":[],"default":{"data":{"Article":[],"Course":[],"Dataset":[],"FAQPage":[],"Movie":[],"Person":[],"Product":[],"ProductReview":[],"Car":[],"Recipe":[],"Service":[],"SoftwareApplication":[],"WebPage":[]},"graphName":"","isEnabled":true},"graphs":[],"defaultGraph":"","defaultPostTypeGraph":""},"schema_type":null,"schema_type_options":null,"pillar_content":false,"robots_default":true,"robots_noindex":false,"robots_noarchive":false,"robots_nosnippet":false,"robots_nofollow":false,"robots_noimageindex":false,"robots_noodp":false,"robots_notranslate":false,"robots_max_snippet":null,"robots_max_videopreview":null,"robots_max_imagepreview":"large","priority":null,"frequency":null,"location":null,"local_seo":null,"seo_analyzer_scan_date":"2025-08-28 16:38:43","breadcrumb_settings":null,"limit_modified_date":false,"open_ai":null,"ai":null,"created":"2021-03-27 19:37:37","updated":"2025-08-28 16:38:43"},"aioseo_breadcrumb":"<div class=\"aioseo-breadcrumbs\"><span class=\"aioseo-breadcrumb\">\n\t<a href=\"https:\/\/eldigitaldeasturias.com\/radio\" title=\"Inicio\">Inicio<\/a>\n<\/span><span class=\"aioseo-breadcrumb-separator\">&ndash;<\/span><span class=\"aioseo-breadcrumb\">\n\t<a href=\"https:\/\/eldigitaldeasturias.com\/radio\/category\/noticias\/\" title=\"Noticias\">Noticias<\/a>\n<\/span><span class=\"aioseo-breadcrumb-separator\">&ndash;<\/span><span class=\"aioseo-breadcrumb\">\n\tONG alemana reporta cuerpo de migrante a la deriva en Mediterr\u00e1neo\n<\/span><\/div>","aioseo_breadcrumb_json":[{"label":"Inicio","link":"https:\/\/eldigitaldeasturias.com\/radio"},{"label":"Noticias","link":"https:\/\/eldigitaldeasturias.com\/radio\/category\/noticias\/"},{"label":"ONG alemana reporta cuerpo de migrante a la deriva en Mediterr\u00e1neo","link":"https:\/\/eldigitaldeasturias.com\/radio\/ong-alemana-reporta-cuerpo-de-migrante-a-la-deriva-en-mediterraneo\/"}],"_links":{"self":[{"href":"https:\/\/eldigitaldeasturias.com\/radio\/wp-json\/wp\/v2\/posts\/4754","targetHints":{"allow":["GET"]}}],"collection":[{"href":"https:\/\/eldigitaldeasturias.com\/radio\/wp-json\/wp\/v2\/posts"}],"about":[{"href":"https:\/\/eldigitaldeasturias.com\/radio\/wp-json\/wp\/v2\/types\/post"}],"author":[{"embeddable":true,"href":"https:\/\/eldigitaldeasturias.com\/radio\/wp-json\/wp\/v2\/users\/1"}],"replies":[{"embeddable":true,"href":"https:\/\/eldigitaldeasturias.com\/radio\/wp-json\/wp\/v2\/comments?post=4754"}],"version-history":[{"count":0,"href":"https:\/\/eldigitaldeasturias.com\/radio\/wp-json\/wp\/v2\/posts\/4754\/revisions"}],"wp:featuredmedia":[{"embeddable":true,"href":"https:\/\/eldigitaldeasturias.com\/radio\/wp-json\/wp\/v2\/media\/1352"}],"wp:attachment":[{"href":"https:\/\/eldigitaldeasturias.com\/radio\/wp-json\/wp\/v2\/media?parent=4754"}],"wp:term":[{"taxonomy":"category","embeddable":true,"href":"https:\/\/eldigitaldeasturias.com\/radio\/wp-json\/wp\/v2\/categories?post=4754"},{"taxonomy":"post_tag","embeddable":true,"href":"https:\/\/eldigitaldeasturias.com\/radio\/wp-json\/wp\/v2\/tags?post=4754"}],"curies":[{"name":"wp","href":"https:\/\/api.w.org\/{rel}","templated":true}]}}