{"id":4750,"date":"2020-07-17T00:17:23","date_gmt":"2020-07-17T00:17:23","guid":{"rendered":"http:\/\/www.eldigitaldeasturias.com\/radio\/?p=4750"},"modified":"2020-07-17T00:17:23","modified_gmt":"2020-07-17T00:17:23","slug":"merkel-y-abe-comparten-su-preocupacion-por-hong-kong","status":"publish","type":"post","link":"https:\/\/eldigitaldeasturias.com\/radio\/merkel-y-abe-comparten-su-preocupacion-por-hong-kong\/","title":{"rendered":"Merkel y Abe comparten su preocupaci\u00f3n por Hong Kong"},"content":{"rendered":"<p><img fetchpriority=\"high\" decoding=\"async\" class=\"alignleft size-medium wp-image-1352\" src=\"http:\/\/www.eldigitaldeasturias.com\/radio\/wp-content\/uploads\/2018\/10\/technology-785742_960_720-360x240.jpg\" alt=\"\" width=\"360\" height=\"240\" srcset=\"https:\/\/eldigitaldeasturias.com\/radio\/wp-content\/uploads\/2018\/10\/technology-785742_960_720-360x240.jpg 360w, https:\/\/eldigitaldeasturias.com\/radio\/wp-content\/uploads\/2018\/10\/technology-785742_960_720-768x512.jpg 768w, https:\/\/eldigitaldeasturias.com\/radio\/wp-content\/uploads\/2018\/10\/technology-785742_960_720.jpg 960w\" sizes=\"(max-width: 360px) 100vw, 360px\" \/>Berl\u00edn, 16 jul (dpa) &#8211; La canciller alemana, Angela Merkel, y el jefe de Gobierno japon\u00e9s, Shinzo Abe, compartieron hoy su preocupaci\u00f3n por la situaci\u00f3n de Hong Kong.<\/p>\n<p>\u00abLa autonom\u00eda de Hong Kong podr\u00eda ser socavada con la introducci\u00f3n de la ley de seguridad nacional\u00bb, dijo el portavoz del Gobierno alem\u00e1n, Steffen Seibert, despu\u00e9s de una videoconferencia entre Merkel y Abe.<\/p>\n<p>A pesar de las cr\u00edticas masivas en todo el mundo, Pek\u00edn aprob\u00f3 una nueva ley de seguridad a finales de junio. En Hong Kong, esta normativa se dirige contra las actividades que China considera subversivas, separatistas o terroristas. Tambi\u00e9n tiene por objeto castigar \u00abpactos secretos\u00bb con fuerzas del extranjero.<\/p>\n<p>Los cr\u00edticos temen que se ponga fin al principio de \u00abun pa\u00eds, dos sistemas\u00bb, en virtud del cual la antigua colonia brit\u00e1nica se ha administrado de manera aut\u00f3noma y con sus propias libertades desde su devoluci\u00f3n a China en 1997.<\/p>\n<p>En respuesta a la ley tambi\u00e9n se hab\u00edan pedido sanciones econ\u00f3micas contra China. Por su parte, el experto en pol\u00edtica exterior de la Uni\u00f3n Dem\u00f3crata Cristiana (CDU), Norbert R\u00f6ttgen, se opuso a esta demanda.<\/p>\n<p>China es \u00abdemasiado grande, demasiado fuerte econ\u00f3micamente y demasiado avanzada tecnol\u00f3gicamente para que nuestras sanciones tengan alg\u00fan efecto\u00bb, dijo el candidato a la presidencia del partido conservador a la red editorial<\/p>\n","protected":false},"excerpt":{"rendered":"<p>Berl\u00edn, 16 jul (dpa) &#8211; La canciller alemana, Angela Merkel, y el jefe de Gobierno japon\u00e9s, Shinzo Abe, compartieron hoy su preocupaci\u00f3n por la situaci\u00f3n de Hong Kong. \u00abLa autonom\u00eda de Hong Kong podr\u00eda ser socavada con la introducci\u00f3n de la ley de seguridad nacional\u00bb, dijo el portavoz del Gobierno alem\u00e1n, Steffen Seibert, despu\u00e9s de<\/p>\n","protected":false},"author":1,"featured_media":1352,"comment_status":"closed","ping_status":"closed","sticky":false,"template":"","format":"standard","meta":{"footnotes":""},"categories":[1],"tags":[],"class_list":{"0":"post-4750","1":"post","2":"type-post","3":"status-publish","4":"format-standard","5":"has-post-thumbnail","7":"category-noticias"},"aioseo_notices":[],"aioseo_head":"\n\t\t<!-- All in One SEO Pro 4.9.6.2 - aioseo.com -->\n\t<meta name=\"description\" content=\"Berl\u00edn, 16 jul (dpa) - La canciller alemana, Angela Merkel, y el jefe de Gobierno japon\u00e9s, Shinzo Abe, compartieron hoy su preocupaci\u00f3n por la situaci\u00f3n de Hong Kong. &quot;La autonom\u00eda de Hong Kong podr\u00eda ser socavada con la introducci\u00f3n de la ley de seguridad nacional&quot;, dijo el portavoz del Gobierno alem\u00e1n, Steffen Seibert, despu\u00e9s de\" \/>\n\t<meta name=\"robots\" content=\"max-image-preview:large\" \/>\n\t<meta name=\"author\" content=\"NBAsturias\"\/>\n\t<meta name=\"google-site-verification\" content=\"UA-38556648-1\" \/>\n\t<meta name=\"keywords\" content=\"noticias\" \/>\n\t<link rel=\"canonical\" href=\"https:\/\/eldigitaldeasturias.com\/radio\/merkel-y-abe-comparten-su-preocupacion-por-hong-kong\/\" \/>\n\t<meta name=\"generator\" content=\"All in One SEO Pro (AIOSEO) 4.9.6.2\" \/>\n\t\t<meta property=\"og:locale\" content=\"es_ES\" \/>\n\t\t<meta property=\"og:site_name\" content=\"El Digital de Asturias | Diario de informaci\u00f3n y noticias\" \/>\n\t\t<meta property=\"og:type\" content=\"article\" \/>\n\t\t<meta property=\"og:title\" content=\"Merkel y Abe comparten su preocupaci\u00f3n por Hong Kong | El Digital de Asturias\" \/>\n\t\t<meta property=\"og:description\" content=\"Berl\u00edn, 16 jul (dpa) - La canciller alemana, Angela Merkel, y el jefe de Gobierno japon\u00e9s, Shinzo Abe, compartieron hoy su preocupaci\u00f3n por la situaci\u00f3n de Hong Kong. &quot;La autonom\u00eda de Hong Kong podr\u00eda ser socavada con la introducci\u00f3n de la ley de seguridad nacional&quot;, dijo el portavoz del Gobierno alem\u00e1n, Steffen Seibert, despu\u00e9s de\" \/>\n\t\t<meta property=\"og:url\" content=\"https:\/\/eldigitaldeasturias.com\/radio\/merkel-y-abe-comparten-su-preocupacion-por-hong-kong\/\" \/>\n\t\t<meta property=\"og:image\" content=\"https:\/\/eldigitaldeasturias.com\/radio\/wp-content\/uploads\/2018\/10\/technology-785742_960_720.jpg\" \/>\n\t\t<meta property=\"og:image:secure_url\" content=\"https:\/\/eldigitaldeasturias.com\/radio\/wp-content\/uploads\/2018\/10\/technology-785742_960_720.jpg\" \/>\n\t\t<meta property=\"og:image:width\" content=\"960\" \/>\n\t\t<meta property=\"og:image:height\" content=\"640\" \/>\n\t\t<meta property=\"article:published_time\" content=\"2020-07-17T00:17:23+00:00\" \/>\n\t\t<meta property=\"article:modified_time\" content=\"2020-07-17T00:17:23+00:00\" \/>\n\t\t<meta name=\"twitter:card\" content=\"summary_large_image\" \/>\n\t\t<meta name=\"twitter:site\" content=\"@bercodi\" \/>\n\t\t<meta name=\"twitter:title\" content=\"Merkel y Abe comparten su preocupaci\u00f3n por Hong Kong | El Digital de Asturias\" \/>\n\t\t<meta name=\"twitter:description\" content=\"Berl\u00edn, 16 jul (dpa) - La canciller alemana, Angela Merkel, y el jefe de Gobierno japon\u00e9s, Shinzo Abe, compartieron hoy su preocupaci\u00f3n por la situaci\u00f3n de Hong Kong. &quot;La autonom\u00eda de Hong Kong podr\u00eda ser socavada con la introducci\u00f3n de la ley de seguridad nacional&quot;, dijo el portavoz del Gobierno alem\u00e1n, Steffen Seibert, despu\u00e9s de\" \/>\n\t\t<meta name=\"twitter:creator\" content=\"@bercodi\" \/>\n\t\t<meta name=\"twitter:image\" content=\"https:\/\/eldigitaldeasturias.com\/radio\/wp-content\/uploads\/2018\/10\/technology-785742_960_720.jpg\" \/>\n\t\t<script type=\"application\/ld+json\" class=\"aioseo-schema\">\n\t\t\t{\"@context\":\"https:\\\/\\\/schema.org\",\"@graph\":[{\"@type\":\"BreadcrumbList\",\"@id\":\"https:\\\/\\\/eldigitaldeasturias.com\\\/radio\\\/merkel-y-abe-comparten-su-preocupacion-por-hong-kong\\\/#breadcrumblist\",\"itemListElement\":[{\"@type\":\"ListItem\",\"@id\":\"https:\\\/\\\/eldigitaldeasturias.com\\\/radio#listItem\",\"position\":1,\"name\":\"Inicio\",\"item\":\"https:\\\/\\\/eldigitaldeasturias.com\\\/radio\",\"nextItem\":{\"@type\":\"ListItem\",\"@id\":\"https:\\\/\\\/eldigitaldeasturias.com\\\/radio\\\/category\\\/noticias\\\/#listItem\",\"name\":\"Noticias\"}},{\"@type\":\"ListItem\",\"@id\":\"https:\\\/\\\/eldigitaldeasturias.com\\\/radio\\\/category\\\/noticias\\\/#listItem\",\"position\":2,\"name\":\"Noticias\",\"item\":\"https:\\\/\\\/eldigitaldeasturias.com\\\/radio\\\/category\\\/noticias\\\/\",\"nextItem\":{\"@type\":\"ListItem\",\"@id\":\"https:\\\/\\\/eldigitaldeasturias.com\\\/radio\\\/merkel-y-abe-comparten-su-preocupacion-por-hong-kong\\\/#listItem\",\"name\":\"Merkel y Abe comparten su preocupaci\\u00f3n por Hong Kong\"},\"previousItem\":{\"@type\":\"ListItem\",\"@id\":\"https:\\\/\\\/eldigitaldeasturias.com\\\/radio#listItem\",\"name\":\"Inicio\"}},{\"@type\":\"ListItem\",\"@id\":\"https:\\\/\\\/eldigitaldeasturias.com\\\/radio\\\/merkel-y-abe-comparten-su-preocupacion-por-hong-kong\\\/#listItem\",\"position\":3,\"name\":\"Merkel y Abe comparten su preocupaci\\u00f3n por Hong Kong\",\"previousItem\":{\"@type\":\"ListItem\",\"@id\":\"https:\\\/\\\/eldigitaldeasturias.com\\\/radio\\\/category\\\/noticias\\\/#listItem\",\"name\":\"Noticias\"}}]},{\"@type\":\"NewsArticle\",\"@id\":\"https:\\\/\\\/eldigitaldeasturias.com\\\/radio\\\/merkel-y-abe-comparten-su-preocupacion-por-hong-kong\\\/#newsarticle\",\"name\":\"Merkel y Abe comparten su preocupaci\\u00f3n por Hong Kong | El Digital de Asturias\",\"headline\":\"Merkel y Abe comparten su preocupaci\\u00f3n por Hong Kong\",\"author\":{\"@id\":\"https:\\\/\\\/eldigitaldeasturias.com\\\/radio\\\/author\\\/nbasturias\\\/#author\"},\"publisher\":{\"@id\":\"https:\\\/\\\/eldigitaldeasturias.com\\\/radio\\\/#organization\"},\"image\":{\"@type\":\"ImageObject\",\"url\":\"https:\\\/\\\/eldigitaldeasturias.com\\\/radio\\\/wp-content\\\/uploads\\\/2018\\\/10\\\/technology-785742_960_720.jpg\",\"width\":960,\"height\":640},\"datePublished\":\"2020-07-17T00:17:23+02:00\",\"dateModified\":\"2020-07-17T00:17:23+02:00\",\"inLanguage\":\"es-ES\",\"mainEntityOfPage\":{\"@id\":\"https:\\\/\\\/eldigitaldeasturias.com\\\/radio\\\/merkel-y-abe-comparten-su-preocupacion-por-hong-kong\\\/#webpage\"},\"isPartOf\":{\"@id\":\"https:\\\/\\\/eldigitaldeasturias.com\\\/radio\\\/merkel-y-abe-comparten-su-preocupacion-por-hong-kong\\\/#webpage\"},\"articleSection\":\"Noticias\",\"dateline\":\"Publicado el julio 17, 2020.\"},{\"@type\":\"Organization\",\"@id\":\"https:\\\/\\\/eldigitaldeasturias.com\\\/radio\\\/#organization\",\"name\":\"El digital de Asturias Radio\",\"description\":\"Diario de informaci\\u00f3n y noticias\",\"url\":\"https:\\\/\\\/eldigitaldeasturias.com\\\/radio\\\/\",\"telephone\":\"+34652131393\",\"logo\":{\"@type\":\"ImageObject\",\"url\":\"https:\\\/\\\/www.eldigitaldeasturias.com\\\/radio\\\/wp-content\\\/uploads\\\/2021\\\/03\\\/EDA.jpg\",\"@id\":\"https:\\\/\\\/eldigitaldeasturias.com\\\/radio\\\/merkel-y-abe-comparten-su-preocupacion-por-hong-kong\\\/#organizationLogo\"},\"image\":{\"@id\":\"https:\\\/\\\/eldigitaldeasturias.com\\\/radio\\\/merkel-y-abe-comparten-su-preocupacion-por-hong-kong\\\/#organizationLogo\"},\"sameAs\":[\"https:\\\/\\\/www.facebook.com\\\/\",\"https:\\\/\\\/x.com\\\/bercodi\",\"https:\\\/\\\/www.instagram.com\\\/\",\"https:\\\/\\\/www.youtube.com\\\/channel\\\/UCZP-2wLEB9Rv6erhFmqVnvg\"]},{\"@type\":\"Person\",\"@id\":\"https:\\\/\\\/eldigitaldeasturias.com\\\/radio\\\/author\\\/nbasturias\\\/#author\",\"url\":\"https:\\\/\\\/eldigitaldeasturias.com\\\/radio\\\/author\\\/nbasturias\\\/\",\"name\":\"NBAsturias\",\"image\":{\"@type\":\"ImageObject\",\"@id\":\"https:\\\/\\\/eldigitaldeasturias.com\\\/radio\\\/merkel-y-abe-comparten-su-preocupacion-por-hong-kong\\\/#authorImage\",\"url\":\"https:\\\/\\\/secure.gravatar.com\\\/avatar\\\/df2aeffc32bcd13f8d26072ef8a91b623d677766deac7f97ca815868cd41bf5e?s=96&d=mm&r=g\",\"width\":96,\"height\":96,\"caption\":\"NBAsturias\"}},{\"@type\":\"WebPage\",\"@id\":\"https:\\\/\\\/eldigitaldeasturias.com\\\/radio\\\/merkel-y-abe-comparten-su-preocupacion-por-hong-kong\\\/#webpage\",\"url\":\"https:\\\/\\\/eldigitaldeasturias.com\\\/radio\\\/merkel-y-abe-comparten-su-preocupacion-por-hong-kong\\\/\",\"name\":\"Merkel y Abe comparten su preocupaci\\u00f3n por Hong Kong | El Digital de Asturias\",\"description\":\"Berl\\u00edn, 16 jul (dpa) - La canciller alemana, Angela Merkel, y el jefe de Gobierno japon\\u00e9s, Shinzo Abe, compartieron hoy su preocupaci\\u00f3n por la situaci\\u00f3n de Hong Kong. \\\"La autonom\\u00eda de Hong Kong podr\\u00eda ser socavada con la introducci\\u00f3n de la ley de seguridad nacional\\\", dijo el portavoz del Gobierno alem\\u00e1n, Steffen Seibert, despu\\u00e9s de\",\"inLanguage\":\"es-ES\",\"isPartOf\":{\"@id\":\"https:\\\/\\\/eldigitaldeasturias.com\\\/radio\\\/#website\"},\"breadcrumb\":{\"@id\":\"https:\\\/\\\/eldigitaldeasturias.com\\\/radio\\\/merkel-y-abe-comparten-su-preocupacion-por-hong-kong\\\/#breadcrumblist\"},\"author\":{\"@id\":\"https:\\\/\\\/eldigitaldeasturias.com\\\/radio\\\/author\\\/nbasturias\\\/#author\"},\"creator\":{\"@id\":\"https:\\\/\\\/eldigitaldeasturias.com\\\/radio\\\/author\\\/nbasturias\\\/#author\"},\"image\":{\"@type\":\"ImageObject\",\"url\":\"https:\\\/\\\/eldigitaldeasturias.com\\\/radio\\\/wp-content\\\/uploads\\\/2018\\\/10\\\/technology-785742_960_720.jpg\",\"@id\":\"https:\\\/\\\/eldigitaldeasturias.com\\\/radio\\\/merkel-y-abe-comparten-su-preocupacion-por-hong-kong\\\/#mainImage\",\"width\":960,\"height\":640},\"primaryImageOfPage\":{\"@id\":\"https:\\\/\\\/eldigitaldeasturias.com\\\/radio\\\/merkel-y-abe-comparten-su-preocupacion-por-hong-kong\\\/#mainImage\"},\"datePublished\":\"2020-07-17T00:17:23+02:00\",\"dateModified\":\"2020-07-17T00:17:23+02:00\"},{\"@type\":\"WebSite\",\"@id\":\"https:\\\/\\\/eldigitaldeasturias.com\\\/radio\\\/#website\",\"url\":\"https:\\\/\\\/eldigitaldeasturias.com\\\/radio\\\/\",\"name\":\"El Digital de Asturias\",\"description\":\"Diario de informaci\\u00f3n y noticias\",\"inLanguage\":\"es-ES\",\"publisher\":{\"@id\":\"https:\\\/\\\/eldigitaldeasturias.com\\\/radio\\\/#organization\"}}]}\n\t\t<\/script>\n\t\t<!-- All in One SEO Pro -->\r\n\t\t<title>Merkel y Abe comparten su preocupaci\u00f3n por Hong Kong | El Digital de Asturias<\/title>\n\n","aioseo_head_json":{"title":"Merkel y Abe comparten su preocupaci\u00f3n por Hong Kong | El Digital de Asturias","description":"Berl\u00edn, 16 jul (dpa) - La canciller alemana, Angela Merkel, y el jefe de Gobierno japon\u00e9s, Shinzo Abe, compartieron hoy su preocupaci\u00f3n por la situaci\u00f3n de Hong Kong. \"La autonom\u00eda de Hong Kong podr\u00eda ser socavada con la introducci\u00f3n de la ley de seguridad nacional\", dijo el portavoz del Gobierno alem\u00e1n, Steffen Seibert, despu\u00e9s de","canonical_url":"https:\/\/eldigitaldeasturias.com\/radio\/merkel-y-abe-comparten-su-preocupacion-por-hong-kong\/","robots":"max-image-preview:large","keywords":"noticias","webmasterTools":{"google-site-verification":"UA-38556648-1","miscellaneous":""},"schema":{"@context":"https:\/\/schema.org","@graph":[{"@type":"BreadcrumbList","@id":"https:\/\/eldigitaldeasturias.com\/radio\/merkel-y-abe-comparten-su-preocupacion-por-hong-kong\/#breadcrumblist","itemListElement":[{"@type":"ListItem","@id":"https:\/\/eldigitaldeasturias.com\/radio#listItem","position":1,"name":"Inicio","item":"https:\/\/eldigitaldeasturias.com\/radio","nextItem":{"@type":"ListItem","@id":"https:\/\/eldigitaldeasturias.com\/radio\/category\/noticias\/#listItem","name":"Noticias"}},{"@type":"ListItem","@id":"https:\/\/eldigitaldeasturias.com\/radio\/category\/noticias\/#listItem","position":2,"name":"Noticias","item":"https:\/\/eldigitaldeasturias.com\/radio\/category\/noticias\/","nextItem":{"@type":"ListItem","@id":"https:\/\/eldigitaldeasturias.com\/radio\/merkel-y-abe-comparten-su-preocupacion-por-hong-kong\/#listItem","name":"Merkel y Abe comparten su preocupaci\u00f3n por Hong Kong"},"previousItem":{"@type":"ListItem","@id":"https:\/\/eldigitaldeasturias.com\/radio#listItem","name":"Inicio"}},{"@type":"ListItem","@id":"https:\/\/eldigitaldeasturias.com\/radio\/merkel-y-abe-comparten-su-preocupacion-por-hong-kong\/#listItem","position":3,"name":"Merkel y Abe comparten su preocupaci\u00f3n por Hong Kong","previousItem":{"@type":"ListItem","@id":"https:\/\/eldigitaldeasturias.com\/radio\/category\/noticias\/#listItem","name":"Noticias"}}]},{"@type":"NewsArticle","@id":"https:\/\/eldigitaldeasturias.com\/radio\/merkel-y-abe-comparten-su-preocupacion-por-hong-kong\/#newsarticle","name":"Merkel y Abe comparten su preocupaci\u00f3n por Hong Kong | El Digital de Asturias","headline":"Merkel y Abe comparten su preocupaci\u00f3n por Hong Kong","author":{"@id":"https:\/\/eldigitaldeasturias.com\/radio\/author\/nbasturias\/#author"},"publisher":{"@id":"https:\/\/eldigitaldeasturias.com\/radio\/#organization"},"image":{"@type":"ImageObject","url":"https:\/\/eldigitaldeasturias.com\/radio\/wp-content\/uploads\/2018\/10\/technology-785742_960_720.jpg","width":960,"height":640},"datePublished":"2020-07-17T00:17:23+02:00","dateModified":"2020-07-17T00:17:23+02:00","inLanguage":"es-ES","mainEntityOfPage":{"@id":"https:\/\/eldigitaldeasturias.com\/radio\/merkel-y-abe-comparten-su-preocupacion-por-hong-kong\/#webpage"},"isPartOf":{"@id":"https:\/\/eldigitaldeasturias.com\/radio\/merkel-y-abe-comparten-su-preocupacion-por-hong-kong\/#webpage"},"articleSection":"Noticias","dateline":"Publicado el julio 17, 2020."},{"@type":"Organization","@id":"https:\/\/eldigitaldeasturias.com\/radio\/#organization","name":"El digital de Asturias Radio","description":"Diario de informaci\u00f3n y noticias","url":"https:\/\/eldigitaldeasturias.com\/radio\/","telephone":"+34652131393","logo":{"@type":"ImageObject","url":"https:\/\/www.eldigitaldeasturias.com\/radio\/wp-content\/uploads\/2021\/03\/EDA.jpg","@id":"https:\/\/eldigitaldeasturias.com\/radio\/merkel-y-abe-comparten-su-preocupacion-por-hong-kong\/#organizationLogo"},"image":{"@id":"https:\/\/eldigitaldeasturias.com\/radio\/merkel-y-abe-comparten-su-preocupacion-por-hong-kong\/#organizationLogo"},"sameAs":["https:\/\/www.facebook.com\/","https:\/\/x.com\/bercodi","https:\/\/www.instagram.com\/","https:\/\/www.youtube.com\/channel\/UCZP-2wLEB9Rv6erhFmqVnvg"]},{"@type":"Person","@id":"https:\/\/eldigitaldeasturias.com\/radio\/author\/nbasturias\/#author","url":"https:\/\/eldigitaldeasturias.com\/radio\/author\/nbasturias\/","name":"NBAsturias","image":{"@type":"ImageObject","@id":"https:\/\/eldigitaldeasturias.com\/radio\/merkel-y-abe-comparten-su-preocupacion-por-hong-kong\/#authorImage","url":"https:\/\/secure.gravatar.com\/avatar\/df2aeffc32bcd13f8d26072ef8a91b623d677766deac7f97ca815868cd41bf5e?s=96&d=mm&r=g","width":96,"height":96,"caption":"NBAsturias"}},{"@type":"WebPage","@id":"https:\/\/eldigitaldeasturias.com\/radio\/merkel-y-abe-comparten-su-preocupacion-por-hong-kong\/#webpage","url":"https:\/\/eldigitaldeasturias.com\/radio\/merkel-y-abe-comparten-su-preocupacion-por-hong-kong\/","name":"Merkel y Abe comparten su preocupaci\u00f3n por Hong Kong | El Digital de Asturias","description":"Berl\u00edn, 16 jul (dpa) - La canciller alemana, Angela Merkel, y el jefe de Gobierno japon\u00e9s, Shinzo Abe, compartieron hoy su preocupaci\u00f3n por la situaci\u00f3n de Hong Kong. \"La autonom\u00eda de Hong Kong podr\u00eda ser socavada con la introducci\u00f3n de la ley de seguridad nacional\", dijo el portavoz del Gobierno alem\u00e1n, Steffen Seibert, despu\u00e9s de","inLanguage":"es-ES","isPartOf":{"@id":"https:\/\/eldigitaldeasturias.com\/radio\/#website"},"breadcrumb":{"@id":"https:\/\/eldigitaldeasturias.com\/radio\/merkel-y-abe-comparten-su-preocupacion-por-hong-kong\/#breadcrumblist"},"author":{"@id":"https:\/\/eldigitaldeasturias.com\/radio\/author\/nbasturias\/#author"},"creator":{"@id":"https:\/\/eldigitaldeasturias.com\/radio\/author\/nbasturias\/#author"},"image":{"@type":"ImageObject","url":"https:\/\/eldigitaldeasturias.com\/radio\/wp-content\/uploads\/2018\/10\/technology-785742_960_720.jpg","@id":"https:\/\/eldigitaldeasturias.com\/radio\/merkel-y-abe-comparten-su-preocupacion-por-hong-kong\/#mainImage","width":960,"height":640},"primaryImageOfPage":{"@id":"https:\/\/eldigitaldeasturias.com\/radio\/merkel-y-abe-comparten-su-preocupacion-por-hong-kong\/#mainImage"},"datePublished":"2020-07-17T00:17:23+02:00","dateModified":"2020-07-17T00:17:23+02:00"},{"@type":"WebSite","@id":"https:\/\/eldigitaldeasturias.com\/radio\/#website","url":"https:\/\/eldigitaldeasturias.com\/radio\/","name":"El Digital de Asturias","description":"Diario de informaci\u00f3n y noticias","inLanguage":"es-ES","publisher":{"@id":"https:\/\/eldigitaldeasturias.com\/radio\/#organization"}}]},"og:locale":"es_ES","og:site_name":"El Digital de Asturias | Diario de informaci\u00f3n y noticias","og:type":"article","og:title":"Merkel y Abe comparten su preocupaci\u00f3n por Hong Kong | El Digital de Asturias","og:description":"Berl\u00edn, 16 jul (dpa) - La canciller alemana, Angela Merkel, y el jefe de Gobierno japon\u00e9s, Shinzo Abe, compartieron hoy su preocupaci\u00f3n por la situaci\u00f3n de Hong Kong. &quot;La autonom\u00eda de Hong Kong podr\u00eda ser socavada con la introducci\u00f3n de la ley de seguridad nacional&quot;, dijo el portavoz del Gobierno alem\u00e1n, Steffen Seibert, despu\u00e9s de","og:url":"https:\/\/eldigitaldeasturias.com\/radio\/merkel-y-abe-comparten-su-preocupacion-por-hong-kong\/","og:image":"https:\/\/eldigitaldeasturias.com\/radio\/wp-content\/uploads\/2018\/10\/technology-785742_960_720.jpg","og:image:secure_url":"https:\/\/eldigitaldeasturias.com\/radio\/wp-content\/uploads\/2018\/10\/technology-785742_960_720.jpg","og:image:width":960,"og:image:height":640,"article:published_time":"2020-07-17T00:17:23+00:00","article:modified_time":"2020-07-17T00:17:23+00:00","twitter:card":"summary_large_image","twitter:site":"@bercodi","twitter:title":"Merkel y Abe comparten su preocupaci\u00f3n por Hong Kong | El Digital de Asturias","twitter:description":"Berl\u00edn, 16 jul (dpa) - La canciller alemana, Angela Merkel, y el jefe de Gobierno japon\u00e9s, Shinzo Abe, compartieron hoy su preocupaci\u00f3n por la situaci\u00f3n de Hong Kong. &quot;La autonom\u00eda de Hong Kong podr\u00eda ser socavada con la introducci\u00f3n de la ley de seguridad nacional&quot;, dijo el portavoz del Gobierno alem\u00e1n, Steffen Seibert, despu\u00e9s de","twitter:creator":"@bercodi","twitter:image":"https:\/\/eldigitaldeasturias.com\/radio\/wp-content\/uploads\/2018\/10\/technology-785742_960_720.jpg"},"aioseo_meta_data":{"post_id":"4750","title":null,"description":"","keywords":"","keyphrases":null,"primary_term":null,"canonical_url":"","og_title":null,"og_description":null,"og_object_type":"default","og_image_type":"default","og_image_url":null,"og_image_width":null,"og_image_height":null,"og_image_custom_url":null,"og_image_custom_fields":null,"og_video":null,"og_custom_url":null,"og_article_section":null,"og_article_tags":null,"twitter_use_og":false,"twitter_card":"default","twitter_image_type":"default","twitter_image_url":null,"twitter_image_custom_url":null,"twitter_image_custom_fields":null,"twitter_title":null,"twitter_description":null,"schema":{"blockGraphs":[],"customGraphs":[],"default":{"data":{"Article":[],"Course":[],"Dataset":[],"FAQPage":[],"Movie":[],"Person":[],"Product":[],"ProductReview":[],"Car":[],"Recipe":[],"Service":[],"SoftwareApplication":[],"WebPage":[]},"graphName":"","isEnabled":true},"graphs":[],"defaultGraph":"","defaultPostTypeGraph":""},"schema_type":null,"schema_type_options":null,"pillar_content":false,"robots_default":true,"robots_noindex":false,"robots_noarchive":false,"robots_nosnippet":false,"robots_nofollow":false,"robots_noimageindex":false,"robots_noodp":false,"robots_notranslate":false,"robots_max_snippet":null,"robots_max_videopreview":null,"robots_max_imagepreview":"large","priority":null,"frequency":null,"location":null,"local_seo":null,"seo_analyzer_scan_date":"2025-08-28 16:38:41","breadcrumb_settings":null,"limit_modified_date":false,"open_ai":null,"ai":null,"created":"2021-03-27 13:19:19","updated":"2025-08-28 16:38:41"},"aioseo_breadcrumb":"<div class=\"aioseo-breadcrumbs\"><span class=\"aioseo-breadcrumb\">\n\t<a href=\"https:\/\/eldigitaldeasturias.com\/radio\" title=\"Inicio\">Inicio<\/a>\n<\/span><span class=\"aioseo-breadcrumb-separator\">&ndash;<\/span><span class=\"aioseo-breadcrumb\">\n\t<a href=\"https:\/\/eldigitaldeasturias.com\/radio\/category\/noticias\/\" title=\"Noticias\">Noticias<\/a>\n<\/span><span class=\"aioseo-breadcrumb-separator\">&ndash;<\/span><span class=\"aioseo-breadcrumb\">\n\tMerkel y Abe comparten su preocupaci\u00f3n por Hong Kong\n<\/span><\/div>","aioseo_breadcrumb_json":[{"label":"Inicio","link":"https:\/\/eldigitaldeasturias.com\/radio"},{"label":"Noticias","link":"https:\/\/eldigitaldeasturias.com\/radio\/category\/noticias\/"},{"label":"Merkel y Abe comparten su preocupaci\u00f3n por Hong Kong","link":"https:\/\/eldigitaldeasturias.com\/radio\/merkel-y-abe-comparten-su-preocupacion-por-hong-kong\/"}],"_links":{"self":[{"href":"https:\/\/eldigitaldeasturias.com\/radio\/wp-json\/wp\/v2\/posts\/4750","targetHints":{"allow":["GET"]}}],"collection":[{"href":"https:\/\/eldigitaldeasturias.com\/radio\/wp-json\/wp\/v2\/posts"}],"about":[{"href":"https:\/\/eldigitaldeasturias.com\/radio\/wp-json\/wp\/v2\/types\/post"}],"author":[{"embeddable":true,"href":"https:\/\/eldigitaldeasturias.com\/radio\/wp-json\/wp\/v2\/users\/1"}],"replies":[{"embeddable":true,"href":"https:\/\/eldigitaldeasturias.com\/radio\/wp-json\/wp\/v2\/comments?post=4750"}],"version-history":[{"count":0,"href":"https:\/\/eldigitaldeasturias.com\/radio\/wp-json\/wp\/v2\/posts\/4750\/revisions"}],"wp:featuredmedia":[{"embeddable":true,"href":"https:\/\/eldigitaldeasturias.com\/radio\/wp-json\/wp\/v2\/media\/1352"}],"wp:attachment":[{"href":"https:\/\/eldigitaldeasturias.com\/radio\/wp-json\/wp\/v2\/media?parent=4750"}],"wp:term":[{"taxonomy":"category","embeddable":true,"href":"https:\/\/eldigitaldeasturias.com\/radio\/wp-json\/wp\/v2\/categories?post=4750"},{"taxonomy":"post_tag","embeddable":true,"href":"https:\/\/eldigitaldeasturias.com\/radio\/wp-json\/wp\/v2\/tags?post=4750"}],"curies":[{"name":"wp","href":"https:\/\/api.w.org\/{rel}","templated":true}]}}