{"id":4747,"date":"2020-07-17T00:15:28","date_gmt":"2020-07-17T00:15:28","guid":{"rendered":"http:\/\/www.eldigitaldeasturias.com\/radio\/?p=4747"},"modified":"2020-07-17T00:15:28","modified_gmt":"2020-07-17T00:15:28","slug":"alemania-estrecha-su-colaboracion-militar-con-bulgaria","status":"publish","type":"post","link":"https:\/\/eldigitaldeasturias.com\/radio\/alemania-estrecha-su-colaboracion-militar-con-bulgaria\/","title":{"rendered":"Alemania estrecha su colaboraci\u00f3n militar con Bulgaria"},"content":{"rendered":"<figure id=\"attachment_4748\" aria-describedby=\"caption-attachment-4748\" style=\"width: 360px\" class=\"wp-caption alignleft\"><img fetchpriority=\"high\" decoding=\"async\" class=\"size-medium wp-image-4748\" src=\"http:\/\/www.eldigitaldeasturias.com\/radio\/wp-content\/uploads\/2020\/07\/Kramp-Karrenbauer-360x211.jpg\" alt=\"\" width=\"360\" height=\"211\" srcset=\"https:\/\/eldigitaldeasturias.com\/radio\/wp-content\/uploads\/2020\/07\/Kramp-Karrenbauer-360x211.jpg 360w, https:\/\/eldigitaldeasturias.com\/radio\/wp-content\/uploads\/2020\/07\/Kramp-Karrenbauer-1024x601.jpg 1024w, https:\/\/eldigitaldeasturias.com\/radio\/wp-content\/uploads\/2020\/07\/Kramp-Karrenbauer-768x451.jpg 768w, https:\/\/eldigitaldeasturias.com\/radio\/wp-content\/uploads\/2020\/07\/Kramp-Karrenbauer.jpg 1124w\" sizes=\"(max-width: 360px) 100vw, 360px\" \/><figcaption id=\"caption-attachment-4748\" class=\"wp-caption-text\">Foto: Tobias Koch\/Bundeswehr\/dpa<\/figcaption><\/figure>\n<p>Sof\u00eda, 16 jul (dpa) &#8211; La ministra alemana de Defensa, Annegret Kramp-Karrenbauer, planea estrechar la cooperaci\u00f3n militar con Bulgaria, seg\u00fan anunci\u00f3 hoy en Sof\u00eda.<\/p>\n<p>Durante el encuentro con su hom\u00f3logo b\u00falgaro, Krasimir Karakachanov, la ministra germana dijo que, en el futuro, los oficiales b\u00falgaros podr\u00e1n participar en los cursos del Estado Mayor alem\u00e1n.<\/p>\n<p>Asimismo indic\u00f3 que se est\u00e1n examinando las posibilidades de hacer cursos de capacitaci\u00f3n conjunta. \u00abTambi\u00e9n queremos reforzar la cooperaci\u00f3n en materia de armamento y proyectos de armamento\u00bb, dijo Kramp-Karrenbauer, e inform\u00f3 que Bulgaria enviar\u00e1 expertos a Berl\u00edn para este prop\u00f3sito.<\/p>\n<p>Kramp-Karrenbauer est\u00e1 de gira por los pa\u00edses del este de la Uni\u00f3n Europea durante cuatro d\u00edas.<\/p>\n<p>&nbsp;<\/p>\n","protected":false},"excerpt":{"rendered":"<p>Sof\u00eda, 16 jul (dpa) &#8211; La ministra alemana de Defensa, Annegret Kramp-Karrenbauer, planea estrechar la cooperaci\u00f3n militar con Bulgaria, seg\u00fan anunci\u00f3 hoy en Sof\u00eda. Durante el encuentro con su hom\u00f3logo b\u00falgaro, Krasimir Karakachanov, la ministra germana dijo que, en el futuro, los oficiales b\u00falgaros podr\u00e1n participar en los cursos del Estado Mayor alem\u00e1n. Asimismo indic\u00f3<\/p>\n","protected":false},"author":1,"featured_media":4748,"comment_status":"closed","ping_status":"closed","sticky":false,"template":"","format":"standard","meta":{"footnotes":""},"categories":[1],"tags":[],"class_list":{"0":"post-4747","1":"post","2":"type-post","3":"status-publish","4":"format-standard","5":"has-post-thumbnail","7":"category-noticias"},"aioseo_notices":[],"aioseo_head":"\n\t\t<!-- All in One SEO Pro 4.9.6.2 - aioseo.com -->\n\t<meta name=\"description\" content=\"Sof\u00eda, 16 jul (dpa) - La ministra alemana de Defensa, Annegret Kramp-Karrenbauer, planea estrechar la cooperaci\u00f3n militar con Bulgaria, seg\u00fan anunci\u00f3 hoy en Sof\u00eda. Durante el encuentro con su hom\u00f3logo b\u00falgaro, Krasimir Karakachanov, la ministra germana dijo que, en el futuro, los oficiales b\u00falgaros podr\u00e1n participar en los cursos del Estado Mayor alem\u00e1n. Asimismo indic\u00f3\" \/>\n\t<meta name=\"robots\" content=\"max-image-preview:large\" \/>\n\t<meta name=\"author\" content=\"NBAsturias\"\/>\n\t<meta name=\"google-site-verification\" content=\"UA-38556648-1\" \/>\n\t<meta name=\"keywords\" content=\"noticias\" \/>\n\t<link rel=\"canonical\" href=\"https:\/\/eldigitaldeasturias.com\/radio\/alemania-estrecha-su-colaboracion-militar-con-bulgaria\/\" \/>\n\t<meta name=\"generator\" content=\"All in One SEO Pro (AIOSEO) 4.9.6.2\" \/>\n\t\t<meta property=\"og:locale\" content=\"es_ES\" \/>\n\t\t<meta property=\"og:site_name\" content=\"El Digital de Asturias | Diario de informaci\u00f3n y noticias\" \/>\n\t\t<meta property=\"og:type\" content=\"article\" \/>\n\t\t<meta property=\"og:title\" content=\"Alemania estrecha su colaboraci\u00f3n militar con Bulgaria | El Digital de Asturias\" \/>\n\t\t<meta property=\"og:description\" content=\"Sof\u00eda, 16 jul (dpa) - La ministra alemana de Defensa, Annegret Kramp-Karrenbauer, planea estrechar la cooperaci\u00f3n militar con Bulgaria, seg\u00fan anunci\u00f3 hoy en Sof\u00eda. Durante el encuentro con su hom\u00f3logo b\u00falgaro, Krasimir Karakachanov, la ministra germana dijo que, en el futuro, los oficiales b\u00falgaros podr\u00e1n participar en los cursos del Estado Mayor alem\u00e1n. Asimismo indic\u00f3\" \/>\n\t\t<meta property=\"og:url\" content=\"https:\/\/eldigitaldeasturias.com\/radio\/alemania-estrecha-su-colaboracion-militar-con-bulgaria\/\" \/>\n\t\t<meta property=\"og:image\" content=\"https:\/\/eldigitaldeasturias.com\/radio\/wp-content\/uploads\/2020\/07\/Kramp-Karrenbauer.jpg\" \/>\n\t\t<meta property=\"og:image:secure_url\" content=\"https:\/\/eldigitaldeasturias.com\/radio\/wp-content\/uploads\/2020\/07\/Kramp-Karrenbauer.jpg\" \/>\n\t\t<meta property=\"og:image:width\" content=\"1124\" \/>\n\t\t<meta property=\"og:image:height\" content=\"660\" \/>\n\t\t<meta property=\"article:published_time\" content=\"2020-07-17T00:15:28+00:00\" \/>\n\t\t<meta property=\"article:modified_time\" content=\"2020-07-17T00:15:28+00:00\" \/>\n\t\t<meta name=\"twitter:card\" content=\"summary_large_image\" \/>\n\t\t<meta name=\"twitter:site\" content=\"@bercodi\" \/>\n\t\t<meta name=\"twitter:title\" content=\"Alemania estrecha su colaboraci\u00f3n militar con Bulgaria | El Digital de Asturias\" \/>\n\t\t<meta name=\"twitter:description\" content=\"Sof\u00eda, 16 jul (dpa) - La ministra alemana de Defensa, Annegret Kramp-Karrenbauer, planea estrechar la cooperaci\u00f3n militar con Bulgaria, seg\u00fan anunci\u00f3 hoy en Sof\u00eda. Durante el encuentro con su hom\u00f3logo b\u00falgaro, Krasimir Karakachanov, la ministra germana dijo que, en el futuro, los oficiales b\u00falgaros podr\u00e1n participar en los cursos del Estado Mayor alem\u00e1n. Asimismo indic\u00f3\" \/>\n\t\t<meta name=\"twitter:creator\" content=\"@bercodi\" \/>\n\t\t<meta name=\"twitter:image\" content=\"https:\/\/eldigitaldeasturias.com\/radio\/wp-content\/uploads\/2020\/07\/Kramp-Karrenbauer.jpg\" \/>\n\t\t<script type=\"application\/ld+json\" class=\"aioseo-schema\">\n\t\t\t{\"@context\":\"https:\\\/\\\/schema.org\",\"@graph\":[{\"@type\":\"BreadcrumbList\",\"@id\":\"https:\\\/\\\/eldigitaldeasturias.com\\\/radio\\\/alemania-estrecha-su-colaboracion-militar-con-bulgaria\\\/#breadcrumblist\",\"itemListElement\":[{\"@type\":\"ListItem\",\"@id\":\"https:\\\/\\\/eldigitaldeasturias.com\\\/radio#listItem\",\"position\":1,\"name\":\"Inicio\",\"item\":\"https:\\\/\\\/eldigitaldeasturias.com\\\/radio\",\"nextItem\":{\"@type\":\"ListItem\",\"@id\":\"https:\\\/\\\/eldigitaldeasturias.com\\\/radio\\\/category\\\/noticias\\\/#listItem\",\"name\":\"Noticias\"}},{\"@type\":\"ListItem\",\"@id\":\"https:\\\/\\\/eldigitaldeasturias.com\\\/radio\\\/category\\\/noticias\\\/#listItem\",\"position\":2,\"name\":\"Noticias\",\"item\":\"https:\\\/\\\/eldigitaldeasturias.com\\\/radio\\\/category\\\/noticias\\\/\",\"nextItem\":{\"@type\":\"ListItem\",\"@id\":\"https:\\\/\\\/eldigitaldeasturias.com\\\/radio\\\/alemania-estrecha-su-colaboracion-militar-con-bulgaria\\\/#listItem\",\"name\":\"Alemania estrecha su colaboraci\\u00f3n militar con Bulgaria\"},\"previousItem\":{\"@type\":\"ListItem\",\"@id\":\"https:\\\/\\\/eldigitaldeasturias.com\\\/radio#listItem\",\"name\":\"Inicio\"}},{\"@type\":\"ListItem\",\"@id\":\"https:\\\/\\\/eldigitaldeasturias.com\\\/radio\\\/alemania-estrecha-su-colaboracion-militar-con-bulgaria\\\/#listItem\",\"position\":3,\"name\":\"Alemania estrecha su colaboraci\\u00f3n militar con Bulgaria\",\"previousItem\":{\"@type\":\"ListItem\",\"@id\":\"https:\\\/\\\/eldigitaldeasturias.com\\\/radio\\\/category\\\/noticias\\\/#listItem\",\"name\":\"Noticias\"}}]},{\"@type\":\"NewsArticle\",\"@id\":\"https:\\\/\\\/eldigitaldeasturias.com\\\/radio\\\/alemania-estrecha-su-colaboracion-militar-con-bulgaria\\\/#newsarticle\",\"name\":\"Alemania estrecha su colaboraci\\u00f3n militar con Bulgaria | El Digital de Asturias\",\"headline\":\"Alemania estrecha su colaboraci\\u00f3n militar con Bulgaria\",\"author\":{\"@id\":\"https:\\\/\\\/eldigitaldeasturias.com\\\/radio\\\/author\\\/nbasturias\\\/#author\"},\"publisher\":{\"@id\":\"https:\\\/\\\/eldigitaldeasturias.com\\\/radio\\\/#organization\"},\"image\":{\"@type\":\"ImageObject\",\"url\":\"https:\\\/\\\/eldigitaldeasturias.com\\\/radio\\\/wp-content\\\/uploads\\\/2020\\\/07\\\/Kramp-Karrenbauer.jpg\",\"width\":1124,\"height\":660,\"caption\":\"Foto: Tobias Koch\\\/Bundeswehr\\\/dpa\"},\"datePublished\":\"2020-07-17T00:15:28+02:00\",\"dateModified\":\"2020-07-17T00:15:28+02:00\",\"inLanguage\":\"es-ES\",\"mainEntityOfPage\":{\"@id\":\"https:\\\/\\\/eldigitaldeasturias.com\\\/radio\\\/alemania-estrecha-su-colaboracion-militar-con-bulgaria\\\/#webpage\"},\"isPartOf\":{\"@id\":\"https:\\\/\\\/eldigitaldeasturias.com\\\/radio\\\/alemania-estrecha-su-colaboracion-militar-con-bulgaria\\\/#webpage\"},\"articleSection\":\"Noticias\",\"dateline\":\"Publicado el julio 17, 2020.\"},{\"@type\":\"Organization\",\"@id\":\"https:\\\/\\\/eldigitaldeasturias.com\\\/radio\\\/#organization\",\"name\":\"El digital de Asturias Radio\",\"description\":\"Diario de informaci\\u00f3n y noticias\",\"url\":\"https:\\\/\\\/eldigitaldeasturias.com\\\/radio\\\/\",\"telephone\":\"+34652131393\",\"logo\":{\"@type\":\"ImageObject\",\"url\":\"https:\\\/\\\/www.eldigitaldeasturias.com\\\/radio\\\/wp-content\\\/uploads\\\/2021\\\/03\\\/EDA.jpg\",\"@id\":\"https:\\\/\\\/eldigitaldeasturias.com\\\/radio\\\/alemania-estrecha-su-colaboracion-militar-con-bulgaria\\\/#organizationLogo\"},\"image\":{\"@id\":\"https:\\\/\\\/eldigitaldeasturias.com\\\/radio\\\/alemania-estrecha-su-colaboracion-militar-con-bulgaria\\\/#organizationLogo\"},\"sameAs\":[\"https:\\\/\\\/www.facebook.com\\\/\",\"https:\\\/\\\/x.com\\\/bercodi\",\"https:\\\/\\\/www.instagram.com\\\/\",\"https:\\\/\\\/www.youtube.com\\\/channel\\\/UCZP-2wLEB9Rv6erhFmqVnvg\"]},{\"@type\":\"Person\",\"@id\":\"https:\\\/\\\/eldigitaldeasturias.com\\\/radio\\\/author\\\/nbasturias\\\/#author\",\"url\":\"https:\\\/\\\/eldigitaldeasturias.com\\\/radio\\\/author\\\/nbasturias\\\/\",\"name\":\"NBAsturias\",\"image\":{\"@type\":\"ImageObject\",\"@id\":\"https:\\\/\\\/eldigitaldeasturias.com\\\/radio\\\/alemania-estrecha-su-colaboracion-militar-con-bulgaria\\\/#authorImage\",\"url\":\"https:\\\/\\\/secure.gravatar.com\\\/avatar\\\/df2aeffc32bcd13f8d26072ef8a91b623d677766deac7f97ca815868cd41bf5e?s=96&d=mm&r=g\",\"width\":96,\"height\":96,\"caption\":\"NBAsturias\"}},{\"@type\":\"WebPage\",\"@id\":\"https:\\\/\\\/eldigitaldeasturias.com\\\/radio\\\/alemania-estrecha-su-colaboracion-militar-con-bulgaria\\\/#webpage\",\"url\":\"https:\\\/\\\/eldigitaldeasturias.com\\\/radio\\\/alemania-estrecha-su-colaboracion-militar-con-bulgaria\\\/\",\"name\":\"Alemania estrecha su colaboraci\\u00f3n militar con Bulgaria | El Digital de Asturias\",\"description\":\"Sof\\u00eda, 16 jul (dpa) - La ministra alemana de Defensa, Annegret Kramp-Karrenbauer, planea estrechar la cooperaci\\u00f3n militar con Bulgaria, seg\\u00fan anunci\\u00f3 hoy en Sof\\u00eda. Durante el encuentro con su hom\\u00f3logo b\\u00falgaro, Krasimir Karakachanov, la ministra germana dijo que, en el futuro, los oficiales b\\u00falgaros podr\\u00e1n participar en los cursos del Estado Mayor alem\\u00e1n. Asimismo indic\\u00f3\",\"inLanguage\":\"es-ES\",\"isPartOf\":{\"@id\":\"https:\\\/\\\/eldigitaldeasturias.com\\\/radio\\\/#website\"},\"breadcrumb\":{\"@id\":\"https:\\\/\\\/eldigitaldeasturias.com\\\/radio\\\/alemania-estrecha-su-colaboracion-militar-con-bulgaria\\\/#breadcrumblist\"},\"author\":{\"@id\":\"https:\\\/\\\/eldigitaldeasturias.com\\\/radio\\\/author\\\/nbasturias\\\/#author\"},\"creator\":{\"@id\":\"https:\\\/\\\/eldigitaldeasturias.com\\\/radio\\\/author\\\/nbasturias\\\/#author\"},\"image\":{\"@type\":\"ImageObject\",\"url\":\"https:\\\/\\\/eldigitaldeasturias.com\\\/radio\\\/wp-content\\\/uploads\\\/2020\\\/07\\\/Kramp-Karrenbauer.jpg\",\"@id\":\"https:\\\/\\\/eldigitaldeasturias.com\\\/radio\\\/alemania-estrecha-su-colaboracion-militar-con-bulgaria\\\/#mainImage\",\"width\":1124,\"height\":660,\"caption\":\"Foto: Tobias Koch\\\/Bundeswehr\\\/dpa\"},\"primaryImageOfPage\":{\"@id\":\"https:\\\/\\\/eldigitaldeasturias.com\\\/radio\\\/alemania-estrecha-su-colaboracion-militar-con-bulgaria\\\/#mainImage\"},\"datePublished\":\"2020-07-17T00:15:28+02:00\",\"dateModified\":\"2020-07-17T00:15:28+02:00\"},{\"@type\":\"WebSite\",\"@id\":\"https:\\\/\\\/eldigitaldeasturias.com\\\/radio\\\/#website\",\"url\":\"https:\\\/\\\/eldigitaldeasturias.com\\\/radio\\\/\",\"name\":\"El Digital de Asturias\",\"description\":\"Diario de informaci\\u00f3n y noticias\",\"inLanguage\":\"es-ES\",\"publisher\":{\"@id\":\"https:\\\/\\\/eldigitaldeasturias.com\\\/radio\\\/#organization\"}}]}\n\t\t<\/script>\n\t\t<!-- All in One SEO Pro -->\r\n\t\t<title>Alemania estrecha su colaboraci\u00f3n militar con Bulgaria | El Digital de Asturias<\/title>\n\n","aioseo_head_json":{"title":"Alemania estrecha su colaboraci\u00f3n militar con Bulgaria | El Digital de Asturias","description":"Sof\u00eda, 16 jul (dpa) - La ministra alemana de Defensa, Annegret Kramp-Karrenbauer, planea estrechar la cooperaci\u00f3n militar con Bulgaria, seg\u00fan anunci\u00f3 hoy en Sof\u00eda. Durante el encuentro con su hom\u00f3logo b\u00falgaro, Krasimir Karakachanov, la ministra germana dijo que, en el futuro, los oficiales b\u00falgaros podr\u00e1n participar en los cursos del Estado Mayor alem\u00e1n. Asimismo indic\u00f3","canonical_url":"https:\/\/eldigitaldeasturias.com\/radio\/alemania-estrecha-su-colaboracion-militar-con-bulgaria\/","robots":"max-image-preview:large","keywords":"noticias","webmasterTools":{"google-site-verification":"UA-38556648-1","miscellaneous":""},"schema":{"@context":"https:\/\/schema.org","@graph":[{"@type":"BreadcrumbList","@id":"https:\/\/eldigitaldeasturias.com\/radio\/alemania-estrecha-su-colaboracion-militar-con-bulgaria\/#breadcrumblist","itemListElement":[{"@type":"ListItem","@id":"https:\/\/eldigitaldeasturias.com\/radio#listItem","position":1,"name":"Inicio","item":"https:\/\/eldigitaldeasturias.com\/radio","nextItem":{"@type":"ListItem","@id":"https:\/\/eldigitaldeasturias.com\/radio\/category\/noticias\/#listItem","name":"Noticias"}},{"@type":"ListItem","@id":"https:\/\/eldigitaldeasturias.com\/radio\/category\/noticias\/#listItem","position":2,"name":"Noticias","item":"https:\/\/eldigitaldeasturias.com\/radio\/category\/noticias\/","nextItem":{"@type":"ListItem","@id":"https:\/\/eldigitaldeasturias.com\/radio\/alemania-estrecha-su-colaboracion-militar-con-bulgaria\/#listItem","name":"Alemania estrecha su colaboraci\u00f3n militar con Bulgaria"},"previousItem":{"@type":"ListItem","@id":"https:\/\/eldigitaldeasturias.com\/radio#listItem","name":"Inicio"}},{"@type":"ListItem","@id":"https:\/\/eldigitaldeasturias.com\/radio\/alemania-estrecha-su-colaboracion-militar-con-bulgaria\/#listItem","position":3,"name":"Alemania estrecha su colaboraci\u00f3n militar con Bulgaria","previousItem":{"@type":"ListItem","@id":"https:\/\/eldigitaldeasturias.com\/radio\/category\/noticias\/#listItem","name":"Noticias"}}]},{"@type":"NewsArticle","@id":"https:\/\/eldigitaldeasturias.com\/radio\/alemania-estrecha-su-colaboracion-militar-con-bulgaria\/#newsarticle","name":"Alemania estrecha su colaboraci\u00f3n militar con Bulgaria | El Digital de Asturias","headline":"Alemania estrecha su colaboraci\u00f3n militar con Bulgaria","author":{"@id":"https:\/\/eldigitaldeasturias.com\/radio\/author\/nbasturias\/#author"},"publisher":{"@id":"https:\/\/eldigitaldeasturias.com\/radio\/#organization"},"image":{"@type":"ImageObject","url":"https:\/\/eldigitaldeasturias.com\/radio\/wp-content\/uploads\/2020\/07\/Kramp-Karrenbauer.jpg","width":1124,"height":660,"caption":"Foto: Tobias Koch\/Bundeswehr\/dpa"},"datePublished":"2020-07-17T00:15:28+02:00","dateModified":"2020-07-17T00:15:28+02:00","inLanguage":"es-ES","mainEntityOfPage":{"@id":"https:\/\/eldigitaldeasturias.com\/radio\/alemania-estrecha-su-colaboracion-militar-con-bulgaria\/#webpage"},"isPartOf":{"@id":"https:\/\/eldigitaldeasturias.com\/radio\/alemania-estrecha-su-colaboracion-militar-con-bulgaria\/#webpage"},"articleSection":"Noticias","dateline":"Publicado el julio 17, 2020."},{"@type":"Organization","@id":"https:\/\/eldigitaldeasturias.com\/radio\/#organization","name":"El digital de Asturias Radio","description":"Diario de informaci\u00f3n y noticias","url":"https:\/\/eldigitaldeasturias.com\/radio\/","telephone":"+34652131393","logo":{"@type":"ImageObject","url":"https:\/\/www.eldigitaldeasturias.com\/radio\/wp-content\/uploads\/2021\/03\/EDA.jpg","@id":"https:\/\/eldigitaldeasturias.com\/radio\/alemania-estrecha-su-colaboracion-militar-con-bulgaria\/#organizationLogo"},"image":{"@id":"https:\/\/eldigitaldeasturias.com\/radio\/alemania-estrecha-su-colaboracion-militar-con-bulgaria\/#organizationLogo"},"sameAs":["https:\/\/www.facebook.com\/","https:\/\/x.com\/bercodi","https:\/\/www.instagram.com\/","https:\/\/www.youtube.com\/channel\/UCZP-2wLEB9Rv6erhFmqVnvg"]},{"@type":"Person","@id":"https:\/\/eldigitaldeasturias.com\/radio\/author\/nbasturias\/#author","url":"https:\/\/eldigitaldeasturias.com\/radio\/author\/nbasturias\/","name":"NBAsturias","image":{"@type":"ImageObject","@id":"https:\/\/eldigitaldeasturias.com\/radio\/alemania-estrecha-su-colaboracion-militar-con-bulgaria\/#authorImage","url":"https:\/\/secure.gravatar.com\/avatar\/df2aeffc32bcd13f8d26072ef8a91b623d677766deac7f97ca815868cd41bf5e?s=96&d=mm&r=g","width":96,"height":96,"caption":"NBAsturias"}},{"@type":"WebPage","@id":"https:\/\/eldigitaldeasturias.com\/radio\/alemania-estrecha-su-colaboracion-militar-con-bulgaria\/#webpage","url":"https:\/\/eldigitaldeasturias.com\/radio\/alemania-estrecha-su-colaboracion-militar-con-bulgaria\/","name":"Alemania estrecha su colaboraci\u00f3n militar con Bulgaria | El Digital de Asturias","description":"Sof\u00eda, 16 jul (dpa) - La ministra alemana de Defensa, Annegret Kramp-Karrenbauer, planea estrechar la cooperaci\u00f3n militar con Bulgaria, seg\u00fan anunci\u00f3 hoy en Sof\u00eda. Durante el encuentro con su hom\u00f3logo b\u00falgaro, Krasimir Karakachanov, la ministra germana dijo que, en el futuro, los oficiales b\u00falgaros podr\u00e1n participar en los cursos del Estado Mayor alem\u00e1n. Asimismo indic\u00f3","inLanguage":"es-ES","isPartOf":{"@id":"https:\/\/eldigitaldeasturias.com\/radio\/#website"},"breadcrumb":{"@id":"https:\/\/eldigitaldeasturias.com\/radio\/alemania-estrecha-su-colaboracion-militar-con-bulgaria\/#breadcrumblist"},"author":{"@id":"https:\/\/eldigitaldeasturias.com\/radio\/author\/nbasturias\/#author"},"creator":{"@id":"https:\/\/eldigitaldeasturias.com\/radio\/author\/nbasturias\/#author"},"image":{"@type":"ImageObject","url":"https:\/\/eldigitaldeasturias.com\/radio\/wp-content\/uploads\/2020\/07\/Kramp-Karrenbauer.jpg","@id":"https:\/\/eldigitaldeasturias.com\/radio\/alemania-estrecha-su-colaboracion-militar-con-bulgaria\/#mainImage","width":1124,"height":660,"caption":"Foto: Tobias Koch\/Bundeswehr\/dpa"},"primaryImageOfPage":{"@id":"https:\/\/eldigitaldeasturias.com\/radio\/alemania-estrecha-su-colaboracion-militar-con-bulgaria\/#mainImage"},"datePublished":"2020-07-17T00:15:28+02:00","dateModified":"2020-07-17T00:15:28+02:00"},{"@type":"WebSite","@id":"https:\/\/eldigitaldeasturias.com\/radio\/#website","url":"https:\/\/eldigitaldeasturias.com\/radio\/","name":"El Digital de Asturias","description":"Diario de informaci\u00f3n y noticias","inLanguage":"es-ES","publisher":{"@id":"https:\/\/eldigitaldeasturias.com\/radio\/#organization"}}]},"og:locale":"es_ES","og:site_name":"El Digital de Asturias | Diario de informaci\u00f3n y noticias","og:type":"article","og:title":"Alemania estrecha su colaboraci\u00f3n militar con Bulgaria | El Digital de Asturias","og:description":"Sof\u00eda, 16 jul (dpa) - La ministra alemana de Defensa, Annegret Kramp-Karrenbauer, planea estrechar la cooperaci\u00f3n militar con Bulgaria, seg\u00fan anunci\u00f3 hoy en Sof\u00eda. Durante el encuentro con su hom\u00f3logo b\u00falgaro, Krasimir Karakachanov, la ministra germana dijo que, en el futuro, los oficiales b\u00falgaros podr\u00e1n participar en los cursos del Estado Mayor alem\u00e1n. Asimismo indic\u00f3","og:url":"https:\/\/eldigitaldeasturias.com\/radio\/alemania-estrecha-su-colaboracion-militar-con-bulgaria\/","og:image":"https:\/\/eldigitaldeasturias.com\/radio\/wp-content\/uploads\/2020\/07\/Kramp-Karrenbauer.jpg","og:image:secure_url":"https:\/\/eldigitaldeasturias.com\/radio\/wp-content\/uploads\/2020\/07\/Kramp-Karrenbauer.jpg","og:image:width":1124,"og:image:height":660,"article:published_time":"2020-07-17T00:15:28+00:00","article:modified_time":"2020-07-17T00:15:28+00:00","twitter:card":"summary_large_image","twitter:site":"@bercodi","twitter:title":"Alemania estrecha su colaboraci\u00f3n militar con Bulgaria | El Digital de Asturias","twitter:description":"Sof\u00eda, 16 jul (dpa) - La ministra alemana de Defensa, Annegret Kramp-Karrenbauer, planea estrechar la cooperaci\u00f3n militar con Bulgaria, seg\u00fan anunci\u00f3 hoy en Sof\u00eda. Durante el encuentro con su hom\u00f3logo b\u00falgaro, Krasimir Karakachanov, la ministra germana dijo que, en el futuro, los oficiales b\u00falgaros podr\u00e1n participar en los cursos del Estado Mayor alem\u00e1n. Asimismo indic\u00f3","twitter:creator":"@bercodi","twitter:image":"https:\/\/eldigitaldeasturias.com\/radio\/wp-content\/uploads\/2020\/07\/Kramp-Karrenbauer.jpg"},"aioseo_meta_data":{"post_id":"4747","title":null,"description":"","keywords":"","keyphrases":null,"primary_term":null,"canonical_url":"","og_title":null,"og_description":null,"og_object_type":"default","og_image_type":"default","og_image_url":null,"og_image_width":null,"og_image_height":null,"og_image_custom_url":null,"og_image_custom_fields":null,"og_video":null,"og_custom_url":null,"og_article_section":null,"og_article_tags":null,"twitter_use_og":false,"twitter_card":"default","twitter_image_type":"default","twitter_image_url":null,"twitter_image_custom_url":null,"twitter_image_custom_fields":null,"twitter_title":null,"twitter_description":null,"schema":{"blockGraphs":[],"customGraphs":[],"default":{"data":{"Article":[],"Course":[],"Dataset":[],"FAQPage":[],"Movie":[],"Person":[],"Product":[],"ProductReview":[],"Car":[],"Recipe":[],"Service":[],"SoftwareApplication":[],"WebPage":[]},"graphName":"","isEnabled":true},"graphs":[],"defaultGraph":"","defaultPostTypeGraph":""},"schema_type":null,"schema_type_options":null,"pillar_content":false,"robots_default":true,"robots_noindex":false,"robots_noarchive":false,"robots_nosnippet":false,"robots_nofollow":false,"robots_noimageindex":false,"robots_noodp":false,"robots_notranslate":false,"robots_max_snippet":null,"robots_max_videopreview":null,"robots_max_imagepreview":"large","priority":null,"frequency":null,"location":null,"local_seo":null,"seo_analyzer_scan_date":"2025-08-28 16:38:40","breadcrumb_settings":null,"limit_modified_date":false,"open_ai":null,"ai":null,"created":"2021-03-26 04:11:10","updated":"2025-08-28 16:38:40"},"aioseo_breadcrumb":"<div class=\"aioseo-breadcrumbs\"><span class=\"aioseo-breadcrumb\">\n\t<a href=\"https:\/\/eldigitaldeasturias.com\/radio\" title=\"Inicio\">Inicio<\/a>\n<\/span><span class=\"aioseo-breadcrumb-separator\">&ndash;<\/span><span class=\"aioseo-breadcrumb\">\n\t<a href=\"https:\/\/eldigitaldeasturias.com\/radio\/category\/noticias\/\" title=\"Noticias\">Noticias<\/a>\n<\/span><span class=\"aioseo-breadcrumb-separator\">&ndash;<\/span><span class=\"aioseo-breadcrumb\">\n\tAlemania estrecha su colaboraci\u00f3n militar con Bulgaria\n<\/span><\/div>","aioseo_breadcrumb_json":[{"label":"Inicio","link":"https:\/\/eldigitaldeasturias.com\/radio"},{"label":"Noticias","link":"https:\/\/eldigitaldeasturias.com\/radio\/category\/noticias\/"},{"label":"Alemania estrecha su colaboraci\u00f3n militar con Bulgaria","link":"https:\/\/eldigitaldeasturias.com\/radio\/alemania-estrecha-su-colaboracion-militar-con-bulgaria\/"}],"_links":{"self":[{"href":"https:\/\/eldigitaldeasturias.com\/radio\/wp-json\/wp\/v2\/posts\/4747","targetHints":{"allow":["GET"]}}],"collection":[{"href":"https:\/\/eldigitaldeasturias.com\/radio\/wp-json\/wp\/v2\/posts"}],"about":[{"href":"https:\/\/eldigitaldeasturias.com\/radio\/wp-json\/wp\/v2\/types\/post"}],"author":[{"embeddable":true,"href":"https:\/\/eldigitaldeasturias.com\/radio\/wp-json\/wp\/v2\/users\/1"}],"replies":[{"embeddable":true,"href":"https:\/\/eldigitaldeasturias.com\/radio\/wp-json\/wp\/v2\/comments?post=4747"}],"version-history":[{"count":0,"href":"https:\/\/eldigitaldeasturias.com\/radio\/wp-json\/wp\/v2\/posts\/4747\/revisions"}],"wp:featuredmedia":[{"embeddable":true,"href":"https:\/\/eldigitaldeasturias.com\/radio\/wp-json\/wp\/v2\/media\/4748"}],"wp:attachment":[{"href":"https:\/\/eldigitaldeasturias.com\/radio\/wp-json\/wp\/v2\/media?parent=4747"}],"wp:term":[{"taxonomy":"category","embeddable":true,"href":"https:\/\/eldigitaldeasturias.com\/radio\/wp-json\/wp\/v2\/categories?post=4747"},{"taxonomy":"post_tag","embeddable":true,"href":"https:\/\/eldigitaldeasturias.com\/radio\/wp-json\/wp\/v2\/tags?post=4747"}],"curies":[{"name":"wp","href":"https:\/\/api.w.org\/{rel}","templated":true}]}}