{"id":4742,"date":"2020-07-16T14:36:27","date_gmt":"2020-07-16T14:36:27","guid":{"rendered":"http:\/\/www.eldigitaldeasturias.com\/radio\/?p=4742"},"modified":"2020-07-16T14:36:27","modified_gmt":"2020-07-16T14:36:27","slug":"greenpeace-celebra-el-fin-de-las-termicas-de-carbon","status":"publish","type":"post","link":"https:\/\/eldigitaldeasturias.com\/radio\/greenpeace-celebra-el-fin-de-las-termicas-de-carbon\/","title":{"rendered":"Greenpeace celebra el fin de las t\u00e9rmicas de carb\u00f3n"},"content":{"rendered":"<figure id=\"attachment_4740\" aria-describedby=\"caption-attachment-4740\" style=\"width: 360px\" class=\"wp-caption alignleft\"><img fetchpriority=\"high\" decoding=\"async\" class=\"size-medium wp-image-4740\" src=\"http:\/\/www.eldigitaldeasturias.com\/radio\/wp-content\/uploads\/2020\/07\/Soto-Ribera-360x239.jpg\" alt=\"\" width=\"360\" height=\"239\" srcset=\"https:\/\/eldigitaldeasturias.com\/radio\/wp-content\/uploads\/2020\/07\/Soto-Ribera-360x239.jpg 360w, https:\/\/eldigitaldeasturias.com\/radio\/wp-content\/uploads\/2020\/07\/Soto-Ribera.jpg 734w\" sizes=\"(max-width: 360px) 100vw, 360px\" \/><figcaption id=\"caption-attachment-4740\" class=\"wp-caption-text\">Central T\u00e9rmica en Soto De Ribera &#8211; EUROPA PRESS<\/figcaption><\/figure>\n<p>(EUROPA PRESS) &#8211;\u00a0Greenpeace ha celebrado el fin de las t\u00e9rmicas de carb\u00f3n, tras el anuncio de cierre de las centrales t\u00e9rmicas de Abo\u00f1o y Soto de Ribera en Asturias por parte de la empresa portuguesa EDP que ha iniciado la solicitud de cierre de estas dos plantas, las \u00faltimas centrales t\u00e9rmicas operativas en Espa\u00f1a.<\/p>\n<p>Greenpeace ha recordado que inici\u00f3 su trabajo contra las t\u00e9rmicas de carb\u00f3n en 1990, cuando denunci\u00f3 la contaminaci\u00f3n por lluvia \u00e1cida de la t\u00e9rmica de Endesa en Andorra (Teruel), a cuyo presidente llev\u00f3 a los tribunales. A partir de ah\u00ed, la organizaci\u00f3n concentr\u00f3 sus fuerzas en detener \u00abla avalancha de nuevas t\u00e9rmicas\u00bb que promov\u00eda el Plan Energ\u00e9tico Nacional de 1991, muchas de las cuales no llegaron a construirse.<\/p>\n<p>La campa\u00f1a m\u00e1s dura e intensa contra lo que Greenpeace calific\u00f3 de \u00abf\u00e1bricas de cambio clim\u00e1tico\u00bb fue contra la ampliaci\u00f3n de la t\u00e9rmica de Endesa en Carboneras (Almer\u00eda), en la que varios barcos de Greenpeace realizaron acciones directas no violentas.<\/p>\n<p>Tras la adopci\u00f3n del Acuerdo clim\u00e1tico de Par\u00eds, en diciembre de 2015, Greenpeace intensific\u00f3 su campa\u00f1a para asegurar el abandono de la miner\u00eda y de las t\u00e9rmicas de carb\u00f3n de forma justa y socialmente aceptada.<\/p>\n<p>Ahora, Greenpece pide al Gobierno agilizar las solicitudes de cierre y acelerar la transformaci\u00f3n a un modelo energ\u00e9tico 100% renovable que no deje a nadie atr\u00e1s.<\/p>\n<p>\u00abSomos un diamante en bruto en energ\u00edas renovables y no solo las empresas, sino la ciudadan\u00eda, tiene un enorme potencial de participaci\u00f3n social para generar, comprar, almacenar o gestionar nuestras propias renovables. Los combustibles f\u00f3siles son del pasado, entramos en la fase de las personas y el planeta\u00bb, ha concluido Tatiana Nu\u00f1o, responsable de la campa\u00f1a de cambio clim\u00e1tico de Greenpeace.<\/p>\n","protected":false},"excerpt":{"rendered":"<p>(EUROPA PRESS) &#8211;\u00a0Greenpeace ha celebrado el fin de las t\u00e9rmicas de carb\u00f3n, tras el anuncio de cierre de las centrales t\u00e9rmicas de Abo\u00f1o y Soto de Ribera en Asturias por parte de la empresa portuguesa EDP que ha iniciado la solicitud de cierre de estas dos plantas, las \u00faltimas centrales t\u00e9rmicas operativas en Espa\u00f1a. Greenpeace<\/p>\n","protected":false},"author":1,"featured_media":4740,"comment_status":"closed","ping_status":"closed","sticky":false,"template":"","format":"standard","meta":{"footnotes":""},"categories":[1],"tags":[],"class_list":{"0":"post-4742","1":"post","2":"type-post","3":"status-publish","4":"format-standard","5":"has-post-thumbnail","7":"category-noticias"},"aioseo_notices":[],"aioseo_head":"\n\t\t<!-- All in One SEO Pro 4.9.6.2 - aioseo.com -->\n\t<meta name=\"description\" content=\"(EUROPA PRESS) - Greenpeace ha celebrado el fin de las t\u00e9rmicas de carb\u00f3n, tras el anuncio de cierre de las centrales t\u00e9rmicas de Abo\u00f1o y Soto de Ribera en Asturias por parte de la empresa portuguesa EDP que ha iniciado la solicitud de cierre de estas dos plantas, las \u00faltimas centrales t\u00e9rmicas operativas en Espa\u00f1a. Greenpeace\" \/>\n\t<meta name=\"robots\" content=\"max-image-preview:large\" \/>\n\t<meta name=\"author\" content=\"NBAsturias\"\/>\n\t<meta name=\"google-site-verification\" content=\"UA-38556648-1\" \/>\n\t<meta name=\"keywords\" content=\"noticias\" \/>\n\t<link rel=\"canonical\" href=\"https:\/\/eldigitaldeasturias.com\/radio\/greenpeace-celebra-el-fin-de-las-termicas-de-carbon\/\" \/>\n\t<meta name=\"generator\" content=\"All in One SEO Pro (AIOSEO) 4.9.6.2\" \/>\n\t\t<meta property=\"og:locale\" content=\"es_ES\" \/>\n\t\t<meta property=\"og:site_name\" content=\"El Digital de Asturias | Diario de informaci\u00f3n y noticias\" \/>\n\t\t<meta property=\"og:type\" content=\"article\" \/>\n\t\t<meta property=\"og:title\" content=\"Greenpeace celebra el fin de las t\u00e9rmicas de carb\u00f3n | El Digital de Asturias\" \/>\n\t\t<meta property=\"og:description\" content=\"(EUROPA PRESS) - Greenpeace ha celebrado el fin de las t\u00e9rmicas de carb\u00f3n, tras el anuncio de cierre de las centrales t\u00e9rmicas de Abo\u00f1o y Soto de Ribera en Asturias por parte de la empresa portuguesa EDP que ha iniciado la solicitud de cierre de estas dos plantas, las \u00faltimas centrales t\u00e9rmicas operativas en Espa\u00f1a. Greenpeace\" \/>\n\t\t<meta property=\"og:url\" content=\"https:\/\/eldigitaldeasturias.com\/radio\/greenpeace-celebra-el-fin-de-las-termicas-de-carbon\/\" \/>\n\t\t<meta property=\"og:image\" content=\"https:\/\/eldigitaldeasturias.com\/radio\/wp-content\/uploads\/2020\/07\/Soto-Ribera.jpg\" \/>\n\t\t<meta property=\"og:image:secure_url\" content=\"https:\/\/eldigitaldeasturias.com\/radio\/wp-content\/uploads\/2020\/07\/Soto-Ribera.jpg\" \/>\n\t\t<meta property=\"og:image:width\" content=\"734\" \/>\n\t\t<meta property=\"og:image:height\" content=\"488\" \/>\n\t\t<meta property=\"article:published_time\" content=\"2020-07-16T14:36:27+00:00\" \/>\n\t\t<meta property=\"article:modified_time\" content=\"2020-07-16T14:36:27+00:00\" \/>\n\t\t<meta name=\"twitter:card\" content=\"summary_large_image\" \/>\n\t\t<meta name=\"twitter:site\" content=\"@bercodi\" \/>\n\t\t<meta name=\"twitter:title\" content=\"Greenpeace celebra el fin de las t\u00e9rmicas de carb\u00f3n | El Digital de Asturias\" \/>\n\t\t<meta name=\"twitter:description\" content=\"(EUROPA PRESS) - Greenpeace ha celebrado el fin de las t\u00e9rmicas de carb\u00f3n, tras el anuncio de cierre de las centrales t\u00e9rmicas de Abo\u00f1o y Soto de Ribera en Asturias por parte de la empresa portuguesa EDP que ha iniciado la solicitud de cierre de estas dos plantas, las \u00faltimas centrales t\u00e9rmicas operativas en Espa\u00f1a. Greenpeace\" \/>\n\t\t<meta name=\"twitter:creator\" content=\"@bercodi\" \/>\n\t\t<meta name=\"twitter:image\" content=\"https:\/\/eldigitaldeasturias.com\/radio\/wp-content\/uploads\/2020\/07\/Soto-Ribera.jpg\" \/>\n\t\t<script type=\"application\/ld+json\" class=\"aioseo-schema\">\n\t\t\t{\"@context\":\"https:\\\/\\\/schema.org\",\"@graph\":[{\"@type\":\"BreadcrumbList\",\"@id\":\"https:\\\/\\\/eldigitaldeasturias.com\\\/radio\\\/greenpeace-celebra-el-fin-de-las-termicas-de-carbon\\\/#breadcrumblist\",\"itemListElement\":[{\"@type\":\"ListItem\",\"@id\":\"https:\\\/\\\/eldigitaldeasturias.com\\\/radio#listItem\",\"position\":1,\"name\":\"Inicio\",\"item\":\"https:\\\/\\\/eldigitaldeasturias.com\\\/radio\",\"nextItem\":{\"@type\":\"ListItem\",\"@id\":\"https:\\\/\\\/eldigitaldeasturias.com\\\/radio\\\/category\\\/noticias\\\/#listItem\",\"name\":\"Noticias\"}},{\"@type\":\"ListItem\",\"@id\":\"https:\\\/\\\/eldigitaldeasturias.com\\\/radio\\\/category\\\/noticias\\\/#listItem\",\"position\":2,\"name\":\"Noticias\",\"item\":\"https:\\\/\\\/eldigitaldeasturias.com\\\/radio\\\/category\\\/noticias\\\/\",\"nextItem\":{\"@type\":\"ListItem\",\"@id\":\"https:\\\/\\\/eldigitaldeasturias.com\\\/radio\\\/greenpeace-celebra-el-fin-de-las-termicas-de-carbon\\\/#listItem\",\"name\":\"Greenpeace celebra el fin de las t\\u00e9rmicas de carb\\u00f3n\"},\"previousItem\":{\"@type\":\"ListItem\",\"@id\":\"https:\\\/\\\/eldigitaldeasturias.com\\\/radio#listItem\",\"name\":\"Inicio\"}},{\"@type\":\"ListItem\",\"@id\":\"https:\\\/\\\/eldigitaldeasturias.com\\\/radio\\\/greenpeace-celebra-el-fin-de-las-termicas-de-carbon\\\/#listItem\",\"position\":3,\"name\":\"Greenpeace celebra el fin de las t\\u00e9rmicas de carb\\u00f3n\",\"previousItem\":{\"@type\":\"ListItem\",\"@id\":\"https:\\\/\\\/eldigitaldeasturias.com\\\/radio\\\/category\\\/noticias\\\/#listItem\",\"name\":\"Noticias\"}}]},{\"@type\":\"NewsArticle\",\"@id\":\"https:\\\/\\\/eldigitaldeasturias.com\\\/radio\\\/greenpeace-celebra-el-fin-de-las-termicas-de-carbon\\\/#newsarticle\",\"name\":\"Greenpeace celebra el fin de las t\\u00e9rmicas de carb\\u00f3n | El Digital de Asturias\",\"headline\":\"Greenpeace celebra el fin de las t\\u00e9rmicas de carb\\u00f3n\",\"author\":{\"@id\":\"https:\\\/\\\/eldigitaldeasturias.com\\\/radio\\\/author\\\/nbasturias\\\/#author\"},\"publisher\":{\"@id\":\"https:\\\/\\\/eldigitaldeasturias.com\\\/radio\\\/#organization\"},\"image\":{\"@type\":\"ImageObject\",\"url\":\"https:\\\/\\\/eldigitaldeasturias.com\\\/radio\\\/wp-content\\\/uploads\\\/2020\\\/07\\\/Soto-Ribera.jpg\",\"width\":734,\"height\":488,\"caption\":\"Central T\\u00e9rmica en Soto De Ribera - EUROPA PRESS\"},\"datePublished\":\"2020-07-16T14:36:27+02:00\",\"dateModified\":\"2020-07-16T14:36:27+02:00\",\"inLanguage\":\"es-ES\",\"mainEntityOfPage\":{\"@id\":\"https:\\\/\\\/eldigitaldeasturias.com\\\/radio\\\/greenpeace-celebra-el-fin-de-las-termicas-de-carbon\\\/#webpage\"},\"isPartOf\":{\"@id\":\"https:\\\/\\\/eldigitaldeasturias.com\\\/radio\\\/greenpeace-celebra-el-fin-de-las-termicas-de-carbon\\\/#webpage\"},\"articleSection\":\"Noticias\",\"dateline\":\"Publicado el julio 16, 2020.\"},{\"@type\":\"Organization\",\"@id\":\"https:\\\/\\\/eldigitaldeasturias.com\\\/radio\\\/#organization\",\"name\":\"El digital de Asturias Radio\",\"description\":\"Diario de informaci\\u00f3n y noticias\",\"url\":\"https:\\\/\\\/eldigitaldeasturias.com\\\/radio\\\/\",\"telephone\":\"+34652131393\",\"logo\":{\"@type\":\"ImageObject\",\"url\":\"https:\\\/\\\/www.eldigitaldeasturias.com\\\/radio\\\/wp-content\\\/uploads\\\/2021\\\/03\\\/EDA.jpg\",\"@id\":\"https:\\\/\\\/eldigitaldeasturias.com\\\/radio\\\/greenpeace-celebra-el-fin-de-las-termicas-de-carbon\\\/#organizationLogo\"},\"image\":{\"@id\":\"https:\\\/\\\/eldigitaldeasturias.com\\\/radio\\\/greenpeace-celebra-el-fin-de-las-termicas-de-carbon\\\/#organizationLogo\"},\"sameAs\":[\"https:\\\/\\\/www.facebook.com\\\/\",\"https:\\\/\\\/x.com\\\/bercodi\",\"https:\\\/\\\/www.instagram.com\\\/\",\"https:\\\/\\\/www.youtube.com\\\/channel\\\/UCZP-2wLEB9Rv6erhFmqVnvg\"]},{\"@type\":\"Person\",\"@id\":\"https:\\\/\\\/eldigitaldeasturias.com\\\/radio\\\/author\\\/nbasturias\\\/#author\",\"url\":\"https:\\\/\\\/eldigitaldeasturias.com\\\/radio\\\/author\\\/nbasturias\\\/\",\"name\":\"NBAsturias\",\"image\":{\"@type\":\"ImageObject\",\"@id\":\"https:\\\/\\\/eldigitaldeasturias.com\\\/radio\\\/greenpeace-celebra-el-fin-de-las-termicas-de-carbon\\\/#authorImage\",\"url\":\"https:\\\/\\\/secure.gravatar.com\\\/avatar\\\/df2aeffc32bcd13f8d26072ef8a91b623d677766deac7f97ca815868cd41bf5e?s=96&d=mm&r=g\",\"width\":96,\"height\":96,\"caption\":\"NBAsturias\"}},{\"@type\":\"WebPage\",\"@id\":\"https:\\\/\\\/eldigitaldeasturias.com\\\/radio\\\/greenpeace-celebra-el-fin-de-las-termicas-de-carbon\\\/#webpage\",\"url\":\"https:\\\/\\\/eldigitaldeasturias.com\\\/radio\\\/greenpeace-celebra-el-fin-de-las-termicas-de-carbon\\\/\",\"name\":\"Greenpeace celebra el fin de las t\\u00e9rmicas de carb\\u00f3n | El Digital de Asturias\",\"description\":\"(EUROPA PRESS) - Greenpeace ha celebrado el fin de las t\\u00e9rmicas de carb\\u00f3n, tras el anuncio de cierre de las centrales t\\u00e9rmicas de Abo\\u00f1o y Soto de Ribera en Asturias por parte de la empresa portuguesa EDP que ha iniciado la solicitud de cierre de estas dos plantas, las \\u00faltimas centrales t\\u00e9rmicas operativas en Espa\\u00f1a. Greenpeace\",\"inLanguage\":\"es-ES\",\"isPartOf\":{\"@id\":\"https:\\\/\\\/eldigitaldeasturias.com\\\/radio\\\/#website\"},\"breadcrumb\":{\"@id\":\"https:\\\/\\\/eldigitaldeasturias.com\\\/radio\\\/greenpeace-celebra-el-fin-de-las-termicas-de-carbon\\\/#breadcrumblist\"},\"author\":{\"@id\":\"https:\\\/\\\/eldigitaldeasturias.com\\\/radio\\\/author\\\/nbasturias\\\/#author\"},\"creator\":{\"@id\":\"https:\\\/\\\/eldigitaldeasturias.com\\\/radio\\\/author\\\/nbasturias\\\/#author\"},\"image\":{\"@type\":\"ImageObject\",\"url\":\"https:\\\/\\\/eldigitaldeasturias.com\\\/radio\\\/wp-content\\\/uploads\\\/2020\\\/07\\\/Soto-Ribera.jpg\",\"@id\":\"https:\\\/\\\/eldigitaldeasturias.com\\\/radio\\\/greenpeace-celebra-el-fin-de-las-termicas-de-carbon\\\/#mainImage\",\"width\":734,\"height\":488,\"caption\":\"Central T\\u00e9rmica en Soto De Ribera - EUROPA PRESS\"},\"primaryImageOfPage\":{\"@id\":\"https:\\\/\\\/eldigitaldeasturias.com\\\/radio\\\/greenpeace-celebra-el-fin-de-las-termicas-de-carbon\\\/#mainImage\"},\"datePublished\":\"2020-07-16T14:36:27+02:00\",\"dateModified\":\"2020-07-16T14:36:27+02:00\"},{\"@type\":\"WebSite\",\"@id\":\"https:\\\/\\\/eldigitaldeasturias.com\\\/radio\\\/#website\",\"url\":\"https:\\\/\\\/eldigitaldeasturias.com\\\/radio\\\/\",\"name\":\"El Digital de Asturias\",\"description\":\"Diario de informaci\\u00f3n y noticias\",\"inLanguage\":\"es-ES\",\"publisher\":{\"@id\":\"https:\\\/\\\/eldigitaldeasturias.com\\\/radio\\\/#organization\"}}]}\n\t\t<\/script>\n\t\t<!-- All in One SEO Pro -->\r\n\t\t<title>Greenpeace celebra el fin de las t\u00e9rmicas de carb\u00f3n | El Digital de Asturias<\/title>\n\n","aioseo_head_json":{"title":"Greenpeace celebra el fin de las t\u00e9rmicas de carb\u00f3n | El Digital de Asturias","description":"(EUROPA PRESS) - Greenpeace ha celebrado el fin de las t\u00e9rmicas de carb\u00f3n, tras el anuncio de cierre de las centrales t\u00e9rmicas de Abo\u00f1o y Soto de Ribera en Asturias por parte de la empresa portuguesa EDP que ha iniciado la solicitud de cierre de estas dos plantas, las \u00faltimas centrales t\u00e9rmicas operativas en Espa\u00f1a. Greenpeace","canonical_url":"https:\/\/eldigitaldeasturias.com\/radio\/greenpeace-celebra-el-fin-de-las-termicas-de-carbon\/","robots":"max-image-preview:large","keywords":"noticias","webmasterTools":{"google-site-verification":"UA-38556648-1","miscellaneous":""},"schema":{"@context":"https:\/\/schema.org","@graph":[{"@type":"BreadcrumbList","@id":"https:\/\/eldigitaldeasturias.com\/radio\/greenpeace-celebra-el-fin-de-las-termicas-de-carbon\/#breadcrumblist","itemListElement":[{"@type":"ListItem","@id":"https:\/\/eldigitaldeasturias.com\/radio#listItem","position":1,"name":"Inicio","item":"https:\/\/eldigitaldeasturias.com\/radio","nextItem":{"@type":"ListItem","@id":"https:\/\/eldigitaldeasturias.com\/radio\/category\/noticias\/#listItem","name":"Noticias"}},{"@type":"ListItem","@id":"https:\/\/eldigitaldeasturias.com\/radio\/category\/noticias\/#listItem","position":2,"name":"Noticias","item":"https:\/\/eldigitaldeasturias.com\/radio\/category\/noticias\/","nextItem":{"@type":"ListItem","@id":"https:\/\/eldigitaldeasturias.com\/radio\/greenpeace-celebra-el-fin-de-las-termicas-de-carbon\/#listItem","name":"Greenpeace celebra el fin de las t\u00e9rmicas de carb\u00f3n"},"previousItem":{"@type":"ListItem","@id":"https:\/\/eldigitaldeasturias.com\/radio#listItem","name":"Inicio"}},{"@type":"ListItem","@id":"https:\/\/eldigitaldeasturias.com\/radio\/greenpeace-celebra-el-fin-de-las-termicas-de-carbon\/#listItem","position":3,"name":"Greenpeace celebra el fin de las t\u00e9rmicas de carb\u00f3n","previousItem":{"@type":"ListItem","@id":"https:\/\/eldigitaldeasturias.com\/radio\/category\/noticias\/#listItem","name":"Noticias"}}]},{"@type":"NewsArticle","@id":"https:\/\/eldigitaldeasturias.com\/radio\/greenpeace-celebra-el-fin-de-las-termicas-de-carbon\/#newsarticle","name":"Greenpeace celebra el fin de las t\u00e9rmicas de carb\u00f3n | El Digital de Asturias","headline":"Greenpeace celebra el fin de las t\u00e9rmicas de carb\u00f3n","author":{"@id":"https:\/\/eldigitaldeasturias.com\/radio\/author\/nbasturias\/#author"},"publisher":{"@id":"https:\/\/eldigitaldeasturias.com\/radio\/#organization"},"image":{"@type":"ImageObject","url":"https:\/\/eldigitaldeasturias.com\/radio\/wp-content\/uploads\/2020\/07\/Soto-Ribera.jpg","width":734,"height":488,"caption":"Central T\u00e9rmica en Soto De Ribera - EUROPA PRESS"},"datePublished":"2020-07-16T14:36:27+02:00","dateModified":"2020-07-16T14:36:27+02:00","inLanguage":"es-ES","mainEntityOfPage":{"@id":"https:\/\/eldigitaldeasturias.com\/radio\/greenpeace-celebra-el-fin-de-las-termicas-de-carbon\/#webpage"},"isPartOf":{"@id":"https:\/\/eldigitaldeasturias.com\/radio\/greenpeace-celebra-el-fin-de-las-termicas-de-carbon\/#webpage"},"articleSection":"Noticias","dateline":"Publicado el julio 16, 2020."},{"@type":"Organization","@id":"https:\/\/eldigitaldeasturias.com\/radio\/#organization","name":"El digital de Asturias Radio","description":"Diario de informaci\u00f3n y noticias","url":"https:\/\/eldigitaldeasturias.com\/radio\/","telephone":"+34652131393","logo":{"@type":"ImageObject","url":"https:\/\/www.eldigitaldeasturias.com\/radio\/wp-content\/uploads\/2021\/03\/EDA.jpg","@id":"https:\/\/eldigitaldeasturias.com\/radio\/greenpeace-celebra-el-fin-de-las-termicas-de-carbon\/#organizationLogo"},"image":{"@id":"https:\/\/eldigitaldeasturias.com\/radio\/greenpeace-celebra-el-fin-de-las-termicas-de-carbon\/#organizationLogo"},"sameAs":["https:\/\/www.facebook.com\/","https:\/\/x.com\/bercodi","https:\/\/www.instagram.com\/","https:\/\/www.youtube.com\/channel\/UCZP-2wLEB9Rv6erhFmqVnvg"]},{"@type":"Person","@id":"https:\/\/eldigitaldeasturias.com\/radio\/author\/nbasturias\/#author","url":"https:\/\/eldigitaldeasturias.com\/radio\/author\/nbasturias\/","name":"NBAsturias","image":{"@type":"ImageObject","@id":"https:\/\/eldigitaldeasturias.com\/radio\/greenpeace-celebra-el-fin-de-las-termicas-de-carbon\/#authorImage","url":"https:\/\/secure.gravatar.com\/avatar\/df2aeffc32bcd13f8d26072ef8a91b623d677766deac7f97ca815868cd41bf5e?s=96&d=mm&r=g","width":96,"height":96,"caption":"NBAsturias"}},{"@type":"WebPage","@id":"https:\/\/eldigitaldeasturias.com\/radio\/greenpeace-celebra-el-fin-de-las-termicas-de-carbon\/#webpage","url":"https:\/\/eldigitaldeasturias.com\/radio\/greenpeace-celebra-el-fin-de-las-termicas-de-carbon\/","name":"Greenpeace celebra el fin de las t\u00e9rmicas de carb\u00f3n | El Digital de Asturias","description":"(EUROPA PRESS) - Greenpeace ha celebrado el fin de las t\u00e9rmicas de carb\u00f3n, tras el anuncio de cierre de las centrales t\u00e9rmicas de Abo\u00f1o y Soto de Ribera en Asturias por parte de la empresa portuguesa EDP que ha iniciado la solicitud de cierre de estas dos plantas, las \u00faltimas centrales t\u00e9rmicas operativas en Espa\u00f1a. Greenpeace","inLanguage":"es-ES","isPartOf":{"@id":"https:\/\/eldigitaldeasturias.com\/radio\/#website"},"breadcrumb":{"@id":"https:\/\/eldigitaldeasturias.com\/radio\/greenpeace-celebra-el-fin-de-las-termicas-de-carbon\/#breadcrumblist"},"author":{"@id":"https:\/\/eldigitaldeasturias.com\/radio\/author\/nbasturias\/#author"},"creator":{"@id":"https:\/\/eldigitaldeasturias.com\/radio\/author\/nbasturias\/#author"},"image":{"@type":"ImageObject","url":"https:\/\/eldigitaldeasturias.com\/radio\/wp-content\/uploads\/2020\/07\/Soto-Ribera.jpg","@id":"https:\/\/eldigitaldeasturias.com\/radio\/greenpeace-celebra-el-fin-de-las-termicas-de-carbon\/#mainImage","width":734,"height":488,"caption":"Central T\u00e9rmica en Soto De Ribera - EUROPA PRESS"},"primaryImageOfPage":{"@id":"https:\/\/eldigitaldeasturias.com\/radio\/greenpeace-celebra-el-fin-de-las-termicas-de-carbon\/#mainImage"},"datePublished":"2020-07-16T14:36:27+02:00","dateModified":"2020-07-16T14:36:27+02:00"},{"@type":"WebSite","@id":"https:\/\/eldigitaldeasturias.com\/radio\/#website","url":"https:\/\/eldigitaldeasturias.com\/radio\/","name":"El Digital de Asturias","description":"Diario de informaci\u00f3n y noticias","inLanguage":"es-ES","publisher":{"@id":"https:\/\/eldigitaldeasturias.com\/radio\/#organization"}}]},"og:locale":"es_ES","og:site_name":"El Digital de Asturias | Diario de informaci\u00f3n y noticias","og:type":"article","og:title":"Greenpeace celebra el fin de las t\u00e9rmicas de carb\u00f3n | El Digital de Asturias","og:description":"(EUROPA PRESS) - Greenpeace ha celebrado el fin de las t\u00e9rmicas de carb\u00f3n, tras el anuncio de cierre de las centrales t\u00e9rmicas de Abo\u00f1o y Soto de Ribera en Asturias por parte de la empresa portuguesa EDP que ha iniciado la solicitud de cierre de estas dos plantas, las \u00faltimas centrales t\u00e9rmicas operativas en Espa\u00f1a. Greenpeace","og:url":"https:\/\/eldigitaldeasturias.com\/radio\/greenpeace-celebra-el-fin-de-las-termicas-de-carbon\/","og:image":"https:\/\/eldigitaldeasturias.com\/radio\/wp-content\/uploads\/2020\/07\/Soto-Ribera.jpg","og:image:secure_url":"https:\/\/eldigitaldeasturias.com\/radio\/wp-content\/uploads\/2020\/07\/Soto-Ribera.jpg","og:image:width":734,"og:image:height":488,"article:published_time":"2020-07-16T14:36:27+00:00","article:modified_time":"2020-07-16T14:36:27+00:00","twitter:card":"summary_large_image","twitter:site":"@bercodi","twitter:title":"Greenpeace celebra el fin de las t\u00e9rmicas de carb\u00f3n | El Digital de Asturias","twitter:description":"(EUROPA PRESS) - Greenpeace ha celebrado el fin de las t\u00e9rmicas de carb\u00f3n, tras el anuncio de cierre de las centrales t\u00e9rmicas de Abo\u00f1o y Soto de Ribera en Asturias por parte de la empresa portuguesa EDP que ha iniciado la solicitud de cierre de estas dos plantas, las \u00faltimas centrales t\u00e9rmicas operativas en Espa\u00f1a. Greenpeace","twitter:creator":"@bercodi","twitter:image":"https:\/\/eldigitaldeasturias.com\/radio\/wp-content\/uploads\/2020\/07\/Soto-Ribera.jpg"},"aioseo_meta_data":{"post_id":"4742","title":null,"description":"","keywords":"","keyphrases":null,"primary_term":null,"canonical_url":"","og_title":null,"og_description":null,"og_object_type":"default","og_image_type":"default","og_image_url":null,"og_image_width":null,"og_image_height":null,"og_image_custom_url":null,"og_image_custom_fields":null,"og_video":null,"og_custom_url":null,"og_article_section":null,"og_article_tags":null,"twitter_use_og":false,"twitter_card":"default","twitter_image_type":"default","twitter_image_url":null,"twitter_image_custom_url":null,"twitter_image_custom_fields":null,"twitter_title":null,"twitter_description":null,"schema":{"blockGraphs":[],"customGraphs":[],"default":{"data":{"Article":[],"Course":[],"Dataset":[],"FAQPage":[],"Movie":[],"Person":[],"Product":[],"ProductReview":[],"Car":[],"Recipe":[],"Service":[],"SoftwareApplication":[],"WebPage":[]},"graphName":"","isEnabled":true},"graphs":[],"defaultGraph":"","defaultPostTypeGraph":""},"schema_type":null,"schema_type_options":null,"pillar_content":false,"robots_default":true,"robots_noindex":false,"robots_noarchive":false,"robots_nosnippet":false,"robots_nofollow":false,"robots_noimageindex":false,"robots_noodp":false,"robots_notranslate":false,"robots_max_snippet":null,"robots_max_videopreview":null,"robots_max_imagepreview":"large","priority":null,"frequency":null,"location":null,"local_seo":null,"seo_analyzer_scan_date":"2025-08-28 16:36:50","breadcrumb_settings":null,"limit_modified_date":false,"open_ai":null,"ai":null,"created":"2021-03-27 15:10:40","updated":"2025-08-28 16:36:50"},"aioseo_breadcrumb":"<div class=\"aioseo-breadcrumbs\"><span class=\"aioseo-breadcrumb\">\n\t<a href=\"https:\/\/eldigitaldeasturias.com\/radio\" title=\"Inicio\">Inicio<\/a>\n<\/span><span class=\"aioseo-breadcrumb-separator\">&ndash;<\/span><span class=\"aioseo-breadcrumb\">\n\t<a href=\"https:\/\/eldigitaldeasturias.com\/radio\/category\/noticias\/\" title=\"Noticias\">Noticias<\/a>\n<\/span><span class=\"aioseo-breadcrumb-separator\">&ndash;<\/span><span class=\"aioseo-breadcrumb\">\n\tGreenpeace celebra el fin de las t\u00e9rmicas de carb\u00f3n\n<\/span><\/div>","aioseo_breadcrumb_json":[{"label":"Inicio","link":"https:\/\/eldigitaldeasturias.com\/radio"},{"label":"Noticias","link":"https:\/\/eldigitaldeasturias.com\/radio\/category\/noticias\/"},{"label":"Greenpeace celebra el fin de las t\u00e9rmicas de carb\u00f3n","link":"https:\/\/eldigitaldeasturias.com\/radio\/greenpeace-celebra-el-fin-de-las-termicas-de-carbon\/"}],"_links":{"self":[{"href":"https:\/\/eldigitaldeasturias.com\/radio\/wp-json\/wp\/v2\/posts\/4742","targetHints":{"allow":["GET"]}}],"collection":[{"href":"https:\/\/eldigitaldeasturias.com\/radio\/wp-json\/wp\/v2\/posts"}],"about":[{"href":"https:\/\/eldigitaldeasturias.com\/radio\/wp-json\/wp\/v2\/types\/post"}],"author":[{"embeddable":true,"href":"https:\/\/eldigitaldeasturias.com\/radio\/wp-json\/wp\/v2\/users\/1"}],"replies":[{"embeddable":true,"href":"https:\/\/eldigitaldeasturias.com\/radio\/wp-json\/wp\/v2\/comments?post=4742"}],"version-history":[{"count":0,"href":"https:\/\/eldigitaldeasturias.com\/radio\/wp-json\/wp\/v2\/posts\/4742\/revisions"}],"wp:featuredmedia":[{"embeddable":true,"href":"https:\/\/eldigitaldeasturias.com\/radio\/wp-json\/wp\/v2\/media\/4740"}],"wp:attachment":[{"href":"https:\/\/eldigitaldeasturias.com\/radio\/wp-json\/wp\/v2\/media?parent=4742"}],"wp:term":[{"taxonomy":"category","embeddable":true,"href":"https:\/\/eldigitaldeasturias.com\/radio\/wp-json\/wp\/v2\/categories?post=4742"},{"taxonomy":"post_tag","embeddable":true,"href":"https:\/\/eldigitaldeasturias.com\/radio\/wp-json\/wp\/v2\/tags?post=4742"}],"curies":[{"name":"wp","href":"https:\/\/api.w.org\/{rel}","templated":true}]}}