{"id":4739,"date":"2020-07-16T14:17:25","date_gmt":"2020-07-16T14:17:25","guid":{"rendered":"http:\/\/www.eldigitaldeasturias.com\/radio\/?p=4739"},"modified":"2020-07-16T14:17:25","modified_gmt":"2020-07-16T14:17:25","slug":"iidma-ve-el-cierre-de-la-central-de-soto-de-ribera-como-un-paso-mas-hacia-el-final-del-carbon-en-espana","status":"publish","type":"post","link":"https:\/\/eldigitaldeasturias.com\/radio\/iidma-ve-el-cierre-de-la-central-de-soto-de-ribera-como-un-paso-mas-hacia-el-final-del-carbon-en-espana\/","title":{"rendered":"IIDMA ve el cierre de la central de Soto de Ribera como \u00abun paso m\u00e1s hacia el final del carb\u00f3n en Espa\u00f1a\u00bb"},"content":{"rendered":"<figure id=\"attachment_4740\" aria-describedby=\"caption-attachment-4740\" style=\"width: 360px\" class=\"wp-caption alignleft\"><img fetchpriority=\"high\" decoding=\"async\" class=\"size-medium wp-image-4740\" src=\"http:\/\/www.eldigitaldeasturias.com\/radio\/wp-content\/uploads\/2020\/07\/Soto-Ribera-360x239.jpg\" alt=\"\" width=\"360\" height=\"239\" srcset=\"https:\/\/eldigitaldeasturias.com\/radio\/wp-content\/uploads\/2020\/07\/Soto-Ribera-360x239.jpg 360w, https:\/\/eldigitaldeasturias.com\/radio\/wp-content\/uploads\/2020\/07\/Soto-Ribera.jpg 734w\" sizes=\"(max-width: 360px) 100vw, 360px\" \/><figcaption id=\"caption-attachment-4740\" class=\"wp-caption-text\">Central T\u00e9rmica en Soto De Ribera &#8211; EUROPA PRESS<\/figcaption><\/figure>\n<p>(EUROPA PRESS) &#8211;\u00a0Instituto Internacional de Derecho y Medio Ambiente (IIDMA) ha considerado este mi\u00e9rcoles que el anuncio de la compa\u00f1\u00eda EDP de solicitar en pr\u00f3ximas fechas autorizaci\u00f3n para el cierre de la central t\u00e9rmica de carb\u00f3n de Soto de Ribera (Asturias) el a\u00f1o 2021, \u00abes un paso importante en el camino hacia el final de la energ\u00eda generada con carb\u00f3n en Espa\u00f1a\u00bb.<\/p>\n<p>Y a\u00f1ade que \u00abal mismo tiempo, este fin es un gran ejemplo de c\u00f3mo es posible hacerlo sin afectar el suministro energ\u00e9tico, siguiendo a la vez un proceso de transici\u00f3n justa para trabajadores y regiones afectadas por los cierres de plantas\u00bb.<\/p>\n<p>Para el Instituto Internacional de Derecho y Medio Ambiente la decisi\u00f3n de la energ\u00e9tica portuguesa -que se suma a los recientes cese de actividad de m\u00e1s de la mitad de la capacidad instalada de energ\u00eda de carb\u00f3n en Espa\u00f1a el pasado 30 de junio, hasta 5.16 GW-, significa en conjunto \u00abun gran avance para este pa\u00eds, de sus agentes econ\u00f3micos y la sociedad, en favor de una transici\u00f3n energ\u00e9tica que garantice un medio ambiente limpio y saludable\u00bb.<\/p>\n<p>Sostiene que con el anuncio sobre las centrales de Soto de Ribera y Abo\u00f1o se prev\u00e9 que en poco tiempo apenas queden plantas t\u00e9rmicas de carb\u00f3n operativas en Espa\u00f1a. \u00abEsto muestra y sirve de ejemplo para muchos pa\u00edses que se puede dejar de producir energ\u00eda con carb\u00f3n sin afectar el suministro el\u00e9ctrico y sin acudir a nuevas subvenciones, contribuyendo al mismo tiempo de manera firme en la lucha contra el cambio clim\u00e1tico. Ahora es necesario asegurar la transici\u00f3n justa con alternativas verdes\u00bb, ha asegurado la directora del Instituto Internacional de Derecho y Medio Ambiente, Ana Barreira.<\/p>\n<p>Sobre la planta de Soto de Ribera de (346 MW de potencia), EDP ha asegurado que se pedir\u00e1 el cierre del grupo 3, que no produce energ\u00eda desde hace m\u00e1s de un a\u00f1o, y que en esa ubicaci\u00f3n se estudian propuestas con el objetivo de desarrollar un proyecto innovador de almacenamiento de energ\u00eda.<\/p>\n<p>Para la t\u00e9rmica de Abo\u00f1o, tambi\u00e9n en Asturias, la compa\u00f1\u00eda ha asegurado que pidi\u00f3 licencia para la transformaci\u00f3n de su grupo 1 (342 MW de potencia) en una central que utilice s\u00f3lo gases sider\u00fargicos a partir de 2022, por lo que se mantendr\u00e1 como apoyo a cualquier indisponibilidad y adem\u00e1s tanto para esta planta como para Soto de Ribera, los cambios no supondr\u00e1n p\u00e9rdida de empleo.<\/p>\n<p>De acuerdo con datos de la CE, la central de Soto de Ribera ha pasado de emitir 2,9 millones de toneladas de CO2 en 2015 a 63.661 toneladas de CO2 en 2029; mientras que Abo\u00f1o pas\u00f3 de 7,5 millones de toneladas a 4,8 millones de toneladas de CO2. En t\u00e9rminos generales, el conjunto de centrales de carb\u00f3n del pa\u00eds en 2015 emitieron m\u00e1s de 50.5 millones de toneladas de CO2 al a\u00f1o en Espa\u00f1a, mientras en 2019 fueron 12.9 millones de toneladas.<\/p>\n","protected":false},"excerpt":{"rendered":"<p>(EUROPA PRESS) &#8211;\u00a0Instituto Internacional de Derecho y Medio Ambiente (IIDMA) ha considerado este mi\u00e9rcoles que el anuncio de la compa\u00f1\u00eda EDP de solicitar en pr\u00f3ximas fechas autorizaci\u00f3n para el cierre de la central t\u00e9rmica de carb\u00f3n de Soto de Ribera (Asturias) el a\u00f1o 2021, \u00abes un paso importante en el camino hacia el final de<\/p>\n","protected":false},"author":1,"featured_media":4740,"comment_status":"closed","ping_status":"closed","sticky":false,"template":"","format":"standard","meta":{"footnotes":""},"categories":[1],"tags":[],"class_list":{"0":"post-4739","1":"post","2":"type-post","3":"status-publish","4":"format-standard","5":"has-post-thumbnail","7":"category-noticias"},"aioseo_notices":[],"aioseo_head":"\n\t\t<!-- All in One SEO Pro 4.9.6.2 - aioseo.com -->\n\t<meta name=\"description\" content=\"(EUROPA PRESS) - Instituto Internacional de Derecho y Medio Ambiente (IIDMA) ha considerado este mi\u00e9rcoles que el anuncio de la compa\u00f1\u00eda EDP de solicitar en pr\u00f3ximas fechas autorizaci\u00f3n para el cierre de la central t\u00e9rmica de carb\u00f3n de Soto de Ribera (Asturias) el a\u00f1o 2021, &quot;es un paso importante en el camino hacia el final de\" \/>\n\t<meta name=\"robots\" content=\"max-image-preview:large\" \/>\n\t<meta name=\"author\" content=\"NBAsturias\"\/>\n\t<meta name=\"google-site-verification\" content=\"UA-38556648-1\" \/>\n\t<meta name=\"keywords\" content=\"noticias\" \/>\n\t<link rel=\"canonical\" href=\"https:\/\/eldigitaldeasturias.com\/radio\/iidma-ve-el-cierre-de-la-central-de-soto-de-ribera-como-un-paso-mas-hacia-el-final-del-carbon-en-espana\/\" \/>\n\t<meta name=\"generator\" content=\"All in One SEO Pro (AIOSEO) 4.9.6.2\" \/>\n\t\t<meta property=\"og:locale\" content=\"es_ES\" \/>\n\t\t<meta property=\"og:site_name\" content=\"El Digital de Asturias | Diario de informaci\u00f3n y noticias\" \/>\n\t\t<meta property=\"og:type\" content=\"article\" \/>\n\t\t<meta property=\"og:title\" content=\"IIDMA ve el cierre de la central de Soto de Ribera como \u00abun paso m\u00e1s hacia el final del carb\u00f3n en Espa\u00f1a\u00bb | El Digital de Asturias\" \/>\n\t\t<meta property=\"og:description\" content=\"(EUROPA PRESS) - Instituto Internacional de Derecho y Medio Ambiente (IIDMA) ha considerado este mi\u00e9rcoles que el anuncio de la compa\u00f1\u00eda EDP de solicitar en pr\u00f3ximas fechas autorizaci\u00f3n para el cierre de la central t\u00e9rmica de carb\u00f3n de Soto de Ribera (Asturias) el a\u00f1o 2021, &quot;es un paso importante en el camino hacia el final de\" \/>\n\t\t<meta property=\"og:url\" content=\"https:\/\/eldigitaldeasturias.com\/radio\/iidma-ve-el-cierre-de-la-central-de-soto-de-ribera-como-un-paso-mas-hacia-el-final-del-carbon-en-espana\/\" \/>\n\t\t<meta property=\"og:image\" content=\"https:\/\/eldigitaldeasturias.com\/radio\/wp-content\/uploads\/2020\/07\/Soto-Ribera.jpg\" \/>\n\t\t<meta property=\"og:image:secure_url\" content=\"https:\/\/eldigitaldeasturias.com\/radio\/wp-content\/uploads\/2020\/07\/Soto-Ribera.jpg\" \/>\n\t\t<meta property=\"og:image:width\" content=\"734\" \/>\n\t\t<meta property=\"og:image:height\" content=\"488\" \/>\n\t\t<meta property=\"article:published_time\" content=\"2020-07-16T14:17:25+00:00\" \/>\n\t\t<meta property=\"article:modified_time\" content=\"2020-07-16T14:17:25+00:00\" \/>\n\t\t<meta name=\"twitter:card\" content=\"summary_large_image\" \/>\n\t\t<meta name=\"twitter:site\" content=\"@bercodi\" \/>\n\t\t<meta name=\"twitter:title\" content=\"IIDMA ve el cierre de la central de Soto de Ribera como \u00abun paso m\u00e1s hacia el final del carb\u00f3n en Espa\u00f1a\u00bb | El Digital de Asturias\" \/>\n\t\t<meta name=\"twitter:description\" content=\"(EUROPA PRESS) - Instituto Internacional de Derecho y Medio Ambiente (IIDMA) ha considerado este mi\u00e9rcoles que el anuncio de la compa\u00f1\u00eda EDP de solicitar en pr\u00f3ximas fechas autorizaci\u00f3n para el cierre de la central t\u00e9rmica de carb\u00f3n de Soto de Ribera (Asturias) el a\u00f1o 2021, &quot;es un paso importante en el camino hacia el final de\" \/>\n\t\t<meta name=\"twitter:creator\" content=\"@bercodi\" \/>\n\t\t<meta name=\"twitter:image\" content=\"https:\/\/eldigitaldeasturias.com\/radio\/wp-content\/uploads\/2020\/07\/Soto-Ribera.jpg\" \/>\n\t\t<script type=\"application\/ld+json\" class=\"aioseo-schema\">\n\t\t\t{\"@context\":\"https:\\\/\\\/schema.org\",\"@graph\":[{\"@type\":\"BreadcrumbList\",\"@id\":\"https:\\\/\\\/eldigitaldeasturias.com\\\/radio\\\/iidma-ve-el-cierre-de-la-central-de-soto-de-ribera-como-un-paso-mas-hacia-el-final-del-carbon-en-espana\\\/#breadcrumblist\",\"itemListElement\":[{\"@type\":\"ListItem\",\"@id\":\"https:\\\/\\\/eldigitaldeasturias.com\\\/radio#listItem\",\"position\":1,\"name\":\"Inicio\",\"item\":\"https:\\\/\\\/eldigitaldeasturias.com\\\/radio\",\"nextItem\":{\"@type\":\"ListItem\",\"@id\":\"https:\\\/\\\/eldigitaldeasturias.com\\\/radio\\\/category\\\/noticias\\\/#listItem\",\"name\":\"Noticias\"}},{\"@type\":\"ListItem\",\"@id\":\"https:\\\/\\\/eldigitaldeasturias.com\\\/radio\\\/category\\\/noticias\\\/#listItem\",\"position\":2,\"name\":\"Noticias\",\"item\":\"https:\\\/\\\/eldigitaldeasturias.com\\\/radio\\\/category\\\/noticias\\\/\",\"nextItem\":{\"@type\":\"ListItem\",\"@id\":\"https:\\\/\\\/eldigitaldeasturias.com\\\/radio\\\/iidma-ve-el-cierre-de-la-central-de-soto-de-ribera-como-un-paso-mas-hacia-el-final-del-carbon-en-espana\\\/#listItem\",\"name\":\"IIDMA ve el cierre de la central de Soto de Ribera como \\u00abun paso m\\u00e1s hacia el final del carb\\u00f3n en Espa\\u00f1a\\u00bb\"},\"previousItem\":{\"@type\":\"ListItem\",\"@id\":\"https:\\\/\\\/eldigitaldeasturias.com\\\/radio#listItem\",\"name\":\"Inicio\"}},{\"@type\":\"ListItem\",\"@id\":\"https:\\\/\\\/eldigitaldeasturias.com\\\/radio\\\/iidma-ve-el-cierre-de-la-central-de-soto-de-ribera-como-un-paso-mas-hacia-el-final-del-carbon-en-espana\\\/#listItem\",\"position\":3,\"name\":\"IIDMA ve el cierre de la central de Soto de Ribera como \\u00abun paso m\\u00e1s hacia el final del carb\\u00f3n en Espa\\u00f1a\\u00bb\",\"previousItem\":{\"@type\":\"ListItem\",\"@id\":\"https:\\\/\\\/eldigitaldeasturias.com\\\/radio\\\/category\\\/noticias\\\/#listItem\",\"name\":\"Noticias\"}}]},{\"@type\":\"NewsArticle\",\"@id\":\"https:\\\/\\\/eldigitaldeasturias.com\\\/radio\\\/iidma-ve-el-cierre-de-la-central-de-soto-de-ribera-como-un-paso-mas-hacia-el-final-del-carbon-en-espana\\\/#newsarticle\",\"name\":\"IIDMA ve el cierre de la central de Soto de Ribera como \\u00abun paso m\\u00e1s hacia el final del carb\\u00f3n en Espa\\u00f1a\\u00bb | El Digital de Asturias\",\"headline\":\"IIDMA ve el cierre de la central de Soto de Ribera como \\u00abun paso m\\u00e1s hacia el final del carb\\u00f3n en Espa\\u00f1a\\u00bb\",\"author\":{\"@id\":\"https:\\\/\\\/eldigitaldeasturias.com\\\/radio\\\/author\\\/nbasturias\\\/#author\"},\"publisher\":{\"@id\":\"https:\\\/\\\/eldigitaldeasturias.com\\\/radio\\\/#organization\"},\"image\":{\"@type\":\"ImageObject\",\"url\":\"https:\\\/\\\/eldigitaldeasturias.com\\\/radio\\\/wp-content\\\/uploads\\\/2020\\\/07\\\/Soto-Ribera.jpg\",\"width\":734,\"height\":488,\"caption\":\"Central T\\u00e9rmica en Soto De Ribera - EUROPA PRESS\"},\"datePublished\":\"2020-07-16T14:17:25+02:00\",\"dateModified\":\"2020-07-16T14:17:25+02:00\",\"inLanguage\":\"es-ES\",\"mainEntityOfPage\":{\"@id\":\"https:\\\/\\\/eldigitaldeasturias.com\\\/radio\\\/iidma-ve-el-cierre-de-la-central-de-soto-de-ribera-como-un-paso-mas-hacia-el-final-del-carbon-en-espana\\\/#webpage\"},\"isPartOf\":{\"@id\":\"https:\\\/\\\/eldigitaldeasturias.com\\\/radio\\\/iidma-ve-el-cierre-de-la-central-de-soto-de-ribera-como-un-paso-mas-hacia-el-final-del-carbon-en-espana\\\/#webpage\"},\"articleSection\":\"Noticias\",\"dateline\":\"Publicado el julio 16, 2020.\"},{\"@type\":\"Organization\",\"@id\":\"https:\\\/\\\/eldigitaldeasturias.com\\\/radio\\\/#organization\",\"name\":\"El digital de Asturias Radio\",\"description\":\"Diario de informaci\\u00f3n y noticias\",\"url\":\"https:\\\/\\\/eldigitaldeasturias.com\\\/radio\\\/\",\"telephone\":\"+34652131393\",\"logo\":{\"@type\":\"ImageObject\",\"url\":\"https:\\\/\\\/www.eldigitaldeasturias.com\\\/radio\\\/wp-content\\\/uploads\\\/2021\\\/03\\\/EDA.jpg\",\"@id\":\"https:\\\/\\\/eldigitaldeasturias.com\\\/radio\\\/iidma-ve-el-cierre-de-la-central-de-soto-de-ribera-como-un-paso-mas-hacia-el-final-del-carbon-en-espana\\\/#organizationLogo\"},\"image\":{\"@id\":\"https:\\\/\\\/eldigitaldeasturias.com\\\/radio\\\/iidma-ve-el-cierre-de-la-central-de-soto-de-ribera-como-un-paso-mas-hacia-el-final-del-carbon-en-espana\\\/#organizationLogo\"},\"sameAs\":[\"https:\\\/\\\/www.facebook.com\\\/\",\"https:\\\/\\\/x.com\\\/bercodi\",\"https:\\\/\\\/www.instagram.com\\\/\",\"https:\\\/\\\/www.youtube.com\\\/channel\\\/UCZP-2wLEB9Rv6erhFmqVnvg\"]},{\"@type\":\"Person\",\"@id\":\"https:\\\/\\\/eldigitaldeasturias.com\\\/radio\\\/author\\\/nbasturias\\\/#author\",\"url\":\"https:\\\/\\\/eldigitaldeasturias.com\\\/radio\\\/author\\\/nbasturias\\\/\",\"name\":\"NBAsturias\",\"image\":{\"@type\":\"ImageObject\",\"@id\":\"https:\\\/\\\/eldigitaldeasturias.com\\\/radio\\\/iidma-ve-el-cierre-de-la-central-de-soto-de-ribera-como-un-paso-mas-hacia-el-final-del-carbon-en-espana\\\/#authorImage\",\"url\":\"https:\\\/\\\/secure.gravatar.com\\\/avatar\\\/df2aeffc32bcd13f8d26072ef8a91b623d677766deac7f97ca815868cd41bf5e?s=96&d=mm&r=g\",\"width\":96,\"height\":96,\"caption\":\"NBAsturias\"}},{\"@type\":\"WebPage\",\"@id\":\"https:\\\/\\\/eldigitaldeasturias.com\\\/radio\\\/iidma-ve-el-cierre-de-la-central-de-soto-de-ribera-como-un-paso-mas-hacia-el-final-del-carbon-en-espana\\\/#webpage\",\"url\":\"https:\\\/\\\/eldigitaldeasturias.com\\\/radio\\\/iidma-ve-el-cierre-de-la-central-de-soto-de-ribera-como-un-paso-mas-hacia-el-final-del-carbon-en-espana\\\/\",\"name\":\"IIDMA ve el cierre de la central de Soto de Ribera como \\u00abun paso m\\u00e1s hacia el final del carb\\u00f3n en Espa\\u00f1a\\u00bb | El Digital de Asturias\",\"description\":\"(EUROPA PRESS) - Instituto Internacional de Derecho y Medio Ambiente (IIDMA) ha considerado este mi\\u00e9rcoles que el anuncio de la compa\\u00f1\\u00eda EDP de solicitar en pr\\u00f3ximas fechas autorizaci\\u00f3n para el cierre de la central t\\u00e9rmica de carb\\u00f3n de Soto de Ribera (Asturias) el a\\u00f1o 2021, \\\"es un paso importante en el camino hacia el final de\",\"inLanguage\":\"es-ES\",\"isPartOf\":{\"@id\":\"https:\\\/\\\/eldigitaldeasturias.com\\\/radio\\\/#website\"},\"breadcrumb\":{\"@id\":\"https:\\\/\\\/eldigitaldeasturias.com\\\/radio\\\/iidma-ve-el-cierre-de-la-central-de-soto-de-ribera-como-un-paso-mas-hacia-el-final-del-carbon-en-espana\\\/#breadcrumblist\"},\"author\":{\"@id\":\"https:\\\/\\\/eldigitaldeasturias.com\\\/radio\\\/author\\\/nbasturias\\\/#author\"},\"creator\":{\"@id\":\"https:\\\/\\\/eldigitaldeasturias.com\\\/radio\\\/author\\\/nbasturias\\\/#author\"},\"image\":{\"@type\":\"ImageObject\",\"url\":\"https:\\\/\\\/eldigitaldeasturias.com\\\/radio\\\/wp-content\\\/uploads\\\/2020\\\/07\\\/Soto-Ribera.jpg\",\"@id\":\"https:\\\/\\\/eldigitaldeasturias.com\\\/radio\\\/iidma-ve-el-cierre-de-la-central-de-soto-de-ribera-como-un-paso-mas-hacia-el-final-del-carbon-en-espana\\\/#mainImage\",\"width\":734,\"height\":488,\"caption\":\"Central T\\u00e9rmica en Soto De Ribera - EUROPA PRESS\"},\"primaryImageOfPage\":{\"@id\":\"https:\\\/\\\/eldigitaldeasturias.com\\\/radio\\\/iidma-ve-el-cierre-de-la-central-de-soto-de-ribera-como-un-paso-mas-hacia-el-final-del-carbon-en-espana\\\/#mainImage\"},\"datePublished\":\"2020-07-16T14:17:25+02:00\",\"dateModified\":\"2020-07-16T14:17:25+02:00\"},{\"@type\":\"WebSite\",\"@id\":\"https:\\\/\\\/eldigitaldeasturias.com\\\/radio\\\/#website\",\"url\":\"https:\\\/\\\/eldigitaldeasturias.com\\\/radio\\\/\",\"name\":\"El Digital de Asturias\",\"description\":\"Diario de informaci\\u00f3n y noticias\",\"inLanguage\":\"es-ES\",\"publisher\":{\"@id\":\"https:\\\/\\\/eldigitaldeasturias.com\\\/radio\\\/#organization\"}}]}\n\t\t<\/script>\n\t\t<!-- All in One SEO Pro -->\r\n\t\t<title>IIDMA ve el cierre de la central de Soto de Ribera como \u00abun paso m\u00e1s hacia el final del carb\u00f3n en Espa\u00f1a\u00bb | El Digital de Asturias<\/title>\n\n","aioseo_head_json":{"title":"IIDMA ve el cierre de la central de Soto de Ribera como \u00abun paso m\u00e1s hacia el final del carb\u00f3n en Espa\u00f1a\u00bb | El Digital de Asturias","description":"(EUROPA PRESS) - Instituto Internacional de Derecho y Medio Ambiente (IIDMA) ha considerado este mi\u00e9rcoles que el anuncio de la compa\u00f1\u00eda EDP de solicitar en pr\u00f3ximas fechas autorizaci\u00f3n para el cierre de la central t\u00e9rmica de carb\u00f3n de Soto de Ribera (Asturias) el a\u00f1o 2021, \"es un paso importante en el camino hacia el final de","canonical_url":"https:\/\/eldigitaldeasturias.com\/radio\/iidma-ve-el-cierre-de-la-central-de-soto-de-ribera-como-un-paso-mas-hacia-el-final-del-carbon-en-espana\/","robots":"max-image-preview:large","keywords":"noticias","webmasterTools":{"google-site-verification":"UA-38556648-1","miscellaneous":""},"schema":{"@context":"https:\/\/schema.org","@graph":[{"@type":"BreadcrumbList","@id":"https:\/\/eldigitaldeasturias.com\/radio\/iidma-ve-el-cierre-de-la-central-de-soto-de-ribera-como-un-paso-mas-hacia-el-final-del-carbon-en-espana\/#breadcrumblist","itemListElement":[{"@type":"ListItem","@id":"https:\/\/eldigitaldeasturias.com\/radio#listItem","position":1,"name":"Inicio","item":"https:\/\/eldigitaldeasturias.com\/radio","nextItem":{"@type":"ListItem","@id":"https:\/\/eldigitaldeasturias.com\/radio\/category\/noticias\/#listItem","name":"Noticias"}},{"@type":"ListItem","@id":"https:\/\/eldigitaldeasturias.com\/radio\/category\/noticias\/#listItem","position":2,"name":"Noticias","item":"https:\/\/eldigitaldeasturias.com\/radio\/category\/noticias\/","nextItem":{"@type":"ListItem","@id":"https:\/\/eldigitaldeasturias.com\/radio\/iidma-ve-el-cierre-de-la-central-de-soto-de-ribera-como-un-paso-mas-hacia-el-final-del-carbon-en-espana\/#listItem","name":"IIDMA ve el cierre de la central de Soto de Ribera como \u00abun paso m\u00e1s hacia el final del carb\u00f3n en Espa\u00f1a\u00bb"},"previousItem":{"@type":"ListItem","@id":"https:\/\/eldigitaldeasturias.com\/radio#listItem","name":"Inicio"}},{"@type":"ListItem","@id":"https:\/\/eldigitaldeasturias.com\/radio\/iidma-ve-el-cierre-de-la-central-de-soto-de-ribera-como-un-paso-mas-hacia-el-final-del-carbon-en-espana\/#listItem","position":3,"name":"IIDMA ve el cierre de la central de Soto de Ribera como \u00abun paso m\u00e1s hacia el final del carb\u00f3n en Espa\u00f1a\u00bb","previousItem":{"@type":"ListItem","@id":"https:\/\/eldigitaldeasturias.com\/radio\/category\/noticias\/#listItem","name":"Noticias"}}]},{"@type":"NewsArticle","@id":"https:\/\/eldigitaldeasturias.com\/radio\/iidma-ve-el-cierre-de-la-central-de-soto-de-ribera-como-un-paso-mas-hacia-el-final-del-carbon-en-espana\/#newsarticle","name":"IIDMA ve el cierre de la central de Soto de Ribera como \u00abun paso m\u00e1s hacia el final del carb\u00f3n en Espa\u00f1a\u00bb | El Digital de Asturias","headline":"IIDMA ve el cierre de la central de Soto de Ribera como \u00abun paso m\u00e1s hacia el final del carb\u00f3n en Espa\u00f1a\u00bb","author":{"@id":"https:\/\/eldigitaldeasturias.com\/radio\/author\/nbasturias\/#author"},"publisher":{"@id":"https:\/\/eldigitaldeasturias.com\/radio\/#organization"},"image":{"@type":"ImageObject","url":"https:\/\/eldigitaldeasturias.com\/radio\/wp-content\/uploads\/2020\/07\/Soto-Ribera.jpg","width":734,"height":488,"caption":"Central T\u00e9rmica en Soto De Ribera - EUROPA PRESS"},"datePublished":"2020-07-16T14:17:25+02:00","dateModified":"2020-07-16T14:17:25+02:00","inLanguage":"es-ES","mainEntityOfPage":{"@id":"https:\/\/eldigitaldeasturias.com\/radio\/iidma-ve-el-cierre-de-la-central-de-soto-de-ribera-como-un-paso-mas-hacia-el-final-del-carbon-en-espana\/#webpage"},"isPartOf":{"@id":"https:\/\/eldigitaldeasturias.com\/radio\/iidma-ve-el-cierre-de-la-central-de-soto-de-ribera-como-un-paso-mas-hacia-el-final-del-carbon-en-espana\/#webpage"},"articleSection":"Noticias","dateline":"Publicado el julio 16, 2020."},{"@type":"Organization","@id":"https:\/\/eldigitaldeasturias.com\/radio\/#organization","name":"El digital de Asturias Radio","description":"Diario de informaci\u00f3n y noticias","url":"https:\/\/eldigitaldeasturias.com\/radio\/","telephone":"+34652131393","logo":{"@type":"ImageObject","url":"https:\/\/www.eldigitaldeasturias.com\/radio\/wp-content\/uploads\/2021\/03\/EDA.jpg","@id":"https:\/\/eldigitaldeasturias.com\/radio\/iidma-ve-el-cierre-de-la-central-de-soto-de-ribera-como-un-paso-mas-hacia-el-final-del-carbon-en-espana\/#organizationLogo"},"image":{"@id":"https:\/\/eldigitaldeasturias.com\/radio\/iidma-ve-el-cierre-de-la-central-de-soto-de-ribera-como-un-paso-mas-hacia-el-final-del-carbon-en-espana\/#organizationLogo"},"sameAs":["https:\/\/www.facebook.com\/","https:\/\/x.com\/bercodi","https:\/\/www.instagram.com\/","https:\/\/www.youtube.com\/channel\/UCZP-2wLEB9Rv6erhFmqVnvg"]},{"@type":"Person","@id":"https:\/\/eldigitaldeasturias.com\/radio\/author\/nbasturias\/#author","url":"https:\/\/eldigitaldeasturias.com\/radio\/author\/nbasturias\/","name":"NBAsturias","image":{"@type":"ImageObject","@id":"https:\/\/eldigitaldeasturias.com\/radio\/iidma-ve-el-cierre-de-la-central-de-soto-de-ribera-como-un-paso-mas-hacia-el-final-del-carbon-en-espana\/#authorImage","url":"https:\/\/secure.gravatar.com\/avatar\/df2aeffc32bcd13f8d26072ef8a91b623d677766deac7f97ca815868cd41bf5e?s=96&d=mm&r=g","width":96,"height":96,"caption":"NBAsturias"}},{"@type":"WebPage","@id":"https:\/\/eldigitaldeasturias.com\/radio\/iidma-ve-el-cierre-de-la-central-de-soto-de-ribera-como-un-paso-mas-hacia-el-final-del-carbon-en-espana\/#webpage","url":"https:\/\/eldigitaldeasturias.com\/radio\/iidma-ve-el-cierre-de-la-central-de-soto-de-ribera-como-un-paso-mas-hacia-el-final-del-carbon-en-espana\/","name":"IIDMA ve el cierre de la central de Soto de Ribera como \u00abun paso m\u00e1s hacia el final del carb\u00f3n en Espa\u00f1a\u00bb | El Digital de Asturias","description":"(EUROPA PRESS) - Instituto Internacional de Derecho y Medio Ambiente (IIDMA) ha considerado este mi\u00e9rcoles que el anuncio de la compa\u00f1\u00eda EDP de solicitar en pr\u00f3ximas fechas autorizaci\u00f3n para el cierre de la central t\u00e9rmica de carb\u00f3n de Soto de Ribera (Asturias) el a\u00f1o 2021, \"es un paso importante en el camino hacia el final de","inLanguage":"es-ES","isPartOf":{"@id":"https:\/\/eldigitaldeasturias.com\/radio\/#website"},"breadcrumb":{"@id":"https:\/\/eldigitaldeasturias.com\/radio\/iidma-ve-el-cierre-de-la-central-de-soto-de-ribera-como-un-paso-mas-hacia-el-final-del-carbon-en-espana\/#breadcrumblist"},"author":{"@id":"https:\/\/eldigitaldeasturias.com\/radio\/author\/nbasturias\/#author"},"creator":{"@id":"https:\/\/eldigitaldeasturias.com\/radio\/author\/nbasturias\/#author"},"image":{"@type":"ImageObject","url":"https:\/\/eldigitaldeasturias.com\/radio\/wp-content\/uploads\/2020\/07\/Soto-Ribera.jpg","@id":"https:\/\/eldigitaldeasturias.com\/radio\/iidma-ve-el-cierre-de-la-central-de-soto-de-ribera-como-un-paso-mas-hacia-el-final-del-carbon-en-espana\/#mainImage","width":734,"height":488,"caption":"Central T\u00e9rmica en Soto De Ribera - EUROPA PRESS"},"primaryImageOfPage":{"@id":"https:\/\/eldigitaldeasturias.com\/radio\/iidma-ve-el-cierre-de-la-central-de-soto-de-ribera-como-un-paso-mas-hacia-el-final-del-carbon-en-espana\/#mainImage"},"datePublished":"2020-07-16T14:17:25+02:00","dateModified":"2020-07-16T14:17:25+02:00"},{"@type":"WebSite","@id":"https:\/\/eldigitaldeasturias.com\/radio\/#website","url":"https:\/\/eldigitaldeasturias.com\/radio\/","name":"El Digital de Asturias","description":"Diario de informaci\u00f3n y noticias","inLanguage":"es-ES","publisher":{"@id":"https:\/\/eldigitaldeasturias.com\/radio\/#organization"}}]},"og:locale":"es_ES","og:site_name":"El Digital de Asturias | Diario de informaci\u00f3n y noticias","og:type":"article","og:title":"IIDMA ve el cierre de la central de Soto de Ribera como \u00abun paso m\u00e1s hacia el final del carb\u00f3n en Espa\u00f1a\u00bb | El Digital de Asturias","og:description":"(EUROPA PRESS) - Instituto Internacional de Derecho y Medio Ambiente (IIDMA) ha considerado este mi\u00e9rcoles que el anuncio de la compa\u00f1\u00eda EDP de solicitar en pr\u00f3ximas fechas autorizaci\u00f3n para el cierre de la central t\u00e9rmica de carb\u00f3n de Soto de Ribera (Asturias) el a\u00f1o 2021, &quot;es un paso importante en el camino hacia el final de","og:url":"https:\/\/eldigitaldeasturias.com\/radio\/iidma-ve-el-cierre-de-la-central-de-soto-de-ribera-como-un-paso-mas-hacia-el-final-del-carbon-en-espana\/","og:image":"https:\/\/eldigitaldeasturias.com\/radio\/wp-content\/uploads\/2020\/07\/Soto-Ribera.jpg","og:image:secure_url":"https:\/\/eldigitaldeasturias.com\/radio\/wp-content\/uploads\/2020\/07\/Soto-Ribera.jpg","og:image:width":734,"og:image:height":488,"article:published_time":"2020-07-16T14:17:25+00:00","article:modified_time":"2020-07-16T14:17:25+00:00","twitter:card":"summary_large_image","twitter:site":"@bercodi","twitter:title":"IIDMA ve el cierre de la central de Soto de Ribera como \u00abun paso m\u00e1s hacia el final del carb\u00f3n en Espa\u00f1a\u00bb | El Digital de Asturias","twitter:description":"(EUROPA PRESS) - Instituto Internacional de Derecho y Medio Ambiente (IIDMA) ha considerado este mi\u00e9rcoles que el anuncio de la compa\u00f1\u00eda EDP de solicitar en pr\u00f3ximas fechas autorizaci\u00f3n para el cierre de la central t\u00e9rmica de carb\u00f3n de Soto de Ribera (Asturias) el a\u00f1o 2021, &quot;es un paso importante en el camino hacia el final de","twitter:creator":"@bercodi","twitter:image":"https:\/\/eldigitaldeasturias.com\/radio\/wp-content\/uploads\/2020\/07\/Soto-Ribera.jpg"},"aioseo_meta_data":{"post_id":"4739","title":null,"description":"","keywords":"","keyphrases":null,"primary_term":null,"canonical_url":"","og_title":null,"og_description":null,"og_object_type":"default","og_image_type":"default","og_image_url":null,"og_image_width":null,"og_image_height":null,"og_image_custom_url":null,"og_image_custom_fields":null,"og_video":null,"og_custom_url":null,"og_article_section":null,"og_article_tags":null,"twitter_use_og":false,"twitter_card":"default","twitter_image_type":"default","twitter_image_url":null,"twitter_image_custom_url":null,"twitter_image_custom_fields":null,"twitter_title":null,"twitter_description":null,"schema":{"blockGraphs":[],"customGraphs":[],"default":{"data":{"Article":[],"Course":[],"Dataset":[],"FAQPage":[],"Movie":[],"Person":[],"Product":[],"ProductReview":[],"Car":[],"Recipe":[],"Service":[],"SoftwareApplication":[],"WebPage":[]},"graphName":"","isEnabled":true},"graphs":[],"defaultGraph":"","defaultPostTypeGraph":""},"schema_type":null,"schema_type_options":null,"pillar_content":false,"robots_default":true,"robots_noindex":false,"robots_noarchive":false,"robots_nosnippet":false,"robots_nofollow":false,"robots_noimageindex":false,"robots_noodp":false,"robots_notranslate":false,"robots_max_snippet":null,"robots_max_videopreview":null,"robots_max_imagepreview":"large","priority":null,"frequency":null,"location":null,"local_seo":null,"seo_analyzer_scan_date":"2025-08-28 16:36:49","breadcrumb_settings":null,"limit_modified_date":false,"open_ai":null,"ai":null,"created":"2021-03-27 19:40:50","updated":"2025-08-28 16:36:49"},"aioseo_breadcrumb":"<div class=\"aioseo-breadcrumbs\"><span class=\"aioseo-breadcrumb\">\n\t<a href=\"https:\/\/eldigitaldeasturias.com\/radio\" title=\"Inicio\">Inicio<\/a>\n<\/span><span class=\"aioseo-breadcrumb-separator\">&ndash;<\/span><span class=\"aioseo-breadcrumb\">\n\t<a href=\"https:\/\/eldigitaldeasturias.com\/radio\/category\/noticias\/\" title=\"Noticias\">Noticias<\/a>\n<\/span><span class=\"aioseo-breadcrumb-separator\">&ndash;<\/span><span class=\"aioseo-breadcrumb\">\n\tIIDMA ve el cierre de la central de Soto de Ribera como \u00abun paso m\u00e1s hacia el final del carb\u00f3n en Espa\u00f1a\u00bb\n<\/span><\/div>","aioseo_breadcrumb_json":[{"label":"Inicio","link":"https:\/\/eldigitaldeasturias.com\/radio"},{"label":"Noticias","link":"https:\/\/eldigitaldeasturias.com\/radio\/category\/noticias\/"},{"label":"IIDMA ve el cierre de la central de Soto de Ribera como \u00abun paso m\u00e1s hacia el final del carb\u00f3n en Espa\u00f1a\u00bb","link":"https:\/\/eldigitaldeasturias.com\/radio\/iidma-ve-el-cierre-de-la-central-de-soto-de-ribera-como-un-paso-mas-hacia-el-final-del-carbon-en-espana\/"}],"_links":{"self":[{"href":"https:\/\/eldigitaldeasturias.com\/radio\/wp-json\/wp\/v2\/posts\/4739","targetHints":{"allow":["GET"]}}],"collection":[{"href":"https:\/\/eldigitaldeasturias.com\/radio\/wp-json\/wp\/v2\/posts"}],"about":[{"href":"https:\/\/eldigitaldeasturias.com\/radio\/wp-json\/wp\/v2\/types\/post"}],"author":[{"embeddable":true,"href":"https:\/\/eldigitaldeasturias.com\/radio\/wp-json\/wp\/v2\/users\/1"}],"replies":[{"embeddable":true,"href":"https:\/\/eldigitaldeasturias.com\/radio\/wp-json\/wp\/v2\/comments?post=4739"}],"version-history":[{"count":0,"href":"https:\/\/eldigitaldeasturias.com\/radio\/wp-json\/wp\/v2\/posts\/4739\/revisions"}],"wp:featuredmedia":[{"embeddable":true,"href":"https:\/\/eldigitaldeasturias.com\/radio\/wp-json\/wp\/v2\/media\/4740"}],"wp:attachment":[{"href":"https:\/\/eldigitaldeasturias.com\/radio\/wp-json\/wp\/v2\/media?parent=4739"}],"wp:term":[{"taxonomy":"category","embeddable":true,"href":"https:\/\/eldigitaldeasturias.com\/radio\/wp-json\/wp\/v2\/categories?post=4739"},{"taxonomy":"post_tag","embeddable":true,"href":"https:\/\/eldigitaldeasturias.com\/radio\/wp-json\/wp\/v2\/tags?post=4739"}],"curies":[{"name":"wp","href":"https:\/\/api.w.org\/{rel}","templated":true}]}}