{"id":4734,"date":"2020-07-16T12:00:24","date_gmt":"2020-07-16T12:00:24","guid":{"rendered":"http:\/\/www.eldigitaldeasturias.com\/radio\/?p=4734"},"modified":"2020-07-16T12:10:55","modified_gmt":"2020-07-16T12:10:55","slug":"la-fiscalia-pide-4-anos-de-prision-para-un-hombre-por-trafico-de-drogas-en-aviles","status":"publish","type":"post","link":"https:\/\/eldigitaldeasturias.com\/radio\/la-fiscalia-pide-4-anos-de-prision-para-un-hombre-por-trafico-de-drogas-en-aviles\/","title":{"rendered":"La Fiscal\u00eda pide 4 a\u00f1os de prisi\u00f3n para un hombre por tr\u00e1fico de drogas en Avil\u00e9s"},"content":{"rendered":"<p><img fetchpriority=\"high\" decoding=\"async\" class=\"alignleft size-medium wp-image-1352\" src=\"http:\/\/www.eldigitaldeasturias.com\/radio\/wp-content\/uploads\/2018\/10\/technology-785742_960_720-360x240.jpg\" alt=\"\" width=\"360\" height=\"240\" srcset=\"https:\/\/eldigitaldeasturias.com\/radio\/wp-content\/uploads\/2018\/10\/technology-785742_960_720-360x240.jpg 360w, https:\/\/eldigitaldeasturias.com\/radio\/wp-content\/uploads\/2018\/10\/technology-785742_960_720-768x512.jpg 768w, https:\/\/eldigitaldeasturias.com\/radio\/wp-content\/uploads\/2018\/10\/technology-785742_960_720.jpg 960w\" sizes=\"(max-width: 360px) 100vw, 360px\" \/>(EUROPA PRESS) &#8211;\u00a0La Fiscal\u00eda pide 4 a\u00f1os de prisi\u00f3n para un hombre por tr\u00e1fico de drogas en Avil\u00e9s. Las vista oral est\u00e1 se\u00f1alada para este jueves, 16 de julio de 2020, en la Secci\u00f3n Tercera de la Audiencia Provincial, con sede en Oviedo, a las 10.30 horas.<\/p>\n<p>Sobre las 02.00 horas del d\u00eda 25 de septiembre de 2018, dos agentes del Cuerpo Nacional de Polic\u00eda observaron c\u00f3mo un veh\u00edculo Audi A6 realizaba maniobras extra\u00f1as por la gasolinera de la Avenida de Lugo de Avil\u00e9s, por lo que le dieron el alto.<\/p>\n<p>Al identificar a sus ocupantes, se encontr\u00f3 al acusado una ri\u00f1onera con una tableta de resina de cannabis, con un peso de 94,31 gramos, una riqueza del 4,2 % y un valor en el mercado il\u00edcito de 1272,24 euros; un trozo de resina de cannabis con un peso de 2,35 gramos y un valor en el mercado il\u00edcito de 31,70 euros.<\/p>\n<p>Tres navajas y un total de 390,30 euros. Igualmente llevaba escondido en el interior de sus pantalones un envoltorio con MDMA con un peso de 1,56 gramos, una riqueza del 37,4% y un valor en el mercado il\u00edcito de 65,08 euros; un envoltorio con anfetaminas con un peso de 1,44 gramos, una riqueza del 27,4% y un valor en el mercado il\u00edcito de 38,59 euros; y un envoltorio con MDMA con un peso de 2,85 gramos, una riqueza del 42,8% y un valor en el mercado il\u00edcito de 10,01 euros. Y en la cartera ten\u00eda dos envoltorios de MDMA con un peso de 0,24 gramos, una riqueza del 82% y un valor en el mercado il\u00edcito de 118,90 euros.<\/p>\n<p>La Fiscal\u00eda considera que los hechos son constitutivos de un delito contra la salud p\u00fablica, en su modalidad de sustancias que causan grave da\u00f1o a la salud, del art.368 del CP. Y solicita que se condene al acusado a 4 a\u00f1os de prisi\u00f3n, inhabilitaci\u00f3n especial para el derecho de sufragio pasivo durante el tiempo de la condena y multa de 1.537 euros, con responsabilidad personal subsidiaria en caso de impago.<\/p>\n","protected":false},"excerpt":{"rendered":"<p>(EUROPA PRESS) &#8211;\u00a0La Fiscal\u00eda pide 4 a\u00f1os de prisi\u00f3n para un hombre por tr\u00e1fico de drogas en Avil\u00e9s. Las vista oral est\u00e1 se\u00f1alada para este jueves, 16 de julio de 2020, en la Secci\u00f3n Tercera de la Audiencia Provincial, con sede en Oviedo, a las 10.30 horas. Sobre las 02.00 horas del d\u00eda 25 de<\/p>\n","protected":false},"author":1,"featured_media":1352,"comment_status":"closed","ping_status":"closed","sticky":false,"template":"","format":"standard","meta":{"footnotes":""},"categories":[1],"tags":[],"class_list":{"0":"post-4734","1":"post","2":"type-post","3":"status-publish","4":"format-standard","5":"has-post-thumbnail","7":"category-noticias"},"aioseo_notices":[],"aioseo_head":"\n\t\t<!-- All in One SEO Pro 4.9.6.2 - aioseo.com -->\n\t<meta name=\"description\" content=\"(EUROPA PRESS) - La Fiscal\u00eda pide 4 a\u00f1os de prisi\u00f3n para un hombre por tr\u00e1fico de drogas en Avil\u00e9s. Las vista oral est\u00e1 se\u00f1alada para este jueves, 16 de julio de 2020, en la Secci\u00f3n Tercera de la Audiencia Provincial, con sede en Oviedo, a las 10.30 horas. Sobre las 02.00 horas del d\u00eda 25 de\" \/>\n\t<meta name=\"robots\" content=\"max-image-preview:large\" \/>\n\t<meta name=\"author\" content=\"NBAsturias\"\/>\n\t<meta name=\"google-site-verification\" content=\"UA-38556648-1\" \/>\n\t<meta name=\"keywords\" content=\"noticias\" \/>\n\t<link rel=\"canonical\" href=\"https:\/\/eldigitaldeasturias.com\/radio\/la-fiscalia-pide-4-anos-de-prision-para-un-hombre-por-trafico-de-drogas-en-aviles\/\" \/>\n\t<meta name=\"generator\" content=\"All in One SEO Pro (AIOSEO) 4.9.6.2\" \/>\n\t\t<meta property=\"og:locale\" content=\"es_ES\" \/>\n\t\t<meta property=\"og:site_name\" content=\"El Digital de Asturias | Diario de informaci\u00f3n y noticias\" \/>\n\t\t<meta property=\"og:type\" content=\"article\" \/>\n\t\t<meta property=\"og:title\" content=\"La Fiscal\u00eda pide 4 a\u00f1os de prisi\u00f3n para un hombre por tr\u00e1fico de drogas en Avil\u00e9s | El Digital de Asturias\" \/>\n\t\t<meta property=\"og:description\" content=\"(EUROPA PRESS) - La Fiscal\u00eda pide 4 a\u00f1os de prisi\u00f3n para un hombre por tr\u00e1fico de drogas en Avil\u00e9s. Las vista oral est\u00e1 se\u00f1alada para este jueves, 16 de julio de 2020, en la Secci\u00f3n Tercera de la Audiencia Provincial, con sede en Oviedo, a las 10.30 horas. Sobre las 02.00 horas del d\u00eda 25 de\" \/>\n\t\t<meta property=\"og:url\" content=\"https:\/\/eldigitaldeasturias.com\/radio\/la-fiscalia-pide-4-anos-de-prision-para-un-hombre-por-trafico-de-drogas-en-aviles\/\" \/>\n\t\t<meta property=\"og:image\" content=\"https:\/\/eldigitaldeasturias.com\/radio\/wp-content\/uploads\/2018\/10\/technology-785742_960_720.jpg\" \/>\n\t\t<meta property=\"og:image:secure_url\" content=\"https:\/\/eldigitaldeasturias.com\/radio\/wp-content\/uploads\/2018\/10\/technology-785742_960_720.jpg\" \/>\n\t\t<meta property=\"og:image:width\" content=\"960\" \/>\n\t\t<meta property=\"og:image:height\" content=\"640\" \/>\n\t\t<meta property=\"article:published_time\" content=\"2020-07-16T12:00:24+00:00\" \/>\n\t\t<meta property=\"article:modified_time\" content=\"2020-07-16T12:10:55+00:00\" \/>\n\t\t<meta name=\"twitter:card\" content=\"summary_large_image\" \/>\n\t\t<meta name=\"twitter:site\" content=\"@bercodi\" \/>\n\t\t<meta name=\"twitter:title\" content=\"La Fiscal\u00eda pide 4 a\u00f1os de prisi\u00f3n para un hombre por tr\u00e1fico de drogas en Avil\u00e9s | El Digital de Asturias\" \/>\n\t\t<meta name=\"twitter:description\" content=\"(EUROPA PRESS) - La Fiscal\u00eda pide 4 a\u00f1os de prisi\u00f3n para un hombre por tr\u00e1fico de drogas en Avil\u00e9s. Las vista oral est\u00e1 se\u00f1alada para este jueves, 16 de julio de 2020, en la Secci\u00f3n Tercera de la Audiencia Provincial, con sede en Oviedo, a las 10.30 horas. Sobre las 02.00 horas del d\u00eda 25 de\" \/>\n\t\t<meta name=\"twitter:creator\" content=\"@bercodi\" \/>\n\t\t<meta name=\"twitter:image\" content=\"https:\/\/eldigitaldeasturias.com\/radio\/wp-content\/uploads\/2018\/10\/technology-785742_960_720.jpg\" \/>\n\t\t<script type=\"application\/ld+json\" class=\"aioseo-schema\">\n\t\t\t{\"@context\":\"https:\\\/\\\/schema.org\",\"@graph\":[{\"@type\":\"BreadcrumbList\",\"@id\":\"https:\\\/\\\/eldigitaldeasturias.com\\\/radio\\\/la-fiscalia-pide-4-anos-de-prision-para-un-hombre-por-trafico-de-drogas-en-aviles\\\/#breadcrumblist\",\"itemListElement\":[{\"@type\":\"ListItem\",\"@id\":\"https:\\\/\\\/eldigitaldeasturias.com\\\/radio#listItem\",\"position\":1,\"name\":\"Inicio\",\"item\":\"https:\\\/\\\/eldigitaldeasturias.com\\\/radio\",\"nextItem\":{\"@type\":\"ListItem\",\"@id\":\"https:\\\/\\\/eldigitaldeasturias.com\\\/radio\\\/category\\\/noticias\\\/#listItem\",\"name\":\"Noticias\"}},{\"@type\":\"ListItem\",\"@id\":\"https:\\\/\\\/eldigitaldeasturias.com\\\/radio\\\/category\\\/noticias\\\/#listItem\",\"position\":2,\"name\":\"Noticias\",\"item\":\"https:\\\/\\\/eldigitaldeasturias.com\\\/radio\\\/category\\\/noticias\\\/\",\"nextItem\":{\"@type\":\"ListItem\",\"@id\":\"https:\\\/\\\/eldigitaldeasturias.com\\\/radio\\\/la-fiscalia-pide-4-anos-de-prision-para-un-hombre-por-trafico-de-drogas-en-aviles\\\/#listItem\",\"name\":\"La Fiscal\\u00eda pide 4 a\\u00f1os de prisi\\u00f3n para un hombre por tr\\u00e1fico de drogas en Avil\\u00e9s\"},\"previousItem\":{\"@type\":\"ListItem\",\"@id\":\"https:\\\/\\\/eldigitaldeasturias.com\\\/radio#listItem\",\"name\":\"Inicio\"}},{\"@type\":\"ListItem\",\"@id\":\"https:\\\/\\\/eldigitaldeasturias.com\\\/radio\\\/la-fiscalia-pide-4-anos-de-prision-para-un-hombre-por-trafico-de-drogas-en-aviles\\\/#listItem\",\"position\":3,\"name\":\"La Fiscal\\u00eda pide 4 a\\u00f1os de prisi\\u00f3n para un hombre por tr\\u00e1fico de drogas en Avil\\u00e9s\",\"previousItem\":{\"@type\":\"ListItem\",\"@id\":\"https:\\\/\\\/eldigitaldeasturias.com\\\/radio\\\/category\\\/noticias\\\/#listItem\",\"name\":\"Noticias\"}}]},{\"@type\":\"NewsArticle\",\"@id\":\"https:\\\/\\\/eldigitaldeasturias.com\\\/radio\\\/la-fiscalia-pide-4-anos-de-prision-para-un-hombre-por-trafico-de-drogas-en-aviles\\\/#newsarticle\",\"name\":\"La Fiscal\\u00eda pide 4 a\\u00f1os de prisi\\u00f3n para un hombre por tr\\u00e1fico de drogas en Avil\\u00e9s | El Digital de Asturias\",\"headline\":\"La Fiscal\\u00eda pide 4 a\\u00f1os de prisi\\u00f3n para un hombre por tr\\u00e1fico de drogas en Avil\\u00e9s\",\"author\":{\"@id\":\"https:\\\/\\\/eldigitaldeasturias.com\\\/radio\\\/author\\\/nbasturias\\\/#author\"},\"publisher\":{\"@id\":\"https:\\\/\\\/eldigitaldeasturias.com\\\/radio\\\/#organization\"},\"image\":{\"@type\":\"ImageObject\",\"url\":\"https:\\\/\\\/eldigitaldeasturias.com\\\/radio\\\/wp-content\\\/uploads\\\/2018\\\/10\\\/technology-785742_960_720.jpg\",\"width\":960,\"height\":640},\"datePublished\":\"2020-07-16T12:00:24+02:00\",\"dateModified\":\"2020-07-16T12:10:55+02:00\",\"inLanguage\":\"es-ES\",\"mainEntityOfPage\":{\"@id\":\"https:\\\/\\\/eldigitaldeasturias.com\\\/radio\\\/la-fiscalia-pide-4-anos-de-prision-para-un-hombre-por-trafico-de-drogas-en-aviles\\\/#webpage\"},\"isPartOf\":{\"@id\":\"https:\\\/\\\/eldigitaldeasturias.com\\\/radio\\\/la-fiscalia-pide-4-anos-de-prision-para-un-hombre-por-trafico-de-drogas-en-aviles\\\/#webpage\"},\"articleSection\":\"Noticias\",\"dateline\":\"Publicado el julio 16, 2020.\"},{\"@type\":\"Organization\",\"@id\":\"https:\\\/\\\/eldigitaldeasturias.com\\\/radio\\\/#organization\",\"name\":\"El digital de Asturias Radio\",\"description\":\"Diario de informaci\\u00f3n y noticias\",\"url\":\"https:\\\/\\\/eldigitaldeasturias.com\\\/radio\\\/\",\"telephone\":\"+34652131393\",\"logo\":{\"@type\":\"ImageObject\",\"url\":\"https:\\\/\\\/www.eldigitaldeasturias.com\\\/radio\\\/wp-content\\\/uploads\\\/2021\\\/03\\\/EDA.jpg\",\"@id\":\"https:\\\/\\\/eldigitaldeasturias.com\\\/radio\\\/la-fiscalia-pide-4-anos-de-prision-para-un-hombre-por-trafico-de-drogas-en-aviles\\\/#organizationLogo\"},\"image\":{\"@id\":\"https:\\\/\\\/eldigitaldeasturias.com\\\/radio\\\/la-fiscalia-pide-4-anos-de-prision-para-un-hombre-por-trafico-de-drogas-en-aviles\\\/#organizationLogo\"},\"sameAs\":[\"https:\\\/\\\/www.facebook.com\\\/\",\"https:\\\/\\\/x.com\\\/bercodi\",\"https:\\\/\\\/www.instagram.com\\\/\",\"https:\\\/\\\/www.youtube.com\\\/channel\\\/UCZP-2wLEB9Rv6erhFmqVnvg\"]},{\"@type\":\"Person\",\"@id\":\"https:\\\/\\\/eldigitaldeasturias.com\\\/radio\\\/author\\\/nbasturias\\\/#author\",\"url\":\"https:\\\/\\\/eldigitaldeasturias.com\\\/radio\\\/author\\\/nbasturias\\\/\",\"name\":\"NBAsturias\",\"image\":{\"@type\":\"ImageObject\",\"@id\":\"https:\\\/\\\/eldigitaldeasturias.com\\\/radio\\\/la-fiscalia-pide-4-anos-de-prision-para-un-hombre-por-trafico-de-drogas-en-aviles\\\/#authorImage\",\"url\":\"https:\\\/\\\/secure.gravatar.com\\\/avatar\\\/df2aeffc32bcd13f8d26072ef8a91b623d677766deac7f97ca815868cd41bf5e?s=96&d=mm&r=g\",\"width\":96,\"height\":96,\"caption\":\"NBAsturias\"}},{\"@type\":\"WebPage\",\"@id\":\"https:\\\/\\\/eldigitaldeasturias.com\\\/radio\\\/la-fiscalia-pide-4-anos-de-prision-para-un-hombre-por-trafico-de-drogas-en-aviles\\\/#webpage\",\"url\":\"https:\\\/\\\/eldigitaldeasturias.com\\\/radio\\\/la-fiscalia-pide-4-anos-de-prision-para-un-hombre-por-trafico-de-drogas-en-aviles\\\/\",\"name\":\"La Fiscal\\u00eda pide 4 a\\u00f1os de prisi\\u00f3n para un hombre por tr\\u00e1fico de drogas en Avil\\u00e9s | El Digital de Asturias\",\"description\":\"(EUROPA PRESS) - La Fiscal\\u00eda pide 4 a\\u00f1os de prisi\\u00f3n para un hombre por tr\\u00e1fico de drogas en Avil\\u00e9s. Las vista oral est\\u00e1 se\\u00f1alada para este jueves, 16 de julio de 2020, en la Secci\\u00f3n Tercera de la Audiencia Provincial, con sede en Oviedo, a las 10.30 horas. Sobre las 02.00 horas del d\\u00eda 25 de\",\"inLanguage\":\"es-ES\",\"isPartOf\":{\"@id\":\"https:\\\/\\\/eldigitaldeasturias.com\\\/radio\\\/#website\"},\"breadcrumb\":{\"@id\":\"https:\\\/\\\/eldigitaldeasturias.com\\\/radio\\\/la-fiscalia-pide-4-anos-de-prision-para-un-hombre-por-trafico-de-drogas-en-aviles\\\/#breadcrumblist\"},\"author\":{\"@id\":\"https:\\\/\\\/eldigitaldeasturias.com\\\/radio\\\/author\\\/nbasturias\\\/#author\"},\"creator\":{\"@id\":\"https:\\\/\\\/eldigitaldeasturias.com\\\/radio\\\/author\\\/nbasturias\\\/#author\"},\"image\":{\"@type\":\"ImageObject\",\"url\":\"https:\\\/\\\/eldigitaldeasturias.com\\\/radio\\\/wp-content\\\/uploads\\\/2018\\\/10\\\/technology-785742_960_720.jpg\",\"@id\":\"https:\\\/\\\/eldigitaldeasturias.com\\\/radio\\\/la-fiscalia-pide-4-anos-de-prision-para-un-hombre-por-trafico-de-drogas-en-aviles\\\/#mainImage\",\"width\":960,\"height\":640},\"primaryImageOfPage\":{\"@id\":\"https:\\\/\\\/eldigitaldeasturias.com\\\/radio\\\/la-fiscalia-pide-4-anos-de-prision-para-un-hombre-por-trafico-de-drogas-en-aviles\\\/#mainImage\"},\"datePublished\":\"2020-07-16T12:00:24+02:00\",\"dateModified\":\"2020-07-16T12:10:55+02:00\"},{\"@type\":\"WebSite\",\"@id\":\"https:\\\/\\\/eldigitaldeasturias.com\\\/radio\\\/#website\",\"url\":\"https:\\\/\\\/eldigitaldeasturias.com\\\/radio\\\/\",\"name\":\"El Digital de Asturias\",\"description\":\"Diario de informaci\\u00f3n y noticias\",\"inLanguage\":\"es-ES\",\"publisher\":{\"@id\":\"https:\\\/\\\/eldigitaldeasturias.com\\\/radio\\\/#organization\"}}]}\n\t\t<\/script>\n\t\t<!-- All in One SEO Pro -->\r\n\t\t<title>La Fiscal\u00eda pide 4 a\u00f1os de prisi\u00f3n para un hombre por tr\u00e1fico de drogas en Avil\u00e9s | El Digital de Asturias<\/title>\n\n","aioseo_head_json":{"title":"La Fiscal\u00eda pide 4 a\u00f1os de prisi\u00f3n para un hombre por tr\u00e1fico de drogas en Avil\u00e9s | El Digital de Asturias","description":"(EUROPA PRESS) - La Fiscal\u00eda pide 4 a\u00f1os de prisi\u00f3n para un hombre por tr\u00e1fico de drogas en Avil\u00e9s. Las vista oral est\u00e1 se\u00f1alada para este jueves, 16 de julio de 2020, en la Secci\u00f3n Tercera de la Audiencia Provincial, con sede en Oviedo, a las 10.30 horas. Sobre las 02.00 horas del d\u00eda 25 de","canonical_url":"https:\/\/eldigitaldeasturias.com\/radio\/la-fiscalia-pide-4-anos-de-prision-para-un-hombre-por-trafico-de-drogas-en-aviles\/","robots":"max-image-preview:large","keywords":"noticias","webmasterTools":{"google-site-verification":"UA-38556648-1","miscellaneous":""},"schema":{"@context":"https:\/\/schema.org","@graph":[{"@type":"BreadcrumbList","@id":"https:\/\/eldigitaldeasturias.com\/radio\/la-fiscalia-pide-4-anos-de-prision-para-un-hombre-por-trafico-de-drogas-en-aviles\/#breadcrumblist","itemListElement":[{"@type":"ListItem","@id":"https:\/\/eldigitaldeasturias.com\/radio#listItem","position":1,"name":"Inicio","item":"https:\/\/eldigitaldeasturias.com\/radio","nextItem":{"@type":"ListItem","@id":"https:\/\/eldigitaldeasturias.com\/radio\/category\/noticias\/#listItem","name":"Noticias"}},{"@type":"ListItem","@id":"https:\/\/eldigitaldeasturias.com\/radio\/category\/noticias\/#listItem","position":2,"name":"Noticias","item":"https:\/\/eldigitaldeasturias.com\/radio\/category\/noticias\/","nextItem":{"@type":"ListItem","@id":"https:\/\/eldigitaldeasturias.com\/radio\/la-fiscalia-pide-4-anos-de-prision-para-un-hombre-por-trafico-de-drogas-en-aviles\/#listItem","name":"La Fiscal\u00eda pide 4 a\u00f1os de prisi\u00f3n para un hombre por tr\u00e1fico de drogas en Avil\u00e9s"},"previousItem":{"@type":"ListItem","@id":"https:\/\/eldigitaldeasturias.com\/radio#listItem","name":"Inicio"}},{"@type":"ListItem","@id":"https:\/\/eldigitaldeasturias.com\/radio\/la-fiscalia-pide-4-anos-de-prision-para-un-hombre-por-trafico-de-drogas-en-aviles\/#listItem","position":3,"name":"La Fiscal\u00eda pide 4 a\u00f1os de prisi\u00f3n para un hombre por tr\u00e1fico de drogas en Avil\u00e9s","previousItem":{"@type":"ListItem","@id":"https:\/\/eldigitaldeasturias.com\/radio\/category\/noticias\/#listItem","name":"Noticias"}}]},{"@type":"NewsArticle","@id":"https:\/\/eldigitaldeasturias.com\/radio\/la-fiscalia-pide-4-anos-de-prision-para-un-hombre-por-trafico-de-drogas-en-aviles\/#newsarticle","name":"La Fiscal\u00eda pide 4 a\u00f1os de prisi\u00f3n para un hombre por tr\u00e1fico de drogas en Avil\u00e9s | El Digital de Asturias","headline":"La Fiscal\u00eda pide 4 a\u00f1os de prisi\u00f3n para un hombre por tr\u00e1fico de drogas en Avil\u00e9s","author":{"@id":"https:\/\/eldigitaldeasturias.com\/radio\/author\/nbasturias\/#author"},"publisher":{"@id":"https:\/\/eldigitaldeasturias.com\/radio\/#organization"},"image":{"@type":"ImageObject","url":"https:\/\/eldigitaldeasturias.com\/radio\/wp-content\/uploads\/2018\/10\/technology-785742_960_720.jpg","width":960,"height":640},"datePublished":"2020-07-16T12:00:24+02:00","dateModified":"2020-07-16T12:10:55+02:00","inLanguage":"es-ES","mainEntityOfPage":{"@id":"https:\/\/eldigitaldeasturias.com\/radio\/la-fiscalia-pide-4-anos-de-prision-para-un-hombre-por-trafico-de-drogas-en-aviles\/#webpage"},"isPartOf":{"@id":"https:\/\/eldigitaldeasturias.com\/radio\/la-fiscalia-pide-4-anos-de-prision-para-un-hombre-por-trafico-de-drogas-en-aviles\/#webpage"},"articleSection":"Noticias","dateline":"Publicado el julio 16, 2020."},{"@type":"Organization","@id":"https:\/\/eldigitaldeasturias.com\/radio\/#organization","name":"El digital de Asturias Radio","description":"Diario de informaci\u00f3n y noticias","url":"https:\/\/eldigitaldeasturias.com\/radio\/","telephone":"+34652131393","logo":{"@type":"ImageObject","url":"https:\/\/www.eldigitaldeasturias.com\/radio\/wp-content\/uploads\/2021\/03\/EDA.jpg","@id":"https:\/\/eldigitaldeasturias.com\/radio\/la-fiscalia-pide-4-anos-de-prision-para-un-hombre-por-trafico-de-drogas-en-aviles\/#organizationLogo"},"image":{"@id":"https:\/\/eldigitaldeasturias.com\/radio\/la-fiscalia-pide-4-anos-de-prision-para-un-hombre-por-trafico-de-drogas-en-aviles\/#organizationLogo"},"sameAs":["https:\/\/www.facebook.com\/","https:\/\/x.com\/bercodi","https:\/\/www.instagram.com\/","https:\/\/www.youtube.com\/channel\/UCZP-2wLEB9Rv6erhFmqVnvg"]},{"@type":"Person","@id":"https:\/\/eldigitaldeasturias.com\/radio\/author\/nbasturias\/#author","url":"https:\/\/eldigitaldeasturias.com\/radio\/author\/nbasturias\/","name":"NBAsturias","image":{"@type":"ImageObject","@id":"https:\/\/eldigitaldeasturias.com\/radio\/la-fiscalia-pide-4-anos-de-prision-para-un-hombre-por-trafico-de-drogas-en-aviles\/#authorImage","url":"https:\/\/secure.gravatar.com\/avatar\/df2aeffc32bcd13f8d26072ef8a91b623d677766deac7f97ca815868cd41bf5e?s=96&d=mm&r=g","width":96,"height":96,"caption":"NBAsturias"}},{"@type":"WebPage","@id":"https:\/\/eldigitaldeasturias.com\/radio\/la-fiscalia-pide-4-anos-de-prision-para-un-hombre-por-trafico-de-drogas-en-aviles\/#webpage","url":"https:\/\/eldigitaldeasturias.com\/radio\/la-fiscalia-pide-4-anos-de-prision-para-un-hombre-por-trafico-de-drogas-en-aviles\/","name":"La Fiscal\u00eda pide 4 a\u00f1os de prisi\u00f3n para un hombre por tr\u00e1fico de drogas en Avil\u00e9s | El Digital de Asturias","description":"(EUROPA PRESS) - La Fiscal\u00eda pide 4 a\u00f1os de prisi\u00f3n para un hombre por tr\u00e1fico de drogas en Avil\u00e9s. Las vista oral est\u00e1 se\u00f1alada para este jueves, 16 de julio de 2020, en la Secci\u00f3n Tercera de la Audiencia Provincial, con sede en Oviedo, a las 10.30 horas. Sobre las 02.00 horas del d\u00eda 25 de","inLanguage":"es-ES","isPartOf":{"@id":"https:\/\/eldigitaldeasturias.com\/radio\/#website"},"breadcrumb":{"@id":"https:\/\/eldigitaldeasturias.com\/radio\/la-fiscalia-pide-4-anos-de-prision-para-un-hombre-por-trafico-de-drogas-en-aviles\/#breadcrumblist"},"author":{"@id":"https:\/\/eldigitaldeasturias.com\/radio\/author\/nbasturias\/#author"},"creator":{"@id":"https:\/\/eldigitaldeasturias.com\/radio\/author\/nbasturias\/#author"},"image":{"@type":"ImageObject","url":"https:\/\/eldigitaldeasturias.com\/radio\/wp-content\/uploads\/2018\/10\/technology-785742_960_720.jpg","@id":"https:\/\/eldigitaldeasturias.com\/radio\/la-fiscalia-pide-4-anos-de-prision-para-un-hombre-por-trafico-de-drogas-en-aviles\/#mainImage","width":960,"height":640},"primaryImageOfPage":{"@id":"https:\/\/eldigitaldeasturias.com\/radio\/la-fiscalia-pide-4-anos-de-prision-para-un-hombre-por-trafico-de-drogas-en-aviles\/#mainImage"},"datePublished":"2020-07-16T12:00:24+02:00","dateModified":"2020-07-16T12:10:55+02:00"},{"@type":"WebSite","@id":"https:\/\/eldigitaldeasturias.com\/radio\/#website","url":"https:\/\/eldigitaldeasturias.com\/radio\/","name":"El Digital de Asturias","description":"Diario de informaci\u00f3n y noticias","inLanguage":"es-ES","publisher":{"@id":"https:\/\/eldigitaldeasturias.com\/radio\/#organization"}}]},"og:locale":"es_ES","og:site_name":"El Digital de Asturias | Diario de informaci\u00f3n y noticias","og:type":"article","og:title":"La Fiscal\u00eda pide 4 a\u00f1os de prisi\u00f3n para un hombre por tr\u00e1fico de drogas en Avil\u00e9s | El Digital de Asturias","og:description":"(EUROPA PRESS) - La Fiscal\u00eda pide 4 a\u00f1os de prisi\u00f3n para un hombre por tr\u00e1fico de drogas en Avil\u00e9s. Las vista oral est\u00e1 se\u00f1alada para este jueves, 16 de julio de 2020, en la Secci\u00f3n Tercera de la Audiencia Provincial, con sede en Oviedo, a las 10.30 horas. Sobre las 02.00 horas del d\u00eda 25 de","og:url":"https:\/\/eldigitaldeasturias.com\/radio\/la-fiscalia-pide-4-anos-de-prision-para-un-hombre-por-trafico-de-drogas-en-aviles\/","og:image":"https:\/\/eldigitaldeasturias.com\/radio\/wp-content\/uploads\/2018\/10\/technology-785742_960_720.jpg","og:image:secure_url":"https:\/\/eldigitaldeasturias.com\/radio\/wp-content\/uploads\/2018\/10\/technology-785742_960_720.jpg","og:image:width":960,"og:image:height":640,"article:published_time":"2020-07-16T12:00:24+00:00","article:modified_time":"2020-07-16T12:10:55+00:00","twitter:card":"summary_large_image","twitter:site":"@bercodi","twitter:title":"La Fiscal\u00eda pide 4 a\u00f1os de prisi\u00f3n para un hombre por tr\u00e1fico de drogas en Avil\u00e9s | El Digital de Asturias","twitter:description":"(EUROPA PRESS) - La Fiscal\u00eda pide 4 a\u00f1os de prisi\u00f3n para un hombre por tr\u00e1fico de drogas en Avil\u00e9s. Las vista oral est\u00e1 se\u00f1alada para este jueves, 16 de julio de 2020, en la Secci\u00f3n Tercera de la Audiencia Provincial, con sede en Oviedo, a las 10.30 horas. Sobre las 02.00 horas del d\u00eda 25 de","twitter:creator":"@bercodi","twitter:image":"https:\/\/eldigitaldeasturias.com\/radio\/wp-content\/uploads\/2018\/10\/technology-785742_960_720.jpg"},"aioseo_meta_data":{"post_id":"4734","title":null,"description":"","keywords":"","keyphrases":null,"primary_term":null,"canonical_url":"","og_title":null,"og_description":null,"og_object_type":"default","og_image_type":"default","og_image_url":null,"og_image_width":null,"og_image_height":null,"og_image_custom_url":null,"og_image_custom_fields":null,"og_video":null,"og_custom_url":null,"og_article_section":null,"og_article_tags":null,"twitter_use_og":false,"twitter_card":"default","twitter_image_type":"default","twitter_image_url":null,"twitter_image_custom_url":null,"twitter_image_custom_fields":null,"twitter_title":null,"twitter_description":null,"schema":{"blockGraphs":[],"customGraphs":[],"default":{"data":{"Article":[],"Course":[],"Dataset":[],"FAQPage":[],"Movie":[],"Person":[],"Product":[],"ProductReview":[],"Car":[],"Recipe":[],"Service":[],"SoftwareApplication":[],"WebPage":[]},"graphName":"","isEnabled":true},"graphs":[],"defaultGraph":"","defaultPostTypeGraph":""},"schema_type":null,"schema_type_options":null,"pillar_content":false,"robots_default":true,"robots_noindex":false,"robots_noarchive":false,"robots_nosnippet":false,"robots_nofollow":false,"robots_noimageindex":false,"robots_noodp":false,"robots_notranslate":false,"robots_max_snippet":null,"robots_max_videopreview":null,"robots_max_imagepreview":"large","priority":null,"frequency":null,"location":null,"local_seo":null,"seo_analyzer_scan_date":"2025-08-28 16:36:46","breadcrumb_settings":null,"limit_modified_date":false,"open_ai":null,"ai":null,"created":"2021-03-28 06:12:10","updated":"2025-08-28 16:36:46"},"aioseo_breadcrumb":"<div class=\"aioseo-breadcrumbs\"><span class=\"aioseo-breadcrumb\">\n\t<a href=\"https:\/\/eldigitaldeasturias.com\/radio\" title=\"Inicio\">Inicio<\/a>\n<\/span><span class=\"aioseo-breadcrumb-separator\">&ndash;<\/span><span class=\"aioseo-breadcrumb\">\n\t<a href=\"https:\/\/eldigitaldeasturias.com\/radio\/category\/noticias\/\" title=\"Noticias\">Noticias<\/a>\n<\/span><span class=\"aioseo-breadcrumb-separator\">&ndash;<\/span><span class=\"aioseo-breadcrumb\">\n\tLa Fiscal\u00eda pide 4 a\u00f1os de prisi\u00f3n para un hombre por tr\u00e1fico de drogas en Avil\u00e9s\n<\/span><\/div>","aioseo_breadcrumb_json":[{"label":"Inicio","link":"https:\/\/eldigitaldeasturias.com\/radio"},{"label":"Noticias","link":"https:\/\/eldigitaldeasturias.com\/radio\/category\/noticias\/"},{"label":"La Fiscal\u00eda pide 4 a\u00f1os de prisi\u00f3n para un hombre por tr\u00e1fico de drogas en Avil\u00e9s","link":"https:\/\/eldigitaldeasturias.com\/radio\/la-fiscalia-pide-4-anos-de-prision-para-un-hombre-por-trafico-de-drogas-en-aviles\/"}],"_links":{"self":[{"href":"https:\/\/eldigitaldeasturias.com\/radio\/wp-json\/wp\/v2\/posts\/4734","targetHints":{"allow":["GET"]}}],"collection":[{"href":"https:\/\/eldigitaldeasturias.com\/radio\/wp-json\/wp\/v2\/posts"}],"about":[{"href":"https:\/\/eldigitaldeasturias.com\/radio\/wp-json\/wp\/v2\/types\/post"}],"author":[{"embeddable":true,"href":"https:\/\/eldigitaldeasturias.com\/radio\/wp-json\/wp\/v2\/users\/1"}],"replies":[{"embeddable":true,"href":"https:\/\/eldigitaldeasturias.com\/radio\/wp-json\/wp\/v2\/comments?post=4734"}],"version-history":[{"count":0,"href":"https:\/\/eldigitaldeasturias.com\/radio\/wp-json\/wp\/v2\/posts\/4734\/revisions"}],"wp:featuredmedia":[{"embeddable":true,"href":"https:\/\/eldigitaldeasturias.com\/radio\/wp-json\/wp\/v2\/media\/1352"}],"wp:attachment":[{"href":"https:\/\/eldigitaldeasturias.com\/radio\/wp-json\/wp\/v2\/media?parent=4734"}],"wp:term":[{"taxonomy":"category","embeddable":true,"href":"https:\/\/eldigitaldeasturias.com\/radio\/wp-json\/wp\/v2\/categories?post=4734"},{"taxonomy":"post_tag","embeddable":true,"href":"https:\/\/eldigitaldeasturias.com\/radio\/wp-json\/wp\/v2\/tags?post=4734"}],"curies":[{"name":"wp","href":"https:\/\/api.w.org\/{rel}","templated":true}]}}