{"id":4728,"date":"2020-07-15T03:49:15","date_gmt":"2020-07-15T03:49:15","guid":{"rendered":"http:\/\/www.eldigitaldeasturias.com\/radio\/?p=4728"},"modified":"2020-07-15T03:49:15","modified_gmt":"2020-07-15T03:49:15","slug":"rescatado-un-montanero-tras-resultar-herido-al-caerse-en-el-refugio-de-meicin","status":"publish","type":"post","link":"https:\/\/eldigitaldeasturias.com\/radio\/rescatado-un-montanero-tras-resultar-herido-al-caerse-en-el-refugio-de-meicin\/","title":{"rendered":"Rescatado un monta\u00f1ero tras resultar herido al caerse en el refugio de Meic\u00edn"},"content":{"rendered":"<figure id=\"attachment_4729\" aria-describedby=\"caption-attachment-4729\" style=\"width: 169px\" class=\"wp-caption alignleft\"><img fetchpriority=\"high\" decoding=\"async\" class=\"wp-image-4729 size-medium\" src=\"http:\/\/www.eldigitaldeasturias.com\/radio\/wp-content\/uploads\/2020\/07\/fotonoticia_20200714220812_1920-169x300.jpg\" alt=\"\" width=\"169\" height=\"300\" srcset=\"https:\/\/eldigitaldeasturias.com\/radio\/wp-content\/uploads\/2020\/07\/fotonoticia_20200714220812_1920-169x300.jpg 169w, https:\/\/eldigitaldeasturias.com\/radio\/wp-content\/uploads\/2020\/07\/fotonoticia_20200714220812_1920.jpg 256w\" sizes=\"(max-width: 169px) 100vw, 169px\" \/><figcaption id=\"caption-attachment-4729\" class=\"wp-caption-text\">Evacuado al HUCA en helic\u00f3ptero un monta\u00f1ero herido en Lena &#8211; SERVICIO DE EMERGENCIAS DEL PRINCIPADO DE ASTURIAS<\/figcaption><\/figure>\n<p>(EUROPA PRESS) &#8211;\u00a0Un monta\u00f1ero ha resultado herido la tarde de este martes al sufrir una ca\u00edda y golpearse en la cabeza cuando se encontraba en el refudio de Meic\u00edn, en Lena. El hombre tuvo que ser rescatado por el Grupo de Rescate de Bomberos del SEPA (Servicio de Emergencias del Principado de Asturias) y trasladado en helic\u00f3ptero al Hospital Universitario Central de Asturias (HUCA), en Oviedo.<\/p>\n<p>El accidente tuvo lugar sobre las 17.58 horas cuando se alert\u00f3 de que un monta\u00f1ero hab\u00eda sufrido una ca\u00edda en un pedrero a unos 400 metros del refugio de Meic\u00edn, en el macizo de Ubi\u00f1a (1.560 metros de altitud), y se encontraba herido, seg\u00fan ha informado el SEPA.<\/p>\n<p>El accidentado formaba parte de un grupo de cuatro personas, que advirtieron a los servicios de emergencias que hab\u00eda niebla en la zona. Adem\u00e1s de activar los medios a\u00e9reos, se moviliz\u00f3 a bomberos por tierra para poder llegar hasta el hombre.<\/p>\n<p>El monta\u00f1ero fue atendido en el lugar del accidente por el m\u00e9dico-rescatador y posteriormente izado a la aeronave, con el tri\u00e1ngulo de rescate, mediante una operaci\u00f3n de gr\u00faa con el helic\u00f3ptero. Finalmente, fue trasladado al Hospital Universitario Central de Asturias (HUCA), en Oviedo, donde ha quedado ingresado.<\/p>\n<p>Al lugar tambi\u00e9n acudieron dos dotaciones de bomberos de los parques de Mieres y La Morgal y se inform\u00f3 del accidente al SAMU (Servicio de Atenci\u00f3n M\u00e9dica Urgente) y a la Guardia Civil.<\/p>\n","protected":false},"excerpt":{"rendered":"<p>(EUROPA PRESS) &#8211;\u00a0Un monta\u00f1ero ha resultado herido la tarde de este martes al sufrir una ca\u00edda y golpearse en la cabeza cuando se encontraba en el refudio de Meic\u00edn, en Lena. El hombre tuvo que ser rescatado por el Grupo de Rescate de Bomberos del SEPA (Servicio de Emergencias del Principado de Asturias) y trasladado<\/p>\n","protected":false},"author":1,"featured_media":4729,"comment_status":"closed","ping_status":"closed","sticky":false,"template":"","format":"standard","meta":{"footnotes":""},"categories":[1],"tags":[],"class_list":{"0":"post-4728","1":"post","2":"type-post","3":"status-publish","4":"format-standard","5":"has-post-thumbnail","7":"category-noticias"},"aioseo_notices":[],"aioseo_head":"\n\t\t<!-- All in One SEO Pro 4.9.6.2 - aioseo.com -->\n\t<meta name=\"description\" content=\"(EUROPA PRESS) - Un monta\u00f1ero ha resultado herido la tarde de este martes al sufrir una ca\u00edda y golpearse en la cabeza cuando se encontraba en el refudio de Meic\u00edn, en Lena. El hombre tuvo que ser rescatado por el Grupo de Rescate de Bomberos del SEPA (Servicio de Emergencias del Principado de Asturias) y trasladado\" \/>\n\t<meta name=\"robots\" content=\"max-image-preview:large\" \/>\n\t<meta name=\"author\" content=\"NBAsturias\"\/>\n\t<meta name=\"google-site-verification\" content=\"UA-38556648-1\" \/>\n\t<meta name=\"keywords\" content=\"noticias\" \/>\n\t<link rel=\"canonical\" href=\"https:\/\/eldigitaldeasturias.com\/radio\/rescatado-un-montanero-tras-resultar-herido-al-caerse-en-el-refugio-de-meicin\/\" \/>\n\t<meta name=\"generator\" content=\"All in One SEO Pro (AIOSEO) 4.9.6.2\" \/>\n\t\t<meta property=\"og:locale\" content=\"es_ES\" \/>\n\t\t<meta property=\"og:site_name\" content=\"El Digital de Asturias | Diario de informaci\u00f3n y noticias\" \/>\n\t\t<meta property=\"og:type\" content=\"article\" \/>\n\t\t<meta property=\"og:title\" content=\"Rescatado un monta\u00f1ero tras resultar herido al caerse en el refugio de Meic\u00edn | El Digital de Asturias\" \/>\n\t\t<meta property=\"og:description\" content=\"(EUROPA PRESS) - Un monta\u00f1ero ha resultado herido la tarde de este martes al sufrir una ca\u00edda y golpearse en la cabeza cuando se encontraba en el refudio de Meic\u00edn, en Lena. El hombre tuvo que ser rescatado por el Grupo de Rescate de Bomberos del SEPA (Servicio de Emergencias del Principado de Asturias) y trasladado\" \/>\n\t\t<meta property=\"og:url\" content=\"https:\/\/eldigitaldeasturias.com\/radio\/rescatado-un-montanero-tras-resultar-herido-al-caerse-en-el-refugio-de-meicin\/\" \/>\n\t\t<meta property=\"og:image\" content=\"https:\/\/eldigitaldeasturias.com\/radio\/wp-content\/uploads\/2020\/07\/fotonoticia_20200714220812_1920.jpg\" \/>\n\t\t<meta property=\"og:image:secure_url\" content=\"https:\/\/eldigitaldeasturias.com\/radio\/wp-content\/uploads\/2020\/07\/fotonoticia_20200714220812_1920.jpg\" \/>\n\t\t<meta property=\"og:image:width\" content=\"256\" \/>\n\t\t<meta property=\"og:image:height\" content=\"455\" \/>\n\t\t<meta property=\"article:published_time\" content=\"2020-07-15T03:49:15+00:00\" \/>\n\t\t<meta property=\"article:modified_time\" content=\"2020-07-15T03:49:15+00:00\" \/>\n\t\t<meta name=\"twitter:card\" content=\"summary_large_image\" \/>\n\t\t<meta name=\"twitter:site\" content=\"@bercodi\" \/>\n\t\t<meta name=\"twitter:title\" content=\"Rescatado un monta\u00f1ero tras resultar herido al caerse en el refugio de Meic\u00edn | El Digital de Asturias\" \/>\n\t\t<meta name=\"twitter:description\" content=\"(EUROPA PRESS) - Un monta\u00f1ero ha resultado herido la tarde de este martes al sufrir una ca\u00edda y golpearse en la cabeza cuando se encontraba en el refudio de Meic\u00edn, en Lena. El hombre tuvo que ser rescatado por el Grupo de Rescate de Bomberos del SEPA (Servicio de Emergencias del Principado de Asturias) y trasladado\" \/>\n\t\t<meta name=\"twitter:creator\" content=\"@bercodi\" \/>\n\t\t<meta name=\"twitter:image\" content=\"https:\/\/eldigitaldeasturias.com\/radio\/wp-content\/uploads\/2020\/07\/fotonoticia_20200714220812_1920.jpg\" \/>\n\t\t<script type=\"application\/ld+json\" class=\"aioseo-schema\">\n\t\t\t{\"@context\":\"https:\\\/\\\/schema.org\",\"@graph\":[{\"@type\":\"BreadcrumbList\",\"@id\":\"https:\\\/\\\/eldigitaldeasturias.com\\\/radio\\\/rescatado-un-montanero-tras-resultar-herido-al-caerse-en-el-refugio-de-meicin\\\/#breadcrumblist\",\"itemListElement\":[{\"@type\":\"ListItem\",\"@id\":\"https:\\\/\\\/eldigitaldeasturias.com\\\/radio#listItem\",\"position\":1,\"name\":\"Inicio\",\"item\":\"https:\\\/\\\/eldigitaldeasturias.com\\\/radio\",\"nextItem\":{\"@type\":\"ListItem\",\"@id\":\"https:\\\/\\\/eldigitaldeasturias.com\\\/radio\\\/category\\\/noticias\\\/#listItem\",\"name\":\"Noticias\"}},{\"@type\":\"ListItem\",\"@id\":\"https:\\\/\\\/eldigitaldeasturias.com\\\/radio\\\/category\\\/noticias\\\/#listItem\",\"position\":2,\"name\":\"Noticias\",\"item\":\"https:\\\/\\\/eldigitaldeasturias.com\\\/radio\\\/category\\\/noticias\\\/\",\"nextItem\":{\"@type\":\"ListItem\",\"@id\":\"https:\\\/\\\/eldigitaldeasturias.com\\\/radio\\\/rescatado-un-montanero-tras-resultar-herido-al-caerse-en-el-refugio-de-meicin\\\/#listItem\",\"name\":\"Rescatado un monta\\u00f1ero tras resultar herido al caerse en el refugio de Meic\\u00edn\"},\"previousItem\":{\"@type\":\"ListItem\",\"@id\":\"https:\\\/\\\/eldigitaldeasturias.com\\\/radio#listItem\",\"name\":\"Inicio\"}},{\"@type\":\"ListItem\",\"@id\":\"https:\\\/\\\/eldigitaldeasturias.com\\\/radio\\\/rescatado-un-montanero-tras-resultar-herido-al-caerse-en-el-refugio-de-meicin\\\/#listItem\",\"position\":3,\"name\":\"Rescatado un monta\\u00f1ero tras resultar herido al caerse en el refugio de Meic\\u00edn\",\"previousItem\":{\"@type\":\"ListItem\",\"@id\":\"https:\\\/\\\/eldigitaldeasturias.com\\\/radio\\\/category\\\/noticias\\\/#listItem\",\"name\":\"Noticias\"}}]},{\"@type\":\"NewsArticle\",\"@id\":\"https:\\\/\\\/eldigitaldeasturias.com\\\/radio\\\/rescatado-un-montanero-tras-resultar-herido-al-caerse-en-el-refugio-de-meicin\\\/#newsarticle\",\"name\":\"Rescatado un monta\\u00f1ero tras resultar herido al caerse en el refugio de Meic\\u00edn | El Digital de Asturias\",\"headline\":\"Rescatado un monta\\u00f1ero tras resultar herido al caerse en el refugio de Meic\\u00edn\",\"author\":{\"@id\":\"https:\\\/\\\/eldigitaldeasturias.com\\\/radio\\\/author\\\/nbasturias\\\/#author\"},\"publisher\":{\"@id\":\"https:\\\/\\\/eldigitaldeasturias.com\\\/radio\\\/#organization\"},\"image\":{\"@type\":\"ImageObject\",\"url\":\"https:\\\/\\\/eldigitaldeasturias.com\\\/radio\\\/wp-content\\\/uploads\\\/2020\\\/07\\\/fotonoticia_20200714220812_1920.jpg\",\"width\":256,\"height\":455},\"datePublished\":\"2020-07-15T03:49:15+02:00\",\"dateModified\":\"2020-07-15T03:49:15+02:00\",\"inLanguage\":\"es-ES\",\"mainEntityOfPage\":{\"@id\":\"https:\\\/\\\/eldigitaldeasturias.com\\\/radio\\\/rescatado-un-montanero-tras-resultar-herido-al-caerse-en-el-refugio-de-meicin\\\/#webpage\"},\"isPartOf\":{\"@id\":\"https:\\\/\\\/eldigitaldeasturias.com\\\/radio\\\/rescatado-un-montanero-tras-resultar-herido-al-caerse-en-el-refugio-de-meicin\\\/#webpage\"},\"articleSection\":\"Noticias\",\"dateline\":\"Publicado el julio 15, 2020.\"},{\"@type\":\"Organization\",\"@id\":\"https:\\\/\\\/eldigitaldeasturias.com\\\/radio\\\/#organization\",\"name\":\"El digital de Asturias Radio\",\"description\":\"Diario de informaci\\u00f3n y noticias\",\"url\":\"https:\\\/\\\/eldigitaldeasturias.com\\\/radio\\\/\",\"telephone\":\"+34652131393\",\"logo\":{\"@type\":\"ImageObject\",\"url\":\"https:\\\/\\\/www.eldigitaldeasturias.com\\\/radio\\\/wp-content\\\/uploads\\\/2021\\\/03\\\/EDA.jpg\",\"@id\":\"https:\\\/\\\/eldigitaldeasturias.com\\\/radio\\\/rescatado-un-montanero-tras-resultar-herido-al-caerse-en-el-refugio-de-meicin\\\/#organizationLogo\"},\"image\":{\"@id\":\"https:\\\/\\\/eldigitaldeasturias.com\\\/radio\\\/rescatado-un-montanero-tras-resultar-herido-al-caerse-en-el-refugio-de-meicin\\\/#organizationLogo\"},\"sameAs\":[\"https:\\\/\\\/www.facebook.com\\\/\",\"https:\\\/\\\/x.com\\\/bercodi\",\"https:\\\/\\\/www.instagram.com\\\/\",\"https:\\\/\\\/www.youtube.com\\\/channel\\\/UCZP-2wLEB9Rv6erhFmqVnvg\"]},{\"@type\":\"Person\",\"@id\":\"https:\\\/\\\/eldigitaldeasturias.com\\\/radio\\\/author\\\/nbasturias\\\/#author\",\"url\":\"https:\\\/\\\/eldigitaldeasturias.com\\\/radio\\\/author\\\/nbasturias\\\/\",\"name\":\"NBAsturias\",\"image\":{\"@type\":\"ImageObject\",\"@id\":\"https:\\\/\\\/eldigitaldeasturias.com\\\/radio\\\/rescatado-un-montanero-tras-resultar-herido-al-caerse-en-el-refugio-de-meicin\\\/#authorImage\",\"url\":\"https:\\\/\\\/secure.gravatar.com\\\/avatar\\\/df2aeffc32bcd13f8d26072ef8a91b623d677766deac7f97ca815868cd41bf5e?s=96&d=mm&r=g\",\"width\":96,\"height\":96,\"caption\":\"NBAsturias\"}},{\"@type\":\"WebPage\",\"@id\":\"https:\\\/\\\/eldigitaldeasturias.com\\\/radio\\\/rescatado-un-montanero-tras-resultar-herido-al-caerse-en-el-refugio-de-meicin\\\/#webpage\",\"url\":\"https:\\\/\\\/eldigitaldeasturias.com\\\/radio\\\/rescatado-un-montanero-tras-resultar-herido-al-caerse-en-el-refugio-de-meicin\\\/\",\"name\":\"Rescatado un monta\\u00f1ero tras resultar herido al caerse en el refugio de Meic\\u00edn | El Digital de Asturias\",\"description\":\"(EUROPA PRESS) - Un monta\\u00f1ero ha resultado herido la tarde de este martes al sufrir una ca\\u00edda y golpearse en la cabeza cuando se encontraba en el refudio de Meic\\u00edn, en Lena. El hombre tuvo que ser rescatado por el Grupo de Rescate de Bomberos del SEPA (Servicio de Emergencias del Principado de Asturias) y trasladado\",\"inLanguage\":\"es-ES\",\"isPartOf\":{\"@id\":\"https:\\\/\\\/eldigitaldeasturias.com\\\/radio\\\/#website\"},\"breadcrumb\":{\"@id\":\"https:\\\/\\\/eldigitaldeasturias.com\\\/radio\\\/rescatado-un-montanero-tras-resultar-herido-al-caerse-en-el-refugio-de-meicin\\\/#breadcrumblist\"},\"author\":{\"@id\":\"https:\\\/\\\/eldigitaldeasturias.com\\\/radio\\\/author\\\/nbasturias\\\/#author\"},\"creator\":{\"@id\":\"https:\\\/\\\/eldigitaldeasturias.com\\\/radio\\\/author\\\/nbasturias\\\/#author\"},\"image\":{\"@type\":\"ImageObject\",\"url\":\"https:\\\/\\\/eldigitaldeasturias.com\\\/radio\\\/wp-content\\\/uploads\\\/2020\\\/07\\\/fotonoticia_20200714220812_1920.jpg\",\"@id\":\"https:\\\/\\\/eldigitaldeasturias.com\\\/radio\\\/rescatado-un-montanero-tras-resultar-herido-al-caerse-en-el-refugio-de-meicin\\\/#mainImage\",\"width\":256,\"height\":455},\"primaryImageOfPage\":{\"@id\":\"https:\\\/\\\/eldigitaldeasturias.com\\\/radio\\\/rescatado-un-montanero-tras-resultar-herido-al-caerse-en-el-refugio-de-meicin\\\/#mainImage\"},\"datePublished\":\"2020-07-15T03:49:15+02:00\",\"dateModified\":\"2020-07-15T03:49:15+02:00\"},{\"@type\":\"WebSite\",\"@id\":\"https:\\\/\\\/eldigitaldeasturias.com\\\/radio\\\/#website\",\"url\":\"https:\\\/\\\/eldigitaldeasturias.com\\\/radio\\\/\",\"name\":\"El Digital de Asturias\",\"description\":\"Diario de informaci\\u00f3n y noticias\",\"inLanguage\":\"es-ES\",\"publisher\":{\"@id\":\"https:\\\/\\\/eldigitaldeasturias.com\\\/radio\\\/#organization\"}}]}\n\t\t<\/script>\n\t\t<!-- All in One SEO Pro -->\r\n\t\t<title>Rescatado un monta\u00f1ero tras resultar herido al caerse en el refugio de Meic\u00edn | El Digital de Asturias<\/title>\n\n","aioseo_head_json":{"title":"Rescatado un monta\u00f1ero tras resultar herido al caerse en el refugio de Meic\u00edn | El Digital de Asturias","description":"(EUROPA PRESS) - Un monta\u00f1ero ha resultado herido la tarde de este martes al sufrir una ca\u00edda y golpearse en la cabeza cuando se encontraba en el refudio de Meic\u00edn, en Lena. El hombre tuvo que ser rescatado por el Grupo de Rescate de Bomberos del SEPA (Servicio de Emergencias del Principado de Asturias) y trasladado","canonical_url":"https:\/\/eldigitaldeasturias.com\/radio\/rescatado-un-montanero-tras-resultar-herido-al-caerse-en-el-refugio-de-meicin\/","robots":"max-image-preview:large","keywords":"noticias","webmasterTools":{"google-site-verification":"UA-38556648-1","miscellaneous":""},"schema":{"@context":"https:\/\/schema.org","@graph":[{"@type":"BreadcrumbList","@id":"https:\/\/eldigitaldeasturias.com\/radio\/rescatado-un-montanero-tras-resultar-herido-al-caerse-en-el-refugio-de-meicin\/#breadcrumblist","itemListElement":[{"@type":"ListItem","@id":"https:\/\/eldigitaldeasturias.com\/radio#listItem","position":1,"name":"Inicio","item":"https:\/\/eldigitaldeasturias.com\/radio","nextItem":{"@type":"ListItem","@id":"https:\/\/eldigitaldeasturias.com\/radio\/category\/noticias\/#listItem","name":"Noticias"}},{"@type":"ListItem","@id":"https:\/\/eldigitaldeasturias.com\/radio\/category\/noticias\/#listItem","position":2,"name":"Noticias","item":"https:\/\/eldigitaldeasturias.com\/radio\/category\/noticias\/","nextItem":{"@type":"ListItem","@id":"https:\/\/eldigitaldeasturias.com\/radio\/rescatado-un-montanero-tras-resultar-herido-al-caerse-en-el-refugio-de-meicin\/#listItem","name":"Rescatado un monta\u00f1ero tras resultar herido al caerse en el refugio de Meic\u00edn"},"previousItem":{"@type":"ListItem","@id":"https:\/\/eldigitaldeasturias.com\/radio#listItem","name":"Inicio"}},{"@type":"ListItem","@id":"https:\/\/eldigitaldeasturias.com\/radio\/rescatado-un-montanero-tras-resultar-herido-al-caerse-en-el-refugio-de-meicin\/#listItem","position":3,"name":"Rescatado un monta\u00f1ero tras resultar herido al caerse en el refugio de Meic\u00edn","previousItem":{"@type":"ListItem","@id":"https:\/\/eldigitaldeasturias.com\/radio\/category\/noticias\/#listItem","name":"Noticias"}}]},{"@type":"NewsArticle","@id":"https:\/\/eldigitaldeasturias.com\/radio\/rescatado-un-montanero-tras-resultar-herido-al-caerse-en-el-refugio-de-meicin\/#newsarticle","name":"Rescatado un monta\u00f1ero tras resultar herido al caerse en el refugio de Meic\u00edn | El Digital de Asturias","headline":"Rescatado un monta\u00f1ero tras resultar herido al caerse en el refugio de Meic\u00edn","author":{"@id":"https:\/\/eldigitaldeasturias.com\/radio\/author\/nbasturias\/#author"},"publisher":{"@id":"https:\/\/eldigitaldeasturias.com\/radio\/#organization"},"image":{"@type":"ImageObject","url":"https:\/\/eldigitaldeasturias.com\/radio\/wp-content\/uploads\/2020\/07\/fotonoticia_20200714220812_1920.jpg","width":256,"height":455},"datePublished":"2020-07-15T03:49:15+02:00","dateModified":"2020-07-15T03:49:15+02:00","inLanguage":"es-ES","mainEntityOfPage":{"@id":"https:\/\/eldigitaldeasturias.com\/radio\/rescatado-un-montanero-tras-resultar-herido-al-caerse-en-el-refugio-de-meicin\/#webpage"},"isPartOf":{"@id":"https:\/\/eldigitaldeasturias.com\/radio\/rescatado-un-montanero-tras-resultar-herido-al-caerse-en-el-refugio-de-meicin\/#webpage"},"articleSection":"Noticias","dateline":"Publicado el julio 15, 2020."},{"@type":"Organization","@id":"https:\/\/eldigitaldeasturias.com\/radio\/#organization","name":"El digital de Asturias Radio","description":"Diario de informaci\u00f3n y noticias","url":"https:\/\/eldigitaldeasturias.com\/radio\/","telephone":"+34652131393","logo":{"@type":"ImageObject","url":"https:\/\/www.eldigitaldeasturias.com\/radio\/wp-content\/uploads\/2021\/03\/EDA.jpg","@id":"https:\/\/eldigitaldeasturias.com\/radio\/rescatado-un-montanero-tras-resultar-herido-al-caerse-en-el-refugio-de-meicin\/#organizationLogo"},"image":{"@id":"https:\/\/eldigitaldeasturias.com\/radio\/rescatado-un-montanero-tras-resultar-herido-al-caerse-en-el-refugio-de-meicin\/#organizationLogo"},"sameAs":["https:\/\/www.facebook.com\/","https:\/\/x.com\/bercodi","https:\/\/www.instagram.com\/","https:\/\/www.youtube.com\/channel\/UCZP-2wLEB9Rv6erhFmqVnvg"]},{"@type":"Person","@id":"https:\/\/eldigitaldeasturias.com\/radio\/author\/nbasturias\/#author","url":"https:\/\/eldigitaldeasturias.com\/radio\/author\/nbasturias\/","name":"NBAsturias","image":{"@type":"ImageObject","@id":"https:\/\/eldigitaldeasturias.com\/radio\/rescatado-un-montanero-tras-resultar-herido-al-caerse-en-el-refugio-de-meicin\/#authorImage","url":"https:\/\/secure.gravatar.com\/avatar\/df2aeffc32bcd13f8d26072ef8a91b623d677766deac7f97ca815868cd41bf5e?s=96&d=mm&r=g","width":96,"height":96,"caption":"NBAsturias"}},{"@type":"WebPage","@id":"https:\/\/eldigitaldeasturias.com\/radio\/rescatado-un-montanero-tras-resultar-herido-al-caerse-en-el-refugio-de-meicin\/#webpage","url":"https:\/\/eldigitaldeasturias.com\/radio\/rescatado-un-montanero-tras-resultar-herido-al-caerse-en-el-refugio-de-meicin\/","name":"Rescatado un monta\u00f1ero tras resultar herido al caerse en el refugio de Meic\u00edn | El Digital de Asturias","description":"(EUROPA PRESS) - Un monta\u00f1ero ha resultado herido la tarde de este martes al sufrir una ca\u00edda y golpearse en la cabeza cuando se encontraba en el refudio de Meic\u00edn, en Lena. El hombre tuvo que ser rescatado por el Grupo de Rescate de Bomberos del SEPA (Servicio de Emergencias del Principado de Asturias) y trasladado","inLanguage":"es-ES","isPartOf":{"@id":"https:\/\/eldigitaldeasturias.com\/radio\/#website"},"breadcrumb":{"@id":"https:\/\/eldigitaldeasturias.com\/radio\/rescatado-un-montanero-tras-resultar-herido-al-caerse-en-el-refugio-de-meicin\/#breadcrumblist"},"author":{"@id":"https:\/\/eldigitaldeasturias.com\/radio\/author\/nbasturias\/#author"},"creator":{"@id":"https:\/\/eldigitaldeasturias.com\/radio\/author\/nbasturias\/#author"},"image":{"@type":"ImageObject","url":"https:\/\/eldigitaldeasturias.com\/radio\/wp-content\/uploads\/2020\/07\/fotonoticia_20200714220812_1920.jpg","@id":"https:\/\/eldigitaldeasturias.com\/radio\/rescatado-un-montanero-tras-resultar-herido-al-caerse-en-el-refugio-de-meicin\/#mainImage","width":256,"height":455},"primaryImageOfPage":{"@id":"https:\/\/eldigitaldeasturias.com\/radio\/rescatado-un-montanero-tras-resultar-herido-al-caerse-en-el-refugio-de-meicin\/#mainImage"},"datePublished":"2020-07-15T03:49:15+02:00","dateModified":"2020-07-15T03:49:15+02:00"},{"@type":"WebSite","@id":"https:\/\/eldigitaldeasturias.com\/radio\/#website","url":"https:\/\/eldigitaldeasturias.com\/radio\/","name":"El Digital de Asturias","description":"Diario de informaci\u00f3n y noticias","inLanguage":"es-ES","publisher":{"@id":"https:\/\/eldigitaldeasturias.com\/radio\/#organization"}}]},"og:locale":"es_ES","og:site_name":"El Digital de Asturias | Diario de informaci\u00f3n y noticias","og:type":"article","og:title":"Rescatado un monta\u00f1ero tras resultar herido al caerse en el refugio de Meic\u00edn | El Digital de Asturias","og:description":"(EUROPA PRESS) - Un monta\u00f1ero ha resultado herido la tarde de este martes al sufrir una ca\u00edda y golpearse en la cabeza cuando se encontraba en el refudio de Meic\u00edn, en Lena. El hombre tuvo que ser rescatado por el Grupo de Rescate de Bomberos del SEPA (Servicio de Emergencias del Principado de Asturias) y trasladado","og:url":"https:\/\/eldigitaldeasturias.com\/radio\/rescatado-un-montanero-tras-resultar-herido-al-caerse-en-el-refugio-de-meicin\/","og:image":"https:\/\/eldigitaldeasturias.com\/radio\/wp-content\/uploads\/2020\/07\/fotonoticia_20200714220812_1920.jpg","og:image:secure_url":"https:\/\/eldigitaldeasturias.com\/radio\/wp-content\/uploads\/2020\/07\/fotonoticia_20200714220812_1920.jpg","og:image:width":256,"og:image:height":455,"article:published_time":"2020-07-15T03:49:15+00:00","article:modified_time":"2020-07-15T03:49:15+00:00","twitter:card":"summary_large_image","twitter:site":"@bercodi","twitter:title":"Rescatado un monta\u00f1ero tras resultar herido al caerse en el refugio de Meic\u00edn | El Digital de Asturias","twitter:description":"(EUROPA PRESS) - Un monta\u00f1ero ha resultado herido la tarde de este martes al sufrir una ca\u00edda y golpearse en la cabeza cuando se encontraba en el refudio de Meic\u00edn, en Lena. El hombre tuvo que ser rescatado por el Grupo de Rescate de Bomberos del SEPA (Servicio de Emergencias del Principado de Asturias) y trasladado","twitter:creator":"@bercodi","twitter:image":"https:\/\/eldigitaldeasturias.com\/radio\/wp-content\/uploads\/2020\/07\/fotonoticia_20200714220812_1920.jpg"},"aioseo_meta_data":{"post_id":"4728","title":null,"description":"","keywords":"","keyphrases":null,"primary_term":null,"canonical_url":"","og_title":null,"og_description":null,"og_object_type":"default","og_image_type":"default","og_image_url":null,"og_image_width":null,"og_image_height":null,"og_image_custom_url":null,"og_image_custom_fields":null,"og_video":null,"og_custom_url":null,"og_article_section":null,"og_article_tags":null,"twitter_use_og":false,"twitter_card":"default","twitter_image_type":"default","twitter_image_url":null,"twitter_image_custom_url":null,"twitter_image_custom_fields":null,"twitter_title":null,"twitter_description":null,"schema":{"blockGraphs":[],"customGraphs":[],"default":{"data":{"Article":[],"Course":[],"Dataset":[],"FAQPage":[],"Movie":[],"Person":[],"Product":[],"ProductReview":[],"Car":[],"Recipe":[],"Service":[],"SoftwareApplication":[],"WebPage":[]},"graphName":"","isEnabled":true},"graphs":[],"defaultGraph":"","defaultPostTypeGraph":""},"schema_type":null,"schema_type_options":null,"pillar_content":false,"robots_default":true,"robots_noindex":false,"robots_noarchive":false,"robots_nosnippet":false,"robots_nofollow":false,"robots_noimageindex":false,"robots_noodp":false,"robots_notranslate":false,"robots_max_snippet":null,"robots_max_videopreview":null,"robots_max_imagepreview":"large","priority":null,"frequency":null,"location":null,"local_seo":null,"seo_analyzer_scan_date":"2025-08-28 16:35:30","breadcrumb_settings":null,"limit_modified_date":false,"open_ai":null,"ai":null,"created":"2021-03-28 06:48:13","updated":"2025-08-28 16:35:30"},"aioseo_breadcrumb":"<div class=\"aioseo-breadcrumbs\"><span class=\"aioseo-breadcrumb\">\n\t<a href=\"https:\/\/eldigitaldeasturias.com\/radio\" title=\"Inicio\">Inicio<\/a>\n<\/span><span class=\"aioseo-breadcrumb-separator\">&ndash;<\/span><span class=\"aioseo-breadcrumb\">\n\t<a href=\"https:\/\/eldigitaldeasturias.com\/radio\/category\/noticias\/\" title=\"Noticias\">Noticias<\/a>\n<\/span><span class=\"aioseo-breadcrumb-separator\">&ndash;<\/span><span class=\"aioseo-breadcrumb\">\n\tRescatado un monta\u00f1ero tras resultar herido al caerse en el refugio de Meic\u00edn\n<\/span><\/div>","aioseo_breadcrumb_json":[{"label":"Inicio","link":"https:\/\/eldigitaldeasturias.com\/radio"},{"label":"Noticias","link":"https:\/\/eldigitaldeasturias.com\/radio\/category\/noticias\/"},{"label":"Rescatado un monta\u00f1ero tras resultar herido al caerse en el refugio de Meic\u00edn","link":"https:\/\/eldigitaldeasturias.com\/radio\/rescatado-un-montanero-tras-resultar-herido-al-caerse-en-el-refugio-de-meicin\/"}],"_links":{"self":[{"href":"https:\/\/eldigitaldeasturias.com\/radio\/wp-json\/wp\/v2\/posts\/4728","targetHints":{"allow":["GET"]}}],"collection":[{"href":"https:\/\/eldigitaldeasturias.com\/radio\/wp-json\/wp\/v2\/posts"}],"about":[{"href":"https:\/\/eldigitaldeasturias.com\/radio\/wp-json\/wp\/v2\/types\/post"}],"author":[{"embeddable":true,"href":"https:\/\/eldigitaldeasturias.com\/radio\/wp-json\/wp\/v2\/users\/1"}],"replies":[{"embeddable":true,"href":"https:\/\/eldigitaldeasturias.com\/radio\/wp-json\/wp\/v2\/comments?post=4728"}],"version-history":[{"count":0,"href":"https:\/\/eldigitaldeasturias.com\/radio\/wp-json\/wp\/v2\/posts\/4728\/revisions"}],"wp:featuredmedia":[{"embeddable":true,"href":"https:\/\/eldigitaldeasturias.com\/radio\/wp-json\/wp\/v2\/media\/4729"}],"wp:attachment":[{"href":"https:\/\/eldigitaldeasturias.com\/radio\/wp-json\/wp\/v2\/media?parent=4728"}],"wp:term":[{"taxonomy":"category","embeddable":true,"href":"https:\/\/eldigitaldeasturias.com\/radio\/wp-json\/wp\/v2\/categories?post=4728"},{"taxonomy":"post_tag","embeddable":true,"href":"https:\/\/eldigitaldeasturias.com\/radio\/wp-json\/wp\/v2\/tags?post=4728"}],"curies":[{"name":"wp","href":"https:\/\/api.w.org\/{rel}","templated":true}]}}