{"id":4726,"date":"2020-07-15T03:47:22","date_gmt":"2020-07-15T03:47:22","guid":{"rendered":"http:\/\/www.eldigitaldeasturias.com\/radio\/?p=4726"},"modified":"2020-07-15T03:47:22","modified_gmt":"2020-07-15T03:47:22","slug":"coronavirus-123-focos-activos-en-espana","status":"publish","type":"post","link":"https:\/\/eldigitaldeasturias.com\/radio\/coronavirus-123-focos-activos-en-espana\/","title":{"rendered":"Coronavirus: 123 focos activos en Espa\u00f1a"},"content":{"rendered":"<p><img fetchpriority=\"high\" decoding=\"async\" class=\"alignleft size-medium wp-image-4405\" src=\"http:\/\/www.eldigitaldeasturias.com\/radio\/wp-content\/uploads\/2020\/06\/connection-4884862_640-360x245.jpg\" alt=\"\" width=\"360\" height=\"245\" srcset=\"https:\/\/eldigitaldeasturias.com\/radio\/wp-content\/uploads\/2020\/06\/connection-4884862_640-360x245.jpg 360w, https:\/\/eldigitaldeasturias.com\/radio\/wp-content\/uploads\/2020\/06\/connection-4884862_640.jpg 640w\" sizes=\"(max-width: 360px) 100vw, 360px\" \/>(EUROPA PRESS) &#8211;\u00a0El mapa de los rebrotes de este martes, en el que Espa\u00f1a acumula ya 123 focos dispersados por todo el pa\u00eds y 263 nuevos positivos en las \u00faltimas 24 horas, llega marcado por el apoyo del Ejecutivo de Pedro S\u00e1nchez a la decisi\u00f3n del president de la Generalitat, Quim Torra, de confinar a la poblaci\u00f3n de la comarca del Segri\u00e0 donde, seg\u00fan datos del Ministerio de Sanidad, se han registrado en 24 horas 151 nuevos casos y cuenta con 20 brotes.<\/p>\n<p>A las 18 horas del 14 de julio, la radiograf\u00eda de rebrotes en Espa\u00f1a por comunidades aut\u00f3nomas es la siguiente:<\/p>\n<p><strong>CATALU\u00d1A<\/strong><\/p>\n<p>En Catalu\u00f1a a partir de la medianoche entra en vigor el decreto de confinamiento en Lleida ciudad, Alcarr\u00e0s, Aitona, Ser\u00f2s, Soses, La Granja d&#8217;Escarp, Massalcoreig, Torres de Segre y las entidades municipales descentralizadas de Sucs y Raimat (Lleida). Y todo a pesar de que el plan fue rechazado por la Justicia.<\/p>\n<p>Desde el Departamento de Salud informan de que el n\u00famero de positivos desde que comenzara la pandemia es de 77.364 casos, lo que supone que en las \u00faltimas 24 horas se han detectado 745 nuevos casos, m\u00e1s del doble respecto a las cifras del fin de semana.<\/p>\n<p>Respecto a la comarca del Segri\u00e0 (Lleida), desde el inicio de la pandemia ha habido 3.447 casos positivos, 151 m\u00e1s que en el balance del lunes, de los que 139 han muerto con Covid-19 (los mismos que el lunes).<\/p>\n<p><strong>ARAG\u00d3N<\/strong><\/p>\n<p>Este martes se ha publicado en el Bolet\u00edn Oficial Arag\u00f3n la orden del Departamento de Sanidad por la que varias zonas de este territorio entran en Fase 2 flexibilizada ante el aumento de casos de los \u00faltimos d\u00edas. Zaragoza ciudad, el municipio de Huesca y las comarcas de Cinca Medio, Bajo Cinca, La Litera, Bajo Arag\u00f3n-Caspe son las zonas afectadas.<\/p>\n<p><strong>GALICIA<\/strong><\/p>\n<p>La Conseller\u00eda de Sanidad ha anunciado que revisar\u00e1 las medidas con motivo del brote en A Mari\u00f1a despu\u00e9s de que en las \u00faltimas 24 horas no se haya registrado ning\u00fan nuevo positivo. Por el momento, cuentan 163 casos activos y 21 altas. Cabe recordar que la movilidad permanece restringida al \u00e1mbito de su propio t\u00e9rmino municipal en Burela, ayuntamiento que es la \u00abzona caliente\u00bb porque concentra la mayor parte de casos.<\/p>\n<p>Los pacientes hospitalizados con covid-19 en hospitales de Galicia se mantienen en siete este martes &#8211;sin cambios desde este lunes&#8211;, uno de los cuales permanece en la UCI en Vigo. Seg\u00fan los datos proporcionados por las \u00e1reas sanitarias, en la de A Coru\u00f1a y Cee hay 23 casos activos, uno de ellos un paciente ingresado en el HM Modelo, que se corresponden con caso importado procedente de Latinoam\u00e9rica. El resto se encuentran en seguimiento domiciliario.<\/p>\n<p><strong>PA\u00cdS VASCO<\/strong><\/p>\n<p>En el Pa\u00eds Vasco el n\u00famero de casos confirmados que el Departamento de Salud vincula directamente al foco detectado en Ordizia (Gipuzcoa) asciende a 75. Adem\u00e1s informa de que se han identificado \u00abcontagios secundarios\u00bb en municipios pr\u00f3ximos, como en Tolosa, donde se han detectado seis casos, y se estudia si se trata de un rebrote.<\/p>\n<p>Seg\u00fan Gobierno vasco, en los \u00faltimos d\u00edas el n\u00famero de casos detectados en el brote de Ordizia es \u00abmuy bajo\u00bb y los contagios que aparecen corresponden a personas que estaban ya en aislamiento.<\/p>\n<p><strong>ANDALUC\u00cdA<\/strong><\/p>\n<p>Andaluc\u00eda mantiene 13 brotes activos de coronavirus &#8211;nueve en fase de investigaci\u00f3n y cuatro en fase de control&#8211; en las provincias de Granada, M\u00e1laga, Almer\u00eda y C\u00f3rdoba con un total de 202 casos confirmados &#8211;19 menos en 24 horas&#8211; tras dar por superados dos brotes, uno vinculado a una pensi\u00f3n en Algeciras (C\u00e1diz) y otro en el \u00e1rea metropolitana con 35 afectados.<\/p>\n<p>Se incorpora un nuevo brote en Granada &#8211;quinto activo en esta provincia&#8211; con cuatro casos confirmados que se suma a otros ocho en fase de investigaci\u00f3n, el m\u00e1s importante el vinculado a un velatorio celebrado en Belicena (Granada), que suma diez afectados en 24 horas hasta un total de 55.<\/p>\n<p><strong>BALEARES<\/strong><\/p>\n<p>El Servicio balear de Epidemiolog\u00eda ha confirmado hasta la fecha 2.378 casos de personas con covid-19 en la comunidad, uno m\u00e1s que este lunes. No se ha notificado ninguna nueva defunci\u00f3n y el acumulado se mantiene en 229 personas fallecidas debido al coronavirus.<\/p>\n<p><strong>CASTILLA Y LE\u00d3N<\/strong><\/p>\n<p>Castilla y Le\u00f3n contabiliza 46 positivos m\u00e1s que en el parte de este lunes, con lo que supone el mayor incremento de casos en un d\u00eda desde el pasado 7 de junio. El brote declarado en un campamento de la localidad soriana de Salduero afecta a 12 personas, de las que diez son menores, de entre 7 y 12 a\u00f1os, y dos son adultos, ambos de 21 a\u00f1os.<\/p>\n<p>En cuanto al brote declarado en Valladolid se mantiene este martes en veinte casos positivos y el estudio epidemiol\u00f3gico se ha ampliado hasta 45 personas, seg\u00fan fuentes de la Delegaci\u00f3n Territorial de la Junta.<\/p>\n<p><strong>MURCIA<\/strong><\/p>\n<p>El presidente Fernando L\u00f3pez Miras se\u00f1ala que hay cuatro brotes \u00abcontenidos\u00bb. Asimismo, informan de que actualmente hay 88 personas afectadas por coronavirus de las que ninguna est\u00e1 ingresada en UCI. Los casos relacionados con el brote de vinculado con un vuelo procedente de Bolivia ascienden a 62, de los que 18 est\u00e1n localizados en una empresa hortofrut\u00edcola radicada en el municipio de Murcia.<\/p>\n<p><strong>CASTILLA-LA MANCHA<\/strong><\/p>\n<p>la Consejer\u00eda de Sanidad apuntan que el brote de la localidad de Socu\u00e9llamos est\u00e1 estabilizado a pesar de ser en estos momentos el m\u00e1s activo y de que haya hecho \u00abrastrear a cientos de personas\u00bb. Cuenta con 18 positivos, y de los contactos directos de esos casos, 28 han dado negativos y 17 est\u00e1n a la espera de conocer el resultado de la prueba. Los brotes de del edificio de la calle Ba\u00f1os de Albacete y el de Tarazona de la Mancha est\u00e1n \u00abcontrolados\u00bb.<\/p>\n<p><strong>CANTABRIA<\/strong><\/p>\n<p>Cantabria ha registrado un nuevo caso aislado y sin relaci\u00f3n con los de los marineros de los barcos de Burela atracados en Santo\u00f1a ni con el del turista vasco alojado en Selaya. No ha habido fallecidos pero ha aumentado a tres la cifra de personas hospitalizadas.<\/p>\n<p><strong>COMUNIDAD DE MADRID<\/strong><\/p>\n<p>Madrid registra un \u00fanico fallecido por coronavirus y los nuevos contagios repuntan con 28 casos en 24 horas. La Consejer\u00eda de Sanidad ha notificado adem\u00e1s tres brotes con 50 personas monitorizadas, 18 de ellas casos positivos.<\/p>\n<p><strong>NAVARRA<\/strong><\/p>\n<p>Navarra registr\u00f3 el lunes quince nuevos positivos por covid-19. De ellos, cuatro corresponden al brote de la Comarca de Pamplona, que suman un total de ocho casos. El brote del almuerzo del d\u00eda 6 registra otros dos casos nuevos, lo que hace un acumulado de 23. No se han producido novedades ni en el brote de Tudela ni en el de Sunbilla.<\/p>\n<p><strong>CANARIAS<\/strong><\/p>\n<p>Canarias ha registrado cinco positivos m\u00e1s en las \u00faltimas 24 horas. En total hay 81 casos positivos de los que dos est\u00e1n en UCIy el resto (79) est\u00e1n bajo vigilancia en sus domicilios.<\/p>\n<p><strong>LA RIOJA<\/strong><\/p>\n<p>Seg\u00fan datos confirmados por el Gobierno de la Rioja, se han registrado dos nuevos contagios por coronavirus en las \u00faltimas 24 horas. El n\u00famero total de casos acumulados desde el inicio de la pandemia en La Rioja es de 4.104.<\/p>\n<p><strong>COMUNIDAD VALENCIANA<\/strong><\/p>\n<p>En la Comunidad de Valencia un total de 30 municipios han sumado nuevos positivos por coronavirus durante el fin de semana. De ellos, Valencia (24) y Foios (12) son los que m\u00e1s casos han registrado. Esta \u00faltima duplica el total de casos que ha tenido desde el inicio de la pandemia debido a un brote familiar.<\/p>\n<p>En cuanto a los focos de Borriana y Santa Pola se aprecian siete casos nuevos en la primera y cuatro casos m\u00e1s en la segunda.<\/p>\n<p><strong>ASTURIAS<\/strong><\/p>\n<p>Esta regi\u00f3n ha confirmado cinco nuevos casos, tres de ellos pertenecen al \u00e1rea sanitaria de Jarrio y dos a la de Gij\u00f3n. Hasta este martes Asturias era la \u00fanica comunidad aut\u00f3noma que permanec\u00eda libre de rebrotes, con solo tres casos detectados en las \u00faltimas semanas.<\/p>\n","protected":false},"excerpt":{"rendered":"<p>(EUROPA PRESS) &#8211;\u00a0El mapa de los rebrotes de este martes, en el que Espa\u00f1a acumula ya 123 focos dispersados por todo el pa\u00eds y 263 nuevos positivos en las \u00faltimas 24 horas, llega marcado por el apoyo del Ejecutivo de Pedro S\u00e1nchez a la decisi\u00f3n del president de la Generalitat, Quim Torra, de confinar a<\/p>\n","protected":false},"author":1,"featured_media":4405,"comment_status":"closed","ping_status":"closed","sticky":false,"template":"","format":"standard","meta":{"footnotes":""},"categories":[1],"tags":[],"class_list":{"0":"post-4726","1":"post","2":"type-post","3":"status-publish","4":"format-standard","5":"has-post-thumbnail","7":"category-noticias"},"aioseo_notices":[],"aioseo_head":"\n\t\t<!-- All in One SEO Pro 4.9.6.2 - aioseo.com -->\n\t<meta name=\"description\" content=\"(EUROPA PRESS) - El mapa de los rebrotes de este martes, en el que Espa\u00f1a acumula ya 123 focos dispersados por todo el pa\u00eds y 263 nuevos positivos en las \u00faltimas 24 horas, llega marcado por el apoyo del Ejecutivo de Pedro S\u00e1nchez a la decisi\u00f3n del president de la Generalitat, Quim Torra, de confinar a\" \/>\n\t<meta name=\"robots\" content=\"max-image-preview:large\" \/>\n\t<meta name=\"author\" content=\"NBAsturias\"\/>\n\t<meta name=\"google-site-verification\" content=\"UA-38556648-1\" \/>\n\t<meta name=\"keywords\" content=\"noticias\" \/>\n\t<link rel=\"canonical\" href=\"https:\/\/eldigitaldeasturias.com\/radio\/coronavirus-123-focos-activos-en-espana\/\" \/>\n\t<meta name=\"generator\" content=\"All in One SEO Pro (AIOSEO) 4.9.6.2\" \/>\n\t\t<meta property=\"og:locale\" content=\"es_ES\" \/>\n\t\t<meta property=\"og:site_name\" content=\"El Digital de Asturias | Diario de informaci\u00f3n y noticias\" \/>\n\t\t<meta property=\"og:type\" content=\"article\" \/>\n\t\t<meta property=\"og:title\" content=\"Coronavirus: 123 focos activos en Espa\u00f1a | El Digital de Asturias\" \/>\n\t\t<meta property=\"og:description\" content=\"(EUROPA PRESS) - El mapa de los rebrotes de este martes, en el que Espa\u00f1a acumula ya 123 focos dispersados por todo el pa\u00eds y 263 nuevos positivos en las \u00faltimas 24 horas, llega marcado por el apoyo del Ejecutivo de Pedro S\u00e1nchez a la decisi\u00f3n del president de la Generalitat, Quim Torra, de confinar a\" \/>\n\t\t<meta property=\"og:url\" content=\"https:\/\/eldigitaldeasturias.com\/radio\/coronavirus-123-focos-activos-en-espana\/\" \/>\n\t\t<meta property=\"og:image\" content=\"https:\/\/eldigitaldeasturias.com\/radio\/wp-content\/uploads\/2020\/06\/connection-4884862_640.jpg\" \/>\n\t\t<meta property=\"og:image:secure_url\" content=\"https:\/\/eldigitaldeasturias.com\/radio\/wp-content\/uploads\/2020\/06\/connection-4884862_640.jpg\" \/>\n\t\t<meta property=\"og:image:width\" content=\"640\" \/>\n\t\t<meta property=\"og:image:height\" content=\"436\" \/>\n\t\t<meta property=\"article:published_time\" content=\"2020-07-15T03:47:22+00:00\" \/>\n\t\t<meta property=\"article:modified_time\" content=\"2020-07-15T03:47:22+00:00\" \/>\n\t\t<meta name=\"twitter:card\" content=\"summary_large_image\" \/>\n\t\t<meta name=\"twitter:site\" content=\"@bercodi\" \/>\n\t\t<meta name=\"twitter:title\" content=\"Coronavirus: 123 focos activos en Espa\u00f1a | El Digital de Asturias\" \/>\n\t\t<meta name=\"twitter:description\" content=\"(EUROPA PRESS) - El mapa de los rebrotes de este martes, en el que Espa\u00f1a acumula ya 123 focos dispersados por todo el pa\u00eds y 263 nuevos positivos en las \u00faltimas 24 horas, llega marcado por el apoyo del Ejecutivo de Pedro S\u00e1nchez a la decisi\u00f3n del president de la Generalitat, Quim Torra, de confinar a\" \/>\n\t\t<meta name=\"twitter:creator\" content=\"@bercodi\" \/>\n\t\t<meta name=\"twitter:image\" content=\"https:\/\/eldigitaldeasturias.com\/radio\/wp-content\/uploads\/2020\/06\/connection-4884862_640.jpg\" \/>\n\t\t<script type=\"application\/ld+json\" class=\"aioseo-schema\">\n\t\t\t{\"@context\":\"https:\\\/\\\/schema.org\",\"@graph\":[{\"@type\":\"BreadcrumbList\",\"@id\":\"https:\\\/\\\/eldigitaldeasturias.com\\\/radio\\\/coronavirus-123-focos-activos-en-espana\\\/#breadcrumblist\",\"itemListElement\":[{\"@type\":\"ListItem\",\"@id\":\"https:\\\/\\\/eldigitaldeasturias.com\\\/radio#listItem\",\"position\":1,\"name\":\"Inicio\",\"item\":\"https:\\\/\\\/eldigitaldeasturias.com\\\/radio\",\"nextItem\":{\"@type\":\"ListItem\",\"@id\":\"https:\\\/\\\/eldigitaldeasturias.com\\\/radio\\\/category\\\/noticias\\\/#listItem\",\"name\":\"Noticias\"}},{\"@type\":\"ListItem\",\"@id\":\"https:\\\/\\\/eldigitaldeasturias.com\\\/radio\\\/category\\\/noticias\\\/#listItem\",\"position\":2,\"name\":\"Noticias\",\"item\":\"https:\\\/\\\/eldigitaldeasturias.com\\\/radio\\\/category\\\/noticias\\\/\",\"nextItem\":{\"@type\":\"ListItem\",\"@id\":\"https:\\\/\\\/eldigitaldeasturias.com\\\/radio\\\/coronavirus-123-focos-activos-en-espana\\\/#listItem\",\"name\":\"Coronavirus: 123 focos activos en Espa\\u00f1a\"},\"previousItem\":{\"@type\":\"ListItem\",\"@id\":\"https:\\\/\\\/eldigitaldeasturias.com\\\/radio#listItem\",\"name\":\"Inicio\"}},{\"@type\":\"ListItem\",\"@id\":\"https:\\\/\\\/eldigitaldeasturias.com\\\/radio\\\/coronavirus-123-focos-activos-en-espana\\\/#listItem\",\"position\":3,\"name\":\"Coronavirus: 123 focos activos en Espa\\u00f1a\",\"previousItem\":{\"@type\":\"ListItem\",\"@id\":\"https:\\\/\\\/eldigitaldeasturias.com\\\/radio\\\/category\\\/noticias\\\/#listItem\",\"name\":\"Noticias\"}}]},{\"@type\":\"NewsArticle\",\"@id\":\"https:\\\/\\\/eldigitaldeasturias.com\\\/radio\\\/coronavirus-123-focos-activos-en-espana\\\/#newsarticle\",\"name\":\"Coronavirus: 123 focos activos en Espa\\u00f1a | El Digital de Asturias\",\"headline\":\"Coronavirus: 123 focos activos en Espa\\u00f1a\",\"author\":{\"@id\":\"https:\\\/\\\/eldigitaldeasturias.com\\\/radio\\\/author\\\/nbasturias\\\/#author\"},\"publisher\":{\"@id\":\"https:\\\/\\\/eldigitaldeasturias.com\\\/radio\\\/#organization\"},\"image\":{\"@type\":\"ImageObject\",\"url\":\"https:\\\/\\\/eldigitaldeasturias.com\\\/radio\\\/wp-content\\\/uploads\\\/2020\\\/06\\\/connection-4884862_640.jpg\",\"width\":640,\"height\":436},\"datePublished\":\"2020-07-15T03:47:22+02:00\",\"dateModified\":\"2020-07-15T03:47:22+02:00\",\"inLanguage\":\"es-ES\",\"mainEntityOfPage\":{\"@id\":\"https:\\\/\\\/eldigitaldeasturias.com\\\/radio\\\/coronavirus-123-focos-activos-en-espana\\\/#webpage\"},\"isPartOf\":{\"@id\":\"https:\\\/\\\/eldigitaldeasturias.com\\\/radio\\\/coronavirus-123-focos-activos-en-espana\\\/#webpage\"},\"articleSection\":\"Noticias\",\"dateline\":\"Publicado el julio 15, 2020.\"},{\"@type\":\"Organization\",\"@id\":\"https:\\\/\\\/eldigitaldeasturias.com\\\/radio\\\/#organization\",\"name\":\"El digital de Asturias Radio\",\"description\":\"Diario de informaci\\u00f3n y noticias\",\"url\":\"https:\\\/\\\/eldigitaldeasturias.com\\\/radio\\\/\",\"telephone\":\"+34652131393\",\"logo\":{\"@type\":\"ImageObject\",\"url\":\"https:\\\/\\\/www.eldigitaldeasturias.com\\\/radio\\\/wp-content\\\/uploads\\\/2021\\\/03\\\/EDA.jpg\",\"@id\":\"https:\\\/\\\/eldigitaldeasturias.com\\\/radio\\\/coronavirus-123-focos-activos-en-espana\\\/#organizationLogo\"},\"image\":{\"@id\":\"https:\\\/\\\/eldigitaldeasturias.com\\\/radio\\\/coronavirus-123-focos-activos-en-espana\\\/#organizationLogo\"},\"sameAs\":[\"https:\\\/\\\/www.facebook.com\\\/\",\"https:\\\/\\\/x.com\\\/bercodi\",\"https:\\\/\\\/www.instagram.com\\\/\",\"https:\\\/\\\/www.youtube.com\\\/channel\\\/UCZP-2wLEB9Rv6erhFmqVnvg\"]},{\"@type\":\"Person\",\"@id\":\"https:\\\/\\\/eldigitaldeasturias.com\\\/radio\\\/author\\\/nbasturias\\\/#author\",\"url\":\"https:\\\/\\\/eldigitaldeasturias.com\\\/radio\\\/author\\\/nbasturias\\\/\",\"name\":\"NBAsturias\",\"image\":{\"@type\":\"ImageObject\",\"@id\":\"https:\\\/\\\/eldigitaldeasturias.com\\\/radio\\\/coronavirus-123-focos-activos-en-espana\\\/#authorImage\",\"url\":\"https:\\\/\\\/secure.gravatar.com\\\/avatar\\\/df2aeffc32bcd13f8d26072ef8a91b623d677766deac7f97ca815868cd41bf5e?s=96&d=mm&r=g\",\"width\":96,\"height\":96,\"caption\":\"NBAsturias\"}},{\"@type\":\"WebPage\",\"@id\":\"https:\\\/\\\/eldigitaldeasturias.com\\\/radio\\\/coronavirus-123-focos-activos-en-espana\\\/#webpage\",\"url\":\"https:\\\/\\\/eldigitaldeasturias.com\\\/radio\\\/coronavirus-123-focos-activos-en-espana\\\/\",\"name\":\"Coronavirus: 123 focos activos en Espa\\u00f1a | El Digital de Asturias\",\"description\":\"(EUROPA PRESS) - El mapa de los rebrotes de este martes, en el que Espa\\u00f1a acumula ya 123 focos dispersados por todo el pa\\u00eds y 263 nuevos positivos en las \\u00faltimas 24 horas, llega marcado por el apoyo del Ejecutivo de Pedro S\\u00e1nchez a la decisi\\u00f3n del president de la Generalitat, Quim Torra, de confinar a\",\"inLanguage\":\"es-ES\",\"isPartOf\":{\"@id\":\"https:\\\/\\\/eldigitaldeasturias.com\\\/radio\\\/#website\"},\"breadcrumb\":{\"@id\":\"https:\\\/\\\/eldigitaldeasturias.com\\\/radio\\\/coronavirus-123-focos-activos-en-espana\\\/#breadcrumblist\"},\"author\":{\"@id\":\"https:\\\/\\\/eldigitaldeasturias.com\\\/radio\\\/author\\\/nbasturias\\\/#author\"},\"creator\":{\"@id\":\"https:\\\/\\\/eldigitaldeasturias.com\\\/radio\\\/author\\\/nbasturias\\\/#author\"},\"image\":{\"@type\":\"ImageObject\",\"url\":\"https:\\\/\\\/eldigitaldeasturias.com\\\/radio\\\/wp-content\\\/uploads\\\/2020\\\/06\\\/connection-4884862_640.jpg\",\"@id\":\"https:\\\/\\\/eldigitaldeasturias.com\\\/radio\\\/coronavirus-123-focos-activos-en-espana\\\/#mainImage\",\"width\":640,\"height\":436},\"primaryImageOfPage\":{\"@id\":\"https:\\\/\\\/eldigitaldeasturias.com\\\/radio\\\/coronavirus-123-focos-activos-en-espana\\\/#mainImage\"},\"datePublished\":\"2020-07-15T03:47:22+02:00\",\"dateModified\":\"2020-07-15T03:47:22+02:00\"},{\"@type\":\"WebSite\",\"@id\":\"https:\\\/\\\/eldigitaldeasturias.com\\\/radio\\\/#website\",\"url\":\"https:\\\/\\\/eldigitaldeasturias.com\\\/radio\\\/\",\"name\":\"El Digital de Asturias\",\"description\":\"Diario de informaci\\u00f3n y noticias\",\"inLanguage\":\"es-ES\",\"publisher\":{\"@id\":\"https:\\\/\\\/eldigitaldeasturias.com\\\/radio\\\/#organization\"}}]}\n\t\t<\/script>\n\t\t<!-- All in One SEO Pro -->\r\n\t\t<title>Coronavirus: 123 focos activos en Espa\u00f1a | El Digital de Asturias<\/title>\n\n","aioseo_head_json":{"title":"Coronavirus: 123 focos activos en Espa\u00f1a | El Digital de Asturias","description":"(EUROPA PRESS) - El mapa de los rebrotes de este martes, en el que Espa\u00f1a acumula ya 123 focos dispersados por todo el pa\u00eds y 263 nuevos positivos en las \u00faltimas 24 horas, llega marcado por el apoyo del Ejecutivo de Pedro S\u00e1nchez a la decisi\u00f3n del president de la Generalitat, Quim Torra, de confinar a","canonical_url":"https:\/\/eldigitaldeasturias.com\/radio\/coronavirus-123-focos-activos-en-espana\/","robots":"max-image-preview:large","keywords":"noticias","webmasterTools":{"google-site-verification":"UA-38556648-1","miscellaneous":""},"schema":{"@context":"https:\/\/schema.org","@graph":[{"@type":"BreadcrumbList","@id":"https:\/\/eldigitaldeasturias.com\/radio\/coronavirus-123-focos-activos-en-espana\/#breadcrumblist","itemListElement":[{"@type":"ListItem","@id":"https:\/\/eldigitaldeasturias.com\/radio#listItem","position":1,"name":"Inicio","item":"https:\/\/eldigitaldeasturias.com\/radio","nextItem":{"@type":"ListItem","@id":"https:\/\/eldigitaldeasturias.com\/radio\/category\/noticias\/#listItem","name":"Noticias"}},{"@type":"ListItem","@id":"https:\/\/eldigitaldeasturias.com\/radio\/category\/noticias\/#listItem","position":2,"name":"Noticias","item":"https:\/\/eldigitaldeasturias.com\/radio\/category\/noticias\/","nextItem":{"@type":"ListItem","@id":"https:\/\/eldigitaldeasturias.com\/radio\/coronavirus-123-focos-activos-en-espana\/#listItem","name":"Coronavirus: 123 focos activos en Espa\u00f1a"},"previousItem":{"@type":"ListItem","@id":"https:\/\/eldigitaldeasturias.com\/radio#listItem","name":"Inicio"}},{"@type":"ListItem","@id":"https:\/\/eldigitaldeasturias.com\/radio\/coronavirus-123-focos-activos-en-espana\/#listItem","position":3,"name":"Coronavirus: 123 focos activos en Espa\u00f1a","previousItem":{"@type":"ListItem","@id":"https:\/\/eldigitaldeasturias.com\/radio\/category\/noticias\/#listItem","name":"Noticias"}}]},{"@type":"NewsArticle","@id":"https:\/\/eldigitaldeasturias.com\/radio\/coronavirus-123-focos-activos-en-espana\/#newsarticle","name":"Coronavirus: 123 focos activos en Espa\u00f1a | El Digital de Asturias","headline":"Coronavirus: 123 focos activos en Espa\u00f1a","author":{"@id":"https:\/\/eldigitaldeasturias.com\/radio\/author\/nbasturias\/#author"},"publisher":{"@id":"https:\/\/eldigitaldeasturias.com\/radio\/#organization"},"image":{"@type":"ImageObject","url":"https:\/\/eldigitaldeasturias.com\/radio\/wp-content\/uploads\/2020\/06\/connection-4884862_640.jpg","width":640,"height":436},"datePublished":"2020-07-15T03:47:22+02:00","dateModified":"2020-07-15T03:47:22+02:00","inLanguage":"es-ES","mainEntityOfPage":{"@id":"https:\/\/eldigitaldeasturias.com\/radio\/coronavirus-123-focos-activos-en-espana\/#webpage"},"isPartOf":{"@id":"https:\/\/eldigitaldeasturias.com\/radio\/coronavirus-123-focos-activos-en-espana\/#webpage"},"articleSection":"Noticias","dateline":"Publicado el julio 15, 2020."},{"@type":"Organization","@id":"https:\/\/eldigitaldeasturias.com\/radio\/#organization","name":"El digital de Asturias Radio","description":"Diario de informaci\u00f3n y noticias","url":"https:\/\/eldigitaldeasturias.com\/radio\/","telephone":"+34652131393","logo":{"@type":"ImageObject","url":"https:\/\/www.eldigitaldeasturias.com\/radio\/wp-content\/uploads\/2021\/03\/EDA.jpg","@id":"https:\/\/eldigitaldeasturias.com\/radio\/coronavirus-123-focos-activos-en-espana\/#organizationLogo"},"image":{"@id":"https:\/\/eldigitaldeasturias.com\/radio\/coronavirus-123-focos-activos-en-espana\/#organizationLogo"},"sameAs":["https:\/\/www.facebook.com\/","https:\/\/x.com\/bercodi","https:\/\/www.instagram.com\/","https:\/\/www.youtube.com\/channel\/UCZP-2wLEB9Rv6erhFmqVnvg"]},{"@type":"Person","@id":"https:\/\/eldigitaldeasturias.com\/radio\/author\/nbasturias\/#author","url":"https:\/\/eldigitaldeasturias.com\/radio\/author\/nbasturias\/","name":"NBAsturias","image":{"@type":"ImageObject","@id":"https:\/\/eldigitaldeasturias.com\/radio\/coronavirus-123-focos-activos-en-espana\/#authorImage","url":"https:\/\/secure.gravatar.com\/avatar\/df2aeffc32bcd13f8d26072ef8a91b623d677766deac7f97ca815868cd41bf5e?s=96&d=mm&r=g","width":96,"height":96,"caption":"NBAsturias"}},{"@type":"WebPage","@id":"https:\/\/eldigitaldeasturias.com\/radio\/coronavirus-123-focos-activos-en-espana\/#webpage","url":"https:\/\/eldigitaldeasturias.com\/radio\/coronavirus-123-focos-activos-en-espana\/","name":"Coronavirus: 123 focos activos en Espa\u00f1a | El Digital de Asturias","description":"(EUROPA PRESS) - El mapa de los rebrotes de este martes, en el que Espa\u00f1a acumula ya 123 focos dispersados por todo el pa\u00eds y 263 nuevos positivos en las \u00faltimas 24 horas, llega marcado por el apoyo del Ejecutivo de Pedro S\u00e1nchez a la decisi\u00f3n del president de la Generalitat, Quim Torra, de confinar a","inLanguage":"es-ES","isPartOf":{"@id":"https:\/\/eldigitaldeasturias.com\/radio\/#website"},"breadcrumb":{"@id":"https:\/\/eldigitaldeasturias.com\/radio\/coronavirus-123-focos-activos-en-espana\/#breadcrumblist"},"author":{"@id":"https:\/\/eldigitaldeasturias.com\/radio\/author\/nbasturias\/#author"},"creator":{"@id":"https:\/\/eldigitaldeasturias.com\/radio\/author\/nbasturias\/#author"},"image":{"@type":"ImageObject","url":"https:\/\/eldigitaldeasturias.com\/radio\/wp-content\/uploads\/2020\/06\/connection-4884862_640.jpg","@id":"https:\/\/eldigitaldeasturias.com\/radio\/coronavirus-123-focos-activos-en-espana\/#mainImage","width":640,"height":436},"primaryImageOfPage":{"@id":"https:\/\/eldigitaldeasturias.com\/radio\/coronavirus-123-focos-activos-en-espana\/#mainImage"},"datePublished":"2020-07-15T03:47:22+02:00","dateModified":"2020-07-15T03:47:22+02:00"},{"@type":"WebSite","@id":"https:\/\/eldigitaldeasturias.com\/radio\/#website","url":"https:\/\/eldigitaldeasturias.com\/radio\/","name":"El Digital de Asturias","description":"Diario de informaci\u00f3n y noticias","inLanguage":"es-ES","publisher":{"@id":"https:\/\/eldigitaldeasturias.com\/radio\/#organization"}}]},"og:locale":"es_ES","og:site_name":"El Digital de Asturias | Diario de informaci\u00f3n y noticias","og:type":"article","og:title":"Coronavirus: 123 focos activos en Espa\u00f1a | El Digital de Asturias","og:description":"(EUROPA PRESS) - El mapa de los rebrotes de este martes, en el que Espa\u00f1a acumula ya 123 focos dispersados por todo el pa\u00eds y 263 nuevos positivos en las \u00faltimas 24 horas, llega marcado por el apoyo del Ejecutivo de Pedro S\u00e1nchez a la decisi\u00f3n del president de la Generalitat, Quim Torra, de confinar a","og:url":"https:\/\/eldigitaldeasturias.com\/radio\/coronavirus-123-focos-activos-en-espana\/","og:image":"https:\/\/eldigitaldeasturias.com\/radio\/wp-content\/uploads\/2020\/06\/connection-4884862_640.jpg","og:image:secure_url":"https:\/\/eldigitaldeasturias.com\/radio\/wp-content\/uploads\/2020\/06\/connection-4884862_640.jpg","og:image:width":640,"og:image:height":436,"article:published_time":"2020-07-15T03:47:22+00:00","article:modified_time":"2020-07-15T03:47:22+00:00","twitter:card":"summary_large_image","twitter:site":"@bercodi","twitter:title":"Coronavirus: 123 focos activos en Espa\u00f1a | El Digital de Asturias","twitter:description":"(EUROPA PRESS) - El mapa de los rebrotes de este martes, en el que Espa\u00f1a acumula ya 123 focos dispersados por todo el pa\u00eds y 263 nuevos positivos en las \u00faltimas 24 horas, llega marcado por el apoyo del Ejecutivo de Pedro S\u00e1nchez a la decisi\u00f3n del president de la Generalitat, Quim Torra, de confinar a","twitter:creator":"@bercodi","twitter:image":"https:\/\/eldigitaldeasturias.com\/radio\/wp-content\/uploads\/2020\/06\/connection-4884862_640.jpg"},"aioseo_meta_data":{"post_id":"4726","title":null,"description":"","keywords":"","keyphrases":null,"primary_term":null,"canonical_url":"","og_title":null,"og_description":null,"og_object_type":"default","og_image_type":"default","og_image_url":null,"og_image_width":null,"og_image_height":null,"og_image_custom_url":null,"og_image_custom_fields":null,"og_video":null,"og_custom_url":null,"og_article_section":null,"og_article_tags":null,"twitter_use_og":false,"twitter_card":"default","twitter_image_type":"default","twitter_image_url":null,"twitter_image_custom_url":null,"twitter_image_custom_fields":null,"twitter_title":null,"twitter_description":null,"schema":{"blockGraphs":[],"customGraphs":[],"default":{"data":{"Article":[],"Course":[],"Dataset":[],"FAQPage":[],"Movie":[],"Person":[],"Product":[],"ProductReview":[],"Car":[],"Recipe":[],"Service":[],"SoftwareApplication":[],"WebPage":[]},"graphName":"","isEnabled":true},"graphs":[],"defaultGraph":"","defaultPostTypeGraph":""},"schema_type":null,"schema_type_options":null,"pillar_content":false,"robots_default":true,"robots_noindex":false,"robots_noarchive":false,"robots_nosnippet":false,"robots_nofollow":false,"robots_noimageindex":false,"robots_noodp":false,"robots_notranslate":false,"robots_max_snippet":null,"robots_max_videopreview":null,"robots_max_imagepreview":"large","priority":null,"frequency":null,"location":null,"local_seo":null,"seo_analyzer_scan_date":"2025-08-28 16:35:28","breadcrumb_settings":null,"limit_modified_date":false,"open_ai":null,"ai":null,"created":"2021-03-28 06:48:13","updated":"2025-08-28 16:35:28"},"aioseo_breadcrumb":"<div class=\"aioseo-breadcrumbs\"><span class=\"aioseo-breadcrumb\">\n\t<a href=\"https:\/\/eldigitaldeasturias.com\/radio\" title=\"Inicio\">Inicio<\/a>\n<\/span><span class=\"aioseo-breadcrumb-separator\">&ndash;<\/span><span class=\"aioseo-breadcrumb\">\n\t<a href=\"https:\/\/eldigitaldeasturias.com\/radio\/category\/noticias\/\" title=\"Noticias\">Noticias<\/a>\n<\/span><span class=\"aioseo-breadcrumb-separator\">&ndash;<\/span><span class=\"aioseo-breadcrumb\">\n\tCoronavirus: 123 focos activos en Espa\u00f1a\n<\/span><\/div>","aioseo_breadcrumb_json":[{"label":"Inicio","link":"https:\/\/eldigitaldeasturias.com\/radio"},{"label":"Noticias","link":"https:\/\/eldigitaldeasturias.com\/radio\/category\/noticias\/"},{"label":"Coronavirus: 123 focos activos en Espa\u00f1a","link":"https:\/\/eldigitaldeasturias.com\/radio\/coronavirus-123-focos-activos-en-espana\/"}],"_links":{"self":[{"href":"https:\/\/eldigitaldeasturias.com\/radio\/wp-json\/wp\/v2\/posts\/4726","targetHints":{"allow":["GET"]}}],"collection":[{"href":"https:\/\/eldigitaldeasturias.com\/radio\/wp-json\/wp\/v2\/posts"}],"about":[{"href":"https:\/\/eldigitaldeasturias.com\/radio\/wp-json\/wp\/v2\/types\/post"}],"author":[{"embeddable":true,"href":"https:\/\/eldigitaldeasturias.com\/radio\/wp-json\/wp\/v2\/users\/1"}],"replies":[{"embeddable":true,"href":"https:\/\/eldigitaldeasturias.com\/radio\/wp-json\/wp\/v2\/comments?post=4726"}],"version-history":[{"count":0,"href":"https:\/\/eldigitaldeasturias.com\/radio\/wp-json\/wp\/v2\/posts\/4726\/revisions"}],"wp:featuredmedia":[{"embeddable":true,"href":"https:\/\/eldigitaldeasturias.com\/radio\/wp-json\/wp\/v2\/media\/4405"}],"wp:attachment":[{"href":"https:\/\/eldigitaldeasturias.com\/radio\/wp-json\/wp\/v2\/media?parent=4726"}],"wp:term":[{"taxonomy":"category","embeddable":true,"href":"https:\/\/eldigitaldeasturias.com\/radio\/wp-json\/wp\/v2\/categories?post=4726"},{"taxonomy":"post_tag","embeddable":true,"href":"https:\/\/eldigitaldeasturias.com\/radio\/wp-json\/wp\/v2\/tags?post=4726"}],"curies":[{"name":"wp","href":"https:\/\/api.w.org\/{rel}","templated":true}]}}