{"id":4721,"date":"2020-07-15T02:28:01","date_gmt":"2020-07-15T02:28:01","guid":{"rendered":"http:\/\/www.eldigitaldeasturias.com\/radio\/?p=4721"},"modified":"2020-07-15T02:28:01","modified_gmt":"2020-07-15T02:28:01","slug":"el-principado-no-autoriza-la-celebracion-de-la-fidma-2020","status":"publish","type":"post","link":"https:\/\/eldigitaldeasturias.com\/radio\/el-principado-no-autoriza-la-celebracion-de-la-fidma-2020\/","title":{"rendered":"El Principado no autoriza la celebraci\u00f3n de la FIDMA 2020"},"content":{"rendered":"<figure id=\"attachment_4722\" aria-describedby=\"caption-attachment-4722\" style=\"width: 360px\" class=\"wp-caption alignleft\"><img fetchpriority=\"high\" decoding=\"async\" class=\"wp-image-4722 size-medium\" src=\"http:\/\/www.eldigitaldeasturias.com\/radio\/wp-content\/uploads\/2020\/07\/FIDMA-EP-360x268.jpg\" alt=\"\" width=\"360\" height=\"268\" srcset=\"https:\/\/eldigitaldeasturias.com\/radio\/wp-content\/uploads\/2020\/07\/FIDMA-EP-360x268.jpg 360w, https:\/\/eldigitaldeasturias.com\/radio\/wp-content\/uploads\/2020\/07\/FIDMA-EP.jpg 713w\" sizes=\"(max-width: 360px) 100vw, 360px\" \/><figcaption id=\"caption-attachment-4722\" class=\"wp-caption-text\">Recinto Ferial Luis Adaro de Gij\u00f3n. &#8211; EUROPA PRESS<\/figcaption><\/figure>\n<p>(EUROPA PRESS) &#8211;\u00a0El presidente del Gobierno del Principado de Asturias, Adri\u00e1n Barb\u00f3n, ha confirmado este martes que el Comit\u00e9 T\u00e9cnico evaluador de riesgos de Asturias ha acordado, por unanimidad, informar desfavorablemente a la celebraci\u00f3n de la Feria Internacional de Muestras de Asturias, en Gij\u00f3n, que tendr\u00eda que empezar el pr\u00f3ximo d\u00eda 1 de agosto.<\/p>\n<p>\u00abEn consonancia con ello el Gobierno de Asturias, por razones de salud p\u00fablica, no autoriza su celebraci\u00f3n\u00bb, ha se\u00f1alado el jefe del Ejecutivo regional en su cuenta de Twitter, sobre una decisi\u00f3n que no se acordar\u00e1 en este d\u00eda en una reuni\u00f3n extraordinaria del Consejo de Gobierno.<\/p>\n<p>\u00abSe tratan de decisiones dif\u00edciles, seguramente impopulares, que ser\u00e1n objeto de cr\u00edticas, pero gobernar significa decidir y priorizar. Y en nuestro caso, siempre lo hemos dejado claro, nuestra prioridad es la salud p\u00fablica, prevenir nuevos contagios de coronavirus y en \u00faltimo extremo, salvar vidas\u00bb, ha indicado el presidente regional.<\/p>\n<p>\u00abSon tiempos duros, pero somos un Gobierno que ha adoptado, adopta y adoptar\u00e1 las decisiones que considera mejores para Asturias y sus gentes, con total claridad, sinceridad y contundencia\u00bb, ha a\u00f1adido.<\/p>\n<p>Cabe recordar que la C\u00e1mara de Comercio de Gij\u00f3n, organizadora de la Fidma, hab\u00eda presentado un plan de contingencia con medidas \u00abrigurosas\u00bb, que limitaba el aforo simult\u00e1neo a unas 14.100 personas. Tambi\u00e9n hab\u00edan planteado la contrataci\u00f3n de &#8216;distanciadores sociales&#8217; para evitar las aglomeraciones.<\/p>\n","protected":false},"excerpt":{"rendered":"<p>(EUROPA PRESS) &#8211;\u00a0El presidente del Gobierno del Principado de Asturias, Adri\u00e1n Barb\u00f3n, ha confirmado este martes que el Comit\u00e9 T\u00e9cnico evaluador de riesgos de Asturias ha acordado, por unanimidad, informar desfavorablemente a la celebraci\u00f3n de la Feria Internacional de Muestras de Asturias, en Gij\u00f3n, que tendr\u00eda que empezar el pr\u00f3ximo d\u00eda 1 de agosto. \u00abEn<\/p>\n","protected":false},"author":1,"featured_media":4722,"comment_status":"closed","ping_status":"closed","sticky":false,"template":"","format":"standard","meta":{"footnotes":""},"categories":[1],"tags":[],"class_list":{"0":"post-4721","1":"post","2":"type-post","3":"status-publish","4":"format-standard","5":"has-post-thumbnail","7":"category-noticias"},"aioseo_notices":[],"aioseo_head":"\n\t\t<!-- All in One SEO Pro 4.9.6.2 - aioseo.com -->\n\t<meta name=\"description\" content=\"(EUROPA PRESS) - El presidente del Gobierno del Principado de Asturias, Adri\u00e1n Barb\u00f3n, ha confirmado este martes que el Comit\u00e9 T\u00e9cnico evaluador de riesgos de Asturias ha acordado, por unanimidad, informar desfavorablemente a la celebraci\u00f3n de la Feria Internacional de Muestras de Asturias, en Gij\u00f3n, que tendr\u00eda que empezar el pr\u00f3ximo d\u00eda 1 de agosto. &quot;En\" \/>\n\t<meta name=\"robots\" content=\"max-image-preview:large\" \/>\n\t<meta name=\"author\" content=\"NBAsturias\"\/>\n\t<meta name=\"google-site-verification\" content=\"UA-38556648-1\" \/>\n\t<meta name=\"keywords\" content=\"noticias\" \/>\n\t<link rel=\"canonical\" href=\"https:\/\/eldigitaldeasturias.com\/radio\/el-principado-no-autoriza-la-celebracion-de-la-fidma-2020\/\" \/>\n\t<meta name=\"generator\" content=\"All in One SEO Pro (AIOSEO) 4.9.6.2\" \/>\n\t\t<meta property=\"og:locale\" content=\"es_ES\" \/>\n\t\t<meta property=\"og:site_name\" content=\"El Digital de Asturias | Diario de informaci\u00f3n y noticias\" \/>\n\t\t<meta property=\"og:type\" content=\"article\" \/>\n\t\t<meta property=\"og:title\" content=\"El Principado no autoriza la celebraci\u00f3n de la FIDMA 2020 | El Digital de Asturias\" \/>\n\t\t<meta property=\"og:description\" content=\"(EUROPA PRESS) - El presidente del Gobierno del Principado de Asturias, Adri\u00e1n Barb\u00f3n, ha confirmado este martes que el Comit\u00e9 T\u00e9cnico evaluador de riesgos de Asturias ha acordado, por unanimidad, informar desfavorablemente a la celebraci\u00f3n de la Feria Internacional de Muestras de Asturias, en Gij\u00f3n, que tendr\u00eda que empezar el pr\u00f3ximo d\u00eda 1 de agosto. &quot;En\" \/>\n\t\t<meta property=\"og:url\" content=\"https:\/\/eldigitaldeasturias.com\/radio\/el-principado-no-autoriza-la-celebracion-de-la-fidma-2020\/\" \/>\n\t\t<meta property=\"og:image\" content=\"https:\/\/eldigitaldeasturias.com\/radio\/wp-content\/uploads\/2020\/07\/FIDMA-EP.jpg\" \/>\n\t\t<meta property=\"og:image:secure_url\" content=\"https:\/\/eldigitaldeasturias.com\/radio\/wp-content\/uploads\/2020\/07\/FIDMA-EP.jpg\" \/>\n\t\t<meta property=\"og:image:width\" content=\"713\" \/>\n\t\t<meta property=\"og:image:height\" content=\"531\" \/>\n\t\t<meta property=\"article:published_time\" content=\"2020-07-15T02:28:01+00:00\" \/>\n\t\t<meta property=\"article:modified_time\" content=\"2020-07-15T02:28:01+00:00\" \/>\n\t\t<meta name=\"twitter:card\" content=\"summary_large_image\" \/>\n\t\t<meta name=\"twitter:site\" content=\"@bercodi\" \/>\n\t\t<meta name=\"twitter:title\" content=\"El Principado no autoriza la celebraci\u00f3n de la FIDMA 2020 | El Digital de Asturias\" \/>\n\t\t<meta name=\"twitter:description\" content=\"(EUROPA PRESS) - El presidente del Gobierno del Principado de Asturias, Adri\u00e1n Barb\u00f3n, ha confirmado este martes que el Comit\u00e9 T\u00e9cnico evaluador de riesgos de Asturias ha acordado, por unanimidad, informar desfavorablemente a la celebraci\u00f3n de la Feria Internacional de Muestras de Asturias, en Gij\u00f3n, que tendr\u00eda que empezar el pr\u00f3ximo d\u00eda 1 de agosto. &quot;En\" \/>\n\t\t<meta name=\"twitter:creator\" content=\"@bercodi\" \/>\n\t\t<meta name=\"twitter:image\" content=\"https:\/\/eldigitaldeasturias.com\/radio\/wp-content\/uploads\/2020\/07\/FIDMA-EP.jpg\" \/>\n\t\t<script type=\"application\/ld+json\" class=\"aioseo-schema\">\n\t\t\t{\"@context\":\"https:\\\/\\\/schema.org\",\"@graph\":[{\"@type\":\"BreadcrumbList\",\"@id\":\"https:\\\/\\\/eldigitaldeasturias.com\\\/radio\\\/el-principado-no-autoriza-la-celebracion-de-la-fidma-2020\\\/#breadcrumblist\",\"itemListElement\":[{\"@type\":\"ListItem\",\"@id\":\"https:\\\/\\\/eldigitaldeasturias.com\\\/radio#listItem\",\"position\":1,\"name\":\"Inicio\",\"item\":\"https:\\\/\\\/eldigitaldeasturias.com\\\/radio\",\"nextItem\":{\"@type\":\"ListItem\",\"@id\":\"https:\\\/\\\/eldigitaldeasturias.com\\\/radio\\\/category\\\/noticias\\\/#listItem\",\"name\":\"Noticias\"}},{\"@type\":\"ListItem\",\"@id\":\"https:\\\/\\\/eldigitaldeasturias.com\\\/radio\\\/category\\\/noticias\\\/#listItem\",\"position\":2,\"name\":\"Noticias\",\"item\":\"https:\\\/\\\/eldigitaldeasturias.com\\\/radio\\\/category\\\/noticias\\\/\",\"nextItem\":{\"@type\":\"ListItem\",\"@id\":\"https:\\\/\\\/eldigitaldeasturias.com\\\/radio\\\/el-principado-no-autoriza-la-celebracion-de-la-fidma-2020\\\/#listItem\",\"name\":\"El Principado no autoriza la celebraci\\u00f3n de la FIDMA 2020\"},\"previousItem\":{\"@type\":\"ListItem\",\"@id\":\"https:\\\/\\\/eldigitaldeasturias.com\\\/radio#listItem\",\"name\":\"Inicio\"}},{\"@type\":\"ListItem\",\"@id\":\"https:\\\/\\\/eldigitaldeasturias.com\\\/radio\\\/el-principado-no-autoriza-la-celebracion-de-la-fidma-2020\\\/#listItem\",\"position\":3,\"name\":\"El Principado no autoriza la celebraci\\u00f3n de la FIDMA 2020\",\"previousItem\":{\"@type\":\"ListItem\",\"@id\":\"https:\\\/\\\/eldigitaldeasturias.com\\\/radio\\\/category\\\/noticias\\\/#listItem\",\"name\":\"Noticias\"}}]},{\"@type\":\"NewsArticle\",\"@id\":\"https:\\\/\\\/eldigitaldeasturias.com\\\/radio\\\/el-principado-no-autoriza-la-celebracion-de-la-fidma-2020\\\/#newsarticle\",\"name\":\"El Principado no autoriza la celebraci\\u00f3n de la FIDMA 2020 | El Digital de Asturias\",\"headline\":\"El Principado no autoriza la celebraci\\u00f3n de la FIDMA 2020\",\"author\":{\"@id\":\"https:\\\/\\\/eldigitaldeasturias.com\\\/radio\\\/author\\\/nbasturias\\\/#author\"},\"publisher\":{\"@id\":\"https:\\\/\\\/eldigitaldeasturias.com\\\/radio\\\/#organization\"},\"image\":{\"@type\":\"ImageObject\",\"url\":\"https:\\\/\\\/eldigitaldeasturias.com\\\/radio\\\/wp-content\\\/uploads\\\/2020\\\/07\\\/FIDMA-EP.jpg\",\"width\":713,\"height\":531},\"datePublished\":\"2020-07-15T02:28:01+02:00\",\"dateModified\":\"2020-07-15T02:28:01+02:00\",\"inLanguage\":\"es-ES\",\"mainEntityOfPage\":{\"@id\":\"https:\\\/\\\/eldigitaldeasturias.com\\\/radio\\\/el-principado-no-autoriza-la-celebracion-de-la-fidma-2020\\\/#webpage\"},\"isPartOf\":{\"@id\":\"https:\\\/\\\/eldigitaldeasturias.com\\\/radio\\\/el-principado-no-autoriza-la-celebracion-de-la-fidma-2020\\\/#webpage\"},\"articleSection\":\"Noticias\",\"dateline\":\"Publicado el julio 15, 2020.\"},{\"@type\":\"Organization\",\"@id\":\"https:\\\/\\\/eldigitaldeasturias.com\\\/radio\\\/#organization\",\"name\":\"El digital de Asturias Radio\",\"description\":\"Diario de informaci\\u00f3n y noticias\",\"url\":\"https:\\\/\\\/eldigitaldeasturias.com\\\/radio\\\/\",\"telephone\":\"+34652131393\",\"logo\":{\"@type\":\"ImageObject\",\"url\":\"https:\\\/\\\/www.eldigitaldeasturias.com\\\/radio\\\/wp-content\\\/uploads\\\/2021\\\/03\\\/EDA.jpg\",\"@id\":\"https:\\\/\\\/eldigitaldeasturias.com\\\/radio\\\/el-principado-no-autoriza-la-celebracion-de-la-fidma-2020\\\/#organizationLogo\"},\"image\":{\"@id\":\"https:\\\/\\\/eldigitaldeasturias.com\\\/radio\\\/el-principado-no-autoriza-la-celebracion-de-la-fidma-2020\\\/#organizationLogo\"},\"sameAs\":[\"https:\\\/\\\/www.facebook.com\\\/\",\"https:\\\/\\\/x.com\\\/bercodi\",\"https:\\\/\\\/www.instagram.com\\\/\",\"https:\\\/\\\/www.youtube.com\\\/channel\\\/UCZP-2wLEB9Rv6erhFmqVnvg\"]},{\"@type\":\"Person\",\"@id\":\"https:\\\/\\\/eldigitaldeasturias.com\\\/radio\\\/author\\\/nbasturias\\\/#author\",\"url\":\"https:\\\/\\\/eldigitaldeasturias.com\\\/radio\\\/author\\\/nbasturias\\\/\",\"name\":\"NBAsturias\",\"image\":{\"@type\":\"ImageObject\",\"@id\":\"https:\\\/\\\/eldigitaldeasturias.com\\\/radio\\\/el-principado-no-autoriza-la-celebracion-de-la-fidma-2020\\\/#authorImage\",\"url\":\"https:\\\/\\\/secure.gravatar.com\\\/avatar\\\/df2aeffc32bcd13f8d26072ef8a91b623d677766deac7f97ca815868cd41bf5e?s=96&d=mm&r=g\",\"width\":96,\"height\":96,\"caption\":\"NBAsturias\"}},{\"@type\":\"WebPage\",\"@id\":\"https:\\\/\\\/eldigitaldeasturias.com\\\/radio\\\/el-principado-no-autoriza-la-celebracion-de-la-fidma-2020\\\/#webpage\",\"url\":\"https:\\\/\\\/eldigitaldeasturias.com\\\/radio\\\/el-principado-no-autoriza-la-celebracion-de-la-fidma-2020\\\/\",\"name\":\"El Principado no autoriza la celebraci\\u00f3n de la FIDMA 2020 | El Digital de Asturias\",\"description\":\"(EUROPA PRESS) - El presidente del Gobierno del Principado de Asturias, Adri\\u00e1n Barb\\u00f3n, ha confirmado este martes que el Comit\\u00e9 T\\u00e9cnico evaluador de riesgos de Asturias ha acordado, por unanimidad, informar desfavorablemente a la celebraci\\u00f3n de la Feria Internacional de Muestras de Asturias, en Gij\\u00f3n, que tendr\\u00eda que empezar el pr\\u00f3ximo d\\u00eda 1 de agosto. \\\"En\",\"inLanguage\":\"es-ES\",\"isPartOf\":{\"@id\":\"https:\\\/\\\/eldigitaldeasturias.com\\\/radio\\\/#website\"},\"breadcrumb\":{\"@id\":\"https:\\\/\\\/eldigitaldeasturias.com\\\/radio\\\/el-principado-no-autoriza-la-celebracion-de-la-fidma-2020\\\/#breadcrumblist\"},\"author\":{\"@id\":\"https:\\\/\\\/eldigitaldeasturias.com\\\/radio\\\/author\\\/nbasturias\\\/#author\"},\"creator\":{\"@id\":\"https:\\\/\\\/eldigitaldeasturias.com\\\/radio\\\/author\\\/nbasturias\\\/#author\"},\"image\":{\"@type\":\"ImageObject\",\"url\":\"https:\\\/\\\/eldigitaldeasturias.com\\\/radio\\\/wp-content\\\/uploads\\\/2020\\\/07\\\/FIDMA-EP.jpg\",\"@id\":\"https:\\\/\\\/eldigitaldeasturias.com\\\/radio\\\/el-principado-no-autoriza-la-celebracion-de-la-fidma-2020\\\/#mainImage\",\"width\":713,\"height\":531},\"primaryImageOfPage\":{\"@id\":\"https:\\\/\\\/eldigitaldeasturias.com\\\/radio\\\/el-principado-no-autoriza-la-celebracion-de-la-fidma-2020\\\/#mainImage\"},\"datePublished\":\"2020-07-15T02:28:01+02:00\",\"dateModified\":\"2020-07-15T02:28:01+02:00\"},{\"@type\":\"WebSite\",\"@id\":\"https:\\\/\\\/eldigitaldeasturias.com\\\/radio\\\/#website\",\"url\":\"https:\\\/\\\/eldigitaldeasturias.com\\\/radio\\\/\",\"name\":\"El Digital de Asturias\",\"description\":\"Diario de informaci\\u00f3n y noticias\",\"inLanguage\":\"es-ES\",\"publisher\":{\"@id\":\"https:\\\/\\\/eldigitaldeasturias.com\\\/radio\\\/#organization\"}}]}\n\t\t<\/script>\n\t\t<!-- All in One SEO Pro -->\r\n\t\t<title>El Principado no autoriza la celebraci\u00f3n de la FIDMA 2020 | El Digital de Asturias<\/title>\n\n","aioseo_head_json":{"title":"El Principado no autoriza la celebraci\u00f3n de la FIDMA 2020 | El Digital de Asturias","description":"(EUROPA PRESS) - El presidente del Gobierno del Principado de Asturias, Adri\u00e1n Barb\u00f3n, ha confirmado este martes que el Comit\u00e9 T\u00e9cnico evaluador de riesgos de Asturias ha acordado, por unanimidad, informar desfavorablemente a la celebraci\u00f3n de la Feria Internacional de Muestras de Asturias, en Gij\u00f3n, que tendr\u00eda que empezar el pr\u00f3ximo d\u00eda 1 de agosto. \"En","canonical_url":"https:\/\/eldigitaldeasturias.com\/radio\/el-principado-no-autoriza-la-celebracion-de-la-fidma-2020\/","robots":"max-image-preview:large","keywords":"noticias","webmasterTools":{"google-site-verification":"UA-38556648-1","miscellaneous":""},"schema":{"@context":"https:\/\/schema.org","@graph":[{"@type":"BreadcrumbList","@id":"https:\/\/eldigitaldeasturias.com\/radio\/el-principado-no-autoriza-la-celebracion-de-la-fidma-2020\/#breadcrumblist","itemListElement":[{"@type":"ListItem","@id":"https:\/\/eldigitaldeasturias.com\/radio#listItem","position":1,"name":"Inicio","item":"https:\/\/eldigitaldeasturias.com\/radio","nextItem":{"@type":"ListItem","@id":"https:\/\/eldigitaldeasturias.com\/radio\/category\/noticias\/#listItem","name":"Noticias"}},{"@type":"ListItem","@id":"https:\/\/eldigitaldeasturias.com\/radio\/category\/noticias\/#listItem","position":2,"name":"Noticias","item":"https:\/\/eldigitaldeasturias.com\/radio\/category\/noticias\/","nextItem":{"@type":"ListItem","@id":"https:\/\/eldigitaldeasturias.com\/radio\/el-principado-no-autoriza-la-celebracion-de-la-fidma-2020\/#listItem","name":"El Principado no autoriza la celebraci\u00f3n de la FIDMA 2020"},"previousItem":{"@type":"ListItem","@id":"https:\/\/eldigitaldeasturias.com\/radio#listItem","name":"Inicio"}},{"@type":"ListItem","@id":"https:\/\/eldigitaldeasturias.com\/radio\/el-principado-no-autoriza-la-celebracion-de-la-fidma-2020\/#listItem","position":3,"name":"El Principado no autoriza la celebraci\u00f3n de la FIDMA 2020","previousItem":{"@type":"ListItem","@id":"https:\/\/eldigitaldeasturias.com\/radio\/category\/noticias\/#listItem","name":"Noticias"}}]},{"@type":"NewsArticle","@id":"https:\/\/eldigitaldeasturias.com\/radio\/el-principado-no-autoriza-la-celebracion-de-la-fidma-2020\/#newsarticle","name":"El Principado no autoriza la celebraci\u00f3n de la FIDMA 2020 | El Digital de Asturias","headline":"El Principado no autoriza la celebraci\u00f3n de la FIDMA 2020","author":{"@id":"https:\/\/eldigitaldeasturias.com\/radio\/author\/nbasturias\/#author"},"publisher":{"@id":"https:\/\/eldigitaldeasturias.com\/radio\/#organization"},"image":{"@type":"ImageObject","url":"https:\/\/eldigitaldeasturias.com\/radio\/wp-content\/uploads\/2020\/07\/FIDMA-EP.jpg","width":713,"height":531},"datePublished":"2020-07-15T02:28:01+02:00","dateModified":"2020-07-15T02:28:01+02:00","inLanguage":"es-ES","mainEntityOfPage":{"@id":"https:\/\/eldigitaldeasturias.com\/radio\/el-principado-no-autoriza-la-celebracion-de-la-fidma-2020\/#webpage"},"isPartOf":{"@id":"https:\/\/eldigitaldeasturias.com\/radio\/el-principado-no-autoriza-la-celebracion-de-la-fidma-2020\/#webpage"},"articleSection":"Noticias","dateline":"Publicado el julio 15, 2020."},{"@type":"Organization","@id":"https:\/\/eldigitaldeasturias.com\/radio\/#organization","name":"El digital de Asturias Radio","description":"Diario de informaci\u00f3n y noticias","url":"https:\/\/eldigitaldeasturias.com\/radio\/","telephone":"+34652131393","logo":{"@type":"ImageObject","url":"https:\/\/www.eldigitaldeasturias.com\/radio\/wp-content\/uploads\/2021\/03\/EDA.jpg","@id":"https:\/\/eldigitaldeasturias.com\/radio\/el-principado-no-autoriza-la-celebracion-de-la-fidma-2020\/#organizationLogo"},"image":{"@id":"https:\/\/eldigitaldeasturias.com\/radio\/el-principado-no-autoriza-la-celebracion-de-la-fidma-2020\/#organizationLogo"},"sameAs":["https:\/\/www.facebook.com\/","https:\/\/x.com\/bercodi","https:\/\/www.instagram.com\/","https:\/\/www.youtube.com\/channel\/UCZP-2wLEB9Rv6erhFmqVnvg"]},{"@type":"Person","@id":"https:\/\/eldigitaldeasturias.com\/radio\/author\/nbasturias\/#author","url":"https:\/\/eldigitaldeasturias.com\/radio\/author\/nbasturias\/","name":"NBAsturias","image":{"@type":"ImageObject","@id":"https:\/\/eldigitaldeasturias.com\/radio\/el-principado-no-autoriza-la-celebracion-de-la-fidma-2020\/#authorImage","url":"https:\/\/secure.gravatar.com\/avatar\/df2aeffc32bcd13f8d26072ef8a91b623d677766deac7f97ca815868cd41bf5e?s=96&d=mm&r=g","width":96,"height":96,"caption":"NBAsturias"}},{"@type":"WebPage","@id":"https:\/\/eldigitaldeasturias.com\/radio\/el-principado-no-autoriza-la-celebracion-de-la-fidma-2020\/#webpage","url":"https:\/\/eldigitaldeasturias.com\/radio\/el-principado-no-autoriza-la-celebracion-de-la-fidma-2020\/","name":"El Principado no autoriza la celebraci\u00f3n de la FIDMA 2020 | El Digital de Asturias","description":"(EUROPA PRESS) - El presidente del Gobierno del Principado de Asturias, Adri\u00e1n Barb\u00f3n, ha confirmado este martes que el Comit\u00e9 T\u00e9cnico evaluador de riesgos de Asturias ha acordado, por unanimidad, informar desfavorablemente a la celebraci\u00f3n de la Feria Internacional de Muestras de Asturias, en Gij\u00f3n, que tendr\u00eda que empezar el pr\u00f3ximo d\u00eda 1 de agosto. \"En","inLanguage":"es-ES","isPartOf":{"@id":"https:\/\/eldigitaldeasturias.com\/radio\/#website"},"breadcrumb":{"@id":"https:\/\/eldigitaldeasturias.com\/radio\/el-principado-no-autoriza-la-celebracion-de-la-fidma-2020\/#breadcrumblist"},"author":{"@id":"https:\/\/eldigitaldeasturias.com\/radio\/author\/nbasturias\/#author"},"creator":{"@id":"https:\/\/eldigitaldeasturias.com\/radio\/author\/nbasturias\/#author"},"image":{"@type":"ImageObject","url":"https:\/\/eldigitaldeasturias.com\/radio\/wp-content\/uploads\/2020\/07\/FIDMA-EP.jpg","@id":"https:\/\/eldigitaldeasturias.com\/radio\/el-principado-no-autoriza-la-celebracion-de-la-fidma-2020\/#mainImage","width":713,"height":531},"primaryImageOfPage":{"@id":"https:\/\/eldigitaldeasturias.com\/radio\/el-principado-no-autoriza-la-celebracion-de-la-fidma-2020\/#mainImage"},"datePublished":"2020-07-15T02:28:01+02:00","dateModified":"2020-07-15T02:28:01+02:00"},{"@type":"WebSite","@id":"https:\/\/eldigitaldeasturias.com\/radio\/#website","url":"https:\/\/eldigitaldeasturias.com\/radio\/","name":"El Digital de Asturias","description":"Diario de informaci\u00f3n y noticias","inLanguage":"es-ES","publisher":{"@id":"https:\/\/eldigitaldeasturias.com\/radio\/#organization"}}]},"og:locale":"es_ES","og:site_name":"El Digital de Asturias | Diario de informaci\u00f3n y noticias","og:type":"article","og:title":"El Principado no autoriza la celebraci\u00f3n de la FIDMA 2020 | El Digital de Asturias","og:description":"(EUROPA PRESS) - El presidente del Gobierno del Principado de Asturias, Adri\u00e1n Barb\u00f3n, ha confirmado este martes que el Comit\u00e9 T\u00e9cnico evaluador de riesgos de Asturias ha acordado, por unanimidad, informar desfavorablemente a la celebraci\u00f3n de la Feria Internacional de Muestras de Asturias, en Gij\u00f3n, que tendr\u00eda que empezar el pr\u00f3ximo d\u00eda 1 de agosto. &quot;En","og:url":"https:\/\/eldigitaldeasturias.com\/radio\/el-principado-no-autoriza-la-celebracion-de-la-fidma-2020\/","og:image":"https:\/\/eldigitaldeasturias.com\/radio\/wp-content\/uploads\/2020\/07\/FIDMA-EP.jpg","og:image:secure_url":"https:\/\/eldigitaldeasturias.com\/radio\/wp-content\/uploads\/2020\/07\/FIDMA-EP.jpg","og:image:width":713,"og:image:height":531,"article:published_time":"2020-07-15T02:28:01+00:00","article:modified_time":"2020-07-15T02:28:01+00:00","twitter:card":"summary_large_image","twitter:site":"@bercodi","twitter:title":"El Principado no autoriza la celebraci\u00f3n de la FIDMA 2020 | El Digital de Asturias","twitter:description":"(EUROPA PRESS) - El presidente del Gobierno del Principado de Asturias, Adri\u00e1n Barb\u00f3n, ha confirmado este martes que el Comit\u00e9 T\u00e9cnico evaluador de riesgos de Asturias ha acordado, por unanimidad, informar desfavorablemente a la celebraci\u00f3n de la Feria Internacional de Muestras de Asturias, en Gij\u00f3n, que tendr\u00eda que empezar el pr\u00f3ximo d\u00eda 1 de agosto. &quot;En","twitter:creator":"@bercodi","twitter:image":"https:\/\/eldigitaldeasturias.com\/radio\/wp-content\/uploads\/2020\/07\/FIDMA-EP.jpg"},"aioseo_meta_data":{"post_id":"4721","title":null,"description":"","keywords":"","keyphrases":null,"primary_term":null,"canonical_url":"","og_title":null,"og_description":null,"og_object_type":"default","og_image_type":"default","og_image_url":null,"og_image_width":null,"og_image_height":null,"og_image_custom_url":null,"og_image_custom_fields":null,"og_video":null,"og_custom_url":null,"og_article_section":null,"og_article_tags":null,"twitter_use_og":false,"twitter_card":"default","twitter_image_type":"default","twitter_image_url":null,"twitter_image_custom_url":null,"twitter_image_custom_fields":null,"twitter_title":null,"twitter_description":null,"schema":{"blockGraphs":[],"customGraphs":[],"default":{"data":{"Article":[],"Course":[],"Dataset":[],"FAQPage":[],"Movie":[],"Person":[],"Product":[],"ProductReview":[],"Car":[],"Recipe":[],"Service":[],"SoftwareApplication":[],"WebPage":[]},"graphName":"","isEnabled":true},"graphs":[],"defaultGraph":"","defaultPostTypeGraph":""},"schema_type":null,"schema_type_options":null,"pillar_content":false,"robots_default":true,"robots_noindex":false,"robots_noarchive":false,"robots_nosnippet":false,"robots_nofollow":false,"robots_noimageindex":false,"robots_noodp":false,"robots_notranslate":false,"robots_max_snippet":null,"robots_max_videopreview":null,"robots_max_imagepreview":"large","priority":null,"frequency":null,"location":null,"local_seo":null,"seo_analyzer_scan_date":"2025-08-28 16:35:25","breadcrumb_settings":null,"limit_modified_date":false,"open_ai":null,"ai":null,"created":"2021-03-28 16:34:02","updated":"2025-08-28 16:35:25"},"aioseo_breadcrumb":"<div class=\"aioseo-breadcrumbs\"><span class=\"aioseo-breadcrumb\">\n\t<a href=\"https:\/\/eldigitaldeasturias.com\/radio\" title=\"Inicio\">Inicio<\/a>\n<\/span><span class=\"aioseo-breadcrumb-separator\">&ndash;<\/span><span class=\"aioseo-breadcrumb\">\n\t<a href=\"https:\/\/eldigitaldeasturias.com\/radio\/category\/noticias\/\" title=\"Noticias\">Noticias<\/a>\n<\/span><span class=\"aioseo-breadcrumb-separator\">&ndash;<\/span><span class=\"aioseo-breadcrumb\">\n\tEl Principado no autoriza la celebraci\u00f3n de la FIDMA 2020\n<\/span><\/div>","aioseo_breadcrumb_json":[{"label":"Inicio","link":"https:\/\/eldigitaldeasturias.com\/radio"},{"label":"Noticias","link":"https:\/\/eldigitaldeasturias.com\/radio\/category\/noticias\/"},{"label":"El Principado no autoriza la celebraci\u00f3n de la FIDMA 2020","link":"https:\/\/eldigitaldeasturias.com\/radio\/el-principado-no-autoriza-la-celebracion-de-la-fidma-2020\/"}],"_links":{"self":[{"href":"https:\/\/eldigitaldeasturias.com\/radio\/wp-json\/wp\/v2\/posts\/4721","targetHints":{"allow":["GET"]}}],"collection":[{"href":"https:\/\/eldigitaldeasturias.com\/radio\/wp-json\/wp\/v2\/posts"}],"about":[{"href":"https:\/\/eldigitaldeasturias.com\/radio\/wp-json\/wp\/v2\/types\/post"}],"author":[{"embeddable":true,"href":"https:\/\/eldigitaldeasturias.com\/radio\/wp-json\/wp\/v2\/users\/1"}],"replies":[{"embeddable":true,"href":"https:\/\/eldigitaldeasturias.com\/radio\/wp-json\/wp\/v2\/comments?post=4721"}],"version-history":[{"count":0,"href":"https:\/\/eldigitaldeasturias.com\/radio\/wp-json\/wp\/v2\/posts\/4721\/revisions"}],"wp:featuredmedia":[{"embeddable":true,"href":"https:\/\/eldigitaldeasturias.com\/radio\/wp-json\/wp\/v2\/media\/4722"}],"wp:attachment":[{"href":"https:\/\/eldigitaldeasturias.com\/radio\/wp-json\/wp\/v2\/media?parent=4721"}],"wp:term":[{"taxonomy":"category","embeddable":true,"href":"https:\/\/eldigitaldeasturias.com\/radio\/wp-json\/wp\/v2\/categories?post=4721"},{"taxonomy":"post_tag","embeddable":true,"href":"https:\/\/eldigitaldeasturias.com\/radio\/wp-json\/wp\/v2\/tags?post=4721"}],"curies":[{"name":"wp","href":"https:\/\/api.w.org\/{rel}","templated":true}]}}