{"id":4709,"date":"2020-07-14T08:17:45","date_gmt":"2020-07-14T08:17:45","guid":{"rendered":"http:\/\/www.eldigitaldeasturias.com\/radio\/?p=4709"},"modified":"2020-07-14T08:17:45","modified_gmt":"2020-07-14T08:17:45","slug":"encuesta-empresas-en-alemania-planean-mantener-home-office","status":"publish","type":"post","link":"https:\/\/eldigitaldeasturias.com\/radio\/encuesta-empresas-en-alemania-planean-mantener-home-office\/","title":{"rendered":"Encuesta: Empresas en Alemania planean mantener home office"},"content":{"rendered":"<p><img fetchpriority=\"high\" decoding=\"async\" class=\"alignleft size-medium wp-image-4679\" src=\"http:\/\/www.eldigitaldeasturias.com\/radio\/wp-content\/uploads\/2020\/07\/write-593333_640-360x213.jpg\" alt=\"\" width=\"360\" height=\"213\" srcset=\"https:\/\/eldigitaldeasturias.com\/radio\/wp-content\/uploads\/2020\/07\/write-593333_640-360x213.jpg 360w, https:\/\/eldigitaldeasturias.com\/radio\/wp-content\/uploads\/2020\/07\/write-593333_640.jpg 640w\" sizes=\"(max-width: 360px) 100vw, 360px\" \/>M\u00fanich (Alemania), 13 jul (dpa) &#8211; Un 54 por ciento de las empresas alemanas esperan que el teletrabajo, modalidad implantada en muchas empresas durante la crisis provocada por la pandemia del coronavirus, perdure y aumente permanentemente, seg\u00fan reflej\u00f3 un sondeo del instituto Ifo de M\u00fanich difundido hoy.<\/p>\n<p>\u00abLa crisis del coronavirus podr\u00eda implicar un impulso duradero para el home office\u00bb, explic\u00f3 Oliver Falck del instituto alem\u00e1n de investigaci\u00f3n econ\u00f3mica.<\/p>\n<p>La encuesta fue llevada a cabo entre 7.300 compa\u00f1\u00edas. \u00abPara muchas empresas la adaptaci\u00f3n fue acompa\u00f1ada de inversiones considerables en infraestructura digital y nueva tecnolog\u00eda de comunicaci\u00f3n. Lo m\u00e1s probable es que esta nueva organizaci\u00f3n del trabajo no sea revertida por completo\u00bb, apunt\u00f3 Falck.<\/p>\n<p>Para el estudio Falck y sus colaboradores evaluaron encuestas del Ifo y un sondeo a los miembros de la red LinkedIn. Seg\u00fan indic\u00f3 Ifo, tres cuartas partes de las empresas enviaron parte de sus plantillas al home office para superar la crisis. Temporalmente el 56 por ciento de los empleados en Alemania pudieron trabajar desde sus casas.<\/p>\n<p>\u00abM\u00e1s bien ser\u00eda una excepci\u00f3n que los trabajos a futuro sean trasladados completamente al home office\u00bb, opin\u00f3 el coautor del estudio Jean-Victor Alipour.<\/p>\n<p>\u00abPor un lado sabemos que la falta de contactos sociales en el home office a largo plazo puede ser una carga y por el otro el intercambio creativo y la transferencia de ideas y saberes no puede trasladarse completamente al plano digital\u00bb, a\u00f1adi\u00f3.<\/p>\n<p>Por lo tanto, Alipour concluy\u00f3 que es m\u00e1s probable \u00abque se impongan modelos de trabajo h\u00edbridos, entre el trabajo presencial y el home office\u00bb.<\/p>\n","protected":false},"excerpt":{"rendered":"<p>M\u00fanich (Alemania), 13 jul (dpa) &#8211; Un 54 por ciento de las empresas alemanas esperan que el teletrabajo, modalidad implantada en muchas empresas durante la crisis provocada por la pandemia del coronavirus, perdure y aumente permanentemente, seg\u00fan reflej\u00f3 un sondeo del instituto Ifo de M\u00fanich difundido hoy. \u00abLa crisis del coronavirus podr\u00eda implicar un impulso<\/p>\n","protected":false},"author":1,"featured_media":4679,"comment_status":"closed","ping_status":"closed","sticky":false,"template":"","format":"standard","meta":{"footnotes":""},"categories":[35],"tags":[],"class_list":{"0":"post-4709","1":"post","2":"type-post","3":"status-publish","4":"format-standard","5":"has-post-thumbnail","7":"category-negocios"},"aioseo_notices":[],"aioseo_head":"\n\t\t<!-- All in One SEO Pro 4.9.6.2 - aioseo.com -->\n\t<meta name=\"description\" content=\"M\u00fanich (Alemania), 13 jul (dpa) - Un 54 por ciento de las empresas alemanas esperan que el teletrabajo, modalidad implantada en muchas empresas durante la crisis provocada por la pandemia del coronavirus, perdure y aumente permanentemente, seg\u00fan reflej\u00f3 un sondeo del instituto Ifo de M\u00fanich difundido hoy. &quot;La crisis del coronavirus podr\u00eda implicar un impulso\" \/>\n\t<meta name=\"robots\" content=\"max-image-preview:large\" \/>\n\t<meta name=\"author\" content=\"NBAsturias\"\/>\n\t<meta name=\"google-site-verification\" content=\"UA-38556648-1\" \/>\n\t<meta name=\"keywords\" content=\"negocios\" \/>\n\t<link rel=\"canonical\" href=\"https:\/\/eldigitaldeasturias.com\/radio\/encuesta-empresas-en-alemania-planean-mantener-home-office\/\" \/>\n\t<meta name=\"generator\" content=\"All in One SEO Pro (AIOSEO) 4.9.6.2\" \/>\n\t\t<meta property=\"og:locale\" content=\"es_ES\" \/>\n\t\t<meta property=\"og:site_name\" content=\"El Digital de Asturias | Diario de informaci\u00f3n y noticias\" \/>\n\t\t<meta property=\"og:type\" content=\"article\" \/>\n\t\t<meta property=\"og:title\" content=\"Encuesta: Empresas en Alemania planean mantener home office | El Digital de Asturias\" \/>\n\t\t<meta property=\"og:description\" content=\"M\u00fanich (Alemania), 13 jul (dpa) - Un 54 por ciento de las empresas alemanas esperan que el teletrabajo, modalidad implantada en muchas empresas durante la crisis provocada por la pandemia del coronavirus, perdure y aumente permanentemente, seg\u00fan reflej\u00f3 un sondeo del instituto Ifo de M\u00fanich difundido hoy. &quot;La crisis del coronavirus podr\u00eda implicar un impulso\" \/>\n\t\t<meta property=\"og:url\" content=\"https:\/\/eldigitaldeasturias.com\/radio\/encuesta-empresas-en-alemania-planean-mantener-home-office\/\" \/>\n\t\t<meta property=\"og:image\" content=\"https:\/\/eldigitaldeasturias.com\/radio\/wp-content\/uploads\/2020\/07\/write-593333_640.jpg\" \/>\n\t\t<meta property=\"og:image:secure_url\" content=\"https:\/\/eldigitaldeasturias.com\/radio\/wp-content\/uploads\/2020\/07\/write-593333_640.jpg\" \/>\n\t\t<meta property=\"og:image:width\" content=\"640\" \/>\n\t\t<meta property=\"og:image:height\" content=\"378\" \/>\n\t\t<meta property=\"article:published_time\" content=\"2020-07-14T08:17:45+00:00\" \/>\n\t\t<meta property=\"article:modified_time\" content=\"2020-07-14T08:17:45+00:00\" \/>\n\t\t<meta name=\"twitter:card\" content=\"summary_large_image\" \/>\n\t\t<meta name=\"twitter:site\" content=\"@bercodi\" \/>\n\t\t<meta name=\"twitter:title\" content=\"Encuesta: Empresas en Alemania planean mantener home office | El Digital de Asturias\" \/>\n\t\t<meta name=\"twitter:description\" content=\"M\u00fanich (Alemania), 13 jul (dpa) - Un 54 por ciento de las empresas alemanas esperan que el teletrabajo, modalidad implantada en muchas empresas durante la crisis provocada por la pandemia del coronavirus, perdure y aumente permanentemente, seg\u00fan reflej\u00f3 un sondeo del instituto Ifo de M\u00fanich difundido hoy. &quot;La crisis del coronavirus podr\u00eda implicar un impulso\" \/>\n\t\t<meta name=\"twitter:creator\" content=\"@bercodi\" \/>\n\t\t<meta name=\"twitter:image\" content=\"https:\/\/eldigitaldeasturias.com\/radio\/wp-content\/uploads\/2020\/07\/write-593333_640.jpg\" \/>\n\t\t<script type=\"application\/ld+json\" class=\"aioseo-schema\">\n\t\t\t{\"@context\":\"https:\\\/\\\/schema.org\",\"@graph\":[{\"@type\":\"BreadcrumbList\",\"@id\":\"https:\\\/\\\/eldigitaldeasturias.com\\\/radio\\\/encuesta-empresas-en-alemania-planean-mantener-home-office\\\/#breadcrumblist\",\"itemListElement\":[{\"@type\":\"ListItem\",\"@id\":\"https:\\\/\\\/eldigitaldeasturias.com\\\/radio#listItem\",\"position\":1,\"name\":\"Inicio\",\"item\":\"https:\\\/\\\/eldigitaldeasturias.com\\\/radio\",\"nextItem\":{\"@type\":\"ListItem\",\"@id\":\"https:\\\/\\\/eldigitaldeasturias.com\\\/radio\\\/category\\\/negocios\\\/#listItem\",\"name\":\"Negocios\"}},{\"@type\":\"ListItem\",\"@id\":\"https:\\\/\\\/eldigitaldeasturias.com\\\/radio\\\/category\\\/negocios\\\/#listItem\",\"position\":2,\"name\":\"Negocios\",\"item\":\"https:\\\/\\\/eldigitaldeasturias.com\\\/radio\\\/category\\\/negocios\\\/\",\"nextItem\":{\"@type\":\"ListItem\",\"@id\":\"https:\\\/\\\/eldigitaldeasturias.com\\\/radio\\\/encuesta-empresas-en-alemania-planean-mantener-home-office\\\/#listItem\",\"name\":\"Encuesta: Empresas en Alemania planean mantener home office\"},\"previousItem\":{\"@type\":\"ListItem\",\"@id\":\"https:\\\/\\\/eldigitaldeasturias.com\\\/radio#listItem\",\"name\":\"Inicio\"}},{\"@type\":\"ListItem\",\"@id\":\"https:\\\/\\\/eldigitaldeasturias.com\\\/radio\\\/encuesta-empresas-en-alemania-planean-mantener-home-office\\\/#listItem\",\"position\":3,\"name\":\"Encuesta: Empresas en Alemania planean mantener home office\",\"previousItem\":{\"@type\":\"ListItem\",\"@id\":\"https:\\\/\\\/eldigitaldeasturias.com\\\/radio\\\/category\\\/negocios\\\/#listItem\",\"name\":\"Negocios\"}}]},{\"@type\":\"NewsArticle\",\"@id\":\"https:\\\/\\\/eldigitaldeasturias.com\\\/radio\\\/encuesta-empresas-en-alemania-planean-mantener-home-office\\\/#newsarticle\",\"name\":\"Encuesta: Empresas en Alemania planean mantener home office | El Digital de Asturias\",\"headline\":\"Encuesta: Empresas en Alemania planean mantener home office\",\"author\":{\"@id\":\"https:\\\/\\\/eldigitaldeasturias.com\\\/radio\\\/author\\\/nbasturias\\\/#author\"},\"publisher\":{\"@id\":\"https:\\\/\\\/eldigitaldeasturias.com\\\/radio\\\/#organization\"},\"image\":{\"@type\":\"ImageObject\",\"url\":\"https:\\\/\\\/eldigitaldeasturias.com\\\/radio\\\/wp-content\\\/uploads\\\/2020\\\/07\\\/write-593333_640.jpg\",\"width\":640,\"height\":378},\"datePublished\":\"2020-07-14T08:17:45+02:00\",\"dateModified\":\"2020-07-14T08:17:45+02:00\",\"inLanguage\":\"es-ES\",\"mainEntityOfPage\":{\"@id\":\"https:\\\/\\\/eldigitaldeasturias.com\\\/radio\\\/encuesta-empresas-en-alemania-planean-mantener-home-office\\\/#webpage\"},\"isPartOf\":{\"@id\":\"https:\\\/\\\/eldigitaldeasturias.com\\\/radio\\\/encuesta-empresas-en-alemania-planean-mantener-home-office\\\/#webpage\"},\"articleSection\":\"Negocios\",\"dateline\":\"Publicado el julio 14, 2020.\"},{\"@type\":\"Organization\",\"@id\":\"https:\\\/\\\/eldigitaldeasturias.com\\\/radio\\\/#organization\",\"name\":\"El digital de Asturias Radio\",\"description\":\"Diario de informaci\\u00f3n y noticias\",\"url\":\"https:\\\/\\\/eldigitaldeasturias.com\\\/radio\\\/\",\"telephone\":\"+34652131393\",\"logo\":{\"@type\":\"ImageObject\",\"url\":\"https:\\\/\\\/www.eldigitaldeasturias.com\\\/radio\\\/wp-content\\\/uploads\\\/2021\\\/03\\\/EDA.jpg\",\"@id\":\"https:\\\/\\\/eldigitaldeasturias.com\\\/radio\\\/encuesta-empresas-en-alemania-planean-mantener-home-office\\\/#organizationLogo\"},\"image\":{\"@id\":\"https:\\\/\\\/eldigitaldeasturias.com\\\/radio\\\/encuesta-empresas-en-alemania-planean-mantener-home-office\\\/#organizationLogo\"},\"sameAs\":[\"https:\\\/\\\/www.facebook.com\\\/\",\"https:\\\/\\\/x.com\\\/bercodi\",\"https:\\\/\\\/www.instagram.com\\\/\",\"https:\\\/\\\/www.youtube.com\\\/channel\\\/UCZP-2wLEB9Rv6erhFmqVnvg\"]},{\"@type\":\"Person\",\"@id\":\"https:\\\/\\\/eldigitaldeasturias.com\\\/radio\\\/author\\\/nbasturias\\\/#author\",\"url\":\"https:\\\/\\\/eldigitaldeasturias.com\\\/radio\\\/author\\\/nbasturias\\\/\",\"name\":\"NBAsturias\",\"image\":{\"@type\":\"ImageObject\",\"@id\":\"https:\\\/\\\/eldigitaldeasturias.com\\\/radio\\\/encuesta-empresas-en-alemania-planean-mantener-home-office\\\/#authorImage\",\"url\":\"https:\\\/\\\/secure.gravatar.com\\\/avatar\\\/df2aeffc32bcd13f8d26072ef8a91b623d677766deac7f97ca815868cd41bf5e?s=96&d=mm&r=g\",\"width\":96,\"height\":96,\"caption\":\"NBAsturias\"}},{\"@type\":\"WebPage\",\"@id\":\"https:\\\/\\\/eldigitaldeasturias.com\\\/radio\\\/encuesta-empresas-en-alemania-planean-mantener-home-office\\\/#webpage\",\"url\":\"https:\\\/\\\/eldigitaldeasturias.com\\\/radio\\\/encuesta-empresas-en-alemania-planean-mantener-home-office\\\/\",\"name\":\"Encuesta: Empresas en Alemania planean mantener home office | El Digital de Asturias\",\"description\":\"M\\u00fanich (Alemania), 13 jul (dpa) - Un 54 por ciento de las empresas alemanas esperan que el teletrabajo, modalidad implantada en muchas empresas durante la crisis provocada por la pandemia del coronavirus, perdure y aumente permanentemente, seg\\u00fan reflej\\u00f3 un sondeo del instituto Ifo de M\\u00fanich difundido hoy. \\\"La crisis del coronavirus podr\\u00eda implicar un impulso\",\"inLanguage\":\"es-ES\",\"isPartOf\":{\"@id\":\"https:\\\/\\\/eldigitaldeasturias.com\\\/radio\\\/#website\"},\"breadcrumb\":{\"@id\":\"https:\\\/\\\/eldigitaldeasturias.com\\\/radio\\\/encuesta-empresas-en-alemania-planean-mantener-home-office\\\/#breadcrumblist\"},\"author\":{\"@id\":\"https:\\\/\\\/eldigitaldeasturias.com\\\/radio\\\/author\\\/nbasturias\\\/#author\"},\"creator\":{\"@id\":\"https:\\\/\\\/eldigitaldeasturias.com\\\/radio\\\/author\\\/nbasturias\\\/#author\"},\"image\":{\"@type\":\"ImageObject\",\"url\":\"https:\\\/\\\/eldigitaldeasturias.com\\\/radio\\\/wp-content\\\/uploads\\\/2020\\\/07\\\/write-593333_640.jpg\",\"@id\":\"https:\\\/\\\/eldigitaldeasturias.com\\\/radio\\\/encuesta-empresas-en-alemania-planean-mantener-home-office\\\/#mainImage\",\"width\":640,\"height\":378},\"primaryImageOfPage\":{\"@id\":\"https:\\\/\\\/eldigitaldeasturias.com\\\/radio\\\/encuesta-empresas-en-alemania-planean-mantener-home-office\\\/#mainImage\"},\"datePublished\":\"2020-07-14T08:17:45+02:00\",\"dateModified\":\"2020-07-14T08:17:45+02:00\"},{\"@type\":\"WebSite\",\"@id\":\"https:\\\/\\\/eldigitaldeasturias.com\\\/radio\\\/#website\",\"url\":\"https:\\\/\\\/eldigitaldeasturias.com\\\/radio\\\/\",\"name\":\"El Digital de Asturias\",\"description\":\"Diario de informaci\\u00f3n y noticias\",\"inLanguage\":\"es-ES\",\"publisher\":{\"@id\":\"https:\\\/\\\/eldigitaldeasturias.com\\\/radio\\\/#organization\"}}]}\n\t\t<\/script>\n\t\t<!-- All in One SEO Pro -->\r\n\t\t<title>Encuesta: Empresas en Alemania planean mantener home office | El Digital de Asturias<\/title>\n\n","aioseo_head_json":{"title":"Encuesta: Empresas en Alemania planean mantener home office | El Digital de Asturias","description":"M\u00fanich (Alemania), 13 jul (dpa) - Un 54 por ciento de las empresas alemanas esperan que el teletrabajo, modalidad implantada en muchas empresas durante la crisis provocada por la pandemia del coronavirus, perdure y aumente permanentemente, seg\u00fan reflej\u00f3 un sondeo del instituto Ifo de M\u00fanich difundido hoy. \"La crisis del coronavirus podr\u00eda implicar un impulso","canonical_url":"https:\/\/eldigitaldeasturias.com\/radio\/encuesta-empresas-en-alemania-planean-mantener-home-office\/","robots":"max-image-preview:large","keywords":"negocios","webmasterTools":{"google-site-verification":"UA-38556648-1","miscellaneous":""},"schema":{"@context":"https:\/\/schema.org","@graph":[{"@type":"BreadcrumbList","@id":"https:\/\/eldigitaldeasturias.com\/radio\/encuesta-empresas-en-alemania-planean-mantener-home-office\/#breadcrumblist","itemListElement":[{"@type":"ListItem","@id":"https:\/\/eldigitaldeasturias.com\/radio#listItem","position":1,"name":"Inicio","item":"https:\/\/eldigitaldeasturias.com\/radio","nextItem":{"@type":"ListItem","@id":"https:\/\/eldigitaldeasturias.com\/radio\/category\/negocios\/#listItem","name":"Negocios"}},{"@type":"ListItem","@id":"https:\/\/eldigitaldeasturias.com\/radio\/category\/negocios\/#listItem","position":2,"name":"Negocios","item":"https:\/\/eldigitaldeasturias.com\/radio\/category\/negocios\/","nextItem":{"@type":"ListItem","@id":"https:\/\/eldigitaldeasturias.com\/radio\/encuesta-empresas-en-alemania-planean-mantener-home-office\/#listItem","name":"Encuesta: Empresas en Alemania planean mantener home office"},"previousItem":{"@type":"ListItem","@id":"https:\/\/eldigitaldeasturias.com\/radio#listItem","name":"Inicio"}},{"@type":"ListItem","@id":"https:\/\/eldigitaldeasturias.com\/radio\/encuesta-empresas-en-alemania-planean-mantener-home-office\/#listItem","position":3,"name":"Encuesta: Empresas en Alemania planean mantener home office","previousItem":{"@type":"ListItem","@id":"https:\/\/eldigitaldeasturias.com\/radio\/category\/negocios\/#listItem","name":"Negocios"}}]},{"@type":"NewsArticle","@id":"https:\/\/eldigitaldeasturias.com\/radio\/encuesta-empresas-en-alemania-planean-mantener-home-office\/#newsarticle","name":"Encuesta: Empresas en Alemania planean mantener home office | El Digital de Asturias","headline":"Encuesta: Empresas en Alemania planean mantener home office","author":{"@id":"https:\/\/eldigitaldeasturias.com\/radio\/author\/nbasturias\/#author"},"publisher":{"@id":"https:\/\/eldigitaldeasturias.com\/radio\/#organization"},"image":{"@type":"ImageObject","url":"https:\/\/eldigitaldeasturias.com\/radio\/wp-content\/uploads\/2020\/07\/write-593333_640.jpg","width":640,"height":378},"datePublished":"2020-07-14T08:17:45+02:00","dateModified":"2020-07-14T08:17:45+02:00","inLanguage":"es-ES","mainEntityOfPage":{"@id":"https:\/\/eldigitaldeasturias.com\/radio\/encuesta-empresas-en-alemania-planean-mantener-home-office\/#webpage"},"isPartOf":{"@id":"https:\/\/eldigitaldeasturias.com\/radio\/encuesta-empresas-en-alemania-planean-mantener-home-office\/#webpage"},"articleSection":"Negocios","dateline":"Publicado el julio 14, 2020."},{"@type":"Organization","@id":"https:\/\/eldigitaldeasturias.com\/radio\/#organization","name":"El digital de Asturias Radio","description":"Diario de informaci\u00f3n y noticias","url":"https:\/\/eldigitaldeasturias.com\/radio\/","telephone":"+34652131393","logo":{"@type":"ImageObject","url":"https:\/\/www.eldigitaldeasturias.com\/radio\/wp-content\/uploads\/2021\/03\/EDA.jpg","@id":"https:\/\/eldigitaldeasturias.com\/radio\/encuesta-empresas-en-alemania-planean-mantener-home-office\/#organizationLogo"},"image":{"@id":"https:\/\/eldigitaldeasturias.com\/radio\/encuesta-empresas-en-alemania-planean-mantener-home-office\/#organizationLogo"},"sameAs":["https:\/\/www.facebook.com\/","https:\/\/x.com\/bercodi","https:\/\/www.instagram.com\/","https:\/\/www.youtube.com\/channel\/UCZP-2wLEB9Rv6erhFmqVnvg"]},{"@type":"Person","@id":"https:\/\/eldigitaldeasturias.com\/radio\/author\/nbasturias\/#author","url":"https:\/\/eldigitaldeasturias.com\/radio\/author\/nbasturias\/","name":"NBAsturias","image":{"@type":"ImageObject","@id":"https:\/\/eldigitaldeasturias.com\/radio\/encuesta-empresas-en-alemania-planean-mantener-home-office\/#authorImage","url":"https:\/\/secure.gravatar.com\/avatar\/df2aeffc32bcd13f8d26072ef8a91b623d677766deac7f97ca815868cd41bf5e?s=96&d=mm&r=g","width":96,"height":96,"caption":"NBAsturias"}},{"@type":"WebPage","@id":"https:\/\/eldigitaldeasturias.com\/radio\/encuesta-empresas-en-alemania-planean-mantener-home-office\/#webpage","url":"https:\/\/eldigitaldeasturias.com\/radio\/encuesta-empresas-en-alemania-planean-mantener-home-office\/","name":"Encuesta: Empresas en Alemania planean mantener home office | El Digital de Asturias","description":"M\u00fanich (Alemania), 13 jul (dpa) - Un 54 por ciento de las empresas alemanas esperan que el teletrabajo, modalidad implantada en muchas empresas durante la crisis provocada por la pandemia del coronavirus, perdure y aumente permanentemente, seg\u00fan reflej\u00f3 un sondeo del instituto Ifo de M\u00fanich difundido hoy. \"La crisis del coronavirus podr\u00eda implicar un impulso","inLanguage":"es-ES","isPartOf":{"@id":"https:\/\/eldigitaldeasturias.com\/radio\/#website"},"breadcrumb":{"@id":"https:\/\/eldigitaldeasturias.com\/radio\/encuesta-empresas-en-alemania-planean-mantener-home-office\/#breadcrumblist"},"author":{"@id":"https:\/\/eldigitaldeasturias.com\/radio\/author\/nbasturias\/#author"},"creator":{"@id":"https:\/\/eldigitaldeasturias.com\/radio\/author\/nbasturias\/#author"},"image":{"@type":"ImageObject","url":"https:\/\/eldigitaldeasturias.com\/radio\/wp-content\/uploads\/2020\/07\/write-593333_640.jpg","@id":"https:\/\/eldigitaldeasturias.com\/radio\/encuesta-empresas-en-alemania-planean-mantener-home-office\/#mainImage","width":640,"height":378},"primaryImageOfPage":{"@id":"https:\/\/eldigitaldeasturias.com\/radio\/encuesta-empresas-en-alemania-planean-mantener-home-office\/#mainImage"},"datePublished":"2020-07-14T08:17:45+02:00","dateModified":"2020-07-14T08:17:45+02:00"},{"@type":"WebSite","@id":"https:\/\/eldigitaldeasturias.com\/radio\/#website","url":"https:\/\/eldigitaldeasturias.com\/radio\/","name":"El Digital de Asturias","description":"Diario de informaci\u00f3n y noticias","inLanguage":"es-ES","publisher":{"@id":"https:\/\/eldigitaldeasturias.com\/radio\/#organization"}}]},"og:locale":"es_ES","og:site_name":"El Digital de Asturias | Diario de informaci\u00f3n y noticias","og:type":"article","og:title":"Encuesta: Empresas en Alemania planean mantener home office | El Digital de Asturias","og:description":"M\u00fanich (Alemania), 13 jul (dpa) - Un 54 por ciento de las empresas alemanas esperan que el teletrabajo, modalidad implantada en muchas empresas durante la crisis provocada por la pandemia del coronavirus, perdure y aumente permanentemente, seg\u00fan reflej\u00f3 un sondeo del instituto Ifo de M\u00fanich difundido hoy. &quot;La crisis del coronavirus podr\u00eda implicar un impulso","og:url":"https:\/\/eldigitaldeasturias.com\/radio\/encuesta-empresas-en-alemania-planean-mantener-home-office\/","og:image":"https:\/\/eldigitaldeasturias.com\/radio\/wp-content\/uploads\/2020\/07\/write-593333_640.jpg","og:image:secure_url":"https:\/\/eldigitaldeasturias.com\/radio\/wp-content\/uploads\/2020\/07\/write-593333_640.jpg","og:image:width":640,"og:image:height":378,"article:published_time":"2020-07-14T08:17:45+00:00","article:modified_time":"2020-07-14T08:17:45+00:00","twitter:card":"summary_large_image","twitter:site":"@bercodi","twitter:title":"Encuesta: Empresas en Alemania planean mantener home office | El Digital de Asturias","twitter:description":"M\u00fanich (Alemania), 13 jul (dpa) - Un 54 por ciento de las empresas alemanas esperan que el teletrabajo, modalidad implantada en muchas empresas durante la crisis provocada por la pandemia del coronavirus, perdure y aumente permanentemente, seg\u00fan reflej\u00f3 un sondeo del instituto Ifo de M\u00fanich difundido hoy. &quot;La crisis del coronavirus podr\u00eda implicar un impulso","twitter:creator":"@bercodi","twitter:image":"https:\/\/eldigitaldeasturias.com\/radio\/wp-content\/uploads\/2020\/07\/write-593333_640.jpg"},"aioseo_meta_data":{"post_id":"4709","title":null,"description":"","keywords":"","keyphrases":null,"primary_term":null,"canonical_url":"","og_title":null,"og_description":null,"og_object_type":"default","og_image_type":"default","og_image_url":null,"og_image_width":null,"og_image_height":null,"og_image_custom_url":null,"og_image_custom_fields":null,"og_video":null,"og_custom_url":null,"og_article_section":null,"og_article_tags":null,"twitter_use_og":false,"twitter_card":"default","twitter_image_type":"default","twitter_image_url":null,"twitter_image_custom_url":null,"twitter_image_custom_fields":null,"twitter_title":null,"twitter_description":null,"schema":{"blockGraphs":[],"customGraphs":[],"default":{"data":{"Article":[],"Course":[],"Dataset":[],"FAQPage":[],"Movie":[],"Person":[],"Product":[],"ProductReview":[],"Car":[],"Recipe":[],"Service":[],"SoftwareApplication":[],"WebPage":[]},"graphName":"","isEnabled":true},"graphs":[],"defaultGraph":"","defaultPostTypeGraph":""},"schema_type":null,"schema_type_options":null,"pillar_content":false,"robots_default":true,"robots_noindex":false,"robots_noarchive":false,"robots_nosnippet":false,"robots_nofollow":false,"robots_noimageindex":false,"robots_noodp":false,"robots_notranslate":false,"robots_max_snippet":null,"robots_max_videopreview":null,"robots_max_imagepreview":"large","priority":null,"frequency":null,"location":null,"local_seo":null,"seo_analyzer_scan_date":"2025-08-28 16:33:26","breadcrumb_settings":null,"limit_modified_date":false,"open_ai":null,"ai":null,"created":"2021-03-29 05:55:59","updated":"2025-08-28 16:33:26"},"aioseo_breadcrumb":"<div class=\"aioseo-breadcrumbs\"><span class=\"aioseo-breadcrumb\">\n\t<a href=\"https:\/\/eldigitaldeasturias.com\/radio\" title=\"Inicio\">Inicio<\/a>\n<\/span><span class=\"aioseo-breadcrumb-separator\">&ndash;<\/span><span class=\"aioseo-breadcrumb\">\n\t<a href=\"https:\/\/eldigitaldeasturias.com\/radio\/category\/negocios\/\" title=\"Negocios\">Negocios<\/a>\n<\/span><span class=\"aioseo-breadcrumb-separator\">&ndash;<\/span><span class=\"aioseo-breadcrumb\">\n\tEncuesta: Empresas en Alemania planean mantener home office\n<\/span><\/div>","aioseo_breadcrumb_json":[{"label":"Inicio","link":"https:\/\/eldigitaldeasturias.com\/radio"},{"label":"Negocios","link":"https:\/\/eldigitaldeasturias.com\/radio\/category\/negocios\/"},{"label":"Encuesta: Empresas en Alemania planean mantener home office","link":"https:\/\/eldigitaldeasturias.com\/radio\/encuesta-empresas-en-alemania-planean-mantener-home-office\/"}],"_links":{"self":[{"href":"https:\/\/eldigitaldeasturias.com\/radio\/wp-json\/wp\/v2\/posts\/4709","targetHints":{"allow":["GET"]}}],"collection":[{"href":"https:\/\/eldigitaldeasturias.com\/radio\/wp-json\/wp\/v2\/posts"}],"about":[{"href":"https:\/\/eldigitaldeasturias.com\/radio\/wp-json\/wp\/v2\/types\/post"}],"author":[{"embeddable":true,"href":"https:\/\/eldigitaldeasturias.com\/radio\/wp-json\/wp\/v2\/users\/1"}],"replies":[{"embeddable":true,"href":"https:\/\/eldigitaldeasturias.com\/radio\/wp-json\/wp\/v2\/comments?post=4709"}],"version-history":[{"count":0,"href":"https:\/\/eldigitaldeasturias.com\/radio\/wp-json\/wp\/v2\/posts\/4709\/revisions"}],"wp:featuredmedia":[{"embeddable":true,"href":"https:\/\/eldigitaldeasturias.com\/radio\/wp-json\/wp\/v2\/media\/4679"}],"wp:attachment":[{"href":"https:\/\/eldigitaldeasturias.com\/radio\/wp-json\/wp\/v2\/media?parent=4709"}],"wp:term":[{"taxonomy":"category","embeddable":true,"href":"https:\/\/eldigitaldeasturias.com\/radio\/wp-json\/wp\/v2\/categories?post=4709"},{"taxonomy":"post_tag","embeddable":true,"href":"https:\/\/eldigitaldeasturias.com\/radio\/wp-json\/wp\/v2\/tags?post=4709"}],"curies":[{"name":"wp","href":"https:\/\/api.w.org\/{rel}","templated":true}]}}