{"id":4706,"date":"2020-07-14T08:13:41","date_gmt":"2020-07-14T08:13:41","guid":{"rendered":"http:\/\/www.eldigitaldeasturias.com\/radio\/?p=4706"},"modified":"2020-07-14T08:13:41","modified_gmt":"2020-07-14T08:13:41","slug":"struff-pierde-en-debut-en-torneos-de-berlin","status":"publish","type":"post","link":"https:\/\/eldigitaldeasturias.com\/radio\/struff-pierde-en-debut-en-torneos-de-berlin\/","title":{"rendered":"Struff pierde en debut en torneos de Berl\u00edn"},"content":{"rendered":"<figure id=\"attachment_4707\" aria-describedby=\"caption-attachment-4707\" style=\"width: 360px\" class=\"wp-caption alignleft\"><img fetchpriority=\"high\" decoding=\"async\" class=\"size-medium wp-image-4707\" src=\"http:\/\/www.eldigitaldeasturias.com\/radio\/wp-content\/uploads\/2020\/07\/Tenis-Berlin-360x201.jpg\" alt=\"\" width=\"360\" height=\"201\" srcset=\"https:\/\/eldigitaldeasturias.com\/radio\/wp-content\/uploads\/2020\/07\/Tenis-Berlin-360x201.jpg 360w, https:\/\/eldigitaldeasturias.com\/radio\/wp-content\/uploads\/2020\/07\/Tenis-Berlin-1024x573.jpg 1024w, https:\/\/eldigitaldeasturias.com\/radio\/wp-content\/uploads\/2020\/07\/Tenis-Berlin-768x429.jpg 768w, https:\/\/eldigitaldeasturias.com\/radio\/wp-content\/uploads\/2020\/07\/Tenis-Berlin-600x337.jpg 600w, https:\/\/eldigitaldeasturias.com\/radio\/wp-content\/uploads\/2020\/07\/Tenis-Berlin.jpg 1116w\" sizes=\"(max-width: 360px) 100vw, 360px\" \/><figcaption id=\"caption-attachment-4707\" class=\"wp-caption-text\">Foto: Andreas Gora\/dpa<\/figcaption><\/figure>\n<p>Berl\u00edn, 13 jul (dpa) &#8211; El alem\u00e1n Jan-Lennard Struff qued\u00f3 hoy eliminado en los cuartos de final de los torneos de tenis de Berl\u00edn al caer ante el espa\u00f1ol Roberto Bautista Agut por 3-6, 6-3 y 7-10.<\/p>\n<p>Struff empez\u00f3 fuerte y lider\u00f3 3-1 contra el semifinalista de Wimbledon del a\u00f1o pasado. Sin embargo, el n\u00famero 12 del mundo se recuper\u00f3 y fue ganando terreno en el duelo disputado sobre hierba.<\/p>\n<p>El germano, 34 del escalaf\u00f3n mundial, logr\u00f3 igualar en el segundo set despu\u00e9s del descanso a 4-2 y perdi\u00f3 el partido en el tie-break del partido despu\u00e9s de 1:10 horas de juego.<\/p>\n<p>Ambos jugadores participaron la semana pasada en un torneo de exhibici\u00f3n en la localidad austriaca de Kitzb\u00fchel. Pocos espectadores se dieron cita para seguir las instancias del choque en el Estadio Steffi Graf. Los organizadores limitaron el aforo del estadio a 800 espectadores.<\/p>\n<p>Bautista Agut se ver\u00e1 ma\u00f1ana las caras con sembrado Matteo Berrettini de Italia. La otra semifinal ser\u00e1 disputada por el n\u00famero tres del mundo, el austriaco Dominic Thiem, con el ganador del cotejo entre el italiano Jannik Sinner y el veterano alem\u00e1n Tommy Haas, quien vuelve a empu\u00f1ar la raqueta a los 42 a\u00f1os.<\/p>\n<p>En la competici\u00f3n femenina, Julia G\u00f6rges jugar\u00e1 contra Anastasia Sevastova de Letonia y Andrea Petkovic se medir\u00e1 con la doble ganadora de Wimbledon Petra Kvitova de la Rep\u00fablica Checa.<\/p>\n<p>Para las semifinales est\u00e1n preclasificadas la ucraniana Jelina Switolina y la holandesa Kiki Bertens. A partir del viernes habr\u00e1 otro torneo de tres d\u00edas sobre pista dura en un hangar del antiguo aeropuerto de Tempelhof.<\/p>\n","protected":false},"excerpt":{"rendered":"<p>Berl\u00edn, 13 jul (dpa) &#8211; El alem\u00e1n Jan-Lennard Struff qued\u00f3 hoy eliminado en los cuartos de final de los torneos de tenis de Berl\u00edn al caer ante el espa\u00f1ol Roberto Bautista Agut por 3-6, 6-3 y 7-10. Struff empez\u00f3 fuerte y lider\u00f3 3-1 contra el semifinalista de Wimbledon del a\u00f1o pasado. Sin embargo, el n\u00famero<\/p>\n","protected":false},"author":1,"featured_media":4707,"comment_status":"closed","ping_status":"closed","sticky":false,"template":"","format":"standard","meta":{"footnotes":""},"categories":[1],"tags":[],"class_list":{"0":"post-4706","1":"post","2":"type-post","3":"status-publish","4":"format-standard","5":"has-post-thumbnail","7":"category-noticias"},"aioseo_notices":[],"aioseo_head":"\n\t\t<!-- All in One SEO Pro 4.9.6.2 - aioseo.com -->\n\t<meta name=\"description\" content=\"Berl\u00edn, 13 jul (dpa) - El alem\u00e1n Jan-Lennard Struff qued\u00f3 hoy eliminado en los cuartos de final de los torneos de tenis de Berl\u00edn al caer ante el espa\u00f1ol Roberto Bautista Agut por 3-6, 6-3 y 7-10. Struff empez\u00f3 fuerte y lider\u00f3 3-1 contra el semifinalista de Wimbledon del a\u00f1o pasado. Sin embargo, el n\u00famero\" \/>\n\t<meta name=\"robots\" content=\"max-image-preview:large\" \/>\n\t<meta name=\"author\" content=\"NBAsturias\"\/>\n\t<meta name=\"google-site-verification\" content=\"UA-38556648-1\" \/>\n\t<meta name=\"keywords\" content=\"noticias\" \/>\n\t<link rel=\"canonical\" href=\"https:\/\/eldigitaldeasturias.com\/radio\/struff-pierde-en-debut-en-torneos-de-berlin\/\" \/>\n\t<meta name=\"generator\" content=\"All in One SEO Pro (AIOSEO) 4.9.6.2\" \/>\n\t\t<meta property=\"og:locale\" content=\"es_ES\" \/>\n\t\t<meta property=\"og:site_name\" content=\"El Digital de Asturias | Diario de informaci\u00f3n y noticias\" \/>\n\t\t<meta property=\"og:type\" content=\"article\" \/>\n\t\t<meta property=\"og:title\" content=\"Struff pierde en debut en torneos de Berl\u00edn | El Digital de Asturias\" \/>\n\t\t<meta property=\"og:description\" content=\"Berl\u00edn, 13 jul (dpa) - El alem\u00e1n Jan-Lennard Struff qued\u00f3 hoy eliminado en los cuartos de final de los torneos de tenis de Berl\u00edn al caer ante el espa\u00f1ol Roberto Bautista Agut por 3-6, 6-3 y 7-10. Struff empez\u00f3 fuerte y lider\u00f3 3-1 contra el semifinalista de Wimbledon del a\u00f1o pasado. Sin embargo, el n\u00famero\" \/>\n\t\t<meta property=\"og:url\" content=\"https:\/\/eldigitaldeasturias.com\/radio\/struff-pierde-en-debut-en-torneos-de-berlin\/\" \/>\n\t\t<meta property=\"og:image\" content=\"https:\/\/eldigitaldeasturias.com\/radio\/wp-content\/uploads\/2020\/07\/Tenis-Berlin.jpg\" \/>\n\t\t<meta property=\"og:image:secure_url\" content=\"https:\/\/eldigitaldeasturias.com\/radio\/wp-content\/uploads\/2020\/07\/Tenis-Berlin.jpg\" \/>\n\t\t<meta property=\"og:image:width\" content=\"1116\" \/>\n\t\t<meta property=\"og:image:height\" content=\"624\" \/>\n\t\t<meta property=\"article:published_time\" content=\"2020-07-14T08:13:41+00:00\" \/>\n\t\t<meta property=\"article:modified_time\" content=\"2020-07-14T08:13:41+00:00\" \/>\n\t\t<meta name=\"twitter:card\" content=\"summary_large_image\" \/>\n\t\t<meta name=\"twitter:site\" content=\"@bercodi\" \/>\n\t\t<meta name=\"twitter:title\" content=\"Struff pierde en debut en torneos de Berl\u00edn | El Digital de Asturias\" \/>\n\t\t<meta name=\"twitter:description\" content=\"Berl\u00edn, 13 jul (dpa) - El alem\u00e1n Jan-Lennard Struff qued\u00f3 hoy eliminado en los cuartos de final de los torneos de tenis de Berl\u00edn al caer ante el espa\u00f1ol Roberto Bautista Agut por 3-6, 6-3 y 7-10. Struff empez\u00f3 fuerte y lider\u00f3 3-1 contra el semifinalista de Wimbledon del a\u00f1o pasado. Sin embargo, el n\u00famero\" \/>\n\t\t<meta name=\"twitter:creator\" content=\"@bercodi\" \/>\n\t\t<meta name=\"twitter:image\" content=\"https:\/\/eldigitaldeasturias.com\/radio\/wp-content\/uploads\/2020\/07\/Tenis-Berlin.jpg\" \/>\n\t\t<script type=\"application\/ld+json\" class=\"aioseo-schema\">\n\t\t\t{\"@context\":\"https:\\\/\\\/schema.org\",\"@graph\":[{\"@type\":\"BreadcrumbList\",\"@id\":\"https:\\\/\\\/eldigitaldeasturias.com\\\/radio\\\/struff-pierde-en-debut-en-torneos-de-berlin\\\/#breadcrumblist\",\"itemListElement\":[{\"@type\":\"ListItem\",\"@id\":\"https:\\\/\\\/eldigitaldeasturias.com\\\/radio#listItem\",\"position\":1,\"name\":\"Inicio\",\"item\":\"https:\\\/\\\/eldigitaldeasturias.com\\\/radio\",\"nextItem\":{\"@type\":\"ListItem\",\"@id\":\"https:\\\/\\\/eldigitaldeasturias.com\\\/radio\\\/category\\\/noticias\\\/#listItem\",\"name\":\"Noticias\"}},{\"@type\":\"ListItem\",\"@id\":\"https:\\\/\\\/eldigitaldeasturias.com\\\/radio\\\/category\\\/noticias\\\/#listItem\",\"position\":2,\"name\":\"Noticias\",\"item\":\"https:\\\/\\\/eldigitaldeasturias.com\\\/radio\\\/category\\\/noticias\\\/\",\"nextItem\":{\"@type\":\"ListItem\",\"@id\":\"https:\\\/\\\/eldigitaldeasturias.com\\\/radio\\\/struff-pierde-en-debut-en-torneos-de-berlin\\\/#listItem\",\"name\":\"Struff pierde en debut en torneos de Berl\\u00edn\"},\"previousItem\":{\"@type\":\"ListItem\",\"@id\":\"https:\\\/\\\/eldigitaldeasturias.com\\\/radio#listItem\",\"name\":\"Inicio\"}},{\"@type\":\"ListItem\",\"@id\":\"https:\\\/\\\/eldigitaldeasturias.com\\\/radio\\\/struff-pierde-en-debut-en-torneos-de-berlin\\\/#listItem\",\"position\":3,\"name\":\"Struff pierde en debut en torneos de Berl\\u00edn\",\"previousItem\":{\"@type\":\"ListItem\",\"@id\":\"https:\\\/\\\/eldigitaldeasturias.com\\\/radio\\\/category\\\/noticias\\\/#listItem\",\"name\":\"Noticias\"}}]},{\"@type\":\"NewsArticle\",\"@id\":\"https:\\\/\\\/eldigitaldeasturias.com\\\/radio\\\/struff-pierde-en-debut-en-torneos-de-berlin\\\/#newsarticle\",\"name\":\"Struff pierde en debut en torneos de Berl\\u00edn | El Digital de Asturias\",\"headline\":\"Struff pierde en debut en torneos de Berl\\u00edn\",\"author\":{\"@id\":\"https:\\\/\\\/eldigitaldeasturias.com\\\/radio\\\/author\\\/nbasturias\\\/#author\"},\"publisher\":{\"@id\":\"https:\\\/\\\/eldigitaldeasturias.com\\\/radio\\\/#organization\"},\"image\":{\"@type\":\"ImageObject\",\"url\":\"https:\\\/\\\/eldigitaldeasturias.com\\\/radio\\\/wp-content\\\/uploads\\\/2020\\\/07\\\/Tenis-Berlin.jpg\",\"width\":1116,\"height\":624,\"caption\":\"Foto: Andreas Gora\\\/dpa\"},\"datePublished\":\"2020-07-14T08:13:41+02:00\",\"dateModified\":\"2020-07-14T08:13:41+02:00\",\"inLanguage\":\"es-ES\",\"mainEntityOfPage\":{\"@id\":\"https:\\\/\\\/eldigitaldeasturias.com\\\/radio\\\/struff-pierde-en-debut-en-torneos-de-berlin\\\/#webpage\"},\"isPartOf\":{\"@id\":\"https:\\\/\\\/eldigitaldeasturias.com\\\/radio\\\/struff-pierde-en-debut-en-torneos-de-berlin\\\/#webpage\"},\"articleSection\":\"Noticias\",\"dateline\":\"Publicado el julio 14, 2020.\"},{\"@type\":\"Organization\",\"@id\":\"https:\\\/\\\/eldigitaldeasturias.com\\\/radio\\\/#organization\",\"name\":\"El digital de Asturias Radio\",\"description\":\"Diario de informaci\\u00f3n y noticias\",\"url\":\"https:\\\/\\\/eldigitaldeasturias.com\\\/radio\\\/\",\"telephone\":\"+34652131393\",\"logo\":{\"@type\":\"ImageObject\",\"url\":\"https:\\\/\\\/www.eldigitaldeasturias.com\\\/radio\\\/wp-content\\\/uploads\\\/2021\\\/03\\\/EDA.jpg\",\"@id\":\"https:\\\/\\\/eldigitaldeasturias.com\\\/radio\\\/struff-pierde-en-debut-en-torneos-de-berlin\\\/#organizationLogo\"},\"image\":{\"@id\":\"https:\\\/\\\/eldigitaldeasturias.com\\\/radio\\\/struff-pierde-en-debut-en-torneos-de-berlin\\\/#organizationLogo\"},\"sameAs\":[\"https:\\\/\\\/www.facebook.com\\\/\",\"https:\\\/\\\/x.com\\\/bercodi\",\"https:\\\/\\\/www.instagram.com\\\/\",\"https:\\\/\\\/www.youtube.com\\\/channel\\\/UCZP-2wLEB9Rv6erhFmqVnvg\"]},{\"@type\":\"Person\",\"@id\":\"https:\\\/\\\/eldigitaldeasturias.com\\\/radio\\\/author\\\/nbasturias\\\/#author\",\"url\":\"https:\\\/\\\/eldigitaldeasturias.com\\\/radio\\\/author\\\/nbasturias\\\/\",\"name\":\"NBAsturias\",\"image\":{\"@type\":\"ImageObject\",\"@id\":\"https:\\\/\\\/eldigitaldeasturias.com\\\/radio\\\/struff-pierde-en-debut-en-torneos-de-berlin\\\/#authorImage\",\"url\":\"https:\\\/\\\/secure.gravatar.com\\\/avatar\\\/df2aeffc32bcd13f8d26072ef8a91b623d677766deac7f97ca815868cd41bf5e?s=96&d=mm&r=g\",\"width\":96,\"height\":96,\"caption\":\"NBAsturias\"}},{\"@type\":\"WebPage\",\"@id\":\"https:\\\/\\\/eldigitaldeasturias.com\\\/radio\\\/struff-pierde-en-debut-en-torneos-de-berlin\\\/#webpage\",\"url\":\"https:\\\/\\\/eldigitaldeasturias.com\\\/radio\\\/struff-pierde-en-debut-en-torneos-de-berlin\\\/\",\"name\":\"Struff pierde en debut en torneos de Berl\\u00edn | El Digital de Asturias\",\"description\":\"Berl\\u00edn, 13 jul (dpa) - El alem\\u00e1n Jan-Lennard Struff qued\\u00f3 hoy eliminado en los cuartos de final de los torneos de tenis de Berl\\u00edn al caer ante el espa\\u00f1ol Roberto Bautista Agut por 3-6, 6-3 y 7-10. Struff empez\\u00f3 fuerte y lider\\u00f3 3-1 contra el semifinalista de Wimbledon del a\\u00f1o pasado. Sin embargo, el n\\u00famero\",\"inLanguage\":\"es-ES\",\"isPartOf\":{\"@id\":\"https:\\\/\\\/eldigitaldeasturias.com\\\/radio\\\/#website\"},\"breadcrumb\":{\"@id\":\"https:\\\/\\\/eldigitaldeasturias.com\\\/radio\\\/struff-pierde-en-debut-en-torneos-de-berlin\\\/#breadcrumblist\"},\"author\":{\"@id\":\"https:\\\/\\\/eldigitaldeasturias.com\\\/radio\\\/author\\\/nbasturias\\\/#author\"},\"creator\":{\"@id\":\"https:\\\/\\\/eldigitaldeasturias.com\\\/radio\\\/author\\\/nbasturias\\\/#author\"},\"image\":{\"@type\":\"ImageObject\",\"url\":\"https:\\\/\\\/eldigitaldeasturias.com\\\/radio\\\/wp-content\\\/uploads\\\/2020\\\/07\\\/Tenis-Berlin.jpg\",\"@id\":\"https:\\\/\\\/eldigitaldeasturias.com\\\/radio\\\/struff-pierde-en-debut-en-torneos-de-berlin\\\/#mainImage\",\"width\":1116,\"height\":624,\"caption\":\"Foto: Andreas Gora\\\/dpa\"},\"primaryImageOfPage\":{\"@id\":\"https:\\\/\\\/eldigitaldeasturias.com\\\/radio\\\/struff-pierde-en-debut-en-torneos-de-berlin\\\/#mainImage\"},\"datePublished\":\"2020-07-14T08:13:41+02:00\",\"dateModified\":\"2020-07-14T08:13:41+02:00\"},{\"@type\":\"WebSite\",\"@id\":\"https:\\\/\\\/eldigitaldeasturias.com\\\/radio\\\/#website\",\"url\":\"https:\\\/\\\/eldigitaldeasturias.com\\\/radio\\\/\",\"name\":\"El Digital de Asturias\",\"description\":\"Diario de informaci\\u00f3n y noticias\",\"inLanguage\":\"es-ES\",\"publisher\":{\"@id\":\"https:\\\/\\\/eldigitaldeasturias.com\\\/radio\\\/#organization\"}}]}\n\t\t<\/script>\n\t\t<!-- All in One SEO Pro -->\r\n\t\t<title>Struff pierde en debut en torneos de Berl\u00edn | El Digital de Asturias<\/title>\n\n","aioseo_head_json":{"title":"Struff pierde en debut en torneos de Berl\u00edn | El Digital de Asturias","description":"Berl\u00edn, 13 jul (dpa) - El alem\u00e1n Jan-Lennard Struff qued\u00f3 hoy eliminado en los cuartos de final de los torneos de tenis de Berl\u00edn al caer ante el espa\u00f1ol Roberto Bautista Agut por 3-6, 6-3 y 7-10. Struff empez\u00f3 fuerte y lider\u00f3 3-1 contra el semifinalista de Wimbledon del a\u00f1o pasado. Sin embargo, el n\u00famero","canonical_url":"https:\/\/eldigitaldeasturias.com\/radio\/struff-pierde-en-debut-en-torneos-de-berlin\/","robots":"max-image-preview:large","keywords":"noticias","webmasterTools":{"google-site-verification":"UA-38556648-1","miscellaneous":""},"schema":{"@context":"https:\/\/schema.org","@graph":[{"@type":"BreadcrumbList","@id":"https:\/\/eldigitaldeasturias.com\/radio\/struff-pierde-en-debut-en-torneos-de-berlin\/#breadcrumblist","itemListElement":[{"@type":"ListItem","@id":"https:\/\/eldigitaldeasturias.com\/radio#listItem","position":1,"name":"Inicio","item":"https:\/\/eldigitaldeasturias.com\/radio","nextItem":{"@type":"ListItem","@id":"https:\/\/eldigitaldeasturias.com\/radio\/category\/noticias\/#listItem","name":"Noticias"}},{"@type":"ListItem","@id":"https:\/\/eldigitaldeasturias.com\/radio\/category\/noticias\/#listItem","position":2,"name":"Noticias","item":"https:\/\/eldigitaldeasturias.com\/radio\/category\/noticias\/","nextItem":{"@type":"ListItem","@id":"https:\/\/eldigitaldeasturias.com\/radio\/struff-pierde-en-debut-en-torneos-de-berlin\/#listItem","name":"Struff pierde en debut en torneos de Berl\u00edn"},"previousItem":{"@type":"ListItem","@id":"https:\/\/eldigitaldeasturias.com\/radio#listItem","name":"Inicio"}},{"@type":"ListItem","@id":"https:\/\/eldigitaldeasturias.com\/radio\/struff-pierde-en-debut-en-torneos-de-berlin\/#listItem","position":3,"name":"Struff pierde en debut en torneos de Berl\u00edn","previousItem":{"@type":"ListItem","@id":"https:\/\/eldigitaldeasturias.com\/radio\/category\/noticias\/#listItem","name":"Noticias"}}]},{"@type":"NewsArticle","@id":"https:\/\/eldigitaldeasturias.com\/radio\/struff-pierde-en-debut-en-torneos-de-berlin\/#newsarticle","name":"Struff pierde en debut en torneos de Berl\u00edn | El Digital de Asturias","headline":"Struff pierde en debut en torneos de Berl\u00edn","author":{"@id":"https:\/\/eldigitaldeasturias.com\/radio\/author\/nbasturias\/#author"},"publisher":{"@id":"https:\/\/eldigitaldeasturias.com\/radio\/#organization"},"image":{"@type":"ImageObject","url":"https:\/\/eldigitaldeasturias.com\/radio\/wp-content\/uploads\/2020\/07\/Tenis-Berlin.jpg","width":1116,"height":624,"caption":"Foto: Andreas Gora\/dpa"},"datePublished":"2020-07-14T08:13:41+02:00","dateModified":"2020-07-14T08:13:41+02:00","inLanguage":"es-ES","mainEntityOfPage":{"@id":"https:\/\/eldigitaldeasturias.com\/radio\/struff-pierde-en-debut-en-torneos-de-berlin\/#webpage"},"isPartOf":{"@id":"https:\/\/eldigitaldeasturias.com\/radio\/struff-pierde-en-debut-en-torneos-de-berlin\/#webpage"},"articleSection":"Noticias","dateline":"Publicado el julio 14, 2020."},{"@type":"Organization","@id":"https:\/\/eldigitaldeasturias.com\/radio\/#organization","name":"El digital de Asturias Radio","description":"Diario de informaci\u00f3n y noticias","url":"https:\/\/eldigitaldeasturias.com\/radio\/","telephone":"+34652131393","logo":{"@type":"ImageObject","url":"https:\/\/www.eldigitaldeasturias.com\/radio\/wp-content\/uploads\/2021\/03\/EDA.jpg","@id":"https:\/\/eldigitaldeasturias.com\/radio\/struff-pierde-en-debut-en-torneos-de-berlin\/#organizationLogo"},"image":{"@id":"https:\/\/eldigitaldeasturias.com\/radio\/struff-pierde-en-debut-en-torneos-de-berlin\/#organizationLogo"},"sameAs":["https:\/\/www.facebook.com\/","https:\/\/x.com\/bercodi","https:\/\/www.instagram.com\/","https:\/\/www.youtube.com\/channel\/UCZP-2wLEB9Rv6erhFmqVnvg"]},{"@type":"Person","@id":"https:\/\/eldigitaldeasturias.com\/radio\/author\/nbasturias\/#author","url":"https:\/\/eldigitaldeasturias.com\/radio\/author\/nbasturias\/","name":"NBAsturias","image":{"@type":"ImageObject","@id":"https:\/\/eldigitaldeasturias.com\/radio\/struff-pierde-en-debut-en-torneos-de-berlin\/#authorImage","url":"https:\/\/secure.gravatar.com\/avatar\/df2aeffc32bcd13f8d26072ef8a91b623d677766deac7f97ca815868cd41bf5e?s=96&d=mm&r=g","width":96,"height":96,"caption":"NBAsturias"}},{"@type":"WebPage","@id":"https:\/\/eldigitaldeasturias.com\/radio\/struff-pierde-en-debut-en-torneos-de-berlin\/#webpage","url":"https:\/\/eldigitaldeasturias.com\/radio\/struff-pierde-en-debut-en-torneos-de-berlin\/","name":"Struff pierde en debut en torneos de Berl\u00edn | El Digital de Asturias","description":"Berl\u00edn, 13 jul (dpa) - El alem\u00e1n Jan-Lennard Struff qued\u00f3 hoy eliminado en los cuartos de final de los torneos de tenis de Berl\u00edn al caer ante el espa\u00f1ol Roberto Bautista Agut por 3-6, 6-3 y 7-10. Struff empez\u00f3 fuerte y lider\u00f3 3-1 contra el semifinalista de Wimbledon del a\u00f1o pasado. Sin embargo, el n\u00famero","inLanguage":"es-ES","isPartOf":{"@id":"https:\/\/eldigitaldeasturias.com\/radio\/#website"},"breadcrumb":{"@id":"https:\/\/eldigitaldeasturias.com\/radio\/struff-pierde-en-debut-en-torneos-de-berlin\/#breadcrumblist"},"author":{"@id":"https:\/\/eldigitaldeasturias.com\/radio\/author\/nbasturias\/#author"},"creator":{"@id":"https:\/\/eldigitaldeasturias.com\/radio\/author\/nbasturias\/#author"},"image":{"@type":"ImageObject","url":"https:\/\/eldigitaldeasturias.com\/radio\/wp-content\/uploads\/2020\/07\/Tenis-Berlin.jpg","@id":"https:\/\/eldigitaldeasturias.com\/radio\/struff-pierde-en-debut-en-torneos-de-berlin\/#mainImage","width":1116,"height":624,"caption":"Foto: Andreas Gora\/dpa"},"primaryImageOfPage":{"@id":"https:\/\/eldigitaldeasturias.com\/radio\/struff-pierde-en-debut-en-torneos-de-berlin\/#mainImage"},"datePublished":"2020-07-14T08:13:41+02:00","dateModified":"2020-07-14T08:13:41+02:00"},{"@type":"WebSite","@id":"https:\/\/eldigitaldeasturias.com\/radio\/#website","url":"https:\/\/eldigitaldeasturias.com\/radio\/","name":"El Digital de Asturias","description":"Diario de informaci\u00f3n y noticias","inLanguage":"es-ES","publisher":{"@id":"https:\/\/eldigitaldeasturias.com\/radio\/#organization"}}]},"og:locale":"es_ES","og:site_name":"El Digital de Asturias | Diario de informaci\u00f3n y noticias","og:type":"article","og:title":"Struff pierde en debut en torneos de Berl\u00edn | El Digital de Asturias","og:description":"Berl\u00edn, 13 jul (dpa) - El alem\u00e1n Jan-Lennard Struff qued\u00f3 hoy eliminado en los cuartos de final de los torneos de tenis de Berl\u00edn al caer ante el espa\u00f1ol Roberto Bautista Agut por 3-6, 6-3 y 7-10. Struff empez\u00f3 fuerte y lider\u00f3 3-1 contra el semifinalista de Wimbledon del a\u00f1o pasado. Sin embargo, el n\u00famero","og:url":"https:\/\/eldigitaldeasturias.com\/radio\/struff-pierde-en-debut-en-torneos-de-berlin\/","og:image":"https:\/\/eldigitaldeasturias.com\/radio\/wp-content\/uploads\/2020\/07\/Tenis-Berlin.jpg","og:image:secure_url":"https:\/\/eldigitaldeasturias.com\/radio\/wp-content\/uploads\/2020\/07\/Tenis-Berlin.jpg","og:image:width":1116,"og:image:height":624,"article:published_time":"2020-07-14T08:13:41+00:00","article:modified_time":"2020-07-14T08:13:41+00:00","twitter:card":"summary_large_image","twitter:site":"@bercodi","twitter:title":"Struff pierde en debut en torneos de Berl\u00edn | El Digital de Asturias","twitter:description":"Berl\u00edn, 13 jul (dpa) - El alem\u00e1n Jan-Lennard Struff qued\u00f3 hoy eliminado en los cuartos de final de los torneos de tenis de Berl\u00edn al caer ante el espa\u00f1ol Roberto Bautista Agut por 3-6, 6-3 y 7-10. Struff empez\u00f3 fuerte y lider\u00f3 3-1 contra el semifinalista de Wimbledon del a\u00f1o pasado. Sin embargo, el n\u00famero","twitter:creator":"@bercodi","twitter:image":"https:\/\/eldigitaldeasturias.com\/radio\/wp-content\/uploads\/2020\/07\/Tenis-Berlin.jpg"},"aioseo_meta_data":{"post_id":"4706","title":null,"description":"","keywords":"","keyphrases":null,"primary_term":null,"canonical_url":"","og_title":null,"og_description":null,"og_object_type":"default","og_image_type":"default","og_image_url":null,"og_image_width":null,"og_image_height":null,"og_image_custom_url":null,"og_image_custom_fields":null,"og_video":null,"og_custom_url":null,"og_article_section":null,"og_article_tags":null,"twitter_use_og":false,"twitter_card":"default","twitter_image_type":"default","twitter_image_url":null,"twitter_image_custom_url":null,"twitter_image_custom_fields":null,"twitter_title":null,"twitter_description":null,"schema":{"blockGraphs":[],"customGraphs":[],"default":{"data":{"Article":[],"Course":[],"Dataset":[],"FAQPage":[],"Movie":[],"Person":[],"Product":[],"ProductReview":[],"Car":[],"Recipe":[],"Service":[],"SoftwareApplication":[],"WebPage":[]},"graphName":"","isEnabled":true},"graphs":[],"defaultGraph":"","defaultPostTypeGraph":""},"schema_type":null,"schema_type_options":null,"pillar_content":false,"robots_default":true,"robots_noindex":false,"robots_noarchive":false,"robots_nosnippet":false,"robots_nofollow":false,"robots_noimageindex":false,"robots_noodp":false,"robots_notranslate":false,"robots_max_snippet":null,"robots_max_videopreview":null,"robots_max_imagepreview":"large","priority":null,"frequency":null,"location":null,"local_seo":null,"seo_analyzer_scan_date":"2025-08-28 16:33:24","breadcrumb_settings":null,"limit_modified_date":false,"open_ai":null,"ai":null,"created":"2021-03-25 10:20:09","updated":"2025-08-28 16:33:24"},"aioseo_breadcrumb":"<div class=\"aioseo-breadcrumbs\"><span class=\"aioseo-breadcrumb\">\n\t<a href=\"https:\/\/eldigitaldeasturias.com\/radio\" title=\"Inicio\">Inicio<\/a>\n<\/span><span class=\"aioseo-breadcrumb-separator\">&ndash;<\/span><span class=\"aioseo-breadcrumb\">\n\t<a href=\"https:\/\/eldigitaldeasturias.com\/radio\/category\/noticias\/\" title=\"Noticias\">Noticias<\/a>\n<\/span><span class=\"aioseo-breadcrumb-separator\">&ndash;<\/span><span class=\"aioseo-breadcrumb\">\n\tStruff pierde en debut en torneos de Berl\u00edn\n<\/span><\/div>","aioseo_breadcrumb_json":[{"label":"Inicio","link":"https:\/\/eldigitaldeasturias.com\/radio"},{"label":"Noticias","link":"https:\/\/eldigitaldeasturias.com\/radio\/category\/noticias\/"},{"label":"Struff pierde en debut en torneos de Berl\u00edn","link":"https:\/\/eldigitaldeasturias.com\/radio\/struff-pierde-en-debut-en-torneos-de-berlin\/"}],"_links":{"self":[{"href":"https:\/\/eldigitaldeasturias.com\/radio\/wp-json\/wp\/v2\/posts\/4706","targetHints":{"allow":["GET"]}}],"collection":[{"href":"https:\/\/eldigitaldeasturias.com\/radio\/wp-json\/wp\/v2\/posts"}],"about":[{"href":"https:\/\/eldigitaldeasturias.com\/radio\/wp-json\/wp\/v2\/types\/post"}],"author":[{"embeddable":true,"href":"https:\/\/eldigitaldeasturias.com\/radio\/wp-json\/wp\/v2\/users\/1"}],"replies":[{"embeddable":true,"href":"https:\/\/eldigitaldeasturias.com\/radio\/wp-json\/wp\/v2\/comments?post=4706"}],"version-history":[{"count":0,"href":"https:\/\/eldigitaldeasturias.com\/radio\/wp-json\/wp\/v2\/posts\/4706\/revisions"}],"wp:featuredmedia":[{"embeddable":true,"href":"https:\/\/eldigitaldeasturias.com\/radio\/wp-json\/wp\/v2\/media\/4707"}],"wp:attachment":[{"href":"https:\/\/eldigitaldeasturias.com\/radio\/wp-json\/wp\/v2\/media?parent=4706"}],"wp:term":[{"taxonomy":"category","embeddable":true,"href":"https:\/\/eldigitaldeasturias.com\/radio\/wp-json\/wp\/v2\/categories?post=4706"},{"taxonomy":"post_tag","embeddable":true,"href":"https:\/\/eldigitaldeasturias.com\/radio\/wp-json\/wp\/v2\/tags?post=4706"}],"curies":[{"name":"wp","href":"https:\/\/api.w.org\/{rel}","templated":true}]}}