{"id":4700,"date":"2020-07-14T07:58:05","date_gmt":"2020-07-14T07:58:05","guid":{"rendered":"http:\/\/www.eldigitaldeasturias.com\/radio\/?p=4700"},"modified":"2020-07-14T07:58:05","modified_gmt":"2020-07-14T07:58:05","slug":"alemania-registra-menos-nacimientos-y-menos-muertes-en-2019","status":"publish","type":"post","link":"https:\/\/eldigitaldeasturias.com\/radio\/alemania-registra-menos-nacimientos-y-menos-muertes-en-2019\/","title":{"rendered":"Alemania registra menos nacimientos y menos muertes en 2019"},"content":{"rendered":"<figure id=\"attachment_4701\" aria-describedby=\"caption-attachment-4701\" style=\"width: 360px\" class=\"wp-caption alignleft\"><img fetchpriority=\"high\" decoding=\"async\" class=\"size-medium wp-image-4701\" src=\"http:\/\/www.eldigitaldeasturias.com\/radio\/wp-content\/uploads\/2020\/07\/nacimientos-360x242.jpg\" alt=\"\" width=\"360\" height=\"242\" srcset=\"https:\/\/eldigitaldeasturias.com\/radio\/wp-content\/uploads\/2020\/07\/nacimientos-360x242.jpg 360w, https:\/\/eldigitaldeasturias.com\/radio\/wp-content\/uploads\/2020\/07\/nacimientos-768x515.jpg 768w, https:\/\/eldigitaldeasturias.com\/radio\/wp-content\/uploads\/2020\/07\/nacimientos.jpg 1009w\" sizes=\"(max-width: 360px) 100vw, 360px\" \/><figcaption id=\"caption-attachment-4701\" class=\"wp-caption-text\">Foto: Fabian Strauch\/dpa<\/figcaption><\/figure>\n<p>Wiesbaden (Alemania), 13 jul (dpa) &#8211; Alemania registr\u00f3 el nacimiento de 778.100 beb\u00e9s en 2019, unos 9.400 menos que el a\u00f1o anterior, lo que en t\u00e9rminos aritm\u00e9ticos significa que nacieron 9,4 beb\u00e9s por cada 1.000 habitantes, inform\u00f3 hoy la Oficina Federal de Estad\u00edstica (Destatis).<\/p>\n<p>Asimismo, el n\u00famero de muertes en 2019 se redujo a 939.500, lo que seg\u00fan las estad\u00edsticas representa una disminuci\u00f3n del 1,6 por ciento.<\/p>\n<p>El a\u00f1o pasado murieron unas 161.400 personas m\u00e1s de las que nacieron, aunque esta evoluci\u00f3n no es nueva, ya que seg\u00fan los estad\u00edsticos: \u00abEl hecho de que haya m\u00e1s muertes que nacimientos en Alemania es una tendencia demogr\u00e1fica a largo plazo que se mantiene desde 1972\u00bb.<\/p>\n<p>Por otro lado, alrededor de 416.300 parejas acudieron a la oficina de registro, un 7,4 por ciento menos que el a\u00f1o anterior, dado que en 2018 se produjo un n\u00famero especialmente elevado de bodas como resultado de la introducci\u00f3n del \u00abmatrimonio para todos\u00bb, es decir tambi\u00e9n para personas del mismo sexo.<\/p>\n","protected":false},"excerpt":{"rendered":"<p>Wiesbaden (Alemania), 13 jul (dpa) &#8211; Alemania registr\u00f3 el nacimiento de 778.100 beb\u00e9s en 2019, unos 9.400 menos que el a\u00f1o anterior, lo que en t\u00e9rminos aritm\u00e9ticos significa que nacieron 9,4 beb\u00e9s por cada 1.000 habitantes, inform\u00f3 hoy la Oficina Federal de Estad\u00edstica (Destatis). Asimismo, el n\u00famero de muertes en 2019 se redujo a 939.500,<\/p>\n","protected":false},"author":1,"featured_media":4701,"comment_status":"closed","ping_status":"closed","sticky":false,"template":"","format":"standard","meta":{"footnotes":""},"categories":[1],"tags":[],"class_list":{"0":"post-4700","1":"post","2":"type-post","3":"status-publish","4":"format-standard","5":"has-post-thumbnail","7":"category-noticias"},"aioseo_notices":[],"aioseo_head":"\n\t\t<!-- All in One SEO Pro 4.9.6.2 - aioseo.com -->\n\t<meta name=\"description\" content=\"Wiesbaden (Alemania), 13 jul (dpa) - Alemania registr\u00f3 el nacimiento de 778.100 beb\u00e9s en 2019, unos 9.400 menos que el a\u00f1o anterior, lo que en t\u00e9rminos aritm\u00e9ticos significa que nacieron 9,4 beb\u00e9s por cada 1.000 habitantes, inform\u00f3 hoy la Oficina Federal de Estad\u00edstica (Destatis). Asimismo, el n\u00famero de muertes en 2019 se redujo a 939.500,\" \/>\n\t<meta name=\"robots\" content=\"max-image-preview:large\" \/>\n\t<meta name=\"author\" content=\"NBAsturias\"\/>\n\t<meta name=\"google-site-verification\" content=\"UA-38556648-1\" \/>\n\t<meta name=\"keywords\" content=\"noticias\" \/>\n\t<link rel=\"canonical\" href=\"https:\/\/eldigitaldeasturias.com\/radio\/alemania-registra-menos-nacimientos-y-menos-muertes-en-2019\/\" \/>\n\t<meta name=\"generator\" content=\"All in One SEO Pro (AIOSEO) 4.9.6.2\" \/>\n\t\t<meta property=\"og:locale\" content=\"es_ES\" \/>\n\t\t<meta property=\"og:site_name\" content=\"El Digital de Asturias | Diario de informaci\u00f3n y noticias\" \/>\n\t\t<meta property=\"og:type\" content=\"article\" \/>\n\t\t<meta property=\"og:title\" content=\"Alemania registra menos nacimientos y menos muertes en 2019 | El Digital de Asturias\" \/>\n\t\t<meta property=\"og:description\" content=\"Wiesbaden (Alemania), 13 jul (dpa) - Alemania registr\u00f3 el nacimiento de 778.100 beb\u00e9s en 2019, unos 9.400 menos que el a\u00f1o anterior, lo que en t\u00e9rminos aritm\u00e9ticos significa que nacieron 9,4 beb\u00e9s por cada 1.000 habitantes, inform\u00f3 hoy la Oficina Federal de Estad\u00edstica (Destatis). Asimismo, el n\u00famero de muertes en 2019 se redujo a 939.500,\" \/>\n\t\t<meta property=\"og:url\" content=\"https:\/\/eldigitaldeasturias.com\/radio\/alemania-registra-menos-nacimientos-y-menos-muertes-en-2019\/\" \/>\n\t\t<meta property=\"og:image\" content=\"https:\/\/eldigitaldeasturias.com\/radio\/wp-content\/uploads\/2020\/07\/nacimientos.jpg\" \/>\n\t\t<meta property=\"og:image:secure_url\" content=\"https:\/\/eldigitaldeasturias.com\/radio\/wp-content\/uploads\/2020\/07\/nacimientos.jpg\" \/>\n\t\t<meta property=\"og:image:width\" content=\"1009\" \/>\n\t\t<meta property=\"og:image:height\" content=\"677\" \/>\n\t\t<meta property=\"article:published_time\" content=\"2020-07-14T07:58:05+00:00\" \/>\n\t\t<meta property=\"article:modified_time\" content=\"2020-07-14T07:58:05+00:00\" \/>\n\t\t<meta name=\"twitter:card\" content=\"summary_large_image\" \/>\n\t\t<meta name=\"twitter:site\" content=\"@bercodi\" \/>\n\t\t<meta name=\"twitter:title\" content=\"Alemania registra menos nacimientos y menos muertes en 2019 | El Digital de Asturias\" \/>\n\t\t<meta name=\"twitter:description\" content=\"Wiesbaden (Alemania), 13 jul (dpa) - Alemania registr\u00f3 el nacimiento de 778.100 beb\u00e9s en 2019, unos 9.400 menos que el a\u00f1o anterior, lo que en t\u00e9rminos aritm\u00e9ticos significa que nacieron 9,4 beb\u00e9s por cada 1.000 habitantes, inform\u00f3 hoy la Oficina Federal de Estad\u00edstica (Destatis). Asimismo, el n\u00famero de muertes en 2019 se redujo a 939.500,\" \/>\n\t\t<meta name=\"twitter:creator\" content=\"@bercodi\" \/>\n\t\t<meta name=\"twitter:image\" content=\"https:\/\/eldigitaldeasturias.com\/radio\/wp-content\/uploads\/2020\/07\/nacimientos.jpg\" \/>\n\t\t<script type=\"application\/ld+json\" class=\"aioseo-schema\">\n\t\t\t{\"@context\":\"https:\\\/\\\/schema.org\",\"@graph\":[{\"@type\":\"BreadcrumbList\",\"@id\":\"https:\\\/\\\/eldigitaldeasturias.com\\\/radio\\\/alemania-registra-menos-nacimientos-y-menos-muertes-en-2019\\\/#breadcrumblist\",\"itemListElement\":[{\"@type\":\"ListItem\",\"@id\":\"https:\\\/\\\/eldigitaldeasturias.com\\\/radio#listItem\",\"position\":1,\"name\":\"Inicio\",\"item\":\"https:\\\/\\\/eldigitaldeasturias.com\\\/radio\",\"nextItem\":{\"@type\":\"ListItem\",\"@id\":\"https:\\\/\\\/eldigitaldeasturias.com\\\/radio\\\/category\\\/noticias\\\/#listItem\",\"name\":\"Noticias\"}},{\"@type\":\"ListItem\",\"@id\":\"https:\\\/\\\/eldigitaldeasturias.com\\\/radio\\\/category\\\/noticias\\\/#listItem\",\"position\":2,\"name\":\"Noticias\",\"item\":\"https:\\\/\\\/eldigitaldeasturias.com\\\/radio\\\/category\\\/noticias\\\/\",\"nextItem\":{\"@type\":\"ListItem\",\"@id\":\"https:\\\/\\\/eldigitaldeasturias.com\\\/radio\\\/alemania-registra-menos-nacimientos-y-menos-muertes-en-2019\\\/#listItem\",\"name\":\"Alemania registra menos nacimientos y menos muertes en 2019\"},\"previousItem\":{\"@type\":\"ListItem\",\"@id\":\"https:\\\/\\\/eldigitaldeasturias.com\\\/radio#listItem\",\"name\":\"Inicio\"}},{\"@type\":\"ListItem\",\"@id\":\"https:\\\/\\\/eldigitaldeasturias.com\\\/radio\\\/alemania-registra-menos-nacimientos-y-menos-muertes-en-2019\\\/#listItem\",\"position\":3,\"name\":\"Alemania registra menos nacimientos y menos muertes en 2019\",\"previousItem\":{\"@type\":\"ListItem\",\"@id\":\"https:\\\/\\\/eldigitaldeasturias.com\\\/radio\\\/category\\\/noticias\\\/#listItem\",\"name\":\"Noticias\"}}]},{\"@type\":\"NewsArticle\",\"@id\":\"https:\\\/\\\/eldigitaldeasturias.com\\\/radio\\\/alemania-registra-menos-nacimientos-y-menos-muertes-en-2019\\\/#newsarticle\",\"name\":\"Alemania registra menos nacimientos y menos muertes en 2019 | El Digital de Asturias\",\"headline\":\"Alemania registra menos nacimientos y menos muertes en 2019\",\"author\":{\"@id\":\"https:\\\/\\\/eldigitaldeasturias.com\\\/radio\\\/author\\\/nbasturias\\\/#author\"},\"publisher\":{\"@id\":\"https:\\\/\\\/eldigitaldeasturias.com\\\/radio\\\/#organization\"},\"image\":{\"@type\":\"ImageObject\",\"url\":\"https:\\\/\\\/eldigitaldeasturias.com\\\/radio\\\/wp-content\\\/uploads\\\/2020\\\/07\\\/nacimientos.jpg\",\"width\":1009,\"height\":677,\"caption\":\"Foto: Fabian Strauch\\\/dpa\"},\"datePublished\":\"2020-07-14T07:58:05+02:00\",\"dateModified\":\"2020-07-14T07:58:05+02:00\",\"inLanguage\":\"es-ES\",\"mainEntityOfPage\":{\"@id\":\"https:\\\/\\\/eldigitaldeasturias.com\\\/radio\\\/alemania-registra-menos-nacimientos-y-menos-muertes-en-2019\\\/#webpage\"},\"isPartOf\":{\"@id\":\"https:\\\/\\\/eldigitaldeasturias.com\\\/radio\\\/alemania-registra-menos-nacimientos-y-menos-muertes-en-2019\\\/#webpage\"},\"articleSection\":\"Noticias\",\"dateline\":\"Publicado el julio 14, 2020.\"},{\"@type\":\"Organization\",\"@id\":\"https:\\\/\\\/eldigitaldeasturias.com\\\/radio\\\/#organization\",\"name\":\"El digital de Asturias Radio\",\"description\":\"Diario de informaci\\u00f3n y noticias\",\"url\":\"https:\\\/\\\/eldigitaldeasturias.com\\\/radio\\\/\",\"telephone\":\"+34652131393\",\"logo\":{\"@type\":\"ImageObject\",\"url\":\"https:\\\/\\\/www.eldigitaldeasturias.com\\\/radio\\\/wp-content\\\/uploads\\\/2021\\\/03\\\/EDA.jpg\",\"@id\":\"https:\\\/\\\/eldigitaldeasturias.com\\\/radio\\\/alemania-registra-menos-nacimientos-y-menos-muertes-en-2019\\\/#organizationLogo\"},\"image\":{\"@id\":\"https:\\\/\\\/eldigitaldeasturias.com\\\/radio\\\/alemania-registra-menos-nacimientos-y-menos-muertes-en-2019\\\/#organizationLogo\"},\"sameAs\":[\"https:\\\/\\\/www.facebook.com\\\/\",\"https:\\\/\\\/x.com\\\/bercodi\",\"https:\\\/\\\/www.instagram.com\\\/\",\"https:\\\/\\\/www.youtube.com\\\/channel\\\/UCZP-2wLEB9Rv6erhFmqVnvg\"]},{\"@type\":\"Person\",\"@id\":\"https:\\\/\\\/eldigitaldeasturias.com\\\/radio\\\/author\\\/nbasturias\\\/#author\",\"url\":\"https:\\\/\\\/eldigitaldeasturias.com\\\/radio\\\/author\\\/nbasturias\\\/\",\"name\":\"NBAsturias\",\"image\":{\"@type\":\"ImageObject\",\"@id\":\"https:\\\/\\\/eldigitaldeasturias.com\\\/radio\\\/alemania-registra-menos-nacimientos-y-menos-muertes-en-2019\\\/#authorImage\",\"url\":\"https:\\\/\\\/secure.gravatar.com\\\/avatar\\\/df2aeffc32bcd13f8d26072ef8a91b623d677766deac7f97ca815868cd41bf5e?s=96&d=mm&r=g\",\"width\":96,\"height\":96,\"caption\":\"NBAsturias\"}},{\"@type\":\"WebPage\",\"@id\":\"https:\\\/\\\/eldigitaldeasturias.com\\\/radio\\\/alemania-registra-menos-nacimientos-y-menos-muertes-en-2019\\\/#webpage\",\"url\":\"https:\\\/\\\/eldigitaldeasturias.com\\\/radio\\\/alemania-registra-menos-nacimientos-y-menos-muertes-en-2019\\\/\",\"name\":\"Alemania registra menos nacimientos y menos muertes en 2019 | El Digital de Asturias\",\"description\":\"Wiesbaden (Alemania), 13 jul (dpa) - Alemania registr\\u00f3 el nacimiento de 778.100 beb\\u00e9s en 2019, unos 9.400 menos que el a\\u00f1o anterior, lo que en t\\u00e9rminos aritm\\u00e9ticos significa que nacieron 9,4 beb\\u00e9s por cada 1.000 habitantes, inform\\u00f3 hoy la Oficina Federal de Estad\\u00edstica (Destatis). Asimismo, el n\\u00famero de muertes en 2019 se redujo a 939.500,\",\"inLanguage\":\"es-ES\",\"isPartOf\":{\"@id\":\"https:\\\/\\\/eldigitaldeasturias.com\\\/radio\\\/#website\"},\"breadcrumb\":{\"@id\":\"https:\\\/\\\/eldigitaldeasturias.com\\\/radio\\\/alemania-registra-menos-nacimientos-y-menos-muertes-en-2019\\\/#breadcrumblist\"},\"author\":{\"@id\":\"https:\\\/\\\/eldigitaldeasturias.com\\\/radio\\\/author\\\/nbasturias\\\/#author\"},\"creator\":{\"@id\":\"https:\\\/\\\/eldigitaldeasturias.com\\\/radio\\\/author\\\/nbasturias\\\/#author\"},\"image\":{\"@type\":\"ImageObject\",\"url\":\"https:\\\/\\\/eldigitaldeasturias.com\\\/radio\\\/wp-content\\\/uploads\\\/2020\\\/07\\\/nacimientos.jpg\",\"@id\":\"https:\\\/\\\/eldigitaldeasturias.com\\\/radio\\\/alemania-registra-menos-nacimientos-y-menos-muertes-en-2019\\\/#mainImage\",\"width\":1009,\"height\":677,\"caption\":\"Foto: Fabian Strauch\\\/dpa\"},\"primaryImageOfPage\":{\"@id\":\"https:\\\/\\\/eldigitaldeasturias.com\\\/radio\\\/alemania-registra-menos-nacimientos-y-menos-muertes-en-2019\\\/#mainImage\"},\"datePublished\":\"2020-07-14T07:58:05+02:00\",\"dateModified\":\"2020-07-14T07:58:05+02:00\"},{\"@type\":\"WebSite\",\"@id\":\"https:\\\/\\\/eldigitaldeasturias.com\\\/radio\\\/#website\",\"url\":\"https:\\\/\\\/eldigitaldeasturias.com\\\/radio\\\/\",\"name\":\"El Digital de Asturias\",\"description\":\"Diario de informaci\\u00f3n y noticias\",\"inLanguage\":\"es-ES\",\"publisher\":{\"@id\":\"https:\\\/\\\/eldigitaldeasturias.com\\\/radio\\\/#organization\"}}]}\n\t\t<\/script>\n\t\t<!-- All in One SEO Pro -->\r\n\t\t<title>Alemania registra menos nacimientos y menos muertes en 2019 | El Digital de Asturias<\/title>\n\n","aioseo_head_json":{"title":"Alemania registra menos nacimientos y menos muertes en 2019 | El Digital de Asturias","description":"Wiesbaden (Alemania), 13 jul (dpa) - Alemania registr\u00f3 el nacimiento de 778.100 beb\u00e9s en 2019, unos 9.400 menos que el a\u00f1o anterior, lo que en t\u00e9rminos aritm\u00e9ticos significa que nacieron 9,4 beb\u00e9s por cada 1.000 habitantes, inform\u00f3 hoy la Oficina Federal de Estad\u00edstica (Destatis). Asimismo, el n\u00famero de muertes en 2019 se redujo a 939.500,","canonical_url":"https:\/\/eldigitaldeasturias.com\/radio\/alemania-registra-menos-nacimientos-y-menos-muertes-en-2019\/","robots":"max-image-preview:large","keywords":"noticias","webmasterTools":{"google-site-verification":"UA-38556648-1","miscellaneous":""},"schema":{"@context":"https:\/\/schema.org","@graph":[{"@type":"BreadcrumbList","@id":"https:\/\/eldigitaldeasturias.com\/radio\/alemania-registra-menos-nacimientos-y-menos-muertes-en-2019\/#breadcrumblist","itemListElement":[{"@type":"ListItem","@id":"https:\/\/eldigitaldeasturias.com\/radio#listItem","position":1,"name":"Inicio","item":"https:\/\/eldigitaldeasturias.com\/radio","nextItem":{"@type":"ListItem","@id":"https:\/\/eldigitaldeasturias.com\/radio\/category\/noticias\/#listItem","name":"Noticias"}},{"@type":"ListItem","@id":"https:\/\/eldigitaldeasturias.com\/radio\/category\/noticias\/#listItem","position":2,"name":"Noticias","item":"https:\/\/eldigitaldeasturias.com\/radio\/category\/noticias\/","nextItem":{"@type":"ListItem","@id":"https:\/\/eldigitaldeasturias.com\/radio\/alemania-registra-menos-nacimientos-y-menos-muertes-en-2019\/#listItem","name":"Alemania registra menos nacimientos y menos muertes en 2019"},"previousItem":{"@type":"ListItem","@id":"https:\/\/eldigitaldeasturias.com\/radio#listItem","name":"Inicio"}},{"@type":"ListItem","@id":"https:\/\/eldigitaldeasturias.com\/radio\/alemania-registra-menos-nacimientos-y-menos-muertes-en-2019\/#listItem","position":3,"name":"Alemania registra menos nacimientos y menos muertes en 2019","previousItem":{"@type":"ListItem","@id":"https:\/\/eldigitaldeasturias.com\/radio\/category\/noticias\/#listItem","name":"Noticias"}}]},{"@type":"NewsArticle","@id":"https:\/\/eldigitaldeasturias.com\/radio\/alemania-registra-menos-nacimientos-y-menos-muertes-en-2019\/#newsarticle","name":"Alemania registra menos nacimientos y menos muertes en 2019 | El Digital de Asturias","headline":"Alemania registra menos nacimientos y menos muertes en 2019","author":{"@id":"https:\/\/eldigitaldeasturias.com\/radio\/author\/nbasturias\/#author"},"publisher":{"@id":"https:\/\/eldigitaldeasturias.com\/radio\/#organization"},"image":{"@type":"ImageObject","url":"https:\/\/eldigitaldeasturias.com\/radio\/wp-content\/uploads\/2020\/07\/nacimientos.jpg","width":1009,"height":677,"caption":"Foto: Fabian Strauch\/dpa"},"datePublished":"2020-07-14T07:58:05+02:00","dateModified":"2020-07-14T07:58:05+02:00","inLanguage":"es-ES","mainEntityOfPage":{"@id":"https:\/\/eldigitaldeasturias.com\/radio\/alemania-registra-menos-nacimientos-y-menos-muertes-en-2019\/#webpage"},"isPartOf":{"@id":"https:\/\/eldigitaldeasturias.com\/radio\/alemania-registra-menos-nacimientos-y-menos-muertes-en-2019\/#webpage"},"articleSection":"Noticias","dateline":"Publicado el julio 14, 2020."},{"@type":"Organization","@id":"https:\/\/eldigitaldeasturias.com\/radio\/#organization","name":"El digital de Asturias Radio","description":"Diario de informaci\u00f3n y noticias","url":"https:\/\/eldigitaldeasturias.com\/radio\/","telephone":"+34652131393","logo":{"@type":"ImageObject","url":"https:\/\/www.eldigitaldeasturias.com\/radio\/wp-content\/uploads\/2021\/03\/EDA.jpg","@id":"https:\/\/eldigitaldeasturias.com\/radio\/alemania-registra-menos-nacimientos-y-menos-muertes-en-2019\/#organizationLogo"},"image":{"@id":"https:\/\/eldigitaldeasturias.com\/radio\/alemania-registra-menos-nacimientos-y-menos-muertes-en-2019\/#organizationLogo"},"sameAs":["https:\/\/www.facebook.com\/","https:\/\/x.com\/bercodi","https:\/\/www.instagram.com\/","https:\/\/www.youtube.com\/channel\/UCZP-2wLEB9Rv6erhFmqVnvg"]},{"@type":"Person","@id":"https:\/\/eldigitaldeasturias.com\/radio\/author\/nbasturias\/#author","url":"https:\/\/eldigitaldeasturias.com\/radio\/author\/nbasturias\/","name":"NBAsturias","image":{"@type":"ImageObject","@id":"https:\/\/eldigitaldeasturias.com\/radio\/alemania-registra-menos-nacimientos-y-menos-muertes-en-2019\/#authorImage","url":"https:\/\/secure.gravatar.com\/avatar\/df2aeffc32bcd13f8d26072ef8a91b623d677766deac7f97ca815868cd41bf5e?s=96&d=mm&r=g","width":96,"height":96,"caption":"NBAsturias"}},{"@type":"WebPage","@id":"https:\/\/eldigitaldeasturias.com\/radio\/alemania-registra-menos-nacimientos-y-menos-muertes-en-2019\/#webpage","url":"https:\/\/eldigitaldeasturias.com\/radio\/alemania-registra-menos-nacimientos-y-menos-muertes-en-2019\/","name":"Alemania registra menos nacimientos y menos muertes en 2019 | El Digital de Asturias","description":"Wiesbaden (Alemania), 13 jul (dpa) - Alemania registr\u00f3 el nacimiento de 778.100 beb\u00e9s en 2019, unos 9.400 menos que el a\u00f1o anterior, lo que en t\u00e9rminos aritm\u00e9ticos significa que nacieron 9,4 beb\u00e9s por cada 1.000 habitantes, inform\u00f3 hoy la Oficina Federal de Estad\u00edstica (Destatis). Asimismo, el n\u00famero de muertes en 2019 se redujo a 939.500,","inLanguage":"es-ES","isPartOf":{"@id":"https:\/\/eldigitaldeasturias.com\/radio\/#website"},"breadcrumb":{"@id":"https:\/\/eldigitaldeasturias.com\/radio\/alemania-registra-menos-nacimientos-y-menos-muertes-en-2019\/#breadcrumblist"},"author":{"@id":"https:\/\/eldigitaldeasturias.com\/radio\/author\/nbasturias\/#author"},"creator":{"@id":"https:\/\/eldigitaldeasturias.com\/radio\/author\/nbasturias\/#author"},"image":{"@type":"ImageObject","url":"https:\/\/eldigitaldeasturias.com\/radio\/wp-content\/uploads\/2020\/07\/nacimientos.jpg","@id":"https:\/\/eldigitaldeasturias.com\/radio\/alemania-registra-menos-nacimientos-y-menos-muertes-en-2019\/#mainImage","width":1009,"height":677,"caption":"Foto: Fabian Strauch\/dpa"},"primaryImageOfPage":{"@id":"https:\/\/eldigitaldeasturias.com\/radio\/alemania-registra-menos-nacimientos-y-menos-muertes-en-2019\/#mainImage"},"datePublished":"2020-07-14T07:58:05+02:00","dateModified":"2020-07-14T07:58:05+02:00"},{"@type":"WebSite","@id":"https:\/\/eldigitaldeasturias.com\/radio\/#website","url":"https:\/\/eldigitaldeasturias.com\/radio\/","name":"El Digital de Asturias","description":"Diario de informaci\u00f3n y noticias","inLanguage":"es-ES","publisher":{"@id":"https:\/\/eldigitaldeasturias.com\/radio\/#organization"}}]},"og:locale":"es_ES","og:site_name":"El Digital de Asturias | Diario de informaci\u00f3n y noticias","og:type":"article","og:title":"Alemania registra menos nacimientos y menos muertes en 2019 | El Digital de Asturias","og:description":"Wiesbaden (Alemania), 13 jul (dpa) - Alemania registr\u00f3 el nacimiento de 778.100 beb\u00e9s en 2019, unos 9.400 menos que el a\u00f1o anterior, lo que en t\u00e9rminos aritm\u00e9ticos significa que nacieron 9,4 beb\u00e9s por cada 1.000 habitantes, inform\u00f3 hoy la Oficina Federal de Estad\u00edstica (Destatis). Asimismo, el n\u00famero de muertes en 2019 se redujo a 939.500,","og:url":"https:\/\/eldigitaldeasturias.com\/radio\/alemania-registra-menos-nacimientos-y-menos-muertes-en-2019\/","og:image":"https:\/\/eldigitaldeasturias.com\/radio\/wp-content\/uploads\/2020\/07\/nacimientos.jpg","og:image:secure_url":"https:\/\/eldigitaldeasturias.com\/radio\/wp-content\/uploads\/2020\/07\/nacimientos.jpg","og:image:width":1009,"og:image:height":677,"article:published_time":"2020-07-14T07:58:05+00:00","article:modified_time":"2020-07-14T07:58:05+00:00","twitter:card":"summary_large_image","twitter:site":"@bercodi","twitter:title":"Alemania registra menos nacimientos y menos muertes en 2019 | El Digital de Asturias","twitter:description":"Wiesbaden (Alemania), 13 jul (dpa) - Alemania registr\u00f3 el nacimiento de 778.100 beb\u00e9s en 2019, unos 9.400 menos que el a\u00f1o anterior, lo que en t\u00e9rminos aritm\u00e9ticos significa que nacieron 9,4 beb\u00e9s por cada 1.000 habitantes, inform\u00f3 hoy la Oficina Federal de Estad\u00edstica (Destatis). Asimismo, el n\u00famero de muertes en 2019 se redujo a 939.500,","twitter:creator":"@bercodi","twitter:image":"https:\/\/eldigitaldeasturias.com\/radio\/wp-content\/uploads\/2020\/07\/nacimientos.jpg"},"aioseo_meta_data":{"post_id":"4700","title":null,"description":"","keywords":"","keyphrases":null,"primary_term":null,"canonical_url":"","og_title":null,"og_description":null,"og_object_type":"default","og_image_type":"default","og_image_url":null,"og_image_width":null,"og_image_height":null,"og_image_custom_url":null,"og_image_custom_fields":null,"og_video":null,"og_custom_url":null,"og_article_section":null,"og_article_tags":null,"twitter_use_og":false,"twitter_card":"default","twitter_image_type":"default","twitter_image_url":null,"twitter_image_custom_url":null,"twitter_image_custom_fields":null,"twitter_title":null,"twitter_description":null,"schema":{"blockGraphs":[],"customGraphs":[],"default":{"data":{"Article":[],"Course":[],"Dataset":[],"FAQPage":[],"Movie":[],"Person":[],"Product":[],"ProductReview":[],"Car":[],"Recipe":[],"Service":[],"SoftwareApplication":[],"WebPage":[]},"graphName":"","isEnabled":true},"graphs":[],"defaultGraph":"","defaultPostTypeGraph":""},"schema_type":null,"schema_type_options":null,"pillar_content":false,"robots_default":true,"robots_noindex":false,"robots_noarchive":false,"robots_nosnippet":false,"robots_nofollow":false,"robots_noimageindex":false,"robots_noodp":false,"robots_notranslate":false,"robots_max_snippet":null,"robots_max_videopreview":null,"robots_max_imagepreview":"large","priority":null,"frequency":null,"location":null,"local_seo":null,"seo_analyzer_scan_date":"2025-08-28 16:31:29","breadcrumb_settings":null,"limit_modified_date":false,"open_ai":null,"ai":null,"created":"2021-03-25 10:20:09","updated":"2025-08-28 16:31:29"},"aioseo_breadcrumb":"<div class=\"aioseo-breadcrumbs\"><span class=\"aioseo-breadcrumb\">\n\t<a href=\"https:\/\/eldigitaldeasturias.com\/radio\" title=\"Inicio\">Inicio<\/a>\n<\/span><span class=\"aioseo-breadcrumb-separator\">&ndash;<\/span><span class=\"aioseo-breadcrumb\">\n\t<a href=\"https:\/\/eldigitaldeasturias.com\/radio\/category\/noticias\/\" title=\"Noticias\">Noticias<\/a>\n<\/span><span class=\"aioseo-breadcrumb-separator\">&ndash;<\/span><span class=\"aioseo-breadcrumb\">\n\tAlemania registra menos nacimientos y menos muertes en 2019\n<\/span><\/div>","aioseo_breadcrumb_json":[{"label":"Inicio","link":"https:\/\/eldigitaldeasturias.com\/radio"},{"label":"Noticias","link":"https:\/\/eldigitaldeasturias.com\/radio\/category\/noticias\/"},{"label":"Alemania registra menos nacimientos y menos muertes en 2019","link":"https:\/\/eldigitaldeasturias.com\/radio\/alemania-registra-menos-nacimientos-y-menos-muertes-en-2019\/"}],"_links":{"self":[{"href":"https:\/\/eldigitaldeasturias.com\/radio\/wp-json\/wp\/v2\/posts\/4700","targetHints":{"allow":["GET"]}}],"collection":[{"href":"https:\/\/eldigitaldeasturias.com\/radio\/wp-json\/wp\/v2\/posts"}],"about":[{"href":"https:\/\/eldigitaldeasturias.com\/radio\/wp-json\/wp\/v2\/types\/post"}],"author":[{"embeddable":true,"href":"https:\/\/eldigitaldeasturias.com\/radio\/wp-json\/wp\/v2\/users\/1"}],"replies":[{"embeddable":true,"href":"https:\/\/eldigitaldeasturias.com\/radio\/wp-json\/wp\/v2\/comments?post=4700"}],"version-history":[{"count":0,"href":"https:\/\/eldigitaldeasturias.com\/radio\/wp-json\/wp\/v2\/posts\/4700\/revisions"}],"wp:featuredmedia":[{"embeddable":true,"href":"https:\/\/eldigitaldeasturias.com\/radio\/wp-json\/wp\/v2\/media\/4701"}],"wp:attachment":[{"href":"https:\/\/eldigitaldeasturias.com\/radio\/wp-json\/wp\/v2\/media?parent=4700"}],"wp:term":[{"taxonomy":"category","embeddable":true,"href":"https:\/\/eldigitaldeasturias.com\/radio\/wp-json\/wp\/v2\/categories?post=4700"},{"taxonomy":"post_tag","embeddable":true,"href":"https:\/\/eldigitaldeasturias.com\/radio\/wp-json\/wp\/v2\/tags?post=4700"}],"curies":[{"name":"wp","href":"https:\/\/api.w.org\/{rel}","templated":true}]}}