{"id":4697,"date":"2020-07-14T07:54:58","date_gmt":"2020-07-14T07:54:58","guid":{"rendered":"http:\/\/www.eldigitaldeasturias.com\/radio\/?p=4697"},"modified":"2020-07-14T07:54:58","modified_gmt":"2020-07-14T07:54:58","slug":"munich-estudios-a-enfermos-de-covid-19-descartan-inmunidad-duradera","status":"publish","type":"post","link":"https:\/\/eldigitaldeasturias.com\/radio\/munich-estudios-a-enfermos-de-covid-19-descartan-inmunidad-duradera\/","title":{"rendered":"M\u00fanich: Estudios a enfermos de covid-19 descartan inmunidad duradera"},"content":{"rendered":"<figure id=\"attachment_4698\" aria-describedby=\"caption-attachment-4698\" style=\"width: 360px\" class=\"wp-caption alignleft\"><img fetchpriority=\"high\" decoding=\"async\" class=\"size-medium wp-image-4698\" src=\"http:\/\/www.eldigitaldeasturias.com\/radio\/wp-content\/uploads\/2020\/07\/estudios-covid-19-360x237.jpg\" alt=\"\" width=\"360\" height=\"237\" srcset=\"https:\/\/eldigitaldeasturias.com\/radio\/wp-content\/uploads\/2020\/07\/estudios-covid-19-360x237.jpg 360w, https:\/\/eldigitaldeasturias.com\/radio\/wp-content\/uploads\/2020\/07\/estudios-covid-19-768x505.jpg 768w, https:\/\/eldigitaldeasturias.com\/radio\/wp-content\/uploads\/2020\/07\/estudios-covid-19.jpg 1013w\" sizes=\"(max-width: 360px) 100vw, 360px\" \/><figcaption id=\"caption-attachment-4698\" class=\"wp-caption-text\">Foto: Marijan Murat\/dpa<\/figcaption><\/figure>\n<p>M\u00fanich, 12 jul (dpa) &#8211; Nuevos estudios realizados en Alemania a pacientes que se recuperaron de covid-19 desvanecen la esperanza de una inmunidad duradera y, por lo tanto, tambi\u00e9n de la eficacia a largo plazo de una posible vacuna, declar\u00f3 Clemens Wendtner, m\u00e9dico jefe del \u00e1rea de infectolog\u00eda de la Cl\u00ednica Schwabing de M\u00fanich.<\/p>\n<p>Wendtner explic\u00f3 que los an\u00e1lisis serol\u00f3gicos de los primeros pacientes de covid-19 en Alemania, que fueron tratados a finales de enero en este centro especializado en enfermedades infecciosas y tropicales, mostraron una disminuci\u00f3n significativa del n\u00famero de los llamados anticuerpos neutralizantes en sangre.<\/p>\n<p>\u00abEn cuatro de cada nueve pacientes vemos disminuir los anticuerpos neutralizantes en una prueba muy especial que solo se puede realizar en un laboratorio de alta seguridad biol\u00f3gica\u00bb, coment\u00f3 Wendtner.<\/p>\n<p>\u00abA\u00fan es incierto en qu\u00e9 medida esto influye en la inmunidad a largo plazo y en las estrategias de vacunaci\u00f3n, pero que se tendr\u00e1 que seguir observando cr\u00edticamente en el futuro\u00bb, agreg\u00f3, se\u00f1alando que eso apunta a que es posible contagiarse de nuevo despu\u00e9s de haber pasado la enfermedad.<\/p>\n<p>En su opini\u00f3n, es necesario estudiar m\u00e1s a fondo este aspecto, ya que para la inmunidad a largo plazo, adem\u00e1s de la llamada inmunidad asociada a las c\u00e9lulas B, medida a traves de anticuerpos, tambi\u00e9n es relevante la llamada inmunidad de las c\u00e9lulas T.<\/p>\n<p>El cient\u00edfico coment\u00f3 que si los pacientes pierden anticuerpos neutralizantes, estos podr\u00edan proporcionar protecci\u00f3n. Los linfocitos T pueden eliminar espec\u00edficamente a las c\u00e9lulas infectadas con virus si ya conocen de antes al invasor.<\/p>\n<p>Los hallazgos de Wendtner concuerdan con las experiencias de otros cient\u00edficos y estudios.<\/p>\n<p>Investigadores chinos informaron en la revista \u00abNature Medicine\u00bb que, al cabo de dos meses, los anticuerpos disminuyeron considerablemente, sobre todo en pacientes asintom\u00e1ticos, pero los valores tambi\u00e9n se redujeron en pacientes que estaban realmente enfermos.<\/p>\n<p>Los infectados con pocos s\u00edntomas tambi\u00e9n hab\u00edan desarrollado menos anticuerpos y, por lo tanto, una respuesta inmunol\u00f3gica m\u00e1s d\u00e9bil.<\/p>\n<p>&nbsp;<\/p>\n","protected":false},"excerpt":{"rendered":"<p>M\u00fanich, 12 jul (dpa) &#8211; Nuevos estudios realizados en Alemania a pacientes que se recuperaron de covid-19 desvanecen la esperanza de una inmunidad duradera y, por lo tanto, tambi\u00e9n de la eficacia a largo plazo de una posible vacuna, declar\u00f3 Clemens Wendtner, m\u00e9dico jefe del \u00e1rea de infectolog\u00eda de la Cl\u00ednica Schwabing de M\u00fanich. Wendtner<\/p>\n","protected":false},"author":1,"featured_media":4698,"comment_status":"closed","ping_status":"closed","sticky":false,"template":"","format":"standard","meta":{"footnotes":""},"categories":[1],"tags":[],"class_list":{"0":"post-4697","1":"post","2":"type-post","3":"status-publish","4":"format-standard","5":"has-post-thumbnail","7":"category-noticias"},"aioseo_notices":[],"aioseo_head":"\n\t\t<!-- All in One SEO Pro 4.9.6.2 - aioseo.com -->\n\t<meta name=\"description\" content=\"M\u00fanich, 12 jul (dpa) - Nuevos estudios realizados en Alemania a pacientes que se recuperaron de covid-19 desvanecen la esperanza de una inmunidad duradera y, por lo tanto, tambi\u00e9n de la eficacia a largo plazo de una posible vacuna, declar\u00f3 Clemens Wendtner, m\u00e9dico jefe del \u00e1rea de infectolog\u00eda de la Cl\u00ednica Schwabing de M\u00fanich. Wendtner\" \/>\n\t<meta name=\"robots\" content=\"max-image-preview:large\" \/>\n\t<meta name=\"author\" content=\"NBAsturias\"\/>\n\t<meta name=\"google-site-verification\" content=\"UA-38556648-1\" \/>\n\t<meta name=\"keywords\" content=\"noticias\" \/>\n\t<link rel=\"canonical\" href=\"https:\/\/eldigitaldeasturias.com\/radio\/munich-estudios-a-enfermos-de-covid-19-descartan-inmunidad-duradera\/\" \/>\n\t<meta name=\"generator\" content=\"All in One SEO Pro (AIOSEO) 4.9.6.2\" \/>\n\t\t<meta property=\"og:locale\" content=\"es_ES\" \/>\n\t\t<meta property=\"og:site_name\" content=\"El Digital de Asturias | Diario de informaci\u00f3n y noticias\" \/>\n\t\t<meta property=\"og:type\" content=\"article\" \/>\n\t\t<meta property=\"og:title\" content=\"M\u00fanich: Estudios a enfermos de covid-19 descartan inmunidad duradera | El Digital de Asturias\" \/>\n\t\t<meta property=\"og:description\" content=\"M\u00fanich, 12 jul (dpa) - Nuevos estudios realizados en Alemania a pacientes que se recuperaron de covid-19 desvanecen la esperanza de una inmunidad duradera y, por lo tanto, tambi\u00e9n de la eficacia a largo plazo de una posible vacuna, declar\u00f3 Clemens Wendtner, m\u00e9dico jefe del \u00e1rea de infectolog\u00eda de la Cl\u00ednica Schwabing de M\u00fanich. Wendtner\" \/>\n\t\t<meta property=\"og:url\" content=\"https:\/\/eldigitaldeasturias.com\/radio\/munich-estudios-a-enfermos-de-covid-19-descartan-inmunidad-duradera\/\" \/>\n\t\t<meta property=\"og:image\" content=\"https:\/\/eldigitaldeasturias.com\/radio\/wp-content\/uploads\/2020\/07\/estudios-covid-19.jpg\" \/>\n\t\t<meta property=\"og:image:secure_url\" content=\"https:\/\/eldigitaldeasturias.com\/radio\/wp-content\/uploads\/2020\/07\/estudios-covid-19.jpg\" \/>\n\t\t<meta property=\"og:image:width\" content=\"1013\" \/>\n\t\t<meta property=\"og:image:height\" content=\"666\" \/>\n\t\t<meta property=\"article:published_time\" content=\"2020-07-14T07:54:58+00:00\" \/>\n\t\t<meta property=\"article:modified_time\" content=\"2020-07-14T07:54:58+00:00\" \/>\n\t\t<meta name=\"twitter:card\" content=\"summary_large_image\" \/>\n\t\t<meta name=\"twitter:site\" content=\"@bercodi\" \/>\n\t\t<meta name=\"twitter:title\" content=\"M\u00fanich: Estudios a enfermos de covid-19 descartan inmunidad duradera | El Digital de Asturias\" \/>\n\t\t<meta name=\"twitter:description\" content=\"M\u00fanich, 12 jul (dpa) - Nuevos estudios realizados en Alemania a pacientes que se recuperaron de covid-19 desvanecen la esperanza de una inmunidad duradera y, por lo tanto, tambi\u00e9n de la eficacia a largo plazo de una posible vacuna, declar\u00f3 Clemens Wendtner, m\u00e9dico jefe del \u00e1rea de infectolog\u00eda de la Cl\u00ednica Schwabing de M\u00fanich. Wendtner\" \/>\n\t\t<meta name=\"twitter:creator\" content=\"@bercodi\" \/>\n\t\t<meta name=\"twitter:image\" content=\"https:\/\/eldigitaldeasturias.com\/radio\/wp-content\/uploads\/2020\/07\/estudios-covid-19.jpg\" \/>\n\t\t<script type=\"application\/ld+json\" class=\"aioseo-schema\">\n\t\t\t{\"@context\":\"https:\\\/\\\/schema.org\",\"@graph\":[{\"@type\":\"BreadcrumbList\",\"@id\":\"https:\\\/\\\/eldigitaldeasturias.com\\\/radio\\\/munich-estudios-a-enfermos-de-covid-19-descartan-inmunidad-duradera\\\/#breadcrumblist\",\"itemListElement\":[{\"@type\":\"ListItem\",\"@id\":\"https:\\\/\\\/eldigitaldeasturias.com\\\/radio#listItem\",\"position\":1,\"name\":\"Inicio\",\"item\":\"https:\\\/\\\/eldigitaldeasturias.com\\\/radio\",\"nextItem\":{\"@type\":\"ListItem\",\"@id\":\"https:\\\/\\\/eldigitaldeasturias.com\\\/radio\\\/category\\\/noticias\\\/#listItem\",\"name\":\"Noticias\"}},{\"@type\":\"ListItem\",\"@id\":\"https:\\\/\\\/eldigitaldeasturias.com\\\/radio\\\/category\\\/noticias\\\/#listItem\",\"position\":2,\"name\":\"Noticias\",\"item\":\"https:\\\/\\\/eldigitaldeasturias.com\\\/radio\\\/category\\\/noticias\\\/\",\"nextItem\":{\"@type\":\"ListItem\",\"@id\":\"https:\\\/\\\/eldigitaldeasturias.com\\\/radio\\\/munich-estudios-a-enfermos-de-covid-19-descartan-inmunidad-duradera\\\/#listItem\",\"name\":\"M\\u00fanich: Estudios a enfermos de covid-19 descartan inmunidad duradera\"},\"previousItem\":{\"@type\":\"ListItem\",\"@id\":\"https:\\\/\\\/eldigitaldeasturias.com\\\/radio#listItem\",\"name\":\"Inicio\"}},{\"@type\":\"ListItem\",\"@id\":\"https:\\\/\\\/eldigitaldeasturias.com\\\/radio\\\/munich-estudios-a-enfermos-de-covid-19-descartan-inmunidad-duradera\\\/#listItem\",\"position\":3,\"name\":\"M\\u00fanich: Estudios a enfermos de covid-19 descartan inmunidad duradera\",\"previousItem\":{\"@type\":\"ListItem\",\"@id\":\"https:\\\/\\\/eldigitaldeasturias.com\\\/radio\\\/category\\\/noticias\\\/#listItem\",\"name\":\"Noticias\"}}]},{\"@type\":\"NewsArticle\",\"@id\":\"https:\\\/\\\/eldigitaldeasturias.com\\\/radio\\\/munich-estudios-a-enfermos-de-covid-19-descartan-inmunidad-duradera\\\/#newsarticle\",\"name\":\"M\\u00fanich: Estudios a enfermos de covid-19 descartan inmunidad duradera | El Digital de Asturias\",\"headline\":\"M\\u00fanich: Estudios a enfermos de covid-19 descartan inmunidad duradera\",\"author\":{\"@id\":\"https:\\\/\\\/eldigitaldeasturias.com\\\/radio\\\/author\\\/nbasturias\\\/#author\"},\"publisher\":{\"@id\":\"https:\\\/\\\/eldigitaldeasturias.com\\\/radio\\\/#organization\"},\"image\":{\"@type\":\"ImageObject\",\"url\":\"https:\\\/\\\/eldigitaldeasturias.com\\\/radio\\\/wp-content\\\/uploads\\\/2020\\\/07\\\/estudios-covid-19.jpg\",\"width\":1013,\"height\":666,\"caption\":\"Foto: Marijan Murat\\\/dpa\"},\"datePublished\":\"2020-07-14T07:54:58+02:00\",\"dateModified\":\"2020-07-14T07:54:58+02:00\",\"inLanguage\":\"es-ES\",\"mainEntityOfPage\":{\"@id\":\"https:\\\/\\\/eldigitaldeasturias.com\\\/radio\\\/munich-estudios-a-enfermos-de-covid-19-descartan-inmunidad-duradera\\\/#webpage\"},\"isPartOf\":{\"@id\":\"https:\\\/\\\/eldigitaldeasturias.com\\\/radio\\\/munich-estudios-a-enfermos-de-covid-19-descartan-inmunidad-duradera\\\/#webpage\"},\"articleSection\":\"Noticias\",\"dateline\":\"Publicado el julio 14, 2020.\"},{\"@type\":\"Organization\",\"@id\":\"https:\\\/\\\/eldigitaldeasturias.com\\\/radio\\\/#organization\",\"name\":\"El digital de Asturias Radio\",\"description\":\"Diario de informaci\\u00f3n y noticias\",\"url\":\"https:\\\/\\\/eldigitaldeasturias.com\\\/radio\\\/\",\"telephone\":\"+34652131393\",\"logo\":{\"@type\":\"ImageObject\",\"url\":\"https:\\\/\\\/www.eldigitaldeasturias.com\\\/radio\\\/wp-content\\\/uploads\\\/2021\\\/03\\\/EDA.jpg\",\"@id\":\"https:\\\/\\\/eldigitaldeasturias.com\\\/radio\\\/munich-estudios-a-enfermos-de-covid-19-descartan-inmunidad-duradera\\\/#organizationLogo\"},\"image\":{\"@id\":\"https:\\\/\\\/eldigitaldeasturias.com\\\/radio\\\/munich-estudios-a-enfermos-de-covid-19-descartan-inmunidad-duradera\\\/#organizationLogo\"},\"sameAs\":[\"https:\\\/\\\/www.facebook.com\\\/\",\"https:\\\/\\\/x.com\\\/bercodi\",\"https:\\\/\\\/www.instagram.com\\\/\",\"https:\\\/\\\/www.youtube.com\\\/channel\\\/UCZP-2wLEB9Rv6erhFmqVnvg\"]},{\"@type\":\"Person\",\"@id\":\"https:\\\/\\\/eldigitaldeasturias.com\\\/radio\\\/author\\\/nbasturias\\\/#author\",\"url\":\"https:\\\/\\\/eldigitaldeasturias.com\\\/radio\\\/author\\\/nbasturias\\\/\",\"name\":\"NBAsturias\",\"image\":{\"@type\":\"ImageObject\",\"@id\":\"https:\\\/\\\/eldigitaldeasturias.com\\\/radio\\\/munich-estudios-a-enfermos-de-covid-19-descartan-inmunidad-duradera\\\/#authorImage\",\"url\":\"https:\\\/\\\/secure.gravatar.com\\\/avatar\\\/df2aeffc32bcd13f8d26072ef8a91b623d677766deac7f97ca815868cd41bf5e?s=96&d=mm&r=g\",\"width\":96,\"height\":96,\"caption\":\"NBAsturias\"}},{\"@type\":\"WebPage\",\"@id\":\"https:\\\/\\\/eldigitaldeasturias.com\\\/radio\\\/munich-estudios-a-enfermos-de-covid-19-descartan-inmunidad-duradera\\\/#webpage\",\"url\":\"https:\\\/\\\/eldigitaldeasturias.com\\\/radio\\\/munich-estudios-a-enfermos-de-covid-19-descartan-inmunidad-duradera\\\/\",\"name\":\"M\\u00fanich: Estudios a enfermos de covid-19 descartan inmunidad duradera | El Digital de Asturias\",\"description\":\"M\\u00fanich, 12 jul (dpa) - Nuevos estudios realizados en Alemania a pacientes que se recuperaron de covid-19 desvanecen la esperanza de una inmunidad duradera y, por lo tanto, tambi\\u00e9n de la eficacia a largo plazo de una posible vacuna, declar\\u00f3 Clemens Wendtner, m\\u00e9dico jefe del \\u00e1rea de infectolog\\u00eda de la Cl\\u00ednica Schwabing de M\\u00fanich. Wendtner\",\"inLanguage\":\"es-ES\",\"isPartOf\":{\"@id\":\"https:\\\/\\\/eldigitaldeasturias.com\\\/radio\\\/#website\"},\"breadcrumb\":{\"@id\":\"https:\\\/\\\/eldigitaldeasturias.com\\\/radio\\\/munich-estudios-a-enfermos-de-covid-19-descartan-inmunidad-duradera\\\/#breadcrumblist\"},\"author\":{\"@id\":\"https:\\\/\\\/eldigitaldeasturias.com\\\/radio\\\/author\\\/nbasturias\\\/#author\"},\"creator\":{\"@id\":\"https:\\\/\\\/eldigitaldeasturias.com\\\/radio\\\/author\\\/nbasturias\\\/#author\"},\"image\":{\"@type\":\"ImageObject\",\"url\":\"https:\\\/\\\/eldigitaldeasturias.com\\\/radio\\\/wp-content\\\/uploads\\\/2020\\\/07\\\/estudios-covid-19.jpg\",\"@id\":\"https:\\\/\\\/eldigitaldeasturias.com\\\/radio\\\/munich-estudios-a-enfermos-de-covid-19-descartan-inmunidad-duradera\\\/#mainImage\",\"width\":1013,\"height\":666,\"caption\":\"Foto: Marijan Murat\\\/dpa\"},\"primaryImageOfPage\":{\"@id\":\"https:\\\/\\\/eldigitaldeasturias.com\\\/radio\\\/munich-estudios-a-enfermos-de-covid-19-descartan-inmunidad-duradera\\\/#mainImage\"},\"datePublished\":\"2020-07-14T07:54:58+02:00\",\"dateModified\":\"2020-07-14T07:54:58+02:00\"},{\"@type\":\"WebSite\",\"@id\":\"https:\\\/\\\/eldigitaldeasturias.com\\\/radio\\\/#website\",\"url\":\"https:\\\/\\\/eldigitaldeasturias.com\\\/radio\\\/\",\"name\":\"El Digital de Asturias\",\"description\":\"Diario de informaci\\u00f3n y noticias\",\"inLanguage\":\"es-ES\",\"publisher\":{\"@id\":\"https:\\\/\\\/eldigitaldeasturias.com\\\/radio\\\/#organization\"}}]}\n\t\t<\/script>\n\t\t<!-- All in One SEO Pro -->\r\n\t\t<title>M\u00fanich: Estudios a enfermos de covid-19 descartan inmunidad duradera | El Digital de Asturias<\/title>\n\n","aioseo_head_json":{"title":"M\u00fanich: Estudios a enfermos de covid-19 descartan inmunidad duradera | El Digital de Asturias","description":"M\u00fanich, 12 jul (dpa) - Nuevos estudios realizados en Alemania a pacientes que se recuperaron de covid-19 desvanecen la esperanza de una inmunidad duradera y, por lo tanto, tambi\u00e9n de la eficacia a largo plazo de una posible vacuna, declar\u00f3 Clemens Wendtner, m\u00e9dico jefe del \u00e1rea de infectolog\u00eda de la Cl\u00ednica Schwabing de M\u00fanich. Wendtner","canonical_url":"https:\/\/eldigitaldeasturias.com\/radio\/munich-estudios-a-enfermos-de-covid-19-descartan-inmunidad-duradera\/","robots":"max-image-preview:large","keywords":"noticias","webmasterTools":{"google-site-verification":"UA-38556648-1","miscellaneous":""},"schema":{"@context":"https:\/\/schema.org","@graph":[{"@type":"BreadcrumbList","@id":"https:\/\/eldigitaldeasturias.com\/radio\/munich-estudios-a-enfermos-de-covid-19-descartan-inmunidad-duradera\/#breadcrumblist","itemListElement":[{"@type":"ListItem","@id":"https:\/\/eldigitaldeasturias.com\/radio#listItem","position":1,"name":"Inicio","item":"https:\/\/eldigitaldeasturias.com\/radio","nextItem":{"@type":"ListItem","@id":"https:\/\/eldigitaldeasturias.com\/radio\/category\/noticias\/#listItem","name":"Noticias"}},{"@type":"ListItem","@id":"https:\/\/eldigitaldeasturias.com\/radio\/category\/noticias\/#listItem","position":2,"name":"Noticias","item":"https:\/\/eldigitaldeasturias.com\/radio\/category\/noticias\/","nextItem":{"@type":"ListItem","@id":"https:\/\/eldigitaldeasturias.com\/radio\/munich-estudios-a-enfermos-de-covid-19-descartan-inmunidad-duradera\/#listItem","name":"M\u00fanich: Estudios a enfermos de covid-19 descartan inmunidad duradera"},"previousItem":{"@type":"ListItem","@id":"https:\/\/eldigitaldeasturias.com\/radio#listItem","name":"Inicio"}},{"@type":"ListItem","@id":"https:\/\/eldigitaldeasturias.com\/radio\/munich-estudios-a-enfermos-de-covid-19-descartan-inmunidad-duradera\/#listItem","position":3,"name":"M\u00fanich: Estudios a enfermos de covid-19 descartan inmunidad duradera","previousItem":{"@type":"ListItem","@id":"https:\/\/eldigitaldeasturias.com\/radio\/category\/noticias\/#listItem","name":"Noticias"}}]},{"@type":"NewsArticle","@id":"https:\/\/eldigitaldeasturias.com\/radio\/munich-estudios-a-enfermos-de-covid-19-descartan-inmunidad-duradera\/#newsarticle","name":"M\u00fanich: Estudios a enfermos de covid-19 descartan inmunidad duradera | El Digital de Asturias","headline":"M\u00fanich: Estudios a enfermos de covid-19 descartan inmunidad duradera","author":{"@id":"https:\/\/eldigitaldeasturias.com\/radio\/author\/nbasturias\/#author"},"publisher":{"@id":"https:\/\/eldigitaldeasturias.com\/radio\/#organization"},"image":{"@type":"ImageObject","url":"https:\/\/eldigitaldeasturias.com\/radio\/wp-content\/uploads\/2020\/07\/estudios-covid-19.jpg","width":1013,"height":666,"caption":"Foto: Marijan Murat\/dpa"},"datePublished":"2020-07-14T07:54:58+02:00","dateModified":"2020-07-14T07:54:58+02:00","inLanguage":"es-ES","mainEntityOfPage":{"@id":"https:\/\/eldigitaldeasturias.com\/radio\/munich-estudios-a-enfermos-de-covid-19-descartan-inmunidad-duradera\/#webpage"},"isPartOf":{"@id":"https:\/\/eldigitaldeasturias.com\/radio\/munich-estudios-a-enfermos-de-covid-19-descartan-inmunidad-duradera\/#webpage"},"articleSection":"Noticias","dateline":"Publicado el julio 14, 2020."},{"@type":"Organization","@id":"https:\/\/eldigitaldeasturias.com\/radio\/#organization","name":"El digital de Asturias Radio","description":"Diario de informaci\u00f3n y noticias","url":"https:\/\/eldigitaldeasturias.com\/radio\/","telephone":"+34652131393","logo":{"@type":"ImageObject","url":"https:\/\/www.eldigitaldeasturias.com\/radio\/wp-content\/uploads\/2021\/03\/EDA.jpg","@id":"https:\/\/eldigitaldeasturias.com\/radio\/munich-estudios-a-enfermos-de-covid-19-descartan-inmunidad-duradera\/#organizationLogo"},"image":{"@id":"https:\/\/eldigitaldeasturias.com\/radio\/munich-estudios-a-enfermos-de-covid-19-descartan-inmunidad-duradera\/#organizationLogo"},"sameAs":["https:\/\/www.facebook.com\/","https:\/\/x.com\/bercodi","https:\/\/www.instagram.com\/","https:\/\/www.youtube.com\/channel\/UCZP-2wLEB9Rv6erhFmqVnvg"]},{"@type":"Person","@id":"https:\/\/eldigitaldeasturias.com\/radio\/author\/nbasturias\/#author","url":"https:\/\/eldigitaldeasturias.com\/radio\/author\/nbasturias\/","name":"NBAsturias","image":{"@type":"ImageObject","@id":"https:\/\/eldigitaldeasturias.com\/radio\/munich-estudios-a-enfermos-de-covid-19-descartan-inmunidad-duradera\/#authorImage","url":"https:\/\/secure.gravatar.com\/avatar\/df2aeffc32bcd13f8d26072ef8a91b623d677766deac7f97ca815868cd41bf5e?s=96&d=mm&r=g","width":96,"height":96,"caption":"NBAsturias"}},{"@type":"WebPage","@id":"https:\/\/eldigitaldeasturias.com\/radio\/munich-estudios-a-enfermos-de-covid-19-descartan-inmunidad-duradera\/#webpage","url":"https:\/\/eldigitaldeasturias.com\/radio\/munich-estudios-a-enfermos-de-covid-19-descartan-inmunidad-duradera\/","name":"M\u00fanich: Estudios a enfermos de covid-19 descartan inmunidad duradera | El Digital de Asturias","description":"M\u00fanich, 12 jul (dpa) - Nuevos estudios realizados en Alemania a pacientes que se recuperaron de covid-19 desvanecen la esperanza de una inmunidad duradera y, por lo tanto, tambi\u00e9n de la eficacia a largo plazo de una posible vacuna, declar\u00f3 Clemens Wendtner, m\u00e9dico jefe del \u00e1rea de infectolog\u00eda de la Cl\u00ednica Schwabing de M\u00fanich. Wendtner","inLanguage":"es-ES","isPartOf":{"@id":"https:\/\/eldigitaldeasturias.com\/radio\/#website"},"breadcrumb":{"@id":"https:\/\/eldigitaldeasturias.com\/radio\/munich-estudios-a-enfermos-de-covid-19-descartan-inmunidad-duradera\/#breadcrumblist"},"author":{"@id":"https:\/\/eldigitaldeasturias.com\/radio\/author\/nbasturias\/#author"},"creator":{"@id":"https:\/\/eldigitaldeasturias.com\/radio\/author\/nbasturias\/#author"},"image":{"@type":"ImageObject","url":"https:\/\/eldigitaldeasturias.com\/radio\/wp-content\/uploads\/2020\/07\/estudios-covid-19.jpg","@id":"https:\/\/eldigitaldeasturias.com\/radio\/munich-estudios-a-enfermos-de-covid-19-descartan-inmunidad-duradera\/#mainImage","width":1013,"height":666,"caption":"Foto: Marijan Murat\/dpa"},"primaryImageOfPage":{"@id":"https:\/\/eldigitaldeasturias.com\/radio\/munich-estudios-a-enfermos-de-covid-19-descartan-inmunidad-duradera\/#mainImage"},"datePublished":"2020-07-14T07:54:58+02:00","dateModified":"2020-07-14T07:54:58+02:00"},{"@type":"WebSite","@id":"https:\/\/eldigitaldeasturias.com\/radio\/#website","url":"https:\/\/eldigitaldeasturias.com\/radio\/","name":"El Digital de Asturias","description":"Diario de informaci\u00f3n y noticias","inLanguage":"es-ES","publisher":{"@id":"https:\/\/eldigitaldeasturias.com\/radio\/#organization"}}]},"og:locale":"es_ES","og:site_name":"El Digital de Asturias | Diario de informaci\u00f3n y noticias","og:type":"article","og:title":"M\u00fanich: Estudios a enfermos de covid-19 descartan inmunidad duradera | El Digital de Asturias","og:description":"M\u00fanich, 12 jul (dpa) - Nuevos estudios realizados en Alemania a pacientes que se recuperaron de covid-19 desvanecen la esperanza de una inmunidad duradera y, por lo tanto, tambi\u00e9n de la eficacia a largo plazo de una posible vacuna, declar\u00f3 Clemens Wendtner, m\u00e9dico jefe del \u00e1rea de infectolog\u00eda de la Cl\u00ednica Schwabing de M\u00fanich. Wendtner","og:url":"https:\/\/eldigitaldeasturias.com\/radio\/munich-estudios-a-enfermos-de-covid-19-descartan-inmunidad-duradera\/","og:image":"https:\/\/eldigitaldeasturias.com\/radio\/wp-content\/uploads\/2020\/07\/estudios-covid-19.jpg","og:image:secure_url":"https:\/\/eldigitaldeasturias.com\/radio\/wp-content\/uploads\/2020\/07\/estudios-covid-19.jpg","og:image:width":1013,"og:image:height":666,"article:published_time":"2020-07-14T07:54:58+00:00","article:modified_time":"2020-07-14T07:54:58+00:00","twitter:card":"summary_large_image","twitter:site":"@bercodi","twitter:title":"M\u00fanich: Estudios a enfermos de covid-19 descartan inmunidad duradera | El Digital de Asturias","twitter:description":"M\u00fanich, 12 jul (dpa) - Nuevos estudios realizados en Alemania a pacientes que se recuperaron de covid-19 desvanecen la esperanza de una inmunidad duradera y, por lo tanto, tambi\u00e9n de la eficacia a largo plazo de una posible vacuna, declar\u00f3 Clemens Wendtner, m\u00e9dico jefe del \u00e1rea de infectolog\u00eda de la Cl\u00ednica Schwabing de M\u00fanich. Wendtner","twitter:creator":"@bercodi","twitter:image":"https:\/\/eldigitaldeasturias.com\/radio\/wp-content\/uploads\/2020\/07\/estudios-covid-19.jpg"},"aioseo_meta_data":{"post_id":"4697","title":null,"description":"","keywords":"","keyphrases":null,"primary_term":null,"canonical_url":"","og_title":null,"og_description":null,"og_object_type":"default","og_image_type":"default","og_image_url":null,"og_image_width":null,"og_image_height":null,"og_image_custom_url":null,"og_image_custom_fields":null,"og_video":null,"og_custom_url":null,"og_article_section":null,"og_article_tags":null,"twitter_use_og":false,"twitter_card":"default","twitter_image_type":"default","twitter_image_url":null,"twitter_image_custom_url":null,"twitter_image_custom_fields":null,"twitter_title":null,"twitter_description":null,"schema":{"blockGraphs":[],"customGraphs":[],"default":{"data":{"Article":[],"Course":[],"Dataset":[],"FAQPage":[],"Movie":[],"Person":[],"Product":[],"ProductReview":[],"Car":[],"Recipe":[],"Service":[],"SoftwareApplication":[],"WebPage":[]},"graphName":"","isEnabled":true},"graphs":[],"defaultGraph":"","defaultPostTypeGraph":""},"schema_type":null,"schema_type_options":null,"pillar_content":false,"robots_default":true,"robots_noindex":false,"robots_noarchive":false,"robots_nosnippet":false,"robots_nofollow":false,"robots_noimageindex":false,"robots_noodp":false,"robots_notranslate":false,"robots_max_snippet":null,"robots_max_videopreview":null,"robots_max_imagepreview":"large","priority":null,"frequency":null,"location":null,"local_seo":null,"seo_analyzer_scan_date":"2025-08-28 16:31:28","breadcrumb_settings":null,"limit_modified_date":false,"open_ai":null,"ai":null,"created":"2021-03-25 10:20:09","updated":"2025-08-28 16:31:28"},"aioseo_breadcrumb":"<div class=\"aioseo-breadcrumbs\"><span class=\"aioseo-breadcrumb\">\n\t<a href=\"https:\/\/eldigitaldeasturias.com\/radio\" title=\"Inicio\">Inicio<\/a>\n<\/span><span class=\"aioseo-breadcrumb-separator\">&ndash;<\/span><span class=\"aioseo-breadcrumb\">\n\t<a href=\"https:\/\/eldigitaldeasturias.com\/radio\/category\/noticias\/\" title=\"Noticias\">Noticias<\/a>\n<\/span><span class=\"aioseo-breadcrumb-separator\">&ndash;<\/span><span class=\"aioseo-breadcrumb\">\n\tM\u00fanich: Estudios a enfermos de covid-19 descartan inmunidad duradera\n<\/span><\/div>","aioseo_breadcrumb_json":[{"label":"Inicio","link":"https:\/\/eldigitaldeasturias.com\/radio"},{"label":"Noticias","link":"https:\/\/eldigitaldeasturias.com\/radio\/category\/noticias\/"},{"label":"M\u00fanich: Estudios a enfermos de covid-19 descartan inmunidad duradera","link":"https:\/\/eldigitaldeasturias.com\/radio\/munich-estudios-a-enfermos-de-covid-19-descartan-inmunidad-duradera\/"}],"_links":{"self":[{"href":"https:\/\/eldigitaldeasturias.com\/radio\/wp-json\/wp\/v2\/posts\/4697","targetHints":{"allow":["GET"]}}],"collection":[{"href":"https:\/\/eldigitaldeasturias.com\/radio\/wp-json\/wp\/v2\/posts"}],"about":[{"href":"https:\/\/eldigitaldeasturias.com\/radio\/wp-json\/wp\/v2\/types\/post"}],"author":[{"embeddable":true,"href":"https:\/\/eldigitaldeasturias.com\/radio\/wp-json\/wp\/v2\/users\/1"}],"replies":[{"embeddable":true,"href":"https:\/\/eldigitaldeasturias.com\/radio\/wp-json\/wp\/v2\/comments?post=4697"}],"version-history":[{"count":0,"href":"https:\/\/eldigitaldeasturias.com\/radio\/wp-json\/wp\/v2\/posts\/4697\/revisions"}],"wp:featuredmedia":[{"embeddable":true,"href":"https:\/\/eldigitaldeasturias.com\/radio\/wp-json\/wp\/v2\/media\/4698"}],"wp:attachment":[{"href":"https:\/\/eldigitaldeasturias.com\/radio\/wp-json\/wp\/v2\/media?parent=4697"}],"wp:term":[{"taxonomy":"category","embeddable":true,"href":"https:\/\/eldigitaldeasturias.com\/radio\/wp-json\/wp\/v2\/categories?post=4697"},{"taxonomy":"post_tag","embeddable":true,"href":"https:\/\/eldigitaldeasturias.com\/radio\/wp-json\/wp\/v2\/tags?post=4697"}],"curies":[{"name":"wp","href":"https:\/\/api.w.org\/{rel}","templated":true}]}}