{"id":4681,"date":"2020-07-12T15:05:51","date_gmt":"2020-07-12T15:05:51","guid":{"rendered":"http:\/\/www.eldigitaldeasturias.com\/radio\/?p=4681"},"modified":"2020-07-12T15:05:51","modified_gmt":"2020-07-12T15:05:51","slug":"asturias-llama-a-la-responsabilidad-ciudadana-para-disfrutar-de-las-playas-con-seguridad","status":"publish","type":"post","link":"https:\/\/eldigitaldeasturias.com\/radio\/asturias-llama-a-la-responsabilidad-ciudadana-para-disfrutar-de-las-playas-con-seguridad\/","title":{"rendered":"Asturias llama a la responsabilidad ciudadana para disfrutar de las playas con seguridad"},"content":{"rendered":"<p><img fetchpriority=\"high\" decoding=\"async\" class=\"alignleft size-medium wp-image-4682\" src=\"http:\/\/www.eldigitaldeasturias.com\/radio\/wp-content\/uploads\/2020\/07\/1705120720-Asturias-360x241.jpg\" alt=\"\" width=\"360\" height=\"241\" srcset=\"https:\/\/eldigitaldeasturias.com\/radio\/wp-content\/uploads\/2020\/07\/1705120720-Asturias-360x241.jpg 360w, https:\/\/eldigitaldeasturias.com\/radio\/wp-content\/uploads\/2020\/07\/1705120720-Asturias-1024x686.jpg 1024w, https:\/\/eldigitaldeasturias.com\/radio\/wp-content\/uploads\/2020\/07\/1705120720-Asturias-768x514.jpg 768w, https:\/\/eldigitaldeasturias.com\/radio\/wp-content\/uploads\/2020\/07\/1705120720-Asturias.jpg 1038w\" sizes=\"(max-width: 360px) 100vw, 360px\" \/>La viceconsejera de Turismo, Graciela Blanco, ha presentado en Luanco la campa\u00f1a de comunicaci\u00f3n y sensibilizaci\u00f3n Este a\u00f1o necesitas playa, que impulsa la Consejer\u00eda de Cultura, Pol\u00edtica Lling\u00fc\u00edstica y Turismo para fomentar el uso responsable de los arenales asturianos durante el verano<\/p>\n<p>Esta campa\u00f1a, realizada en colaboraci\u00f3n con la Federaci\u00f3n Asturiana de Concejos (FACC), forma parte de un conjunto de acciones dirigido a informar sobre las medidas implantadas en las playas para convertirlas en lugares de disfrute seguros frente a la amenaza de la COVID-19, y a concienciar a los usuarios de la responsabilidad individual para hacer posible este objetivo.<\/p>\n<p>Blanco ha citado a la secretaria de Estado de Turismo, Isabel Oliver, que ayer destac\u00f3 el<strong> \u201cimportante atractivo que supone el control de la pandemia demostrado en Asturias\u201d<\/strong> y ha a\u00f1adido que se trata de \u201cun logro colectivo en el que la responsabilidad individual ha sido fundamental\u201d. La viceconsejera ha apelado a \u201cseguir en guardia como una de las mejores medidas para mantener las garant\u00edas sanitarias\u201d, uno de los objetivos de la campa\u00f1a.<\/p>\n<p>La l\u00ednea gr\u00e1fica y de comunicaci\u00f3n de esta iniciativa, que cuenta para su desarrollo en medios de comunicaci\u00f3n auton\u00f3micos con un presupuesto de 115.000 euros, est\u00e1 vinculada con la campa\u00f1a institucional Asturias, lo est\u00e1s haciendo bien, lanzada en mayo con el objetivo de informar y sensibilizar a la ciudadan\u00eda para afrontar con \u00e9xito el proceso de desescalada tras el confinamiento por la pandemia.<\/p>\n<p>La campa\u00f1a Este a\u00f1o necesitas playa se suma a las acciones incluidas dentro del Programa de Garant\u00eda y Reactivaci\u00f3n Tur\u00edstica de Asturias puesto en marcha en mayo dentro del grupo de trabajo formado por el Gobierno de Asturias, la FACC y los responsables empresariales del sector tur\u00edstico.<\/p>\n<p>Este programa, que moviliza m\u00e1s de 8 millones, incorpora medidas como la formaci\u00f3n destinada a profesionales del sector tur\u00edstico; la reorientaci\u00f3n de la estrategia de comunicaci\u00f3n focaliz\u00e1ndola hacia la seguridad y el bienestar; el apoyo a la creaci\u00f3n de productos que complementen la oferta de alojamiento, y la puesta en marcha de una l\u00ednea de financiaci\u00f3n espec\u00edfica destinada a aut\u00f3nomos y sociedades que cuenten con un m\u00e1ximo de 20 empleados.<\/p>\n<p>En la presentaci\u00f3n celebrada tambi\u00e9n han participado la presidenta de la FACC, Cecilia P\u00e9rez, y el alcalde de Goz\u00f3n, Jorge Su\u00e1rez.<\/p>\n<p>&nbsp;<\/p>\n","protected":false},"excerpt":{"rendered":"<p>La viceconsejera de Turismo, Graciela Blanco, ha presentado en Luanco la campa\u00f1a de comunicaci\u00f3n y sensibilizaci\u00f3n Este a\u00f1o necesitas playa, que impulsa la Consejer\u00eda de Cultura, Pol\u00edtica Lling\u00fc\u00edstica y Turismo para fomentar el uso responsable de los arenales asturianos durante el verano Esta campa\u00f1a, realizada en colaboraci\u00f3n con la Federaci\u00f3n Asturiana de Concejos (FACC), forma<\/p>\n","protected":false},"author":1,"featured_media":4682,"comment_status":"closed","ping_status":"closed","sticky":false,"template":"","format":"standard","meta":{"footnotes":""},"categories":[1],"tags":[],"class_list":{"0":"post-4681","1":"post","2":"type-post","3":"status-publish","4":"format-standard","5":"has-post-thumbnail","7":"category-noticias"},"aioseo_notices":[],"aioseo_head":"\n\t\t<!-- All in One SEO Pro 4.9.6.2 - aioseo.com -->\n\t<meta name=\"description\" content=\"La viceconsejera de Turismo, Graciela Blanco, ha presentado en Luanco la campa\u00f1a de comunicaci\u00f3n y sensibilizaci\u00f3n Este a\u00f1o necesitas playa, que impulsa la Consejer\u00eda de Cultura, Pol\u00edtica Lling\u00fc\u00edstica y Turismo para fomentar el uso responsable de los arenales asturianos durante el verano Esta campa\u00f1a, realizada en colaboraci\u00f3n con la Federaci\u00f3n Asturiana de Concejos (FACC), forma\" \/>\n\t<meta name=\"robots\" content=\"max-image-preview:large\" \/>\n\t<meta name=\"author\" content=\"NBAsturias\"\/>\n\t<meta name=\"google-site-verification\" content=\"UA-38556648-1\" \/>\n\t<meta name=\"keywords\" content=\"noticias\" \/>\n\t<link rel=\"canonical\" href=\"https:\/\/eldigitaldeasturias.com\/radio\/asturias-llama-a-la-responsabilidad-ciudadana-para-disfrutar-de-las-playas-con-seguridad\/\" \/>\n\t<meta name=\"generator\" content=\"All in One SEO Pro (AIOSEO) 4.9.6.2\" \/>\n\t\t<meta property=\"og:locale\" content=\"es_ES\" \/>\n\t\t<meta property=\"og:site_name\" content=\"El Digital de Asturias | Diario de informaci\u00f3n y noticias\" \/>\n\t\t<meta property=\"og:type\" content=\"article\" \/>\n\t\t<meta property=\"og:title\" content=\"Asturias llama a la responsabilidad ciudadana para disfrutar de las playas con seguridad | El Digital de Asturias\" \/>\n\t\t<meta property=\"og:description\" content=\"La viceconsejera de Turismo, Graciela Blanco, ha presentado en Luanco la campa\u00f1a de comunicaci\u00f3n y sensibilizaci\u00f3n Este a\u00f1o necesitas playa, que impulsa la Consejer\u00eda de Cultura, Pol\u00edtica Lling\u00fc\u00edstica y Turismo para fomentar el uso responsable de los arenales asturianos durante el verano Esta campa\u00f1a, realizada en colaboraci\u00f3n con la Federaci\u00f3n Asturiana de Concejos (FACC), forma\" \/>\n\t\t<meta property=\"og:url\" content=\"https:\/\/eldigitaldeasturias.com\/radio\/asturias-llama-a-la-responsabilidad-ciudadana-para-disfrutar-de-las-playas-con-seguridad\/\" \/>\n\t\t<meta property=\"og:image\" content=\"https:\/\/eldigitaldeasturias.com\/radio\/wp-content\/uploads\/2020\/07\/1705120720-Asturias.jpg\" \/>\n\t\t<meta property=\"og:image:secure_url\" content=\"https:\/\/eldigitaldeasturias.com\/radio\/wp-content\/uploads\/2020\/07\/1705120720-Asturias.jpg\" \/>\n\t\t<meta property=\"og:image:width\" content=\"1038\" \/>\n\t\t<meta property=\"og:image:height\" content=\"695\" \/>\n\t\t<meta property=\"article:published_time\" content=\"2020-07-12T15:05:51+00:00\" \/>\n\t\t<meta property=\"article:modified_time\" content=\"2020-07-12T15:05:51+00:00\" \/>\n\t\t<meta name=\"twitter:card\" content=\"summary_large_image\" \/>\n\t\t<meta name=\"twitter:site\" content=\"@bercodi\" \/>\n\t\t<meta name=\"twitter:title\" content=\"Asturias llama a la responsabilidad ciudadana para disfrutar de las playas con seguridad | El Digital de Asturias\" \/>\n\t\t<meta name=\"twitter:description\" content=\"La viceconsejera de Turismo, Graciela Blanco, ha presentado en Luanco la campa\u00f1a de comunicaci\u00f3n y sensibilizaci\u00f3n Este a\u00f1o necesitas playa, que impulsa la Consejer\u00eda de Cultura, Pol\u00edtica Lling\u00fc\u00edstica y Turismo para fomentar el uso responsable de los arenales asturianos durante el verano Esta campa\u00f1a, realizada en colaboraci\u00f3n con la Federaci\u00f3n Asturiana de Concejos (FACC), forma\" \/>\n\t\t<meta name=\"twitter:creator\" content=\"@bercodi\" \/>\n\t\t<meta name=\"twitter:image\" content=\"https:\/\/eldigitaldeasturias.com\/radio\/wp-content\/uploads\/2020\/07\/1705120720-Asturias.jpg\" \/>\n\t\t<script type=\"application\/ld+json\" class=\"aioseo-schema\">\n\t\t\t{\"@context\":\"https:\\\/\\\/schema.org\",\"@graph\":[{\"@type\":\"BreadcrumbList\",\"@id\":\"https:\\\/\\\/eldigitaldeasturias.com\\\/radio\\\/asturias-llama-a-la-responsabilidad-ciudadana-para-disfrutar-de-las-playas-con-seguridad\\\/#breadcrumblist\",\"itemListElement\":[{\"@type\":\"ListItem\",\"@id\":\"https:\\\/\\\/eldigitaldeasturias.com\\\/radio#listItem\",\"position\":1,\"name\":\"Inicio\",\"item\":\"https:\\\/\\\/eldigitaldeasturias.com\\\/radio\",\"nextItem\":{\"@type\":\"ListItem\",\"@id\":\"https:\\\/\\\/eldigitaldeasturias.com\\\/radio\\\/category\\\/noticias\\\/#listItem\",\"name\":\"Noticias\"}},{\"@type\":\"ListItem\",\"@id\":\"https:\\\/\\\/eldigitaldeasturias.com\\\/radio\\\/category\\\/noticias\\\/#listItem\",\"position\":2,\"name\":\"Noticias\",\"item\":\"https:\\\/\\\/eldigitaldeasturias.com\\\/radio\\\/category\\\/noticias\\\/\",\"nextItem\":{\"@type\":\"ListItem\",\"@id\":\"https:\\\/\\\/eldigitaldeasturias.com\\\/radio\\\/asturias-llama-a-la-responsabilidad-ciudadana-para-disfrutar-de-las-playas-con-seguridad\\\/#listItem\",\"name\":\"Asturias llama a la responsabilidad ciudadana para disfrutar de las playas con seguridad\"},\"previousItem\":{\"@type\":\"ListItem\",\"@id\":\"https:\\\/\\\/eldigitaldeasturias.com\\\/radio#listItem\",\"name\":\"Inicio\"}},{\"@type\":\"ListItem\",\"@id\":\"https:\\\/\\\/eldigitaldeasturias.com\\\/radio\\\/asturias-llama-a-la-responsabilidad-ciudadana-para-disfrutar-de-las-playas-con-seguridad\\\/#listItem\",\"position\":3,\"name\":\"Asturias llama a la responsabilidad ciudadana para disfrutar de las playas con seguridad\",\"previousItem\":{\"@type\":\"ListItem\",\"@id\":\"https:\\\/\\\/eldigitaldeasturias.com\\\/radio\\\/category\\\/noticias\\\/#listItem\",\"name\":\"Noticias\"}}]},{\"@type\":\"NewsArticle\",\"@id\":\"https:\\\/\\\/eldigitaldeasturias.com\\\/radio\\\/asturias-llama-a-la-responsabilidad-ciudadana-para-disfrutar-de-las-playas-con-seguridad\\\/#newsarticle\",\"name\":\"Asturias llama a la responsabilidad ciudadana para disfrutar de las playas con seguridad | El Digital de Asturias\",\"headline\":\"Asturias llama a la responsabilidad ciudadana para disfrutar de las playas con seguridad\",\"author\":{\"@id\":\"https:\\\/\\\/eldigitaldeasturias.com\\\/radio\\\/author\\\/nbasturias\\\/#author\"},\"publisher\":{\"@id\":\"https:\\\/\\\/eldigitaldeasturias.com\\\/radio\\\/#organization\"},\"image\":{\"@type\":\"ImageObject\",\"url\":\"https:\\\/\\\/eldigitaldeasturias.com\\\/radio\\\/wp-content\\\/uploads\\\/2020\\\/07\\\/1705120720-Asturias.jpg\",\"width\":1038,\"height\":695},\"datePublished\":\"2020-07-12T15:05:51+02:00\",\"dateModified\":\"2020-07-12T15:05:51+02:00\",\"inLanguage\":\"es-ES\",\"mainEntityOfPage\":{\"@id\":\"https:\\\/\\\/eldigitaldeasturias.com\\\/radio\\\/asturias-llama-a-la-responsabilidad-ciudadana-para-disfrutar-de-las-playas-con-seguridad\\\/#webpage\"},\"isPartOf\":{\"@id\":\"https:\\\/\\\/eldigitaldeasturias.com\\\/radio\\\/asturias-llama-a-la-responsabilidad-ciudadana-para-disfrutar-de-las-playas-con-seguridad\\\/#webpage\"},\"articleSection\":\"Noticias\",\"dateline\":\"Publicado el julio 12, 2020.\"},{\"@type\":\"Organization\",\"@id\":\"https:\\\/\\\/eldigitaldeasturias.com\\\/radio\\\/#organization\",\"name\":\"El digital de Asturias Radio\",\"description\":\"Diario de informaci\\u00f3n y noticias\",\"url\":\"https:\\\/\\\/eldigitaldeasturias.com\\\/radio\\\/\",\"telephone\":\"+34652131393\",\"logo\":{\"@type\":\"ImageObject\",\"url\":\"https:\\\/\\\/www.eldigitaldeasturias.com\\\/radio\\\/wp-content\\\/uploads\\\/2021\\\/03\\\/EDA.jpg\",\"@id\":\"https:\\\/\\\/eldigitaldeasturias.com\\\/radio\\\/asturias-llama-a-la-responsabilidad-ciudadana-para-disfrutar-de-las-playas-con-seguridad\\\/#organizationLogo\"},\"image\":{\"@id\":\"https:\\\/\\\/eldigitaldeasturias.com\\\/radio\\\/asturias-llama-a-la-responsabilidad-ciudadana-para-disfrutar-de-las-playas-con-seguridad\\\/#organizationLogo\"},\"sameAs\":[\"https:\\\/\\\/www.facebook.com\\\/\",\"https:\\\/\\\/x.com\\\/bercodi\",\"https:\\\/\\\/www.instagram.com\\\/\",\"https:\\\/\\\/www.youtube.com\\\/channel\\\/UCZP-2wLEB9Rv6erhFmqVnvg\"]},{\"@type\":\"Person\",\"@id\":\"https:\\\/\\\/eldigitaldeasturias.com\\\/radio\\\/author\\\/nbasturias\\\/#author\",\"url\":\"https:\\\/\\\/eldigitaldeasturias.com\\\/radio\\\/author\\\/nbasturias\\\/\",\"name\":\"NBAsturias\",\"image\":{\"@type\":\"ImageObject\",\"@id\":\"https:\\\/\\\/eldigitaldeasturias.com\\\/radio\\\/asturias-llama-a-la-responsabilidad-ciudadana-para-disfrutar-de-las-playas-con-seguridad\\\/#authorImage\",\"url\":\"https:\\\/\\\/secure.gravatar.com\\\/avatar\\\/df2aeffc32bcd13f8d26072ef8a91b623d677766deac7f97ca815868cd41bf5e?s=96&d=mm&r=g\",\"width\":96,\"height\":96,\"caption\":\"NBAsturias\"}},{\"@type\":\"WebPage\",\"@id\":\"https:\\\/\\\/eldigitaldeasturias.com\\\/radio\\\/asturias-llama-a-la-responsabilidad-ciudadana-para-disfrutar-de-las-playas-con-seguridad\\\/#webpage\",\"url\":\"https:\\\/\\\/eldigitaldeasturias.com\\\/radio\\\/asturias-llama-a-la-responsabilidad-ciudadana-para-disfrutar-de-las-playas-con-seguridad\\\/\",\"name\":\"Asturias llama a la responsabilidad ciudadana para disfrutar de las playas con seguridad | El Digital de Asturias\",\"description\":\"La viceconsejera de Turismo, Graciela Blanco, ha presentado en Luanco la campa\\u00f1a de comunicaci\\u00f3n y sensibilizaci\\u00f3n Este a\\u00f1o necesitas playa, que impulsa la Consejer\\u00eda de Cultura, Pol\\u00edtica Lling\\u00fc\\u00edstica y Turismo para fomentar el uso responsable de los arenales asturianos durante el verano Esta campa\\u00f1a, realizada en colaboraci\\u00f3n con la Federaci\\u00f3n Asturiana de Concejos (FACC), forma\",\"inLanguage\":\"es-ES\",\"isPartOf\":{\"@id\":\"https:\\\/\\\/eldigitaldeasturias.com\\\/radio\\\/#website\"},\"breadcrumb\":{\"@id\":\"https:\\\/\\\/eldigitaldeasturias.com\\\/radio\\\/asturias-llama-a-la-responsabilidad-ciudadana-para-disfrutar-de-las-playas-con-seguridad\\\/#breadcrumblist\"},\"author\":{\"@id\":\"https:\\\/\\\/eldigitaldeasturias.com\\\/radio\\\/author\\\/nbasturias\\\/#author\"},\"creator\":{\"@id\":\"https:\\\/\\\/eldigitaldeasturias.com\\\/radio\\\/author\\\/nbasturias\\\/#author\"},\"image\":{\"@type\":\"ImageObject\",\"url\":\"https:\\\/\\\/eldigitaldeasturias.com\\\/radio\\\/wp-content\\\/uploads\\\/2020\\\/07\\\/1705120720-Asturias.jpg\",\"@id\":\"https:\\\/\\\/eldigitaldeasturias.com\\\/radio\\\/asturias-llama-a-la-responsabilidad-ciudadana-para-disfrutar-de-las-playas-con-seguridad\\\/#mainImage\",\"width\":1038,\"height\":695},\"primaryImageOfPage\":{\"@id\":\"https:\\\/\\\/eldigitaldeasturias.com\\\/radio\\\/asturias-llama-a-la-responsabilidad-ciudadana-para-disfrutar-de-las-playas-con-seguridad\\\/#mainImage\"},\"datePublished\":\"2020-07-12T15:05:51+02:00\",\"dateModified\":\"2020-07-12T15:05:51+02:00\"},{\"@type\":\"WebSite\",\"@id\":\"https:\\\/\\\/eldigitaldeasturias.com\\\/radio\\\/#website\",\"url\":\"https:\\\/\\\/eldigitaldeasturias.com\\\/radio\\\/\",\"name\":\"El Digital de Asturias\",\"description\":\"Diario de informaci\\u00f3n y noticias\",\"inLanguage\":\"es-ES\",\"publisher\":{\"@id\":\"https:\\\/\\\/eldigitaldeasturias.com\\\/radio\\\/#organization\"}}]}\n\t\t<\/script>\n\t\t<!-- All in One SEO Pro -->\r\n\t\t<title>Asturias llama a la responsabilidad ciudadana para disfrutar de las playas con seguridad | El Digital de Asturias<\/title>\n\n","aioseo_head_json":{"title":"Asturias llama a la responsabilidad ciudadana para disfrutar de las playas con seguridad | El Digital de Asturias","description":"La viceconsejera de Turismo, Graciela Blanco, ha presentado en Luanco la campa\u00f1a de comunicaci\u00f3n y sensibilizaci\u00f3n Este a\u00f1o necesitas playa, que impulsa la Consejer\u00eda de Cultura, Pol\u00edtica Lling\u00fc\u00edstica y Turismo para fomentar el uso responsable de los arenales asturianos durante el verano Esta campa\u00f1a, realizada en colaboraci\u00f3n con la Federaci\u00f3n Asturiana de Concejos (FACC), forma","canonical_url":"https:\/\/eldigitaldeasturias.com\/radio\/asturias-llama-a-la-responsabilidad-ciudadana-para-disfrutar-de-las-playas-con-seguridad\/","robots":"max-image-preview:large","keywords":"noticias","webmasterTools":{"google-site-verification":"UA-38556648-1","miscellaneous":""},"schema":{"@context":"https:\/\/schema.org","@graph":[{"@type":"BreadcrumbList","@id":"https:\/\/eldigitaldeasturias.com\/radio\/asturias-llama-a-la-responsabilidad-ciudadana-para-disfrutar-de-las-playas-con-seguridad\/#breadcrumblist","itemListElement":[{"@type":"ListItem","@id":"https:\/\/eldigitaldeasturias.com\/radio#listItem","position":1,"name":"Inicio","item":"https:\/\/eldigitaldeasturias.com\/radio","nextItem":{"@type":"ListItem","@id":"https:\/\/eldigitaldeasturias.com\/radio\/category\/noticias\/#listItem","name":"Noticias"}},{"@type":"ListItem","@id":"https:\/\/eldigitaldeasturias.com\/radio\/category\/noticias\/#listItem","position":2,"name":"Noticias","item":"https:\/\/eldigitaldeasturias.com\/radio\/category\/noticias\/","nextItem":{"@type":"ListItem","@id":"https:\/\/eldigitaldeasturias.com\/radio\/asturias-llama-a-la-responsabilidad-ciudadana-para-disfrutar-de-las-playas-con-seguridad\/#listItem","name":"Asturias llama a la responsabilidad ciudadana para disfrutar de las playas con seguridad"},"previousItem":{"@type":"ListItem","@id":"https:\/\/eldigitaldeasturias.com\/radio#listItem","name":"Inicio"}},{"@type":"ListItem","@id":"https:\/\/eldigitaldeasturias.com\/radio\/asturias-llama-a-la-responsabilidad-ciudadana-para-disfrutar-de-las-playas-con-seguridad\/#listItem","position":3,"name":"Asturias llama a la responsabilidad ciudadana para disfrutar de las playas con seguridad","previousItem":{"@type":"ListItem","@id":"https:\/\/eldigitaldeasturias.com\/radio\/category\/noticias\/#listItem","name":"Noticias"}}]},{"@type":"NewsArticle","@id":"https:\/\/eldigitaldeasturias.com\/radio\/asturias-llama-a-la-responsabilidad-ciudadana-para-disfrutar-de-las-playas-con-seguridad\/#newsarticle","name":"Asturias llama a la responsabilidad ciudadana para disfrutar de las playas con seguridad | El Digital de Asturias","headline":"Asturias llama a la responsabilidad ciudadana para disfrutar de las playas con seguridad","author":{"@id":"https:\/\/eldigitaldeasturias.com\/radio\/author\/nbasturias\/#author"},"publisher":{"@id":"https:\/\/eldigitaldeasturias.com\/radio\/#organization"},"image":{"@type":"ImageObject","url":"https:\/\/eldigitaldeasturias.com\/radio\/wp-content\/uploads\/2020\/07\/1705120720-Asturias.jpg","width":1038,"height":695},"datePublished":"2020-07-12T15:05:51+02:00","dateModified":"2020-07-12T15:05:51+02:00","inLanguage":"es-ES","mainEntityOfPage":{"@id":"https:\/\/eldigitaldeasturias.com\/radio\/asturias-llama-a-la-responsabilidad-ciudadana-para-disfrutar-de-las-playas-con-seguridad\/#webpage"},"isPartOf":{"@id":"https:\/\/eldigitaldeasturias.com\/radio\/asturias-llama-a-la-responsabilidad-ciudadana-para-disfrutar-de-las-playas-con-seguridad\/#webpage"},"articleSection":"Noticias","dateline":"Publicado el julio 12, 2020."},{"@type":"Organization","@id":"https:\/\/eldigitaldeasturias.com\/radio\/#organization","name":"El digital de Asturias Radio","description":"Diario de informaci\u00f3n y noticias","url":"https:\/\/eldigitaldeasturias.com\/radio\/","telephone":"+34652131393","logo":{"@type":"ImageObject","url":"https:\/\/www.eldigitaldeasturias.com\/radio\/wp-content\/uploads\/2021\/03\/EDA.jpg","@id":"https:\/\/eldigitaldeasturias.com\/radio\/asturias-llama-a-la-responsabilidad-ciudadana-para-disfrutar-de-las-playas-con-seguridad\/#organizationLogo"},"image":{"@id":"https:\/\/eldigitaldeasturias.com\/radio\/asturias-llama-a-la-responsabilidad-ciudadana-para-disfrutar-de-las-playas-con-seguridad\/#organizationLogo"},"sameAs":["https:\/\/www.facebook.com\/","https:\/\/x.com\/bercodi","https:\/\/www.instagram.com\/","https:\/\/www.youtube.com\/channel\/UCZP-2wLEB9Rv6erhFmqVnvg"]},{"@type":"Person","@id":"https:\/\/eldigitaldeasturias.com\/radio\/author\/nbasturias\/#author","url":"https:\/\/eldigitaldeasturias.com\/radio\/author\/nbasturias\/","name":"NBAsturias","image":{"@type":"ImageObject","@id":"https:\/\/eldigitaldeasturias.com\/radio\/asturias-llama-a-la-responsabilidad-ciudadana-para-disfrutar-de-las-playas-con-seguridad\/#authorImage","url":"https:\/\/secure.gravatar.com\/avatar\/df2aeffc32bcd13f8d26072ef8a91b623d677766deac7f97ca815868cd41bf5e?s=96&d=mm&r=g","width":96,"height":96,"caption":"NBAsturias"}},{"@type":"WebPage","@id":"https:\/\/eldigitaldeasturias.com\/radio\/asturias-llama-a-la-responsabilidad-ciudadana-para-disfrutar-de-las-playas-con-seguridad\/#webpage","url":"https:\/\/eldigitaldeasturias.com\/radio\/asturias-llama-a-la-responsabilidad-ciudadana-para-disfrutar-de-las-playas-con-seguridad\/","name":"Asturias llama a la responsabilidad ciudadana para disfrutar de las playas con seguridad | El Digital de Asturias","description":"La viceconsejera de Turismo, Graciela Blanco, ha presentado en Luanco la campa\u00f1a de comunicaci\u00f3n y sensibilizaci\u00f3n Este a\u00f1o necesitas playa, que impulsa la Consejer\u00eda de Cultura, Pol\u00edtica Lling\u00fc\u00edstica y Turismo para fomentar el uso responsable de los arenales asturianos durante el verano Esta campa\u00f1a, realizada en colaboraci\u00f3n con la Federaci\u00f3n Asturiana de Concejos (FACC), forma","inLanguage":"es-ES","isPartOf":{"@id":"https:\/\/eldigitaldeasturias.com\/radio\/#website"},"breadcrumb":{"@id":"https:\/\/eldigitaldeasturias.com\/radio\/asturias-llama-a-la-responsabilidad-ciudadana-para-disfrutar-de-las-playas-con-seguridad\/#breadcrumblist"},"author":{"@id":"https:\/\/eldigitaldeasturias.com\/radio\/author\/nbasturias\/#author"},"creator":{"@id":"https:\/\/eldigitaldeasturias.com\/radio\/author\/nbasturias\/#author"},"image":{"@type":"ImageObject","url":"https:\/\/eldigitaldeasturias.com\/radio\/wp-content\/uploads\/2020\/07\/1705120720-Asturias.jpg","@id":"https:\/\/eldigitaldeasturias.com\/radio\/asturias-llama-a-la-responsabilidad-ciudadana-para-disfrutar-de-las-playas-con-seguridad\/#mainImage","width":1038,"height":695},"primaryImageOfPage":{"@id":"https:\/\/eldigitaldeasturias.com\/radio\/asturias-llama-a-la-responsabilidad-ciudadana-para-disfrutar-de-las-playas-con-seguridad\/#mainImage"},"datePublished":"2020-07-12T15:05:51+02:00","dateModified":"2020-07-12T15:05:51+02:00"},{"@type":"WebSite","@id":"https:\/\/eldigitaldeasturias.com\/radio\/#website","url":"https:\/\/eldigitaldeasturias.com\/radio\/","name":"El Digital de Asturias","description":"Diario de informaci\u00f3n y noticias","inLanguage":"es-ES","publisher":{"@id":"https:\/\/eldigitaldeasturias.com\/radio\/#organization"}}]},"og:locale":"es_ES","og:site_name":"El Digital de Asturias | Diario de informaci\u00f3n y noticias","og:type":"article","og:title":"Asturias llama a la responsabilidad ciudadana para disfrutar de las playas con seguridad | El Digital de Asturias","og:description":"La viceconsejera de Turismo, Graciela Blanco, ha presentado en Luanco la campa\u00f1a de comunicaci\u00f3n y sensibilizaci\u00f3n Este a\u00f1o necesitas playa, que impulsa la Consejer\u00eda de Cultura, Pol\u00edtica Lling\u00fc\u00edstica y Turismo para fomentar el uso responsable de los arenales asturianos durante el verano Esta campa\u00f1a, realizada en colaboraci\u00f3n con la Federaci\u00f3n Asturiana de Concejos (FACC), forma","og:url":"https:\/\/eldigitaldeasturias.com\/radio\/asturias-llama-a-la-responsabilidad-ciudadana-para-disfrutar-de-las-playas-con-seguridad\/","og:image":"https:\/\/eldigitaldeasturias.com\/radio\/wp-content\/uploads\/2020\/07\/1705120720-Asturias.jpg","og:image:secure_url":"https:\/\/eldigitaldeasturias.com\/radio\/wp-content\/uploads\/2020\/07\/1705120720-Asturias.jpg","og:image:width":1038,"og:image:height":695,"article:published_time":"2020-07-12T15:05:51+00:00","article:modified_time":"2020-07-12T15:05:51+00:00","twitter:card":"summary_large_image","twitter:site":"@bercodi","twitter:title":"Asturias llama a la responsabilidad ciudadana para disfrutar de las playas con seguridad | El Digital de Asturias","twitter:description":"La viceconsejera de Turismo, Graciela Blanco, ha presentado en Luanco la campa\u00f1a de comunicaci\u00f3n y sensibilizaci\u00f3n Este a\u00f1o necesitas playa, que impulsa la Consejer\u00eda de Cultura, Pol\u00edtica Lling\u00fc\u00edstica y Turismo para fomentar el uso responsable de los arenales asturianos durante el verano Esta campa\u00f1a, realizada en colaboraci\u00f3n con la Federaci\u00f3n Asturiana de Concejos (FACC), forma","twitter:creator":"@bercodi","twitter:image":"https:\/\/eldigitaldeasturias.com\/radio\/wp-content\/uploads\/2020\/07\/1705120720-Asturias.jpg"},"aioseo_meta_data":{"post_id":"4681","title":null,"description":"","keywords":"","keyphrases":null,"primary_term":null,"canonical_url":"","og_title":null,"og_description":null,"og_object_type":"default","og_image_type":"default","og_image_url":null,"og_image_width":null,"og_image_height":null,"og_image_custom_url":null,"og_image_custom_fields":null,"og_video":null,"og_custom_url":null,"og_article_section":null,"og_article_tags":null,"twitter_use_og":false,"twitter_card":"default","twitter_image_type":"default","twitter_image_url":null,"twitter_image_custom_url":null,"twitter_image_custom_fields":null,"twitter_title":null,"twitter_description":null,"schema":{"blockGraphs":[],"customGraphs":[],"default":{"data":{"Article":[],"Course":[],"Dataset":[],"FAQPage":[],"Movie":[],"Person":[],"Product":[],"ProductReview":[],"Car":[],"Recipe":[],"Service":[],"SoftwareApplication":[],"WebPage":[]},"graphName":"","isEnabled":true},"graphs":[],"defaultGraph":"","defaultPostTypeGraph":""},"schema_type":null,"schema_type_options":null,"pillar_content":false,"robots_default":true,"robots_noindex":false,"robots_noarchive":false,"robots_nosnippet":false,"robots_nofollow":false,"robots_noimageindex":false,"robots_noodp":false,"robots_notranslate":false,"robots_max_snippet":null,"robots_max_videopreview":null,"robots_max_imagepreview":"large","priority":null,"frequency":null,"location":null,"local_seo":null,"seo_analyzer_scan_date":"2025-08-28 16:31:25","breadcrumb_settings":null,"limit_modified_date":false,"open_ai":null,"ai":null,"created":"2021-03-25 10:20:09","updated":"2025-08-28 16:31:25"},"aioseo_breadcrumb":"<div class=\"aioseo-breadcrumbs\"><span class=\"aioseo-breadcrumb\">\n\t<a href=\"https:\/\/eldigitaldeasturias.com\/radio\" title=\"Inicio\">Inicio<\/a>\n<\/span><span class=\"aioseo-breadcrumb-separator\">&ndash;<\/span><span class=\"aioseo-breadcrumb\">\n\t<a href=\"https:\/\/eldigitaldeasturias.com\/radio\/category\/noticias\/\" title=\"Noticias\">Noticias<\/a>\n<\/span><span class=\"aioseo-breadcrumb-separator\">&ndash;<\/span><span class=\"aioseo-breadcrumb\">\n\tAsturias llama a la responsabilidad ciudadana para disfrutar de las playas con seguridad\n<\/span><\/div>","aioseo_breadcrumb_json":[{"label":"Inicio","link":"https:\/\/eldigitaldeasturias.com\/radio"},{"label":"Noticias","link":"https:\/\/eldigitaldeasturias.com\/radio\/category\/noticias\/"},{"label":"Asturias llama a la responsabilidad ciudadana para disfrutar de las playas con seguridad","link":"https:\/\/eldigitaldeasturias.com\/radio\/asturias-llama-a-la-responsabilidad-ciudadana-para-disfrutar-de-las-playas-con-seguridad\/"}],"_links":{"self":[{"href":"https:\/\/eldigitaldeasturias.com\/radio\/wp-json\/wp\/v2\/posts\/4681","targetHints":{"allow":["GET"]}}],"collection":[{"href":"https:\/\/eldigitaldeasturias.com\/radio\/wp-json\/wp\/v2\/posts"}],"about":[{"href":"https:\/\/eldigitaldeasturias.com\/radio\/wp-json\/wp\/v2\/types\/post"}],"author":[{"embeddable":true,"href":"https:\/\/eldigitaldeasturias.com\/radio\/wp-json\/wp\/v2\/users\/1"}],"replies":[{"embeddable":true,"href":"https:\/\/eldigitaldeasturias.com\/radio\/wp-json\/wp\/v2\/comments?post=4681"}],"version-history":[{"count":0,"href":"https:\/\/eldigitaldeasturias.com\/radio\/wp-json\/wp\/v2\/posts\/4681\/revisions"}],"wp:featuredmedia":[{"embeddable":true,"href":"https:\/\/eldigitaldeasturias.com\/radio\/wp-json\/wp\/v2\/media\/4682"}],"wp:attachment":[{"href":"https:\/\/eldigitaldeasturias.com\/radio\/wp-json\/wp\/v2\/media?parent=4681"}],"wp:term":[{"taxonomy":"category","embeddable":true,"href":"https:\/\/eldigitaldeasturias.com\/radio\/wp-json\/wp\/v2\/categories?post=4681"},{"taxonomy":"post_tag","embeddable":true,"href":"https:\/\/eldigitaldeasturias.com\/radio\/wp-json\/wp\/v2\/tags?post=4681"}],"curies":[{"name":"wp","href":"https:\/\/api.w.org\/{rel}","templated":true}]}}