{"id":4678,"date":"2020-07-12T14:50:04","date_gmt":"2020-07-12T14:50:04","guid":{"rendered":"http:\/\/www.eldigitaldeasturias.com\/radio\/?p=4678"},"modified":"2020-07-12T14:50:04","modified_gmt":"2020-07-12T14:50:04","slug":"el-mercado-laboral-se-recupera-en-asturias","status":"publish","type":"post","link":"https:\/\/eldigitaldeasturias.com\/radio\/el-mercado-laboral-se-recupera-en-asturias\/","title":{"rendered":"El mercado laboral se recupera en Asturias"},"content":{"rendered":"<p><img fetchpriority=\"high\" decoding=\"async\" class=\"alignleft size-medium wp-image-4679\" src=\"http:\/\/www.eldigitaldeasturias.com\/radio\/wp-content\/uploads\/2020\/07\/write-593333_640-360x213.jpg\" alt=\"\" width=\"360\" height=\"213\" srcset=\"https:\/\/eldigitaldeasturias.com\/radio\/wp-content\/uploads\/2020\/07\/write-593333_640-360x213.jpg 360w, https:\/\/eldigitaldeasturias.com\/radio\/wp-content\/uploads\/2020\/07\/write-593333_640.jpg 640w\" sizes=\"(max-width: 360px) 100vw, 360px\" \/>La recuperaci\u00f3n progresiva de la <strong>actividad econ\u00f3mica en Asturias<\/strong> se est\u00e1 traduciendo en una reactivaci\u00f3n del empleo y en una mejora de la contrataci\u00f3n. Seg\u00fan los datos hechos p\u00fablicos por el Ministerio de Trabajo y Econom\u00eda Social, <strong>el desempleo registrado descendi\u00f3 en 2.870 personas en junio<\/strong>, lo que supone un -3,42% respecto al mes anterior.<\/p>\n<p>Con esta evoluci\u00f3n, el n\u00famero de personas inscritas como demandantes de empleo en las oficinas del Servicio P\u00fablico de Empleo (Sepepa) se sit\u00faa en 80.990 personas. <strong>Asturias ha sido la comunidad aut\u00f3noma con el mayor descenso del desempleo en t\u00e9rminos porcentuales y la cuarta en absolutos<\/strong>.<\/p>\n<p>Aunque la tendencia en la recuperaci\u00f3n del empleo ya se hab\u00eda advertido en mayo con la puesta en marcha del proceso de desescalada, ha sido en las \u00faltimas semanas cuando se ha producido una evoluci\u00f3n m\u00e1s favorable de los indicadores laborales. As\u00ed, en los \u00faltimos treinta d\u00edas la contrataci\u00f3n ha aumentado el 85,53% al registrarse 18.755 contratos (8.646 m\u00e1s que en mayo), mientras que la Seguridad Social gan\u00f3 2.614 cotizantes (+0,75%) hasta situar la cifra total de afiliaciones en 353.225 personas. Adem\u00e1s, un total de 21.810 trabajadores dejaron de estar afectados por regulaciones de empleo.<\/p>\n<p>A pesar de estos resultados, la interpretaci\u00f3n de los datos el desempleo debe abordarse con prudencia dado el impacto de la crisis de la COVID-19, ya que la cantidad de personas desocupadas sigue siendo muy superior a la que se registraba el 16 de marzo, al inicio del estado de alarma. En esa fecha hab\u00eda en Asturias 72.848 parados, 8.142 menos que los contabilizados actualmente.<\/p>\n<p>Adem\u00e1s, si comparamos el desempleo medio de junio con el del mismo mes del a\u00f1o pasado el incremento porcentual es del 19,94% (13.464 parados m\u00e1s), lo que pone de manifiesto el fuerte impacto econ\u00f3mico y social de la crisis sanitaria, si bien es ocho puntos inferior a la media nacional. Estos aumentos interanuales han sido del 26,28% y de 24,57% en la industria y la construcci\u00f3n, respectivamente.<\/p>\n<p>En cuanto a la evoluci\u00f3n mensual del desempleo, en junio se han registrado descensos en ambos sexos, en todos los tramos de edad y en todos los sectores econ\u00f3micos, a excepci\u00f3n del colectivo sin empleo anterior. Destacan las ca\u00eddas por encima de la media regional en la construcci\u00f3n (-6,30% y 459 parados menos), en la industria (-3,83% y 275 desocupados menos) y en los servicios, donde el retroceso se situ\u00f3 en el -3,80% (-230 parados).<\/p>\n<p>Por municipios, el paro ha descendido en los de mayor poblaci\u00f3n en l\u00ednea con la media regional: -2,10% en Oviedo; -3,86% en Gij\u00f3n; -3,56% en Avil\u00e9s; y -3,98% en Siero. Las ca\u00eddas m\u00e1s pronunciadas, de dos d\u00edgitos, se han concentrado en los concejos m\u00e1s sensibles o dependientes a la actividad tur\u00edstica, concretamente en Cabrales (-16,65%); Cangas de On\u00eds (-10,81%); Colunga (-18,66%); Llanes (-17,88%) y On\u00eds (-13,33%),<\/p>\n<p>Pilar Varela, directora gerente del Servicio P\u00fablico de Empleo (Sepepa), valora la positiva evoluci\u00f3n del desempleo en junio aunque recuerda que la crisis sanitaria ha tenido un impacto sin precedentes en el mercado de trabajo. \u201cEstos datos ponen de manifiesto que la econom\u00eda se est\u00e1 recuperando progresivamente pero no debemos olvidar que a\u00fan estamos muy lejos de la situaci\u00f3n anterior a la pandemia, por lo que nuestras prioridades pasan por alcanzar los niveles de empleo anteriores a la crisis\u201d, precisa.<\/p>\n<p>&nbsp;<\/p>\n","protected":false},"excerpt":{"rendered":"<p>La recuperaci\u00f3n progresiva de la actividad econ\u00f3mica en Asturias se est\u00e1 traduciendo en una reactivaci\u00f3n del empleo y en una mejora de la contrataci\u00f3n. Seg\u00fan los datos hechos p\u00fablicos por el Ministerio de Trabajo y Econom\u00eda Social, el desempleo registrado descendi\u00f3 en 2.870 personas en junio, lo que supone un -3,42% respecto al mes anterior.<\/p>\n","protected":false},"author":1,"featured_media":4679,"comment_status":"closed","ping_status":"closed","sticky":false,"template":"","format":"standard","meta":{"footnotes":""},"categories":[1],"tags":[],"class_list":{"0":"post-4678","1":"post","2":"type-post","3":"status-publish","4":"format-standard","5":"has-post-thumbnail","7":"category-noticias"},"aioseo_notices":[],"aioseo_head":"\n\t\t<!-- All in One SEO Pro 4.9.6.2 - aioseo.com -->\n\t<meta name=\"description\" content=\"La recuperaci\u00f3n progresiva de la actividad econ\u00f3mica en Asturias se est\u00e1 traduciendo en una reactivaci\u00f3n del empleo y en una mejora de la contrataci\u00f3n. Seg\u00fan los datos hechos p\u00fablicos por el Ministerio de Trabajo y Econom\u00eda Social, el desempleo registrado descendi\u00f3 en 2.870 personas en junio, lo que supone un -3,42% respecto al mes anterior.\" \/>\n\t<meta name=\"robots\" content=\"max-image-preview:large\" \/>\n\t<meta name=\"author\" content=\"NBAsturias\"\/>\n\t<meta name=\"google-site-verification\" content=\"UA-38556648-1\" \/>\n\t<meta name=\"keywords\" content=\"noticias\" \/>\n\t<link rel=\"canonical\" href=\"https:\/\/eldigitaldeasturias.com\/radio\/el-mercado-laboral-se-recupera-en-asturias\/\" \/>\n\t<meta name=\"generator\" content=\"All in One SEO Pro (AIOSEO) 4.9.6.2\" \/>\n\t\t<meta property=\"og:locale\" content=\"es_ES\" \/>\n\t\t<meta property=\"og:site_name\" content=\"El Digital de Asturias | Diario de informaci\u00f3n y noticias\" \/>\n\t\t<meta property=\"og:type\" content=\"article\" \/>\n\t\t<meta property=\"og:title\" content=\"El mercado laboral se recupera en Asturias | El Digital de Asturias\" \/>\n\t\t<meta property=\"og:description\" content=\"La recuperaci\u00f3n progresiva de la actividad econ\u00f3mica en Asturias se est\u00e1 traduciendo en una reactivaci\u00f3n del empleo y en una mejora de la contrataci\u00f3n. Seg\u00fan los datos hechos p\u00fablicos por el Ministerio de Trabajo y Econom\u00eda Social, el desempleo registrado descendi\u00f3 en 2.870 personas en junio, lo que supone un -3,42% respecto al mes anterior.\" \/>\n\t\t<meta property=\"og:url\" content=\"https:\/\/eldigitaldeasturias.com\/radio\/el-mercado-laboral-se-recupera-en-asturias\/\" \/>\n\t\t<meta property=\"og:image\" content=\"https:\/\/eldigitaldeasturias.com\/radio\/wp-content\/uploads\/2020\/07\/write-593333_640.jpg\" \/>\n\t\t<meta property=\"og:image:secure_url\" content=\"https:\/\/eldigitaldeasturias.com\/radio\/wp-content\/uploads\/2020\/07\/write-593333_640.jpg\" \/>\n\t\t<meta property=\"og:image:width\" content=\"640\" \/>\n\t\t<meta property=\"og:image:height\" content=\"378\" \/>\n\t\t<meta property=\"article:published_time\" content=\"2020-07-12T14:50:04+00:00\" \/>\n\t\t<meta property=\"article:modified_time\" content=\"2020-07-12T14:50:04+00:00\" \/>\n\t\t<meta name=\"twitter:card\" content=\"summary_large_image\" \/>\n\t\t<meta name=\"twitter:site\" content=\"@bercodi\" \/>\n\t\t<meta name=\"twitter:title\" content=\"El mercado laboral se recupera en Asturias | El Digital de Asturias\" \/>\n\t\t<meta name=\"twitter:description\" content=\"La recuperaci\u00f3n progresiva de la actividad econ\u00f3mica en Asturias se est\u00e1 traduciendo en una reactivaci\u00f3n del empleo y en una mejora de la contrataci\u00f3n. Seg\u00fan los datos hechos p\u00fablicos por el Ministerio de Trabajo y Econom\u00eda Social, el desempleo registrado descendi\u00f3 en 2.870 personas en junio, lo que supone un -3,42% respecto al mes anterior.\" \/>\n\t\t<meta name=\"twitter:creator\" content=\"@bercodi\" \/>\n\t\t<meta name=\"twitter:image\" content=\"https:\/\/eldigitaldeasturias.com\/radio\/wp-content\/uploads\/2020\/07\/write-593333_640.jpg\" \/>\n\t\t<script type=\"application\/ld+json\" class=\"aioseo-schema\">\n\t\t\t{\"@context\":\"https:\\\/\\\/schema.org\",\"@graph\":[{\"@type\":\"BreadcrumbList\",\"@id\":\"https:\\\/\\\/eldigitaldeasturias.com\\\/radio\\\/el-mercado-laboral-se-recupera-en-asturias\\\/#breadcrumblist\",\"itemListElement\":[{\"@type\":\"ListItem\",\"@id\":\"https:\\\/\\\/eldigitaldeasturias.com\\\/radio#listItem\",\"position\":1,\"name\":\"Inicio\",\"item\":\"https:\\\/\\\/eldigitaldeasturias.com\\\/radio\",\"nextItem\":{\"@type\":\"ListItem\",\"@id\":\"https:\\\/\\\/eldigitaldeasturias.com\\\/radio\\\/category\\\/noticias\\\/#listItem\",\"name\":\"Noticias\"}},{\"@type\":\"ListItem\",\"@id\":\"https:\\\/\\\/eldigitaldeasturias.com\\\/radio\\\/category\\\/noticias\\\/#listItem\",\"position\":2,\"name\":\"Noticias\",\"item\":\"https:\\\/\\\/eldigitaldeasturias.com\\\/radio\\\/category\\\/noticias\\\/\",\"nextItem\":{\"@type\":\"ListItem\",\"@id\":\"https:\\\/\\\/eldigitaldeasturias.com\\\/radio\\\/el-mercado-laboral-se-recupera-en-asturias\\\/#listItem\",\"name\":\"El mercado laboral se recupera en Asturias\"},\"previousItem\":{\"@type\":\"ListItem\",\"@id\":\"https:\\\/\\\/eldigitaldeasturias.com\\\/radio#listItem\",\"name\":\"Inicio\"}},{\"@type\":\"ListItem\",\"@id\":\"https:\\\/\\\/eldigitaldeasturias.com\\\/radio\\\/el-mercado-laboral-se-recupera-en-asturias\\\/#listItem\",\"position\":3,\"name\":\"El mercado laboral se recupera en Asturias\",\"previousItem\":{\"@type\":\"ListItem\",\"@id\":\"https:\\\/\\\/eldigitaldeasturias.com\\\/radio\\\/category\\\/noticias\\\/#listItem\",\"name\":\"Noticias\"}}]},{\"@type\":\"NewsArticle\",\"@id\":\"https:\\\/\\\/eldigitaldeasturias.com\\\/radio\\\/el-mercado-laboral-se-recupera-en-asturias\\\/#newsarticle\",\"name\":\"El mercado laboral se recupera en Asturias | El Digital de Asturias\",\"headline\":\"El mercado laboral se recupera en Asturias\",\"author\":{\"@id\":\"https:\\\/\\\/eldigitaldeasturias.com\\\/radio\\\/author\\\/nbasturias\\\/#author\"},\"publisher\":{\"@id\":\"https:\\\/\\\/eldigitaldeasturias.com\\\/radio\\\/#organization\"},\"image\":{\"@type\":\"ImageObject\",\"url\":\"https:\\\/\\\/eldigitaldeasturias.com\\\/radio\\\/wp-content\\\/uploads\\\/2020\\\/07\\\/write-593333_640.jpg\",\"width\":640,\"height\":378},\"datePublished\":\"2020-07-12T14:50:04+02:00\",\"dateModified\":\"2020-07-12T14:50:04+02:00\",\"inLanguage\":\"es-ES\",\"mainEntityOfPage\":{\"@id\":\"https:\\\/\\\/eldigitaldeasturias.com\\\/radio\\\/el-mercado-laboral-se-recupera-en-asturias\\\/#webpage\"},\"isPartOf\":{\"@id\":\"https:\\\/\\\/eldigitaldeasturias.com\\\/radio\\\/el-mercado-laboral-se-recupera-en-asturias\\\/#webpage\"},\"articleSection\":\"Noticias\",\"dateline\":\"Publicado el julio 12, 2020.\"},{\"@type\":\"Organization\",\"@id\":\"https:\\\/\\\/eldigitaldeasturias.com\\\/radio\\\/#organization\",\"name\":\"El digital de Asturias Radio\",\"description\":\"Diario de informaci\\u00f3n y noticias\",\"url\":\"https:\\\/\\\/eldigitaldeasturias.com\\\/radio\\\/\",\"telephone\":\"+34652131393\",\"logo\":{\"@type\":\"ImageObject\",\"url\":\"https:\\\/\\\/www.eldigitaldeasturias.com\\\/radio\\\/wp-content\\\/uploads\\\/2021\\\/03\\\/EDA.jpg\",\"@id\":\"https:\\\/\\\/eldigitaldeasturias.com\\\/radio\\\/el-mercado-laboral-se-recupera-en-asturias\\\/#organizationLogo\"},\"image\":{\"@id\":\"https:\\\/\\\/eldigitaldeasturias.com\\\/radio\\\/el-mercado-laboral-se-recupera-en-asturias\\\/#organizationLogo\"},\"sameAs\":[\"https:\\\/\\\/www.facebook.com\\\/\",\"https:\\\/\\\/x.com\\\/bercodi\",\"https:\\\/\\\/www.instagram.com\\\/\",\"https:\\\/\\\/www.youtube.com\\\/channel\\\/UCZP-2wLEB9Rv6erhFmqVnvg\"]},{\"@type\":\"Person\",\"@id\":\"https:\\\/\\\/eldigitaldeasturias.com\\\/radio\\\/author\\\/nbasturias\\\/#author\",\"url\":\"https:\\\/\\\/eldigitaldeasturias.com\\\/radio\\\/author\\\/nbasturias\\\/\",\"name\":\"NBAsturias\",\"image\":{\"@type\":\"ImageObject\",\"@id\":\"https:\\\/\\\/eldigitaldeasturias.com\\\/radio\\\/el-mercado-laboral-se-recupera-en-asturias\\\/#authorImage\",\"url\":\"https:\\\/\\\/secure.gravatar.com\\\/avatar\\\/df2aeffc32bcd13f8d26072ef8a91b623d677766deac7f97ca815868cd41bf5e?s=96&d=mm&r=g\",\"width\":96,\"height\":96,\"caption\":\"NBAsturias\"}},{\"@type\":\"WebPage\",\"@id\":\"https:\\\/\\\/eldigitaldeasturias.com\\\/radio\\\/el-mercado-laboral-se-recupera-en-asturias\\\/#webpage\",\"url\":\"https:\\\/\\\/eldigitaldeasturias.com\\\/radio\\\/el-mercado-laboral-se-recupera-en-asturias\\\/\",\"name\":\"El mercado laboral se recupera en Asturias | El Digital de Asturias\",\"description\":\"La recuperaci\\u00f3n progresiva de la actividad econ\\u00f3mica en Asturias se est\\u00e1 traduciendo en una reactivaci\\u00f3n del empleo y en una mejora de la contrataci\\u00f3n. Seg\\u00fan los datos hechos p\\u00fablicos por el Ministerio de Trabajo y Econom\\u00eda Social, el desempleo registrado descendi\\u00f3 en 2.870 personas en junio, lo que supone un -3,42% respecto al mes anterior.\",\"inLanguage\":\"es-ES\",\"isPartOf\":{\"@id\":\"https:\\\/\\\/eldigitaldeasturias.com\\\/radio\\\/#website\"},\"breadcrumb\":{\"@id\":\"https:\\\/\\\/eldigitaldeasturias.com\\\/radio\\\/el-mercado-laboral-se-recupera-en-asturias\\\/#breadcrumblist\"},\"author\":{\"@id\":\"https:\\\/\\\/eldigitaldeasturias.com\\\/radio\\\/author\\\/nbasturias\\\/#author\"},\"creator\":{\"@id\":\"https:\\\/\\\/eldigitaldeasturias.com\\\/radio\\\/author\\\/nbasturias\\\/#author\"},\"image\":{\"@type\":\"ImageObject\",\"url\":\"https:\\\/\\\/eldigitaldeasturias.com\\\/radio\\\/wp-content\\\/uploads\\\/2020\\\/07\\\/write-593333_640.jpg\",\"@id\":\"https:\\\/\\\/eldigitaldeasturias.com\\\/radio\\\/el-mercado-laboral-se-recupera-en-asturias\\\/#mainImage\",\"width\":640,\"height\":378},\"primaryImageOfPage\":{\"@id\":\"https:\\\/\\\/eldigitaldeasturias.com\\\/radio\\\/el-mercado-laboral-se-recupera-en-asturias\\\/#mainImage\"},\"datePublished\":\"2020-07-12T14:50:04+02:00\",\"dateModified\":\"2020-07-12T14:50:04+02:00\"},{\"@type\":\"WebSite\",\"@id\":\"https:\\\/\\\/eldigitaldeasturias.com\\\/radio\\\/#website\",\"url\":\"https:\\\/\\\/eldigitaldeasturias.com\\\/radio\\\/\",\"name\":\"El Digital de Asturias\",\"description\":\"Diario de informaci\\u00f3n y noticias\",\"inLanguage\":\"es-ES\",\"publisher\":{\"@id\":\"https:\\\/\\\/eldigitaldeasturias.com\\\/radio\\\/#organization\"}}]}\n\t\t<\/script>\n\t\t<!-- All in One SEO Pro -->\r\n\t\t<title>El mercado laboral se recupera en Asturias | El Digital de Asturias<\/title>\n\n","aioseo_head_json":{"title":"El mercado laboral se recupera en Asturias | El Digital de Asturias","description":"La recuperaci\u00f3n progresiva de la actividad econ\u00f3mica en Asturias se est\u00e1 traduciendo en una reactivaci\u00f3n del empleo y en una mejora de la contrataci\u00f3n. Seg\u00fan los datos hechos p\u00fablicos por el Ministerio de Trabajo y Econom\u00eda Social, el desempleo registrado descendi\u00f3 en 2.870 personas en junio, lo que supone un -3,42% respecto al mes anterior.","canonical_url":"https:\/\/eldigitaldeasturias.com\/radio\/el-mercado-laboral-se-recupera-en-asturias\/","robots":"max-image-preview:large","keywords":"noticias","webmasterTools":{"google-site-verification":"UA-38556648-1","miscellaneous":""},"schema":{"@context":"https:\/\/schema.org","@graph":[{"@type":"BreadcrumbList","@id":"https:\/\/eldigitaldeasturias.com\/radio\/el-mercado-laboral-se-recupera-en-asturias\/#breadcrumblist","itemListElement":[{"@type":"ListItem","@id":"https:\/\/eldigitaldeasturias.com\/radio#listItem","position":1,"name":"Inicio","item":"https:\/\/eldigitaldeasturias.com\/radio","nextItem":{"@type":"ListItem","@id":"https:\/\/eldigitaldeasturias.com\/radio\/category\/noticias\/#listItem","name":"Noticias"}},{"@type":"ListItem","@id":"https:\/\/eldigitaldeasturias.com\/radio\/category\/noticias\/#listItem","position":2,"name":"Noticias","item":"https:\/\/eldigitaldeasturias.com\/radio\/category\/noticias\/","nextItem":{"@type":"ListItem","@id":"https:\/\/eldigitaldeasturias.com\/radio\/el-mercado-laboral-se-recupera-en-asturias\/#listItem","name":"El mercado laboral se recupera en Asturias"},"previousItem":{"@type":"ListItem","@id":"https:\/\/eldigitaldeasturias.com\/radio#listItem","name":"Inicio"}},{"@type":"ListItem","@id":"https:\/\/eldigitaldeasturias.com\/radio\/el-mercado-laboral-se-recupera-en-asturias\/#listItem","position":3,"name":"El mercado laboral se recupera en Asturias","previousItem":{"@type":"ListItem","@id":"https:\/\/eldigitaldeasturias.com\/radio\/category\/noticias\/#listItem","name":"Noticias"}}]},{"@type":"NewsArticle","@id":"https:\/\/eldigitaldeasturias.com\/radio\/el-mercado-laboral-se-recupera-en-asturias\/#newsarticle","name":"El mercado laboral se recupera en Asturias | El Digital de Asturias","headline":"El mercado laboral se recupera en Asturias","author":{"@id":"https:\/\/eldigitaldeasturias.com\/radio\/author\/nbasturias\/#author"},"publisher":{"@id":"https:\/\/eldigitaldeasturias.com\/radio\/#organization"},"image":{"@type":"ImageObject","url":"https:\/\/eldigitaldeasturias.com\/radio\/wp-content\/uploads\/2020\/07\/write-593333_640.jpg","width":640,"height":378},"datePublished":"2020-07-12T14:50:04+02:00","dateModified":"2020-07-12T14:50:04+02:00","inLanguage":"es-ES","mainEntityOfPage":{"@id":"https:\/\/eldigitaldeasturias.com\/radio\/el-mercado-laboral-se-recupera-en-asturias\/#webpage"},"isPartOf":{"@id":"https:\/\/eldigitaldeasturias.com\/radio\/el-mercado-laboral-se-recupera-en-asturias\/#webpage"},"articleSection":"Noticias","dateline":"Publicado el julio 12, 2020."},{"@type":"Organization","@id":"https:\/\/eldigitaldeasturias.com\/radio\/#organization","name":"El digital de Asturias Radio","description":"Diario de informaci\u00f3n y noticias","url":"https:\/\/eldigitaldeasturias.com\/radio\/","telephone":"+34652131393","logo":{"@type":"ImageObject","url":"https:\/\/www.eldigitaldeasturias.com\/radio\/wp-content\/uploads\/2021\/03\/EDA.jpg","@id":"https:\/\/eldigitaldeasturias.com\/radio\/el-mercado-laboral-se-recupera-en-asturias\/#organizationLogo"},"image":{"@id":"https:\/\/eldigitaldeasturias.com\/radio\/el-mercado-laboral-se-recupera-en-asturias\/#organizationLogo"},"sameAs":["https:\/\/www.facebook.com\/","https:\/\/x.com\/bercodi","https:\/\/www.instagram.com\/","https:\/\/www.youtube.com\/channel\/UCZP-2wLEB9Rv6erhFmqVnvg"]},{"@type":"Person","@id":"https:\/\/eldigitaldeasturias.com\/radio\/author\/nbasturias\/#author","url":"https:\/\/eldigitaldeasturias.com\/radio\/author\/nbasturias\/","name":"NBAsturias","image":{"@type":"ImageObject","@id":"https:\/\/eldigitaldeasturias.com\/radio\/el-mercado-laboral-se-recupera-en-asturias\/#authorImage","url":"https:\/\/secure.gravatar.com\/avatar\/df2aeffc32bcd13f8d26072ef8a91b623d677766deac7f97ca815868cd41bf5e?s=96&d=mm&r=g","width":96,"height":96,"caption":"NBAsturias"}},{"@type":"WebPage","@id":"https:\/\/eldigitaldeasturias.com\/radio\/el-mercado-laboral-se-recupera-en-asturias\/#webpage","url":"https:\/\/eldigitaldeasturias.com\/radio\/el-mercado-laboral-se-recupera-en-asturias\/","name":"El mercado laboral se recupera en Asturias | El Digital de Asturias","description":"La recuperaci\u00f3n progresiva de la actividad econ\u00f3mica en Asturias se est\u00e1 traduciendo en una reactivaci\u00f3n del empleo y en una mejora de la contrataci\u00f3n. Seg\u00fan los datos hechos p\u00fablicos por el Ministerio de Trabajo y Econom\u00eda Social, el desempleo registrado descendi\u00f3 en 2.870 personas en junio, lo que supone un -3,42% respecto al mes anterior.","inLanguage":"es-ES","isPartOf":{"@id":"https:\/\/eldigitaldeasturias.com\/radio\/#website"},"breadcrumb":{"@id":"https:\/\/eldigitaldeasturias.com\/radio\/el-mercado-laboral-se-recupera-en-asturias\/#breadcrumblist"},"author":{"@id":"https:\/\/eldigitaldeasturias.com\/radio\/author\/nbasturias\/#author"},"creator":{"@id":"https:\/\/eldigitaldeasturias.com\/radio\/author\/nbasturias\/#author"},"image":{"@type":"ImageObject","url":"https:\/\/eldigitaldeasturias.com\/radio\/wp-content\/uploads\/2020\/07\/write-593333_640.jpg","@id":"https:\/\/eldigitaldeasturias.com\/radio\/el-mercado-laboral-se-recupera-en-asturias\/#mainImage","width":640,"height":378},"primaryImageOfPage":{"@id":"https:\/\/eldigitaldeasturias.com\/radio\/el-mercado-laboral-se-recupera-en-asturias\/#mainImage"},"datePublished":"2020-07-12T14:50:04+02:00","dateModified":"2020-07-12T14:50:04+02:00"},{"@type":"WebSite","@id":"https:\/\/eldigitaldeasturias.com\/radio\/#website","url":"https:\/\/eldigitaldeasturias.com\/radio\/","name":"El Digital de Asturias","description":"Diario de informaci\u00f3n y noticias","inLanguage":"es-ES","publisher":{"@id":"https:\/\/eldigitaldeasturias.com\/radio\/#organization"}}]},"og:locale":"es_ES","og:site_name":"El Digital de Asturias | Diario de informaci\u00f3n y noticias","og:type":"article","og:title":"El mercado laboral se recupera en Asturias | El Digital de Asturias","og:description":"La recuperaci\u00f3n progresiva de la actividad econ\u00f3mica en Asturias se est\u00e1 traduciendo en una reactivaci\u00f3n del empleo y en una mejora de la contrataci\u00f3n. Seg\u00fan los datos hechos p\u00fablicos por el Ministerio de Trabajo y Econom\u00eda Social, el desempleo registrado descendi\u00f3 en 2.870 personas en junio, lo que supone un -3,42% respecto al mes anterior.","og:url":"https:\/\/eldigitaldeasturias.com\/radio\/el-mercado-laboral-se-recupera-en-asturias\/","og:image":"https:\/\/eldigitaldeasturias.com\/radio\/wp-content\/uploads\/2020\/07\/write-593333_640.jpg","og:image:secure_url":"https:\/\/eldigitaldeasturias.com\/radio\/wp-content\/uploads\/2020\/07\/write-593333_640.jpg","og:image:width":640,"og:image:height":378,"article:published_time":"2020-07-12T14:50:04+00:00","article:modified_time":"2020-07-12T14:50:04+00:00","twitter:card":"summary_large_image","twitter:site":"@bercodi","twitter:title":"El mercado laboral se recupera en Asturias | El Digital de Asturias","twitter:description":"La recuperaci\u00f3n progresiva de la actividad econ\u00f3mica en Asturias se est\u00e1 traduciendo en una reactivaci\u00f3n del empleo y en una mejora de la contrataci\u00f3n. Seg\u00fan los datos hechos p\u00fablicos por el Ministerio de Trabajo y Econom\u00eda Social, el desempleo registrado descendi\u00f3 en 2.870 personas en junio, lo que supone un -3,42% respecto al mes anterior.","twitter:creator":"@bercodi","twitter:image":"https:\/\/eldigitaldeasturias.com\/radio\/wp-content\/uploads\/2020\/07\/write-593333_640.jpg"},"aioseo_meta_data":{"post_id":"4678","title":null,"description":"","keywords":"","keyphrases":null,"primary_term":null,"canonical_url":"","og_title":null,"og_description":null,"og_object_type":"default","og_image_type":"default","og_image_url":null,"og_image_width":null,"og_image_height":null,"og_image_custom_url":null,"og_image_custom_fields":null,"og_video":null,"og_custom_url":null,"og_article_section":null,"og_article_tags":null,"twitter_use_og":false,"twitter_card":"default","twitter_image_type":"default","twitter_image_url":null,"twitter_image_custom_url":null,"twitter_image_custom_fields":null,"twitter_title":null,"twitter_description":null,"schema":{"blockGraphs":[],"customGraphs":[],"default":{"data":{"Article":[],"Course":[],"Dataset":[],"FAQPage":[],"Movie":[],"Person":[],"Product":[],"ProductReview":[],"Car":[],"Recipe":[],"Service":[],"SoftwareApplication":[],"WebPage":[]},"graphName":"","isEnabled":true},"graphs":[],"defaultGraph":"","defaultPostTypeGraph":""},"schema_type":null,"schema_type_options":null,"pillar_content":false,"robots_default":true,"robots_noindex":false,"robots_noarchive":false,"robots_nosnippet":false,"robots_nofollow":false,"robots_noimageindex":false,"robots_noodp":false,"robots_notranslate":false,"robots_max_snippet":null,"robots_max_videopreview":null,"robots_max_imagepreview":"large","priority":null,"frequency":null,"location":null,"local_seo":null,"seo_analyzer_scan_date":"2025-08-28 16:29:35","breadcrumb_settings":null,"limit_modified_date":false,"open_ai":null,"ai":null,"created":"2021-03-25 10:20:09","updated":"2025-08-28 16:29:35"},"aioseo_breadcrumb":"<div class=\"aioseo-breadcrumbs\"><span class=\"aioseo-breadcrumb\">\n\t<a href=\"https:\/\/eldigitaldeasturias.com\/radio\" title=\"Inicio\">Inicio<\/a>\n<\/span><span class=\"aioseo-breadcrumb-separator\">&ndash;<\/span><span class=\"aioseo-breadcrumb\">\n\t<a href=\"https:\/\/eldigitaldeasturias.com\/radio\/category\/noticias\/\" title=\"Noticias\">Noticias<\/a>\n<\/span><span class=\"aioseo-breadcrumb-separator\">&ndash;<\/span><span class=\"aioseo-breadcrumb\">\n\tEl mercado laboral se recupera en Asturias\n<\/span><\/div>","aioseo_breadcrumb_json":[{"label":"Inicio","link":"https:\/\/eldigitaldeasturias.com\/radio"},{"label":"Noticias","link":"https:\/\/eldigitaldeasturias.com\/radio\/category\/noticias\/"},{"label":"El mercado laboral se recupera en Asturias","link":"https:\/\/eldigitaldeasturias.com\/radio\/el-mercado-laboral-se-recupera-en-asturias\/"}],"_links":{"self":[{"href":"https:\/\/eldigitaldeasturias.com\/radio\/wp-json\/wp\/v2\/posts\/4678","targetHints":{"allow":["GET"]}}],"collection":[{"href":"https:\/\/eldigitaldeasturias.com\/radio\/wp-json\/wp\/v2\/posts"}],"about":[{"href":"https:\/\/eldigitaldeasturias.com\/radio\/wp-json\/wp\/v2\/types\/post"}],"author":[{"embeddable":true,"href":"https:\/\/eldigitaldeasturias.com\/radio\/wp-json\/wp\/v2\/users\/1"}],"replies":[{"embeddable":true,"href":"https:\/\/eldigitaldeasturias.com\/radio\/wp-json\/wp\/v2\/comments?post=4678"}],"version-history":[{"count":0,"href":"https:\/\/eldigitaldeasturias.com\/radio\/wp-json\/wp\/v2\/posts\/4678\/revisions"}],"wp:featuredmedia":[{"embeddable":true,"href":"https:\/\/eldigitaldeasturias.com\/radio\/wp-json\/wp\/v2\/media\/4679"}],"wp:attachment":[{"href":"https:\/\/eldigitaldeasturias.com\/radio\/wp-json\/wp\/v2\/media?parent=4678"}],"wp:term":[{"taxonomy":"category","embeddable":true,"href":"https:\/\/eldigitaldeasturias.com\/radio\/wp-json\/wp\/v2\/categories?post=4678"},{"taxonomy":"post_tag","embeddable":true,"href":"https:\/\/eldigitaldeasturias.com\/radio\/wp-json\/wp\/v2\/tags?post=4678"}],"curies":[{"name":"wp","href":"https:\/\/api.w.org\/{rel}","templated":true}]}}