{"id":4676,"date":"2020-07-12T14:47:24","date_gmt":"2020-07-12T14:47:24","guid":{"rendered":"http:\/\/www.eldigitaldeasturias.com\/radio\/?p=4676"},"modified":"2020-07-12T14:47:24","modified_gmt":"2020-07-12T14:47:24","slug":"covid-19-el-principado-participa-en-la-red-estatal-de-control-de-las-aguas-residuales","status":"publish","type":"post","link":"https:\/\/eldigitaldeasturias.com\/radio\/covid-19-el-principado-participa-en-la-red-estatal-de-control-de-las-aguas-residuales\/","title":{"rendered":"COVID-19: El Principado participa en la red estatal de control de las aguas residuales"},"content":{"rendered":"<p><img fetchpriority=\"high\" decoding=\"async\" class=\"alignleft size-medium wp-image-4405\" src=\"http:\/\/www.eldigitaldeasturias.com\/radio\/wp-content\/uploads\/2020\/06\/connection-4884862_640-360x245.jpg\" alt=\"\" width=\"360\" height=\"245\" srcset=\"https:\/\/eldigitaldeasturias.com\/radio\/wp-content\/uploads\/2020\/06\/connection-4884862_640-360x245.jpg 360w, https:\/\/eldigitaldeasturias.com\/radio\/wp-content\/uploads\/2020\/06\/connection-4884862_640.jpg 640w\" sizes=\"(max-width: 360px) 100vw, 360px\" \/>El Ministerio de Transici\u00f3n Ecol\u00f3gica y Reto Demogr\u00e1fico (MITERD), junto con la Consejer\u00eda de Administraci\u00f3n Auton\u00f3mica, Medio Ambiente y Cambio Clim\u00e1tico, ha seleccionado la depuradora de Villap\u00e9rez, en Oviedo, para que forme parte de la red de alerta de rebrote de COVID-19 a trav\u00e9s de la medida y el an\u00e1lisis de las aguas residuales, creada por el Gobierno de Espa\u00f1a.<\/p>\n<p>Tal como se ha se\u00f1alado desde el ministerio, coordinador de esta iniciativa junto al Ministerio de Sanidad, diferentes trabajos realizados relacionan la presencia de material gen\u00e9tico del virus Sars-Cov-2 (causante de COVID-19) en las aguas residuales con los casos contrastados de infecci\u00f3n por el coronavirus. Estos trabajos concluyen que la detecci\u00f3n de dicho material gen\u00e9tico podr\u00eda ser una herramienta de detecci\u00f3n temprana de la propagaci\u00f3n de la enfermedad.<\/p>\n<p>Con este fin, se prev\u00e9, entre otras acciones, el muestreo peri\u00f3dico del efluente de 30 estaciones depuradoras de aguas residuales (EDARs) en todo el territorio espa\u00f1ol. Con este prop\u00f3sito, se ha constituido un grupo de trabajo en el \u00e1mbito nacional al que se han incorporado representantes de medio ambiente y salud p\u00fablica del Principado.<\/p>\n<p>En Asturias, se ha seleccionado la estaci\u00f3n depuradora de Villap\u00e9rez por ser receptora de la mayor\u00eda de las aguas residuales de la zona metropolitana central de Asturias.<\/p>\n<p>Esta iniciativa se suma a la desarrollada en la comunidad aut\u00f3noma, con la participaci\u00f3n de la Consejer\u00eda de Administraci\u00f3n Auton\u00f3mica, Medio Ambiente y Cambio Clim\u00e1tico a trav\u00e9s del Consorcio de Aguas de Asturias (Cadasa), que busca tambi\u00e9n mejorar la capacidad preventiva de cara a la epidemia mediante un proyecto desarrollado en colaboraci\u00f3n con la empresa Sociedad de Fomento Agr\u00edcola Castellonense (FACSA).<\/p>\n<p>El proyecto se pondr\u00e1 en marcha a partir de julio en cinco de las EDARs encomendadas a Cadasa: Avil\u00e9s, Llanes, Bai\u00f1a (Mieres), Luarca y Tineo. De esta forma, se espera poder ver la evoluci\u00f3n de la pandemia tras la aplicaci\u00f3n de medidas de distanciamiento y confinamiento social y su evoluci\u00f3n en el tiempo.<\/p>\n<p>Un valor a\u00f1adido del proyecto asturiano ser\u00e1 la detecci\u00f3n de este virus no solo en la entrada de las depuradoras, sino tambi\u00e9n en los procesos que se llevan a cabo en las mismas. Este aspecto es fundamental en la gesti\u00f3n global de la pandemia, ya que ser\u00e1 imprescindible garantizar que el pat\u00f3geno no retorne al medio natural. Por eso, junto al agua residual, est\u00e1 previsto incluir el an\u00e1lisis de los fangos generados en las depuradoras, que, en ocasiones, son reaprovechados en pr\u00e1cticas agr\u00edcolas como fertilizantes.<\/p>\n<p>En paralelo, se trabajar\u00e1 en la recolecci\u00f3n de datos poblacionales y epidemiol\u00f3gicos. De esta forma, se espera encontrar aquellas variables demogr\u00e1ficas y ambientales que puedan estar relacionadas con la presencia del virus en aguas residuales, ya que esta es la herramienta para conocer, de manera indirecta, la influencia de la epidemia en la poblaci\u00f3n, independientemente de la manifestaci\u00f3n o no de s\u00edntomas.<\/p>\n<p>Toda la informaci\u00f3n recabada se integrar\u00e1 en una herramienta con base GIS, en la que se visualizar\u00e1 la incidencia de la epidemia en las localizaciones elegidas.<\/p>\n<p>&nbsp;<\/p>\n","protected":false},"excerpt":{"rendered":"<p>El Ministerio de Transici\u00f3n Ecol\u00f3gica y Reto Demogr\u00e1fico (MITERD), junto con la Consejer\u00eda de Administraci\u00f3n Auton\u00f3mica, Medio Ambiente y Cambio Clim\u00e1tico, ha seleccionado la depuradora de Villap\u00e9rez, en Oviedo, para que forme parte de la red de alerta de rebrote de COVID-19 a trav\u00e9s de la medida y el an\u00e1lisis de las aguas residuales, creada<\/p>\n","protected":false},"author":1,"featured_media":4405,"comment_status":"closed","ping_status":"closed","sticky":false,"template":"","format":"standard","meta":{"footnotes":""},"categories":[1],"tags":[],"class_list":{"0":"post-4676","1":"post","2":"type-post","3":"status-publish","4":"format-standard","5":"has-post-thumbnail","7":"category-noticias"},"aioseo_notices":[],"aioseo_head":"\n\t\t<!-- All in One SEO Pro 4.9.6.2 - aioseo.com -->\n\t<meta name=\"description\" content=\"El Ministerio de Transici\u00f3n Ecol\u00f3gica y Reto Demogr\u00e1fico (MITERD), junto con la Consejer\u00eda de Administraci\u00f3n Auton\u00f3mica, Medio Ambiente y Cambio Clim\u00e1tico, ha seleccionado la depuradora de Villap\u00e9rez, en Oviedo, para que forme parte de la red de alerta de rebrote de COVID-19 a trav\u00e9s de la medida y el an\u00e1lisis de las aguas residuales, creada\" \/>\n\t<meta name=\"robots\" content=\"max-image-preview:large\" \/>\n\t<meta name=\"author\" content=\"NBAsturias\"\/>\n\t<meta name=\"google-site-verification\" content=\"UA-38556648-1\" \/>\n\t<meta name=\"keywords\" content=\"noticias\" \/>\n\t<link rel=\"canonical\" href=\"https:\/\/eldigitaldeasturias.com\/radio\/covid-19-el-principado-participa-en-la-red-estatal-de-control-de-las-aguas-residuales\/\" \/>\n\t<meta name=\"generator\" content=\"All in One SEO Pro (AIOSEO) 4.9.6.2\" \/>\n\t\t<meta property=\"og:locale\" content=\"es_ES\" \/>\n\t\t<meta property=\"og:site_name\" content=\"El Digital de Asturias | Diario de informaci\u00f3n y noticias\" \/>\n\t\t<meta property=\"og:type\" content=\"article\" \/>\n\t\t<meta property=\"og:title\" content=\"COVID-19: El Principado participa en la red estatal de control de las aguas residuales | El Digital de Asturias\" \/>\n\t\t<meta property=\"og:description\" content=\"El Ministerio de Transici\u00f3n Ecol\u00f3gica y Reto Demogr\u00e1fico (MITERD), junto con la Consejer\u00eda de Administraci\u00f3n Auton\u00f3mica, Medio Ambiente y Cambio Clim\u00e1tico, ha seleccionado la depuradora de Villap\u00e9rez, en Oviedo, para que forme parte de la red de alerta de rebrote de COVID-19 a trav\u00e9s de la medida y el an\u00e1lisis de las aguas residuales, creada\" \/>\n\t\t<meta property=\"og:url\" content=\"https:\/\/eldigitaldeasturias.com\/radio\/covid-19-el-principado-participa-en-la-red-estatal-de-control-de-las-aguas-residuales\/\" \/>\n\t\t<meta property=\"og:image\" content=\"https:\/\/eldigitaldeasturias.com\/radio\/wp-content\/uploads\/2020\/06\/connection-4884862_640.jpg\" \/>\n\t\t<meta property=\"og:image:secure_url\" content=\"https:\/\/eldigitaldeasturias.com\/radio\/wp-content\/uploads\/2020\/06\/connection-4884862_640.jpg\" \/>\n\t\t<meta property=\"og:image:width\" content=\"640\" \/>\n\t\t<meta property=\"og:image:height\" content=\"436\" \/>\n\t\t<meta property=\"article:published_time\" content=\"2020-07-12T14:47:24+00:00\" \/>\n\t\t<meta property=\"article:modified_time\" content=\"2020-07-12T14:47:24+00:00\" \/>\n\t\t<meta name=\"twitter:card\" content=\"summary_large_image\" \/>\n\t\t<meta name=\"twitter:site\" content=\"@bercodi\" \/>\n\t\t<meta name=\"twitter:title\" content=\"COVID-19: El Principado participa en la red estatal de control de las aguas residuales | El Digital de Asturias\" \/>\n\t\t<meta name=\"twitter:description\" content=\"El Ministerio de Transici\u00f3n Ecol\u00f3gica y Reto Demogr\u00e1fico (MITERD), junto con la Consejer\u00eda de Administraci\u00f3n Auton\u00f3mica, Medio Ambiente y Cambio Clim\u00e1tico, ha seleccionado la depuradora de Villap\u00e9rez, en Oviedo, para que forme parte de la red de alerta de rebrote de COVID-19 a trav\u00e9s de la medida y el an\u00e1lisis de las aguas residuales, creada\" \/>\n\t\t<meta name=\"twitter:creator\" content=\"@bercodi\" \/>\n\t\t<meta name=\"twitter:image\" content=\"https:\/\/eldigitaldeasturias.com\/radio\/wp-content\/uploads\/2020\/06\/connection-4884862_640.jpg\" \/>\n\t\t<script type=\"application\/ld+json\" class=\"aioseo-schema\">\n\t\t\t{\"@context\":\"https:\\\/\\\/schema.org\",\"@graph\":[{\"@type\":\"BreadcrumbList\",\"@id\":\"https:\\\/\\\/eldigitaldeasturias.com\\\/radio\\\/covid-19-el-principado-participa-en-la-red-estatal-de-control-de-las-aguas-residuales\\\/#breadcrumblist\",\"itemListElement\":[{\"@type\":\"ListItem\",\"@id\":\"https:\\\/\\\/eldigitaldeasturias.com\\\/radio#listItem\",\"position\":1,\"name\":\"Inicio\",\"item\":\"https:\\\/\\\/eldigitaldeasturias.com\\\/radio\",\"nextItem\":{\"@type\":\"ListItem\",\"@id\":\"https:\\\/\\\/eldigitaldeasturias.com\\\/radio\\\/category\\\/noticias\\\/#listItem\",\"name\":\"Noticias\"}},{\"@type\":\"ListItem\",\"@id\":\"https:\\\/\\\/eldigitaldeasturias.com\\\/radio\\\/category\\\/noticias\\\/#listItem\",\"position\":2,\"name\":\"Noticias\",\"item\":\"https:\\\/\\\/eldigitaldeasturias.com\\\/radio\\\/category\\\/noticias\\\/\",\"nextItem\":{\"@type\":\"ListItem\",\"@id\":\"https:\\\/\\\/eldigitaldeasturias.com\\\/radio\\\/covid-19-el-principado-participa-en-la-red-estatal-de-control-de-las-aguas-residuales\\\/#listItem\",\"name\":\"COVID-19: El Principado participa en la red estatal de control de las aguas residuales\"},\"previousItem\":{\"@type\":\"ListItem\",\"@id\":\"https:\\\/\\\/eldigitaldeasturias.com\\\/radio#listItem\",\"name\":\"Inicio\"}},{\"@type\":\"ListItem\",\"@id\":\"https:\\\/\\\/eldigitaldeasturias.com\\\/radio\\\/covid-19-el-principado-participa-en-la-red-estatal-de-control-de-las-aguas-residuales\\\/#listItem\",\"position\":3,\"name\":\"COVID-19: El Principado participa en la red estatal de control de las aguas residuales\",\"previousItem\":{\"@type\":\"ListItem\",\"@id\":\"https:\\\/\\\/eldigitaldeasturias.com\\\/radio\\\/category\\\/noticias\\\/#listItem\",\"name\":\"Noticias\"}}]},{\"@type\":\"NewsArticle\",\"@id\":\"https:\\\/\\\/eldigitaldeasturias.com\\\/radio\\\/covid-19-el-principado-participa-en-la-red-estatal-de-control-de-las-aguas-residuales\\\/#newsarticle\",\"name\":\"COVID-19: El Principado participa en la red estatal de control de las aguas residuales | El Digital de Asturias\",\"headline\":\"COVID-19: El Principado participa en la red estatal de control de las aguas residuales\",\"author\":{\"@id\":\"https:\\\/\\\/eldigitaldeasturias.com\\\/radio\\\/author\\\/nbasturias\\\/#author\"},\"publisher\":{\"@id\":\"https:\\\/\\\/eldigitaldeasturias.com\\\/radio\\\/#organization\"},\"image\":{\"@type\":\"ImageObject\",\"url\":\"https:\\\/\\\/eldigitaldeasturias.com\\\/radio\\\/wp-content\\\/uploads\\\/2020\\\/06\\\/connection-4884862_640.jpg\",\"width\":640,\"height\":436},\"datePublished\":\"2020-07-12T14:47:24+02:00\",\"dateModified\":\"2020-07-12T14:47:24+02:00\",\"inLanguage\":\"es-ES\",\"mainEntityOfPage\":{\"@id\":\"https:\\\/\\\/eldigitaldeasturias.com\\\/radio\\\/covid-19-el-principado-participa-en-la-red-estatal-de-control-de-las-aguas-residuales\\\/#webpage\"},\"isPartOf\":{\"@id\":\"https:\\\/\\\/eldigitaldeasturias.com\\\/radio\\\/covid-19-el-principado-participa-en-la-red-estatal-de-control-de-las-aguas-residuales\\\/#webpage\"},\"articleSection\":\"Noticias\",\"dateline\":\"Publicado el julio 12, 2020.\"},{\"@type\":\"Organization\",\"@id\":\"https:\\\/\\\/eldigitaldeasturias.com\\\/radio\\\/#organization\",\"name\":\"El digital de Asturias Radio\",\"description\":\"Diario de informaci\\u00f3n y noticias\",\"url\":\"https:\\\/\\\/eldigitaldeasturias.com\\\/radio\\\/\",\"telephone\":\"+34652131393\",\"logo\":{\"@type\":\"ImageObject\",\"url\":\"https:\\\/\\\/www.eldigitaldeasturias.com\\\/radio\\\/wp-content\\\/uploads\\\/2021\\\/03\\\/EDA.jpg\",\"@id\":\"https:\\\/\\\/eldigitaldeasturias.com\\\/radio\\\/covid-19-el-principado-participa-en-la-red-estatal-de-control-de-las-aguas-residuales\\\/#organizationLogo\"},\"image\":{\"@id\":\"https:\\\/\\\/eldigitaldeasturias.com\\\/radio\\\/covid-19-el-principado-participa-en-la-red-estatal-de-control-de-las-aguas-residuales\\\/#organizationLogo\"},\"sameAs\":[\"https:\\\/\\\/www.facebook.com\\\/\",\"https:\\\/\\\/x.com\\\/bercodi\",\"https:\\\/\\\/www.instagram.com\\\/\",\"https:\\\/\\\/www.youtube.com\\\/channel\\\/UCZP-2wLEB9Rv6erhFmqVnvg\"]},{\"@type\":\"Person\",\"@id\":\"https:\\\/\\\/eldigitaldeasturias.com\\\/radio\\\/author\\\/nbasturias\\\/#author\",\"url\":\"https:\\\/\\\/eldigitaldeasturias.com\\\/radio\\\/author\\\/nbasturias\\\/\",\"name\":\"NBAsturias\",\"image\":{\"@type\":\"ImageObject\",\"@id\":\"https:\\\/\\\/eldigitaldeasturias.com\\\/radio\\\/covid-19-el-principado-participa-en-la-red-estatal-de-control-de-las-aguas-residuales\\\/#authorImage\",\"url\":\"https:\\\/\\\/secure.gravatar.com\\\/avatar\\\/df2aeffc32bcd13f8d26072ef8a91b623d677766deac7f97ca815868cd41bf5e?s=96&d=mm&r=g\",\"width\":96,\"height\":96,\"caption\":\"NBAsturias\"}},{\"@type\":\"WebPage\",\"@id\":\"https:\\\/\\\/eldigitaldeasturias.com\\\/radio\\\/covid-19-el-principado-participa-en-la-red-estatal-de-control-de-las-aguas-residuales\\\/#webpage\",\"url\":\"https:\\\/\\\/eldigitaldeasturias.com\\\/radio\\\/covid-19-el-principado-participa-en-la-red-estatal-de-control-de-las-aguas-residuales\\\/\",\"name\":\"COVID-19: El Principado participa en la red estatal de control de las aguas residuales | El Digital de Asturias\",\"description\":\"El Ministerio de Transici\\u00f3n Ecol\\u00f3gica y Reto Demogr\\u00e1fico (MITERD), junto con la Consejer\\u00eda de Administraci\\u00f3n Auton\\u00f3mica, Medio Ambiente y Cambio Clim\\u00e1tico, ha seleccionado la depuradora de Villap\\u00e9rez, en Oviedo, para que forme parte de la red de alerta de rebrote de COVID-19 a trav\\u00e9s de la medida y el an\\u00e1lisis de las aguas residuales, creada\",\"inLanguage\":\"es-ES\",\"isPartOf\":{\"@id\":\"https:\\\/\\\/eldigitaldeasturias.com\\\/radio\\\/#website\"},\"breadcrumb\":{\"@id\":\"https:\\\/\\\/eldigitaldeasturias.com\\\/radio\\\/covid-19-el-principado-participa-en-la-red-estatal-de-control-de-las-aguas-residuales\\\/#breadcrumblist\"},\"author\":{\"@id\":\"https:\\\/\\\/eldigitaldeasturias.com\\\/radio\\\/author\\\/nbasturias\\\/#author\"},\"creator\":{\"@id\":\"https:\\\/\\\/eldigitaldeasturias.com\\\/radio\\\/author\\\/nbasturias\\\/#author\"},\"image\":{\"@type\":\"ImageObject\",\"url\":\"https:\\\/\\\/eldigitaldeasturias.com\\\/radio\\\/wp-content\\\/uploads\\\/2020\\\/06\\\/connection-4884862_640.jpg\",\"@id\":\"https:\\\/\\\/eldigitaldeasturias.com\\\/radio\\\/covid-19-el-principado-participa-en-la-red-estatal-de-control-de-las-aguas-residuales\\\/#mainImage\",\"width\":640,\"height\":436},\"primaryImageOfPage\":{\"@id\":\"https:\\\/\\\/eldigitaldeasturias.com\\\/radio\\\/covid-19-el-principado-participa-en-la-red-estatal-de-control-de-las-aguas-residuales\\\/#mainImage\"},\"datePublished\":\"2020-07-12T14:47:24+02:00\",\"dateModified\":\"2020-07-12T14:47:24+02:00\"},{\"@type\":\"WebSite\",\"@id\":\"https:\\\/\\\/eldigitaldeasturias.com\\\/radio\\\/#website\",\"url\":\"https:\\\/\\\/eldigitaldeasturias.com\\\/radio\\\/\",\"name\":\"El Digital de Asturias\",\"description\":\"Diario de informaci\\u00f3n y noticias\",\"inLanguage\":\"es-ES\",\"publisher\":{\"@id\":\"https:\\\/\\\/eldigitaldeasturias.com\\\/radio\\\/#organization\"}}]}\n\t\t<\/script>\n\t\t<!-- All in One SEO Pro -->\r\n\t\t<title>COVID-19: El Principado participa en la red estatal de control de las aguas residuales | El Digital de Asturias<\/title>\n\n","aioseo_head_json":{"title":"COVID-19: El Principado participa en la red estatal de control de las aguas residuales | El Digital de Asturias","description":"El Ministerio de Transici\u00f3n Ecol\u00f3gica y Reto Demogr\u00e1fico (MITERD), junto con la Consejer\u00eda de Administraci\u00f3n Auton\u00f3mica, Medio Ambiente y Cambio Clim\u00e1tico, ha seleccionado la depuradora de Villap\u00e9rez, en Oviedo, para que forme parte de la red de alerta de rebrote de COVID-19 a trav\u00e9s de la medida y el an\u00e1lisis de las aguas residuales, creada","canonical_url":"https:\/\/eldigitaldeasturias.com\/radio\/covid-19-el-principado-participa-en-la-red-estatal-de-control-de-las-aguas-residuales\/","robots":"max-image-preview:large","keywords":"noticias","webmasterTools":{"google-site-verification":"UA-38556648-1","miscellaneous":""},"schema":{"@context":"https:\/\/schema.org","@graph":[{"@type":"BreadcrumbList","@id":"https:\/\/eldigitaldeasturias.com\/radio\/covid-19-el-principado-participa-en-la-red-estatal-de-control-de-las-aguas-residuales\/#breadcrumblist","itemListElement":[{"@type":"ListItem","@id":"https:\/\/eldigitaldeasturias.com\/radio#listItem","position":1,"name":"Inicio","item":"https:\/\/eldigitaldeasturias.com\/radio","nextItem":{"@type":"ListItem","@id":"https:\/\/eldigitaldeasturias.com\/radio\/category\/noticias\/#listItem","name":"Noticias"}},{"@type":"ListItem","@id":"https:\/\/eldigitaldeasturias.com\/radio\/category\/noticias\/#listItem","position":2,"name":"Noticias","item":"https:\/\/eldigitaldeasturias.com\/radio\/category\/noticias\/","nextItem":{"@type":"ListItem","@id":"https:\/\/eldigitaldeasturias.com\/radio\/covid-19-el-principado-participa-en-la-red-estatal-de-control-de-las-aguas-residuales\/#listItem","name":"COVID-19: El Principado participa en la red estatal de control de las aguas residuales"},"previousItem":{"@type":"ListItem","@id":"https:\/\/eldigitaldeasturias.com\/radio#listItem","name":"Inicio"}},{"@type":"ListItem","@id":"https:\/\/eldigitaldeasturias.com\/radio\/covid-19-el-principado-participa-en-la-red-estatal-de-control-de-las-aguas-residuales\/#listItem","position":3,"name":"COVID-19: El Principado participa en la red estatal de control de las aguas residuales","previousItem":{"@type":"ListItem","@id":"https:\/\/eldigitaldeasturias.com\/radio\/category\/noticias\/#listItem","name":"Noticias"}}]},{"@type":"NewsArticle","@id":"https:\/\/eldigitaldeasturias.com\/radio\/covid-19-el-principado-participa-en-la-red-estatal-de-control-de-las-aguas-residuales\/#newsarticle","name":"COVID-19: El Principado participa en la red estatal de control de las aguas residuales | El Digital de Asturias","headline":"COVID-19: El Principado participa en la red estatal de control de las aguas residuales","author":{"@id":"https:\/\/eldigitaldeasturias.com\/radio\/author\/nbasturias\/#author"},"publisher":{"@id":"https:\/\/eldigitaldeasturias.com\/radio\/#organization"},"image":{"@type":"ImageObject","url":"https:\/\/eldigitaldeasturias.com\/radio\/wp-content\/uploads\/2020\/06\/connection-4884862_640.jpg","width":640,"height":436},"datePublished":"2020-07-12T14:47:24+02:00","dateModified":"2020-07-12T14:47:24+02:00","inLanguage":"es-ES","mainEntityOfPage":{"@id":"https:\/\/eldigitaldeasturias.com\/radio\/covid-19-el-principado-participa-en-la-red-estatal-de-control-de-las-aguas-residuales\/#webpage"},"isPartOf":{"@id":"https:\/\/eldigitaldeasturias.com\/radio\/covid-19-el-principado-participa-en-la-red-estatal-de-control-de-las-aguas-residuales\/#webpage"},"articleSection":"Noticias","dateline":"Publicado el julio 12, 2020."},{"@type":"Organization","@id":"https:\/\/eldigitaldeasturias.com\/radio\/#organization","name":"El digital de Asturias Radio","description":"Diario de informaci\u00f3n y noticias","url":"https:\/\/eldigitaldeasturias.com\/radio\/","telephone":"+34652131393","logo":{"@type":"ImageObject","url":"https:\/\/www.eldigitaldeasturias.com\/radio\/wp-content\/uploads\/2021\/03\/EDA.jpg","@id":"https:\/\/eldigitaldeasturias.com\/radio\/covid-19-el-principado-participa-en-la-red-estatal-de-control-de-las-aguas-residuales\/#organizationLogo"},"image":{"@id":"https:\/\/eldigitaldeasturias.com\/radio\/covid-19-el-principado-participa-en-la-red-estatal-de-control-de-las-aguas-residuales\/#organizationLogo"},"sameAs":["https:\/\/www.facebook.com\/","https:\/\/x.com\/bercodi","https:\/\/www.instagram.com\/","https:\/\/www.youtube.com\/channel\/UCZP-2wLEB9Rv6erhFmqVnvg"]},{"@type":"Person","@id":"https:\/\/eldigitaldeasturias.com\/radio\/author\/nbasturias\/#author","url":"https:\/\/eldigitaldeasturias.com\/radio\/author\/nbasturias\/","name":"NBAsturias","image":{"@type":"ImageObject","@id":"https:\/\/eldigitaldeasturias.com\/radio\/covid-19-el-principado-participa-en-la-red-estatal-de-control-de-las-aguas-residuales\/#authorImage","url":"https:\/\/secure.gravatar.com\/avatar\/df2aeffc32bcd13f8d26072ef8a91b623d677766deac7f97ca815868cd41bf5e?s=96&d=mm&r=g","width":96,"height":96,"caption":"NBAsturias"}},{"@type":"WebPage","@id":"https:\/\/eldigitaldeasturias.com\/radio\/covid-19-el-principado-participa-en-la-red-estatal-de-control-de-las-aguas-residuales\/#webpage","url":"https:\/\/eldigitaldeasturias.com\/radio\/covid-19-el-principado-participa-en-la-red-estatal-de-control-de-las-aguas-residuales\/","name":"COVID-19: El Principado participa en la red estatal de control de las aguas residuales | El Digital de Asturias","description":"El Ministerio de Transici\u00f3n Ecol\u00f3gica y Reto Demogr\u00e1fico (MITERD), junto con la Consejer\u00eda de Administraci\u00f3n Auton\u00f3mica, Medio Ambiente y Cambio Clim\u00e1tico, ha seleccionado la depuradora de Villap\u00e9rez, en Oviedo, para que forme parte de la red de alerta de rebrote de COVID-19 a trav\u00e9s de la medida y el an\u00e1lisis de las aguas residuales, creada","inLanguage":"es-ES","isPartOf":{"@id":"https:\/\/eldigitaldeasturias.com\/radio\/#website"},"breadcrumb":{"@id":"https:\/\/eldigitaldeasturias.com\/radio\/covid-19-el-principado-participa-en-la-red-estatal-de-control-de-las-aguas-residuales\/#breadcrumblist"},"author":{"@id":"https:\/\/eldigitaldeasturias.com\/radio\/author\/nbasturias\/#author"},"creator":{"@id":"https:\/\/eldigitaldeasturias.com\/radio\/author\/nbasturias\/#author"},"image":{"@type":"ImageObject","url":"https:\/\/eldigitaldeasturias.com\/radio\/wp-content\/uploads\/2020\/06\/connection-4884862_640.jpg","@id":"https:\/\/eldigitaldeasturias.com\/radio\/covid-19-el-principado-participa-en-la-red-estatal-de-control-de-las-aguas-residuales\/#mainImage","width":640,"height":436},"primaryImageOfPage":{"@id":"https:\/\/eldigitaldeasturias.com\/radio\/covid-19-el-principado-participa-en-la-red-estatal-de-control-de-las-aguas-residuales\/#mainImage"},"datePublished":"2020-07-12T14:47:24+02:00","dateModified":"2020-07-12T14:47:24+02:00"},{"@type":"WebSite","@id":"https:\/\/eldigitaldeasturias.com\/radio\/#website","url":"https:\/\/eldigitaldeasturias.com\/radio\/","name":"El Digital de Asturias","description":"Diario de informaci\u00f3n y noticias","inLanguage":"es-ES","publisher":{"@id":"https:\/\/eldigitaldeasturias.com\/radio\/#organization"}}]},"og:locale":"es_ES","og:site_name":"El Digital de Asturias | Diario de informaci\u00f3n y noticias","og:type":"article","og:title":"COVID-19: El Principado participa en la red estatal de control de las aguas residuales | El Digital de Asturias","og:description":"El Ministerio de Transici\u00f3n Ecol\u00f3gica y Reto Demogr\u00e1fico (MITERD), junto con la Consejer\u00eda de Administraci\u00f3n Auton\u00f3mica, Medio Ambiente y Cambio Clim\u00e1tico, ha seleccionado la depuradora de Villap\u00e9rez, en Oviedo, para que forme parte de la red de alerta de rebrote de COVID-19 a trav\u00e9s de la medida y el an\u00e1lisis de las aguas residuales, creada","og:url":"https:\/\/eldigitaldeasturias.com\/radio\/covid-19-el-principado-participa-en-la-red-estatal-de-control-de-las-aguas-residuales\/","og:image":"https:\/\/eldigitaldeasturias.com\/radio\/wp-content\/uploads\/2020\/06\/connection-4884862_640.jpg","og:image:secure_url":"https:\/\/eldigitaldeasturias.com\/radio\/wp-content\/uploads\/2020\/06\/connection-4884862_640.jpg","og:image:width":640,"og:image:height":436,"article:published_time":"2020-07-12T14:47:24+00:00","article:modified_time":"2020-07-12T14:47:24+00:00","twitter:card":"summary_large_image","twitter:site":"@bercodi","twitter:title":"COVID-19: El Principado participa en la red estatal de control de las aguas residuales | El Digital de Asturias","twitter:description":"El Ministerio de Transici\u00f3n Ecol\u00f3gica y Reto Demogr\u00e1fico (MITERD), junto con la Consejer\u00eda de Administraci\u00f3n Auton\u00f3mica, Medio Ambiente y Cambio Clim\u00e1tico, ha seleccionado la depuradora de Villap\u00e9rez, en Oviedo, para que forme parte de la red de alerta de rebrote de COVID-19 a trav\u00e9s de la medida y el an\u00e1lisis de las aguas residuales, creada","twitter:creator":"@bercodi","twitter:image":"https:\/\/eldigitaldeasturias.com\/radio\/wp-content\/uploads\/2020\/06\/connection-4884862_640.jpg"},"aioseo_meta_data":{"post_id":"4676","title":null,"description":"","keywords":"","keyphrases":null,"primary_term":null,"canonical_url":"","og_title":null,"og_description":null,"og_object_type":"default","og_image_type":"default","og_image_url":null,"og_image_width":null,"og_image_height":null,"og_image_custom_url":null,"og_image_custom_fields":null,"og_video":null,"og_custom_url":null,"og_article_section":null,"og_article_tags":null,"twitter_use_og":false,"twitter_card":"default","twitter_image_type":"default","twitter_image_url":null,"twitter_image_custom_url":null,"twitter_image_custom_fields":null,"twitter_title":null,"twitter_description":null,"schema":{"blockGraphs":[],"customGraphs":[],"default":{"data":{"Article":[],"Course":[],"Dataset":[],"FAQPage":[],"Movie":[],"Person":[],"Product":[],"ProductReview":[],"Car":[],"Recipe":[],"Service":[],"SoftwareApplication":[],"WebPage":[]},"graphName":"","isEnabled":true},"graphs":[],"defaultGraph":"","defaultPostTypeGraph":""},"schema_type":null,"schema_type_options":null,"pillar_content":false,"robots_default":true,"robots_noindex":false,"robots_noarchive":false,"robots_nosnippet":false,"robots_nofollow":false,"robots_noimageindex":false,"robots_noodp":false,"robots_notranslate":false,"robots_max_snippet":null,"robots_max_videopreview":null,"robots_max_imagepreview":"large","priority":null,"frequency":null,"location":null,"local_seo":null,"seo_analyzer_scan_date":"2025-08-28 16:29:35","breadcrumb_settings":null,"limit_modified_date":false,"open_ai":null,"ai":null,"created":"2021-03-25 10:20:09","updated":"2025-08-28 16:29:35"},"aioseo_breadcrumb":"<div class=\"aioseo-breadcrumbs\"><span class=\"aioseo-breadcrumb\">\n\t<a href=\"https:\/\/eldigitaldeasturias.com\/radio\" title=\"Inicio\">Inicio<\/a>\n<\/span><span class=\"aioseo-breadcrumb-separator\">&ndash;<\/span><span class=\"aioseo-breadcrumb\">\n\t<a href=\"https:\/\/eldigitaldeasturias.com\/radio\/category\/noticias\/\" title=\"Noticias\">Noticias<\/a>\n<\/span><span class=\"aioseo-breadcrumb-separator\">&ndash;<\/span><span class=\"aioseo-breadcrumb\">\n\tCOVID-19: El Principado participa en la red estatal de control de las aguas residuales\n<\/span><\/div>","aioseo_breadcrumb_json":[{"label":"Inicio","link":"https:\/\/eldigitaldeasturias.com\/radio"},{"label":"Noticias","link":"https:\/\/eldigitaldeasturias.com\/radio\/category\/noticias\/"},{"label":"COVID-19: El Principado participa en la red estatal de control de las aguas residuales","link":"https:\/\/eldigitaldeasturias.com\/radio\/covid-19-el-principado-participa-en-la-red-estatal-de-control-de-las-aguas-residuales\/"}],"_links":{"self":[{"href":"https:\/\/eldigitaldeasturias.com\/radio\/wp-json\/wp\/v2\/posts\/4676","targetHints":{"allow":["GET"]}}],"collection":[{"href":"https:\/\/eldigitaldeasturias.com\/radio\/wp-json\/wp\/v2\/posts"}],"about":[{"href":"https:\/\/eldigitaldeasturias.com\/radio\/wp-json\/wp\/v2\/types\/post"}],"author":[{"embeddable":true,"href":"https:\/\/eldigitaldeasturias.com\/radio\/wp-json\/wp\/v2\/users\/1"}],"replies":[{"embeddable":true,"href":"https:\/\/eldigitaldeasturias.com\/radio\/wp-json\/wp\/v2\/comments?post=4676"}],"version-history":[{"count":0,"href":"https:\/\/eldigitaldeasturias.com\/radio\/wp-json\/wp\/v2\/posts\/4676\/revisions"}],"wp:featuredmedia":[{"embeddable":true,"href":"https:\/\/eldigitaldeasturias.com\/radio\/wp-json\/wp\/v2\/media\/4405"}],"wp:attachment":[{"href":"https:\/\/eldigitaldeasturias.com\/radio\/wp-json\/wp\/v2\/media?parent=4676"}],"wp:term":[{"taxonomy":"category","embeddable":true,"href":"https:\/\/eldigitaldeasturias.com\/radio\/wp-json\/wp\/v2\/categories?post=4676"},{"taxonomy":"post_tag","embeddable":true,"href":"https:\/\/eldigitaldeasturias.com\/radio\/wp-json\/wp\/v2\/tags?post=4676"}],"curies":[{"name":"wp","href":"https:\/\/api.w.org\/{rel}","templated":true}]}}