{"id":4665,"date":"2020-07-08T15:15:21","date_gmt":"2020-07-08T15:15:21","guid":{"rendered":"http:\/\/www.eldigitaldeasturias.com\/radio\/?p=4665"},"modified":"2020-07-08T15:15:21","modified_gmt":"2020-07-08T15:15:21","slug":"beckenbauer-estaba-seguro-de-que-alemania-ganaria-mundial-italia-90","status":"publish","type":"post","link":"https:\/\/eldigitaldeasturias.com\/radio\/beckenbauer-estaba-seguro-de-que-alemania-ganaria-mundial-italia-90\/","title":{"rendered":"Beckenbauer estaba seguro de que Alemania ganar\u00eda Mundial Italia 90"},"content":{"rendered":"<figure id=\"attachment_4666\" aria-describedby=\"caption-attachment-4666\" style=\"width: 360px\" class=\"wp-caption alignleft\"><img fetchpriority=\"high\" decoding=\"async\" class=\"size-medium wp-image-4666\" src=\"http:\/\/www.eldigitaldeasturias.com\/radio\/wp-content\/uploads\/2020\/07\/Beckenbauer-360x262.jpg\" alt=\"\" width=\"360\" height=\"262\" srcset=\"https:\/\/eldigitaldeasturias.com\/radio\/wp-content\/uploads\/2020\/07\/Beckenbauer-360x262.jpg 360w, https:\/\/eldigitaldeasturias.com\/radio\/wp-content\/uploads\/2020\/07\/Beckenbauer-768x559.jpg 768w, https:\/\/eldigitaldeasturias.com\/radio\/wp-content\/uploads\/2020\/07\/Beckenbauer.jpg 926w\" sizes=\"(max-width: 360px) 100vw, 360px\" \/><figcaption id=\"caption-attachment-4666\" class=\"wp-caption-text\">El t\u00e9cnico de la selecci\u00f3n alemana de f\u00fatbol, Franz Beckenbauer (izq), y los jugadores Lothar Matth\u00e4us (M) und Andreas Brehme posan con la Copa del Mundo de 1990. Foto: Wolfgang Eilmes\/dpa<\/figcaption><\/figure>\n<p>Berl\u00edn, 8 jul (dpa) &#8211; Franz Beckenbauer, entrenador de la selecci\u00f3n alemana de f\u00fatbol campeona del Mundial de Italia 90, asegur\u00f3 que hace 30 a\u00f1os no ten\u00eda ninguna duda respecto del \u00e9xito que tendr\u00edan.<\/p>\n<p>\u00abCuando pienso en el Mundial de 1990, nunca tuve ni una pizca de temor a que no logr\u00e1ramos el t\u00edtulo\u00bb, dijo el ex futbolista de 74 a\u00f1os en declaraciones que publica hoy el peri\u00f3dico \u00abSport Bild\u00bb.<\/p>\n<p>\u00abTen\u00eda en claro: Si todo transcurre con normalidad, seremos campeones mundiales. Incluso dir\u00eda: De todos los mundiales que viv\u00ed, fue el m\u00e1s perfecto\u00bb, a\u00f1adi\u00f3.<\/p>\n<p>La selecci\u00f3n alemana se alz\u00f3 con la Copa Mundial en la final de Roma ante Argentina por 1-0 el 8 de julio de 1990.<\/p>\n<p>\u00abCreo que en 1990 fue cuando m\u00e1s merecimos ser campeones y tuvimos el camino m\u00e1s dif\u00edcil\u00bb, dijo el entonces capit\u00e1n Lothar Matth\u00e4us, de 59 a\u00f1os, en referencia a los cuatro t\u00edtulos mundiales de Alemania (1954, 1974, 1990 y 2014).<\/p>\n<p>Andreas Brehme, tambi\u00e9n de 59 a\u00f1os y quien anot\u00f3 el gol de la victoria contra los argentinos desde el punto de penal, habl\u00f3 en entrevista con los diarios de la red de medios RND sobre las horas posteriores a la victoria.<\/p>\n<p>\u00abPrimero, el entonces canciller alem\u00e1n Helmut Kohl se tom\u00f3 una cerveza con nosotros en los vestuarios del estadio ol\u00edmpico. Tras la ceremonia de entrega y todo eso, regresamos muy tarde al hotel, calculo que en torno a las dos de la ma\u00f1ana\u00bb.<\/p>\n<p>Seg\u00fan relat\u00f3, Beckenbauer convoc\u00f3 a todos a la sala de reuniones y les anunci\u00f3 que dejar\u00eda de ser entrenador. \u00abY que desde entonces todos deb\u00edamos tutearlo\u00bb, dijo Brehme, al que eso le cost\u00f3 mucho.<\/p>\n<p>\u00abPorque Franz es Franz, uno de los m\u00e1s grandes del f\u00fatbol mundial, a quien siempre admir\u00e9. En aquel entonces pens\u00e9 que no podr\u00eda. Si tuteo al entrenador, voy a sudar de los nervios\u00bb.<\/p>\n<p>&nbsp;<\/p>\n","protected":false},"excerpt":{"rendered":"<p>Berl\u00edn, 8 jul (dpa) &#8211; Franz Beckenbauer, entrenador de la selecci\u00f3n alemana de f\u00fatbol campeona del Mundial de Italia 90, asegur\u00f3 que hace 30 a\u00f1os no ten\u00eda ninguna duda respecto del \u00e9xito que tendr\u00edan. \u00abCuando pienso en el Mundial de 1990, nunca tuve ni una pizca de temor a que no logr\u00e1ramos el t\u00edtulo\u00bb, dijo<\/p>\n","protected":false},"author":1,"featured_media":4666,"comment_status":"closed","ping_status":"closed","sticky":false,"template":"","format":"standard","meta":{"footnotes":""},"categories":[1],"tags":[],"class_list":{"0":"post-4665","1":"post","2":"type-post","3":"status-publish","4":"format-standard","5":"has-post-thumbnail","7":"category-noticias"},"aioseo_notices":[],"aioseo_head":"\n\t\t<!-- All in One SEO Pro 4.9.6.2 - aioseo.com -->\n\t<meta name=\"description\" content=\"Berl\u00edn, 8 jul (dpa) - Franz Beckenbauer, entrenador de la selecci\u00f3n alemana de f\u00fatbol campeona del Mundial de Italia 90, asegur\u00f3 que hace 30 a\u00f1os no ten\u00eda ninguna duda respecto del \u00e9xito que tendr\u00edan. &quot;Cuando pienso en el Mundial de 1990, nunca tuve ni una pizca de temor a que no logr\u00e1ramos el t\u00edtulo&quot;, dijo\" \/>\n\t<meta name=\"robots\" content=\"max-image-preview:large\" \/>\n\t<meta name=\"author\" content=\"NBAsturias\"\/>\n\t<meta name=\"google-site-verification\" content=\"UA-38556648-1\" \/>\n\t<meta name=\"keywords\" content=\"noticias\" \/>\n\t<link rel=\"canonical\" href=\"https:\/\/eldigitaldeasturias.com\/radio\/beckenbauer-estaba-seguro-de-que-alemania-ganaria-mundial-italia-90\/\" \/>\n\t<meta name=\"generator\" content=\"All in One SEO Pro (AIOSEO) 4.9.6.2\" \/>\n\t\t<meta property=\"og:locale\" content=\"es_ES\" \/>\n\t\t<meta property=\"og:site_name\" content=\"El Digital de Asturias | Diario de informaci\u00f3n y noticias\" \/>\n\t\t<meta property=\"og:type\" content=\"article\" \/>\n\t\t<meta property=\"og:title\" content=\"Beckenbauer estaba seguro de que Alemania ganar\u00eda Mundial Italia 90 | El Digital de Asturias\" \/>\n\t\t<meta property=\"og:description\" content=\"Berl\u00edn, 8 jul (dpa) - Franz Beckenbauer, entrenador de la selecci\u00f3n alemana de f\u00fatbol campeona del Mundial de Italia 90, asegur\u00f3 que hace 30 a\u00f1os no ten\u00eda ninguna duda respecto del \u00e9xito que tendr\u00edan. &quot;Cuando pienso en el Mundial de 1990, nunca tuve ni una pizca de temor a que no logr\u00e1ramos el t\u00edtulo&quot;, dijo\" \/>\n\t\t<meta property=\"og:url\" content=\"https:\/\/eldigitaldeasturias.com\/radio\/beckenbauer-estaba-seguro-de-que-alemania-ganaria-mundial-italia-90\/\" \/>\n\t\t<meta property=\"og:image\" content=\"https:\/\/eldigitaldeasturias.com\/radio\/wp-content\/uploads\/2020\/07\/Beckenbauer.jpg\" \/>\n\t\t<meta property=\"og:image:secure_url\" content=\"https:\/\/eldigitaldeasturias.com\/radio\/wp-content\/uploads\/2020\/07\/Beckenbauer.jpg\" \/>\n\t\t<meta property=\"og:image:width\" content=\"926\" \/>\n\t\t<meta property=\"og:image:height\" content=\"674\" \/>\n\t\t<meta property=\"article:published_time\" content=\"2020-07-08T15:15:21+00:00\" \/>\n\t\t<meta property=\"article:modified_time\" content=\"2020-07-08T15:15:21+00:00\" \/>\n\t\t<meta name=\"twitter:card\" content=\"summary_large_image\" \/>\n\t\t<meta name=\"twitter:site\" content=\"@bercodi\" \/>\n\t\t<meta name=\"twitter:title\" content=\"Beckenbauer estaba seguro de que Alemania ganar\u00eda Mundial Italia 90 | El Digital de Asturias\" \/>\n\t\t<meta name=\"twitter:description\" content=\"Berl\u00edn, 8 jul (dpa) - Franz Beckenbauer, entrenador de la selecci\u00f3n alemana de f\u00fatbol campeona del Mundial de Italia 90, asegur\u00f3 que hace 30 a\u00f1os no ten\u00eda ninguna duda respecto del \u00e9xito que tendr\u00edan. &quot;Cuando pienso en el Mundial de 1990, nunca tuve ni una pizca de temor a que no logr\u00e1ramos el t\u00edtulo&quot;, dijo\" \/>\n\t\t<meta name=\"twitter:creator\" content=\"@bercodi\" \/>\n\t\t<meta name=\"twitter:image\" content=\"https:\/\/eldigitaldeasturias.com\/radio\/wp-content\/uploads\/2020\/07\/Beckenbauer.jpg\" \/>\n\t\t<script type=\"application\/ld+json\" class=\"aioseo-schema\">\n\t\t\t{\"@context\":\"https:\\\/\\\/schema.org\",\"@graph\":[{\"@type\":\"BreadcrumbList\",\"@id\":\"https:\\\/\\\/eldigitaldeasturias.com\\\/radio\\\/beckenbauer-estaba-seguro-de-que-alemania-ganaria-mundial-italia-90\\\/#breadcrumblist\",\"itemListElement\":[{\"@type\":\"ListItem\",\"@id\":\"https:\\\/\\\/eldigitaldeasturias.com\\\/radio#listItem\",\"position\":1,\"name\":\"Inicio\",\"item\":\"https:\\\/\\\/eldigitaldeasturias.com\\\/radio\",\"nextItem\":{\"@type\":\"ListItem\",\"@id\":\"https:\\\/\\\/eldigitaldeasturias.com\\\/radio\\\/category\\\/noticias\\\/#listItem\",\"name\":\"Noticias\"}},{\"@type\":\"ListItem\",\"@id\":\"https:\\\/\\\/eldigitaldeasturias.com\\\/radio\\\/category\\\/noticias\\\/#listItem\",\"position\":2,\"name\":\"Noticias\",\"item\":\"https:\\\/\\\/eldigitaldeasturias.com\\\/radio\\\/category\\\/noticias\\\/\",\"nextItem\":{\"@type\":\"ListItem\",\"@id\":\"https:\\\/\\\/eldigitaldeasturias.com\\\/radio\\\/beckenbauer-estaba-seguro-de-que-alemania-ganaria-mundial-italia-90\\\/#listItem\",\"name\":\"Beckenbauer estaba seguro de que Alemania ganar\\u00eda Mundial Italia 90\"},\"previousItem\":{\"@type\":\"ListItem\",\"@id\":\"https:\\\/\\\/eldigitaldeasturias.com\\\/radio#listItem\",\"name\":\"Inicio\"}},{\"@type\":\"ListItem\",\"@id\":\"https:\\\/\\\/eldigitaldeasturias.com\\\/radio\\\/beckenbauer-estaba-seguro-de-que-alemania-ganaria-mundial-italia-90\\\/#listItem\",\"position\":3,\"name\":\"Beckenbauer estaba seguro de que Alemania ganar\\u00eda Mundial Italia 90\",\"previousItem\":{\"@type\":\"ListItem\",\"@id\":\"https:\\\/\\\/eldigitaldeasturias.com\\\/radio\\\/category\\\/noticias\\\/#listItem\",\"name\":\"Noticias\"}}]},{\"@type\":\"NewsArticle\",\"@id\":\"https:\\\/\\\/eldigitaldeasturias.com\\\/radio\\\/beckenbauer-estaba-seguro-de-que-alemania-ganaria-mundial-italia-90\\\/#newsarticle\",\"name\":\"Beckenbauer estaba seguro de que Alemania ganar\\u00eda Mundial Italia 90 | El Digital de Asturias\",\"headline\":\"Beckenbauer estaba seguro de que Alemania ganar\\u00eda Mundial Italia 90\",\"author\":{\"@id\":\"https:\\\/\\\/eldigitaldeasturias.com\\\/radio\\\/author\\\/nbasturias\\\/#author\"},\"publisher\":{\"@id\":\"https:\\\/\\\/eldigitaldeasturias.com\\\/radio\\\/#organization\"},\"image\":{\"@type\":\"ImageObject\",\"url\":\"https:\\\/\\\/eldigitaldeasturias.com\\\/radio\\\/wp-content\\\/uploads\\\/2020\\\/07\\\/Beckenbauer.jpg\",\"width\":926,\"height\":674,\"caption\":\"El t\\u00e9cnico de la selecci\\u00f3n alemana de f\\u00fatbol, Franz Beckenbauer (izq), y los jugadores Lothar Matth\\u00e4us (M) und Andreas Brehme posan con la Copa del Mundo de 1990. Foto: Wolfgang Eilmes\\\/dpa\"},\"datePublished\":\"2020-07-08T15:15:21+02:00\",\"dateModified\":\"2020-07-08T15:15:21+02:00\",\"inLanguage\":\"es-ES\",\"mainEntityOfPage\":{\"@id\":\"https:\\\/\\\/eldigitaldeasturias.com\\\/radio\\\/beckenbauer-estaba-seguro-de-que-alemania-ganaria-mundial-italia-90\\\/#webpage\"},\"isPartOf\":{\"@id\":\"https:\\\/\\\/eldigitaldeasturias.com\\\/radio\\\/beckenbauer-estaba-seguro-de-que-alemania-ganaria-mundial-italia-90\\\/#webpage\"},\"articleSection\":\"Noticias\",\"dateline\":\"Publicado el julio 8, 2020.\"},{\"@type\":\"Organization\",\"@id\":\"https:\\\/\\\/eldigitaldeasturias.com\\\/radio\\\/#organization\",\"name\":\"El digital de Asturias Radio\",\"description\":\"Diario de informaci\\u00f3n y noticias\",\"url\":\"https:\\\/\\\/eldigitaldeasturias.com\\\/radio\\\/\",\"telephone\":\"+34652131393\",\"logo\":{\"@type\":\"ImageObject\",\"url\":\"https:\\\/\\\/www.eldigitaldeasturias.com\\\/radio\\\/wp-content\\\/uploads\\\/2021\\\/03\\\/EDA.jpg\",\"@id\":\"https:\\\/\\\/eldigitaldeasturias.com\\\/radio\\\/beckenbauer-estaba-seguro-de-que-alemania-ganaria-mundial-italia-90\\\/#organizationLogo\"},\"image\":{\"@id\":\"https:\\\/\\\/eldigitaldeasturias.com\\\/radio\\\/beckenbauer-estaba-seguro-de-que-alemania-ganaria-mundial-italia-90\\\/#organizationLogo\"},\"sameAs\":[\"https:\\\/\\\/www.facebook.com\\\/\",\"https:\\\/\\\/x.com\\\/bercodi\",\"https:\\\/\\\/www.instagram.com\\\/\",\"https:\\\/\\\/www.youtube.com\\\/channel\\\/UCZP-2wLEB9Rv6erhFmqVnvg\"]},{\"@type\":\"Person\",\"@id\":\"https:\\\/\\\/eldigitaldeasturias.com\\\/radio\\\/author\\\/nbasturias\\\/#author\",\"url\":\"https:\\\/\\\/eldigitaldeasturias.com\\\/radio\\\/author\\\/nbasturias\\\/\",\"name\":\"NBAsturias\",\"image\":{\"@type\":\"ImageObject\",\"@id\":\"https:\\\/\\\/eldigitaldeasturias.com\\\/radio\\\/beckenbauer-estaba-seguro-de-que-alemania-ganaria-mundial-italia-90\\\/#authorImage\",\"url\":\"https:\\\/\\\/secure.gravatar.com\\\/avatar\\\/df2aeffc32bcd13f8d26072ef8a91b623d677766deac7f97ca815868cd41bf5e?s=96&d=mm&r=g\",\"width\":96,\"height\":96,\"caption\":\"NBAsturias\"}},{\"@type\":\"WebPage\",\"@id\":\"https:\\\/\\\/eldigitaldeasturias.com\\\/radio\\\/beckenbauer-estaba-seguro-de-que-alemania-ganaria-mundial-italia-90\\\/#webpage\",\"url\":\"https:\\\/\\\/eldigitaldeasturias.com\\\/radio\\\/beckenbauer-estaba-seguro-de-que-alemania-ganaria-mundial-italia-90\\\/\",\"name\":\"Beckenbauer estaba seguro de que Alemania ganar\\u00eda Mundial Italia 90 | El Digital de Asturias\",\"description\":\"Berl\\u00edn, 8 jul (dpa) - Franz Beckenbauer, entrenador de la selecci\\u00f3n alemana de f\\u00fatbol campeona del Mundial de Italia 90, asegur\\u00f3 que hace 30 a\\u00f1os no ten\\u00eda ninguna duda respecto del \\u00e9xito que tendr\\u00edan. \\\"Cuando pienso en el Mundial de 1990, nunca tuve ni una pizca de temor a que no logr\\u00e1ramos el t\\u00edtulo\\\", dijo\",\"inLanguage\":\"es-ES\",\"isPartOf\":{\"@id\":\"https:\\\/\\\/eldigitaldeasturias.com\\\/radio\\\/#website\"},\"breadcrumb\":{\"@id\":\"https:\\\/\\\/eldigitaldeasturias.com\\\/radio\\\/beckenbauer-estaba-seguro-de-que-alemania-ganaria-mundial-italia-90\\\/#breadcrumblist\"},\"author\":{\"@id\":\"https:\\\/\\\/eldigitaldeasturias.com\\\/radio\\\/author\\\/nbasturias\\\/#author\"},\"creator\":{\"@id\":\"https:\\\/\\\/eldigitaldeasturias.com\\\/radio\\\/author\\\/nbasturias\\\/#author\"},\"image\":{\"@type\":\"ImageObject\",\"url\":\"https:\\\/\\\/eldigitaldeasturias.com\\\/radio\\\/wp-content\\\/uploads\\\/2020\\\/07\\\/Beckenbauer.jpg\",\"@id\":\"https:\\\/\\\/eldigitaldeasturias.com\\\/radio\\\/beckenbauer-estaba-seguro-de-que-alemania-ganaria-mundial-italia-90\\\/#mainImage\",\"width\":926,\"height\":674,\"caption\":\"El t\\u00e9cnico de la selecci\\u00f3n alemana de f\\u00fatbol, Franz Beckenbauer (izq), y los jugadores Lothar Matth\\u00e4us (M) und Andreas Brehme posan con la Copa del Mundo de 1990. Foto: Wolfgang Eilmes\\\/dpa\"},\"primaryImageOfPage\":{\"@id\":\"https:\\\/\\\/eldigitaldeasturias.com\\\/radio\\\/beckenbauer-estaba-seguro-de-que-alemania-ganaria-mundial-italia-90\\\/#mainImage\"},\"datePublished\":\"2020-07-08T15:15:21+02:00\",\"dateModified\":\"2020-07-08T15:15:21+02:00\"},{\"@type\":\"WebSite\",\"@id\":\"https:\\\/\\\/eldigitaldeasturias.com\\\/radio\\\/#website\",\"url\":\"https:\\\/\\\/eldigitaldeasturias.com\\\/radio\\\/\",\"name\":\"El Digital de Asturias\",\"description\":\"Diario de informaci\\u00f3n y noticias\",\"inLanguage\":\"es-ES\",\"publisher\":{\"@id\":\"https:\\\/\\\/eldigitaldeasturias.com\\\/radio\\\/#organization\"}}]}\n\t\t<\/script>\n\t\t<!-- All in One SEO Pro -->\r\n\t\t<title>Beckenbauer estaba seguro de que Alemania ganar\u00eda Mundial Italia 90 | El Digital de Asturias<\/title>\n\n","aioseo_head_json":{"title":"Beckenbauer estaba seguro de que Alemania ganar\u00eda Mundial Italia 90 | El Digital de Asturias","description":"Berl\u00edn, 8 jul (dpa) - Franz Beckenbauer, entrenador de la selecci\u00f3n alemana de f\u00fatbol campeona del Mundial de Italia 90, asegur\u00f3 que hace 30 a\u00f1os no ten\u00eda ninguna duda respecto del \u00e9xito que tendr\u00edan. \"Cuando pienso en el Mundial de 1990, nunca tuve ni una pizca de temor a que no logr\u00e1ramos el t\u00edtulo\", dijo","canonical_url":"https:\/\/eldigitaldeasturias.com\/radio\/beckenbauer-estaba-seguro-de-que-alemania-ganaria-mundial-italia-90\/","robots":"max-image-preview:large","keywords":"noticias","webmasterTools":{"google-site-verification":"UA-38556648-1","miscellaneous":""},"schema":{"@context":"https:\/\/schema.org","@graph":[{"@type":"BreadcrumbList","@id":"https:\/\/eldigitaldeasturias.com\/radio\/beckenbauer-estaba-seguro-de-que-alemania-ganaria-mundial-italia-90\/#breadcrumblist","itemListElement":[{"@type":"ListItem","@id":"https:\/\/eldigitaldeasturias.com\/radio#listItem","position":1,"name":"Inicio","item":"https:\/\/eldigitaldeasturias.com\/radio","nextItem":{"@type":"ListItem","@id":"https:\/\/eldigitaldeasturias.com\/radio\/category\/noticias\/#listItem","name":"Noticias"}},{"@type":"ListItem","@id":"https:\/\/eldigitaldeasturias.com\/radio\/category\/noticias\/#listItem","position":2,"name":"Noticias","item":"https:\/\/eldigitaldeasturias.com\/radio\/category\/noticias\/","nextItem":{"@type":"ListItem","@id":"https:\/\/eldigitaldeasturias.com\/radio\/beckenbauer-estaba-seguro-de-que-alemania-ganaria-mundial-italia-90\/#listItem","name":"Beckenbauer estaba seguro de que Alemania ganar\u00eda Mundial Italia 90"},"previousItem":{"@type":"ListItem","@id":"https:\/\/eldigitaldeasturias.com\/radio#listItem","name":"Inicio"}},{"@type":"ListItem","@id":"https:\/\/eldigitaldeasturias.com\/radio\/beckenbauer-estaba-seguro-de-que-alemania-ganaria-mundial-italia-90\/#listItem","position":3,"name":"Beckenbauer estaba seguro de que Alemania ganar\u00eda Mundial Italia 90","previousItem":{"@type":"ListItem","@id":"https:\/\/eldigitaldeasturias.com\/radio\/category\/noticias\/#listItem","name":"Noticias"}}]},{"@type":"NewsArticle","@id":"https:\/\/eldigitaldeasturias.com\/radio\/beckenbauer-estaba-seguro-de-que-alemania-ganaria-mundial-italia-90\/#newsarticle","name":"Beckenbauer estaba seguro de que Alemania ganar\u00eda Mundial Italia 90 | El Digital de Asturias","headline":"Beckenbauer estaba seguro de que Alemania ganar\u00eda Mundial Italia 90","author":{"@id":"https:\/\/eldigitaldeasturias.com\/radio\/author\/nbasturias\/#author"},"publisher":{"@id":"https:\/\/eldigitaldeasturias.com\/radio\/#organization"},"image":{"@type":"ImageObject","url":"https:\/\/eldigitaldeasturias.com\/radio\/wp-content\/uploads\/2020\/07\/Beckenbauer.jpg","width":926,"height":674,"caption":"El t\u00e9cnico de la selecci\u00f3n alemana de f\u00fatbol, Franz Beckenbauer (izq), y los jugadores Lothar Matth\u00e4us (M) und Andreas Brehme posan con la Copa del Mundo de 1990. Foto: Wolfgang Eilmes\/dpa"},"datePublished":"2020-07-08T15:15:21+02:00","dateModified":"2020-07-08T15:15:21+02:00","inLanguage":"es-ES","mainEntityOfPage":{"@id":"https:\/\/eldigitaldeasturias.com\/radio\/beckenbauer-estaba-seguro-de-que-alemania-ganaria-mundial-italia-90\/#webpage"},"isPartOf":{"@id":"https:\/\/eldigitaldeasturias.com\/radio\/beckenbauer-estaba-seguro-de-que-alemania-ganaria-mundial-italia-90\/#webpage"},"articleSection":"Noticias","dateline":"Publicado el julio 8, 2020."},{"@type":"Organization","@id":"https:\/\/eldigitaldeasturias.com\/radio\/#organization","name":"El digital de Asturias Radio","description":"Diario de informaci\u00f3n y noticias","url":"https:\/\/eldigitaldeasturias.com\/radio\/","telephone":"+34652131393","logo":{"@type":"ImageObject","url":"https:\/\/www.eldigitaldeasturias.com\/radio\/wp-content\/uploads\/2021\/03\/EDA.jpg","@id":"https:\/\/eldigitaldeasturias.com\/radio\/beckenbauer-estaba-seguro-de-que-alemania-ganaria-mundial-italia-90\/#organizationLogo"},"image":{"@id":"https:\/\/eldigitaldeasturias.com\/radio\/beckenbauer-estaba-seguro-de-que-alemania-ganaria-mundial-italia-90\/#organizationLogo"},"sameAs":["https:\/\/www.facebook.com\/","https:\/\/x.com\/bercodi","https:\/\/www.instagram.com\/","https:\/\/www.youtube.com\/channel\/UCZP-2wLEB9Rv6erhFmqVnvg"]},{"@type":"Person","@id":"https:\/\/eldigitaldeasturias.com\/radio\/author\/nbasturias\/#author","url":"https:\/\/eldigitaldeasturias.com\/radio\/author\/nbasturias\/","name":"NBAsturias","image":{"@type":"ImageObject","@id":"https:\/\/eldigitaldeasturias.com\/radio\/beckenbauer-estaba-seguro-de-que-alemania-ganaria-mundial-italia-90\/#authorImage","url":"https:\/\/secure.gravatar.com\/avatar\/df2aeffc32bcd13f8d26072ef8a91b623d677766deac7f97ca815868cd41bf5e?s=96&d=mm&r=g","width":96,"height":96,"caption":"NBAsturias"}},{"@type":"WebPage","@id":"https:\/\/eldigitaldeasturias.com\/radio\/beckenbauer-estaba-seguro-de-que-alemania-ganaria-mundial-italia-90\/#webpage","url":"https:\/\/eldigitaldeasturias.com\/radio\/beckenbauer-estaba-seguro-de-que-alemania-ganaria-mundial-italia-90\/","name":"Beckenbauer estaba seguro de que Alemania ganar\u00eda Mundial Italia 90 | El Digital de Asturias","description":"Berl\u00edn, 8 jul (dpa) - Franz Beckenbauer, entrenador de la selecci\u00f3n alemana de f\u00fatbol campeona del Mundial de Italia 90, asegur\u00f3 que hace 30 a\u00f1os no ten\u00eda ninguna duda respecto del \u00e9xito que tendr\u00edan. \"Cuando pienso en el Mundial de 1990, nunca tuve ni una pizca de temor a que no logr\u00e1ramos el t\u00edtulo\", dijo","inLanguage":"es-ES","isPartOf":{"@id":"https:\/\/eldigitaldeasturias.com\/radio\/#website"},"breadcrumb":{"@id":"https:\/\/eldigitaldeasturias.com\/radio\/beckenbauer-estaba-seguro-de-que-alemania-ganaria-mundial-italia-90\/#breadcrumblist"},"author":{"@id":"https:\/\/eldigitaldeasturias.com\/radio\/author\/nbasturias\/#author"},"creator":{"@id":"https:\/\/eldigitaldeasturias.com\/radio\/author\/nbasturias\/#author"},"image":{"@type":"ImageObject","url":"https:\/\/eldigitaldeasturias.com\/radio\/wp-content\/uploads\/2020\/07\/Beckenbauer.jpg","@id":"https:\/\/eldigitaldeasturias.com\/radio\/beckenbauer-estaba-seguro-de-que-alemania-ganaria-mundial-italia-90\/#mainImage","width":926,"height":674,"caption":"El t\u00e9cnico de la selecci\u00f3n alemana de f\u00fatbol, Franz Beckenbauer (izq), y los jugadores Lothar Matth\u00e4us (M) und Andreas Brehme posan con la Copa del Mundo de 1990. Foto: Wolfgang Eilmes\/dpa"},"primaryImageOfPage":{"@id":"https:\/\/eldigitaldeasturias.com\/radio\/beckenbauer-estaba-seguro-de-que-alemania-ganaria-mundial-italia-90\/#mainImage"},"datePublished":"2020-07-08T15:15:21+02:00","dateModified":"2020-07-08T15:15:21+02:00"},{"@type":"WebSite","@id":"https:\/\/eldigitaldeasturias.com\/radio\/#website","url":"https:\/\/eldigitaldeasturias.com\/radio\/","name":"El Digital de Asturias","description":"Diario de informaci\u00f3n y noticias","inLanguage":"es-ES","publisher":{"@id":"https:\/\/eldigitaldeasturias.com\/radio\/#organization"}}]},"og:locale":"es_ES","og:site_name":"El Digital de Asturias | Diario de informaci\u00f3n y noticias","og:type":"article","og:title":"Beckenbauer estaba seguro de que Alemania ganar\u00eda Mundial Italia 90 | El Digital de Asturias","og:description":"Berl\u00edn, 8 jul (dpa) - Franz Beckenbauer, entrenador de la selecci\u00f3n alemana de f\u00fatbol campeona del Mundial de Italia 90, asegur\u00f3 que hace 30 a\u00f1os no ten\u00eda ninguna duda respecto del \u00e9xito que tendr\u00edan. &quot;Cuando pienso en el Mundial de 1990, nunca tuve ni una pizca de temor a que no logr\u00e1ramos el t\u00edtulo&quot;, dijo","og:url":"https:\/\/eldigitaldeasturias.com\/radio\/beckenbauer-estaba-seguro-de-que-alemania-ganaria-mundial-italia-90\/","og:image":"https:\/\/eldigitaldeasturias.com\/radio\/wp-content\/uploads\/2020\/07\/Beckenbauer.jpg","og:image:secure_url":"https:\/\/eldigitaldeasturias.com\/radio\/wp-content\/uploads\/2020\/07\/Beckenbauer.jpg","og:image:width":926,"og:image:height":674,"article:published_time":"2020-07-08T15:15:21+00:00","article:modified_time":"2020-07-08T15:15:21+00:00","twitter:card":"summary_large_image","twitter:site":"@bercodi","twitter:title":"Beckenbauer estaba seguro de que Alemania ganar\u00eda Mundial Italia 90 | El Digital de Asturias","twitter:description":"Berl\u00edn, 8 jul (dpa) - Franz Beckenbauer, entrenador de la selecci\u00f3n alemana de f\u00fatbol campeona del Mundial de Italia 90, asegur\u00f3 que hace 30 a\u00f1os no ten\u00eda ninguna duda respecto del \u00e9xito que tendr\u00edan. &quot;Cuando pienso en el Mundial de 1990, nunca tuve ni una pizca de temor a que no logr\u00e1ramos el t\u00edtulo&quot;, dijo","twitter:creator":"@bercodi","twitter:image":"https:\/\/eldigitaldeasturias.com\/radio\/wp-content\/uploads\/2020\/07\/Beckenbauer.jpg"},"aioseo_meta_data":{"post_id":"4665","title":null,"description":null,"keywords":null,"keyphrases":null,"primary_term":null,"canonical_url":null,"og_title":null,"og_description":null,"og_object_type":"default","og_image_type":"default","og_image_url":null,"og_image_width":null,"og_image_height":null,"og_image_custom_url":null,"og_image_custom_fields":null,"og_video":null,"og_custom_url":null,"og_article_section":null,"og_article_tags":null,"twitter_use_og":false,"twitter_card":"default","twitter_image_type":"default","twitter_image_url":null,"twitter_image_custom_url":null,"twitter_image_custom_fields":null,"twitter_title":null,"twitter_description":null,"schema":{"blockGraphs":[],"customGraphs":[],"default":{"data":{"Article":[],"Course":[],"Dataset":[],"FAQPage":[],"Movie":[],"Person":[],"Product":[],"ProductReview":[],"Car":[],"Recipe":[],"Service":[],"SoftwareApplication":[],"WebPage":[]},"graphName":"","isEnabled":true},"graphs":[],"defaultGraph":"","defaultPostTypeGraph":""},"schema_type":null,"schema_type_options":null,"pillar_content":false,"robots_default":true,"robots_noindex":false,"robots_noarchive":false,"robots_nosnippet":false,"robots_nofollow":false,"robots_noimageindex":false,"robots_noodp":false,"robots_notranslate":false,"robots_max_snippet":null,"robots_max_videopreview":null,"robots_max_imagepreview":"large","priority":null,"frequency":null,"location":null,"local_seo":null,"seo_analyzer_scan_date":"2025-08-28 16:29:32","breadcrumb_settings":null,"limit_modified_date":false,"open_ai":null,"ai":null,"created":"2021-03-25 10:20:09","updated":"2025-08-28 16:29:32"},"aioseo_breadcrumb":"<div class=\"aioseo-breadcrumbs\"><span class=\"aioseo-breadcrumb\">\n\t<a href=\"https:\/\/eldigitaldeasturias.com\/radio\" title=\"Inicio\">Inicio<\/a>\n<\/span><span class=\"aioseo-breadcrumb-separator\">&ndash;<\/span><span class=\"aioseo-breadcrumb\">\n\t<a href=\"https:\/\/eldigitaldeasturias.com\/radio\/category\/noticias\/\" title=\"Noticias\">Noticias<\/a>\n<\/span><span class=\"aioseo-breadcrumb-separator\">&ndash;<\/span><span class=\"aioseo-breadcrumb\">\n\tBeckenbauer estaba seguro de que Alemania ganar\u00eda Mundial Italia 90\n<\/span><\/div>","aioseo_breadcrumb_json":[{"label":"Inicio","link":"https:\/\/eldigitaldeasturias.com\/radio"},{"label":"Noticias","link":"https:\/\/eldigitaldeasturias.com\/radio\/category\/noticias\/"},{"label":"Beckenbauer estaba seguro de que Alemania ganar\u00eda Mundial Italia 90","link":"https:\/\/eldigitaldeasturias.com\/radio\/beckenbauer-estaba-seguro-de-que-alemania-ganaria-mundial-italia-90\/"}],"_links":{"self":[{"href":"https:\/\/eldigitaldeasturias.com\/radio\/wp-json\/wp\/v2\/posts\/4665","targetHints":{"allow":["GET"]}}],"collection":[{"href":"https:\/\/eldigitaldeasturias.com\/radio\/wp-json\/wp\/v2\/posts"}],"about":[{"href":"https:\/\/eldigitaldeasturias.com\/radio\/wp-json\/wp\/v2\/types\/post"}],"author":[{"embeddable":true,"href":"https:\/\/eldigitaldeasturias.com\/radio\/wp-json\/wp\/v2\/users\/1"}],"replies":[{"embeddable":true,"href":"https:\/\/eldigitaldeasturias.com\/radio\/wp-json\/wp\/v2\/comments?post=4665"}],"version-history":[{"count":0,"href":"https:\/\/eldigitaldeasturias.com\/radio\/wp-json\/wp\/v2\/posts\/4665\/revisions"}],"wp:featuredmedia":[{"embeddable":true,"href":"https:\/\/eldigitaldeasturias.com\/radio\/wp-json\/wp\/v2\/media\/4666"}],"wp:attachment":[{"href":"https:\/\/eldigitaldeasturias.com\/radio\/wp-json\/wp\/v2\/media?parent=4665"}],"wp:term":[{"taxonomy":"category","embeddable":true,"href":"https:\/\/eldigitaldeasturias.com\/radio\/wp-json\/wp\/v2\/categories?post=4665"},{"taxonomy":"post_tag","embeddable":true,"href":"https:\/\/eldigitaldeasturias.com\/radio\/wp-json\/wp\/v2\/tags?post=4665"}],"curies":[{"name":"wp","href":"https:\/\/api.w.org\/{rel}","templated":true}]}}