{"id":4647,"date":"2020-07-04T03:20:05","date_gmt":"2020-07-04T03:20:05","guid":{"rendered":"http:\/\/www.eldigitaldeasturias.com\/radio\/?p=4647"},"modified":"2020-07-04T03:20:05","modified_gmt":"2020-07-04T03:20:05","slug":"noticias-del-sector-turistico-malta-suiza-y-singapur","status":"publish","type":"post","link":"https:\/\/eldigitaldeasturias.com\/radio\/noticias-del-sector-turistico-malta-suiza-y-singapur\/","title":{"rendered":"Noticias del sector tur\u00edstico: Malta, Suiza y Singapur"},"content":{"rendered":"<p>(dpa) &#8211; Desde principios de julio, Malta abrir\u00e1 su espacio \u00e1ereo a los vuelos internacionales. Su aeropuerto ser\u00e1 reabierto a partir de esa fecha, seg\u00fan anunci\u00f3 la Autoridad Tur\u00edstica de Malta.<\/p>\n<figure id=\"attachment_4648\" aria-describedby=\"caption-attachment-4648\" style=\"width: 650px\" class=\"wp-caption aligncenter\"><img fetchpriority=\"high\" decoding=\"async\" class=\"wp-image-4648\" src=\"http:\/\/www.eldigitaldeasturias.com\/radio\/wp-content\/uploads\/2020\/07\/noticias-turismo-360x239.jpg\" alt=\"\" width=\"650\" height=\"431\" srcset=\"https:\/\/eldigitaldeasturias.com\/radio\/wp-content\/uploads\/2020\/07\/noticias-turismo-360x239.jpg 360w, https:\/\/eldigitaldeasturias.com\/radio\/wp-content\/uploads\/2020\/07\/noticias-turismo-768x510.jpg 768w, https:\/\/eldigitaldeasturias.com\/radio\/wp-content\/uploads\/2020\/07\/noticias-turismo.jpg 1002w\" sizes=\"(max-width: 650px) 100vw, 650px\" \/><figcaption id=\"caption-attachment-4648\" class=\"wp-caption-text\">Atardecer en Malta: la isla permitir\u00e1 el ingreso de turistas provenientes de 19 pa\u00edses a partir del 1 de julio. Foto: Philipp Laage\/dpa-tmn<\/figcaption><\/figure>\n<p>No obstante, solo los ciudadanos de 19 pa\u00edses podr\u00e1n volver a entrar en el pa\u00eds insular y evitar\u00e1n la hasta ahora obligatoria cuarentena de 14 d\u00edas vigente a causa de la pandemia de coronavirus.<\/p>\n<h3><strong>En Suiza, el Ferrocarril R\u00e9tico reanuda su servicio<\/strong><\/h3>\n<p>Desde mediados de junio, el Ferrocarril R\u00e9tico vuelve dar servicio a sus pasajeros habituales y a los turistas que visiten el cant\u00f3n suizo de los Grisones.<\/p>\n<p>La compa\u00f1\u00eda ferroviaria anunci\u00f3 que los trenes de pasajeros regionales vuelven a operar en su horario normal. Los trenes que reiniciaron el servicio en primer lugar fueron los que ten\u00edan origen y destino en Campocologno.<\/p>\n<p>El tren tur\u00edstico panor\u00e1mico Bernina Express tambi\u00e9n lo hizo con un servicio de ocupaci\u00f3n reducida, inicialmente con un tren en cada sentido.<\/p>\n<p>En las mismas condiciones, el tambi\u00e9n tren tur\u00edstico panor\u00e1mico Glacier Express comenzar\u00e1 a dar servicio nuevamente el 20 de junio.<\/p>\n<h3><strong>La aerol\u00ednea Scoot cancela sus vuelos de Berl\u00edn a Singapur<\/strong><\/h3>\n<p>La aerol\u00ednea de bajo coste Scoot suspendi\u00f3 los vuelos que cubr\u00edan la ruta entre Berl\u00edn y Singapur. La compa\u00f1\u00eda anunci\u00f3 que la conexi\u00f3n directa no volver\u00e1 a ser operativa hasta finales de marzo de 2021 debido a la falta de demanda.<\/p>\n<p>Los pasajeros afectados por la cancelaci\u00f3n de vuelos recibir\u00e1n un reembolso del precio de los billetes o un vale equivalente al 120 por ciento de su valor y con una validez de doce meses. Scoot es una filial de Singapore Airlines.<\/p>\n<p>&nbsp;<\/p>\n","protected":false},"excerpt":{"rendered":"<p>(dpa) &#8211; Desde principios de julio, Malta abrir\u00e1 su espacio \u00e1ereo a los vuelos internacionales. Su aeropuerto ser\u00e1 reabierto a partir de esa fecha, seg\u00fan anunci\u00f3 la Autoridad Tur\u00edstica de Malta. No obstante, solo los ciudadanos de 19 pa\u00edses podr\u00e1n volver a entrar en el pa\u00eds insular y evitar\u00e1n la hasta ahora obligatoria cuarentena de<\/p>\n","protected":false},"author":1,"featured_media":4648,"comment_status":"closed","ping_status":"closed","sticky":false,"template":"","format":"standard","meta":{"footnotes":""},"categories":[34],"tags":[],"class_list":{"0":"post-4647","1":"post","2":"type-post","3":"status-publish","4":"format-standard","5":"has-post-thumbnail","7":"category-turismo"},"aioseo_notices":[],"aioseo_head":"\n\t\t<!-- All in One SEO Pro 4.9.6.2 - aioseo.com -->\n\t<meta name=\"description\" content=\"(dpa) - Desde principios de julio, Malta abrir\u00e1 su espacio \u00e1ereo a los vuelos internacionales. Su aeropuerto ser\u00e1 reabierto a partir de esa fecha, seg\u00fan anunci\u00f3 la Autoridad Tur\u00edstica de Malta. No obstante, solo los ciudadanos de 19 pa\u00edses podr\u00e1n volver a entrar en el pa\u00eds insular y evitar\u00e1n la hasta ahora obligatoria cuarentena de\" \/>\n\t<meta name=\"robots\" content=\"max-image-preview:large\" \/>\n\t<meta name=\"author\" content=\"NBAsturias\"\/>\n\t<meta name=\"google-site-verification\" content=\"UA-38556648-1\" \/>\n\t<meta name=\"keywords\" content=\"turismo\" \/>\n\t<link rel=\"canonical\" href=\"https:\/\/eldigitaldeasturias.com\/radio\/noticias-del-sector-turistico-malta-suiza-y-singapur\/\" \/>\n\t<meta name=\"generator\" content=\"All in One SEO Pro (AIOSEO) 4.9.6.2\" \/>\n\t\t<meta property=\"og:locale\" content=\"es_ES\" \/>\n\t\t<meta property=\"og:site_name\" content=\"El Digital de Asturias | Diario de informaci\u00f3n y noticias\" \/>\n\t\t<meta property=\"og:type\" content=\"article\" \/>\n\t\t<meta property=\"og:title\" content=\"Noticias del sector tur\u00edstico: Malta, Suiza y Singapur | El Digital de Asturias\" \/>\n\t\t<meta property=\"og:description\" content=\"(dpa) - Desde principios de julio, Malta abrir\u00e1 su espacio \u00e1ereo a los vuelos internacionales. Su aeropuerto ser\u00e1 reabierto a partir de esa fecha, seg\u00fan anunci\u00f3 la Autoridad Tur\u00edstica de Malta. No obstante, solo los ciudadanos de 19 pa\u00edses podr\u00e1n volver a entrar en el pa\u00eds insular y evitar\u00e1n la hasta ahora obligatoria cuarentena de\" \/>\n\t\t<meta property=\"og:url\" content=\"https:\/\/eldigitaldeasturias.com\/radio\/noticias-del-sector-turistico-malta-suiza-y-singapur\/\" \/>\n\t\t<meta property=\"og:image\" content=\"https:\/\/eldigitaldeasturias.com\/radio\/wp-content\/uploads\/2020\/07\/noticias-turismo.jpg\" \/>\n\t\t<meta property=\"og:image:secure_url\" content=\"https:\/\/eldigitaldeasturias.com\/radio\/wp-content\/uploads\/2020\/07\/noticias-turismo.jpg\" \/>\n\t\t<meta property=\"og:image:width\" content=\"1002\" \/>\n\t\t<meta property=\"og:image:height\" content=\"665\" \/>\n\t\t<meta property=\"article:published_time\" content=\"2020-07-04T03:20:05+00:00\" \/>\n\t\t<meta property=\"article:modified_time\" content=\"2020-07-04T03:20:05+00:00\" \/>\n\t\t<meta name=\"twitter:card\" content=\"summary_large_image\" \/>\n\t\t<meta name=\"twitter:site\" content=\"@bercodi\" \/>\n\t\t<meta name=\"twitter:title\" content=\"Noticias del sector tur\u00edstico: Malta, Suiza y Singapur | El Digital de Asturias\" \/>\n\t\t<meta name=\"twitter:description\" content=\"(dpa) - Desde principios de julio, Malta abrir\u00e1 su espacio \u00e1ereo a los vuelos internacionales. Su aeropuerto ser\u00e1 reabierto a partir de esa fecha, seg\u00fan anunci\u00f3 la Autoridad Tur\u00edstica de Malta. No obstante, solo los ciudadanos de 19 pa\u00edses podr\u00e1n volver a entrar en el pa\u00eds insular y evitar\u00e1n la hasta ahora obligatoria cuarentena de\" \/>\n\t\t<meta name=\"twitter:creator\" content=\"@bercodi\" \/>\n\t\t<meta name=\"twitter:image\" content=\"https:\/\/eldigitaldeasturias.com\/radio\/wp-content\/uploads\/2020\/07\/noticias-turismo.jpg\" \/>\n\t\t<script type=\"application\/ld+json\" class=\"aioseo-schema\">\n\t\t\t{\"@context\":\"https:\\\/\\\/schema.org\",\"@graph\":[{\"@type\":\"BreadcrumbList\",\"@id\":\"https:\\\/\\\/eldigitaldeasturias.com\\\/radio\\\/noticias-del-sector-turistico-malta-suiza-y-singapur\\\/#breadcrumblist\",\"itemListElement\":[{\"@type\":\"ListItem\",\"@id\":\"https:\\\/\\\/eldigitaldeasturias.com\\\/radio#listItem\",\"position\":1,\"name\":\"Inicio\",\"item\":\"https:\\\/\\\/eldigitaldeasturias.com\\\/radio\",\"nextItem\":{\"@type\":\"ListItem\",\"@id\":\"https:\\\/\\\/eldigitaldeasturias.com\\\/radio\\\/category\\\/turismo\\\/#listItem\",\"name\":\"Turismo\"}},{\"@type\":\"ListItem\",\"@id\":\"https:\\\/\\\/eldigitaldeasturias.com\\\/radio\\\/category\\\/turismo\\\/#listItem\",\"position\":2,\"name\":\"Turismo\",\"item\":\"https:\\\/\\\/eldigitaldeasturias.com\\\/radio\\\/category\\\/turismo\\\/\",\"nextItem\":{\"@type\":\"ListItem\",\"@id\":\"https:\\\/\\\/eldigitaldeasturias.com\\\/radio\\\/noticias-del-sector-turistico-malta-suiza-y-singapur\\\/#listItem\",\"name\":\"Noticias del sector tur\\u00edstico: Malta, Suiza y Singapur\"},\"previousItem\":{\"@type\":\"ListItem\",\"@id\":\"https:\\\/\\\/eldigitaldeasturias.com\\\/radio#listItem\",\"name\":\"Inicio\"}},{\"@type\":\"ListItem\",\"@id\":\"https:\\\/\\\/eldigitaldeasturias.com\\\/radio\\\/noticias-del-sector-turistico-malta-suiza-y-singapur\\\/#listItem\",\"position\":3,\"name\":\"Noticias del sector tur\\u00edstico: Malta, Suiza y Singapur\",\"previousItem\":{\"@type\":\"ListItem\",\"@id\":\"https:\\\/\\\/eldigitaldeasturias.com\\\/radio\\\/category\\\/turismo\\\/#listItem\",\"name\":\"Turismo\"}}]},{\"@type\":\"NewsArticle\",\"@id\":\"https:\\\/\\\/eldigitaldeasturias.com\\\/radio\\\/noticias-del-sector-turistico-malta-suiza-y-singapur\\\/#newsarticle\",\"name\":\"Noticias del sector tur\\u00edstico: Malta, Suiza y Singapur | El Digital de Asturias\",\"headline\":\"Noticias del sector tur\\u00edstico: Malta, Suiza y Singapur\",\"author\":{\"@id\":\"https:\\\/\\\/eldigitaldeasturias.com\\\/radio\\\/author\\\/nbasturias\\\/#author\"},\"publisher\":{\"@id\":\"https:\\\/\\\/eldigitaldeasturias.com\\\/radio\\\/#organization\"},\"image\":{\"@type\":\"ImageObject\",\"url\":\"https:\\\/\\\/eldigitaldeasturias.com\\\/radio\\\/wp-content\\\/uploads\\\/2020\\\/07\\\/noticias-turismo.jpg\",\"width\":1002,\"height\":665,\"caption\":\"Atardecer en Malta: la isla permitir\\u00e1 el ingreso de turistas provenientes de 19 pa\\u00edses a partir del 1 de julio. Foto: Philipp Laage\\\/dpa-tmn\"},\"datePublished\":\"2020-07-04T03:20:05+02:00\",\"dateModified\":\"2020-07-04T03:20:05+02:00\",\"inLanguage\":\"es-ES\",\"mainEntityOfPage\":{\"@id\":\"https:\\\/\\\/eldigitaldeasturias.com\\\/radio\\\/noticias-del-sector-turistico-malta-suiza-y-singapur\\\/#webpage\"},\"isPartOf\":{\"@id\":\"https:\\\/\\\/eldigitaldeasturias.com\\\/radio\\\/noticias-del-sector-turistico-malta-suiza-y-singapur\\\/#webpage\"},\"articleSection\":\"Turismo\",\"dateline\":\"Publicado el julio 4, 2020.\"},{\"@type\":\"Organization\",\"@id\":\"https:\\\/\\\/eldigitaldeasturias.com\\\/radio\\\/#organization\",\"name\":\"El digital de Asturias Radio\",\"description\":\"Diario de informaci\\u00f3n y noticias\",\"url\":\"https:\\\/\\\/eldigitaldeasturias.com\\\/radio\\\/\",\"telephone\":\"+34652131393\",\"logo\":{\"@type\":\"ImageObject\",\"url\":\"https:\\\/\\\/www.eldigitaldeasturias.com\\\/radio\\\/wp-content\\\/uploads\\\/2021\\\/03\\\/EDA.jpg\",\"@id\":\"https:\\\/\\\/eldigitaldeasturias.com\\\/radio\\\/noticias-del-sector-turistico-malta-suiza-y-singapur\\\/#organizationLogo\"},\"image\":{\"@id\":\"https:\\\/\\\/eldigitaldeasturias.com\\\/radio\\\/noticias-del-sector-turistico-malta-suiza-y-singapur\\\/#organizationLogo\"},\"sameAs\":[\"https:\\\/\\\/www.facebook.com\\\/\",\"https:\\\/\\\/x.com\\\/bercodi\",\"https:\\\/\\\/www.instagram.com\\\/\",\"https:\\\/\\\/www.youtube.com\\\/channel\\\/UCZP-2wLEB9Rv6erhFmqVnvg\"]},{\"@type\":\"Person\",\"@id\":\"https:\\\/\\\/eldigitaldeasturias.com\\\/radio\\\/author\\\/nbasturias\\\/#author\",\"url\":\"https:\\\/\\\/eldigitaldeasturias.com\\\/radio\\\/author\\\/nbasturias\\\/\",\"name\":\"NBAsturias\",\"image\":{\"@type\":\"ImageObject\",\"@id\":\"https:\\\/\\\/eldigitaldeasturias.com\\\/radio\\\/noticias-del-sector-turistico-malta-suiza-y-singapur\\\/#authorImage\",\"url\":\"https:\\\/\\\/secure.gravatar.com\\\/avatar\\\/df2aeffc32bcd13f8d26072ef8a91b623d677766deac7f97ca815868cd41bf5e?s=96&d=mm&r=g\",\"width\":96,\"height\":96,\"caption\":\"NBAsturias\"}},{\"@type\":\"WebPage\",\"@id\":\"https:\\\/\\\/eldigitaldeasturias.com\\\/radio\\\/noticias-del-sector-turistico-malta-suiza-y-singapur\\\/#webpage\",\"url\":\"https:\\\/\\\/eldigitaldeasturias.com\\\/radio\\\/noticias-del-sector-turistico-malta-suiza-y-singapur\\\/\",\"name\":\"Noticias del sector tur\\u00edstico: Malta, Suiza y Singapur | El Digital de Asturias\",\"description\":\"(dpa) - Desde principios de julio, Malta abrir\\u00e1 su espacio \\u00e1ereo a los vuelos internacionales. Su aeropuerto ser\\u00e1 reabierto a partir de esa fecha, seg\\u00fan anunci\\u00f3 la Autoridad Tur\\u00edstica de Malta. No obstante, solo los ciudadanos de 19 pa\\u00edses podr\\u00e1n volver a entrar en el pa\\u00eds insular y evitar\\u00e1n la hasta ahora obligatoria cuarentena de\",\"inLanguage\":\"es-ES\",\"isPartOf\":{\"@id\":\"https:\\\/\\\/eldigitaldeasturias.com\\\/radio\\\/#website\"},\"breadcrumb\":{\"@id\":\"https:\\\/\\\/eldigitaldeasturias.com\\\/radio\\\/noticias-del-sector-turistico-malta-suiza-y-singapur\\\/#breadcrumblist\"},\"author\":{\"@id\":\"https:\\\/\\\/eldigitaldeasturias.com\\\/radio\\\/author\\\/nbasturias\\\/#author\"},\"creator\":{\"@id\":\"https:\\\/\\\/eldigitaldeasturias.com\\\/radio\\\/author\\\/nbasturias\\\/#author\"},\"image\":{\"@type\":\"ImageObject\",\"url\":\"https:\\\/\\\/eldigitaldeasturias.com\\\/radio\\\/wp-content\\\/uploads\\\/2020\\\/07\\\/noticias-turismo.jpg\",\"@id\":\"https:\\\/\\\/eldigitaldeasturias.com\\\/radio\\\/noticias-del-sector-turistico-malta-suiza-y-singapur\\\/#mainImage\",\"width\":1002,\"height\":665,\"caption\":\"Atardecer en Malta: la isla permitir\\u00e1 el ingreso de turistas provenientes de 19 pa\\u00edses a partir del 1 de julio. Foto: Philipp Laage\\\/dpa-tmn\"},\"primaryImageOfPage\":{\"@id\":\"https:\\\/\\\/eldigitaldeasturias.com\\\/radio\\\/noticias-del-sector-turistico-malta-suiza-y-singapur\\\/#mainImage\"},\"datePublished\":\"2020-07-04T03:20:05+02:00\",\"dateModified\":\"2020-07-04T03:20:05+02:00\"},{\"@type\":\"WebSite\",\"@id\":\"https:\\\/\\\/eldigitaldeasturias.com\\\/radio\\\/#website\",\"url\":\"https:\\\/\\\/eldigitaldeasturias.com\\\/radio\\\/\",\"name\":\"El Digital de Asturias\",\"description\":\"Diario de informaci\\u00f3n y noticias\",\"inLanguage\":\"es-ES\",\"publisher\":{\"@id\":\"https:\\\/\\\/eldigitaldeasturias.com\\\/radio\\\/#organization\"}}]}\n\t\t<\/script>\n\t\t<!-- All in One SEO Pro -->\r\n\t\t<title>Noticias del sector tur\u00edstico: Malta, Suiza y Singapur | El Digital de Asturias<\/title>\n\n","aioseo_head_json":{"title":"Noticias del sector tur\u00edstico: Malta, Suiza y Singapur | El Digital de Asturias","description":"(dpa) - Desde principios de julio, Malta abrir\u00e1 su espacio \u00e1ereo a los vuelos internacionales. Su aeropuerto ser\u00e1 reabierto a partir de esa fecha, seg\u00fan anunci\u00f3 la Autoridad Tur\u00edstica de Malta. No obstante, solo los ciudadanos de 19 pa\u00edses podr\u00e1n volver a entrar en el pa\u00eds insular y evitar\u00e1n la hasta ahora obligatoria cuarentena de","canonical_url":"https:\/\/eldigitaldeasturias.com\/radio\/noticias-del-sector-turistico-malta-suiza-y-singapur\/","robots":"max-image-preview:large","keywords":"turismo","webmasterTools":{"google-site-verification":"UA-38556648-1","miscellaneous":""},"schema":{"@context":"https:\/\/schema.org","@graph":[{"@type":"BreadcrumbList","@id":"https:\/\/eldigitaldeasturias.com\/radio\/noticias-del-sector-turistico-malta-suiza-y-singapur\/#breadcrumblist","itemListElement":[{"@type":"ListItem","@id":"https:\/\/eldigitaldeasturias.com\/radio#listItem","position":1,"name":"Inicio","item":"https:\/\/eldigitaldeasturias.com\/radio","nextItem":{"@type":"ListItem","@id":"https:\/\/eldigitaldeasturias.com\/radio\/category\/turismo\/#listItem","name":"Turismo"}},{"@type":"ListItem","@id":"https:\/\/eldigitaldeasturias.com\/radio\/category\/turismo\/#listItem","position":2,"name":"Turismo","item":"https:\/\/eldigitaldeasturias.com\/radio\/category\/turismo\/","nextItem":{"@type":"ListItem","@id":"https:\/\/eldigitaldeasturias.com\/radio\/noticias-del-sector-turistico-malta-suiza-y-singapur\/#listItem","name":"Noticias del sector tur\u00edstico: Malta, Suiza y Singapur"},"previousItem":{"@type":"ListItem","@id":"https:\/\/eldigitaldeasturias.com\/radio#listItem","name":"Inicio"}},{"@type":"ListItem","@id":"https:\/\/eldigitaldeasturias.com\/radio\/noticias-del-sector-turistico-malta-suiza-y-singapur\/#listItem","position":3,"name":"Noticias del sector tur\u00edstico: Malta, Suiza y Singapur","previousItem":{"@type":"ListItem","@id":"https:\/\/eldigitaldeasturias.com\/radio\/category\/turismo\/#listItem","name":"Turismo"}}]},{"@type":"NewsArticle","@id":"https:\/\/eldigitaldeasturias.com\/radio\/noticias-del-sector-turistico-malta-suiza-y-singapur\/#newsarticle","name":"Noticias del sector tur\u00edstico: Malta, Suiza y Singapur | El Digital de Asturias","headline":"Noticias del sector tur\u00edstico: Malta, Suiza y Singapur","author":{"@id":"https:\/\/eldigitaldeasturias.com\/radio\/author\/nbasturias\/#author"},"publisher":{"@id":"https:\/\/eldigitaldeasturias.com\/radio\/#organization"},"image":{"@type":"ImageObject","url":"https:\/\/eldigitaldeasturias.com\/radio\/wp-content\/uploads\/2020\/07\/noticias-turismo.jpg","width":1002,"height":665,"caption":"Atardecer en Malta: la isla permitir\u00e1 el ingreso de turistas provenientes de 19 pa\u00edses a partir del 1 de julio. Foto: Philipp Laage\/dpa-tmn"},"datePublished":"2020-07-04T03:20:05+02:00","dateModified":"2020-07-04T03:20:05+02:00","inLanguage":"es-ES","mainEntityOfPage":{"@id":"https:\/\/eldigitaldeasturias.com\/radio\/noticias-del-sector-turistico-malta-suiza-y-singapur\/#webpage"},"isPartOf":{"@id":"https:\/\/eldigitaldeasturias.com\/radio\/noticias-del-sector-turistico-malta-suiza-y-singapur\/#webpage"},"articleSection":"Turismo","dateline":"Publicado el julio 4, 2020."},{"@type":"Organization","@id":"https:\/\/eldigitaldeasturias.com\/radio\/#organization","name":"El digital de Asturias Radio","description":"Diario de informaci\u00f3n y noticias","url":"https:\/\/eldigitaldeasturias.com\/radio\/","telephone":"+34652131393","logo":{"@type":"ImageObject","url":"https:\/\/www.eldigitaldeasturias.com\/radio\/wp-content\/uploads\/2021\/03\/EDA.jpg","@id":"https:\/\/eldigitaldeasturias.com\/radio\/noticias-del-sector-turistico-malta-suiza-y-singapur\/#organizationLogo"},"image":{"@id":"https:\/\/eldigitaldeasturias.com\/radio\/noticias-del-sector-turistico-malta-suiza-y-singapur\/#organizationLogo"},"sameAs":["https:\/\/www.facebook.com\/","https:\/\/x.com\/bercodi","https:\/\/www.instagram.com\/","https:\/\/www.youtube.com\/channel\/UCZP-2wLEB9Rv6erhFmqVnvg"]},{"@type":"Person","@id":"https:\/\/eldigitaldeasturias.com\/radio\/author\/nbasturias\/#author","url":"https:\/\/eldigitaldeasturias.com\/radio\/author\/nbasturias\/","name":"NBAsturias","image":{"@type":"ImageObject","@id":"https:\/\/eldigitaldeasturias.com\/radio\/noticias-del-sector-turistico-malta-suiza-y-singapur\/#authorImage","url":"https:\/\/secure.gravatar.com\/avatar\/df2aeffc32bcd13f8d26072ef8a91b623d677766deac7f97ca815868cd41bf5e?s=96&d=mm&r=g","width":96,"height":96,"caption":"NBAsturias"}},{"@type":"WebPage","@id":"https:\/\/eldigitaldeasturias.com\/radio\/noticias-del-sector-turistico-malta-suiza-y-singapur\/#webpage","url":"https:\/\/eldigitaldeasturias.com\/radio\/noticias-del-sector-turistico-malta-suiza-y-singapur\/","name":"Noticias del sector tur\u00edstico: Malta, Suiza y Singapur | El Digital de Asturias","description":"(dpa) - Desde principios de julio, Malta abrir\u00e1 su espacio \u00e1ereo a los vuelos internacionales. Su aeropuerto ser\u00e1 reabierto a partir de esa fecha, seg\u00fan anunci\u00f3 la Autoridad Tur\u00edstica de Malta. No obstante, solo los ciudadanos de 19 pa\u00edses podr\u00e1n volver a entrar en el pa\u00eds insular y evitar\u00e1n la hasta ahora obligatoria cuarentena de","inLanguage":"es-ES","isPartOf":{"@id":"https:\/\/eldigitaldeasturias.com\/radio\/#website"},"breadcrumb":{"@id":"https:\/\/eldigitaldeasturias.com\/radio\/noticias-del-sector-turistico-malta-suiza-y-singapur\/#breadcrumblist"},"author":{"@id":"https:\/\/eldigitaldeasturias.com\/radio\/author\/nbasturias\/#author"},"creator":{"@id":"https:\/\/eldigitaldeasturias.com\/radio\/author\/nbasturias\/#author"},"image":{"@type":"ImageObject","url":"https:\/\/eldigitaldeasturias.com\/radio\/wp-content\/uploads\/2020\/07\/noticias-turismo.jpg","@id":"https:\/\/eldigitaldeasturias.com\/radio\/noticias-del-sector-turistico-malta-suiza-y-singapur\/#mainImage","width":1002,"height":665,"caption":"Atardecer en Malta: la isla permitir\u00e1 el ingreso de turistas provenientes de 19 pa\u00edses a partir del 1 de julio. Foto: Philipp Laage\/dpa-tmn"},"primaryImageOfPage":{"@id":"https:\/\/eldigitaldeasturias.com\/radio\/noticias-del-sector-turistico-malta-suiza-y-singapur\/#mainImage"},"datePublished":"2020-07-04T03:20:05+02:00","dateModified":"2020-07-04T03:20:05+02:00"},{"@type":"WebSite","@id":"https:\/\/eldigitaldeasturias.com\/radio\/#website","url":"https:\/\/eldigitaldeasturias.com\/radio\/","name":"El Digital de Asturias","description":"Diario de informaci\u00f3n y noticias","inLanguage":"es-ES","publisher":{"@id":"https:\/\/eldigitaldeasturias.com\/radio\/#organization"}}]},"og:locale":"es_ES","og:site_name":"El Digital de Asturias | Diario de informaci\u00f3n y noticias","og:type":"article","og:title":"Noticias del sector tur\u00edstico: Malta, Suiza y Singapur | El Digital de Asturias","og:description":"(dpa) - Desde principios de julio, Malta abrir\u00e1 su espacio \u00e1ereo a los vuelos internacionales. Su aeropuerto ser\u00e1 reabierto a partir de esa fecha, seg\u00fan anunci\u00f3 la Autoridad Tur\u00edstica de Malta. No obstante, solo los ciudadanos de 19 pa\u00edses podr\u00e1n volver a entrar en el pa\u00eds insular y evitar\u00e1n la hasta ahora obligatoria cuarentena de","og:url":"https:\/\/eldigitaldeasturias.com\/radio\/noticias-del-sector-turistico-malta-suiza-y-singapur\/","og:image":"https:\/\/eldigitaldeasturias.com\/radio\/wp-content\/uploads\/2020\/07\/noticias-turismo.jpg","og:image:secure_url":"https:\/\/eldigitaldeasturias.com\/radio\/wp-content\/uploads\/2020\/07\/noticias-turismo.jpg","og:image:width":1002,"og:image:height":665,"article:published_time":"2020-07-04T03:20:05+00:00","article:modified_time":"2020-07-04T03:20:05+00:00","twitter:card":"summary_large_image","twitter:site":"@bercodi","twitter:title":"Noticias del sector tur\u00edstico: Malta, Suiza y Singapur | El Digital de Asturias","twitter:description":"(dpa) - Desde principios de julio, Malta abrir\u00e1 su espacio \u00e1ereo a los vuelos internacionales. Su aeropuerto ser\u00e1 reabierto a partir de esa fecha, seg\u00fan anunci\u00f3 la Autoridad Tur\u00edstica de Malta. No obstante, solo los ciudadanos de 19 pa\u00edses podr\u00e1n volver a entrar en el pa\u00eds insular y evitar\u00e1n la hasta ahora obligatoria cuarentena de","twitter:creator":"@bercodi","twitter:image":"https:\/\/eldigitaldeasturias.com\/radio\/wp-content\/uploads\/2020\/07\/noticias-turismo.jpg"},"aioseo_meta_data":{"post_id":"4647","title":null,"description":null,"keywords":null,"keyphrases":null,"primary_term":null,"canonical_url":null,"og_title":null,"og_description":null,"og_object_type":"default","og_image_type":"default","og_image_url":null,"og_image_width":null,"og_image_height":null,"og_image_custom_url":null,"og_image_custom_fields":null,"og_video":null,"og_custom_url":null,"og_article_section":null,"og_article_tags":null,"twitter_use_og":false,"twitter_card":"default","twitter_image_type":"default","twitter_image_url":null,"twitter_image_custom_url":null,"twitter_image_custom_fields":null,"twitter_title":null,"twitter_description":null,"schema":{"blockGraphs":[],"customGraphs":[],"default":{"data":{"Article":[],"Course":[],"Dataset":[],"FAQPage":[],"Movie":[],"Person":[],"Product":[],"ProductReview":[],"Car":[],"Recipe":[],"Service":[],"SoftwareApplication":[],"WebPage":[]},"graphName":"","isEnabled":true},"graphs":[],"defaultGraph":"","defaultPostTypeGraph":""},"schema_type":null,"schema_type_options":null,"pillar_content":false,"robots_default":true,"robots_noindex":false,"robots_noarchive":false,"robots_nosnippet":false,"robots_nofollow":false,"robots_noimageindex":false,"robots_noodp":false,"robots_notranslate":false,"robots_max_snippet":null,"robots_max_videopreview":null,"robots_max_imagepreview":"large","priority":null,"frequency":null,"location":null,"local_seo":null,"seo_analyzer_scan_date":"2025-08-28 16:27:32","breadcrumb_settings":null,"limit_modified_date":false,"open_ai":null,"ai":null,"created":"2021-03-25 18:22:11","updated":"2025-08-28 16:27:32"},"aioseo_breadcrumb":"<div class=\"aioseo-breadcrumbs\"><span class=\"aioseo-breadcrumb\">\n\t<a href=\"https:\/\/eldigitaldeasturias.com\/radio\" title=\"Inicio\">Inicio<\/a>\n<\/span><span class=\"aioseo-breadcrumb-separator\">&ndash;<\/span><span class=\"aioseo-breadcrumb\">\n\t<a href=\"https:\/\/eldigitaldeasturias.com\/radio\/category\/turismo\/\" title=\"Turismo\">Turismo<\/a>\n<\/span><span class=\"aioseo-breadcrumb-separator\">&ndash;<\/span><span class=\"aioseo-breadcrumb\">\n\tNoticias del sector tur\u00edstico: Malta, Suiza y Singapur\n<\/span><\/div>","aioseo_breadcrumb_json":[{"label":"Inicio","link":"https:\/\/eldigitaldeasturias.com\/radio"},{"label":"Turismo","link":"https:\/\/eldigitaldeasturias.com\/radio\/category\/turismo\/"},{"label":"Noticias del sector tur\u00edstico: Malta, Suiza y Singapur","link":"https:\/\/eldigitaldeasturias.com\/radio\/noticias-del-sector-turistico-malta-suiza-y-singapur\/"}],"_links":{"self":[{"href":"https:\/\/eldigitaldeasturias.com\/radio\/wp-json\/wp\/v2\/posts\/4647","targetHints":{"allow":["GET"]}}],"collection":[{"href":"https:\/\/eldigitaldeasturias.com\/radio\/wp-json\/wp\/v2\/posts"}],"about":[{"href":"https:\/\/eldigitaldeasturias.com\/radio\/wp-json\/wp\/v2\/types\/post"}],"author":[{"embeddable":true,"href":"https:\/\/eldigitaldeasturias.com\/radio\/wp-json\/wp\/v2\/users\/1"}],"replies":[{"embeddable":true,"href":"https:\/\/eldigitaldeasturias.com\/radio\/wp-json\/wp\/v2\/comments?post=4647"}],"version-history":[{"count":0,"href":"https:\/\/eldigitaldeasturias.com\/radio\/wp-json\/wp\/v2\/posts\/4647\/revisions"}],"wp:featuredmedia":[{"embeddable":true,"href":"https:\/\/eldigitaldeasturias.com\/radio\/wp-json\/wp\/v2\/media\/4648"}],"wp:attachment":[{"href":"https:\/\/eldigitaldeasturias.com\/radio\/wp-json\/wp\/v2\/media?parent=4647"}],"wp:term":[{"taxonomy":"category","embeddable":true,"href":"https:\/\/eldigitaldeasturias.com\/radio\/wp-json\/wp\/v2\/categories?post=4647"},{"taxonomy":"post_tag","embeddable":true,"href":"https:\/\/eldigitaldeasturias.com\/radio\/wp-json\/wp\/v2\/tags?post=4647"}],"curies":[{"name":"wp","href":"https:\/\/api.w.org\/{rel}","templated":true}]}}