{"id":4638,"date":"2020-07-01T15:20:33","date_gmt":"2020-07-01T15:20:33","guid":{"rendered":"http:\/\/www.eldigitaldeasturias.com\/radio\/?p=4638"},"modified":"2020-07-01T15:20:33","modified_gmt":"2020-07-01T15:20:33","slug":"la-onu-advierte-de-que-el-futuro-del-acuerdo-nuclear-con-iran-esta-en-duda","status":"publish","type":"post","link":"https:\/\/eldigitaldeasturias.com\/radio\/la-onu-advierte-de-que-el-futuro-del-acuerdo-nuclear-con-iran-esta-en-duda\/","title":{"rendered":"La ONU advierte de que el futuro del acuerdo nuclear con Ir\u00e1n \u00abest\u00e1 en duda\u00bb"},"content":{"rendered":"<p>(Europa Press) &#8211;\u00a0Naciones Unidas ha advertido este martes que el futuro del acuerdo nuclear con Ir\u00e1n, firmado en 2015, \u00abest\u00e1 en duda\u00bb y ha resaltado que \u00absigue siendo la mejor v\u00eda\u00bb para asegurar que Teher\u00e1n mantiene un programa nuclear con fines pac\u00edficos.<\/p>\n<p>La vicesecretaria general de la ONU para Asuntos Pol\u00edticos y de Construcci\u00f3n de la Paz, Rosemary DiCarlo, ha sostenido ante el Consejo de Seguridad que \u00abes lamentable que el futuro de este acuerdo est\u00e9 en duda\u00bb y ha apuntado al impacto de la retirada en 2018 de Estados Unidos y la reimposici\u00f3n de sanciones contra Ir\u00e1n.<\/p>\n<p>\u00abHasta ese momento, la Agencia Internacional de la Energ\u00eda At\u00f3mica (AIEA) hab\u00eda verificado en once informes que Ir\u00e1n estaba cumpliendo con sus compromisos nucleares contemplados en el plan\u00bb, ha destacado, antes de agregar que las sanciones y la negativa de Estados Unidos a prorrogar la exenci\u00f3n de restricciones al comercio de petr\u00f3leo con Ir\u00e1n \u00abson contrarios a los objetivos del acuerdo\u00bb.<\/p>\n<p>\u00abEstas acciones han impedido la capacidad de Ir\u00e1n y otros estados miembro &#8211;Francia, Reino Unidos, Rusia, China y Alemania&#8211; de cumplir totalmente el plan y la resoluci\u00f3n (2231, aprobada por el Consejo de Seguridad para respaldar el pacto)\u00bb, ha explicado DiCarlo.<\/p>\n<p>Asimismo, ha manifestado que Ir\u00e1n ha sobrepasado los l\u00edmites fijados por el acuerdo en respuesta a la retirada unilateral estadounidense y ha pedido al pa\u00eds asi\u00e1tico que vuelva a cumplir la totalidad de las cl\u00e1usulas y responda a las preocupaciones planteadas por el resto de pa\u00edses firmantes.<\/p>\n<p>\u00abA pesar de los desaf\u00edos existentes al acuerdo nuclear, sigue siendo la mejor v\u00eda para garantizar la naturaleza exclusivamente del programa nuclear iran\u00ed\u00bb, ha manifestado. \u00abSu aplicaci\u00f3n total, as\u00ed como el respeto total a la resoluci\u00f3n 2231 es fundamental para la estabilidad regional\u00bb, ha indicado.<\/p>\n<p>DiCarlo ha recalcado que el acuerdo nuclar \u00abes un \u00e9xito significativo de la diplomacia multilateral y el di\u00e1logo\u00bb y que \u00absigue siendo crucial para la arquitectura global de la no proliferaci\u00f3n nuclear y la seguridad regional e internacional\u00bb.<\/p>\n<p>\u00abAnimamos a todos los participantes en el acuerdo nuclear a resolver todas las diferencias a trav\u00e9s del Mecanismo de Resoluci\u00f3n de Disputas del acuerdo y pedimos a todos los estados miembro que eviten una ret\u00f3rica provocativa y acciones que puedan tener un mayor impacto negativo sobre el acuerdo y la estabilidad regional\u00bb, ha arg\u00fcido.<\/p>\n<p>DiCarlo ha explicado que \u00abla aplicaci\u00f3n total del acuerdo es fundamental para asegurar beneficios econ\u00f3micos tangibles para el pueblo iran\u00ed\u00bb, al tiempo que ha recordado que el secretario general de la ONU, Ant\u00f3nio Guterres, ha pedido la retirada de sanciones que puedan socavar los esfuerzos de Teher\u00e1n contra la pandemia de coronavirus.<\/p>\n<p>Por \u00faltimo, ha desvelado que las investigaciones del organismo han determinado que los misiles y drones empleados en los ataques ejecutados en 2019 contra instalaciones petroleras en Arabia Saud\u00ed son de origen iran\u00ed.<\/p>\n<p>Estados Unidos y Arabia Saud\u00ed acusaron a Ir\u00e1n de haber estado detr\u00e1s del ataque, algo que fue rechazado desde Teher\u00e1n, mientras que los rebeldes huthis, que controlan parte de Yemen y reciben apoyo iran\u00ed, reclamaron la autor\u00eda de los ataques.<\/p>\n","protected":false},"excerpt":{"rendered":"<p>(Europa Press) &#8211;\u00a0Naciones Unidas ha advertido este martes que el futuro del acuerdo nuclear con Ir\u00e1n, firmado en 2015, \u00abest\u00e1 en duda\u00bb y ha resaltado que \u00absigue siendo la mejor v\u00eda\u00bb para asegurar que Teher\u00e1n mantiene un programa nuclear con fines pac\u00edficos. La vicesecretaria general de la ONU para Asuntos Pol\u00edticos y de Construcci\u00f3n de<\/p>\n","protected":false},"author":1,"featured_media":1352,"comment_status":"closed","ping_status":"closed","sticky":false,"template":"","format":"standard","meta":{"footnotes":""},"categories":[1],"tags":[],"class_list":{"0":"post-4638","1":"post","2":"type-post","3":"status-publish","4":"format-standard","5":"has-post-thumbnail","7":"category-noticias"},"aioseo_notices":[],"aioseo_head":"\n\t\t<!-- All in One SEO Pro 4.9.6.2 - aioseo.com -->\n\t<meta name=\"description\" content=\"(Europa Press) - Naciones Unidas ha advertido este martes que el futuro del acuerdo nuclear con Ir\u00e1n, firmado en 2015, &quot;est\u00e1 en duda&quot; y ha resaltado que &quot;sigue siendo la mejor v\u00eda&quot; para asegurar que Teher\u00e1n mantiene un programa nuclear con fines pac\u00edficos. La vicesecretaria general de la ONU para Asuntos Pol\u00edticos y de Construcci\u00f3n de\" \/>\n\t<meta name=\"robots\" content=\"max-image-preview:large\" \/>\n\t<meta name=\"author\" content=\"NBAsturias\"\/>\n\t<meta name=\"google-site-verification\" content=\"UA-38556648-1\" \/>\n\t<meta name=\"keywords\" content=\"noticias\" \/>\n\t<link rel=\"canonical\" href=\"https:\/\/eldigitaldeasturias.com\/radio\/la-onu-advierte-de-que-el-futuro-del-acuerdo-nuclear-con-iran-esta-en-duda\/\" \/>\n\t<meta name=\"generator\" content=\"All in One SEO Pro (AIOSEO) 4.9.6.2\" \/>\n\t\t<meta property=\"og:locale\" content=\"es_ES\" \/>\n\t\t<meta property=\"og:site_name\" content=\"El Digital de Asturias | Diario de informaci\u00f3n y noticias\" \/>\n\t\t<meta property=\"og:type\" content=\"article\" \/>\n\t\t<meta property=\"og:title\" content=\"La ONU advierte de que el futuro del acuerdo nuclear con Ir\u00e1n \u00abest\u00e1 en duda\u00bb | El Digital de Asturias\" \/>\n\t\t<meta property=\"og:description\" content=\"(Europa Press) - Naciones Unidas ha advertido este martes que el futuro del acuerdo nuclear con Ir\u00e1n, firmado en 2015, &quot;est\u00e1 en duda&quot; y ha resaltado que &quot;sigue siendo la mejor v\u00eda&quot; para asegurar que Teher\u00e1n mantiene un programa nuclear con fines pac\u00edficos. La vicesecretaria general de la ONU para Asuntos Pol\u00edticos y de Construcci\u00f3n de\" \/>\n\t\t<meta property=\"og:url\" content=\"https:\/\/eldigitaldeasturias.com\/radio\/la-onu-advierte-de-que-el-futuro-del-acuerdo-nuclear-con-iran-esta-en-duda\/\" \/>\n\t\t<meta property=\"og:image\" content=\"https:\/\/eldigitaldeasturias.com\/radio\/wp-content\/uploads\/2018\/10\/technology-785742_960_720.jpg\" \/>\n\t\t<meta property=\"og:image:secure_url\" content=\"https:\/\/eldigitaldeasturias.com\/radio\/wp-content\/uploads\/2018\/10\/technology-785742_960_720.jpg\" \/>\n\t\t<meta property=\"og:image:width\" content=\"960\" \/>\n\t\t<meta property=\"og:image:height\" content=\"640\" \/>\n\t\t<meta property=\"article:published_time\" content=\"2020-07-01T15:20:33+00:00\" \/>\n\t\t<meta property=\"article:modified_time\" content=\"2020-07-01T15:20:33+00:00\" \/>\n\t\t<meta name=\"twitter:card\" content=\"summary_large_image\" \/>\n\t\t<meta name=\"twitter:site\" content=\"@bercodi\" \/>\n\t\t<meta name=\"twitter:title\" content=\"La ONU advierte de que el futuro del acuerdo nuclear con Ir\u00e1n \u00abest\u00e1 en duda\u00bb | El Digital de Asturias\" \/>\n\t\t<meta name=\"twitter:description\" content=\"(Europa Press) - Naciones Unidas ha advertido este martes que el futuro del acuerdo nuclear con Ir\u00e1n, firmado en 2015, &quot;est\u00e1 en duda&quot; y ha resaltado que &quot;sigue siendo la mejor v\u00eda&quot; para asegurar que Teher\u00e1n mantiene un programa nuclear con fines pac\u00edficos. La vicesecretaria general de la ONU para Asuntos Pol\u00edticos y de Construcci\u00f3n de\" \/>\n\t\t<meta name=\"twitter:creator\" content=\"@bercodi\" \/>\n\t\t<meta name=\"twitter:image\" content=\"https:\/\/eldigitaldeasturias.com\/radio\/wp-content\/uploads\/2018\/10\/technology-785742_960_720.jpg\" \/>\n\t\t<script type=\"application\/ld+json\" class=\"aioseo-schema\">\n\t\t\t{\"@context\":\"https:\\\/\\\/schema.org\",\"@graph\":[{\"@type\":\"BreadcrumbList\",\"@id\":\"https:\\\/\\\/eldigitaldeasturias.com\\\/radio\\\/la-onu-advierte-de-que-el-futuro-del-acuerdo-nuclear-con-iran-esta-en-duda\\\/#breadcrumblist\",\"itemListElement\":[{\"@type\":\"ListItem\",\"@id\":\"https:\\\/\\\/eldigitaldeasturias.com\\\/radio#listItem\",\"position\":1,\"name\":\"Inicio\",\"item\":\"https:\\\/\\\/eldigitaldeasturias.com\\\/radio\",\"nextItem\":{\"@type\":\"ListItem\",\"@id\":\"https:\\\/\\\/eldigitaldeasturias.com\\\/radio\\\/category\\\/noticias\\\/#listItem\",\"name\":\"Noticias\"}},{\"@type\":\"ListItem\",\"@id\":\"https:\\\/\\\/eldigitaldeasturias.com\\\/radio\\\/category\\\/noticias\\\/#listItem\",\"position\":2,\"name\":\"Noticias\",\"item\":\"https:\\\/\\\/eldigitaldeasturias.com\\\/radio\\\/category\\\/noticias\\\/\",\"nextItem\":{\"@type\":\"ListItem\",\"@id\":\"https:\\\/\\\/eldigitaldeasturias.com\\\/radio\\\/la-onu-advierte-de-que-el-futuro-del-acuerdo-nuclear-con-iran-esta-en-duda\\\/#listItem\",\"name\":\"La ONU advierte de que el futuro del acuerdo nuclear con Ir\\u00e1n \\u00abest\\u00e1 en duda\\u00bb\"},\"previousItem\":{\"@type\":\"ListItem\",\"@id\":\"https:\\\/\\\/eldigitaldeasturias.com\\\/radio#listItem\",\"name\":\"Inicio\"}},{\"@type\":\"ListItem\",\"@id\":\"https:\\\/\\\/eldigitaldeasturias.com\\\/radio\\\/la-onu-advierte-de-que-el-futuro-del-acuerdo-nuclear-con-iran-esta-en-duda\\\/#listItem\",\"position\":3,\"name\":\"La ONU advierte de que el futuro del acuerdo nuclear con Ir\\u00e1n \\u00abest\\u00e1 en duda\\u00bb\",\"previousItem\":{\"@type\":\"ListItem\",\"@id\":\"https:\\\/\\\/eldigitaldeasturias.com\\\/radio\\\/category\\\/noticias\\\/#listItem\",\"name\":\"Noticias\"}}]},{\"@type\":\"NewsArticle\",\"@id\":\"https:\\\/\\\/eldigitaldeasturias.com\\\/radio\\\/la-onu-advierte-de-que-el-futuro-del-acuerdo-nuclear-con-iran-esta-en-duda\\\/#newsarticle\",\"name\":\"La ONU advierte de que el futuro del acuerdo nuclear con Ir\\u00e1n \\u00abest\\u00e1 en duda\\u00bb | El Digital de Asturias\",\"headline\":\"La ONU advierte de que el futuro del acuerdo nuclear con Ir\\u00e1n \\u00abest\\u00e1 en duda\\u00bb\",\"author\":{\"@id\":\"https:\\\/\\\/eldigitaldeasturias.com\\\/radio\\\/author\\\/nbasturias\\\/#author\"},\"publisher\":{\"@id\":\"https:\\\/\\\/eldigitaldeasturias.com\\\/radio\\\/#organization\"},\"image\":{\"@type\":\"ImageObject\",\"url\":\"https:\\\/\\\/eldigitaldeasturias.com\\\/radio\\\/wp-content\\\/uploads\\\/2018\\\/10\\\/technology-785742_960_720.jpg\",\"width\":960,\"height\":640},\"datePublished\":\"2020-07-01T15:20:33+02:00\",\"dateModified\":\"2020-07-01T15:20:33+02:00\",\"inLanguage\":\"es-ES\",\"mainEntityOfPage\":{\"@id\":\"https:\\\/\\\/eldigitaldeasturias.com\\\/radio\\\/la-onu-advierte-de-que-el-futuro-del-acuerdo-nuclear-con-iran-esta-en-duda\\\/#webpage\"},\"isPartOf\":{\"@id\":\"https:\\\/\\\/eldigitaldeasturias.com\\\/radio\\\/la-onu-advierte-de-que-el-futuro-del-acuerdo-nuclear-con-iran-esta-en-duda\\\/#webpage\"},\"articleSection\":\"Noticias\",\"dateline\":\"Publicado el julio 1, 2020.\"},{\"@type\":\"Organization\",\"@id\":\"https:\\\/\\\/eldigitaldeasturias.com\\\/radio\\\/#organization\",\"name\":\"El digital de Asturias Radio\",\"description\":\"Diario de informaci\\u00f3n y noticias\",\"url\":\"https:\\\/\\\/eldigitaldeasturias.com\\\/radio\\\/\",\"telephone\":\"+34652131393\",\"logo\":{\"@type\":\"ImageObject\",\"url\":\"https:\\\/\\\/www.eldigitaldeasturias.com\\\/radio\\\/wp-content\\\/uploads\\\/2021\\\/03\\\/EDA.jpg\",\"@id\":\"https:\\\/\\\/eldigitaldeasturias.com\\\/radio\\\/la-onu-advierte-de-que-el-futuro-del-acuerdo-nuclear-con-iran-esta-en-duda\\\/#organizationLogo\"},\"image\":{\"@id\":\"https:\\\/\\\/eldigitaldeasturias.com\\\/radio\\\/la-onu-advierte-de-que-el-futuro-del-acuerdo-nuclear-con-iran-esta-en-duda\\\/#organizationLogo\"},\"sameAs\":[\"https:\\\/\\\/www.facebook.com\\\/\",\"https:\\\/\\\/x.com\\\/bercodi\",\"https:\\\/\\\/www.instagram.com\\\/\",\"https:\\\/\\\/www.youtube.com\\\/channel\\\/UCZP-2wLEB9Rv6erhFmqVnvg\"]},{\"@type\":\"Person\",\"@id\":\"https:\\\/\\\/eldigitaldeasturias.com\\\/radio\\\/author\\\/nbasturias\\\/#author\",\"url\":\"https:\\\/\\\/eldigitaldeasturias.com\\\/radio\\\/author\\\/nbasturias\\\/\",\"name\":\"NBAsturias\",\"image\":{\"@type\":\"ImageObject\",\"@id\":\"https:\\\/\\\/eldigitaldeasturias.com\\\/radio\\\/la-onu-advierte-de-que-el-futuro-del-acuerdo-nuclear-con-iran-esta-en-duda\\\/#authorImage\",\"url\":\"https:\\\/\\\/secure.gravatar.com\\\/avatar\\\/df2aeffc32bcd13f8d26072ef8a91b623d677766deac7f97ca815868cd41bf5e?s=96&d=mm&r=g\",\"width\":96,\"height\":96,\"caption\":\"NBAsturias\"}},{\"@type\":\"WebPage\",\"@id\":\"https:\\\/\\\/eldigitaldeasturias.com\\\/radio\\\/la-onu-advierte-de-que-el-futuro-del-acuerdo-nuclear-con-iran-esta-en-duda\\\/#webpage\",\"url\":\"https:\\\/\\\/eldigitaldeasturias.com\\\/radio\\\/la-onu-advierte-de-que-el-futuro-del-acuerdo-nuclear-con-iran-esta-en-duda\\\/\",\"name\":\"La ONU advierte de que el futuro del acuerdo nuclear con Ir\\u00e1n \\u00abest\\u00e1 en duda\\u00bb | El Digital de Asturias\",\"description\":\"(Europa Press) - Naciones Unidas ha advertido este martes que el futuro del acuerdo nuclear con Ir\\u00e1n, firmado en 2015, \\\"est\\u00e1 en duda\\\" y ha resaltado que \\\"sigue siendo la mejor v\\u00eda\\\" para asegurar que Teher\\u00e1n mantiene un programa nuclear con fines pac\\u00edficos. La vicesecretaria general de la ONU para Asuntos Pol\\u00edticos y de Construcci\\u00f3n de\",\"inLanguage\":\"es-ES\",\"isPartOf\":{\"@id\":\"https:\\\/\\\/eldigitaldeasturias.com\\\/radio\\\/#website\"},\"breadcrumb\":{\"@id\":\"https:\\\/\\\/eldigitaldeasturias.com\\\/radio\\\/la-onu-advierte-de-que-el-futuro-del-acuerdo-nuclear-con-iran-esta-en-duda\\\/#breadcrumblist\"},\"author\":{\"@id\":\"https:\\\/\\\/eldigitaldeasturias.com\\\/radio\\\/author\\\/nbasturias\\\/#author\"},\"creator\":{\"@id\":\"https:\\\/\\\/eldigitaldeasturias.com\\\/radio\\\/author\\\/nbasturias\\\/#author\"},\"image\":{\"@type\":\"ImageObject\",\"url\":\"https:\\\/\\\/eldigitaldeasturias.com\\\/radio\\\/wp-content\\\/uploads\\\/2018\\\/10\\\/technology-785742_960_720.jpg\",\"@id\":\"https:\\\/\\\/eldigitaldeasturias.com\\\/radio\\\/la-onu-advierte-de-que-el-futuro-del-acuerdo-nuclear-con-iran-esta-en-duda\\\/#mainImage\",\"width\":960,\"height\":640},\"primaryImageOfPage\":{\"@id\":\"https:\\\/\\\/eldigitaldeasturias.com\\\/radio\\\/la-onu-advierte-de-que-el-futuro-del-acuerdo-nuclear-con-iran-esta-en-duda\\\/#mainImage\"},\"datePublished\":\"2020-07-01T15:20:33+02:00\",\"dateModified\":\"2020-07-01T15:20:33+02:00\"},{\"@type\":\"WebSite\",\"@id\":\"https:\\\/\\\/eldigitaldeasturias.com\\\/radio\\\/#website\",\"url\":\"https:\\\/\\\/eldigitaldeasturias.com\\\/radio\\\/\",\"name\":\"El Digital de Asturias\",\"description\":\"Diario de informaci\\u00f3n y noticias\",\"inLanguage\":\"es-ES\",\"publisher\":{\"@id\":\"https:\\\/\\\/eldigitaldeasturias.com\\\/radio\\\/#organization\"}}]}\n\t\t<\/script>\n\t\t<!-- All in One SEO Pro -->\r\n\t\t<title>La ONU advierte de que el futuro del acuerdo nuclear con Ir\u00e1n \u00abest\u00e1 en duda\u00bb | El Digital de Asturias<\/title>\n\n","aioseo_head_json":{"title":"La ONU advierte de que el futuro del acuerdo nuclear con Ir\u00e1n \u00abest\u00e1 en duda\u00bb | El Digital de Asturias","description":"(Europa Press) - Naciones Unidas ha advertido este martes que el futuro del acuerdo nuclear con Ir\u00e1n, firmado en 2015, \"est\u00e1 en duda\" y ha resaltado que \"sigue siendo la mejor v\u00eda\" para asegurar que Teher\u00e1n mantiene un programa nuclear con fines pac\u00edficos. La vicesecretaria general de la ONU para Asuntos Pol\u00edticos y de Construcci\u00f3n de","canonical_url":"https:\/\/eldigitaldeasturias.com\/radio\/la-onu-advierte-de-que-el-futuro-del-acuerdo-nuclear-con-iran-esta-en-duda\/","robots":"max-image-preview:large","keywords":"noticias","webmasterTools":{"google-site-verification":"UA-38556648-1","miscellaneous":""},"schema":{"@context":"https:\/\/schema.org","@graph":[{"@type":"BreadcrumbList","@id":"https:\/\/eldigitaldeasturias.com\/radio\/la-onu-advierte-de-que-el-futuro-del-acuerdo-nuclear-con-iran-esta-en-duda\/#breadcrumblist","itemListElement":[{"@type":"ListItem","@id":"https:\/\/eldigitaldeasturias.com\/radio#listItem","position":1,"name":"Inicio","item":"https:\/\/eldigitaldeasturias.com\/radio","nextItem":{"@type":"ListItem","@id":"https:\/\/eldigitaldeasturias.com\/radio\/category\/noticias\/#listItem","name":"Noticias"}},{"@type":"ListItem","@id":"https:\/\/eldigitaldeasturias.com\/radio\/category\/noticias\/#listItem","position":2,"name":"Noticias","item":"https:\/\/eldigitaldeasturias.com\/radio\/category\/noticias\/","nextItem":{"@type":"ListItem","@id":"https:\/\/eldigitaldeasturias.com\/radio\/la-onu-advierte-de-que-el-futuro-del-acuerdo-nuclear-con-iran-esta-en-duda\/#listItem","name":"La ONU advierte de que el futuro del acuerdo nuclear con Ir\u00e1n \u00abest\u00e1 en duda\u00bb"},"previousItem":{"@type":"ListItem","@id":"https:\/\/eldigitaldeasturias.com\/radio#listItem","name":"Inicio"}},{"@type":"ListItem","@id":"https:\/\/eldigitaldeasturias.com\/radio\/la-onu-advierte-de-que-el-futuro-del-acuerdo-nuclear-con-iran-esta-en-duda\/#listItem","position":3,"name":"La ONU advierte de que el futuro del acuerdo nuclear con Ir\u00e1n \u00abest\u00e1 en duda\u00bb","previousItem":{"@type":"ListItem","@id":"https:\/\/eldigitaldeasturias.com\/radio\/category\/noticias\/#listItem","name":"Noticias"}}]},{"@type":"NewsArticle","@id":"https:\/\/eldigitaldeasturias.com\/radio\/la-onu-advierte-de-que-el-futuro-del-acuerdo-nuclear-con-iran-esta-en-duda\/#newsarticle","name":"La ONU advierte de que el futuro del acuerdo nuclear con Ir\u00e1n \u00abest\u00e1 en duda\u00bb | El Digital de Asturias","headline":"La ONU advierte de que el futuro del acuerdo nuclear con Ir\u00e1n \u00abest\u00e1 en duda\u00bb","author":{"@id":"https:\/\/eldigitaldeasturias.com\/radio\/author\/nbasturias\/#author"},"publisher":{"@id":"https:\/\/eldigitaldeasturias.com\/radio\/#organization"},"image":{"@type":"ImageObject","url":"https:\/\/eldigitaldeasturias.com\/radio\/wp-content\/uploads\/2018\/10\/technology-785742_960_720.jpg","width":960,"height":640},"datePublished":"2020-07-01T15:20:33+02:00","dateModified":"2020-07-01T15:20:33+02:00","inLanguage":"es-ES","mainEntityOfPage":{"@id":"https:\/\/eldigitaldeasturias.com\/radio\/la-onu-advierte-de-que-el-futuro-del-acuerdo-nuclear-con-iran-esta-en-duda\/#webpage"},"isPartOf":{"@id":"https:\/\/eldigitaldeasturias.com\/radio\/la-onu-advierte-de-que-el-futuro-del-acuerdo-nuclear-con-iran-esta-en-duda\/#webpage"},"articleSection":"Noticias","dateline":"Publicado el julio 1, 2020."},{"@type":"Organization","@id":"https:\/\/eldigitaldeasturias.com\/radio\/#organization","name":"El digital de Asturias Radio","description":"Diario de informaci\u00f3n y noticias","url":"https:\/\/eldigitaldeasturias.com\/radio\/","telephone":"+34652131393","logo":{"@type":"ImageObject","url":"https:\/\/www.eldigitaldeasturias.com\/radio\/wp-content\/uploads\/2021\/03\/EDA.jpg","@id":"https:\/\/eldigitaldeasturias.com\/radio\/la-onu-advierte-de-que-el-futuro-del-acuerdo-nuclear-con-iran-esta-en-duda\/#organizationLogo"},"image":{"@id":"https:\/\/eldigitaldeasturias.com\/radio\/la-onu-advierte-de-que-el-futuro-del-acuerdo-nuclear-con-iran-esta-en-duda\/#organizationLogo"},"sameAs":["https:\/\/www.facebook.com\/","https:\/\/x.com\/bercodi","https:\/\/www.instagram.com\/","https:\/\/www.youtube.com\/channel\/UCZP-2wLEB9Rv6erhFmqVnvg"]},{"@type":"Person","@id":"https:\/\/eldigitaldeasturias.com\/radio\/author\/nbasturias\/#author","url":"https:\/\/eldigitaldeasturias.com\/radio\/author\/nbasturias\/","name":"NBAsturias","image":{"@type":"ImageObject","@id":"https:\/\/eldigitaldeasturias.com\/radio\/la-onu-advierte-de-que-el-futuro-del-acuerdo-nuclear-con-iran-esta-en-duda\/#authorImage","url":"https:\/\/secure.gravatar.com\/avatar\/df2aeffc32bcd13f8d26072ef8a91b623d677766deac7f97ca815868cd41bf5e?s=96&d=mm&r=g","width":96,"height":96,"caption":"NBAsturias"}},{"@type":"WebPage","@id":"https:\/\/eldigitaldeasturias.com\/radio\/la-onu-advierte-de-que-el-futuro-del-acuerdo-nuclear-con-iran-esta-en-duda\/#webpage","url":"https:\/\/eldigitaldeasturias.com\/radio\/la-onu-advierte-de-que-el-futuro-del-acuerdo-nuclear-con-iran-esta-en-duda\/","name":"La ONU advierte de que el futuro del acuerdo nuclear con Ir\u00e1n \u00abest\u00e1 en duda\u00bb | El Digital de Asturias","description":"(Europa Press) - Naciones Unidas ha advertido este martes que el futuro del acuerdo nuclear con Ir\u00e1n, firmado en 2015, \"est\u00e1 en duda\" y ha resaltado que \"sigue siendo la mejor v\u00eda\" para asegurar que Teher\u00e1n mantiene un programa nuclear con fines pac\u00edficos. La vicesecretaria general de la ONU para Asuntos Pol\u00edticos y de Construcci\u00f3n de","inLanguage":"es-ES","isPartOf":{"@id":"https:\/\/eldigitaldeasturias.com\/radio\/#website"},"breadcrumb":{"@id":"https:\/\/eldigitaldeasturias.com\/radio\/la-onu-advierte-de-que-el-futuro-del-acuerdo-nuclear-con-iran-esta-en-duda\/#breadcrumblist"},"author":{"@id":"https:\/\/eldigitaldeasturias.com\/radio\/author\/nbasturias\/#author"},"creator":{"@id":"https:\/\/eldigitaldeasturias.com\/radio\/author\/nbasturias\/#author"},"image":{"@type":"ImageObject","url":"https:\/\/eldigitaldeasturias.com\/radio\/wp-content\/uploads\/2018\/10\/technology-785742_960_720.jpg","@id":"https:\/\/eldigitaldeasturias.com\/radio\/la-onu-advierte-de-que-el-futuro-del-acuerdo-nuclear-con-iran-esta-en-duda\/#mainImage","width":960,"height":640},"primaryImageOfPage":{"@id":"https:\/\/eldigitaldeasturias.com\/radio\/la-onu-advierte-de-que-el-futuro-del-acuerdo-nuclear-con-iran-esta-en-duda\/#mainImage"},"datePublished":"2020-07-01T15:20:33+02:00","dateModified":"2020-07-01T15:20:33+02:00"},{"@type":"WebSite","@id":"https:\/\/eldigitaldeasturias.com\/radio\/#website","url":"https:\/\/eldigitaldeasturias.com\/radio\/","name":"El Digital de Asturias","description":"Diario de informaci\u00f3n y noticias","inLanguage":"es-ES","publisher":{"@id":"https:\/\/eldigitaldeasturias.com\/radio\/#organization"}}]},"og:locale":"es_ES","og:site_name":"El Digital de Asturias | Diario de informaci\u00f3n y noticias","og:type":"article","og:title":"La ONU advierte de que el futuro del acuerdo nuclear con Ir\u00e1n \u00abest\u00e1 en duda\u00bb | El Digital de Asturias","og:description":"(Europa Press) - Naciones Unidas ha advertido este martes que el futuro del acuerdo nuclear con Ir\u00e1n, firmado en 2015, &quot;est\u00e1 en duda&quot; y ha resaltado que &quot;sigue siendo la mejor v\u00eda&quot; para asegurar que Teher\u00e1n mantiene un programa nuclear con fines pac\u00edficos. La vicesecretaria general de la ONU para Asuntos Pol\u00edticos y de Construcci\u00f3n de","og:url":"https:\/\/eldigitaldeasturias.com\/radio\/la-onu-advierte-de-que-el-futuro-del-acuerdo-nuclear-con-iran-esta-en-duda\/","og:image":"https:\/\/eldigitaldeasturias.com\/radio\/wp-content\/uploads\/2018\/10\/technology-785742_960_720.jpg","og:image:secure_url":"https:\/\/eldigitaldeasturias.com\/radio\/wp-content\/uploads\/2018\/10\/technology-785742_960_720.jpg","og:image:width":960,"og:image:height":640,"article:published_time":"2020-07-01T15:20:33+00:00","article:modified_time":"2020-07-01T15:20:33+00:00","twitter:card":"summary_large_image","twitter:site":"@bercodi","twitter:title":"La ONU advierte de que el futuro del acuerdo nuclear con Ir\u00e1n \u00abest\u00e1 en duda\u00bb | El Digital de Asturias","twitter:description":"(Europa Press) - Naciones Unidas ha advertido este martes que el futuro del acuerdo nuclear con Ir\u00e1n, firmado en 2015, &quot;est\u00e1 en duda&quot; y ha resaltado que &quot;sigue siendo la mejor v\u00eda&quot; para asegurar que Teher\u00e1n mantiene un programa nuclear con fines pac\u00edficos. La vicesecretaria general de la ONU para Asuntos Pol\u00edticos y de Construcci\u00f3n de","twitter:creator":"@bercodi","twitter:image":"https:\/\/eldigitaldeasturias.com\/radio\/wp-content\/uploads\/2018\/10\/technology-785742_960_720.jpg"},"aioseo_meta_data":{"post_id":"4638","title":null,"description":null,"keywords":null,"keyphrases":null,"primary_term":null,"canonical_url":null,"og_title":null,"og_description":null,"og_object_type":"default","og_image_type":"default","og_image_url":null,"og_image_width":null,"og_image_height":null,"og_image_custom_url":null,"og_image_custom_fields":null,"og_video":null,"og_custom_url":null,"og_article_section":null,"og_article_tags":null,"twitter_use_og":false,"twitter_card":"default","twitter_image_type":"default","twitter_image_url":null,"twitter_image_custom_url":null,"twitter_image_custom_fields":null,"twitter_title":null,"twitter_description":null,"schema":{"blockGraphs":[],"customGraphs":[],"default":{"data":{"Article":[],"Course":[],"Dataset":[],"FAQPage":[],"Movie":[],"Person":[],"Product":[],"ProductReview":[],"Car":[],"Recipe":[],"Service":[],"SoftwareApplication":[],"WebPage":[]},"graphName":"","isEnabled":true},"graphs":[],"defaultGraph":"","defaultPostTypeGraph":""},"schema_type":null,"schema_type_options":null,"pillar_content":false,"robots_default":true,"robots_noindex":false,"robots_noarchive":false,"robots_nosnippet":false,"robots_nofollow":false,"robots_noimageindex":false,"robots_noodp":false,"robots_notranslate":false,"robots_max_snippet":null,"robots_max_videopreview":null,"robots_max_imagepreview":"large","priority":null,"frequency":null,"location":null,"local_seo":null,"seo_analyzer_scan_date":"2025-08-28 16:25:33","breadcrumb_settings":null,"limit_modified_date":false,"open_ai":null,"ai":null,"created":"2021-03-26 23:00:47","updated":"2025-08-28 16:25:33"},"aioseo_breadcrumb":"<div class=\"aioseo-breadcrumbs\"><span class=\"aioseo-breadcrumb\">\n\t<a href=\"https:\/\/eldigitaldeasturias.com\/radio\" title=\"Inicio\">Inicio<\/a>\n<\/span><span class=\"aioseo-breadcrumb-separator\">&ndash;<\/span><span class=\"aioseo-breadcrumb\">\n\t<a href=\"https:\/\/eldigitaldeasturias.com\/radio\/category\/noticias\/\" title=\"Noticias\">Noticias<\/a>\n<\/span><span class=\"aioseo-breadcrumb-separator\">&ndash;<\/span><span class=\"aioseo-breadcrumb\">\n\tLa ONU advierte de que el futuro del acuerdo nuclear con Ir\u00e1n \u00abest\u00e1 en duda\u00bb\n<\/span><\/div>","aioseo_breadcrumb_json":[{"label":"Inicio","link":"https:\/\/eldigitaldeasturias.com\/radio"},{"label":"Noticias","link":"https:\/\/eldigitaldeasturias.com\/radio\/category\/noticias\/"},{"label":"La ONU advierte de que el futuro del acuerdo nuclear con Ir\u00e1n \u00abest\u00e1 en duda\u00bb","link":"https:\/\/eldigitaldeasturias.com\/radio\/la-onu-advierte-de-que-el-futuro-del-acuerdo-nuclear-con-iran-esta-en-duda\/"}],"_links":{"self":[{"href":"https:\/\/eldigitaldeasturias.com\/radio\/wp-json\/wp\/v2\/posts\/4638","targetHints":{"allow":["GET"]}}],"collection":[{"href":"https:\/\/eldigitaldeasturias.com\/radio\/wp-json\/wp\/v2\/posts"}],"about":[{"href":"https:\/\/eldigitaldeasturias.com\/radio\/wp-json\/wp\/v2\/types\/post"}],"author":[{"embeddable":true,"href":"https:\/\/eldigitaldeasturias.com\/radio\/wp-json\/wp\/v2\/users\/1"}],"replies":[{"embeddable":true,"href":"https:\/\/eldigitaldeasturias.com\/radio\/wp-json\/wp\/v2\/comments?post=4638"}],"version-history":[{"count":0,"href":"https:\/\/eldigitaldeasturias.com\/radio\/wp-json\/wp\/v2\/posts\/4638\/revisions"}],"wp:featuredmedia":[{"embeddable":true,"href":"https:\/\/eldigitaldeasturias.com\/radio\/wp-json\/wp\/v2\/media\/1352"}],"wp:attachment":[{"href":"https:\/\/eldigitaldeasturias.com\/radio\/wp-json\/wp\/v2\/media?parent=4638"}],"wp:term":[{"taxonomy":"category","embeddable":true,"href":"https:\/\/eldigitaldeasturias.com\/radio\/wp-json\/wp\/v2\/categories?post=4638"},{"taxonomy":"post_tag","embeddable":true,"href":"https:\/\/eldigitaldeasturias.com\/radio\/wp-json\/wp\/v2\/tags?post=4638"}],"curies":[{"name":"wp","href":"https:\/\/api.w.org\/{rel}","templated":true}]}}