{"id":4635,"date":"2020-07-01T15:19:21","date_gmt":"2020-07-01T15:19:21","guid":{"rendered":"http:\/\/www.eldigitaldeasturias.com\/radio\/?p=4635"},"modified":"2020-07-01T15:19:21","modified_gmt":"2020-07-01T15:19:21","slug":"decotelli-renuncia-al-ministerio-de-educacion-de-brasil","status":"publish","type":"post","link":"https:\/\/eldigitaldeasturias.com\/radio\/decotelli-renuncia-al-ministerio-de-educacion-de-brasil\/","title":{"rendered":"Decotelli renuncia al Ministerio de Educaci\u00f3n de Brasil"},"content":{"rendered":"<figure id=\"attachment_4636\" aria-describedby=\"caption-attachment-4636\" style=\"width: 360px\" class=\"wp-caption alignleft\"><img fetchpriority=\"high\" decoding=\"async\" class=\"size-medium wp-image-4636\" src=\"http:\/\/www.eldigitaldeasturias.com\/radio\/wp-content\/uploads\/2020\/07\/Brasil-360x237.jpg\" alt=\"\" width=\"360\" height=\"237\" srcset=\"https:\/\/eldigitaldeasturias.com\/radio\/wp-content\/uploads\/2020\/07\/Brasil-360x237.jpg 360w, https:\/\/eldigitaldeasturias.com\/radio\/wp-content\/uploads\/2020\/07\/Brasil-768x506.jpg 768w, https:\/\/eldigitaldeasturias.com\/radio\/wp-content\/uploads\/2020\/07\/Brasil.jpg 1001w\" sizes=\"(max-width: 360px) 100vw, 360px\" \/><figcaption id=\"caption-attachment-4636\" class=\"wp-caption-text\">Foto: Fernando Souza\/ZUMA Wire\/dpa<\/figcaption><\/figure>\n<p>(Europa Press) &#8211;\u00a0Carlos Alberto Decotelli, que fue elegido la semana pasada por el presidente brasile\u00f1o, Jair Bolsonaro, como nuevo ministro de Educaci\u00f3n, ha rechazado este martes el cargo tras desatarse la pol\u00e9mica ante las presuntas irregularidades e inconsistencias presentes en su curr\u00edculum.<\/p>\n<p>Si bien el Palacio de Planalto no ha anunciado oficialmente su salida a la espera de encontrar un nuevo candidato, seg\u00fan informaciones del portal de noticias G1, el asesor de Decotelli Paulo Roberto ha confirmado que no ocupar\u00e1 el puesto.<\/p>\n<p>No obstante, Roberto ha indicado que no ha tenido acceso a la carta que el candidato habr\u00eda entregado a Bolsonaro y ha asegurado que \u00e9ste est\u00e1 \u00abvisiblemente afectado por la situaci\u00f3n\u00bb. El curr\u00edculum de Decotelli presenta diversas inconsistencias, como la declaraci\u00f3n de un doctorado que no lleg\u00f3 a obtener, una denuncia de plagio y un postdoctorado en Alemania que no habr\u00eda finalizado.<\/p>\n<p>Adem\u00e1s, este mismo martes, Brigitte Wolf, de la Universidad de Wuppertal, en Alemania, ha afirmado que Decotelli no recibi\u00f3 apoyo alguno de la empresa Krone para realizar investigaciones posdoctorales, tal y como asegura en los datos presentados a trav\u00e9s de la plataforma tecnol\u00f3gica Lattes &#8211;que funciona de forma similar a Linkedin pero busca promover la investigaci\u00f3n cient\u00edfica&#8211;.<\/p>\n<p>Ante estos acontecimientos, el propio Gabinete de Bolsonaro le habr\u00eda aconsejado renunciar a Decotelli y buscar a otra persona para ocupar el cargo y dirigir el Ministerio. Seg\u00fan fuentes cercanas al asunto, a pesar de que Bolsonaro hab\u00eda mostrado su apoyo al candidato a trav\u00e9s de las redes sociales, el mandatario ya consideraba su situaci\u00f3n como insostenible.<\/p>\n<p>Asimismo, la ceremonia de jura del cargo como nuevo ministro de Educaci\u00f3n hab\u00eda sido pospuesta hasta nuevo aviso en el marco de la pol\u00e9mica.<\/p>\n","protected":false},"excerpt":{"rendered":"<p>(Europa Press) &#8211;\u00a0Carlos Alberto Decotelli, que fue elegido la semana pasada por el presidente brasile\u00f1o, Jair Bolsonaro, como nuevo ministro de Educaci\u00f3n, ha rechazado este martes el cargo tras desatarse la pol\u00e9mica ante las presuntas irregularidades e inconsistencias presentes en su curr\u00edculum. Si bien el Palacio de Planalto no ha anunciado oficialmente su salida a<\/p>\n","protected":false},"author":1,"featured_media":4636,"comment_status":"closed","ping_status":"closed","sticky":false,"template":"","format":"standard","meta":{"footnotes":""},"categories":[1],"tags":[],"class_list":{"0":"post-4635","1":"post","2":"type-post","3":"status-publish","4":"format-standard","5":"has-post-thumbnail","7":"category-noticias"},"aioseo_notices":[],"aioseo_head":"\n\t\t<!-- All in One SEO Pro 4.9.6.2 - aioseo.com -->\n\t<meta name=\"description\" content=\"(Europa Press) - Carlos Alberto Decotelli, que fue elegido la semana pasada por el presidente brasile\u00f1o, Jair Bolsonaro, como nuevo ministro de Educaci\u00f3n, ha rechazado este martes el cargo tras desatarse la pol\u00e9mica ante las presuntas irregularidades e inconsistencias presentes en su curr\u00edculum. Si bien el Palacio de Planalto no ha anunciado oficialmente su salida a\" \/>\n\t<meta name=\"robots\" content=\"max-image-preview:large\" \/>\n\t<meta name=\"author\" content=\"NBAsturias\"\/>\n\t<meta name=\"google-site-verification\" content=\"UA-38556648-1\" \/>\n\t<meta name=\"keywords\" content=\"noticias\" \/>\n\t<link rel=\"canonical\" href=\"https:\/\/eldigitaldeasturias.com\/radio\/decotelli-renuncia-al-ministerio-de-educacion-de-brasil\/\" \/>\n\t<meta name=\"generator\" content=\"All in One SEO Pro (AIOSEO) 4.9.6.2\" \/>\n\t\t<meta property=\"og:locale\" content=\"es_ES\" \/>\n\t\t<meta property=\"og:site_name\" content=\"El Digital de Asturias | Diario de informaci\u00f3n y noticias\" \/>\n\t\t<meta property=\"og:type\" content=\"article\" \/>\n\t\t<meta property=\"og:title\" content=\"Decotelli renuncia al Ministerio de Educaci\u00f3n de Brasil | El Digital de Asturias\" \/>\n\t\t<meta property=\"og:description\" content=\"(Europa Press) - Carlos Alberto Decotelli, que fue elegido la semana pasada por el presidente brasile\u00f1o, Jair Bolsonaro, como nuevo ministro de Educaci\u00f3n, ha rechazado este martes el cargo tras desatarse la pol\u00e9mica ante las presuntas irregularidades e inconsistencias presentes en su curr\u00edculum. Si bien el Palacio de Planalto no ha anunciado oficialmente su salida a\" \/>\n\t\t<meta property=\"og:url\" content=\"https:\/\/eldigitaldeasturias.com\/radio\/decotelli-renuncia-al-ministerio-de-educacion-de-brasil\/\" \/>\n\t\t<meta property=\"og:image\" content=\"https:\/\/eldigitaldeasturias.com\/radio\/wp-content\/uploads\/2020\/07\/Brasil.jpg\" \/>\n\t\t<meta property=\"og:image:secure_url\" content=\"https:\/\/eldigitaldeasturias.com\/radio\/wp-content\/uploads\/2020\/07\/Brasil.jpg\" \/>\n\t\t<meta property=\"og:image:width\" content=\"1001\" \/>\n\t\t<meta property=\"og:image:height\" content=\"659\" \/>\n\t\t<meta property=\"article:published_time\" content=\"2020-07-01T15:19:21+00:00\" \/>\n\t\t<meta property=\"article:modified_time\" content=\"2020-07-01T15:19:21+00:00\" \/>\n\t\t<meta name=\"twitter:card\" content=\"summary_large_image\" \/>\n\t\t<meta name=\"twitter:site\" content=\"@bercodi\" \/>\n\t\t<meta name=\"twitter:title\" content=\"Decotelli renuncia al Ministerio de Educaci\u00f3n de Brasil | El Digital de Asturias\" \/>\n\t\t<meta name=\"twitter:description\" content=\"(Europa Press) - Carlos Alberto Decotelli, que fue elegido la semana pasada por el presidente brasile\u00f1o, Jair Bolsonaro, como nuevo ministro de Educaci\u00f3n, ha rechazado este martes el cargo tras desatarse la pol\u00e9mica ante las presuntas irregularidades e inconsistencias presentes en su curr\u00edculum. Si bien el Palacio de Planalto no ha anunciado oficialmente su salida a\" \/>\n\t\t<meta name=\"twitter:creator\" content=\"@bercodi\" \/>\n\t\t<meta name=\"twitter:image\" content=\"https:\/\/eldigitaldeasturias.com\/radio\/wp-content\/uploads\/2020\/07\/Brasil.jpg\" \/>\n\t\t<script type=\"application\/ld+json\" class=\"aioseo-schema\">\n\t\t\t{\"@context\":\"https:\\\/\\\/schema.org\",\"@graph\":[{\"@type\":\"BreadcrumbList\",\"@id\":\"https:\\\/\\\/eldigitaldeasturias.com\\\/radio\\\/decotelli-renuncia-al-ministerio-de-educacion-de-brasil\\\/#breadcrumblist\",\"itemListElement\":[{\"@type\":\"ListItem\",\"@id\":\"https:\\\/\\\/eldigitaldeasturias.com\\\/radio#listItem\",\"position\":1,\"name\":\"Inicio\",\"item\":\"https:\\\/\\\/eldigitaldeasturias.com\\\/radio\",\"nextItem\":{\"@type\":\"ListItem\",\"@id\":\"https:\\\/\\\/eldigitaldeasturias.com\\\/radio\\\/category\\\/noticias\\\/#listItem\",\"name\":\"Noticias\"}},{\"@type\":\"ListItem\",\"@id\":\"https:\\\/\\\/eldigitaldeasturias.com\\\/radio\\\/category\\\/noticias\\\/#listItem\",\"position\":2,\"name\":\"Noticias\",\"item\":\"https:\\\/\\\/eldigitaldeasturias.com\\\/radio\\\/category\\\/noticias\\\/\",\"nextItem\":{\"@type\":\"ListItem\",\"@id\":\"https:\\\/\\\/eldigitaldeasturias.com\\\/radio\\\/decotelli-renuncia-al-ministerio-de-educacion-de-brasil\\\/#listItem\",\"name\":\"Decotelli renuncia al Ministerio de Educaci\\u00f3n de Brasil\"},\"previousItem\":{\"@type\":\"ListItem\",\"@id\":\"https:\\\/\\\/eldigitaldeasturias.com\\\/radio#listItem\",\"name\":\"Inicio\"}},{\"@type\":\"ListItem\",\"@id\":\"https:\\\/\\\/eldigitaldeasturias.com\\\/radio\\\/decotelli-renuncia-al-ministerio-de-educacion-de-brasil\\\/#listItem\",\"position\":3,\"name\":\"Decotelli renuncia al Ministerio de Educaci\\u00f3n de Brasil\",\"previousItem\":{\"@type\":\"ListItem\",\"@id\":\"https:\\\/\\\/eldigitaldeasturias.com\\\/radio\\\/category\\\/noticias\\\/#listItem\",\"name\":\"Noticias\"}}]},{\"@type\":\"NewsArticle\",\"@id\":\"https:\\\/\\\/eldigitaldeasturias.com\\\/radio\\\/decotelli-renuncia-al-ministerio-de-educacion-de-brasil\\\/#newsarticle\",\"name\":\"Decotelli renuncia al Ministerio de Educaci\\u00f3n de Brasil | El Digital de Asturias\",\"headline\":\"Decotelli renuncia al Ministerio de Educaci\\u00f3n de Brasil\",\"author\":{\"@id\":\"https:\\\/\\\/eldigitaldeasturias.com\\\/radio\\\/author\\\/nbasturias\\\/#author\"},\"publisher\":{\"@id\":\"https:\\\/\\\/eldigitaldeasturias.com\\\/radio\\\/#organization\"},\"image\":{\"@type\":\"ImageObject\",\"url\":\"https:\\\/\\\/eldigitaldeasturias.com\\\/radio\\\/wp-content\\\/uploads\\\/2020\\\/07\\\/Brasil.jpg\",\"width\":1001,\"height\":659,\"caption\":\"Foto: Fernando Souza\\\/ZUMA Wire\\\/dpa\"},\"datePublished\":\"2020-07-01T15:19:21+02:00\",\"dateModified\":\"2020-07-01T15:19:21+02:00\",\"inLanguage\":\"es-ES\",\"mainEntityOfPage\":{\"@id\":\"https:\\\/\\\/eldigitaldeasturias.com\\\/radio\\\/decotelli-renuncia-al-ministerio-de-educacion-de-brasil\\\/#webpage\"},\"isPartOf\":{\"@id\":\"https:\\\/\\\/eldigitaldeasturias.com\\\/radio\\\/decotelli-renuncia-al-ministerio-de-educacion-de-brasil\\\/#webpage\"},\"articleSection\":\"Noticias\",\"dateline\":\"Publicado el julio 1, 2020.\"},{\"@type\":\"Organization\",\"@id\":\"https:\\\/\\\/eldigitaldeasturias.com\\\/radio\\\/#organization\",\"name\":\"El digital de Asturias Radio\",\"description\":\"Diario de informaci\\u00f3n y noticias\",\"url\":\"https:\\\/\\\/eldigitaldeasturias.com\\\/radio\\\/\",\"telephone\":\"+34652131393\",\"logo\":{\"@type\":\"ImageObject\",\"url\":\"https:\\\/\\\/www.eldigitaldeasturias.com\\\/radio\\\/wp-content\\\/uploads\\\/2021\\\/03\\\/EDA.jpg\",\"@id\":\"https:\\\/\\\/eldigitaldeasturias.com\\\/radio\\\/decotelli-renuncia-al-ministerio-de-educacion-de-brasil\\\/#organizationLogo\"},\"image\":{\"@id\":\"https:\\\/\\\/eldigitaldeasturias.com\\\/radio\\\/decotelli-renuncia-al-ministerio-de-educacion-de-brasil\\\/#organizationLogo\"},\"sameAs\":[\"https:\\\/\\\/www.facebook.com\\\/\",\"https:\\\/\\\/x.com\\\/bercodi\",\"https:\\\/\\\/www.instagram.com\\\/\",\"https:\\\/\\\/www.youtube.com\\\/channel\\\/UCZP-2wLEB9Rv6erhFmqVnvg\"]},{\"@type\":\"Person\",\"@id\":\"https:\\\/\\\/eldigitaldeasturias.com\\\/radio\\\/author\\\/nbasturias\\\/#author\",\"url\":\"https:\\\/\\\/eldigitaldeasturias.com\\\/radio\\\/author\\\/nbasturias\\\/\",\"name\":\"NBAsturias\",\"image\":{\"@type\":\"ImageObject\",\"@id\":\"https:\\\/\\\/eldigitaldeasturias.com\\\/radio\\\/decotelli-renuncia-al-ministerio-de-educacion-de-brasil\\\/#authorImage\",\"url\":\"https:\\\/\\\/secure.gravatar.com\\\/avatar\\\/df2aeffc32bcd13f8d26072ef8a91b623d677766deac7f97ca815868cd41bf5e?s=96&d=mm&r=g\",\"width\":96,\"height\":96,\"caption\":\"NBAsturias\"}},{\"@type\":\"WebPage\",\"@id\":\"https:\\\/\\\/eldigitaldeasturias.com\\\/radio\\\/decotelli-renuncia-al-ministerio-de-educacion-de-brasil\\\/#webpage\",\"url\":\"https:\\\/\\\/eldigitaldeasturias.com\\\/radio\\\/decotelli-renuncia-al-ministerio-de-educacion-de-brasil\\\/\",\"name\":\"Decotelli renuncia al Ministerio de Educaci\\u00f3n de Brasil | El Digital de Asturias\",\"description\":\"(Europa Press) - Carlos Alberto Decotelli, que fue elegido la semana pasada por el presidente brasile\\u00f1o, Jair Bolsonaro, como nuevo ministro de Educaci\\u00f3n, ha rechazado este martes el cargo tras desatarse la pol\\u00e9mica ante las presuntas irregularidades e inconsistencias presentes en su curr\\u00edculum. Si bien el Palacio de Planalto no ha anunciado oficialmente su salida a\",\"inLanguage\":\"es-ES\",\"isPartOf\":{\"@id\":\"https:\\\/\\\/eldigitaldeasturias.com\\\/radio\\\/#website\"},\"breadcrumb\":{\"@id\":\"https:\\\/\\\/eldigitaldeasturias.com\\\/radio\\\/decotelli-renuncia-al-ministerio-de-educacion-de-brasil\\\/#breadcrumblist\"},\"author\":{\"@id\":\"https:\\\/\\\/eldigitaldeasturias.com\\\/radio\\\/author\\\/nbasturias\\\/#author\"},\"creator\":{\"@id\":\"https:\\\/\\\/eldigitaldeasturias.com\\\/radio\\\/author\\\/nbasturias\\\/#author\"},\"image\":{\"@type\":\"ImageObject\",\"url\":\"https:\\\/\\\/eldigitaldeasturias.com\\\/radio\\\/wp-content\\\/uploads\\\/2020\\\/07\\\/Brasil.jpg\",\"@id\":\"https:\\\/\\\/eldigitaldeasturias.com\\\/radio\\\/decotelli-renuncia-al-ministerio-de-educacion-de-brasil\\\/#mainImage\",\"width\":1001,\"height\":659,\"caption\":\"Foto: Fernando Souza\\\/ZUMA Wire\\\/dpa\"},\"primaryImageOfPage\":{\"@id\":\"https:\\\/\\\/eldigitaldeasturias.com\\\/radio\\\/decotelli-renuncia-al-ministerio-de-educacion-de-brasil\\\/#mainImage\"},\"datePublished\":\"2020-07-01T15:19:21+02:00\",\"dateModified\":\"2020-07-01T15:19:21+02:00\"},{\"@type\":\"WebSite\",\"@id\":\"https:\\\/\\\/eldigitaldeasturias.com\\\/radio\\\/#website\",\"url\":\"https:\\\/\\\/eldigitaldeasturias.com\\\/radio\\\/\",\"name\":\"El Digital de Asturias\",\"description\":\"Diario de informaci\\u00f3n y noticias\",\"inLanguage\":\"es-ES\",\"publisher\":{\"@id\":\"https:\\\/\\\/eldigitaldeasturias.com\\\/radio\\\/#organization\"}}]}\n\t\t<\/script>\n\t\t<!-- All in One SEO Pro -->\r\n\t\t<title>Decotelli renuncia al Ministerio de Educaci\u00f3n de Brasil | El Digital de Asturias<\/title>\n\n","aioseo_head_json":{"title":"Decotelli renuncia al Ministerio de Educaci\u00f3n de Brasil | El Digital de Asturias","description":"(Europa Press) - Carlos Alberto Decotelli, que fue elegido la semana pasada por el presidente brasile\u00f1o, Jair Bolsonaro, como nuevo ministro de Educaci\u00f3n, ha rechazado este martes el cargo tras desatarse la pol\u00e9mica ante las presuntas irregularidades e inconsistencias presentes en su curr\u00edculum. Si bien el Palacio de Planalto no ha anunciado oficialmente su salida a","canonical_url":"https:\/\/eldigitaldeasturias.com\/radio\/decotelli-renuncia-al-ministerio-de-educacion-de-brasil\/","robots":"max-image-preview:large","keywords":"noticias","webmasterTools":{"google-site-verification":"UA-38556648-1","miscellaneous":""},"schema":{"@context":"https:\/\/schema.org","@graph":[{"@type":"BreadcrumbList","@id":"https:\/\/eldigitaldeasturias.com\/radio\/decotelli-renuncia-al-ministerio-de-educacion-de-brasil\/#breadcrumblist","itemListElement":[{"@type":"ListItem","@id":"https:\/\/eldigitaldeasturias.com\/radio#listItem","position":1,"name":"Inicio","item":"https:\/\/eldigitaldeasturias.com\/radio","nextItem":{"@type":"ListItem","@id":"https:\/\/eldigitaldeasturias.com\/radio\/category\/noticias\/#listItem","name":"Noticias"}},{"@type":"ListItem","@id":"https:\/\/eldigitaldeasturias.com\/radio\/category\/noticias\/#listItem","position":2,"name":"Noticias","item":"https:\/\/eldigitaldeasturias.com\/radio\/category\/noticias\/","nextItem":{"@type":"ListItem","@id":"https:\/\/eldigitaldeasturias.com\/radio\/decotelli-renuncia-al-ministerio-de-educacion-de-brasil\/#listItem","name":"Decotelli renuncia al Ministerio de Educaci\u00f3n de Brasil"},"previousItem":{"@type":"ListItem","@id":"https:\/\/eldigitaldeasturias.com\/radio#listItem","name":"Inicio"}},{"@type":"ListItem","@id":"https:\/\/eldigitaldeasturias.com\/radio\/decotelli-renuncia-al-ministerio-de-educacion-de-brasil\/#listItem","position":3,"name":"Decotelli renuncia al Ministerio de Educaci\u00f3n de Brasil","previousItem":{"@type":"ListItem","@id":"https:\/\/eldigitaldeasturias.com\/radio\/category\/noticias\/#listItem","name":"Noticias"}}]},{"@type":"NewsArticle","@id":"https:\/\/eldigitaldeasturias.com\/radio\/decotelli-renuncia-al-ministerio-de-educacion-de-brasil\/#newsarticle","name":"Decotelli renuncia al Ministerio de Educaci\u00f3n de Brasil | El Digital de Asturias","headline":"Decotelli renuncia al Ministerio de Educaci\u00f3n de Brasil","author":{"@id":"https:\/\/eldigitaldeasturias.com\/radio\/author\/nbasturias\/#author"},"publisher":{"@id":"https:\/\/eldigitaldeasturias.com\/radio\/#organization"},"image":{"@type":"ImageObject","url":"https:\/\/eldigitaldeasturias.com\/radio\/wp-content\/uploads\/2020\/07\/Brasil.jpg","width":1001,"height":659,"caption":"Foto: Fernando Souza\/ZUMA Wire\/dpa"},"datePublished":"2020-07-01T15:19:21+02:00","dateModified":"2020-07-01T15:19:21+02:00","inLanguage":"es-ES","mainEntityOfPage":{"@id":"https:\/\/eldigitaldeasturias.com\/radio\/decotelli-renuncia-al-ministerio-de-educacion-de-brasil\/#webpage"},"isPartOf":{"@id":"https:\/\/eldigitaldeasturias.com\/radio\/decotelli-renuncia-al-ministerio-de-educacion-de-brasil\/#webpage"},"articleSection":"Noticias","dateline":"Publicado el julio 1, 2020."},{"@type":"Organization","@id":"https:\/\/eldigitaldeasturias.com\/radio\/#organization","name":"El digital de Asturias Radio","description":"Diario de informaci\u00f3n y noticias","url":"https:\/\/eldigitaldeasturias.com\/radio\/","telephone":"+34652131393","logo":{"@type":"ImageObject","url":"https:\/\/www.eldigitaldeasturias.com\/radio\/wp-content\/uploads\/2021\/03\/EDA.jpg","@id":"https:\/\/eldigitaldeasturias.com\/radio\/decotelli-renuncia-al-ministerio-de-educacion-de-brasil\/#organizationLogo"},"image":{"@id":"https:\/\/eldigitaldeasturias.com\/radio\/decotelli-renuncia-al-ministerio-de-educacion-de-brasil\/#organizationLogo"},"sameAs":["https:\/\/www.facebook.com\/","https:\/\/x.com\/bercodi","https:\/\/www.instagram.com\/","https:\/\/www.youtube.com\/channel\/UCZP-2wLEB9Rv6erhFmqVnvg"]},{"@type":"Person","@id":"https:\/\/eldigitaldeasturias.com\/radio\/author\/nbasturias\/#author","url":"https:\/\/eldigitaldeasturias.com\/radio\/author\/nbasturias\/","name":"NBAsturias","image":{"@type":"ImageObject","@id":"https:\/\/eldigitaldeasturias.com\/radio\/decotelli-renuncia-al-ministerio-de-educacion-de-brasil\/#authorImage","url":"https:\/\/secure.gravatar.com\/avatar\/df2aeffc32bcd13f8d26072ef8a91b623d677766deac7f97ca815868cd41bf5e?s=96&d=mm&r=g","width":96,"height":96,"caption":"NBAsturias"}},{"@type":"WebPage","@id":"https:\/\/eldigitaldeasturias.com\/radio\/decotelli-renuncia-al-ministerio-de-educacion-de-brasil\/#webpage","url":"https:\/\/eldigitaldeasturias.com\/radio\/decotelli-renuncia-al-ministerio-de-educacion-de-brasil\/","name":"Decotelli renuncia al Ministerio de Educaci\u00f3n de Brasil | El Digital de Asturias","description":"(Europa Press) - Carlos Alberto Decotelli, que fue elegido la semana pasada por el presidente brasile\u00f1o, Jair Bolsonaro, como nuevo ministro de Educaci\u00f3n, ha rechazado este martes el cargo tras desatarse la pol\u00e9mica ante las presuntas irregularidades e inconsistencias presentes en su curr\u00edculum. Si bien el Palacio de Planalto no ha anunciado oficialmente su salida a","inLanguage":"es-ES","isPartOf":{"@id":"https:\/\/eldigitaldeasturias.com\/radio\/#website"},"breadcrumb":{"@id":"https:\/\/eldigitaldeasturias.com\/radio\/decotelli-renuncia-al-ministerio-de-educacion-de-brasil\/#breadcrumblist"},"author":{"@id":"https:\/\/eldigitaldeasturias.com\/radio\/author\/nbasturias\/#author"},"creator":{"@id":"https:\/\/eldigitaldeasturias.com\/radio\/author\/nbasturias\/#author"},"image":{"@type":"ImageObject","url":"https:\/\/eldigitaldeasturias.com\/radio\/wp-content\/uploads\/2020\/07\/Brasil.jpg","@id":"https:\/\/eldigitaldeasturias.com\/radio\/decotelli-renuncia-al-ministerio-de-educacion-de-brasil\/#mainImage","width":1001,"height":659,"caption":"Foto: Fernando Souza\/ZUMA Wire\/dpa"},"primaryImageOfPage":{"@id":"https:\/\/eldigitaldeasturias.com\/radio\/decotelli-renuncia-al-ministerio-de-educacion-de-brasil\/#mainImage"},"datePublished":"2020-07-01T15:19:21+02:00","dateModified":"2020-07-01T15:19:21+02:00"},{"@type":"WebSite","@id":"https:\/\/eldigitaldeasturias.com\/radio\/#website","url":"https:\/\/eldigitaldeasturias.com\/radio\/","name":"El Digital de Asturias","description":"Diario de informaci\u00f3n y noticias","inLanguage":"es-ES","publisher":{"@id":"https:\/\/eldigitaldeasturias.com\/radio\/#organization"}}]},"og:locale":"es_ES","og:site_name":"El Digital de Asturias | Diario de informaci\u00f3n y noticias","og:type":"article","og:title":"Decotelli renuncia al Ministerio de Educaci\u00f3n de Brasil | El Digital de Asturias","og:description":"(Europa Press) - Carlos Alberto Decotelli, que fue elegido la semana pasada por el presidente brasile\u00f1o, Jair Bolsonaro, como nuevo ministro de Educaci\u00f3n, ha rechazado este martes el cargo tras desatarse la pol\u00e9mica ante las presuntas irregularidades e inconsistencias presentes en su curr\u00edculum. Si bien el Palacio de Planalto no ha anunciado oficialmente su salida a","og:url":"https:\/\/eldigitaldeasturias.com\/radio\/decotelli-renuncia-al-ministerio-de-educacion-de-brasil\/","og:image":"https:\/\/eldigitaldeasturias.com\/radio\/wp-content\/uploads\/2020\/07\/Brasil.jpg","og:image:secure_url":"https:\/\/eldigitaldeasturias.com\/radio\/wp-content\/uploads\/2020\/07\/Brasil.jpg","og:image:width":1001,"og:image:height":659,"article:published_time":"2020-07-01T15:19:21+00:00","article:modified_time":"2020-07-01T15:19:21+00:00","twitter:card":"summary_large_image","twitter:site":"@bercodi","twitter:title":"Decotelli renuncia al Ministerio de Educaci\u00f3n de Brasil | El Digital de Asturias","twitter:description":"(Europa Press) - Carlos Alberto Decotelli, que fue elegido la semana pasada por el presidente brasile\u00f1o, Jair Bolsonaro, como nuevo ministro de Educaci\u00f3n, ha rechazado este martes el cargo tras desatarse la pol\u00e9mica ante las presuntas irregularidades e inconsistencias presentes en su curr\u00edculum. Si bien el Palacio de Planalto no ha anunciado oficialmente su salida a","twitter:creator":"@bercodi","twitter:image":"https:\/\/eldigitaldeasturias.com\/radio\/wp-content\/uploads\/2020\/07\/Brasil.jpg"},"aioseo_meta_data":{"post_id":"4635","title":null,"description":null,"keywords":null,"keyphrases":null,"primary_term":null,"canonical_url":null,"og_title":null,"og_description":null,"og_object_type":"default","og_image_type":"default","og_image_url":null,"og_image_width":null,"og_image_height":null,"og_image_custom_url":null,"og_image_custom_fields":null,"og_video":null,"og_custom_url":null,"og_article_section":null,"og_article_tags":null,"twitter_use_og":false,"twitter_card":"default","twitter_image_type":"default","twitter_image_url":null,"twitter_image_custom_url":null,"twitter_image_custom_fields":null,"twitter_title":null,"twitter_description":null,"schema":{"blockGraphs":[],"customGraphs":[],"default":{"data":{"Article":[],"Course":[],"Dataset":[],"FAQPage":[],"Movie":[],"Person":[],"Product":[],"ProductReview":[],"Car":[],"Recipe":[],"Service":[],"SoftwareApplication":[],"WebPage":[]},"graphName":"","isEnabled":true},"graphs":[],"defaultGraph":"","defaultPostTypeGraph":""},"schema_type":null,"schema_type_options":null,"pillar_content":false,"robots_default":true,"robots_noindex":false,"robots_noarchive":false,"robots_nosnippet":false,"robots_nofollow":false,"robots_noimageindex":false,"robots_noodp":false,"robots_notranslate":false,"robots_max_snippet":null,"robots_max_videopreview":null,"robots_max_imagepreview":"large","priority":null,"frequency":null,"location":null,"local_seo":null,"seo_analyzer_scan_date":"2025-08-28 16:25:32","breadcrumb_settings":null,"limit_modified_date":false,"open_ai":null,"ai":null,"created":"2021-03-26 23:00:47","updated":"2025-08-28 16:25:32"},"aioseo_breadcrumb":"<div class=\"aioseo-breadcrumbs\"><span class=\"aioseo-breadcrumb\">\n\t<a href=\"https:\/\/eldigitaldeasturias.com\/radio\" title=\"Inicio\">Inicio<\/a>\n<\/span><span class=\"aioseo-breadcrumb-separator\">&ndash;<\/span><span class=\"aioseo-breadcrumb\">\n\t<a href=\"https:\/\/eldigitaldeasturias.com\/radio\/category\/noticias\/\" title=\"Noticias\">Noticias<\/a>\n<\/span><span class=\"aioseo-breadcrumb-separator\">&ndash;<\/span><span class=\"aioseo-breadcrumb\">\n\tDecotelli renuncia al Ministerio de Educaci\u00f3n de Brasil\n<\/span><\/div>","aioseo_breadcrumb_json":[{"label":"Inicio","link":"https:\/\/eldigitaldeasturias.com\/radio"},{"label":"Noticias","link":"https:\/\/eldigitaldeasturias.com\/radio\/category\/noticias\/"},{"label":"Decotelli renuncia al Ministerio de Educaci\u00f3n de Brasil","link":"https:\/\/eldigitaldeasturias.com\/radio\/decotelli-renuncia-al-ministerio-de-educacion-de-brasil\/"}],"_links":{"self":[{"href":"https:\/\/eldigitaldeasturias.com\/radio\/wp-json\/wp\/v2\/posts\/4635","targetHints":{"allow":["GET"]}}],"collection":[{"href":"https:\/\/eldigitaldeasturias.com\/radio\/wp-json\/wp\/v2\/posts"}],"about":[{"href":"https:\/\/eldigitaldeasturias.com\/radio\/wp-json\/wp\/v2\/types\/post"}],"author":[{"embeddable":true,"href":"https:\/\/eldigitaldeasturias.com\/radio\/wp-json\/wp\/v2\/users\/1"}],"replies":[{"embeddable":true,"href":"https:\/\/eldigitaldeasturias.com\/radio\/wp-json\/wp\/v2\/comments?post=4635"}],"version-history":[{"count":0,"href":"https:\/\/eldigitaldeasturias.com\/radio\/wp-json\/wp\/v2\/posts\/4635\/revisions"}],"wp:featuredmedia":[{"embeddable":true,"href":"https:\/\/eldigitaldeasturias.com\/radio\/wp-json\/wp\/v2\/media\/4636"}],"wp:attachment":[{"href":"https:\/\/eldigitaldeasturias.com\/radio\/wp-json\/wp\/v2\/media?parent=4635"}],"wp:term":[{"taxonomy":"category","embeddable":true,"href":"https:\/\/eldigitaldeasturias.com\/radio\/wp-json\/wp\/v2\/categories?post=4635"},{"taxonomy":"post_tag","embeddable":true,"href":"https:\/\/eldigitaldeasturias.com\/radio\/wp-json\/wp\/v2\/tags?post=4635"}],"curies":[{"name":"wp","href":"https:\/\/api.w.org\/{rel}","templated":true}]}}