{"id":4626,"date":"2020-06-29T00:46:45","date_gmt":"2020-06-29T00:46:45","guid":{"rendered":"http:\/\/www.eldigitaldeasturias.com\/radio\/?p=4626"},"modified":"2020-06-29T00:46:45","modified_gmt":"2020-06-29T00:46:45","slug":"desmantelada-una-plantacion-indoor-de-marihuana-en-carreno","status":"publish","type":"post","link":"https:\/\/eldigitaldeasturias.com\/radio\/desmantelada-una-plantacion-indoor-de-marihuana-en-carreno\/","title":{"rendered":"Desmantelada una plantaci\u00f3n indoor de marihuana en Carre\u00f1o"},"content":{"rendered":"<p><strong><img fetchpriority=\"high\" decoding=\"async\" class=\"alignleft size-medium wp-image-1352\" src=\"http:\/\/www.eldigitaldeasturias.com\/radio\/wp-content\/uploads\/2018\/10\/technology-785742_960_720-360x240.jpg\" alt=\"\" width=\"360\" height=\"240\" srcset=\"https:\/\/eldigitaldeasturias.com\/radio\/wp-content\/uploads\/2018\/10\/technology-785742_960_720-360x240.jpg 360w, https:\/\/eldigitaldeasturias.com\/radio\/wp-content\/uploads\/2018\/10\/technology-785742_960_720-768x512.jpg 768w, https:\/\/eldigitaldeasturias.com\/radio\/wp-content\/uploads\/2018\/10\/technology-785742_960_720.jpg 960w\" sizes=\"(max-width: 360px) 100vw, 360px\" \/>Efectivos de la Guardia Civil de la Comandancia de Gij\u00f3n<\/strong>, han informado recientemente que tras varios meses de investigaci\u00f3n<strong> han desmantelado una plantaci\u00f3n indoor de marihuana en el concejo de Carre\u00f1o<\/strong>.<\/p>\n<p>A mediados del mes de mayo del presente a\u00f1o, La Guardia Civil tuvo conocimiento de la existencia de una posible plantaci\u00f3n de marihuana en una finca ubicada en la zona rural de Carre\u00f1o. El olor que se percib\u00eda en la zona, as\u00ed como las visitas que de forma espor\u00e1dica que realizaban personas ajenas al lugar eran claro indicio de ello.<\/p>\n<p>La disposici\u00f3n de la finca imped\u00eda a los agentes determinar a simple vista si estos hechos eran veraces, a pesar de las sospechas, por lo que se estableci\u00f3 un dispositivo de vigilancia en torno al lugar, una finca cerrada sobre s\u00ed con abundante vegetaci\u00f3n que imped\u00eda ver su interior.<\/p>\n<p>La actividad policial permiti\u00f3 confirmar las visitas a la finca de diversas personas ajenas al lugar, pudiendo adem\u00e1s identificarlos. Unido a ello, los agentes tambi\u00e9n constataron la existencia de una conducci\u00f3n de cableado el\u00e9ctrico desde el interior de la finca hasta el alumbrado p\u00fablico, hecho este muy com\u00fan en este tipo de plantaciones.<\/p>\n<p>Seg\u00fan se pudo conocer en el transcurso de las investigaciones, la finca pertenec\u00eda a una persona de avanzada edad, la cual no ten\u00eda conocimiento de lo que estaba ocurriendo en su interior. Fueron los hijos, los que al ser conocedores de la situaci\u00f3n, presentaron denuncia ante la Guardia Civil de la utilizaci\u00f3n de esa edificaci\u00f3n por alguien ajeno a ellos.<\/p>\n<p>Las gestiones realizadas con la compa\u00f1\u00eda el\u00e9ctrica suministradora, verificaron la existencia de un enganche de luz fraudulento, as\u00ed como que el consumo es el equivalente a una vivienda de tama\u00f1o medio\/grande, es decir bastante elevado.<\/p>\n<p>Con todos estos datos, el pasado d\u00eda 11 de junio se procedi\u00f3 a la entrada al lugar con autorizaci\u00f3n de su titular, pudiendo comprobarse que adem\u00e1s contaban con medidas de seguridad, como una c\u00e1mara de videovigilancia en el acceso a la misma y 5 perros que para su custodia.<\/p>\n<p>En el reconocimiento perimetral que realizaron los agentes, estos localizaron en la parte trasera un tubo de aireaci\u00f3n que sal\u00eda del subsuelo, adem\u00e1s de un hueco tapado con unas maderas y que constitu\u00eda el acceso al s\u00f3tano de la edificaci\u00f3n, donde ten\u00edan dispuesta la plantaci\u00f3n, con un sistema de iluminaci\u00f3n, riego y ventilaci\u00f3n para el cuidado de la misma.<\/p>\n<p>En este lugar se localizaron un total de 34 plantas de cannabis sativa, de un tama\u00f1o de unos 90 cms.<\/p>\n<p>Desde dicho s\u00f3tano se accede a la planta superior, donde se localizaron cogollos de marihuana secos y restos de plantas por el suelo, adem\u00e1s \u00fatiles para la elaboraci\u00f3n, pesaje y conservaci\u00f3n de la marihuana, as\u00ed como envases de un litro de diferentes productos qu\u00edmicos que tienen la consideraci\u00f3n de precursores y por tanto se encuentran sometidos a control ya que pueden ser utilizados para la fabricaci\u00f3n de drogas sint\u00e9ticas.<\/p>\n<p>Tambi\u00e9n se localiz\u00f3 sustancia de corte, diverso material de laboratorio como matrices, tubos de ensayo, vasos de precipitaci\u00f3n, probeta, etc. as\u00ed como documentaci\u00f3n donde se describe de forma detallada la elaboraci\u00f3n de dichas drogas sint\u00e9ticas.<\/p>\n<p>&nbsp;<\/p>\n","protected":false},"excerpt":{"rendered":"<p>Efectivos de la Guardia Civil de la Comandancia de Gij\u00f3n, han informado recientemente que tras varios meses de investigaci\u00f3n han desmantelado una plantaci\u00f3n indoor de marihuana en el concejo de Carre\u00f1o. A mediados del mes de mayo del presente a\u00f1o, La Guardia Civil tuvo conocimiento de la existencia de una posible plantaci\u00f3n de marihuana en<\/p>\n","protected":false},"author":1,"featured_media":1352,"comment_status":"closed","ping_status":"closed","sticky":false,"template":"","format":"standard","meta":{"footnotes":""},"categories":[1],"tags":[],"class_list":{"0":"post-4626","1":"post","2":"type-post","3":"status-publish","4":"format-standard","5":"has-post-thumbnail","7":"category-noticias"},"aioseo_notices":[],"aioseo_head":"\n\t\t<!-- All in One SEO Pro 4.9.6.2 - aioseo.com -->\n\t<meta name=\"description\" content=\"Efectivos de la Guardia Civil de la Comandancia de Gij\u00f3n, han informado recientemente que tras varios meses de investigaci\u00f3n han desmantelado una plantaci\u00f3n indoor de marihuana en el concejo de Carre\u00f1o. A mediados del mes de mayo del presente a\u00f1o, La Guardia Civil tuvo conocimiento de la existencia de una posible plantaci\u00f3n de marihuana en\" \/>\n\t<meta name=\"robots\" content=\"max-image-preview:large\" \/>\n\t<meta name=\"author\" content=\"NBAsturias\"\/>\n\t<meta name=\"google-site-verification\" content=\"UA-38556648-1\" \/>\n\t<meta name=\"keywords\" content=\"noticias\" \/>\n\t<link rel=\"canonical\" href=\"https:\/\/eldigitaldeasturias.com\/radio\/desmantelada-una-plantacion-indoor-de-marihuana-en-carreno\/\" \/>\n\t<meta name=\"generator\" content=\"All in One SEO Pro (AIOSEO) 4.9.6.2\" \/>\n\t\t<meta property=\"og:locale\" content=\"es_ES\" \/>\n\t\t<meta property=\"og:site_name\" content=\"El Digital de Asturias | Diario de informaci\u00f3n y noticias\" \/>\n\t\t<meta property=\"og:type\" content=\"article\" \/>\n\t\t<meta property=\"og:title\" content=\"Desmantelada una plantaci\u00f3n indoor de marihuana en Carre\u00f1o | El Digital de Asturias\" \/>\n\t\t<meta property=\"og:description\" content=\"Efectivos de la Guardia Civil de la Comandancia de Gij\u00f3n, han informado recientemente que tras varios meses de investigaci\u00f3n han desmantelado una plantaci\u00f3n indoor de marihuana en el concejo de Carre\u00f1o. A mediados del mes de mayo del presente a\u00f1o, La Guardia Civil tuvo conocimiento de la existencia de una posible plantaci\u00f3n de marihuana en\" \/>\n\t\t<meta property=\"og:url\" content=\"https:\/\/eldigitaldeasturias.com\/radio\/desmantelada-una-plantacion-indoor-de-marihuana-en-carreno\/\" \/>\n\t\t<meta property=\"og:image\" content=\"https:\/\/eldigitaldeasturias.com\/radio\/wp-content\/uploads\/2018\/10\/technology-785742_960_720.jpg\" \/>\n\t\t<meta property=\"og:image:secure_url\" content=\"https:\/\/eldigitaldeasturias.com\/radio\/wp-content\/uploads\/2018\/10\/technology-785742_960_720.jpg\" \/>\n\t\t<meta property=\"og:image:width\" content=\"960\" \/>\n\t\t<meta property=\"og:image:height\" content=\"640\" \/>\n\t\t<meta property=\"article:published_time\" content=\"2020-06-29T00:46:45+00:00\" \/>\n\t\t<meta property=\"article:modified_time\" content=\"2020-06-29T00:46:45+00:00\" \/>\n\t\t<meta name=\"twitter:card\" content=\"summary_large_image\" \/>\n\t\t<meta name=\"twitter:site\" content=\"@bercodi\" \/>\n\t\t<meta name=\"twitter:title\" content=\"Desmantelada una plantaci\u00f3n indoor de marihuana en Carre\u00f1o | El Digital de Asturias\" \/>\n\t\t<meta name=\"twitter:description\" content=\"Efectivos de la Guardia Civil de la Comandancia de Gij\u00f3n, han informado recientemente que tras varios meses de investigaci\u00f3n han desmantelado una plantaci\u00f3n indoor de marihuana en el concejo de Carre\u00f1o. A mediados del mes de mayo del presente a\u00f1o, La Guardia Civil tuvo conocimiento de la existencia de una posible plantaci\u00f3n de marihuana en\" \/>\n\t\t<meta name=\"twitter:creator\" content=\"@bercodi\" \/>\n\t\t<meta name=\"twitter:image\" content=\"https:\/\/eldigitaldeasturias.com\/radio\/wp-content\/uploads\/2018\/10\/technology-785742_960_720.jpg\" \/>\n\t\t<script type=\"application\/ld+json\" class=\"aioseo-schema\">\n\t\t\t{\"@context\":\"https:\\\/\\\/schema.org\",\"@graph\":[{\"@type\":\"BreadcrumbList\",\"@id\":\"https:\\\/\\\/eldigitaldeasturias.com\\\/radio\\\/desmantelada-una-plantacion-indoor-de-marihuana-en-carreno\\\/#breadcrumblist\",\"itemListElement\":[{\"@type\":\"ListItem\",\"@id\":\"https:\\\/\\\/eldigitaldeasturias.com\\\/radio#listItem\",\"position\":1,\"name\":\"Inicio\",\"item\":\"https:\\\/\\\/eldigitaldeasturias.com\\\/radio\",\"nextItem\":{\"@type\":\"ListItem\",\"@id\":\"https:\\\/\\\/eldigitaldeasturias.com\\\/radio\\\/category\\\/noticias\\\/#listItem\",\"name\":\"Noticias\"}},{\"@type\":\"ListItem\",\"@id\":\"https:\\\/\\\/eldigitaldeasturias.com\\\/radio\\\/category\\\/noticias\\\/#listItem\",\"position\":2,\"name\":\"Noticias\",\"item\":\"https:\\\/\\\/eldigitaldeasturias.com\\\/radio\\\/category\\\/noticias\\\/\",\"nextItem\":{\"@type\":\"ListItem\",\"@id\":\"https:\\\/\\\/eldigitaldeasturias.com\\\/radio\\\/desmantelada-una-plantacion-indoor-de-marihuana-en-carreno\\\/#listItem\",\"name\":\"Desmantelada una plantaci\\u00f3n indoor de marihuana en Carre\\u00f1o\"},\"previousItem\":{\"@type\":\"ListItem\",\"@id\":\"https:\\\/\\\/eldigitaldeasturias.com\\\/radio#listItem\",\"name\":\"Inicio\"}},{\"@type\":\"ListItem\",\"@id\":\"https:\\\/\\\/eldigitaldeasturias.com\\\/radio\\\/desmantelada-una-plantacion-indoor-de-marihuana-en-carreno\\\/#listItem\",\"position\":3,\"name\":\"Desmantelada una plantaci\\u00f3n indoor de marihuana en Carre\\u00f1o\",\"previousItem\":{\"@type\":\"ListItem\",\"@id\":\"https:\\\/\\\/eldigitaldeasturias.com\\\/radio\\\/category\\\/noticias\\\/#listItem\",\"name\":\"Noticias\"}}]},{\"@type\":\"NewsArticle\",\"@id\":\"https:\\\/\\\/eldigitaldeasturias.com\\\/radio\\\/desmantelada-una-plantacion-indoor-de-marihuana-en-carreno\\\/#newsarticle\",\"name\":\"Desmantelada una plantaci\\u00f3n indoor de marihuana en Carre\\u00f1o | El Digital de Asturias\",\"headline\":\"Desmantelada una plantaci\\u00f3n indoor de marihuana en Carre\\u00f1o\",\"author\":{\"@id\":\"https:\\\/\\\/eldigitaldeasturias.com\\\/radio\\\/author\\\/nbasturias\\\/#author\"},\"publisher\":{\"@id\":\"https:\\\/\\\/eldigitaldeasturias.com\\\/radio\\\/#organization\"},\"image\":{\"@type\":\"ImageObject\",\"url\":\"https:\\\/\\\/eldigitaldeasturias.com\\\/radio\\\/wp-content\\\/uploads\\\/2018\\\/10\\\/technology-785742_960_720.jpg\",\"width\":960,\"height\":640},\"datePublished\":\"2020-06-29T00:46:45+02:00\",\"dateModified\":\"2020-06-29T00:46:45+02:00\",\"inLanguage\":\"es-ES\",\"mainEntityOfPage\":{\"@id\":\"https:\\\/\\\/eldigitaldeasturias.com\\\/radio\\\/desmantelada-una-plantacion-indoor-de-marihuana-en-carreno\\\/#webpage\"},\"isPartOf\":{\"@id\":\"https:\\\/\\\/eldigitaldeasturias.com\\\/radio\\\/desmantelada-una-plantacion-indoor-de-marihuana-en-carreno\\\/#webpage\"},\"articleSection\":\"Noticias\",\"dateline\":\"Publicado el junio 29, 2020.\"},{\"@type\":\"Organization\",\"@id\":\"https:\\\/\\\/eldigitaldeasturias.com\\\/radio\\\/#organization\",\"name\":\"El digital de Asturias Radio\",\"description\":\"Diario de informaci\\u00f3n y noticias\",\"url\":\"https:\\\/\\\/eldigitaldeasturias.com\\\/radio\\\/\",\"telephone\":\"+34652131393\",\"logo\":{\"@type\":\"ImageObject\",\"url\":\"https:\\\/\\\/www.eldigitaldeasturias.com\\\/radio\\\/wp-content\\\/uploads\\\/2021\\\/03\\\/EDA.jpg\",\"@id\":\"https:\\\/\\\/eldigitaldeasturias.com\\\/radio\\\/desmantelada-una-plantacion-indoor-de-marihuana-en-carreno\\\/#organizationLogo\"},\"image\":{\"@id\":\"https:\\\/\\\/eldigitaldeasturias.com\\\/radio\\\/desmantelada-una-plantacion-indoor-de-marihuana-en-carreno\\\/#organizationLogo\"},\"sameAs\":[\"https:\\\/\\\/www.facebook.com\\\/\",\"https:\\\/\\\/x.com\\\/bercodi\",\"https:\\\/\\\/www.instagram.com\\\/\",\"https:\\\/\\\/www.youtube.com\\\/channel\\\/UCZP-2wLEB9Rv6erhFmqVnvg\"]},{\"@type\":\"Person\",\"@id\":\"https:\\\/\\\/eldigitaldeasturias.com\\\/radio\\\/author\\\/nbasturias\\\/#author\",\"url\":\"https:\\\/\\\/eldigitaldeasturias.com\\\/radio\\\/author\\\/nbasturias\\\/\",\"name\":\"NBAsturias\",\"image\":{\"@type\":\"ImageObject\",\"@id\":\"https:\\\/\\\/eldigitaldeasturias.com\\\/radio\\\/desmantelada-una-plantacion-indoor-de-marihuana-en-carreno\\\/#authorImage\",\"url\":\"https:\\\/\\\/secure.gravatar.com\\\/avatar\\\/df2aeffc32bcd13f8d26072ef8a91b623d677766deac7f97ca815868cd41bf5e?s=96&d=mm&r=g\",\"width\":96,\"height\":96,\"caption\":\"NBAsturias\"}},{\"@type\":\"WebPage\",\"@id\":\"https:\\\/\\\/eldigitaldeasturias.com\\\/radio\\\/desmantelada-una-plantacion-indoor-de-marihuana-en-carreno\\\/#webpage\",\"url\":\"https:\\\/\\\/eldigitaldeasturias.com\\\/radio\\\/desmantelada-una-plantacion-indoor-de-marihuana-en-carreno\\\/\",\"name\":\"Desmantelada una plantaci\\u00f3n indoor de marihuana en Carre\\u00f1o | El Digital de Asturias\",\"description\":\"Efectivos de la Guardia Civil de la Comandancia de Gij\\u00f3n, han informado recientemente que tras varios meses de investigaci\\u00f3n han desmantelado una plantaci\\u00f3n indoor de marihuana en el concejo de Carre\\u00f1o. A mediados del mes de mayo del presente a\\u00f1o, La Guardia Civil tuvo conocimiento de la existencia de una posible plantaci\\u00f3n de marihuana en\",\"inLanguage\":\"es-ES\",\"isPartOf\":{\"@id\":\"https:\\\/\\\/eldigitaldeasturias.com\\\/radio\\\/#website\"},\"breadcrumb\":{\"@id\":\"https:\\\/\\\/eldigitaldeasturias.com\\\/radio\\\/desmantelada-una-plantacion-indoor-de-marihuana-en-carreno\\\/#breadcrumblist\"},\"author\":{\"@id\":\"https:\\\/\\\/eldigitaldeasturias.com\\\/radio\\\/author\\\/nbasturias\\\/#author\"},\"creator\":{\"@id\":\"https:\\\/\\\/eldigitaldeasturias.com\\\/radio\\\/author\\\/nbasturias\\\/#author\"},\"image\":{\"@type\":\"ImageObject\",\"url\":\"https:\\\/\\\/eldigitaldeasturias.com\\\/radio\\\/wp-content\\\/uploads\\\/2018\\\/10\\\/technology-785742_960_720.jpg\",\"@id\":\"https:\\\/\\\/eldigitaldeasturias.com\\\/radio\\\/desmantelada-una-plantacion-indoor-de-marihuana-en-carreno\\\/#mainImage\",\"width\":960,\"height\":640},\"primaryImageOfPage\":{\"@id\":\"https:\\\/\\\/eldigitaldeasturias.com\\\/radio\\\/desmantelada-una-plantacion-indoor-de-marihuana-en-carreno\\\/#mainImage\"},\"datePublished\":\"2020-06-29T00:46:45+02:00\",\"dateModified\":\"2020-06-29T00:46:45+02:00\"},{\"@type\":\"WebSite\",\"@id\":\"https:\\\/\\\/eldigitaldeasturias.com\\\/radio\\\/#website\",\"url\":\"https:\\\/\\\/eldigitaldeasturias.com\\\/radio\\\/\",\"name\":\"El Digital de Asturias\",\"description\":\"Diario de informaci\\u00f3n y noticias\",\"inLanguage\":\"es-ES\",\"publisher\":{\"@id\":\"https:\\\/\\\/eldigitaldeasturias.com\\\/radio\\\/#organization\"}}]}\n\t\t<\/script>\n\t\t<!-- All in One SEO Pro -->\r\n\t\t<title>Desmantelada una plantaci\u00f3n indoor de marihuana en Carre\u00f1o | El Digital de Asturias<\/title>\n\n","aioseo_head_json":{"title":"Desmantelada una plantaci\u00f3n indoor de marihuana en Carre\u00f1o | El Digital de Asturias","description":"Efectivos de la Guardia Civil de la Comandancia de Gij\u00f3n, han informado recientemente que tras varios meses de investigaci\u00f3n han desmantelado una plantaci\u00f3n indoor de marihuana en el concejo de Carre\u00f1o. A mediados del mes de mayo del presente a\u00f1o, La Guardia Civil tuvo conocimiento de la existencia de una posible plantaci\u00f3n de marihuana en","canonical_url":"https:\/\/eldigitaldeasturias.com\/radio\/desmantelada-una-plantacion-indoor-de-marihuana-en-carreno\/","robots":"max-image-preview:large","keywords":"noticias","webmasterTools":{"google-site-verification":"UA-38556648-1","miscellaneous":""},"schema":{"@context":"https:\/\/schema.org","@graph":[{"@type":"BreadcrumbList","@id":"https:\/\/eldigitaldeasturias.com\/radio\/desmantelada-una-plantacion-indoor-de-marihuana-en-carreno\/#breadcrumblist","itemListElement":[{"@type":"ListItem","@id":"https:\/\/eldigitaldeasturias.com\/radio#listItem","position":1,"name":"Inicio","item":"https:\/\/eldigitaldeasturias.com\/radio","nextItem":{"@type":"ListItem","@id":"https:\/\/eldigitaldeasturias.com\/radio\/category\/noticias\/#listItem","name":"Noticias"}},{"@type":"ListItem","@id":"https:\/\/eldigitaldeasturias.com\/radio\/category\/noticias\/#listItem","position":2,"name":"Noticias","item":"https:\/\/eldigitaldeasturias.com\/radio\/category\/noticias\/","nextItem":{"@type":"ListItem","@id":"https:\/\/eldigitaldeasturias.com\/radio\/desmantelada-una-plantacion-indoor-de-marihuana-en-carreno\/#listItem","name":"Desmantelada una plantaci\u00f3n indoor de marihuana en Carre\u00f1o"},"previousItem":{"@type":"ListItem","@id":"https:\/\/eldigitaldeasturias.com\/radio#listItem","name":"Inicio"}},{"@type":"ListItem","@id":"https:\/\/eldigitaldeasturias.com\/radio\/desmantelada-una-plantacion-indoor-de-marihuana-en-carreno\/#listItem","position":3,"name":"Desmantelada una plantaci\u00f3n indoor de marihuana en Carre\u00f1o","previousItem":{"@type":"ListItem","@id":"https:\/\/eldigitaldeasturias.com\/radio\/category\/noticias\/#listItem","name":"Noticias"}}]},{"@type":"NewsArticle","@id":"https:\/\/eldigitaldeasturias.com\/radio\/desmantelada-una-plantacion-indoor-de-marihuana-en-carreno\/#newsarticle","name":"Desmantelada una plantaci\u00f3n indoor de marihuana en Carre\u00f1o | El Digital de Asturias","headline":"Desmantelada una plantaci\u00f3n indoor de marihuana en Carre\u00f1o","author":{"@id":"https:\/\/eldigitaldeasturias.com\/radio\/author\/nbasturias\/#author"},"publisher":{"@id":"https:\/\/eldigitaldeasturias.com\/radio\/#organization"},"image":{"@type":"ImageObject","url":"https:\/\/eldigitaldeasturias.com\/radio\/wp-content\/uploads\/2018\/10\/technology-785742_960_720.jpg","width":960,"height":640},"datePublished":"2020-06-29T00:46:45+02:00","dateModified":"2020-06-29T00:46:45+02:00","inLanguage":"es-ES","mainEntityOfPage":{"@id":"https:\/\/eldigitaldeasturias.com\/radio\/desmantelada-una-plantacion-indoor-de-marihuana-en-carreno\/#webpage"},"isPartOf":{"@id":"https:\/\/eldigitaldeasturias.com\/radio\/desmantelada-una-plantacion-indoor-de-marihuana-en-carreno\/#webpage"},"articleSection":"Noticias","dateline":"Publicado el junio 29, 2020."},{"@type":"Organization","@id":"https:\/\/eldigitaldeasturias.com\/radio\/#organization","name":"El digital de Asturias Radio","description":"Diario de informaci\u00f3n y noticias","url":"https:\/\/eldigitaldeasturias.com\/radio\/","telephone":"+34652131393","logo":{"@type":"ImageObject","url":"https:\/\/www.eldigitaldeasturias.com\/radio\/wp-content\/uploads\/2021\/03\/EDA.jpg","@id":"https:\/\/eldigitaldeasturias.com\/radio\/desmantelada-una-plantacion-indoor-de-marihuana-en-carreno\/#organizationLogo"},"image":{"@id":"https:\/\/eldigitaldeasturias.com\/radio\/desmantelada-una-plantacion-indoor-de-marihuana-en-carreno\/#organizationLogo"},"sameAs":["https:\/\/www.facebook.com\/","https:\/\/x.com\/bercodi","https:\/\/www.instagram.com\/","https:\/\/www.youtube.com\/channel\/UCZP-2wLEB9Rv6erhFmqVnvg"]},{"@type":"Person","@id":"https:\/\/eldigitaldeasturias.com\/radio\/author\/nbasturias\/#author","url":"https:\/\/eldigitaldeasturias.com\/radio\/author\/nbasturias\/","name":"NBAsturias","image":{"@type":"ImageObject","@id":"https:\/\/eldigitaldeasturias.com\/radio\/desmantelada-una-plantacion-indoor-de-marihuana-en-carreno\/#authorImage","url":"https:\/\/secure.gravatar.com\/avatar\/df2aeffc32bcd13f8d26072ef8a91b623d677766deac7f97ca815868cd41bf5e?s=96&d=mm&r=g","width":96,"height":96,"caption":"NBAsturias"}},{"@type":"WebPage","@id":"https:\/\/eldigitaldeasturias.com\/radio\/desmantelada-una-plantacion-indoor-de-marihuana-en-carreno\/#webpage","url":"https:\/\/eldigitaldeasturias.com\/radio\/desmantelada-una-plantacion-indoor-de-marihuana-en-carreno\/","name":"Desmantelada una plantaci\u00f3n indoor de marihuana en Carre\u00f1o | El Digital de Asturias","description":"Efectivos de la Guardia Civil de la Comandancia de Gij\u00f3n, han informado recientemente que tras varios meses de investigaci\u00f3n han desmantelado una plantaci\u00f3n indoor de marihuana en el concejo de Carre\u00f1o. A mediados del mes de mayo del presente a\u00f1o, La Guardia Civil tuvo conocimiento de la existencia de una posible plantaci\u00f3n de marihuana en","inLanguage":"es-ES","isPartOf":{"@id":"https:\/\/eldigitaldeasturias.com\/radio\/#website"},"breadcrumb":{"@id":"https:\/\/eldigitaldeasturias.com\/radio\/desmantelada-una-plantacion-indoor-de-marihuana-en-carreno\/#breadcrumblist"},"author":{"@id":"https:\/\/eldigitaldeasturias.com\/radio\/author\/nbasturias\/#author"},"creator":{"@id":"https:\/\/eldigitaldeasturias.com\/radio\/author\/nbasturias\/#author"},"image":{"@type":"ImageObject","url":"https:\/\/eldigitaldeasturias.com\/radio\/wp-content\/uploads\/2018\/10\/technology-785742_960_720.jpg","@id":"https:\/\/eldigitaldeasturias.com\/radio\/desmantelada-una-plantacion-indoor-de-marihuana-en-carreno\/#mainImage","width":960,"height":640},"primaryImageOfPage":{"@id":"https:\/\/eldigitaldeasturias.com\/radio\/desmantelada-una-plantacion-indoor-de-marihuana-en-carreno\/#mainImage"},"datePublished":"2020-06-29T00:46:45+02:00","dateModified":"2020-06-29T00:46:45+02:00"},{"@type":"WebSite","@id":"https:\/\/eldigitaldeasturias.com\/radio\/#website","url":"https:\/\/eldigitaldeasturias.com\/radio\/","name":"El Digital de Asturias","description":"Diario de informaci\u00f3n y noticias","inLanguage":"es-ES","publisher":{"@id":"https:\/\/eldigitaldeasturias.com\/radio\/#organization"}}]},"og:locale":"es_ES","og:site_name":"El Digital de Asturias | Diario de informaci\u00f3n y noticias","og:type":"article","og:title":"Desmantelada una plantaci\u00f3n indoor de marihuana en Carre\u00f1o | El Digital de Asturias","og:description":"Efectivos de la Guardia Civil de la Comandancia de Gij\u00f3n, han informado recientemente que tras varios meses de investigaci\u00f3n han desmantelado una plantaci\u00f3n indoor de marihuana en el concejo de Carre\u00f1o. A mediados del mes de mayo del presente a\u00f1o, La Guardia Civil tuvo conocimiento de la existencia de una posible plantaci\u00f3n de marihuana en","og:url":"https:\/\/eldigitaldeasturias.com\/radio\/desmantelada-una-plantacion-indoor-de-marihuana-en-carreno\/","og:image":"https:\/\/eldigitaldeasturias.com\/radio\/wp-content\/uploads\/2018\/10\/technology-785742_960_720.jpg","og:image:secure_url":"https:\/\/eldigitaldeasturias.com\/radio\/wp-content\/uploads\/2018\/10\/technology-785742_960_720.jpg","og:image:width":960,"og:image:height":640,"article:published_time":"2020-06-29T00:46:45+00:00","article:modified_time":"2020-06-29T00:46:45+00:00","twitter:card":"summary_large_image","twitter:site":"@bercodi","twitter:title":"Desmantelada una plantaci\u00f3n indoor de marihuana en Carre\u00f1o | El Digital de Asturias","twitter:description":"Efectivos de la Guardia Civil de la Comandancia de Gij\u00f3n, han informado recientemente que tras varios meses de investigaci\u00f3n han desmantelado una plantaci\u00f3n indoor de marihuana en el concejo de Carre\u00f1o. A mediados del mes de mayo del presente a\u00f1o, La Guardia Civil tuvo conocimiento de la existencia de una posible plantaci\u00f3n de marihuana en","twitter:creator":"@bercodi","twitter:image":"https:\/\/eldigitaldeasturias.com\/radio\/wp-content\/uploads\/2018\/10\/technology-785742_960_720.jpg"},"aioseo_meta_data":{"post_id":"4626","title":null,"description":null,"keywords":null,"keyphrases":null,"primary_term":null,"canonical_url":null,"og_title":null,"og_description":null,"og_object_type":"default","og_image_type":"default","og_image_url":null,"og_image_width":null,"og_image_height":null,"og_image_custom_url":null,"og_image_custom_fields":null,"og_video":null,"og_custom_url":null,"og_article_section":null,"og_article_tags":null,"twitter_use_og":false,"twitter_card":"default","twitter_image_type":"default","twitter_image_url":null,"twitter_image_custom_url":null,"twitter_image_custom_fields":null,"twitter_title":null,"twitter_description":null,"schema":{"blockGraphs":[],"customGraphs":[],"default":{"data":{"Article":[],"Course":[],"Dataset":[],"FAQPage":[],"Movie":[],"Person":[],"Product":[],"ProductReview":[],"Car":[],"Recipe":[],"Service":[],"SoftwareApplication":[],"WebPage":[]},"graphName":"","isEnabled":true},"graphs":[],"defaultGraph":"","defaultPostTypeGraph":""},"schema_type":null,"schema_type_options":null,"pillar_content":false,"robots_default":true,"robots_noindex":false,"robots_noarchive":false,"robots_nosnippet":false,"robots_nofollow":false,"robots_noimageindex":false,"robots_noodp":false,"robots_notranslate":false,"robots_max_snippet":null,"robots_max_videopreview":null,"robots_max_imagepreview":"large","priority":null,"frequency":null,"location":null,"local_seo":null,"seo_analyzer_scan_date":"2025-08-28 16:23:28","breadcrumb_settings":null,"limit_modified_date":false,"open_ai":null,"ai":null,"created":"2021-03-26 23:00:47","updated":"2025-08-28 16:23:28"},"aioseo_breadcrumb":"<div class=\"aioseo-breadcrumbs\"><span class=\"aioseo-breadcrumb\">\n\t<a href=\"https:\/\/eldigitaldeasturias.com\/radio\" title=\"Inicio\">Inicio<\/a>\n<\/span><span class=\"aioseo-breadcrumb-separator\">&ndash;<\/span><span class=\"aioseo-breadcrumb\">\n\t<a href=\"https:\/\/eldigitaldeasturias.com\/radio\/category\/noticias\/\" title=\"Noticias\">Noticias<\/a>\n<\/span><span class=\"aioseo-breadcrumb-separator\">&ndash;<\/span><span class=\"aioseo-breadcrumb\">\n\tDesmantelada una plantaci\u00f3n indoor de marihuana en Carre\u00f1o\n<\/span><\/div>","aioseo_breadcrumb_json":[{"label":"Inicio","link":"https:\/\/eldigitaldeasturias.com\/radio"},{"label":"Noticias","link":"https:\/\/eldigitaldeasturias.com\/radio\/category\/noticias\/"},{"label":"Desmantelada una plantaci\u00f3n indoor de marihuana en Carre\u00f1o","link":"https:\/\/eldigitaldeasturias.com\/radio\/desmantelada-una-plantacion-indoor-de-marihuana-en-carreno\/"}],"_links":{"self":[{"href":"https:\/\/eldigitaldeasturias.com\/radio\/wp-json\/wp\/v2\/posts\/4626","targetHints":{"allow":["GET"]}}],"collection":[{"href":"https:\/\/eldigitaldeasturias.com\/radio\/wp-json\/wp\/v2\/posts"}],"about":[{"href":"https:\/\/eldigitaldeasturias.com\/radio\/wp-json\/wp\/v2\/types\/post"}],"author":[{"embeddable":true,"href":"https:\/\/eldigitaldeasturias.com\/radio\/wp-json\/wp\/v2\/users\/1"}],"replies":[{"embeddable":true,"href":"https:\/\/eldigitaldeasturias.com\/radio\/wp-json\/wp\/v2\/comments?post=4626"}],"version-history":[{"count":0,"href":"https:\/\/eldigitaldeasturias.com\/radio\/wp-json\/wp\/v2\/posts\/4626\/revisions"}],"wp:featuredmedia":[{"embeddable":true,"href":"https:\/\/eldigitaldeasturias.com\/radio\/wp-json\/wp\/v2\/media\/1352"}],"wp:attachment":[{"href":"https:\/\/eldigitaldeasturias.com\/radio\/wp-json\/wp\/v2\/media?parent=4626"}],"wp:term":[{"taxonomy":"category","embeddable":true,"href":"https:\/\/eldigitaldeasturias.com\/radio\/wp-json\/wp\/v2\/categories?post=4626"},{"taxonomy":"post_tag","embeddable":true,"href":"https:\/\/eldigitaldeasturias.com\/radio\/wp-json\/wp\/v2\/tags?post=4626"}],"curies":[{"name":"wp","href":"https:\/\/api.w.org\/{rel}","templated":true}]}}