{"id":4604,"date":"2020-06-26T13:23:03","date_gmt":"2020-06-26T13:23:03","guid":{"rendered":"http:\/\/www.eldigitaldeasturias.com\/radio\/?p=4604"},"modified":"2020-06-26T13:23:03","modified_gmt":"2020-06-26T13:23:03","slug":"la-cosmetica-natural-tambien-esta-legislada","status":"publish","type":"post","link":"https:\/\/eldigitaldeasturias.com\/radio\/la-cosmetica-natural-tambien-esta-legislada\/","title":{"rendered":"La cosm\u00e9tica natural tambi\u00e9n est\u00e1 legislada"},"content":{"rendered":"<p><img fetchpriority=\"high\" decoding=\"async\" class=\"alignleft size-medium wp-image-4605\" src=\"http:\/\/www.eldigitaldeasturias.com\/radio\/wp-content\/uploads\/2020\/06\/Jaboneko-IP-360x264.jpg\" alt=\"\" width=\"360\" height=\"264\" srcset=\"https:\/\/eldigitaldeasturias.com\/radio\/wp-content\/uploads\/2020\/06\/Jaboneko-IP-360x264.jpg 360w, https:\/\/eldigitaldeasturias.com\/radio\/wp-content\/uploads\/2020\/06\/Jaboneko-IP.jpg 614w\" sizes=\"(max-width: 360px) 100vw, 360px\" \/>La cosm\u00e9tica natural, donde tambi\u00e9n se incluyen los jabones artesanos, est\u00e1 de moda por el inter\u00e9s social en minimizar el impacto tanto para la piel como para el medioambiente.<\/p>\n<p>La realidad es que, grandes marcas que usan como reclamo el uso de cosm\u00e9ticos como el aceite de jojoba, coco o incluso rosa mosqueta, los incluyen, pero en un porcentaje tan bajo que no podr\u00eda considerarse como natural al ir acompa\u00f1ado en su formulaci\u00f3n por otra multitud de qu\u00edmicos que supera con creces la cantidad natural.<\/p>\n<p>Dicho esto, \u00bfqu\u00e9 es la cosm\u00e9tica natural? Seg\u00fan Gloria M\u00e9ndez, Fundadora de <span style=\"color: #ff6600;\"><strong><a style=\"color: #ff6600;\" href=\"http:\/\/www.jaboneko.es\/\" target=\"_blank\" rel=\"noopener noreferrer\">Jaboneko<\/a><\/strong><\/span>, Experta en legislaci\u00f3n en cosm\u00e9tica, t\u00e9cnico en Dermocosm\u00e9tica Natural \u201c<em>No existe actualmente una definici\u00f3n concreta o reglada de lo que es cosm\u00e9tica natural. Se podr\u00eda definir como aquella cosm\u00e9tica elaborada a base de ingredientes de la propia naturaleza como los aceites vegetales, mantecas, ceras, aceites esenciales, plantas, y otros aditivos naturales. Es una cosm\u00e9tica que casi se podr\u00eda comer porque est\u00e1 elaborada con productos naturales que incluso podemos encontrar en nuestra cocina, no tiene qu\u00edmicos. Normalmente este tipo de cosm\u00e9ticos son productos handmade, hechos a mano por artesanos, no a escala industrial<\/em>\u201d.<\/p>\n<h3><strong>La legislaci\u00f3n vigente para cosm\u00e9tica<\/strong><strong>\u00a0<\/strong><\/h3>\n<p>Al igual que la cosm\u00e9tica convencional, la cosm\u00e9tica natural tiene que cumplir con la misma normativa que, de hecho, est\u00e1 armonizada en toda la UE. Tanto es as\u00ed que el organismo encargado da vigilancia y cumplimiento es la Agencia Espa\u00f1ola de Medicamentos y Productos Sanitarios (AEMPS).<\/p>\n<p>En ambos casos, la gran industria y el peque\u00f1o artesano, tienen que cumplir la misma normativa para poder comercializar legalmente sus productos cosm\u00e9ticos, garantizando que no son perjudiciales para la salud.<\/p>\n<p>En ella se detalla la formaci\u00f3n y conocimientos que tiene que tener la persona responsable del producto, las condiciones que tienen que cumplir las instalaciones donde se fabrica el cosm\u00e9tico, los controles, las pruebas y test de calidad del producto, contenido del etiquetado y todos los tr\u00e1mites administrativos.<\/p>\n<p>Pero no siempre se cumple. Es habitual encontrar en mercadillos a artesanos que venden jabones y productos cosm\u00e9ticos que no han sido analizados. Tambi\u00e9n, en Internet, hay muchas tiendas online en que se venden productos cosm\u00e9ticos donde no se facilita la suficiente informaci\u00f3n para saber si la empresa cumple con la normativa. \u00bfPor qu\u00e9 ocurre esto?<\/p>\n<p>Seg\u00fan Gloria M\u00e9ndez \u201clo que sucede es que es f\u00e1cil hacer cosm\u00e9tica natural y caro legalizarla ya que la normativa es muy estricta, tema comprensible porque es un producto que te pones en la piel.\u00a0 Para poder vender un producto cosm\u00e9tico \u00e9ste ha tenido que fabricarse en un laboratorio, siguiendo las buenas pr\u00e1cticas de fabricaci\u00f3n y ha debido someterse a pruebas de an\u00e1lisis para valorar la estabilidad del cosm\u00e9tico, caducidad, toxicidad, microbiol\u00f3gicos, etc. Es caro, pero no imposible, ya que hay otras formas de legalizar el producto. El artesano puede empezar a comercializar su producto subcontratando la fabricaci\u00f3n de sus cosm\u00e9ticos a un laboratorio. En <strong><span style=\"color: #ff6600;\"><a style=\"color: #ff6600;\" href=\"http:\/\/www.jaboneko.es\/infocursoemprenderencosmetica\" target=\"_blank\" rel=\"noopener noreferrer\">nuestro curso para emprendedores en cosm\u00e9tica natural<\/a><\/span><\/strong> ense\u00f1amos a los artesanos a legalizar sus productos y las distintas alternativas que tienen para emprender en este sector. Como cualquier negocio, siempre se requiere inversi\u00f3n. En la mayor\u00eda de los casos, estos artesanos son personas con formaci\u00f3n y hacen muy buenos productos\u201d.<\/p>\n<p>En Espa\u00f1a no existe formaci\u00f3n reglada para la elaboraci\u00f3n de este tipo de productos cosm\u00e9ticos, pero s\u00ed existen titulaciones propias ofrecidas por Universidades y otras Escuelas de formaci\u00f3n.<\/p>\n<p>\u201cHay que dar valor a la cosm\u00e9tica natural porque es la mejor para el medioambiente y nuestra piel, los fabricantes de esta cosm\u00e9tica tienen que hacerlo como verdaderos profesionales que son, cuidando y demostrando a sus clientes que se preocupan por su salud. Y eso pasa por cumplir con la legislaci\u00f3n y controles.\u201d concluye.<\/p>\n","protected":false},"excerpt":{"rendered":"<p>La cosm\u00e9tica natural, donde tambi\u00e9n se incluyen los jabones artesanos, est\u00e1 de moda por el inter\u00e9s social en minimizar el impacto tanto para la piel como para el medioambiente. La realidad es que, grandes marcas que usan como reclamo el uso de cosm\u00e9ticos como el aceite de jojoba, coco o incluso rosa mosqueta, los incluyen,<\/p>\n","protected":false},"author":1,"featured_media":4605,"comment_status":"closed","ping_status":"closed","sticky":false,"template":"","format":"standard","meta":{"footnotes":""},"categories":[35],"tags":[],"class_list":{"0":"post-4604","1":"post","2":"type-post","3":"status-publish","4":"format-standard","5":"has-post-thumbnail","7":"category-negocios"},"aioseo_notices":[],"aioseo_head":"\n\t\t<!-- All in One SEO Pro 4.9.6.2 - aioseo.com -->\n\t<meta name=\"description\" content=\"La cosm\u00e9tica natural, donde tambi\u00e9n se incluyen los jabones artesanos, est\u00e1 de moda por el inter\u00e9s social en minimizar el impacto tanto para la piel como para el medioambiente. La realidad es que, grandes marcas que usan como reclamo el uso de cosm\u00e9ticos como el aceite de jojoba, coco o incluso rosa mosqueta, los incluyen,\" \/>\n\t<meta name=\"robots\" content=\"max-image-preview:large\" \/>\n\t<meta name=\"author\" content=\"NBAsturias\"\/>\n\t<meta name=\"google-site-verification\" content=\"UA-38556648-1\" \/>\n\t<meta name=\"keywords\" content=\"negocios\" \/>\n\t<link rel=\"canonical\" href=\"https:\/\/eldigitaldeasturias.com\/radio\/la-cosmetica-natural-tambien-esta-legislada\/\" \/>\n\t<meta name=\"generator\" content=\"All in One SEO Pro (AIOSEO) 4.9.6.2\" \/>\n\t\t<meta property=\"og:locale\" content=\"es_ES\" \/>\n\t\t<meta property=\"og:site_name\" content=\"El Digital de Asturias | Diario de informaci\u00f3n y noticias\" \/>\n\t\t<meta property=\"og:type\" content=\"article\" \/>\n\t\t<meta property=\"og:title\" content=\"La cosm\u00e9tica natural tambi\u00e9n est\u00e1 legislada | El Digital de Asturias\" \/>\n\t\t<meta property=\"og:description\" content=\"La cosm\u00e9tica natural, donde tambi\u00e9n se incluyen los jabones artesanos, est\u00e1 de moda por el inter\u00e9s social en minimizar el impacto tanto para la piel como para el medioambiente. La realidad es que, grandes marcas que usan como reclamo el uso de cosm\u00e9ticos como el aceite de jojoba, coco o incluso rosa mosqueta, los incluyen,\" \/>\n\t\t<meta property=\"og:url\" content=\"https:\/\/eldigitaldeasturias.com\/radio\/la-cosmetica-natural-tambien-esta-legislada\/\" \/>\n\t\t<meta property=\"og:image\" content=\"https:\/\/eldigitaldeasturias.com\/radio\/wp-content\/uploads\/2020\/06\/Jaboneko-IP.jpg\" \/>\n\t\t<meta property=\"og:image:secure_url\" content=\"https:\/\/eldigitaldeasturias.com\/radio\/wp-content\/uploads\/2020\/06\/Jaboneko-IP.jpg\" \/>\n\t\t<meta property=\"og:image:width\" content=\"614\" \/>\n\t\t<meta property=\"og:image:height\" content=\"450\" \/>\n\t\t<meta property=\"article:published_time\" content=\"2020-06-26T13:23:03+00:00\" \/>\n\t\t<meta property=\"article:modified_time\" content=\"2020-06-26T13:23:03+00:00\" \/>\n\t\t<meta name=\"twitter:card\" content=\"summary_large_image\" \/>\n\t\t<meta name=\"twitter:site\" content=\"@bercodi\" \/>\n\t\t<meta name=\"twitter:title\" content=\"La cosm\u00e9tica natural tambi\u00e9n est\u00e1 legislada | El Digital de Asturias\" \/>\n\t\t<meta name=\"twitter:description\" content=\"La cosm\u00e9tica natural, donde tambi\u00e9n se incluyen los jabones artesanos, est\u00e1 de moda por el inter\u00e9s social en minimizar el impacto tanto para la piel como para el medioambiente. La realidad es que, grandes marcas que usan como reclamo el uso de cosm\u00e9ticos como el aceite de jojoba, coco o incluso rosa mosqueta, los incluyen,\" \/>\n\t\t<meta name=\"twitter:creator\" content=\"@bercodi\" \/>\n\t\t<meta name=\"twitter:image\" content=\"https:\/\/eldigitaldeasturias.com\/radio\/wp-content\/uploads\/2020\/06\/Jaboneko-IP.jpg\" \/>\n\t\t<script type=\"application\/ld+json\" class=\"aioseo-schema\">\n\t\t\t{\"@context\":\"https:\\\/\\\/schema.org\",\"@graph\":[{\"@type\":\"BreadcrumbList\",\"@id\":\"https:\\\/\\\/eldigitaldeasturias.com\\\/radio\\\/la-cosmetica-natural-tambien-esta-legislada\\\/#breadcrumblist\",\"itemListElement\":[{\"@type\":\"ListItem\",\"@id\":\"https:\\\/\\\/eldigitaldeasturias.com\\\/radio#listItem\",\"position\":1,\"name\":\"Inicio\",\"item\":\"https:\\\/\\\/eldigitaldeasturias.com\\\/radio\",\"nextItem\":{\"@type\":\"ListItem\",\"@id\":\"https:\\\/\\\/eldigitaldeasturias.com\\\/radio\\\/category\\\/negocios\\\/#listItem\",\"name\":\"Negocios\"}},{\"@type\":\"ListItem\",\"@id\":\"https:\\\/\\\/eldigitaldeasturias.com\\\/radio\\\/category\\\/negocios\\\/#listItem\",\"position\":2,\"name\":\"Negocios\",\"item\":\"https:\\\/\\\/eldigitaldeasturias.com\\\/radio\\\/category\\\/negocios\\\/\",\"nextItem\":{\"@type\":\"ListItem\",\"@id\":\"https:\\\/\\\/eldigitaldeasturias.com\\\/radio\\\/la-cosmetica-natural-tambien-esta-legislada\\\/#listItem\",\"name\":\"La cosm\\u00e9tica natural tambi\\u00e9n est\\u00e1 legislada\"},\"previousItem\":{\"@type\":\"ListItem\",\"@id\":\"https:\\\/\\\/eldigitaldeasturias.com\\\/radio#listItem\",\"name\":\"Inicio\"}},{\"@type\":\"ListItem\",\"@id\":\"https:\\\/\\\/eldigitaldeasturias.com\\\/radio\\\/la-cosmetica-natural-tambien-esta-legislada\\\/#listItem\",\"position\":3,\"name\":\"La cosm\\u00e9tica natural tambi\\u00e9n est\\u00e1 legislada\",\"previousItem\":{\"@type\":\"ListItem\",\"@id\":\"https:\\\/\\\/eldigitaldeasturias.com\\\/radio\\\/category\\\/negocios\\\/#listItem\",\"name\":\"Negocios\"}}]},{\"@type\":\"NewsArticle\",\"@id\":\"https:\\\/\\\/eldigitaldeasturias.com\\\/radio\\\/la-cosmetica-natural-tambien-esta-legislada\\\/#newsarticle\",\"name\":\"La cosm\\u00e9tica natural tambi\\u00e9n est\\u00e1 legislada | El Digital de Asturias\",\"headline\":\"La cosm\\u00e9tica natural tambi\\u00e9n est\\u00e1 legislada\",\"author\":{\"@id\":\"https:\\\/\\\/eldigitaldeasturias.com\\\/radio\\\/author\\\/nbasturias\\\/#author\"},\"publisher\":{\"@id\":\"https:\\\/\\\/eldigitaldeasturias.com\\\/radio\\\/#organization\"},\"image\":{\"@type\":\"ImageObject\",\"url\":\"https:\\\/\\\/eldigitaldeasturias.com\\\/radio\\\/wp-content\\\/uploads\\\/2020\\\/06\\\/Jaboneko-IP.jpg\",\"width\":614,\"height\":450},\"datePublished\":\"2020-06-26T13:23:03+02:00\",\"dateModified\":\"2020-06-26T13:23:03+02:00\",\"inLanguage\":\"es-ES\",\"mainEntityOfPage\":{\"@id\":\"https:\\\/\\\/eldigitaldeasturias.com\\\/radio\\\/la-cosmetica-natural-tambien-esta-legislada\\\/#webpage\"},\"isPartOf\":{\"@id\":\"https:\\\/\\\/eldigitaldeasturias.com\\\/radio\\\/la-cosmetica-natural-tambien-esta-legislada\\\/#webpage\"},\"articleSection\":\"Negocios\",\"dateline\":\"Publicado el junio 26, 2020.\"},{\"@type\":\"Organization\",\"@id\":\"https:\\\/\\\/eldigitaldeasturias.com\\\/radio\\\/#organization\",\"name\":\"El digital de Asturias Radio\",\"description\":\"Diario de informaci\\u00f3n y noticias\",\"url\":\"https:\\\/\\\/eldigitaldeasturias.com\\\/radio\\\/\",\"telephone\":\"+34652131393\",\"logo\":{\"@type\":\"ImageObject\",\"url\":\"https:\\\/\\\/www.eldigitaldeasturias.com\\\/radio\\\/wp-content\\\/uploads\\\/2021\\\/03\\\/EDA.jpg\",\"@id\":\"https:\\\/\\\/eldigitaldeasturias.com\\\/radio\\\/la-cosmetica-natural-tambien-esta-legislada\\\/#organizationLogo\"},\"image\":{\"@id\":\"https:\\\/\\\/eldigitaldeasturias.com\\\/radio\\\/la-cosmetica-natural-tambien-esta-legislada\\\/#organizationLogo\"},\"sameAs\":[\"https:\\\/\\\/www.facebook.com\\\/\",\"https:\\\/\\\/x.com\\\/bercodi\",\"https:\\\/\\\/www.instagram.com\\\/\",\"https:\\\/\\\/www.youtube.com\\\/channel\\\/UCZP-2wLEB9Rv6erhFmqVnvg\"]},{\"@type\":\"Person\",\"@id\":\"https:\\\/\\\/eldigitaldeasturias.com\\\/radio\\\/author\\\/nbasturias\\\/#author\",\"url\":\"https:\\\/\\\/eldigitaldeasturias.com\\\/radio\\\/author\\\/nbasturias\\\/\",\"name\":\"NBAsturias\",\"image\":{\"@type\":\"ImageObject\",\"@id\":\"https:\\\/\\\/eldigitaldeasturias.com\\\/radio\\\/la-cosmetica-natural-tambien-esta-legislada\\\/#authorImage\",\"url\":\"https:\\\/\\\/secure.gravatar.com\\\/avatar\\\/df2aeffc32bcd13f8d26072ef8a91b623d677766deac7f97ca815868cd41bf5e?s=96&d=mm&r=g\",\"width\":96,\"height\":96,\"caption\":\"NBAsturias\"}},{\"@type\":\"WebPage\",\"@id\":\"https:\\\/\\\/eldigitaldeasturias.com\\\/radio\\\/la-cosmetica-natural-tambien-esta-legislada\\\/#webpage\",\"url\":\"https:\\\/\\\/eldigitaldeasturias.com\\\/radio\\\/la-cosmetica-natural-tambien-esta-legislada\\\/\",\"name\":\"La cosm\\u00e9tica natural tambi\\u00e9n est\\u00e1 legislada | El Digital de Asturias\",\"description\":\"La cosm\\u00e9tica natural, donde tambi\\u00e9n se incluyen los jabones artesanos, est\\u00e1 de moda por el inter\\u00e9s social en minimizar el impacto tanto para la piel como para el medioambiente. La realidad es que, grandes marcas que usan como reclamo el uso de cosm\\u00e9ticos como el aceite de jojoba, coco o incluso rosa mosqueta, los incluyen,\",\"inLanguage\":\"es-ES\",\"isPartOf\":{\"@id\":\"https:\\\/\\\/eldigitaldeasturias.com\\\/radio\\\/#website\"},\"breadcrumb\":{\"@id\":\"https:\\\/\\\/eldigitaldeasturias.com\\\/radio\\\/la-cosmetica-natural-tambien-esta-legislada\\\/#breadcrumblist\"},\"author\":{\"@id\":\"https:\\\/\\\/eldigitaldeasturias.com\\\/radio\\\/author\\\/nbasturias\\\/#author\"},\"creator\":{\"@id\":\"https:\\\/\\\/eldigitaldeasturias.com\\\/radio\\\/author\\\/nbasturias\\\/#author\"},\"image\":{\"@type\":\"ImageObject\",\"url\":\"https:\\\/\\\/eldigitaldeasturias.com\\\/radio\\\/wp-content\\\/uploads\\\/2020\\\/06\\\/Jaboneko-IP.jpg\",\"@id\":\"https:\\\/\\\/eldigitaldeasturias.com\\\/radio\\\/la-cosmetica-natural-tambien-esta-legislada\\\/#mainImage\",\"width\":614,\"height\":450},\"primaryImageOfPage\":{\"@id\":\"https:\\\/\\\/eldigitaldeasturias.com\\\/radio\\\/la-cosmetica-natural-tambien-esta-legislada\\\/#mainImage\"},\"datePublished\":\"2020-06-26T13:23:03+02:00\",\"dateModified\":\"2020-06-26T13:23:03+02:00\"},{\"@type\":\"WebSite\",\"@id\":\"https:\\\/\\\/eldigitaldeasturias.com\\\/radio\\\/#website\",\"url\":\"https:\\\/\\\/eldigitaldeasturias.com\\\/radio\\\/\",\"name\":\"El Digital de Asturias\",\"description\":\"Diario de informaci\\u00f3n y noticias\",\"inLanguage\":\"es-ES\",\"publisher\":{\"@id\":\"https:\\\/\\\/eldigitaldeasturias.com\\\/radio\\\/#organization\"}}]}\n\t\t<\/script>\n\t\t<!-- All in One SEO Pro -->\r\n\t\t<title>La cosm\u00e9tica natural tambi\u00e9n est\u00e1 legislada | El Digital de Asturias<\/title>\n\n","aioseo_head_json":{"title":"La cosm\u00e9tica natural tambi\u00e9n est\u00e1 legislada | El Digital de Asturias","description":"La cosm\u00e9tica natural, donde tambi\u00e9n se incluyen los jabones artesanos, est\u00e1 de moda por el inter\u00e9s social en minimizar el impacto tanto para la piel como para el medioambiente. La realidad es que, grandes marcas que usan como reclamo el uso de cosm\u00e9ticos como el aceite de jojoba, coco o incluso rosa mosqueta, los incluyen,","canonical_url":"https:\/\/eldigitaldeasturias.com\/radio\/la-cosmetica-natural-tambien-esta-legislada\/","robots":"max-image-preview:large","keywords":"negocios","webmasterTools":{"google-site-verification":"UA-38556648-1","miscellaneous":""},"schema":{"@context":"https:\/\/schema.org","@graph":[{"@type":"BreadcrumbList","@id":"https:\/\/eldigitaldeasturias.com\/radio\/la-cosmetica-natural-tambien-esta-legislada\/#breadcrumblist","itemListElement":[{"@type":"ListItem","@id":"https:\/\/eldigitaldeasturias.com\/radio#listItem","position":1,"name":"Inicio","item":"https:\/\/eldigitaldeasturias.com\/radio","nextItem":{"@type":"ListItem","@id":"https:\/\/eldigitaldeasturias.com\/radio\/category\/negocios\/#listItem","name":"Negocios"}},{"@type":"ListItem","@id":"https:\/\/eldigitaldeasturias.com\/radio\/category\/negocios\/#listItem","position":2,"name":"Negocios","item":"https:\/\/eldigitaldeasturias.com\/radio\/category\/negocios\/","nextItem":{"@type":"ListItem","@id":"https:\/\/eldigitaldeasturias.com\/radio\/la-cosmetica-natural-tambien-esta-legislada\/#listItem","name":"La cosm\u00e9tica natural tambi\u00e9n est\u00e1 legislada"},"previousItem":{"@type":"ListItem","@id":"https:\/\/eldigitaldeasturias.com\/radio#listItem","name":"Inicio"}},{"@type":"ListItem","@id":"https:\/\/eldigitaldeasturias.com\/radio\/la-cosmetica-natural-tambien-esta-legislada\/#listItem","position":3,"name":"La cosm\u00e9tica natural tambi\u00e9n est\u00e1 legislada","previousItem":{"@type":"ListItem","@id":"https:\/\/eldigitaldeasturias.com\/radio\/category\/negocios\/#listItem","name":"Negocios"}}]},{"@type":"NewsArticle","@id":"https:\/\/eldigitaldeasturias.com\/radio\/la-cosmetica-natural-tambien-esta-legislada\/#newsarticle","name":"La cosm\u00e9tica natural tambi\u00e9n est\u00e1 legislada | El Digital de Asturias","headline":"La cosm\u00e9tica natural tambi\u00e9n est\u00e1 legislada","author":{"@id":"https:\/\/eldigitaldeasturias.com\/radio\/author\/nbasturias\/#author"},"publisher":{"@id":"https:\/\/eldigitaldeasturias.com\/radio\/#organization"},"image":{"@type":"ImageObject","url":"https:\/\/eldigitaldeasturias.com\/radio\/wp-content\/uploads\/2020\/06\/Jaboneko-IP.jpg","width":614,"height":450},"datePublished":"2020-06-26T13:23:03+02:00","dateModified":"2020-06-26T13:23:03+02:00","inLanguage":"es-ES","mainEntityOfPage":{"@id":"https:\/\/eldigitaldeasturias.com\/radio\/la-cosmetica-natural-tambien-esta-legislada\/#webpage"},"isPartOf":{"@id":"https:\/\/eldigitaldeasturias.com\/radio\/la-cosmetica-natural-tambien-esta-legislada\/#webpage"},"articleSection":"Negocios","dateline":"Publicado el junio 26, 2020."},{"@type":"Organization","@id":"https:\/\/eldigitaldeasturias.com\/radio\/#organization","name":"El digital de Asturias Radio","description":"Diario de informaci\u00f3n y noticias","url":"https:\/\/eldigitaldeasturias.com\/radio\/","telephone":"+34652131393","logo":{"@type":"ImageObject","url":"https:\/\/www.eldigitaldeasturias.com\/radio\/wp-content\/uploads\/2021\/03\/EDA.jpg","@id":"https:\/\/eldigitaldeasturias.com\/radio\/la-cosmetica-natural-tambien-esta-legislada\/#organizationLogo"},"image":{"@id":"https:\/\/eldigitaldeasturias.com\/radio\/la-cosmetica-natural-tambien-esta-legislada\/#organizationLogo"},"sameAs":["https:\/\/www.facebook.com\/","https:\/\/x.com\/bercodi","https:\/\/www.instagram.com\/","https:\/\/www.youtube.com\/channel\/UCZP-2wLEB9Rv6erhFmqVnvg"]},{"@type":"Person","@id":"https:\/\/eldigitaldeasturias.com\/radio\/author\/nbasturias\/#author","url":"https:\/\/eldigitaldeasturias.com\/radio\/author\/nbasturias\/","name":"NBAsturias","image":{"@type":"ImageObject","@id":"https:\/\/eldigitaldeasturias.com\/radio\/la-cosmetica-natural-tambien-esta-legislada\/#authorImage","url":"https:\/\/secure.gravatar.com\/avatar\/df2aeffc32bcd13f8d26072ef8a91b623d677766deac7f97ca815868cd41bf5e?s=96&d=mm&r=g","width":96,"height":96,"caption":"NBAsturias"}},{"@type":"WebPage","@id":"https:\/\/eldigitaldeasturias.com\/radio\/la-cosmetica-natural-tambien-esta-legislada\/#webpage","url":"https:\/\/eldigitaldeasturias.com\/radio\/la-cosmetica-natural-tambien-esta-legislada\/","name":"La cosm\u00e9tica natural tambi\u00e9n est\u00e1 legislada | El Digital de Asturias","description":"La cosm\u00e9tica natural, donde tambi\u00e9n se incluyen los jabones artesanos, est\u00e1 de moda por el inter\u00e9s social en minimizar el impacto tanto para la piel como para el medioambiente. La realidad es que, grandes marcas que usan como reclamo el uso de cosm\u00e9ticos como el aceite de jojoba, coco o incluso rosa mosqueta, los incluyen,","inLanguage":"es-ES","isPartOf":{"@id":"https:\/\/eldigitaldeasturias.com\/radio\/#website"},"breadcrumb":{"@id":"https:\/\/eldigitaldeasturias.com\/radio\/la-cosmetica-natural-tambien-esta-legislada\/#breadcrumblist"},"author":{"@id":"https:\/\/eldigitaldeasturias.com\/radio\/author\/nbasturias\/#author"},"creator":{"@id":"https:\/\/eldigitaldeasturias.com\/radio\/author\/nbasturias\/#author"},"image":{"@type":"ImageObject","url":"https:\/\/eldigitaldeasturias.com\/radio\/wp-content\/uploads\/2020\/06\/Jaboneko-IP.jpg","@id":"https:\/\/eldigitaldeasturias.com\/radio\/la-cosmetica-natural-tambien-esta-legislada\/#mainImage","width":614,"height":450},"primaryImageOfPage":{"@id":"https:\/\/eldigitaldeasturias.com\/radio\/la-cosmetica-natural-tambien-esta-legislada\/#mainImage"},"datePublished":"2020-06-26T13:23:03+02:00","dateModified":"2020-06-26T13:23:03+02:00"},{"@type":"WebSite","@id":"https:\/\/eldigitaldeasturias.com\/radio\/#website","url":"https:\/\/eldigitaldeasturias.com\/radio\/","name":"El Digital de Asturias","description":"Diario de informaci\u00f3n y noticias","inLanguage":"es-ES","publisher":{"@id":"https:\/\/eldigitaldeasturias.com\/radio\/#organization"}}]},"og:locale":"es_ES","og:site_name":"El Digital de Asturias | Diario de informaci\u00f3n y noticias","og:type":"article","og:title":"La cosm\u00e9tica natural tambi\u00e9n est\u00e1 legislada | El Digital de Asturias","og:description":"La cosm\u00e9tica natural, donde tambi\u00e9n se incluyen los jabones artesanos, est\u00e1 de moda por el inter\u00e9s social en minimizar el impacto tanto para la piel como para el medioambiente. La realidad es que, grandes marcas que usan como reclamo el uso de cosm\u00e9ticos como el aceite de jojoba, coco o incluso rosa mosqueta, los incluyen,","og:url":"https:\/\/eldigitaldeasturias.com\/radio\/la-cosmetica-natural-tambien-esta-legislada\/","og:image":"https:\/\/eldigitaldeasturias.com\/radio\/wp-content\/uploads\/2020\/06\/Jaboneko-IP.jpg","og:image:secure_url":"https:\/\/eldigitaldeasturias.com\/radio\/wp-content\/uploads\/2020\/06\/Jaboneko-IP.jpg","og:image:width":614,"og:image:height":450,"article:published_time":"2020-06-26T13:23:03+00:00","article:modified_time":"2020-06-26T13:23:03+00:00","twitter:card":"summary_large_image","twitter:site":"@bercodi","twitter:title":"La cosm\u00e9tica natural tambi\u00e9n est\u00e1 legislada | El Digital de Asturias","twitter:description":"La cosm\u00e9tica natural, donde tambi\u00e9n se incluyen los jabones artesanos, est\u00e1 de moda por el inter\u00e9s social en minimizar el impacto tanto para la piel como para el medioambiente. La realidad es que, grandes marcas que usan como reclamo el uso de cosm\u00e9ticos como el aceite de jojoba, coco o incluso rosa mosqueta, los incluyen,","twitter:creator":"@bercodi","twitter:image":"https:\/\/eldigitaldeasturias.com\/radio\/wp-content\/uploads\/2020\/06\/Jaboneko-IP.jpg"},"aioseo_meta_data":{"post_id":"4604","title":null,"description":null,"keywords":null,"keyphrases":null,"primary_term":null,"canonical_url":null,"og_title":null,"og_description":null,"og_object_type":"default","og_image_type":"default","og_image_url":null,"og_image_width":null,"og_image_height":null,"og_image_custom_url":null,"og_image_custom_fields":null,"og_video":null,"og_custom_url":null,"og_article_section":null,"og_article_tags":null,"twitter_use_og":false,"twitter_card":"default","twitter_image_type":"default","twitter_image_url":null,"twitter_image_custom_url":null,"twitter_image_custom_fields":null,"twitter_title":null,"twitter_description":null,"schema":{"blockGraphs":[],"customGraphs":[],"default":{"data":{"Article":[],"Course":[],"Dataset":[],"FAQPage":[],"Movie":[],"Person":[],"Product":[],"ProductReview":[],"Car":[],"Recipe":[],"Service":[],"SoftwareApplication":[],"WebPage":[]},"graphName":"","isEnabled":true},"graphs":[],"defaultGraph":"","defaultPostTypeGraph":""},"schema_type":null,"schema_type_options":null,"pillar_content":false,"robots_default":true,"robots_noindex":false,"robots_noarchive":false,"robots_nosnippet":false,"robots_nofollow":false,"robots_noimageindex":false,"robots_noodp":false,"robots_notranslate":false,"robots_max_snippet":null,"robots_max_videopreview":null,"robots_max_imagepreview":"large","priority":null,"frequency":null,"location":null,"local_seo":null,"seo_analyzer_scan_date":"2025-08-28 16:21:33","breadcrumb_settings":null,"limit_modified_date":false,"open_ai":null,"ai":null,"created":"2021-03-27 22:42:19","updated":"2025-08-28 16:21:33"},"aioseo_breadcrumb":"<div class=\"aioseo-breadcrumbs\"><span class=\"aioseo-breadcrumb\">\n\t<a href=\"https:\/\/eldigitaldeasturias.com\/radio\" title=\"Inicio\">Inicio<\/a>\n<\/span><span class=\"aioseo-breadcrumb-separator\">&ndash;<\/span><span class=\"aioseo-breadcrumb\">\n\t<a href=\"https:\/\/eldigitaldeasturias.com\/radio\/category\/negocios\/\" title=\"Negocios\">Negocios<\/a>\n<\/span><span class=\"aioseo-breadcrumb-separator\">&ndash;<\/span><span class=\"aioseo-breadcrumb\">\n\tLa cosm\u00e9tica natural tambi\u00e9n est\u00e1 legislada\n<\/span><\/div>","aioseo_breadcrumb_json":[{"label":"Inicio","link":"https:\/\/eldigitaldeasturias.com\/radio"},{"label":"Negocios","link":"https:\/\/eldigitaldeasturias.com\/radio\/category\/negocios\/"},{"label":"La cosm\u00e9tica natural tambi\u00e9n est\u00e1 legislada","link":"https:\/\/eldigitaldeasturias.com\/radio\/la-cosmetica-natural-tambien-esta-legislada\/"}],"_links":{"self":[{"href":"https:\/\/eldigitaldeasturias.com\/radio\/wp-json\/wp\/v2\/posts\/4604","targetHints":{"allow":["GET"]}}],"collection":[{"href":"https:\/\/eldigitaldeasturias.com\/radio\/wp-json\/wp\/v2\/posts"}],"about":[{"href":"https:\/\/eldigitaldeasturias.com\/radio\/wp-json\/wp\/v2\/types\/post"}],"author":[{"embeddable":true,"href":"https:\/\/eldigitaldeasturias.com\/radio\/wp-json\/wp\/v2\/users\/1"}],"replies":[{"embeddable":true,"href":"https:\/\/eldigitaldeasturias.com\/radio\/wp-json\/wp\/v2\/comments?post=4604"}],"version-history":[{"count":0,"href":"https:\/\/eldigitaldeasturias.com\/radio\/wp-json\/wp\/v2\/posts\/4604\/revisions"}],"wp:featuredmedia":[{"embeddable":true,"href":"https:\/\/eldigitaldeasturias.com\/radio\/wp-json\/wp\/v2\/media\/4605"}],"wp:attachment":[{"href":"https:\/\/eldigitaldeasturias.com\/radio\/wp-json\/wp\/v2\/media?parent=4604"}],"wp:term":[{"taxonomy":"category","embeddable":true,"href":"https:\/\/eldigitaldeasturias.com\/radio\/wp-json\/wp\/v2\/categories?post=4604"},{"taxonomy":"post_tag","embeddable":true,"href":"https:\/\/eldigitaldeasturias.com\/radio\/wp-json\/wp\/v2\/tags?post=4604"}],"curies":[{"name":"wp","href":"https:\/\/api.w.org\/{rel}","templated":true}]}}