{"id":4595,"date":"2020-06-26T06:50:08","date_gmt":"2020-06-26T06:50:08","guid":{"rendered":"http:\/\/www.eldigitaldeasturias.com\/radio\/?p=4595"},"modified":"2020-06-26T06:50:08","modified_gmt":"2020-06-26T06:50:08","slug":"alicante-uno-de-los-mejores-destinos-vacacionales-para-este-verano","status":"publish","type":"post","link":"https:\/\/eldigitaldeasturias.com\/radio\/alicante-uno-de-los-mejores-destinos-vacacionales-para-este-verano\/","title":{"rendered":"Alicante, uno de los mejores destinos vacacionales para este verano"},"content":{"rendered":"<p><img fetchpriority=\"high\" decoding=\"async\" class=\"alignleft size-medium wp-image-4596\" src=\"http:\/\/www.eldigitaldeasturias.com\/radio\/wp-content\/uploads\/2020\/06\/seagull-264075_640-360x240.jpg\" alt=\"\" width=\"360\" height=\"240\" srcset=\"https:\/\/eldigitaldeasturias.com\/radio\/wp-content\/uploads\/2020\/06\/seagull-264075_640-360x240.jpg 360w, https:\/\/eldigitaldeasturias.com\/radio\/wp-content\/uploads\/2020\/06\/seagull-264075_640.jpg 640w\" sizes=\"(max-width: 360px) 100vw, 360px\" \/>El verano ha llegado y ahora es el momento de <strong>elegir destino para las vacaciones<\/strong>, quiz\u00e1s seas de los que prefiere quedarse en Espa\u00f1a y descubrir ciudades que te aporten ocio, gastronom\u00eda, playa, cultura o monta\u00f1a <strong>\u00bfte parece un buen plan para el verano ir de camping?<\/strong>, <strong>pues todo esto y mucho m\u00e1s lo podr\u00e1s tener en Alicante<\/strong>, un lugar m\u00e1gico y con mucho para ver, adem\u00e1s es una propuesta asequible y que puede ser la opci\u00f3n ideal para unas vacaciones en familia, con la pareja o con los amigos, todo depender\u00e1 de lo que busques y de lo que quieras descubrir o volver a visitar, pues a muchas personas les gusta repetir cuando se sienten \u201cmejor que en casa\u201d en un lugar de ocio y descanso.<\/p>\n<p>La <a href=\"https:\/\/www.campingsalicante.es\/\" target=\"_blank\" rel=\"noopener sponsored noreferrer\"><span style=\"color: #ff6600;\"><strong>Asociaci\u00f3n de Campings de Alicante<\/strong><\/span><\/a> ya ha puesto en marcha sus servicios para ofrecer a todos sus visitantes un verano a medida, <strong>con propuestas para todos los p\u00fablicos y con una amplia variedad de servicios que van desde zonas para tiendas de campa\u00f1a, caravanas, bungalows o el glamping<\/strong>, y ahora m\u00e1s que nunca tambi\u00e9n ofrecen seguridad para que tus vacaciones sean perfectas, cumpliendo con todos los protocolos para que \u00fanicamente te dediques a disfrutar, siempre de manera responsable, de t\u00fa tiempo libre.<\/p>\n<h2><strong>\u00bfPlaya o monta\u00f1a?<\/strong><\/h2>\n<p>Hay personas que eligen zonas de acampada cerca de la playa, para poder darse un ba\u00f1o, relajarse, coger un bonito color y disfrutar del entorno, Alicante tambi\u00e9n es \u201csabor\u201d y la buena mesa nunca faltar\u00e1 tanto a pie de playa como en zonas de monta\u00f1a, hay mucho que ver, y mucho para comer, el sabor mediterr\u00e1neo har\u00e1 que tu paladar tambi\u00e9n disfrute de Alicante y sus muchos sabores.<\/p>\n<p>Elegir un destino ideal es muy sencillo siempre que te dejes asesorar, <strong>las opiniones de otros viajeros y los consejos de la Asociaci\u00f3n de Campings de Alicante te ayudar\u00e1n a dar con el lugar de descanso perfecto para ti<\/strong>, en caso de de duda solo tienes que acceder a su sitio web y ellos te dar\u00e1n todas las respuestas que necesites.<\/p>\n<h3><strong>\u00bfD\u00f3nde ir de camping en Alicante?<\/strong><\/h3>\n<p>Existen muchos destinos y todos son especiales, comenzando por <strong>Altea<\/strong> que destaca por sus calas y playas, y con unas casas que aportan color y le dan un toque especial a la localidad, muy cerca tienes <strong>Benidorm<\/strong> un lugar con vida durante todo el a\u00f1o y que puede ofrecerte un verano lleno de luz, playas, sabores y fiesta.<\/p>\n<p>Otro de los lugares a tener en cuenta es <strong>Calpe<\/strong>, con el famoso Pe\u00f1\u00f3n de Ifach, lugar ideal para disfrutar tanto de sus playas como de sus pescados y mariscos; <strong>Crevillent<\/strong> es una localidad que ha sabido conservar sus or\u00edgenes y sus barrios de cuevas vivienda te asombrar\u00e1n, adem\u00e1s es un destino con mucha naturaleza, es otra de las propuestas que debes tener en tu agenda viajera.<\/p>\n<p>En <strong>D\u00e9nia<\/strong> encontrar\u00e1s calas de roca y grandes extensiones de arena que se funden con el azul de su mar y los amantes de de la naturaleza podr\u00e1n disfrutar del Montg\u00f3, adem\u00e1s est\u00e1 muy bien comunicado y es un lugar muy acogedor.<\/p>\n<p><strong>El Campello<\/strong> es una fusi\u00f3n entre modernidad e historia y sus vecinos han sabido cuidar su pasado y conservar excelentes playas de gran belleza, otra propuesta para el verano es <strong>Elche<\/strong> una de las joyas de la humanidad en la que la naturaleza tambi\u00e9n destaca en sus costas y en la que podr\u00e1s disfrutar tanto de su pasado como de su presente.<\/p>\n<p><strong>Guardamar del Segura<\/strong> te ofrecer\u00e1 sol y playa con kil\u00f3metros de playas y dunas cubiertas de pinos, eucaliptos y palmeras, una delicia para los sentidos; y no podemos olvidarnos de <strong>J\u00e1vea<\/strong> y su casco antiguo, sus playas, calas y selectas urbanizaciones que adem\u00e1s tienen unos miradores espectaculares.<\/p>\n<p><strong>El Vall de Laguart<\/strong> tambi\u00e9n es un destino bonito para el verano y te ofrecer\u00e1 naturaleza en estado puro, paseos frente al mar para desconectar del estr\u00e9s, plazas en las que podr\u00e1s comer, tomar algo y obviamente sus campings para que te alojes.<\/p>\n<p><strong>Santa Pola<\/strong> es famosa por los premios que da cada a\u00f1o en la loter\u00eda y por ser un municipio tur\u00edstico que cuenta con la flota pesquera m\u00e1s importante del Mediterr\u00e1neo, adem\u00e1s tambi\u00e9n es un lugar con mucha vida y mucha belleza.<\/p>\n<p><strong>Teulada-Moraira<\/strong> te ofrecer\u00e1 la oportunidad de disfrutar de su patrimonio, no solo natural, sino hist\u00f3rico, art\u00edstico y monumental, adem\u00e1s es un lugar con muchas leyendas y muy acogedor; \u00bfY qu\u00e9 podemos decir de <strong>Torrevieja<\/strong>? lo mejor es que t\u00fa seas el que lo descubra y disfrutes pues adem\u00e1s de ser un lugar en el que podr\u00e1s encontrar gente de todo el mundo es un buen destino de sol.<\/p>\n<p><strong>L\u2019 Alf\u00e0s del Pi<\/strong> te ofrecer\u00e1 playa, paseos, ocio, tranquilidad y la opci\u00f3n de que vivas la vida tu ritmo, adem\u00e1s es un destino de \u201ccine\u201d gracias su Festival que se celebra cada a\u00f1o durante el mes de Julio, no olvides descubrir su paseo mar\u00edtimo.<\/p>\n<p>Y no olvides tener en cuenta otro de los puntos m\u00e1s bellos y especiales de la costa mediterr\u00e1nea, <strong>Pilar de la Horadada<\/strong>, se encuentra situado en la Vega Baja alicantina en pleno levante peninsular y es el municipio m\u00e1s al sur de la Comunidad Valenciana, cuenta con playas de ensue\u00f1o, vestigios romanos en diferentes ubicaciones, naturaleza, bellos lugares junto al mar para que te relajes y tambi\u00e9n te ofrece sitios para comer o tomarte algo\u2026<\/p>\n<p>Ni con tres mil palabras te podr\u00edamos contar todo lo que puedes descubrir y disfrutar si este verano te vas de camping y disfrutas de Alicante, por eso te proponemos que seas t\u00fa el protagonista de tus vacaciones, disfruta y feliz verano \u00a1!<\/p>\n","protected":false},"excerpt":{"rendered":"<p>El verano ha llegado y ahora es el momento de elegir destino para las vacaciones, quiz\u00e1s seas de los que prefiere quedarse en Espa\u00f1a y descubrir ciudades que te aporten ocio, gastronom\u00eda, playa, cultura o monta\u00f1a \u00bfte parece un buen plan para el verano ir de camping?, pues todo esto y mucho m\u00e1s lo podr\u00e1s<\/p>\n","protected":false},"author":1,"featured_media":4596,"comment_status":"closed","ping_status":"closed","sticky":false,"template":"","format":"standard","meta":{"footnotes":""},"categories":[34],"tags":[],"class_list":{"0":"post-4595","1":"post","2":"type-post","3":"status-publish","4":"format-standard","5":"has-post-thumbnail","7":"category-turismo"},"aioseo_notices":[],"aioseo_head":"\n\t\t<!-- All in One SEO Pro 4.9.6.2 - aioseo.com -->\n\t<meta name=\"description\" content=\"El verano ha llegado y ahora es el momento de elegir destino para las vacaciones, quiz\u00e1s seas de los que prefiere quedarse en Espa\u00f1a y descubrir ciudades que te aporten ocio, gastronom\u00eda, playa, cultura o monta\u00f1a \u00bfte parece un buen plan para el verano ir de camping?, pues todo esto y mucho m\u00e1s lo podr\u00e1s\" \/>\n\t<meta name=\"robots\" content=\"max-image-preview:large\" \/>\n\t<meta name=\"author\" content=\"NBAsturias\"\/>\n\t<meta name=\"google-site-verification\" content=\"UA-38556648-1\" \/>\n\t<meta name=\"keywords\" content=\"turismo\" \/>\n\t<link rel=\"canonical\" href=\"https:\/\/eldigitaldeasturias.com\/radio\/alicante-uno-de-los-mejores-destinos-vacacionales-para-este-verano\/\" \/>\n\t<meta name=\"generator\" content=\"All in One SEO Pro (AIOSEO) 4.9.6.2\" \/>\n\t\t<meta property=\"og:locale\" content=\"es_ES\" \/>\n\t\t<meta property=\"og:site_name\" content=\"El Digital de Asturias | Diario de informaci\u00f3n y noticias\" \/>\n\t\t<meta property=\"og:type\" content=\"article\" \/>\n\t\t<meta property=\"og:title\" content=\"Alicante, uno de los mejores destinos vacacionales para este verano | El Digital de Asturias\" \/>\n\t\t<meta property=\"og:description\" content=\"El verano ha llegado y ahora es el momento de elegir destino para las vacaciones, quiz\u00e1s seas de los que prefiere quedarse en Espa\u00f1a y descubrir ciudades que te aporten ocio, gastronom\u00eda, playa, cultura o monta\u00f1a \u00bfte parece un buen plan para el verano ir de camping?, pues todo esto y mucho m\u00e1s lo podr\u00e1s\" \/>\n\t\t<meta property=\"og:url\" content=\"https:\/\/eldigitaldeasturias.com\/radio\/alicante-uno-de-los-mejores-destinos-vacacionales-para-este-verano\/\" \/>\n\t\t<meta property=\"og:image\" content=\"https:\/\/eldigitaldeasturias.com\/radio\/wp-content\/uploads\/2020\/06\/seagull-264075_640.jpg\" \/>\n\t\t<meta property=\"og:image:secure_url\" content=\"https:\/\/eldigitaldeasturias.com\/radio\/wp-content\/uploads\/2020\/06\/seagull-264075_640.jpg\" \/>\n\t\t<meta property=\"og:image:width\" content=\"640\" \/>\n\t\t<meta property=\"og:image:height\" content=\"426\" \/>\n\t\t<meta property=\"article:published_time\" content=\"2020-06-26T06:50:08+00:00\" \/>\n\t\t<meta property=\"article:modified_time\" content=\"2020-06-26T06:50:08+00:00\" \/>\n\t\t<meta name=\"twitter:card\" content=\"summary_large_image\" \/>\n\t\t<meta name=\"twitter:site\" content=\"@bercodi\" \/>\n\t\t<meta name=\"twitter:title\" content=\"Alicante, uno de los mejores destinos vacacionales para este verano | El Digital de Asturias\" \/>\n\t\t<meta name=\"twitter:description\" content=\"El verano ha llegado y ahora es el momento de elegir destino para las vacaciones, quiz\u00e1s seas de los que prefiere quedarse en Espa\u00f1a y descubrir ciudades que te aporten ocio, gastronom\u00eda, playa, cultura o monta\u00f1a \u00bfte parece un buen plan para el verano ir de camping?, pues todo esto y mucho m\u00e1s lo podr\u00e1s\" \/>\n\t\t<meta name=\"twitter:creator\" content=\"@bercodi\" \/>\n\t\t<meta name=\"twitter:image\" content=\"https:\/\/eldigitaldeasturias.com\/radio\/wp-content\/uploads\/2020\/06\/seagull-264075_640.jpg\" \/>\n\t\t<script type=\"application\/ld+json\" class=\"aioseo-schema\">\n\t\t\t{\"@context\":\"https:\\\/\\\/schema.org\",\"@graph\":[{\"@type\":\"BreadcrumbList\",\"@id\":\"https:\\\/\\\/eldigitaldeasturias.com\\\/radio\\\/alicante-uno-de-los-mejores-destinos-vacacionales-para-este-verano\\\/#breadcrumblist\",\"itemListElement\":[{\"@type\":\"ListItem\",\"@id\":\"https:\\\/\\\/eldigitaldeasturias.com\\\/radio#listItem\",\"position\":1,\"name\":\"Inicio\",\"item\":\"https:\\\/\\\/eldigitaldeasturias.com\\\/radio\",\"nextItem\":{\"@type\":\"ListItem\",\"@id\":\"https:\\\/\\\/eldigitaldeasturias.com\\\/radio\\\/category\\\/turismo\\\/#listItem\",\"name\":\"Turismo\"}},{\"@type\":\"ListItem\",\"@id\":\"https:\\\/\\\/eldigitaldeasturias.com\\\/radio\\\/category\\\/turismo\\\/#listItem\",\"position\":2,\"name\":\"Turismo\",\"item\":\"https:\\\/\\\/eldigitaldeasturias.com\\\/radio\\\/category\\\/turismo\\\/\",\"nextItem\":{\"@type\":\"ListItem\",\"@id\":\"https:\\\/\\\/eldigitaldeasturias.com\\\/radio\\\/alicante-uno-de-los-mejores-destinos-vacacionales-para-este-verano\\\/#listItem\",\"name\":\"Alicante, uno de los mejores destinos vacacionales para este verano\"},\"previousItem\":{\"@type\":\"ListItem\",\"@id\":\"https:\\\/\\\/eldigitaldeasturias.com\\\/radio#listItem\",\"name\":\"Inicio\"}},{\"@type\":\"ListItem\",\"@id\":\"https:\\\/\\\/eldigitaldeasturias.com\\\/radio\\\/alicante-uno-de-los-mejores-destinos-vacacionales-para-este-verano\\\/#listItem\",\"position\":3,\"name\":\"Alicante, uno de los mejores destinos vacacionales para este verano\",\"previousItem\":{\"@type\":\"ListItem\",\"@id\":\"https:\\\/\\\/eldigitaldeasturias.com\\\/radio\\\/category\\\/turismo\\\/#listItem\",\"name\":\"Turismo\"}}]},{\"@type\":\"NewsArticle\",\"@id\":\"https:\\\/\\\/eldigitaldeasturias.com\\\/radio\\\/alicante-uno-de-los-mejores-destinos-vacacionales-para-este-verano\\\/#newsarticle\",\"name\":\"Alicante, uno de los mejores destinos vacacionales para este verano | El Digital de Asturias\",\"headline\":\"Alicante, uno de los mejores destinos vacacionales para este verano\",\"author\":{\"@id\":\"https:\\\/\\\/eldigitaldeasturias.com\\\/radio\\\/author\\\/nbasturias\\\/#author\"},\"publisher\":{\"@id\":\"https:\\\/\\\/eldigitaldeasturias.com\\\/radio\\\/#organization\"},\"image\":{\"@type\":\"ImageObject\",\"url\":\"https:\\\/\\\/eldigitaldeasturias.com\\\/radio\\\/wp-content\\\/uploads\\\/2020\\\/06\\\/seagull-264075_640.jpg\",\"width\":640,\"height\":426},\"datePublished\":\"2020-06-26T06:50:08+02:00\",\"dateModified\":\"2020-06-26T06:50:08+02:00\",\"inLanguage\":\"es-ES\",\"mainEntityOfPage\":{\"@id\":\"https:\\\/\\\/eldigitaldeasturias.com\\\/radio\\\/alicante-uno-de-los-mejores-destinos-vacacionales-para-este-verano\\\/#webpage\"},\"isPartOf\":{\"@id\":\"https:\\\/\\\/eldigitaldeasturias.com\\\/radio\\\/alicante-uno-de-los-mejores-destinos-vacacionales-para-este-verano\\\/#webpage\"},\"articleSection\":\"Turismo\",\"dateline\":\"Publicado el junio 26, 2020.\"},{\"@type\":\"Organization\",\"@id\":\"https:\\\/\\\/eldigitaldeasturias.com\\\/radio\\\/#organization\",\"name\":\"El digital de Asturias Radio\",\"description\":\"Diario de informaci\\u00f3n y noticias\",\"url\":\"https:\\\/\\\/eldigitaldeasturias.com\\\/radio\\\/\",\"telephone\":\"+34652131393\",\"logo\":{\"@type\":\"ImageObject\",\"url\":\"https:\\\/\\\/www.eldigitaldeasturias.com\\\/radio\\\/wp-content\\\/uploads\\\/2021\\\/03\\\/EDA.jpg\",\"@id\":\"https:\\\/\\\/eldigitaldeasturias.com\\\/radio\\\/alicante-uno-de-los-mejores-destinos-vacacionales-para-este-verano\\\/#organizationLogo\"},\"image\":{\"@id\":\"https:\\\/\\\/eldigitaldeasturias.com\\\/radio\\\/alicante-uno-de-los-mejores-destinos-vacacionales-para-este-verano\\\/#organizationLogo\"},\"sameAs\":[\"https:\\\/\\\/www.facebook.com\\\/\",\"https:\\\/\\\/x.com\\\/bercodi\",\"https:\\\/\\\/www.instagram.com\\\/\",\"https:\\\/\\\/www.youtube.com\\\/channel\\\/UCZP-2wLEB9Rv6erhFmqVnvg\"]},{\"@type\":\"Person\",\"@id\":\"https:\\\/\\\/eldigitaldeasturias.com\\\/radio\\\/author\\\/nbasturias\\\/#author\",\"url\":\"https:\\\/\\\/eldigitaldeasturias.com\\\/radio\\\/author\\\/nbasturias\\\/\",\"name\":\"NBAsturias\",\"image\":{\"@type\":\"ImageObject\",\"@id\":\"https:\\\/\\\/eldigitaldeasturias.com\\\/radio\\\/alicante-uno-de-los-mejores-destinos-vacacionales-para-este-verano\\\/#authorImage\",\"url\":\"https:\\\/\\\/secure.gravatar.com\\\/avatar\\\/df2aeffc32bcd13f8d26072ef8a91b623d677766deac7f97ca815868cd41bf5e?s=96&d=mm&r=g\",\"width\":96,\"height\":96,\"caption\":\"NBAsturias\"}},{\"@type\":\"WebPage\",\"@id\":\"https:\\\/\\\/eldigitaldeasturias.com\\\/radio\\\/alicante-uno-de-los-mejores-destinos-vacacionales-para-este-verano\\\/#webpage\",\"url\":\"https:\\\/\\\/eldigitaldeasturias.com\\\/radio\\\/alicante-uno-de-los-mejores-destinos-vacacionales-para-este-verano\\\/\",\"name\":\"Alicante, uno de los mejores destinos vacacionales para este verano | El Digital de Asturias\",\"description\":\"El verano ha llegado y ahora es el momento de elegir destino para las vacaciones, quiz\\u00e1s seas de los que prefiere quedarse en Espa\\u00f1a y descubrir ciudades que te aporten ocio, gastronom\\u00eda, playa, cultura o monta\\u00f1a \\u00bfte parece un buen plan para el verano ir de camping?, pues todo esto y mucho m\\u00e1s lo podr\\u00e1s\",\"inLanguage\":\"es-ES\",\"isPartOf\":{\"@id\":\"https:\\\/\\\/eldigitaldeasturias.com\\\/radio\\\/#website\"},\"breadcrumb\":{\"@id\":\"https:\\\/\\\/eldigitaldeasturias.com\\\/radio\\\/alicante-uno-de-los-mejores-destinos-vacacionales-para-este-verano\\\/#breadcrumblist\"},\"author\":{\"@id\":\"https:\\\/\\\/eldigitaldeasturias.com\\\/radio\\\/author\\\/nbasturias\\\/#author\"},\"creator\":{\"@id\":\"https:\\\/\\\/eldigitaldeasturias.com\\\/radio\\\/author\\\/nbasturias\\\/#author\"},\"image\":{\"@type\":\"ImageObject\",\"url\":\"https:\\\/\\\/eldigitaldeasturias.com\\\/radio\\\/wp-content\\\/uploads\\\/2020\\\/06\\\/seagull-264075_640.jpg\",\"@id\":\"https:\\\/\\\/eldigitaldeasturias.com\\\/radio\\\/alicante-uno-de-los-mejores-destinos-vacacionales-para-este-verano\\\/#mainImage\",\"width\":640,\"height\":426},\"primaryImageOfPage\":{\"@id\":\"https:\\\/\\\/eldigitaldeasturias.com\\\/radio\\\/alicante-uno-de-los-mejores-destinos-vacacionales-para-este-verano\\\/#mainImage\"},\"datePublished\":\"2020-06-26T06:50:08+02:00\",\"dateModified\":\"2020-06-26T06:50:08+02:00\"},{\"@type\":\"WebSite\",\"@id\":\"https:\\\/\\\/eldigitaldeasturias.com\\\/radio\\\/#website\",\"url\":\"https:\\\/\\\/eldigitaldeasturias.com\\\/radio\\\/\",\"name\":\"El Digital de Asturias\",\"description\":\"Diario de informaci\\u00f3n y noticias\",\"inLanguage\":\"es-ES\",\"publisher\":{\"@id\":\"https:\\\/\\\/eldigitaldeasturias.com\\\/radio\\\/#organization\"}}]}\n\t\t<\/script>\n\t\t<!-- All in One SEO Pro -->\r\n\t\t<title>Alicante, uno de los mejores destinos vacacionales para este verano | El Digital de Asturias<\/title>\n\n","aioseo_head_json":{"title":"Alicante, uno de los mejores destinos vacacionales para este verano | El Digital de Asturias","description":"El verano ha llegado y ahora es el momento de elegir destino para las vacaciones, quiz\u00e1s seas de los que prefiere quedarse en Espa\u00f1a y descubrir ciudades que te aporten ocio, gastronom\u00eda, playa, cultura o monta\u00f1a \u00bfte parece un buen plan para el verano ir de camping?, pues todo esto y mucho m\u00e1s lo podr\u00e1s","canonical_url":"https:\/\/eldigitaldeasturias.com\/radio\/alicante-uno-de-los-mejores-destinos-vacacionales-para-este-verano\/","robots":"max-image-preview:large","keywords":"turismo","webmasterTools":{"google-site-verification":"UA-38556648-1","miscellaneous":""},"schema":{"@context":"https:\/\/schema.org","@graph":[{"@type":"BreadcrumbList","@id":"https:\/\/eldigitaldeasturias.com\/radio\/alicante-uno-de-los-mejores-destinos-vacacionales-para-este-verano\/#breadcrumblist","itemListElement":[{"@type":"ListItem","@id":"https:\/\/eldigitaldeasturias.com\/radio#listItem","position":1,"name":"Inicio","item":"https:\/\/eldigitaldeasturias.com\/radio","nextItem":{"@type":"ListItem","@id":"https:\/\/eldigitaldeasturias.com\/radio\/category\/turismo\/#listItem","name":"Turismo"}},{"@type":"ListItem","@id":"https:\/\/eldigitaldeasturias.com\/radio\/category\/turismo\/#listItem","position":2,"name":"Turismo","item":"https:\/\/eldigitaldeasturias.com\/radio\/category\/turismo\/","nextItem":{"@type":"ListItem","@id":"https:\/\/eldigitaldeasturias.com\/radio\/alicante-uno-de-los-mejores-destinos-vacacionales-para-este-verano\/#listItem","name":"Alicante, uno de los mejores destinos vacacionales para este verano"},"previousItem":{"@type":"ListItem","@id":"https:\/\/eldigitaldeasturias.com\/radio#listItem","name":"Inicio"}},{"@type":"ListItem","@id":"https:\/\/eldigitaldeasturias.com\/radio\/alicante-uno-de-los-mejores-destinos-vacacionales-para-este-verano\/#listItem","position":3,"name":"Alicante, uno de los mejores destinos vacacionales para este verano","previousItem":{"@type":"ListItem","@id":"https:\/\/eldigitaldeasturias.com\/radio\/category\/turismo\/#listItem","name":"Turismo"}}]},{"@type":"NewsArticle","@id":"https:\/\/eldigitaldeasturias.com\/radio\/alicante-uno-de-los-mejores-destinos-vacacionales-para-este-verano\/#newsarticle","name":"Alicante, uno de los mejores destinos vacacionales para este verano | El Digital de Asturias","headline":"Alicante, uno de los mejores destinos vacacionales para este verano","author":{"@id":"https:\/\/eldigitaldeasturias.com\/radio\/author\/nbasturias\/#author"},"publisher":{"@id":"https:\/\/eldigitaldeasturias.com\/radio\/#organization"},"image":{"@type":"ImageObject","url":"https:\/\/eldigitaldeasturias.com\/radio\/wp-content\/uploads\/2020\/06\/seagull-264075_640.jpg","width":640,"height":426},"datePublished":"2020-06-26T06:50:08+02:00","dateModified":"2020-06-26T06:50:08+02:00","inLanguage":"es-ES","mainEntityOfPage":{"@id":"https:\/\/eldigitaldeasturias.com\/radio\/alicante-uno-de-los-mejores-destinos-vacacionales-para-este-verano\/#webpage"},"isPartOf":{"@id":"https:\/\/eldigitaldeasturias.com\/radio\/alicante-uno-de-los-mejores-destinos-vacacionales-para-este-verano\/#webpage"},"articleSection":"Turismo","dateline":"Publicado el junio 26, 2020."},{"@type":"Organization","@id":"https:\/\/eldigitaldeasturias.com\/radio\/#organization","name":"El digital de Asturias Radio","description":"Diario de informaci\u00f3n y noticias","url":"https:\/\/eldigitaldeasturias.com\/radio\/","telephone":"+34652131393","logo":{"@type":"ImageObject","url":"https:\/\/www.eldigitaldeasturias.com\/radio\/wp-content\/uploads\/2021\/03\/EDA.jpg","@id":"https:\/\/eldigitaldeasturias.com\/radio\/alicante-uno-de-los-mejores-destinos-vacacionales-para-este-verano\/#organizationLogo"},"image":{"@id":"https:\/\/eldigitaldeasturias.com\/radio\/alicante-uno-de-los-mejores-destinos-vacacionales-para-este-verano\/#organizationLogo"},"sameAs":["https:\/\/www.facebook.com\/","https:\/\/x.com\/bercodi","https:\/\/www.instagram.com\/","https:\/\/www.youtube.com\/channel\/UCZP-2wLEB9Rv6erhFmqVnvg"]},{"@type":"Person","@id":"https:\/\/eldigitaldeasturias.com\/radio\/author\/nbasturias\/#author","url":"https:\/\/eldigitaldeasturias.com\/radio\/author\/nbasturias\/","name":"NBAsturias","image":{"@type":"ImageObject","@id":"https:\/\/eldigitaldeasturias.com\/radio\/alicante-uno-de-los-mejores-destinos-vacacionales-para-este-verano\/#authorImage","url":"https:\/\/secure.gravatar.com\/avatar\/df2aeffc32bcd13f8d26072ef8a91b623d677766deac7f97ca815868cd41bf5e?s=96&d=mm&r=g","width":96,"height":96,"caption":"NBAsturias"}},{"@type":"WebPage","@id":"https:\/\/eldigitaldeasturias.com\/radio\/alicante-uno-de-los-mejores-destinos-vacacionales-para-este-verano\/#webpage","url":"https:\/\/eldigitaldeasturias.com\/radio\/alicante-uno-de-los-mejores-destinos-vacacionales-para-este-verano\/","name":"Alicante, uno de los mejores destinos vacacionales para este verano | El Digital de Asturias","description":"El verano ha llegado y ahora es el momento de elegir destino para las vacaciones, quiz\u00e1s seas de los que prefiere quedarse en Espa\u00f1a y descubrir ciudades que te aporten ocio, gastronom\u00eda, playa, cultura o monta\u00f1a \u00bfte parece un buen plan para el verano ir de camping?, pues todo esto y mucho m\u00e1s lo podr\u00e1s","inLanguage":"es-ES","isPartOf":{"@id":"https:\/\/eldigitaldeasturias.com\/radio\/#website"},"breadcrumb":{"@id":"https:\/\/eldigitaldeasturias.com\/radio\/alicante-uno-de-los-mejores-destinos-vacacionales-para-este-verano\/#breadcrumblist"},"author":{"@id":"https:\/\/eldigitaldeasturias.com\/radio\/author\/nbasturias\/#author"},"creator":{"@id":"https:\/\/eldigitaldeasturias.com\/radio\/author\/nbasturias\/#author"},"image":{"@type":"ImageObject","url":"https:\/\/eldigitaldeasturias.com\/radio\/wp-content\/uploads\/2020\/06\/seagull-264075_640.jpg","@id":"https:\/\/eldigitaldeasturias.com\/radio\/alicante-uno-de-los-mejores-destinos-vacacionales-para-este-verano\/#mainImage","width":640,"height":426},"primaryImageOfPage":{"@id":"https:\/\/eldigitaldeasturias.com\/radio\/alicante-uno-de-los-mejores-destinos-vacacionales-para-este-verano\/#mainImage"},"datePublished":"2020-06-26T06:50:08+02:00","dateModified":"2020-06-26T06:50:08+02:00"},{"@type":"WebSite","@id":"https:\/\/eldigitaldeasturias.com\/radio\/#website","url":"https:\/\/eldigitaldeasturias.com\/radio\/","name":"El Digital de Asturias","description":"Diario de informaci\u00f3n y noticias","inLanguage":"es-ES","publisher":{"@id":"https:\/\/eldigitaldeasturias.com\/radio\/#organization"}}]},"og:locale":"es_ES","og:site_name":"El Digital de Asturias | Diario de informaci\u00f3n y noticias","og:type":"article","og:title":"Alicante, uno de los mejores destinos vacacionales para este verano | El Digital de Asturias","og:description":"El verano ha llegado y ahora es el momento de elegir destino para las vacaciones, quiz\u00e1s seas de los que prefiere quedarse en Espa\u00f1a y descubrir ciudades que te aporten ocio, gastronom\u00eda, playa, cultura o monta\u00f1a \u00bfte parece un buen plan para el verano ir de camping?, pues todo esto y mucho m\u00e1s lo podr\u00e1s","og:url":"https:\/\/eldigitaldeasturias.com\/radio\/alicante-uno-de-los-mejores-destinos-vacacionales-para-este-verano\/","og:image":"https:\/\/eldigitaldeasturias.com\/radio\/wp-content\/uploads\/2020\/06\/seagull-264075_640.jpg","og:image:secure_url":"https:\/\/eldigitaldeasturias.com\/radio\/wp-content\/uploads\/2020\/06\/seagull-264075_640.jpg","og:image:width":640,"og:image:height":426,"article:published_time":"2020-06-26T06:50:08+00:00","article:modified_time":"2020-06-26T06:50:08+00:00","twitter:card":"summary_large_image","twitter:site":"@bercodi","twitter:title":"Alicante, uno de los mejores destinos vacacionales para este verano | El Digital de Asturias","twitter:description":"El verano ha llegado y ahora es el momento de elegir destino para las vacaciones, quiz\u00e1s seas de los que prefiere quedarse en Espa\u00f1a y descubrir ciudades que te aporten ocio, gastronom\u00eda, playa, cultura o monta\u00f1a \u00bfte parece un buen plan para el verano ir de camping?, pues todo esto y mucho m\u00e1s lo podr\u00e1s","twitter:creator":"@bercodi","twitter:image":"https:\/\/eldigitaldeasturias.com\/radio\/wp-content\/uploads\/2020\/06\/seagull-264075_640.jpg"},"aioseo_meta_data":{"post_id":"4595","title":null,"description":null,"keywords":null,"keyphrases":null,"primary_term":null,"canonical_url":null,"og_title":null,"og_description":null,"og_object_type":"default","og_image_type":"default","og_image_url":null,"og_image_width":null,"og_image_height":null,"og_image_custom_url":null,"og_image_custom_fields":null,"og_video":null,"og_custom_url":null,"og_article_section":null,"og_article_tags":null,"twitter_use_og":false,"twitter_card":"default","twitter_image_type":"default","twitter_image_url":null,"twitter_image_custom_url":null,"twitter_image_custom_fields":null,"twitter_title":null,"twitter_description":null,"schema":{"blockGraphs":[],"customGraphs":[],"default":{"data":{"Article":[],"Course":[],"Dataset":[],"FAQPage":[],"Movie":[],"Person":[],"Product":[],"ProductReview":[],"Car":[],"Recipe":[],"Service":[],"SoftwareApplication":[],"WebPage":[]},"graphName":"","isEnabled":true},"graphs":[],"defaultGraph":"","defaultPostTypeGraph":""},"schema_type":null,"schema_type_options":null,"pillar_content":false,"robots_default":true,"robots_noindex":false,"robots_noarchive":false,"robots_nosnippet":false,"robots_nofollow":false,"robots_noimageindex":false,"robots_noodp":false,"robots_notranslate":false,"robots_max_snippet":null,"robots_max_videopreview":null,"robots_max_imagepreview":"large","priority":null,"frequency":null,"location":null,"local_seo":null,"seo_analyzer_scan_date":"2025-08-28 16:21:31","breadcrumb_settings":null,"limit_modified_date":false,"open_ai":null,"ai":null,"created":"2021-03-25 19:10:00","updated":"2025-08-28 16:21:31"},"aioseo_breadcrumb":"<div class=\"aioseo-breadcrumbs\"><span class=\"aioseo-breadcrumb\">\n\t<a href=\"https:\/\/eldigitaldeasturias.com\/radio\" title=\"Inicio\">Inicio<\/a>\n<\/span><span class=\"aioseo-breadcrumb-separator\">&ndash;<\/span><span class=\"aioseo-breadcrumb\">\n\t<a href=\"https:\/\/eldigitaldeasturias.com\/radio\/category\/turismo\/\" title=\"Turismo\">Turismo<\/a>\n<\/span><span class=\"aioseo-breadcrumb-separator\">&ndash;<\/span><span class=\"aioseo-breadcrumb\">\n\tAlicante, uno de los mejores destinos vacacionales para este verano\n<\/span><\/div>","aioseo_breadcrumb_json":[{"label":"Inicio","link":"https:\/\/eldigitaldeasturias.com\/radio"},{"label":"Turismo","link":"https:\/\/eldigitaldeasturias.com\/radio\/category\/turismo\/"},{"label":"Alicante, uno de los mejores destinos vacacionales para este verano","link":"https:\/\/eldigitaldeasturias.com\/radio\/alicante-uno-de-los-mejores-destinos-vacacionales-para-este-verano\/"}],"_links":{"self":[{"href":"https:\/\/eldigitaldeasturias.com\/radio\/wp-json\/wp\/v2\/posts\/4595","targetHints":{"allow":["GET"]}}],"collection":[{"href":"https:\/\/eldigitaldeasturias.com\/radio\/wp-json\/wp\/v2\/posts"}],"about":[{"href":"https:\/\/eldigitaldeasturias.com\/radio\/wp-json\/wp\/v2\/types\/post"}],"author":[{"embeddable":true,"href":"https:\/\/eldigitaldeasturias.com\/radio\/wp-json\/wp\/v2\/users\/1"}],"replies":[{"embeddable":true,"href":"https:\/\/eldigitaldeasturias.com\/radio\/wp-json\/wp\/v2\/comments?post=4595"}],"version-history":[{"count":0,"href":"https:\/\/eldigitaldeasturias.com\/radio\/wp-json\/wp\/v2\/posts\/4595\/revisions"}],"wp:featuredmedia":[{"embeddable":true,"href":"https:\/\/eldigitaldeasturias.com\/radio\/wp-json\/wp\/v2\/media\/4596"}],"wp:attachment":[{"href":"https:\/\/eldigitaldeasturias.com\/radio\/wp-json\/wp\/v2\/media?parent=4595"}],"wp:term":[{"taxonomy":"category","embeddable":true,"href":"https:\/\/eldigitaldeasturias.com\/radio\/wp-json\/wp\/v2\/categories?post=4595"},{"taxonomy":"post_tag","embeddable":true,"href":"https:\/\/eldigitaldeasturias.com\/radio\/wp-json\/wp\/v2\/tags?post=4595"}],"curies":[{"name":"wp","href":"https:\/\/api.w.org\/{rel}","templated":true}]}}