{"id":4589,"date":"2020-06-22T18:26:30","date_gmt":"2020-06-22T18:26:30","guid":{"rendered":"http:\/\/www.eldigitaldeasturias.com\/radio\/?p=4589"},"modified":"2020-06-22T18:26:30","modified_gmt":"2020-06-22T18:26:30","slug":"alemania-aumenta-tasa-de-reproduccion-de-coronavirus-de-179-a-288","status":"publish","type":"post","link":"https:\/\/eldigitaldeasturias.com\/radio\/alemania-aumenta-tasa-de-reproduccion-de-coronavirus-de-179-a-288\/","title":{"rendered":"Alemania: Aumenta tasa de reproducci\u00f3n de coronavirus de 1,79 a 2,88"},"content":{"rendered":"<p><img fetchpriority=\"high\" decoding=\"async\" class=\"alignleft size-medium wp-image-4405\" src=\"http:\/\/www.eldigitaldeasturias.com\/radio\/wp-content\/uploads\/2020\/06\/connection-4884862_640-360x245.jpg\" alt=\"\" width=\"360\" height=\"245\" srcset=\"https:\/\/eldigitaldeasturias.com\/radio\/wp-content\/uploads\/2020\/06\/connection-4884862_640-360x245.jpg 360w, https:\/\/eldigitaldeasturias.com\/radio\/wp-content\/uploads\/2020\/06\/connection-4884862_640.jpg 640w\" sizes=\"(max-width: 360px) 100vw, 360px\" \/>Berl\u00edn, 22 jun (dpa) &#8211; Debido a varios brotes de coronavirus en distintas regiones de Alemania, la cifra de reproducci\u00f3n trep\u00f3 de 1,79 registrado el 21 de junio a 2,88 registrado a d\u00eda de hoy, lo que significa que por cada infectado se produce m\u00e1s de dos o tres contagios, anunci\u00f3 el Instituto Robert Koch (RKI).<\/p>\n<p>\u00abDado que el n\u00famero de casos en Alemania se encuentra en general en un nivel bajo, estos brotes locales tienen una influencia relativamente fuerte en el valor del n\u00famero de reproducci\u00f3n\u00bb, contin\u00faa el informe de la entidad que monitorea las enfermedades infecciosas en Alemania.<\/p>\n<p>Seg\u00fan los datos, en los \u00faltimos siete d\u00edas se ha registrado un n\u00famero considerable de casos de covid-19 en los cuatro distritos urbanos y rurales de G\u00fctersloh, Warendorf, Magdeburgo y Berl\u00edn-Neuk\u00f6lln.<\/p>\n<p>El RKI atribuye los casos de los distritos de Renania del Norte-Westfalia de G\u00fctersloh y Warendorf al brote en la empresa c\u00e1rnica T\u00f6nnies, donde el domingo el total de casos hab\u00eda aumentado a 1.331.<\/p>\n<p>Todav\u00eda est\u00e1n pendientes los resultados de las pruebas de cientos de empleados del matadero.<\/p>\n<p>En Magdeburgo, el n\u00famero de casos aument\u00f3 debido a que varias personas de diferentes escuelas dieron positivo en el an\u00e1lisis de Sars-CoV-2. En el distrito berlin\u00e9s de Neuk\u00f6lln, el aumento de los casos se relacion\u00f3 con un brote \u00aben el entorno de una comunidad religiosa\u00bb.<\/p>\n<p>El RKI inform\u00f3 hoy de 537 nuevas infecciones e indic\u00f3 que desde el estallido de la epidemia se contabilizaron 190.359 personas infectadas con el Sars-CoV-2.<\/p>\n<p>Hasta ahora han muerto en Alemania 8.885 personas infectadas con el virus, lo que supone un aumento de tres en comparaci\u00f3n con el d\u00eda previo. Seg\u00fan las estimaciones del RKI, alrededor de 175.300 personas han sobrevivido a la infecci\u00f3n, 400 m\u00e1s que el d\u00eda anterior.<\/p>\n<p>Desde mediados de mayo, el RKI tambi\u00e9n ha indicado una llamada R de siete d\u00edas. Se refiere a un per\u00edodo m\u00e1s largo y, por lo tanto, est\u00e1 menos sujeto a las fluctuaciones diarias. Seg\u00fan las estimaciones del RKI, este valor aument\u00f3 a 2,03 (d\u00eda anterior: 1,55) y refleja el curso de la infecci\u00f3n de hace 8 a 16 d\u00edas.<\/p>\n<p>De acuerdo con el RKI, el hecho de que las cifras estimadas de reproducci\u00f3n (valor R y valor R de 7 d\u00edas) est\u00e9n ligeramente por encima de 1 muestra que el n\u00famero de nuevas infecciones no est\u00e1 disminuyendo actualmente.<\/p>\n","protected":false},"excerpt":{"rendered":"<p>Berl\u00edn, 22 jun (dpa) &#8211; Debido a varios brotes de coronavirus en distintas regiones de Alemania, la cifra de reproducci\u00f3n trep\u00f3 de 1,79 registrado el 21 de junio a 2,88 registrado a d\u00eda de hoy, lo que significa que por cada infectado se produce m\u00e1s de dos o tres contagios, anunci\u00f3 el Instituto Robert Koch<\/p>\n","protected":false},"author":1,"featured_media":4405,"comment_status":"closed","ping_status":"closed","sticky":false,"template":"","format":"standard","meta":{"footnotes":""},"categories":[1],"tags":[],"class_list":{"0":"post-4589","1":"post","2":"type-post","3":"status-publish","4":"format-standard","5":"has-post-thumbnail","7":"category-noticias"},"aioseo_notices":[],"aioseo_head":"\n\t\t<!-- All in One SEO Pro 4.9.6.2 - aioseo.com -->\n\t<meta name=\"description\" content=\"Berl\u00edn, 22 jun (dpa) - Debido a varios brotes de coronavirus en distintas regiones de Alemania, la cifra de reproducci\u00f3n trep\u00f3 de 1,79 registrado el 21 de junio a 2,88 registrado a d\u00eda de hoy, lo que significa que por cada infectado se produce m\u00e1s de dos o tres contagios, anunci\u00f3 el Instituto Robert Koch\" \/>\n\t<meta name=\"robots\" content=\"max-image-preview:large\" \/>\n\t<meta name=\"author\" content=\"NBAsturias\"\/>\n\t<meta name=\"google-site-verification\" content=\"UA-38556648-1\" \/>\n\t<meta name=\"keywords\" content=\"noticias\" \/>\n\t<link rel=\"canonical\" href=\"https:\/\/eldigitaldeasturias.com\/radio\/alemania-aumenta-tasa-de-reproduccion-de-coronavirus-de-179-a-288\/\" \/>\n\t<meta name=\"generator\" content=\"All in One SEO Pro (AIOSEO) 4.9.6.2\" \/>\n\t\t<meta property=\"og:locale\" content=\"es_ES\" \/>\n\t\t<meta property=\"og:site_name\" content=\"El Digital de Asturias | Diario de informaci\u00f3n y noticias\" \/>\n\t\t<meta property=\"og:type\" content=\"article\" \/>\n\t\t<meta property=\"og:title\" content=\"Alemania: Aumenta tasa de reproducci\u00f3n de coronavirus de 1,79 a 2,88 | El Digital de Asturias\" \/>\n\t\t<meta property=\"og:description\" content=\"Berl\u00edn, 22 jun (dpa) - Debido a varios brotes de coronavirus en distintas regiones de Alemania, la cifra de reproducci\u00f3n trep\u00f3 de 1,79 registrado el 21 de junio a 2,88 registrado a d\u00eda de hoy, lo que significa que por cada infectado se produce m\u00e1s de dos o tres contagios, anunci\u00f3 el Instituto Robert Koch\" \/>\n\t\t<meta property=\"og:url\" content=\"https:\/\/eldigitaldeasturias.com\/radio\/alemania-aumenta-tasa-de-reproduccion-de-coronavirus-de-179-a-288\/\" \/>\n\t\t<meta property=\"og:image\" content=\"https:\/\/eldigitaldeasturias.com\/radio\/wp-content\/uploads\/2020\/06\/connection-4884862_640.jpg\" \/>\n\t\t<meta property=\"og:image:secure_url\" content=\"https:\/\/eldigitaldeasturias.com\/radio\/wp-content\/uploads\/2020\/06\/connection-4884862_640.jpg\" \/>\n\t\t<meta property=\"og:image:width\" content=\"640\" \/>\n\t\t<meta property=\"og:image:height\" content=\"436\" \/>\n\t\t<meta property=\"article:published_time\" content=\"2020-06-22T18:26:30+00:00\" \/>\n\t\t<meta property=\"article:modified_time\" content=\"2020-06-22T18:26:30+00:00\" \/>\n\t\t<meta name=\"twitter:card\" content=\"summary_large_image\" \/>\n\t\t<meta name=\"twitter:site\" content=\"@bercodi\" \/>\n\t\t<meta name=\"twitter:title\" content=\"Alemania: Aumenta tasa de reproducci\u00f3n de coronavirus de 1,79 a 2,88 | El Digital de Asturias\" \/>\n\t\t<meta name=\"twitter:description\" content=\"Berl\u00edn, 22 jun (dpa) - Debido a varios brotes de coronavirus en distintas regiones de Alemania, la cifra de reproducci\u00f3n trep\u00f3 de 1,79 registrado el 21 de junio a 2,88 registrado a d\u00eda de hoy, lo que significa que por cada infectado se produce m\u00e1s de dos o tres contagios, anunci\u00f3 el Instituto Robert Koch\" \/>\n\t\t<meta name=\"twitter:creator\" content=\"@bercodi\" \/>\n\t\t<meta name=\"twitter:image\" content=\"https:\/\/eldigitaldeasturias.com\/radio\/wp-content\/uploads\/2020\/06\/connection-4884862_640.jpg\" \/>\n\t\t<script type=\"application\/ld+json\" class=\"aioseo-schema\">\n\t\t\t{\"@context\":\"https:\\\/\\\/schema.org\",\"@graph\":[{\"@type\":\"BreadcrumbList\",\"@id\":\"https:\\\/\\\/eldigitaldeasturias.com\\\/radio\\\/alemania-aumenta-tasa-de-reproduccion-de-coronavirus-de-179-a-288\\\/#breadcrumblist\",\"itemListElement\":[{\"@type\":\"ListItem\",\"@id\":\"https:\\\/\\\/eldigitaldeasturias.com\\\/radio#listItem\",\"position\":1,\"name\":\"Inicio\",\"item\":\"https:\\\/\\\/eldigitaldeasturias.com\\\/radio\",\"nextItem\":{\"@type\":\"ListItem\",\"@id\":\"https:\\\/\\\/eldigitaldeasturias.com\\\/radio\\\/category\\\/noticias\\\/#listItem\",\"name\":\"Noticias\"}},{\"@type\":\"ListItem\",\"@id\":\"https:\\\/\\\/eldigitaldeasturias.com\\\/radio\\\/category\\\/noticias\\\/#listItem\",\"position\":2,\"name\":\"Noticias\",\"item\":\"https:\\\/\\\/eldigitaldeasturias.com\\\/radio\\\/category\\\/noticias\\\/\",\"nextItem\":{\"@type\":\"ListItem\",\"@id\":\"https:\\\/\\\/eldigitaldeasturias.com\\\/radio\\\/alemania-aumenta-tasa-de-reproduccion-de-coronavirus-de-179-a-288\\\/#listItem\",\"name\":\"Alemania: Aumenta tasa de reproducci\\u00f3n de coronavirus de 1,79 a 2,88\"},\"previousItem\":{\"@type\":\"ListItem\",\"@id\":\"https:\\\/\\\/eldigitaldeasturias.com\\\/radio#listItem\",\"name\":\"Inicio\"}},{\"@type\":\"ListItem\",\"@id\":\"https:\\\/\\\/eldigitaldeasturias.com\\\/radio\\\/alemania-aumenta-tasa-de-reproduccion-de-coronavirus-de-179-a-288\\\/#listItem\",\"position\":3,\"name\":\"Alemania: Aumenta tasa de reproducci\\u00f3n de coronavirus de 1,79 a 2,88\",\"previousItem\":{\"@type\":\"ListItem\",\"@id\":\"https:\\\/\\\/eldigitaldeasturias.com\\\/radio\\\/category\\\/noticias\\\/#listItem\",\"name\":\"Noticias\"}}]},{\"@type\":\"NewsArticle\",\"@id\":\"https:\\\/\\\/eldigitaldeasturias.com\\\/radio\\\/alemania-aumenta-tasa-de-reproduccion-de-coronavirus-de-179-a-288\\\/#newsarticle\",\"name\":\"Alemania: Aumenta tasa de reproducci\\u00f3n de coronavirus de 1,79 a 2,88 | El Digital de Asturias\",\"headline\":\"Alemania: Aumenta tasa de reproducci\\u00f3n de coronavirus de 1,79 a 2,88\",\"author\":{\"@id\":\"https:\\\/\\\/eldigitaldeasturias.com\\\/radio\\\/author\\\/nbasturias\\\/#author\"},\"publisher\":{\"@id\":\"https:\\\/\\\/eldigitaldeasturias.com\\\/radio\\\/#organization\"},\"image\":{\"@type\":\"ImageObject\",\"url\":\"https:\\\/\\\/eldigitaldeasturias.com\\\/radio\\\/wp-content\\\/uploads\\\/2020\\\/06\\\/connection-4884862_640.jpg\",\"width\":640,\"height\":436},\"datePublished\":\"2020-06-22T18:26:30+02:00\",\"dateModified\":\"2020-06-22T18:26:30+02:00\",\"inLanguage\":\"es-ES\",\"mainEntityOfPage\":{\"@id\":\"https:\\\/\\\/eldigitaldeasturias.com\\\/radio\\\/alemania-aumenta-tasa-de-reproduccion-de-coronavirus-de-179-a-288\\\/#webpage\"},\"isPartOf\":{\"@id\":\"https:\\\/\\\/eldigitaldeasturias.com\\\/radio\\\/alemania-aumenta-tasa-de-reproduccion-de-coronavirus-de-179-a-288\\\/#webpage\"},\"articleSection\":\"Noticias\",\"dateline\":\"Publicado el junio 22, 2020.\"},{\"@type\":\"Organization\",\"@id\":\"https:\\\/\\\/eldigitaldeasturias.com\\\/radio\\\/#organization\",\"name\":\"El digital de Asturias Radio\",\"description\":\"Diario de informaci\\u00f3n y noticias\",\"url\":\"https:\\\/\\\/eldigitaldeasturias.com\\\/radio\\\/\",\"telephone\":\"+34652131393\",\"logo\":{\"@type\":\"ImageObject\",\"url\":\"https:\\\/\\\/www.eldigitaldeasturias.com\\\/radio\\\/wp-content\\\/uploads\\\/2021\\\/03\\\/EDA.jpg\",\"@id\":\"https:\\\/\\\/eldigitaldeasturias.com\\\/radio\\\/alemania-aumenta-tasa-de-reproduccion-de-coronavirus-de-179-a-288\\\/#organizationLogo\"},\"image\":{\"@id\":\"https:\\\/\\\/eldigitaldeasturias.com\\\/radio\\\/alemania-aumenta-tasa-de-reproduccion-de-coronavirus-de-179-a-288\\\/#organizationLogo\"},\"sameAs\":[\"https:\\\/\\\/www.facebook.com\\\/\",\"https:\\\/\\\/x.com\\\/bercodi\",\"https:\\\/\\\/www.instagram.com\\\/\",\"https:\\\/\\\/www.youtube.com\\\/channel\\\/UCZP-2wLEB9Rv6erhFmqVnvg\"]},{\"@type\":\"Person\",\"@id\":\"https:\\\/\\\/eldigitaldeasturias.com\\\/radio\\\/author\\\/nbasturias\\\/#author\",\"url\":\"https:\\\/\\\/eldigitaldeasturias.com\\\/radio\\\/author\\\/nbasturias\\\/\",\"name\":\"NBAsturias\",\"image\":{\"@type\":\"ImageObject\",\"@id\":\"https:\\\/\\\/eldigitaldeasturias.com\\\/radio\\\/alemania-aumenta-tasa-de-reproduccion-de-coronavirus-de-179-a-288\\\/#authorImage\",\"url\":\"https:\\\/\\\/secure.gravatar.com\\\/avatar\\\/df2aeffc32bcd13f8d26072ef8a91b623d677766deac7f97ca815868cd41bf5e?s=96&d=mm&r=g\",\"width\":96,\"height\":96,\"caption\":\"NBAsturias\"}},{\"@type\":\"WebPage\",\"@id\":\"https:\\\/\\\/eldigitaldeasturias.com\\\/radio\\\/alemania-aumenta-tasa-de-reproduccion-de-coronavirus-de-179-a-288\\\/#webpage\",\"url\":\"https:\\\/\\\/eldigitaldeasturias.com\\\/radio\\\/alemania-aumenta-tasa-de-reproduccion-de-coronavirus-de-179-a-288\\\/\",\"name\":\"Alemania: Aumenta tasa de reproducci\\u00f3n de coronavirus de 1,79 a 2,88 | El Digital de Asturias\",\"description\":\"Berl\\u00edn, 22 jun (dpa) - Debido a varios brotes de coronavirus en distintas regiones de Alemania, la cifra de reproducci\\u00f3n trep\\u00f3 de 1,79 registrado el 21 de junio a 2,88 registrado a d\\u00eda de hoy, lo que significa que por cada infectado se produce m\\u00e1s de dos o tres contagios, anunci\\u00f3 el Instituto Robert Koch\",\"inLanguage\":\"es-ES\",\"isPartOf\":{\"@id\":\"https:\\\/\\\/eldigitaldeasturias.com\\\/radio\\\/#website\"},\"breadcrumb\":{\"@id\":\"https:\\\/\\\/eldigitaldeasturias.com\\\/radio\\\/alemania-aumenta-tasa-de-reproduccion-de-coronavirus-de-179-a-288\\\/#breadcrumblist\"},\"author\":{\"@id\":\"https:\\\/\\\/eldigitaldeasturias.com\\\/radio\\\/author\\\/nbasturias\\\/#author\"},\"creator\":{\"@id\":\"https:\\\/\\\/eldigitaldeasturias.com\\\/radio\\\/author\\\/nbasturias\\\/#author\"},\"image\":{\"@type\":\"ImageObject\",\"url\":\"https:\\\/\\\/eldigitaldeasturias.com\\\/radio\\\/wp-content\\\/uploads\\\/2020\\\/06\\\/connection-4884862_640.jpg\",\"@id\":\"https:\\\/\\\/eldigitaldeasturias.com\\\/radio\\\/alemania-aumenta-tasa-de-reproduccion-de-coronavirus-de-179-a-288\\\/#mainImage\",\"width\":640,\"height\":436},\"primaryImageOfPage\":{\"@id\":\"https:\\\/\\\/eldigitaldeasturias.com\\\/radio\\\/alemania-aumenta-tasa-de-reproduccion-de-coronavirus-de-179-a-288\\\/#mainImage\"},\"datePublished\":\"2020-06-22T18:26:30+02:00\",\"dateModified\":\"2020-06-22T18:26:30+02:00\"},{\"@type\":\"WebSite\",\"@id\":\"https:\\\/\\\/eldigitaldeasturias.com\\\/radio\\\/#website\",\"url\":\"https:\\\/\\\/eldigitaldeasturias.com\\\/radio\\\/\",\"name\":\"El Digital de Asturias\",\"description\":\"Diario de informaci\\u00f3n y noticias\",\"inLanguage\":\"es-ES\",\"publisher\":{\"@id\":\"https:\\\/\\\/eldigitaldeasturias.com\\\/radio\\\/#organization\"}}]}\n\t\t<\/script>\n\t\t<!-- All in One SEO Pro -->\r\n\t\t<title>Alemania: Aumenta tasa de reproducci\u00f3n de coronavirus de 1,79 a 2,88 | El Digital de Asturias<\/title>\n\n","aioseo_head_json":{"title":"Alemania: Aumenta tasa de reproducci\u00f3n de coronavirus de 1,79 a 2,88 | El Digital de Asturias","description":"Berl\u00edn, 22 jun (dpa) - Debido a varios brotes de coronavirus en distintas regiones de Alemania, la cifra de reproducci\u00f3n trep\u00f3 de 1,79 registrado el 21 de junio a 2,88 registrado a d\u00eda de hoy, lo que significa que por cada infectado se produce m\u00e1s de dos o tres contagios, anunci\u00f3 el Instituto Robert Koch","canonical_url":"https:\/\/eldigitaldeasturias.com\/radio\/alemania-aumenta-tasa-de-reproduccion-de-coronavirus-de-179-a-288\/","robots":"max-image-preview:large","keywords":"noticias","webmasterTools":{"google-site-verification":"UA-38556648-1","miscellaneous":""},"schema":{"@context":"https:\/\/schema.org","@graph":[{"@type":"BreadcrumbList","@id":"https:\/\/eldigitaldeasturias.com\/radio\/alemania-aumenta-tasa-de-reproduccion-de-coronavirus-de-179-a-288\/#breadcrumblist","itemListElement":[{"@type":"ListItem","@id":"https:\/\/eldigitaldeasturias.com\/radio#listItem","position":1,"name":"Inicio","item":"https:\/\/eldigitaldeasturias.com\/radio","nextItem":{"@type":"ListItem","@id":"https:\/\/eldigitaldeasturias.com\/radio\/category\/noticias\/#listItem","name":"Noticias"}},{"@type":"ListItem","@id":"https:\/\/eldigitaldeasturias.com\/radio\/category\/noticias\/#listItem","position":2,"name":"Noticias","item":"https:\/\/eldigitaldeasturias.com\/radio\/category\/noticias\/","nextItem":{"@type":"ListItem","@id":"https:\/\/eldigitaldeasturias.com\/radio\/alemania-aumenta-tasa-de-reproduccion-de-coronavirus-de-179-a-288\/#listItem","name":"Alemania: Aumenta tasa de reproducci\u00f3n de coronavirus de 1,79 a 2,88"},"previousItem":{"@type":"ListItem","@id":"https:\/\/eldigitaldeasturias.com\/radio#listItem","name":"Inicio"}},{"@type":"ListItem","@id":"https:\/\/eldigitaldeasturias.com\/radio\/alemania-aumenta-tasa-de-reproduccion-de-coronavirus-de-179-a-288\/#listItem","position":3,"name":"Alemania: Aumenta tasa de reproducci\u00f3n de coronavirus de 1,79 a 2,88","previousItem":{"@type":"ListItem","@id":"https:\/\/eldigitaldeasturias.com\/radio\/category\/noticias\/#listItem","name":"Noticias"}}]},{"@type":"NewsArticle","@id":"https:\/\/eldigitaldeasturias.com\/radio\/alemania-aumenta-tasa-de-reproduccion-de-coronavirus-de-179-a-288\/#newsarticle","name":"Alemania: Aumenta tasa de reproducci\u00f3n de coronavirus de 1,79 a 2,88 | El Digital de Asturias","headline":"Alemania: Aumenta tasa de reproducci\u00f3n de coronavirus de 1,79 a 2,88","author":{"@id":"https:\/\/eldigitaldeasturias.com\/radio\/author\/nbasturias\/#author"},"publisher":{"@id":"https:\/\/eldigitaldeasturias.com\/radio\/#organization"},"image":{"@type":"ImageObject","url":"https:\/\/eldigitaldeasturias.com\/radio\/wp-content\/uploads\/2020\/06\/connection-4884862_640.jpg","width":640,"height":436},"datePublished":"2020-06-22T18:26:30+02:00","dateModified":"2020-06-22T18:26:30+02:00","inLanguage":"es-ES","mainEntityOfPage":{"@id":"https:\/\/eldigitaldeasturias.com\/radio\/alemania-aumenta-tasa-de-reproduccion-de-coronavirus-de-179-a-288\/#webpage"},"isPartOf":{"@id":"https:\/\/eldigitaldeasturias.com\/radio\/alemania-aumenta-tasa-de-reproduccion-de-coronavirus-de-179-a-288\/#webpage"},"articleSection":"Noticias","dateline":"Publicado el junio 22, 2020."},{"@type":"Organization","@id":"https:\/\/eldigitaldeasturias.com\/radio\/#organization","name":"El digital de Asturias Radio","description":"Diario de informaci\u00f3n y noticias","url":"https:\/\/eldigitaldeasturias.com\/radio\/","telephone":"+34652131393","logo":{"@type":"ImageObject","url":"https:\/\/www.eldigitaldeasturias.com\/radio\/wp-content\/uploads\/2021\/03\/EDA.jpg","@id":"https:\/\/eldigitaldeasturias.com\/radio\/alemania-aumenta-tasa-de-reproduccion-de-coronavirus-de-179-a-288\/#organizationLogo"},"image":{"@id":"https:\/\/eldigitaldeasturias.com\/radio\/alemania-aumenta-tasa-de-reproduccion-de-coronavirus-de-179-a-288\/#organizationLogo"},"sameAs":["https:\/\/www.facebook.com\/","https:\/\/x.com\/bercodi","https:\/\/www.instagram.com\/","https:\/\/www.youtube.com\/channel\/UCZP-2wLEB9Rv6erhFmqVnvg"]},{"@type":"Person","@id":"https:\/\/eldigitaldeasturias.com\/radio\/author\/nbasturias\/#author","url":"https:\/\/eldigitaldeasturias.com\/radio\/author\/nbasturias\/","name":"NBAsturias","image":{"@type":"ImageObject","@id":"https:\/\/eldigitaldeasturias.com\/radio\/alemania-aumenta-tasa-de-reproduccion-de-coronavirus-de-179-a-288\/#authorImage","url":"https:\/\/secure.gravatar.com\/avatar\/df2aeffc32bcd13f8d26072ef8a91b623d677766deac7f97ca815868cd41bf5e?s=96&d=mm&r=g","width":96,"height":96,"caption":"NBAsturias"}},{"@type":"WebPage","@id":"https:\/\/eldigitaldeasturias.com\/radio\/alemania-aumenta-tasa-de-reproduccion-de-coronavirus-de-179-a-288\/#webpage","url":"https:\/\/eldigitaldeasturias.com\/radio\/alemania-aumenta-tasa-de-reproduccion-de-coronavirus-de-179-a-288\/","name":"Alemania: Aumenta tasa de reproducci\u00f3n de coronavirus de 1,79 a 2,88 | El Digital de Asturias","description":"Berl\u00edn, 22 jun (dpa) - Debido a varios brotes de coronavirus en distintas regiones de Alemania, la cifra de reproducci\u00f3n trep\u00f3 de 1,79 registrado el 21 de junio a 2,88 registrado a d\u00eda de hoy, lo que significa que por cada infectado se produce m\u00e1s de dos o tres contagios, anunci\u00f3 el Instituto Robert Koch","inLanguage":"es-ES","isPartOf":{"@id":"https:\/\/eldigitaldeasturias.com\/radio\/#website"},"breadcrumb":{"@id":"https:\/\/eldigitaldeasturias.com\/radio\/alemania-aumenta-tasa-de-reproduccion-de-coronavirus-de-179-a-288\/#breadcrumblist"},"author":{"@id":"https:\/\/eldigitaldeasturias.com\/radio\/author\/nbasturias\/#author"},"creator":{"@id":"https:\/\/eldigitaldeasturias.com\/radio\/author\/nbasturias\/#author"},"image":{"@type":"ImageObject","url":"https:\/\/eldigitaldeasturias.com\/radio\/wp-content\/uploads\/2020\/06\/connection-4884862_640.jpg","@id":"https:\/\/eldigitaldeasturias.com\/radio\/alemania-aumenta-tasa-de-reproduccion-de-coronavirus-de-179-a-288\/#mainImage","width":640,"height":436},"primaryImageOfPage":{"@id":"https:\/\/eldigitaldeasturias.com\/radio\/alemania-aumenta-tasa-de-reproduccion-de-coronavirus-de-179-a-288\/#mainImage"},"datePublished":"2020-06-22T18:26:30+02:00","dateModified":"2020-06-22T18:26:30+02:00"},{"@type":"WebSite","@id":"https:\/\/eldigitaldeasturias.com\/radio\/#website","url":"https:\/\/eldigitaldeasturias.com\/radio\/","name":"El Digital de Asturias","description":"Diario de informaci\u00f3n y noticias","inLanguage":"es-ES","publisher":{"@id":"https:\/\/eldigitaldeasturias.com\/radio\/#organization"}}]},"og:locale":"es_ES","og:site_name":"El Digital de Asturias | Diario de informaci\u00f3n y noticias","og:type":"article","og:title":"Alemania: Aumenta tasa de reproducci\u00f3n de coronavirus de 1,79 a 2,88 | El Digital de Asturias","og:description":"Berl\u00edn, 22 jun (dpa) - Debido a varios brotes de coronavirus en distintas regiones de Alemania, la cifra de reproducci\u00f3n trep\u00f3 de 1,79 registrado el 21 de junio a 2,88 registrado a d\u00eda de hoy, lo que significa que por cada infectado se produce m\u00e1s de dos o tres contagios, anunci\u00f3 el Instituto Robert Koch","og:url":"https:\/\/eldigitaldeasturias.com\/radio\/alemania-aumenta-tasa-de-reproduccion-de-coronavirus-de-179-a-288\/","og:image":"https:\/\/eldigitaldeasturias.com\/radio\/wp-content\/uploads\/2020\/06\/connection-4884862_640.jpg","og:image:secure_url":"https:\/\/eldigitaldeasturias.com\/radio\/wp-content\/uploads\/2020\/06\/connection-4884862_640.jpg","og:image:width":640,"og:image:height":436,"article:published_time":"2020-06-22T18:26:30+00:00","article:modified_time":"2020-06-22T18:26:30+00:00","twitter:card":"summary_large_image","twitter:site":"@bercodi","twitter:title":"Alemania: Aumenta tasa de reproducci\u00f3n de coronavirus de 1,79 a 2,88 | El Digital de Asturias","twitter:description":"Berl\u00edn, 22 jun (dpa) - Debido a varios brotes de coronavirus en distintas regiones de Alemania, la cifra de reproducci\u00f3n trep\u00f3 de 1,79 registrado el 21 de junio a 2,88 registrado a d\u00eda de hoy, lo que significa que por cada infectado se produce m\u00e1s de dos o tres contagios, anunci\u00f3 el Instituto Robert Koch","twitter:creator":"@bercodi","twitter:image":"https:\/\/eldigitaldeasturias.com\/radio\/wp-content\/uploads\/2020\/06\/connection-4884862_640.jpg"},"aioseo_meta_data":{"post_id":"4589","title":null,"description":null,"keywords":null,"keyphrases":null,"primary_term":null,"canonical_url":null,"og_title":null,"og_description":null,"og_object_type":"default","og_image_type":"default","og_image_url":null,"og_image_width":null,"og_image_height":null,"og_image_custom_url":null,"og_image_custom_fields":null,"og_video":null,"og_custom_url":null,"og_article_section":null,"og_article_tags":null,"twitter_use_og":false,"twitter_card":"default","twitter_image_type":"default","twitter_image_url":null,"twitter_image_custom_url":null,"twitter_image_custom_fields":null,"twitter_title":null,"twitter_description":null,"schema":{"blockGraphs":[],"customGraphs":[],"default":{"data":{"Article":[],"Course":[],"Dataset":[],"FAQPage":[],"Movie":[],"Person":[],"Product":[],"ProductReview":[],"Car":[],"Recipe":[],"Service":[],"SoftwareApplication":[],"WebPage":[]},"graphName":"","isEnabled":true},"graphs":[],"defaultGraph":"","defaultPostTypeGraph":""},"schema_type":null,"schema_type_options":null,"pillar_content":false,"robots_default":true,"robots_noindex":false,"robots_noarchive":false,"robots_nosnippet":false,"robots_nofollow":false,"robots_noimageindex":false,"robots_noodp":false,"robots_notranslate":false,"robots_max_snippet":null,"robots_max_videopreview":null,"robots_max_imagepreview":"large","priority":null,"frequency":null,"location":null,"local_seo":null,"seo_analyzer_scan_date":"2025-08-28 16:19:32","breadcrumb_settings":null,"limit_modified_date":false,"open_ai":null,"ai":null,"created":"2021-03-26 23:00:47","updated":"2025-08-28 16:19:32"},"aioseo_breadcrumb":"<div class=\"aioseo-breadcrumbs\"><span class=\"aioseo-breadcrumb\">\n\t<a href=\"https:\/\/eldigitaldeasturias.com\/radio\" title=\"Inicio\">Inicio<\/a>\n<\/span><span class=\"aioseo-breadcrumb-separator\">&ndash;<\/span><span class=\"aioseo-breadcrumb\">\n\t<a href=\"https:\/\/eldigitaldeasturias.com\/radio\/category\/noticias\/\" title=\"Noticias\">Noticias<\/a>\n<\/span><span class=\"aioseo-breadcrumb-separator\">&ndash;<\/span><span class=\"aioseo-breadcrumb\">\n\tAlemania: Aumenta tasa de reproducci\u00f3n de coronavirus de 1,79 a 2,88\n<\/span><\/div>","aioseo_breadcrumb_json":[{"label":"Inicio","link":"https:\/\/eldigitaldeasturias.com\/radio"},{"label":"Noticias","link":"https:\/\/eldigitaldeasturias.com\/radio\/category\/noticias\/"},{"label":"Alemania: Aumenta tasa de reproducci\u00f3n de coronavirus de 1,79 a 2,88","link":"https:\/\/eldigitaldeasturias.com\/radio\/alemania-aumenta-tasa-de-reproduccion-de-coronavirus-de-179-a-288\/"}],"_links":{"self":[{"href":"https:\/\/eldigitaldeasturias.com\/radio\/wp-json\/wp\/v2\/posts\/4589","targetHints":{"allow":["GET"]}}],"collection":[{"href":"https:\/\/eldigitaldeasturias.com\/radio\/wp-json\/wp\/v2\/posts"}],"about":[{"href":"https:\/\/eldigitaldeasturias.com\/radio\/wp-json\/wp\/v2\/types\/post"}],"author":[{"embeddable":true,"href":"https:\/\/eldigitaldeasturias.com\/radio\/wp-json\/wp\/v2\/users\/1"}],"replies":[{"embeddable":true,"href":"https:\/\/eldigitaldeasturias.com\/radio\/wp-json\/wp\/v2\/comments?post=4589"}],"version-history":[{"count":0,"href":"https:\/\/eldigitaldeasturias.com\/radio\/wp-json\/wp\/v2\/posts\/4589\/revisions"}],"wp:featuredmedia":[{"embeddable":true,"href":"https:\/\/eldigitaldeasturias.com\/radio\/wp-json\/wp\/v2\/media\/4405"}],"wp:attachment":[{"href":"https:\/\/eldigitaldeasturias.com\/radio\/wp-json\/wp\/v2\/media?parent=4589"}],"wp:term":[{"taxonomy":"category","embeddable":true,"href":"https:\/\/eldigitaldeasturias.com\/radio\/wp-json\/wp\/v2\/categories?post=4589"},{"taxonomy":"post_tag","embeddable":true,"href":"https:\/\/eldigitaldeasturias.com\/radio\/wp-json\/wp\/v2\/tags?post=4589"}],"curies":[{"name":"wp","href":"https:\/\/api.w.org\/{rel}","templated":true}]}}