{"id":4584,"date":"2020-06-22T18:24:31","date_gmt":"2020-06-22T18:24:31","guid":{"rendered":"http:\/\/www.eldigitaldeasturias.com\/radio\/?p=4584"},"modified":"2020-06-22T18:24:31","modified_gmt":"2020-06-22T18:24:31","slug":"opera-semper-de-dresde-pierde-millones-de-euros-por-coronavirus","status":"publish","type":"post","link":"https:\/\/eldigitaldeasturias.com\/radio\/opera-semper-de-dresde-pierde-millones-de-euros-por-coronavirus\/","title":{"rendered":"\u00d3pera Semper de Dresde pierde millones de euros por coronavirus"},"content":{"rendered":"<figure id=\"attachment_4585\" aria-describedby=\"caption-attachment-4585\" style=\"width: 360px\" class=\"wp-caption alignleft\"><img fetchpriority=\"high\" decoding=\"async\" class=\"size-medium wp-image-4585\" src=\"http:\/\/www.eldigitaldeasturias.com\/radio\/wp-content\/uploads\/2020\/06\/Opera-Desdre-360x262.jpg\" alt=\"\" width=\"360\" height=\"262\" srcset=\"https:\/\/eldigitaldeasturias.com\/radio\/wp-content\/uploads\/2020\/06\/Opera-Desdre-360x262.jpg 360w, https:\/\/eldigitaldeasturias.com\/radio\/wp-content\/uploads\/2020\/06\/Opera-Desdre-768x559.jpg 768w, https:\/\/eldigitaldeasturias.com\/radio\/wp-content\/uploads\/2020\/06\/Opera-Desdre.jpg 929w\" sizes=\"(max-width: 360px) 100vw, 360px\" \/><figcaption id=\"caption-attachment-4585\" class=\"wp-caption-text\">Foto: Jan Woitas\/dpa-Zentralbild\/dpa<\/figcaption><\/figure>\n<p>Dresde (Alemania), 22 jun (dpa) &#8211; La \u00d3pera Semper de Dresde, en Alemania, sufri\u00f3 p\u00e9rdidas millonarias debido al cierre de tres meses dispuesto como consecuencia de la pandemia de coronavirus, seg\u00fan inform\u00f3 hoy a dpa su director Peter Theiler.<\/p>\n<p>\u00abYa llevamos p\u00e9rdidas por varios millones de euros\u00bb, dijo Theiler, detallando que 70.000 entradas ya vendidas debieron ser canceladas.<\/p>\n<p>La paralizaci\u00f3n art\u00edstica involuntaria tambi\u00e9n tiene consecuencias para la planificaci\u00f3n del programa. Seg\u00fan Theiler, hay cuatro producciones nuevas, que incluyen un estreno mundial.<\/p>\n<p>El programa para la nueva temporada tambi\u00e9n tuvo que ser modificado, motivo por el cual la direcci\u00f3n y la orquesta de la \u00d3pera Estatal de Sajonia por el momento solo planifica su temporada hasta finales de octubre.<\/p>\n<p>\u00abNadie sabe c\u00f3mo se desarrollar\u00e1 la situaci\u00f3n y debemos ser capaces de reaccionar con flexibilidad a los cambios\u00bb, destac\u00f3 Theiler.<\/p>\n<p>Los ensayos y las actuaciones de la Orquesta Estatal de Sajonia, el Ballet de la \u00d3pera de Semper, el Coro de la \u00d3pera Estatal y los solistas hab\u00edan sido cancelados el 13 de marzo.<\/p>\n<p>\u00abAqu\u00ed no existe el trabajo a corto plazo\u00bb, asegur\u00f3 el director. \u00abEn este momento tenemos un m\u00e1ximo de 330 espectadores por programa, en un teatro que regularmente ofrece casi 1.300 asientos\u00bb, a\u00f1adi\u00f3 Theiler para describir la dimensi\u00f3n de las restricciones.<\/p>\n<p>&nbsp;<\/p>\n","protected":false},"excerpt":{"rendered":"<p>Dresde (Alemania), 22 jun (dpa) &#8211; La \u00d3pera Semper de Dresde, en Alemania, sufri\u00f3 p\u00e9rdidas millonarias debido al cierre de tres meses dispuesto como consecuencia de la pandemia de coronavirus, seg\u00fan inform\u00f3 hoy a dpa su director Peter Theiler. \u00abYa llevamos p\u00e9rdidas por varios millones de euros\u00bb, dijo Theiler, detallando que 70.000 entradas ya vendidas<\/p>\n","protected":false},"author":1,"featured_media":4585,"comment_status":"closed","ping_status":"closed","sticky":false,"template":"","format":"standard","meta":{"footnotes":""},"categories":[1],"tags":[],"class_list":{"0":"post-4584","1":"post","2":"type-post","3":"status-publish","4":"format-standard","5":"has-post-thumbnail","7":"category-noticias"},"aioseo_notices":[],"aioseo_head":"\n\t\t<!-- All in One SEO Pro 4.9.6.2 - aioseo.com -->\n\t<meta name=\"description\" content=\"Dresde (Alemania), 22 jun (dpa) - La \u00d3pera Semper de Dresde, en Alemania, sufri\u00f3 p\u00e9rdidas millonarias debido al cierre de tres meses dispuesto como consecuencia de la pandemia de coronavirus, seg\u00fan inform\u00f3 hoy a dpa su director Peter Theiler. &quot;Ya llevamos p\u00e9rdidas por varios millones de euros&quot;, dijo Theiler, detallando que 70.000 entradas ya vendidas\" \/>\n\t<meta name=\"robots\" content=\"max-image-preview:large\" \/>\n\t<meta name=\"author\" content=\"NBAsturias\"\/>\n\t<meta name=\"google-site-verification\" content=\"UA-38556648-1\" \/>\n\t<meta name=\"keywords\" content=\"noticias\" \/>\n\t<link rel=\"canonical\" href=\"https:\/\/eldigitaldeasturias.com\/radio\/opera-semper-de-dresde-pierde-millones-de-euros-por-coronavirus\/\" \/>\n\t<meta name=\"generator\" content=\"All in One SEO Pro (AIOSEO) 4.9.6.2\" \/>\n\t\t<meta property=\"og:locale\" content=\"es_ES\" \/>\n\t\t<meta property=\"og:site_name\" content=\"El Digital de Asturias | Diario de informaci\u00f3n y noticias\" \/>\n\t\t<meta property=\"og:type\" content=\"article\" \/>\n\t\t<meta property=\"og:title\" content=\"\u00d3pera Semper de Dresde pierde millones de euros por coronavirus | El Digital de Asturias\" \/>\n\t\t<meta property=\"og:description\" content=\"Dresde (Alemania), 22 jun (dpa) - La \u00d3pera Semper de Dresde, en Alemania, sufri\u00f3 p\u00e9rdidas millonarias debido al cierre de tres meses dispuesto como consecuencia de la pandemia de coronavirus, seg\u00fan inform\u00f3 hoy a dpa su director Peter Theiler. &quot;Ya llevamos p\u00e9rdidas por varios millones de euros&quot;, dijo Theiler, detallando que 70.000 entradas ya vendidas\" \/>\n\t\t<meta property=\"og:url\" content=\"https:\/\/eldigitaldeasturias.com\/radio\/opera-semper-de-dresde-pierde-millones-de-euros-por-coronavirus\/\" \/>\n\t\t<meta property=\"og:image\" content=\"https:\/\/eldigitaldeasturias.com\/radio\/wp-content\/uploads\/2020\/06\/Opera-Desdre.jpg\" \/>\n\t\t<meta property=\"og:image:secure_url\" content=\"https:\/\/eldigitaldeasturias.com\/radio\/wp-content\/uploads\/2020\/06\/Opera-Desdre.jpg\" \/>\n\t\t<meta property=\"og:image:width\" content=\"929\" \/>\n\t\t<meta property=\"og:image:height\" content=\"676\" \/>\n\t\t<meta property=\"article:published_time\" content=\"2020-06-22T18:24:31+00:00\" \/>\n\t\t<meta property=\"article:modified_time\" content=\"2020-06-22T18:24:31+00:00\" \/>\n\t\t<meta name=\"twitter:card\" content=\"summary_large_image\" \/>\n\t\t<meta name=\"twitter:site\" content=\"@bercodi\" \/>\n\t\t<meta name=\"twitter:title\" content=\"\u00d3pera Semper de Dresde pierde millones de euros por coronavirus | El Digital de Asturias\" \/>\n\t\t<meta name=\"twitter:description\" content=\"Dresde (Alemania), 22 jun (dpa) - La \u00d3pera Semper de Dresde, en Alemania, sufri\u00f3 p\u00e9rdidas millonarias debido al cierre de tres meses dispuesto como consecuencia de la pandemia de coronavirus, seg\u00fan inform\u00f3 hoy a dpa su director Peter Theiler. &quot;Ya llevamos p\u00e9rdidas por varios millones de euros&quot;, dijo Theiler, detallando que 70.000 entradas ya vendidas\" \/>\n\t\t<meta name=\"twitter:creator\" content=\"@bercodi\" \/>\n\t\t<meta name=\"twitter:image\" content=\"https:\/\/eldigitaldeasturias.com\/radio\/wp-content\/uploads\/2020\/06\/Opera-Desdre.jpg\" \/>\n\t\t<script type=\"application\/ld+json\" class=\"aioseo-schema\">\n\t\t\t{\"@context\":\"https:\\\/\\\/schema.org\",\"@graph\":[{\"@type\":\"BreadcrumbList\",\"@id\":\"https:\\\/\\\/eldigitaldeasturias.com\\\/radio\\\/opera-semper-de-dresde-pierde-millones-de-euros-por-coronavirus\\\/#breadcrumblist\",\"itemListElement\":[{\"@type\":\"ListItem\",\"@id\":\"https:\\\/\\\/eldigitaldeasturias.com\\\/radio#listItem\",\"position\":1,\"name\":\"Inicio\",\"item\":\"https:\\\/\\\/eldigitaldeasturias.com\\\/radio\",\"nextItem\":{\"@type\":\"ListItem\",\"@id\":\"https:\\\/\\\/eldigitaldeasturias.com\\\/radio\\\/category\\\/noticias\\\/#listItem\",\"name\":\"Noticias\"}},{\"@type\":\"ListItem\",\"@id\":\"https:\\\/\\\/eldigitaldeasturias.com\\\/radio\\\/category\\\/noticias\\\/#listItem\",\"position\":2,\"name\":\"Noticias\",\"item\":\"https:\\\/\\\/eldigitaldeasturias.com\\\/radio\\\/category\\\/noticias\\\/\",\"nextItem\":{\"@type\":\"ListItem\",\"@id\":\"https:\\\/\\\/eldigitaldeasturias.com\\\/radio\\\/opera-semper-de-dresde-pierde-millones-de-euros-por-coronavirus\\\/#listItem\",\"name\":\"\\u00d3pera Semper de Dresde pierde millones de euros por coronavirus\"},\"previousItem\":{\"@type\":\"ListItem\",\"@id\":\"https:\\\/\\\/eldigitaldeasturias.com\\\/radio#listItem\",\"name\":\"Inicio\"}},{\"@type\":\"ListItem\",\"@id\":\"https:\\\/\\\/eldigitaldeasturias.com\\\/radio\\\/opera-semper-de-dresde-pierde-millones-de-euros-por-coronavirus\\\/#listItem\",\"position\":3,\"name\":\"\\u00d3pera Semper de Dresde pierde millones de euros por coronavirus\",\"previousItem\":{\"@type\":\"ListItem\",\"@id\":\"https:\\\/\\\/eldigitaldeasturias.com\\\/radio\\\/category\\\/noticias\\\/#listItem\",\"name\":\"Noticias\"}}]},{\"@type\":\"NewsArticle\",\"@id\":\"https:\\\/\\\/eldigitaldeasturias.com\\\/radio\\\/opera-semper-de-dresde-pierde-millones-de-euros-por-coronavirus\\\/#newsarticle\",\"name\":\"\\u00d3pera Semper de Dresde pierde millones de euros por coronavirus | El Digital de Asturias\",\"headline\":\"\\u00d3pera Semper de Dresde pierde millones de euros por coronavirus\",\"author\":{\"@id\":\"https:\\\/\\\/eldigitaldeasturias.com\\\/radio\\\/author\\\/nbasturias\\\/#author\"},\"publisher\":{\"@id\":\"https:\\\/\\\/eldigitaldeasturias.com\\\/radio\\\/#organization\"},\"image\":{\"@type\":\"ImageObject\",\"url\":\"https:\\\/\\\/eldigitaldeasturias.com\\\/radio\\\/wp-content\\\/uploads\\\/2020\\\/06\\\/Opera-Desdre.jpg\",\"width\":929,\"height\":676,\"caption\":\"Foto: Jan Woitas\\\/dpa-Zentralbild\\\/dpa\"},\"datePublished\":\"2020-06-22T18:24:31+02:00\",\"dateModified\":\"2020-06-22T18:24:31+02:00\",\"inLanguage\":\"es-ES\",\"mainEntityOfPage\":{\"@id\":\"https:\\\/\\\/eldigitaldeasturias.com\\\/radio\\\/opera-semper-de-dresde-pierde-millones-de-euros-por-coronavirus\\\/#webpage\"},\"isPartOf\":{\"@id\":\"https:\\\/\\\/eldigitaldeasturias.com\\\/radio\\\/opera-semper-de-dresde-pierde-millones-de-euros-por-coronavirus\\\/#webpage\"},\"articleSection\":\"Noticias\",\"dateline\":\"Publicado el junio 22, 2020.\"},{\"@type\":\"Organization\",\"@id\":\"https:\\\/\\\/eldigitaldeasturias.com\\\/radio\\\/#organization\",\"name\":\"El digital de Asturias Radio\",\"description\":\"Diario de informaci\\u00f3n y noticias\",\"url\":\"https:\\\/\\\/eldigitaldeasturias.com\\\/radio\\\/\",\"telephone\":\"+34652131393\",\"logo\":{\"@type\":\"ImageObject\",\"url\":\"https:\\\/\\\/www.eldigitaldeasturias.com\\\/radio\\\/wp-content\\\/uploads\\\/2021\\\/03\\\/EDA.jpg\",\"@id\":\"https:\\\/\\\/eldigitaldeasturias.com\\\/radio\\\/opera-semper-de-dresde-pierde-millones-de-euros-por-coronavirus\\\/#organizationLogo\"},\"image\":{\"@id\":\"https:\\\/\\\/eldigitaldeasturias.com\\\/radio\\\/opera-semper-de-dresde-pierde-millones-de-euros-por-coronavirus\\\/#organizationLogo\"},\"sameAs\":[\"https:\\\/\\\/www.facebook.com\\\/\",\"https:\\\/\\\/x.com\\\/bercodi\",\"https:\\\/\\\/www.instagram.com\\\/\",\"https:\\\/\\\/www.youtube.com\\\/channel\\\/UCZP-2wLEB9Rv6erhFmqVnvg\"]},{\"@type\":\"Person\",\"@id\":\"https:\\\/\\\/eldigitaldeasturias.com\\\/radio\\\/author\\\/nbasturias\\\/#author\",\"url\":\"https:\\\/\\\/eldigitaldeasturias.com\\\/radio\\\/author\\\/nbasturias\\\/\",\"name\":\"NBAsturias\",\"image\":{\"@type\":\"ImageObject\",\"@id\":\"https:\\\/\\\/eldigitaldeasturias.com\\\/radio\\\/opera-semper-de-dresde-pierde-millones-de-euros-por-coronavirus\\\/#authorImage\",\"url\":\"https:\\\/\\\/secure.gravatar.com\\\/avatar\\\/df2aeffc32bcd13f8d26072ef8a91b623d677766deac7f97ca815868cd41bf5e?s=96&d=mm&r=g\",\"width\":96,\"height\":96,\"caption\":\"NBAsturias\"}},{\"@type\":\"WebPage\",\"@id\":\"https:\\\/\\\/eldigitaldeasturias.com\\\/radio\\\/opera-semper-de-dresde-pierde-millones-de-euros-por-coronavirus\\\/#webpage\",\"url\":\"https:\\\/\\\/eldigitaldeasturias.com\\\/radio\\\/opera-semper-de-dresde-pierde-millones-de-euros-por-coronavirus\\\/\",\"name\":\"\\u00d3pera Semper de Dresde pierde millones de euros por coronavirus | El Digital de Asturias\",\"description\":\"Dresde (Alemania), 22 jun (dpa) - La \\u00d3pera Semper de Dresde, en Alemania, sufri\\u00f3 p\\u00e9rdidas millonarias debido al cierre de tres meses dispuesto como consecuencia de la pandemia de coronavirus, seg\\u00fan inform\\u00f3 hoy a dpa su director Peter Theiler. \\\"Ya llevamos p\\u00e9rdidas por varios millones de euros\\\", dijo Theiler, detallando que 70.000 entradas ya vendidas\",\"inLanguage\":\"es-ES\",\"isPartOf\":{\"@id\":\"https:\\\/\\\/eldigitaldeasturias.com\\\/radio\\\/#website\"},\"breadcrumb\":{\"@id\":\"https:\\\/\\\/eldigitaldeasturias.com\\\/radio\\\/opera-semper-de-dresde-pierde-millones-de-euros-por-coronavirus\\\/#breadcrumblist\"},\"author\":{\"@id\":\"https:\\\/\\\/eldigitaldeasturias.com\\\/radio\\\/author\\\/nbasturias\\\/#author\"},\"creator\":{\"@id\":\"https:\\\/\\\/eldigitaldeasturias.com\\\/radio\\\/author\\\/nbasturias\\\/#author\"},\"image\":{\"@type\":\"ImageObject\",\"url\":\"https:\\\/\\\/eldigitaldeasturias.com\\\/radio\\\/wp-content\\\/uploads\\\/2020\\\/06\\\/Opera-Desdre.jpg\",\"@id\":\"https:\\\/\\\/eldigitaldeasturias.com\\\/radio\\\/opera-semper-de-dresde-pierde-millones-de-euros-por-coronavirus\\\/#mainImage\",\"width\":929,\"height\":676,\"caption\":\"Foto: Jan Woitas\\\/dpa-Zentralbild\\\/dpa\"},\"primaryImageOfPage\":{\"@id\":\"https:\\\/\\\/eldigitaldeasturias.com\\\/radio\\\/opera-semper-de-dresde-pierde-millones-de-euros-por-coronavirus\\\/#mainImage\"},\"datePublished\":\"2020-06-22T18:24:31+02:00\",\"dateModified\":\"2020-06-22T18:24:31+02:00\"},{\"@type\":\"WebSite\",\"@id\":\"https:\\\/\\\/eldigitaldeasturias.com\\\/radio\\\/#website\",\"url\":\"https:\\\/\\\/eldigitaldeasturias.com\\\/radio\\\/\",\"name\":\"El Digital de Asturias\",\"description\":\"Diario de informaci\\u00f3n y noticias\",\"inLanguage\":\"es-ES\",\"publisher\":{\"@id\":\"https:\\\/\\\/eldigitaldeasturias.com\\\/radio\\\/#organization\"}}]}\n\t\t<\/script>\n\t\t<!-- All in One SEO Pro -->\r\n\t\t<title>\u00d3pera Semper de Dresde pierde millones de euros por coronavirus | El Digital de Asturias<\/title>\n\n","aioseo_head_json":{"title":"\u00d3pera Semper de Dresde pierde millones de euros por coronavirus | El Digital de Asturias","description":"Dresde (Alemania), 22 jun (dpa) - La \u00d3pera Semper de Dresde, en Alemania, sufri\u00f3 p\u00e9rdidas millonarias debido al cierre de tres meses dispuesto como consecuencia de la pandemia de coronavirus, seg\u00fan inform\u00f3 hoy a dpa su director Peter Theiler. \"Ya llevamos p\u00e9rdidas por varios millones de euros\", dijo Theiler, detallando que 70.000 entradas ya vendidas","canonical_url":"https:\/\/eldigitaldeasturias.com\/radio\/opera-semper-de-dresde-pierde-millones-de-euros-por-coronavirus\/","robots":"max-image-preview:large","keywords":"noticias","webmasterTools":{"google-site-verification":"UA-38556648-1","miscellaneous":""},"schema":{"@context":"https:\/\/schema.org","@graph":[{"@type":"BreadcrumbList","@id":"https:\/\/eldigitaldeasturias.com\/radio\/opera-semper-de-dresde-pierde-millones-de-euros-por-coronavirus\/#breadcrumblist","itemListElement":[{"@type":"ListItem","@id":"https:\/\/eldigitaldeasturias.com\/radio#listItem","position":1,"name":"Inicio","item":"https:\/\/eldigitaldeasturias.com\/radio","nextItem":{"@type":"ListItem","@id":"https:\/\/eldigitaldeasturias.com\/radio\/category\/noticias\/#listItem","name":"Noticias"}},{"@type":"ListItem","@id":"https:\/\/eldigitaldeasturias.com\/radio\/category\/noticias\/#listItem","position":2,"name":"Noticias","item":"https:\/\/eldigitaldeasturias.com\/radio\/category\/noticias\/","nextItem":{"@type":"ListItem","@id":"https:\/\/eldigitaldeasturias.com\/radio\/opera-semper-de-dresde-pierde-millones-de-euros-por-coronavirus\/#listItem","name":"\u00d3pera Semper de Dresde pierde millones de euros por coronavirus"},"previousItem":{"@type":"ListItem","@id":"https:\/\/eldigitaldeasturias.com\/radio#listItem","name":"Inicio"}},{"@type":"ListItem","@id":"https:\/\/eldigitaldeasturias.com\/radio\/opera-semper-de-dresde-pierde-millones-de-euros-por-coronavirus\/#listItem","position":3,"name":"\u00d3pera Semper de Dresde pierde millones de euros por coronavirus","previousItem":{"@type":"ListItem","@id":"https:\/\/eldigitaldeasturias.com\/radio\/category\/noticias\/#listItem","name":"Noticias"}}]},{"@type":"NewsArticle","@id":"https:\/\/eldigitaldeasturias.com\/radio\/opera-semper-de-dresde-pierde-millones-de-euros-por-coronavirus\/#newsarticle","name":"\u00d3pera Semper de Dresde pierde millones de euros por coronavirus | El Digital de Asturias","headline":"\u00d3pera Semper de Dresde pierde millones de euros por coronavirus","author":{"@id":"https:\/\/eldigitaldeasturias.com\/radio\/author\/nbasturias\/#author"},"publisher":{"@id":"https:\/\/eldigitaldeasturias.com\/radio\/#organization"},"image":{"@type":"ImageObject","url":"https:\/\/eldigitaldeasturias.com\/radio\/wp-content\/uploads\/2020\/06\/Opera-Desdre.jpg","width":929,"height":676,"caption":"Foto: Jan Woitas\/dpa-Zentralbild\/dpa"},"datePublished":"2020-06-22T18:24:31+02:00","dateModified":"2020-06-22T18:24:31+02:00","inLanguage":"es-ES","mainEntityOfPage":{"@id":"https:\/\/eldigitaldeasturias.com\/radio\/opera-semper-de-dresde-pierde-millones-de-euros-por-coronavirus\/#webpage"},"isPartOf":{"@id":"https:\/\/eldigitaldeasturias.com\/radio\/opera-semper-de-dresde-pierde-millones-de-euros-por-coronavirus\/#webpage"},"articleSection":"Noticias","dateline":"Publicado el junio 22, 2020."},{"@type":"Organization","@id":"https:\/\/eldigitaldeasturias.com\/radio\/#organization","name":"El digital de Asturias Radio","description":"Diario de informaci\u00f3n y noticias","url":"https:\/\/eldigitaldeasturias.com\/radio\/","telephone":"+34652131393","logo":{"@type":"ImageObject","url":"https:\/\/www.eldigitaldeasturias.com\/radio\/wp-content\/uploads\/2021\/03\/EDA.jpg","@id":"https:\/\/eldigitaldeasturias.com\/radio\/opera-semper-de-dresde-pierde-millones-de-euros-por-coronavirus\/#organizationLogo"},"image":{"@id":"https:\/\/eldigitaldeasturias.com\/radio\/opera-semper-de-dresde-pierde-millones-de-euros-por-coronavirus\/#organizationLogo"},"sameAs":["https:\/\/www.facebook.com\/","https:\/\/x.com\/bercodi","https:\/\/www.instagram.com\/","https:\/\/www.youtube.com\/channel\/UCZP-2wLEB9Rv6erhFmqVnvg"]},{"@type":"Person","@id":"https:\/\/eldigitaldeasturias.com\/radio\/author\/nbasturias\/#author","url":"https:\/\/eldigitaldeasturias.com\/radio\/author\/nbasturias\/","name":"NBAsturias","image":{"@type":"ImageObject","@id":"https:\/\/eldigitaldeasturias.com\/radio\/opera-semper-de-dresde-pierde-millones-de-euros-por-coronavirus\/#authorImage","url":"https:\/\/secure.gravatar.com\/avatar\/df2aeffc32bcd13f8d26072ef8a91b623d677766deac7f97ca815868cd41bf5e?s=96&d=mm&r=g","width":96,"height":96,"caption":"NBAsturias"}},{"@type":"WebPage","@id":"https:\/\/eldigitaldeasturias.com\/radio\/opera-semper-de-dresde-pierde-millones-de-euros-por-coronavirus\/#webpage","url":"https:\/\/eldigitaldeasturias.com\/radio\/opera-semper-de-dresde-pierde-millones-de-euros-por-coronavirus\/","name":"\u00d3pera Semper de Dresde pierde millones de euros por coronavirus | El Digital de Asturias","description":"Dresde (Alemania), 22 jun (dpa) - La \u00d3pera Semper de Dresde, en Alemania, sufri\u00f3 p\u00e9rdidas millonarias debido al cierre de tres meses dispuesto como consecuencia de la pandemia de coronavirus, seg\u00fan inform\u00f3 hoy a dpa su director Peter Theiler. \"Ya llevamos p\u00e9rdidas por varios millones de euros\", dijo Theiler, detallando que 70.000 entradas ya vendidas","inLanguage":"es-ES","isPartOf":{"@id":"https:\/\/eldigitaldeasturias.com\/radio\/#website"},"breadcrumb":{"@id":"https:\/\/eldigitaldeasturias.com\/radio\/opera-semper-de-dresde-pierde-millones-de-euros-por-coronavirus\/#breadcrumblist"},"author":{"@id":"https:\/\/eldigitaldeasturias.com\/radio\/author\/nbasturias\/#author"},"creator":{"@id":"https:\/\/eldigitaldeasturias.com\/radio\/author\/nbasturias\/#author"},"image":{"@type":"ImageObject","url":"https:\/\/eldigitaldeasturias.com\/radio\/wp-content\/uploads\/2020\/06\/Opera-Desdre.jpg","@id":"https:\/\/eldigitaldeasturias.com\/radio\/opera-semper-de-dresde-pierde-millones-de-euros-por-coronavirus\/#mainImage","width":929,"height":676,"caption":"Foto: Jan Woitas\/dpa-Zentralbild\/dpa"},"primaryImageOfPage":{"@id":"https:\/\/eldigitaldeasturias.com\/radio\/opera-semper-de-dresde-pierde-millones-de-euros-por-coronavirus\/#mainImage"},"datePublished":"2020-06-22T18:24:31+02:00","dateModified":"2020-06-22T18:24:31+02:00"},{"@type":"WebSite","@id":"https:\/\/eldigitaldeasturias.com\/radio\/#website","url":"https:\/\/eldigitaldeasturias.com\/radio\/","name":"El Digital de Asturias","description":"Diario de informaci\u00f3n y noticias","inLanguage":"es-ES","publisher":{"@id":"https:\/\/eldigitaldeasturias.com\/radio\/#organization"}}]},"og:locale":"es_ES","og:site_name":"El Digital de Asturias | Diario de informaci\u00f3n y noticias","og:type":"article","og:title":"\u00d3pera Semper de Dresde pierde millones de euros por coronavirus | El Digital de Asturias","og:description":"Dresde (Alemania), 22 jun (dpa) - La \u00d3pera Semper de Dresde, en Alemania, sufri\u00f3 p\u00e9rdidas millonarias debido al cierre de tres meses dispuesto como consecuencia de la pandemia de coronavirus, seg\u00fan inform\u00f3 hoy a dpa su director Peter Theiler. &quot;Ya llevamos p\u00e9rdidas por varios millones de euros&quot;, dijo Theiler, detallando que 70.000 entradas ya vendidas","og:url":"https:\/\/eldigitaldeasturias.com\/radio\/opera-semper-de-dresde-pierde-millones-de-euros-por-coronavirus\/","og:image":"https:\/\/eldigitaldeasturias.com\/radio\/wp-content\/uploads\/2020\/06\/Opera-Desdre.jpg","og:image:secure_url":"https:\/\/eldigitaldeasturias.com\/radio\/wp-content\/uploads\/2020\/06\/Opera-Desdre.jpg","og:image:width":929,"og:image:height":676,"article:published_time":"2020-06-22T18:24:31+00:00","article:modified_time":"2020-06-22T18:24:31+00:00","twitter:card":"summary_large_image","twitter:site":"@bercodi","twitter:title":"\u00d3pera Semper de Dresde pierde millones de euros por coronavirus | El Digital de Asturias","twitter:description":"Dresde (Alemania), 22 jun (dpa) - La \u00d3pera Semper de Dresde, en Alemania, sufri\u00f3 p\u00e9rdidas millonarias debido al cierre de tres meses dispuesto como consecuencia de la pandemia de coronavirus, seg\u00fan inform\u00f3 hoy a dpa su director Peter Theiler. &quot;Ya llevamos p\u00e9rdidas por varios millones de euros&quot;, dijo Theiler, detallando que 70.000 entradas ya vendidas","twitter:creator":"@bercodi","twitter:image":"https:\/\/eldigitaldeasturias.com\/radio\/wp-content\/uploads\/2020\/06\/Opera-Desdre.jpg"},"aioseo_meta_data":{"post_id":"4584","title":null,"description":null,"keywords":null,"keyphrases":null,"primary_term":null,"canonical_url":null,"og_title":null,"og_description":null,"og_object_type":"default","og_image_type":"default","og_image_url":null,"og_image_width":null,"og_image_height":null,"og_image_custom_url":null,"og_image_custom_fields":null,"og_video":null,"og_custom_url":null,"og_article_section":null,"og_article_tags":null,"twitter_use_og":false,"twitter_card":"default","twitter_image_type":"default","twitter_image_url":null,"twitter_image_custom_url":null,"twitter_image_custom_fields":null,"twitter_title":null,"twitter_description":null,"schema":{"blockGraphs":[],"customGraphs":[],"default":{"data":{"Article":[],"Course":[],"Dataset":[],"FAQPage":[],"Movie":[],"Person":[],"Product":[],"ProductReview":[],"Car":[],"Recipe":[],"Service":[],"SoftwareApplication":[],"WebPage":[]},"graphName":"","isEnabled":true},"graphs":[],"defaultGraph":"","defaultPostTypeGraph":""},"schema_type":null,"schema_type_options":null,"pillar_content":false,"robots_default":true,"robots_noindex":false,"robots_noarchive":false,"robots_nosnippet":false,"robots_nofollow":false,"robots_noimageindex":false,"robots_noodp":false,"robots_notranslate":false,"robots_max_snippet":null,"robots_max_videopreview":null,"robots_max_imagepreview":"large","priority":null,"frequency":null,"location":null,"local_seo":null,"seo_analyzer_scan_date":"2025-08-28 16:19:30","breadcrumb_settings":null,"limit_modified_date":false,"open_ai":null,"ai":null,"created":"2021-03-26 23:00:47","updated":"2025-08-28 16:19:30"},"aioseo_breadcrumb":"<div class=\"aioseo-breadcrumbs\"><span class=\"aioseo-breadcrumb\">\n\t<a href=\"https:\/\/eldigitaldeasturias.com\/radio\" title=\"Inicio\">Inicio<\/a>\n<\/span><span class=\"aioseo-breadcrumb-separator\">&ndash;<\/span><span class=\"aioseo-breadcrumb\">\n\t<a href=\"https:\/\/eldigitaldeasturias.com\/radio\/category\/noticias\/\" title=\"Noticias\">Noticias<\/a>\n<\/span><span class=\"aioseo-breadcrumb-separator\">&ndash;<\/span><span class=\"aioseo-breadcrumb\">\n\t\u00d3pera Semper de Dresde pierde millones de euros por coronavirus\n<\/span><\/div>","aioseo_breadcrumb_json":[{"label":"Inicio","link":"https:\/\/eldigitaldeasturias.com\/radio"},{"label":"Noticias","link":"https:\/\/eldigitaldeasturias.com\/radio\/category\/noticias\/"},{"label":"\u00d3pera Semper de Dresde pierde millones de euros por coronavirus","link":"https:\/\/eldigitaldeasturias.com\/radio\/opera-semper-de-dresde-pierde-millones-de-euros-por-coronavirus\/"}],"_links":{"self":[{"href":"https:\/\/eldigitaldeasturias.com\/radio\/wp-json\/wp\/v2\/posts\/4584","targetHints":{"allow":["GET"]}}],"collection":[{"href":"https:\/\/eldigitaldeasturias.com\/radio\/wp-json\/wp\/v2\/posts"}],"about":[{"href":"https:\/\/eldigitaldeasturias.com\/radio\/wp-json\/wp\/v2\/types\/post"}],"author":[{"embeddable":true,"href":"https:\/\/eldigitaldeasturias.com\/radio\/wp-json\/wp\/v2\/users\/1"}],"replies":[{"embeddable":true,"href":"https:\/\/eldigitaldeasturias.com\/radio\/wp-json\/wp\/v2\/comments?post=4584"}],"version-history":[{"count":0,"href":"https:\/\/eldigitaldeasturias.com\/radio\/wp-json\/wp\/v2\/posts\/4584\/revisions"}],"wp:featuredmedia":[{"embeddable":true,"href":"https:\/\/eldigitaldeasturias.com\/radio\/wp-json\/wp\/v2\/media\/4585"}],"wp:attachment":[{"href":"https:\/\/eldigitaldeasturias.com\/radio\/wp-json\/wp\/v2\/media?parent=4584"}],"wp:term":[{"taxonomy":"category","embeddable":true,"href":"https:\/\/eldigitaldeasturias.com\/radio\/wp-json\/wp\/v2\/categories?post=4584"},{"taxonomy":"post_tag","embeddable":true,"href":"https:\/\/eldigitaldeasturias.com\/radio\/wp-json\/wp\/v2\/tags?post=4584"}],"curies":[{"name":"wp","href":"https:\/\/api.w.org\/{rel}","templated":true}]}}