{"id":4575,"date":"2020-06-22T00:01:07","date_gmt":"2020-06-22T00:01:07","guid":{"rendered":"http:\/\/www.eldigitaldeasturias.com\/radio\/?p=4575"},"modified":"2020-06-22T00:01:07","modified_gmt":"2020-06-22T00:01:07","slug":"gobierno-aleman-agradece-a-bundesliga-promocion-de-la-app-de-rastreo","status":"publish","type":"post","link":"https:\/\/eldigitaldeasturias.com\/radio\/gobierno-aleman-agradece-a-bundesliga-promocion-de-la-app-de-rastreo\/","title":{"rendered":"Gobierno alem\u00e1n agradece a Bundesliga promoci\u00f3n de la app de rastreo"},"content":{"rendered":"<p><img fetchpriority=\"high\" decoding=\"async\" class=\"alignleft size-medium wp-image-72\" src=\"http:\/\/www.eldigitaldeasturias.com\/radio\/wp-content\/uploads\/2018\/03\/football-1406106_1280-360x241.jpg\" alt=\"\" width=\"360\" height=\"241\" srcset=\"https:\/\/eldigitaldeasturias.com\/radio\/wp-content\/uploads\/2018\/03\/football-1406106_1280-360x241.jpg 360w, https:\/\/eldigitaldeasturias.com\/radio\/wp-content\/uploads\/2018\/03\/football-1406106_1280-1024x686.jpg 1024w, https:\/\/eldigitaldeasturias.com\/radio\/wp-content\/uploads\/2018\/03\/football-1406106_1280-768x514.jpg 768w, https:\/\/eldigitaldeasturias.com\/radio\/wp-content\/uploads\/2018\/03\/football-1406106_1280.jpg 1280w\" sizes=\"(max-width: 360px) 100vw, 360px\" \/>Berl\u00edn, 20 jun (dpa) &#8211; El portavoz del Gobierno alem\u00e1n, Steffen Seibert, agradeci\u00f3 hoy a los clubes de la Bundesliga por promover el uso de la nueva aplicaci\u00f3n de rastreo del coronavirus.<\/p>\n<p>\u00abEl f\u00fatbol, la liga alemana, los clubes muestran que tienen una fuerza social. Tienen algo que decir, no solo en el campo de juego\u00bb, dijo Seibert al canal televisivo Sky antes de iniciarse el partido de primera divisi\u00f3n entre el Hertha contra el Bayer Leverkusen en Berl\u00edn.<\/p>\n<p>\u00abEs fant\u00e1stico que hayan dado su apoyo, ese no es un dato menor\u00bb, agreg\u00f3.<\/p>\n<p>En las jornadas 33 y 34 de la primera y segunda divisi\u00f3n alemanas, los logotipos de la competici\u00f3n en las mangas de las camisetas de los 36 clubes profesionales son sustituidos por el logotipo de la aplicaci\u00f3n.<\/p>\n<p>Christian Seifert, director ejecutivo de la Liga Alemana de F\u00fatbol (DFL), declar\u00f3 en un comunicado: \u00abEs nuestro deseo utilizar el alcance de la primera y segunda divisi\u00f3n de f\u00fatbol para llamar la atenci\u00f3n sobre esta aplicaci\u00f3n en todo el pa\u00eds\u00bb.<\/p>\n<p>La aplicaci\u00f3n de rastreo, desarrollada por encargo del Gobierno alem\u00e1n, fue lanzada el pasado martes. El programa puede medir si los usuarios de tel\u00e9fonos inteligentes han estado a menos de dos metros de distancia durante un cierto tiempo.<\/p>\n<p>Si un usuario da positivo en una prueba y lo indica en la aplicaci\u00f3n, el sistema informa a otros usuarios que han estado cerca de una persona infectada.<\/p>\n<p>En ese caso, es posible hacer una prueba del coronavirus sin presentar s\u00edntomas y los gastos correr\u00e1n a cargo del seguro de salud. La app ha sido descargada m\u00e1s de 10,5 millones de veces.<\/p>\n","protected":false},"excerpt":{"rendered":"<p>Berl\u00edn, 20 jun (dpa) &#8211; El portavoz del Gobierno alem\u00e1n, Steffen Seibert, agradeci\u00f3 hoy a los clubes de la Bundesliga por promover el uso de la nueva aplicaci\u00f3n de rastreo del coronavirus. \u00abEl f\u00fatbol, la liga alemana, los clubes muestran que tienen una fuerza social. Tienen algo que decir, no solo en el campo de<\/p>\n","protected":false},"author":1,"featured_media":72,"comment_status":"closed","ping_status":"closed","sticky":false,"template":"","format":"standard","meta":{"footnotes":""},"categories":[1],"tags":[],"class_list":{"0":"post-4575","1":"post","2":"type-post","3":"status-publish","4":"format-standard","5":"has-post-thumbnail","7":"category-noticias"},"aioseo_notices":[],"aioseo_head":"\n\t\t<!-- All in One SEO Pro 4.9.6.2 - aioseo.com -->\n\t<meta name=\"description\" content=\"Berl\u00edn, 20 jun (dpa) - El portavoz del Gobierno alem\u00e1n, Steffen Seibert, agradeci\u00f3 hoy a los clubes de la Bundesliga por promover el uso de la nueva aplicaci\u00f3n de rastreo del coronavirus. &quot;El f\u00fatbol, la liga alemana, los clubes muestran que tienen una fuerza social. Tienen algo que decir, no solo en el campo de\" \/>\n\t<meta name=\"robots\" content=\"max-image-preview:large\" \/>\n\t<meta name=\"author\" content=\"NBAsturias\"\/>\n\t<meta name=\"google-site-verification\" content=\"UA-38556648-1\" \/>\n\t<meta name=\"keywords\" content=\"noticias\" \/>\n\t<link rel=\"canonical\" href=\"https:\/\/eldigitaldeasturias.com\/radio\/gobierno-aleman-agradece-a-bundesliga-promocion-de-la-app-de-rastreo\/\" \/>\n\t<meta name=\"generator\" content=\"All in One SEO Pro (AIOSEO) 4.9.6.2\" \/>\n\t\t<meta property=\"og:locale\" content=\"es_ES\" \/>\n\t\t<meta property=\"og:site_name\" content=\"El Digital de Asturias | Diario de informaci\u00f3n y noticias\" \/>\n\t\t<meta property=\"og:type\" content=\"article\" \/>\n\t\t<meta property=\"og:title\" content=\"Gobierno alem\u00e1n agradece a Bundesliga promoci\u00f3n de la app de rastreo | El Digital de Asturias\" \/>\n\t\t<meta property=\"og:description\" content=\"Berl\u00edn, 20 jun (dpa) - El portavoz del Gobierno alem\u00e1n, Steffen Seibert, agradeci\u00f3 hoy a los clubes de la Bundesliga por promover el uso de la nueva aplicaci\u00f3n de rastreo del coronavirus. &quot;El f\u00fatbol, la liga alemana, los clubes muestran que tienen una fuerza social. Tienen algo que decir, no solo en el campo de\" \/>\n\t\t<meta property=\"og:url\" content=\"https:\/\/eldigitaldeasturias.com\/radio\/gobierno-aleman-agradece-a-bundesliga-promocion-de-la-app-de-rastreo\/\" \/>\n\t\t<meta property=\"og:image\" content=\"https:\/\/eldigitaldeasturias.com\/radio\/wp-content\/uploads\/2018\/03\/football-1406106_1280.jpg\" \/>\n\t\t<meta property=\"og:image:secure_url\" content=\"https:\/\/eldigitaldeasturias.com\/radio\/wp-content\/uploads\/2018\/03\/football-1406106_1280.jpg\" \/>\n\t\t<meta property=\"og:image:width\" content=\"1280\" \/>\n\t\t<meta property=\"og:image:height\" content=\"857\" \/>\n\t\t<meta property=\"article:published_time\" content=\"2020-06-22T00:01:07+00:00\" \/>\n\t\t<meta property=\"article:modified_time\" content=\"2020-06-22T00:01:07+00:00\" \/>\n\t\t<meta name=\"twitter:card\" content=\"summary_large_image\" \/>\n\t\t<meta name=\"twitter:site\" content=\"@bercodi\" \/>\n\t\t<meta name=\"twitter:title\" content=\"Gobierno alem\u00e1n agradece a Bundesliga promoci\u00f3n de la app de rastreo | El Digital de Asturias\" \/>\n\t\t<meta name=\"twitter:description\" content=\"Berl\u00edn, 20 jun (dpa) - El portavoz del Gobierno alem\u00e1n, Steffen Seibert, agradeci\u00f3 hoy a los clubes de la Bundesliga por promover el uso de la nueva aplicaci\u00f3n de rastreo del coronavirus. &quot;El f\u00fatbol, la liga alemana, los clubes muestran que tienen una fuerza social. Tienen algo que decir, no solo en el campo de\" \/>\n\t\t<meta name=\"twitter:creator\" content=\"@bercodi\" \/>\n\t\t<meta name=\"twitter:image\" content=\"https:\/\/eldigitaldeasturias.com\/radio\/wp-content\/uploads\/2018\/03\/football-1406106_1280.jpg\" \/>\n\t\t<script type=\"application\/ld+json\" class=\"aioseo-schema\">\n\t\t\t{\"@context\":\"https:\\\/\\\/schema.org\",\"@graph\":[{\"@type\":\"BreadcrumbList\",\"@id\":\"https:\\\/\\\/eldigitaldeasturias.com\\\/radio\\\/gobierno-aleman-agradece-a-bundesliga-promocion-de-la-app-de-rastreo\\\/#breadcrumblist\",\"itemListElement\":[{\"@type\":\"ListItem\",\"@id\":\"https:\\\/\\\/eldigitaldeasturias.com\\\/radio#listItem\",\"position\":1,\"name\":\"Inicio\",\"item\":\"https:\\\/\\\/eldigitaldeasturias.com\\\/radio\",\"nextItem\":{\"@type\":\"ListItem\",\"@id\":\"https:\\\/\\\/eldigitaldeasturias.com\\\/radio\\\/category\\\/noticias\\\/#listItem\",\"name\":\"Noticias\"}},{\"@type\":\"ListItem\",\"@id\":\"https:\\\/\\\/eldigitaldeasturias.com\\\/radio\\\/category\\\/noticias\\\/#listItem\",\"position\":2,\"name\":\"Noticias\",\"item\":\"https:\\\/\\\/eldigitaldeasturias.com\\\/radio\\\/category\\\/noticias\\\/\",\"nextItem\":{\"@type\":\"ListItem\",\"@id\":\"https:\\\/\\\/eldigitaldeasturias.com\\\/radio\\\/gobierno-aleman-agradece-a-bundesliga-promocion-de-la-app-de-rastreo\\\/#listItem\",\"name\":\"Gobierno alem\\u00e1n agradece a Bundesliga promoci\\u00f3n de la app de rastreo\"},\"previousItem\":{\"@type\":\"ListItem\",\"@id\":\"https:\\\/\\\/eldigitaldeasturias.com\\\/radio#listItem\",\"name\":\"Inicio\"}},{\"@type\":\"ListItem\",\"@id\":\"https:\\\/\\\/eldigitaldeasturias.com\\\/radio\\\/gobierno-aleman-agradece-a-bundesliga-promocion-de-la-app-de-rastreo\\\/#listItem\",\"position\":3,\"name\":\"Gobierno alem\\u00e1n agradece a Bundesliga promoci\\u00f3n de la app de rastreo\",\"previousItem\":{\"@type\":\"ListItem\",\"@id\":\"https:\\\/\\\/eldigitaldeasturias.com\\\/radio\\\/category\\\/noticias\\\/#listItem\",\"name\":\"Noticias\"}}]},{\"@type\":\"NewsArticle\",\"@id\":\"https:\\\/\\\/eldigitaldeasturias.com\\\/radio\\\/gobierno-aleman-agradece-a-bundesliga-promocion-de-la-app-de-rastreo\\\/#newsarticle\",\"name\":\"Gobierno alem\\u00e1n agradece a Bundesliga promoci\\u00f3n de la app de rastreo | El Digital de Asturias\",\"headline\":\"Gobierno alem\\u00e1n agradece a Bundesliga promoci\\u00f3n de la app de rastreo\",\"author\":{\"@id\":\"https:\\\/\\\/eldigitaldeasturias.com\\\/radio\\\/author\\\/nbasturias\\\/#author\"},\"publisher\":{\"@id\":\"https:\\\/\\\/eldigitaldeasturias.com\\\/radio\\\/#organization\"},\"image\":{\"@type\":\"ImageObject\",\"url\":\"https:\\\/\\\/eldigitaldeasturias.com\\\/radio\\\/wp-content\\\/uploads\\\/2018\\\/03\\\/football-1406106_1280.jpg\",\"width\":1280,\"height\":857},\"datePublished\":\"2020-06-22T00:01:07+02:00\",\"dateModified\":\"2020-06-22T00:01:07+02:00\",\"inLanguage\":\"es-ES\",\"mainEntityOfPage\":{\"@id\":\"https:\\\/\\\/eldigitaldeasturias.com\\\/radio\\\/gobierno-aleman-agradece-a-bundesliga-promocion-de-la-app-de-rastreo\\\/#webpage\"},\"isPartOf\":{\"@id\":\"https:\\\/\\\/eldigitaldeasturias.com\\\/radio\\\/gobierno-aleman-agradece-a-bundesliga-promocion-de-la-app-de-rastreo\\\/#webpage\"},\"articleSection\":\"Noticias\",\"dateline\":\"Publicado el junio 22, 2020.\"},{\"@type\":\"Organization\",\"@id\":\"https:\\\/\\\/eldigitaldeasturias.com\\\/radio\\\/#organization\",\"name\":\"El digital de Asturias Radio\",\"description\":\"Diario de informaci\\u00f3n y noticias\",\"url\":\"https:\\\/\\\/eldigitaldeasturias.com\\\/radio\\\/\",\"telephone\":\"+34652131393\",\"logo\":{\"@type\":\"ImageObject\",\"url\":\"https:\\\/\\\/www.eldigitaldeasturias.com\\\/radio\\\/wp-content\\\/uploads\\\/2021\\\/03\\\/EDA.jpg\",\"@id\":\"https:\\\/\\\/eldigitaldeasturias.com\\\/radio\\\/gobierno-aleman-agradece-a-bundesliga-promocion-de-la-app-de-rastreo\\\/#organizationLogo\"},\"image\":{\"@id\":\"https:\\\/\\\/eldigitaldeasturias.com\\\/radio\\\/gobierno-aleman-agradece-a-bundesliga-promocion-de-la-app-de-rastreo\\\/#organizationLogo\"},\"sameAs\":[\"https:\\\/\\\/www.facebook.com\\\/\",\"https:\\\/\\\/x.com\\\/bercodi\",\"https:\\\/\\\/www.instagram.com\\\/\",\"https:\\\/\\\/www.youtube.com\\\/channel\\\/UCZP-2wLEB9Rv6erhFmqVnvg\"]},{\"@type\":\"Person\",\"@id\":\"https:\\\/\\\/eldigitaldeasturias.com\\\/radio\\\/author\\\/nbasturias\\\/#author\",\"url\":\"https:\\\/\\\/eldigitaldeasturias.com\\\/radio\\\/author\\\/nbasturias\\\/\",\"name\":\"NBAsturias\",\"image\":{\"@type\":\"ImageObject\",\"@id\":\"https:\\\/\\\/eldigitaldeasturias.com\\\/radio\\\/gobierno-aleman-agradece-a-bundesliga-promocion-de-la-app-de-rastreo\\\/#authorImage\",\"url\":\"https:\\\/\\\/secure.gravatar.com\\\/avatar\\\/df2aeffc32bcd13f8d26072ef8a91b623d677766deac7f97ca815868cd41bf5e?s=96&d=mm&r=g\",\"width\":96,\"height\":96,\"caption\":\"NBAsturias\"}},{\"@type\":\"WebPage\",\"@id\":\"https:\\\/\\\/eldigitaldeasturias.com\\\/radio\\\/gobierno-aleman-agradece-a-bundesliga-promocion-de-la-app-de-rastreo\\\/#webpage\",\"url\":\"https:\\\/\\\/eldigitaldeasturias.com\\\/radio\\\/gobierno-aleman-agradece-a-bundesliga-promocion-de-la-app-de-rastreo\\\/\",\"name\":\"Gobierno alem\\u00e1n agradece a Bundesliga promoci\\u00f3n de la app de rastreo | El Digital de Asturias\",\"description\":\"Berl\\u00edn, 20 jun (dpa) - El portavoz del Gobierno alem\\u00e1n, Steffen Seibert, agradeci\\u00f3 hoy a los clubes de la Bundesliga por promover el uso de la nueva aplicaci\\u00f3n de rastreo del coronavirus. \\\"El f\\u00fatbol, la liga alemana, los clubes muestran que tienen una fuerza social. Tienen algo que decir, no solo en el campo de\",\"inLanguage\":\"es-ES\",\"isPartOf\":{\"@id\":\"https:\\\/\\\/eldigitaldeasturias.com\\\/radio\\\/#website\"},\"breadcrumb\":{\"@id\":\"https:\\\/\\\/eldigitaldeasturias.com\\\/radio\\\/gobierno-aleman-agradece-a-bundesliga-promocion-de-la-app-de-rastreo\\\/#breadcrumblist\"},\"author\":{\"@id\":\"https:\\\/\\\/eldigitaldeasturias.com\\\/radio\\\/author\\\/nbasturias\\\/#author\"},\"creator\":{\"@id\":\"https:\\\/\\\/eldigitaldeasturias.com\\\/radio\\\/author\\\/nbasturias\\\/#author\"},\"image\":{\"@type\":\"ImageObject\",\"url\":\"https:\\\/\\\/eldigitaldeasturias.com\\\/radio\\\/wp-content\\\/uploads\\\/2018\\\/03\\\/football-1406106_1280.jpg\",\"@id\":\"https:\\\/\\\/eldigitaldeasturias.com\\\/radio\\\/gobierno-aleman-agradece-a-bundesliga-promocion-de-la-app-de-rastreo\\\/#mainImage\",\"width\":1280,\"height\":857},\"primaryImageOfPage\":{\"@id\":\"https:\\\/\\\/eldigitaldeasturias.com\\\/radio\\\/gobierno-aleman-agradece-a-bundesliga-promocion-de-la-app-de-rastreo\\\/#mainImage\"},\"datePublished\":\"2020-06-22T00:01:07+02:00\",\"dateModified\":\"2020-06-22T00:01:07+02:00\"},{\"@type\":\"WebSite\",\"@id\":\"https:\\\/\\\/eldigitaldeasturias.com\\\/radio\\\/#website\",\"url\":\"https:\\\/\\\/eldigitaldeasturias.com\\\/radio\\\/\",\"name\":\"El Digital de Asturias\",\"description\":\"Diario de informaci\\u00f3n y noticias\",\"inLanguage\":\"es-ES\",\"publisher\":{\"@id\":\"https:\\\/\\\/eldigitaldeasturias.com\\\/radio\\\/#organization\"}}]}\n\t\t<\/script>\n\t\t<!-- All in One SEO Pro -->\r\n\t\t<title>Gobierno alem\u00e1n agradece a Bundesliga promoci\u00f3n de la app de rastreo | El Digital de Asturias<\/title>\n\n","aioseo_head_json":{"title":"Gobierno alem\u00e1n agradece a Bundesliga promoci\u00f3n de la app de rastreo | El Digital de Asturias","description":"Berl\u00edn, 20 jun (dpa) - El portavoz del Gobierno alem\u00e1n, Steffen Seibert, agradeci\u00f3 hoy a los clubes de la Bundesliga por promover el uso de la nueva aplicaci\u00f3n de rastreo del coronavirus. \"El f\u00fatbol, la liga alemana, los clubes muestran que tienen una fuerza social. Tienen algo que decir, no solo en el campo de","canonical_url":"https:\/\/eldigitaldeasturias.com\/radio\/gobierno-aleman-agradece-a-bundesliga-promocion-de-la-app-de-rastreo\/","robots":"max-image-preview:large","keywords":"noticias","webmasterTools":{"google-site-verification":"UA-38556648-1","miscellaneous":""},"schema":{"@context":"https:\/\/schema.org","@graph":[{"@type":"BreadcrumbList","@id":"https:\/\/eldigitaldeasturias.com\/radio\/gobierno-aleman-agradece-a-bundesliga-promocion-de-la-app-de-rastreo\/#breadcrumblist","itemListElement":[{"@type":"ListItem","@id":"https:\/\/eldigitaldeasturias.com\/radio#listItem","position":1,"name":"Inicio","item":"https:\/\/eldigitaldeasturias.com\/radio","nextItem":{"@type":"ListItem","@id":"https:\/\/eldigitaldeasturias.com\/radio\/category\/noticias\/#listItem","name":"Noticias"}},{"@type":"ListItem","@id":"https:\/\/eldigitaldeasturias.com\/radio\/category\/noticias\/#listItem","position":2,"name":"Noticias","item":"https:\/\/eldigitaldeasturias.com\/radio\/category\/noticias\/","nextItem":{"@type":"ListItem","@id":"https:\/\/eldigitaldeasturias.com\/radio\/gobierno-aleman-agradece-a-bundesliga-promocion-de-la-app-de-rastreo\/#listItem","name":"Gobierno alem\u00e1n agradece a Bundesliga promoci\u00f3n de la app de rastreo"},"previousItem":{"@type":"ListItem","@id":"https:\/\/eldigitaldeasturias.com\/radio#listItem","name":"Inicio"}},{"@type":"ListItem","@id":"https:\/\/eldigitaldeasturias.com\/radio\/gobierno-aleman-agradece-a-bundesliga-promocion-de-la-app-de-rastreo\/#listItem","position":3,"name":"Gobierno alem\u00e1n agradece a Bundesliga promoci\u00f3n de la app de rastreo","previousItem":{"@type":"ListItem","@id":"https:\/\/eldigitaldeasturias.com\/radio\/category\/noticias\/#listItem","name":"Noticias"}}]},{"@type":"NewsArticle","@id":"https:\/\/eldigitaldeasturias.com\/radio\/gobierno-aleman-agradece-a-bundesliga-promocion-de-la-app-de-rastreo\/#newsarticle","name":"Gobierno alem\u00e1n agradece a Bundesliga promoci\u00f3n de la app de rastreo | El Digital de Asturias","headline":"Gobierno alem\u00e1n agradece a Bundesliga promoci\u00f3n de la app de rastreo","author":{"@id":"https:\/\/eldigitaldeasturias.com\/radio\/author\/nbasturias\/#author"},"publisher":{"@id":"https:\/\/eldigitaldeasturias.com\/radio\/#organization"},"image":{"@type":"ImageObject","url":"https:\/\/eldigitaldeasturias.com\/radio\/wp-content\/uploads\/2018\/03\/football-1406106_1280.jpg","width":1280,"height":857},"datePublished":"2020-06-22T00:01:07+02:00","dateModified":"2020-06-22T00:01:07+02:00","inLanguage":"es-ES","mainEntityOfPage":{"@id":"https:\/\/eldigitaldeasturias.com\/radio\/gobierno-aleman-agradece-a-bundesliga-promocion-de-la-app-de-rastreo\/#webpage"},"isPartOf":{"@id":"https:\/\/eldigitaldeasturias.com\/radio\/gobierno-aleman-agradece-a-bundesliga-promocion-de-la-app-de-rastreo\/#webpage"},"articleSection":"Noticias","dateline":"Publicado el junio 22, 2020."},{"@type":"Organization","@id":"https:\/\/eldigitaldeasturias.com\/radio\/#organization","name":"El digital de Asturias Radio","description":"Diario de informaci\u00f3n y noticias","url":"https:\/\/eldigitaldeasturias.com\/radio\/","telephone":"+34652131393","logo":{"@type":"ImageObject","url":"https:\/\/www.eldigitaldeasturias.com\/radio\/wp-content\/uploads\/2021\/03\/EDA.jpg","@id":"https:\/\/eldigitaldeasturias.com\/radio\/gobierno-aleman-agradece-a-bundesliga-promocion-de-la-app-de-rastreo\/#organizationLogo"},"image":{"@id":"https:\/\/eldigitaldeasturias.com\/radio\/gobierno-aleman-agradece-a-bundesliga-promocion-de-la-app-de-rastreo\/#organizationLogo"},"sameAs":["https:\/\/www.facebook.com\/","https:\/\/x.com\/bercodi","https:\/\/www.instagram.com\/","https:\/\/www.youtube.com\/channel\/UCZP-2wLEB9Rv6erhFmqVnvg"]},{"@type":"Person","@id":"https:\/\/eldigitaldeasturias.com\/radio\/author\/nbasturias\/#author","url":"https:\/\/eldigitaldeasturias.com\/radio\/author\/nbasturias\/","name":"NBAsturias","image":{"@type":"ImageObject","@id":"https:\/\/eldigitaldeasturias.com\/radio\/gobierno-aleman-agradece-a-bundesliga-promocion-de-la-app-de-rastreo\/#authorImage","url":"https:\/\/secure.gravatar.com\/avatar\/df2aeffc32bcd13f8d26072ef8a91b623d677766deac7f97ca815868cd41bf5e?s=96&d=mm&r=g","width":96,"height":96,"caption":"NBAsturias"}},{"@type":"WebPage","@id":"https:\/\/eldigitaldeasturias.com\/radio\/gobierno-aleman-agradece-a-bundesliga-promocion-de-la-app-de-rastreo\/#webpage","url":"https:\/\/eldigitaldeasturias.com\/radio\/gobierno-aleman-agradece-a-bundesliga-promocion-de-la-app-de-rastreo\/","name":"Gobierno alem\u00e1n agradece a Bundesliga promoci\u00f3n de la app de rastreo | El Digital de Asturias","description":"Berl\u00edn, 20 jun (dpa) - El portavoz del Gobierno alem\u00e1n, Steffen Seibert, agradeci\u00f3 hoy a los clubes de la Bundesliga por promover el uso de la nueva aplicaci\u00f3n de rastreo del coronavirus. \"El f\u00fatbol, la liga alemana, los clubes muestran que tienen una fuerza social. Tienen algo que decir, no solo en el campo de","inLanguage":"es-ES","isPartOf":{"@id":"https:\/\/eldigitaldeasturias.com\/radio\/#website"},"breadcrumb":{"@id":"https:\/\/eldigitaldeasturias.com\/radio\/gobierno-aleman-agradece-a-bundesliga-promocion-de-la-app-de-rastreo\/#breadcrumblist"},"author":{"@id":"https:\/\/eldigitaldeasturias.com\/radio\/author\/nbasturias\/#author"},"creator":{"@id":"https:\/\/eldigitaldeasturias.com\/radio\/author\/nbasturias\/#author"},"image":{"@type":"ImageObject","url":"https:\/\/eldigitaldeasturias.com\/radio\/wp-content\/uploads\/2018\/03\/football-1406106_1280.jpg","@id":"https:\/\/eldigitaldeasturias.com\/radio\/gobierno-aleman-agradece-a-bundesliga-promocion-de-la-app-de-rastreo\/#mainImage","width":1280,"height":857},"primaryImageOfPage":{"@id":"https:\/\/eldigitaldeasturias.com\/radio\/gobierno-aleman-agradece-a-bundesliga-promocion-de-la-app-de-rastreo\/#mainImage"},"datePublished":"2020-06-22T00:01:07+02:00","dateModified":"2020-06-22T00:01:07+02:00"},{"@type":"WebSite","@id":"https:\/\/eldigitaldeasturias.com\/radio\/#website","url":"https:\/\/eldigitaldeasturias.com\/radio\/","name":"El Digital de Asturias","description":"Diario de informaci\u00f3n y noticias","inLanguage":"es-ES","publisher":{"@id":"https:\/\/eldigitaldeasturias.com\/radio\/#organization"}}]},"og:locale":"es_ES","og:site_name":"El Digital de Asturias | Diario de informaci\u00f3n y noticias","og:type":"article","og:title":"Gobierno alem\u00e1n agradece a Bundesliga promoci\u00f3n de la app de rastreo | El Digital de Asturias","og:description":"Berl\u00edn, 20 jun (dpa) - El portavoz del Gobierno alem\u00e1n, Steffen Seibert, agradeci\u00f3 hoy a los clubes de la Bundesliga por promover el uso de la nueva aplicaci\u00f3n de rastreo del coronavirus. &quot;El f\u00fatbol, la liga alemana, los clubes muestran que tienen una fuerza social. Tienen algo que decir, no solo en el campo de","og:url":"https:\/\/eldigitaldeasturias.com\/radio\/gobierno-aleman-agradece-a-bundesliga-promocion-de-la-app-de-rastreo\/","og:image":"https:\/\/eldigitaldeasturias.com\/radio\/wp-content\/uploads\/2018\/03\/football-1406106_1280.jpg","og:image:secure_url":"https:\/\/eldigitaldeasturias.com\/radio\/wp-content\/uploads\/2018\/03\/football-1406106_1280.jpg","og:image:width":1280,"og:image:height":857,"article:published_time":"2020-06-22T00:01:07+00:00","article:modified_time":"2020-06-22T00:01:07+00:00","twitter:card":"summary_large_image","twitter:site":"@bercodi","twitter:title":"Gobierno alem\u00e1n agradece a Bundesliga promoci\u00f3n de la app de rastreo | El Digital de Asturias","twitter:description":"Berl\u00edn, 20 jun (dpa) - El portavoz del Gobierno alem\u00e1n, Steffen Seibert, agradeci\u00f3 hoy a los clubes de la Bundesliga por promover el uso de la nueva aplicaci\u00f3n de rastreo del coronavirus. &quot;El f\u00fatbol, la liga alemana, los clubes muestran que tienen una fuerza social. Tienen algo que decir, no solo en el campo de","twitter:creator":"@bercodi","twitter:image":"https:\/\/eldigitaldeasturias.com\/radio\/wp-content\/uploads\/2018\/03\/football-1406106_1280.jpg"},"aioseo_meta_data":{"post_id":"4575","title":null,"description":null,"keywords":null,"keyphrases":null,"primary_term":null,"canonical_url":null,"og_title":null,"og_description":null,"og_object_type":"default","og_image_type":"default","og_image_url":null,"og_image_width":null,"og_image_height":null,"og_image_custom_url":null,"og_image_custom_fields":null,"og_video":null,"og_custom_url":null,"og_article_section":null,"og_article_tags":null,"twitter_use_og":false,"twitter_card":"default","twitter_image_type":"default","twitter_image_url":null,"twitter_image_custom_url":null,"twitter_image_custom_fields":null,"twitter_title":null,"twitter_description":null,"schema":{"blockGraphs":[],"customGraphs":[],"default":{"data":{"Article":[],"Course":[],"Dataset":[],"FAQPage":[],"Movie":[],"Person":[],"Product":[],"ProductReview":[],"Car":[],"Recipe":[],"Service":[],"SoftwareApplication":[],"WebPage":[]},"graphName":"","isEnabled":true},"graphs":[],"defaultGraph":"","defaultPostTypeGraph":""},"schema_type":null,"schema_type_options":null,"pillar_content":false,"robots_default":true,"robots_noindex":false,"robots_noarchive":false,"robots_nosnippet":false,"robots_nofollow":false,"robots_noimageindex":false,"robots_noodp":false,"robots_notranslate":false,"robots_max_snippet":null,"robots_max_videopreview":null,"robots_max_imagepreview":"large","priority":null,"frequency":null,"location":null,"local_seo":null,"seo_analyzer_scan_date":"2025-08-28 16:17:43","breadcrumb_settings":null,"limit_modified_date":false,"open_ai":null,"ai":null,"created":"2021-03-25 23:41:50","updated":"2025-08-28 16:17:43"},"aioseo_breadcrumb":"<div class=\"aioseo-breadcrumbs\"><span class=\"aioseo-breadcrumb\">\n\t<a href=\"https:\/\/eldigitaldeasturias.com\/radio\" title=\"Inicio\">Inicio<\/a>\n<\/span><span class=\"aioseo-breadcrumb-separator\">&ndash;<\/span><span class=\"aioseo-breadcrumb\">\n\t<a href=\"https:\/\/eldigitaldeasturias.com\/radio\/category\/noticias\/\" title=\"Noticias\">Noticias<\/a>\n<\/span><span class=\"aioseo-breadcrumb-separator\">&ndash;<\/span><span class=\"aioseo-breadcrumb\">\n\tGobierno alem\u00e1n agradece a Bundesliga promoci\u00f3n de la app de rastreo\n<\/span><\/div>","aioseo_breadcrumb_json":[{"label":"Inicio","link":"https:\/\/eldigitaldeasturias.com\/radio"},{"label":"Noticias","link":"https:\/\/eldigitaldeasturias.com\/radio\/category\/noticias\/"},{"label":"Gobierno alem\u00e1n agradece a Bundesliga promoci\u00f3n de la app de rastreo","link":"https:\/\/eldigitaldeasturias.com\/radio\/gobierno-aleman-agradece-a-bundesliga-promocion-de-la-app-de-rastreo\/"}],"_links":{"self":[{"href":"https:\/\/eldigitaldeasturias.com\/radio\/wp-json\/wp\/v2\/posts\/4575","targetHints":{"allow":["GET"]}}],"collection":[{"href":"https:\/\/eldigitaldeasturias.com\/radio\/wp-json\/wp\/v2\/posts"}],"about":[{"href":"https:\/\/eldigitaldeasturias.com\/radio\/wp-json\/wp\/v2\/types\/post"}],"author":[{"embeddable":true,"href":"https:\/\/eldigitaldeasturias.com\/radio\/wp-json\/wp\/v2\/users\/1"}],"replies":[{"embeddable":true,"href":"https:\/\/eldigitaldeasturias.com\/radio\/wp-json\/wp\/v2\/comments?post=4575"}],"version-history":[{"count":0,"href":"https:\/\/eldigitaldeasturias.com\/radio\/wp-json\/wp\/v2\/posts\/4575\/revisions"}],"wp:featuredmedia":[{"embeddable":true,"href":"https:\/\/eldigitaldeasturias.com\/radio\/wp-json\/wp\/v2\/media\/72"}],"wp:attachment":[{"href":"https:\/\/eldigitaldeasturias.com\/radio\/wp-json\/wp\/v2\/media?parent=4575"}],"wp:term":[{"taxonomy":"category","embeddable":true,"href":"https:\/\/eldigitaldeasturias.com\/radio\/wp-json\/wp\/v2\/categories?post=4575"},{"taxonomy":"post_tag","embeddable":true,"href":"https:\/\/eldigitaldeasturias.com\/radio\/wp-json\/wp\/v2\/tags?post=4575"}],"curies":[{"name":"wp","href":"https:\/\/api.w.org\/{rel}","templated":true}]}}