{"id":4567,"date":"2020-06-20T02:10:28","date_gmt":"2020-06-20T02:10:28","guid":{"rendered":"http:\/\/www.eldigitaldeasturias.com\/radio\/?p=4567"},"modified":"2020-06-20T02:10:28","modified_gmt":"2020-06-20T02:10:28","slug":"low-y-el-ajustado-calendario-encontraremos-una-solucion","status":"publish","type":"post","link":"https:\/\/eldigitaldeasturias.com\/radio\/low-y-el-ajustado-calendario-encontraremos-una-solucion\/","title":{"rendered":"L\u00f6w y el ajustado calendario: \u00abEncontraremos una soluci\u00f3n\u00bb"},"content":{"rendered":"<figure id=\"attachment_4568\" aria-describedby=\"caption-attachment-4568\" style=\"width: 360px\" class=\"wp-caption alignleft\"><img fetchpriority=\"high\" decoding=\"async\" class=\"size-medium wp-image-4568\" src=\"http:\/\/www.eldigitaldeasturias.com\/radio\/wp-content\/uploads\/2020\/06\/L\u00f6w-360x252.jpg\" alt=\"\" width=\"360\" height=\"252\" srcset=\"https:\/\/eldigitaldeasturias.com\/radio\/wp-content\/uploads\/2020\/06\/L\u00f6w-360x252.jpg 360w, https:\/\/eldigitaldeasturias.com\/radio\/wp-content\/uploads\/2020\/06\/L\u00f6w-768x538.jpg 768w, https:\/\/eldigitaldeasturias.com\/radio\/wp-content\/uploads\/2020\/06\/L\u00f6w.jpg 877w\" sizes=\"(max-width: 360px) 100vw, 360px\" \/><figcaption id=\"caption-attachment-4568\" class=\"wp-caption-text\">El entrenador de la selecci\u00f3n alemana de f\u00fatbol, Joachim L\u00f6w. Foto: Patrick Seeger\/dpa<\/figcaption><\/figure>\n<p>Berl\u00edn, 19 jun (dpa) &#8211; El entrenador de la selecci\u00f3n alemana de f\u00fatbol, Joachim L\u00f6w, prometi\u00f3 tener consideraci\u00f3n con los jugadores que se ven m\u00e1s exigidos a causa del ajustado calendario de partidos a fin de lograr finalizar o avanzar en los torneos interrumpidos por la pandemia de coronavirus, seg\u00fan declaraciones difundidas hoy.<\/p>\n<p>\u00abPor supuesto que siempre consideramos la carga y el estr\u00e9s que tienen los jugadores, especialmente los mejores. Pero s\u00e9 que estos jugadores en particular esperan con ansias volver a jugar partidos internacionales. Encontraremos una soluci\u00f3n cuando llegue el momento\u00bb, dijo L\u00f6w al peri\u00f3dico germano \u00abBild\u00bb.<\/p>\n<p>La UEFA anunci\u00f3 esta semana nuevas fechas para la Liga Europa y los partidos internacionales de la Liga de Naciones.<\/p>\n<p>Una vez que las ligas europeas finalicen la actual temporada en junio o julio, demoradas por la interrupci\u00f3n a causa del coronavirus, se disputar\u00e1n en agosto los partidos eliminatorios en la Liga de Campeones y la Liga Europa hasta finalizarlas.<\/p>\n<p>Despu\u00e9s de las vacaciones de los jugadores involucrados en esos partidos, inicia la preparaci\u00f3n para la nueva temporada, con lo que la carrera de fechas contin\u00faa.<\/p>\n<p>Menos de dos semanas despu\u00e9s de la final de la Liga de Campeones el 23 de agosto, la selecci\u00f3n germana vuelve al campo de juego: El 3 de septiembre se enfrentar\u00e1 a Espa\u00f1a en la Liga de Naciones y tres d\u00edas despu\u00e9s jugar\u00e1 en Suiza.<\/p>\n<p>La nueva temporada de la Bundesliga podr\u00eda comenzar el 11 de septiembre.<\/p>\n<p>\u00abNos enteramos de las fechas el mi\u00e9rcoles, y, por supuesto, no hemos pensado a\u00fan en las nominaciones individuales\u00bb, indic\u00f3 L\u00f6w. \u00abEste tiempo de pandemia de coronavirus es especial y nos presenta a todos grandes desaf\u00edos. Pero la regeneraci\u00f3n es siempre un tema importante para nosotros\u00bb, subray\u00f3.<\/p>\n","protected":false},"excerpt":{"rendered":"<p>Berl\u00edn, 19 jun (dpa) &#8211; El entrenador de la selecci\u00f3n alemana de f\u00fatbol, Joachim L\u00f6w, prometi\u00f3 tener consideraci\u00f3n con los jugadores que se ven m\u00e1s exigidos a causa del ajustado calendario de partidos a fin de lograr finalizar o avanzar en los torneos interrumpidos por la pandemia de coronavirus, seg\u00fan declaraciones difundidas hoy. \u00abPor supuesto<\/p>\n","protected":false},"author":1,"featured_media":4568,"comment_status":"closed","ping_status":"closed","sticky":false,"template":"","format":"standard","meta":{"footnotes":""},"categories":[1],"tags":[],"class_list":{"0":"post-4567","1":"post","2":"type-post","3":"status-publish","4":"format-standard","5":"has-post-thumbnail","7":"category-noticias"},"aioseo_notices":[],"aioseo_head":"\n\t\t<!-- All in One SEO Pro 4.9.6.2 - aioseo.com -->\n\t<meta name=\"description\" content=\"Berl\u00edn, 19 jun (dpa) - El entrenador de la selecci\u00f3n alemana de f\u00fatbol, Joachim L\u00f6w, prometi\u00f3 tener consideraci\u00f3n con los jugadores que se ven m\u00e1s exigidos a causa del ajustado calendario de partidos a fin de lograr finalizar o avanzar en los torneos interrumpidos por la pandemia de coronavirus, seg\u00fan declaraciones difundidas hoy. &quot;Por supuesto\" \/>\n\t<meta name=\"robots\" content=\"max-image-preview:large\" \/>\n\t<meta name=\"author\" content=\"NBAsturias\"\/>\n\t<meta name=\"google-site-verification\" content=\"UA-38556648-1\" \/>\n\t<meta name=\"keywords\" content=\"noticias\" \/>\n\t<link rel=\"canonical\" href=\"https:\/\/eldigitaldeasturias.com\/radio\/low-y-el-ajustado-calendario-encontraremos-una-solucion\/\" \/>\n\t<meta name=\"generator\" content=\"All in One SEO Pro (AIOSEO) 4.9.6.2\" \/>\n\t\t<meta property=\"og:locale\" content=\"es_ES\" \/>\n\t\t<meta property=\"og:site_name\" content=\"El Digital de Asturias | Diario de informaci\u00f3n y noticias\" \/>\n\t\t<meta property=\"og:type\" content=\"article\" \/>\n\t\t<meta property=\"og:title\" content=\"L\u00f6w y el ajustado calendario: \u00abEncontraremos una soluci\u00f3n\u00bb | El Digital de Asturias\" \/>\n\t\t<meta property=\"og:description\" content=\"Berl\u00edn, 19 jun (dpa) - El entrenador de la selecci\u00f3n alemana de f\u00fatbol, Joachim L\u00f6w, prometi\u00f3 tener consideraci\u00f3n con los jugadores que se ven m\u00e1s exigidos a causa del ajustado calendario de partidos a fin de lograr finalizar o avanzar en los torneos interrumpidos por la pandemia de coronavirus, seg\u00fan declaraciones difundidas hoy. &quot;Por supuesto\" \/>\n\t\t<meta property=\"og:url\" content=\"https:\/\/eldigitaldeasturias.com\/radio\/low-y-el-ajustado-calendario-encontraremos-una-solucion\/\" \/>\n\t\t<meta property=\"og:image\" content=\"https:\/\/eldigitaldeasturias.com\/radio\/wp-content\/uploads\/2020\/06\/L\u00f6w.jpg\" \/>\n\t\t<meta property=\"og:image:secure_url\" content=\"https:\/\/eldigitaldeasturias.com\/radio\/wp-content\/uploads\/2020\/06\/L\u00f6w.jpg\" \/>\n\t\t<meta property=\"og:image:width\" content=\"877\" \/>\n\t\t<meta property=\"og:image:height\" content=\"614\" \/>\n\t\t<meta property=\"article:published_time\" content=\"2020-06-20T02:10:28+00:00\" \/>\n\t\t<meta property=\"article:modified_time\" content=\"2020-06-20T02:10:28+00:00\" \/>\n\t\t<meta name=\"twitter:card\" content=\"summary_large_image\" \/>\n\t\t<meta name=\"twitter:site\" content=\"@bercodi\" \/>\n\t\t<meta name=\"twitter:title\" content=\"L\u00f6w y el ajustado calendario: \u00abEncontraremos una soluci\u00f3n\u00bb | El Digital de Asturias\" \/>\n\t\t<meta name=\"twitter:description\" content=\"Berl\u00edn, 19 jun (dpa) - El entrenador de la selecci\u00f3n alemana de f\u00fatbol, Joachim L\u00f6w, prometi\u00f3 tener consideraci\u00f3n con los jugadores que se ven m\u00e1s exigidos a causa del ajustado calendario de partidos a fin de lograr finalizar o avanzar en los torneos interrumpidos por la pandemia de coronavirus, seg\u00fan declaraciones difundidas hoy. &quot;Por supuesto\" \/>\n\t\t<meta name=\"twitter:creator\" content=\"@bercodi\" \/>\n\t\t<meta name=\"twitter:image\" content=\"https:\/\/eldigitaldeasturias.com\/radio\/wp-content\/uploads\/2020\/06\/L\u00f6w.jpg\" \/>\n\t\t<script type=\"application\/ld+json\" class=\"aioseo-schema\">\n\t\t\t{\"@context\":\"https:\\\/\\\/schema.org\",\"@graph\":[{\"@type\":\"BreadcrumbList\",\"@id\":\"https:\\\/\\\/eldigitaldeasturias.com\\\/radio\\\/low-y-el-ajustado-calendario-encontraremos-una-solucion\\\/#breadcrumblist\",\"itemListElement\":[{\"@type\":\"ListItem\",\"@id\":\"https:\\\/\\\/eldigitaldeasturias.com\\\/radio#listItem\",\"position\":1,\"name\":\"Inicio\",\"item\":\"https:\\\/\\\/eldigitaldeasturias.com\\\/radio\",\"nextItem\":{\"@type\":\"ListItem\",\"@id\":\"https:\\\/\\\/eldigitaldeasturias.com\\\/radio\\\/category\\\/noticias\\\/#listItem\",\"name\":\"Noticias\"}},{\"@type\":\"ListItem\",\"@id\":\"https:\\\/\\\/eldigitaldeasturias.com\\\/radio\\\/category\\\/noticias\\\/#listItem\",\"position\":2,\"name\":\"Noticias\",\"item\":\"https:\\\/\\\/eldigitaldeasturias.com\\\/radio\\\/category\\\/noticias\\\/\",\"nextItem\":{\"@type\":\"ListItem\",\"@id\":\"https:\\\/\\\/eldigitaldeasturias.com\\\/radio\\\/low-y-el-ajustado-calendario-encontraremos-una-solucion\\\/#listItem\",\"name\":\"L\\u00f6w y el ajustado calendario: \\u00abEncontraremos una soluci\\u00f3n\\u00bb\"},\"previousItem\":{\"@type\":\"ListItem\",\"@id\":\"https:\\\/\\\/eldigitaldeasturias.com\\\/radio#listItem\",\"name\":\"Inicio\"}},{\"@type\":\"ListItem\",\"@id\":\"https:\\\/\\\/eldigitaldeasturias.com\\\/radio\\\/low-y-el-ajustado-calendario-encontraremos-una-solucion\\\/#listItem\",\"position\":3,\"name\":\"L\\u00f6w y el ajustado calendario: \\u00abEncontraremos una soluci\\u00f3n\\u00bb\",\"previousItem\":{\"@type\":\"ListItem\",\"@id\":\"https:\\\/\\\/eldigitaldeasturias.com\\\/radio\\\/category\\\/noticias\\\/#listItem\",\"name\":\"Noticias\"}}]},{\"@type\":\"NewsArticle\",\"@id\":\"https:\\\/\\\/eldigitaldeasturias.com\\\/radio\\\/low-y-el-ajustado-calendario-encontraremos-una-solucion\\\/#newsarticle\",\"name\":\"L\\u00f6w y el ajustado calendario: \\u00abEncontraremos una soluci\\u00f3n\\u00bb | El Digital de Asturias\",\"headline\":\"L\\u00f6w y el ajustado calendario: \\u00abEncontraremos una soluci\\u00f3n\\u00bb\",\"author\":{\"@id\":\"https:\\\/\\\/eldigitaldeasturias.com\\\/radio\\\/author\\\/nbasturias\\\/#author\"},\"publisher\":{\"@id\":\"https:\\\/\\\/eldigitaldeasturias.com\\\/radio\\\/#organization\"},\"image\":{\"@type\":\"ImageObject\",\"url\":\"https:\\\/\\\/eldigitaldeasturias.com\\\/radio\\\/wp-content\\\/uploads\\\/2020\\\/06\\\/L\\u00f6w.jpg\",\"width\":877,\"height\":614,\"caption\":\"El entrenador de la selecci\\u00f3n alemana de f\\u00fatbol, Joachim L\\u00f6w. Foto: Patrick Seeger\\\/dpa\"},\"datePublished\":\"2020-06-20T02:10:28+02:00\",\"dateModified\":\"2020-06-20T02:10:28+02:00\",\"inLanguage\":\"es-ES\",\"mainEntityOfPage\":{\"@id\":\"https:\\\/\\\/eldigitaldeasturias.com\\\/radio\\\/low-y-el-ajustado-calendario-encontraremos-una-solucion\\\/#webpage\"},\"isPartOf\":{\"@id\":\"https:\\\/\\\/eldigitaldeasturias.com\\\/radio\\\/low-y-el-ajustado-calendario-encontraremos-una-solucion\\\/#webpage\"},\"articleSection\":\"Noticias\",\"dateline\":\"Publicado el junio 20, 2020.\"},{\"@type\":\"Organization\",\"@id\":\"https:\\\/\\\/eldigitaldeasturias.com\\\/radio\\\/#organization\",\"name\":\"El digital de Asturias Radio\",\"description\":\"Diario de informaci\\u00f3n y noticias\",\"url\":\"https:\\\/\\\/eldigitaldeasturias.com\\\/radio\\\/\",\"telephone\":\"+34652131393\",\"logo\":{\"@type\":\"ImageObject\",\"url\":\"https:\\\/\\\/www.eldigitaldeasturias.com\\\/radio\\\/wp-content\\\/uploads\\\/2021\\\/03\\\/EDA.jpg\",\"@id\":\"https:\\\/\\\/eldigitaldeasturias.com\\\/radio\\\/low-y-el-ajustado-calendario-encontraremos-una-solucion\\\/#organizationLogo\"},\"image\":{\"@id\":\"https:\\\/\\\/eldigitaldeasturias.com\\\/radio\\\/low-y-el-ajustado-calendario-encontraremos-una-solucion\\\/#organizationLogo\"},\"sameAs\":[\"https:\\\/\\\/www.facebook.com\\\/\",\"https:\\\/\\\/x.com\\\/bercodi\",\"https:\\\/\\\/www.instagram.com\\\/\",\"https:\\\/\\\/www.youtube.com\\\/channel\\\/UCZP-2wLEB9Rv6erhFmqVnvg\"]},{\"@type\":\"Person\",\"@id\":\"https:\\\/\\\/eldigitaldeasturias.com\\\/radio\\\/author\\\/nbasturias\\\/#author\",\"url\":\"https:\\\/\\\/eldigitaldeasturias.com\\\/radio\\\/author\\\/nbasturias\\\/\",\"name\":\"NBAsturias\",\"image\":{\"@type\":\"ImageObject\",\"@id\":\"https:\\\/\\\/eldigitaldeasturias.com\\\/radio\\\/low-y-el-ajustado-calendario-encontraremos-una-solucion\\\/#authorImage\",\"url\":\"https:\\\/\\\/secure.gravatar.com\\\/avatar\\\/df2aeffc32bcd13f8d26072ef8a91b623d677766deac7f97ca815868cd41bf5e?s=96&d=mm&r=g\",\"width\":96,\"height\":96,\"caption\":\"NBAsturias\"}},{\"@type\":\"WebPage\",\"@id\":\"https:\\\/\\\/eldigitaldeasturias.com\\\/radio\\\/low-y-el-ajustado-calendario-encontraremos-una-solucion\\\/#webpage\",\"url\":\"https:\\\/\\\/eldigitaldeasturias.com\\\/radio\\\/low-y-el-ajustado-calendario-encontraremos-una-solucion\\\/\",\"name\":\"L\\u00f6w y el ajustado calendario: \\u00abEncontraremos una soluci\\u00f3n\\u00bb | El Digital de Asturias\",\"description\":\"Berl\\u00edn, 19 jun (dpa) - El entrenador de la selecci\\u00f3n alemana de f\\u00fatbol, Joachim L\\u00f6w, prometi\\u00f3 tener consideraci\\u00f3n con los jugadores que se ven m\\u00e1s exigidos a causa del ajustado calendario de partidos a fin de lograr finalizar o avanzar en los torneos interrumpidos por la pandemia de coronavirus, seg\\u00fan declaraciones difundidas hoy. \\\"Por supuesto\",\"inLanguage\":\"es-ES\",\"isPartOf\":{\"@id\":\"https:\\\/\\\/eldigitaldeasturias.com\\\/radio\\\/#website\"},\"breadcrumb\":{\"@id\":\"https:\\\/\\\/eldigitaldeasturias.com\\\/radio\\\/low-y-el-ajustado-calendario-encontraremos-una-solucion\\\/#breadcrumblist\"},\"author\":{\"@id\":\"https:\\\/\\\/eldigitaldeasturias.com\\\/radio\\\/author\\\/nbasturias\\\/#author\"},\"creator\":{\"@id\":\"https:\\\/\\\/eldigitaldeasturias.com\\\/radio\\\/author\\\/nbasturias\\\/#author\"},\"image\":{\"@type\":\"ImageObject\",\"url\":\"https:\\\/\\\/eldigitaldeasturias.com\\\/radio\\\/wp-content\\\/uploads\\\/2020\\\/06\\\/L\\u00f6w.jpg\",\"@id\":\"https:\\\/\\\/eldigitaldeasturias.com\\\/radio\\\/low-y-el-ajustado-calendario-encontraremos-una-solucion\\\/#mainImage\",\"width\":877,\"height\":614,\"caption\":\"El entrenador de la selecci\\u00f3n alemana de f\\u00fatbol, Joachim L\\u00f6w. Foto: Patrick Seeger\\\/dpa\"},\"primaryImageOfPage\":{\"@id\":\"https:\\\/\\\/eldigitaldeasturias.com\\\/radio\\\/low-y-el-ajustado-calendario-encontraremos-una-solucion\\\/#mainImage\"},\"datePublished\":\"2020-06-20T02:10:28+02:00\",\"dateModified\":\"2020-06-20T02:10:28+02:00\"},{\"@type\":\"WebSite\",\"@id\":\"https:\\\/\\\/eldigitaldeasturias.com\\\/radio\\\/#website\",\"url\":\"https:\\\/\\\/eldigitaldeasturias.com\\\/radio\\\/\",\"name\":\"El Digital de Asturias\",\"description\":\"Diario de informaci\\u00f3n y noticias\",\"inLanguage\":\"es-ES\",\"publisher\":{\"@id\":\"https:\\\/\\\/eldigitaldeasturias.com\\\/radio\\\/#organization\"}}]}\n\t\t<\/script>\n\t\t<!-- All in One SEO Pro -->\r\n\t\t<title>L\u00f6w y el ajustado calendario: \u00abEncontraremos una soluci\u00f3n\u00bb | El Digital de Asturias<\/title>\n\n","aioseo_head_json":{"title":"L\u00f6w y el ajustado calendario: \u00abEncontraremos una soluci\u00f3n\u00bb | El Digital de Asturias","description":"Berl\u00edn, 19 jun (dpa) - El entrenador de la selecci\u00f3n alemana de f\u00fatbol, Joachim L\u00f6w, prometi\u00f3 tener consideraci\u00f3n con los jugadores que se ven m\u00e1s exigidos a causa del ajustado calendario de partidos a fin de lograr finalizar o avanzar en los torneos interrumpidos por la pandemia de coronavirus, seg\u00fan declaraciones difundidas hoy. \"Por supuesto","canonical_url":"https:\/\/eldigitaldeasturias.com\/radio\/low-y-el-ajustado-calendario-encontraremos-una-solucion\/","robots":"max-image-preview:large","keywords":"noticias","webmasterTools":{"google-site-verification":"UA-38556648-1","miscellaneous":""},"schema":{"@context":"https:\/\/schema.org","@graph":[{"@type":"BreadcrumbList","@id":"https:\/\/eldigitaldeasturias.com\/radio\/low-y-el-ajustado-calendario-encontraremos-una-solucion\/#breadcrumblist","itemListElement":[{"@type":"ListItem","@id":"https:\/\/eldigitaldeasturias.com\/radio#listItem","position":1,"name":"Inicio","item":"https:\/\/eldigitaldeasturias.com\/radio","nextItem":{"@type":"ListItem","@id":"https:\/\/eldigitaldeasturias.com\/radio\/category\/noticias\/#listItem","name":"Noticias"}},{"@type":"ListItem","@id":"https:\/\/eldigitaldeasturias.com\/radio\/category\/noticias\/#listItem","position":2,"name":"Noticias","item":"https:\/\/eldigitaldeasturias.com\/radio\/category\/noticias\/","nextItem":{"@type":"ListItem","@id":"https:\/\/eldigitaldeasturias.com\/radio\/low-y-el-ajustado-calendario-encontraremos-una-solucion\/#listItem","name":"L\u00f6w y el ajustado calendario: \u00abEncontraremos una soluci\u00f3n\u00bb"},"previousItem":{"@type":"ListItem","@id":"https:\/\/eldigitaldeasturias.com\/radio#listItem","name":"Inicio"}},{"@type":"ListItem","@id":"https:\/\/eldigitaldeasturias.com\/radio\/low-y-el-ajustado-calendario-encontraremos-una-solucion\/#listItem","position":3,"name":"L\u00f6w y el ajustado calendario: \u00abEncontraremos una soluci\u00f3n\u00bb","previousItem":{"@type":"ListItem","@id":"https:\/\/eldigitaldeasturias.com\/radio\/category\/noticias\/#listItem","name":"Noticias"}}]},{"@type":"NewsArticle","@id":"https:\/\/eldigitaldeasturias.com\/radio\/low-y-el-ajustado-calendario-encontraremos-una-solucion\/#newsarticle","name":"L\u00f6w y el ajustado calendario: \u00abEncontraremos una soluci\u00f3n\u00bb | El Digital de Asturias","headline":"L\u00f6w y el ajustado calendario: \u00abEncontraremos una soluci\u00f3n\u00bb","author":{"@id":"https:\/\/eldigitaldeasturias.com\/radio\/author\/nbasturias\/#author"},"publisher":{"@id":"https:\/\/eldigitaldeasturias.com\/radio\/#organization"},"image":{"@type":"ImageObject","url":"https:\/\/eldigitaldeasturias.com\/radio\/wp-content\/uploads\/2020\/06\/L\u00f6w.jpg","width":877,"height":614,"caption":"El entrenador de la selecci\u00f3n alemana de f\u00fatbol, Joachim L\u00f6w. Foto: Patrick Seeger\/dpa"},"datePublished":"2020-06-20T02:10:28+02:00","dateModified":"2020-06-20T02:10:28+02:00","inLanguage":"es-ES","mainEntityOfPage":{"@id":"https:\/\/eldigitaldeasturias.com\/radio\/low-y-el-ajustado-calendario-encontraremos-una-solucion\/#webpage"},"isPartOf":{"@id":"https:\/\/eldigitaldeasturias.com\/radio\/low-y-el-ajustado-calendario-encontraremos-una-solucion\/#webpage"},"articleSection":"Noticias","dateline":"Publicado el junio 20, 2020."},{"@type":"Organization","@id":"https:\/\/eldigitaldeasturias.com\/radio\/#organization","name":"El digital de Asturias Radio","description":"Diario de informaci\u00f3n y noticias","url":"https:\/\/eldigitaldeasturias.com\/radio\/","telephone":"+34652131393","logo":{"@type":"ImageObject","url":"https:\/\/www.eldigitaldeasturias.com\/radio\/wp-content\/uploads\/2021\/03\/EDA.jpg","@id":"https:\/\/eldigitaldeasturias.com\/radio\/low-y-el-ajustado-calendario-encontraremos-una-solucion\/#organizationLogo"},"image":{"@id":"https:\/\/eldigitaldeasturias.com\/radio\/low-y-el-ajustado-calendario-encontraremos-una-solucion\/#organizationLogo"},"sameAs":["https:\/\/www.facebook.com\/","https:\/\/x.com\/bercodi","https:\/\/www.instagram.com\/","https:\/\/www.youtube.com\/channel\/UCZP-2wLEB9Rv6erhFmqVnvg"]},{"@type":"Person","@id":"https:\/\/eldigitaldeasturias.com\/radio\/author\/nbasturias\/#author","url":"https:\/\/eldigitaldeasturias.com\/radio\/author\/nbasturias\/","name":"NBAsturias","image":{"@type":"ImageObject","@id":"https:\/\/eldigitaldeasturias.com\/radio\/low-y-el-ajustado-calendario-encontraremos-una-solucion\/#authorImage","url":"https:\/\/secure.gravatar.com\/avatar\/df2aeffc32bcd13f8d26072ef8a91b623d677766deac7f97ca815868cd41bf5e?s=96&d=mm&r=g","width":96,"height":96,"caption":"NBAsturias"}},{"@type":"WebPage","@id":"https:\/\/eldigitaldeasturias.com\/radio\/low-y-el-ajustado-calendario-encontraremos-una-solucion\/#webpage","url":"https:\/\/eldigitaldeasturias.com\/radio\/low-y-el-ajustado-calendario-encontraremos-una-solucion\/","name":"L\u00f6w y el ajustado calendario: \u00abEncontraremos una soluci\u00f3n\u00bb | El Digital de Asturias","description":"Berl\u00edn, 19 jun (dpa) - El entrenador de la selecci\u00f3n alemana de f\u00fatbol, Joachim L\u00f6w, prometi\u00f3 tener consideraci\u00f3n con los jugadores que se ven m\u00e1s exigidos a causa del ajustado calendario de partidos a fin de lograr finalizar o avanzar en los torneos interrumpidos por la pandemia de coronavirus, seg\u00fan declaraciones difundidas hoy. \"Por supuesto","inLanguage":"es-ES","isPartOf":{"@id":"https:\/\/eldigitaldeasturias.com\/radio\/#website"},"breadcrumb":{"@id":"https:\/\/eldigitaldeasturias.com\/radio\/low-y-el-ajustado-calendario-encontraremos-una-solucion\/#breadcrumblist"},"author":{"@id":"https:\/\/eldigitaldeasturias.com\/radio\/author\/nbasturias\/#author"},"creator":{"@id":"https:\/\/eldigitaldeasturias.com\/radio\/author\/nbasturias\/#author"},"image":{"@type":"ImageObject","url":"https:\/\/eldigitaldeasturias.com\/radio\/wp-content\/uploads\/2020\/06\/L\u00f6w.jpg","@id":"https:\/\/eldigitaldeasturias.com\/radio\/low-y-el-ajustado-calendario-encontraremos-una-solucion\/#mainImage","width":877,"height":614,"caption":"El entrenador de la selecci\u00f3n alemana de f\u00fatbol, Joachim L\u00f6w. Foto: Patrick Seeger\/dpa"},"primaryImageOfPage":{"@id":"https:\/\/eldigitaldeasturias.com\/radio\/low-y-el-ajustado-calendario-encontraremos-una-solucion\/#mainImage"},"datePublished":"2020-06-20T02:10:28+02:00","dateModified":"2020-06-20T02:10:28+02:00"},{"@type":"WebSite","@id":"https:\/\/eldigitaldeasturias.com\/radio\/#website","url":"https:\/\/eldigitaldeasturias.com\/radio\/","name":"El Digital de Asturias","description":"Diario de informaci\u00f3n y noticias","inLanguage":"es-ES","publisher":{"@id":"https:\/\/eldigitaldeasturias.com\/radio\/#organization"}}]},"og:locale":"es_ES","og:site_name":"El Digital de Asturias | Diario de informaci\u00f3n y noticias","og:type":"article","og:title":"L\u00f6w y el ajustado calendario: \u00abEncontraremos una soluci\u00f3n\u00bb | El Digital de Asturias","og:description":"Berl\u00edn, 19 jun (dpa) - El entrenador de la selecci\u00f3n alemana de f\u00fatbol, Joachim L\u00f6w, prometi\u00f3 tener consideraci\u00f3n con los jugadores que se ven m\u00e1s exigidos a causa del ajustado calendario de partidos a fin de lograr finalizar o avanzar en los torneos interrumpidos por la pandemia de coronavirus, seg\u00fan declaraciones difundidas hoy. &quot;Por supuesto","og:url":"https:\/\/eldigitaldeasturias.com\/radio\/low-y-el-ajustado-calendario-encontraremos-una-solucion\/","og:image":"https:\/\/eldigitaldeasturias.com\/radio\/wp-content\/uploads\/2020\/06\/L\u00f6w.jpg","og:image:secure_url":"https:\/\/eldigitaldeasturias.com\/radio\/wp-content\/uploads\/2020\/06\/L\u00f6w.jpg","og:image:width":877,"og:image:height":614,"article:published_time":"2020-06-20T02:10:28+00:00","article:modified_time":"2020-06-20T02:10:28+00:00","twitter:card":"summary_large_image","twitter:site":"@bercodi","twitter:title":"L\u00f6w y el ajustado calendario: \u00abEncontraremos una soluci\u00f3n\u00bb | El Digital de Asturias","twitter:description":"Berl\u00edn, 19 jun (dpa) - El entrenador de la selecci\u00f3n alemana de f\u00fatbol, Joachim L\u00f6w, prometi\u00f3 tener consideraci\u00f3n con los jugadores que se ven m\u00e1s exigidos a causa del ajustado calendario de partidos a fin de lograr finalizar o avanzar en los torneos interrumpidos por la pandemia de coronavirus, seg\u00fan declaraciones difundidas hoy. &quot;Por supuesto","twitter:creator":"@bercodi","twitter:image":"https:\/\/eldigitaldeasturias.com\/radio\/wp-content\/uploads\/2020\/06\/L\u00f6w.jpg"},"aioseo_meta_data":{"post_id":"4567","title":null,"description":null,"keywords":null,"keyphrases":null,"primary_term":null,"canonical_url":null,"og_title":null,"og_description":null,"og_object_type":"default","og_image_type":"default","og_image_url":null,"og_image_width":null,"og_image_height":null,"og_image_custom_url":null,"og_image_custom_fields":null,"og_video":null,"og_custom_url":null,"og_article_section":null,"og_article_tags":null,"twitter_use_og":false,"twitter_card":"default","twitter_image_type":"default","twitter_image_url":null,"twitter_image_custom_url":null,"twitter_image_custom_fields":null,"twitter_title":null,"twitter_description":null,"schema":{"blockGraphs":[],"customGraphs":[],"default":{"data":{"Article":[],"Course":[],"Dataset":[],"FAQPage":[],"Movie":[],"Person":[],"Product":[],"ProductReview":[],"Car":[],"Recipe":[],"Service":[],"SoftwareApplication":[],"WebPage":[]},"graphName":"","isEnabled":true},"graphs":[],"defaultGraph":"","defaultPostTypeGraph":""},"schema_type":null,"schema_type_options":null,"pillar_content":false,"robots_default":true,"robots_noindex":false,"robots_noarchive":false,"robots_nosnippet":false,"robots_nofollow":false,"robots_noimageindex":false,"robots_noodp":false,"robots_notranslate":false,"robots_max_snippet":null,"robots_max_videopreview":null,"robots_max_imagepreview":"large","priority":null,"frequency":null,"location":null,"local_seo":null,"seo_analyzer_scan_date":"2025-08-28 16:17:41","breadcrumb_settings":null,"limit_modified_date":false,"open_ai":null,"ai":null,"created":"2021-03-25 23:41:50","updated":"2025-08-28 16:17:41"},"aioseo_breadcrumb":"<div class=\"aioseo-breadcrumbs\"><span class=\"aioseo-breadcrumb\">\n\t<a href=\"https:\/\/eldigitaldeasturias.com\/radio\" title=\"Inicio\">Inicio<\/a>\n<\/span><span class=\"aioseo-breadcrumb-separator\">&ndash;<\/span><span class=\"aioseo-breadcrumb\">\n\t<a href=\"https:\/\/eldigitaldeasturias.com\/radio\/category\/noticias\/\" title=\"Noticias\">Noticias<\/a>\n<\/span><span class=\"aioseo-breadcrumb-separator\">&ndash;<\/span><span class=\"aioseo-breadcrumb\">\n\tL\u00f6w y el ajustado calendario: \u00abEncontraremos una soluci\u00f3n\u00bb\n<\/span><\/div>","aioseo_breadcrumb_json":[{"label":"Inicio","link":"https:\/\/eldigitaldeasturias.com\/radio"},{"label":"Noticias","link":"https:\/\/eldigitaldeasturias.com\/radio\/category\/noticias\/"},{"label":"L\u00f6w y el ajustado calendario: \u00abEncontraremos una soluci\u00f3n\u00bb","link":"https:\/\/eldigitaldeasturias.com\/radio\/low-y-el-ajustado-calendario-encontraremos-una-solucion\/"}],"_links":{"self":[{"href":"https:\/\/eldigitaldeasturias.com\/radio\/wp-json\/wp\/v2\/posts\/4567","targetHints":{"allow":["GET"]}}],"collection":[{"href":"https:\/\/eldigitaldeasturias.com\/radio\/wp-json\/wp\/v2\/posts"}],"about":[{"href":"https:\/\/eldigitaldeasturias.com\/radio\/wp-json\/wp\/v2\/types\/post"}],"author":[{"embeddable":true,"href":"https:\/\/eldigitaldeasturias.com\/radio\/wp-json\/wp\/v2\/users\/1"}],"replies":[{"embeddable":true,"href":"https:\/\/eldigitaldeasturias.com\/radio\/wp-json\/wp\/v2\/comments?post=4567"}],"version-history":[{"count":0,"href":"https:\/\/eldigitaldeasturias.com\/radio\/wp-json\/wp\/v2\/posts\/4567\/revisions"}],"wp:featuredmedia":[{"embeddable":true,"href":"https:\/\/eldigitaldeasturias.com\/radio\/wp-json\/wp\/v2\/media\/4568"}],"wp:attachment":[{"href":"https:\/\/eldigitaldeasturias.com\/radio\/wp-json\/wp\/v2\/media?parent=4567"}],"wp:term":[{"taxonomy":"category","embeddable":true,"href":"https:\/\/eldigitaldeasturias.com\/radio\/wp-json\/wp\/v2\/categories?post=4567"},{"taxonomy":"post_tag","embeddable":true,"href":"https:\/\/eldigitaldeasturias.com\/radio\/wp-json\/wp\/v2\/tags?post=4567"}],"curies":[{"name":"wp","href":"https:\/\/api.w.org\/{rel}","templated":true}]}}