{"id":4565,"date":"2020-06-20T02:06:02","date_gmt":"2020-06-20T02:06:02","guid":{"rendered":"http:\/\/www.eldigitaldeasturias.com\/radio\/?p=4565"},"modified":"2020-06-20T02:06:02","modified_gmt":"2020-06-20T02:06:02","slug":"disputa-familiar-en-matadero-aleman-arroja-luz-sobre-contagios","status":"publish","type":"post","link":"https:\/\/eldigitaldeasturias.com\/radio\/disputa-familiar-en-matadero-aleman-arroja-luz-sobre-contagios\/","title":{"rendered":"Disputa familiar en matadero alem\u00e1n arroja luz sobre contagios"},"content":{"rendered":"<p><img fetchpriority=\"high\" decoding=\"async\" class=\"alignleft size-medium wp-image-4110\" src=\"http:\/\/www.eldigitaldeasturias.com\/radio\/wp-content\/uploads\/2020\/04\/covid-19-4960246_640-360x194.jpg\" alt=\"\" width=\"360\" height=\"194\" srcset=\"https:\/\/eldigitaldeasturias.com\/radio\/wp-content\/uploads\/2020\/04\/covid-19-4960246_640-360x194.jpg 360w, https:\/\/eldigitaldeasturias.com\/radio\/wp-content\/uploads\/2020\/04\/covid-19-4960246_640.jpg 640w\" sizes=\"(max-width: 360px) 100vw, 360px\" \/>Berl\u00edn, 18 jun (dpa) &#8211; Una disputa familiar entre los propietarios de una empresa alemana de mataderos afectada por un gran brote de coronavirus ha arrojado luz sobre las condiciones de trabajo en la industria c\u00e1rnica del pa\u00eds.<\/p>\n<p>Robert T\u00f6nnies, uno de los due\u00f1os del Grupo T\u00f6nnies, una compa\u00f1\u00eda l\u00edder de la industria alemana de la carne, inst\u00f3 hoy a su t\u00edo a renunciar por dirigir la firma de modo tal que cientos de trabajadores extranjeros se han infectado con el virus.<\/p>\n<p>\u00abEl hecho de que, especialmente en los mataderos, las cifras de infecciones sean mucho m\u00e1s altas que la media se debe sin duda alguna al sistema de contratos con jornaleros; obliga a muchas trabajadoras y trabajadores a vivir en condiciones inaceptables relacionadas con un alto riesgo de contagio y que ofrecen poca protecci\u00f3n si surge una infecci\u00f3n\u00bb, escribi\u00f3 Robert T\u00f6nnies en una carta abierta.<\/p>\n<p>T\u00f6nnies y su t\u00edo, Clemens T\u00f6nnies, han estado en desacuerdo durante largo tiempo sobre los contratos con menos protecciones para los trabajadores.<\/p>\n<p>La ministra alemana de Agricultura, Julia Kl\u00f6ckner, se sum\u00f3 al debate se\u00f1alando: \u00abCientos de infecciones en una sola empresa &#8211; estas condiciones son inaceptables\u00bb.<\/p>\n<p>Kl\u00f6ckner se\u00f1al\u00f3 que el brote ser\u00e1 investigado a fondo y que esto conducir\u00e1 a amplios cambios en las condiciones laborales.<\/p>\n<p>Hasta ayer, al menos 657 trabajadores de un matadero de la compa\u00f1\u00eda T\u00f6nnies ubicado en la regi\u00f3n de Westfalia dieron positivos en las pruebas de coronavirus realizadas a comienzos de la semana.<\/p>\n<p>R\u00e1pidamente, las autoridades locales pusieron en cuarentena a 7.000 personas, incluidas todas las que trabajaban en el lugar.<\/p>\n<p>La producci\u00f3n en el matadero fue suspendida temporalmente y se cerraron las escuelas y guarder\u00edas de la zona.<\/p>\n<p>Un miembro de la empresa culp\u00f3 del brote de coronavirus al hecho de que algunos de los jornaleros hab\u00edan regresado a sus pa\u00edses de origen en Europa Oriental durante un fin de semana largo, pero una cient\u00edfica puso en duda esta afirmaci\u00f3n.<\/p>\n<p>Isabella Eckerle, jefa del Centro de enfermedades virales emergentes de la Universidad de Ginebra, se\u00f1al\u00f3 que el fuerte brote se debe a las \u00abdesfavorables condiciones de trabajo y de vida\u00bb.<\/p>\n<p>\u00abEl per\u00edodo de incubaci\u00f3n es de una media de cinco d\u00edas, por lo que una visita de fin de semana dif\u00edcilmente puede explicar un n\u00famero tan grande de personas (infectadas)\u00bb, apunt\u00f3 la vir\u00f3loga.<\/p>\n<p>Seg\u00fan Eckerle, el esfuerzo f\u00edsico durante el trabajo conlleva a una mayor propagaci\u00f3n de part\u00edculas de coronavirus. Adem\u00e1s, las manos y la vestimenta h\u00fameda tambi\u00e9n pudieron haber promovido las infecciones.<\/p>\n<p>\u00abSer\u00eda importante aclarar hasta qu\u00e9 punto las m\u00e1scarillas se usan en estrecho contacto durante el trabajo, y si existe siquiera la posibilidad de cumplir constantemente con las normas vigentes, como el distanciamiento y la higiene de las manos\u00bb, argument\u00f3 la experta.<\/p>\n<p><i class=\"lang-es\"><span class=\" readonly\" title=\"\">Por Annett Stein (dpa)<\/span><\/i><\/p>\n","protected":false},"excerpt":{"rendered":"<p>Berl\u00edn, 18 jun (dpa) &#8211; Una disputa familiar entre los propietarios de una empresa alemana de mataderos afectada por un gran brote de coronavirus ha arrojado luz sobre las condiciones de trabajo en la industria c\u00e1rnica del pa\u00eds. Robert T\u00f6nnies, uno de los due\u00f1os del Grupo T\u00f6nnies, una compa\u00f1\u00eda l\u00edder de la industria alemana de<\/p>\n","protected":false},"author":1,"featured_media":4405,"comment_status":"closed","ping_status":"closed","sticky":false,"template":"","format":"standard","meta":{"footnotes":""},"categories":[1],"tags":[],"class_list":{"0":"post-4565","1":"post","2":"type-post","3":"status-publish","4":"format-standard","5":"has-post-thumbnail","7":"category-noticias"},"aioseo_notices":[],"aioseo_head":"\n\t\t<!-- All in One SEO Pro 4.9.6.2 - aioseo.com -->\n\t<meta name=\"description\" content=\"Berl\u00edn, 18 jun (dpa) - Una disputa familiar entre los propietarios de una empresa alemana de mataderos afectada por un gran brote de coronavirus ha arrojado luz sobre las condiciones de trabajo en la industria c\u00e1rnica del pa\u00eds. Robert T\u00f6nnies, uno de los due\u00f1os del Grupo T\u00f6nnies, una compa\u00f1\u00eda l\u00edder de la industria alemana de\" \/>\n\t<meta name=\"robots\" content=\"max-image-preview:large\" \/>\n\t<meta name=\"author\" content=\"NBAsturias\"\/>\n\t<meta name=\"google-site-verification\" content=\"UA-38556648-1\" \/>\n\t<meta name=\"keywords\" content=\"noticias\" \/>\n\t<link rel=\"canonical\" href=\"https:\/\/eldigitaldeasturias.com\/radio\/disputa-familiar-en-matadero-aleman-arroja-luz-sobre-contagios\/\" \/>\n\t<meta name=\"generator\" content=\"All in One SEO Pro (AIOSEO) 4.9.6.2\" \/>\n\t\t<meta property=\"og:locale\" content=\"es_ES\" \/>\n\t\t<meta property=\"og:site_name\" content=\"El Digital de Asturias | Diario de informaci\u00f3n y noticias\" \/>\n\t\t<meta property=\"og:type\" content=\"article\" \/>\n\t\t<meta property=\"og:title\" content=\"Disputa familiar en matadero alem\u00e1n arroja luz sobre contagios | El Digital de Asturias\" \/>\n\t\t<meta property=\"og:description\" content=\"Berl\u00edn, 18 jun (dpa) - Una disputa familiar entre los propietarios de una empresa alemana de mataderos afectada por un gran brote de coronavirus ha arrojado luz sobre las condiciones de trabajo en la industria c\u00e1rnica del pa\u00eds. Robert T\u00f6nnies, uno de los due\u00f1os del Grupo T\u00f6nnies, una compa\u00f1\u00eda l\u00edder de la industria alemana de\" \/>\n\t\t<meta property=\"og:url\" content=\"https:\/\/eldigitaldeasturias.com\/radio\/disputa-familiar-en-matadero-aleman-arroja-luz-sobre-contagios\/\" \/>\n\t\t<meta property=\"og:image\" content=\"https:\/\/eldigitaldeasturias.com\/radio\/wp-content\/uploads\/2020\/06\/connection-4884862_640.jpg\" \/>\n\t\t<meta property=\"og:image:secure_url\" content=\"https:\/\/eldigitaldeasturias.com\/radio\/wp-content\/uploads\/2020\/06\/connection-4884862_640.jpg\" \/>\n\t\t<meta property=\"og:image:width\" content=\"640\" \/>\n\t\t<meta property=\"og:image:height\" content=\"436\" \/>\n\t\t<meta property=\"article:published_time\" content=\"2020-06-20T02:06:02+00:00\" \/>\n\t\t<meta property=\"article:modified_time\" content=\"2020-06-20T02:06:02+00:00\" \/>\n\t\t<meta name=\"twitter:card\" content=\"summary_large_image\" \/>\n\t\t<meta name=\"twitter:site\" content=\"@bercodi\" \/>\n\t\t<meta name=\"twitter:title\" content=\"Disputa familiar en matadero alem\u00e1n arroja luz sobre contagios | El Digital de Asturias\" \/>\n\t\t<meta name=\"twitter:description\" content=\"Berl\u00edn, 18 jun (dpa) - Una disputa familiar entre los propietarios de una empresa alemana de mataderos afectada por un gran brote de coronavirus ha arrojado luz sobre las condiciones de trabajo en la industria c\u00e1rnica del pa\u00eds. Robert T\u00f6nnies, uno de los due\u00f1os del Grupo T\u00f6nnies, una compa\u00f1\u00eda l\u00edder de la industria alemana de\" \/>\n\t\t<meta name=\"twitter:creator\" content=\"@bercodi\" \/>\n\t\t<meta name=\"twitter:image\" content=\"https:\/\/eldigitaldeasturias.com\/radio\/wp-content\/uploads\/2020\/06\/connection-4884862_640.jpg\" \/>\n\t\t<script type=\"application\/ld+json\" class=\"aioseo-schema\">\n\t\t\t{\"@context\":\"https:\\\/\\\/schema.org\",\"@graph\":[{\"@type\":\"BreadcrumbList\",\"@id\":\"https:\\\/\\\/eldigitaldeasturias.com\\\/radio\\\/disputa-familiar-en-matadero-aleman-arroja-luz-sobre-contagios\\\/#breadcrumblist\",\"itemListElement\":[{\"@type\":\"ListItem\",\"@id\":\"https:\\\/\\\/eldigitaldeasturias.com\\\/radio#listItem\",\"position\":1,\"name\":\"Inicio\",\"item\":\"https:\\\/\\\/eldigitaldeasturias.com\\\/radio\",\"nextItem\":{\"@type\":\"ListItem\",\"@id\":\"https:\\\/\\\/eldigitaldeasturias.com\\\/radio\\\/category\\\/noticias\\\/#listItem\",\"name\":\"Noticias\"}},{\"@type\":\"ListItem\",\"@id\":\"https:\\\/\\\/eldigitaldeasturias.com\\\/radio\\\/category\\\/noticias\\\/#listItem\",\"position\":2,\"name\":\"Noticias\",\"item\":\"https:\\\/\\\/eldigitaldeasturias.com\\\/radio\\\/category\\\/noticias\\\/\",\"nextItem\":{\"@type\":\"ListItem\",\"@id\":\"https:\\\/\\\/eldigitaldeasturias.com\\\/radio\\\/disputa-familiar-en-matadero-aleman-arroja-luz-sobre-contagios\\\/#listItem\",\"name\":\"Disputa familiar en matadero alem\\u00e1n arroja luz sobre contagios\"},\"previousItem\":{\"@type\":\"ListItem\",\"@id\":\"https:\\\/\\\/eldigitaldeasturias.com\\\/radio#listItem\",\"name\":\"Inicio\"}},{\"@type\":\"ListItem\",\"@id\":\"https:\\\/\\\/eldigitaldeasturias.com\\\/radio\\\/disputa-familiar-en-matadero-aleman-arroja-luz-sobre-contagios\\\/#listItem\",\"position\":3,\"name\":\"Disputa familiar en matadero alem\\u00e1n arroja luz sobre contagios\",\"previousItem\":{\"@type\":\"ListItem\",\"@id\":\"https:\\\/\\\/eldigitaldeasturias.com\\\/radio\\\/category\\\/noticias\\\/#listItem\",\"name\":\"Noticias\"}}]},{\"@type\":\"NewsArticle\",\"@id\":\"https:\\\/\\\/eldigitaldeasturias.com\\\/radio\\\/disputa-familiar-en-matadero-aleman-arroja-luz-sobre-contagios\\\/#newsarticle\",\"name\":\"Disputa familiar en matadero alem\\u00e1n arroja luz sobre contagios | El Digital de Asturias\",\"headline\":\"Disputa familiar en matadero alem\\u00e1n arroja luz sobre contagios\",\"author\":{\"@id\":\"https:\\\/\\\/eldigitaldeasturias.com\\\/radio\\\/author\\\/nbasturias\\\/#author\"},\"publisher\":{\"@id\":\"https:\\\/\\\/eldigitaldeasturias.com\\\/radio\\\/#organization\"},\"image\":{\"@type\":\"ImageObject\",\"url\":\"https:\\\/\\\/eldigitaldeasturias.com\\\/radio\\\/wp-content\\\/uploads\\\/2020\\\/06\\\/connection-4884862_640.jpg\",\"width\":640,\"height\":436},\"datePublished\":\"2020-06-20T02:06:02+02:00\",\"dateModified\":\"2020-06-20T02:06:02+02:00\",\"inLanguage\":\"es-ES\",\"mainEntityOfPage\":{\"@id\":\"https:\\\/\\\/eldigitaldeasturias.com\\\/radio\\\/disputa-familiar-en-matadero-aleman-arroja-luz-sobre-contagios\\\/#webpage\"},\"isPartOf\":{\"@id\":\"https:\\\/\\\/eldigitaldeasturias.com\\\/radio\\\/disputa-familiar-en-matadero-aleman-arroja-luz-sobre-contagios\\\/#webpage\"},\"articleSection\":\"Noticias\",\"dateline\":\"Publicado el junio 20, 2020.\"},{\"@type\":\"Organization\",\"@id\":\"https:\\\/\\\/eldigitaldeasturias.com\\\/radio\\\/#organization\",\"name\":\"El digital de Asturias Radio\",\"description\":\"Diario de informaci\\u00f3n y noticias\",\"url\":\"https:\\\/\\\/eldigitaldeasturias.com\\\/radio\\\/\",\"telephone\":\"+34652131393\",\"logo\":{\"@type\":\"ImageObject\",\"url\":\"https:\\\/\\\/www.eldigitaldeasturias.com\\\/radio\\\/wp-content\\\/uploads\\\/2021\\\/03\\\/EDA.jpg\",\"@id\":\"https:\\\/\\\/eldigitaldeasturias.com\\\/radio\\\/disputa-familiar-en-matadero-aleman-arroja-luz-sobre-contagios\\\/#organizationLogo\"},\"image\":{\"@id\":\"https:\\\/\\\/eldigitaldeasturias.com\\\/radio\\\/disputa-familiar-en-matadero-aleman-arroja-luz-sobre-contagios\\\/#organizationLogo\"},\"sameAs\":[\"https:\\\/\\\/www.facebook.com\\\/\",\"https:\\\/\\\/x.com\\\/bercodi\",\"https:\\\/\\\/www.instagram.com\\\/\",\"https:\\\/\\\/www.youtube.com\\\/channel\\\/UCZP-2wLEB9Rv6erhFmqVnvg\"]},{\"@type\":\"Person\",\"@id\":\"https:\\\/\\\/eldigitaldeasturias.com\\\/radio\\\/author\\\/nbasturias\\\/#author\",\"url\":\"https:\\\/\\\/eldigitaldeasturias.com\\\/radio\\\/author\\\/nbasturias\\\/\",\"name\":\"NBAsturias\",\"image\":{\"@type\":\"ImageObject\",\"@id\":\"https:\\\/\\\/eldigitaldeasturias.com\\\/radio\\\/disputa-familiar-en-matadero-aleman-arroja-luz-sobre-contagios\\\/#authorImage\",\"url\":\"https:\\\/\\\/secure.gravatar.com\\\/avatar\\\/df2aeffc32bcd13f8d26072ef8a91b623d677766deac7f97ca815868cd41bf5e?s=96&d=mm&r=g\",\"width\":96,\"height\":96,\"caption\":\"NBAsturias\"}},{\"@type\":\"WebPage\",\"@id\":\"https:\\\/\\\/eldigitaldeasturias.com\\\/radio\\\/disputa-familiar-en-matadero-aleman-arroja-luz-sobre-contagios\\\/#webpage\",\"url\":\"https:\\\/\\\/eldigitaldeasturias.com\\\/radio\\\/disputa-familiar-en-matadero-aleman-arroja-luz-sobre-contagios\\\/\",\"name\":\"Disputa familiar en matadero alem\\u00e1n arroja luz sobre contagios | El Digital de Asturias\",\"description\":\"Berl\\u00edn, 18 jun (dpa) - Una disputa familiar entre los propietarios de una empresa alemana de mataderos afectada por un gran brote de coronavirus ha arrojado luz sobre las condiciones de trabajo en la industria c\\u00e1rnica del pa\\u00eds. Robert T\\u00f6nnies, uno de los due\\u00f1os del Grupo T\\u00f6nnies, una compa\\u00f1\\u00eda l\\u00edder de la industria alemana de\",\"inLanguage\":\"es-ES\",\"isPartOf\":{\"@id\":\"https:\\\/\\\/eldigitaldeasturias.com\\\/radio\\\/#website\"},\"breadcrumb\":{\"@id\":\"https:\\\/\\\/eldigitaldeasturias.com\\\/radio\\\/disputa-familiar-en-matadero-aleman-arroja-luz-sobre-contagios\\\/#breadcrumblist\"},\"author\":{\"@id\":\"https:\\\/\\\/eldigitaldeasturias.com\\\/radio\\\/author\\\/nbasturias\\\/#author\"},\"creator\":{\"@id\":\"https:\\\/\\\/eldigitaldeasturias.com\\\/radio\\\/author\\\/nbasturias\\\/#author\"},\"image\":{\"@type\":\"ImageObject\",\"url\":\"https:\\\/\\\/eldigitaldeasturias.com\\\/radio\\\/wp-content\\\/uploads\\\/2020\\\/06\\\/connection-4884862_640.jpg\",\"@id\":\"https:\\\/\\\/eldigitaldeasturias.com\\\/radio\\\/disputa-familiar-en-matadero-aleman-arroja-luz-sobre-contagios\\\/#mainImage\",\"width\":640,\"height\":436},\"primaryImageOfPage\":{\"@id\":\"https:\\\/\\\/eldigitaldeasturias.com\\\/radio\\\/disputa-familiar-en-matadero-aleman-arroja-luz-sobre-contagios\\\/#mainImage\"},\"datePublished\":\"2020-06-20T02:06:02+02:00\",\"dateModified\":\"2020-06-20T02:06:02+02:00\"},{\"@type\":\"WebSite\",\"@id\":\"https:\\\/\\\/eldigitaldeasturias.com\\\/radio\\\/#website\",\"url\":\"https:\\\/\\\/eldigitaldeasturias.com\\\/radio\\\/\",\"name\":\"El Digital de Asturias\",\"description\":\"Diario de informaci\\u00f3n y noticias\",\"inLanguage\":\"es-ES\",\"publisher\":{\"@id\":\"https:\\\/\\\/eldigitaldeasturias.com\\\/radio\\\/#organization\"}}]}\n\t\t<\/script>\n\t\t<!-- All in One SEO Pro -->\r\n\t\t<title>Disputa familiar en matadero alem\u00e1n arroja luz sobre contagios | El Digital de Asturias<\/title>\n\n","aioseo_head_json":{"title":"Disputa familiar en matadero alem\u00e1n arroja luz sobre contagios | El Digital de Asturias","description":"Berl\u00edn, 18 jun (dpa) - Una disputa familiar entre los propietarios de una empresa alemana de mataderos afectada por un gran brote de coronavirus ha arrojado luz sobre las condiciones de trabajo en la industria c\u00e1rnica del pa\u00eds. Robert T\u00f6nnies, uno de los due\u00f1os del Grupo T\u00f6nnies, una compa\u00f1\u00eda l\u00edder de la industria alemana de","canonical_url":"https:\/\/eldigitaldeasturias.com\/radio\/disputa-familiar-en-matadero-aleman-arroja-luz-sobre-contagios\/","robots":"max-image-preview:large","keywords":"noticias","webmasterTools":{"google-site-verification":"UA-38556648-1","miscellaneous":""},"schema":{"@context":"https:\/\/schema.org","@graph":[{"@type":"BreadcrumbList","@id":"https:\/\/eldigitaldeasturias.com\/radio\/disputa-familiar-en-matadero-aleman-arroja-luz-sobre-contagios\/#breadcrumblist","itemListElement":[{"@type":"ListItem","@id":"https:\/\/eldigitaldeasturias.com\/radio#listItem","position":1,"name":"Inicio","item":"https:\/\/eldigitaldeasturias.com\/radio","nextItem":{"@type":"ListItem","@id":"https:\/\/eldigitaldeasturias.com\/radio\/category\/noticias\/#listItem","name":"Noticias"}},{"@type":"ListItem","@id":"https:\/\/eldigitaldeasturias.com\/radio\/category\/noticias\/#listItem","position":2,"name":"Noticias","item":"https:\/\/eldigitaldeasturias.com\/radio\/category\/noticias\/","nextItem":{"@type":"ListItem","@id":"https:\/\/eldigitaldeasturias.com\/radio\/disputa-familiar-en-matadero-aleman-arroja-luz-sobre-contagios\/#listItem","name":"Disputa familiar en matadero alem\u00e1n arroja luz sobre contagios"},"previousItem":{"@type":"ListItem","@id":"https:\/\/eldigitaldeasturias.com\/radio#listItem","name":"Inicio"}},{"@type":"ListItem","@id":"https:\/\/eldigitaldeasturias.com\/radio\/disputa-familiar-en-matadero-aleman-arroja-luz-sobre-contagios\/#listItem","position":3,"name":"Disputa familiar en matadero alem\u00e1n arroja luz sobre contagios","previousItem":{"@type":"ListItem","@id":"https:\/\/eldigitaldeasturias.com\/radio\/category\/noticias\/#listItem","name":"Noticias"}}]},{"@type":"NewsArticle","@id":"https:\/\/eldigitaldeasturias.com\/radio\/disputa-familiar-en-matadero-aleman-arroja-luz-sobre-contagios\/#newsarticle","name":"Disputa familiar en matadero alem\u00e1n arroja luz sobre contagios | El Digital de Asturias","headline":"Disputa familiar en matadero alem\u00e1n arroja luz sobre contagios","author":{"@id":"https:\/\/eldigitaldeasturias.com\/radio\/author\/nbasturias\/#author"},"publisher":{"@id":"https:\/\/eldigitaldeasturias.com\/radio\/#organization"},"image":{"@type":"ImageObject","url":"https:\/\/eldigitaldeasturias.com\/radio\/wp-content\/uploads\/2020\/06\/connection-4884862_640.jpg","width":640,"height":436},"datePublished":"2020-06-20T02:06:02+02:00","dateModified":"2020-06-20T02:06:02+02:00","inLanguage":"es-ES","mainEntityOfPage":{"@id":"https:\/\/eldigitaldeasturias.com\/radio\/disputa-familiar-en-matadero-aleman-arroja-luz-sobre-contagios\/#webpage"},"isPartOf":{"@id":"https:\/\/eldigitaldeasturias.com\/radio\/disputa-familiar-en-matadero-aleman-arroja-luz-sobre-contagios\/#webpage"},"articleSection":"Noticias","dateline":"Publicado el junio 20, 2020."},{"@type":"Organization","@id":"https:\/\/eldigitaldeasturias.com\/radio\/#organization","name":"El digital de Asturias Radio","description":"Diario de informaci\u00f3n y noticias","url":"https:\/\/eldigitaldeasturias.com\/radio\/","telephone":"+34652131393","logo":{"@type":"ImageObject","url":"https:\/\/www.eldigitaldeasturias.com\/radio\/wp-content\/uploads\/2021\/03\/EDA.jpg","@id":"https:\/\/eldigitaldeasturias.com\/radio\/disputa-familiar-en-matadero-aleman-arroja-luz-sobre-contagios\/#organizationLogo"},"image":{"@id":"https:\/\/eldigitaldeasturias.com\/radio\/disputa-familiar-en-matadero-aleman-arroja-luz-sobre-contagios\/#organizationLogo"},"sameAs":["https:\/\/www.facebook.com\/","https:\/\/x.com\/bercodi","https:\/\/www.instagram.com\/","https:\/\/www.youtube.com\/channel\/UCZP-2wLEB9Rv6erhFmqVnvg"]},{"@type":"Person","@id":"https:\/\/eldigitaldeasturias.com\/radio\/author\/nbasturias\/#author","url":"https:\/\/eldigitaldeasturias.com\/radio\/author\/nbasturias\/","name":"NBAsturias","image":{"@type":"ImageObject","@id":"https:\/\/eldigitaldeasturias.com\/radio\/disputa-familiar-en-matadero-aleman-arroja-luz-sobre-contagios\/#authorImage","url":"https:\/\/secure.gravatar.com\/avatar\/df2aeffc32bcd13f8d26072ef8a91b623d677766deac7f97ca815868cd41bf5e?s=96&d=mm&r=g","width":96,"height":96,"caption":"NBAsturias"}},{"@type":"WebPage","@id":"https:\/\/eldigitaldeasturias.com\/radio\/disputa-familiar-en-matadero-aleman-arroja-luz-sobre-contagios\/#webpage","url":"https:\/\/eldigitaldeasturias.com\/radio\/disputa-familiar-en-matadero-aleman-arroja-luz-sobre-contagios\/","name":"Disputa familiar en matadero alem\u00e1n arroja luz sobre contagios | El Digital de Asturias","description":"Berl\u00edn, 18 jun (dpa) - Una disputa familiar entre los propietarios de una empresa alemana de mataderos afectada por un gran brote de coronavirus ha arrojado luz sobre las condiciones de trabajo en la industria c\u00e1rnica del pa\u00eds. Robert T\u00f6nnies, uno de los due\u00f1os del Grupo T\u00f6nnies, una compa\u00f1\u00eda l\u00edder de la industria alemana de","inLanguage":"es-ES","isPartOf":{"@id":"https:\/\/eldigitaldeasturias.com\/radio\/#website"},"breadcrumb":{"@id":"https:\/\/eldigitaldeasturias.com\/radio\/disputa-familiar-en-matadero-aleman-arroja-luz-sobre-contagios\/#breadcrumblist"},"author":{"@id":"https:\/\/eldigitaldeasturias.com\/radio\/author\/nbasturias\/#author"},"creator":{"@id":"https:\/\/eldigitaldeasturias.com\/radio\/author\/nbasturias\/#author"},"image":{"@type":"ImageObject","url":"https:\/\/eldigitaldeasturias.com\/radio\/wp-content\/uploads\/2020\/06\/connection-4884862_640.jpg","@id":"https:\/\/eldigitaldeasturias.com\/radio\/disputa-familiar-en-matadero-aleman-arroja-luz-sobre-contagios\/#mainImage","width":640,"height":436},"primaryImageOfPage":{"@id":"https:\/\/eldigitaldeasturias.com\/radio\/disputa-familiar-en-matadero-aleman-arroja-luz-sobre-contagios\/#mainImage"},"datePublished":"2020-06-20T02:06:02+02:00","dateModified":"2020-06-20T02:06:02+02:00"},{"@type":"WebSite","@id":"https:\/\/eldigitaldeasturias.com\/radio\/#website","url":"https:\/\/eldigitaldeasturias.com\/radio\/","name":"El Digital de Asturias","description":"Diario de informaci\u00f3n y noticias","inLanguage":"es-ES","publisher":{"@id":"https:\/\/eldigitaldeasturias.com\/radio\/#organization"}}]},"og:locale":"es_ES","og:site_name":"El Digital de Asturias | Diario de informaci\u00f3n y noticias","og:type":"article","og:title":"Disputa familiar en matadero alem\u00e1n arroja luz sobre contagios | El Digital de Asturias","og:description":"Berl\u00edn, 18 jun (dpa) - Una disputa familiar entre los propietarios de una empresa alemana de mataderos afectada por un gran brote de coronavirus ha arrojado luz sobre las condiciones de trabajo en la industria c\u00e1rnica del pa\u00eds. Robert T\u00f6nnies, uno de los due\u00f1os del Grupo T\u00f6nnies, una compa\u00f1\u00eda l\u00edder de la industria alemana de","og:url":"https:\/\/eldigitaldeasturias.com\/radio\/disputa-familiar-en-matadero-aleman-arroja-luz-sobre-contagios\/","og:image":"https:\/\/eldigitaldeasturias.com\/radio\/wp-content\/uploads\/2020\/06\/connection-4884862_640.jpg","og:image:secure_url":"https:\/\/eldigitaldeasturias.com\/radio\/wp-content\/uploads\/2020\/06\/connection-4884862_640.jpg","og:image:width":640,"og:image:height":436,"article:published_time":"2020-06-20T02:06:02+00:00","article:modified_time":"2020-06-20T02:06:02+00:00","twitter:card":"summary_large_image","twitter:site":"@bercodi","twitter:title":"Disputa familiar en matadero alem\u00e1n arroja luz sobre contagios | El Digital de Asturias","twitter:description":"Berl\u00edn, 18 jun (dpa) - Una disputa familiar entre los propietarios de una empresa alemana de mataderos afectada por un gran brote de coronavirus ha arrojado luz sobre las condiciones de trabajo en la industria c\u00e1rnica del pa\u00eds. Robert T\u00f6nnies, uno de los due\u00f1os del Grupo T\u00f6nnies, una compa\u00f1\u00eda l\u00edder de la industria alemana de","twitter:creator":"@bercodi","twitter:image":"https:\/\/eldigitaldeasturias.com\/radio\/wp-content\/uploads\/2020\/06\/connection-4884862_640.jpg"},"aioseo_meta_data":{"post_id":"4565","title":null,"description":null,"keywords":null,"keyphrases":null,"primary_term":null,"canonical_url":null,"og_title":null,"og_description":null,"og_object_type":"default","og_image_type":"default","og_image_url":null,"og_image_width":null,"og_image_height":null,"og_image_custom_url":null,"og_image_custom_fields":null,"og_video":null,"og_custom_url":null,"og_article_section":null,"og_article_tags":null,"twitter_use_og":false,"twitter_card":"default","twitter_image_type":"default","twitter_image_url":null,"twitter_image_custom_url":null,"twitter_image_custom_fields":null,"twitter_title":null,"twitter_description":null,"schema":{"blockGraphs":[],"customGraphs":[],"default":{"data":{"Article":[],"Course":[],"Dataset":[],"FAQPage":[],"Movie":[],"Person":[],"Product":[],"ProductReview":[],"Car":[],"Recipe":[],"Service":[],"SoftwareApplication":[],"WebPage":[]},"graphName":"","isEnabled":true},"graphs":[],"defaultGraph":"","defaultPostTypeGraph":""},"schema_type":null,"schema_type_options":null,"pillar_content":false,"robots_default":true,"robots_noindex":false,"robots_noarchive":false,"robots_nosnippet":false,"robots_nofollow":false,"robots_noimageindex":false,"robots_noodp":false,"robots_notranslate":false,"robots_max_snippet":null,"robots_max_videopreview":null,"robots_max_imagepreview":"large","priority":null,"frequency":null,"location":null,"local_seo":null,"seo_analyzer_scan_date":"2025-08-28 16:17:41","breadcrumb_settings":null,"limit_modified_date":false,"open_ai":null,"ai":null,"created":"2021-03-25 23:41:50","updated":"2025-08-28 16:17:41"},"aioseo_breadcrumb":"<div class=\"aioseo-breadcrumbs\"><span class=\"aioseo-breadcrumb\">\n\t<a href=\"https:\/\/eldigitaldeasturias.com\/radio\" title=\"Inicio\">Inicio<\/a>\n<\/span><span class=\"aioseo-breadcrumb-separator\">&ndash;<\/span><span class=\"aioseo-breadcrumb\">\n\t<a href=\"https:\/\/eldigitaldeasturias.com\/radio\/category\/noticias\/\" title=\"Noticias\">Noticias<\/a>\n<\/span><span class=\"aioseo-breadcrumb-separator\">&ndash;<\/span><span class=\"aioseo-breadcrumb\">\n\tDisputa familiar en matadero alem\u00e1n arroja luz sobre contagios\n<\/span><\/div>","aioseo_breadcrumb_json":[{"label":"Inicio","link":"https:\/\/eldigitaldeasturias.com\/radio"},{"label":"Noticias","link":"https:\/\/eldigitaldeasturias.com\/radio\/category\/noticias\/"},{"label":"Disputa familiar en matadero alem\u00e1n arroja luz sobre contagios","link":"https:\/\/eldigitaldeasturias.com\/radio\/disputa-familiar-en-matadero-aleman-arroja-luz-sobre-contagios\/"}],"_links":{"self":[{"href":"https:\/\/eldigitaldeasturias.com\/radio\/wp-json\/wp\/v2\/posts\/4565","targetHints":{"allow":["GET"]}}],"collection":[{"href":"https:\/\/eldigitaldeasturias.com\/radio\/wp-json\/wp\/v2\/posts"}],"about":[{"href":"https:\/\/eldigitaldeasturias.com\/radio\/wp-json\/wp\/v2\/types\/post"}],"author":[{"embeddable":true,"href":"https:\/\/eldigitaldeasturias.com\/radio\/wp-json\/wp\/v2\/users\/1"}],"replies":[{"embeddable":true,"href":"https:\/\/eldigitaldeasturias.com\/radio\/wp-json\/wp\/v2\/comments?post=4565"}],"version-history":[{"count":0,"href":"https:\/\/eldigitaldeasturias.com\/radio\/wp-json\/wp\/v2\/posts\/4565\/revisions"}],"wp:featuredmedia":[{"embeddable":true,"href":"https:\/\/eldigitaldeasturias.com\/radio\/wp-json\/wp\/v2\/media\/4405"}],"wp:attachment":[{"href":"https:\/\/eldigitaldeasturias.com\/radio\/wp-json\/wp\/v2\/media?parent=4565"}],"wp:term":[{"taxonomy":"category","embeddable":true,"href":"https:\/\/eldigitaldeasturias.com\/radio\/wp-json\/wp\/v2\/categories?post=4565"},{"taxonomy":"post_tag","embeddable":true,"href":"https:\/\/eldigitaldeasturias.com\/radio\/wp-json\/wp\/v2\/tags?post=4565"}],"curies":[{"name":"wp","href":"https:\/\/api.w.org\/{rel}","templated":true}]}}