{"id":4563,"date":"2020-06-20T02:04:42","date_gmt":"2020-06-20T02:04:42","guid":{"rendered":"http:\/\/www.eldigitaldeasturias.com\/radio\/?p=4563"},"modified":"2020-06-20T02:04:42","modified_gmt":"2020-06-20T02:04:42","slug":"encuesta-alemanes-menos-dispuestos-a-mantener-cuarentena-voluntaria","status":"publish","type":"post","link":"https:\/\/eldigitaldeasturias.com\/radio\/encuesta-alemanes-menos-dispuestos-a-mantener-cuarentena-voluntaria\/","title":{"rendered":"Encuesta: Alemanes, menos dispuestos a mantener cuarentena voluntaria"},"content":{"rendered":"<p><img fetchpriority=\"high\" decoding=\"async\" class=\"alignleft size-medium wp-image-4405\" src=\"http:\/\/www.eldigitaldeasturias.com\/radio\/wp-content\/uploads\/2020\/06\/connection-4884862_640-360x245.jpg\" alt=\"\" width=\"360\" height=\"245\" srcset=\"https:\/\/eldigitaldeasturias.com\/radio\/wp-content\/uploads\/2020\/06\/connection-4884862_640-360x245.jpg 360w, https:\/\/eldigitaldeasturias.com\/radio\/wp-content\/uploads\/2020\/06\/connection-4884862_640.jpg 640w\" sizes=\"(max-width: 360px) 100vw, 360px\" \/>Berl\u00edn, 18 jun (dpa) &#8211; La disposici\u00f3n de los alemanes a un autoconfinamiento est\u00e1 disminuyendo, seg\u00fan revela un sondeo publicado hoy por el instituto de investigaci\u00f3n demosc\u00f3pica YouGov.<\/p>\n<p>De acuerdo con los datos de mediados de junio, el 70 por ciento de los encuestados dijo que cumplir\u00eda con una cuarentena voluntaria si las autoridades sanitarias lo recomendaran. En marzo, la aceptaci\u00f3n de un aislamiento era del 82 por ciento.<\/p>\n<p>Seg\u00fan YouGov, la aceptaci\u00f3n a no salir de casa en Alemania es menor que en otros pa\u00edses. En promedio, el 81 por ciento de los encuestados en 29 pa\u00edses dijeron que se aislar\u00edan por recomendaci\u00f3n de las autoridades. Esta cifra representa seis puntos porcentuales menos que en marzo.<\/p>\n<p>La encuesta de opini\u00f3n destaca que un 58 por ciento de los alemanes se aislar\u00eda voluntariamente si tuviera s\u00edntomas t\u00edpicos del covid-19 como tos seca, fiebre o p\u00e9rdida del sentido del gusto o del olfato. En comparaci\u00f3n con el mes de marzo, la proporci\u00f3n ha disminuido 15 puntos porcentuales.<\/p>\n<p>Por su parte, detalla que el 27 por ciento no tomar\u00eda distancia ni siquiera en caso de presentar s\u00edntomas.<\/p>\n<p>YouGov destaca que los brit\u00e1nicos son los m\u00e1s dispuestos a un autoconfinamiento cuando se presentan s\u00edntomas de coronavirus, con un 85 por ciento. Tambi\u00e9n en Brasil un 83 por ciento de la poblaci\u00f3n estar\u00eda dispuesta, mientras que en M\u00e9xico ser\u00eda 81 por ciento. la disposici\u00f3n a permanecer en cuarentena tambi\u00e9n es alta.<\/p>\n<p>En tanto, poco antes de la aparici\u00f3n de nuevos casos de coronavirus en Pek\u00edn, solo el 21 por ciento de las personas entrevistadas en China se quedar\u00eda en casa de manera voluntaria si presentase s\u00edntomas de la enfermedad.<\/p>\n","protected":false},"excerpt":{"rendered":"<p>Berl\u00edn, 18 jun (dpa) &#8211; La disposici\u00f3n de los alemanes a un autoconfinamiento est\u00e1 disminuyendo, seg\u00fan revela un sondeo publicado hoy por el instituto de investigaci\u00f3n demosc\u00f3pica YouGov. De acuerdo con los datos de mediados de junio, el 70 por ciento de los encuestados dijo que cumplir\u00eda con una cuarentena voluntaria si las autoridades sanitarias<\/p>\n","protected":false},"author":1,"featured_media":4405,"comment_status":"closed","ping_status":"closed","sticky":false,"template":"","format":"standard","meta":{"footnotes":""},"categories":[1],"tags":[],"class_list":{"0":"post-4563","1":"post","2":"type-post","3":"status-publish","4":"format-standard","5":"has-post-thumbnail","7":"category-noticias"},"aioseo_notices":[],"aioseo_head":"\n\t\t<!-- All in One SEO Pro 4.9.6.2 - aioseo.com -->\n\t<meta name=\"description\" content=\"Berl\u00edn, 18 jun (dpa) - La disposici\u00f3n de los alemanes a un autoconfinamiento est\u00e1 disminuyendo, seg\u00fan revela un sondeo publicado hoy por el instituto de investigaci\u00f3n demosc\u00f3pica YouGov. De acuerdo con los datos de mediados de junio, el 70 por ciento de los encuestados dijo que cumplir\u00eda con una cuarentena voluntaria si las autoridades sanitarias\" \/>\n\t<meta name=\"robots\" content=\"max-image-preview:large\" \/>\n\t<meta name=\"author\" content=\"NBAsturias\"\/>\n\t<meta name=\"google-site-verification\" content=\"UA-38556648-1\" \/>\n\t<meta name=\"keywords\" content=\"noticias\" \/>\n\t<link rel=\"canonical\" href=\"https:\/\/eldigitaldeasturias.com\/radio\/encuesta-alemanes-menos-dispuestos-a-mantener-cuarentena-voluntaria\/\" \/>\n\t<meta name=\"generator\" content=\"All in One SEO Pro (AIOSEO) 4.9.6.2\" \/>\n\t\t<meta property=\"og:locale\" content=\"es_ES\" \/>\n\t\t<meta property=\"og:site_name\" content=\"El Digital de Asturias | Diario de informaci\u00f3n y noticias\" \/>\n\t\t<meta property=\"og:type\" content=\"article\" \/>\n\t\t<meta property=\"og:title\" content=\"Encuesta: Alemanes, menos dispuestos a mantener cuarentena voluntaria | El Digital de Asturias\" \/>\n\t\t<meta property=\"og:description\" content=\"Berl\u00edn, 18 jun (dpa) - La disposici\u00f3n de los alemanes a un autoconfinamiento est\u00e1 disminuyendo, seg\u00fan revela un sondeo publicado hoy por el instituto de investigaci\u00f3n demosc\u00f3pica YouGov. De acuerdo con los datos de mediados de junio, el 70 por ciento de los encuestados dijo que cumplir\u00eda con una cuarentena voluntaria si las autoridades sanitarias\" \/>\n\t\t<meta property=\"og:url\" content=\"https:\/\/eldigitaldeasturias.com\/radio\/encuesta-alemanes-menos-dispuestos-a-mantener-cuarentena-voluntaria\/\" \/>\n\t\t<meta property=\"og:image\" content=\"https:\/\/eldigitaldeasturias.com\/radio\/wp-content\/uploads\/2020\/06\/connection-4884862_640.jpg\" \/>\n\t\t<meta property=\"og:image:secure_url\" content=\"https:\/\/eldigitaldeasturias.com\/radio\/wp-content\/uploads\/2020\/06\/connection-4884862_640.jpg\" \/>\n\t\t<meta property=\"og:image:width\" content=\"640\" \/>\n\t\t<meta property=\"og:image:height\" content=\"436\" \/>\n\t\t<meta property=\"article:published_time\" content=\"2020-06-20T02:04:42+00:00\" \/>\n\t\t<meta property=\"article:modified_time\" content=\"2020-06-20T02:04:42+00:00\" \/>\n\t\t<meta name=\"twitter:card\" content=\"summary_large_image\" \/>\n\t\t<meta name=\"twitter:site\" content=\"@bercodi\" \/>\n\t\t<meta name=\"twitter:title\" content=\"Encuesta: Alemanes, menos dispuestos a mantener cuarentena voluntaria | El Digital de Asturias\" \/>\n\t\t<meta name=\"twitter:description\" content=\"Berl\u00edn, 18 jun (dpa) - La disposici\u00f3n de los alemanes a un autoconfinamiento est\u00e1 disminuyendo, seg\u00fan revela un sondeo publicado hoy por el instituto de investigaci\u00f3n demosc\u00f3pica YouGov. De acuerdo con los datos de mediados de junio, el 70 por ciento de los encuestados dijo que cumplir\u00eda con una cuarentena voluntaria si las autoridades sanitarias\" \/>\n\t\t<meta name=\"twitter:creator\" content=\"@bercodi\" \/>\n\t\t<meta name=\"twitter:image\" content=\"https:\/\/eldigitaldeasturias.com\/radio\/wp-content\/uploads\/2020\/06\/connection-4884862_640.jpg\" \/>\n\t\t<script type=\"application\/ld+json\" class=\"aioseo-schema\">\n\t\t\t{\"@context\":\"https:\\\/\\\/schema.org\",\"@graph\":[{\"@type\":\"BreadcrumbList\",\"@id\":\"https:\\\/\\\/eldigitaldeasturias.com\\\/radio\\\/encuesta-alemanes-menos-dispuestos-a-mantener-cuarentena-voluntaria\\\/#breadcrumblist\",\"itemListElement\":[{\"@type\":\"ListItem\",\"@id\":\"https:\\\/\\\/eldigitaldeasturias.com\\\/radio#listItem\",\"position\":1,\"name\":\"Inicio\",\"item\":\"https:\\\/\\\/eldigitaldeasturias.com\\\/radio\",\"nextItem\":{\"@type\":\"ListItem\",\"@id\":\"https:\\\/\\\/eldigitaldeasturias.com\\\/radio\\\/category\\\/noticias\\\/#listItem\",\"name\":\"Noticias\"}},{\"@type\":\"ListItem\",\"@id\":\"https:\\\/\\\/eldigitaldeasturias.com\\\/radio\\\/category\\\/noticias\\\/#listItem\",\"position\":2,\"name\":\"Noticias\",\"item\":\"https:\\\/\\\/eldigitaldeasturias.com\\\/radio\\\/category\\\/noticias\\\/\",\"nextItem\":{\"@type\":\"ListItem\",\"@id\":\"https:\\\/\\\/eldigitaldeasturias.com\\\/radio\\\/encuesta-alemanes-menos-dispuestos-a-mantener-cuarentena-voluntaria\\\/#listItem\",\"name\":\"Encuesta: Alemanes, menos dispuestos a mantener cuarentena voluntaria\"},\"previousItem\":{\"@type\":\"ListItem\",\"@id\":\"https:\\\/\\\/eldigitaldeasturias.com\\\/radio#listItem\",\"name\":\"Inicio\"}},{\"@type\":\"ListItem\",\"@id\":\"https:\\\/\\\/eldigitaldeasturias.com\\\/radio\\\/encuesta-alemanes-menos-dispuestos-a-mantener-cuarentena-voluntaria\\\/#listItem\",\"position\":3,\"name\":\"Encuesta: Alemanes, menos dispuestos a mantener cuarentena voluntaria\",\"previousItem\":{\"@type\":\"ListItem\",\"@id\":\"https:\\\/\\\/eldigitaldeasturias.com\\\/radio\\\/category\\\/noticias\\\/#listItem\",\"name\":\"Noticias\"}}]},{\"@type\":\"NewsArticle\",\"@id\":\"https:\\\/\\\/eldigitaldeasturias.com\\\/radio\\\/encuesta-alemanes-menos-dispuestos-a-mantener-cuarentena-voluntaria\\\/#newsarticle\",\"name\":\"Encuesta: Alemanes, menos dispuestos a mantener cuarentena voluntaria | El Digital de Asturias\",\"headline\":\"Encuesta: Alemanes, menos dispuestos a mantener cuarentena voluntaria\",\"author\":{\"@id\":\"https:\\\/\\\/eldigitaldeasturias.com\\\/radio\\\/author\\\/nbasturias\\\/#author\"},\"publisher\":{\"@id\":\"https:\\\/\\\/eldigitaldeasturias.com\\\/radio\\\/#organization\"},\"image\":{\"@type\":\"ImageObject\",\"url\":\"https:\\\/\\\/eldigitaldeasturias.com\\\/radio\\\/wp-content\\\/uploads\\\/2020\\\/06\\\/connection-4884862_640.jpg\",\"width\":640,\"height\":436},\"datePublished\":\"2020-06-20T02:04:42+02:00\",\"dateModified\":\"2020-06-20T02:04:42+02:00\",\"inLanguage\":\"es-ES\",\"mainEntityOfPage\":{\"@id\":\"https:\\\/\\\/eldigitaldeasturias.com\\\/radio\\\/encuesta-alemanes-menos-dispuestos-a-mantener-cuarentena-voluntaria\\\/#webpage\"},\"isPartOf\":{\"@id\":\"https:\\\/\\\/eldigitaldeasturias.com\\\/radio\\\/encuesta-alemanes-menos-dispuestos-a-mantener-cuarentena-voluntaria\\\/#webpage\"},\"articleSection\":\"Noticias\",\"dateline\":\"Publicado el junio 20, 2020.\"},{\"@type\":\"Organization\",\"@id\":\"https:\\\/\\\/eldigitaldeasturias.com\\\/radio\\\/#organization\",\"name\":\"El digital de Asturias Radio\",\"description\":\"Diario de informaci\\u00f3n y noticias\",\"url\":\"https:\\\/\\\/eldigitaldeasturias.com\\\/radio\\\/\",\"telephone\":\"+34652131393\",\"logo\":{\"@type\":\"ImageObject\",\"url\":\"https:\\\/\\\/www.eldigitaldeasturias.com\\\/radio\\\/wp-content\\\/uploads\\\/2021\\\/03\\\/EDA.jpg\",\"@id\":\"https:\\\/\\\/eldigitaldeasturias.com\\\/radio\\\/encuesta-alemanes-menos-dispuestos-a-mantener-cuarentena-voluntaria\\\/#organizationLogo\"},\"image\":{\"@id\":\"https:\\\/\\\/eldigitaldeasturias.com\\\/radio\\\/encuesta-alemanes-menos-dispuestos-a-mantener-cuarentena-voluntaria\\\/#organizationLogo\"},\"sameAs\":[\"https:\\\/\\\/www.facebook.com\\\/\",\"https:\\\/\\\/x.com\\\/bercodi\",\"https:\\\/\\\/www.instagram.com\\\/\",\"https:\\\/\\\/www.youtube.com\\\/channel\\\/UCZP-2wLEB9Rv6erhFmqVnvg\"]},{\"@type\":\"Person\",\"@id\":\"https:\\\/\\\/eldigitaldeasturias.com\\\/radio\\\/author\\\/nbasturias\\\/#author\",\"url\":\"https:\\\/\\\/eldigitaldeasturias.com\\\/radio\\\/author\\\/nbasturias\\\/\",\"name\":\"NBAsturias\",\"image\":{\"@type\":\"ImageObject\",\"@id\":\"https:\\\/\\\/eldigitaldeasturias.com\\\/radio\\\/encuesta-alemanes-menos-dispuestos-a-mantener-cuarentena-voluntaria\\\/#authorImage\",\"url\":\"https:\\\/\\\/secure.gravatar.com\\\/avatar\\\/df2aeffc32bcd13f8d26072ef8a91b623d677766deac7f97ca815868cd41bf5e?s=96&d=mm&r=g\",\"width\":96,\"height\":96,\"caption\":\"NBAsturias\"}},{\"@type\":\"WebPage\",\"@id\":\"https:\\\/\\\/eldigitaldeasturias.com\\\/radio\\\/encuesta-alemanes-menos-dispuestos-a-mantener-cuarentena-voluntaria\\\/#webpage\",\"url\":\"https:\\\/\\\/eldigitaldeasturias.com\\\/radio\\\/encuesta-alemanes-menos-dispuestos-a-mantener-cuarentena-voluntaria\\\/\",\"name\":\"Encuesta: Alemanes, menos dispuestos a mantener cuarentena voluntaria | El Digital de Asturias\",\"description\":\"Berl\\u00edn, 18 jun (dpa) - La disposici\\u00f3n de los alemanes a un autoconfinamiento est\\u00e1 disminuyendo, seg\\u00fan revela un sondeo publicado hoy por el instituto de investigaci\\u00f3n demosc\\u00f3pica YouGov. De acuerdo con los datos de mediados de junio, el 70 por ciento de los encuestados dijo que cumplir\\u00eda con una cuarentena voluntaria si las autoridades sanitarias\",\"inLanguage\":\"es-ES\",\"isPartOf\":{\"@id\":\"https:\\\/\\\/eldigitaldeasturias.com\\\/radio\\\/#website\"},\"breadcrumb\":{\"@id\":\"https:\\\/\\\/eldigitaldeasturias.com\\\/radio\\\/encuesta-alemanes-menos-dispuestos-a-mantener-cuarentena-voluntaria\\\/#breadcrumblist\"},\"author\":{\"@id\":\"https:\\\/\\\/eldigitaldeasturias.com\\\/radio\\\/author\\\/nbasturias\\\/#author\"},\"creator\":{\"@id\":\"https:\\\/\\\/eldigitaldeasturias.com\\\/radio\\\/author\\\/nbasturias\\\/#author\"},\"image\":{\"@type\":\"ImageObject\",\"url\":\"https:\\\/\\\/eldigitaldeasturias.com\\\/radio\\\/wp-content\\\/uploads\\\/2020\\\/06\\\/connection-4884862_640.jpg\",\"@id\":\"https:\\\/\\\/eldigitaldeasturias.com\\\/radio\\\/encuesta-alemanes-menos-dispuestos-a-mantener-cuarentena-voluntaria\\\/#mainImage\",\"width\":640,\"height\":436},\"primaryImageOfPage\":{\"@id\":\"https:\\\/\\\/eldigitaldeasturias.com\\\/radio\\\/encuesta-alemanes-menos-dispuestos-a-mantener-cuarentena-voluntaria\\\/#mainImage\"},\"datePublished\":\"2020-06-20T02:04:42+02:00\",\"dateModified\":\"2020-06-20T02:04:42+02:00\"},{\"@type\":\"WebSite\",\"@id\":\"https:\\\/\\\/eldigitaldeasturias.com\\\/radio\\\/#website\",\"url\":\"https:\\\/\\\/eldigitaldeasturias.com\\\/radio\\\/\",\"name\":\"El Digital de Asturias\",\"description\":\"Diario de informaci\\u00f3n y noticias\",\"inLanguage\":\"es-ES\",\"publisher\":{\"@id\":\"https:\\\/\\\/eldigitaldeasturias.com\\\/radio\\\/#organization\"}}]}\n\t\t<\/script>\n\t\t<!-- All in One SEO Pro -->\r\n\t\t<title>Encuesta: Alemanes, menos dispuestos a mantener cuarentena voluntaria | El Digital de Asturias<\/title>\n\n","aioseo_head_json":{"title":"Encuesta: Alemanes, menos dispuestos a mantener cuarentena voluntaria | El Digital de Asturias","description":"Berl\u00edn, 18 jun (dpa) - La disposici\u00f3n de los alemanes a un autoconfinamiento est\u00e1 disminuyendo, seg\u00fan revela un sondeo publicado hoy por el instituto de investigaci\u00f3n demosc\u00f3pica YouGov. De acuerdo con los datos de mediados de junio, el 70 por ciento de los encuestados dijo que cumplir\u00eda con una cuarentena voluntaria si las autoridades sanitarias","canonical_url":"https:\/\/eldigitaldeasturias.com\/radio\/encuesta-alemanes-menos-dispuestos-a-mantener-cuarentena-voluntaria\/","robots":"max-image-preview:large","keywords":"noticias","webmasterTools":{"google-site-verification":"UA-38556648-1","miscellaneous":""},"schema":{"@context":"https:\/\/schema.org","@graph":[{"@type":"BreadcrumbList","@id":"https:\/\/eldigitaldeasturias.com\/radio\/encuesta-alemanes-menos-dispuestos-a-mantener-cuarentena-voluntaria\/#breadcrumblist","itemListElement":[{"@type":"ListItem","@id":"https:\/\/eldigitaldeasturias.com\/radio#listItem","position":1,"name":"Inicio","item":"https:\/\/eldigitaldeasturias.com\/radio","nextItem":{"@type":"ListItem","@id":"https:\/\/eldigitaldeasturias.com\/radio\/category\/noticias\/#listItem","name":"Noticias"}},{"@type":"ListItem","@id":"https:\/\/eldigitaldeasturias.com\/radio\/category\/noticias\/#listItem","position":2,"name":"Noticias","item":"https:\/\/eldigitaldeasturias.com\/radio\/category\/noticias\/","nextItem":{"@type":"ListItem","@id":"https:\/\/eldigitaldeasturias.com\/radio\/encuesta-alemanes-menos-dispuestos-a-mantener-cuarentena-voluntaria\/#listItem","name":"Encuesta: Alemanes, menos dispuestos a mantener cuarentena voluntaria"},"previousItem":{"@type":"ListItem","@id":"https:\/\/eldigitaldeasturias.com\/radio#listItem","name":"Inicio"}},{"@type":"ListItem","@id":"https:\/\/eldigitaldeasturias.com\/radio\/encuesta-alemanes-menos-dispuestos-a-mantener-cuarentena-voluntaria\/#listItem","position":3,"name":"Encuesta: Alemanes, menos dispuestos a mantener cuarentena voluntaria","previousItem":{"@type":"ListItem","@id":"https:\/\/eldigitaldeasturias.com\/radio\/category\/noticias\/#listItem","name":"Noticias"}}]},{"@type":"NewsArticle","@id":"https:\/\/eldigitaldeasturias.com\/radio\/encuesta-alemanes-menos-dispuestos-a-mantener-cuarentena-voluntaria\/#newsarticle","name":"Encuesta: Alemanes, menos dispuestos a mantener cuarentena voluntaria | El Digital de Asturias","headline":"Encuesta: Alemanes, menos dispuestos a mantener cuarentena voluntaria","author":{"@id":"https:\/\/eldigitaldeasturias.com\/radio\/author\/nbasturias\/#author"},"publisher":{"@id":"https:\/\/eldigitaldeasturias.com\/radio\/#organization"},"image":{"@type":"ImageObject","url":"https:\/\/eldigitaldeasturias.com\/radio\/wp-content\/uploads\/2020\/06\/connection-4884862_640.jpg","width":640,"height":436},"datePublished":"2020-06-20T02:04:42+02:00","dateModified":"2020-06-20T02:04:42+02:00","inLanguage":"es-ES","mainEntityOfPage":{"@id":"https:\/\/eldigitaldeasturias.com\/radio\/encuesta-alemanes-menos-dispuestos-a-mantener-cuarentena-voluntaria\/#webpage"},"isPartOf":{"@id":"https:\/\/eldigitaldeasturias.com\/radio\/encuesta-alemanes-menos-dispuestos-a-mantener-cuarentena-voluntaria\/#webpage"},"articleSection":"Noticias","dateline":"Publicado el junio 20, 2020."},{"@type":"Organization","@id":"https:\/\/eldigitaldeasturias.com\/radio\/#organization","name":"El digital de Asturias Radio","description":"Diario de informaci\u00f3n y noticias","url":"https:\/\/eldigitaldeasturias.com\/radio\/","telephone":"+34652131393","logo":{"@type":"ImageObject","url":"https:\/\/www.eldigitaldeasturias.com\/radio\/wp-content\/uploads\/2021\/03\/EDA.jpg","@id":"https:\/\/eldigitaldeasturias.com\/radio\/encuesta-alemanes-menos-dispuestos-a-mantener-cuarentena-voluntaria\/#organizationLogo"},"image":{"@id":"https:\/\/eldigitaldeasturias.com\/radio\/encuesta-alemanes-menos-dispuestos-a-mantener-cuarentena-voluntaria\/#organizationLogo"},"sameAs":["https:\/\/www.facebook.com\/","https:\/\/x.com\/bercodi","https:\/\/www.instagram.com\/","https:\/\/www.youtube.com\/channel\/UCZP-2wLEB9Rv6erhFmqVnvg"]},{"@type":"Person","@id":"https:\/\/eldigitaldeasturias.com\/radio\/author\/nbasturias\/#author","url":"https:\/\/eldigitaldeasturias.com\/radio\/author\/nbasturias\/","name":"NBAsturias","image":{"@type":"ImageObject","@id":"https:\/\/eldigitaldeasturias.com\/radio\/encuesta-alemanes-menos-dispuestos-a-mantener-cuarentena-voluntaria\/#authorImage","url":"https:\/\/secure.gravatar.com\/avatar\/df2aeffc32bcd13f8d26072ef8a91b623d677766deac7f97ca815868cd41bf5e?s=96&d=mm&r=g","width":96,"height":96,"caption":"NBAsturias"}},{"@type":"WebPage","@id":"https:\/\/eldigitaldeasturias.com\/radio\/encuesta-alemanes-menos-dispuestos-a-mantener-cuarentena-voluntaria\/#webpage","url":"https:\/\/eldigitaldeasturias.com\/radio\/encuesta-alemanes-menos-dispuestos-a-mantener-cuarentena-voluntaria\/","name":"Encuesta: Alemanes, menos dispuestos a mantener cuarentena voluntaria | El Digital de Asturias","description":"Berl\u00edn, 18 jun (dpa) - La disposici\u00f3n de los alemanes a un autoconfinamiento est\u00e1 disminuyendo, seg\u00fan revela un sondeo publicado hoy por el instituto de investigaci\u00f3n demosc\u00f3pica YouGov. De acuerdo con los datos de mediados de junio, el 70 por ciento de los encuestados dijo que cumplir\u00eda con una cuarentena voluntaria si las autoridades sanitarias","inLanguage":"es-ES","isPartOf":{"@id":"https:\/\/eldigitaldeasturias.com\/radio\/#website"},"breadcrumb":{"@id":"https:\/\/eldigitaldeasturias.com\/radio\/encuesta-alemanes-menos-dispuestos-a-mantener-cuarentena-voluntaria\/#breadcrumblist"},"author":{"@id":"https:\/\/eldigitaldeasturias.com\/radio\/author\/nbasturias\/#author"},"creator":{"@id":"https:\/\/eldigitaldeasturias.com\/radio\/author\/nbasturias\/#author"},"image":{"@type":"ImageObject","url":"https:\/\/eldigitaldeasturias.com\/radio\/wp-content\/uploads\/2020\/06\/connection-4884862_640.jpg","@id":"https:\/\/eldigitaldeasturias.com\/radio\/encuesta-alemanes-menos-dispuestos-a-mantener-cuarentena-voluntaria\/#mainImage","width":640,"height":436},"primaryImageOfPage":{"@id":"https:\/\/eldigitaldeasturias.com\/radio\/encuesta-alemanes-menos-dispuestos-a-mantener-cuarentena-voluntaria\/#mainImage"},"datePublished":"2020-06-20T02:04:42+02:00","dateModified":"2020-06-20T02:04:42+02:00"},{"@type":"WebSite","@id":"https:\/\/eldigitaldeasturias.com\/radio\/#website","url":"https:\/\/eldigitaldeasturias.com\/radio\/","name":"El Digital de Asturias","description":"Diario de informaci\u00f3n y noticias","inLanguage":"es-ES","publisher":{"@id":"https:\/\/eldigitaldeasturias.com\/radio\/#organization"}}]},"og:locale":"es_ES","og:site_name":"El Digital de Asturias | Diario de informaci\u00f3n y noticias","og:type":"article","og:title":"Encuesta: Alemanes, menos dispuestos a mantener cuarentena voluntaria | El Digital de Asturias","og:description":"Berl\u00edn, 18 jun (dpa) - La disposici\u00f3n de los alemanes a un autoconfinamiento est\u00e1 disminuyendo, seg\u00fan revela un sondeo publicado hoy por el instituto de investigaci\u00f3n demosc\u00f3pica YouGov. De acuerdo con los datos de mediados de junio, el 70 por ciento de los encuestados dijo que cumplir\u00eda con una cuarentena voluntaria si las autoridades sanitarias","og:url":"https:\/\/eldigitaldeasturias.com\/radio\/encuesta-alemanes-menos-dispuestos-a-mantener-cuarentena-voluntaria\/","og:image":"https:\/\/eldigitaldeasturias.com\/radio\/wp-content\/uploads\/2020\/06\/connection-4884862_640.jpg","og:image:secure_url":"https:\/\/eldigitaldeasturias.com\/radio\/wp-content\/uploads\/2020\/06\/connection-4884862_640.jpg","og:image:width":640,"og:image:height":436,"article:published_time":"2020-06-20T02:04:42+00:00","article:modified_time":"2020-06-20T02:04:42+00:00","twitter:card":"summary_large_image","twitter:site":"@bercodi","twitter:title":"Encuesta: Alemanes, menos dispuestos a mantener cuarentena voluntaria | El Digital de Asturias","twitter:description":"Berl\u00edn, 18 jun (dpa) - La disposici\u00f3n de los alemanes a un autoconfinamiento est\u00e1 disminuyendo, seg\u00fan revela un sondeo publicado hoy por el instituto de investigaci\u00f3n demosc\u00f3pica YouGov. De acuerdo con los datos de mediados de junio, el 70 por ciento de los encuestados dijo que cumplir\u00eda con una cuarentena voluntaria si las autoridades sanitarias","twitter:creator":"@bercodi","twitter:image":"https:\/\/eldigitaldeasturias.com\/radio\/wp-content\/uploads\/2020\/06\/connection-4884862_640.jpg"},"aioseo_meta_data":{"post_id":"4563","title":null,"description":null,"keywords":null,"keyphrases":null,"primary_term":null,"canonical_url":null,"og_title":null,"og_description":null,"og_object_type":"default","og_image_type":"default","og_image_url":null,"og_image_width":null,"og_image_height":null,"og_image_custom_url":null,"og_image_custom_fields":null,"og_video":null,"og_custom_url":null,"og_article_section":null,"og_article_tags":null,"twitter_use_og":false,"twitter_card":"default","twitter_image_type":"default","twitter_image_url":null,"twitter_image_custom_url":null,"twitter_image_custom_fields":null,"twitter_title":null,"twitter_description":null,"schema":{"blockGraphs":[],"customGraphs":[],"default":{"data":{"Article":[],"Course":[],"Dataset":[],"FAQPage":[],"Movie":[],"Person":[],"Product":[],"ProductReview":[],"Car":[],"Recipe":[],"Service":[],"SoftwareApplication":[],"WebPage":[]},"graphName":"","isEnabled":true},"graphs":[],"defaultGraph":"","defaultPostTypeGraph":""},"schema_type":null,"schema_type_options":null,"pillar_content":false,"robots_default":true,"robots_noindex":false,"robots_noarchive":false,"robots_nosnippet":false,"robots_nofollow":false,"robots_noimageindex":false,"robots_noodp":false,"robots_notranslate":false,"robots_max_snippet":null,"robots_max_videopreview":null,"robots_max_imagepreview":"large","priority":null,"frequency":null,"location":null,"local_seo":null,"seo_analyzer_scan_date":"2025-08-28 16:17:36","breadcrumb_settings":null,"limit_modified_date":false,"open_ai":null,"ai":null,"created":"2021-03-25 23:41:50","updated":"2025-08-28 16:17:36"},"aioseo_breadcrumb":"<div class=\"aioseo-breadcrumbs\"><span class=\"aioseo-breadcrumb\">\n\t<a href=\"https:\/\/eldigitaldeasturias.com\/radio\" title=\"Inicio\">Inicio<\/a>\n<\/span><span class=\"aioseo-breadcrumb-separator\">&ndash;<\/span><span class=\"aioseo-breadcrumb\">\n\t<a href=\"https:\/\/eldigitaldeasturias.com\/radio\/category\/noticias\/\" title=\"Noticias\">Noticias<\/a>\n<\/span><span class=\"aioseo-breadcrumb-separator\">&ndash;<\/span><span class=\"aioseo-breadcrumb\">\n\tEncuesta: Alemanes, menos dispuestos a mantener cuarentena voluntaria\n<\/span><\/div>","aioseo_breadcrumb_json":[{"label":"Inicio","link":"https:\/\/eldigitaldeasturias.com\/radio"},{"label":"Noticias","link":"https:\/\/eldigitaldeasturias.com\/radio\/category\/noticias\/"},{"label":"Encuesta: Alemanes, menos dispuestos a mantener cuarentena voluntaria","link":"https:\/\/eldigitaldeasturias.com\/radio\/encuesta-alemanes-menos-dispuestos-a-mantener-cuarentena-voluntaria\/"}],"_links":{"self":[{"href":"https:\/\/eldigitaldeasturias.com\/radio\/wp-json\/wp\/v2\/posts\/4563","targetHints":{"allow":["GET"]}}],"collection":[{"href":"https:\/\/eldigitaldeasturias.com\/radio\/wp-json\/wp\/v2\/posts"}],"about":[{"href":"https:\/\/eldigitaldeasturias.com\/radio\/wp-json\/wp\/v2\/types\/post"}],"author":[{"embeddable":true,"href":"https:\/\/eldigitaldeasturias.com\/radio\/wp-json\/wp\/v2\/users\/1"}],"replies":[{"embeddable":true,"href":"https:\/\/eldigitaldeasturias.com\/radio\/wp-json\/wp\/v2\/comments?post=4563"}],"version-history":[{"count":0,"href":"https:\/\/eldigitaldeasturias.com\/radio\/wp-json\/wp\/v2\/posts\/4563\/revisions"}],"wp:featuredmedia":[{"embeddable":true,"href":"https:\/\/eldigitaldeasturias.com\/radio\/wp-json\/wp\/v2\/media\/4405"}],"wp:attachment":[{"href":"https:\/\/eldigitaldeasturias.com\/radio\/wp-json\/wp\/v2\/media?parent=4563"}],"wp:term":[{"taxonomy":"category","embeddable":true,"href":"https:\/\/eldigitaldeasturias.com\/radio\/wp-json\/wp\/v2\/categories?post=4563"},{"taxonomy":"post_tag","embeddable":true,"href":"https:\/\/eldigitaldeasturias.com\/radio\/wp-json\/wp\/v2\/tags?post=4563"}],"curies":[{"name":"wp","href":"https:\/\/api.w.org\/{rel}","templated":true}]}}