{"id":4561,"date":"2020-06-20T02:02:06","date_gmt":"2020-06-20T02:02:06","guid":{"rendered":"http:\/\/www.eldigitaldeasturias.com\/radio\/?p=4561"},"modified":"2020-06-20T02:02:06","modified_gmt":"2020-06-20T02:02:06","slug":"alemania-perdera-hasta-un-millon-de-puestos-de-trabajo-por-covid-19","status":"publish","type":"post","link":"https:\/\/eldigitaldeasturias.com\/radio\/alemania-perdera-hasta-un-millon-de-puestos-de-trabajo-por-covid-19\/","title":{"rendered":"Alemania perder\u00e1 hasta un mill\u00f3n de puestos de trabajo por covid-19"},"content":{"rendered":"<p><img fetchpriority=\"high\" decoding=\"async\" class=\"alignleft size-medium wp-image-4405\" src=\"http:\/\/www.eldigitaldeasturias.com\/radio\/wp-content\/uploads\/2020\/06\/connection-4884862_640-360x245.jpg\" alt=\"\" width=\"360\" height=\"245\" srcset=\"https:\/\/eldigitaldeasturias.com\/radio\/wp-content\/uploads\/2020\/06\/connection-4884862_640-360x245.jpg 360w, https:\/\/eldigitaldeasturias.com\/radio\/wp-content\/uploads\/2020\/06\/connection-4884862_640.jpg 640w\" sizes=\"(max-width: 360px) 100vw, 360px\" \/>Kiel (Alemania), 18 jun (dpa) &#8211; La producci\u00f3n econ\u00f3mica en Alemania registrar\u00e1 una ca\u00edda anual del 6,8 por ciento, con hasta un mill\u00f3n de empleos perdidos, como consecuencia de la crisis del coronavirus, seg\u00fan el pron\u00f3stico publicado hoy por el Instituto de Econom\u00eda Mundial de Kiel (IfW).<\/p>\n<p>\u00abEl punto m\u00e1s bajo de la crisis ha quedado atr\u00e1s\u00bb, dijo Stefan Kooths, director del instituto.<\/p>\n<p>\u00abPero esto no significa que ha cesado la alarma, porque el pozo ha sido extremadamente profundo\u00bb, agreg\u00f3 el experto de IfW.<\/p>\n<p>En el segundo trimestre, es probable que el producto interno bruto (PIB) se reduzca en un 12 por ciento. La pandemia del coronavirus marc\u00f3 as\u00ed la mayor ca\u00edda econ\u00f3mica desde la fundaci\u00f3n de la Rep\u00fablica Federal Alemana en 1949.<\/p>\n<p>Para la segunda mitad del a\u00f1o, los investigadores de uno de los cinco principales institutos de econom\u00eda de Alemania, esperan que la producci\u00f3n se recupere con un poco m\u00e1s de fuerza.<\/p>\n<p>La reducci\u00f3n temporal del impuesto sobre el valor a\u00f1adido (IVA) podr\u00eda tener efectos anticipados, especialmente en el caso de los bienes de consumo duradero. Esto, sin embargo, podr\u00e1 tener un efecto amortiguador el a\u00f1o pr\u00f3ximo.<\/p>\n<p>El IfW espera un crecimiento del 6,3 por ciento para Alemania el pr\u00f3ximo a\u00f1o.<\/p>\n<p>Los expertos critican el paquete de est\u00edmulo econ\u00f3mico del Gobierno alem\u00e1n y se\u00f1alan que la recesi\u00f3n econ\u00f3mica se debi\u00f3 principalmente a la disminuci\u00f3n del gasto de los consumidores privados debido a la falta de oportunidades de consumo.<\/p>\n<p>En la primera mitad del a\u00f1o se acumularon 80.000 millones de euros (90.386 millones de d\u00f3lares) e incluso se calculan 130.000 millones de euros para todo el a\u00f1o.<\/p>\n<p>Seg\u00fan los economistas, esto se refleja en un fuerte aumento de la tasa de ahorro, que alcanz\u00f3 un m\u00e1ximo hist\u00f3rico del 23 por ciento en el segundo trimestre y se espera que alcance el 17,3 por ciento para todo el a\u00f1o, frente al 10,9 por ciento en 2019.<\/p>\n<p>\u00abEste poder adquisitivo se reflejar\u00e1 en la demanda de los consumidores apenas las circunstancias lo permitan\u00bb, dijo Kooths, quien agreg\u00f3 que no es necesario incentivar el consumo. \u00abEs suficiente liberar los frenos\u00bb, asegur\u00f3.<\/p>\n<p>En el mercado laboral, la jornada reducida solo puede amortiguar parcialmente la fuerte disminuci\u00f3n de la producci\u00f3n. Los investigadores de Kiel esperan ocasionalmente hasta un mill\u00f3n de desempleados adicionales y una tasa de desempleo del 6,1 por ciento este a\u00f1o, en comparaci\u00f3n con el 5,0 por ciento del a\u00f1o pasado.<\/p>\n","protected":false},"excerpt":{"rendered":"<p>Kiel (Alemania), 18 jun (dpa) &#8211; La producci\u00f3n econ\u00f3mica en Alemania registrar\u00e1 una ca\u00edda anual del 6,8 por ciento, con hasta un mill\u00f3n de empleos perdidos, como consecuencia de la crisis del coronavirus, seg\u00fan el pron\u00f3stico publicado hoy por el Instituto de Econom\u00eda Mundial de Kiel (IfW). \u00abEl punto m\u00e1s bajo de la crisis ha<\/p>\n","protected":false},"author":1,"featured_media":4405,"comment_status":"closed","ping_status":"closed","sticky":false,"template":"","format":"standard","meta":{"footnotes":""},"categories":[35],"tags":[],"class_list":{"0":"post-4561","1":"post","2":"type-post","3":"status-publish","4":"format-standard","5":"has-post-thumbnail","7":"category-negocios"},"aioseo_notices":[],"aioseo_head":"\n\t\t<!-- All in One SEO Pro 4.9.6.2 - aioseo.com -->\n\t<meta name=\"description\" content=\"Kiel (Alemania), 18 jun (dpa) - La producci\u00f3n econ\u00f3mica en Alemania registrar\u00e1 una ca\u00edda anual del 6,8 por ciento, con hasta un mill\u00f3n de empleos perdidos, como consecuencia de la crisis del coronavirus, seg\u00fan el pron\u00f3stico publicado hoy por el Instituto de Econom\u00eda Mundial de Kiel (IfW). &quot;El punto m\u00e1s bajo de la crisis ha\" \/>\n\t<meta name=\"robots\" content=\"max-image-preview:large\" \/>\n\t<meta name=\"author\" content=\"NBAsturias\"\/>\n\t<meta name=\"google-site-verification\" content=\"UA-38556648-1\" \/>\n\t<meta name=\"keywords\" content=\"negocios\" \/>\n\t<link rel=\"canonical\" href=\"https:\/\/eldigitaldeasturias.com\/radio\/alemania-perdera-hasta-un-millon-de-puestos-de-trabajo-por-covid-19\/\" \/>\n\t<meta name=\"generator\" content=\"All in One SEO Pro (AIOSEO) 4.9.6.2\" \/>\n\t\t<meta property=\"og:locale\" content=\"es_ES\" \/>\n\t\t<meta property=\"og:site_name\" content=\"El Digital de Asturias | Diario de informaci\u00f3n y noticias\" \/>\n\t\t<meta property=\"og:type\" content=\"article\" \/>\n\t\t<meta property=\"og:title\" content=\"Alemania perder\u00e1 hasta un mill\u00f3n de puestos de trabajo por covid-19 | El Digital de Asturias\" \/>\n\t\t<meta property=\"og:description\" content=\"Kiel (Alemania), 18 jun (dpa) - La producci\u00f3n econ\u00f3mica en Alemania registrar\u00e1 una ca\u00edda anual del 6,8 por ciento, con hasta un mill\u00f3n de empleos perdidos, como consecuencia de la crisis del coronavirus, seg\u00fan el pron\u00f3stico publicado hoy por el Instituto de Econom\u00eda Mundial de Kiel (IfW). &quot;El punto m\u00e1s bajo de la crisis ha\" \/>\n\t\t<meta property=\"og:url\" content=\"https:\/\/eldigitaldeasturias.com\/radio\/alemania-perdera-hasta-un-millon-de-puestos-de-trabajo-por-covid-19\/\" \/>\n\t\t<meta property=\"og:image\" content=\"https:\/\/eldigitaldeasturias.com\/radio\/wp-content\/uploads\/2020\/06\/connection-4884862_640.jpg\" \/>\n\t\t<meta property=\"og:image:secure_url\" content=\"https:\/\/eldigitaldeasturias.com\/radio\/wp-content\/uploads\/2020\/06\/connection-4884862_640.jpg\" \/>\n\t\t<meta property=\"og:image:width\" content=\"640\" \/>\n\t\t<meta property=\"og:image:height\" content=\"436\" \/>\n\t\t<meta property=\"article:published_time\" content=\"2020-06-20T02:02:06+00:00\" \/>\n\t\t<meta property=\"article:modified_time\" content=\"2020-06-20T02:02:06+00:00\" \/>\n\t\t<meta name=\"twitter:card\" content=\"summary_large_image\" \/>\n\t\t<meta name=\"twitter:site\" content=\"@bercodi\" \/>\n\t\t<meta name=\"twitter:title\" content=\"Alemania perder\u00e1 hasta un mill\u00f3n de puestos de trabajo por covid-19 | El Digital de Asturias\" \/>\n\t\t<meta name=\"twitter:description\" content=\"Kiel (Alemania), 18 jun (dpa) - La producci\u00f3n econ\u00f3mica en Alemania registrar\u00e1 una ca\u00edda anual del 6,8 por ciento, con hasta un mill\u00f3n de empleos perdidos, como consecuencia de la crisis del coronavirus, seg\u00fan el pron\u00f3stico publicado hoy por el Instituto de Econom\u00eda Mundial de Kiel (IfW). &quot;El punto m\u00e1s bajo de la crisis ha\" \/>\n\t\t<meta name=\"twitter:creator\" content=\"@bercodi\" \/>\n\t\t<meta name=\"twitter:image\" content=\"https:\/\/eldigitaldeasturias.com\/radio\/wp-content\/uploads\/2020\/06\/connection-4884862_640.jpg\" \/>\n\t\t<script type=\"application\/ld+json\" class=\"aioseo-schema\">\n\t\t\t{\"@context\":\"https:\\\/\\\/schema.org\",\"@graph\":[{\"@type\":\"BreadcrumbList\",\"@id\":\"https:\\\/\\\/eldigitaldeasturias.com\\\/radio\\\/alemania-perdera-hasta-un-millon-de-puestos-de-trabajo-por-covid-19\\\/#breadcrumblist\",\"itemListElement\":[{\"@type\":\"ListItem\",\"@id\":\"https:\\\/\\\/eldigitaldeasturias.com\\\/radio#listItem\",\"position\":1,\"name\":\"Inicio\",\"item\":\"https:\\\/\\\/eldigitaldeasturias.com\\\/radio\",\"nextItem\":{\"@type\":\"ListItem\",\"@id\":\"https:\\\/\\\/eldigitaldeasturias.com\\\/radio\\\/category\\\/negocios\\\/#listItem\",\"name\":\"Negocios\"}},{\"@type\":\"ListItem\",\"@id\":\"https:\\\/\\\/eldigitaldeasturias.com\\\/radio\\\/category\\\/negocios\\\/#listItem\",\"position\":2,\"name\":\"Negocios\",\"item\":\"https:\\\/\\\/eldigitaldeasturias.com\\\/radio\\\/category\\\/negocios\\\/\",\"nextItem\":{\"@type\":\"ListItem\",\"@id\":\"https:\\\/\\\/eldigitaldeasturias.com\\\/radio\\\/alemania-perdera-hasta-un-millon-de-puestos-de-trabajo-por-covid-19\\\/#listItem\",\"name\":\"Alemania perder\\u00e1 hasta un mill\\u00f3n de puestos de trabajo por covid-19\"},\"previousItem\":{\"@type\":\"ListItem\",\"@id\":\"https:\\\/\\\/eldigitaldeasturias.com\\\/radio#listItem\",\"name\":\"Inicio\"}},{\"@type\":\"ListItem\",\"@id\":\"https:\\\/\\\/eldigitaldeasturias.com\\\/radio\\\/alemania-perdera-hasta-un-millon-de-puestos-de-trabajo-por-covid-19\\\/#listItem\",\"position\":3,\"name\":\"Alemania perder\\u00e1 hasta un mill\\u00f3n de puestos de trabajo por covid-19\",\"previousItem\":{\"@type\":\"ListItem\",\"@id\":\"https:\\\/\\\/eldigitaldeasturias.com\\\/radio\\\/category\\\/negocios\\\/#listItem\",\"name\":\"Negocios\"}}]},{\"@type\":\"NewsArticle\",\"@id\":\"https:\\\/\\\/eldigitaldeasturias.com\\\/radio\\\/alemania-perdera-hasta-un-millon-de-puestos-de-trabajo-por-covid-19\\\/#newsarticle\",\"name\":\"Alemania perder\\u00e1 hasta un mill\\u00f3n de puestos de trabajo por covid-19 | El Digital de Asturias\",\"headline\":\"Alemania perder\\u00e1 hasta un mill\\u00f3n de puestos de trabajo por covid-19\",\"author\":{\"@id\":\"https:\\\/\\\/eldigitaldeasturias.com\\\/radio\\\/author\\\/nbasturias\\\/#author\"},\"publisher\":{\"@id\":\"https:\\\/\\\/eldigitaldeasturias.com\\\/radio\\\/#organization\"},\"image\":{\"@type\":\"ImageObject\",\"url\":\"https:\\\/\\\/eldigitaldeasturias.com\\\/radio\\\/wp-content\\\/uploads\\\/2020\\\/06\\\/connection-4884862_640.jpg\",\"width\":640,\"height\":436},\"datePublished\":\"2020-06-20T02:02:06+02:00\",\"dateModified\":\"2020-06-20T02:02:06+02:00\",\"inLanguage\":\"es-ES\",\"mainEntityOfPage\":{\"@id\":\"https:\\\/\\\/eldigitaldeasturias.com\\\/radio\\\/alemania-perdera-hasta-un-millon-de-puestos-de-trabajo-por-covid-19\\\/#webpage\"},\"isPartOf\":{\"@id\":\"https:\\\/\\\/eldigitaldeasturias.com\\\/radio\\\/alemania-perdera-hasta-un-millon-de-puestos-de-trabajo-por-covid-19\\\/#webpage\"},\"articleSection\":\"Negocios\",\"dateline\":\"Publicado el junio 20, 2020.\"},{\"@type\":\"Organization\",\"@id\":\"https:\\\/\\\/eldigitaldeasturias.com\\\/radio\\\/#organization\",\"name\":\"El digital de Asturias Radio\",\"description\":\"Diario de informaci\\u00f3n y noticias\",\"url\":\"https:\\\/\\\/eldigitaldeasturias.com\\\/radio\\\/\",\"telephone\":\"+34652131393\",\"logo\":{\"@type\":\"ImageObject\",\"url\":\"https:\\\/\\\/www.eldigitaldeasturias.com\\\/radio\\\/wp-content\\\/uploads\\\/2021\\\/03\\\/EDA.jpg\",\"@id\":\"https:\\\/\\\/eldigitaldeasturias.com\\\/radio\\\/alemania-perdera-hasta-un-millon-de-puestos-de-trabajo-por-covid-19\\\/#organizationLogo\"},\"image\":{\"@id\":\"https:\\\/\\\/eldigitaldeasturias.com\\\/radio\\\/alemania-perdera-hasta-un-millon-de-puestos-de-trabajo-por-covid-19\\\/#organizationLogo\"},\"sameAs\":[\"https:\\\/\\\/www.facebook.com\\\/\",\"https:\\\/\\\/x.com\\\/bercodi\",\"https:\\\/\\\/www.instagram.com\\\/\",\"https:\\\/\\\/www.youtube.com\\\/channel\\\/UCZP-2wLEB9Rv6erhFmqVnvg\"]},{\"@type\":\"Person\",\"@id\":\"https:\\\/\\\/eldigitaldeasturias.com\\\/radio\\\/author\\\/nbasturias\\\/#author\",\"url\":\"https:\\\/\\\/eldigitaldeasturias.com\\\/radio\\\/author\\\/nbasturias\\\/\",\"name\":\"NBAsturias\",\"image\":{\"@type\":\"ImageObject\",\"@id\":\"https:\\\/\\\/eldigitaldeasturias.com\\\/radio\\\/alemania-perdera-hasta-un-millon-de-puestos-de-trabajo-por-covid-19\\\/#authorImage\",\"url\":\"https:\\\/\\\/secure.gravatar.com\\\/avatar\\\/df2aeffc32bcd13f8d26072ef8a91b623d677766deac7f97ca815868cd41bf5e?s=96&d=mm&r=g\",\"width\":96,\"height\":96,\"caption\":\"NBAsturias\"}},{\"@type\":\"WebPage\",\"@id\":\"https:\\\/\\\/eldigitaldeasturias.com\\\/radio\\\/alemania-perdera-hasta-un-millon-de-puestos-de-trabajo-por-covid-19\\\/#webpage\",\"url\":\"https:\\\/\\\/eldigitaldeasturias.com\\\/radio\\\/alemania-perdera-hasta-un-millon-de-puestos-de-trabajo-por-covid-19\\\/\",\"name\":\"Alemania perder\\u00e1 hasta un mill\\u00f3n de puestos de trabajo por covid-19 | El Digital de Asturias\",\"description\":\"Kiel (Alemania), 18 jun (dpa) - La producci\\u00f3n econ\\u00f3mica en Alemania registrar\\u00e1 una ca\\u00edda anual del 6,8 por ciento, con hasta un mill\\u00f3n de empleos perdidos, como consecuencia de la crisis del coronavirus, seg\\u00fan el pron\\u00f3stico publicado hoy por el Instituto de Econom\\u00eda Mundial de Kiel (IfW). \\\"El punto m\\u00e1s bajo de la crisis ha\",\"inLanguage\":\"es-ES\",\"isPartOf\":{\"@id\":\"https:\\\/\\\/eldigitaldeasturias.com\\\/radio\\\/#website\"},\"breadcrumb\":{\"@id\":\"https:\\\/\\\/eldigitaldeasturias.com\\\/radio\\\/alemania-perdera-hasta-un-millon-de-puestos-de-trabajo-por-covid-19\\\/#breadcrumblist\"},\"author\":{\"@id\":\"https:\\\/\\\/eldigitaldeasturias.com\\\/radio\\\/author\\\/nbasturias\\\/#author\"},\"creator\":{\"@id\":\"https:\\\/\\\/eldigitaldeasturias.com\\\/radio\\\/author\\\/nbasturias\\\/#author\"},\"image\":{\"@type\":\"ImageObject\",\"url\":\"https:\\\/\\\/eldigitaldeasturias.com\\\/radio\\\/wp-content\\\/uploads\\\/2020\\\/06\\\/connection-4884862_640.jpg\",\"@id\":\"https:\\\/\\\/eldigitaldeasturias.com\\\/radio\\\/alemania-perdera-hasta-un-millon-de-puestos-de-trabajo-por-covid-19\\\/#mainImage\",\"width\":640,\"height\":436},\"primaryImageOfPage\":{\"@id\":\"https:\\\/\\\/eldigitaldeasturias.com\\\/radio\\\/alemania-perdera-hasta-un-millon-de-puestos-de-trabajo-por-covid-19\\\/#mainImage\"},\"datePublished\":\"2020-06-20T02:02:06+02:00\",\"dateModified\":\"2020-06-20T02:02:06+02:00\"},{\"@type\":\"WebSite\",\"@id\":\"https:\\\/\\\/eldigitaldeasturias.com\\\/radio\\\/#website\",\"url\":\"https:\\\/\\\/eldigitaldeasturias.com\\\/radio\\\/\",\"name\":\"El Digital de Asturias\",\"description\":\"Diario de informaci\\u00f3n y noticias\",\"inLanguage\":\"es-ES\",\"publisher\":{\"@id\":\"https:\\\/\\\/eldigitaldeasturias.com\\\/radio\\\/#organization\"}}]}\n\t\t<\/script>\n\t\t<!-- All in One SEO Pro -->\r\n\t\t<title>Alemania perder\u00e1 hasta un mill\u00f3n de puestos de trabajo por covid-19 | El Digital de Asturias<\/title>\n\n","aioseo_head_json":{"title":"Alemania perder\u00e1 hasta un mill\u00f3n de puestos de trabajo por covid-19 | El Digital de Asturias","description":"Kiel (Alemania), 18 jun (dpa) - La producci\u00f3n econ\u00f3mica en Alemania registrar\u00e1 una ca\u00edda anual del 6,8 por ciento, con hasta un mill\u00f3n de empleos perdidos, como consecuencia de la crisis del coronavirus, seg\u00fan el pron\u00f3stico publicado hoy por el Instituto de Econom\u00eda Mundial de Kiel (IfW). \"El punto m\u00e1s bajo de la crisis ha","canonical_url":"https:\/\/eldigitaldeasturias.com\/radio\/alemania-perdera-hasta-un-millon-de-puestos-de-trabajo-por-covid-19\/","robots":"max-image-preview:large","keywords":"negocios","webmasterTools":{"google-site-verification":"UA-38556648-1","miscellaneous":""},"schema":{"@context":"https:\/\/schema.org","@graph":[{"@type":"BreadcrumbList","@id":"https:\/\/eldigitaldeasturias.com\/radio\/alemania-perdera-hasta-un-millon-de-puestos-de-trabajo-por-covid-19\/#breadcrumblist","itemListElement":[{"@type":"ListItem","@id":"https:\/\/eldigitaldeasturias.com\/radio#listItem","position":1,"name":"Inicio","item":"https:\/\/eldigitaldeasturias.com\/radio","nextItem":{"@type":"ListItem","@id":"https:\/\/eldigitaldeasturias.com\/radio\/category\/negocios\/#listItem","name":"Negocios"}},{"@type":"ListItem","@id":"https:\/\/eldigitaldeasturias.com\/radio\/category\/negocios\/#listItem","position":2,"name":"Negocios","item":"https:\/\/eldigitaldeasturias.com\/radio\/category\/negocios\/","nextItem":{"@type":"ListItem","@id":"https:\/\/eldigitaldeasturias.com\/radio\/alemania-perdera-hasta-un-millon-de-puestos-de-trabajo-por-covid-19\/#listItem","name":"Alemania perder\u00e1 hasta un mill\u00f3n de puestos de trabajo por covid-19"},"previousItem":{"@type":"ListItem","@id":"https:\/\/eldigitaldeasturias.com\/radio#listItem","name":"Inicio"}},{"@type":"ListItem","@id":"https:\/\/eldigitaldeasturias.com\/radio\/alemania-perdera-hasta-un-millon-de-puestos-de-trabajo-por-covid-19\/#listItem","position":3,"name":"Alemania perder\u00e1 hasta un mill\u00f3n de puestos de trabajo por covid-19","previousItem":{"@type":"ListItem","@id":"https:\/\/eldigitaldeasturias.com\/radio\/category\/negocios\/#listItem","name":"Negocios"}}]},{"@type":"NewsArticle","@id":"https:\/\/eldigitaldeasturias.com\/radio\/alemania-perdera-hasta-un-millon-de-puestos-de-trabajo-por-covid-19\/#newsarticle","name":"Alemania perder\u00e1 hasta un mill\u00f3n de puestos de trabajo por covid-19 | El Digital de Asturias","headline":"Alemania perder\u00e1 hasta un mill\u00f3n de puestos de trabajo por covid-19","author":{"@id":"https:\/\/eldigitaldeasturias.com\/radio\/author\/nbasturias\/#author"},"publisher":{"@id":"https:\/\/eldigitaldeasturias.com\/radio\/#organization"},"image":{"@type":"ImageObject","url":"https:\/\/eldigitaldeasturias.com\/radio\/wp-content\/uploads\/2020\/06\/connection-4884862_640.jpg","width":640,"height":436},"datePublished":"2020-06-20T02:02:06+02:00","dateModified":"2020-06-20T02:02:06+02:00","inLanguage":"es-ES","mainEntityOfPage":{"@id":"https:\/\/eldigitaldeasturias.com\/radio\/alemania-perdera-hasta-un-millon-de-puestos-de-trabajo-por-covid-19\/#webpage"},"isPartOf":{"@id":"https:\/\/eldigitaldeasturias.com\/radio\/alemania-perdera-hasta-un-millon-de-puestos-de-trabajo-por-covid-19\/#webpage"},"articleSection":"Negocios","dateline":"Publicado el junio 20, 2020."},{"@type":"Organization","@id":"https:\/\/eldigitaldeasturias.com\/radio\/#organization","name":"El digital de Asturias Radio","description":"Diario de informaci\u00f3n y noticias","url":"https:\/\/eldigitaldeasturias.com\/radio\/","telephone":"+34652131393","logo":{"@type":"ImageObject","url":"https:\/\/www.eldigitaldeasturias.com\/radio\/wp-content\/uploads\/2021\/03\/EDA.jpg","@id":"https:\/\/eldigitaldeasturias.com\/radio\/alemania-perdera-hasta-un-millon-de-puestos-de-trabajo-por-covid-19\/#organizationLogo"},"image":{"@id":"https:\/\/eldigitaldeasturias.com\/radio\/alemania-perdera-hasta-un-millon-de-puestos-de-trabajo-por-covid-19\/#organizationLogo"},"sameAs":["https:\/\/www.facebook.com\/","https:\/\/x.com\/bercodi","https:\/\/www.instagram.com\/","https:\/\/www.youtube.com\/channel\/UCZP-2wLEB9Rv6erhFmqVnvg"]},{"@type":"Person","@id":"https:\/\/eldigitaldeasturias.com\/radio\/author\/nbasturias\/#author","url":"https:\/\/eldigitaldeasturias.com\/radio\/author\/nbasturias\/","name":"NBAsturias","image":{"@type":"ImageObject","@id":"https:\/\/eldigitaldeasturias.com\/radio\/alemania-perdera-hasta-un-millon-de-puestos-de-trabajo-por-covid-19\/#authorImage","url":"https:\/\/secure.gravatar.com\/avatar\/df2aeffc32bcd13f8d26072ef8a91b623d677766deac7f97ca815868cd41bf5e?s=96&d=mm&r=g","width":96,"height":96,"caption":"NBAsturias"}},{"@type":"WebPage","@id":"https:\/\/eldigitaldeasturias.com\/radio\/alemania-perdera-hasta-un-millon-de-puestos-de-trabajo-por-covid-19\/#webpage","url":"https:\/\/eldigitaldeasturias.com\/radio\/alemania-perdera-hasta-un-millon-de-puestos-de-trabajo-por-covid-19\/","name":"Alemania perder\u00e1 hasta un mill\u00f3n de puestos de trabajo por covid-19 | El Digital de Asturias","description":"Kiel (Alemania), 18 jun (dpa) - La producci\u00f3n econ\u00f3mica en Alemania registrar\u00e1 una ca\u00edda anual del 6,8 por ciento, con hasta un mill\u00f3n de empleos perdidos, como consecuencia de la crisis del coronavirus, seg\u00fan el pron\u00f3stico publicado hoy por el Instituto de Econom\u00eda Mundial de Kiel (IfW). \"El punto m\u00e1s bajo de la crisis ha","inLanguage":"es-ES","isPartOf":{"@id":"https:\/\/eldigitaldeasturias.com\/radio\/#website"},"breadcrumb":{"@id":"https:\/\/eldigitaldeasturias.com\/radio\/alemania-perdera-hasta-un-millon-de-puestos-de-trabajo-por-covid-19\/#breadcrumblist"},"author":{"@id":"https:\/\/eldigitaldeasturias.com\/radio\/author\/nbasturias\/#author"},"creator":{"@id":"https:\/\/eldigitaldeasturias.com\/radio\/author\/nbasturias\/#author"},"image":{"@type":"ImageObject","url":"https:\/\/eldigitaldeasturias.com\/radio\/wp-content\/uploads\/2020\/06\/connection-4884862_640.jpg","@id":"https:\/\/eldigitaldeasturias.com\/radio\/alemania-perdera-hasta-un-millon-de-puestos-de-trabajo-por-covid-19\/#mainImage","width":640,"height":436},"primaryImageOfPage":{"@id":"https:\/\/eldigitaldeasturias.com\/radio\/alemania-perdera-hasta-un-millon-de-puestos-de-trabajo-por-covid-19\/#mainImage"},"datePublished":"2020-06-20T02:02:06+02:00","dateModified":"2020-06-20T02:02:06+02:00"},{"@type":"WebSite","@id":"https:\/\/eldigitaldeasturias.com\/radio\/#website","url":"https:\/\/eldigitaldeasturias.com\/radio\/","name":"El Digital de Asturias","description":"Diario de informaci\u00f3n y noticias","inLanguage":"es-ES","publisher":{"@id":"https:\/\/eldigitaldeasturias.com\/radio\/#organization"}}]},"og:locale":"es_ES","og:site_name":"El Digital de Asturias | Diario de informaci\u00f3n y noticias","og:type":"article","og:title":"Alemania perder\u00e1 hasta un mill\u00f3n de puestos de trabajo por covid-19 | El Digital de Asturias","og:description":"Kiel (Alemania), 18 jun (dpa) - La producci\u00f3n econ\u00f3mica en Alemania registrar\u00e1 una ca\u00edda anual del 6,8 por ciento, con hasta un mill\u00f3n de empleos perdidos, como consecuencia de la crisis del coronavirus, seg\u00fan el pron\u00f3stico publicado hoy por el Instituto de Econom\u00eda Mundial de Kiel (IfW). &quot;El punto m\u00e1s bajo de la crisis ha","og:url":"https:\/\/eldigitaldeasturias.com\/radio\/alemania-perdera-hasta-un-millon-de-puestos-de-trabajo-por-covid-19\/","og:image":"https:\/\/eldigitaldeasturias.com\/radio\/wp-content\/uploads\/2020\/06\/connection-4884862_640.jpg","og:image:secure_url":"https:\/\/eldigitaldeasturias.com\/radio\/wp-content\/uploads\/2020\/06\/connection-4884862_640.jpg","og:image:width":640,"og:image:height":436,"article:published_time":"2020-06-20T02:02:06+00:00","article:modified_time":"2020-06-20T02:02:06+00:00","twitter:card":"summary_large_image","twitter:site":"@bercodi","twitter:title":"Alemania perder\u00e1 hasta un mill\u00f3n de puestos de trabajo por covid-19 | El Digital de Asturias","twitter:description":"Kiel (Alemania), 18 jun (dpa) - La producci\u00f3n econ\u00f3mica en Alemania registrar\u00e1 una ca\u00edda anual del 6,8 por ciento, con hasta un mill\u00f3n de empleos perdidos, como consecuencia de la crisis del coronavirus, seg\u00fan el pron\u00f3stico publicado hoy por el Instituto de Econom\u00eda Mundial de Kiel (IfW). &quot;El punto m\u00e1s bajo de la crisis ha","twitter:creator":"@bercodi","twitter:image":"https:\/\/eldigitaldeasturias.com\/radio\/wp-content\/uploads\/2020\/06\/connection-4884862_640.jpg"},"aioseo_meta_data":{"post_id":"4561","title":null,"description":null,"keywords":null,"keyphrases":null,"primary_term":null,"canonical_url":null,"og_title":null,"og_description":null,"og_object_type":"default","og_image_type":"default","og_image_url":null,"og_image_width":null,"og_image_height":null,"og_image_custom_url":null,"og_image_custom_fields":null,"og_video":null,"og_custom_url":null,"og_article_section":null,"og_article_tags":null,"twitter_use_og":false,"twitter_card":"default","twitter_image_type":"default","twitter_image_url":null,"twitter_image_custom_url":null,"twitter_image_custom_fields":null,"twitter_title":null,"twitter_description":null,"schema":{"blockGraphs":[],"customGraphs":[],"default":{"data":{"Article":[],"Course":[],"Dataset":[],"FAQPage":[],"Movie":[],"Person":[],"Product":[],"ProductReview":[],"Car":[],"Recipe":[],"Service":[],"SoftwareApplication":[],"WebPage":[]},"graphName":"","isEnabled":true},"graphs":[],"defaultGraph":"","defaultPostTypeGraph":""},"schema_type":null,"schema_type_options":null,"pillar_content":false,"robots_default":true,"robots_noindex":false,"robots_noarchive":false,"robots_nosnippet":false,"robots_nofollow":false,"robots_noimageindex":false,"robots_noodp":false,"robots_notranslate":false,"robots_max_snippet":null,"robots_max_videopreview":null,"robots_max_imagepreview":"large","priority":null,"frequency":null,"location":null,"local_seo":null,"seo_analyzer_scan_date":"2025-08-28 16:15:39","breadcrumb_settings":null,"limit_modified_date":false,"open_ai":null,"ai":null,"created":"2021-03-25 23:41:50","updated":"2025-08-28 16:15:39"},"aioseo_breadcrumb":"<div class=\"aioseo-breadcrumbs\"><span class=\"aioseo-breadcrumb\">\n\t<a href=\"https:\/\/eldigitaldeasturias.com\/radio\" title=\"Inicio\">Inicio<\/a>\n<\/span><span class=\"aioseo-breadcrumb-separator\">&ndash;<\/span><span class=\"aioseo-breadcrumb\">\n\t<a href=\"https:\/\/eldigitaldeasturias.com\/radio\/category\/negocios\/\" title=\"Negocios\">Negocios<\/a>\n<\/span><span class=\"aioseo-breadcrumb-separator\">&ndash;<\/span><span class=\"aioseo-breadcrumb\">\n\tAlemania perder\u00e1 hasta un mill\u00f3n de puestos de trabajo por covid-19\n<\/span><\/div>","aioseo_breadcrumb_json":[{"label":"Inicio","link":"https:\/\/eldigitaldeasturias.com\/radio"},{"label":"Negocios","link":"https:\/\/eldigitaldeasturias.com\/radio\/category\/negocios\/"},{"label":"Alemania perder\u00e1 hasta un mill\u00f3n de puestos de trabajo por covid-19","link":"https:\/\/eldigitaldeasturias.com\/radio\/alemania-perdera-hasta-un-millon-de-puestos-de-trabajo-por-covid-19\/"}],"_links":{"self":[{"href":"https:\/\/eldigitaldeasturias.com\/radio\/wp-json\/wp\/v2\/posts\/4561","targetHints":{"allow":["GET"]}}],"collection":[{"href":"https:\/\/eldigitaldeasturias.com\/radio\/wp-json\/wp\/v2\/posts"}],"about":[{"href":"https:\/\/eldigitaldeasturias.com\/radio\/wp-json\/wp\/v2\/types\/post"}],"author":[{"embeddable":true,"href":"https:\/\/eldigitaldeasturias.com\/radio\/wp-json\/wp\/v2\/users\/1"}],"replies":[{"embeddable":true,"href":"https:\/\/eldigitaldeasturias.com\/radio\/wp-json\/wp\/v2\/comments?post=4561"}],"version-history":[{"count":0,"href":"https:\/\/eldigitaldeasturias.com\/radio\/wp-json\/wp\/v2\/posts\/4561\/revisions"}],"wp:featuredmedia":[{"embeddable":true,"href":"https:\/\/eldigitaldeasturias.com\/radio\/wp-json\/wp\/v2\/media\/4405"}],"wp:attachment":[{"href":"https:\/\/eldigitaldeasturias.com\/radio\/wp-json\/wp\/v2\/media?parent=4561"}],"wp:term":[{"taxonomy":"category","embeddable":true,"href":"https:\/\/eldigitaldeasturias.com\/radio\/wp-json\/wp\/v2\/categories?post=4561"},{"taxonomy":"post_tag","embeddable":true,"href":"https:\/\/eldigitaldeasturias.com\/radio\/wp-json\/wp\/v2\/tags?post=4561"}],"curies":[{"name":"wp","href":"https:\/\/api.w.org\/{rel}","templated":true}]}}