{"id":4558,"date":"2020-06-20T01:58:10","date_gmt":"2020-06-20T01:58:10","guid":{"rendered":"http:\/\/www.eldigitaldeasturias.com\/radio\/?p=4558"},"modified":"2020-06-20T01:58:10","modified_gmt":"2020-06-20T01:58:10","slug":"merkel-defiende-fondo-millonario-de-reconstruccion-previsto-por-la-ue","status":"publish","type":"post","link":"https:\/\/eldigitaldeasturias.com\/radio\/merkel-defiende-fondo-millonario-de-reconstruccion-previsto-por-la-ue\/","title":{"rendered":"Merkel defiende fondo millonario de reconstrucci\u00f3n previsto por la UE"},"content":{"rendered":"<p><img fetchpriority=\"high\" decoding=\"async\" class=\"alignleft size-medium wp-image-4559\" src=\"http:\/\/www.eldigitaldeasturias.com\/radio\/wp-content\/uploads\/2020\/06\/Merkel-360x267.jpg\" alt=\"\" width=\"360\" height=\"267\" srcset=\"https:\/\/eldigitaldeasturias.com\/radio\/wp-content\/uploads\/2020\/06\/Merkel-360x267.jpg 360w, https:\/\/eldigitaldeasturias.com\/radio\/wp-content\/uploads\/2020\/06\/Merkel-768x569.jpg 768w, https:\/\/eldigitaldeasturias.com\/radio\/wp-content\/uploads\/2020\/06\/Merkel.jpg 902w\" sizes=\"(max-width: 360px) 100vw, 360px\" \/>Berl\u00edn, 18 jun (dpa) &#8211; La canciller alemana, Angela Merkel, defendi\u00f3 hoy el fondo millonario de reconstrucci\u00f3n previsto por la Uni\u00f3n Europea (UE) como medio para combatir posturas radicales y la divisi\u00f3n de Europa debido a la crisis desatada por la pandemia de coronavirus.<\/p>\n<p>\u00abNo debemos ser ingenuos: las fuerzas antidemocr\u00e1ticas, los movimientos radicales y autoritarios, solo est\u00e1n esperando que surjan crisis econ\u00f3micas para poder abusar de ellas en el plano pol\u00edtico\u00bb, dijo hoy Merkel en una declaraci\u00f3n del Gobierno sobre la presidencia alemana del Consejo de la UE a partir del 1 de julio y sobre la cumbre de la UE que se celebrar\u00e1 el viernes.<\/p>\n<p>\u00abTrabajaremos con decisi\u00f3n para contrarrestar el peligro de que una profunda grieta se ampl\u00ede permanentemente en toda Europa\u00bb, comunic\u00f3 la canciller.<\/p>\n<p>Los grupos radicalizados \u00absolo est\u00e1n esperando a despertar los miedos sociales y propagar la inseguridad\u00bb, coment\u00f3 Merkel. La labor en pro del desarrollo sostenible en todas las regiones de Europa \u00abes tambi\u00e9n un instrumento pol\u00edtico contra los populistas y los radicales\u00bb, continu\u00f3.<\/p>\n<p>Merkel y el presidente franc\u00e9s, Emmanuel Macron, propusieron un fondo de ayuda de 500.000 millones de euros (unos 562.380 millones de d\u00f3lares). Algunos pa\u00edses como Austria y Dinamarca rechazan tal fondo, ya que el dinero ser\u00eda distribuido en forma de subvenciones no reembolsables.<\/p>\n<p>La Comisi\u00f3n Europea present\u00f3 tambi\u00e9n un plan de reconstrucci\u00f3n por valor de 750.000 millones de euros, el cual se financiar\u00e1 mediante cr\u00e9ditos y ser\u00e1 pagado antes de 2058.<\/p>\n<p>Merkel se\u00f1al\u00f3 que trabajar\u00e1 para lograr lo antes posible un acuerdo sobre el marco financiero plurianual de la UE, as\u00ed como sobre el fondo de reconstrucci\u00f3n del organismo. Sin embargo, en la cumbre de este viernes solo est\u00e1 previsto un intercambio inicial de opiniones, seguido de consultas intensivas.<\/p>\n<p>Las decisiones solo podr\u00e1n tomarse una vez se lleve a cabo una reuni\u00f3n presencial.<\/p>\n","protected":false},"excerpt":{"rendered":"<p>Berl\u00edn, 18 jun (dpa) &#8211; La canciller alemana, Angela Merkel, defendi\u00f3 hoy el fondo millonario de reconstrucci\u00f3n previsto por la Uni\u00f3n Europea (UE) como medio para combatir posturas radicales y la divisi\u00f3n de Europa debido a la crisis desatada por la pandemia de coronavirus. \u00abNo debemos ser ingenuos: las fuerzas antidemocr\u00e1ticas, los movimientos radicales y<\/p>\n","protected":false},"author":1,"featured_media":4559,"comment_status":"closed","ping_status":"closed","sticky":false,"template":"","format":"standard","meta":{"footnotes":""},"categories":[1],"tags":[],"class_list":{"0":"post-4558","1":"post","2":"type-post","3":"status-publish","4":"format-standard","5":"has-post-thumbnail","7":"category-noticias"},"aioseo_notices":[],"aioseo_head":"\n\t\t<!-- All in One SEO Pro 4.9.6.2 - aioseo.com -->\n\t<meta name=\"description\" content=\"Berl\u00edn, 18 jun (dpa) - La canciller alemana, Angela Merkel, defendi\u00f3 hoy el fondo millonario de reconstrucci\u00f3n previsto por la Uni\u00f3n Europea (UE) como medio para combatir posturas radicales y la divisi\u00f3n de Europa debido a la crisis desatada por la pandemia de coronavirus. &quot;No debemos ser ingenuos: las fuerzas antidemocr\u00e1ticas, los movimientos radicales y\" \/>\n\t<meta name=\"robots\" content=\"max-image-preview:large\" \/>\n\t<meta name=\"author\" content=\"NBAsturias\"\/>\n\t<meta name=\"google-site-verification\" content=\"UA-38556648-1\" \/>\n\t<meta name=\"keywords\" content=\"noticias\" \/>\n\t<link rel=\"canonical\" href=\"https:\/\/eldigitaldeasturias.com\/radio\/merkel-defiende-fondo-millonario-de-reconstruccion-previsto-por-la-ue\/\" \/>\n\t<meta name=\"generator\" content=\"All in One SEO Pro (AIOSEO) 4.9.6.2\" \/>\n\t\t<meta property=\"og:locale\" content=\"es_ES\" \/>\n\t\t<meta property=\"og:site_name\" content=\"El Digital de Asturias | Diario de informaci\u00f3n y noticias\" \/>\n\t\t<meta property=\"og:type\" content=\"article\" \/>\n\t\t<meta property=\"og:title\" content=\"Merkel defiende fondo millonario de reconstrucci\u00f3n previsto por la UE | El Digital de Asturias\" \/>\n\t\t<meta property=\"og:description\" content=\"Berl\u00edn, 18 jun (dpa) - La canciller alemana, Angela Merkel, defendi\u00f3 hoy el fondo millonario de reconstrucci\u00f3n previsto por la Uni\u00f3n Europea (UE) como medio para combatir posturas radicales y la divisi\u00f3n de Europa debido a la crisis desatada por la pandemia de coronavirus. &quot;No debemos ser ingenuos: las fuerzas antidemocr\u00e1ticas, los movimientos radicales y\" \/>\n\t\t<meta property=\"og:url\" content=\"https:\/\/eldigitaldeasturias.com\/radio\/merkel-defiende-fondo-millonario-de-reconstruccion-previsto-por-la-ue\/\" \/>\n\t\t<meta property=\"og:image\" content=\"https:\/\/eldigitaldeasturias.com\/radio\/wp-content\/uploads\/2020\/06\/Merkel.jpg\" \/>\n\t\t<meta property=\"og:image:secure_url\" content=\"https:\/\/eldigitaldeasturias.com\/radio\/wp-content\/uploads\/2020\/06\/Merkel.jpg\" \/>\n\t\t<meta property=\"og:image:width\" content=\"902\" \/>\n\t\t<meta property=\"og:image:height\" content=\"668\" \/>\n\t\t<meta property=\"article:published_time\" content=\"2020-06-20T01:58:10+00:00\" \/>\n\t\t<meta property=\"article:modified_time\" content=\"2020-06-20T01:58:10+00:00\" \/>\n\t\t<meta name=\"twitter:card\" content=\"summary_large_image\" \/>\n\t\t<meta name=\"twitter:site\" content=\"@bercodi\" \/>\n\t\t<meta name=\"twitter:title\" content=\"Merkel defiende fondo millonario de reconstrucci\u00f3n previsto por la UE | El Digital de Asturias\" \/>\n\t\t<meta name=\"twitter:description\" content=\"Berl\u00edn, 18 jun (dpa) - La canciller alemana, Angela Merkel, defendi\u00f3 hoy el fondo millonario de reconstrucci\u00f3n previsto por la Uni\u00f3n Europea (UE) como medio para combatir posturas radicales y la divisi\u00f3n de Europa debido a la crisis desatada por la pandemia de coronavirus. &quot;No debemos ser ingenuos: las fuerzas antidemocr\u00e1ticas, los movimientos radicales y\" \/>\n\t\t<meta name=\"twitter:creator\" content=\"@bercodi\" \/>\n\t\t<meta name=\"twitter:image\" content=\"https:\/\/eldigitaldeasturias.com\/radio\/wp-content\/uploads\/2020\/06\/Merkel.jpg\" \/>\n\t\t<script type=\"application\/ld+json\" class=\"aioseo-schema\">\n\t\t\t{\"@context\":\"https:\\\/\\\/schema.org\",\"@graph\":[{\"@type\":\"BreadcrumbList\",\"@id\":\"https:\\\/\\\/eldigitaldeasturias.com\\\/radio\\\/merkel-defiende-fondo-millonario-de-reconstruccion-previsto-por-la-ue\\\/#breadcrumblist\",\"itemListElement\":[{\"@type\":\"ListItem\",\"@id\":\"https:\\\/\\\/eldigitaldeasturias.com\\\/radio#listItem\",\"position\":1,\"name\":\"Inicio\",\"item\":\"https:\\\/\\\/eldigitaldeasturias.com\\\/radio\",\"nextItem\":{\"@type\":\"ListItem\",\"@id\":\"https:\\\/\\\/eldigitaldeasturias.com\\\/radio\\\/category\\\/noticias\\\/#listItem\",\"name\":\"Noticias\"}},{\"@type\":\"ListItem\",\"@id\":\"https:\\\/\\\/eldigitaldeasturias.com\\\/radio\\\/category\\\/noticias\\\/#listItem\",\"position\":2,\"name\":\"Noticias\",\"item\":\"https:\\\/\\\/eldigitaldeasturias.com\\\/radio\\\/category\\\/noticias\\\/\",\"nextItem\":{\"@type\":\"ListItem\",\"@id\":\"https:\\\/\\\/eldigitaldeasturias.com\\\/radio\\\/merkel-defiende-fondo-millonario-de-reconstruccion-previsto-por-la-ue\\\/#listItem\",\"name\":\"Merkel defiende fondo millonario de reconstrucci\\u00f3n previsto por la UE\"},\"previousItem\":{\"@type\":\"ListItem\",\"@id\":\"https:\\\/\\\/eldigitaldeasturias.com\\\/radio#listItem\",\"name\":\"Inicio\"}},{\"@type\":\"ListItem\",\"@id\":\"https:\\\/\\\/eldigitaldeasturias.com\\\/radio\\\/merkel-defiende-fondo-millonario-de-reconstruccion-previsto-por-la-ue\\\/#listItem\",\"position\":3,\"name\":\"Merkel defiende fondo millonario de reconstrucci\\u00f3n previsto por la UE\",\"previousItem\":{\"@type\":\"ListItem\",\"@id\":\"https:\\\/\\\/eldigitaldeasturias.com\\\/radio\\\/category\\\/noticias\\\/#listItem\",\"name\":\"Noticias\"}}]},{\"@type\":\"NewsArticle\",\"@id\":\"https:\\\/\\\/eldigitaldeasturias.com\\\/radio\\\/merkel-defiende-fondo-millonario-de-reconstruccion-previsto-por-la-ue\\\/#newsarticle\",\"name\":\"Merkel defiende fondo millonario de reconstrucci\\u00f3n previsto por la UE | El Digital de Asturias\",\"headline\":\"Merkel defiende fondo millonario de reconstrucci\\u00f3n previsto por la UE\",\"author\":{\"@id\":\"https:\\\/\\\/eldigitaldeasturias.com\\\/radio\\\/author\\\/nbasturias\\\/#author\"},\"publisher\":{\"@id\":\"https:\\\/\\\/eldigitaldeasturias.com\\\/radio\\\/#organization\"},\"image\":{\"@type\":\"ImageObject\",\"url\":\"https:\\\/\\\/eldigitaldeasturias.com\\\/radio\\\/wp-content\\\/uploads\\\/2020\\\/06\\\/Merkel.jpg\",\"width\":902,\"height\":668},\"datePublished\":\"2020-06-20T01:58:10+02:00\",\"dateModified\":\"2020-06-20T01:58:10+02:00\",\"inLanguage\":\"es-ES\",\"mainEntityOfPage\":{\"@id\":\"https:\\\/\\\/eldigitaldeasturias.com\\\/radio\\\/merkel-defiende-fondo-millonario-de-reconstruccion-previsto-por-la-ue\\\/#webpage\"},\"isPartOf\":{\"@id\":\"https:\\\/\\\/eldigitaldeasturias.com\\\/radio\\\/merkel-defiende-fondo-millonario-de-reconstruccion-previsto-por-la-ue\\\/#webpage\"},\"articleSection\":\"Noticias\",\"dateline\":\"Publicado el junio 20, 2020.\"},{\"@type\":\"Organization\",\"@id\":\"https:\\\/\\\/eldigitaldeasturias.com\\\/radio\\\/#organization\",\"name\":\"El digital de Asturias Radio\",\"description\":\"Diario de informaci\\u00f3n y noticias\",\"url\":\"https:\\\/\\\/eldigitaldeasturias.com\\\/radio\\\/\",\"telephone\":\"+34652131393\",\"logo\":{\"@type\":\"ImageObject\",\"url\":\"https:\\\/\\\/www.eldigitaldeasturias.com\\\/radio\\\/wp-content\\\/uploads\\\/2021\\\/03\\\/EDA.jpg\",\"@id\":\"https:\\\/\\\/eldigitaldeasturias.com\\\/radio\\\/merkel-defiende-fondo-millonario-de-reconstruccion-previsto-por-la-ue\\\/#organizationLogo\"},\"image\":{\"@id\":\"https:\\\/\\\/eldigitaldeasturias.com\\\/radio\\\/merkel-defiende-fondo-millonario-de-reconstruccion-previsto-por-la-ue\\\/#organizationLogo\"},\"sameAs\":[\"https:\\\/\\\/www.facebook.com\\\/\",\"https:\\\/\\\/x.com\\\/bercodi\",\"https:\\\/\\\/www.instagram.com\\\/\",\"https:\\\/\\\/www.youtube.com\\\/channel\\\/UCZP-2wLEB9Rv6erhFmqVnvg\"]},{\"@type\":\"Person\",\"@id\":\"https:\\\/\\\/eldigitaldeasturias.com\\\/radio\\\/author\\\/nbasturias\\\/#author\",\"url\":\"https:\\\/\\\/eldigitaldeasturias.com\\\/radio\\\/author\\\/nbasturias\\\/\",\"name\":\"NBAsturias\",\"image\":{\"@type\":\"ImageObject\",\"@id\":\"https:\\\/\\\/eldigitaldeasturias.com\\\/radio\\\/merkel-defiende-fondo-millonario-de-reconstruccion-previsto-por-la-ue\\\/#authorImage\",\"url\":\"https:\\\/\\\/secure.gravatar.com\\\/avatar\\\/df2aeffc32bcd13f8d26072ef8a91b623d677766deac7f97ca815868cd41bf5e?s=96&d=mm&r=g\",\"width\":96,\"height\":96,\"caption\":\"NBAsturias\"}},{\"@type\":\"WebPage\",\"@id\":\"https:\\\/\\\/eldigitaldeasturias.com\\\/radio\\\/merkel-defiende-fondo-millonario-de-reconstruccion-previsto-por-la-ue\\\/#webpage\",\"url\":\"https:\\\/\\\/eldigitaldeasturias.com\\\/radio\\\/merkel-defiende-fondo-millonario-de-reconstruccion-previsto-por-la-ue\\\/\",\"name\":\"Merkel defiende fondo millonario de reconstrucci\\u00f3n previsto por la UE | El Digital de Asturias\",\"description\":\"Berl\\u00edn, 18 jun (dpa) - La canciller alemana, Angela Merkel, defendi\\u00f3 hoy el fondo millonario de reconstrucci\\u00f3n previsto por la Uni\\u00f3n Europea (UE) como medio para combatir posturas radicales y la divisi\\u00f3n de Europa debido a la crisis desatada por la pandemia de coronavirus. \\\"No debemos ser ingenuos: las fuerzas antidemocr\\u00e1ticas, los movimientos radicales y\",\"inLanguage\":\"es-ES\",\"isPartOf\":{\"@id\":\"https:\\\/\\\/eldigitaldeasturias.com\\\/radio\\\/#website\"},\"breadcrumb\":{\"@id\":\"https:\\\/\\\/eldigitaldeasturias.com\\\/radio\\\/merkel-defiende-fondo-millonario-de-reconstruccion-previsto-por-la-ue\\\/#breadcrumblist\"},\"author\":{\"@id\":\"https:\\\/\\\/eldigitaldeasturias.com\\\/radio\\\/author\\\/nbasturias\\\/#author\"},\"creator\":{\"@id\":\"https:\\\/\\\/eldigitaldeasturias.com\\\/radio\\\/author\\\/nbasturias\\\/#author\"},\"image\":{\"@type\":\"ImageObject\",\"url\":\"https:\\\/\\\/eldigitaldeasturias.com\\\/radio\\\/wp-content\\\/uploads\\\/2020\\\/06\\\/Merkel.jpg\",\"@id\":\"https:\\\/\\\/eldigitaldeasturias.com\\\/radio\\\/merkel-defiende-fondo-millonario-de-reconstruccion-previsto-por-la-ue\\\/#mainImage\",\"width\":902,\"height\":668},\"primaryImageOfPage\":{\"@id\":\"https:\\\/\\\/eldigitaldeasturias.com\\\/radio\\\/merkel-defiende-fondo-millonario-de-reconstruccion-previsto-por-la-ue\\\/#mainImage\"},\"datePublished\":\"2020-06-20T01:58:10+02:00\",\"dateModified\":\"2020-06-20T01:58:10+02:00\"},{\"@type\":\"WebSite\",\"@id\":\"https:\\\/\\\/eldigitaldeasturias.com\\\/radio\\\/#website\",\"url\":\"https:\\\/\\\/eldigitaldeasturias.com\\\/radio\\\/\",\"name\":\"El Digital de Asturias\",\"description\":\"Diario de informaci\\u00f3n y noticias\",\"inLanguage\":\"es-ES\",\"publisher\":{\"@id\":\"https:\\\/\\\/eldigitaldeasturias.com\\\/radio\\\/#organization\"}}]}\n\t\t<\/script>\n\t\t<!-- All in One SEO Pro -->\r\n\t\t<title>Merkel defiende fondo millonario de reconstrucci\u00f3n previsto por la UE | El Digital de Asturias<\/title>\n\n","aioseo_head_json":{"title":"Merkel defiende fondo millonario de reconstrucci\u00f3n previsto por la UE | El Digital de Asturias","description":"Berl\u00edn, 18 jun (dpa) - La canciller alemana, Angela Merkel, defendi\u00f3 hoy el fondo millonario de reconstrucci\u00f3n previsto por la Uni\u00f3n Europea (UE) como medio para combatir posturas radicales y la divisi\u00f3n de Europa debido a la crisis desatada por la pandemia de coronavirus. \"No debemos ser ingenuos: las fuerzas antidemocr\u00e1ticas, los movimientos radicales y","canonical_url":"https:\/\/eldigitaldeasturias.com\/radio\/merkel-defiende-fondo-millonario-de-reconstruccion-previsto-por-la-ue\/","robots":"max-image-preview:large","keywords":"noticias","webmasterTools":{"google-site-verification":"UA-38556648-1","miscellaneous":""},"schema":{"@context":"https:\/\/schema.org","@graph":[{"@type":"BreadcrumbList","@id":"https:\/\/eldigitaldeasturias.com\/radio\/merkel-defiende-fondo-millonario-de-reconstruccion-previsto-por-la-ue\/#breadcrumblist","itemListElement":[{"@type":"ListItem","@id":"https:\/\/eldigitaldeasturias.com\/radio#listItem","position":1,"name":"Inicio","item":"https:\/\/eldigitaldeasturias.com\/radio","nextItem":{"@type":"ListItem","@id":"https:\/\/eldigitaldeasturias.com\/radio\/category\/noticias\/#listItem","name":"Noticias"}},{"@type":"ListItem","@id":"https:\/\/eldigitaldeasturias.com\/radio\/category\/noticias\/#listItem","position":2,"name":"Noticias","item":"https:\/\/eldigitaldeasturias.com\/radio\/category\/noticias\/","nextItem":{"@type":"ListItem","@id":"https:\/\/eldigitaldeasturias.com\/radio\/merkel-defiende-fondo-millonario-de-reconstruccion-previsto-por-la-ue\/#listItem","name":"Merkel defiende fondo millonario de reconstrucci\u00f3n previsto por la UE"},"previousItem":{"@type":"ListItem","@id":"https:\/\/eldigitaldeasturias.com\/radio#listItem","name":"Inicio"}},{"@type":"ListItem","@id":"https:\/\/eldigitaldeasturias.com\/radio\/merkel-defiende-fondo-millonario-de-reconstruccion-previsto-por-la-ue\/#listItem","position":3,"name":"Merkel defiende fondo millonario de reconstrucci\u00f3n previsto por la UE","previousItem":{"@type":"ListItem","@id":"https:\/\/eldigitaldeasturias.com\/radio\/category\/noticias\/#listItem","name":"Noticias"}}]},{"@type":"NewsArticle","@id":"https:\/\/eldigitaldeasturias.com\/radio\/merkel-defiende-fondo-millonario-de-reconstruccion-previsto-por-la-ue\/#newsarticle","name":"Merkel defiende fondo millonario de reconstrucci\u00f3n previsto por la UE | El Digital de Asturias","headline":"Merkel defiende fondo millonario de reconstrucci\u00f3n previsto por la UE","author":{"@id":"https:\/\/eldigitaldeasturias.com\/radio\/author\/nbasturias\/#author"},"publisher":{"@id":"https:\/\/eldigitaldeasturias.com\/radio\/#organization"},"image":{"@type":"ImageObject","url":"https:\/\/eldigitaldeasturias.com\/radio\/wp-content\/uploads\/2020\/06\/Merkel.jpg","width":902,"height":668},"datePublished":"2020-06-20T01:58:10+02:00","dateModified":"2020-06-20T01:58:10+02:00","inLanguage":"es-ES","mainEntityOfPage":{"@id":"https:\/\/eldigitaldeasturias.com\/radio\/merkel-defiende-fondo-millonario-de-reconstruccion-previsto-por-la-ue\/#webpage"},"isPartOf":{"@id":"https:\/\/eldigitaldeasturias.com\/radio\/merkel-defiende-fondo-millonario-de-reconstruccion-previsto-por-la-ue\/#webpage"},"articleSection":"Noticias","dateline":"Publicado el junio 20, 2020."},{"@type":"Organization","@id":"https:\/\/eldigitaldeasturias.com\/radio\/#organization","name":"El digital de Asturias Radio","description":"Diario de informaci\u00f3n y noticias","url":"https:\/\/eldigitaldeasturias.com\/radio\/","telephone":"+34652131393","logo":{"@type":"ImageObject","url":"https:\/\/www.eldigitaldeasturias.com\/radio\/wp-content\/uploads\/2021\/03\/EDA.jpg","@id":"https:\/\/eldigitaldeasturias.com\/radio\/merkel-defiende-fondo-millonario-de-reconstruccion-previsto-por-la-ue\/#organizationLogo"},"image":{"@id":"https:\/\/eldigitaldeasturias.com\/radio\/merkel-defiende-fondo-millonario-de-reconstruccion-previsto-por-la-ue\/#organizationLogo"},"sameAs":["https:\/\/www.facebook.com\/","https:\/\/x.com\/bercodi","https:\/\/www.instagram.com\/","https:\/\/www.youtube.com\/channel\/UCZP-2wLEB9Rv6erhFmqVnvg"]},{"@type":"Person","@id":"https:\/\/eldigitaldeasturias.com\/radio\/author\/nbasturias\/#author","url":"https:\/\/eldigitaldeasturias.com\/radio\/author\/nbasturias\/","name":"NBAsturias","image":{"@type":"ImageObject","@id":"https:\/\/eldigitaldeasturias.com\/radio\/merkel-defiende-fondo-millonario-de-reconstruccion-previsto-por-la-ue\/#authorImage","url":"https:\/\/secure.gravatar.com\/avatar\/df2aeffc32bcd13f8d26072ef8a91b623d677766deac7f97ca815868cd41bf5e?s=96&d=mm&r=g","width":96,"height":96,"caption":"NBAsturias"}},{"@type":"WebPage","@id":"https:\/\/eldigitaldeasturias.com\/radio\/merkel-defiende-fondo-millonario-de-reconstruccion-previsto-por-la-ue\/#webpage","url":"https:\/\/eldigitaldeasturias.com\/radio\/merkel-defiende-fondo-millonario-de-reconstruccion-previsto-por-la-ue\/","name":"Merkel defiende fondo millonario de reconstrucci\u00f3n previsto por la UE | El Digital de Asturias","description":"Berl\u00edn, 18 jun (dpa) - La canciller alemana, Angela Merkel, defendi\u00f3 hoy el fondo millonario de reconstrucci\u00f3n previsto por la Uni\u00f3n Europea (UE) como medio para combatir posturas radicales y la divisi\u00f3n de Europa debido a la crisis desatada por la pandemia de coronavirus. \"No debemos ser ingenuos: las fuerzas antidemocr\u00e1ticas, los movimientos radicales y","inLanguage":"es-ES","isPartOf":{"@id":"https:\/\/eldigitaldeasturias.com\/radio\/#website"},"breadcrumb":{"@id":"https:\/\/eldigitaldeasturias.com\/radio\/merkel-defiende-fondo-millonario-de-reconstruccion-previsto-por-la-ue\/#breadcrumblist"},"author":{"@id":"https:\/\/eldigitaldeasturias.com\/radio\/author\/nbasturias\/#author"},"creator":{"@id":"https:\/\/eldigitaldeasturias.com\/radio\/author\/nbasturias\/#author"},"image":{"@type":"ImageObject","url":"https:\/\/eldigitaldeasturias.com\/radio\/wp-content\/uploads\/2020\/06\/Merkel.jpg","@id":"https:\/\/eldigitaldeasturias.com\/radio\/merkel-defiende-fondo-millonario-de-reconstruccion-previsto-por-la-ue\/#mainImage","width":902,"height":668},"primaryImageOfPage":{"@id":"https:\/\/eldigitaldeasturias.com\/radio\/merkel-defiende-fondo-millonario-de-reconstruccion-previsto-por-la-ue\/#mainImage"},"datePublished":"2020-06-20T01:58:10+02:00","dateModified":"2020-06-20T01:58:10+02:00"},{"@type":"WebSite","@id":"https:\/\/eldigitaldeasturias.com\/radio\/#website","url":"https:\/\/eldigitaldeasturias.com\/radio\/","name":"El Digital de Asturias","description":"Diario de informaci\u00f3n y noticias","inLanguage":"es-ES","publisher":{"@id":"https:\/\/eldigitaldeasturias.com\/radio\/#organization"}}]},"og:locale":"es_ES","og:site_name":"El Digital de Asturias | Diario de informaci\u00f3n y noticias","og:type":"article","og:title":"Merkel defiende fondo millonario de reconstrucci\u00f3n previsto por la UE | El Digital de Asturias","og:description":"Berl\u00edn, 18 jun (dpa) - La canciller alemana, Angela Merkel, defendi\u00f3 hoy el fondo millonario de reconstrucci\u00f3n previsto por la Uni\u00f3n Europea (UE) como medio para combatir posturas radicales y la divisi\u00f3n de Europa debido a la crisis desatada por la pandemia de coronavirus. &quot;No debemos ser ingenuos: las fuerzas antidemocr\u00e1ticas, los movimientos radicales y","og:url":"https:\/\/eldigitaldeasturias.com\/radio\/merkel-defiende-fondo-millonario-de-reconstruccion-previsto-por-la-ue\/","og:image":"https:\/\/eldigitaldeasturias.com\/radio\/wp-content\/uploads\/2020\/06\/Merkel.jpg","og:image:secure_url":"https:\/\/eldigitaldeasturias.com\/radio\/wp-content\/uploads\/2020\/06\/Merkel.jpg","og:image:width":902,"og:image:height":668,"article:published_time":"2020-06-20T01:58:10+00:00","article:modified_time":"2020-06-20T01:58:10+00:00","twitter:card":"summary_large_image","twitter:site":"@bercodi","twitter:title":"Merkel defiende fondo millonario de reconstrucci\u00f3n previsto por la UE | El Digital de Asturias","twitter:description":"Berl\u00edn, 18 jun (dpa) - La canciller alemana, Angela Merkel, defendi\u00f3 hoy el fondo millonario de reconstrucci\u00f3n previsto por la Uni\u00f3n Europea (UE) como medio para combatir posturas radicales y la divisi\u00f3n de Europa debido a la crisis desatada por la pandemia de coronavirus. &quot;No debemos ser ingenuos: las fuerzas antidemocr\u00e1ticas, los movimientos radicales y","twitter:creator":"@bercodi","twitter:image":"https:\/\/eldigitaldeasturias.com\/radio\/wp-content\/uploads\/2020\/06\/Merkel.jpg"},"aioseo_meta_data":{"post_id":"4558","title":null,"description":null,"keywords":null,"keyphrases":null,"primary_term":null,"canonical_url":null,"og_title":null,"og_description":null,"og_object_type":"default","og_image_type":"default","og_image_url":null,"og_image_width":null,"og_image_height":null,"og_image_custom_url":null,"og_image_custom_fields":null,"og_video":null,"og_custom_url":null,"og_article_section":null,"og_article_tags":null,"twitter_use_og":false,"twitter_card":"default","twitter_image_type":"default","twitter_image_url":null,"twitter_image_custom_url":null,"twitter_image_custom_fields":null,"twitter_title":null,"twitter_description":null,"schema":{"blockGraphs":[],"customGraphs":[],"default":{"data":{"Article":[],"Course":[],"Dataset":[],"FAQPage":[],"Movie":[],"Person":[],"Product":[],"ProductReview":[],"Car":[],"Recipe":[],"Service":[],"SoftwareApplication":[],"WebPage":[]},"graphName":"","isEnabled":true},"graphs":[],"defaultGraph":"","defaultPostTypeGraph":""},"schema_type":null,"schema_type_options":null,"pillar_content":false,"robots_default":true,"robots_noindex":false,"robots_noarchive":false,"robots_nosnippet":false,"robots_nofollow":false,"robots_noimageindex":false,"robots_noodp":false,"robots_notranslate":false,"robots_max_snippet":null,"robots_max_videopreview":null,"robots_max_imagepreview":"large","priority":null,"frequency":null,"location":null,"local_seo":null,"seo_analyzer_scan_date":"2025-08-28 16:15:38","breadcrumb_settings":null,"limit_modified_date":false,"open_ai":null,"ai":null,"created":"2021-03-25 23:41:50","updated":"2025-08-28 16:15:38"},"aioseo_breadcrumb":"<div class=\"aioseo-breadcrumbs\"><span class=\"aioseo-breadcrumb\">\n\t<a href=\"https:\/\/eldigitaldeasturias.com\/radio\" title=\"Inicio\">Inicio<\/a>\n<\/span><span class=\"aioseo-breadcrumb-separator\">&ndash;<\/span><span class=\"aioseo-breadcrumb\">\n\t<a href=\"https:\/\/eldigitaldeasturias.com\/radio\/category\/noticias\/\" title=\"Noticias\">Noticias<\/a>\n<\/span><span class=\"aioseo-breadcrumb-separator\">&ndash;<\/span><span class=\"aioseo-breadcrumb\">\n\tMerkel defiende fondo millonario de reconstrucci\u00f3n previsto por la UE\n<\/span><\/div>","aioseo_breadcrumb_json":[{"label":"Inicio","link":"https:\/\/eldigitaldeasturias.com\/radio"},{"label":"Noticias","link":"https:\/\/eldigitaldeasturias.com\/radio\/category\/noticias\/"},{"label":"Merkel defiende fondo millonario de reconstrucci\u00f3n previsto por la UE","link":"https:\/\/eldigitaldeasturias.com\/radio\/merkel-defiende-fondo-millonario-de-reconstruccion-previsto-por-la-ue\/"}],"_links":{"self":[{"href":"https:\/\/eldigitaldeasturias.com\/radio\/wp-json\/wp\/v2\/posts\/4558","targetHints":{"allow":["GET"]}}],"collection":[{"href":"https:\/\/eldigitaldeasturias.com\/radio\/wp-json\/wp\/v2\/posts"}],"about":[{"href":"https:\/\/eldigitaldeasturias.com\/radio\/wp-json\/wp\/v2\/types\/post"}],"author":[{"embeddable":true,"href":"https:\/\/eldigitaldeasturias.com\/radio\/wp-json\/wp\/v2\/users\/1"}],"replies":[{"embeddable":true,"href":"https:\/\/eldigitaldeasturias.com\/radio\/wp-json\/wp\/v2\/comments?post=4558"}],"version-history":[{"count":0,"href":"https:\/\/eldigitaldeasturias.com\/radio\/wp-json\/wp\/v2\/posts\/4558\/revisions"}],"wp:featuredmedia":[{"embeddable":true,"href":"https:\/\/eldigitaldeasturias.com\/radio\/wp-json\/wp\/v2\/media\/4559"}],"wp:attachment":[{"href":"https:\/\/eldigitaldeasturias.com\/radio\/wp-json\/wp\/v2\/media?parent=4558"}],"wp:term":[{"taxonomy":"category","embeddable":true,"href":"https:\/\/eldigitaldeasturias.com\/radio\/wp-json\/wp\/v2\/categories?post=4558"},{"taxonomy":"post_tag","embeddable":true,"href":"https:\/\/eldigitaldeasturias.com\/radio\/wp-json\/wp\/v2\/tags?post=4558"}],"curies":[{"name":"wp","href":"https:\/\/api.w.org\/{rel}","templated":true}]}}