{"id":4555,"date":"2020-06-20T01:53:48","date_gmt":"2020-06-20T01:53:48","guid":{"rendered":"http:\/\/www.eldigitaldeasturias.com\/radio\/?p=4555"},"modified":"2020-06-20T01:53:48","modified_gmt":"2020-06-20T01:53:48","slug":"timo-werner-deja-el-leipzig-por-el-chelsea","status":"publish","type":"post","link":"https:\/\/eldigitaldeasturias.com\/radio\/timo-werner-deja-el-leipzig-por-el-chelsea\/","title":{"rendered":"Timo Werner deja el Leipzig por el Chelsea"},"content":{"rendered":"<figure id=\"attachment_4556\" aria-describedby=\"caption-attachment-4556\" style=\"width: 360px\" class=\"wp-caption alignleft\"><img fetchpriority=\"high\" decoding=\"async\" class=\"wp-image-4556 size-medium\" src=\"http:\/\/www.eldigitaldeasturias.com\/radio\/wp-content\/uploads\/2020\/06\/Timo-360x218.jpg\" alt=\"\" width=\"360\" height=\"218\" srcset=\"https:\/\/eldigitaldeasturias.com\/radio\/wp-content\/uploads\/2020\/06\/Timo-360x218.jpg 360w, https:\/\/eldigitaldeasturias.com\/radio\/wp-content\/uploads\/2020\/06\/Timo-1024x619.jpg 1024w, https:\/\/eldigitaldeasturias.com\/radio\/wp-content\/uploads\/2020\/06\/Timo-768x465.jpg 768w, https:\/\/eldigitaldeasturias.com\/radio\/wp-content\/uploads\/2020\/06\/Timo.jpg 1106w\" sizes=\"(max-width: 360px) 100vw, 360px\" \/><figcaption id=\"caption-attachment-4556\" class=\"wp-caption-text\">Foto: Alexander Hassenstein\/Getty Images Europe\/Pool\/dpa<\/figcaption><\/figure>\n<p>Leipzig (Alemania), 18 jun (dpa) &#8211; El delantero alem\u00e1n Timo Werner deja el Leipzig de la Bundesliga y ficha con el Chelsea de la liga inglesa, seg\u00fan dieron a conocer ambos clubes hoy.<\/p>\n<p>El jugador de 24 a\u00f1os ten\u00eda un contrato con el Leipzig hasta 2023, pero el club ingl\u00e9s pudo contratarlo a cambio del pago de una cl\u00e1usula de rescisi\u00f3n de 53 millones de euros (59,6 millones de d\u00f3lares).<\/p>\n<p>\u00abMe alegro de haber firmado con el Chelsea. Este es un momento que me llena de orgullo. Quiero agradecer al Leipzig y sus aficionados por estos cuatro a\u00f1os fant\u00e1sticos. Siempre los llevar\u00e9 en el coraz\u00f3n\u00bb, se\u00f1al\u00f3 Werner.<\/p>\n<p>El Chelsea comunic\u00f3 que el internacional alem\u00e1n deber\u00e1 pasar los ex\u00e1menes m\u00e9dicos y que se espera su llegada a Londres para julio.<\/p>\n<p>Por su parte, el Leipzig se\u00f1al\u00f3 que el jugador ya no formar\u00e1 parte del equipo alem\u00e1n en los cuartos de final de la Liga de Campeones, previstos para mediados de agosto en Lisboa.<\/p>\n","protected":false},"excerpt":{"rendered":"<p>Leipzig (Alemania), 18 jun (dpa) &#8211; El delantero alem\u00e1n Timo Werner deja el Leipzig de la Bundesliga y ficha con el Chelsea de la liga inglesa, seg\u00fan dieron a conocer ambos clubes hoy. El jugador de 24 a\u00f1os ten\u00eda un contrato con el Leipzig hasta 2023, pero el club ingl\u00e9s pudo contratarlo a cambio del<\/p>\n","protected":false},"author":1,"featured_media":4556,"comment_status":"closed","ping_status":"closed","sticky":false,"template":"","format":"standard","meta":{"footnotes":""},"categories":[1],"tags":[],"class_list":{"0":"post-4555","1":"post","2":"type-post","3":"status-publish","4":"format-standard","5":"has-post-thumbnail","7":"category-noticias"},"aioseo_notices":[],"aioseo_head":"\n\t\t<!-- All in One SEO Pro 4.9.6.2 - aioseo.com -->\n\t<meta name=\"description\" content=\"Leipzig (Alemania), 18 jun (dpa) - El delantero alem\u00e1n Timo Werner deja el Leipzig de la Bundesliga y ficha con el Chelsea de la liga inglesa, seg\u00fan dieron a conocer ambos clubes hoy. El jugador de 24 a\u00f1os ten\u00eda un contrato con el Leipzig hasta 2023, pero el club ingl\u00e9s pudo contratarlo a cambio del\" \/>\n\t<meta name=\"robots\" content=\"max-image-preview:large\" \/>\n\t<meta name=\"author\" content=\"NBAsturias\"\/>\n\t<meta name=\"google-site-verification\" content=\"UA-38556648-1\" \/>\n\t<meta name=\"keywords\" content=\"noticias\" \/>\n\t<link rel=\"canonical\" href=\"https:\/\/eldigitaldeasturias.com\/radio\/timo-werner-deja-el-leipzig-por-el-chelsea\/\" \/>\n\t<meta name=\"generator\" content=\"All in One SEO Pro (AIOSEO) 4.9.6.2\" \/>\n\t\t<meta property=\"og:locale\" content=\"es_ES\" \/>\n\t\t<meta property=\"og:site_name\" content=\"El Digital de Asturias | Diario de informaci\u00f3n y noticias\" \/>\n\t\t<meta property=\"og:type\" content=\"article\" \/>\n\t\t<meta property=\"og:title\" content=\"Timo Werner deja el Leipzig por el Chelsea | El Digital de Asturias\" \/>\n\t\t<meta property=\"og:description\" content=\"Leipzig (Alemania), 18 jun (dpa) - El delantero alem\u00e1n Timo Werner deja el Leipzig de la Bundesliga y ficha con el Chelsea de la liga inglesa, seg\u00fan dieron a conocer ambos clubes hoy. El jugador de 24 a\u00f1os ten\u00eda un contrato con el Leipzig hasta 2023, pero el club ingl\u00e9s pudo contratarlo a cambio del\" \/>\n\t\t<meta property=\"og:url\" content=\"https:\/\/eldigitaldeasturias.com\/radio\/timo-werner-deja-el-leipzig-por-el-chelsea\/\" \/>\n\t\t<meta property=\"og:image\" content=\"https:\/\/eldigitaldeasturias.com\/radio\/wp-content\/uploads\/2020\/06\/Timo.jpg\" \/>\n\t\t<meta property=\"og:image:secure_url\" content=\"https:\/\/eldigitaldeasturias.com\/radio\/wp-content\/uploads\/2020\/06\/Timo.jpg\" \/>\n\t\t<meta property=\"og:image:width\" content=\"1106\" \/>\n\t\t<meta property=\"og:image:height\" content=\"669\" \/>\n\t\t<meta property=\"article:published_time\" content=\"2020-06-20T01:53:48+00:00\" \/>\n\t\t<meta property=\"article:modified_time\" content=\"2020-06-20T01:53:48+00:00\" \/>\n\t\t<meta name=\"twitter:card\" content=\"summary_large_image\" \/>\n\t\t<meta name=\"twitter:site\" content=\"@bercodi\" \/>\n\t\t<meta name=\"twitter:title\" content=\"Timo Werner deja el Leipzig por el Chelsea | El Digital de Asturias\" \/>\n\t\t<meta name=\"twitter:description\" content=\"Leipzig (Alemania), 18 jun (dpa) - El delantero alem\u00e1n Timo Werner deja el Leipzig de la Bundesliga y ficha con el Chelsea de la liga inglesa, seg\u00fan dieron a conocer ambos clubes hoy. El jugador de 24 a\u00f1os ten\u00eda un contrato con el Leipzig hasta 2023, pero el club ingl\u00e9s pudo contratarlo a cambio del\" \/>\n\t\t<meta name=\"twitter:creator\" content=\"@bercodi\" \/>\n\t\t<meta name=\"twitter:image\" content=\"https:\/\/eldigitaldeasturias.com\/radio\/wp-content\/uploads\/2020\/06\/Timo.jpg\" \/>\n\t\t<script type=\"application\/ld+json\" class=\"aioseo-schema\">\n\t\t\t{\"@context\":\"https:\\\/\\\/schema.org\",\"@graph\":[{\"@type\":\"BreadcrumbList\",\"@id\":\"https:\\\/\\\/eldigitaldeasturias.com\\\/radio\\\/timo-werner-deja-el-leipzig-por-el-chelsea\\\/#breadcrumblist\",\"itemListElement\":[{\"@type\":\"ListItem\",\"@id\":\"https:\\\/\\\/eldigitaldeasturias.com\\\/radio#listItem\",\"position\":1,\"name\":\"Inicio\",\"item\":\"https:\\\/\\\/eldigitaldeasturias.com\\\/radio\",\"nextItem\":{\"@type\":\"ListItem\",\"@id\":\"https:\\\/\\\/eldigitaldeasturias.com\\\/radio\\\/category\\\/noticias\\\/#listItem\",\"name\":\"Noticias\"}},{\"@type\":\"ListItem\",\"@id\":\"https:\\\/\\\/eldigitaldeasturias.com\\\/radio\\\/category\\\/noticias\\\/#listItem\",\"position\":2,\"name\":\"Noticias\",\"item\":\"https:\\\/\\\/eldigitaldeasturias.com\\\/radio\\\/category\\\/noticias\\\/\",\"nextItem\":{\"@type\":\"ListItem\",\"@id\":\"https:\\\/\\\/eldigitaldeasturias.com\\\/radio\\\/timo-werner-deja-el-leipzig-por-el-chelsea\\\/#listItem\",\"name\":\"Timo Werner deja el Leipzig por el Chelsea\"},\"previousItem\":{\"@type\":\"ListItem\",\"@id\":\"https:\\\/\\\/eldigitaldeasturias.com\\\/radio#listItem\",\"name\":\"Inicio\"}},{\"@type\":\"ListItem\",\"@id\":\"https:\\\/\\\/eldigitaldeasturias.com\\\/radio\\\/timo-werner-deja-el-leipzig-por-el-chelsea\\\/#listItem\",\"position\":3,\"name\":\"Timo Werner deja el Leipzig por el Chelsea\",\"previousItem\":{\"@type\":\"ListItem\",\"@id\":\"https:\\\/\\\/eldigitaldeasturias.com\\\/radio\\\/category\\\/noticias\\\/#listItem\",\"name\":\"Noticias\"}}]},{\"@type\":\"NewsArticle\",\"@id\":\"https:\\\/\\\/eldigitaldeasturias.com\\\/radio\\\/timo-werner-deja-el-leipzig-por-el-chelsea\\\/#newsarticle\",\"name\":\"Timo Werner deja el Leipzig por el Chelsea | El Digital de Asturias\",\"headline\":\"Timo Werner deja el Leipzig por el Chelsea\",\"author\":{\"@id\":\"https:\\\/\\\/eldigitaldeasturias.com\\\/radio\\\/author\\\/nbasturias\\\/#author\"},\"publisher\":{\"@id\":\"https:\\\/\\\/eldigitaldeasturias.com\\\/radio\\\/#organization\"},\"image\":{\"@type\":\"ImageObject\",\"url\":\"https:\\\/\\\/eldigitaldeasturias.com\\\/radio\\\/wp-content\\\/uploads\\\/2020\\\/06\\\/Timo.jpg\",\"width\":1106,\"height\":669},\"datePublished\":\"2020-06-20T01:53:48+02:00\",\"dateModified\":\"2020-06-20T01:53:48+02:00\",\"inLanguage\":\"es-ES\",\"mainEntityOfPage\":{\"@id\":\"https:\\\/\\\/eldigitaldeasturias.com\\\/radio\\\/timo-werner-deja-el-leipzig-por-el-chelsea\\\/#webpage\"},\"isPartOf\":{\"@id\":\"https:\\\/\\\/eldigitaldeasturias.com\\\/radio\\\/timo-werner-deja-el-leipzig-por-el-chelsea\\\/#webpage\"},\"articleSection\":\"Noticias\",\"dateline\":\"Publicado el junio 20, 2020.\"},{\"@type\":\"Organization\",\"@id\":\"https:\\\/\\\/eldigitaldeasturias.com\\\/radio\\\/#organization\",\"name\":\"El digital de Asturias Radio\",\"description\":\"Diario de informaci\\u00f3n y noticias\",\"url\":\"https:\\\/\\\/eldigitaldeasturias.com\\\/radio\\\/\",\"telephone\":\"+34652131393\",\"logo\":{\"@type\":\"ImageObject\",\"url\":\"https:\\\/\\\/www.eldigitaldeasturias.com\\\/radio\\\/wp-content\\\/uploads\\\/2021\\\/03\\\/EDA.jpg\",\"@id\":\"https:\\\/\\\/eldigitaldeasturias.com\\\/radio\\\/timo-werner-deja-el-leipzig-por-el-chelsea\\\/#organizationLogo\"},\"image\":{\"@id\":\"https:\\\/\\\/eldigitaldeasturias.com\\\/radio\\\/timo-werner-deja-el-leipzig-por-el-chelsea\\\/#organizationLogo\"},\"sameAs\":[\"https:\\\/\\\/www.facebook.com\\\/\",\"https:\\\/\\\/x.com\\\/bercodi\",\"https:\\\/\\\/www.instagram.com\\\/\",\"https:\\\/\\\/www.youtube.com\\\/channel\\\/UCZP-2wLEB9Rv6erhFmqVnvg\"]},{\"@type\":\"Person\",\"@id\":\"https:\\\/\\\/eldigitaldeasturias.com\\\/radio\\\/author\\\/nbasturias\\\/#author\",\"url\":\"https:\\\/\\\/eldigitaldeasturias.com\\\/radio\\\/author\\\/nbasturias\\\/\",\"name\":\"NBAsturias\",\"image\":{\"@type\":\"ImageObject\",\"@id\":\"https:\\\/\\\/eldigitaldeasturias.com\\\/radio\\\/timo-werner-deja-el-leipzig-por-el-chelsea\\\/#authorImage\",\"url\":\"https:\\\/\\\/secure.gravatar.com\\\/avatar\\\/df2aeffc32bcd13f8d26072ef8a91b623d677766deac7f97ca815868cd41bf5e?s=96&d=mm&r=g\",\"width\":96,\"height\":96,\"caption\":\"NBAsturias\"}},{\"@type\":\"WebPage\",\"@id\":\"https:\\\/\\\/eldigitaldeasturias.com\\\/radio\\\/timo-werner-deja-el-leipzig-por-el-chelsea\\\/#webpage\",\"url\":\"https:\\\/\\\/eldigitaldeasturias.com\\\/radio\\\/timo-werner-deja-el-leipzig-por-el-chelsea\\\/\",\"name\":\"Timo Werner deja el Leipzig por el Chelsea | El Digital de Asturias\",\"description\":\"Leipzig (Alemania), 18 jun (dpa) - El delantero alem\\u00e1n Timo Werner deja el Leipzig de la Bundesliga y ficha con el Chelsea de la liga inglesa, seg\\u00fan dieron a conocer ambos clubes hoy. El jugador de 24 a\\u00f1os ten\\u00eda un contrato con el Leipzig hasta 2023, pero el club ingl\\u00e9s pudo contratarlo a cambio del\",\"inLanguage\":\"es-ES\",\"isPartOf\":{\"@id\":\"https:\\\/\\\/eldigitaldeasturias.com\\\/radio\\\/#website\"},\"breadcrumb\":{\"@id\":\"https:\\\/\\\/eldigitaldeasturias.com\\\/radio\\\/timo-werner-deja-el-leipzig-por-el-chelsea\\\/#breadcrumblist\"},\"author\":{\"@id\":\"https:\\\/\\\/eldigitaldeasturias.com\\\/radio\\\/author\\\/nbasturias\\\/#author\"},\"creator\":{\"@id\":\"https:\\\/\\\/eldigitaldeasturias.com\\\/radio\\\/author\\\/nbasturias\\\/#author\"},\"image\":{\"@type\":\"ImageObject\",\"url\":\"https:\\\/\\\/eldigitaldeasturias.com\\\/radio\\\/wp-content\\\/uploads\\\/2020\\\/06\\\/Timo.jpg\",\"@id\":\"https:\\\/\\\/eldigitaldeasturias.com\\\/radio\\\/timo-werner-deja-el-leipzig-por-el-chelsea\\\/#mainImage\",\"width\":1106,\"height\":669},\"primaryImageOfPage\":{\"@id\":\"https:\\\/\\\/eldigitaldeasturias.com\\\/radio\\\/timo-werner-deja-el-leipzig-por-el-chelsea\\\/#mainImage\"},\"datePublished\":\"2020-06-20T01:53:48+02:00\",\"dateModified\":\"2020-06-20T01:53:48+02:00\"},{\"@type\":\"WebSite\",\"@id\":\"https:\\\/\\\/eldigitaldeasturias.com\\\/radio\\\/#website\",\"url\":\"https:\\\/\\\/eldigitaldeasturias.com\\\/radio\\\/\",\"name\":\"El Digital de Asturias\",\"description\":\"Diario de informaci\\u00f3n y noticias\",\"inLanguage\":\"es-ES\",\"publisher\":{\"@id\":\"https:\\\/\\\/eldigitaldeasturias.com\\\/radio\\\/#organization\"}}]}\n\t\t<\/script>\n\t\t<!-- All in One SEO Pro -->\r\n\t\t<title>Timo Werner deja el Leipzig por el Chelsea | El Digital de Asturias<\/title>\n\n","aioseo_head_json":{"title":"Timo Werner deja el Leipzig por el Chelsea | El Digital de Asturias","description":"Leipzig (Alemania), 18 jun (dpa) - El delantero alem\u00e1n Timo Werner deja el Leipzig de la Bundesliga y ficha con el Chelsea de la liga inglesa, seg\u00fan dieron a conocer ambos clubes hoy. El jugador de 24 a\u00f1os ten\u00eda un contrato con el Leipzig hasta 2023, pero el club ingl\u00e9s pudo contratarlo a cambio del","canonical_url":"https:\/\/eldigitaldeasturias.com\/radio\/timo-werner-deja-el-leipzig-por-el-chelsea\/","robots":"max-image-preview:large","keywords":"noticias","webmasterTools":{"google-site-verification":"UA-38556648-1","miscellaneous":""},"schema":{"@context":"https:\/\/schema.org","@graph":[{"@type":"BreadcrumbList","@id":"https:\/\/eldigitaldeasturias.com\/radio\/timo-werner-deja-el-leipzig-por-el-chelsea\/#breadcrumblist","itemListElement":[{"@type":"ListItem","@id":"https:\/\/eldigitaldeasturias.com\/radio#listItem","position":1,"name":"Inicio","item":"https:\/\/eldigitaldeasturias.com\/radio","nextItem":{"@type":"ListItem","@id":"https:\/\/eldigitaldeasturias.com\/radio\/category\/noticias\/#listItem","name":"Noticias"}},{"@type":"ListItem","@id":"https:\/\/eldigitaldeasturias.com\/radio\/category\/noticias\/#listItem","position":2,"name":"Noticias","item":"https:\/\/eldigitaldeasturias.com\/radio\/category\/noticias\/","nextItem":{"@type":"ListItem","@id":"https:\/\/eldigitaldeasturias.com\/radio\/timo-werner-deja-el-leipzig-por-el-chelsea\/#listItem","name":"Timo Werner deja el Leipzig por el Chelsea"},"previousItem":{"@type":"ListItem","@id":"https:\/\/eldigitaldeasturias.com\/radio#listItem","name":"Inicio"}},{"@type":"ListItem","@id":"https:\/\/eldigitaldeasturias.com\/radio\/timo-werner-deja-el-leipzig-por-el-chelsea\/#listItem","position":3,"name":"Timo Werner deja el Leipzig por el Chelsea","previousItem":{"@type":"ListItem","@id":"https:\/\/eldigitaldeasturias.com\/radio\/category\/noticias\/#listItem","name":"Noticias"}}]},{"@type":"NewsArticle","@id":"https:\/\/eldigitaldeasturias.com\/radio\/timo-werner-deja-el-leipzig-por-el-chelsea\/#newsarticle","name":"Timo Werner deja el Leipzig por el Chelsea | El Digital de Asturias","headline":"Timo Werner deja el Leipzig por el Chelsea","author":{"@id":"https:\/\/eldigitaldeasturias.com\/radio\/author\/nbasturias\/#author"},"publisher":{"@id":"https:\/\/eldigitaldeasturias.com\/radio\/#organization"},"image":{"@type":"ImageObject","url":"https:\/\/eldigitaldeasturias.com\/radio\/wp-content\/uploads\/2020\/06\/Timo.jpg","width":1106,"height":669},"datePublished":"2020-06-20T01:53:48+02:00","dateModified":"2020-06-20T01:53:48+02:00","inLanguage":"es-ES","mainEntityOfPage":{"@id":"https:\/\/eldigitaldeasturias.com\/radio\/timo-werner-deja-el-leipzig-por-el-chelsea\/#webpage"},"isPartOf":{"@id":"https:\/\/eldigitaldeasturias.com\/radio\/timo-werner-deja-el-leipzig-por-el-chelsea\/#webpage"},"articleSection":"Noticias","dateline":"Publicado el junio 20, 2020."},{"@type":"Organization","@id":"https:\/\/eldigitaldeasturias.com\/radio\/#organization","name":"El digital de Asturias Radio","description":"Diario de informaci\u00f3n y noticias","url":"https:\/\/eldigitaldeasturias.com\/radio\/","telephone":"+34652131393","logo":{"@type":"ImageObject","url":"https:\/\/www.eldigitaldeasturias.com\/radio\/wp-content\/uploads\/2021\/03\/EDA.jpg","@id":"https:\/\/eldigitaldeasturias.com\/radio\/timo-werner-deja-el-leipzig-por-el-chelsea\/#organizationLogo"},"image":{"@id":"https:\/\/eldigitaldeasturias.com\/radio\/timo-werner-deja-el-leipzig-por-el-chelsea\/#organizationLogo"},"sameAs":["https:\/\/www.facebook.com\/","https:\/\/x.com\/bercodi","https:\/\/www.instagram.com\/","https:\/\/www.youtube.com\/channel\/UCZP-2wLEB9Rv6erhFmqVnvg"]},{"@type":"Person","@id":"https:\/\/eldigitaldeasturias.com\/radio\/author\/nbasturias\/#author","url":"https:\/\/eldigitaldeasturias.com\/radio\/author\/nbasturias\/","name":"NBAsturias","image":{"@type":"ImageObject","@id":"https:\/\/eldigitaldeasturias.com\/radio\/timo-werner-deja-el-leipzig-por-el-chelsea\/#authorImage","url":"https:\/\/secure.gravatar.com\/avatar\/df2aeffc32bcd13f8d26072ef8a91b623d677766deac7f97ca815868cd41bf5e?s=96&d=mm&r=g","width":96,"height":96,"caption":"NBAsturias"}},{"@type":"WebPage","@id":"https:\/\/eldigitaldeasturias.com\/radio\/timo-werner-deja-el-leipzig-por-el-chelsea\/#webpage","url":"https:\/\/eldigitaldeasturias.com\/radio\/timo-werner-deja-el-leipzig-por-el-chelsea\/","name":"Timo Werner deja el Leipzig por el Chelsea | El Digital de Asturias","description":"Leipzig (Alemania), 18 jun (dpa) - El delantero alem\u00e1n Timo Werner deja el Leipzig de la Bundesliga y ficha con el Chelsea de la liga inglesa, seg\u00fan dieron a conocer ambos clubes hoy. El jugador de 24 a\u00f1os ten\u00eda un contrato con el Leipzig hasta 2023, pero el club ingl\u00e9s pudo contratarlo a cambio del","inLanguage":"es-ES","isPartOf":{"@id":"https:\/\/eldigitaldeasturias.com\/radio\/#website"},"breadcrumb":{"@id":"https:\/\/eldigitaldeasturias.com\/radio\/timo-werner-deja-el-leipzig-por-el-chelsea\/#breadcrumblist"},"author":{"@id":"https:\/\/eldigitaldeasturias.com\/radio\/author\/nbasturias\/#author"},"creator":{"@id":"https:\/\/eldigitaldeasturias.com\/radio\/author\/nbasturias\/#author"},"image":{"@type":"ImageObject","url":"https:\/\/eldigitaldeasturias.com\/radio\/wp-content\/uploads\/2020\/06\/Timo.jpg","@id":"https:\/\/eldigitaldeasturias.com\/radio\/timo-werner-deja-el-leipzig-por-el-chelsea\/#mainImage","width":1106,"height":669},"primaryImageOfPage":{"@id":"https:\/\/eldigitaldeasturias.com\/radio\/timo-werner-deja-el-leipzig-por-el-chelsea\/#mainImage"},"datePublished":"2020-06-20T01:53:48+02:00","dateModified":"2020-06-20T01:53:48+02:00"},{"@type":"WebSite","@id":"https:\/\/eldigitaldeasturias.com\/radio\/#website","url":"https:\/\/eldigitaldeasturias.com\/radio\/","name":"El Digital de Asturias","description":"Diario de informaci\u00f3n y noticias","inLanguage":"es-ES","publisher":{"@id":"https:\/\/eldigitaldeasturias.com\/radio\/#organization"}}]},"og:locale":"es_ES","og:site_name":"El Digital de Asturias | Diario de informaci\u00f3n y noticias","og:type":"article","og:title":"Timo Werner deja el Leipzig por el Chelsea | El Digital de Asturias","og:description":"Leipzig (Alemania), 18 jun (dpa) - El delantero alem\u00e1n Timo Werner deja el Leipzig de la Bundesliga y ficha con el Chelsea de la liga inglesa, seg\u00fan dieron a conocer ambos clubes hoy. El jugador de 24 a\u00f1os ten\u00eda un contrato con el Leipzig hasta 2023, pero el club ingl\u00e9s pudo contratarlo a cambio del","og:url":"https:\/\/eldigitaldeasturias.com\/radio\/timo-werner-deja-el-leipzig-por-el-chelsea\/","og:image":"https:\/\/eldigitaldeasturias.com\/radio\/wp-content\/uploads\/2020\/06\/Timo.jpg","og:image:secure_url":"https:\/\/eldigitaldeasturias.com\/radio\/wp-content\/uploads\/2020\/06\/Timo.jpg","og:image:width":1106,"og:image:height":669,"article:published_time":"2020-06-20T01:53:48+00:00","article:modified_time":"2020-06-20T01:53:48+00:00","twitter:card":"summary_large_image","twitter:site":"@bercodi","twitter:title":"Timo Werner deja el Leipzig por el Chelsea | El Digital de Asturias","twitter:description":"Leipzig (Alemania), 18 jun (dpa) - El delantero alem\u00e1n Timo Werner deja el Leipzig de la Bundesliga y ficha con el Chelsea de la liga inglesa, seg\u00fan dieron a conocer ambos clubes hoy. El jugador de 24 a\u00f1os ten\u00eda un contrato con el Leipzig hasta 2023, pero el club ingl\u00e9s pudo contratarlo a cambio del","twitter:creator":"@bercodi","twitter:image":"https:\/\/eldigitaldeasturias.com\/radio\/wp-content\/uploads\/2020\/06\/Timo.jpg"},"aioseo_meta_data":{"post_id":"4555","title":null,"description":null,"keywords":null,"keyphrases":null,"primary_term":null,"canonical_url":null,"og_title":null,"og_description":null,"og_object_type":"default","og_image_type":"default","og_image_url":null,"og_image_width":null,"og_image_height":null,"og_image_custom_url":null,"og_image_custom_fields":null,"og_video":null,"og_custom_url":null,"og_article_section":null,"og_article_tags":null,"twitter_use_og":false,"twitter_card":"default","twitter_image_type":"default","twitter_image_url":null,"twitter_image_custom_url":null,"twitter_image_custom_fields":null,"twitter_title":null,"twitter_description":null,"schema":{"blockGraphs":[],"customGraphs":[],"default":{"data":{"Article":[],"Course":[],"Dataset":[],"FAQPage":[],"Movie":[],"Person":[],"Product":[],"ProductReview":[],"Car":[],"Recipe":[],"Service":[],"SoftwareApplication":[],"WebPage":[]},"graphName":"","isEnabled":true},"graphs":[],"defaultGraph":"","defaultPostTypeGraph":""},"schema_type":null,"schema_type_options":null,"pillar_content":false,"robots_default":true,"robots_noindex":false,"robots_noarchive":false,"robots_nosnippet":false,"robots_nofollow":false,"robots_noimageindex":false,"robots_noodp":false,"robots_notranslate":false,"robots_max_snippet":null,"robots_max_videopreview":null,"robots_max_imagepreview":"large","priority":null,"frequency":null,"location":null,"local_seo":null,"seo_analyzer_scan_date":"2025-08-28 16:15:37","breadcrumb_settings":null,"limit_modified_date":false,"open_ai":null,"ai":null,"created":"2021-03-25 23:41:50","updated":"2025-08-28 16:15:37"},"aioseo_breadcrumb":"<div class=\"aioseo-breadcrumbs\"><span class=\"aioseo-breadcrumb\">\n\t<a href=\"https:\/\/eldigitaldeasturias.com\/radio\" title=\"Inicio\">Inicio<\/a>\n<\/span><span class=\"aioseo-breadcrumb-separator\">&ndash;<\/span><span class=\"aioseo-breadcrumb\">\n\t<a href=\"https:\/\/eldigitaldeasturias.com\/radio\/category\/noticias\/\" title=\"Noticias\">Noticias<\/a>\n<\/span><span class=\"aioseo-breadcrumb-separator\">&ndash;<\/span><span class=\"aioseo-breadcrumb\">\n\tTimo Werner deja el Leipzig por el Chelsea\n<\/span><\/div>","aioseo_breadcrumb_json":[{"label":"Inicio","link":"https:\/\/eldigitaldeasturias.com\/radio"},{"label":"Noticias","link":"https:\/\/eldigitaldeasturias.com\/radio\/category\/noticias\/"},{"label":"Timo Werner deja el Leipzig por el Chelsea","link":"https:\/\/eldigitaldeasturias.com\/radio\/timo-werner-deja-el-leipzig-por-el-chelsea\/"}],"_links":{"self":[{"href":"https:\/\/eldigitaldeasturias.com\/radio\/wp-json\/wp\/v2\/posts\/4555","targetHints":{"allow":["GET"]}}],"collection":[{"href":"https:\/\/eldigitaldeasturias.com\/radio\/wp-json\/wp\/v2\/posts"}],"about":[{"href":"https:\/\/eldigitaldeasturias.com\/radio\/wp-json\/wp\/v2\/types\/post"}],"author":[{"embeddable":true,"href":"https:\/\/eldigitaldeasturias.com\/radio\/wp-json\/wp\/v2\/users\/1"}],"replies":[{"embeddable":true,"href":"https:\/\/eldigitaldeasturias.com\/radio\/wp-json\/wp\/v2\/comments?post=4555"}],"version-history":[{"count":0,"href":"https:\/\/eldigitaldeasturias.com\/radio\/wp-json\/wp\/v2\/posts\/4555\/revisions"}],"wp:featuredmedia":[{"embeddable":true,"href":"https:\/\/eldigitaldeasturias.com\/radio\/wp-json\/wp\/v2\/media\/4556"}],"wp:attachment":[{"href":"https:\/\/eldigitaldeasturias.com\/radio\/wp-json\/wp\/v2\/media?parent=4555"}],"wp:term":[{"taxonomy":"category","embeddable":true,"href":"https:\/\/eldigitaldeasturias.com\/radio\/wp-json\/wp\/v2\/categories?post=4555"},{"taxonomy":"post_tag","embeddable":true,"href":"https:\/\/eldigitaldeasturias.com\/radio\/wp-json\/wp\/v2\/tags?post=4555"}],"curies":[{"name":"wp","href":"https:\/\/api.w.org\/{rel}","templated":true}]}}