{"id":4552,"date":"2020-06-20T01:51:24","date_gmt":"2020-06-20T01:51:24","guid":{"rendered":"http:\/\/www.eldigitaldeasturias.com\/radio\/?p=4552"},"modified":"2020-06-20T01:51:24","modified_gmt":"2020-06-20T01:51:24","slug":"alemania-recuerda-a-victimas-de-levantamiento-de-1953-en-la-rda","status":"publish","type":"post","link":"https:\/\/eldigitaldeasturias.com\/radio\/alemania-recuerda-a-victimas-de-levantamiento-de-1953-en-la-rda\/","title":{"rendered":"Alemania recuerda a v\u00edctimas de levantamiento de 1953 en la RDA"},"content":{"rendered":"<figure id=\"attachment_4553\" aria-describedby=\"caption-attachment-4553\" style=\"width: 360px\" class=\"wp-caption alignleft\"><img fetchpriority=\"high\" decoding=\"async\" class=\"size-medium wp-image-4553\" src=\"http:\/\/www.eldigitaldeasturias.com\/radio\/wp-content\/uploads\/2020\/06\/Homenaje-1953-360x226.jpg\" alt=\"\" width=\"360\" height=\"226\" srcset=\"https:\/\/eldigitaldeasturias.com\/radio\/wp-content\/uploads\/2020\/06\/Homenaje-1953-360x226.jpg 360w, https:\/\/eldigitaldeasturias.com\/radio\/wp-content\/uploads\/2020\/06\/Homenaje-1953-1024x643.jpg 1024w, https:\/\/eldigitaldeasturias.com\/radio\/wp-content\/uploads\/2020\/06\/Homenaje-1953-768x482.jpg 768w, https:\/\/eldigitaldeasturias.com\/radio\/wp-content\/uploads\/2020\/06\/Homenaje-1953.jpg 1050w\" sizes=\"(max-width: 360px) 100vw, 360px\" \/><figcaption id=\"caption-attachment-4553\" class=\"wp-caption-text\">Foto: Wolfgang Kumm\/dpa<\/figcaption><\/figure>\n<p>Berl\u00edn, 17 jun (dpa) &#8211; Autoridades del Gobierno alem\u00e1n conmemoraron hoy en Berl\u00edn a las v\u00edctimas del levantamiento popular contra el r\u00e9gimen comunista, que tuvo lugar en la extinta Rep\u00fablica Democr\u00e1tica Alemana (RDA) hace 67 a\u00f1os.<\/p>\n<p>La ministra alemana de Justicia, Christine Lambrecht, y el alcalde de Berl\u00edn, Michael M\u00fcller, colocaron coronas en el memorial que se encuentra en el cementerio de la Seestra\u00dfe. A diferencia de a\u00f1os anteriores no se pronunciaron discursos debido a las restricciones implementadas por la pandemia del coronavirus.<\/p>\n<p>El 17 de junio de 1953, m\u00e1s de un mill\u00f3n de personas salieron a las calles en unas 700 ciudades y localidades de Alemania Oriental para protestar contra la tensa situaci\u00f3n pol\u00edtica y econ\u00f3mica.<\/p>\n<p>Las huelgas espont\u00e1neas se convirtieron en un levantamiento con proclamas de libertad y unidad. Los tanques del Ej\u00e9rcito sovi\u00e9tico acabaron luego con las protestas sofoc\u00e1ndolas de forma sangrienta.<\/p>\n<p>Seg\u00fan la Fundaci\u00f3n Federal para el Estudio de la dictadura comunista en Alemania Oriental, unos 10.000 manifestantes fueron arrestados durante la resistencia y m\u00e1s de 1.500 fueron condenados a prisi\u00f3n o ejecutados.<\/p>\n<p>Seg\u00fan dijo Lambrecht a dpa, los manifestantes hab\u00edan desarrollado un enorme poder y quer\u00edan la \u00abverdadera libertad\u00bb. Agreg\u00f3 que por temor a nuevos levantamientos los l\u00edderes de la RDA reforzaron su aparato represivo.<\/p>\n<p>\u00abPero el deseo de libertad no pudo ser extinguido y los tiempos fueron cambiando. No fue el Occidente el que liber\u00f3 al Oriente. Los ciudadanos del Este lucharon por su libertad y fueron ellos los que derribaron el Muro de Berl\u00edn\u00bb, destac\u00f3 la ministra de Justicia.<\/p>\n<p>Por su parte, el jefe de Gobierno de Berl\u00edn hizo hincapi\u00e9 en que el levantamiento popular demostr\u00f3 que la libertad y la democracia no surgen por s\u00ed solas y que a veces exigen sacrificios dolorosos.<\/p>\n<p>M\u00fcller subray\u00f3 que los valores democr\u00e1ticos deben ser defendidos y protegidos. \u00abNo debemos permitir nunca m\u00e1s la falta de libertad, la intolerancia y la divisi\u00f3n\u00bb, declar\u00f3.<\/p>\n","protected":false},"excerpt":{"rendered":"<p>Berl\u00edn, 17 jun (dpa) &#8211; Autoridades del Gobierno alem\u00e1n conmemoraron hoy en Berl\u00edn a las v\u00edctimas del levantamiento popular contra el r\u00e9gimen comunista, que tuvo lugar en la extinta Rep\u00fablica Democr\u00e1tica Alemana (RDA) hace 67 a\u00f1os. La ministra alemana de Justicia, Christine Lambrecht, y el alcalde de Berl\u00edn, Michael M\u00fcller, colocaron coronas en el memorial<\/p>\n","protected":false},"author":1,"featured_media":4553,"comment_status":"closed","ping_status":"closed","sticky":false,"template":"","format":"standard","meta":{"footnotes":""},"categories":[1],"tags":[],"class_list":{"0":"post-4552","1":"post","2":"type-post","3":"status-publish","4":"format-standard","5":"has-post-thumbnail","7":"category-noticias"},"aioseo_notices":[],"aioseo_head":"\n\t\t<!-- All in One SEO Pro 4.9.6.2 - aioseo.com -->\n\t<meta name=\"description\" content=\"Berl\u00edn, 17 jun (dpa) - Autoridades del Gobierno alem\u00e1n conmemoraron hoy en Berl\u00edn a las v\u00edctimas del levantamiento popular contra el r\u00e9gimen comunista, que tuvo lugar en la extinta Rep\u00fablica Democr\u00e1tica Alemana (RDA) hace 67 a\u00f1os. La ministra alemana de Justicia, Christine Lambrecht, y el alcalde de Berl\u00edn, Michael M\u00fcller, colocaron coronas en el memorial\" \/>\n\t<meta name=\"robots\" content=\"max-image-preview:large\" \/>\n\t<meta name=\"author\" content=\"NBAsturias\"\/>\n\t<meta name=\"google-site-verification\" content=\"UA-38556648-1\" \/>\n\t<meta name=\"keywords\" content=\"noticias\" \/>\n\t<link rel=\"canonical\" href=\"https:\/\/eldigitaldeasturias.com\/radio\/alemania-recuerda-a-victimas-de-levantamiento-de-1953-en-la-rda\/\" \/>\n\t<meta name=\"generator\" content=\"All in One SEO Pro (AIOSEO) 4.9.6.2\" \/>\n\t\t<meta property=\"og:locale\" content=\"es_ES\" \/>\n\t\t<meta property=\"og:site_name\" content=\"El Digital de Asturias | Diario de informaci\u00f3n y noticias\" \/>\n\t\t<meta property=\"og:type\" content=\"article\" \/>\n\t\t<meta property=\"og:title\" content=\"Alemania recuerda a v\u00edctimas de levantamiento de 1953 en la RDA | El Digital de Asturias\" \/>\n\t\t<meta property=\"og:description\" content=\"Berl\u00edn, 17 jun (dpa) - Autoridades del Gobierno alem\u00e1n conmemoraron hoy en Berl\u00edn a las v\u00edctimas del levantamiento popular contra el r\u00e9gimen comunista, que tuvo lugar en la extinta Rep\u00fablica Democr\u00e1tica Alemana (RDA) hace 67 a\u00f1os. La ministra alemana de Justicia, Christine Lambrecht, y el alcalde de Berl\u00edn, Michael M\u00fcller, colocaron coronas en el memorial\" \/>\n\t\t<meta property=\"og:url\" content=\"https:\/\/eldigitaldeasturias.com\/radio\/alemania-recuerda-a-victimas-de-levantamiento-de-1953-en-la-rda\/\" \/>\n\t\t<meta property=\"og:image\" content=\"https:\/\/eldigitaldeasturias.com\/radio\/wp-content\/uploads\/2020\/06\/Homenaje-1953.jpg\" \/>\n\t\t<meta property=\"og:image:secure_url\" content=\"https:\/\/eldigitaldeasturias.com\/radio\/wp-content\/uploads\/2020\/06\/Homenaje-1953.jpg\" \/>\n\t\t<meta property=\"og:image:width\" content=\"1050\" \/>\n\t\t<meta property=\"og:image:height\" content=\"659\" \/>\n\t\t<meta property=\"article:published_time\" content=\"2020-06-20T01:51:24+00:00\" \/>\n\t\t<meta property=\"article:modified_time\" content=\"2020-06-20T01:51:24+00:00\" \/>\n\t\t<meta name=\"twitter:card\" content=\"summary_large_image\" \/>\n\t\t<meta name=\"twitter:site\" content=\"@bercodi\" \/>\n\t\t<meta name=\"twitter:title\" content=\"Alemania recuerda a v\u00edctimas de levantamiento de 1953 en la RDA | El Digital de Asturias\" \/>\n\t\t<meta name=\"twitter:description\" content=\"Berl\u00edn, 17 jun (dpa) - Autoridades del Gobierno alem\u00e1n conmemoraron hoy en Berl\u00edn a las v\u00edctimas del levantamiento popular contra el r\u00e9gimen comunista, que tuvo lugar en la extinta Rep\u00fablica Democr\u00e1tica Alemana (RDA) hace 67 a\u00f1os. La ministra alemana de Justicia, Christine Lambrecht, y el alcalde de Berl\u00edn, Michael M\u00fcller, colocaron coronas en el memorial\" \/>\n\t\t<meta name=\"twitter:creator\" content=\"@bercodi\" \/>\n\t\t<meta name=\"twitter:image\" content=\"https:\/\/eldigitaldeasturias.com\/radio\/wp-content\/uploads\/2020\/06\/Homenaje-1953.jpg\" \/>\n\t\t<script type=\"application\/ld+json\" class=\"aioseo-schema\">\n\t\t\t{\"@context\":\"https:\\\/\\\/schema.org\",\"@graph\":[{\"@type\":\"BreadcrumbList\",\"@id\":\"https:\\\/\\\/eldigitaldeasturias.com\\\/radio\\\/alemania-recuerda-a-victimas-de-levantamiento-de-1953-en-la-rda\\\/#breadcrumblist\",\"itemListElement\":[{\"@type\":\"ListItem\",\"@id\":\"https:\\\/\\\/eldigitaldeasturias.com\\\/radio#listItem\",\"position\":1,\"name\":\"Inicio\",\"item\":\"https:\\\/\\\/eldigitaldeasturias.com\\\/radio\",\"nextItem\":{\"@type\":\"ListItem\",\"@id\":\"https:\\\/\\\/eldigitaldeasturias.com\\\/radio\\\/category\\\/noticias\\\/#listItem\",\"name\":\"Noticias\"}},{\"@type\":\"ListItem\",\"@id\":\"https:\\\/\\\/eldigitaldeasturias.com\\\/radio\\\/category\\\/noticias\\\/#listItem\",\"position\":2,\"name\":\"Noticias\",\"item\":\"https:\\\/\\\/eldigitaldeasturias.com\\\/radio\\\/category\\\/noticias\\\/\",\"nextItem\":{\"@type\":\"ListItem\",\"@id\":\"https:\\\/\\\/eldigitaldeasturias.com\\\/radio\\\/alemania-recuerda-a-victimas-de-levantamiento-de-1953-en-la-rda\\\/#listItem\",\"name\":\"Alemania recuerda a v\\u00edctimas de levantamiento de 1953 en la RDA\"},\"previousItem\":{\"@type\":\"ListItem\",\"@id\":\"https:\\\/\\\/eldigitaldeasturias.com\\\/radio#listItem\",\"name\":\"Inicio\"}},{\"@type\":\"ListItem\",\"@id\":\"https:\\\/\\\/eldigitaldeasturias.com\\\/radio\\\/alemania-recuerda-a-victimas-de-levantamiento-de-1953-en-la-rda\\\/#listItem\",\"position\":3,\"name\":\"Alemania recuerda a v\\u00edctimas de levantamiento de 1953 en la RDA\",\"previousItem\":{\"@type\":\"ListItem\",\"@id\":\"https:\\\/\\\/eldigitaldeasturias.com\\\/radio\\\/category\\\/noticias\\\/#listItem\",\"name\":\"Noticias\"}}]},{\"@type\":\"NewsArticle\",\"@id\":\"https:\\\/\\\/eldigitaldeasturias.com\\\/radio\\\/alemania-recuerda-a-victimas-de-levantamiento-de-1953-en-la-rda\\\/#newsarticle\",\"name\":\"Alemania recuerda a v\\u00edctimas de levantamiento de 1953 en la RDA | El Digital de Asturias\",\"headline\":\"Alemania recuerda a v\\u00edctimas de levantamiento de 1953 en la RDA\",\"author\":{\"@id\":\"https:\\\/\\\/eldigitaldeasturias.com\\\/radio\\\/author\\\/nbasturias\\\/#author\"},\"publisher\":{\"@id\":\"https:\\\/\\\/eldigitaldeasturias.com\\\/radio\\\/#organization\"},\"image\":{\"@type\":\"ImageObject\",\"url\":\"https:\\\/\\\/eldigitaldeasturias.com\\\/radio\\\/wp-content\\\/uploads\\\/2020\\\/06\\\/Homenaje-1953.jpg\",\"width\":1050,\"height\":659,\"caption\":\"Foto: Wolfgang Kumm\\\/dpa\"},\"datePublished\":\"2020-06-20T01:51:24+02:00\",\"dateModified\":\"2020-06-20T01:51:24+02:00\",\"inLanguage\":\"es-ES\",\"mainEntityOfPage\":{\"@id\":\"https:\\\/\\\/eldigitaldeasturias.com\\\/radio\\\/alemania-recuerda-a-victimas-de-levantamiento-de-1953-en-la-rda\\\/#webpage\"},\"isPartOf\":{\"@id\":\"https:\\\/\\\/eldigitaldeasturias.com\\\/radio\\\/alemania-recuerda-a-victimas-de-levantamiento-de-1953-en-la-rda\\\/#webpage\"},\"articleSection\":\"Noticias\",\"dateline\":\"Publicado el junio 20, 2020.\"},{\"@type\":\"Organization\",\"@id\":\"https:\\\/\\\/eldigitaldeasturias.com\\\/radio\\\/#organization\",\"name\":\"El digital de Asturias Radio\",\"description\":\"Diario de informaci\\u00f3n y noticias\",\"url\":\"https:\\\/\\\/eldigitaldeasturias.com\\\/radio\\\/\",\"telephone\":\"+34652131393\",\"logo\":{\"@type\":\"ImageObject\",\"url\":\"https:\\\/\\\/www.eldigitaldeasturias.com\\\/radio\\\/wp-content\\\/uploads\\\/2021\\\/03\\\/EDA.jpg\",\"@id\":\"https:\\\/\\\/eldigitaldeasturias.com\\\/radio\\\/alemania-recuerda-a-victimas-de-levantamiento-de-1953-en-la-rda\\\/#organizationLogo\"},\"image\":{\"@id\":\"https:\\\/\\\/eldigitaldeasturias.com\\\/radio\\\/alemania-recuerda-a-victimas-de-levantamiento-de-1953-en-la-rda\\\/#organizationLogo\"},\"sameAs\":[\"https:\\\/\\\/www.facebook.com\\\/\",\"https:\\\/\\\/x.com\\\/bercodi\",\"https:\\\/\\\/www.instagram.com\\\/\",\"https:\\\/\\\/www.youtube.com\\\/channel\\\/UCZP-2wLEB9Rv6erhFmqVnvg\"]},{\"@type\":\"Person\",\"@id\":\"https:\\\/\\\/eldigitaldeasturias.com\\\/radio\\\/author\\\/nbasturias\\\/#author\",\"url\":\"https:\\\/\\\/eldigitaldeasturias.com\\\/radio\\\/author\\\/nbasturias\\\/\",\"name\":\"NBAsturias\",\"image\":{\"@type\":\"ImageObject\",\"@id\":\"https:\\\/\\\/eldigitaldeasturias.com\\\/radio\\\/alemania-recuerda-a-victimas-de-levantamiento-de-1953-en-la-rda\\\/#authorImage\",\"url\":\"https:\\\/\\\/secure.gravatar.com\\\/avatar\\\/df2aeffc32bcd13f8d26072ef8a91b623d677766deac7f97ca815868cd41bf5e?s=96&d=mm&r=g\",\"width\":96,\"height\":96,\"caption\":\"NBAsturias\"}},{\"@type\":\"WebPage\",\"@id\":\"https:\\\/\\\/eldigitaldeasturias.com\\\/radio\\\/alemania-recuerda-a-victimas-de-levantamiento-de-1953-en-la-rda\\\/#webpage\",\"url\":\"https:\\\/\\\/eldigitaldeasturias.com\\\/radio\\\/alemania-recuerda-a-victimas-de-levantamiento-de-1953-en-la-rda\\\/\",\"name\":\"Alemania recuerda a v\\u00edctimas de levantamiento de 1953 en la RDA | El Digital de Asturias\",\"description\":\"Berl\\u00edn, 17 jun (dpa) - Autoridades del Gobierno alem\\u00e1n conmemoraron hoy en Berl\\u00edn a las v\\u00edctimas del levantamiento popular contra el r\\u00e9gimen comunista, que tuvo lugar en la extinta Rep\\u00fablica Democr\\u00e1tica Alemana (RDA) hace 67 a\\u00f1os. La ministra alemana de Justicia, Christine Lambrecht, y el alcalde de Berl\\u00edn, Michael M\\u00fcller, colocaron coronas en el memorial\",\"inLanguage\":\"es-ES\",\"isPartOf\":{\"@id\":\"https:\\\/\\\/eldigitaldeasturias.com\\\/radio\\\/#website\"},\"breadcrumb\":{\"@id\":\"https:\\\/\\\/eldigitaldeasturias.com\\\/radio\\\/alemania-recuerda-a-victimas-de-levantamiento-de-1953-en-la-rda\\\/#breadcrumblist\"},\"author\":{\"@id\":\"https:\\\/\\\/eldigitaldeasturias.com\\\/radio\\\/author\\\/nbasturias\\\/#author\"},\"creator\":{\"@id\":\"https:\\\/\\\/eldigitaldeasturias.com\\\/radio\\\/author\\\/nbasturias\\\/#author\"},\"image\":{\"@type\":\"ImageObject\",\"url\":\"https:\\\/\\\/eldigitaldeasturias.com\\\/radio\\\/wp-content\\\/uploads\\\/2020\\\/06\\\/Homenaje-1953.jpg\",\"@id\":\"https:\\\/\\\/eldigitaldeasturias.com\\\/radio\\\/alemania-recuerda-a-victimas-de-levantamiento-de-1953-en-la-rda\\\/#mainImage\",\"width\":1050,\"height\":659,\"caption\":\"Foto: Wolfgang Kumm\\\/dpa\"},\"primaryImageOfPage\":{\"@id\":\"https:\\\/\\\/eldigitaldeasturias.com\\\/radio\\\/alemania-recuerda-a-victimas-de-levantamiento-de-1953-en-la-rda\\\/#mainImage\"},\"datePublished\":\"2020-06-20T01:51:24+02:00\",\"dateModified\":\"2020-06-20T01:51:24+02:00\"},{\"@type\":\"WebSite\",\"@id\":\"https:\\\/\\\/eldigitaldeasturias.com\\\/radio\\\/#website\",\"url\":\"https:\\\/\\\/eldigitaldeasturias.com\\\/radio\\\/\",\"name\":\"El Digital de Asturias\",\"description\":\"Diario de informaci\\u00f3n y noticias\",\"inLanguage\":\"es-ES\",\"publisher\":{\"@id\":\"https:\\\/\\\/eldigitaldeasturias.com\\\/radio\\\/#organization\"}}]}\n\t\t<\/script>\n\t\t<!-- All in One SEO Pro -->\r\n\t\t<title>Alemania recuerda a v\u00edctimas de levantamiento de 1953 en la RDA | El Digital de Asturias<\/title>\n\n","aioseo_head_json":{"title":"Alemania recuerda a v\u00edctimas de levantamiento de 1953 en la RDA | El Digital de Asturias","description":"Berl\u00edn, 17 jun (dpa) - Autoridades del Gobierno alem\u00e1n conmemoraron hoy en Berl\u00edn a las v\u00edctimas del levantamiento popular contra el r\u00e9gimen comunista, que tuvo lugar en la extinta Rep\u00fablica Democr\u00e1tica Alemana (RDA) hace 67 a\u00f1os. La ministra alemana de Justicia, Christine Lambrecht, y el alcalde de Berl\u00edn, Michael M\u00fcller, colocaron coronas en el memorial","canonical_url":"https:\/\/eldigitaldeasturias.com\/radio\/alemania-recuerda-a-victimas-de-levantamiento-de-1953-en-la-rda\/","robots":"max-image-preview:large","keywords":"noticias","webmasterTools":{"google-site-verification":"UA-38556648-1","miscellaneous":""},"schema":{"@context":"https:\/\/schema.org","@graph":[{"@type":"BreadcrumbList","@id":"https:\/\/eldigitaldeasturias.com\/radio\/alemania-recuerda-a-victimas-de-levantamiento-de-1953-en-la-rda\/#breadcrumblist","itemListElement":[{"@type":"ListItem","@id":"https:\/\/eldigitaldeasturias.com\/radio#listItem","position":1,"name":"Inicio","item":"https:\/\/eldigitaldeasturias.com\/radio","nextItem":{"@type":"ListItem","@id":"https:\/\/eldigitaldeasturias.com\/radio\/category\/noticias\/#listItem","name":"Noticias"}},{"@type":"ListItem","@id":"https:\/\/eldigitaldeasturias.com\/radio\/category\/noticias\/#listItem","position":2,"name":"Noticias","item":"https:\/\/eldigitaldeasturias.com\/radio\/category\/noticias\/","nextItem":{"@type":"ListItem","@id":"https:\/\/eldigitaldeasturias.com\/radio\/alemania-recuerda-a-victimas-de-levantamiento-de-1953-en-la-rda\/#listItem","name":"Alemania recuerda a v\u00edctimas de levantamiento de 1953 en la RDA"},"previousItem":{"@type":"ListItem","@id":"https:\/\/eldigitaldeasturias.com\/radio#listItem","name":"Inicio"}},{"@type":"ListItem","@id":"https:\/\/eldigitaldeasturias.com\/radio\/alemania-recuerda-a-victimas-de-levantamiento-de-1953-en-la-rda\/#listItem","position":3,"name":"Alemania recuerda a v\u00edctimas de levantamiento de 1953 en la RDA","previousItem":{"@type":"ListItem","@id":"https:\/\/eldigitaldeasturias.com\/radio\/category\/noticias\/#listItem","name":"Noticias"}}]},{"@type":"NewsArticle","@id":"https:\/\/eldigitaldeasturias.com\/radio\/alemania-recuerda-a-victimas-de-levantamiento-de-1953-en-la-rda\/#newsarticle","name":"Alemania recuerda a v\u00edctimas de levantamiento de 1953 en la RDA | El Digital de Asturias","headline":"Alemania recuerda a v\u00edctimas de levantamiento de 1953 en la RDA","author":{"@id":"https:\/\/eldigitaldeasturias.com\/radio\/author\/nbasturias\/#author"},"publisher":{"@id":"https:\/\/eldigitaldeasturias.com\/radio\/#organization"},"image":{"@type":"ImageObject","url":"https:\/\/eldigitaldeasturias.com\/radio\/wp-content\/uploads\/2020\/06\/Homenaje-1953.jpg","width":1050,"height":659,"caption":"Foto: Wolfgang Kumm\/dpa"},"datePublished":"2020-06-20T01:51:24+02:00","dateModified":"2020-06-20T01:51:24+02:00","inLanguage":"es-ES","mainEntityOfPage":{"@id":"https:\/\/eldigitaldeasturias.com\/radio\/alemania-recuerda-a-victimas-de-levantamiento-de-1953-en-la-rda\/#webpage"},"isPartOf":{"@id":"https:\/\/eldigitaldeasturias.com\/radio\/alemania-recuerda-a-victimas-de-levantamiento-de-1953-en-la-rda\/#webpage"},"articleSection":"Noticias","dateline":"Publicado el junio 20, 2020."},{"@type":"Organization","@id":"https:\/\/eldigitaldeasturias.com\/radio\/#organization","name":"El digital de Asturias Radio","description":"Diario de informaci\u00f3n y noticias","url":"https:\/\/eldigitaldeasturias.com\/radio\/","telephone":"+34652131393","logo":{"@type":"ImageObject","url":"https:\/\/www.eldigitaldeasturias.com\/radio\/wp-content\/uploads\/2021\/03\/EDA.jpg","@id":"https:\/\/eldigitaldeasturias.com\/radio\/alemania-recuerda-a-victimas-de-levantamiento-de-1953-en-la-rda\/#organizationLogo"},"image":{"@id":"https:\/\/eldigitaldeasturias.com\/radio\/alemania-recuerda-a-victimas-de-levantamiento-de-1953-en-la-rda\/#organizationLogo"},"sameAs":["https:\/\/www.facebook.com\/","https:\/\/x.com\/bercodi","https:\/\/www.instagram.com\/","https:\/\/www.youtube.com\/channel\/UCZP-2wLEB9Rv6erhFmqVnvg"]},{"@type":"Person","@id":"https:\/\/eldigitaldeasturias.com\/radio\/author\/nbasturias\/#author","url":"https:\/\/eldigitaldeasturias.com\/radio\/author\/nbasturias\/","name":"NBAsturias","image":{"@type":"ImageObject","@id":"https:\/\/eldigitaldeasturias.com\/radio\/alemania-recuerda-a-victimas-de-levantamiento-de-1953-en-la-rda\/#authorImage","url":"https:\/\/secure.gravatar.com\/avatar\/df2aeffc32bcd13f8d26072ef8a91b623d677766deac7f97ca815868cd41bf5e?s=96&d=mm&r=g","width":96,"height":96,"caption":"NBAsturias"}},{"@type":"WebPage","@id":"https:\/\/eldigitaldeasturias.com\/radio\/alemania-recuerda-a-victimas-de-levantamiento-de-1953-en-la-rda\/#webpage","url":"https:\/\/eldigitaldeasturias.com\/radio\/alemania-recuerda-a-victimas-de-levantamiento-de-1953-en-la-rda\/","name":"Alemania recuerda a v\u00edctimas de levantamiento de 1953 en la RDA | El Digital de Asturias","description":"Berl\u00edn, 17 jun (dpa) - Autoridades del Gobierno alem\u00e1n conmemoraron hoy en Berl\u00edn a las v\u00edctimas del levantamiento popular contra el r\u00e9gimen comunista, que tuvo lugar en la extinta Rep\u00fablica Democr\u00e1tica Alemana (RDA) hace 67 a\u00f1os. La ministra alemana de Justicia, Christine Lambrecht, y el alcalde de Berl\u00edn, Michael M\u00fcller, colocaron coronas en el memorial","inLanguage":"es-ES","isPartOf":{"@id":"https:\/\/eldigitaldeasturias.com\/radio\/#website"},"breadcrumb":{"@id":"https:\/\/eldigitaldeasturias.com\/radio\/alemania-recuerda-a-victimas-de-levantamiento-de-1953-en-la-rda\/#breadcrumblist"},"author":{"@id":"https:\/\/eldigitaldeasturias.com\/radio\/author\/nbasturias\/#author"},"creator":{"@id":"https:\/\/eldigitaldeasturias.com\/radio\/author\/nbasturias\/#author"},"image":{"@type":"ImageObject","url":"https:\/\/eldigitaldeasturias.com\/radio\/wp-content\/uploads\/2020\/06\/Homenaje-1953.jpg","@id":"https:\/\/eldigitaldeasturias.com\/radio\/alemania-recuerda-a-victimas-de-levantamiento-de-1953-en-la-rda\/#mainImage","width":1050,"height":659,"caption":"Foto: Wolfgang Kumm\/dpa"},"primaryImageOfPage":{"@id":"https:\/\/eldigitaldeasturias.com\/radio\/alemania-recuerda-a-victimas-de-levantamiento-de-1953-en-la-rda\/#mainImage"},"datePublished":"2020-06-20T01:51:24+02:00","dateModified":"2020-06-20T01:51:24+02:00"},{"@type":"WebSite","@id":"https:\/\/eldigitaldeasturias.com\/radio\/#website","url":"https:\/\/eldigitaldeasturias.com\/radio\/","name":"El Digital de Asturias","description":"Diario de informaci\u00f3n y noticias","inLanguage":"es-ES","publisher":{"@id":"https:\/\/eldigitaldeasturias.com\/radio\/#organization"}}]},"og:locale":"es_ES","og:site_name":"El Digital de Asturias | Diario de informaci\u00f3n y noticias","og:type":"article","og:title":"Alemania recuerda a v\u00edctimas de levantamiento de 1953 en la RDA | El Digital de Asturias","og:description":"Berl\u00edn, 17 jun (dpa) - Autoridades del Gobierno alem\u00e1n conmemoraron hoy en Berl\u00edn a las v\u00edctimas del levantamiento popular contra el r\u00e9gimen comunista, que tuvo lugar en la extinta Rep\u00fablica Democr\u00e1tica Alemana (RDA) hace 67 a\u00f1os. La ministra alemana de Justicia, Christine Lambrecht, y el alcalde de Berl\u00edn, Michael M\u00fcller, colocaron coronas en el memorial","og:url":"https:\/\/eldigitaldeasturias.com\/radio\/alemania-recuerda-a-victimas-de-levantamiento-de-1953-en-la-rda\/","og:image":"https:\/\/eldigitaldeasturias.com\/radio\/wp-content\/uploads\/2020\/06\/Homenaje-1953.jpg","og:image:secure_url":"https:\/\/eldigitaldeasturias.com\/radio\/wp-content\/uploads\/2020\/06\/Homenaje-1953.jpg","og:image:width":1050,"og:image:height":659,"article:published_time":"2020-06-20T01:51:24+00:00","article:modified_time":"2020-06-20T01:51:24+00:00","twitter:card":"summary_large_image","twitter:site":"@bercodi","twitter:title":"Alemania recuerda a v\u00edctimas de levantamiento de 1953 en la RDA | El Digital de Asturias","twitter:description":"Berl\u00edn, 17 jun (dpa) - Autoridades del Gobierno alem\u00e1n conmemoraron hoy en Berl\u00edn a las v\u00edctimas del levantamiento popular contra el r\u00e9gimen comunista, que tuvo lugar en la extinta Rep\u00fablica Democr\u00e1tica Alemana (RDA) hace 67 a\u00f1os. La ministra alemana de Justicia, Christine Lambrecht, y el alcalde de Berl\u00edn, Michael M\u00fcller, colocaron coronas en el memorial","twitter:creator":"@bercodi","twitter:image":"https:\/\/eldigitaldeasturias.com\/radio\/wp-content\/uploads\/2020\/06\/Homenaje-1953.jpg"},"aioseo_meta_data":{"post_id":"4552","title":null,"description":null,"keywords":null,"keyphrases":null,"primary_term":null,"canonical_url":null,"og_title":null,"og_description":null,"og_object_type":"default","og_image_type":"default","og_image_url":null,"og_image_width":null,"og_image_height":null,"og_image_custom_url":null,"og_image_custom_fields":null,"og_video":null,"og_custom_url":null,"og_article_section":null,"og_article_tags":null,"twitter_use_og":false,"twitter_card":"default","twitter_image_type":"default","twitter_image_url":null,"twitter_image_custom_url":null,"twitter_image_custom_fields":null,"twitter_title":null,"twitter_description":null,"schema":{"blockGraphs":[],"customGraphs":[],"default":{"data":{"Article":[],"Course":[],"Dataset":[],"FAQPage":[],"Movie":[],"Person":[],"Product":[],"ProductReview":[],"Car":[],"Recipe":[],"Service":[],"SoftwareApplication":[],"WebPage":[]},"graphName":"","isEnabled":true},"graphs":[],"defaultGraph":"","defaultPostTypeGraph":""},"schema_type":null,"schema_type_options":null,"pillar_content":false,"robots_default":true,"robots_noindex":false,"robots_noarchive":false,"robots_nosnippet":false,"robots_nofollow":false,"robots_noimageindex":false,"robots_noodp":false,"robots_notranslate":false,"robots_max_snippet":null,"robots_max_videopreview":null,"robots_max_imagepreview":"large","priority":null,"frequency":null,"location":null,"local_seo":null,"seo_analyzer_scan_date":"2025-08-28 16:15:34","breadcrumb_settings":null,"limit_modified_date":false,"open_ai":null,"ai":null,"created":"2021-03-28 22:08:57","updated":"2025-08-28 16:15:34"},"aioseo_breadcrumb":"<div class=\"aioseo-breadcrumbs\"><span class=\"aioseo-breadcrumb\">\n\t<a href=\"https:\/\/eldigitaldeasturias.com\/radio\" title=\"Inicio\">Inicio<\/a>\n<\/span><span class=\"aioseo-breadcrumb-separator\">&ndash;<\/span><span class=\"aioseo-breadcrumb\">\n\t<a href=\"https:\/\/eldigitaldeasturias.com\/radio\/category\/noticias\/\" title=\"Noticias\">Noticias<\/a>\n<\/span><span class=\"aioseo-breadcrumb-separator\">&ndash;<\/span><span class=\"aioseo-breadcrumb\">\n\tAlemania recuerda a v\u00edctimas de levantamiento de 1953 en la RDA\n<\/span><\/div>","aioseo_breadcrumb_json":[{"label":"Inicio","link":"https:\/\/eldigitaldeasturias.com\/radio"},{"label":"Noticias","link":"https:\/\/eldigitaldeasturias.com\/radio\/category\/noticias\/"},{"label":"Alemania recuerda a v\u00edctimas de levantamiento de 1953 en la RDA","link":"https:\/\/eldigitaldeasturias.com\/radio\/alemania-recuerda-a-victimas-de-levantamiento-de-1953-en-la-rda\/"}],"_links":{"self":[{"href":"https:\/\/eldigitaldeasturias.com\/radio\/wp-json\/wp\/v2\/posts\/4552","targetHints":{"allow":["GET"]}}],"collection":[{"href":"https:\/\/eldigitaldeasturias.com\/radio\/wp-json\/wp\/v2\/posts"}],"about":[{"href":"https:\/\/eldigitaldeasturias.com\/radio\/wp-json\/wp\/v2\/types\/post"}],"author":[{"embeddable":true,"href":"https:\/\/eldigitaldeasturias.com\/radio\/wp-json\/wp\/v2\/users\/1"}],"replies":[{"embeddable":true,"href":"https:\/\/eldigitaldeasturias.com\/radio\/wp-json\/wp\/v2\/comments?post=4552"}],"version-history":[{"count":0,"href":"https:\/\/eldigitaldeasturias.com\/radio\/wp-json\/wp\/v2\/posts\/4552\/revisions"}],"wp:featuredmedia":[{"embeddable":true,"href":"https:\/\/eldigitaldeasturias.com\/radio\/wp-json\/wp\/v2\/media\/4553"}],"wp:attachment":[{"href":"https:\/\/eldigitaldeasturias.com\/radio\/wp-json\/wp\/v2\/media?parent=4552"}],"wp:term":[{"taxonomy":"category","embeddable":true,"href":"https:\/\/eldigitaldeasturias.com\/radio\/wp-json\/wp\/v2\/categories?post=4552"},{"taxonomy":"post_tag","embeddable":true,"href":"https:\/\/eldigitaldeasturias.com\/radio\/wp-json\/wp\/v2\/tags?post=4552"}],"curies":[{"name":"wp","href":"https:\/\/api.w.org\/{rel}","templated":true}]}}