{"id":4550,"date":"2020-06-20T01:48:42","date_gmt":"2020-06-20T01:48:42","guid":{"rendered":"http:\/\/www.eldigitaldeasturias.com\/radio\/?p=4550"},"modified":"2020-06-20T01:48:42","modified_gmt":"2020-06-20T01:48:42","slug":"alemania-premian-a-emisoras-y-periodistas-por-cobertura-de-pandemia","status":"publish","type":"post","link":"https:\/\/eldigitaldeasturias.com\/radio\/alemania-premian-a-emisoras-y-periodistas-por-cobertura-de-pandemia\/","title":{"rendered":"Alemania: Premian a emisoras y periodistas por cobertura de pandemia"},"content":{"rendered":"<p><img fetchpriority=\"high\" decoding=\"async\" class=\"alignleft size-medium wp-image-4405\" src=\"http:\/\/www.eldigitaldeasturias.com\/radio\/wp-content\/uploads\/2020\/06\/connection-4884862_640-360x245.jpg\" alt=\"\" width=\"360\" height=\"245\" srcset=\"https:\/\/eldigitaldeasturias.com\/radio\/wp-content\/uploads\/2020\/06\/connection-4884862_640-360x245.jpg 360w, https:\/\/eldigitaldeasturias.com\/radio\/wp-content\/uploads\/2020\/06\/connection-4884862_640.jpg 640w\" sizes=\"(max-width: 360px) 100vw, 360px\" \/>Colonia (Alemania), 17 jun (dpa) &#8211; Varias cadenas de televisi\u00f3n alemanas, as\u00ed como periodistas responsables de noticias y programas especiales, fueron distinguidos hoy con un galard\u00f3n especial del Premio Alem\u00e1n de Televisi\u00f3n por la cobertura de la pandemia de coronavirus.<\/p>\n<p>\u00abEl jurado ve a este premio especial expresamente como un compromiso con el periodismo de calidad en la era de los medios digitales y como un est\u00edmulo para los periodistas responsables\u00bb, explic\u00f3 Wolf Bauer, presidente del jurado.<\/p>\n<p>Bauer indic\u00f3 que la pandemia de coronaviurs se convirti\u00f3 en una prueba de fuego, en particular en el sector de la informaci\u00f3n, y fue \u00abdominada con gran \u00e9xito\u00bb.<\/p>\n<p>La entrega del renombrado Premio Alem\u00e1n de Televisi\u00f3n tambi\u00e9n se vio afectada por la pandemia. Originalmente, los organizadores hab\u00edan planeado una gran gala en la ciudad de Colonia pero debi\u00f3 ser cancelada.<\/p>\n<p>El Premio Alem\u00e1n de Televisi\u00f3n ha sido otorgado por las principales emisoras de televisi\u00f3n, entre las que se encuentran las cadenas ARD, RTL, Sat.1 y ZDF, desde 1999.<\/p>\n","protected":false},"excerpt":{"rendered":"<p>Colonia (Alemania), 17 jun (dpa) &#8211; Varias cadenas de televisi\u00f3n alemanas, as\u00ed como periodistas responsables de noticias y programas especiales, fueron distinguidos hoy con un galard\u00f3n especial del Premio Alem\u00e1n de Televisi\u00f3n por la cobertura de la pandemia de coronavirus. \u00abEl jurado ve a este premio especial expresamente como un compromiso con el periodismo de<\/p>\n","protected":false},"author":1,"featured_media":4405,"comment_status":"closed","ping_status":"closed","sticky":false,"template":"","format":"standard","meta":{"footnotes":""},"categories":[1],"tags":[],"class_list":{"0":"post-4550","1":"post","2":"type-post","3":"status-publish","4":"format-standard","5":"has-post-thumbnail","7":"category-noticias"},"aioseo_notices":[],"aioseo_head":"\n\t\t<!-- All in One SEO Pro 4.9.6.2 - aioseo.com -->\n\t<meta name=\"description\" content=\"Colonia (Alemania), 17 jun (dpa) - Varias cadenas de televisi\u00f3n alemanas, as\u00ed como periodistas responsables de noticias y programas especiales, fueron distinguidos hoy con un galard\u00f3n especial del Premio Alem\u00e1n de Televisi\u00f3n por la cobertura de la pandemia de coronavirus. &quot;El jurado ve a este premio especial expresamente como un compromiso con el periodismo de\" \/>\n\t<meta name=\"robots\" content=\"max-image-preview:large\" \/>\n\t<meta name=\"author\" content=\"NBAsturias\"\/>\n\t<meta name=\"google-site-verification\" content=\"UA-38556648-1\" \/>\n\t<meta name=\"keywords\" content=\"noticias\" \/>\n\t<link rel=\"canonical\" href=\"https:\/\/eldigitaldeasturias.com\/radio\/alemania-premian-a-emisoras-y-periodistas-por-cobertura-de-pandemia\/\" \/>\n\t<meta name=\"generator\" content=\"All in One SEO Pro (AIOSEO) 4.9.6.2\" \/>\n\t\t<meta property=\"og:locale\" content=\"es_ES\" \/>\n\t\t<meta property=\"og:site_name\" content=\"El Digital de Asturias | Diario de informaci\u00f3n y noticias\" \/>\n\t\t<meta property=\"og:type\" content=\"article\" \/>\n\t\t<meta property=\"og:title\" content=\"Alemania: Premian a emisoras y periodistas por cobertura de pandemia | El Digital de Asturias\" \/>\n\t\t<meta property=\"og:description\" content=\"Colonia (Alemania), 17 jun (dpa) - Varias cadenas de televisi\u00f3n alemanas, as\u00ed como periodistas responsables de noticias y programas especiales, fueron distinguidos hoy con un galard\u00f3n especial del Premio Alem\u00e1n de Televisi\u00f3n por la cobertura de la pandemia de coronavirus. &quot;El jurado ve a este premio especial expresamente como un compromiso con el periodismo de\" \/>\n\t\t<meta property=\"og:url\" content=\"https:\/\/eldigitaldeasturias.com\/radio\/alemania-premian-a-emisoras-y-periodistas-por-cobertura-de-pandemia\/\" \/>\n\t\t<meta property=\"og:image\" content=\"https:\/\/eldigitaldeasturias.com\/radio\/wp-content\/uploads\/2020\/06\/connection-4884862_640.jpg\" \/>\n\t\t<meta property=\"og:image:secure_url\" content=\"https:\/\/eldigitaldeasturias.com\/radio\/wp-content\/uploads\/2020\/06\/connection-4884862_640.jpg\" \/>\n\t\t<meta property=\"og:image:width\" content=\"640\" \/>\n\t\t<meta property=\"og:image:height\" content=\"436\" \/>\n\t\t<meta property=\"article:published_time\" content=\"2020-06-20T01:48:42+00:00\" \/>\n\t\t<meta property=\"article:modified_time\" content=\"2020-06-20T01:48:42+00:00\" \/>\n\t\t<meta name=\"twitter:card\" content=\"summary_large_image\" \/>\n\t\t<meta name=\"twitter:site\" content=\"@bercodi\" \/>\n\t\t<meta name=\"twitter:title\" content=\"Alemania: Premian a emisoras y periodistas por cobertura de pandemia | El Digital de Asturias\" \/>\n\t\t<meta name=\"twitter:description\" content=\"Colonia (Alemania), 17 jun (dpa) - Varias cadenas de televisi\u00f3n alemanas, as\u00ed como periodistas responsables de noticias y programas especiales, fueron distinguidos hoy con un galard\u00f3n especial del Premio Alem\u00e1n de Televisi\u00f3n por la cobertura de la pandemia de coronavirus. &quot;El jurado ve a este premio especial expresamente como un compromiso con el periodismo de\" \/>\n\t\t<meta name=\"twitter:creator\" content=\"@bercodi\" \/>\n\t\t<meta name=\"twitter:image\" content=\"https:\/\/eldigitaldeasturias.com\/radio\/wp-content\/uploads\/2020\/06\/connection-4884862_640.jpg\" \/>\n\t\t<script type=\"application\/ld+json\" class=\"aioseo-schema\">\n\t\t\t{\"@context\":\"https:\\\/\\\/schema.org\",\"@graph\":[{\"@type\":\"BreadcrumbList\",\"@id\":\"https:\\\/\\\/eldigitaldeasturias.com\\\/radio\\\/alemania-premian-a-emisoras-y-periodistas-por-cobertura-de-pandemia\\\/#breadcrumblist\",\"itemListElement\":[{\"@type\":\"ListItem\",\"@id\":\"https:\\\/\\\/eldigitaldeasturias.com\\\/radio#listItem\",\"position\":1,\"name\":\"Inicio\",\"item\":\"https:\\\/\\\/eldigitaldeasturias.com\\\/radio\",\"nextItem\":{\"@type\":\"ListItem\",\"@id\":\"https:\\\/\\\/eldigitaldeasturias.com\\\/radio\\\/category\\\/noticias\\\/#listItem\",\"name\":\"Noticias\"}},{\"@type\":\"ListItem\",\"@id\":\"https:\\\/\\\/eldigitaldeasturias.com\\\/radio\\\/category\\\/noticias\\\/#listItem\",\"position\":2,\"name\":\"Noticias\",\"item\":\"https:\\\/\\\/eldigitaldeasturias.com\\\/radio\\\/category\\\/noticias\\\/\",\"nextItem\":{\"@type\":\"ListItem\",\"@id\":\"https:\\\/\\\/eldigitaldeasturias.com\\\/radio\\\/alemania-premian-a-emisoras-y-periodistas-por-cobertura-de-pandemia\\\/#listItem\",\"name\":\"Alemania: Premian a emisoras y periodistas por cobertura de pandemia\"},\"previousItem\":{\"@type\":\"ListItem\",\"@id\":\"https:\\\/\\\/eldigitaldeasturias.com\\\/radio#listItem\",\"name\":\"Inicio\"}},{\"@type\":\"ListItem\",\"@id\":\"https:\\\/\\\/eldigitaldeasturias.com\\\/radio\\\/alemania-premian-a-emisoras-y-periodistas-por-cobertura-de-pandemia\\\/#listItem\",\"position\":3,\"name\":\"Alemania: Premian a emisoras y periodistas por cobertura de pandemia\",\"previousItem\":{\"@type\":\"ListItem\",\"@id\":\"https:\\\/\\\/eldigitaldeasturias.com\\\/radio\\\/category\\\/noticias\\\/#listItem\",\"name\":\"Noticias\"}}]},{\"@type\":\"NewsArticle\",\"@id\":\"https:\\\/\\\/eldigitaldeasturias.com\\\/radio\\\/alemania-premian-a-emisoras-y-periodistas-por-cobertura-de-pandemia\\\/#newsarticle\",\"name\":\"Alemania: Premian a emisoras y periodistas por cobertura de pandemia | El Digital de Asturias\",\"headline\":\"Alemania: Premian a emisoras y periodistas por cobertura de pandemia\",\"author\":{\"@id\":\"https:\\\/\\\/eldigitaldeasturias.com\\\/radio\\\/author\\\/nbasturias\\\/#author\"},\"publisher\":{\"@id\":\"https:\\\/\\\/eldigitaldeasturias.com\\\/radio\\\/#organization\"},\"image\":{\"@type\":\"ImageObject\",\"url\":\"https:\\\/\\\/eldigitaldeasturias.com\\\/radio\\\/wp-content\\\/uploads\\\/2020\\\/06\\\/connection-4884862_640.jpg\",\"width\":640,\"height\":436},\"datePublished\":\"2020-06-20T01:48:42+02:00\",\"dateModified\":\"2020-06-20T01:48:42+02:00\",\"inLanguage\":\"es-ES\",\"mainEntityOfPage\":{\"@id\":\"https:\\\/\\\/eldigitaldeasturias.com\\\/radio\\\/alemania-premian-a-emisoras-y-periodistas-por-cobertura-de-pandemia\\\/#webpage\"},\"isPartOf\":{\"@id\":\"https:\\\/\\\/eldigitaldeasturias.com\\\/radio\\\/alemania-premian-a-emisoras-y-periodistas-por-cobertura-de-pandemia\\\/#webpage\"},\"articleSection\":\"Noticias\",\"dateline\":\"Publicado el junio 20, 2020.\"},{\"@type\":\"Organization\",\"@id\":\"https:\\\/\\\/eldigitaldeasturias.com\\\/radio\\\/#organization\",\"name\":\"El digital de Asturias Radio\",\"description\":\"Diario de informaci\\u00f3n y noticias\",\"url\":\"https:\\\/\\\/eldigitaldeasturias.com\\\/radio\\\/\",\"telephone\":\"+34652131393\",\"logo\":{\"@type\":\"ImageObject\",\"url\":\"https:\\\/\\\/www.eldigitaldeasturias.com\\\/radio\\\/wp-content\\\/uploads\\\/2021\\\/03\\\/EDA.jpg\",\"@id\":\"https:\\\/\\\/eldigitaldeasturias.com\\\/radio\\\/alemania-premian-a-emisoras-y-periodistas-por-cobertura-de-pandemia\\\/#organizationLogo\"},\"image\":{\"@id\":\"https:\\\/\\\/eldigitaldeasturias.com\\\/radio\\\/alemania-premian-a-emisoras-y-periodistas-por-cobertura-de-pandemia\\\/#organizationLogo\"},\"sameAs\":[\"https:\\\/\\\/www.facebook.com\\\/\",\"https:\\\/\\\/x.com\\\/bercodi\",\"https:\\\/\\\/www.instagram.com\\\/\",\"https:\\\/\\\/www.youtube.com\\\/channel\\\/UCZP-2wLEB9Rv6erhFmqVnvg\"]},{\"@type\":\"Person\",\"@id\":\"https:\\\/\\\/eldigitaldeasturias.com\\\/radio\\\/author\\\/nbasturias\\\/#author\",\"url\":\"https:\\\/\\\/eldigitaldeasturias.com\\\/radio\\\/author\\\/nbasturias\\\/\",\"name\":\"NBAsturias\",\"image\":{\"@type\":\"ImageObject\",\"@id\":\"https:\\\/\\\/eldigitaldeasturias.com\\\/radio\\\/alemania-premian-a-emisoras-y-periodistas-por-cobertura-de-pandemia\\\/#authorImage\",\"url\":\"https:\\\/\\\/secure.gravatar.com\\\/avatar\\\/df2aeffc32bcd13f8d26072ef8a91b623d677766deac7f97ca815868cd41bf5e?s=96&d=mm&r=g\",\"width\":96,\"height\":96,\"caption\":\"NBAsturias\"}},{\"@type\":\"WebPage\",\"@id\":\"https:\\\/\\\/eldigitaldeasturias.com\\\/radio\\\/alemania-premian-a-emisoras-y-periodistas-por-cobertura-de-pandemia\\\/#webpage\",\"url\":\"https:\\\/\\\/eldigitaldeasturias.com\\\/radio\\\/alemania-premian-a-emisoras-y-periodistas-por-cobertura-de-pandemia\\\/\",\"name\":\"Alemania: Premian a emisoras y periodistas por cobertura de pandemia | El Digital de Asturias\",\"description\":\"Colonia (Alemania), 17 jun (dpa) - Varias cadenas de televisi\\u00f3n alemanas, as\\u00ed como periodistas responsables de noticias y programas especiales, fueron distinguidos hoy con un galard\\u00f3n especial del Premio Alem\\u00e1n de Televisi\\u00f3n por la cobertura de la pandemia de coronavirus. \\\"El jurado ve a este premio especial expresamente como un compromiso con el periodismo de\",\"inLanguage\":\"es-ES\",\"isPartOf\":{\"@id\":\"https:\\\/\\\/eldigitaldeasturias.com\\\/radio\\\/#website\"},\"breadcrumb\":{\"@id\":\"https:\\\/\\\/eldigitaldeasturias.com\\\/radio\\\/alemania-premian-a-emisoras-y-periodistas-por-cobertura-de-pandemia\\\/#breadcrumblist\"},\"author\":{\"@id\":\"https:\\\/\\\/eldigitaldeasturias.com\\\/radio\\\/author\\\/nbasturias\\\/#author\"},\"creator\":{\"@id\":\"https:\\\/\\\/eldigitaldeasturias.com\\\/radio\\\/author\\\/nbasturias\\\/#author\"},\"image\":{\"@type\":\"ImageObject\",\"url\":\"https:\\\/\\\/eldigitaldeasturias.com\\\/radio\\\/wp-content\\\/uploads\\\/2020\\\/06\\\/connection-4884862_640.jpg\",\"@id\":\"https:\\\/\\\/eldigitaldeasturias.com\\\/radio\\\/alemania-premian-a-emisoras-y-periodistas-por-cobertura-de-pandemia\\\/#mainImage\",\"width\":640,\"height\":436},\"primaryImageOfPage\":{\"@id\":\"https:\\\/\\\/eldigitaldeasturias.com\\\/radio\\\/alemania-premian-a-emisoras-y-periodistas-por-cobertura-de-pandemia\\\/#mainImage\"},\"datePublished\":\"2020-06-20T01:48:42+02:00\",\"dateModified\":\"2020-06-20T01:48:42+02:00\"},{\"@type\":\"WebSite\",\"@id\":\"https:\\\/\\\/eldigitaldeasturias.com\\\/radio\\\/#website\",\"url\":\"https:\\\/\\\/eldigitaldeasturias.com\\\/radio\\\/\",\"name\":\"El Digital de Asturias\",\"description\":\"Diario de informaci\\u00f3n y noticias\",\"inLanguage\":\"es-ES\",\"publisher\":{\"@id\":\"https:\\\/\\\/eldigitaldeasturias.com\\\/radio\\\/#organization\"}}]}\n\t\t<\/script>\n\t\t<!-- All in One SEO Pro -->\r\n\t\t<title>Alemania: Premian a emisoras y periodistas por cobertura de pandemia | El Digital de Asturias<\/title>\n\n","aioseo_head_json":{"title":"Alemania: Premian a emisoras y periodistas por cobertura de pandemia | El Digital de Asturias","description":"Colonia (Alemania), 17 jun (dpa) - Varias cadenas de televisi\u00f3n alemanas, as\u00ed como periodistas responsables de noticias y programas especiales, fueron distinguidos hoy con un galard\u00f3n especial del Premio Alem\u00e1n de Televisi\u00f3n por la cobertura de la pandemia de coronavirus. \"El jurado ve a este premio especial expresamente como un compromiso con el periodismo de","canonical_url":"https:\/\/eldigitaldeasturias.com\/radio\/alemania-premian-a-emisoras-y-periodistas-por-cobertura-de-pandemia\/","robots":"max-image-preview:large","keywords":"noticias","webmasterTools":{"google-site-verification":"UA-38556648-1","miscellaneous":""},"schema":{"@context":"https:\/\/schema.org","@graph":[{"@type":"BreadcrumbList","@id":"https:\/\/eldigitaldeasturias.com\/radio\/alemania-premian-a-emisoras-y-periodistas-por-cobertura-de-pandemia\/#breadcrumblist","itemListElement":[{"@type":"ListItem","@id":"https:\/\/eldigitaldeasturias.com\/radio#listItem","position":1,"name":"Inicio","item":"https:\/\/eldigitaldeasturias.com\/radio","nextItem":{"@type":"ListItem","@id":"https:\/\/eldigitaldeasturias.com\/radio\/category\/noticias\/#listItem","name":"Noticias"}},{"@type":"ListItem","@id":"https:\/\/eldigitaldeasturias.com\/radio\/category\/noticias\/#listItem","position":2,"name":"Noticias","item":"https:\/\/eldigitaldeasturias.com\/radio\/category\/noticias\/","nextItem":{"@type":"ListItem","@id":"https:\/\/eldigitaldeasturias.com\/radio\/alemania-premian-a-emisoras-y-periodistas-por-cobertura-de-pandemia\/#listItem","name":"Alemania: Premian a emisoras y periodistas por cobertura de pandemia"},"previousItem":{"@type":"ListItem","@id":"https:\/\/eldigitaldeasturias.com\/radio#listItem","name":"Inicio"}},{"@type":"ListItem","@id":"https:\/\/eldigitaldeasturias.com\/radio\/alemania-premian-a-emisoras-y-periodistas-por-cobertura-de-pandemia\/#listItem","position":3,"name":"Alemania: Premian a emisoras y periodistas por cobertura de pandemia","previousItem":{"@type":"ListItem","@id":"https:\/\/eldigitaldeasturias.com\/radio\/category\/noticias\/#listItem","name":"Noticias"}}]},{"@type":"NewsArticle","@id":"https:\/\/eldigitaldeasturias.com\/radio\/alemania-premian-a-emisoras-y-periodistas-por-cobertura-de-pandemia\/#newsarticle","name":"Alemania: Premian a emisoras y periodistas por cobertura de pandemia | El Digital de Asturias","headline":"Alemania: Premian a emisoras y periodistas por cobertura de pandemia","author":{"@id":"https:\/\/eldigitaldeasturias.com\/radio\/author\/nbasturias\/#author"},"publisher":{"@id":"https:\/\/eldigitaldeasturias.com\/radio\/#organization"},"image":{"@type":"ImageObject","url":"https:\/\/eldigitaldeasturias.com\/radio\/wp-content\/uploads\/2020\/06\/connection-4884862_640.jpg","width":640,"height":436},"datePublished":"2020-06-20T01:48:42+02:00","dateModified":"2020-06-20T01:48:42+02:00","inLanguage":"es-ES","mainEntityOfPage":{"@id":"https:\/\/eldigitaldeasturias.com\/radio\/alemania-premian-a-emisoras-y-periodistas-por-cobertura-de-pandemia\/#webpage"},"isPartOf":{"@id":"https:\/\/eldigitaldeasturias.com\/radio\/alemania-premian-a-emisoras-y-periodistas-por-cobertura-de-pandemia\/#webpage"},"articleSection":"Noticias","dateline":"Publicado el junio 20, 2020."},{"@type":"Organization","@id":"https:\/\/eldigitaldeasturias.com\/radio\/#organization","name":"El digital de Asturias Radio","description":"Diario de informaci\u00f3n y noticias","url":"https:\/\/eldigitaldeasturias.com\/radio\/","telephone":"+34652131393","logo":{"@type":"ImageObject","url":"https:\/\/www.eldigitaldeasturias.com\/radio\/wp-content\/uploads\/2021\/03\/EDA.jpg","@id":"https:\/\/eldigitaldeasturias.com\/radio\/alemania-premian-a-emisoras-y-periodistas-por-cobertura-de-pandemia\/#organizationLogo"},"image":{"@id":"https:\/\/eldigitaldeasturias.com\/radio\/alemania-premian-a-emisoras-y-periodistas-por-cobertura-de-pandemia\/#organizationLogo"},"sameAs":["https:\/\/www.facebook.com\/","https:\/\/x.com\/bercodi","https:\/\/www.instagram.com\/","https:\/\/www.youtube.com\/channel\/UCZP-2wLEB9Rv6erhFmqVnvg"]},{"@type":"Person","@id":"https:\/\/eldigitaldeasturias.com\/radio\/author\/nbasturias\/#author","url":"https:\/\/eldigitaldeasturias.com\/radio\/author\/nbasturias\/","name":"NBAsturias","image":{"@type":"ImageObject","@id":"https:\/\/eldigitaldeasturias.com\/radio\/alemania-premian-a-emisoras-y-periodistas-por-cobertura-de-pandemia\/#authorImage","url":"https:\/\/secure.gravatar.com\/avatar\/df2aeffc32bcd13f8d26072ef8a91b623d677766deac7f97ca815868cd41bf5e?s=96&d=mm&r=g","width":96,"height":96,"caption":"NBAsturias"}},{"@type":"WebPage","@id":"https:\/\/eldigitaldeasturias.com\/radio\/alemania-premian-a-emisoras-y-periodistas-por-cobertura-de-pandemia\/#webpage","url":"https:\/\/eldigitaldeasturias.com\/radio\/alemania-premian-a-emisoras-y-periodistas-por-cobertura-de-pandemia\/","name":"Alemania: Premian a emisoras y periodistas por cobertura de pandemia | El Digital de Asturias","description":"Colonia (Alemania), 17 jun (dpa) - Varias cadenas de televisi\u00f3n alemanas, as\u00ed como periodistas responsables de noticias y programas especiales, fueron distinguidos hoy con un galard\u00f3n especial del Premio Alem\u00e1n de Televisi\u00f3n por la cobertura de la pandemia de coronavirus. \"El jurado ve a este premio especial expresamente como un compromiso con el periodismo de","inLanguage":"es-ES","isPartOf":{"@id":"https:\/\/eldigitaldeasturias.com\/radio\/#website"},"breadcrumb":{"@id":"https:\/\/eldigitaldeasturias.com\/radio\/alemania-premian-a-emisoras-y-periodistas-por-cobertura-de-pandemia\/#breadcrumblist"},"author":{"@id":"https:\/\/eldigitaldeasturias.com\/radio\/author\/nbasturias\/#author"},"creator":{"@id":"https:\/\/eldigitaldeasturias.com\/radio\/author\/nbasturias\/#author"},"image":{"@type":"ImageObject","url":"https:\/\/eldigitaldeasturias.com\/radio\/wp-content\/uploads\/2020\/06\/connection-4884862_640.jpg","@id":"https:\/\/eldigitaldeasturias.com\/radio\/alemania-premian-a-emisoras-y-periodistas-por-cobertura-de-pandemia\/#mainImage","width":640,"height":436},"primaryImageOfPage":{"@id":"https:\/\/eldigitaldeasturias.com\/radio\/alemania-premian-a-emisoras-y-periodistas-por-cobertura-de-pandemia\/#mainImage"},"datePublished":"2020-06-20T01:48:42+02:00","dateModified":"2020-06-20T01:48:42+02:00"},{"@type":"WebSite","@id":"https:\/\/eldigitaldeasturias.com\/radio\/#website","url":"https:\/\/eldigitaldeasturias.com\/radio\/","name":"El Digital de Asturias","description":"Diario de informaci\u00f3n y noticias","inLanguage":"es-ES","publisher":{"@id":"https:\/\/eldigitaldeasturias.com\/radio\/#organization"}}]},"og:locale":"es_ES","og:site_name":"El Digital de Asturias | Diario de informaci\u00f3n y noticias","og:type":"article","og:title":"Alemania: Premian a emisoras y periodistas por cobertura de pandemia | El Digital de Asturias","og:description":"Colonia (Alemania), 17 jun (dpa) - Varias cadenas de televisi\u00f3n alemanas, as\u00ed como periodistas responsables de noticias y programas especiales, fueron distinguidos hoy con un galard\u00f3n especial del Premio Alem\u00e1n de Televisi\u00f3n por la cobertura de la pandemia de coronavirus. &quot;El jurado ve a este premio especial expresamente como un compromiso con el periodismo de","og:url":"https:\/\/eldigitaldeasturias.com\/radio\/alemania-premian-a-emisoras-y-periodistas-por-cobertura-de-pandemia\/","og:image":"https:\/\/eldigitaldeasturias.com\/radio\/wp-content\/uploads\/2020\/06\/connection-4884862_640.jpg","og:image:secure_url":"https:\/\/eldigitaldeasturias.com\/radio\/wp-content\/uploads\/2020\/06\/connection-4884862_640.jpg","og:image:width":640,"og:image:height":436,"article:published_time":"2020-06-20T01:48:42+00:00","article:modified_time":"2020-06-20T01:48:42+00:00","twitter:card":"summary_large_image","twitter:site":"@bercodi","twitter:title":"Alemania: Premian a emisoras y periodistas por cobertura de pandemia | El Digital de Asturias","twitter:description":"Colonia (Alemania), 17 jun (dpa) - Varias cadenas de televisi\u00f3n alemanas, as\u00ed como periodistas responsables de noticias y programas especiales, fueron distinguidos hoy con un galard\u00f3n especial del Premio Alem\u00e1n de Televisi\u00f3n por la cobertura de la pandemia de coronavirus. &quot;El jurado ve a este premio especial expresamente como un compromiso con el periodismo de","twitter:creator":"@bercodi","twitter:image":"https:\/\/eldigitaldeasturias.com\/radio\/wp-content\/uploads\/2020\/06\/connection-4884862_640.jpg"},"aioseo_meta_data":{"post_id":"4550","title":null,"description":null,"keywords":null,"keyphrases":null,"primary_term":null,"canonical_url":null,"og_title":null,"og_description":null,"og_object_type":"default","og_image_type":"default","og_image_url":null,"og_image_width":null,"og_image_height":null,"og_image_custom_url":null,"og_image_custom_fields":null,"og_video":null,"og_custom_url":null,"og_article_section":null,"og_article_tags":null,"twitter_use_og":false,"twitter_card":"default","twitter_image_type":"default","twitter_image_url":null,"twitter_image_custom_url":null,"twitter_image_custom_fields":null,"twitter_title":null,"twitter_description":null,"schema":{"blockGraphs":[],"customGraphs":[],"default":{"data":{"Article":[],"Course":[],"Dataset":[],"FAQPage":[],"Movie":[],"Person":[],"Product":[],"ProductReview":[],"Car":[],"Recipe":[],"Service":[],"SoftwareApplication":[],"WebPage":[]},"graphName":"","isEnabled":true},"graphs":[],"defaultGraph":"","defaultPostTypeGraph":""},"schema_type":null,"schema_type_options":null,"pillar_content":false,"robots_default":true,"robots_noindex":false,"robots_noarchive":false,"robots_nosnippet":false,"robots_nofollow":false,"robots_noimageindex":false,"robots_noodp":false,"robots_notranslate":false,"robots_max_snippet":null,"robots_max_videopreview":null,"robots_max_imagepreview":"large","priority":null,"frequency":null,"location":null,"local_seo":null,"seo_analyzer_scan_date":"2025-08-28 16:15:34","breadcrumb_settings":null,"limit_modified_date":false,"open_ai":null,"ai":null,"created":"2021-03-28 22:07:53","updated":"2025-08-28 16:15:34"},"aioseo_breadcrumb":"<div class=\"aioseo-breadcrumbs\"><span class=\"aioseo-breadcrumb\">\n\t<a href=\"https:\/\/eldigitaldeasturias.com\/radio\" title=\"Inicio\">Inicio<\/a>\n<\/span><span class=\"aioseo-breadcrumb-separator\">&ndash;<\/span><span class=\"aioseo-breadcrumb\">\n\t<a href=\"https:\/\/eldigitaldeasturias.com\/radio\/category\/noticias\/\" title=\"Noticias\">Noticias<\/a>\n<\/span><span class=\"aioseo-breadcrumb-separator\">&ndash;<\/span><span class=\"aioseo-breadcrumb\">\n\tAlemania: Premian a emisoras y periodistas por cobertura de pandemia\n<\/span><\/div>","aioseo_breadcrumb_json":[{"label":"Inicio","link":"https:\/\/eldigitaldeasturias.com\/radio"},{"label":"Noticias","link":"https:\/\/eldigitaldeasturias.com\/radio\/category\/noticias\/"},{"label":"Alemania: Premian a emisoras y periodistas por cobertura de pandemia","link":"https:\/\/eldigitaldeasturias.com\/radio\/alemania-premian-a-emisoras-y-periodistas-por-cobertura-de-pandemia\/"}],"_links":{"self":[{"href":"https:\/\/eldigitaldeasturias.com\/radio\/wp-json\/wp\/v2\/posts\/4550","targetHints":{"allow":["GET"]}}],"collection":[{"href":"https:\/\/eldigitaldeasturias.com\/radio\/wp-json\/wp\/v2\/posts"}],"about":[{"href":"https:\/\/eldigitaldeasturias.com\/radio\/wp-json\/wp\/v2\/types\/post"}],"author":[{"embeddable":true,"href":"https:\/\/eldigitaldeasturias.com\/radio\/wp-json\/wp\/v2\/users\/1"}],"replies":[{"embeddable":true,"href":"https:\/\/eldigitaldeasturias.com\/radio\/wp-json\/wp\/v2\/comments?post=4550"}],"version-history":[{"count":0,"href":"https:\/\/eldigitaldeasturias.com\/radio\/wp-json\/wp\/v2\/posts\/4550\/revisions"}],"wp:featuredmedia":[{"embeddable":true,"href":"https:\/\/eldigitaldeasturias.com\/radio\/wp-json\/wp\/v2\/media\/4405"}],"wp:attachment":[{"href":"https:\/\/eldigitaldeasturias.com\/radio\/wp-json\/wp\/v2\/media?parent=4550"}],"wp:term":[{"taxonomy":"category","embeddable":true,"href":"https:\/\/eldigitaldeasturias.com\/radio\/wp-json\/wp\/v2\/categories?post=4550"},{"taxonomy":"post_tag","embeddable":true,"href":"https:\/\/eldigitaldeasturias.com\/radio\/wp-json\/wp\/v2\/tags?post=4550"}],"curies":[{"name":"wp","href":"https:\/\/api.w.org\/{rel}","templated":true}]}}