{"id":4548,"date":"2020-06-20T01:47:08","date_gmt":"2020-06-20T01:47:08","guid":{"rendered":"http:\/\/www.eldigitaldeasturias.com\/radio\/?p=4548"},"modified":"2020-06-20T01:47:08","modified_gmt":"2020-06-20T01:47:08","slug":"alemania-clasifica-a-turquia-y-a-otros-130-paises-como-zona-de-riesgo","status":"publish","type":"post","link":"https:\/\/eldigitaldeasturias.com\/radio\/alemania-clasifica-a-turquia-y-a-otros-130-paises-como-zona-de-riesgo\/","title":{"rendered":"Alemania clasifica a Turqu\u00eda y a otros 130 pa\u00edses como zona de riesgo"},"content":{"rendered":"<p><img fetchpriority=\"high\" decoding=\"async\" class=\"alignleft size-medium wp-image-4110\" src=\"http:\/\/www.eldigitaldeasturias.com\/radio\/wp-content\/uploads\/2020\/04\/covid-19-4960246_640-360x194.jpg\" alt=\"\" width=\"360\" height=\"194\" srcset=\"https:\/\/eldigitaldeasturias.com\/radio\/wp-content\/uploads\/2020\/04\/covid-19-4960246_640-360x194.jpg 360w, https:\/\/eldigitaldeasturias.com\/radio\/wp-content\/uploads\/2020\/04\/covid-19-4960246_640.jpg 640w\" sizes=\"(max-width: 360px) 100vw, 360px\" \/>Berl\u00edn, 17 jun (dpa) &#8211; El Gobierno alem\u00e1n clasific\u00f3 a Turqu\u00eda y a otros 130 pa\u00edses como zona de riesgo de coronavirus, revela una lista publicada por el Instituto Robert Koch (RKI), la agencia gubernamental encargada del control de enfermedades infecciosas en el pa\u00eds, que ser\u00e1 actualizada peri\u00f3dicamente.<\/p>\n<p>Dicha lista incluye tambi\u00e9n otros destinos de vacaciones populares entre los alemanes, como Egipto, Tailandia y Marruecos.<\/p>\n<p>Personas que ingresen a Alemania regresando de una zona de riesgo deben contar con que deber\u00e1n hacer una cuarentena de 14 d\u00edas.<\/p>\n<p>Para pa\u00edses que se encuentren en esa lista, y considerando la situaci\u00f3n actual, no es probable que se levante la advertencia de viaje, inicialmente emitida para casi 200 pa\u00edses en todo el mundo con motivo de la pandemia de coronavirus y que todav\u00eda se aplica a m\u00e1s de 160 pa\u00edses fuera de la Uni\u00f3n Europea (UE).<\/p>\n<p>Sobre todo Turqu\u00eda, el tercer destino de vacaciones m\u00e1s popular para los alemanes despu\u00e9s de Espa\u00f1a e Italia, presiona para que se levante esta advertencia de viaje y busca atraer a los turistas alemanes.<\/p>\n<p>Hace unos d\u00edas, el ministro turco de Relaciones Exteriores, Mevl\u00fct \u00c7avusoglu, manifest\u00f3 su decepci\u00f3n por el mantenimiento por parte de Alemania de la advertencia de no viajar a su pa\u00eds.<\/p>\n<p>El Gobierno alem\u00e1n resolvi\u00f3 levantar la advertencia de viaje para 27 pa\u00edses europeos, mientras que para m\u00e1s de 160 pa\u00edses fuera de la UE, seguir\u00e1 en vigor en principio hasta el 31 de agosto, si bien se prev\u00e9 que pueda ser levantada antes de esa fecha en algunos casos, seg\u00fan la evoluci\u00f3n de las infecciones.<\/p>\n<p>Sin embargo, esto es dif\u00edcilmente concebible para \u00e1reas consideradas de riesgo de coronavirus.<\/p>\n","protected":false},"excerpt":{"rendered":"<p>Berl\u00edn, 17 jun (dpa) &#8211; El Gobierno alem\u00e1n clasific\u00f3 a Turqu\u00eda y a otros 130 pa\u00edses como zona de riesgo de coronavirus, revela una lista publicada por el Instituto Robert Koch (RKI), la agencia gubernamental encargada del control de enfermedades infecciosas en el pa\u00eds, que ser\u00e1 actualizada peri\u00f3dicamente. Dicha lista incluye tambi\u00e9n otros destinos de<\/p>\n","protected":false},"author":1,"featured_media":4110,"comment_status":"closed","ping_status":"closed","sticky":false,"template":"","format":"standard","meta":{"footnotes":""},"categories":[1],"tags":[],"class_list":{"0":"post-4548","1":"post","2":"type-post","3":"status-publish","4":"format-standard","5":"has-post-thumbnail","7":"category-noticias"},"aioseo_notices":[],"aioseo_head":"\n\t\t<!-- All in One SEO Pro 4.9.6.2 - aioseo.com -->\n\t<meta name=\"description\" content=\"Berl\u00edn, 17 jun (dpa) - El Gobierno alem\u00e1n clasific\u00f3 a Turqu\u00eda y a otros 130 pa\u00edses como zona de riesgo de coronavirus, revela una lista publicada por el Instituto Robert Koch (RKI), la agencia gubernamental encargada del control de enfermedades infecciosas en el pa\u00eds, que ser\u00e1 actualizada peri\u00f3dicamente. Dicha lista incluye tambi\u00e9n otros destinos de\" \/>\n\t<meta name=\"robots\" content=\"max-image-preview:large\" \/>\n\t<meta name=\"author\" content=\"NBAsturias\"\/>\n\t<meta name=\"google-site-verification\" content=\"UA-38556648-1\" \/>\n\t<meta name=\"keywords\" content=\"noticias\" \/>\n\t<link rel=\"canonical\" href=\"https:\/\/eldigitaldeasturias.com\/radio\/alemania-clasifica-a-turquia-y-a-otros-130-paises-como-zona-de-riesgo\/\" \/>\n\t<meta name=\"generator\" content=\"All in One SEO Pro (AIOSEO) 4.9.6.2\" \/>\n\t\t<meta property=\"og:locale\" content=\"es_ES\" \/>\n\t\t<meta property=\"og:site_name\" content=\"El Digital de Asturias | Diario de informaci\u00f3n y noticias\" \/>\n\t\t<meta property=\"og:type\" content=\"article\" \/>\n\t\t<meta property=\"og:title\" content=\"Alemania clasifica a Turqu\u00eda y a otros 130 pa\u00edses como zona de riesgo | El Digital de Asturias\" \/>\n\t\t<meta property=\"og:description\" content=\"Berl\u00edn, 17 jun (dpa) - El Gobierno alem\u00e1n clasific\u00f3 a Turqu\u00eda y a otros 130 pa\u00edses como zona de riesgo de coronavirus, revela una lista publicada por el Instituto Robert Koch (RKI), la agencia gubernamental encargada del control de enfermedades infecciosas en el pa\u00eds, que ser\u00e1 actualizada peri\u00f3dicamente. Dicha lista incluye tambi\u00e9n otros destinos de\" \/>\n\t\t<meta property=\"og:url\" content=\"https:\/\/eldigitaldeasturias.com\/radio\/alemania-clasifica-a-turquia-y-a-otros-130-paises-como-zona-de-riesgo\/\" \/>\n\t\t<meta property=\"og:image\" content=\"https:\/\/eldigitaldeasturias.com\/radio\/wp-content\/uploads\/2020\/04\/covid-19-4960246_640.jpg\" \/>\n\t\t<meta property=\"og:image:secure_url\" content=\"https:\/\/eldigitaldeasturias.com\/radio\/wp-content\/uploads\/2020\/04\/covid-19-4960246_640.jpg\" \/>\n\t\t<meta property=\"og:image:width\" content=\"640\" \/>\n\t\t<meta property=\"og:image:height\" content=\"344\" \/>\n\t\t<meta property=\"article:published_time\" content=\"2020-06-20T01:47:08+00:00\" \/>\n\t\t<meta property=\"article:modified_time\" content=\"2020-06-20T01:47:08+00:00\" \/>\n\t\t<meta name=\"twitter:card\" content=\"summary_large_image\" \/>\n\t\t<meta name=\"twitter:site\" content=\"@bercodi\" \/>\n\t\t<meta name=\"twitter:title\" content=\"Alemania clasifica a Turqu\u00eda y a otros 130 pa\u00edses como zona de riesgo | El Digital de Asturias\" \/>\n\t\t<meta name=\"twitter:description\" content=\"Berl\u00edn, 17 jun (dpa) - El Gobierno alem\u00e1n clasific\u00f3 a Turqu\u00eda y a otros 130 pa\u00edses como zona de riesgo de coronavirus, revela una lista publicada por el Instituto Robert Koch (RKI), la agencia gubernamental encargada del control de enfermedades infecciosas en el pa\u00eds, que ser\u00e1 actualizada peri\u00f3dicamente. Dicha lista incluye tambi\u00e9n otros destinos de\" \/>\n\t\t<meta name=\"twitter:creator\" content=\"@bercodi\" \/>\n\t\t<meta name=\"twitter:image\" content=\"https:\/\/eldigitaldeasturias.com\/radio\/wp-content\/uploads\/2020\/04\/covid-19-4960246_640.jpg\" \/>\n\t\t<script type=\"application\/ld+json\" class=\"aioseo-schema\">\n\t\t\t{\"@context\":\"https:\\\/\\\/schema.org\",\"@graph\":[{\"@type\":\"BreadcrumbList\",\"@id\":\"https:\\\/\\\/eldigitaldeasturias.com\\\/radio\\\/alemania-clasifica-a-turquia-y-a-otros-130-paises-como-zona-de-riesgo\\\/#breadcrumblist\",\"itemListElement\":[{\"@type\":\"ListItem\",\"@id\":\"https:\\\/\\\/eldigitaldeasturias.com\\\/radio#listItem\",\"position\":1,\"name\":\"Inicio\",\"item\":\"https:\\\/\\\/eldigitaldeasturias.com\\\/radio\",\"nextItem\":{\"@type\":\"ListItem\",\"@id\":\"https:\\\/\\\/eldigitaldeasturias.com\\\/radio\\\/category\\\/noticias\\\/#listItem\",\"name\":\"Noticias\"}},{\"@type\":\"ListItem\",\"@id\":\"https:\\\/\\\/eldigitaldeasturias.com\\\/radio\\\/category\\\/noticias\\\/#listItem\",\"position\":2,\"name\":\"Noticias\",\"item\":\"https:\\\/\\\/eldigitaldeasturias.com\\\/radio\\\/category\\\/noticias\\\/\",\"nextItem\":{\"@type\":\"ListItem\",\"@id\":\"https:\\\/\\\/eldigitaldeasturias.com\\\/radio\\\/alemania-clasifica-a-turquia-y-a-otros-130-paises-como-zona-de-riesgo\\\/#listItem\",\"name\":\"Alemania clasifica a Turqu\\u00eda y a otros 130 pa\\u00edses como zona de riesgo\"},\"previousItem\":{\"@type\":\"ListItem\",\"@id\":\"https:\\\/\\\/eldigitaldeasturias.com\\\/radio#listItem\",\"name\":\"Inicio\"}},{\"@type\":\"ListItem\",\"@id\":\"https:\\\/\\\/eldigitaldeasturias.com\\\/radio\\\/alemania-clasifica-a-turquia-y-a-otros-130-paises-como-zona-de-riesgo\\\/#listItem\",\"position\":3,\"name\":\"Alemania clasifica a Turqu\\u00eda y a otros 130 pa\\u00edses como zona de riesgo\",\"previousItem\":{\"@type\":\"ListItem\",\"@id\":\"https:\\\/\\\/eldigitaldeasturias.com\\\/radio\\\/category\\\/noticias\\\/#listItem\",\"name\":\"Noticias\"}}]},{\"@type\":\"NewsArticle\",\"@id\":\"https:\\\/\\\/eldigitaldeasturias.com\\\/radio\\\/alemania-clasifica-a-turquia-y-a-otros-130-paises-como-zona-de-riesgo\\\/#newsarticle\",\"name\":\"Alemania clasifica a Turqu\\u00eda y a otros 130 pa\\u00edses como zona de riesgo | El Digital de Asturias\",\"headline\":\"Alemania clasifica a Turqu\\u00eda y a otros 130 pa\\u00edses como zona de riesgo\",\"author\":{\"@id\":\"https:\\\/\\\/eldigitaldeasturias.com\\\/radio\\\/author\\\/nbasturias\\\/#author\"},\"publisher\":{\"@id\":\"https:\\\/\\\/eldigitaldeasturias.com\\\/radio\\\/#organization\"},\"image\":{\"@type\":\"ImageObject\",\"url\":\"https:\\\/\\\/eldigitaldeasturias.com\\\/radio\\\/wp-content\\\/uploads\\\/2020\\\/04\\\/covid-19-4960246_640.jpg\",\"width\":640,\"height\":344},\"datePublished\":\"2020-06-20T01:47:08+02:00\",\"dateModified\":\"2020-06-20T01:47:08+02:00\",\"inLanguage\":\"es-ES\",\"mainEntityOfPage\":{\"@id\":\"https:\\\/\\\/eldigitaldeasturias.com\\\/radio\\\/alemania-clasifica-a-turquia-y-a-otros-130-paises-como-zona-de-riesgo\\\/#webpage\"},\"isPartOf\":{\"@id\":\"https:\\\/\\\/eldigitaldeasturias.com\\\/radio\\\/alemania-clasifica-a-turquia-y-a-otros-130-paises-como-zona-de-riesgo\\\/#webpage\"},\"articleSection\":\"Noticias\",\"dateline\":\"Publicado el junio 20, 2020.\"},{\"@type\":\"Organization\",\"@id\":\"https:\\\/\\\/eldigitaldeasturias.com\\\/radio\\\/#organization\",\"name\":\"El digital de Asturias Radio\",\"description\":\"Diario de informaci\\u00f3n y noticias\",\"url\":\"https:\\\/\\\/eldigitaldeasturias.com\\\/radio\\\/\",\"telephone\":\"+34652131393\",\"logo\":{\"@type\":\"ImageObject\",\"url\":\"https:\\\/\\\/www.eldigitaldeasturias.com\\\/radio\\\/wp-content\\\/uploads\\\/2021\\\/03\\\/EDA.jpg\",\"@id\":\"https:\\\/\\\/eldigitaldeasturias.com\\\/radio\\\/alemania-clasifica-a-turquia-y-a-otros-130-paises-como-zona-de-riesgo\\\/#organizationLogo\"},\"image\":{\"@id\":\"https:\\\/\\\/eldigitaldeasturias.com\\\/radio\\\/alemania-clasifica-a-turquia-y-a-otros-130-paises-como-zona-de-riesgo\\\/#organizationLogo\"},\"sameAs\":[\"https:\\\/\\\/www.facebook.com\\\/\",\"https:\\\/\\\/x.com\\\/bercodi\",\"https:\\\/\\\/www.instagram.com\\\/\",\"https:\\\/\\\/www.youtube.com\\\/channel\\\/UCZP-2wLEB9Rv6erhFmqVnvg\"]},{\"@type\":\"Person\",\"@id\":\"https:\\\/\\\/eldigitaldeasturias.com\\\/radio\\\/author\\\/nbasturias\\\/#author\",\"url\":\"https:\\\/\\\/eldigitaldeasturias.com\\\/radio\\\/author\\\/nbasturias\\\/\",\"name\":\"NBAsturias\",\"image\":{\"@type\":\"ImageObject\",\"@id\":\"https:\\\/\\\/eldigitaldeasturias.com\\\/radio\\\/alemania-clasifica-a-turquia-y-a-otros-130-paises-como-zona-de-riesgo\\\/#authorImage\",\"url\":\"https:\\\/\\\/secure.gravatar.com\\\/avatar\\\/df2aeffc32bcd13f8d26072ef8a91b623d677766deac7f97ca815868cd41bf5e?s=96&d=mm&r=g\",\"width\":96,\"height\":96,\"caption\":\"NBAsturias\"}},{\"@type\":\"WebPage\",\"@id\":\"https:\\\/\\\/eldigitaldeasturias.com\\\/radio\\\/alemania-clasifica-a-turquia-y-a-otros-130-paises-como-zona-de-riesgo\\\/#webpage\",\"url\":\"https:\\\/\\\/eldigitaldeasturias.com\\\/radio\\\/alemania-clasifica-a-turquia-y-a-otros-130-paises-como-zona-de-riesgo\\\/\",\"name\":\"Alemania clasifica a Turqu\\u00eda y a otros 130 pa\\u00edses como zona de riesgo | El Digital de Asturias\",\"description\":\"Berl\\u00edn, 17 jun (dpa) - El Gobierno alem\\u00e1n clasific\\u00f3 a Turqu\\u00eda y a otros 130 pa\\u00edses como zona de riesgo de coronavirus, revela una lista publicada por el Instituto Robert Koch (RKI), la agencia gubernamental encargada del control de enfermedades infecciosas en el pa\\u00eds, que ser\\u00e1 actualizada peri\\u00f3dicamente. Dicha lista incluye tambi\\u00e9n otros destinos de\",\"inLanguage\":\"es-ES\",\"isPartOf\":{\"@id\":\"https:\\\/\\\/eldigitaldeasturias.com\\\/radio\\\/#website\"},\"breadcrumb\":{\"@id\":\"https:\\\/\\\/eldigitaldeasturias.com\\\/radio\\\/alemania-clasifica-a-turquia-y-a-otros-130-paises-como-zona-de-riesgo\\\/#breadcrumblist\"},\"author\":{\"@id\":\"https:\\\/\\\/eldigitaldeasturias.com\\\/radio\\\/author\\\/nbasturias\\\/#author\"},\"creator\":{\"@id\":\"https:\\\/\\\/eldigitaldeasturias.com\\\/radio\\\/author\\\/nbasturias\\\/#author\"},\"image\":{\"@type\":\"ImageObject\",\"url\":\"https:\\\/\\\/eldigitaldeasturias.com\\\/radio\\\/wp-content\\\/uploads\\\/2020\\\/04\\\/covid-19-4960246_640.jpg\",\"@id\":\"https:\\\/\\\/eldigitaldeasturias.com\\\/radio\\\/alemania-clasifica-a-turquia-y-a-otros-130-paises-como-zona-de-riesgo\\\/#mainImage\",\"width\":640,\"height\":344},\"primaryImageOfPage\":{\"@id\":\"https:\\\/\\\/eldigitaldeasturias.com\\\/radio\\\/alemania-clasifica-a-turquia-y-a-otros-130-paises-como-zona-de-riesgo\\\/#mainImage\"},\"datePublished\":\"2020-06-20T01:47:08+02:00\",\"dateModified\":\"2020-06-20T01:47:08+02:00\"},{\"@type\":\"WebSite\",\"@id\":\"https:\\\/\\\/eldigitaldeasturias.com\\\/radio\\\/#website\",\"url\":\"https:\\\/\\\/eldigitaldeasturias.com\\\/radio\\\/\",\"name\":\"El Digital de Asturias\",\"description\":\"Diario de informaci\\u00f3n y noticias\",\"inLanguage\":\"es-ES\",\"publisher\":{\"@id\":\"https:\\\/\\\/eldigitaldeasturias.com\\\/radio\\\/#organization\"}}]}\n\t\t<\/script>\n\t\t<!-- All in One SEO Pro -->\r\n\t\t<title>Alemania clasifica a Turqu\u00eda y a otros 130 pa\u00edses como zona de riesgo | El Digital de Asturias<\/title>\n\n","aioseo_head_json":{"title":"Alemania clasifica a Turqu\u00eda y a otros 130 pa\u00edses como zona de riesgo | El Digital de Asturias","description":"Berl\u00edn, 17 jun (dpa) - El Gobierno alem\u00e1n clasific\u00f3 a Turqu\u00eda y a otros 130 pa\u00edses como zona de riesgo de coronavirus, revela una lista publicada por el Instituto Robert Koch (RKI), la agencia gubernamental encargada del control de enfermedades infecciosas en el pa\u00eds, que ser\u00e1 actualizada peri\u00f3dicamente. Dicha lista incluye tambi\u00e9n otros destinos de","canonical_url":"https:\/\/eldigitaldeasturias.com\/radio\/alemania-clasifica-a-turquia-y-a-otros-130-paises-como-zona-de-riesgo\/","robots":"max-image-preview:large","keywords":"noticias","webmasterTools":{"google-site-verification":"UA-38556648-1","miscellaneous":""},"schema":{"@context":"https:\/\/schema.org","@graph":[{"@type":"BreadcrumbList","@id":"https:\/\/eldigitaldeasturias.com\/radio\/alemania-clasifica-a-turquia-y-a-otros-130-paises-como-zona-de-riesgo\/#breadcrumblist","itemListElement":[{"@type":"ListItem","@id":"https:\/\/eldigitaldeasturias.com\/radio#listItem","position":1,"name":"Inicio","item":"https:\/\/eldigitaldeasturias.com\/radio","nextItem":{"@type":"ListItem","@id":"https:\/\/eldigitaldeasturias.com\/radio\/category\/noticias\/#listItem","name":"Noticias"}},{"@type":"ListItem","@id":"https:\/\/eldigitaldeasturias.com\/radio\/category\/noticias\/#listItem","position":2,"name":"Noticias","item":"https:\/\/eldigitaldeasturias.com\/radio\/category\/noticias\/","nextItem":{"@type":"ListItem","@id":"https:\/\/eldigitaldeasturias.com\/radio\/alemania-clasifica-a-turquia-y-a-otros-130-paises-como-zona-de-riesgo\/#listItem","name":"Alemania clasifica a Turqu\u00eda y a otros 130 pa\u00edses como zona de riesgo"},"previousItem":{"@type":"ListItem","@id":"https:\/\/eldigitaldeasturias.com\/radio#listItem","name":"Inicio"}},{"@type":"ListItem","@id":"https:\/\/eldigitaldeasturias.com\/radio\/alemania-clasifica-a-turquia-y-a-otros-130-paises-como-zona-de-riesgo\/#listItem","position":3,"name":"Alemania clasifica a Turqu\u00eda y a otros 130 pa\u00edses como zona de riesgo","previousItem":{"@type":"ListItem","@id":"https:\/\/eldigitaldeasturias.com\/radio\/category\/noticias\/#listItem","name":"Noticias"}}]},{"@type":"NewsArticle","@id":"https:\/\/eldigitaldeasturias.com\/radio\/alemania-clasifica-a-turquia-y-a-otros-130-paises-como-zona-de-riesgo\/#newsarticle","name":"Alemania clasifica a Turqu\u00eda y a otros 130 pa\u00edses como zona de riesgo | El Digital de Asturias","headline":"Alemania clasifica a Turqu\u00eda y a otros 130 pa\u00edses como zona de riesgo","author":{"@id":"https:\/\/eldigitaldeasturias.com\/radio\/author\/nbasturias\/#author"},"publisher":{"@id":"https:\/\/eldigitaldeasturias.com\/radio\/#organization"},"image":{"@type":"ImageObject","url":"https:\/\/eldigitaldeasturias.com\/radio\/wp-content\/uploads\/2020\/04\/covid-19-4960246_640.jpg","width":640,"height":344},"datePublished":"2020-06-20T01:47:08+02:00","dateModified":"2020-06-20T01:47:08+02:00","inLanguage":"es-ES","mainEntityOfPage":{"@id":"https:\/\/eldigitaldeasturias.com\/radio\/alemania-clasifica-a-turquia-y-a-otros-130-paises-como-zona-de-riesgo\/#webpage"},"isPartOf":{"@id":"https:\/\/eldigitaldeasturias.com\/radio\/alemania-clasifica-a-turquia-y-a-otros-130-paises-como-zona-de-riesgo\/#webpage"},"articleSection":"Noticias","dateline":"Publicado el junio 20, 2020."},{"@type":"Organization","@id":"https:\/\/eldigitaldeasturias.com\/radio\/#organization","name":"El digital de Asturias Radio","description":"Diario de informaci\u00f3n y noticias","url":"https:\/\/eldigitaldeasturias.com\/radio\/","telephone":"+34652131393","logo":{"@type":"ImageObject","url":"https:\/\/www.eldigitaldeasturias.com\/radio\/wp-content\/uploads\/2021\/03\/EDA.jpg","@id":"https:\/\/eldigitaldeasturias.com\/radio\/alemania-clasifica-a-turquia-y-a-otros-130-paises-como-zona-de-riesgo\/#organizationLogo"},"image":{"@id":"https:\/\/eldigitaldeasturias.com\/radio\/alemania-clasifica-a-turquia-y-a-otros-130-paises-como-zona-de-riesgo\/#organizationLogo"},"sameAs":["https:\/\/www.facebook.com\/","https:\/\/x.com\/bercodi","https:\/\/www.instagram.com\/","https:\/\/www.youtube.com\/channel\/UCZP-2wLEB9Rv6erhFmqVnvg"]},{"@type":"Person","@id":"https:\/\/eldigitaldeasturias.com\/radio\/author\/nbasturias\/#author","url":"https:\/\/eldigitaldeasturias.com\/radio\/author\/nbasturias\/","name":"NBAsturias","image":{"@type":"ImageObject","@id":"https:\/\/eldigitaldeasturias.com\/radio\/alemania-clasifica-a-turquia-y-a-otros-130-paises-como-zona-de-riesgo\/#authorImage","url":"https:\/\/secure.gravatar.com\/avatar\/df2aeffc32bcd13f8d26072ef8a91b623d677766deac7f97ca815868cd41bf5e?s=96&d=mm&r=g","width":96,"height":96,"caption":"NBAsturias"}},{"@type":"WebPage","@id":"https:\/\/eldigitaldeasturias.com\/radio\/alemania-clasifica-a-turquia-y-a-otros-130-paises-como-zona-de-riesgo\/#webpage","url":"https:\/\/eldigitaldeasturias.com\/radio\/alemania-clasifica-a-turquia-y-a-otros-130-paises-como-zona-de-riesgo\/","name":"Alemania clasifica a Turqu\u00eda y a otros 130 pa\u00edses como zona de riesgo | El Digital de Asturias","description":"Berl\u00edn, 17 jun (dpa) - El Gobierno alem\u00e1n clasific\u00f3 a Turqu\u00eda y a otros 130 pa\u00edses como zona de riesgo de coronavirus, revela una lista publicada por el Instituto Robert Koch (RKI), la agencia gubernamental encargada del control de enfermedades infecciosas en el pa\u00eds, que ser\u00e1 actualizada peri\u00f3dicamente. Dicha lista incluye tambi\u00e9n otros destinos de","inLanguage":"es-ES","isPartOf":{"@id":"https:\/\/eldigitaldeasturias.com\/radio\/#website"},"breadcrumb":{"@id":"https:\/\/eldigitaldeasturias.com\/radio\/alemania-clasifica-a-turquia-y-a-otros-130-paises-como-zona-de-riesgo\/#breadcrumblist"},"author":{"@id":"https:\/\/eldigitaldeasturias.com\/radio\/author\/nbasturias\/#author"},"creator":{"@id":"https:\/\/eldigitaldeasturias.com\/radio\/author\/nbasturias\/#author"},"image":{"@type":"ImageObject","url":"https:\/\/eldigitaldeasturias.com\/radio\/wp-content\/uploads\/2020\/04\/covid-19-4960246_640.jpg","@id":"https:\/\/eldigitaldeasturias.com\/radio\/alemania-clasifica-a-turquia-y-a-otros-130-paises-como-zona-de-riesgo\/#mainImage","width":640,"height":344},"primaryImageOfPage":{"@id":"https:\/\/eldigitaldeasturias.com\/radio\/alemania-clasifica-a-turquia-y-a-otros-130-paises-como-zona-de-riesgo\/#mainImage"},"datePublished":"2020-06-20T01:47:08+02:00","dateModified":"2020-06-20T01:47:08+02:00"},{"@type":"WebSite","@id":"https:\/\/eldigitaldeasturias.com\/radio\/#website","url":"https:\/\/eldigitaldeasturias.com\/radio\/","name":"El Digital de Asturias","description":"Diario de informaci\u00f3n y noticias","inLanguage":"es-ES","publisher":{"@id":"https:\/\/eldigitaldeasturias.com\/radio\/#organization"}}]},"og:locale":"es_ES","og:site_name":"El Digital de Asturias | Diario de informaci\u00f3n y noticias","og:type":"article","og:title":"Alemania clasifica a Turqu\u00eda y a otros 130 pa\u00edses como zona de riesgo | El Digital de Asturias","og:description":"Berl\u00edn, 17 jun (dpa) - El Gobierno alem\u00e1n clasific\u00f3 a Turqu\u00eda y a otros 130 pa\u00edses como zona de riesgo de coronavirus, revela una lista publicada por el Instituto Robert Koch (RKI), la agencia gubernamental encargada del control de enfermedades infecciosas en el pa\u00eds, que ser\u00e1 actualizada peri\u00f3dicamente. Dicha lista incluye tambi\u00e9n otros destinos de","og:url":"https:\/\/eldigitaldeasturias.com\/radio\/alemania-clasifica-a-turquia-y-a-otros-130-paises-como-zona-de-riesgo\/","og:image":"https:\/\/eldigitaldeasturias.com\/radio\/wp-content\/uploads\/2020\/04\/covid-19-4960246_640.jpg","og:image:secure_url":"https:\/\/eldigitaldeasturias.com\/radio\/wp-content\/uploads\/2020\/04\/covid-19-4960246_640.jpg","og:image:width":640,"og:image:height":344,"article:published_time":"2020-06-20T01:47:08+00:00","article:modified_time":"2020-06-20T01:47:08+00:00","twitter:card":"summary_large_image","twitter:site":"@bercodi","twitter:title":"Alemania clasifica a Turqu\u00eda y a otros 130 pa\u00edses como zona de riesgo | El Digital de Asturias","twitter:description":"Berl\u00edn, 17 jun (dpa) - El Gobierno alem\u00e1n clasific\u00f3 a Turqu\u00eda y a otros 130 pa\u00edses como zona de riesgo de coronavirus, revela una lista publicada por el Instituto Robert Koch (RKI), la agencia gubernamental encargada del control de enfermedades infecciosas en el pa\u00eds, que ser\u00e1 actualizada peri\u00f3dicamente. Dicha lista incluye tambi\u00e9n otros destinos de","twitter:creator":"@bercodi","twitter:image":"https:\/\/eldigitaldeasturias.com\/radio\/wp-content\/uploads\/2020\/04\/covid-19-4960246_640.jpg"},"aioseo_meta_data":{"post_id":"4548","title":null,"description":null,"keywords":null,"keyphrases":null,"primary_term":null,"canonical_url":null,"og_title":null,"og_description":null,"og_object_type":"default","og_image_type":"default","og_image_url":null,"og_image_width":null,"og_image_height":null,"og_image_custom_url":null,"og_image_custom_fields":null,"og_video":null,"og_custom_url":null,"og_article_section":null,"og_article_tags":null,"twitter_use_og":false,"twitter_card":"default","twitter_image_type":"default","twitter_image_url":null,"twitter_image_custom_url":null,"twitter_image_custom_fields":null,"twitter_title":null,"twitter_description":null,"schema":{"blockGraphs":[],"customGraphs":[],"default":{"data":{"Article":[],"Course":[],"Dataset":[],"FAQPage":[],"Movie":[],"Person":[],"Product":[],"ProductReview":[],"Car":[],"Recipe":[],"Service":[],"SoftwareApplication":[],"WebPage":[]},"graphName":"","isEnabled":true},"graphs":[],"defaultGraph":"","defaultPostTypeGraph":""},"schema_type":null,"schema_type_options":null,"pillar_content":false,"robots_default":true,"robots_noindex":false,"robots_noarchive":false,"robots_nosnippet":false,"robots_nofollow":false,"robots_noimageindex":false,"robots_noodp":false,"robots_notranslate":false,"robots_max_snippet":null,"robots_max_videopreview":null,"robots_max_imagepreview":"large","priority":null,"frequency":null,"location":null,"local_seo":null,"seo_analyzer_scan_date":"2025-08-28 16:14:27","breadcrumb_settings":null,"limit_modified_date":false,"open_ai":null,"ai":null,"created":"2021-03-28 22:06:53","updated":"2025-08-28 16:14:27"},"aioseo_breadcrumb":"<div class=\"aioseo-breadcrumbs\"><span class=\"aioseo-breadcrumb\">\n\t<a href=\"https:\/\/eldigitaldeasturias.com\/radio\" title=\"Inicio\">Inicio<\/a>\n<\/span><span class=\"aioseo-breadcrumb-separator\">&ndash;<\/span><span class=\"aioseo-breadcrumb\">\n\t<a href=\"https:\/\/eldigitaldeasturias.com\/radio\/category\/noticias\/\" title=\"Noticias\">Noticias<\/a>\n<\/span><span class=\"aioseo-breadcrumb-separator\">&ndash;<\/span><span class=\"aioseo-breadcrumb\">\n\tAlemania clasifica a Turqu\u00eda y a otros 130 pa\u00edses como zona de riesgo\n<\/span><\/div>","aioseo_breadcrumb_json":[{"label":"Inicio","link":"https:\/\/eldigitaldeasturias.com\/radio"},{"label":"Noticias","link":"https:\/\/eldigitaldeasturias.com\/radio\/category\/noticias\/"},{"label":"Alemania clasifica a Turqu\u00eda y a otros 130 pa\u00edses como zona de riesgo","link":"https:\/\/eldigitaldeasturias.com\/radio\/alemania-clasifica-a-turquia-y-a-otros-130-paises-como-zona-de-riesgo\/"}],"_links":{"self":[{"href":"https:\/\/eldigitaldeasturias.com\/radio\/wp-json\/wp\/v2\/posts\/4548","targetHints":{"allow":["GET"]}}],"collection":[{"href":"https:\/\/eldigitaldeasturias.com\/radio\/wp-json\/wp\/v2\/posts"}],"about":[{"href":"https:\/\/eldigitaldeasturias.com\/radio\/wp-json\/wp\/v2\/types\/post"}],"author":[{"embeddable":true,"href":"https:\/\/eldigitaldeasturias.com\/radio\/wp-json\/wp\/v2\/users\/1"}],"replies":[{"embeddable":true,"href":"https:\/\/eldigitaldeasturias.com\/radio\/wp-json\/wp\/v2\/comments?post=4548"}],"version-history":[{"count":0,"href":"https:\/\/eldigitaldeasturias.com\/radio\/wp-json\/wp\/v2\/posts\/4548\/revisions"}],"wp:featuredmedia":[{"embeddable":true,"href":"https:\/\/eldigitaldeasturias.com\/radio\/wp-json\/wp\/v2\/media\/4110"}],"wp:attachment":[{"href":"https:\/\/eldigitaldeasturias.com\/radio\/wp-json\/wp\/v2\/media?parent=4548"}],"wp:term":[{"taxonomy":"category","embeddable":true,"href":"https:\/\/eldigitaldeasturias.com\/radio\/wp-json\/wp\/v2\/categories?post=4548"},{"taxonomy":"post_tag","embeddable":true,"href":"https:\/\/eldigitaldeasturias.com\/radio\/wp-json\/wp\/v2\/tags?post=4548"}],"curies":[{"name":"wp","href":"https:\/\/api.w.org\/{rel}","templated":true}]}}