{"id":4538,"date":"2020-06-20T01:35:02","date_gmt":"2020-06-20T01:35:02","guid":{"rendered":"http:\/\/www.eldigitaldeasturias.com\/radio\/?p=4538"},"modified":"2020-06-20T01:35:02","modified_gmt":"2020-06-20T01:35:02","slug":"alemania-planea-contraer-deuda-record-de-218-mil-millones-de-euros","status":"publish","type":"post","link":"https:\/\/eldigitaldeasturias.com\/radio\/alemania-planea-contraer-deuda-record-de-218-mil-millones-de-euros\/","title":{"rendered":"Alemania planea contraer deuda r\u00e9cord de 218 mil millones de euros"},"content":{"rendered":"<p><img fetchpriority=\"high\" decoding=\"async\" class=\"alignleft size-medium wp-image-408\" src=\"http:\/\/www.eldigitaldeasturias.com\/radio\/wp-content\/uploads\/2018\/03\/bundestag-2463231_1280-360x240.jpg\" alt=\"\" width=\"360\" height=\"240\" srcset=\"https:\/\/eldigitaldeasturias.com\/radio\/wp-content\/uploads\/2018\/03\/bundestag-2463231_1280-360x240.jpg 360w, https:\/\/eldigitaldeasturias.com\/radio\/wp-content\/uploads\/2018\/03\/bundestag-2463231_1280-1024x682.jpg 1024w, https:\/\/eldigitaldeasturias.com\/radio\/wp-content\/uploads\/2018\/03\/bundestag-2463231_1280-768x512.jpg 768w, https:\/\/eldigitaldeasturias.com\/radio\/wp-content\/uploads\/2018\/03\/bundestag-2463231_1280.jpg 1280w\" sizes=\"(max-width: 360px) 100vw, 360px\" \/>Berl\u00edn, 15 jun (dpa) &#8211; El Gobierno alem\u00e1n est\u00e1 planeando un segundo presupuesto suplementario de 62.500 millones de euros (cerca de 70.500 millones de d\u00f3lares), seg\u00fan inform\u00f3 hoy en un comunicado el Ministerio de Finanzas.<\/p>\n<p>Su aprobaci\u00f3n, que todav\u00eda debe ser acordada tanto por el propio Gobierno como por el Bundestag, supondr\u00eda que la deuda de Alemania para el a\u00f1o en curso alcance los 218.500 millones de euros, alcanzando as\u00ed un nivel nunca visto hasta ahora.<\/p>\n<p>El Ministerio sostuvo que est\u00e1 previsto que el dinero se utilice para sentar las bases de una recuperaci\u00f3n econ\u00f3mica amplia y sostenible tras la crisis ocasionada por el coronavirus. Asimismo, defendi\u00f3 que el Estado podr\u00eda asumir los costos de dichos pr\u00e9stamos debido al buen desarrollo financiero de los \u00faltimos a\u00f1os.<\/p>\n<p>A principios de a\u00f1o, el Bundesbank anunci\u00f3 que la deuda p\u00fablica alemana se redujo el a\u00f1o pasado en 16.000 millones de euros, lo que implic\u00f3 que la relaci\u00f3n entre la deuda y el producto interno bruto (PIB) cay\u00f3 hasta el 59,8 por ciento.<\/p>\n<p>Esto supuso que la deuda de la mayor econom\u00eda de Europa se situase, por primera vez desde 2002, por debajo de la marca del 60 por ciento, establecida en los conocidos como criterios de Maastricht.<\/p>\n<p>A finales de marzo, el Bundestag aprob\u00f3 un primer presupuesto suplementario de 156.000 millones de euros para financiar varios paquetes de ayuda. A cambio, suspendi\u00f3 temporalmente el l\u00edmite de endeudamiento presupuestario contemplado en la Ley Fundamental, la constituci\u00f3n alemana.<\/p>\n<p>Sin embargo, todav\u00eda son necesarios m\u00e1s pr\u00e9stamos para el paquete de est\u00edmulo econ\u00f3mico del Gobierno, que tiene por objeto impulsar el consumo y la econom\u00eda de nuevo en los pr\u00f3ximos meses. Las medidas previstas tienen un volumen de 130.000 millones de euros, de los cuales 120.000 millones ser\u00e1n aportados por el Estado federal.<\/p>\n<p>Seg\u00fan Scholz, titular del Ministerio de Finanzas, la mayor parte se incluir\u00e1n en el presupuesto de este a\u00f1o, mientras que alrededor de 30 mil millones estar\u00e1n en el pr\u00f3ximo presupuesto federal.<\/p>\n<p>La dimensi\u00f3n de la nueva deuda se hace evidente cuando se compara con la crisis financiera, en la que el Estado proporcion\u00f3 un fuerte apoyo a los bancos nacionales en particular. En ese momento, en 2010, el Gobierno federal asumi\u00f3 44.000 millones de euros de nueva deuda, un r\u00e9cord en ese momento.<\/p>\n<p>Scholz ahora planea pagar la mayor parte de la deuda en 20 a\u00f1os, a partir de 2023. Sin embargo, los economistas consideran que este plan es demasiado ambicioso en un contexto de bajos tipos de inter\u00e9s.<\/p>\n","protected":false},"excerpt":{"rendered":"<p>Berl\u00edn, 15 jun (dpa) &#8211; El Gobierno alem\u00e1n est\u00e1 planeando un segundo presupuesto suplementario de 62.500 millones de euros (cerca de 70.500 millones de d\u00f3lares), seg\u00fan inform\u00f3 hoy en un comunicado el Ministerio de Finanzas. Su aprobaci\u00f3n, que todav\u00eda debe ser acordada tanto por el propio Gobierno como por el Bundestag, supondr\u00eda que la deuda<\/p>\n","protected":false},"author":1,"featured_media":408,"comment_status":"closed","ping_status":"closed","sticky":false,"template":"","format":"standard","meta":{"footnotes":""},"categories":[1],"tags":[],"class_list":{"0":"post-4538","1":"post","2":"type-post","3":"status-publish","4":"format-standard","5":"has-post-thumbnail","7":"category-noticias"},"aioseo_notices":[],"aioseo_head":"\n\t\t<!-- All in One SEO Pro 4.9.6.2 - aioseo.com -->\n\t<meta name=\"description\" content=\"Berl\u00edn, 15 jun (dpa) - El Gobierno alem\u00e1n est\u00e1 planeando un segundo presupuesto suplementario de 62.500 millones de euros (cerca de 70.500 millones de d\u00f3lares), seg\u00fan inform\u00f3 hoy en un comunicado el Ministerio de Finanzas. Su aprobaci\u00f3n, que todav\u00eda debe ser acordada tanto por el propio Gobierno como por el Bundestag, supondr\u00eda que la deuda\" \/>\n\t<meta name=\"robots\" content=\"max-image-preview:large\" \/>\n\t<meta name=\"author\" content=\"NBAsturias\"\/>\n\t<meta name=\"google-site-verification\" content=\"UA-38556648-1\" \/>\n\t<meta name=\"keywords\" content=\"noticias\" \/>\n\t<link rel=\"canonical\" href=\"https:\/\/eldigitaldeasturias.com\/radio\/alemania-planea-contraer-deuda-record-de-218-mil-millones-de-euros\/\" \/>\n\t<meta name=\"generator\" content=\"All in One SEO Pro (AIOSEO) 4.9.6.2\" \/>\n\t\t<meta property=\"og:locale\" content=\"es_ES\" \/>\n\t\t<meta property=\"og:site_name\" content=\"El Digital de Asturias | Diario de informaci\u00f3n y noticias\" \/>\n\t\t<meta property=\"og:type\" content=\"article\" \/>\n\t\t<meta property=\"og:title\" content=\"Alemania planea contraer deuda r\u00e9cord de 218 mil millones de euros | El Digital de Asturias\" \/>\n\t\t<meta property=\"og:description\" content=\"Berl\u00edn, 15 jun (dpa) - El Gobierno alem\u00e1n est\u00e1 planeando un segundo presupuesto suplementario de 62.500 millones de euros (cerca de 70.500 millones de d\u00f3lares), seg\u00fan inform\u00f3 hoy en un comunicado el Ministerio de Finanzas. Su aprobaci\u00f3n, que todav\u00eda debe ser acordada tanto por el propio Gobierno como por el Bundestag, supondr\u00eda que la deuda\" \/>\n\t\t<meta property=\"og:url\" content=\"https:\/\/eldigitaldeasturias.com\/radio\/alemania-planea-contraer-deuda-record-de-218-mil-millones-de-euros\/\" \/>\n\t\t<meta property=\"og:image\" content=\"https:\/\/eldigitaldeasturias.com\/radio\/wp-content\/uploads\/2018\/03\/bundestag-2463231_1280.jpg\" \/>\n\t\t<meta property=\"og:image:secure_url\" content=\"https:\/\/eldigitaldeasturias.com\/radio\/wp-content\/uploads\/2018\/03\/bundestag-2463231_1280.jpg\" \/>\n\t\t<meta property=\"og:image:width\" content=\"1280\" \/>\n\t\t<meta property=\"og:image:height\" content=\"853\" \/>\n\t\t<meta property=\"article:published_time\" content=\"2020-06-20T01:35:02+00:00\" \/>\n\t\t<meta property=\"article:modified_time\" content=\"2020-06-20T01:35:02+00:00\" \/>\n\t\t<meta name=\"twitter:card\" content=\"summary_large_image\" \/>\n\t\t<meta name=\"twitter:site\" content=\"@bercodi\" \/>\n\t\t<meta name=\"twitter:title\" content=\"Alemania planea contraer deuda r\u00e9cord de 218 mil millones de euros | El Digital de Asturias\" \/>\n\t\t<meta name=\"twitter:description\" content=\"Berl\u00edn, 15 jun (dpa) - El Gobierno alem\u00e1n est\u00e1 planeando un segundo presupuesto suplementario de 62.500 millones de euros (cerca de 70.500 millones de d\u00f3lares), seg\u00fan inform\u00f3 hoy en un comunicado el Ministerio de Finanzas. Su aprobaci\u00f3n, que todav\u00eda debe ser acordada tanto por el propio Gobierno como por el Bundestag, supondr\u00eda que la deuda\" \/>\n\t\t<meta name=\"twitter:creator\" content=\"@bercodi\" \/>\n\t\t<meta name=\"twitter:image\" content=\"https:\/\/eldigitaldeasturias.com\/radio\/wp-content\/uploads\/2018\/03\/bundestag-2463231_1280.jpg\" \/>\n\t\t<script type=\"application\/ld+json\" class=\"aioseo-schema\">\n\t\t\t{\"@context\":\"https:\\\/\\\/schema.org\",\"@graph\":[{\"@type\":\"BreadcrumbList\",\"@id\":\"https:\\\/\\\/eldigitaldeasturias.com\\\/radio\\\/alemania-planea-contraer-deuda-record-de-218-mil-millones-de-euros\\\/#breadcrumblist\",\"itemListElement\":[{\"@type\":\"ListItem\",\"@id\":\"https:\\\/\\\/eldigitaldeasturias.com\\\/radio#listItem\",\"position\":1,\"name\":\"Inicio\",\"item\":\"https:\\\/\\\/eldigitaldeasturias.com\\\/radio\",\"nextItem\":{\"@type\":\"ListItem\",\"@id\":\"https:\\\/\\\/eldigitaldeasturias.com\\\/radio\\\/category\\\/noticias\\\/#listItem\",\"name\":\"Noticias\"}},{\"@type\":\"ListItem\",\"@id\":\"https:\\\/\\\/eldigitaldeasturias.com\\\/radio\\\/category\\\/noticias\\\/#listItem\",\"position\":2,\"name\":\"Noticias\",\"item\":\"https:\\\/\\\/eldigitaldeasturias.com\\\/radio\\\/category\\\/noticias\\\/\",\"nextItem\":{\"@type\":\"ListItem\",\"@id\":\"https:\\\/\\\/eldigitaldeasturias.com\\\/radio\\\/alemania-planea-contraer-deuda-record-de-218-mil-millones-de-euros\\\/#listItem\",\"name\":\"Alemania planea contraer deuda r\\u00e9cord de 218 mil millones de euros\"},\"previousItem\":{\"@type\":\"ListItem\",\"@id\":\"https:\\\/\\\/eldigitaldeasturias.com\\\/radio#listItem\",\"name\":\"Inicio\"}},{\"@type\":\"ListItem\",\"@id\":\"https:\\\/\\\/eldigitaldeasturias.com\\\/radio\\\/alemania-planea-contraer-deuda-record-de-218-mil-millones-de-euros\\\/#listItem\",\"position\":3,\"name\":\"Alemania planea contraer deuda r\\u00e9cord de 218 mil millones de euros\",\"previousItem\":{\"@type\":\"ListItem\",\"@id\":\"https:\\\/\\\/eldigitaldeasturias.com\\\/radio\\\/category\\\/noticias\\\/#listItem\",\"name\":\"Noticias\"}}]},{\"@type\":\"NewsArticle\",\"@id\":\"https:\\\/\\\/eldigitaldeasturias.com\\\/radio\\\/alemania-planea-contraer-deuda-record-de-218-mil-millones-de-euros\\\/#newsarticle\",\"name\":\"Alemania planea contraer deuda r\\u00e9cord de 218 mil millones de euros | El Digital de Asturias\",\"headline\":\"Alemania planea contraer deuda r\\u00e9cord de 218 mil millones de euros\",\"author\":{\"@id\":\"https:\\\/\\\/eldigitaldeasturias.com\\\/radio\\\/author\\\/nbasturias\\\/#author\"},\"publisher\":{\"@id\":\"https:\\\/\\\/eldigitaldeasturias.com\\\/radio\\\/#organization\"},\"image\":{\"@type\":\"ImageObject\",\"url\":\"https:\\\/\\\/eldigitaldeasturias.com\\\/radio\\\/wp-content\\\/uploads\\\/2018\\\/03\\\/bundestag-2463231_1280.jpg\",\"width\":1280,\"height\":853},\"datePublished\":\"2020-06-20T01:35:02+02:00\",\"dateModified\":\"2020-06-20T01:35:02+02:00\",\"inLanguage\":\"es-ES\",\"mainEntityOfPage\":{\"@id\":\"https:\\\/\\\/eldigitaldeasturias.com\\\/radio\\\/alemania-planea-contraer-deuda-record-de-218-mil-millones-de-euros\\\/#webpage\"},\"isPartOf\":{\"@id\":\"https:\\\/\\\/eldigitaldeasturias.com\\\/radio\\\/alemania-planea-contraer-deuda-record-de-218-mil-millones-de-euros\\\/#webpage\"},\"articleSection\":\"Noticias\",\"dateline\":\"Publicado el junio 20, 2020.\"},{\"@type\":\"Organization\",\"@id\":\"https:\\\/\\\/eldigitaldeasturias.com\\\/radio\\\/#organization\",\"name\":\"El digital de Asturias Radio\",\"description\":\"Diario de informaci\\u00f3n y noticias\",\"url\":\"https:\\\/\\\/eldigitaldeasturias.com\\\/radio\\\/\",\"telephone\":\"+34652131393\",\"logo\":{\"@type\":\"ImageObject\",\"url\":\"https:\\\/\\\/www.eldigitaldeasturias.com\\\/radio\\\/wp-content\\\/uploads\\\/2021\\\/03\\\/EDA.jpg\",\"@id\":\"https:\\\/\\\/eldigitaldeasturias.com\\\/radio\\\/alemania-planea-contraer-deuda-record-de-218-mil-millones-de-euros\\\/#organizationLogo\"},\"image\":{\"@id\":\"https:\\\/\\\/eldigitaldeasturias.com\\\/radio\\\/alemania-planea-contraer-deuda-record-de-218-mil-millones-de-euros\\\/#organizationLogo\"},\"sameAs\":[\"https:\\\/\\\/www.facebook.com\\\/\",\"https:\\\/\\\/x.com\\\/bercodi\",\"https:\\\/\\\/www.instagram.com\\\/\",\"https:\\\/\\\/www.youtube.com\\\/channel\\\/UCZP-2wLEB9Rv6erhFmqVnvg\"]},{\"@type\":\"Person\",\"@id\":\"https:\\\/\\\/eldigitaldeasturias.com\\\/radio\\\/author\\\/nbasturias\\\/#author\",\"url\":\"https:\\\/\\\/eldigitaldeasturias.com\\\/radio\\\/author\\\/nbasturias\\\/\",\"name\":\"NBAsturias\",\"image\":{\"@type\":\"ImageObject\",\"@id\":\"https:\\\/\\\/eldigitaldeasturias.com\\\/radio\\\/alemania-planea-contraer-deuda-record-de-218-mil-millones-de-euros\\\/#authorImage\",\"url\":\"https:\\\/\\\/secure.gravatar.com\\\/avatar\\\/df2aeffc32bcd13f8d26072ef8a91b623d677766deac7f97ca815868cd41bf5e?s=96&d=mm&r=g\",\"width\":96,\"height\":96,\"caption\":\"NBAsturias\"}},{\"@type\":\"WebPage\",\"@id\":\"https:\\\/\\\/eldigitaldeasturias.com\\\/radio\\\/alemania-planea-contraer-deuda-record-de-218-mil-millones-de-euros\\\/#webpage\",\"url\":\"https:\\\/\\\/eldigitaldeasturias.com\\\/radio\\\/alemania-planea-contraer-deuda-record-de-218-mil-millones-de-euros\\\/\",\"name\":\"Alemania planea contraer deuda r\\u00e9cord de 218 mil millones de euros | El Digital de Asturias\",\"description\":\"Berl\\u00edn, 15 jun (dpa) - El Gobierno alem\\u00e1n est\\u00e1 planeando un segundo presupuesto suplementario de 62.500 millones de euros (cerca de 70.500 millones de d\\u00f3lares), seg\\u00fan inform\\u00f3 hoy en un comunicado el Ministerio de Finanzas. Su aprobaci\\u00f3n, que todav\\u00eda debe ser acordada tanto por el propio Gobierno como por el Bundestag, supondr\\u00eda que la deuda\",\"inLanguage\":\"es-ES\",\"isPartOf\":{\"@id\":\"https:\\\/\\\/eldigitaldeasturias.com\\\/radio\\\/#website\"},\"breadcrumb\":{\"@id\":\"https:\\\/\\\/eldigitaldeasturias.com\\\/radio\\\/alemania-planea-contraer-deuda-record-de-218-mil-millones-de-euros\\\/#breadcrumblist\"},\"author\":{\"@id\":\"https:\\\/\\\/eldigitaldeasturias.com\\\/radio\\\/author\\\/nbasturias\\\/#author\"},\"creator\":{\"@id\":\"https:\\\/\\\/eldigitaldeasturias.com\\\/radio\\\/author\\\/nbasturias\\\/#author\"},\"image\":{\"@type\":\"ImageObject\",\"url\":\"https:\\\/\\\/eldigitaldeasturias.com\\\/radio\\\/wp-content\\\/uploads\\\/2018\\\/03\\\/bundestag-2463231_1280.jpg\",\"@id\":\"https:\\\/\\\/eldigitaldeasturias.com\\\/radio\\\/alemania-planea-contraer-deuda-record-de-218-mil-millones-de-euros\\\/#mainImage\",\"width\":1280,\"height\":853},\"primaryImageOfPage\":{\"@id\":\"https:\\\/\\\/eldigitaldeasturias.com\\\/radio\\\/alemania-planea-contraer-deuda-record-de-218-mil-millones-de-euros\\\/#mainImage\"},\"datePublished\":\"2020-06-20T01:35:02+02:00\",\"dateModified\":\"2020-06-20T01:35:02+02:00\"},{\"@type\":\"WebSite\",\"@id\":\"https:\\\/\\\/eldigitaldeasturias.com\\\/radio\\\/#website\",\"url\":\"https:\\\/\\\/eldigitaldeasturias.com\\\/radio\\\/\",\"name\":\"El Digital de Asturias\",\"description\":\"Diario de informaci\\u00f3n y noticias\",\"inLanguage\":\"es-ES\",\"publisher\":{\"@id\":\"https:\\\/\\\/eldigitaldeasturias.com\\\/radio\\\/#organization\"}}]}\n\t\t<\/script>\n\t\t<!-- All in One SEO Pro -->\r\n\t\t<title>Alemania planea contraer deuda r\u00e9cord de 218 mil millones de euros | El Digital de Asturias<\/title>\n\n","aioseo_head_json":{"title":"Alemania planea contraer deuda r\u00e9cord de 218 mil millones de euros | El Digital de Asturias","description":"Berl\u00edn, 15 jun (dpa) - El Gobierno alem\u00e1n est\u00e1 planeando un segundo presupuesto suplementario de 62.500 millones de euros (cerca de 70.500 millones de d\u00f3lares), seg\u00fan inform\u00f3 hoy en un comunicado el Ministerio de Finanzas. Su aprobaci\u00f3n, que todav\u00eda debe ser acordada tanto por el propio Gobierno como por el Bundestag, supondr\u00eda que la deuda","canonical_url":"https:\/\/eldigitaldeasturias.com\/radio\/alemania-planea-contraer-deuda-record-de-218-mil-millones-de-euros\/","robots":"max-image-preview:large","keywords":"noticias","webmasterTools":{"google-site-verification":"UA-38556648-1","miscellaneous":""},"schema":{"@context":"https:\/\/schema.org","@graph":[{"@type":"BreadcrumbList","@id":"https:\/\/eldigitaldeasturias.com\/radio\/alemania-planea-contraer-deuda-record-de-218-mil-millones-de-euros\/#breadcrumblist","itemListElement":[{"@type":"ListItem","@id":"https:\/\/eldigitaldeasturias.com\/radio#listItem","position":1,"name":"Inicio","item":"https:\/\/eldigitaldeasturias.com\/radio","nextItem":{"@type":"ListItem","@id":"https:\/\/eldigitaldeasturias.com\/radio\/category\/noticias\/#listItem","name":"Noticias"}},{"@type":"ListItem","@id":"https:\/\/eldigitaldeasturias.com\/radio\/category\/noticias\/#listItem","position":2,"name":"Noticias","item":"https:\/\/eldigitaldeasturias.com\/radio\/category\/noticias\/","nextItem":{"@type":"ListItem","@id":"https:\/\/eldigitaldeasturias.com\/radio\/alemania-planea-contraer-deuda-record-de-218-mil-millones-de-euros\/#listItem","name":"Alemania planea contraer deuda r\u00e9cord de 218 mil millones de euros"},"previousItem":{"@type":"ListItem","@id":"https:\/\/eldigitaldeasturias.com\/radio#listItem","name":"Inicio"}},{"@type":"ListItem","@id":"https:\/\/eldigitaldeasturias.com\/radio\/alemania-planea-contraer-deuda-record-de-218-mil-millones-de-euros\/#listItem","position":3,"name":"Alemania planea contraer deuda r\u00e9cord de 218 mil millones de euros","previousItem":{"@type":"ListItem","@id":"https:\/\/eldigitaldeasturias.com\/radio\/category\/noticias\/#listItem","name":"Noticias"}}]},{"@type":"NewsArticle","@id":"https:\/\/eldigitaldeasturias.com\/radio\/alemania-planea-contraer-deuda-record-de-218-mil-millones-de-euros\/#newsarticle","name":"Alemania planea contraer deuda r\u00e9cord de 218 mil millones de euros | El Digital de Asturias","headline":"Alemania planea contraer deuda r\u00e9cord de 218 mil millones de euros","author":{"@id":"https:\/\/eldigitaldeasturias.com\/radio\/author\/nbasturias\/#author"},"publisher":{"@id":"https:\/\/eldigitaldeasturias.com\/radio\/#organization"},"image":{"@type":"ImageObject","url":"https:\/\/eldigitaldeasturias.com\/radio\/wp-content\/uploads\/2018\/03\/bundestag-2463231_1280.jpg","width":1280,"height":853},"datePublished":"2020-06-20T01:35:02+02:00","dateModified":"2020-06-20T01:35:02+02:00","inLanguage":"es-ES","mainEntityOfPage":{"@id":"https:\/\/eldigitaldeasturias.com\/radio\/alemania-planea-contraer-deuda-record-de-218-mil-millones-de-euros\/#webpage"},"isPartOf":{"@id":"https:\/\/eldigitaldeasturias.com\/radio\/alemania-planea-contraer-deuda-record-de-218-mil-millones-de-euros\/#webpage"},"articleSection":"Noticias","dateline":"Publicado el junio 20, 2020."},{"@type":"Organization","@id":"https:\/\/eldigitaldeasturias.com\/radio\/#organization","name":"El digital de Asturias Radio","description":"Diario de informaci\u00f3n y noticias","url":"https:\/\/eldigitaldeasturias.com\/radio\/","telephone":"+34652131393","logo":{"@type":"ImageObject","url":"https:\/\/www.eldigitaldeasturias.com\/radio\/wp-content\/uploads\/2021\/03\/EDA.jpg","@id":"https:\/\/eldigitaldeasturias.com\/radio\/alemania-planea-contraer-deuda-record-de-218-mil-millones-de-euros\/#organizationLogo"},"image":{"@id":"https:\/\/eldigitaldeasturias.com\/radio\/alemania-planea-contraer-deuda-record-de-218-mil-millones-de-euros\/#organizationLogo"},"sameAs":["https:\/\/www.facebook.com\/","https:\/\/x.com\/bercodi","https:\/\/www.instagram.com\/","https:\/\/www.youtube.com\/channel\/UCZP-2wLEB9Rv6erhFmqVnvg"]},{"@type":"Person","@id":"https:\/\/eldigitaldeasturias.com\/radio\/author\/nbasturias\/#author","url":"https:\/\/eldigitaldeasturias.com\/radio\/author\/nbasturias\/","name":"NBAsturias","image":{"@type":"ImageObject","@id":"https:\/\/eldigitaldeasturias.com\/radio\/alemania-planea-contraer-deuda-record-de-218-mil-millones-de-euros\/#authorImage","url":"https:\/\/secure.gravatar.com\/avatar\/df2aeffc32bcd13f8d26072ef8a91b623d677766deac7f97ca815868cd41bf5e?s=96&d=mm&r=g","width":96,"height":96,"caption":"NBAsturias"}},{"@type":"WebPage","@id":"https:\/\/eldigitaldeasturias.com\/radio\/alemania-planea-contraer-deuda-record-de-218-mil-millones-de-euros\/#webpage","url":"https:\/\/eldigitaldeasturias.com\/radio\/alemania-planea-contraer-deuda-record-de-218-mil-millones-de-euros\/","name":"Alemania planea contraer deuda r\u00e9cord de 218 mil millones de euros | El Digital de Asturias","description":"Berl\u00edn, 15 jun (dpa) - El Gobierno alem\u00e1n est\u00e1 planeando un segundo presupuesto suplementario de 62.500 millones de euros (cerca de 70.500 millones de d\u00f3lares), seg\u00fan inform\u00f3 hoy en un comunicado el Ministerio de Finanzas. Su aprobaci\u00f3n, que todav\u00eda debe ser acordada tanto por el propio Gobierno como por el Bundestag, supondr\u00eda que la deuda","inLanguage":"es-ES","isPartOf":{"@id":"https:\/\/eldigitaldeasturias.com\/radio\/#website"},"breadcrumb":{"@id":"https:\/\/eldigitaldeasturias.com\/radio\/alemania-planea-contraer-deuda-record-de-218-mil-millones-de-euros\/#breadcrumblist"},"author":{"@id":"https:\/\/eldigitaldeasturias.com\/radio\/author\/nbasturias\/#author"},"creator":{"@id":"https:\/\/eldigitaldeasturias.com\/radio\/author\/nbasturias\/#author"},"image":{"@type":"ImageObject","url":"https:\/\/eldigitaldeasturias.com\/radio\/wp-content\/uploads\/2018\/03\/bundestag-2463231_1280.jpg","@id":"https:\/\/eldigitaldeasturias.com\/radio\/alemania-planea-contraer-deuda-record-de-218-mil-millones-de-euros\/#mainImage","width":1280,"height":853},"primaryImageOfPage":{"@id":"https:\/\/eldigitaldeasturias.com\/radio\/alemania-planea-contraer-deuda-record-de-218-mil-millones-de-euros\/#mainImage"},"datePublished":"2020-06-20T01:35:02+02:00","dateModified":"2020-06-20T01:35:02+02:00"},{"@type":"WebSite","@id":"https:\/\/eldigitaldeasturias.com\/radio\/#website","url":"https:\/\/eldigitaldeasturias.com\/radio\/","name":"El Digital de Asturias","description":"Diario de informaci\u00f3n y noticias","inLanguage":"es-ES","publisher":{"@id":"https:\/\/eldigitaldeasturias.com\/radio\/#organization"}}]},"og:locale":"es_ES","og:site_name":"El Digital de Asturias | Diario de informaci\u00f3n y noticias","og:type":"article","og:title":"Alemania planea contraer deuda r\u00e9cord de 218 mil millones de euros | El Digital de Asturias","og:description":"Berl\u00edn, 15 jun (dpa) - El Gobierno alem\u00e1n est\u00e1 planeando un segundo presupuesto suplementario de 62.500 millones de euros (cerca de 70.500 millones de d\u00f3lares), seg\u00fan inform\u00f3 hoy en un comunicado el Ministerio de Finanzas. Su aprobaci\u00f3n, que todav\u00eda debe ser acordada tanto por el propio Gobierno como por el Bundestag, supondr\u00eda que la deuda","og:url":"https:\/\/eldigitaldeasturias.com\/radio\/alemania-planea-contraer-deuda-record-de-218-mil-millones-de-euros\/","og:image":"https:\/\/eldigitaldeasturias.com\/radio\/wp-content\/uploads\/2018\/03\/bundestag-2463231_1280.jpg","og:image:secure_url":"https:\/\/eldigitaldeasturias.com\/radio\/wp-content\/uploads\/2018\/03\/bundestag-2463231_1280.jpg","og:image:width":1280,"og:image:height":853,"article:published_time":"2020-06-20T01:35:02+00:00","article:modified_time":"2020-06-20T01:35:02+00:00","twitter:card":"summary_large_image","twitter:site":"@bercodi","twitter:title":"Alemania planea contraer deuda r\u00e9cord de 218 mil millones de euros | El Digital de Asturias","twitter:description":"Berl\u00edn, 15 jun (dpa) - El Gobierno alem\u00e1n est\u00e1 planeando un segundo presupuesto suplementario de 62.500 millones de euros (cerca de 70.500 millones de d\u00f3lares), seg\u00fan inform\u00f3 hoy en un comunicado el Ministerio de Finanzas. Su aprobaci\u00f3n, que todav\u00eda debe ser acordada tanto por el propio Gobierno como por el Bundestag, supondr\u00eda que la deuda","twitter:creator":"@bercodi","twitter:image":"https:\/\/eldigitaldeasturias.com\/radio\/wp-content\/uploads\/2018\/03\/bundestag-2463231_1280.jpg"},"aioseo_meta_data":{"post_id":"4538","title":null,"description":null,"keywords":null,"keyphrases":null,"primary_term":null,"canonical_url":null,"og_title":null,"og_description":null,"og_object_type":"default","og_image_type":"default","og_image_url":null,"og_image_width":null,"og_image_height":null,"og_image_custom_url":null,"og_image_custom_fields":null,"og_video":null,"og_custom_url":null,"og_article_section":null,"og_article_tags":null,"twitter_use_og":false,"twitter_card":"default","twitter_image_type":"default","twitter_image_url":null,"twitter_image_custom_url":null,"twitter_image_custom_fields":null,"twitter_title":null,"twitter_description":null,"schema":{"blockGraphs":[],"customGraphs":[],"default":{"data":{"Article":[],"Course":[],"Dataset":[],"FAQPage":[],"Movie":[],"Person":[],"Product":[],"ProductReview":[],"Car":[],"Recipe":[],"Service":[],"SoftwareApplication":[],"WebPage":[]},"graphName":"","isEnabled":true},"graphs":[],"defaultGraph":"","defaultPostTypeGraph":""},"schema_type":null,"schema_type_options":null,"pillar_content":false,"robots_default":true,"robots_noindex":false,"robots_noarchive":false,"robots_nosnippet":false,"robots_nofollow":false,"robots_noimageindex":false,"robots_noodp":false,"robots_notranslate":false,"robots_max_snippet":null,"robots_max_videopreview":null,"robots_max_imagepreview":"large","priority":null,"frequency":null,"location":null,"local_seo":null,"seo_analyzer_scan_date":"2025-08-28 16:14:24","breadcrumb_settings":null,"limit_modified_date":false,"open_ai":null,"ai":null,"created":"2021-03-28 07:37:51","updated":"2025-08-28 16:14:24"},"aioseo_breadcrumb":"<div class=\"aioseo-breadcrumbs\"><span class=\"aioseo-breadcrumb\">\n\t<a href=\"https:\/\/eldigitaldeasturias.com\/radio\" title=\"Inicio\">Inicio<\/a>\n<\/span><span class=\"aioseo-breadcrumb-separator\">&ndash;<\/span><span class=\"aioseo-breadcrumb\">\n\t<a href=\"https:\/\/eldigitaldeasturias.com\/radio\/category\/noticias\/\" title=\"Noticias\">Noticias<\/a>\n<\/span><span class=\"aioseo-breadcrumb-separator\">&ndash;<\/span><span class=\"aioseo-breadcrumb\">\n\tAlemania planea contraer deuda r\u00e9cord de 218 mil millones de euros\n<\/span><\/div>","aioseo_breadcrumb_json":[{"label":"Inicio","link":"https:\/\/eldigitaldeasturias.com\/radio"},{"label":"Noticias","link":"https:\/\/eldigitaldeasturias.com\/radio\/category\/noticias\/"},{"label":"Alemania planea contraer deuda r\u00e9cord de 218 mil millones de euros","link":"https:\/\/eldigitaldeasturias.com\/radio\/alemania-planea-contraer-deuda-record-de-218-mil-millones-de-euros\/"}],"_links":{"self":[{"href":"https:\/\/eldigitaldeasturias.com\/radio\/wp-json\/wp\/v2\/posts\/4538","targetHints":{"allow":["GET"]}}],"collection":[{"href":"https:\/\/eldigitaldeasturias.com\/radio\/wp-json\/wp\/v2\/posts"}],"about":[{"href":"https:\/\/eldigitaldeasturias.com\/radio\/wp-json\/wp\/v2\/types\/post"}],"author":[{"embeddable":true,"href":"https:\/\/eldigitaldeasturias.com\/radio\/wp-json\/wp\/v2\/users\/1"}],"replies":[{"embeddable":true,"href":"https:\/\/eldigitaldeasturias.com\/radio\/wp-json\/wp\/v2\/comments?post=4538"}],"version-history":[{"count":0,"href":"https:\/\/eldigitaldeasturias.com\/radio\/wp-json\/wp\/v2\/posts\/4538\/revisions"}],"wp:featuredmedia":[{"embeddable":true,"href":"https:\/\/eldigitaldeasturias.com\/radio\/wp-json\/wp\/v2\/media\/408"}],"wp:attachment":[{"href":"https:\/\/eldigitaldeasturias.com\/radio\/wp-json\/wp\/v2\/media?parent=4538"}],"wp:term":[{"taxonomy":"category","embeddable":true,"href":"https:\/\/eldigitaldeasturias.com\/radio\/wp-json\/wp\/v2\/categories?post=4538"},{"taxonomy":"post_tag","embeddable":true,"href":"https:\/\/eldigitaldeasturias.com\/radio\/wp-json\/wp\/v2\/tags?post=4538"}],"curies":[{"name":"wp","href":"https:\/\/api.w.org\/{rel}","templated":true}]}}