{"id":4521,"date":"2020-06-20T01:04:36","date_gmt":"2020-06-20T01:04:36","guid":{"rendered":"http:\/\/www.eldigitaldeasturias.com\/radio\/?p=4521"},"modified":"2020-06-20T01:04:36","modified_gmt":"2020-06-20T01:04:36","slug":"asociacion-alemana-oferta-de-transporte-aereo-crece-lentamente","status":"publish","type":"post","link":"https:\/\/eldigitaldeasturias.com\/radio\/asociacion-alemana-oferta-de-transporte-aereo-crece-lentamente\/","title":{"rendered":"Asociaci\u00f3n alemana: Oferta de transporte a\u00e9reo crece lentamente"},"content":{"rendered":"<p><img fetchpriority=\"high\" decoding=\"async\" class=\"alignleft size-medium wp-image-65\" src=\"http:\/\/www.eldigitaldeasturias.com\/radio\/wp-content\/uploads\/2018\/03\/airport-1822133_1280-360x247.jpg\" alt=\"\" width=\"360\" height=\"247\" srcset=\"https:\/\/eldigitaldeasturias.com\/radio\/wp-content\/uploads\/2018\/03\/airport-1822133_1280-360x247.jpg 360w, https:\/\/eldigitaldeasturias.com\/radio\/wp-content\/uploads\/2018\/03\/airport-1822133_1280-1024x702.jpg 1024w, https:\/\/eldigitaldeasturias.com\/radio\/wp-content\/uploads\/2018\/03\/airport-1822133_1280-768x527.jpg 768w, https:\/\/eldigitaldeasturias.com\/radio\/wp-content\/uploads\/2018\/03\/airport-1822133_1280.jpg 1280w\" sizes=\"(max-width: 360px) 100vw, 360px\" \/>Berl\u00edn, 13 jun (dpa) \u2013 La Asociaci\u00f3n Alemana de Transporte A\u00e9reo estima que las reservas de vuelos aumentar\u00e1n lentamente tras la fuerte ca\u00edda debido a la pandemia de coronavirus, seg\u00fan indic\u00f3 a dpa Matthias von Randow, director ejecutivo de la entidad.<\/p>\n<p>Los viajeros todav\u00eda se enfrentan a una oferta de vuelos limitada, a\u00fan despu\u00e9s de la eliminaci\u00f3n de restricciones de entrada a muchos pa\u00edses.<\/p>\n<p>Durante el mes de junio, la oferta de asientos que ofrecen las aerol\u00edneas se sit\u00faa entre el 14 y el 15 por ciento de su capacidad habitual. \u00abEsta es una oferta audaz por parte de las empresas y esperamos que las reservas aumenten proporcionalmente\u00bb, se\u00f1al\u00f3 von Randow.<\/p>\n<p>A\u00f1adi\u00f3 que la demanda solo volver\u00e1 a crecer de forma gradual. Por este motivo, las alertas de viaje para pa\u00edses no pertenecientes a la Uni\u00f3n Europea deber\u00edan ser retiradas.<\/p>\n<p>El tr\u00e1fico a\u00e9reo regular casi se paraliz\u00f3 debido a la pandemia del coronavirus a finales de marzo. El lunes se retirar\u00e1n las alertas de viaje del Gobierno alem\u00e1n para todos los pa\u00edses de la Uni\u00f3n Europea, excepto Espa\u00f1a y Suecia, as\u00ed como para Gran Breta\u00f1a, Islandia y Suiza.<\/p>\n<p>Por el momento, estas alertas siguen vigentes para m\u00e1s de 160 pa\u00edses. Sin embargo, se trata de recomendaciones, no de prohibiciones.<\/p>\n<p>El sector a\u00e9reo rechaza las acusaciones de que existe un alto riesgo de propagaci\u00f3n del coronavirus en los aviones, debido al uso de los llamados filtros Hepa en los sistemas de aire acondicionado de las aeronaves.<\/p>\n<p>\u00abFiltran el 99,97 por ciento de las part\u00edculas en suspensi\u00f3n y son est\u00e1ndar en todos los aviones\u00bb, explic\u00f3 Volker Thum, director ejecutivo de la Asociaci\u00f3n de la Industria Aeroespacial Alemana. \u00abLos virus no son nada nuevo, y el coronavirus es del mismo tama\u00f1o que los dem\u00e1s\u00bb, enfatiz\u00f3.<\/p>\n<p>Thum explic\u00f3 que cada dos o tres minutos se renueva el aire de la cabina siguiendo las instrucciones del fabricante y que el aire filtrado es mezclado con aire fresco. \u00abSe insufla desde arriba y se extrae desde abajo. El flujo de aire vertical act\u00faa como una pared protectora\u00bb, prosigui\u00f3 Thum.<\/p>\n<p>Sin embargo, observ\u00f3 que los pasajeros deber\u00edan mostrar cierta responsabilidad, tendr\u00edan que llevar mascarilla y mantener las salidas de aire siempre abiertas. \u00abLo m\u00e1s importante es la disciplina y ser concientes\u00bb, a\u00f1adi\u00f3 Thum.<\/p>\n<p>Las aerol\u00edneas se niegan a dejar de vender plazas para ampliar la distancia entre los pasajeros, como pasar\u00eda si se dejase libre el asiento central en las filas de tres. Tampoco creen que deber\u00eda haber cortinas divisorias o paneles de plexigl\u00e1s.<\/p>\n<p>\u00abLa interacci\u00f3n entre la circulaci\u00f3n de aire, los filtros Hepa y las m\u00e1scaras obligatorias es clave\u00bb, dijo Von Randow.<\/p>\n<p>Opin\u00f3 que la combinaci\u00f3n de estas medidas convertir\u00eda a los aviones en el medio de transporte con menor riesgo de propagaci\u00f3n de la infecci\u00f3n. Sin embargo, no se puede descartar completamente la transmisi\u00f3n.<\/p>\n<p>La Agencia Europea de Seguridad A\u00e9rea (EASA) recomienda que se mantenga una distancia m\u00ednima entre personas de un metro y medio.<\/p>\n<p>Sin embargo, si debido al n\u00famero de pasajeros que viajan en un avi\u00f3n no es posible mantener esa distancia, se deben observar otras normas de protecci\u00f3n.<\/p>\n<p>\u00c9stas son b\u00e1sicamente tres: uso de mascarilla, mantener una estricta higiene de manos y cubrir la boca con el interior del codo durante los accesos de tos y estornudos, aunque se utilice mascarilla.<\/p>\n","protected":false},"excerpt":{"rendered":"<p>Berl\u00edn, 13 jun (dpa) \u2013 La Asociaci\u00f3n Alemana de Transporte A\u00e9reo estima que las reservas de vuelos aumentar\u00e1n lentamente tras la fuerte ca\u00edda debido a la pandemia de coronavirus, seg\u00fan indic\u00f3 a dpa Matthias von Randow, director ejecutivo de la entidad. Los viajeros todav\u00eda se enfrentan a una oferta de vuelos limitada, a\u00fan despu\u00e9s de<\/p>\n","protected":false},"author":1,"featured_media":65,"comment_status":"closed","ping_status":"closed","sticky":false,"template":"","format":"standard","meta":{"footnotes":""},"categories":[35],"tags":[],"class_list":{"0":"post-4521","1":"post","2":"type-post","3":"status-publish","4":"format-standard","5":"has-post-thumbnail","7":"category-negocios"},"aioseo_notices":[],"aioseo_head":"\n\t\t<!-- All in One SEO Pro 4.9.6.2 - aioseo.com -->\n\t<meta name=\"description\" content=\"Berl\u00edn, 13 jun (dpa) \u2013 La Asociaci\u00f3n Alemana de Transporte A\u00e9reo estima que las reservas de vuelos aumentar\u00e1n lentamente tras la fuerte ca\u00edda debido a la pandemia de coronavirus, seg\u00fan indic\u00f3 a dpa Matthias von Randow, director ejecutivo de la entidad. Los viajeros todav\u00eda se enfrentan a una oferta de vuelos limitada, a\u00fan despu\u00e9s de\" \/>\n\t<meta name=\"robots\" content=\"max-image-preview:large\" \/>\n\t<meta name=\"author\" content=\"NBAsturias\"\/>\n\t<meta name=\"google-site-verification\" content=\"UA-38556648-1\" \/>\n\t<meta name=\"keywords\" content=\"negocios\" \/>\n\t<link rel=\"canonical\" href=\"https:\/\/eldigitaldeasturias.com\/radio\/asociacion-alemana-oferta-de-transporte-aereo-crece-lentamente\/\" \/>\n\t<meta name=\"generator\" content=\"All in One SEO Pro (AIOSEO) 4.9.6.2\" \/>\n\t\t<meta property=\"og:locale\" content=\"es_ES\" \/>\n\t\t<meta property=\"og:site_name\" content=\"El Digital de Asturias | Diario de informaci\u00f3n y noticias\" \/>\n\t\t<meta property=\"og:type\" content=\"article\" \/>\n\t\t<meta property=\"og:title\" content=\"Asociaci\u00f3n alemana: Oferta de transporte a\u00e9reo crece lentamente | El Digital de Asturias\" \/>\n\t\t<meta property=\"og:description\" content=\"Berl\u00edn, 13 jun (dpa) \u2013 La Asociaci\u00f3n Alemana de Transporte A\u00e9reo estima que las reservas de vuelos aumentar\u00e1n lentamente tras la fuerte ca\u00edda debido a la pandemia de coronavirus, seg\u00fan indic\u00f3 a dpa Matthias von Randow, director ejecutivo de la entidad. Los viajeros todav\u00eda se enfrentan a una oferta de vuelos limitada, a\u00fan despu\u00e9s de\" \/>\n\t\t<meta property=\"og:url\" content=\"https:\/\/eldigitaldeasturias.com\/radio\/asociacion-alemana-oferta-de-transporte-aereo-crece-lentamente\/\" \/>\n\t\t<meta property=\"og:image\" content=\"https:\/\/eldigitaldeasturias.com\/radio\/wp-content\/uploads\/2018\/03\/airport-1822133_1280.jpg\" \/>\n\t\t<meta property=\"og:image:secure_url\" content=\"https:\/\/eldigitaldeasturias.com\/radio\/wp-content\/uploads\/2018\/03\/airport-1822133_1280.jpg\" \/>\n\t\t<meta property=\"og:image:width\" content=\"1280\" \/>\n\t\t<meta property=\"og:image:height\" content=\"878\" \/>\n\t\t<meta property=\"article:published_time\" content=\"2020-06-20T01:04:36+00:00\" \/>\n\t\t<meta property=\"article:modified_time\" content=\"2020-06-20T01:04:36+00:00\" \/>\n\t\t<meta name=\"twitter:card\" content=\"summary_large_image\" \/>\n\t\t<meta name=\"twitter:site\" content=\"@bercodi\" \/>\n\t\t<meta name=\"twitter:title\" content=\"Asociaci\u00f3n alemana: Oferta de transporte a\u00e9reo crece lentamente | El Digital de Asturias\" \/>\n\t\t<meta name=\"twitter:description\" content=\"Berl\u00edn, 13 jun (dpa) \u2013 La Asociaci\u00f3n Alemana de Transporte A\u00e9reo estima que las reservas de vuelos aumentar\u00e1n lentamente tras la fuerte ca\u00edda debido a la pandemia de coronavirus, seg\u00fan indic\u00f3 a dpa Matthias von Randow, director ejecutivo de la entidad. Los viajeros todav\u00eda se enfrentan a una oferta de vuelos limitada, a\u00fan despu\u00e9s de\" \/>\n\t\t<meta name=\"twitter:creator\" content=\"@bercodi\" \/>\n\t\t<meta name=\"twitter:image\" content=\"https:\/\/eldigitaldeasturias.com\/radio\/wp-content\/uploads\/2018\/03\/airport-1822133_1280.jpg\" \/>\n\t\t<script type=\"application\/ld+json\" class=\"aioseo-schema\">\n\t\t\t{\"@context\":\"https:\\\/\\\/schema.org\",\"@graph\":[{\"@type\":\"BreadcrumbList\",\"@id\":\"https:\\\/\\\/eldigitaldeasturias.com\\\/radio\\\/asociacion-alemana-oferta-de-transporte-aereo-crece-lentamente\\\/#breadcrumblist\",\"itemListElement\":[{\"@type\":\"ListItem\",\"@id\":\"https:\\\/\\\/eldigitaldeasturias.com\\\/radio#listItem\",\"position\":1,\"name\":\"Inicio\",\"item\":\"https:\\\/\\\/eldigitaldeasturias.com\\\/radio\",\"nextItem\":{\"@type\":\"ListItem\",\"@id\":\"https:\\\/\\\/eldigitaldeasturias.com\\\/radio\\\/category\\\/negocios\\\/#listItem\",\"name\":\"Negocios\"}},{\"@type\":\"ListItem\",\"@id\":\"https:\\\/\\\/eldigitaldeasturias.com\\\/radio\\\/category\\\/negocios\\\/#listItem\",\"position\":2,\"name\":\"Negocios\",\"item\":\"https:\\\/\\\/eldigitaldeasturias.com\\\/radio\\\/category\\\/negocios\\\/\",\"nextItem\":{\"@type\":\"ListItem\",\"@id\":\"https:\\\/\\\/eldigitaldeasturias.com\\\/radio\\\/asociacion-alemana-oferta-de-transporte-aereo-crece-lentamente\\\/#listItem\",\"name\":\"Asociaci\\u00f3n alemana: Oferta de transporte a\\u00e9reo crece lentamente\"},\"previousItem\":{\"@type\":\"ListItem\",\"@id\":\"https:\\\/\\\/eldigitaldeasturias.com\\\/radio#listItem\",\"name\":\"Inicio\"}},{\"@type\":\"ListItem\",\"@id\":\"https:\\\/\\\/eldigitaldeasturias.com\\\/radio\\\/asociacion-alemana-oferta-de-transporte-aereo-crece-lentamente\\\/#listItem\",\"position\":3,\"name\":\"Asociaci\\u00f3n alemana: Oferta de transporte a\\u00e9reo crece lentamente\",\"previousItem\":{\"@type\":\"ListItem\",\"@id\":\"https:\\\/\\\/eldigitaldeasturias.com\\\/radio\\\/category\\\/negocios\\\/#listItem\",\"name\":\"Negocios\"}}]},{\"@type\":\"NewsArticle\",\"@id\":\"https:\\\/\\\/eldigitaldeasturias.com\\\/radio\\\/asociacion-alemana-oferta-de-transporte-aereo-crece-lentamente\\\/#newsarticle\",\"name\":\"Asociaci\\u00f3n alemana: Oferta de transporte a\\u00e9reo crece lentamente | El Digital de Asturias\",\"headline\":\"Asociaci\\u00f3n alemana: Oferta de transporte a\\u00e9reo crece lentamente\",\"author\":{\"@id\":\"https:\\\/\\\/eldigitaldeasturias.com\\\/radio\\\/author\\\/nbasturias\\\/#author\"},\"publisher\":{\"@id\":\"https:\\\/\\\/eldigitaldeasturias.com\\\/radio\\\/#organization\"},\"image\":{\"@type\":\"ImageObject\",\"url\":\"https:\\\/\\\/eldigitaldeasturias.com\\\/radio\\\/wp-content\\\/uploads\\\/2018\\\/03\\\/airport-1822133_1280.jpg\",\"width\":1280,\"height\":878},\"datePublished\":\"2020-06-20T01:04:36+02:00\",\"dateModified\":\"2020-06-20T01:04:36+02:00\",\"inLanguage\":\"es-ES\",\"mainEntityOfPage\":{\"@id\":\"https:\\\/\\\/eldigitaldeasturias.com\\\/radio\\\/asociacion-alemana-oferta-de-transporte-aereo-crece-lentamente\\\/#webpage\"},\"isPartOf\":{\"@id\":\"https:\\\/\\\/eldigitaldeasturias.com\\\/radio\\\/asociacion-alemana-oferta-de-transporte-aereo-crece-lentamente\\\/#webpage\"},\"articleSection\":\"Negocios\",\"dateline\":\"Publicado el junio 20, 2020.\"},{\"@type\":\"Organization\",\"@id\":\"https:\\\/\\\/eldigitaldeasturias.com\\\/radio\\\/#organization\",\"name\":\"El digital de Asturias Radio\",\"description\":\"Diario de informaci\\u00f3n y noticias\",\"url\":\"https:\\\/\\\/eldigitaldeasturias.com\\\/radio\\\/\",\"telephone\":\"+34652131393\",\"logo\":{\"@type\":\"ImageObject\",\"url\":\"https:\\\/\\\/www.eldigitaldeasturias.com\\\/radio\\\/wp-content\\\/uploads\\\/2021\\\/03\\\/EDA.jpg\",\"@id\":\"https:\\\/\\\/eldigitaldeasturias.com\\\/radio\\\/asociacion-alemana-oferta-de-transporte-aereo-crece-lentamente\\\/#organizationLogo\"},\"image\":{\"@id\":\"https:\\\/\\\/eldigitaldeasturias.com\\\/radio\\\/asociacion-alemana-oferta-de-transporte-aereo-crece-lentamente\\\/#organizationLogo\"},\"sameAs\":[\"https:\\\/\\\/www.facebook.com\\\/\",\"https:\\\/\\\/x.com\\\/bercodi\",\"https:\\\/\\\/www.instagram.com\\\/\",\"https:\\\/\\\/www.youtube.com\\\/channel\\\/UCZP-2wLEB9Rv6erhFmqVnvg\"]},{\"@type\":\"Person\",\"@id\":\"https:\\\/\\\/eldigitaldeasturias.com\\\/radio\\\/author\\\/nbasturias\\\/#author\",\"url\":\"https:\\\/\\\/eldigitaldeasturias.com\\\/radio\\\/author\\\/nbasturias\\\/\",\"name\":\"NBAsturias\",\"image\":{\"@type\":\"ImageObject\",\"@id\":\"https:\\\/\\\/eldigitaldeasturias.com\\\/radio\\\/asociacion-alemana-oferta-de-transporte-aereo-crece-lentamente\\\/#authorImage\",\"url\":\"https:\\\/\\\/secure.gravatar.com\\\/avatar\\\/df2aeffc32bcd13f8d26072ef8a91b623d677766deac7f97ca815868cd41bf5e?s=96&d=mm&r=g\",\"width\":96,\"height\":96,\"caption\":\"NBAsturias\"}},{\"@type\":\"WebPage\",\"@id\":\"https:\\\/\\\/eldigitaldeasturias.com\\\/radio\\\/asociacion-alemana-oferta-de-transporte-aereo-crece-lentamente\\\/#webpage\",\"url\":\"https:\\\/\\\/eldigitaldeasturias.com\\\/radio\\\/asociacion-alemana-oferta-de-transporte-aereo-crece-lentamente\\\/\",\"name\":\"Asociaci\\u00f3n alemana: Oferta de transporte a\\u00e9reo crece lentamente | El Digital de Asturias\",\"description\":\"Berl\\u00edn, 13 jun (dpa) \\u2013 La Asociaci\\u00f3n Alemana de Transporte A\\u00e9reo estima que las reservas de vuelos aumentar\\u00e1n lentamente tras la fuerte ca\\u00edda debido a la pandemia de coronavirus, seg\\u00fan indic\\u00f3 a dpa Matthias von Randow, director ejecutivo de la entidad. Los viajeros todav\\u00eda se enfrentan a una oferta de vuelos limitada, a\\u00fan despu\\u00e9s de\",\"inLanguage\":\"es-ES\",\"isPartOf\":{\"@id\":\"https:\\\/\\\/eldigitaldeasturias.com\\\/radio\\\/#website\"},\"breadcrumb\":{\"@id\":\"https:\\\/\\\/eldigitaldeasturias.com\\\/radio\\\/asociacion-alemana-oferta-de-transporte-aereo-crece-lentamente\\\/#breadcrumblist\"},\"author\":{\"@id\":\"https:\\\/\\\/eldigitaldeasturias.com\\\/radio\\\/author\\\/nbasturias\\\/#author\"},\"creator\":{\"@id\":\"https:\\\/\\\/eldigitaldeasturias.com\\\/radio\\\/author\\\/nbasturias\\\/#author\"},\"image\":{\"@type\":\"ImageObject\",\"url\":\"https:\\\/\\\/eldigitaldeasturias.com\\\/radio\\\/wp-content\\\/uploads\\\/2018\\\/03\\\/airport-1822133_1280.jpg\",\"@id\":\"https:\\\/\\\/eldigitaldeasturias.com\\\/radio\\\/asociacion-alemana-oferta-de-transporte-aereo-crece-lentamente\\\/#mainImage\",\"width\":1280,\"height\":878},\"primaryImageOfPage\":{\"@id\":\"https:\\\/\\\/eldigitaldeasturias.com\\\/radio\\\/asociacion-alemana-oferta-de-transporte-aereo-crece-lentamente\\\/#mainImage\"},\"datePublished\":\"2020-06-20T01:04:36+02:00\",\"dateModified\":\"2020-06-20T01:04:36+02:00\"},{\"@type\":\"WebSite\",\"@id\":\"https:\\\/\\\/eldigitaldeasturias.com\\\/radio\\\/#website\",\"url\":\"https:\\\/\\\/eldigitaldeasturias.com\\\/radio\\\/\",\"name\":\"El Digital de Asturias\",\"description\":\"Diario de informaci\\u00f3n y noticias\",\"inLanguage\":\"es-ES\",\"publisher\":{\"@id\":\"https:\\\/\\\/eldigitaldeasturias.com\\\/radio\\\/#organization\"}}]}\n\t\t<\/script>\n\t\t<!-- All in One SEO Pro -->\r\n\t\t<title>Asociaci\u00f3n alemana: Oferta de transporte a\u00e9reo crece lentamente | El Digital de Asturias<\/title>\n\n","aioseo_head_json":{"title":"Asociaci\u00f3n alemana: Oferta de transporte a\u00e9reo crece lentamente | El Digital de Asturias","description":"Berl\u00edn, 13 jun (dpa) \u2013 La Asociaci\u00f3n Alemana de Transporte A\u00e9reo estima que las reservas de vuelos aumentar\u00e1n lentamente tras la fuerte ca\u00edda debido a la pandemia de coronavirus, seg\u00fan indic\u00f3 a dpa Matthias von Randow, director ejecutivo de la entidad. Los viajeros todav\u00eda se enfrentan a una oferta de vuelos limitada, a\u00fan despu\u00e9s de","canonical_url":"https:\/\/eldigitaldeasturias.com\/radio\/asociacion-alemana-oferta-de-transporte-aereo-crece-lentamente\/","robots":"max-image-preview:large","keywords":"negocios","webmasterTools":{"google-site-verification":"UA-38556648-1","miscellaneous":""},"schema":{"@context":"https:\/\/schema.org","@graph":[{"@type":"BreadcrumbList","@id":"https:\/\/eldigitaldeasturias.com\/radio\/asociacion-alemana-oferta-de-transporte-aereo-crece-lentamente\/#breadcrumblist","itemListElement":[{"@type":"ListItem","@id":"https:\/\/eldigitaldeasturias.com\/radio#listItem","position":1,"name":"Inicio","item":"https:\/\/eldigitaldeasturias.com\/radio","nextItem":{"@type":"ListItem","@id":"https:\/\/eldigitaldeasturias.com\/radio\/category\/negocios\/#listItem","name":"Negocios"}},{"@type":"ListItem","@id":"https:\/\/eldigitaldeasturias.com\/radio\/category\/negocios\/#listItem","position":2,"name":"Negocios","item":"https:\/\/eldigitaldeasturias.com\/radio\/category\/negocios\/","nextItem":{"@type":"ListItem","@id":"https:\/\/eldigitaldeasturias.com\/radio\/asociacion-alemana-oferta-de-transporte-aereo-crece-lentamente\/#listItem","name":"Asociaci\u00f3n alemana: Oferta de transporte a\u00e9reo crece lentamente"},"previousItem":{"@type":"ListItem","@id":"https:\/\/eldigitaldeasturias.com\/radio#listItem","name":"Inicio"}},{"@type":"ListItem","@id":"https:\/\/eldigitaldeasturias.com\/radio\/asociacion-alemana-oferta-de-transporte-aereo-crece-lentamente\/#listItem","position":3,"name":"Asociaci\u00f3n alemana: Oferta de transporte a\u00e9reo crece lentamente","previousItem":{"@type":"ListItem","@id":"https:\/\/eldigitaldeasturias.com\/radio\/category\/negocios\/#listItem","name":"Negocios"}}]},{"@type":"NewsArticle","@id":"https:\/\/eldigitaldeasturias.com\/radio\/asociacion-alemana-oferta-de-transporte-aereo-crece-lentamente\/#newsarticle","name":"Asociaci\u00f3n alemana: Oferta de transporte a\u00e9reo crece lentamente | El Digital de Asturias","headline":"Asociaci\u00f3n alemana: Oferta de transporte a\u00e9reo crece lentamente","author":{"@id":"https:\/\/eldigitaldeasturias.com\/radio\/author\/nbasturias\/#author"},"publisher":{"@id":"https:\/\/eldigitaldeasturias.com\/radio\/#organization"},"image":{"@type":"ImageObject","url":"https:\/\/eldigitaldeasturias.com\/radio\/wp-content\/uploads\/2018\/03\/airport-1822133_1280.jpg","width":1280,"height":878},"datePublished":"2020-06-20T01:04:36+02:00","dateModified":"2020-06-20T01:04:36+02:00","inLanguage":"es-ES","mainEntityOfPage":{"@id":"https:\/\/eldigitaldeasturias.com\/radio\/asociacion-alemana-oferta-de-transporte-aereo-crece-lentamente\/#webpage"},"isPartOf":{"@id":"https:\/\/eldigitaldeasturias.com\/radio\/asociacion-alemana-oferta-de-transporte-aereo-crece-lentamente\/#webpage"},"articleSection":"Negocios","dateline":"Publicado el junio 20, 2020."},{"@type":"Organization","@id":"https:\/\/eldigitaldeasturias.com\/radio\/#organization","name":"El digital de Asturias Radio","description":"Diario de informaci\u00f3n y noticias","url":"https:\/\/eldigitaldeasturias.com\/radio\/","telephone":"+34652131393","logo":{"@type":"ImageObject","url":"https:\/\/www.eldigitaldeasturias.com\/radio\/wp-content\/uploads\/2021\/03\/EDA.jpg","@id":"https:\/\/eldigitaldeasturias.com\/radio\/asociacion-alemana-oferta-de-transporte-aereo-crece-lentamente\/#organizationLogo"},"image":{"@id":"https:\/\/eldigitaldeasturias.com\/radio\/asociacion-alemana-oferta-de-transporte-aereo-crece-lentamente\/#organizationLogo"},"sameAs":["https:\/\/www.facebook.com\/","https:\/\/x.com\/bercodi","https:\/\/www.instagram.com\/","https:\/\/www.youtube.com\/channel\/UCZP-2wLEB9Rv6erhFmqVnvg"]},{"@type":"Person","@id":"https:\/\/eldigitaldeasturias.com\/radio\/author\/nbasturias\/#author","url":"https:\/\/eldigitaldeasturias.com\/radio\/author\/nbasturias\/","name":"NBAsturias","image":{"@type":"ImageObject","@id":"https:\/\/eldigitaldeasturias.com\/radio\/asociacion-alemana-oferta-de-transporte-aereo-crece-lentamente\/#authorImage","url":"https:\/\/secure.gravatar.com\/avatar\/df2aeffc32bcd13f8d26072ef8a91b623d677766deac7f97ca815868cd41bf5e?s=96&d=mm&r=g","width":96,"height":96,"caption":"NBAsturias"}},{"@type":"WebPage","@id":"https:\/\/eldigitaldeasturias.com\/radio\/asociacion-alemana-oferta-de-transporte-aereo-crece-lentamente\/#webpage","url":"https:\/\/eldigitaldeasturias.com\/radio\/asociacion-alemana-oferta-de-transporte-aereo-crece-lentamente\/","name":"Asociaci\u00f3n alemana: Oferta de transporte a\u00e9reo crece lentamente | El Digital de Asturias","description":"Berl\u00edn, 13 jun (dpa) \u2013 La Asociaci\u00f3n Alemana de Transporte A\u00e9reo estima que las reservas de vuelos aumentar\u00e1n lentamente tras la fuerte ca\u00edda debido a la pandemia de coronavirus, seg\u00fan indic\u00f3 a dpa Matthias von Randow, director ejecutivo de la entidad. Los viajeros todav\u00eda se enfrentan a una oferta de vuelos limitada, a\u00fan despu\u00e9s de","inLanguage":"es-ES","isPartOf":{"@id":"https:\/\/eldigitaldeasturias.com\/radio\/#website"},"breadcrumb":{"@id":"https:\/\/eldigitaldeasturias.com\/radio\/asociacion-alemana-oferta-de-transporte-aereo-crece-lentamente\/#breadcrumblist"},"author":{"@id":"https:\/\/eldigitaldeasturias.com\/radio\/author\/nbasturias\/#author"},"creator":{"@id":"https:\/\/eldigitaldeasturias.com\/radio\/author\/nbasturias\/#author"},"image":{"@type":"ImageObject","url":"https:\/\/eldigitaldeasturias.com\/radio\/wp-content\/uploads\/2018\/03\/airport-1822133_1280.jpg","@id":"https:\/\/eldigitaldeasturias.com\/radio\/asociacion-alemana-oferta-de-transporte-aereo-crece-lentamente\/#mainImage","width":1280,"height":878},"primaryImageOfPage":{"@id":"https:\/\/eldigitaldeasturias.com\/radio\/asociacion-alemana-oferta-de-transporte-aereo-crece-lentamente\/#mainImage"},"datePublished":"2020-06-20T01:04:36+02:00","dateModified":"2020-06-20T01:04:36+02:00"},{"@type":"WebSite","@id":"https:\/\/eldigitaldeasturias.com\/radio\/#website","url":"https:\/\/eldigitaldeasturias.com\/radio\/","name":"El Digital de Asturias","description":"Diario de informaci\u00f3n y noticias","inLanguage":"es-ES","publisher":{"@id":"https:\/\/eldigitaldeasturias.com\/radio\/#organization"}}]},"og:locale":"es_ES","og:site_name":"El Digital de Asturias | Diario de informaci\u00f3n y noticias","og:type":"article","og:title":"Asociaci\u00f3n alemana: Oferta de transporte a\u00e9reo crece lentamente | El Digital de Asturias","og:description":"Berl\u00edn, 13 jun (dpa) \u2013 La Asociaci\u00f3n Alemana de Transporte A\u00e9reo estima que las reservas de vuelos aumentar\u00e1n lentamente tras la fuerte ca\u00edda debido a la pandemia de coronavirus, seg\u00fan indic\u00f3 a dpa Matthias von Randow, director ejecutivo de la entidad. Los viajeros todav\u00eda se enfrentan a una oferta de vuelos limitada, a\u00fan despu\u00e9s de","og:url":"https:\/\/eldigitaldeasturias.com\/radio\/asociacion-alemana-oferta-de-transporte-aereo-crece-lentamente\/","og:image":"https:\/\/eldigitaldeasturias.com\/radio\/wp-content\/uploads\/2018\/03\/airport-1822133_1280.jpg","og:image:secure_url":"https:\/\/eldigitaldeasturias.com\/radio\/wp-content\/uploads\/2018\/03\/airport-1822133_1280.jpg","og:image:width":1280,"og:image:height":878,"article:published_time":"2020-06-20T01:04:36+00:00","article:modified_time":"2020-06-20T01:04:36+00:00","twitter:card":"summary_large_image","twitter:site":"@bercodi","twitter:title":"Asociaci\u00f3n alemana: Oferta de transporte a\u00e9reo crece lentamente | El Digital de Asturias","twitter:description":"Berl\u00edn, 13 jun (dpa) \u2013 La Asociaci\u00f3n Alemana de Transporte A\u00e9reo estima que las reservas de vuelos aumentar\u00e1n lentamente tras la fuerte ca\u00edda debido a la pandemia de coronavirus, seg\u00fan indic\u00f3 a dpa Matthias von Randow, director ejecutivo de la entidad. Los viajeros todav\u00eda se enfrentan a una oferta de vuelos limitada, a\u00fan despu\u00e9s de","twitter:creator":"@bercodi","twitter:image":"https:\/\/eldigitaldeasturias.com\/radio\/wp-content\/uploads\/2018\/03\/airport-1822133_1280.jpg"},"aioseo_meta_data":{"post_id":"4521","title":null,"description":null,"keywords":null,"keyphrases":null,"primary_term":null,"canonical_url":null,"og_title":null,"og_description":null,"og_object_type":"default","og_image_type":"default","og_image_url":null,"og_image_width":null,"og_image_height":null,"og_image_custom_url":null,"og_image_custom_fields":null,"og_video":null,"og_custom_url":null,"og_article_section":null,"og_article_tags":null,"twitter_use_og":false,"twitter_card":"default","twitter_image_type":"default","twitter_image_url":null,"twitter_image_custom_url":null,"twitter_image_custom_fields":null,"twitter_title":null,"twitter_description":null,"schema":{"blockGraphs":[],"customGraphs":[],"default":{"data":{"Article":[],"Course":[],"Dataset":[],"FAQPage":[],"Movie":[],"Person":[],"Product":[],"ProductReview":[],"Car":[],"Recipe":[],"Service":[],"SoftwareApplication":[],"WebPage":[]},"graphName":"","isEnabled":true},"graphs":[],"defaultGraph":"","defaultPostTypeGraph":""},"schema_type":null,"schema_type_options":null,"pillar_content":false,"robots_default":true,"robots_noindex":false,"robots_noarchive":false,"robots_nosnippet":false,"robots_nofollow":false,"robots_noimageindex":false,"robots_noodp":false,"robots_notranslate":false,"robots_max_snippet":null,"robots_max_videopreview":null,"robots_max_imagepreview":"large","priority":null,"frequency":null,"location":null,"local_seo":null,"seo_analyzer_scan_date":"2025-08-28 16:10:56","breadcrumb_settings":null,"limit_modified_date":false,"open_ai":null,"ai":null,"created":"2021-03-27 22:42:19","updated":"2025-08-28 16:10:56"},"aioseo_breadcrumb":"<div class=\"aioseo-breadcrumbs\"><span class=\"aioseo-breadcrumb\">\n\t<a href=\"https:\/\/eldigitaldeasturias.com\/radio\" title=\"Inicio\">Inicio<\/a>\n<\/span><span class=\"aioseo-breadcrumb-separator\">&ndash;<\/span><span class=\"aioseo-breadcrumb\">\n\t<a href=\"https:\/\/eldigitaldeasturias.com\/radio\/category\/negocios\/\" title=\"Negocios\">Negocios<\/a>\n<\/span><span class=\"aioseo-breadcrumb-separator\">&ndash;<\/span><span class=\"aioseo-breadcrumb\">\n\tAsociaci\u00f3n alemana: Oferta de transporte a\u00e9reo crece lentamente\n<\/span><\/div>","aioseo_breadcrumb_json":[{"label":"Inicio","link":"https:\/\/eldigitaldeasturias.com\/radio"},{"label":"Negocios","link":"https:\/\/eldigitaldeasturias.com\/radio\/category\/negocios\/"},{"label":"Asociaci\u00f3n alemana: Oferta de transporte a\u00e9reo crece lentamente","link":"https:\/\/eldigitaldeasturias.com\/radio\/asociacion-alemana-oferta-de-transporte-aereo-crece-lentamente\/"}],"_links":{"self":[{"href":"https:\/\/eldigitaldeasturias.com\/radio\/wp-json\/wp\/v2\/posts\/4521","targetHints":{"allow":["GET"]}}],"collection":[{"href":"https:\/\/eldigitaldeasturias.com\/radio\/wp-json\/wp\/v2\/posts"}],"about":[{"href":"https:\/\/eldigitaldeasturias.com\/radio\/wp-json\/wp\/v2\/types\/post"}],"author":[{"embeddable":true,"href":"https:\/\/eldigitaldeasturias.com\/radio\/wp-json\/wp\/v2\/users\/1"}],"replies":[{"embeddable":true,"href":"https:\/\/eldigitaldeasturias.com\/radio\/wp-json\/wp\/v2\/comments?post=4521"}],"version-history":[{"count":0,"href":"https:\/\/eldigitaldeasturias.com\/radio\/wp-json\/wp\/v2\/posts\/4521\/revisions"}],"wp:featuredmedia":[{"embeddable":true,"href":"https:\/\/eldigitaldeasturias.com\/radio\/wp-json\/wp\/v2\/media\/65"}],"wp:attachment":[{"href":"https:\/\/eldigitaldeasturias.com\/radio\/wp-json\/wp\/v2\/media?parent=4521"}],"wp:term":[{"taxonomy":"category","embeddable":true,"href":"https:\/\/eldigitaldeasturias.com\/radio\/wp-json\/wp\/v2\/categories?post=4521"},{"taxonomy":"post_tag","embeddable":true,"href":"https:\/\/eldigitaldeasturias.com\/radio\/wp-json\/wp\/v2\/tags?post=4521"}],"curies":[{"name":"wp","href":"https:\/\/api.w.org\/{rel}","templated":true}]}}